{"id":23874,"date":"2025-06-01T00:40:13","date_gmt":"2025-05-31T22:40:13","guid":{"rendered":"https:\/\/gaudiumetspes-blog.pl\/?p=23874"},"modified":"2025-06-01T00:40:13","modified_gmt":"2025-05-31T22:40:13","slug":"niebo-to-jezus","status":"publish","type":"post","link":"https:\/\/gaudiumetspes-blog.pl\/index.php\/2025\/06\/01\/niebo-to-jezus\/","title":{"rendered":"Niebo &#8211; to Jezus!"},"content":{"rendered":"<p align=\"justify\"><span style=\"color: #000000;\"><span style=\"font-family: Book Antiqua, serif;\"><span style=\"font-size: large;\">Niech b\u0119dzie pochwalony Jezus Chrystus! Drodzy moi, w dniu dzisiejszym <b>imieniny prze\u017cywa Jakub Biernacki, nale\u017c\u0105cy w swoim czasie do Wsp\u00f3lnoty m\u0142odzie\u017cowej w Tr\u0105bkach. \u017bycz\u0119 <\/b><b>Mu <\/b><b>ci\u0105g\u0142ego odkrywania w \u017cyciu jedynej Prawdy, kt\u00f3r\u0105 jest Jezus Chrystus! <\/b><b>Zapewniam o modlitwie!<\/b><\/span><\/span><\/span><\/p>\n<p align=\"justify\"><span style=\"color: #000000;\"><span style=\"font-family: Book Antiqua, serif;\"><span style=\"font-size: large;\">Drodzy moi, dzisiaj <b>serdeczn\u0105 modlitw\u0105 ogarniamy wszystkie Dzieci, w dniu Ich \u015bwi\u0119ta. Niech Jezus, kt\u00f3ry zawsze wskazywa\u0142 je jako wz\u00f3r szczero\u015bci i prostolinijno\u015bci, mieszka w Ich sercach i prowadzi przez \u017cycie! A One \u2013 niech zawsze pod\u0105\u017caj\u0105 za Nim!<\/b><\/span><\/span><\/span><\/p>\n<p align=\"justify\"><span style=\"color: #000000;\"><span style=\"font-family: Book Antiqua, serif;\"><span style=\"font-size: large;\">Dzisiaj mamy pierwsz\u0105 niedziel\u0119 miesi\u0105ca. Pami\u0119tajmy, aby podzi\u0119kowa\u0107 Chrystusowi Panu za dzie\u0142o zbawienia! Rozpoczynamy tak\u017ce nabo\u017ce\u0144stwa czerwcowe \u2013 do Naj\u015bwi\u0119tszego Serca Pana Jezusa. Zach\u0119cam do uczestnictwa \u2013 podobnie, jak w majowym.<\/span><\/span><\/span><\/p>\n<p align=\"justify\"><span style=\"color: #000000;\"><span style=\"font-family: Book Antiqua, serif;\"><span style=\"font-size: large;\">Ja dzisiaj b\u0119d\u0119 pomaga\u0142 duszpastersko w Parafii Krzymosze, na zaproszenie Proboszcza, Ksi\u0119dza Leona Bobrowskiego, mojego Kolegi z Roku \u015awi\u0119ce\u0144. Potem jad\u0119 do Bia\u0142ej Podlaskiej \u2013 mojego rodzinnego Miasta \u2013 aby zag\u0142osowa\u0107. A potem wracam do Siedlec, gdzie o 18:00 spotkanie w Duszpasterstwie Akademickim. <\/span><\/span><\/span><\/p>\n<p align=\"justify\"><span style=\"color: #000000;\"><span style=\"font-family: Book Antiqua, serif;\"><span style=\"font-size: large;\">Natomiast o 20:00 Msza \u015awi\u0119ta \u2013 w\u0142a\u015bnie w Duszpasterstwie \u2013 w intencji Szymona Sali, Wicelidera FORMACJI \u00abSPE SALVI\u00bb, Wsp\u00f3\u0142prowadz\u0105cego wraz ze mn\u0105 audycje w Katolickim Radiu Podlasie, z okazji Jego jutrzejszych urodzin. Gdyby kto\u015b m\u00f3g\u0142 i chcia\u0142 w\u0142\u0105czy\u0107 si\u0119 w t\u0119 Msz\u0119 \u015awi\u0119t\u0105, to zapraszam!<\/span><\/span><\/span><\/p>\n<p align=\"justify\"><span style=\"color: #000000;\"><span style=\"font-family: Book Antiqua, serif;\"><span style=\"font-size: large;\"><b>PROSZ\u0118 NATOMIAST WSZYSTKICH O UDZIA\u0141 W WYBORACH!<\/b><\/span><\/span><\/span><\/p>\n<p align=\"justify\"><span style=\"color: #000000;\"><span style=\"font-family: Book Antiqua, serif;\"><span style=\"font-size: large;\">Teraz za\u015b zapraszam do pochylenia si\u0119 nad Bo\u017cym s\u0142owem dzisiejszej liturgii. A oto s\u0142\u00f3wko Ksi\u0119dza Marka na dzi\u015b:<\/span><\/span><\/span><\/p>\n<p align=\"justify\"><span style=\"color: #000000;\"><span style=\"font-family: Book Antiqua, serif;\"><span style=\"font-size: medium;\"><a href=\"https:\/\/www.youtube.com\/c\/CatholicSurgut\"><span style=\"font-size: large;\"><b>https:\/\/www.youtube.com\/c\/CatholicSurgut<\/b><\/span><\/a><\/span><\/span><\/span><\/p>\n<p align=\"justify\"><span style=\"color: #000000;\"><span style=\"font-family: Book Antiqua, serif;\"><span style=\"font-size: large;\">Zatem, <b>c<\/b><b>o konkretnie m\u00f3wi dzi\u015b do mnie Pan? Z jakim przes\u0142aniem zwraca si\u0119 osobi\u015bcie do mnie? Jak wskazuje mi Niebo, do kt\u00f3rego mnie zaprasza?<\/b> Duchu \u015awi\u0119ty, pom\u00f3\u017c odczyta\u0107 i zrozumie\u0107\u2026 <\/span><\/span><\/span><\/p>\n<p align=\"justify\"><span style=\"color: #000000;\"><span style=\"font-family: Book Antiqua, serif;\"><span style=\"font-size: large;\"><b>N<\/b><b>iech Was b\u0142ogos\u0142awi B\u00f3g Wszechmog\u0105cy: Ojciec + i Syn, i Duch \u015awi\u0119ty. Amen<\/b><\/span><\/span><\/span><\/p>\n<p align=\"center\"><span style=\"color: #000000;\"><span style=\"font-family: Book Antiqua, serif;\"><span style=\"font-size: large;\">Gaudium et spes! Ks. Jacek<\/span><\/span><\/span><\/p>\n<p align=\"center\">\n<p align=\"center\">\n<p align=\"center\">\n<p align=\"center\">\n<p align=\"center\">\n<p align=\"justify\"><span style=\"color: #000000;\"><span style=\"font-family: Book Antiqua, serif;\"><span style=\"font-size: large;\"><b>Uroczysto\u015b\u0107 Wniebowst\u0105pienia Pa\u0144skiego, C,<\/b><\/span><\/span><\/span><\/p>\n<p align=\"justify\"><span style=\"color: #000000;\"><span style=\"font-family: Book Antiqua, serif;\"><span style=\"font-size: large;\"><b>w 7 Niedziel\u0119 Wielkanocy,<\/b><\/span><\/span><\/span><\/p>\n<p align=\"justify\"><span style=\"color: #000000;\"><span style=\"font-family: Book Antiqua, serif;\"><span style=\"font-size: large;\"><b>1 czerwca 2025.,\u00a0<\/b><\/span><\/span><\/span><\/p>\n<p align=\"justify\"><span style=\"color: #000000;\"><span style=\"font-size: large;\"><span style=\"font-family: Book Antiqua, serif;\"><b>do czyta\u0144: Dz 1,1\u201311; <\/b><\/span><span style=\"font-family: Book Antiqua, serif;\"><b>Hbr 9, 24\u201328;10,19\u201323<\/b><\/span><span style=\"font-family: Book Antiqua, serif;\"><b>; \u0141k 24,46\u201353<\/b><\/span><\/span><\/span><\/p>\n<p align=\"justify\">\n<p align=\"justify\">\n<p align=\"justify\">\n<p align=\"justify\">\n<p align=\"justify\">\n<p align=\"justify\"><span style=\"color: #000000;\"><span style=\"font-family: Book Antiqua, serif;\"><span style=\"font-size: large;\"><b>CZYTANIE Z DZIEJ\u00d3W APOSTOLSKICH: <\/b><\/span><\/span><\/span><\/p>\n<p align=\"justify\"><span style=\"color: #000000;\"><span style=\"font-family: Book Antiqua, serif;\"><span style=\"font-size: large;\"><b>Pierwsz\u0105 ksi\u0105\u017ck\u0119 napisa\u0142em, Teofilu, o wszystkim, co Jezus czyni\u0142 i naucza\u0142 od pocz\u0105tku a\u017c do dnia, w kt\u00f3rym udzieli\u0142 przez Ducha \u015awi\u0119tego polece\u0144 Aposto\u0142om, kt\u00f3rych sobie wybra\u0142, a potem zosta\u0142 wzi\u0119ty do nieba. Im te\u017c po swojej m\u0119ce da\u0142 wiele dowod\u00f3w, \u017ce \u017cyje: ukazywa\u0142 si\u0119 im przez czterdzie\u015bci dni i m\u00f3wi\u0142 o kr\u00f3lestwie Bo\u017cym. <\/b><\/span><\/span><\/span><\/p>\n<p align=\"justify\"><span style=\"color: #000000;\"><span style=\"font-family: Book Antiqua, serif;\"><span style=\"font-size: large;\"><b>A podczas wsp\u00f3lnego posi\u0142ku kaza\u0142 im nie odchodzi\u0107 z Jerozolimy, ale oczekiwa\u0107 obietnicy Ojca. M\u00f3wi\u0142: <\/b><\/span><\/span><\/span><\/p>\n<p align=\"justify\"><span style=\"color: #000000;\">\u201e<span style=\"font-family: Book Antiqua, serif;\"><span style=\"font-size: large;\"><b>S\u0142yszeli\u015bcie o niej ode Mnie: Jan chrzci\u0142 wod\u0105, ale wy wkr\u00f3tce zostaniecie ochrzczeni Duchem \u015awi\u0119tym\u201d. <\/b><\/span><\/span><\/span><\/p>\n<p align=\"justify\"><span style=\"color: #000000;\"><span style=\"font-family: Book Antiqua, serif;\"><span style=\"font-size: large;\"><b>Zapytywali Go zebrani: \u201ePanie, czy w tym czasie przywr\u00f3cisz kr\u00f3lestwo Izraela?\u201d Odpowiedzia\u0142 im: \u201eNie wasza to rzecz zna\u0107 czas i chwile, kt\u00f3re Ojciec ustali\u0142 swoj\u0105 w\u0142adz\u0105, ale gdy Duch \u015awi\u0119ty zst\u0105pi na was, otrzymacie Jego moc i b\u0119dziecie moimi \u015bwiadkami w Jerozolimie i w ca\u0142ej Judei, i w Samarii, i a\u017c po kra\u0144ce ziemi\u201d. <\/b><\/span><\/span><\/span><\/p>\n<p align=\"justify\"><span style=\"color: #000000;\"><span style=\"font-family: Book Antiqua, serif;\"><span style=\"font-size: large;\"><b>Po tych s\u0142owach uni\u00f3s\u0142 si\u0119 w ich obecno\u015bci w g\u00f3r\u0119 i ob\u0142ok zabra\u0142 Go im sprzed oczu. Kiedy uporczywie wpatrywali si\u0119 w Niego, jak wst\u0119powa\u0142 do nieba, przyst\u0105pili do nich dwaj m\u0119\u017cowie w bia\u0142ych szatach. I rzekli: \u201eM\u0119\u017cowie z Galilei, dlaczego stoicie i wpatrujecie si\u0119 w niebo? Ten Jezus, wzi\u0119ty od was do nieba, przyjdzie tak samo, jak widzieli\u015bcie Go wst\u0119puj\u0105cego do nieba\u201d.<\/b><\/span><\/span><\/span><\/p>\n<p align=\"justify\">\n<p align=\"justify\">\n<p align=\"justify\">\n<p align=\"justify\">\n<p align=\"justify\">\n<p align=\"justify\"><span style=\"color: #000000;\"><span style=\"font-family: Book Antiqua, serif;\"><span style=\"font-size: large;\"><b>CZYTANIE Z LISTU DO HEBRAJCZYK\u00d3W: <\/b><\/span><\/span><\/span><\/p>\n<p align=\"justify\"><span style=\"color: #000000;\"><span style=\"font-family: Book Antiqua, serif;\"><span style=\"font-size: large;\"><b>Chrystus wszed\u0142 nie do \u015bwi\u0105tyni zbudowanej r\u0119kami ludzkimi, b\u0119d\u0105cej odbiciem prawdziwej \u015bwi\u0105tyni, ale do samego nieba, aby teraz wstawia\u0107 si\u0119 za nami przed obliczem Boga, ani nie po to, aby si\u0119 wielekro\u0107 sam mia\u0142 ofiarowa\u0107, jak arcykap\u0142an, kt\u00f3ry co roku wchodzi do \u015bwi\u0105tyni z krwi\u0105 cudz\u0105, gdy\u017c w takim przypadku musia\u0142by cierpie\u0107 wiele razy od stworzenia \u015bwiata. A tymczasem raz jeden ukaza\u0142 si\u0119 teraz na ko\u0144cu wiek\u00f3w, aby zg\u0142adzi\u0107 grzech przez ofiar\u0119 z samego siebie.<\/b><\/span><\/span><\/span><\/p>\n<p align=\"justify\"><span style=\"color: #000000;\"><span style=\"font-family: Book Antiqua, serif;\"><span style=\"font-size: large;\"><b>A jak postanowione ludziom raz umrze\u0107, potem za\u015b s\u0105d, tak Chrystus raz jeden by\u0142 ofiarowany dla zg\u0142adzenia grzech\u00f3w wielu, drugi raz uka\u017ce si\u0119 nie w zwi\u0105zku z grzechem, lecz dla zbawienia tych, kt\u00f3rzy Go oczekuj\u0105.<\/b><\/span><\/span><\/span><\/p>\n<p align=\"justify\"><span style=\"color: #000000;\"><span style=\"font-family: Book Antiqua, serif;\"><span style=\"font-size: large;\"><b>Mamy wi\u0119c, bracia, pewno\u015b\u0107, i\u017c wejdziemy do Miejsca \u015awi\u0119tego przez krew Jezusa. On nam zapocz\u0105tkowa\u0142 drog\u0119 now\u0105 i \u017cyw\u0105, przez zas\u0142on\u0119, to jest przez cia\u0142o swoje. Maj\u0105c za\u015b kap\u0142ana wielkiego, kt\u00f3ry jest nad domem Bo\u017cym, przyst\u0105pmy z sercem prawym, z wiar\u0105 pe\u0142n\u0105, oczyszczeni na duszy od wszelkiego z\u0142a \u015bwiadomego i obmyci na ciele wod\u0105 czyst\u0105. Trzymajmy si\u0119 niewzruszenie nadziei, kt\u00f3r\u0105 wyznajemy, bo godny jest zaufania Ten, kt\u00f3ry da\u0142 obietnic\u0119.<\/b><\/span><\/span><\/span><\/p>\n<p align=\"justify\">\n<p align=\"justify\">\n<p align=\"justify\">\n<p align=\"justify\">\n<p align=\"justify\">\n<p align=\"justify\"><span style=\"color: #000000;\"><span style=\"font-family: Book Antiqua, serif;\"><span style=\"font-size: large;\"><b>ZAKO\u0143CZENIE EWANGELII WED\u0141UG \u015aWI\u0118TEGO \u0141UKASZA:<\/b><\/span><\/span><\/span><\/p>\n<p align=\"justify\"><span style=\"color: #000000;\"><span style=\"font-family: Book Antiqua, serif;\"><span style=\"font-size: large;\"><b>Jezus powiedzia\u0142 do swoich uczni\u00f3w: \u201eTak jest napisane: \u00abMesjasz b\u0119dzie cierpia\u0142 i trzeciego dnia zmartwychwstanie; w imi\u0119 Jego g\u0142oszone b\u0119dzie nawr\u00f3cenie i odpuszczenie grzech\u00f3w wszystkim narodom, pocz\u0105wszy od Jerozolimy\u00bb. Wy jeste\u015bcie \u015bwiadkami tego. <\/b><\/span><\/span><\/span><\/p>\n<p align=\"justify\"><span style=\"color: #000000;\"><span style=\"font-family: Book Antiqua, serif;\"><span style=\"font-size: large;\"><b>Oto Ja ze\u015bl\u0119 na was obietnic\u0119 mojego Ojca. Wy za\u015b pozosta\u0144cie w mie\u015bcie, a\u017c b\u0119dziecie uzbrojeni moc\u0105 z wysoka\u201d. <\/b><\/span><\/span><\/span><\/p>\n<p align=\"justify\"><span style=\"color: #000000;\"><span style=\"font-family: Book Antiqua, serif;\"><span style=\"font-size: large;\"><b>Potem wyprowadzi\u0142 ich ku Betanii i podni\u00f3s\u0142szy r\u0119ce pob\u0142ogos\u0142awi\u0142 ich. A kiedy ich b\u0142ogos\u0142awi\u0142, rozsta\u0142 si\u0119 z nimi i zosta\u0142 uniesiony do nieba. <\/b><\/span><\/span><\/span><\/p>\n<p align=\"justify\"><span style=\"color: #000000;\"><span style=\"font-family: Book Antiqua, serif;\"><span style=\"font-size: large;\"><b>Oni za\u015b oddali Mu pok\u0142on i z wielk\u0105 rado\u015bci\u0105 wr\u00f3cili do Jerozolimy, gdzie stale przebywali w \u015bwi\u0105tyni, wielbi\u0105c i b\u0142ogos\u0142awi\u0105c Boga.<\/b><\/span><\/span><\/span><\/p>\n<p align=\"justify\">\n<p align=\"justify\">\n<p align=\"justify\">\n<p align=\"justify\">\n<p align=\"justify\">\n<p align=\"justify\"><span style=\"color: #000000;\"><span style=\"font-size: large;\"><span style=\"font-family: Book Antiqua, serif;\">J<\/span><span style=\"font-family: Book Antiqua, serif;\">e\u015bli tak uwa\u017cnie s\u0142uchamy Bo\u017cego s\u0142owa dzisiejszej liturgii, to z pewno\u015bci\u0105 <\/span><span style=\"font-family: Book Antiqua, serif;\"><b>zauwa\u017camy pewn\u0105 sprzeczno\u015b\u0107, <\/b><\/span><span style=\"font-family: Book Antiqua, serif;\">jaka zachodzi pomi\u0119dzy pierwszym czytaniem, a czytaniem ewangelicznym. <\/span><\/span><\/span><\/p>\n<p align=\"justify\"><span style=\"color: #000000;\"><span style=\"font-size: large;\"><span style=\"font-family: Book Antiqua, serif;\">Oto bowiem w pierwszym s\u0142yszymy: <\/span><span style=\"font-family: Book Antiqua, serif;\"><i><b>Po tych s\u0142owach uni\u00f3s\u0142 si\u0119 w ich obecno\u015bci w g\u00f3r\u0119 i ob\u0142ok zabra\u0142 Go im sprzed oczu. Kiedy uporczywie wpatrywali si\u0119 w Niego, jak wst\u0119powa\u0142 do nieba, przyst\u0105pili do nich dwaj m\u0119\u017cowie w bia\u0142ych szatach. I rzekli: \u201eM\u0119\u017cowie z Galilei, dlaczego stoicie i wpatrujecie si\u0119 w niebo? Ten Jezus, wzi\u0119ty od was do nieba, przyjdzie tak samo, jak widzieli\u015bcie Go wst\u0119puj\u0105cego do nieba\u201d. <\/b><\/i><\/span><\/span><\/span><\/p>\n<p align=\"justify\"><span style=\"color: #000000;\"><span style=\"font-size: large;\"><span style=\"font-family: Book Antiqua, serif;\">Z kolei, we fragmencie Ewangelii \u0141ukaszowej s\u0142yszymy: <\/span><span style=\"font-family: Book Antiqua, serif;\"><i><b>Potem wyprowadzi\u0142 ich ku Betanii i podni\u00f3s\u0142szy r\u0119ce pob\u0142ogos\u0142awi\u0142 ich. A kiedy ich b\u0142ogos\u0142awi\u0142, rozsta\u0142 si\u0119 z nimi i zosta\u0142 uniesiony do nieba. Oni za\u015b oddali Mu pok\u0142on i z wielk\u0105 rado\u015bci\u0105 wr\u00f3cili do Jerozolimy, gdzie stale przebywali w \u015bwi\u0105tyni, wielbi\u0105c i b\u0142ogos\u0142awi\u0105c Boga. <\/b><\/i><\/span><\/span><\/span><\/p>\n<p align=\"justify\"><span style=\"color: #000000;\"><span style=\"font-size: large;\"><span style=\"font-family: Book Antiqua, serif;\">To w ko\u0144cu \u2013 jak by\u0142o? <\/span><span style=\"font-family: Book Antiqua, serif;\"><i><b>Oddali pok\u0142on<\/b><\/i><\/span><span style=\"font-family: Book Antiqua, serif;\"> i <\/span><span style=\"font-family: Book Antiqua, serif;\"><i><b>z rado\u015bci\u0105 wr\u00f3cili <\/b><\/i><\/span><span style=\"font-family: Book Antiqua, serif;\">\u2013 nawet, jak s\u0142yszymy, <\/span><span style=\"font-family: Book Antiqua, serif;\"><i><b>z wielk\u0105 rado\u015bci\u0105<\/b><\/i><\/span><span style=\"font-family: Book Antiqua, serif;\"> \u2013 czy w\u0142a\u015bnie <\/span><span style=\"font-family: Book Antiqua, serif;\"><b>stali i gapili si\u0119, jak sroka w ko\u015b\u0107 <\/b><\/span><span style=\"font-family: Book Antiqua, serif;\">i nie rwali si\u0119 do jakiegokolwiek dzia\u0142ania?\u2026 Nawet s\u0142yszymy, \u017ce wpatrywali si\u0119 <\/span><span style=\"font-family: Book Antiqua, serif;\"><i><b>uporczywie<\/b><\/i><\/span><span style=\"font-family: Book Antiqua, serif;\"><b>?<\/b><\/span><span style=\"font-family: Book Antiqua, serif;\"> A w Ewangelii \u2013 \u017ce wr\u00f3cili <\/span><span style=\"font-family: Book Antiqua, serif;\"><i><b>z wielk\u0105 rado\u015bci\u0105! <\/b><\/i><\/span><span style=\"font-family: Book Antiqua, serif;\">Oba wyra\u017cenia <\/span><span style=\"font-family: Book Antiqua, serif;\"><b>wyra\u017anie wzmocnione,<\/b><\/span><span style=\"font-family: Book Antiqua, serif;\"> gdy idzie o ich przekaz. <\/span><\/span><\/span><\/p>\n<p align=\"justify\"><span style=\"color: #000000;\"><span style=\"font-size: large;\"><span style=\"font-family: Book Antiqua, serif;\">I c\u00f3\u017c to mo\u017ce oznacza\u0107, zw\u0142aszcza je\u015bli we\u017amie si\u0119 pod uwag\u0119, \u017ce <\/span><span style=\"font-family: Book Antiqua, serif;\"><b>Autorem jednego i drugiego jest ten sam cz\u0142owiek, <\/b><\/span><span style=\"font-family: Book Antiqua, serif;\">bo jest to przecie\u017c <\/span><span style=\"font-family: Book Antiqua, serif;\"><b>\u0141ukasz Ewangelista, <\/b><\/span><span style=\"font-family: Book Antiqua, serif;\">b\u0119d\u0105cy tak Autorem Ewangelii, kt\u00f3rej fragmentu dzisiaj wys\u0142uchali\u015bmy, jak i Ksi\u0119gi Dziej\u00f3w Apostolskich, kt\u00f3rych fragment\u00f3w s\u0142uchamy <\/span><span style=\"font-family: Book Antiqua, serif;\"><b>codziennie \u2013 przez ca\u0142y Okres Wielkanocny <\/b><\/span><span style=\"font-family: Book Antiqua, serif;\">\u2013 w pierwszym czytaniu. Czy\u017cby nawet \u015awi\u0119ty si\u0119 pogubi\u0142 w tym g\u0105szczu r\u00f3\u017cnych wspomnie\u0144? <\/span><\/span><\/span><\/p>\n<p align=\"justify\"><span style=\"color: #000000;\"><span style=\"font-size: large;\"><span style=\"font-family: Book Antiqua, serif;\">Mo\u017ce nie a\u017c tak. <\/span><span style=\"font-family: Book Antiqua, serif;\">Je\u017celi zwa\u017cymy na to, \u017ce <\/span><span style=\"font-family: Book Antiqua, serif;\"><b>w Pi\u015bmie \u015awi\u0119tym nie ma ani jednego zb\u0119dnego zdania lub nawet s\u0142owa,<\/b><\/span><span style=\"font-family: Book Antiqua, serif;\"> bo skoro si\u0119 na kartach tej \u015bwi\u0119tej Ksi\u0119gi znalaz\u0142o, to jednak <\/span><span style=\"font-family: Book Antiqua, serif;\"><b>Pan mia\u0142 w<\/b><\/span> <span style=\"font-family: Book Antiqua, serif;\"><b>tym jaki\u015b plan<\/b><\/span><span style=\"font-family: Book Antiqua, serif;\"> i chcia\u0142 nam co\u015b przez to powiedzie\u0107 \u2013 to mo\u017ce uznajmy, \u017ce ka\u017cdy z tych fragment\u00f3w <\/span><span style=\"font-family: Book Antiqua, serif;\"><b>po prostu na co innego zwraca nasz\u0105 uwag\u0119.<\/b><\/span> <\/span><\/span><\/p>\n<p align=\"justify\"><span style=\"color: #000000;\"><span style=\"font-size: large;\"><span style=\"font-family: Book Antiqua, serif;\">I tak chocia\u017cby obraz, ukazany w pierwszym czytaniu, <\/span><span style=\"font-family: Book Antiqua, serif;\">to potwierdzenie <\/span><span style=\"font-family: Book Antiqua, serif;\"><b>mocne<\/b><\/span><span style=\"font-family: Book Antiqua, serif;\"><b>go<\/b><\/span><span style=\"font-family: Book Antiqua, serif;\"><b> przywi\u0105zani<\/b><\/span><span style=\"font-family: Book Antiqua, serif;\"><b>a<\/b><\/span><span style=\"font-family: Book Antiqua, serif;\"><b> Aposto\u0142\u00f3w do Jezusa, <\/b><\/span><span style=\"font-family: Book Antiqua, serif;\">owej wsp\u00f3lnoty, kt\u00f3ra si\u0119 mi\u0119dzy nimi zawi\u0105za\u0142a, a kt\u00f3ra kaza\u0142a im potem jeszcze d\u0142ugo <\/span><span style=\"font-family: Book Antiqua, serif;\"><b>tak po ludzku t\u0119skni\u0107 za Panem<\/b><\/span><span style=\"font-family: Book Antiqua, serif;\"> i nawet wyczekiwa\u0107 Jego szybkiego powrotu. Takie trendy istnia\u0142y w m\u0142odym Ko\u015bciele, z czym nawet <\/span><span style=\"font-family: Book Antiqua, serif;\"><b>Pawe\u0142 Aposto\u0142 rozprawia si\u0119 w swoich Listach,<\/b><\/span><span style=\"font-family: Book Antiqua, serif;\"> wyra\u017anie nakazuj\u0105c dok\u0142adnie to, co dzisiaj \u2013 w kr\u00f3tkich, \u017co\u0142nierskich s\u0142owach \u2013 wyrazili <\/span><span style=\"font-family: Book Antiqua, serif;\"><i><b>dwaj m\u0119\u017cowie w bia\u0142ych szatach.<\/b><\/i><\/span><span style=\"font-family: Book Antiqua, serif;\"> Postawili oni pytanie Aposto\u0142om o to wypatrywanie oczu za Jezusem, a domy\u015blnie by\u0142o to <\/span><span style=\"font-family: Book Antiqua, serif;\"><b>wys\u0142anie ich do pracy, \u017ceby si\u0119 wreszcie zabrali <\/b><\/span><span style=\"font-family: Book Antiqua, serif;\">za to, za co si\u0119 zabra\u0107 powinni, a nie <\/span><span style=\"font-family: Book Antiqua, serif;\">trwali <\/span><span style=\"font-family: Book Antiqua, serif;\">w bezczynno\u015bci. <\/span><\/span><\/span><\/p>\n<p align=\"justify\"><span style=\"color: #000000;\"><span style=\"font-size: large;\"><span style=\"font-family: Book Antiqua, serif;\">Natomiast w Ewangelii \u0141ukasz wydobywa t\u0119 my\u015bl, \u017ce Jezus, odchodz\u0105c z tego \u015bwiata w postaci swej widzialnej, <\/span><span style=\"font-family: Book Antiqua, serif;\"><b>nie zabra\u0142 ze sob\u0105 ca\u0142ego tego szcz\u0119\u015bcia i tej rado\u015bci,<\/b><\/span><span style=\"font-family: Book Antiqua, serif;\"> jakie zapanowa\u0142y w sercach Aposto\u0142\u00f3w w czasie Jego ziemskiej dzia\u0142alno\u015bci. Dlatego nie nale\u017c<\/span><span style=\"font-family: Book Antiqua, serif;\">a\u0142o<\/span><span style=\"font-family: Book Antiqua, serif;\"> my\u015ble\u0107, \u017ce <\/span><span style=\"font-family: Book Antiqua, serif;\"><b>wst\u0105pienie Jezusa do Nieba to jakie\u015b definitywne rozstanie, <\/b><\/span><span style=\"font-family: Book Antiqua, serif;\">ale to tylko <\/span><span style=\"font-family: Book Antiqua, serif;\"><b>zmiana sposobu dalszego bycia<\/b><\/span><span style=\"font-family: Book Antiqua, serif;\"> ze swoim Ko\u015bcio\u0142em. <\/span><\/span><\/span><\/p>\n<p align=\"justify\"><span style=\"color: #000000;\"><span style=\"font-size: large;\"><span style=\"font-family: Book Antiqua, serif;\">Nie ma wi\u0119c powodu, aby Aposto\u0142owie \u2013 czy inni uczniowie \u2013 <\/span><span style=\"font-family: Book Antiqua, serif;\"><b>zamartwiali si\u0119, trwaj\u0105c w jakim\u015b odr\u0119twieniu,<\/b><\/span><span style=\"font-family: Book Antiqua, serif;\"> ale aby to Niebo, za zas\u0142onami kt\u00f3rego ich Mistrz w tym momencie im znikn\u0105\u0142, <\/span><span style=\"font-family: Book Antiqua, serif;\">starali si\u0119<\/span> <span style=\"font-family: Book Antiqua, serif;\"><b>zbli\u017cy\u0107 do ziemi. Albo ziemi\u0119 do niego. <\/b><\/span><span style=\"font-family: Book Antiqua, serif;\">Ale do tego trzeba apostolskiego zapa\u0142u i gorliwo\u015bci, a nie stania z za\u0142o\u017conymi r\u0119kami. Trzeba<\/span><span style=\"font-family: Book Antiqua, serif;\"><b> osobistej, bardzo g\u0142\u0119bokiej i trwa<\/b><\/span><span style=\"font-family: Book Antiqua, serif;\"><b>\u0142ej wi\u0119zi z Jezusem, <\/b><\/span><span style=\"font-family: Book Antiqua, serif;\">z kt\u00f3rej zrodzi si\u0119 prawdziwa rado\u015b\u0107, bo Niebo ju\u017c zacznie istnie\u0107 w naszym \u017cyciu, w naszym sercu, w naszej codzienno\u015bci. <\/span><\/span><\/span><\/p>\n<p align=\"justify\"><span style=\"color: #000000;\"><span style=\"font-size: large;\"><span style=\"font-family: Book Antiqua, serif;\">Bo Niebo \u2013 jak dobrze wiemy, <\/span><span style=\"font-family: Book Antiqua, serif;\">gdy\u017c tak<\/span><span style=\"font-family: Book Antiqua, serif;\"> nas naucza Ko\u015bci\u00f3\u0142 \u2013 to <\/span><span style=\"font-family: Book Antiqua, serif;\"><b>nie miejsce, <\/b><\/span><span style=\"font-family: Book Antiqua, serif;\">jakkolwiek okre\u015blone kategoriami jakiej\u015b <\/span><span style=\"font-family: Book Antiqua, serif;\">czaso<\/span><span style=\"font-family: Book Antiqua, serif;\">przestrzeni, ale to<\/span><span style=\"font-family: Book Antiqua, serif;\"><b> stan pe\u0142nej jedno\u015bci z Bogiem. <\/b><\/span><span style=\"font-family: Book Antiqua, serif;\">Mo\u017ce si\u0119 jednak, w tym kontek\u015bcie, pojawi\u0107 pytanie: No, dobrze, ale w<\/span><span style=\"font-family: Book Antiqua, serif;\"> takim razie, <\/span><span style=\"font-family: Book Antiqua, serif;\">to <\/span><span style=\"font-family: Book Antiqua, serif;\"><b>dok\u0105d dzisiaj odszed\u0142 Jezus,<\/b><\/span><span style=\"font-family: Book Antiqua, serif;\"> skoro \u2013 jak s\u0142yszymy \u2013 <\/span><span style=\"font-family: Book Antiqua, serif;\"><i><b>uni\u00f3s\u0142 si\u0119 w ich obecno\u015bci w g\u00f3r\u0119<\/b><\/i><\/span><span style=\"font-family: Book Antiqua, serif;\"> i po prostu znikn\u0105\u0142? Czy <\/span><span style=\"font-family: Book Antiqua, serif;\">zatem<\/span><span style=\"font-family: Book Antiqua, serif;\"> Niebo nie jest w g\u00f3rze? Nad nami? W chmurach \u2013 lub poza ich pu\u0142apem? <\/span><span style=\"font-family: Book Antiqua, serif;\">A je\u017celi nie jest, to <\/span><span style=\"font-family: Book Antiqua, serif;\"><b>dok\u0105d odszed\u0142 Jezus?\u2026<\/b><\/span><\/span><\/span><\/p>\n<p align=\"justify\"><span style=\"color: #000000;\"><span style=\"font-size: large;\"><span style=\"font-family: Book Antiqua, serif;\">Wiemy, Drodzy moi, \u017ce tak, jak symbolika g\u00f3ry w Pi\u015bmie \u015awi\u0119tym wyra\u017anie sugeruje <\/span><span style=\"font-family: Book Antiqua, serif;\"><b>zbli\u017cenie si\u0119 do Boga, <\/b><\/span><span style=\"font-family: Book Antiqua, serif;\">gdy\u017c to w\u0142a\u015bnie na g\u00f3rze dokonywa\u0142y si\u0119 spotkania \u2013 czy to Jezusa, czy wielkich ludzi Starego Testamentu \u2013 z Bogiem, tak obraz owego wzniesienia si\u0119 Jezusa ku g\u00f3rze i znikni\u0119ci<\/span><span style=\"font-family: Book Antiqua, serif;\">a<\/span><span style=\"font-family: Book Antiqua, serif;\"> z oczu Aposto\u0142om to jest ta sama symbolika. Tylko wzmocniona. My mamy <\/span><span style=\"font-family: Book Antiqua, serif;\"><b>nieustannie wspina\u0107 si\u0119 duchowo, wy\u017cej i wy\u017cej, <\/b><\/span><span style=\"font-family: Book Antiqua, serif;\">wznosi\u0107 si\u0119 coraz bardziej ponad t\u0105 ziemi\u0105, a wi\u0119c <\/span><span style=\"font-family: Book Antiqua, serif;\"><b>ponad tym, co ziemskie, co takie przyziemne, tymczasowej, ograniczone i s\u0142abe <\/b><\/span><span style=\"font-family: Book Antiqua, serif;\">\u2013 ku temu, <\/span><span style=\"font-family: Book Antiqua, serif;\"><b>co wielkie, najwi\u0119ksze!<\/b><\/span><span style=\"font-family: Book Antiqua, serif;\"> Ku spotkaniu z Bogiem! <\/span><\/span><\/span><\/p>\n<p align=\"justify\"><span style=\"color: #000000;\"><span style=\"font-size: large;\"><span style=\"font-family: Book Antiqua, serif;\">I to jest przes\u0142anie dzisiejszej Uroczysto\u015bci Wniebowst\u0105pienia Jezusa Chrystusa: <\/span><span style=\"font-family: Book Antiqua, serif;\"><b>nasze wst\u0105pienie do Nieba! <\/b><\/span><span style=\"font-family: Book Antiqua, serif;\">Nasze codzienne <\/span><span style=\"font-family: Book Antiqua, serif;\"><b>wst\u0119powanie<\/b><\/span><span style=\"font-family: Book Antiqua, serif;\"><b> do Nieba!<\/b><\/span><span style=\"font-family: Book Antiqua, serif;\"> Nasze codzienne <\/span><span style=\"font-family: Book Antiqua, serif;\"><b>odrywanie si\u0119<\/b><\/span><span style=\"font-family: Book Antiqua, serif;\"> \u2013 mentalne, duchowe \u2013 od ogranicze\u0144 ziemskich, od schemat\u00f3w ziemskiego, ograniczonego my\u015blenia i patrzenia na wszystko \u2013 ku perspektywie niebieskiej! <\/span><\/span><\/span><\/p>\n<p align=\"justify\"><span style=\"color: #000000;\"><span style=\"font-size: large;\"><span style=\"font-family: Book Antiqua, serif;\">Autor Listu do Hebrajczyk\u00f3w pr\u00f3buje nam przybli\u017cy\u0107 t\u0119 tematyk\u0119, gdy m\u00f3wi w drugim czytaniu: <\/span><span style=\"font-family: Book Antiqua, serif;\"><i><b>Chrystus wszed\u0142 nie do \u015bwi\u0105tyni zbudowanej r\u0119kami ludzkimi, b\u0119d\u0105cej odbiciem prawdziwej \u015bwi\u0105tyni, ale do samego nieba, aby tera<\/b><\/i><\/span><span style=\"font-family: Book Antiqua, serif;\"><b>z <\/b><\/span><span style=\"font-family: Book Antiqua, serif;\"><i><b>wstawia\u0107 si\u0119 za nami przed obliczem Boga. <\/b><\/i><\/span><\/span><\/span><\/p>\n<p align=\"justify\"><span style=\"color: #000000;\"><span style=\"font-size: large;\"><span style=\"font-family: Book Antiqua, serif;\">Zatem, <\/span><span style=\"font-family: Book Antiqua, serif;\"><b>nie do jakiego\u015b miejsca,<\/b><\/span><span style=\"font-family: Book Antiqua, serif;\"> pojmowanego w kategoriach ludzkich, ale do tej <\/span><span style=\"font-family: Book Antiqua, serif;\"><b>pe\u0142nej duchowej jedno\u015bci z Bogiem.<\/b><\/span> <span style=\"font-family: Book Antiqua, serif;\">Przy czym<\/span><span style=\"font-family: Book Antiqua, serif;\"> \u2013 na co te\u017c zwraca nam uwag\u0119 Autor biblijny \u2013 to nie jest tak, \u017ce skoro m\u00f3wimy o przestrzeni duchowej, <\/span><span style=\"font-family: Book Antiqua, serif;\"><b>to mamy do czynienia z jak\u0105\u015b abstrakcj\u0105,<\/b><\/span><span style=\"font-family: Book Antiqua, serif;\"> z jakim\u015b rozmyciem ca\u0142ego tematu i ca\u0142ej sprawy. Wprost przeciwnie! S\u0142yszymy dzisiaj: <\/span><span style=\"font-family: Book Antiqua, serif;\"><i><b>A jak postanowione ludziom raz umrze\u0107, potem za\u015b s\u0105d, tak Chrystus raz jeden by\u0142 ofiarowany dla zg\u0142adzenia grzech\u00f3w wielu, drugi raz uka\u017ce si\u0119 nie w zwi\u0105zku z grzechem, lecz dla zbawienia tych, kt\u00f3rzy Go oczekuj\u0105. <\/b><\/i><\/span><\/span><\/span><\/p>\n<p align=\"justify\"><span style=\"color: #000000;\"><span style=\"font-size: large;\"><span style=\"font-family: Book Antiqua, serif;\">Czyli w momencie \u015bmierci \u2013 cz\u0142owiek<\/span><span style=\"font-family: Book Antiqua, serif;\"><b> ju\u017c staje po tej drugiej stronie \u017cycia,<\/b><\/span><span style=\"font-family: Book Antiqua, serif;\"> na S\u0105d Bo\u017cy. A z nauczania Pisma \u015awi\u0119tego wy<\/span><span style=\"font-family: Book Antiqua, serif;\">nika<\/span><span style=\"font-family: Book Antiqua, serif;\">, \u017ce S\u0105d polega\u0107 b\u0119dzie na tym, <\/span><span style=\"font-family: Book Antiqua, serif;\">i<\/span><span style=\"font-family: Book Antiqua, serif;\">\u017c <\/span><span style=\"font-family: Book Antiqua, serif;\"><b>cz\u0142owiek, w chwili \u015bmierci, pozna pe\u0142n\u0105 prawd\u0119 o sobie samym,<\/b><\/span><span style=\"font-family: Book Antiqua, serif;\"> bez niedom\u00f3wie\u0144, czy pr\u00f3by przys\u0142oni\u0119cia czegokolwiek. W jednej chwili pozna <\/span><span style=\"font-family: Book Antiqua, serif;\"><b>i ca\u0142\u0105 swoj\u0105 przesz\u0142o\u015b\u0107 \u2013 i ca\u0142\u0105 swoj\u0105 przysz\u0142o\u015b\u0107.<\/b><\/span><span style=\"font-family: Book Antiqua, serif;\"> Czyli, czy b\u0119dzie w Niebie, czy niestety\u2026 W jednej chwili! <\/span><\/span><\/span><\/p>\n<p align=\"justify\"><span style=\"color: #000000;\"><span style=\"font-size: large;\"><span style=\"font-family: Book Antiqua, serif;\"><i><b>Postanowione ludziom raz umrze\u0107, a potem s\u0105d.<\/b><\/i><\/span><span style=\"font-family: Book Antiqua, serif;\"> Trudno o wi\u0119kszy konkret. Autor Listu do Hebrajczyk\u00f3w spieszy jednak z przes\u0142aniem nadziei, gdy stwierdza: <\/span><span style=\"font-family: Book Antiqua, serif;\"><i><b>Mamy wi\u0119c, bracia, pewno\u015b\u0107, i\u017c wejdziemy do Miejsca \u015awi\u0119tego przez krew Jezusa. On nam zapocz\u0105tkowa\u0142 drog\u0119 now\u0105 i \u017cyw\u0105, przez zas\u0142on\u0119, to jest przez cia\u0142o swoje. Maj\u0105c za\u015b kap\u0142ana wielkiego, kt\u00f3ry jest nad domem Bo\u017cym, przyst\u0105pmy z sercem prawym, z wiar\u0105 pe\u0142n\u0105, oczyszczeni na duszy od wszelkiego z\u0142a \u015bwiadomego i obmyci na ciele wod\u0105 czyst\u0105. Trzymajmy si\u0119 niewzruszenie nadziei, kt\u00f3r\u0105 wyznajemy, bo godny jest zaufania Ten, kt\u00f3ry da\u0142 obietnic\u0119.<\/b><\/i><\/span><b> <\/b><\/span><\/span><\/p>\n<p align=\"justify\"><span style=\"color: #000000;\"><span style=\"font-size: large;\"><span style=\"font-family: Book Antiqua, serif;\">Zatem, nie musimy si\u0119 martwi\u0107, albo rozmy\u015bla\u0107,<\/span><span style=\"font-family: Book Antiqua, serif;\"><b> jak to b\u0119dzie z tym Niebem,<\/b><\/span><span style=\"font-family: Book Antiqua, serif;\"> gdzie ono b\u0119dzie, jak tam si\u0119 dosta\u0107, a nawet: <\/span><span style=\"font-family: Book Antiqua, serif;\"><b>czy si\u0119 tam dostaniemy, czy nie?<\/b><\/span><span style=\"font-family: Book Antiqua, serif;\"> Oczywi\u015bcie, nad tym ostatnim nale\u017ca\u0142oby si\u0119 zastanawia\u0107, rozmy\u015bla\u0107 i pyta\u0107. Ale o wiele lepiej \u2013 po prostu, chocia\u017c to mo\u017ce nie jest takie proste, bo wymaga pewnej konsekwencji i wytrwa\u0142o\u015bci \u2013 <\/span><span style=\"font-family: Book Antiqua, serif;\"><b>by\u0107 <\/b><\/span><span style=\"font-family: Book Antiqua, serif;\"><b>zawsze <\/b><\/span><span style=\"font-family: Book Antiqua, serif;\"><b>jedno z Jezusem. <\/b><\/span><\/span><\/span><\/p>\n<p align=\"justify\"><span style=\"color: #000000;\"><span style=\"font-size: large;\"><span style=\"font-family: Book Antiqua, serif;\">Dobrze powiedziane, prawda? Ca\u0142kiem dobrze brzmi. Ale jak to zrobi\u0107 konkretnie? Oczywi\u015bcie, <\/span><span style=\"font-family: Book Antiqua, serif;\"><b>tymi sposobami, kt\u00f3re dobrze znamy:<\/b><\/span> <span style=\"font-family: Book Antiqua, serif;\">poprzez modlitw\u0119, poprzez \u017cycie sakramentalne, poprzez lektur\u0119 Pisma \u015awi\u0119tego \u2013 a wi\u0119c, tymi wszystkimi sposobami, jakimi <\/span><span style=\"font-family: Book Antiqua, serif;\"><b>Jezus <\/b><\/span><span style=\"font-family: Book Antiqua, serif;\"><b>codziennie <\/b><\/span><span style=\"font-family: Book Antiqua, serif;\"><b>pos\u0142uguje si\u0119,<\/b><\/span><span style=\"font-family: Book Antiqua, serif;\"> aby si\u0119 z nami spotka\u0107, aby si\u0119 z Nim zjednoczy\u0107. Tylko trzeba<\/span><span style=\"font-family: Book Antiqua, serif;\"><b> by\u0107 w tym konsekwentnym \u2013<\/b><\/span><span style=\"font-family: Book Antiqua, serif;\"> w\u0142a\u015bnie, w tym \u017cyciu po Bo\u017cemu na co dzie\u0144. <\/span><\/span><\/span><\/p>\n<p align=\"justify\"><span style=\"color: #000000;\"><span style=\"font-size: large;\"><span style=\"font-family: Book Antiqua, serif;\">Bez wzgl\u0119du na humor i nastr\u00f3j; bez wzgl\u0119du na to, czy si\u0119 bardziej chce, czy bardziej nie chce modli\u0107, czy p\u00f3j\u015b\u0107 na Msz\u0119 \u015awi\u0119t\u0105, czy do Spowiedzi, czy na adoracj\u0119. Po prostu \u2013 <\/span><span style=\"font-family: Book Antiqua, serif;\"><b>trzeba to zrobi\u0107, bo to jest dobre, bo to jest potrzebne, <\/b><\/span><span style=\"font-family: Book Antiqua, serif;\">nie mo\u017ce by\u0107 wi\u0119c to zale\u017cne od chwilowego nastroju, humoru, opinii otoczenia, czy te\u017c w\u0142asnego chcenia lub niechcenia. Niebo, Drodzy moi, <\/span><span style=\"font-family: Book Antiqua, serif;\"><b>to nie jaka\u015b bajeczna przestrze\u0144 nad chmurami<\/b><\/span><span style=\"font-family: Book Antiqua, serif;\"> \u2013 \u017ceby to jeszcze raz powt\u00f3rzy\u0107. Tak bajeczna i tak poetycka, \u017ce a\u017c nieprawdziwa. Nie! <\/span><span style=\"font-family: Book Antiqua, serif;\"><b>Niebo \u2013 to konkret! Niebo \u2013 to Jezus! <\/b><\/span><\/span><\/span><\/p>\n<p align=\"justify\"><span style=\"color: #000000;\"><span style=\"font-size: large;\"><span style=\"font-family: Book Antiqua, serif;\">Je\u017celi wi\u0119c zbuduj<\/span><span style=\"font-family: Book Antiqua, serif;\">emy<\/span><span style=\"font-family: Book Antiqua, serif;\"> z Jezusem wi\u0119\u017a \u2013 ale tak\u0105 prawdziw\u0105 i mocn\u0105 \u2013 <\/span><span style=\"font-family: Book Antiqua, serif;\"><b>TU I TERAZ,<\/b><\/span><span style=\"font-family: Book Antiqua, serif;\"> to znaczy, \u017ce <\/span><span style=\"font-family: Book Antiqua, serif;\"><b>w <\/b><\/span><span style=\"font-family: Book Antiqua, serif;\"><b>naszym<\/b><\/span><span style=\"font-family: Book Antiqua, serif;\"><b> TU I TERAZ jest w\u0142a\u015bnie Niebo!<\/b><\/span><span style=\"font-family: Book Antiqua, serif;\"> Oczywi\u015bcie, nie w takiej pe\u0142ni, w jakiej b\u0119dzie po \u015bmierci, ale<\/span><span style=\"font-family: Book Antiqua, serif;\"><b> r\u00f3wnie realne.<\/b><\/span> <span style=\"font-family: Book Antiqua, serif;\">Bo <\/span><span style=\"font-family: Book Antiqua, serif;\"><b>Niebo \u2013 to Jezus. <\/b><\/span><span style=\"font-family: Book Antiqua, serif;\">Dlatego, skoro m\u00f3wimy niekiedy, \u017ce to czy tamto miejsce, ten czy tamten dom, czy jaka\u015b instytucja, <\/span><span style=\"font-family: Book Antiqua, serif;\"><b>to przedsionek piek\u0142a,<\/b><\/span><span style=\"font-family: Book Antiqua, serif;\"> bo ludzie tam skacz\u0105 sobie do oczu, s\u0105 dla siebie wilkami i wrogami, to dzieje si\u0119 tak dlatego, \u017ce wsz\u0119dzie tam <\/span><span style=\"font-family: Book Antiqua, serif;\"><b>zabrak\u0142o miejsca dla Jezusa! <\/b><\/span><\/span><\/span><\/p>\n<p align=\"justify\"><span style=\"color: #000000;\"><span style=\"font-size: large;\"><span style=\"font-family: Book Antiqua, serif;\">A wtedy to nie tyle jakie\u015b miejsca czy inne zewn\u0119trzne przestrzenie s\u0105 owymi przedsionkami piek\u0142a, ale to <\/span><span style=\"font-family: Book Antiqua, serif;\"><b>serca ludzi tam mieszkaj\u0105cych lub pracuj\u0105cych \u2013 s\u0105 tymi przedsionkami piek\u0142a.<\/b><\/span><span style=\"font-family: Book Antiqua, serif;\"> To w tych sercach, w tych umys\u0142ach, <\/span><span style=\"font-family: Book Antiqua, serif;\"><b>zabrak\u0142o miejsca dla Jezusa! <\/b><\/span><span style=\"font-family: Book Antiqua, serif;\">I <\/span><span style=\"font-family: Book Antiqua, serif;\">dla<\/span><span style=\"font-family: Book Antiqua, serif;\"> Jego zasad, i <\/span><span style=\"font-family: Book Antiqua, serif;\">dla <\/span><span style=\"font-family: Book Antiqua, serif;\">Jego s\u0142\u00f3w, i <\/span><span style=\"font-family: Book Antiqua, serif;\">dla<\/span><span style=\"font-family: Book Antiqua, serif;\"> Jego dar\u00f3w. <\/span><span style=\"font-family: Book Antiqua, serif;\"><b>I mamy piek\u0142o.<\/b><\/span><span style=\"font-family: Book Antiqua, serif;\"> Bo Niebo \u2013 to Jezus. <\/span><span style=\"font-family: Book Antiqua, serif;\"><b>Piek\u0142o \u2013 to brak Jezusa.<\/b><\/span><span style=\"font-family: Book Antiqua, serif;\"> Konkret. Albo \u2013 albo. Tak \u2013 nie. Bia\u0142e \u2013 czarne. Jeden \u2013 zero.<\/span><span style=\"font-family: Book Antiqua, serif;\"><b> I nic po\u015brodku. <\/b><\/span><span style=\"font-family: Book Antiqua, serif;\">Nie ma stanu po\u015bredniego mi\u0119dzy Niebem, a piek\u0142em. Nie ma stanu zawieszenia. <\/span><span style=\"font-family: Book Antiqua, serif;\"><i><b>Postanowione ludziom raz umrze\u0107 \u2013 a potem S\u0105d.<\/b><\/i><\/span> <span style=\"font-family: Book Antiqua, serif;\">I<\/span><span style=\"font-family: Book Antiqua, serif;\"> Niebo \u2013 albo piek\u0142o. <\/span><\/span><\/span><\/p>\n<p align=\"justify\"><span style=\"color: #000000;\"><span style=\"font-size: large;\"><span style=\"font-family: Book Antiqua, serif;\">Oby \u2013 Niebo. Ale to od nas zale\u017cy. Jezus tego bardzo chce. Rzecz w tym, <\/span><span style=\"font-family: Book Antiqua, serif;\"><b>\u017ceby\u015bmy i my chcieli. <\/b><\/span><span style=\"font-family: Book Antiqua, serif;\">C<\/span><span style=\"font-family: Book Antiqua, serif;\">hcieli Nieba. Czyli \u2013 Jezusa. <\/span><\/span><\/span><\/p>\n","protected":false},"excerpt":{"rendered":"<p>Niech b\u0119dzie pochwalony Jezus Chrystus! Drodzy moi, w dniu dzisiejszym imieniny prze\u017cywa Jakub Biernacki, nale\u017c\u0105cy w swoim czasie do Wsp\u00f3lnoty m\u0142odzie\u017cowej w Tr\u0105bkach. \u017bycz\u0119 Mu ci\u0105g\u0142ego odkrywania w \u017cyciu jedynej Prawdy, kt\u00f3r\u0105 jest Jezus Chrystus! Zapewniam o modlitwie! Drodzy moi, dzisiaj serdeczn\u0105 modlitw\u0105 ogarniamy wszystkie Dzieci, w dniu Ich \u015bwi\u0119ta. Niech Jezus, kt\u00f3ry zawsze wskazywa\u0142 [&hellip;]<\/p>\n","protected":false},"author":1,"featured_media":0,"comment_status":"open","ping_status":"open","sticky":false,"template":"","format":"standard","meta":{"jetpack_post_was_ever_published":false,"_jetpack_newsletter_access":"","_jetpack_dont_email_post_to_subs":false,"_jetpack_newsletter_tier_id":0,"_jetpack_memberships_contains_paywalled_content":false,"_jetpack_memberships_contains_paid_content":false,"footnotes":""},"categories":[1],"tags":[],"class_list":["post-23874","post","type-post","status-publish","format-standard","hentry","category-bez-kategorii"],"yoast_head":"<!-- This site is optimized with the Yoast SEO plugin v25.1 - https:\/\/yoast.com\/wordpress\/plugins\/seo\/ -->\n<title>Niebo - to Jezus! - Gaudium Et Spes<\/title>\n<meta name=\"robots\" content=\"index, follow, max-snippet:-1, max-image-preview:large, max-video-preview:-1\" \/>\n<link rel=\"canonical\" href=\"https:\/\/gaudiumetspes-blog.pl\/index.php\/2025\/06\/01\/niebo-to-jezus\/\" \/>\n<meta property=\"og:locale\" content=\"pl_PL\" \/>\n<meta property=\"og:type\" content=\"article\" \/>\n<meta property=\"og:title\" content=\"Niebo - to Jezus! - Gaudium Et Spes\" \/>\n<meta property=\"og:description\" content=\"Niech b\u0119dzie pochwalony Jezus Chrystus! Drodzy moi, w dniu dzisiejszym imieniny prze\u017cywa Jakub Biernacki, nale\u017c\u0105cy w swoim czasie do Wsp\u00f3lnoty m\u0142odzie\u017cowej w Tr\u0105bkach. \u017bycz\u0119 Mu ci\u0105g\u0142ego odkrywania w \u017cyciu jedynej Prawdy, kt\u00f3r\u0105 jest Jezus Chrystus! Zapewniam o modlitwie! Drodzy moi, dzisiaj serdeczn\u0105 modlitw\u0105 ogarniamy wszystkie Dzieci, w dniu Ich \u015bwi\u0119ta. Niech Jezus, kt\u00f3ry zawsze wskazywa\u0142 [&hellip;]\" \/>\n<meta property=\"og:url\" content=\"https:\/\/gaudiumetspes-blog.pl\/index.php\/2025\/06\/01\/niebo-to-jezus\/\" \/>\n<meta property=\"og:site_name\" content=\"Gaudium Et Spes\" \/>\n<meta property=\"article:published_time\" content=\"2025-05-31T22:40:13+00:00\" \/>\n<meta name=\"author\" content=\"Ks. Jacek\" \/>\n<meta name=\"twitter:card\" content=\"summary_large_image\" \/>\n<meta name=\"twitter:label1\" content=\"Napisane przez\" \/>\n\t<meta name=\"twitter:data1\" content=\"Ks. Jacek\" \/>\n\t<meta name=\"twitter:label2\" content=\"Szacowany czas czytania\" \/>\n\t<meta name=\"twitter:data2\" content=\"14 minut\" \/>\n<script type=\"application\/ld+json\" class=\"yoast-schema-graph\">{\"@context\":\"https:\/\/schema.org\",\"@graph\":[{\"@type\":\"WebPage\",\"@id\":\"https:\/\/gaudiumetspes-blog.pl\/index.php\/2025\/06\/01\/niebo-to-jezus\/\",\"url\":\"https:\/\/gaudiumetspes-blog.pl\/index.php\/2025\/06\/01\/niebo-to-jezus\/\",\"name\":\"Niebo - to Jezus! - Gaudium Et Spes\",\"isPartOf\":{\"@id\":\"https:\/\/gaudiumetspes-blog.pl\/#website\"},\"datePublished\":\"2025-05-31T22:40:13+00:00\",\"author\":{\"@id\":\"https:\/\/gaudiumetspes-blog.pl\/#\/schema\/person\/1661982992b752dea8dff0d4ed845a65\"},\"breadcrumb\":{\"@id\":\"https:\/\/gaudiumetspes-blog.pl\/index.php\/2025\/06\/01\/niebo-to-jezus\/#breadcrumb\"},\"inLanguage\":\"pl-PL\",\"potentialAction\":[{\"@type\":\"ReadAction\",\"target\":[\"https:\/\/gaudiumetspes-blog.pl\/index.php\/2025\/06\/01\/niebo-to-jezus\/\"]}]},{\"@type\":\"BreadcrumbList\",\"@id\":\"https:\/\/gaudiumetspes-blog.pl\/index.php\/2025\/06\/01\/niebo-to-jezus\/#breadcrumb\",\"itemListElement\":[{\"@type\":\"ListItem\",\"position\":1,\"name\":\"Strona g\u0142\u00f3wna\",\"item\":\"https:\/\/gaudiumetspes-blog.pl\/\"},{\"@type\":\"ListItem\",\"position\":2,\"name\":\"Niebo &#8211; to Jezus!\"}]},{\"@type\":\"WebSite\",\"@id\":\"https:\/\/gaudiumetspes-blog.pl\/#website\",\"url\":\"https:\/\/gaudiumetspes-blog.pl\/\",\"name\":\"Gaudium Et Spes\",\"description\":\"Blog Ks. Jacka Ja\u015bkowskiego\",\"potentialAction\":[{\"@type\":\"SearchAction\",\"target\":{\"@type\":\"EntryPoint\",\"urlTemplate\":\"https:\/\/gaudiumetspes-blog.pl\/?s={search_term_string}\"},\"query-input\":{\"@type\":\"PropertyValueSpecification\",\"valueRequired\":true,\"valueName\":\"search_term_string\"}}],\"inLanguage\":\"pl-PL\"},{\"@type\":\"Person\",\"@id\":\"https:\/\/gaudiumetspes-blog.pl\/#\/schema\/person\/1661982992b752dea8dff0d4ed845a65\",\"name\":\"Ks. Jacek\",\"image\":{\"@type\":\"ImageObject\",\"inLanguage\":\"pl-PL\",\"@id\":\"https:\/\/gaudiumetspes-blog.pl\/#\/schema\/person\/image\/\",\"url\":\"https:\/\/gaudiumetspes-blog.pl\/wp-content\/uploads\/2019\/07\/avatar-JJ-150x150.jpg\",\"contentUrl\":\"https:\/\/gaudiumetspes-blog.pl\/wp-content\/uploads\/2019\/07\/avatar-JJ-150x150.jpg\",\"caption\":\"Ks. Jacek\"},\"description\":\"Witam serdecznie! K\u0142ania si\u0119 Ks. Jacek Ja\u015bkowski. Nie jestem ani kim\u015b wa\u017cnym, ani kim\u015b znanym. Jestem ksi\u0119dzem, kt\u00f3ry po prostu chce rozmawia\u0107. Codzienna kap\u0142a\u0144ska pos\u0142uga pokazuje mi, \u017ce temat\u00f3w do rozm\u00f3w z ksi\u0119dzem jest coraz wi\u0119cej i dzisiaj \u017caden ksi\u0105dz nie mo\u017ce od nich ucieka\u0107, ale - wprost przeciwnie - podejmowa\u0107 nowe wyzwania. To przekonanie sk\u0142oni\u0142o mnie do pr\u00f3by otwarcia tego\u017c bloga, chocia\u017c okazji do rozm\u00f3w na co dzie\u0144 - w konfesjonale i poza nim - na szcz\u0119\u015bcie nie brakuje. My\u015bl\u0119 jednak, \u017ce ten blog b\u0119dzie jeszcze jednym sposobem i przestrzeni\u0105 nawi\u0105zania kontaktu z lud\u017ami dobrej woli, otwartymi na dialog.\",\"url\":\"https:\/\/gaudiumetspes-blog.pl\/index.php\/author\/ks-jacek\/\"}]}<\/script>\n<!-- \/ Yoast SEO plugin. -->","yoast_head_json":{"title":"Niebo - to Jezus! - Gaudium Et Spes","robots":{"index":"index","follow":"follow","max-snippet":"max-snippet:-1","max-image-preview":"max-image-preview:large","max-video-preview":"max-video-preview:-1"},"canonical":"https:\/\/gaudiumetspes-blog.pl\/index.php\/2025\/06\/01\/niebo-to-jezus\/","og_locale":"pl_PL","og_type":"article","og_title":"Niebo - to Jezus! - Gaudium Et Spes","og_description":"Niech b\u0119dzie pochwalony Jezus Chrystus! Drodzy moi, w dniu dzisiejszym imieniny prze\u017cywa Jakub Biernacki, nale\u017c\u0105cy w swoim czasie do Wsp\u00f3lnoty m\u0142odzie\u017cowej w Tr\u0105bkach. \u017bycz\u0119 Mu ci\u0105g\u0142ego odkrywania w \u017cyciu jedynej Prawdy, kt\u00f3r\u0105 jest Jezus Chrystus! Zapewniam o modlitwie! Drodzy moi, dzisiaj serdeczn\u0105 modlitw\u0105 ogarniamy wszystkie Dzieci, w dniu Ich \u015bwi\u0119ta. Niech Jezus, kt\u00f3ry zawsze wskazywa\u0142 [&hellip;]","og_url":"https:\/\/gaudiumetspes-blog.pl\/index.php\/2025\/06\/01\/niebo-to-jezus\/","og_site_name":"Gaudium Et Spes","article_published_time":"2025-05-31T22:40:13+00:00","author":"Ks. Jacek","twitter_card":"summary_large_image","twitter_misc":{"Napisane przez":"Ks. Jacek","Szacowany czas czytania":"14 minut"},"schema":{"@context":"https:\/\/schema.org","@graph":[{"@type":"WebPage","@id":"https:\/\/gaudiumetspes-blog.pl\/index.php\/2025\/06\/01\/niebo-to-jezus\/","url":"https:\/\/gaudiumetspes-blog.pl\/index.php\/2025\/06\/01\/niebo-to-jezus\/","name":"Niebo - to Jezus! - Gaudium Et Spes","isPartOf":{"@id":"https:\/\/gaudiumetspes-blog.pl\/#website"},"datePublished":"2025-05-31T22:40:13+00:00","author":{"@id":"https:\/\/gaudiumetspes-blog.pl\/#\/schema\/person\/1661982992b752dea8dff0d4ed845a65"},"breadcrumb":{"@id":"https:\/\/gaudiumetspes-blog.pl\/index.php\/2025\/06\/01\/niebo-to-jezus\/#breadcrumb"},"inLanguage":"pl-PL","potentialAction":[{"@type":"ReadAction","target":["https:\/\/gaudiumetspes-blog.pl\/index.php\/2025\/06\/01\/niebo-to-jezus\/"]}]},{"@type":"BreadcrumbList","@id":"https:\/\/gaudiumetspes-blog.pl\/index.php\/2025\/06\/01\/niebo-to-jezus\/#breadcrumb","itemListElement":[{"@type":"ListItem","position":1,"name":"Strona g\u0142\u00f3wna","item":"https:\/\/gaudiumetspes-blog.pl\/"},{"@type":"ListItem","position":2,"name":"Niebo &#8211; to Jezus!"}]},{"@type":"WebSite","@id":"https:\/\/gaudiumetspes-blog.pl\/#website","url":"https:\/\/gaudiumetspes-blog.pl\/","name":"Gaudium Et Spes","description":"Blog Ks. Jacka Ja\u015bkowskiego","potentialAction":[{"@type":"SearchAction","target":{"@type":"EntryPoint","urlTemplate":"https:\/\/gaudiumetspes-blog.pl\/?s={search_term_string}"},"query-input":{"@type":"PropertyValueSpecification","valueRequired":true,"valueName":"search_term_string"}}],"inLanguage":"pl-PL"},{"@type":"Person","@id":"https:\/\/gaudiumetspes-blog.pl\/#\/schema\/person\/1661982992b752dea8dff0d4ed845a65","name":"Ks. Jacek","image":{"@type":"ImageObject","inLanguage":"pl-PL","@id":"https:\/\/gaudiumetspes-blog.pl\/#\/schema\/person\/image\/","url":"https:\/\/gaudiumetspes-blog.pl\/wp-content\/uploads\/2019\/07\/avatar-JJ-150x150.jpg","contentUrl":"https:\/\/gaudiumetspes-blog.pl\/wp-content\/uploads\/2019\/07\/avatar-JJ-150x150.jpg","caption":"Ks. Jacek"},"description":"Witam serdecznie! K\u0142ania si\u0119 Ks. Jacek Ja\u015bkowski. Nie jestem ani kim\u015b wa\u017cnym, ani kim\u015b znanym. Jestem ksi\u0119dzem, kt\u00f3ry po prostu chce rozmawia\u0107. Codzienna kap\u0142a\u0144ska pos\u0142uga pokazuje mi, \u017ce temat\u00f3w do rozm\u00f3w z ksi\u0119dzem jest coraz wi\u0119cej i dzisiaj \u017caden ksi\u0105dz nie mo\u017ce od nich ucieka\u0107, ale - wprost przeciwnie - podejmowa\u0107 nowe wyzwania. To przekonanie sk\u0142oni\u0142o mnie do pr\u00f3by otwarcia tego\u017c bloga, chocia\u017c okazji do rozm\u00f3w na co dzie\u0144 - w konfesjonale i poza nim - na szcz\u0119\u015bcie nie brakuje. My\u015bl\u0119 jednak, \u017ce ten blog b\u0119dzie jeszcze jednym sposobem i przestrzeni\u0105 nawi\u0105zania kontaktu z lud\u017ami dobrej woli, otwartymi na dialog.","url":"https:\/\/gaudiumetspes-blog.pl\/index.php\/author\/ks-jacek\/"}]}},"jetpack_featured_media_url":"","jetpack_sharing_enabled":true,"_links":{"self":[{"href":"https:\/\/gaudiumetspes-blog.pl\/index.php\/wp-json\/wp\/v2\/posts\/23874","targetHints":{"allow":["GET"]}}],"collection":[{"href":"https:\/\/gaudiumetspes-blog.pl\/index.php\/wp-json\/wp\/v2\/posts"}],"about":[{"href":"https:\/\/gaudiumetspes-blog.pl\/index.php\/wp-json\/wp\/v2\/types\/post"}],"author":[{"embeddable":true,"href":"https:\/\/gaudiumetspes-blog.pl\/index.php\/wp-json\/wp\/v2\/users\/1"}],"replies":[{"embeddable":true,"href":"https:\/\/gaudiumetspes-blog.pl\/index.php\/wp-json\/wp\/v2\/comments?post=23874"}],"version-history":[{"count":1,"href":"https:\/\/gaudiumetspes-blog.pl\/index.php\/wp-json\/wp\/v2\/posts\/23874\/revisions"}],"predecessor-version":[{"id":23875,"href":"https:\/\/gaudiumetspes-blog.pl\/index.php\/wp-json\/wp\/v2\/posts\/23874\/revisions\/23875"}],"wp:attachment":[{"href":"https:\/\/gaudiumetspes-blog.pl\/index.php\/wp-json\/wp\/v2\/media?parent=23874"}],"wp:term":[{"taxonomy":"category","embeddable":true,"href":"https:\/\/gaudiumetspes-blog.pl\/index.php\/wp-json\/wp\/v2\/categories?post=23874"},{"taxonomy":"post_tag","embeddable":true,"href":"https:\/\/gaudiumetspes-blog.pl\/index.php\/wp-json\/wp\/v2\/tags?post=23874"}],"curies":[{"name":"wp","href":"https:\/\/api.w.org\/{rel}","templated":true}]}}