{"id":23876,"date":"2025-06-02T08:59:29","date_gmt":"2025-06-02T06:59:29","guid":{"rendered":"https:\/\/gaudiumetspes-blog.pl\/?p=23876"},"modified":"2025-06-02T09:06:41","modified_gmt":"2025-06-02T07:06:41","slug":"miejcie-odwage","status":"publish","type":"post","link":"https:\/\/gaudiumetspes-blog.pl\/index.php\/2025\/06\/02\/miejcie-odwage\/","title":{"rendered":"Miejcie odwag\u0119!"},"content":{"rendered":"<p align=\"justify\"><span style=\"color: #000000;\"><span style=\"font-family: Book Antiqua, serif;\"><span style=\"font-size: large;\">Szcz\u0119\u015b\u0107 Bo\u017ce! Moi Drodzy, w dniu dzisiejszym <b>urodziny prze\u017cywa Szymon Sala, Wicelider FORMACJI \u00abSPE SALVI\u00bb, Wsp\u00f3\u0142prowadz\u0105cy ze mn\u0105 audycje w Katolickim Radiu Podlasie, w tak w og\u00f3le, to Cz\u0142owiek mi bardzo, ale to bardzo bliski. Dzi\u0119kuj\u0105c Szymonowi za tyle \u017cyczliwo\u015bci i otwartego serca, ile mi okaza\u0142 w trakcie stosunkowo kr\u00f3tkiej znajomo\u015bci, z ca\u0142ego swojego serca \u017cycz\u0119 i prosz\u0119 Go o to, aby nie ukrywa\u0142 przed \u015bwiatem tego ogromnego potencja\u0142u duchowego i intelektualnego, kt\u00f3r<\/b><b>ym Go Pan obdarzy\u0142<\/b><b>, ale aby si\u0119 nim ch\u0119tnie dzieli\u0142 ze wszystkimi. Moje modlitewne wsparcie ma jak w banku \u2013 ka\u017cdego dnia!<\/b><\/span><\/span><\/span><\/p>\n<p align=\"justify\"><span style=\"color: #000000;\"><span style=\"font-family: Book Antiqua, serif;\"><span style=\"font-size: large;\"><b>Natomiast<\/b> <b>imieniny prze\u017cywaj\u0105:<\/b><\/span><\/span><\/span><\/p>\n<p align=\"justify\"><span style=\"color: #000000;\">\u25ba<span style=\"font-family: Book Antiqua, serif;\"><span style=\"font-size: large;\"><b>Marianna Zaj\u0105c \u2013 Dyrektor Niepublicznej Szko\u0142y Podstawowej im. Jana Paw\u0142a II w Brzegach, w Parafii Miastk\u00f3w Ko\u015bcielny, w kt\u00f3rej to szkole uczy\u0142em przez dwa lata;<\/b><\/span><\/span><\/span><\/p>\n<p align=\"justify\"><span style=\"color: #000000;\">\u25ba<span style=\"font-family: Book Antiqua, serif;\"><span style=\"font-size: large;\"><b>Marcel Kryczka \u2013 za moich czas\u00f3w: Lektor w Parafii Radory\u017c Ko\u015bcielny, czyli w Parafii mojego pierwszego wikariatu.<\/b><\/span><\/span><\/span><\/p>\n<p align=\"justify\"><span style=\"color: #000000;\"><span style=\"font-family: Book Antiqua, serif;\"><span style=\"font-size: large;\"><b>Wczoraj natomiast \u2013 o czym nie wspomnia\u0142em \u2013 pi\u0105t\u0105 rocznic\u0119 Sakry biskupiej prze\u017cywa\u0142 Biskup Grzegorz Suchodolski \u2013 Biskup pomocniczy naszej Diecezji.<\/b><\/span><\/span><\/span><\/p>\n<p align=\"justify\"><span style=\"color: #000000;\"><span style=\"font-family: Book Antiqua, serif;\"><span style=\"font-size: large;\"><b>Wszystkim \u015bwi\u0119tuj\u0105cym \u017cycz\u0119 wszelkich Bo\u017cych dar\u00f3w i natchnie\u0144. Zapewniam o modlitwie! <\/b><\/span><\/span><\/span><\/p>\n<p align=\"justify\"><span style=\"color: #000000;\"><span style=\"font-family: Book Antiqua, serif;\"><span style=\"font-size: large;\">Drodzy moi, oto zapis audycji pi\u0105tkowej, za kt\u00f3r\u0105 dzi\u0119kowa\u0142em w sobot\u0119:<\/span><\/span><\/span><\/p>\n<p align=\"justify\"><span style=\"color: #000000;\"><span style=\"font-family: Book Antiqua, serif;\"><span style=\"font-size: medium;\"><b><span style=\"font-size: large;\"><a href=\"https:\/\/archiwum.radiopodlasie.pl\/NEW\/2025\/05\/30\/oddzial-ksm-w-parafii-wniebowziecia-nmp-w-leopoldowie\/\">https:\/\/archiwum.radiopodlasie.pl\/NEW\/2025\/05\/30\/oddzial-ksm-w-parafii-wniebowziecia-nmp-w-leopoldowie\/<\/a> <\/span><\/b><\/span><\/span><\/span><\/p>\n<p align=\"justify\"><span style=\"color: #000000;\"><span style=\"font-family: Book Antiqua, serif;\"><span style=\"font-size: large;\">Radio obawia\u0142o si\u0119 zamie\u015bci\u0107 t\u0119 audycj\u0119 w sobot\u0119 \u2013 z obawy o mo\u017cliwe reakcje na moje przes\u0142anie, dotycz\u0105ce odpowiedzialno\u015bci moralnej za wybory, kt\u00f3re wyg\u0142osi\u0142em na ko\u0144cu. No, c\u00f3\u017c\u2026 <\/span><\/span><\/span><\/p>\n<p align=\"justify\"><span style=\"color: #000000;\"><span style=\"font-family: Book Antiqua, serif;\"><span style=\"font-size: large;\">A ja dzisiaj \u2013 najpierw dzia\u0142am w Siedlcach, rozmieszczaj\u0105c na Wydzia\u0142ach i Akademikach nowe Og\u0142oszenia tygodniowe i podejmuj\u0105c inne dzia\u0142ania, a potem przeje\u017cd\u017cam do Kodnia. Nie musz\u0119 zapewnia\u0107 \u2013 bo jest to oczywiste \u2013 \u017ce b\u0119d\u0105c u Matki, b\u0119d\u0119 pami\u0119ta\u0142 o Was w modlitwie! A potem \u2013 wizyta w Domu rodzinnym.<\/span><\/span><\/span><\/p>\n<p align=\"justify\"><span style=\"color: #000000;\"><span style=\"font-family: Book Antiqua, serif;\"><span style=\"font-size: large;\"><b>Bogu niech b\u0119d\u0105 dzi\u0119ki za taki wynik wybor\u00f3w prezydenckich, jaki mamy. Oczywi\u015bcie, nie wiemy, jakim Prezydentem b\u0119dzie Karoli Nawrocki. Ale to jest w\u0142a\u015bnie czas i miejsce na nasze modlitewne wsparcie, jakie musimy Mu koniecznie podarowa\u0107! Mam osobi\u015bcie nadziej\u0119, \u017ce nie zawiod\u0119 si\u0119 na Nim \u2013 tak, jak na Prezydencie Dudzie\u2026 <\/b><\/span><\/span><\/span><\/p>\n<p align=\"justify\"><span style=\"color: #000000;\"><span style=\"font-family: Book Antiqua, serif;\"><span style=\"font-size: large;\">I \u2013 wybaczcie \u2013 ale nie jestem w stanie zrozumie\u0107 motywacji, jak\u0105 kierowali si\u0119 ci, kt\u00f3rzy dali g\u0142os na Trzaskowskiego! Po tym, co przez ostatni ponad rok pokaza\u0142a ta bandycka w\u0142adza, jak\u0105 mamy w Polsce. Bo tu nawet nie chodzi o to, czy si\u0119 lubi t\u0119, czy inn\u0105 parti\u0119. Chodzi o bezmiar bezprawia, z jakim mamy na co dzie\u0144 do czynienia, a jakie powinno w g\u0142owach wszystkich zapali\u0107 ju\u017c nie \u017c\u00f3\u0142t\u0105, ale czerwon\u0105 lampk\u0119! I to niejedn\u0105! A tu ponad dziesi\u0119\u0107 milion\u00f3w moich Rodak\u00f3w popar\u0142o tak\u0105 w\u0142a\u015bnie lini\u0119 dzia\u0142ania. <\/span><\/span><\/span><\/p>\n<p align=\"justify\"><span style=\"color: #000000;\"><span style=\"font-family: Book Antiqua, serif;\"><span style=\"font-size: large;\">Co si\u0119 dzieje z nasz\u0105 narodow\u0105 m\u0105dro\u015bci\u0105, o kt\u00f3rej tyle si\u0119 m\u00f3wi?\u2026 Mamy o co si\u0119 modli\u0107! I mamy nad czym pracowa\u0107 \u2013 szczeg\u00f3lnie my, ksi\u0119\u017ca i biskupi polscy!<\/span><\/span><\/span><\/p>\n<p align=\"justify\"><span style=\"color: #000000;\"><span style=\"font-family: Book Antiqua, serif;\"><span style=\"font-size: large;\">Teraz zapraszam ju\u017c do pochylenia si\u0119 nad Bo\u017cym s\u0142owem dzisiejszej liturgii. Oto s\u0142\u00f3wko Ksi\u0119dza Marka na dzi\u015b:<\/span><\/span><\/span><\/p>\n<p align=\"justify\"><span style=\"color: #000000;\"><span style=\"font-family: Book Antiqua, serif;\"><span style=\"font-size: medium;\"><a href=\"https:\/\/www.youtube.com\/c\/CatholicSurgut\"><span style=\"font-size: large;\"><span lang=\"zxx\"><u><b>https:\/\/www.youtube.com\/c\/CatholicSurgut<\/b><\/u><\/span><\/span><\/a><\/span><\/span><\/span><\/p>\n<p align=\"justify\"><span style=\"color: #000000;\"><span style=\"font-family: Book Antiqua, serif;\"><span style=\"font-size: large;\"><span lang=\"zxx\">P<\/span><span lang=\"zxx\">oni\u017cej <\/span><span lang=\"zxx\">za\u015b <\/span><span lang=\"zxx\">\u2013 ja<\/span>k co poniedzia\u0142ek \u2013 s\u0142\u00f3wko Gabrysia, kt\u00f3remu dzi\u0119kuj\u0119 za solidno\u015b\u0107, wierno\u015b\u0107 podj\u0119temu zobowi\u0105zaniu \u2013 i za \u015bwiadectwo g\u0142\u0119bokiej wiary! Niech Pan b\u0119dzie uwielbiony w ca\u0142ym tym pi\u0119knym dziele, jakie Gabry\u015b realizuje! I za Jego postaw\u0119!<\/span><\/span><\/span><\/p>\n<p align=\"justify\"><span style=\"color: #000000;\"><span style=\"font-family: Book Antiqua, serif;\"><span style=\"font-size: large;\">Zatem, <b>c<\/b><b>o dzi\u015b Pan m\u00f3wi do mnie \u2013 osobi\u015bcie i konkretnie?<\/b> Duchu \u015awi\u0119ty, wska\u017c!<\/span><\/span><\/span><\/p>\n<p align=\"justify\"><span style=\"color: #000000;\"><span style=\"font-family: Book Antiqua, serif;\"><span style=\"font-size: large;\"><b>Niech Was b\u0142ogos\u0142awi B\u00f3g Wszechmog\u0105cy: Ojciec + i Syn, i Duch \u015awi\u0119ty. Amen<\/b><\/span><\/span><\/span><\/p>\n<p align=\"center\"><span style=\"color: #000000;\"><span style=\"font-family: Book Antiqua, serif;\"><span style=\"font-size: large;\">Gaudium et spes! Ks. Jacek<\/span><\/span><\/span><\/p>\n<p align=\"center\">\n<p align=\"center\">\n<p align=\"center\">\n<p align=\"center\">\n<p align=\"center\">\n<p align=\"justify\"><span style=\"color: #000000;\"><span style=\"font-family: Book Antiqua, serif;\"><span style=\"font-size: large;\"><b>Poniedzia\u0142ek 7 Tygodnia Wielkanocy,<\/b><\/span><\/span><\/span><\/p>\n<p align=\"justify\"><span style=\"color: #000000;\"><span style=\"font-family: Book Antiqua, serif;\"><span style=\"font-size: large;\"><b>2 czerwca 2025.,\u00a0<\/b><\/span><\/span><\/span><\/p>\n<p align=\"justify\"><span style=\"color: #000000;\"><span style=\"font-family: Book Antiqua, serif;\"><span style=\"font-size: large;\"><b>do czyta\u0144: Dz 19,1\u20138; J 16,29\u201333<\/b><\/span><\/span><\/span><\/p>\n<p align=\"justify\">\n<p align=\"justify\">\n<p align=\"justify\">\n<p align=\"justify\">\n<p align=\"justify\">\n<p align=\"justify\"><span style=\"color: #000000;\"><span style=\"font-family: Book Antiqua, serif;\"><span style=\"font-size: large;\"><b>CZYTANIE Z DZIEJ\u00d3W APOSTOLSKICH: <\/b><\/span><\/span><\/span><\/p>\n<p align=\"justify\"><span style=\"color: #000000;\"><span style=\"font-family: Book Antiqua, serif;\"><span style=\"font-size: large;\"><b>Kiedy Apollos znajdowa\u0142 si\u0119 w Koryncie, Pawe\u0142 przeszed\u0142 okolice wy\u017cej po\u0142o\u017cone, przyby\u0142 do Efezu i znalaz\u0142 jakich\u015b uczni\u00f3w. Zapyta\u0142 ich: \u201eCzy otrzymali\u015bcie Ducha \u015awi\u0119tego, gdy przyj\u0119li\u015bcie wiar\u0119?\u201d A oni do niego: \u201eNawet nie s\u0142yszeli\u015bmy, \u017ce istnieje Duch \u015awi\u0119ty\u201d. Zapyta\u0142: \u201eJaki wi\u0119c chrzest przyj\u0119li\u015bcie?\u201d A oni odpowiedzieli: \u201eChrzest Janowy\u201d. Powiedzia\u0142 Pawe\u0142: \u201eJan udziela\u0142 chrztu nawr\u00f3cenia, przemawiaj\u0105c do ludu, aby uwierzyli w Tego, kt\u00f3ry za nim idzie, to jest w Jezusa\u201d. <\/b><\/span><\/span><\/span><\/p>\n<p align=\"justify\"><span style=\"color: #000000;\"><span style=\"font-family: Book Antiqua, serif;\"><span style=\"font-size: large;\"><b>Gdy to us\u0142yszeli, przyj\u0119li chrzest w imi\u0119 Pana Jezusa. A kiedy Pawe\u0142 w\u0142o\u017cy\u0142 na nich r\u0119ce, Duch \u015awi\u0119ty zst\u0105pi\u0142 na nich. M\u00f3wili te\u017c j\u0119zykami i prorokowali. Wszystkich ich by\u0142o oko\u0142o dwunastu m\u0119\u017cczyzn. <\/b><\/span><\/span><\/span><\/p>\n<p align=\"justify\"><span style=\"color: #000000;\"><span style=\"font-family: Book Antiqua, serif;\"><span style=\"font-size: large;\"><b>Nast\u0119pnie wszed\u0142 do synagogi i odwa\u017cnie przemawia\u0142 przez trzy miesi\u0105ce rozprawiaj\u0105c i przekonuj\u0105c o kr\u00f3lestwie Bo\u017cym.<\/b><\/span><\/span><\/span><\/p>\n<p align=\"justify\">\n<p align=\"justify\">\n<p align=\"justify\">\n<p align=\"justify\">\n<p align=\"justify\">\n<p align=\"justify\"><span style=\"color: #000000;\"><span style=\"font-family: Book Antiqua, serif;\"><span style=\"font-size: large;\"><b>S\u0141OWA EWANGELII WED\u0141UG \u015aWI\u0118TEGO JANA: <\/b><\/span><\/span><\/span><\/p>\n<p align=\"justify\"><span style=\"color: #000000;\"><span style=\"font-family: Book Antiqua, serif;\"><span style=\"font-size: large;\"><b>Uczniowie rzekli do Jezusa: \u201eOto teraz m\u00f3wisz otwarcie i nie opowiadasz \u017cadnej przypowie\u015bci. Teraz wiemy, \u017ce wszystko wiesz i nie trzeba, aby Ci\u0119 kto pyta\u0142. Dlatego wierzymy, \u017ce od Boga wyszed\u0142e\u015b\u201d. <\/b><\/span><\/span><\/span><\/p>\n<p align=\"justify\"><span style=\"color: #000000;\"><span style=\"font-family: Book Antiqua, serif;\"><span style=\"font-size: large;\"><b>Odpowiedzia\u0142 im Jezus: \u201eTeraz wierzycie? Oto nadchodzi godzina, a nawet ju\u017c nadesz\u0142a, \u017ce si\u0119 rozproszycie ka\u017cdy w swoj\u0105 stron\u0119, a Mnie zostawicie samego. Ale Ja nie jestem sam, bo Ojciec jest ze Mn\u0105. <\/b><\/span><\/span><\/span><\/p>\n<p align=\"justify\"><span style=\"color: #000000;\"><span style=\"font-family: Book Antiqua, serif;\"><span style=\"font-size: large;\"><b>To wam powiedzia\u0142em, aby\u015bcie pok\u00f3j we Mnie mieli. Na \u015bwiecie doznacie ucisku, ale miejcie odwag\u0119: Jam zwyci\u0119\u017cy\u0142 \u015bwiat\u201d.<\/b><\/span><\/span><\/span><\/p>\n<p align=\"justify\">\n<p align=\"justify\">\n<p align=\"justify\">\n<p align=\"justify\">\n<p align=\"justify\">\n<p align=\"center\"><span style=\"color: #000000;\"><span style=\"font-family: Book Antiqua, serif;\"><span style=\"font-size: medium;\"><span style=\"font-size: large;\"><b>A OTO S\u0141\u00d3WKO <\/b><\/span><span style=\"font-size: large;\"><b>GABRYSIA<\/b><\/span><span style=\"font-size: large;\"><b>:<\/b><\/span><\/span><\/span><\/span><\/p>\n<p align=\"center\">\n<p align=\"center\">\n<p align=\"center\">\n<p align=\"center\">\n<p align=\"center\">\n<p align=\"justify\"><span style=\"color: #000000;\"><span style=\"font-family: Book Antiqua, serif;\"><span style=\"font-size: large;\">Pierwsze czytanie, z Dziej\u00f3w Apostolskich, zwr\u00f3ci\u0142o moj\u0105 uwag\u0119 w kwestii zwi\u0105zanej z Duchem \u015awi\u0119tym i nami. Chodzi mianowicie o pytanie, czy czujemy t\u0119 obecno\u015b\u0107 i dzia\u0142anie Ducha \u015awi\u0119tego w naszym \u017cyciu, w naszych codziennych obowi\u0105zkach, sytuacjach?\u2026 W wi\u0119kszo\u015bci przypadk\u00f3w, chrze\u015bcijanie przyst\u0119puj\u0105 do sakramentu bierzmowania \u2013 jest to, wed\u0142ug mnie, bardzo cenny i warto\u015bciowy dar jaki otrzymali\u015bmy od Boga. <\/span><\/span><\/span><\/p>\n<p align=\"justify\"><span style=\"color: #000000;\"><span style=\"font-family: Book Antiqua, serif;\"><span style=\"font-size: large;\">Wraz z sakramentem bierzmowania otrzymujemy siedem dar\u00f3w Ducha \u015awi\u0119tego: m\u0105dro\u015b\u0107, rozum, rada, m\u0119stwo, umiej\u0119tno\u015b\u0107, pobo\u017cno\u015b\u0107 i boja\u017a\u0144 Bo\u017ca. Dobrze wykorzystywane i piel\u0119gnowane, pozwalaj\u0105 nam dok\u0142adniej i ja\u015bniej, odkrywa\u0107 S\u0142owo Bo\u017ce, rozumie\u0107 je i dostrzega\u0107 odniesienia do naszych czas\u00f3w \u2013 i do naszego \u017cycia.\u00a0<\/span><\/span><\/span><\/p>\n<p align=\"justify\"><span style=\"color: #000000;\"><span style=\"font-family: Book Antiqua, serif;\"><span style=\"font-size: large;\">Do sakramentu bierzmowania ka\u017cdy m\u0142ody cz\u0142owiek ma woln\u0105 drog\u0119, sam decyduje, czy chce dost\u0105pi\u0107 tego zaszczytu i \u0142aski, czy nie. Korzy\u015bci dla ka\u017cdego z nas z tego sakramentu s\u0105 ogromne \u2013 oczywi\u015bcie, je\u017celi dobrze z tego daru skorzystamy. Te wszystkie siedem dar\u00f3w Ducha \u015awi\u0119tego pomagaj\u0105 nam nie tylko w g\u0142\u0119bszym zrozumieniu Bo\u017cych spraw i kwestii, zwi\u0105zanych z wiar\u0105, ale te\u017c naszych spraw i codziennych problem\u00f3w.<\/span><\/span><\/span><\/p>\n<p align=\"justify\"><span style=\"color: #000000;\"><span style=\"font-family: Book Antiqua, serif;\"><span style=\"font-size: large;\">Dobrze jest wzywa\u0107 Ducha \u015awi\u0119tego tak cz\u0119sto, jak wzywamy imienia Jezus, tak uwa\u017cam.<\/span><\/span><\/span><\/p>\n<p align=\"justify\"><span style=\"color: #000000;\"><span style=\"font-family: Book Antiqua, serif;\"><span style=\"font-size: large;\">Ci uczniowie kt\u00f3rych spotka\u0142 Pawe\u0142, nawet nie s\u0142yszeli, nie wiedzieli o istnieniu Ducha \u015awi\u0119tego. Czy tak nie jest te\u017c i w naszych czasach? Na pewno, gdzie\u015b na \u015bwiecie s\u0105 ludzie, kt\u00f3rzy nie s\u0142yszeli ani o Jezusie, ani o Duchu \u015awi\u0119tym \u2013 mimo, \u017ce tyle lat min\u0119\u0142o od ko\u0144ca ziemskiej w\u0119dr\u00f3wki Jezusa. Dlatego misja apostolska Ko\u015bcio\u0142a jest tak wa\u017cna. Pawe\u0142 Aposto\u0142 u\u015bwiadamia uczniom, m\u00f3wi o Duchu \u015awi\u0119tym i o Jezusie, a oni \u2013 gdy tylko us\u0142yszeli \u2013 przyj\u0119li chrzest w imi\u0119 Jezusa.<\/span><\/span><\/span><\/p>\n<p align=\"justify\"><span style=\"color: #000000;\"><span style=\"font-family: Book Antiqua, serif;\"><span style=\"font-size: large;\">Wspierajmy apostolsk\u0105 misj\u0119 Ko\u015bcio\u0142a! Sami te\u017c j\u0105 piel\u0119gnujmy w naszym otoczeniu!<\/span><\/span><\/span><\/p>\n<p align=\"center\"><span style=\"color: #000000;\"><span style=\"font-family: Book Antiqua, serif;\"><span style=\"font-size: large;\"><b>***************************<\/b><\/span><\/span><\/span><\/p>\n<p align=\"justify\"><span style=\"color: #000000;\"><span style=\"font-family: Book Antiqua, serif;\"><span style=\"font-size: large;\">W Ewangelii natomiast uczniowie jakby dostaj\u0105 \u201ezwiastun\u201d swojego rozes\u0142ania, swojej misji g\u0142oszenia Ewangelii i wzywania do nawr\u00f3cenia.<\/span><\/span><\/span><\/p>\n<p align=\"justify\"><span style=\"color: #000000;\"><span style=\"font-family: Book Antiqua, serif;\"><span style=\"font-size: large;\"><i><b>Na \u015bwiecie doznacie ucisku, ale odwagi! Ja zwyci\u0119\u017cy\u0142em \u015bwiat!<\/b><\/i> A te s\u0142owa bez problemu pasuj\u0105 do ka\u017cdego cz\u0142owieka, bo wszyscy doznajemy ucisk\u00f3w na \u015bwiecie, ale w\u0142a\u015bnie: Jezus zwyci\u0119\u017cy\u0142 \u015bwiat! Pokona\u0142 nieprawo\u015bci, grzechy i ca\u0142e z\u0142o! Jest naszym wsparciem w walce z uciskami, z ka\u017cdymi trudno\u015bciami.<\/span><\/span><\/span><\/p>\n<p align=\"justify\"><span style=\"color: #000000;\"><span style=\"font-family: Book Antiqua, serif;\"><span style=\"font-size: large;\">Jezus, dobry Ojciec, Duch \u015awi\u0119ty \u2013 ca\u0142a Tr\u00f3jca \u015awi\u0119ta &#8211; jest dla mnie si\u0142\u0105 i wsparciem w\u0142a\u015bnie w tych uciskach. Z takimi Sojusznikami nie ma nic niemo\u017cliwego i niepokonanego! Uwa\u017cam, \u017ce ka\u017cdy cz\u0142owiek jest Bogiem silny, bo bez Boga cz\u0142owiek jest s\u0142aby \u2013 i nawet, je\u017celi osi\u0105ga zwyci\u0119stwa, to jednak nie jest to samo, co z Bogiem.<\/span><\/span><\/span><\/p>\n<p align=\"justify\"><span style=\"color: #000000;\"><span style=\"font-family: Book Antiqua, serif;\"><span style=\"font-size: large;\">Dlatego uciekajmy si\u0119 do Boga: Ojca, Syna i Ducha \u015awi\u0119tego! A s\u0142owa Jezusa dodaj\u0105ce otuchy: <i><b>Odwagi! Ja zwyci\u0119\u017cy\u0142em \u015bwiat!<\/b><\/i> \u2013 niech towarzysz\u0105 nam ka\u017cdego dnia!<\/span><\/span><\/span><\/p>\n","protected":false},"excerpt":{"rendered":"<p>Szcz\u0119\u015b\u0107 Bo\u017ce! Moi Drodzy, w dniu dzisiejszym urodziny prze\u017cywa Szymon Sala, Wicelider FORMACJI \u00abSPE SALVI\u00bb, Wsp\u00f3\u0142prowadz\u0105cy ze mn\u0105 audycje w Katolickim Radiu Podlasie, w tak w og\u00f3le, to Cz\u0142owiek mi bardzo, ale to bardzo bliski. Dzi\u0119kuj\u0105c Szymonowi za tyle \u017cyczliwo\u015bci i otwartego serca, ile mi okaza\u0142 w trakcie stosunkowo kr\u00f3tkiej znajomo\u015bci, z ca\u0142ego swojego serca [&hellip;]<\/p>\n","protected":false},"author":1,"featured_media":0,"comment_status":"open","ping_status":"open","sticky":false,"template":"","format":"standard","meta":{"jetpack_post_was_ever_published":false,"_jetpack_newsletter_access":"","_jetpack_dont_email_post_to_subs":false,"_jetpack_newsletter_tier_id":0,"_jetpack_memberships_contains_paywalled_content":false,"_jetpack_memberships_contains_paid_content":false,"footnotes":""},"categories":[1],"tags":[],"class_list":["post-23876","post","type-post","status-publish","format-standard","hentry","category-bez-kategorii"],"yoast_head":"<!-- This site is optimized with the Yoast SEO plugin v25.1 - https:\/\/yoast.com\/wordpress\/plugins\/seo\/ -->\n<title>Miejcie odwag\u0119! - Gaudium Et Spes<\/title>\n<meta name=\"robots\" content=\"index, follow, max-snippet:-1, max-image-preview:large, max-video-preview:-1\" \/>\n<link rel=\"canonical\" href=\"https:\/\/gaudiumetspes-blog.pl\/index.php\/2025\/06\/02\/miejcie-odwage\/\" \/>\n<meta property=\"og:locale\" content=\"pl_PL\" \/>\n<meta property=\"og:type\" content=\"article\" \/>\n<meta property=\"og:title\" content=\"Miejcie odwag\u0119! - Gaudium Et Spes\" \/>\n<meta property=\"og:description\" content=\"Szcz\u0119\u015b\u0107 Bo\u017ce! Moi Drodzy, w dniu dzisiejszym urodziny prze\u017cywa Szymon Sala, Wicelider FORMACJI \u00abSPE SALVI\u00bb, Wsp\u00f3\u0142prowadz\u0105cy ze mn\u0105 audycje w Katolickim Radiu Podlasie, w tak w og\u00f3le, to Cz\u0142owiek mi bardzo, ale to bardzo bliski. Dzi\u0119kuj\u0105c Szymonowi za tyle \u017cyczliwo\u015bci i otwartego serca, ile mi okaza\u0142 w trakcie stosunkowo kr\u00f3tkiej znajomo\u015bci, z ca\u0142ego swojego serca [&hellip;]\" \/>\n<meta property=\"og:url\" content=\"https:\/\/gaudiumetspes-blog.pl\/index.php\/2025\/06\/02\/miejcie-odwage\/\" \/>\n<meta property=\"og:site_name\" content=\"Gaudium Et Spes\" \/>\n<meta property=\"article:published_time\" content=\"2025-06-02T06:59:29+00:00\" \/>\n<meta property=\"article:modified_time\" content=\"2025-06-02T07:06:41+00:00\" \/>\n<meta name=\"author\" content=\"Ks. Jacek\" \/>\n<meta name=\"twitter:card\" content=\"summary_large_image\" \/>\n<meta name=\"twitter:label1\" content=\"Napisane przez\" \/>\n\t<meta name=\"twitter:data1\" content=\"Ks. Jacek\" \/>\n\t<meta name=\"twitter:label2\" content=\"Szacowany czas czytania\" \/>\n\t<meta name=\"twitter:data2\" content=\"7 minut\" \/>\n<script type=\"application\/ld+json\" class=\"yoast-schema-graph\">{\"@context\":\"https:\/\/schema.org\",\"@graph\":[{\"@type\":\"WebPage\",\"@id\":\"https:\/\/gaudiumetspes-blog.pl\/index.php\/2025\/06\/02\/miejcie-odwage\/\",\"url\":\"https:\/\/gaudiumetspes-blog.pl\/index.php\/2025\/06\/02\/miejcie-odwage\/\",\"name\":\"Miejcie odwag\u0119! - Gaudium Et Spes\",\"isPartOf\":{\"@id\":\"https:\/\/gaudiumetspes-blog.pl\/#website\"},\"datePublished\":\"2025-06-02T06:59:29+00:00\",\"dateModified\":\"2025-06-02T07:06:41+00:00\",\"author\":{\"@id\":\"https:\/\/gaudiumetspes-blog.pl\/#\/schema\/person\/1661982992b752dea8dff0d4ed845a65\"},\"breadcrumb\":{\"@id\":\"https:\/\/gaudiumetspes-blog.pl\/index.php\/2025\/06\/02\/miejcie-odwage\/#breadcrumb\"},\"inLanguage\":\"pl-PL\",\"potentialAction\":[{\"@type\":\"ReadAction\",\"target\":[\"https:\/\/gaudiumetspes-blog.pl\/index.php\/2025\/06\/02\/miejcie-odwage\/\"]}]},{\"@type\":\"BreadcrumbList\",\"@id\":\"https:\/\/gaudiumetspes-blog.pl\/index.php\/2025\/06\/02\/miejcie-odwage\/#breadcrumb\",\"itemListElement\":[{\"@type\":\"ListItem\",\"position\":1,\"name\":\"Strona g\u0142\u00f3wna\",\"item\":\"https:\/\/gaudiumetspes-blog.pl\/\"},{\"@type\":\"ListItem\",\"position\":2,\"name\":\"Miejcie odwag\u0119!\"}]},{\"@type\":\"WebSite\",\"@id\":\"https:\/\/gaudiumetspes-blog.pl\/#website\",\"url\":\"https:\/\/gaudiumetspes-blog.pl\/\",\"name\":\"Gaudium Et Spes\",\"description\":\"Blog Ks. Jacka Ja\u015bkowskiego\",\"potentialAction\":[{\"@type\":\"SearchAction\",\"target\":{\"@type\":\"EntryPoint\",\"urlTemplate\":\"https:\/\/gaudiumetspes-blog.pl\/?s={search_term_string}\"},\"query-input\":{\"@type\":\"PropertyValueSpecification\",\"valueRequired\":true,\"valueName\":\"search_term_string\"}}],\"inLanguage\":\"pl-PL\"},{\"@type\":\"Person\",\"@id\":\"https:\/\/gaudiumetspes-blog.pl\/#\/schema\/person\/1661982992b752dea8dff0d4ed845a65\",\"name\":\"Ks. Jacek\",\"image\":{\"@type\":\"ImageObject\",\"inLanguage\":\"pl-PL\",\"@id\":\"https:\/\/gaudiumetspes-blog.pl\/#\/schema\/person\/image\/\",\"url\":\"https:\/\/gaudiumetspes-blog.pl\/wp-content\/uploads\/2019\/07\/avatar-JJ-150x150.jpg\",\"contentUrl\":\"https:\/\/gaudiumetspes-blog.pl\/wp-content\/uploads\/2019\/07\/avatar-JJ-150x150.jpg\",\"caption\":\"Ks. Jacek\"},\"description\":\"Witam serdecznie! K\u0142ania si\u0119 Ks. Jacek Ja\u015bkowski. Nie jestem ani kim\u015b wa\u017cnym, ani kim\u015b znanym. Jestem ksi\u0119dzem, kt\u00f3ry po prostu chce rozmawia\u0107. Codzienna kap\u0142a\u0144ska pos\u0142uga pokazuje mi, \u017ce temat\u00f3w do rozm\u00f3w z ksi\u0119dzem jest coraz wi\u0119cej i dzisiaj \u017caden ksi\u0105dz nie mo\u017ce od nich ucieka\u0107, ale - wprost przeciwnie - podejmowa\u0107 nowe wyzwania. To przekonanie sk\u0142oni\u0142o mnie do pr\u00f3by otwarcia tego\u017c bloga, chocia\u017c okazji do rozm\u00f3w na co dzie\u0144 - w konfesjonale i poza nim - na szcz\u0119\u015bcie nie brakuje. My\u015bl\u0119 jednak, \u017ce ten blog b\u0119dzie jeszcze jednym sposobem i przestrzeni\u0105 nawi\u0105zania kontaktu z lud\u017ami dobrej woli, otwartymi na dialog.\",\"url\":\"https:\/\/gaudiumetspes-blog.pl\/index.php\/author\/ks-jacek\/\"}]}<\/script>\n<!-- \/ Yoast SEO plugin. -->","yoast_head_json":{"title":"Miejcie odwag\u0119! - Gaudium Et Spes","robots":{"index":"index","follow":"follow","max-snippet":"max-snippet:-1","max-image-preview":"max-image-preview:large","max-video-preview":"max-video-preview:-1"},"canonical":"https:\/\/gaudiumetspes-blog.pl\/index.php\/2025\/06\/02\/miejcie-odwage\/","og_locale":"pl_PL","og_type":"article","og_title":"Miejcie odwag\u0119! - Gaudium Et Spes","og_description":"Szcz\u0119\u015b\u0107 Bo\u017ce! Moi Drodzy, w dniu dzisiejszym urodziny prze\u017cywa Szymon Sala, Wicelider FORMACJI \u00abSPE SALVI\u00bb, Wsp\u00f3\u0142prowadz\u0105cy ze mn\u0105 audycje w Katolickim Radiu Podlasie, w tak w og\u00f3le, to Cz\u0142owiek mi bardzo, ale to bardzo bliski. Dzi\u0119kuj\u0105c Szymonowi za tyle \u017cyczliwo\u015bci i otwartego serca, ile mi okaza\u0142 w trakcie stosunkowo kr\u00f3tkiej znajomo\u015bci, z ca\u0142ego swojego serca [&hellip;]","og_url":"https:\/\/gaudiumetspes-blog.pl\/index.php\/2025\/06\/02\/miejcie-odwage\/","og_site_name":"Gaudium Et Spes","article_published_time":"2025-06-02T06:59:29+00:00","article_modified_time":"2025-06-02T07:06:41+00:00","author":"Ks. Jacek","twitter_card":"summary_large_image","twitter_misc":{"Napisane przez":"Ks. Jacek","Szacowany czas czytania":"7 minut"},"schema":{"@context":"https:\/\/schema.org","@graph":[{"@type":"WebPage","@id":"https:\/\/gaudiumetspes-blog.pl\/index.php\/2025\/06\/02\/miejcie-odwage\/","url":"https:\/\/gaudiumetspes-blog.pl\/index.php\/2025\/06\/02\/miejcie-odwage\/","name":"Miejcie odwag\u0119! - Gaudium Et Spes","isPartOf":{"@id":"https:\/\/gaudiumetspes-blog.pl\/#website"},"datePublished":"2025-06-02T06:59:29+00:00","dateModified":"2025-06-02T07:06:41+00:00","author":{"@id":"https:\/\/gaudiumetspes-blog.pl\/#\/schema\/person\/1661982992b752dea8dff0d4ed845a65"},"breadcrumb":{"@id":"https:\/\/gaudiumetspes-blog.pl\/index.php\/2025\/06\/02\/miejcie-odwage\/#breadcrumb"},"inLanguage":"pl-PL","potentialAction":[{"@type":"ReadAction","target":["https:\/\/gaudiumetspes-blog.pl\/index.php\/2025\/06\/02\/miejcie-odwage\/"]}]},{"@type":"BreadcrumbList","@id":"https:\/\/gaudiumetspes-blog.pl\/index.php\/2025\/06\/02\/miejcie-odwage\/#breadcrumb","itemListElement":[{"@type":"ListItem","position":1,"name":"Strona g\u0142\u00f3wna","item":"https:\/\/gaudiumetspes-blog.pl\/"},{"@type":"ListItem","position":2,"name":"Miejcie odwag\u0119!"}]},{"@type":"WebSite","@id":"https:\/\/gaudiumetspes-blog.pl\/#website","url":"https:\/\/gaudiumetspes-blog.pl\/","name":"Gaudium Et Spes","description":"Blog Ks. Jacka Ja\u015bkowskiego","potentialAction":[{"@type":"SearchAction","target":{"@type":"EntryPoint","urlTemplate":"https:\/\/gaudiumetspes-blog.pl\/?s={search_term_string}"},"query-input":{"@type":"PropertyValueSpecification","valueRequired":true,"valueName":"search_term_string"}}],"inLanguage":"pl-PL"},{"@type":"Person","@id":"https:\/\/gaudiumetspes-blog.pl\/#\/schema\/person\/1661982992b752dea8dff0d4ed845a65","name":"Ks. Jacek","image":{"@type":"ImageObject","inLanguage":"pl-PL","@id":"https:\/\/gaudiumetspes-blog.pl\/#\/schema\/person\/image\/","url":"https:\/\/gaudiumetspes-blog.pl\/wp-content\/uploads\/2019\/07\/avatar-JJ-150x150.jpg","contentUrl":"https:\/\/gaudiumetspes-blog.pl\/wp-content\/uploads\/2019\/07\/avatar-JJ-150x150.jpg","caption":"Ks. Jacek"},"description":"Witam serdecznie! K\u0142ania si\u0119 Ks. Jacek Ja\u015bkowski. Nie jestem ani kim\u015b wa\u017cnym, ani kim\u015b znanym. Jestem ksi\u0119dzem, kt\u00f3ry po prostu chce rozmawia\u0107. Codzienna kap\u0142a\u0144ska pos\u0142uga pokazuje mi, \u017ce temat\u00f3w do rozm\u00f3w z ksi\u0119dzem jest coraz wi\u0119cej i dzisiaj \u017caden ksi\u0105dz nie mo\u017ce od nich ucieka\u0107, ale - wprost przeciwnie - podejmowa\u0107 nowe wyzwania. To przekonanie sk\u0142oni\u0142o mnie do pr\u00f3by otwarcia tego\u017c bloga, chocia\u017c okazji do rozm\u00f3w na co dzie\u0144 - w konfesjonale i poza nim - na szcz\u0119\u015bcie nie brakuje. My\u015bl\u0119 jednak, \u017ce ten blog b\u0119dzie jeszcze jednym sposobem i przestrzeni\u0105 nawi\u0105zania kontaktu z lud\u017ami dobrej woli, otwartymi na dialog.","url":"https:\/\/gaudiumetspes-blog.pl\/index.php\/author\/ks-jacek\/"}]}},"jetpack_featured_media_url":"","jetpack_sharing_enabled":true,"_links":{"self":[{"href":"https:\/\/gaudiumetspes-blog.pl\/index.php\/wp-json\/wp\/v2\/posts\/23876","targetHints":{"allow":["GET"]}}],"collection":[{"href":"https:\/\/gaudiumetspes-blog.pl\/index.php\/wp-json\/wp\/v2\/posts"}],"about":[{"href":"https:\/\/gaudiumetspes-blog.pl\/index.php\/wp-json\/wp\/v2\/types\/post"}],"author":[{"embeddable":true,"href":"https:\/\/gaudiumetspes-blog.pl\/index.php\/wp-json\/wp\/v2\/users\/1"}],"replies":[{"embeddable":true,"href":"https:\/\/gaudiumetspes-blog.pl\/index.php\/wp-json\/wp\/v2\/comments?post=23876"}],"version-history":[{"count":3,"href":"https:\/\/gaudiumetspes-blog.pl\/index.php\/wp-json\/wp\/v2\/posts\/23876\/revisions"}],"predecessor-version":[{"id":23879,"href":"https:\/\/gaudiumetspes-blog.pl\/index.php\/wp-json\/wp\/v2\/posts\/23876\/revisions\/23879"}],"wp:attachment":[{"href":"https:\/\/gaudiumetspes-blog.pl\/index.php\/wp-json\/wp\/v2\/media?parent=23876"}],"wp:term":[{"taxonomy":"category","embeddable":true,"href":"https:\/\/gaudiumetspes-blog.pl\/index.php\/wp-json\/wp\/v2\/categories?post=23876"},{"taxonomy":"post_tag","embeddable":true,"href":"https:\/\/gaudiumetspes-blog.pl\/index.php\/wp-json\/wp\/v2\/tags?post=23876"}],"curies":[{"name":"wp","href":"https:\/\/api.w.org\/{rel}","templated":true}]}}