{"id":23881,"date":"2025-06-03T09:24:24","date_gmt":"2025-06-03T07:24:24","guid":{"rendered":"https:\/\/gaudiumetspes-blog.pl\/?p=23881"},"modified":"2025-06-03T09:24:24","modified_gmt":"2025-06-03T07:24:24","slug":"ja-za-nimi-prosze-2","status":"publish","type":"post","link":"https:\/\/gaudiumetspes-blog.pl\/index.php\/2025\/06\/03\/ja-za-nimi-prosze-2\/","title":{"rendered":"Ja za nimi prosz\u0119!"},"content":{"rendered":"<p align=\"justify\"><span style=\"color: #000000;\"><span style=\"font-family: Book Antiqua, serif;\"><span style=\"font-size: large;\">Szcz\u0119\u015b\u0107 Bo\u017ce! Drodzy moi, Szcz\u0119\u015b\u0107 Bo\u017ce! Moi Drodzy, w dniu dzisiejszym <b>imieniny prze\u017cywaj\u0105:<\/b><\/span><\/span><\/span><\/p>\n<p align=\"justify\"><span style=\"color: #000000;\">\u25ba<span style=\"font-family: Book Antiqua, serif;\"><span style=\"font-size: large;\"><b>Ojciec Leszek Walendzik \u2013 <\/b><b>O<\/b><b>blat, by\u0142y Superior Klasztoru w Kodniu;<\/b><\/span><\/span><\/span><\/p>\n<p align=\"justify\"><span style=\"color: #000000;\">\u25ba<span style=\"font-family: Book Antiqua, serif;\"><span style=\"font-size: large;\"><b>Ksi\u0105dz Profesor Leszek Adamowicz z KUL \u2013 Recenzent mojego doktoratu;<\/b><\/span><\/span><\/span><\/p>\n<p align=\"justify\"><span style=\"color: #000000;\">\u25ba<span style=\"font-family: Book Antiqua, serif;\"><span style=\"font-size: large;\"><b>Kap\u0142ani z naszej Diecezji:<\/b><\/span><\/span><\/span><\/p>\n<p align=\"justify\"><span style=\"color: #000000;\"> <span style=\"font-family: Book Antiqua, serif;\"><span style=\"font-size: large;\"><b>* K<\/b><b>si\u0105dz Leszek Mu\u0107ka,<\/b><\/span><\/span><\/span><\/p>\n<p align=\"justify\"><span style=\"color: #000000;\"> <span style=\"font-family: Book Antiqua, serif;\"><span style=\"font-size: large;\"><b>* K<\/b><b>si\u0105dz Leszek Ostas,<\/b><\/span><\/span><\/span><\/p>\n<p align=\"justify\"><span style=\"color: #000000;\"> <span style=\"font-family: Book Antiqua, serif;\"><span style=\"font-size: large;\"><b>* Ksi\u0105dz Leszek Borysiuk,<\/b><\/span><\/span><\/span><\/p>\n<p align=\"justify\"><span style=\"color: #000000;\"> <span style=\"font-family: Book Antiqua, serif;\"><span style=\"font-size: large;\"><b>* Ksi\u0105dz Leszek D\u0105browski, <\/b><\/span><\/span><\/span><\/p>\n<p align=\"justify\"><span style=\"color: #000000;\"> <span style=\"font-family: Book Antiqua, serif;\"><span style=\"font-size: large;\"><b>* Ksi\u0105dz Leszek Gwardecki.<\/b><\/span><\/span><\/span><\/p>\n<p align=\"justify\"><span style=\"color: #000000;\"> <span style=\"font-family: Book Antiqua, serif;\"><span style=\"font-size: large;\"><b>* Ksi\u0105dz Leszek Przyby\u0142owicz<\/b><\/span><\/span><\/span><\/p>\n<p align=\"justify\"><span style=\"color: #000000;\"> <span style=\"font-family: Book Antiqua, serif;\"><span style=\"font-size: large;\"><b>* Ksi\u0105dz Leszek Hryciuk;<\/b><\/span><\/span><\/span><\/p>\n<p align=\"justify\"><span style=\"color: #000000;\">\u25ba<span style=\"font-family: Book Antiqua, serif;\"><span style=\"font-size: large;\"><b>Leszek Malinowski \u2013 Ko\u015bcielny w mojej rodzinnej Parafii, zwany przez wszystkich \u2013 i tak postrzegany \u2013 jako Pan Dyrektor!<\/b><\/span><\/span><\/span><\/p>\n<p align=\"justify\"><span style=\"color: #000000;\"><span style=\"font-family: Book Antiqua, serif;\"><span style=\"font-size: large;\"><b>Urodziny natomiast obchodz\u0105:<\/b><\/span><\/span><\/span><\/p>\n<p align=\"justify\"><span style=\"color: #000000;\">\u25ba<span style=\"font-family: Book Antiqua, serif;\"><span style=\"font-size: large;\"><b>Ksi\u0105dz Rafa\u0142 Jarosiewicz \u2013 pochodz\u0105cy z mojej rodzinnej Parafii, <\/b><b>Kolega <\/b><b>z jednego Grona lektorskiego, a obecnie \u2013 Kap\u0142an znany chyba ca\u0142emu \u015bwiatu, chocia\u017cby z organizacji <\/b><b>r\u00f3\u017cnych <\/b><b>spotka\u0144 charyzmatycznych <\/b><b>o zasi\u0119gu og\u00f3lnopolskim; <\/b><\/span><\/span><\/span><\/p>\n<p align=\"justify\"><span style=\"color: #000000;\">\u25ba<span style=\"font-family: Book Antiqua, serif;\"><span style=\"font-size: large;\"><b>Zbigniew Chmiel \u2013 za moich czas\u00f3w: Lektor w Radory\u017cu Ko\u015bcielnym.<\/b><\/span><\/span><\/span><\/p>\n<p align=\"justify\"><span style=\"color: #000000;\"><span style=\"font-family: Book Antiqua, serif;\"><span style=\"font-size: large;\"><b>Z kolei rocznic\u0119 \u015bwi\u0119ce\u0144 kap\u0142a\u0144skich prze\u017cywaj\u0105:<\/b><\/span><\/span><\/span><\/p>\n<p align=\"justify\"><span style=\"color: #000000;\">\u25ba<span style=\"font-family: Book Antiqua, serif;\"><span style=\"font-size: large;\"><b>Ksi\u0105dz Pawe\u0142 Cie\u015blik \u2013 pochodz\u0105cy z mojej rodzinnej Parafii;<\/b><\/span><\/span><\/span><\/p>\n<p align=\"justify\"><span style=\"color: #000000;\">\u25ba<span style=\"font-family: Book Antiqua, serif;\"><span style=\"font-size: large;\"><b>Ksi\u0105dz Andrzej Wnuk \u2013 w swoim czasie: Rezydent w Celestynowie.<\/b><\/span><\/span><\/span><\/p>\n<p align=\"justify\"><span style=\"color: #000000;\"><span style=\"font-family: Book Antiqua, serif;\"><span style=\"font-size: large;\"><b>Wszystkim \u015bwi\u0119tuj\u0105cym \u017cycz\u0119 Bo\u017cych mocy! I zapewniam o modlitwie!<\/b><\/span><\/span><\/span><\/p>\n<p align=\"justify\"><span style=\"color: #000000;\"><span style=\"font-family: Book Antiqua, serif;\"><span style=\"font-size: large;\">A u mnie dzisiaj \u2013 jak to we wtorek \u2013 dy\u017cur na Wydzia\u0142ach przy ulicy Prusa, a o 17:00 \u2013 zast\u0119pstwo za Proboszcza, Ksi\u0119dza Leona Bobrowskiego, w Parafii w Krzymoszach. Czyli tej, w kt\u00f3rej by\u0142em w ostatni\u0105 niedziel\u0119.<\/span><\/span><\/span><\/p>\n<p align=\"justify\"><span style=\"color: #000000;\"><span style=\"font-family: Book Antiqua, serif;\"><span style=\"font-size: large;\">Zapraszam teraz do pochylenia si\u0119 nad Bo\u017cym s\u0142owem dzisiejszej liturgii. Oto s\u0142\u00f3wko Ksi\u0119dza Marka na dzi\u015b:<\/span><\/span><\/span><\/p>\n<p align=\"justify\"><span style=\"color: #000000;\"><span style=\"font-family: Book Antiqua, serif;\"><span style=\"font-size: medium;\"><a href=\"https:\/\/www.youtube.com\/c\/CatholicSurgut\"><span style=\"font-size: large;\"><span lang=\"zxx\"><u><b>https:\/\/www.youtube.com\/c\/CatholicSurgut<\/b><\/u><\/span><\/span><\/a><\/span><\/span><\/span><\/p>\n<p align=\"justify\"><span style=\"color: #000000;\"><span style=\"font-family: Book Antiqua, serif;\"><span style=\"font-size: large;\">Zatem, <b>co dzi\u015b m\u00f3wi do mnie Pan? Co konkretnie chce mi wskaza\u0107? Czego ode mnie oczekuje?<\/b> Duchu \u015awi\u0119ty, b\u0105d\u017a \u015bwiat\u0142em, natchnieniem i m\u0105dro\u015bci\u0105!<\/span><\/span><\/span><\/p>\n<p align=\"justify\"><span style=\"color: #000000;\"><span style=\"font-family: Book Antiqua, serif;\"><span style=\"font-size: large;\"><b>Niech Was b\u0142ogos\u0142awi B\u00f3g<\/b> <b>Wszechmog\u0105cy: Ojciec + i Syn, i Duch \u015awi\u0119ty. Amen<\/b><\/span><\/span><\/span><\/p>\n<p align=\"center\"><span style=\"color: #000000;\"><span style=\"font-family: Book Antiqua, serif;\"><span style=\"font-size: large;\">Gaudium et spes! Ks. Jacek<\/span><\/span><\/span><\/p>\n<p align=\"center\">\n<p align=\"center\">\n<p align=\"center\">\n<p align=\"center\">\n<p align=\"center\">\n<p align=\"justify\"><span style=\"color: #000000;\"><span style=\"font-family: Book Antiqua, serif;\"><span style=\"font-size: large;\"><b>Wtorek 7 Tygodnia Wielkanocnego,<\/b><\/span><\/span><\/span><\/p>\n<p align=\"justify\"><span style=\"color: #000000;\"><span style=\"font-family: Book Antiqua, serif;\"><span style=\"font-size: large;\"><b>Wspomnienie \u015aw. Karola Lwangi i Towarzyszy, M\u0119czennik\u00f3w,<\/b><\/span><\/span><\/span><\/p>\n<p align=\"justify\"><span style=\"color: #000000;\"><span style=\"font-family: Book Antiqua, serif;\"><span style=\"font-size: large;\"><b>3 czerwca 2025.,\u00a0<\/b><\/span><\/span><\/span><\/p>\n<p align=\"justify\"><span style=\"color: #000000;\"><span style=\"font-family: Book Antiqua, serif;\"><span style=\"font-size: large;\"><b>do czyta\u0144: Dz 20,17\u201327; J 17,1\u201311a<\/b><\/span><\/span><\/span><\/p>\n<p align=\"justify\">\n<p align=\"justify\">\n<p align=\"justify\">\n<p align=\"justify\">\n<p align=\"justify\">\n<p align=\"justify\"><span style=\"color: #000000;\"><span style=\"font-family: Book Antiqua, serif;\"><span style=\"font-size: large;\"><b>CZYTANIE Z DZIEJ\u00d3W APOSTOLSKICH:<\/b><\/span><\/span><\/span><\/p>\n<p align=\"justify\"><span style=\"color: #000000;\"><span style=\"font-family: Book Antiqua, serif;\"><span style=\"font-size: large;\"><b>Pawe\u0142 z Miletu pos\u0142a\u0142 do Efezu i wezwa\u0142 starszych Ko\u015bcio\u0142a. A gdy do niego przybyli, przem\u00f3wi\u0142 do nich: <\/b><\/span><\/span><\/span><\/p>\n<p align=\"justify\"><span style=\"color: #000000;\">\u201e<span style=\"font-family: Book Antiqua, serif;\"><span style=\"font-size: large;\"><b>Wiecie, jakim by\u0142em w\u015br\u00f3d was od pierwszej chwili, w kt\u00f3rej stan\u0105\u0142em w Azji. Jak s\u0142u\u017cy\u0142em Panu z ca\u0142\u0105 pokor\u0105 w\u015br\u00f3d \u0142ez i do\u015bwiadcze\u0144, kt\u00f3re mnie spotka\u0142y z powodu zasadzek \u017cydowskich. Jak nie uchyla\u0142em si\u0119 tch\u00f3rzliwie od niczego, co po\u017cyteczne, tak \u017ce przemawia\u0142em i naucza\u0142em was publicznie i po domach, nawo\u0142uj\u0105c zar\u00f3wno \u017byd\u00f3w, jak i Grek\u00f3w do nawr\u00f3cenia si\u0119 do Boga i do wiary w Pana naszego Jezusa.<\/b><\/span><\/span><\/span><\/p>\n<p align=\"justify\"><span style=\"color: #000000;\"><span style=\"font-family: Book Antiqua, serif;\"><span style=\"font-size: large;\"><b>A teraz, naglony Duchem, udaj\u0119 si\u0119 do Jerozolimy; nie wiem, co mnie tam spotka opr\u00f3cz tego, \u017ce czekaj\u0105 mnie wi\u0119zy i utrapienia, o czym zapewnia mnie Duch \u015awi\u0119ty w ka\u017cdym mie\u015bcie. Lecz ja zgo\u0142a nie ceni\u0119 sobie \u017cycia, bylebym tylko doko\u0144czy\u0142 biegu i pos\u0142ugiwania, kt\u00f3re otrzyma\u0142em od Pana Jezusa: bylebym da\u0142 \u015bwiadectwo o Ewangelii \u0142aski Bo\u017cej.<\/b><\/span><\/span><\/span><\/p>\n<p align=\"justify\"><span style=\"color: #000000;\"><span style=\"font-family: Book Antiqua, serif;\"><span style=\"font-size: large;\"><b>Wiem teraz, \u017ce wy wszyscy, w\u015br\u00f3d kt\u00f3rych przeszed\u0142em g\u0142osz\u0105c kr\u00f3lestwo, ju\u017c mnie nie ujrzycie. Dlatego o\u015bwiadczam wam dzisiaj: Nie jestem winien niczyjej krwi, bo nie uchyla\u0142em si\u0119 tch\u00f3rzliwie od g\u0142oszenia wam ca\u0142ej woli Bo\u017cej\u201d.<\/b><\/span><\/span><\/span><\/p>\n<p align=\"justify\">\n<p align=\"justify\">\n<p align=\"justify\">\n<p align=\"justify\">\n<p align=\"justify\">\n<p align=\"justify\"><span style=\"color: #000000;\"><span style=\"font-family: Book Antiqua, serif;\"><span style=\"font-size: large;\"><b>S\u0141OWA EWANGELII WED\u0141UG \u015aWI\u0118TEGO JANA:<\/b><\/span><\/span><\/span><\/p>\n<p align=\"justify\"><span style=\"color: #000000;\"><span style=\"font-family: Book Antiqua, serif;\"><span style=\"font-size: large;\"><b>W czasie ostatniej wieczerzy Jezus podni\u00f3s\u0142szy oczy ku niebu, rzek\u0142: <\/b><\/span><\/span><\/span><\/p>\n<p align=\"justify\"><span style=\"color: #000000;\">\u201e<span style=\"font-family: Book Antiqua, serif;\"><span style=\"font-size: large;\"><b>Ojcze, nadesz\u0142a godzina! Otocz swego Syna chwa\u0142\u0105, aby Syn Ciebie ni\u0105 otoczy\u0142 i aby moc\u0105 w\u0142adzy udzielonej Mu przez Ciebie nad ka\u017cdym cz\u0142owiekiem da\u0142 \u017cycie wieczne wszystkim tym, kt\u00f3rych Mu da\u0142e\u015b. A to jest \u017cycie wieczne: aby znali Ciebie, jedynego prawdziwego Boga, oraz Tego, kt\u00f3rego pos\u0142a\u0142e\u015b, Jezusa Chrystusa. <\/b><\/span><\/span><\/span><\/p>\n<p align=\"justify\"><span style=\"color: #000000;\"><span style=\"font-family: Book Antiqua, serif;\"><span style=\"font-size: large;\"><b>Ja Ciebie otoczy\u0142em chwa\u0142\u0105 na ziemi przez to, \u017ce wype\u0142ni\u0142em dzie\u0142o, kt\u00f3re Mi da\u0142e\u015b do wykonania. A teraz Ty, Ojcze, otocz Mnie u siebie t\u0105 chwa\u0142\u0105, kt\u00f3r\u0105 mia\u0142em u Ciebie pierwej, zanim \u015bwiat powsta\u0142.<\/b><\/span><\/span><\/span><\/p>\n<p align=\"justify\"><span style=\"color: #000000;\"><span style=\"font-family: Book Antiqua, serif;\"><span style=\"font-size: large;\"><b>Objawi\u0142em imi\u0119 Twoje ludziom, kt\u00f3rych Mi da\u0142e\u015b ze \u015bwiata. Twoimi byli i Ty Mi ich da\u0142e\u015b, a oni zachowali s\u0142owo Twoje. Teraz poznali, \u017ce wszystko, cokolwiek Mi da\u0142e\u015b, pochodzi od Ciebie. S\u0142owa bowiem, kt\u00f3re Mi powierzy\u0142e\u015b, im przekaza\u0142em, a oni je przyj\u0119li i prawdziwie poznali, \u017ce od Ciebie wyszed\u0142em, oraz uwierzyli, \u017ce\u015b Ty Mnie pos\u0142a\u0142.<\/b><\/span><\/span><\/span><\/p>\n<p align=\"justify\"><span style=\"color: #000000;\"><span style=\"font-family: Book Antiqua, serif;\"><span style=\"font-size: large;\"><b>Ja za nimi prosz\u0119, nie prosz\u0119 za \u015bwiatem, ale za tymi, kt\u00f3rych Mi da\u0142e\u015b, poniewa\u017c s\u0105 Twoimi. Wszystko bowiem moje jest Twoje, a Twoje jest moje, i w nich zosta\u0142em otoczony chwa\u0142\u0105. Ju\u017c nie jestem na \u015bwiecie, ale oni s\u0105 jeszcze na \u015bwiecie, a Ja id\u0119 do Ciebie\u201d.<\/b><\/span><\/span><\/span><\/p>\n<p align=\"justify\">\n<p align=\"justify\">\n<p align=\"justify\">\n<p align=\"justify\">\n<p align=\"justify\">\n<p align=\"justify\"><span style=\"color: #000000;\"><span style=\"font-family: Book Antiqua, serif;\"><span style=\"font-size: large;\">Nieraz zastanawiam si\u0119, czy Pawe\u0142 Aposto\u0142 <b>nie za cz\u0119sto <\/b>\u2013 w swoim Listach, ale i w tych wypowiedziach, jakie zosta\u0142y zapisane w Ksi\u0119dze Dziej\u00f3w Apostolskich \u2013 <b>od<\/b><b>wo\u0142uje si\u0119 do swoich do\u015bwiadcze\u0144, <\/b>do swoich osobistych prze\u017cy\u0107, czasami jakich\u015b odczu\u0107 i przemy\u015ble\u0144, jakie ma w zwi\u0105zku z tak\u0105, a nie inn\u0105 postaw\u0105 swoich wiernych. <\/span><\/span><\/span><\/p>\n<p align=\"justify\"><span style=\"color: #000000;\"><span style=\"font-family: Book Antiqua, serif;\"><span style=\"font-size: large;\">W jego wypowiedziach co i raz pojawia si\u0119 w\u0142a\u015bnie owo \u201eja\u201d \u2013 a chocia\u017cby dzisiaj: <i><b>Wiecie, jakim by\u0142em w\u015br\u00f3d was od pierwszej chwili, w kt\u00f3rej stan\u0105\u0142em w Azji. Jak s\u0142u\u017cy\u0142em Panu z ca\u0142\u0105 pokor\u0105 w\u015br\u00f3d \u0142ez i do\u015bwiadcze\u0144, kt\u00f3re mnie spotka\u0142y z powodu zasadzek \u017cydowskich. Jak nie uchyla\u0142em si\u0119 tch\u00f3rzliwie od<\/b><\/i><b> <\/b><i><b>niczego,<\/b><\/i><b> <\/b><i><b>co po\u017cyteczne, tak \u017ce przemawia\u0142em i naucza\u0142em was publicznie i po domach, nawo\u0142uj\u0105c zar\u00f3wno \u017byd\u00f3w, jak i Grek\u00f3w do nawr\u00f3cenia si\u0119 do Boga i do wiary w Pana naszego Jezusa.<\/b><\/i><b> <\/b>Co by\u015bmy powiedzieli o takiej przemowie? No, po prostu, <b>przechwala si\u0119,<\/b> czy\u017c nie? <\/span><\/span><\/span><\/p>\n<p align=\"justify\"><span style=\"color: #000000;\"><span style=\"font-family: Book Antiqua, serif;\"><span style=\"font-size: large;\">A w nast\u0119pnych zdaniach znowu s\u0142yszymy: <i><b>A teraz, naglony Duchem, udaj\u0119 si\u0119 do Jerozolimy; nie wiem, co mnie tam spotka opr\u00f3cz tego, \u017ce czekaj\u0105 mnie wi\u0119zy i utrapienia, o czym zapewnia mnie Duch \u015awi\u0119ty w ka\u017cdym mie\u015bcie. <\/b><\/i>A o tych jego s\u0142owach \u2013 co by\u015bmy powiedzieli? No, po prostu, <b>rozczula si\u0119 nad sob\u0105, <\/b> czy\u017c nie?<\/span><\/span><\/span><\/p>\n<p align=\"justify\"><span style=\"color: #000000;\"><span style=\"font-family: Book Antiqua, serif;\"><span style=\"font-size: large;\">S\u0142uchajmy zatem dalej: <i><b>Lecz ja zgo\u0142a nie ceni\u0119 sobie \u017cycia, bylebym tylko doko\u0144czy\u0142 biegu i pos\u0142ugiwania, kt\u00f3re otrzyma\u0142em od Pana Jezusa: bylebym da\u0142 \u015bwiadectwo o Ewangelii \u0142aski Bo\u017cej.<\/b><\/i><b> <\/b>A o tej cz\u0119\u015bci jego wyst\u0105pienia co by\u015bmy powiedzieli? No, po prostu, <b>zgrywa bohatera, <\/b>czy\u017c nie?<\/span><\/span><\/span><\/p>\n<p align=\"justify\"><span style=\"color: #000000;\"><span style=\"font-family: Book Antiqua, serif;\"><span style=\"font-size: large;\">I wreszcie: <i><b>Wiem teraz, \u017ce wy wszyscy, w\u015br\u00f3d kt\u00f3rych przeszed\u0142em g\u0142osz\u0105c kr\u00f3lestwo, ju\u017c mnie nie ujrzycie. Dlatego o\u015bwiadczam wam dzisiaj: Nie jestem winien niczyjej krwi, bo nie uchyla\u0142em si\u0119 tch\u00f3rzliwie od g\u0142oszenia wam ca\u0142ej woli Bo\u017cej.<\/b><\/i><b> <\/b>A o tych jego stwierdzeniach \u2013 co by\u015bmy powiedzieli? No, po prostu, <b>znowu eksponuje siebie<\/b> <b>i swoje zas\u0142ugi, <\/b>czy\u017c nie? A do tego <b>si\u0119<\/b> <b>najprawdopodobniej myli, <\/b>co komentatorzy biblijni, z jego w\u0142asnych s\u0142\u00f3w, wyprowadzaj\u0105 informacj\u0119, \u017ce <b>przynajmniej raz jeszcze pojawi\u0142 si\u0119 w tym miejscu<\/b> i spotka\u0142 ze tamtejszymi chrze\u015bcijanami. <\/span><\/span><\/span><\/p>\n<p align=\"justify\"><span style=\"color: #000000;\"><span style=\"font-family: Book Antiqua, serif;\"><span style=\"font-size: large;\">Jak zatem traktowa\u0107 ca\u0142\u0105 t\u0119 dzisiejsz\u0105 wypowied\u017a Aposto\u0142a? Czy <b>nie za du\u017co w tym wszystkim<\/b> owego: \u201eja\u201d, owego: \u201emoje\u201d; owego: \u201emnie\u201d?\u2026 Zw\u0142aszcza, \u017ce ta dzisiejsza wypowied\u017a nie jest jedyn\u0105 tego typu\u2026 Jak to rozumie\u0107? <\/span><\/span><\/span><\/p>\n<p align=\"justify\"><span style=\"color: #000000;\"><span style=\"font-family: Book Antiqua, serif;\"><span style=\"font-size: large;\">Z pewno\u015bci\u0105 nale\u017ca\u0142oby wychwyci\u0107 i przeczyta\u0107 <b>wszystkie takie <\/b><b>wypowiedzi<\/b><b> Aposto\u0142a, <\/b>a do tego przemy\u015ble\u0107 kontekst, w jakim zosta\u0142y wypowiedziane. A wtedy z pewno\u015bci\u0105 natrafiliby\u015bmy i na takie stwierdzenia Paw\u0142a, <b>\u017ce prze\u015bladowa\u0142 on Ko\u015bci\u00f3\u0142 Bo\u017cy <\/b>\u2013 i dobrze o tym pami\u0119ta, i wcale si\u0119 z tego nie wycofuje. I to w\u0142a\u015bnie z tego powodu <b>sam siebie raz nazwa\u0142 \u00abporonionym p\u0142odem\u00bb!<\/b> A\u017c tak! <\/span><\/span><\/span><\/p>\n<p align=\"justify\"><span style=\"color: #000000;\"><span style=\"font-family: Book Antiqua, serif;\"><span style=\"font-size: large;\">A znowu w innym miejscu czytamy, \u017ce jego w\u0142asne s\u0142abo\u015bci tak daj\u0105 mu si\u0119 we znaki \u2013 nie wiemy, co mia\u0142 na my\u015bli, pisz\u0105c, \u017ce <b>\u00abdany mu zosta\u0142 o\u015bcie\u0144 dla cia\u0142a, wys\u0142annik szatana, aby go policzkowa\u0142\u00bb <\/b>\u2013 \u017ce a\u017c prosi\u0142 Jezusa, <b>aby zwolni\u0142 go z jego misji<\/b>, bo nie da rady jej pe\u0142ni\u0107. Wtedy jednak us\u0142ysza\u0142: <i><b>Wystarczy ci Mojej \u0142aski, moc bowiem w s\u0142abo\u015bci si\u0119 doskonali. <\/b><\/i>Zatem, tak\u017ce i takie s\u0142owa pad\u0142y\u2026 Mo\u017cna tu m\u00f3wi\u0107 o przechwalaniu si\u0119?\u2026 <\/span><\/span><\/span><\/p>\n<p align=\"justify\"><span style=\"color: #000000;\"><span style=\"font-family: Book Antiqua, serif;\"><span style=\"font-size: large;\">Sp\u00f3jrzmy na te wszystkie Paw\u0142owe wypowiedzi o sobie w kontek\u015bcie s\u0142\u00f3w samego Jezusa, z dzisiejszej Ewangelii: <i><b>Otocz swego Syna chwa\u0142\u0105, aby Syn Ciebie ni\u0105 otoczy\u0142 i aby moc\u0105 w\u0142adzy udzielonej Mu przez Ciebie nad ka\u017cdym cz\u0142owiekiem da\u0142 \u017cycie wieczne wszystkim tym, kt\u00f3rych Mu da\u0142e\u015b. <\/b><\/i><\/span><\/span><\/span><\/p>\n<p align=\"justify\"><span style=\"color: #000000;\"><span style=\"font-family: Book Antiqua, serif;\"><span style=\"font-size: large;\">A tak\u017ce: <i><b>Ja Ciebie otoczy\u0142em chwa\u0142\u0105 na ziemi przez to, \u017ce wype\u0142ni\u0142em dzie\u0142o, kt\u00f3re Mi da\u0142e\u015b do wykonania. A teraz Ty, Ojcze, otocz Mnie u siebie t\u0105 chwa\u0142\u0105, kt\u00f3r\u0105 mia\u0142em u Ciebie pierwej, zanim \u015bwiat powsta\u0142. <\/b><\/i><\/span><\/span><\/span><\/p>\n<p align=\"justify\"><span style=\"color: #000000;\"><span style=\"font-family: Book Antiqua, serif;\"><span style=\"font-size: large;\">I wreszcie: <i><b>Ja za nimi prosz\u0119, nie prosz\u0119 za \u015bwiatem, ale za tymi, kt\u00f3rych Mi da\u0142e\u015b, poniewa\u017c s\u0105 Twoimi. Wszystko bowiem moje jest Twoje, a Twoje jest moje, i w nich zosta\u0142em otoczony chwa\u0142\u0105. <\/b><\/i><\/span><\/span><\/span><\/p>\n<p align=\"justify\"><span style=\"color: #000000;\"><span style=\"font-family: Book Antiqua, serif;\"><span style=\"font-size: large;\">Zauwa\u017cmy, \u017ce Jezus wypowiada\u0142 te s\u0142owa<b> bezpo\u015brednio przez M\u0119k\u0105 i \u015amierci\u0105 <\/b>\u2013 w czasie Ostatniej Wieczerzy \u2013 a wi\u0119c wiedz\u0105c, \u017ce czekaj\u0105 Go takie do\u015bwiadczenia, kt\u00f3re ze wszystkim mog\u0105 si\u0119 kojarzy\u0107, ale <b>nie ze wzrostem jakiejkolwiek chwa\u0142y!<\/b> Chyba, \u017ce prze\u015bladowcy przypisaliby sobie jak\u0105\u015b chwa\u0142\u0119 i poczucie zwyci\u0119stwa nad znienawidzonym Nauczycielem, kt\u00f3ry burzy\u0142 ich plany i zagra\u017ca\u0142 \u2013 w ich mniemaniu \u2013 ich pozycji. Oczywi\u015bcie, <b>mia\u0142o si\u0119 okaza\u0107, \u017ce to jednak On jest zwyci\u0119zc\u0105, <\/b>ale oni wtedy tego nie wiedzieli. Zatem, w tym momencie na jak\u0105kolwiek chwa\u0142\u0119, oddan\u0105 przez ludzi, Jezus nie m\u00f3g\u0142 liczy\u0107. <b>A <\/b><b>jednak<\/b><b> \u2013 w\u0142a\u015bnie o niej m\u00f3wi.<\/b> <\/span><\/span><\/span><\/p>\n<p align=\"justify\"><span style=\"color: #000000;\"><span style=\"font-family: Book Antiqua, serif;\"><span style=\"font-size: large;\">Ale \u2013 w\u0142a\u015bnie \u2013 o czym m\u00f3wi? <b>O chwale Bo\u017cej, kt\u00f3ra w Nim zaja\u015bnieje. <\/b>O tym, \u017ce Jego chwa\u0142a \u2013 to chwa\u0142a Jego Ojca. I \u017ce ta chwa\u0142a zaja\u015bnieje<b> tak\u017ce w Jego uczniach! <\/b>Tak\u017ce w ten spos\u00f3b, \u017ce kiedy ludzie b\u0119d\u0105 docenia\u0107 Jego Aposto\u0142\u00f3w i uczni\u00f3w, czy okazywa\u0107 im wdzi\u0119czno\u015b\u0107, to w ten spos\u00f3b \u2013 przede wszystkim \u2013 ow\u0105 wdzi\u0119czno\u015b\u0107 i chwa\u0142\u0119<b> b\u0119d\u0105 okazywa\u0107 samemu Jezusowi i Jego Ojcu.<\/b> <\/span><\/span><\/span><\/p>\n<p align=\"justify\"><span style=\"color: #000000;\"><span style=\"font-family: Book Antiqua, serif;\"><span style=\"font-size: large;\">I tak mo\u017cemy odbiera\u0107 te wszystkie rzekome \u201eprzechwa\u0142ki\u201d Aposto\u0142a Paw\u0142a, kt\u00f3re <b>w rzeczywisto\u015bci nie s\u0105 przechwa\u0142kami,<\/b> a szczerym i rzetelnym \u015bwiadectwem o jego \u017cyciu, o jego pos\u0142udze, o jego po\u015bwi\u0119ceniu i zaanga\u017cowaniu \u2013 <b>ale tak\u017ce o jego b\u0142\u0119dach, niedoci\u0105gni\u0119ciach, <\/b>a nawet bardzo powa\u017cnych grzechach i niegodziwo\u015bciach, jakich si\u0119 dopuszcza\u0142, szczeg\u00f3lnie kiedy jeszcze prze\u015bladowa\u0142 Ko\u015bci\u00f3\u0142. <\/span><\/span><\/span><\/p>\n<p align=\"justify\"><span style=\"color: #000000;\"><span style=\"font-family: Book Antiqua, serif;\"><span style=\"font-size: large;\">Bo Pawe\u0142 o tyle m\u00f3wi\u0142 o sobie i na siebie wskazywa\u0142 \u2013 zawsze, co wyra\u017anie podkre\u015blmy, <b>m\u00f3wi\u0105c prawd\u0119, dobr\u0105 lub z\u0142\u0105, ale prawd\u0119<\/b> \u2013 o ile by\u0142o to <b>cz\u0119\u015bci\u0105 jego nauczania, jego misji,<\/b> jego docierania do serc chrze\u015bcijan lub przysz\u0142ych chrze\u015bcijan. <\/span><\/span><\/span><\/p>\n<p align=\"justify\"><span style=\"color: #000000;\"><span style=\"font-family: Book Antiqua, serif;\"><span style=\"font-size: large;\">My te\u017c zapewne nieraz pos\u0142ugujemy si\u0119 tego typu argumentami \u2013 w\u0142a\u015bnie tymi, <b>opartymi na naszej w\u0142asnej postawie,<\/b> na naszym w\u0142asnym do\u015bwiadczeniu. Bo takie argumentys\u0105 najbardziej przekonuj\u0105ce. Bo chyba najlepiej powo\u0142a\u0107 si\u0119 <b>na to, co si\u0119 samemu prze\u017cy\u0142o, <\/b>czego si\u0119 samemu do\u015bwiadczy\u0142o \u2013 zar\u00f3wno \u201ena plus\u201d, jak i \u201ena minus\u201d. W\u0142asne do\u015bwiadczenie <b>zamyka usta przeciwnikom,<\/b> bo jak zaprzeczy\u0107 czemu\u015b, <b>co dany cz\u0142owiek sam prze\u017cy\u0142?<\/b> No, chyba, \u017ce nie prze\u017cy\u0142, a tylko ok\u0142amuje, ubarwia\u2026 Je\u017celi jednak m\u00f3wi szczerze, to <b>takie argumenty s\u0105 najmocniejsze<\/b> i najbardziej przekonuj\u0105ce! <\/span><\/span><\/span><\/p>\n<p align=\"justify\"><span style=\"color: #000000;\"><span style=\"font-family: Book Antiqua, serif;\"><span style=\"font-size: large;\">I w\u0142a\u015bnie Pawe\u0142 takich argument\u00f3w u\u017cywa\u0142 <b>do wzmocnienia swojego nauczania. <\/b>Nie po to \u2013 podkre\u015blmy to mocno \u2013 \u017ceby si\u0119 przechwala\u0107. On ju\u017c by\u0142 na tyle duchowo dojrza\u0142y, \u017ce takie puste przechwa\u0142ki, takie pr\u00f3\u017cne dogadzanie w\u0142asnemu mniemaniu o sobie, naprawd\u0119 <b>nie <\/b><b>mog\u0142o go jak<\/b><b>kolwiek<\/b><b> satysfakcjonowa\u0107. <\/b>On by\u0142 na to \u2013 w\u0142a\u015bnie \u2013 <b>duchowo zbyt dojrza\u0142y. <\/b>Natomiast w ten spos\u00f3b pokazywa\u0142 nam wszystkim, \u017ce <b>ca\u0142e swoje \u017cycie i ca\u0142ego siebie <\/b><b>oddaje <\/b><b>do dyspozycji Jezusa<\/b> i swojej misji apostolskiej.<\/span><\/span><\/span><\/p>\n<p align=\"justify\"><span style=\"color: #000000;\"><span style=\"font-family: Book Antiqua, serif;\"><span style=\"font-size: large;\">Czy ja mog\u0119 powiedzie\u0107 o sobie,<b> \u017ce tak\u017ce oddaj\u0119 swoje \u017cycie i ca\u0142ego siebie,<\/b> i swoje wszystkie talenty i umiej\u0119tno\u015bci; wszystko, co we mnie dobre i pozytywne \u2013 <b>do dyspozycji Jezusa, <\/b>dla pog\u0142\u0119bienia swojej wiary oraz <b>na <\/b><b>rzecz \u015bwiadectwa, dawanego wierze?<\/b> Pawe\u0142 \u2013 a wcze\u015bniej Jezus \u2013 tak w\u0142a\u015bnie czynili: wszystko, co m\u00f3wili i robili, <b>podporz\u0105dkowa<\/b><b>li swojej<\/b><b> \u017cyciowej misji,<\/b> oddali na s\u0142u\u017cb\u0119 tej misji? <\/span><\/span><\/span><\/p>\n<p align=\"justify\"><span style=\"color: #000000;\"><span style=\"font-family: Book Antiqua, serif;\"><span style=\"font-size: large;\">Czy <b>wszystko, co ja my\u015bl\u0119, m\u00f3wi\u0119 i robi\u0119 \u2013 s\u0142u\u017cy mojej wierze, <\/b>czy bardziej jej szkodzi? Czy potrafi\u0119 <b>szczerze m\u00f3wi\u0107 o swoich dobrych dokonaniach<\/b> \u2013 nie po to, aby si\u0119 chwali\u0107, ale aby odda\u0107 chwa\u0142\u0119 Bogu \u2013<b> ale i o swoich wadach, b\u0142\u0119dach, grzechach?<\/b> Czy mam odwag\u0119 zmierzy\u0107 si\u0119 z pe\u0142n\u0105 prawd\u0105 o sobie \u2013 i czy to jest <b>moje \u015bwiadectwo, dawane mojej wierze?\u2026 <\/b><\/span><\/span><\/span><\/p>\n<p align=\"justify\"><span style=\"color: #000000;\"><span style=\"font-family: Book Antiqua, serif;\"><span style=\"font-size: large;\">Tak, jak to by\u0142o w przypadku Patron\u00f3w dnia dzisiejszego, kt\u00f3rymi s\u0105 <b>Karol Lwang<\/b><b>a<\/b><b> i <\/b><b>jego <\/b><b>Towarzysz<\/b><b>e<\/b><b>, M\u0119czenni<\/b><b>cy<\/b><b> z Ugandy. <\/b>Co o nich wiemy? Co mo\u017cemy powiedzie\u0107 o ich historii?<\/span><\/span><\/span><\/p>\n<p align=\"justify\"><span style=\"color: #000000;\"><span style=\"font-family: Book Antiqua, serif;\"><span style=\"font-size: large;\">Ot\u00f3\u017c, p\u00f3\u0142nocna cz\u0119\u015b\u0107 kontynentu afryka\u0144skiego wydawa\u0142a wielu \u015awi\u0119tych do VIII wieku. Afryka Czarna, a wi\u0119c \u015arodkowa i Po\u0142udniowa, <b>zetkn\u0119\u0142a si\u0119 z Ko\u015bcio\u0142em dopiero w po\u0142owie XIX wieku.<\/b> Do Ugandy chrze\u015bcija\u0144stwo dotar\u0142o w latach siedemdziesi\u0105tych. W 1879 roku przybyli tam \u2013 jak ich nazwano \u2013 \u201ebiali ojcowie\u201d, a wi\u0119c <b>misjonarze z Europy, <\/b>kt\u00f3rzy spotkali si\u0119 z przychylno\u015bci\u0105 mieszka\u0144c\u00f3w. Jednak w kilka lat p\u00f3\u017aniej, razem z anglika\u0144skimi misjonarzami, byli zmuszeni przez kr\u00f3la Mtera do opuszczenia kraju. Kiedy po jego \u015bmierci wst\u0105pi\u0142 na tron Mwanga, <b>rozpocz\u0119\u0142o si\u0119 krwawe prze\u015bladowanie chrze\u015bcijan. <\/b><\/span><\/span><\/span><\/p>\n<p align=\"justify\"><span style=\"color: #000000;\"><span style=\"font-family: Book Antiqua, serif;\"><span style=\"font-size: large;\">Pierwsze prze\u015bladowanie dotkn\u0119\u0142o <b>misj\u0119 anglika\u0144sk\u0105.<\/b> W miejscowo\u015bci Natebe wbito na pale i \u017cywcem spalono trzech uczni\u00f3w szkockiego misjonarza, kt\u00f3ry uczy\u0142 Murzyn\u00f3w czyta\u0107, pisa\u0107 i wierzy\u0107. Z rozkazu kr\u00f3la zgin\u0105\u0142 nast\u0119pnie pierwszy anglika\u0144ski biskup. Wkr\u00f3tce ofiar\u0105 nienawi\u015bci padli tak\u017ce <b>neofici katoliccy \u2013 <\/b>w\u015br\u00f3d nich dworzanie kr\u00f3la.<\/span><\/span><\/span><\/p>\n<p align=\"justify\"><span style=\"color: #000000;\"><span style=\"font-family: Book Antiqua, serif;\"><span style=\"font-size: large;\">Przez wiele dni na uwi\u0119zionych wywierano wszelkiego rodzaju presje i naciski. W\u015br\u00f3d M\u0119czennik\u00f3w by\u0142o dw\u00f3ch ch\u0142opc\u00f3w, licz\u0105cych zaledwie dwana\u015bcie lat. <b>Dnia 3 czerwca 1886 roku zap\u0142on\u0105\u0142 stos.<\/b> Zawini\u0119tych w trzcinowe maty wyznawc\u00f3w Chrystusa kolejno wrzucano w p\u0142omienie. By\u0142o to w uroczysto\u015b\u0107 Wniebowst\u0105pienia Pa\u0144skiego. <\/span><\/span><\/span><\/p>\n<p align=\"justify\"><span style=\"color: #000000;\"><span style=\"font-family: Book Antiqua, serif;\"><span style=\"font-size: large;\">W\u015br\u00f3d M\u0119czennik\u00f3w spalono mi\u0119dzy innymi <b>Karola Lwanga \u2013 wodza jednego z plemion, prze\u0142o\u017conego kr\u00f3lewskich pazi\u00f3w.<\/b> Mia\u0142 dwadzie\u015bcia pi\u0119\u0107 lat. Cia\u0142o jego palono wolno na ogniu, zaczynaj\u0105c od st\u00f3p. <\/span><\/span><\/span><\/p>\n<p align=\"justify\"><span style=\"color: #000000;\"><span style=\"font-family: Book Antiqua, serif;\"><span style=\"font-size: large;\">Zgodnie z decyzj\u0105 Papie\u017ca Piusa XI z 1934 roku, \u015awi\u0119ty Karol Lwanga og\u0142oszony zosta\u0142 Patronem m\u0142odzie\u017cy i Akcji Katolickiej w Afryce. Zosta\u0142 wyr\u00f3\u017cniony spo\u015br\u00f3d innych dlatego, \u017ce nie tylko<b> z u\u015bmiechem poni\u00f3s\u0142 \u015bmier\u0107, ale zach\u0119ca\u0142 innych do wytrwania.<\/b> <\/span><\/span><\/span><\/p>\n<p align=\"justify\"><span style=\"color: #000000;\"><span style=\"font-family: Book Antiqua, serif;\"><span style=\"font-size: large;\">Wraz z nim zgin\u0119\u0142o <b>w ci\u0105gu tego jednego dnia, na tym samym miejscu, dwudziestu M\u0119czennik\u00f3w.<\/b> Dlatego dzie\u0144 3 czerwca Papie\u017c wyznaczy\u0142 na ich doroczne wspomnienie. W tym gronie bohaterskich obro\u0144c\u00f3w wiary znale\u017ali si\u0119 \u2013 mi\u0119dzy innymi \u2013 pierwszy minister kr\u00f3la, naczelnik kilku wiosek murzy\u0144skich, kapelmistrz kr\u00f3lewski\u2026 Szczeg\u00f3lne m\u0119ki zastosowano <b>wobec Macieja Kalemby, kt\u00f3ry by\u0142 s\u0119dzi\u0105 i namiestnikiem okr\u0119gu.<\/b> Mia\u0142 pi\u0119\u0107dziesi\u0105t lat. Doprawdy, a\u017c trudno tu opisywa\u0107, w jak okrutny i brutalny spos\u00f3b pastwiono si\u0119 nad nim, licz\u0105c, \u017ce wyrzeknie si\u0119 Chrystusa. <b>Ale \u2013 wszystko na pr\u00f3\u017cno!<\/b><\/span><\/span><\/span><\/p>\n<p align=\"justify\"><span style=\"color: #000000;\"><span style=\"font-family: Book Antiqua, serif;\"><span style=\"font-size: large;\">Krew m\u0119cze\u0144ska wylana w Ugandzie nie posz\u0142a na marne, ale u\u017cy\u017ani\u0142a czarn\u0105 gleb\u0119 afryka\u0144sk\u0105,<b> pomna\u017caj\u0105c zast\u0119py chrze\u015bcijan.<\/b> Karola Lwang\u0119 i jego Towarzyszy w roku 1920 beatyfikowa\u0142 Papie\u017c Benedykt XV, za\u015b <b>18 pa\u017adziernika 1964 roku, <\/b>w niedziel\u0119 misyjn\u0105,<b> Papie\u017c Pawe\u0142 VI <\/b>wyni\u00f3s\u0142 ich do chwa\u0142y \u015awi\u0119tych.<\/span><\/span><\/span><\/p>\n<p align=\"justify\"><span style=\"color: #000000;\"><span style=\"font-family: Book Antiqua, serif;\"><span style=\"font-size: large;\">A w trakcie Mszy \u015awi\u0119tej kanonizacyjnej, Ojciec \u015awi\u0119ty tak m\u00f3wi\u0142 w homilii: \u201eCi M\u0119czennicy z Afryki <b>dodaj\u0105 do ksi\u0119gi zwyci\u0119zc\u00f3w, to jest Martyrologium, <\/b>kart\u0119 opowiadaj\u0105c\u0105 o bolesnych i chwalebnych zarazem wydarzeniach. Zas\u0142uguje ona w pe\u0142ni, aby do\u0142\u0105czy\u0107 j\u0105 do owych wspania\u0142ych opowiada\u0144 staro\u017cytnej Afryki, o kt\u00f3rych my, ludzie nowo\u017cytni, <b>z nasz\u0105 ma\u0142\u0105 wiar\u0105<\/b> s\u0105dzili\u015bmy, \u017ce ju\u017c nigdy nie znajd\u0105 one sobie podobnych. [\u2026]<\/span><\/span><\/span><\/p>\n<p align=\"justify\"><span style=\"color: #000000;\"><span style=\"font-family: Book Antiqua, serif;\"><span style=\"font-size: large;\">Kt\u00f3\u017c m\u00f3g\u0142by przewidzie\u0107, i\u017c do wielkich M\u0119czennik\u00f3w i Wyznawc\u00f3w Afryki [\u2026] dodamy pewnego dnia tak bardzo nam drogich:<b> Karola Lwang\u0119, Macieja Mulumb\u0119 Kalemb\u0119 oraz ich Towarzyszy.<\/b> Pami\u0119ci godni s\u0105 te\u017c inni, nale\u017c\u0105cy do wyznania anglika\u0144skiego, kt\u00f3rzy ponie\u015bli \u015bmier\u0107 dla imienia Chrystusa. Ci M\u0119czennicy afryka\u0144scy <b>stanowi\u0105 pocz\u0105tek nowej epoki.<\/b> Oby si\u0119 nie zwr\u00f3ci\u0142a ku prze\u015bladowaniu i konfliktom religijnym, ale ku chrze\u015bcija\u0144skiej i spo\u0142ecznej odnowie. <\/span><\/span><\/span><\/p>\n<p align=\"justify\"><span style=\"color: #000000;\"><span style=\"font-family: Book Antiqua, serif;\"><span style=\"font-size: large;\">Oto bowiem Afryka, zroszona krwi\u0105 tych M\u0119czennik\u00f3w, pierwszych w nowo\u017cytnej epoce \u2013 oby B\u00f3g sprawi\u0142, by byli ostatnimi, skoro tak wspania\u0142a jest i cenna ich ofiara \u2013 <b>odradza si\u0119 jako wolna i niepodleg\u0142a.<\/b> Zbrodnia, jakiej dopuszczono si\u0119 na osobach \u015bwi\u0119tych, jest tak haniebna, a zarazem znamienna, i\u017c daje jasne i pewne podstawy dla moralnego <b>kszta\u0142towania si\u0119 nowego ludu, <\/b>dla budowania jego duchowej tradycji, dla symbolicznego jakby ukazania i przyspieszenia <b>przej\u015bcia z okresu kultury dawnej,<\/b> nie pozbawionej wprawdzie najlepszych walor\u00f3w ludzkich, ale s\u0142abej, ska\u017conej i jakby zniewolonej przez sam\u0105 siebie \u2013 do takiej kultury spo\u0142ecznej, kt\u00f3ra zmierza do <b>coraz bogatszych osi\u0105gni\u0119\u0107 ducha<\/b> i wy\u017cszych form \u017cycia spo\u0142ecznego.\u201d Tyle Papie\u017c Pawe\u0142 VI.<\/span><\/span><\/span><\/p>\n<p align=\"justify\"><span style=\"color: #000000;\"><span style=\"font-family: Book Antiqua, serif;\"><span style=\"font-size: large;\">A my, wpatrzeni w \u015bwietlany przyk\u0142ad \u015bwi\u0119to\u015bci M\u0119czennik\u00f3w z Ugandy, ale te\u017c zas\u0142uchani w Bo\u017ce s\u0142owo dzisiejszej liturgii, zastan\u00f3wmy si\u0119 raz jeszcze, <b>czy wszystko, co my\u015blimy, m\u00f3wimy i robimy \u2013 <\/b>jest \u015bwiadectwem naszej wiary?\u2026<\/span><\/span><\/span><\/p>\n","protected":false},"excerpt":{"rendered":"<p>Szcz\u0119\u015b\u0107 Bo\u017ce! Drodzy moi, Szcz\u0119\u015b\u0107 Bo\u017ce! Moi Drodzy, w dniu dzisiejszym imieniny prze\u017cywaj\u0105: \u25baOjciec Leszek Walendzik \u2013 Oblat, by\u0142y Superior Klasztoru w Kodniu; \u25baKsi\u0105dz Profesor Leszek Adamowicz z KUL \u2013 Recenzent mojego doktoratu; \u25baKap\u0142ani z naszej Diecezji: * Ksi\u0105dz Leszek Mu\u0107ka, * Ksi\u0105dz Leszek Ostas, * Ksi\u0105dz Leszek Borysiuk, * Ksi\u0105dz Leszek D\u0105browski, * Ksi\u0105dz [&hellip;]<\/p>\n","protected":false},"author":1,"featured_media":0,"comment_status":"open","ping_status":"open","sticky":false,"template":"","format":"standard","meta":{"jetpack_post_was_ever_published":false,"_jetpack_newsletter_access":"","_jetpack_dont_email_post_to_subs":false,"_jetpack_newsletter_tier_id":0,"_jetpack_memberships_contains_paywalled_content":false,"_jetpack_memberships_contains_paid_content":false,"footnotes":""},"categories":[1],"tags":[],"class_list":["post-23881","post","type-post","status-publish","format-standard","hentry","category-bez-kategorii"],"yoast_head":"<!-- This site is optimized with the Yoast SEO plugin v25.1 - https:\/\/yoast.com\/wordpress\/plugins\/seo\/ -->\n<title>Ja za nimi prosz\u0119! - Gaudium Et Spes<\/title>\n<meta name=\"robots\" content=\"index, follow, max-snippet:-1, max-image-preview:large, max-video-preview:-1\" \/>\n<link rel=\"canonical\" href=\"https:\/\/gaudiumetspes-blog.pl\/index.php\/2025\/06\/03\/ja-za-nimi-prosze-2\/\" \/>\n<meta property=\"og:locale\" content=\"pl_PL\" \/>\n<meta property=\"og:type\" content=\"article\" \/>\n<meta property=\"og:title\" content=\"Ja za nimi prosz\u0119! - Gaudium Et Spes\" \/>\n<meta property=\"og:description\" content=\"Szcz\u0119\u015b\u0107 Bo\u017ce! Drodzy moi, Szcz\u0119\u015b\u0107 Bo\u017ce! Moi Drodzy, w dniu dzisiejszym imieniny prze\u017cywaj\u0105: \u25baOjciec Leszek Walendzik \u2013 Oblat, by\u0142y Superior Klasztoru w Kodniu; \u25baKsi\u0105dz Profesor Leszek Adamowicz z KUL \u2013 Recenzent mojego doktoratu; \u25baKap\u0142ani z naszej Diecezji: * Ksi\u0105dz Leszek Mu\u0107ka, * Ksi\u0105dz Leszek Ostas, * Ksi\u0105dz Leszek Borysiuk, * Ksi\u0105dz Leszek D\u0105browski, * Ksi\u0105dz [&hellip;]\" \/>\n<meta property=\"og:url\" content=\"https:\/\/gaudiumetspes-blog.pl\/index.php\/2025\/06\/03\/ja-za-nimi-prosze-2\/\" \/>\n<meta property=\"og:site_name\" content=\"Gaudium Et Spes\" \/>\n<meta property=\"article:published_time\" content=\"2025-06-03T07:24:24+00:00\" \/>\n<meta name=\"author\" content=\"Ks. Jacek\" \/>\n<meta name=\"twitter:card\" content=\"summary_large_image\" \/>\n<meta name=\"twitter:label1\" content=\"Napisane przez\" \/>\n\t<meta name=\"twitter:data1\" content=\"Ks. Jacek\" \/>\n\t<meta name=\"twitter:label2\" content=\"Szacowany czas czytania\" \/>\n\t<meta name=\"twitter:data2\" content=\"15 minut\" \/>\n<script type=\"application\/ld+json\" class=\"yoast-schema-graph\">{\"@context\":\"https:\/\/schema.org\",\"@graph\":[{\"@type\":\"WebPage\",\"@id\":\"https:\/\/gaudiumetspes-blog.pl\/index.php\/2025\/06\/03\/ja-za-nimi-prosze-2\/\",\"url\":\"https:\/\/gaudiumetspes-blog.pl\/index.php\/2025\/06\/03\/ja-za-nimi-prosze-2\/\",\"name\":\"Ja za nimi prosz\u0119! - Gaudium Et Spes\",\"isPartOf\":{\"@id\":\"https:\/\/gaudiumetspes-blog.pl\/#website\"},\"datePublished\":\"2025-06-03T07:24:24+00:00\",\"author\":{\"@id\":\"https:\/\/gaudiumetspes-blog.pl\/#\/schema\/person\/1661982992b752dea8dff0d4ed845a65\"},\"breadcrumb\":{\"@id\":\"https:\/\/gaudiumetspes-blog.pl\/index.php\/2025\/06\/03\/ja-za-nimi-prosze-2\/#breadcrumb\"},\"inLanguage\":\"pl-PL\",\"potentialAction\":[{\"@type\":\"ReadAction\",\"target\":[\"https:\/\/gaudiumetspes-blog.pl\/index.php\/2025\/06\/03\/ja-za-nimi-prosze-2\/\"]}]},{\"@type\":\"BreadcrumbList\",\"@id\":\"https:\/\/gaudiumetspes-blog.pl\/index.php\/2025\/06\/03\/ja-za-nimi-prosze-2\/#breadcrumb\",\"itemListElement\":[{\"@type\":\"ListItem\",\"position\":1,\"name\":\"Strona g\u0142\u00f3wna\",\"item\":\"https:\/\/gaudiumetspes-blog.pl\/\"},{\"@type\":\"ListItem\",\"position\":2,\"name\":\"Ja za nimi prosz\u0119!\"}]},{\"@type\":\"WebSite\",\"@id\":\"https:\/\/gaudiumetspes-blog.pl\/#website\",\"url\":\"https:\/\/gaudiumetspes-blog.pl\/\",\"name\":\"Gaudium Et Spes\",\"description\":\"Blog Ks. Jacka Ja\u015bkowskiego\",\"potentialAction\":[{\"@type\":\"SearchAction\",\"target\":{\"@type\":\"EntryPoint\",\"urlTemplate\":\"https:\/\/gaudiumetspes-blog.pl\/?s={search_term_string}\"},\"query-input\":{\"@type\":\"PropertyValueSpecification\",\"valueRequired\":true,\"valueName\":\"search_term_string\"}}],\"inLanguage\":\"pl-PL\"},{\"@type\":\"Person\",\"@id\":\"https:\/\/gaudiumetspes-blog.pl\/#\/schema\/person\/1661982992b752dea8dff0d4ed845a65\",\"name\":\"Ks. Jacek\",\"image\":{\"@type\":\"ImageObject\",\"inLanguage\":\"pl-PL\",\"@id\":\"https:\/\/gaudiumetspes-blog.pl\/#\/schema\/person\/image\/\",\"url\":\"https:\/\/gaudiumetspes-blog.pl\/wp-content\/uploads\/2019\/07\/avatar-JJ-150x150.jpg\",\"contentUrl\":\"https:\/\/gaudiumetspes-blog.pl\/wp-content\/uploads\/2019\/07\/avatar-JJ-150x150.jpg\",\"caption\":\"Ks. Jacek\"},\"description\":\"Witam serdecznie! K\u0142ania si\u0119 Ks. Jacek Ja\u015bkowski. Nie jestem ani kim\u015b wa\u017cnym, ani kim\u015b znanym. Jestem ksi\u0119dzem, kt\u00f3ry po prostu chce rozmawia\u0107. Codzienna kap\u0142a\u0144ska pos\u0142uga pokazuje mi, \u017ce temat\u00f3w do rozm\u00f3w z ksi\u0119dzem jest coraz wi\u0119cej i dzisiaj \u017caden ksi\u0105dz nie mo\u017ce od nich ucieka\u0107, ale - wprost przeciwnie - podejmowa\u0107 nowe wyzwania. To przekonanie sk\u0142oni\u0142o mnie do pr\u00f3by otwarcia tego\u017c bloga, chocia\u017c okazji do rozm\u00f3w na co dzie\u0144 - w konfesjonale i poza nim - na szcz\u0119\u015bcie nie brakuje. My\u015bl\u0119 jednak, \u017ce ten blog b\u0119dzie jeszcze jednym sposobem i przestrzeni\u0105 nawi\u0105zania kontaktu z lud\u017ami dobrej woli, otwartymi na dialog.\",\"url\":\"https:\/\/gaudiumetspes-blog.pl\/index.php\/author\/ks-jacek\/\"}]}<\/script>\n<!-- \/ Yoast SEO plugin. -->","yoast_head_json":{"title":"Ja za nimi prosz\u0119! - Gaudium Et Spes","robots":{"index":"index","follow":"follow","max-snippet":"max-snippet:-1","max-image-preview":"max-image-preview:large","max-video-preview":"max-video-preview:-1"},"canonical":"https:\/\/gaudiumetspes-blog.pl\/index.php\/2025\/06\/03\/ja-za-nimi-prosze-2\/","og_locale":"pl_PL","og_type":"article","og_title":"Ja za nimi prosz\u0119! - Gaudium Et Spes","og_description":"Szcz\u0119\u015b\u0107 Bo\u017ce! Drodzy moi, Szcz\u0119\u015b\u0107 Bo\u017ce! Moi Drodzy, w dniu dzisiejszym imieniny prze\u017cywaj\u0105: \u25baOjciec Leszek Walendzik \u2013 Oblat, by\u0142y Superior Klasztoru w Kodniu; \u25baKsi\u0105dz Profesor Leszek Adamowicz z KUL \u2013 Recenzent mojego doktoratu; \u25baKap\u0142ani z naszej Diecezji: * Ksi\u0105dz Leszek Mu\u0107ka, * Ksi\u0105dz Leszek Ostas, * Ksi\u0105dz Leszek Borysiuk, * Ksi\u0105dz Leszek D\u0105browski, * Ksi\u0105dz [&hellip;]","og_url":"https:\/\/gaudiumetspes-blog.pl\/index.php\/2025\/06\/03\/ja-za-nimi-prosze-2\/","og_site_name":"Gaudium Et Spes","article_published_time":"2025-06-03T07:24:24+00:00","author":"Ks. Jacek","twitter_card":"summary_large_image","twitter_misc":{"Napisane przez":"Ks. Jacek","Szacowany czas czytania":"15 minut"},"schema":{"@context":"https:\/\/schema.org","@graph":[{"@type":"WebPage","@id":"https:\/\/gaudiumetspes-blog.pl\/index.php\/2025\/06\/03\/ja-za-nimi-prosze-2\/","url":"https:\/\/gaudiumetspes-blog.pl\/index.php\/2025\/06\/03\/ja-za-nimi-prosze-2\/","name":"Ja za nimi prosz\u0119! - Gaudium Et Spes","isPartOf":{"@id":"https:\/\/gaudiumetspes-blog.pl\/#website"},"datePublished":"2025-06-03T07:24:24+00:00","author":{"@id":"https:\/\/gaudiumetspes-blog.pl\/#\/schema\/person\/1661982992b752dea8dff0d4ed845a65"},"breadcrumb":{"@id":"https:\/\/gaudiumetspes-blog.pl\/index.php\/2025\/06\/03\/ja-za-nimi-prosze-2\/#breadcrumb"},"inLanguage":"pl-PL","potentialAction":[{"@type":"ReadAction","target":["https:\/\/gaudiumetspes-blog.pl\/index.php\/2025\/06\/03\/ja-za-nimi-prosze-2\/"]}]},{"@type":"BreadcrumbList","@id":"https:\/\/gaudiumetspes-blog.pl\/index.php\/2025\/06\/03\/ja-za-nimi-prosze-2\/#breadcrumb","itemListElement":[{"@type":"ListItem","position":1,"name":"Strona g\u0142\u00f3wna","item":"https:\/\/gaudiumetspes-blog.pl\/"},{"@type":"ListItem","position":2,"name":"Ja za nimi prosz\u0119!"}]},{"@type":"WebSite","@id":"https:\/\/gaudiumetspes-blog.pl\/#website","url":"https:\/\/gaudiumetspes-blog.pl\/","name":"Gaudium Et Spes","description":"Blog Ks. Jacka Ja\u015bkowskiego","potentialAction":[{"@type":"SearchAction","target":{"@type":"EntryPoint","urlTemplate":"https:\/\/gaudiumetspes-blog.pl\/?s={search_term_string}"},"query-input":{"@type":"PropertyValueSpecification","valueRequired":true,"valueName":"search_term_string"}}],"inLanguage":"pl-PL"},{"@type":"Person","@id":"https:\/\/gaudiumetspes-blog.pl\/#\/schema\/person\/1661982992b752dea8dff0d4ed845a65","name":"Ks. Jacek","image":{"@type":"ImageObject","inLanguage":"pl-PL","@id":"https:\/\/gaudiumetspes-blog.pl\/#\/schema\/person\/image\/","url":"https:\/\/gaudiumetspes-blog.pl\/wp-content\/uploads\/2019\/07\/avatar-JJ-150x150.jpg","contentUrl":"https:\/\/gaudiumetspes-blog.pl\/wp-content\/uploads\/2019\/07\/avatar-JJ-150x150.jpg","caption":"Ks. Jacek"},"description":"Witam serdecznie! K\u0142ania si\u0119 Ks. Jacek Ja\u015bkowski. Nie jestem ani kim\u015b wa\u017cnym, ani kim\u015b znanym. Jestem ksi\u0119dzem, kt\u00f3ry po prostu chce rozmawia\u0107. Codzienna kap\u0142a\u0144ska pos\u0142uga pokazuje mi, \u017ce temat\u00f3w do rozm\u00f3w z ksi\u0119dzem jest coraz wi\u0119cej i dzisiaj \u017caden ksi\u0105dz nie mo\u017ce od nich ucieka\u0107, ale - wprost przeciwnie - podejmowa\u0107 nowe wyzwania. To przekonanie sk\u0142oni\u0142o mnie do pr\u00f3by otwarcia tego\u017c bloga, chocia\u017c okazji do rozm\u00f3w na co dzie\u0144 - w konfesjonale i poza nim - na szcz\u0119\u015bcie nie brakuje. My\u015bl\u0119 jednak, \u017ce ten blog b\u0119dzie jeszcze jednym sposobem i przestrzeni\u0105 nawi\u0105zania kontaktu z lud\u017ami dobrej woli, otwartymi na dialog.","url":"https:\/\/gaudiumetspes-blog.pl\/index.php\/author\/ks-jacek\/"}]}},"jetpack_featured_media_url":"","jetpack_sharing_enabled":true,"_links":{"self":[{"href":"https:\/\/gaudiumetspes-blog.pl\/index.php\/wp-json\/wp\/v2\/posts\/23881","targetHints":{"allow":["GET"]}}],"collection":[{"href":"https:\/\/gaudiumetspes-blog.pl\/index.php\/wp-json\/wp\/v2\/posts"}],"about":[{"href":"https:\/\/gaudiumetspes-blog.pl\/index.php\/wp-json\/wp\/v2\/types\/post"}],"author":[{"embeddable":true,"href":"https:\/\/gaudiumetspes-blog.pl\/index.php\/wp-json\/wp\/v2\/users\/1"}],"replies":[{"embeddable":true,"href":"https:\/\/gaudiumetspes-blog.pl\/index.php\/wp-json\/wp\/v2\/comments?post=23881"}],"version-history":[{"count":1,"href":"https:\/\/gaudiumetspes-blog.pl\/index.php\/wp-json\/wp\/v2\/posts\/23881\/revisions"}],"predecessor-version":[{"id":23882,"href":"https:\/\/gaudiumetspes-blog.pl\/index.php\/wp-json\/wp\/v2\/posts\/23881\/revisions\/23882"}],"wp:attachment":[{"href":"https:\/\/gaudiumetspes-blog.pl\/index.php\/wp-json\/wp\/v2\/media?parent=23881"}],"wp:term":[{"taxonomy":"category","embeddable":true,"href":"https:\/\/gaudiumetspes-blog.pl\/index.php\/wp-json\/wp\/v2\/categories?post=23881"},{"taxonomy":"post_tag","embeddable":true,"href":"https:\/\/gaudiumetspes-blog.pl\/index.php\/wp-json\/wp\/v2\/tags?post=23881"}],"curies":[{"name":"wp","href":"https:\/\/api.w.org\/{rel}","templated":true}]}}