{"id":23883,"date":"2025-06-04T11:34:50","date_gmt":"2025-06-04T09:34:50","guid":{"rendered":"https:\/\/gaudiumetspes-blog.pl\/?p=23883"},"modified":"2025-06-04T11:34:50","modified_gmt":"2025-06-04T09:34:50","slug":"oni-nie-sa-ze-swiata","status":"publish","type":"post","link":"https:\/\/gaudiumetspes-blog.pl\/index.php\/2025\/06\/04\/oni-nie-sa-ze-swiata\/","title":{"rendered":"Oni nie s\u0105 ze \u015bwiata!"},"content":{"rendered":"<p align=\"justify\"><span style=\"color: #000000;\"><span style=\"font-family: Book Antiqua, serif;\"><span style=\"font-size: large;\">Szcz\u0119\u015b\u0107 Bo\u017ce! Moi Drodzy, w dniu dzisiejszym<b> imieniny prze\u017cywaj\u0105:<\/b><\/span><\/span><\/span><\/p>\n<p align=\"justify\"><span style=\"color: #000000;\">\u25ba<span style=\"font-family: Book Antiqua, serif;\"><span style=\"font-size: large;\"><b>Karol Pawluczuk \u2013 Lektor z mojej rodzinnej Parafii, Wicelider FORMACJI \u00abSPE SALVI\u00bb, Cz\u0142owiek bardzo mi bliski, a jednocze\u015bnie bardzo g\u0142\u0119boko \u017cyj\u0105cy wiar\u0105 i \u015bwiadcz\u0105cy o niej ka\u017cdego dnia;<\/b><\/span><\/span><\/span><\/p>\n<p align=\"justify\"><span style=\"color: #000000;\">\u25ba<span style=\"font-family: Book Antiqua, serif;\"><span style=\"font-size: large;\"><b>Karol Bisek \u2013 Szef Wsp\u00f3lnoty m\u0142odzie\u017cowej w Serokomli, z kt\u00f3r\u0105 mia\u0142em przyjemno\u015b\u0107 wsp\u00f3\u0142pracowa\u0107 w pierwszym roku moich studi\u00f3w doktoranckich na KUL;<\/b><\/span><\/span><\/span><\/p>\n<p align=\"justify\"><span style=\"color: #000000;\">\u25ba<span style=\"font-family: Book Antiqua, serif;\"><span style=\"font-size: large;\"><b>Karol Kulikowski \u2013 za moich czas\u00f3w: Lektor w Parafii w Radory\u017cu Ko\u015bcielnym.<\/b><\/span><\/span><\/span><\/p>\n<p align=\"justify\"><span style=\"color: #000000;\"><span style=\"font-family: Book Antiqua, serif;\"><span style=\"font-size: large;\"><b>Urodziny z kolei prze\u017cywa dzisiaj Ma\u0142gorzata Osypiuk \u2013 nale\u017c\u0105ca w swoim czasie do jednej z m\u0142odzie\u017cowych Wsp\u00f3lnot.<\/b><\/span><\/span><\/span><\/p>\n<p align=\"justify\"><span style=\"color: #000000;\"><span style=\"font-family: Book Antiqua, serif;\"><span style=\"font-size: large;\"><b>Wszystkim \u015bwi\u0119tuj\u0105cym \u017cycz\u0119, aby ka\u017cdego dnia budowali jak najmocniejsz\u0105 relacj\u0119 z Jezusem \u2013 o czym wi\u0119cej w rozwa\u017caniu. Zapewniam o modlitwie! <\/b><\/span><\/span><\/span><\/p>\n<p align=\"justify\"><span style=\"color: #000000;\"><span style=\"font-family: Book Antiqua, serif;\"><span style=\"font-size: large;\">A oto u mnie dzisiaj \u2013 dy\u017cur duszpasterski w gmachu przy 3 Maja. Ale od rana du\u017co si\u0119 dzieje. Najpierw odwiedziny Ksi\u0119dza Bogus\u0142awa Filipiuka, mojego Kolegi z Roku \u015awi\u0119ce\u0144, Wicedziekana naszego Roku, i kr\u00f3tka, ale bardzo dobra rozmowa. Bardzo dzi\u0119kuj\u0119 za te odwiedziny! <\/span><\/span><\/span><\/p>\n<p align=\"justify\"><span style=\"color: #000000;\"><span style=\"font-family: Book Antiqua, serif;\"><span style=\"font-size: large;\">Potem, ju\u017c na dy\u017curze, spotkanie ze Studentk\u0105 Julk\u0105 \u2013 i znowu: bardzo dobra, chocia\u017c kr\u00f3tka rozmowa, bo Julka pobieg\u0142a na zaj\u0119cia. Bardzo i za to dzi\u0119kuj\u0119! A wczoraj w nocy \u2013 bardzo intensywna wymiana zda\u0144 na naszej grupie, w FORMACJI \u00abSPE SALVI\u00bb. Dzisiaj, jak w ka\u017cd\u0105 \u015brod\u0119, \u0142\u0105czenie naszej FORMACJI \u201ena \u017cywo\u201d, o 21:30.<\/span><\/span><\/span><\/p>\n<p align=\"justify\"><span style=\"color: #000000;\"><span style=\"font-family: Book Antiqua, serif;\"><span style=\"font-size: large;\">Przedtem jednak \u2013 ju\u017c po dy\u017curze, o 17:00 \u2013 spotkanie grupy studenckiej BANDA \u00abCZARNEGO\u00bb, a o 19:00 Msza \u015awi\u0119ta w intencji \u015arodowiska Akademickiego, Duszpasterstwa Akademickiego i M\u0142odzie\u017cy w Ko\u015bciele. Po niej wystawienie Naj\u015bwi\u0119tszego Sakramentu, nabo\u017ce\u0144stwo czerwcowe i adoracja w ciszy do godziny 21:00. Jakby co \u2013 to zapraszam! Przynajmniej do duchowej \u0142\u0105czno\u015bci. Ale mo\u017ce kto\u015b przyb\u0119dzie do nas?\u2026 <\/span><\/span><\/span><\/p>\n<p align=\"justify\"><span style=\"color: #000000;\"><span style=\"font-family: Book Antiqua, serif;\"><span style=\"font-size: large;\">Przepraszam za p\u00f3\u017ane zamieszczenie s\u0142\u00f3wka, ale tak jako\u015b zaanga\u017cowa\u0142em si\u0119 w te dzisiejsze poranne spotkania i rozmowy, \u017ce nie mog\u0142em zebra\u0107 my\u015bli. Ale ju\u017c zebra\u0142em.<\/span><\/span><\/span><\/p>\n<p align=\"justify\"><span style=\"color: #000000;\"><span style=\"font-family: Book Antiqua, serif;\"><span style=\"font-size: large;\">Zatem, zapraszam do pochylenia si\u0119 nad Bo\u017cym s\u0142owem, jakie Pan do nas kieruje. Oto s\u0142\u00f3wko Ksi\u0119dza Marka na dzi\u015b:<\/span><\/span><\/span><\/p>\n<p align=\"justify\"><span style=\"color: #000000;\"><span style=\"font-family: Book Antiqua, serif;\"><span style=\"font-size: medium;\"><a href=\"https:\/\/www.youtube.com\/c\/CatholicSurgut\"><span style=\"font-size: large;\"><span lang=\"zxx\"><u><b>https:\/\/www.youtube.com\/c\/CatholicSurgut<\/b><\/u><\/span><\/span><\/a><\/span><\/span><\/span><\/p>\n<p align=\"justify\"><span style=\"color: #000000;\"><span style=\"font-family: Book Antiqua, serif;\"><span style=\"font-size: large;\"><span lang=\"zxx\">Zatem, <\/span><span lang=\"zxx\"><b>z<\/b><\/span><span lang=\"zxx\"><b> jakim konkretnie przes\u0142aniem zwraca si\u0119 <\/b><\/span><span lang=\"zxx\"><b>dzi\u015b <\/b><\/span><span lang=\"zxx\"><b>do mnie <\/b><\/span><span lang=\"zxx\"><b>Pan<\/b><\/span><span lang=\"zxx\"><b>?<\/b><\/span><span lang=\"zxx\"> Duchu \u015awi\u0119ty, rozja\u015bnij umys\u0142 i serce!<\/span><\/span><\/span><\/span><\/p>\n<p align=\"justify\"><span style=\"color: #000000;\"><span style=\"font-family: Book Antiqua, serif;\"><span style=\"font-size: large;\"><b>Niech Was b\u0142ogos\u0142awi B\u00f3g Wszechmog\u0105cy: Ojciec + i Syn, i Duch \u015awi\u0119ty. Amen<\/b><\/span><\/span><\/span><\/p>\n<p align=\"center\"><span style=\"color: #000000;\"><span style=\"font-family: Book Antiqua, serif;\"><span style=\"font-size: large;\">Gaudium et spes! Ks. Jacek<\/span><\/span><\/span><\/p>\n<p align=\"center\">\n<p align=\"center\">\n<p align=\"center\">\n<p align=\"center\">\n<p align=\"center\">\n<p align=\"justify\"><span style=\"color: #000000;\"><span style=\"font-family: Book Antiqua, serif;\"><span style=\"font-size: large;\"><b>\u015aroda 7 Tygodnia Wielkanocnego,<\/b><\/span><\/span><\/span><\/p>\n<p align=\"justify\"><span style=\"color: #000000;\"><span style=\"font-family: Book Antiqua, serif;\"><span style=\"font-size: large;\"><b>4 czerwca 2025.,\u00a0<\/b><\/span><\/span><\/span><\/p>\n<p align=\"justify\"><span style=\"color: #000000;\"><span style=\"font-family: Book Antiqua, serif;\"><span style=\"font-size: large;\"><b>do czyta\u0144: Dz 20,28\u201338; J 17,11b\u201319<\/b><\/span><\/span><\/span><\/p>\n<p align=\"justify\">\n<p align=\"justify\">\n<p align=\"justify\">\n<p align=\"justify\">\n<p align=\"justify\">\n<p align=\"justify\"><span style=\"color: #000000;\"><span style=\"font-family: Book Antiqua, serif;\"><span style=\"font-size: large;\"><b>CZYTANIE Z DZIEJ\u00d3W APOSTOLSKICH:<\/b><\/span><\/span><\/span><\/p>\n<p align=\"justify\"><span style=\"color: #000000;\"><span style=\"font-family: Book Antiqua, serif;\"><span style=\"font-size: large;\"><b>Pawe\u0142 powiedzia\u0142 do starszych Ko\u015bcio\u0142a efeskiego: \u201eUwa\u017cajcie na samych siebie i na ca\u0142\u0105 trzod\u0119, nad kt\u00f3r\u0105 Duch \u015awi\u0119ty ustanowi\u0142 was biskupami, aby\u015bcie kierowali Ko\u015bcio\u0142em Boga, kt\u00f3ry On naby\u0142 w\u0142asn\u0105 krwi\u0105. Wiem, \u017ce po moim odej\u015bciu wejd\u0105 mi\u0119dzy was wilki drapie\u017cne, nie oszcz\u0119dzaj\u0105c trzody. Tak\u017ce spo\u015br\u00f3d was samych powstan\u0105 ludzie, kt\u00f3rzy g\u0142osi\u0107 b\u0119d\u0105 przewrotne nauki, aby poci\u0105gn\u0105\u0107 za sob\u0105 uczni\u00f3w. <\/b><\/span><\/span><\/span><\/p>\n<p align=\"justify\"><span style=\"color: #000000;\"><span style=\"font-family: Book Antiqua, serif;\"><span style=\"font-size: large;\"><b>Dlatego czuwajcie, pami\u0119taj\u0105c, \u017ce przez trzy lata we dnie i w nocy nie przestawa\u0142em ze \u0142zami upomina\u0107 ka\u017cdego z was. A teraz polecam was Bogu i s\u0142owu Jego \u0142aski w\u0142adnemu zbudowa\u0107 i da\u0107 dziedzictwo z wszystkimi \u015bwi\u0119tymi. <\/b><\/span><\/span><\/span><\/p>\n<p align=\"justify\"><span style=\"color: #000000;\"><span style=\"font-family: Book Antiqua, serif;\"><span style=\"font-size: large;\"><b>Nie po\u017c\u0105da\u0142em srebra ani z\u0142ota, ani szaty niczyjej. Sami wiecie, \u017ce te r\u0119ce zarabia\u0142y na potrzeby moje i moich towarzyszy. We wszystkim pokaza\u0142em wam, \u017ce tak pracuj\u0105c trzeba wspiera\u0107 s\u0142abych i pami\u0119ta\u0107 o s\u0142owach Pana Jezusa, kt\u00f3ry powiedzia\u0142: \u00abWi\u0119cej szcz\u0119\u015bcia jest w dawaniu ani\u017celi w braniu\u00bb\u201d. <\/b><\/span><\/span><\/span><\/p>\n<p align=\"justify\"><span style=\"color: #000000;\"><span style=\"font-family: Book Antiqua, serif;\"><span style=\"font-size: large;\"><b>Po tych s\u0142owach upad\u0142 na kolana i modli\u0142 si\u0119 razem ze wszystkimi. Wtedy wszyscy wybuchn\u0119li wielkim p\u0142aczem. Rzucali si\u0119 Paw\u0142owi na szyj\u0119 i ca\u0142owali go, smuc\u0105c si\u0119 najbardziej z tego, co powiedzia\u0142: \u017ce ju\u017c nigdy go nie zobacz\u0105. Potem odprowadzili go na statek.<\/b><\/span><\/span><\/span><\/p>\n<p align=\"justify\">\n<p align=\"justify\">\n<p align=\"justify\">\n<p align=\"justify\">\n<p align=\"justify\">\n<p align=\"justify\"><span style=\"color: #000000;\"><span style=\"font-family: Book Antiqua, serif;\"><span style=\"font-size: large;\"><b>S\u0141OWA EWANGELII WED\u0141UG \u015aWI\u0118TEGO JANA: <\/b><\/span><\/span><\/span><\/p>\n<p align=\"justify\"><span style=\"color: #000000;\"><span style=\"font-family: Book Antiqua, serif;\"><span style=\"font-size: large;\"><b>W czasie ostatniej wieczerzy Jezus podni\u00f3s\u0142szy oczy ku niebu, modli\u0142 si\u0119 tymi s\u0142owami: <\/b><\/span><\/span><\/span><\/p>\n<p align=\"justify\"><span style=\"color: #000000;\">\u201e<span style=\"font-family: Book Antiqua, serif;\"><span style=\"font-size: large;\"><b>Ojcze \u015awi\u0119ty, zachowaj ich w Twoim imieniu, kt\u00f3re Mi da\u0142e\u015b, aby tak jak My stanowili jedno. Dop\u00f3ki z nimi by\u0142em, zachowywa\u0142em ich w Twoim imieniu, kt\u00f3re Mi da\u0142e\u015b, i ustrzeg\u0142em ich, a nikt z nich nie zgin\u0105\u0142 z wyj\u0105tkiem syna zatracenia, aby si\u0119 spe\u0142ni\u0142o Pismo. <\/b><\/span><\/span><\/span><\/p>\n<p align=\"justify\"><span style=\"color: #000000;\"><span style=\"font-family: Book Antiqua, serif;\"><span style=\"font-size: large;\"><b>Ale teraz id\u0119 do Ciebie i tak m\u00f3wi\u0119, b\u0119d\u0105c jeszcze na \u015bwiecie, aby moj\u0105 rado\u015b\u0107 mieli w sobie w ca\u0142ej pe\u0142ni. Ja im przekaza\u0142em Twoje s\u0142owo, a \u015bwiat ich znienawidzi\u0142 za to, \u017ce nie s\u0105 ze \u015bwiata, jak i Ja nie jestem ze \u015bwiata. Nie pragn\u0119, aby\u015b ich zabra\u0142 ze \u015bwiata, ale by\u015b ich ustrzeg\u0142 od z\u0142ego. Oni nie s\u0105 ze \u015bwiata, jak i Ja nie jestem ze \u015bwiata. <\/b><\/span><\/span><\/span><\/p>\n<p align=\"justify\"><span style=\"color: #000000;\"><span style=\"font-family: Book Antiqua, serif;\"><span style=\"font-size: large;\"><b>U\u015bwi\u0119\u0107 ich w prawdzie. S\u0142owo Twoje jest prawd\u0105. Jak Ty Mnie pos\u0142a\u0142e\u015b na \u015bwiat, tak i Ja ich na \u015bwiat pos\u0142a\u0142em. A za nich Ja po\u015bwi\u0119cam w ofierze samego siebie, aby i oni byli u\u015bwi\u0119ceni w prawdzie\u201d.<\/b><\/span><\/span><\/span><\/p>\n<p align=\"justify\">\n<p align=\"justify\">\n<p align=\"justify\">\n<p align=\"justify\">\n<p align=\"justify\">\n<p align=\"justify\"><span style=\"color: #000000;\"><span style=\"font-family: Book Antiqua, serif;\"><span style=\"font-size: large;\">Ci\u0105gle, ale to naprawd\u0119 ci\u0105gle musimy my wszyscy, cz\u0142onkowie Ko\u015bcio\u0142a Chrystusowego \u2013 tak duchowni, jak i \u015bwieccy \u2013 pami\u0119ta\u0107 o tych s\u0142owach, kt\u00f3re dzisiaj Pawe\u0142 skierowa\u0142 do Pasterzy m\u0142odego Ko\u015bcio\u0142a: <i><b>Uwa\u017cajcie na samych siebie i na ca\u0142\u0105 trzod\u0119, nad kt\u00f3r\u0105 Duch \u015awi\u0119ty ustanowi\u0142 was biskupami, aby\u015bcie kierowali Ko\u015bcio\u0142em Boga, kt\u00f3ry On naby\u0142 w\u0142asn\u0105 krwi\u0105. <\/b><\/i><\/span><\/span><\/span><\/p>\n<p align=\"justify\"><span style=\"color: #000000;\"><span style=\"font-family: Book Antiqua, serif;\"><span style=\"font-size: large;\">S\u0142owa te \u2013 w sensie \u015bcis\u0142ym \u2013 skierowane s\u0105 do owych Pasterzy w\u0142a\u015bnie, ale w sensie szerokim u\u015bwiadamiaj\u0105 wszystkim wiernym Ko\u015bcio\u0142a, \u017ce <b>Ko\u015bci\u00f3\u0142 ten jest w\u0142asno\u015bci\u0105 Chrystusa, \u017ce to On jest Jego G\u0142ow\u0105,<\/b> bo On za t\u0119 Wsp\u00f3lnot\u0119, za t\u0119 Rzeczywisto\u015b\u0107, zap\u0142aci\u0142 cen\u0119 najwy\u017csz\u0105! On go \u2013 jak si\u0119 dzi\u015b wyrazi\u0142 Pawe\u0142 \u2013 <i><b>naby\u0142 w\u0142asn\u0105 krwi\u0105. <\/b><\/i>Dlatego nikt, ale to naprawd\u0119 nikt \u2013 od Papie\u017ca pocz\u0105wszy \u2013 nie mo\u017ce tego\u017c Ko\u015bcio\u0142a <b>traktowa\u0107 jak swoj\u0105 w\u0142asno\u015b\u0107, jak sw\u00f3j prywatny folwark,<\/b> na kt\u00f3rym mo\u017ce sobie eksperymentowa\u0107, albo prowadzi\u0107 w\u0142asn\u0105 aktywno\u015b\u0107, <b>kieruj\u0105c si\u0119 jakim\u015b widzimisi\u0119<\/b> czy w\u0142asnymi odczuciami, dotycz\u0105cymi przesz\u0142o\u015bci lub przysz\u0142o\u015bci, czy sytuacji aktualnej. <\/span><\/span><\/span><\/p>\n<p align=\"justify\"><span style=\"color: #000000;\"><span style=\"font-family: Book Antiqua, serif;\"><span style=\"font-size: large;\">Przyznaj\u0119, \u017ce osobi\u015bcie nie mog\u0119 ju\u017c s\u0142ucha\u0107 stwierdze\u0144, \u017ce kiedy przychodzi nowy Papie\u017c, <b>to on teraz \u201eodmieni oblicze Ko\u015bcio\u0142a\u201d.<\/b> Albo kiedy o zmianach, wprowadzonych przez tego czy innego Papie\u017ca, <b>m\u00f3wi si\u0119, \u017ce one s\u0105 \u201eju\u017c nieodwracalne\u201d.<\/b> Albo kiedy m\u00f3wi si\u0119, \u017ce Ko\u015bcio\u0142owi dzisiejszemu to potrzebne jest to, czy tamto, albo \u017ce powinien p\u00f3j\u015b\u0107 drog\u0105 tak\u0105, czy inn\u0105, bo przecie\u017c <b>wszelkiej ma\u015bci eksperci najlepiej wiedz\u0105, <\/b>co jest potrzebne dzisiejszemu Ko\u015bcio\u0142owi i jak\u0105 powinien p\u00f3j\u015b\u0107 drog\u0105. <\/span><\/span><\/span><\/p>\n<p align=\"justify\"><span style=\"color: #000000;\"><span style=\"font-family: Book Antiqua, serif;\"><span style=\"font-size: large;\">I c\u00f3\u017c z tego, \u017ce ludzie ci <b>nie maj\u0105 najcz\u0119\u015bciej nic wsp\u00f3lnego z Ko\u015bcio\u0142em, <\/b>bo nie uczestnicz\u0105 w jego \u017cyciu, <b>nie uczestnicz\u0105 we Mszy \u015awi\u0119tej, <\/b>nie spowiadaj\u0105 si\u0119 i nie przyst\u0119puj\u0105 do Komunii \u015awi\u0119tej, lekcewa\u017c\u0105 te\u017c inne Sakramenty. Nauka Pisma \u015awi\u0119tego i wyprowadzona z niej \u2013 i w pe\u0142ni z ni\u0105 uzgodniona \u2013 nauka Ko\u015bcio\u0142a <b>to dla nich temat do podwa\u017cania,<\/b> dyskutowania, wym\u0105drzania si\u0119, ewentualnie do podpierania swoich w\u0142asnych pogl\u0105d\u00f3w lub przekona\u0144, narzucanych nachalnie innym. <\/span><\/span><\/span><\/p>\n<p align=\"justify\"><span style=\"color: #000000;\"><span style=\"font-family: Book Antiqua, serif;\"><span style=\"font-size: large;\">W ten spos\u00f3b wszyscy oni \u2013 tak naprawd\u0119 \u2013 zaliczaj\u0105 si\u0119 do grupy tych, o kt\u00f3rych Pawe\u0142 Aposto\u0142 dzisiaj m\u00f3wi bardzo jednoznacznie i jasno: <i><b>Wiem, \u017ce po moim odej\u015bciu wejd\u0105 mi\u0119dzy was wilki drapie\u017cne, nie oszcz\u0119dzaj\u0105c trzody. Tak\u017ce spo\u015br\u00f3d was samych powstan\u0105 ludzie, kt\u00f3rzy g\u0142osi\u0107 b\u0119d\u0105 przewrotne nauki, aby<\/b><\/i><b> <\/b><i><b>poci\u0105gn\u0105\u0107 za sob\u0105 uczni\u00f3w. <\/b><\/i><\/span><\/span><\/span><\/p>\n<p align=\"justify\"><span style=\"color: #000000;\"><span style=\"font-family: Book Antiqua, serif;\"><span style=\"font-size: large;\">Tak, to s\u0105 <b>najwi\u0119ksi szkodnicy Ko\u015bcio\u0142a, <\/b>wilki w zagrodzie \u2013 i niewa\u017cne, czy w stroju \u015bwieckim, <b>czy w stroju duchownym;<\/b> a tu z kolei niewa\u017cne, czy w sutannie czarnej, czy fioletowej, czy purpurowej, <b>czy nawet bia\u0142ej!<\/b> Je\u017celi kto\u015b dla dobra Ko\u015bcio\u0142a nie po\u015bwi\u0119ca si\u0119 tak, jak sam Pawe\u0142 \u2013 o czym m\u00f3wi w drugiej cz\u0119\u015bci dzisiejszego czytania \u2013<b> a eksperymentuje na Ko\u015bciele, <\/b>traktuje go <b>jak prywatn\u0105 w\u0142asno\u015b\u0107, <\/b>jako<b> <\/b>pole do w\u0142asnych popis\u00f3w czy zab\u0142y\u015bni\u0119cia przed innymi w\u0142asn\u0105 wyimaginowan\u0105 pozycj\u0105, chwa\u0142\u0105 czy jak\u0105\u015b rzekomo nowoczesn\u0105 teori\u0105, <b>taki jest wilkiem drapie\u017cnym, niszcz\u0105cym Owczarni\u0119! <\/b>I tyle w temacie! Tu nie ma nad czym dyskutowa\u0107! <\/span><\/span><\/span><\/p>\n<p align=\"justify\"><span style=\"color: #000000;\"><span style=\"font-family: Book Antiqua, serif;\"><span style=\"font-size: large;\">Trzeba to sobie wreszcie jasno u\u015bwiadomi\u0107 i <b>traktowa\u0107 Ko\u015bci\u00f3\u0142 tak, jak nale\u017cy traktowa\u0107, <\/b>czyli jako <b>w\u0142asno\u015b\u0107 Chrystusa, <\/b>a nie swoj\u0105 prywatn\u0105. Czy czyj\u0105kolwiek. A w tym kontek\u015bcie, naprawd\u0119 <b>nie ma sensu \u017cadne m\u00f3wienie o odmienianiu oblicza Ko\u015bcio\u0142a.<\/b> Je\u017celi tak, to tylko w tym sensie, \u017ce to oblicze trzeba odnawia\u0107 <b>w serc<\/b><b>ach<\/b><b> i w <\/b><b>umys\u0142ach<\/b><b> ludzi. <\/b>Bo to tam jest ono \u2013 niestety \u2013 cz\u0119sto zafa\u0142szowane.<b> Samo w sobie jest ono pi\u0119kne \u2013 i niezmienne!<\/b> <\/span><\/span><\/span><\/p>\n<p align=\"justify\"><span style=\"color: #000000;\"><span style=\"font-family: Book Antiqua, serif;\"><span style=\"font-size: large;\">Podobnie, nie ma sensu \u2013 i jest totalnym fa\u0142szem \u2013 stwierdzenie, \u017ce<b> zmiany, wprowadzone przez tego czy innego papie\u017ca czy biskupa,<\/b> czy jakiego\u015b wa\u017cnego cz\u0142owieka w Ko\u015bciele, s\u0105 ju\u017c nie do odwr\u00f3cenia. Ot\u00f3\u017c, <b>wszystko jest do odwr\u00f3cenia <\/b>\u2013 wszystko, co powiedzia\u0142, lub wprowadzi\u0142 cz\u0142owiek. Wszystko jest do odwr\u00f3cenia! <b>I oby szybko zosta\u0142o odwr\u00f3cone,<\/b> je\u017celi szkodzi Ko\u015bcio\u0142owi. Tylko <b>wyroki Boskie s\u0105 nie do odwr\u00f3cenia! <\/b><\/span><\/span><\/span><\/p>\n<p align=\"justify\"><span style=\"color: #000000;\"><span style=\"font-family: Book Antiqua, serif;\"><span style=\"font-size: large;\">A co do tego, co jest najbardziej potrzebne Ko\u015bcio\u0142owi \u2013 to m\u00f3wi sam Jezus, w Pi\u015bmie \u015awi\u0119tym. I poprzez pos\u0142ug\u0119 swoich Pasterzy, ale tych, o kt\u00f3rych w dzisiejszej Ewangelii m\u00f3wi tak: <i><b>Ojcze \u015awi\u0119ty, zachowaj ich w Twoim imieniu, kt\u00f3re Mi da\u0142e\u015b, aby tak jak My stanowili jedno. Dop\u00f3ki z nimi by\u0142em, zachowywa\u0142em ich w Twoim imieniu, kt\u00f3re Mi da\u0142e\u015b, i ustrzeg\u0142em ich, a nikt z nich nie zgin\u0105\u0142 z wyj\u0105tkiem syna zatracenia, aby si\u0119 spe\u0142ni\u0142o Pismo. <\/b><\/i><i><b>Ale teraz id\u0119 do Ciebie i tak m\u00f3wi\u0119, b\u0119d\u0105c jeszcze na \u015bwiecie, aby moj\u0105 rado\u015b\u0107 mieli w sobie w ca\u0142ej pe\u0142ni. Ja im przekaza\u0142em Twoje s\u0142owo, a \u015bwiat ich znienawidzi\u0142 za to, \u017ce nie s\u0105 ze \u015bwiata, jak i Ja nie jestem ze \u015bwiata. Nie pragn\u0119, aby\u015b ich zabra\u0142 ze \u015bwiata, ale by\u015b<\/b><\/i><b> <\/b><i><b>ich<\/b><\/i><b> <\/b><i><b>ustrzeg\u0142 od z\u0142ego. Oni nie s\u0105 ze \u015bwiata, jak i Ja nie jestem ze \u015bwiata. <\/b><\/i><i><b>U\u015bwi\u0119\u0107 ich w prawdzie. S\u0142owo Twoje jest prawd\u0105. Jak Ty Mnie pos\u0142a\u0142e\u015b na \u015bwiat, tak i Ja ich na \u015bwiat pos\u0142a\u0142em. A za nich Ja po\u015bwi\u0119cam w ofierze samego siebie, aby i oni byli u\u015bwi\u0119ceni w prawdzie. <\/b><\/i><\/span><\/span><\/span><\/p>\n<p align=\"justify\"><span style=\"color: #000000;\"><span style=\"font-family: Book Antiqua, serif;\"><span style=\"font-size: large;\">Zatem, tylko ci, kt\u00f3rzy s\u0105 ca\u0142ym sercem w Ko\u015bciele, <b>ca\u0142ym sercem s\u0105 zjednoczeni z Jezusem; <\/b>kt\u00f3rzy \u017cyj\u0105 sprawami Ko\u015bcio\u0142a na spos\u00f3b Bo\u017cy, patrz\u0105c na niego z tak\u0105 mi\u0142o\u015bci\u0105, jak\u0105 patrzy Jezus \u2013<b> ci jedynie mog\u0105 powiedzie\u0107,<\/b> co dzisiejszemu Ko\u015bcio\u0142owi jest potrzebne, a co nie jest. <b>I co jest dla niego dobre, a co nie jest.<\/b> Natomiast ci, kt\u00f3rzy <b>patrz\u0105 na niego z zewn\u0105trz, <\/b>nie maj\u0105c z nim \u017cadnej duchowej wi\u0119zi, widz\u0105c w nim <b>jedynie jedn\u0105 z wielu instytucji<\/b> \u017cycia spo\u0142ecznego, czy wr\u0119cz politycznego; wszyscy <b>uwa\u017caj\u0105cy si\u0119 za ekspert\u00f3w i znawc\u00f3w, <\/b>upowa\u017cnionych z jakiego\u015b, trudnego do zrozumienia powodu do tego, by ten Ko\u015bci\u00f3\u0142 poucza\u0107 i wypomina\u0107 mu b\u0142\u0119dy, a nakazywa\u0107 kroczenie tak\u0105, a nie inn\u0105 drog\u0105 \u2013 wszyscy oni tak naprawd\u0119 s\u0105 <b>uzurpatorami i k\u0142amcami! <\/b><\/span><\/span><\/span><\/p>\n<p align=\"justify\"><span style=\"color: #000000;\"><span style=\"font-family: Book Antiqua, serif;\"><span style=\"font-size: large;\">Bo <b>nie maj\u0105 poj\u0119cia, o czym m\u00f3wi\u0105<\/b> \u2013 a w\u0142a\u015bnie m\u00f3wi\u0105! Sami w Ko\u015bciele nie s\u0105 \u2013 i nie zamierzaj\u0105 by\u0107 \u2013<b> ale tym, kt\u00f3rzy s\u0105, ch\u0119tnie daj\u0105 wskazania,<\/b> co i jak maj\u0105 robi\u0107. Czasami to s\u0105 ci, kt\u00f3rzy s\u0105 ju\u017c w Ko\u015bciele \u2013 albo byli \u2013 ale <b>patrz\u0105 na niego z wy\u017cszo\u015bci\u0105, <\/b>niekiedy nawet z pogard\u0105, a nie z mi\u0142o\u015bci\u0105 i prawdziwym zatroskaniem o jego dobro. <\/span><\/span><\/span><\/p>\n<p align=\"justify\"><span style=\"color: #000000;\"><span style=\"font-family: Book Antiqua, serif;\"><span style=\"font-size: large;\">O nich wszystkim Pawe\u0142 Aposto\u0142 dzisiaj m\u00f3wi \u2013 \u017ceby to jeszcze raz zacytowa\u0107 \u2013 i\u017c <i><b>wejd\u0105 mi\u0119dzy was wilki drapie\u017cne, nie oszcz\u0119dzaj\u0105c trzody. Tak\u017ce spo\u015br\u00f3d was samych powstan\u0105 ludzie, kt\u00f3rzy g\u0142osi\u0107 b\u0119d\u0105 przewrotne nauki, aby poci\u0105gn\u0105\u0107 za sob\u0105 uczni\u00f3w.<\/b><\/i><b> <\/b>Oby to nie by\u0142o nigdy o kimkolwiek z nas! <\/span><\/span><\/span><\/p>\n<p align=\"justify\"><span style=\"color: #000000;\"><span style=\"font-family: Book Antiqua, serif;\"><span style=\"font-size: large;\">Do nas niech si\u0119 odnosz\u0105 \u2013 i niech nad nami ci\u0105gle wybrzmiewaj\u0105 \u2013 te s\u0142owa Jezusa: <i><b>Oni nie s\u0105 ze \u015bwiata, jak i Ja nie jestem ze \u015bwiata. <\/b><\/i><i><b>U\u015bwi\u0119\u0107 ich w prawdzie. S\u0142owo Twoje jest prawd\u0105. Jak Ty Mnie pos\u0142a\u0142e\u015b na \u015bwiat, tak i Ja ich na \u015bwiat pos\u0142a\u0142em. A za nich Ja po\u015bwi\u0119cam w ofierze samego siebie, aby i oni byli u\u015bwi\u0119ceni w prawdzie.<\/b><\/i><\/span><\/span><\/span><\/p>\n","protected":false},"excerpt":{"rendered":"<p>Szcz\u0119\u015b\u0107 Bo\u017ce! Moi Drodzy, w dniu dzisiejszym imieniny prze\u017cywaj\u0105: \u25baKarol Pawluczuk \u2013 Lektor z mojej rodzinnej Parafii, Wicelider FORMACJI \u00abSPE SALVI\u00bb, Cz\u0142owiek bardzo mi bliski, a jednocze\u015bnie bardzo g\u0142\u0119boko \u017cyj\u0105cy wiar\u0105 i \u015bwiadcz\u0105cy o niej ka\u017cdego dnia; \u25baKarol Bisek \u2013 Szef Wsp\u00f3lnoty m\u0142odzie\u017cowej w Serokomli, z kt\u00f3r\u0105 mia\u0142em przyjemno\u015b\u0107 wsp\u00f3\u0142pracowa\u0107 w pierwszym roku moich studi\u00f3w [&hellip;]<\/p>\n","protected":false},"author":1,"featured_media":0,"comment_status":"open","ping_status":"open","sticky":false,"template":"","format":"standard","meta":{"jetpack_post_was_ever_published":false,"_jetpack_newsletter_access":"","_jetpack_dont_email_post_to_subs":false,"_jetpack_newsletter_tier_id":0,"_jetpack_memberships_contains_paywalled_content":false,"_jetpack_memberships_contains_paid_content":false,"footnotes":""},"categories":[1],"tags":[],"class_list":["post-23883","post","type-post","status-publish","format-standard","hentry","category-bez-kategorii"],"yoast_head":"<!-- This site is optimized with the Yoast SEO plugin v25.1 - https:\/\/yoast.com\/wordpress\/plugins\/seo\/ -->\n<title>Oni nie s\u0105 ze \u015bwiata! - Gaudium Et Spes<\/title>\n<meta name=\"robots\" content=\"index, follow, max-snippet:-1, max-image-preview:large, max-video-preview:-1\" \/>\n<link rel=\"canonical\" href=\"https:\/\/gaudiumetspes-blog.pl\/index.php\/2025\/06\/04\/oni-nie-sa-ze-swiata\/\" \/>\n<meta property=\"og:locale\" content=\"pl_PL\" \/>\n<meta property=\"og:type\" content=\"article\" \/>\n<meta property=\"og:title\" content=\"Oni nie s\u0105 ze \u015bwiata! - Gaudium Et Spes\" \/>\n<meta property=\"og:description\" content=\"Szcz\u0119\u015b\u0107 Bo\u017ce! Moi Drodzy, w dniu dzisiejszym imieniny prze\u017cywaj\u0105: \u25baKarol Pawluczuk \u2013 Lektor z mojej rodzinnej Parafii, Wicelider FORMACJI \u00abSPE SALVI\u00bb, Cz\u0142owiek bardzo mi bliski, a jednocze\u015bnie bardzo g\u0142\u0119boko \u017cyj\u0105cy wiar\u0105 i \u015bwiadcz\u0105cy o niej ka\u017cdego dnia; \u25baKarol Bisek \u2013 Szef Wsp\u00f3lnoty m\u0142odzie\u017cowej w Serokomli, z kt\u00f3r\u0105 mia\u0142em przyjemno\u015b\u0107 wsp\u00f3\u0142pracowa\u0107 w pierwszym roku moich studi\u00f3w [&hellip;]\" \/>\n<meta property=\"og:url\" content=\"https:\/\/gaudiumetspes-blog.pl\/index.php\/2025\/06\/04\/oni-nie-sa-ze-swiata\/\" \/>\n<meta property=\"og:site_name\" content=\"Gaudium Et Spes\" \/>\n<meta property=\"article:published_time\" content=\"2025-06-04T09:34:50+00:00\" \/>\n<meta name=\"author\" content=\"Ks. Jacek\" \/>\n<meta name=\"twitter:card\" content=\"summary_large_image\" \/>\n<meta name=\"twitter:label1\" content=\"Napisane przez\" \/>\n\t<meta name=\"twitter:data1\" content=\"Ks. Jacek\" \/>\n\t<meta name=\"twitter:label2\" content=\"Szacowany czas czytania\" \/>\n\t<meta name=\"twitter:data2\" content=\"11 minut\" \/>\n<script type=\"application\/ld+json\" class=\"yoast-schema-graph\">{\"@context\":\"https:\/\/schema.org\",\"@graph\":[{\"@type\":\"WebPage\",\"@id\":\"https:\/\/gaudiumetspes-blog.pl\/index.php\/2025\/06\/04\/oni-nie-sa-ze-swiata\/\",\"url\":\"https:\/\/gaudiumetspes-blog.pl\/index.php\/2025\/06\/04\/oni-nie-sa-ze-swiata\/\",\"name\":\"Oni nie s\u0105 ze \u015bwiata! - Gaudium Et Spes\",\"isPartOf\":{\"@id\":\"https:\/\/gaudiumetspes-blog.pl\/#website\"},\"datePublished\":\"2025-06-04T09:34:50+00:00\",\"author\":{\"@id\":\"https:\/\/gaudiumetspes-blog.pl\/#\/schema\/person\/1661982992b752dea8dff0d4ed845a65\"},\"breadcrumb\":{\"@id\":\"https:\/\/gaudiumetspes-blog.pl\/index.php\/2025\/06\/04\/oni-nie-sa-ze-swiata\/#breadcrumb\"},\"inLanguage\":\"pl-PL\",\"potentialAction\":[{\"@type\":\"ReadAction\",\"target\":[\"https:\/\/gaudiumetspes-blog.pl\/index.php\/2025\/06\/04\/oni-nie-sa-ze-swiata\/\"]}]},{\"@type\":\"BreadcrumbList\",\"@id\":\"https:\/\/gaudiumetspes-blog.pl\/index.php\/2025\/06\/04\/oni-nie-sa-ze-swiata\/#breadcrumb\",\"itemListElement\":[{\"@type\":\"ListItem\",\"position\":1,\"name\":\"Strona g\u0142\u00f3wna\",\"item\":\"https:\/\/gaudiumetspes-blog.pl\/\"},{\"@type\":\"ListItem\",\"position\":2,\"name\":\"Oni nie s\u0105 ze \u015bwiata!\"}]},{\"@type\":\"WebSite\",\"@id\":\"https:\/\/gaudiumetspes-blog.pl\/#website\",\"url\":\"https:\/\/gaudiumetspes-blog.pl\/\",\"name\":\"Gaudium Et Spes\",\"description\":\"Blog Ks. Jacka Ja\u015bkowskiego\",\"potentialAction\":[{\"@type\":\"SearchAction\",\"target\":{\"@type\":\"EntryPoint\",\"urlTemplate\":\"https:\/\/gaudiumetspes-blog.pl\/?s={search_term_string}\"},\"query-input\":{\"@type\":\"PropertyValueSpecification\",\"valueRequired\":true,\"valueName\":\"search_term_string\"}}],\"inLanguage\":\"pl-PL\"},{\"@type\":\"Person\",\"@id\":\"https:\/\/gaudiumetspes-blog.pl\/#\/schema\/person\/1661982992b752dea8dff0d4ed845a65\",\"name\":\"Ks. Jacek\",\"image\":{\"@type\":\"ImageObject\",\"inLanguage\":\"pl-PL\",\"@id\":\"https:\/\/gaudiumetspes-blog.pl\/#\/schema\/person\/image\/\",\"url\":\"https:\/\/gaudiumetspes-blog.pl\/wp-content\/uploads\/2019\/07\/avatar-JJ-150x150.jpg\",\"contentUrl\":\"https:\/\/gaudiumetspes-blog.pl\/wp-content\/uploads\/2019\/07\/avatar-JJ-150x150.jpg\",\"caption\":\"Ks. Jacek\"},\"description\":\"Witam serdecznie! K\u0142ania si\u0119 Ks. Jacek Ja\u015bkowski. Nie jestem ani kim\u015b wa\u017cnym, ani kim\u015b znanym. Jestem ksi\u0119dzem, kt\u00f3ry po prostu chce rozmawia\u0107. Codzienna kap\u0142a\u0144ska pos\u0142uga pokazuje mi, \u017ce temat\u00f3w do rozm\u00f3w z ksi\u0119dzem jest coraz wi\u0119cej i dzisiaj \u017caden ksi\u0105dz nie mo\u017ce od nich ucieka\u0107, ale - wprost przeciwnie - podejmowa\u0107 nowe wyzwania. To przekonanie sk\u0142oni\u0142o mnie do pr\u00f3by otwarcia tego\u017c bloga, chocia\u017c okazji do rozm\u00f3w na co dzie\u0144 - w konfesjonale i poza nim - na szcz\u0119\u015bcie nie brakuje. My\u015bl\u0119 jednak, \u017ce ten blog b\u0119dzie jeszcze jednym sposobem i przestrzeni\u0105 nawi\u0105zania kontaktu z lud\u017ami dobrej woli, otwartymi na dialog.\",\"url\":\"https:\/\/gaudiumetspes-blog.pl\/index.php\/author\/ks-jacek\/\"}]}<\/script>\n<!-- \/ Yoast SEO plugin. -->","yoast_head_json":{"title":"Oni nie s\u0105 ze \u015bwiata! - Gaudium Et Spes","robots":{"index":"index","follow":"follow","max-snippet":"max-snippet:-1","max-image-preview":"max-image-preview:large","max-video-preview":"max-video-preview:-1"},"canonical":"https:\/\/gaudiumetspes-blog.pl\/index.php\/2025\/06\/04\/oni-nie-sa-ze-swiata\/","og_locale":"pl_PL","og_type":"article","og_title":"Oni nie s\u0105 ze \u015bwiata! - Gaudium Et Spes","og_description":"Szcz\u0119\u015b\u0107 Bo\u017ce! Moi Drodzy, w dniu dzisiejszym imieniny prze\u017cywaj\u0105: \u25baKarol Pawluczuk \u2013 Lektor z mojej rodzinnej Parafii, Wicelider FORMACJI \u00abSPE SALVI\u00bb, Cz\u0142owiek bardzo mi bliski, a jednocze\u015bnie bardzo g\u0142\u0119boko \u017cyj\u0105cy wiar\u0105 i \u015bwiadcz\u0105cy o niej ka\u017cdego dnia; \u25baKarol Bisek \u2013 Szef Wsp\u00f3lnoty m\u0142odzie\u017cowej w Serokomli, z kt\u00f3r\u0105 mia\u0142em przyjemno\u015b\u0107 wsp\u00f3\u0142pracowa\u0107 w pierwszym roku moich studi\u00f3w [&hellip;]","og_url":"https:\/\/gaudiumetspes-blog.pl\/index.php\/2025\/06\/04\/oni-nie-sa-ze-swiata\/","og_site_name":"Gaudium Et Spes","article_published_time":"2025-06-04T09:34:50+00:00","author":"Ks. Jacek","twitter_card":"summary_large_image","twitter_misc":{"Napisane przez":"Ks. Jacek","Szacowany czas czytania":"11 minut"},"schema":{"@context":"https:\/\/schema.org","@graph":[{"@type":"WebPage","@id":"https:\/\/gaudiumetspes-blog.pl\/index.php\/2025\/06\/04\/oni-nie-sa-ze-swiata\/","url":"https:\/\/gaudiumetspes-blog.pl\/index.php\/2025\/06\/04\/oni-nie-sa-ze-swiata\/","name":"Oni nie s\u0105 ze \u015bwiata! - Gaudium Et Spes","isPartOf":{"@id":"https:\/\/gaudiumetspes-blog.pl\/#website"},"datePublished":"2025-06-04T09:34:50+00:00","author":{"@id":"https:\/\/gaudiumetspes-blog.pl\/#\/schema\/person\/1661982992b752dea8dff0d4ed845a65"},"breadcrumb":{"@id":"https:\/\/gaudiumetspes-blog.pl\/index.php\/2025\/06\/04\/oni-nie-sa-ze-swiata\/#breadcrumb"},"inLanguage":"pl-PL","potentialAction":[{"@type":"ReadAction","target":["https:\/\/gaudiumetspes-blog.pl\/index.php\/2025\/06\/04\/oni-nie-sa-ze-swiata\/"]}]},{"@type":"BreadcrumbList","@id":"https:\/\/gaudiumetspes-blog.pl\/index.php\/2025\/06\/04\/oni-nie-sa-ze-swiata\/#breadcrumb","itemListElement":[{"@type":"ListItem","position":1,"name":"Strona g\u0142\u00f3wna","item":"https:\/\/gaudiumetspes-blog.pl\/"},{"@type":"ListItem","position":2,"name":"Oni nie s\u0105 ze \u015bwiata!"}]},{"@type":"WebSite","@id":"https:\/\/gaudiumetspes-blog.pl\/#website","url":"https:\/\/gaudiumetspes-blog.pl\/","name":"Gaudium Et Spes","description":"Blog Ks. Jacka Ja\u015bkowskiego","potentialAction":[{"@type":"SearchAction","target":{"@type":"EntryPoint","urlTemplate":"https:\/\/gaudiumetspes-blog.pl\/?s={search_term_string}"},"query-input":{"@type":"PropertyValueSpecification","valueRequired":true,"valueName":"search_term_string"}}],"inLanguage":"pl-PL"},{"@type":"Person","@id":"https:\/\/gaudiumetspes-blog.pl\/#\/schema\/person\/1661982992b752dea8dff0d4ed845a65","name":"Ks. Jacek","image":{"@type":"ImageObject","inLanguage":"pl-PL","@id":"https:\/\/gaudiumetspes-blog.pl\/#\/schema\/person\/image\/","url":"https:\/\/gaudiumetspes-blog.pl\/wp-content\/uploads\/2019\/07\/avatar-JJ-150x150.jpg","contentUrl":"https:\/\/gaudiumetspes-blog.pl\/wp-content\/uploads\/2019\/07\/avatar-JJ-150x150.jpg","caption":"Ks. Jacek"},"description":"Witam serdecznie! K\u0142ania si\u0119 Ks. Jacek Ja\u015bkowski. Nie jestem ani kim\u015b wa\u017cnym, ani kim\u015b znanym. Jestem ksi\u0119dzem, kt\u00f3ry po prostu chce rozmawia\u0107. Codzienna kap\u0142a\u0144ska pos\u0142uga pokazuje mi, \u017ce temat\u00f3w do rozm\u00f3w z ksi\u0119dzem jest coraz wi\u0119cej i dzisiaj \u017caden ksi\u0105dz nie mo\u017ce od nich ucieka\u0107, ale - wprost przeciwnie - podejmowa\u0107 nowe wyzwania. To przekonanie sk\u0142oni\u0142o mnie do pr\u00f3by otwarcia tego\u017c bloga, chocia\u017c okazji do rozm\u00f3w na co dzie\u0144 - w konfesjonale i poza nim - na szcz\u0119\u015bcie nie brakuje. My\u015bl\u0119 jednak, \u017ce ten blog b\u0119dzie jeszcze jednym sposobem i przestrzeni\u0105 nawi\u0105zania kontaktu z lud\u017ami dobrej woli, otwartymi na dialog.","url":"https:\/\/gaudiumetspes-blog.pl\/index.php\/author\/ks-jacek\/"}]}},"jetpack_featured_media_url":"","jetpack_sharing_enabled":true,"_links":{"self":[{"href":"https:\/\/gaudiumetspes-blog.pl\/index.php\/wp-json\/wp\/v2\/posts\/23883","targetHints":{"allow":["GET"]}}],"collection":[{"href":"https:\/\/gaudiumetspes-blog.pl\/index.php\/wp-json\/wp\/v2\/posts"}],"about":[{"href":"https:\/\/gaudiumetspes-blog.pl\/index.php\/wp-json\/wp\/v2\/types\/post"}],"author":[{"embeddable":true,"href":"https:\/\/gaudiumetspes-blog.pl\/index.php\/wp-json\/wp\/v2\/users\/1"}],"replies":[{"embeddable":true,"href":"https:\/\/gaudiumetspes-blog.pl\/index.php\/wp-json\/wp\/v2\/comments?post=23883"}],"version-history":[{"count":1,"href":"https:\/\/gaudiumetspes-blog.pl\/index.php\/wp-json\/wp\/v2\/posts\/23883\/revisions"}],"predecessor-version":[{"id":23884,"href":"https:\/\/gaudiumetspes-blog.pl\/index.php\/wp-json\/wp\/v2\/posts\/23883\/revisions\/23884"}],"wp:attachment":[{"href":"https:\/\/gaudiumetspes-blog.pl\/index.php\/wp-json\/wp\/v2\/media?parent=23883"}],"wp:term":[{"taxonomy":"category","embeddable":true,"href":"https:\/\/gaudiumetspes-blog.pl\/index.php\/wp-json\/wp\/v2\/categories?post=23883"},{"taxonomy":"post_tag","embeddable":true,"href":"https:\/\/gaudiumetspes-blog.pl\/index.php\/wp-json\/wp\/v2\/tags?post=23883"}],"curies":[{"name":"wp","href":"https:\/\/api.w.org\/{rel}","templated":true}]}}