{"id":23885,"date":"2025-06-05T09:16:23","date_gmt":"2025-06-05T07:16:23","guid":{"rendered":"https:\/\/gaudiumetspes-blog.pl\/?p=23885"},"modified":"2025-06-05T09:16:23","modified_gmt":"2025-06-05T07:16:23","slug":"ja-w-nich","status":"publish","type":"post","link":"https:\/\/gaudiumetspes-blog.pl\/index.php\/2025\/06\/05\/ja-w-nich\/","title":{"rendered":"Ja w nich&#8230;"},"content":{"rendered":"<p align=\"justify\"><span style=\"color: #000000;\"><span style=\"font-family: Book Antiqua, serif;\"><span style=\"font-size: large;\">Szcz\u0119\u015b\u0107 Bo\u017ce! Moi Drodzy, w dniu dzisiejszym<b> urodziny prze\u017cywaj\u0105:<\/b><\/span><\/span><\/span><\/p>\n<p align=\"justify\"><span style=\"color: #000000;\">\u25ba<span style=\"font-family: Book Antiqua, serif;\"><span style=\"font-size: large;\"><b>Ksi\u0105dz Pawe\u0142 Kobia\u0142ka \u2013 Wikariusz w mojej rodzinnej Parafii, a jako Alumn pierwszego roku Seminarium: Lektor pierwszego czytania na mojej Mszy \u015awi\u0119tej Prymicyjnej;<\/b><\/span><\/span><\/span><\/p>\n<p align=\"justify\"><span style=\"color: #000000;\">\u25ba<span style=\"font-family: Book Antiqua, serif;\"><span style=\"font-size: large;\"><b>Katarzyna Centkowska \u2013 nale\u017c\u0105ca w swoim czasie do jednej z m\u0142odzie\u017cowych Wsp\u00f3lnot.<\/b><\/span><\/span><\/span><\/p>\n<p align=\"justify\"><span style=\"color: #000000;\"><span style=\"font-family: Book Antiqua, serif;\"><span style=\"font-size: large;\"><b>Obojgu Jubilatom \u017cycz\u0119 wszelkich Bo\u017cych \u0142ask. Zapewniam o modlitwie!<\/b><\/span><\/span><\/span><\/p>\n<p align=\"justify\"><span style=\"color: #000000;\"><span style=\"font-family: Book Antiqua, serif;\"><span style=\"font-size: large;\"><b>Dzi\u015b tak\u017ce przypada pi\u0105ta rocznica odej\u015bcia do Pana Ksi\u0119dza Piotra Wojdata, mojego Kolegi kursowego, wieloletniego Kierownika Pieszej Pielgrzymki Podlaskiej i pe\u0142ni\u0105cego jeszcze kilka wa\u017cnych funkcji w Diecezji. Niech Pan da Mu Niebo!<\/b><\/span><\/span><\/span><\/p>\n<p align=\"justify\"><span style=\"color: #000000;\"><span style=\"font-family: Book Antiqua, serif;\"><span style=\"font-size: large;\">A u mnie dzisiaj taki zwyk\u0142y czwartek, czyli od 10:00 \u2013 dy\u017cur w gmachu przy ulicy \u017bytniej, a po dy\u017curze \u2013 przejazd do Lublina.<\/span><\/span><\/span><\/p>\n<p align=\"justify\"><span style=\"color: #000000;\"><span style=\"font-family: Book Antiqua, serif;\"><span style=\"font-size: large;\">Teraz za\u015b ju\u017c zapraszam do pochylenia si\u0119 nad Bo\u017cym s\u0142owem dzisiejszej liturgii. Oto s\u0142\u00f3wko Ksi\u0119dza Marka na dzi\u015b:<\/span><\/span><\/span><\/p>\n<p align=\"justify\"><span style=\"color: #000000;\"><span style=\"font-family: Book Antiqua, serif;\"><span style=\"font-size: medium;\"><a href=\"https:\/\/www.youtube.com\/c\/CatholicSurgut\"><span style=\"font-size: large;\"><span lang=\"zxx\"><u><b>https:\/\/www.youtube.com\/c\/CatholicSurgut<\/b><\/u><\/span><\/span><\/a><\/span><\/span><\/span><\/p>\n<p align=\"justify\"><span style=\"color: #000000;\"><span style=\"font-family: Book Antiqua, serif;\"><span style=\"font-size: large;\">Zatem, <b>c<\/b><b>o Pan konkretnie m\u00f3wi do nas przez to <\/b><b>S<\/b><b>\u0142owo?<\/b> Wzywajmy Ducha \u015awi\u0119tego na pomoc, prosz\u0105c Go o \u015bwiat\u0142o i g\u0142\u0119bi\u0119 refleksji\u2026 <\/span><\/span><\/span><\/p>\n<p align=\"justify\"><span style=\"color: #000000;\"><span style=\"font-family: Book Antiqua, serif;\"><span style=\"font-size: large;\"><b>Niech Was b\u0142ogos\u0142awi B\u00f3g Wszechmog\u0105cy: Ojciec + i Syn, i Duch \u015awi\u0119ty. Amen<\/b><\/span><\/span><\/span><\/p>\n<p align=\"center\"><span style=\"color: #000000;\"><span style=\"font-family: Book Antiqua, serif;\"><span style=\"font-size: large;\">Gaudium et spes! Ks. Jacek<\/span><\/span><\/span><\/p>\n<p align=\"center\">\n<p align=\"center\">\n<p align=\"center\">\n<p align=\"center\">\n<p align=\"center\">\n<p align=\"justify\"><span style=\"color: #000000;\"><span style=\"font-family: Book Antiqua, serif;\"><span style=\"font-size: large;\"><b>Czwartek 7 Tygodnia Wielkanocnego,<\/b><\/span><\/span><\/span><\/p>\n<p align=\"justify\"><span style=\"color: #000000;\"><span style=\"font-family: Book Antiqua, serif;\"><span style=\"font-size: large;\"><b>Wspomnienie \u015aw. Bonifacego, Biskupa i M\u0119czennika,<\/b><\/span><\/span><\/span><\/p>\n<p align=\"justify\"><span style=\"color: #000000;\"><span style=\"font-family: Book Antiqua, serif;\"><span style=\"font-size: large;\"><b>5 czerwca 2025.,\u00a0<\/b><\/span><\/span><\/span><\/p>\n<p align=\"justify\"><span style=\"color: #000000;\"><span style=\"font-family: Book Antiqua, serif;\"><span style=\"font-size: large;\"><b>do czyta\u0144: Dz 22,30;23,6\u201311; J 17,20\u201326<\/b><\/span><\/span><\/span><\/p>\n<p align=\"justify\">\n<p align=\"justify\">\n<p align=\"justify\">\n<p align=\"justify\">\n<p align=\"justify\">\n<p align=\"justify\"><span style=\"color: #000000;\"><span style=\"font-family: Book Antiqua, serif;\"><span style=\"font-size: large;\"><b>CZYTANIE Z DZIEJ\u00d3W APOSTOLSKICH:<\/b><\/span><\/span><\/span><\/p>\n<p align=\"justify\"><span style=\"color: #000000;\"><span style=\"font-family: Book Antiqua, serif;\"><span style=\"font-size: large;\"><b>W Jerozolimie trybun rzymski, chc\u0105c si\u0119 dowiedzie\u0107 dok\u0142adnie, o co \u017bydzi oskar\u017cali Paw\u0142a, zdj\u0105\u0142 z niego wi\u0119zy, rozkaza\u0142 zebra\u0107 si\u0119 arcykap\u0142anom i ca\u0142emu Sanhedrynowi i wyprowadziwszy Paw\u0142a stawi\u0142 go przed nimi.<\/b><\/span><\/span><\/span><\/p>\n<p align=\"justify\"><span style=\"color: #000000;\"><span style=\"font-family: Book Antiqua, serif;\"><span style=\"font-size: large;\"><b>Wiedz\u0105c za\u015b, \u017ce jedna cz\u0119\u015b\u0107 sk\u0142ada si\u0119 z saduceusz\u00f3w, a druga z faryzeusz\u00f3w, wo\u0142a\u0142 Pawe\u0142 przed Sanhedrynem: \u201eJestem faryzeuszem, bracia, i synem faryzeusz\u00f3w, a stoj\u0119 przed s\u0105dem za to, \u017ce spodziewam si\u0119 zmartwychwstania umar\u0142ych\u201d.<\/b><\/span><\/span><\/span><\/p>\n<p align=\"justify\"><span style=\"color: #000000;\"><span style=\"font-family: Book Antiqua, serif;\"><span style=\"font-size: large;\"><b>Gdy to powiedzia\u0142, powsta\u0142 sp\u00f3r mi\u0119dzy faryzeuszami i saduceuszami i dosz\u0142o do rozdwojenia w\u015br\u00f3d zebranych. Saduceusze bowiem m\u00f3wi\u0105, \u017ce nie ma zmartwychwstania ani anio\u0142a, ani ducha, a faryzeusze uznaj\u0105 jedno i drugie. Zrobi\u0142a si\u0119 wielka wrzawa, zerwali si\u0119 niekt\u00f3rzy z uczonych w Pi\u015bmie spo\u015br\u00f3d faryzeusz\u00f3w, wykrzykiwali wojowniczo: \u201eNie znajdujemy nic z\u0142ego w tym cz\u0142owieku. A je\u015bli naprawd\u0119 m\u00f3wi\u0142 do niego duch albo anio\u0142?\u201d<\/b><\/span><\/span><\/span><\/p>\n<p align=\"justify\"><span style=\"color: #000000;\"><span style=\"font-family: Book Antiqua, serif;\"><span style=\"font-size: large;\"><b>Kiedy dosz\u0142o do wielkiego wzburzenia, trybun obawiaj\u0105c si\u0119, \u017ceby nie rozszarpali Paw\u0142a, rozkaza\u0142 \u017co\u0142nierzom zej\u015b\u0107, zabra\u0107 go spo\u015br\u00f3d nich i zaprowadzi\u0107 do twierdzy. Nast\u0119pnej nocy ukaza\u0142 mu si\u0119 Pan i powiedzia\u0142: \u201eOdwagi! Trzeba bowiem, \u017ceby\u015b i w Rzymie \u015bwiadczy\u0142 o Mnie tak, jak dawa\u0142e\u015b o Mnie \u015bwiadectwo w Jerozolimie\u201d.<\/b><\/span><\/span><\/span><\/p>\n<p align=\"justify\">\n<p align=\"justify\">\n<p align=\"justify\">\n<p align=\"justify\">\n<p align=\"justify\">\n<p align=\"justify\"><span style=\"color: #000000;\"><span style=\"font-family: Book Antiqua, serif;\"><span style=\"font-size: large;\"><b>S\u0141OWA EWANGELII WED\u0141UG \u015aWI\u0118TEGO JANA:<\/b><\/span><\/span><\/span><\/p>\n<p align=\"justify\"><span style=\"color: #000000;\"><span style=\"font-family: Book Antiqua, serif;\"><span style=\"font-size: large;\"><b>W czasie ostatniej wieczerzy Jezus podni\u00f3s\u0142szy oczy ku niebu, modli\u0142 si\u0119 tymi s\u0142owami: <\/b><\/span><\/span><\/span><\/p>\n<p align=\"justify\"><span style=\"color: #000000;\">\u201e<span style=\"font-family: Book Antiqua, serif;\"><span style=\"font-size: large;\"><b>Ojcze \u015awi\u0119ty, nie tylko za nimi prosz\u0119, ale i za tymi, kt\u00f3rzy dzi\u0119ki ich s\u0142owu b\u0119d\u0105 wierzy\u0107 we Mnie; aby wszyscy stanowili jedno, jak Ty, Ojcze, we Mnie, a Ja w Tobie, aby i oni stanowili jedno w Nas, aby \u015bwiat uwierzy\u0142, \u017ce\u015b Ty Mnie pos\u0142a\u0142.<\/b><\/span><\/span><\/span><\/p>\n<p align=\"justify\"><span style=\"color: #000000;\"><span style=\"font-family: Book Antiqua, serif;\"><span style=\"font-size: large;\"><b>I tak\u017ce chwa\u0142\u0119, kt\u00f3r\u0105 Mi da\u0142e\u015b, przekaza\u0142em im, aby stanowili jedno, tak jak My jedno stanowimy. Ja w nich, a Ty we Mnie! Oby si\u0119 tak zespolili w jedno, aby \u015bwiat pozna\u0142, \u017ce\u015b Ty Mnie pos\u0142a\u0142 i \u017ce\u015b Ty ich umi\u0142owa\u0142 tak, jak Mnie umi\u0142owa\u0142e\u015b. <\/b><\/span><\/span><\/span><\/p>\n<p align=\"justify\"><span style=\"color: #000000;\"><span style=\"font-family: Book Antiqua, serif;\"><span style=\"font-size: large;\"><b>Ojcze, chc\u0119, aby tak\u017ce ci, kt\u00f3rych Mi da\u0142e\u015b, byli ze Mn\u0105 tam, gdzie Ja jestem, aby widzieli chwa\u0142\u0119 moj\u0105, kt\u00f3r\u0105 Mi da\u0142e\u015b, bo umi\u0142owa\u0142e\u015b Mnie przed za\u0142o\u017ceniem \u015bwiata.<\/b><\/span><\/span><\/span><\/p>\n<p align=\"justify\"><span style=\"color: #000000;\"><span style=\"font-family: Book Antiqua, serif;\"><span style=\"font-size: large;\"><b>Ojcze sprawiedliwy! \u015awiat Ciebie nie pozna\u0142, lecz Ja Ciebie pozna\u0142em i oni poznali, \u017ce\u015b Ty Mnie pos\u0142a\u0142. Objawi\u0142em im Twoje imi\u0119 i nadal b\u0119d\u0119 objawia\u0142, aby mi\u0142o\u015b\u0107, kt\u00f3r\u0105 Ty Mnie umi\u0142owa\u0142e\u015b, w nich by\u0142a i Ja w nich\u201d.<\/b><\/span><\/span><\/span><\/p>\n<p align=\"justify\">\n<p align=\"justify\">\n<p align=\"justify\">\n<p align=\"justify\">\n<p align=\"justify\">\n<p align=\"justify\"><span style=\"color: #000000;\"><span style=\"font-family: Book Antiqua, serif;\"><span style=\"font-size: large;\">Mo\u017cna powiedzie\u0107, \u017ce trybun rzymski <b>zbyt \u0142atwowiernie<\/b> \u2013 \u017ceby nie powiedzie\u0107: <b>naiwnie<\/b> \u2013 podszed\u0142 do ca\u0142ej sprawy, licz\u0105c na to, \u017ce dowie si\u0119, <i><b>o co \u017bydzi oskar\u017cali Paw\u0142a.<\/b><\/i><b> <\/b>Bo post\u0105pi\u0142 \u2013 by si\u0119 tak wyrazi\u0107 \u2013 <b>ksi\u0105\u017ckowo, <\/b>je\u015bli idzie <b>o zastosowanie regu\u0142 \u00f3wczesnego prawa rzymskiego,<\/b> najdoskonalszego na owe czasy systemu prawnego i b\u0119d\u0105cego podstaw\u0105 wszystkich cywilizowanych system\u00f3w prawnych do dzi\u015b, kiedy <b>chcia\u0142 po prostu wys\u0142ucha\u0107 obu stron sporu<\/b> i da\u0107 ka\u017cdej mo\u017cliwo\u015b\u0107 przedstawienia, ale i obrony swego stanowiska. Wtedy ewentualnie m\u00f3g\u0142by podj\u0105\u0107 jakie\u015b rozstrzygni\u0119cie. I ze strony tego rzymskiego \u017co\u0142nierza to by\u0142o dzia\u0142anie <b>jak najbardziej racjonalne i prawid\u0142owe. <\/b><\/span><\/span><\/span><\/p>\n<p align=\"justify\"><span style=\"color: #000000;\"><span style=\"font-family: Book Antiqua, serif;\"><span style=\"font-size: large;\">Ale okaza\u0142o si\u0119, \u017ce <b>uczestnicy sporu nie byli w stanie<\/b> sprosta\u0107 temu wyzwaniu. A dok\u0142adniej \u2013 jedna ze stron, czyli oskar\u017cyciele. Bo pomi\u0119dzy nimi samymi <b>dosz\u0142o do ostrego sporu.<\/b> A o co? Tak naprawd\u0119, to nie ma wi\u0119kszego znaczenia, natomiast wida\u0107 tutaj <b>zjawisko o szerszej skali <\/b>i nie dotycz\u0105ce tylko tego dzisiejszego wydarzenia lub tego typu przypadk\u00f3w, ale w og\u00f3le takiego, \u017ce kiedy ludzi w jakim\u015b wsp\u00f3lnym dzia\u0142aniu <b>\u0142\u0105czy tylko z\u0142o\u015b\u0107, nienawi\u015b\u0107, dzika \u017c\u0105dza zemsty<\/b> (\u017ceby jeszcze oni sami wiedzieli, za co?\u2026), to ich dzia\u0142anie nie tylko, \u017ce okazuje si\u0119 <b>szybko niesp\u00f3jne, <\/b>ale wr\u0119cz <b>kompromituj\u0105ce i \u017ca\u0142osne!<\/b> I nawet dla nich samych szkodliwe! <\/span><\/span><\/span><\/p>\n<p align=\"justify\"><span style=\"color: #000000;\"><span style=\"font-family: Book Antiqua, serif;\"><span style=\"font-size: large;\">Bo oto sami oskar\u017cyciele <b>zaczynaj\u0105 siebie nawzajem oskar\u017ca\u0107<\/b> \u2013 jak to mamy dzisiaj \u2013 albo podkopywa\u0107 o sobie opini\u0119, albo wr\u0119cz <b>szkodzi\u0107 sobie nawzajem\u2026<\/b> Dzisiaj tego w\u0142a\u015bnie jeste\u015bmy \u015bwiadkami. Oskar\u017cyciele sami \u2013 by si\u0119 tak wyrazi\u0107 \u2013 <b>\u201ez\u0142apali si\u0119 nawzajem za g\u0142owy\u201d, <\/b>podnie\u015bli na siebie krzyk, a wszystko zmierza\u0142o ju\u017c do tego, \u017ce i pi\u0119\u015bci p\u00f3jd\u0105 w ruch. <\/span><\/span><\/span><\/p>\n<p align=\"justify\"><span style=\"color: #000000;\"><span style=\"font-family: Book Antiqua, serif;\"><span style=\"font-size: large;\">Ca\u0142e za\u015b to poruszenie \u2013 co warto zauwa\u017cy\u0107 \u2013 <b>spowodowa\u0142 Pawe\u0142 Aposto\u0142 jednym tylko zdaniem! Jednym!<\/b> To prawda, \u017ce trafionym \u201ew punkt\u201d, co by\u0142o <b>wynikiem jego wysokiego wykszta\u0142cenia i doskona\u0142ej \u201eorientacji w terenie\u201d,<\/b> czyli doskona\u0142ej wiedzy, z kim ma do czynienia i w kt\u00f3r\u0105 strun\u0119 ma uderzy\u0107, wi\u0119c to <b>nie by\u0142o \u201ejakie\u015b tam\u201d zdanie, <\/b>rzucone przypadkiem, ale <b>bardzo celne stwierdzenie,<\/b> rozbijaj\u0105ce ca\u0142y ten zb\u00f3jecki uk\u0142ad, jaki w tym momencie tworzyli faryzeusze z saduceuszami. <\/span><\/span><\/span><\/p>\n<p align=\"justify\"><span style=\"color: #000000;\"><span style=\"font-family: Book Antiqua, serif;\"><span style=\"font-size: large;\">Pawe\u0142 na pewno wiedzia\u0142, co powiedzie\u0107 i w kt\u00f3rym momencie \u2013 i to zrobi\u0142 \u2013 co jednak nie zmienia faktu, \u017ce<b> \u0142atwo\u015b\u0107, z jak\u0105 roz\u0142o\u017cy\u0142 swoich przeciwnik\u00f3w na \u0142opatki, <\/b>mo\u017ce zadziwia\u0107. To jednak tylko pokazuje,<b> jak wiele i jak m\u0105drze mo\u017ce osi\u0105gn\u0105\u0107 cz\u0142owiek,<\/b> kt\u00f3ry otworzy si\u0119 na \u0142ask\u0119 Bo\u017c\u0105 i odpowie na ni\u0105 swoj\u0105 <b>otwarto\u015bci\u0105 na wsp\u00f3\u0142prac<\/b><b>\u0105<\/b><b>, <\/b>anga\u017cuj\u0105c w t\u0119 wsp\u00f3\u0142prac\u0119 <b>swoje talenty i naturalne predyspozycje, <\/b>w po\u0142\u0105czeniu ze swoim osobistym <b>do\u015bwiadczeniem i wykszta\u0142ceniem. <\/b>Z po\u0142\u0105czenia tych wszystkich element\u00f3w wychodz\u0105 naprawd\u0119 <b>wielkie rzeczy,<\/b> a w chwilach trudnych \u2013 \u015bwietne <b>rozwi\u0105zania problem\u00f3w. <\/b><\/span><\/span><\/span><\/p>\n<p align=\"justify\"><span style=\"color: #000000;\"><span style=\"font-family: Book Antiqua, serif;\"><span style=\"font-size: large;\">Jest to jednak dok\u0142adna realizacja w praktyce tych oto s\u0142\u00f3w Jezusa z dzisiejszej Ewangelii: <i><b>Ojcze \u015awi\u0119ty, nie tylko za nimi prosz\u0119, ale i za tymi, kt\u00f3rzy dzi\u0119ki ich s\u0142owu b\u0119d\u0105 wierzy\u0107 we Mnie;<\/b><\/i><b> <\/b><i><b>aby wszyscy stanowili jedno, jak Ty, Ojcze, we Mnie, a Ja w Tobie, aby i oni stanowili jedno w Nas, aby \u015bwiat uwierzy\u0142, \u017ce\u015b Ty Mnie pos\u0142a\u0142. <\/b><\/i><i><b>I tak\u017ce chwa\u0142\u0119, kt\u00f3r\u0105 Mi da\u0142e\u015b, przekaza\u0142em im, aby stanowili jedno, tak jak My jedno stanowimy. Ja w nich, a Ty we Mnie! <\/b><\/i><i>I nieco dalej: <\/i><i><b>Ojcze sprawiedliwy! \u015awiat Ciebie nie pozna\u0142, lecz Ja Ciebie pozna\u0142em i oni poznali, \u017ce\u015b Ty Mnie pos\u0142a\u0142. Objawi\u0142em im Twoje imi\u0119 i nadal b\u0119d\u0119 objawia\u0142, aby mi\u0142o\u015b\u0107, kt\u00f3r\u0105 Ty Mnie umi\u0142owa\u0142e\u015b, w nich by\u0142a i Ja w nich. <\/b><\/i><\/span><\/span><\/span><\/p>\n<p align=\"justify\"><span style=\"color: #000000;\"><span style=\"font-family: Book Antiqua, serif;\"><span style=\"font-size: large;\">W\u0142a\u015bnie, mi\u0142o\u015b\u0107 Jezusa i On sam \u2013 <b>w sercach, umys\u0142ach i dzia\u0142aniach Jego uczni\u00f3w.<\/b> Czy tak\u017ce: mi\u0142o\u015b\u0107 Jezusa i On sam \u2013 <b>w sercach, umys\u0142ach i dzia\u0142aniach naszych?<\/b> Oby tak! A w\u00f3wczas prawdziwe cuda b\u0119d\u0119 si\u0119 dzia\u0142y!<\/span><\/span><\/span><\/p>\n<p align=\"justify\"><span style=\"color: #000000;\"><span style=\"font-family: Book Antiqua, serif;\"><span style=\"font-size: large;\">Czy\u017c nie tego uczy nas przyk\u0142ad \u017cycia i \u015bwi\u0119to\u015bci Patrona dnia dzisiejszego, kt\u00f3rym jest <b>\u015awi\u0119t<\/b><b>y<\/b><b> Bonifac<\/b><b>y<\/b><b>, Biskup i M\u0119czennik. <\/b>Co mo\u017cemy o nim powiedzie\u0107?<\/span><\/span><\/span><\/p>\n<p align=\"justify\"><span style=\"color: #000000;\"><span style=\"font-size: large;\"><span style=\"font-family: Book Antiqua, serif;\">Urodzi\u0142 si\u0119 <\/span><span style=\"font-family: Book Antiqua, serif;\"><b>oko\u0142o 673 roku w Anglii. <\/b><\/span><span style=\"font-family: Book Antiqua, serif;\">Na Chrzcie otrzyma\u0142 imi\u0119 Winfryd. Czuj\u0105c ju\u017c od m\u0142odo\u015bci pragnienie po\u015bwi\u0119cenia si\u0119 s\u0142u\u017cbie Bo\u017cej, zosta\u0142 benedyktynem w opactwie Exeter, nast\u0119pnie w opactwie w Nursling. <\/span><span style=\"font-family: Book Antiqua, serif;\"><b>\u015awi\u0119cenia kap\u0142a\u0144skie otrzyma\u0142 oko\u0142o trzydziestego roku \u017cycia.<\/b><\/span><span style=\"font-family: Book Antiqua, serif;\"> Zaraz po \u015bwi\u0119ceniach opat wyznaczy\u0142 mu funkcj\u0119 kierownika szko\u0142y w Nursling. Jako benedyktyn przyj\u0105\u0142 imi\u0119: <\/span><span style=\"font-family: Book Antiqua, serif;\"><b>Bonifacy. <\/b><\/span><\/span><\/span><\/p>\n<p align=\"justify\"><span style=\"color: #000000;\"><span style=\"font-size: large;\"><span style=\"font-family: Book Antiqua, serif;\">Po pewnym czasie uda\u0142 si\u0119 <\/span><span style=\"font-family: Book Antiqua, serif;\"><b>na misje, na teren dzisiejszych p\u00f3\u0142nocnych Niemiec i Holandii.<\/b><\/span><span style=\"font-family: Book Antiqua, serif;\"> Szybko musia\u0142 jednak powr\u00f3ci\u0107 do swojego klasztoru, bo w miejscu jego misyjnej pracy wybuch\u0142a wojna. W\u0142a\u015bnie wtedy, w swoim klasztorze <\/span><span style=\"font-family: Book Antiqua, serif;\"><b>wybrany zosta\u0142 opatem.<\/b><\/span><span style=\"font-family: Book Antiqua, serif;\"> Nie pozosta\u0142 jednak d\u0142ugo na tym zaszczytnym stanowisku, gdy\u017c <\/span><span style=\"font-family: Book Antiqua, serif;\"><b>w roku 718 wybra\u0142 si\u0119 ponownie do Niemiec,<\/b><\/span><span style=\"font-family: Book Antiqua, serif;\"> gdzie pracowa\u0142 oko\u0142o trzech lat. Trud misyjny Bonifacego wydawa\u0142 niezwyk\u0142e owoce. W tym kr\u00f3tkim czasie mia\u0142 ochrzci\u0107 <\/span><span style=\"font-family: Book Antiqua, serif;\"><b>oko\u0142o kilka tysi\u0119cy germa\u0144skich pogan.<\/b><\/span> <\/span><\/span><\/p>\n<p align=\"justify\"><span style=\"color: #000000;\"><span style=\"font-size: large;\"><span style=\"font-family: Book Antiqua, serif;\">W celu om\u00f3wienia z Papie\u017cem zorganizowania sta\u0142ej administracji ko\u015bcielnej na terenie Niemiec, Bonifacy uda\u0142 si\u0119 ponownie do Rzymu. Wyja\u015bni\u0142 Papie\u017cowi stan misji i jej potrzeby. Wtedy <\/span><span style=\"font-family: Book Antiqua, serif;\"><b>Grzegorz II udzieli\u0142 mu \u015bwi\u0119ce\u0144 biskupich <\/b><\/span><span style=\"font-family: Book Antiqua, serif;\">i da\u0142 mu pe\u0142nomocnictwa, jakie tylko by\u0142y konieczne dla sprawniejszej akcji misyjnej.<\/span><span style=\"font-family: Book Antiqua, serif;\"> Poniewa\u017c coraz bardziej potrzeba by\u0142o nowych misjonarzy, \u015awi\u0119ty Bonifacy zwr\u00f3ci\u0142 si\u0119 z apelem do klasztor\u00f3w w Anglii o pomoc. Benedyktyni przys\u0142ali <\/span><span style=\"font-family: Book Antiqua, serif;\"><b>mu licznych i gorliwych pomocnik\u00f3w.<\/b><\/span> <\/span><\/span><\/p>\n<p align=\"justify\"><span style=\"color: #000000;\"><span style=\"font-size: large;\"><span style=\"font-family: Book Antiqua, serif;\">Korzystaj\u0105c z <\/span><span style=\"font-family: Book Antiqua, serif;\"><b>uprawnie\u0144 metropolity misyjnego, <\/b><\/span><span style=\"font-family: Book Antiqua, serif;\">mianowa\u0142 nasz \u015awi\u0119ty dw\u00f3ch biskup\u00f3w i za\u0142o\u017cy\u0142 wiele plac\u00f3wek sta\u0142ych, od tych\u017ce biskup\u00f3w zale\u017cnych. Nadto za\u0142o\u017cy\u0142 szereg klasztor\u00f3w: benedyktyn\u00f3w i benedyktynek. Uradowany tak pomy\u015blnymi wynikami jego pracy, <\/span><span style=\"font-family: Book Antiqua, serif;\">\u015awi\u0119ty Papie\u017c Grzegorz III wezwa\u0142 go do Rzymu<\/span><span style=\"font-family: Book Antiqua, serif;\"><b> i na\u0142o\u017cy\u0142 mu uroczy\u015bcie paliusz metropolity \u2013 arcybiskupa<\/b><\/span><span style=\"font-family: Book Antiqua, serif;\"> z w\u0142adz\u0105 mianowania i konsekrowania biskup\u00f3w na terytorium Niemiec na wsch\u00f3d od Renu. Ponadto, Papie\u017c mianowa\u0142 Bonifacego swoim legatem na Frankoni\u0119 i Niemcy. <\/span><\/span><\/span><\/p>\n<p align=\"justify\"><span style=\"color: #000000;\"><span style=\"font-size: large;\"><span style=\"font-family: Book Antiqua, serif;\">Na mocy tak rozleg\u0142ej w\u0142adzy, nasz dzisiejszy Patron <\/span><span style=\"font-family: Book Antiqua, serif;\"><b>zwo\u0142a\u0142 do Bawarii synod, aby do administracji ko\u015bcielnej wprowadzi\u0107 \u0142ad,<\/b><\/span><span style=\"font-family: Book Antiqua, serif;\"> gdy\u017c dotychczasowa akcja mia\u0142a zbyt wyra\u017any charakter okazjonalny i chaotyczny. Dzi\u0119ki poparciu ksi\u0119cia Odilona, zdo\u0142a\u0142 nadto przywr\u00f3ci\u0107 karno\u015b\u0107 ko\u015bcieln\u0105 i ustanowi\u0107 kilka biskupstw. <\/span><\/span><\/span><\/p>\n<p align=\"justify\"><span style=\"color: #000000;\"><span style=\"font-size: large;\"><span style=\"font-family: Book Antiqua, serif;\">Z kolei, <\/span><span style=\"font-family: Book Antiqua, serif;\"><b>we Francji w owym czasie nie zwo\u0142ywano \u017cadnych synod\u00f3w.<\/b><\/span><span style=\"font-family: Book Antiqua, serif;\"> Wiele stolic biskupich by\u0142o nie obsadzonych. W\u015br\u00f3d duchowie\u0144stwa i wiernych upadek karno\u015bci ko\u015bcielnej by\u0142 jaskrawo widoczny. Raport o tej sytuacji Bonifacy przes\u0142a\u0142 do Rzymu, do nowego Papie\u017ca, \u015awi\u0119tego Zachariasza. Otrzyma\u0142 wtedy od niego <\/span><span style=\"font-family: Book Antiqua, serif;\"><b>polecenie, by jako legat papieski zabra\u0142 si\u0119 do koniecznej reformy. Przeprowadzi\u0142 j\u0105 na synodzie generalnym w roku 743.<\/b><\/span><span style=\"font-family: Book Antiqua, serif;\"> Uchwa\u0142y tam podj\u0119te potwierdzi\u0142y synody miejscowe. Ciesz\u0105c si\u0119 z tak obiecuj\u0105cej reformy w Galii, <\/span><span style=\"font-family: Book Antiqua, serif;\"><b>Bonifacy zaproponowa\u0142 podobn\u0105 reform\u0119 Prymasowi Anglii, Kutbertowi,<\/b><\/span><span style=\"font-family: Book Antiqua, serif;\"> kt\u00f3ry j\u0105 faktycznie owocnie przeprowadzi\u0142. <\/span><\/span><\/span><\/p>\n<p align=\"justify\"><span style=\"color: #000000;\"><span style=\"font-size: large;\"><span style=\"font-family: Book Antiqua, serif;\">Maj\u0105c osiemdziesi\u0105t lat, <\/span><span style=\"font-family: Book Antiqua, serif;\"><b>po raz trzeci uda\u0142 si\u0119 Bonifacy na misje do Niemiec.<\/b><\/span><span style=\"font-family: Book Antiqua, serif;\"> Kiedy jednak zapu\u015bci\u0142 si\u0119 w g\u0142\u0105b kraju, zosta\u0142 napadni\u0119ty przez pogan i wraz z pi\u0119\u0107dziesi\u0119cioma dwoma Towarzyszami<\/span><span style=\"font-family: Book Antiqua, serif;\"><b> zamordowany w dniu 5 czerwca 754 roku.<\/b><\/span><span style=\"font-family: Book Antiqua, serif;\"> Jego cia\u0142o spoczywa w Fuldzie, gdzie przy jego grobie co roku zbiera si\u0119 episkopat niemiecki na swoje narady. <\/span><\/span><\/span><\/p>\n<p align=\"justify\"><span style=\"color: #000000;\"><span style=\"font-family: Book Antiqua, serif;\"><span style=\"font-size: large;\">A oto co w jednym z list\u00f3w nasz dzisiejszy Patron napisa\u0142 na temat swojej duszpasterskiej pos\u0142ugi: <\/span><\/span><\/span><span style=\"color: #000000;\"><span style=\"font-family: Book Antiqua, serif;\"><span style=\"font-size: large;\"><b>\u201eKo\u015bci\u00f3\u0142 jest jakby wielk\u0105 \u0142odzi\u0105 p\u0142yn\u0105c\u0105 po morzu tego \u015bwiata.<\/b><\/span><\/span><\/span><span style=\"color: #000000;\"><span style=\"font-family: Book Antiqua, serif;\"><span style=\"font-size: large;\"> Gdy uderzaj\u0105 we\u0144 liczne fale do\u015bwiadcze\u0144, nie wolno jej porzuca\u0107 \u2013 trzeba natomiast kierowa\u0107.<\/span><\/span><\/span> <span style=\"color: #000000;\"><span style=\"font-family: Book Antiqua, serif;\"><span style=\"font-size: large;\">Przyk\u0142ady tego znajdujemy u pierwszych Ojc\u00f3w [\u2026]. Za czas\u00f3w poga\u0144skich cesarzy <\/span><\/span><\/span><span style=\"color: #000000;\"><span style=\"font-family: Book Antiqua, serif;\"><span style=\"font-size: large;\"><b>kierowali oni \u0142odzi\u0105 Chrystusa, Jego umi\u0142owan\u0105 Oblubienic\u0105, to jest Ko\u015bcio\u0142em,<\/b><\/span><\/span><\/span><span style=\"color: #000000;\"><span style=\"font-family: Book Antiqua, serif;\"><span style=\"font-size: large;\"> nauczaj\u0105c, broni\u0105c, pracuj\u0105c i cierpi\u0105c <\/span><\/span><\/span><span style=\"color: #000000;\"><span style=\"font-family: Book Antiqua, serif;\"><span style=\"font-size: large;\"><b>a\u017c do przelania krwi.<\/b><\/span><\/span><\/span><\/p>\n<p align=\"justify\"><span style=\"color: #000000;\"><span style=\"font-family: Book Antiqua, serif;\"><span style=\"font-size: large;\">Kiedy o nich my\u015bl\u0119 oraz im podobnych, ogarnia mnie przera\u017cenie, l\u0119k i obawa z powodu moich grzech\u00f3w. <\/span><\/span><\/span><span style=\"color: #000000;\"><span style=\"font-family: Book Antiqua, serif;\"><span style=\"font-size: large;\"><b>I bardzo chcia\u0142bym opu\u015bci\u0107 ster Ko\u015bcio\u0142a, kt\u00f3ry mi powierzono, gdybym tylko znalaz\u0142 na to usprawiedliwienie w przyk\u0142adzie Ojc\u00f3w lub w s\u0142owach Pisma \u015awi\u0119tego.<\/b><\/span><\/span><\/span><b> <\/b><span style=\"color: #000000;\"><span style=\"font-family: Book Antiqua, serif;\"><span style=\"font-size: large;\">A zatem, skoro tak si\u0119 rzeczy maj\u0105 i prawda mo\u017ce si\u0119 utrudzi\u0107, ale nigdy ulec ani ok\u0142ama\u0107, strudzony m\u00f3j duch ucieka si\u0119 do Boga. [\u2026] <\/span><\/span><\/span><\/p>\n<p align=\"justify\"><span style=\"color: #000000;\"><span style=\"font-family: Book Antiqua, serif;\"><span style=\"font-size: large;\">St\u00f3jmy zatem mocno przy sprawiedliwo\u015bci, przygotujmy siebie na do\u015bwiadczenia, aby\u015bmy otrzymali pomoc od Boga, [\u2026]. Z\u0142\u00f3\u017cmy nasz\u0105 ufno\u015b\u0107 w Tym, kt\u00f3ry nam zwierzy\u0142 ca\u0142y ten ci\u0119\u017car. <\/span><\/span><\/span><span style=\"color: #000000;\"><span style=\"font-family: Book Antiqua, serif;\"><span style=\"font-size: large;\"><b>To, czego sami unie\u015b\u0107 nie mo\u017cemy, nie\u015bmy wsp\u00f3lnie z Tym, kt\u00f3ry jest Wszechmocny.<\/b><\/span><\/span><\/span><span style=\"color: #000000;\"><span style=\"font-family: Book Antiqua, serif;\"><span style=\"font-size: large;\"> [\u2026]<\/span><\/span><\/span> <span style=\"color: #000000;\"><span style=\"font-family: Book Antiqua, serif;\"><span style=\"font-size: large;\">Je\u015bli tak si\u0119 Bogu spodoba, oddajmy \u017cycie za \u015bwi\u0119te prawa naszych ojc\u00f3w, aby\u015bmy zas\u0142u\u017cyli na wieczne z nimi dziedzictwo.<\/span><\/span><\/span><\/p>\n<p align=\"justify\"><span style=\"color: #000000;\"><span style=\"font-size: large;\"><span style=\"font-family: Book Antiqua, serif;\">Nie b\u0105d\u017amy jako nieme psy, nie b\u0105d\u017amy milcz\u0105cymi gapiami, najemnikami uciekaj\u0105cymi przed wilkiem, ale pasterzami troskliwymi, czuwaj\u0105cymi nad owczarni\u0105 Chrystusa. <\/span><span style=\"font-family: Book Antiqua, serif;\"><b>Dop\u00f3ki B\u00f3g udziela nam si\u0142y, g\u0142o\u015bmy ca\u0142\u0105 prawd\u0119 Bo\u017c\u0105 wielkim i ma\u0142ym, bogatym i ubogim, ludziom wszelkiego stanu i wieku, w por\u0119 i nie w por\u0119.\u201d<\/b><\/span><\/span><\/span><\/p>\n<p align=\"justify\"><span style=\"color: #000000;\"><span style=\"font-family: Book Antiqua, serif;\"><span style=\"font-size: large;\">Tyle z listu \u015awi\u0119tego Bonifacego. A my, wpatruj\u0105c si\u0119 w \u015bwietlany przyk\u0142ad jego postawy, oraz zas\u0142uchani w Bo\u017ce s\u0142owo dzisiejszej liturgii, raz jeszcze zapytajmy <b>o nasze <\/b><b>zjednoczenie z Chrystusem <\/b>w naszym my\u015bleniu, m\u00f3wieniu i dzia\u0142aniu\u2026<\/span><\/span><\/span><\/p>\n","protected":false},"excerpt":{"rendered":"<p>Szcz\u0119\u015b\u0107 Bo\u017ce! Moi Drodzy, w dniu dzisiejszym urodziny prze\u017cywaj\u0105: \u25baKsi\u0105dz Pawe\u0142 Kobia\u0142ka \u2013 Wikariusz w mojej rodzinnej Parafii, a jako Alumn pierwszego roku Seminarium: Lektor pierwszego czytania na mojej Mszy \u015awi\u0119tej Prymicyjnej; \u25baKatarzyna Centkowska \u2013 nale\u017c\u0105ca w swoim czasie do jednej z m\u0142odzie\u017cowych Wsp\u00f3lnot. Obojgu Jubilatom \u017cycz\u0119 wszelkich Bo\u017cych \u0142ask. Zapewniam o modlitwie! Dzi\u015b tak\u017ce [&hellip;]<\/p>\n","protected":false},"author":1,"featured_media":0,"comment_status":"open","ping_status":"open","sticky":false,"template":"","format":"standard","meta":{"jetpack_post_was_ever_published":false,"_jetpack_newsletter_access":"","_jetpack_dont_email_post_to_subs":false,"_jetpack_newsletter_tier_id":0,"_jetpack_memberships_contains_paywalled_content":false,"_jetpack_memberships_contains_paid_content":false,"footnotes":""},"categories":[1],"tags":[],"class_list":["post-23885","post","type-post","status-publish","format-standard","hentry","category-bez-kategorii"],"yoast_head":"<!-- This site is optimized with the Yoast SEO plugin v25.1 - https:\/\/yoast.com\/wordpress\/plugins\/seo\/ -->\n<title>Ja w nich... - Gaudium Et Spes<\/title>\n<meta name=\"robots\" content=\"index, follow, max-snippet:-1, max-image-preview:large, max-video-preview:-1\" \/>\n<link rel=\"canonical\" href=\"https:\/\/gaudiumetspes-blog.pl\/index.php\/2025\/06\/05\/ja-w-nich\/\" \/>\n<meta property=\"og:locale\" content=\"pl_PL\" \/>\n<meta property=\"og:type\" content=\"article\" \/>\n<meta property=\"og:title\" content=\"Ja w nich... - Gaudium Et Spes\" \/>\n<meta property=\"og:description\" content=\"Szcz\u0119\u015b\u0107 Bo\u017ce! Moi Drodzy, w dniu dzisiejszym urodziny prze\u017cywaj\u0105: \u25baKsi\u0105dz Pawe\u0142 Kobia\u0142ka \u2013 Wikariusz w mojej rodzinnej Parafii, a jako Alumn pierwszego roku Seminarium: Lektor pierwszego czytania na mojej Mszy \u015awi\u0119tej Prymicyjnej; \u25baKatarzyna Centkowska \u2013 nale\u017c\u0105ca w swoim czasie do jednej z m\u0142odzie\u017cowych Wsp\u00f3lnot. Obojgu Jubilatom \u017cycz\u0119 wszelkich Bo\u017cych \u0142ask. Zapewniam o modlitwie! Dzi\u015b tak\u017ce [&hellip;]\" \/>\n<meta property=\"og:url\" content=\"https:\/\/gaudiumetspes-blog.pl\/index.php\/2025\/06\/05\/ja-w-nich\/\" \/>\n<meta property=\"og:site_name\" content=\"Gaudium Et Spes\" \/>\n<meta property=\"article:published_time\" content=\"2025-06-05T07:16:23+00:00\" \/>\n<meta name=\"author\" content=\"Ks. Jacek\" \/>\n<meta name=\"twitter:card\" content=\"summary_large_image\" \/>\n<meta name=\"twitter:label1\" content=\"Napisane przez\" \/>\n\t<meta name=\"twitter:data1\" content=\"Ks. Jacek\" \/>\n\t<meta name=\"twitter:label2\" content=\"Szacowany czas czytania\" \/>\n\t<meta name=\"twitter:data2\" content=\"12 minut\" \/>\n<script type=\"application\/ld+json\" class=\"yoast-schema-graph\">{\"@context\":\"https:\/\/schema.org\",\"@graph\":[{\"@type\":\"WebPage\",\"@id\":\"https:\/\/gaudiumetspes-blog.pl\/index.php\/2025\/06\/05\/ja-w-nich\/\",\"url\":\"https:\/\/gaudiumetspes-blog.pl\/index.php\/2025\/06\/05\/ja-w-nich\/\",\"name\":\"Ja w nich... - Gaudium Et Spes\",\"isPartOf\":{\"@id\":\"https:\/\/gaudiumetspes-blog.pl\/#website\"},\"datePublished\":\"2025-06-05T07:16:23+00:00\",\"author\":{\"@id\":\"https:\/\/gaudiumetspes-blog.pl\/#\/schema\/person\/1661982992b752dea8dff0d4ed845a65\"},\"breadcrumb\":{\"@id\":\"https:\/\/gaudiumetspes-blog.pl\/index.php\/2025\/06\/05\/ja-w-nich\/#breadcrumb\"},\"inLanguage\":\"pl-PL\",\"potentialAction\":[{\"@type\":\"ReadAction\",\"target\":[\"https:\/\/gaudiumetspes-blog.pl\/index.php\/2025\/06\/05\/ja-w-nich\/\"]}]},{\"@type\":\"BreadcrumbList\",\"@id\":\"https:\/\/gaudiumetspes-blog.pl\/index.php\/2025\/06\/05\/ja-w-nich\/#breadcrumb\",\"itemListElement\":[{\"@type\":\"ListItem\",\"position\":1,\"name\":\"Strona g\u0142\u00f3wna\",\"item\":\"https:\/\/gaudiumetspes-blog.pl\/\"},{\"@type\":\"ListItem\",\"position\":2,\"name\":\"Ja w nich&#8230;\"}]},{\"@type\":\"WebSite\",\"@id\":\"https:\/\/gaudiumetspes-blog.pl\/#website\",\"url\":\"https:\/\/gaudiumetspes-blog.pl\/\",\"name\":\"Gaudium Et Spes\",\"description\":\"Blog Ks. Jacka Ja\u015bkowskiego\",\"potentialAction\":[{\"@type\":\"SearchAction\",\"target\":{\"@type\":\"EntryPoint\",\"urlTemplate\":\"https:\/\/gaudiumetspes-blog.pl\/?s={search_term_string}\"},\"query-input\":{\"@type\":\"PropertyValueSpecification\",\"valueRequired\":true,\"valueName\":\"search_term_string\"}}],\"inLanguage\":\"pl-PL\"},{\"@type\":\"Person\",\"@id\":\"https:\/\/gaudiumetspes-blog.pl\/#\/schema\/person\/1661982992b752dea8dff0d4ed845a65\",\"name\":\"Ks. Jacek\",\"image\":{\"@type\":\"ImageObject\",\"inLanguage\":\"pl-PL\",\"@id\":\"https:\/\/gaudiumetspes-blog.pl\/#\/schema\/person\/image\/\",\"url\":\"https:\/\/gaudiumetspes-blog.pl\/wp-content\/uploads\/2019\/07\/avatar-JJ-150x150.jpg\",\"contentUrl\":\"https:\/\/gaudiumetspes-blog.pl\/wp-content\/uploads\/2019\/07\/avatar-JJ-150x150.jpg\",\"caption\":\"Ks. Jacek\"},\"description\":\"Witam serdecznie! K\u0142ania si\u0119 Ks. Jacek Ja\u015bkowski. Nie jestem ani kim\u015b wa\u017cnym, ani kim\u015b znanym. Jestem ksi\u0119dzem, kt\u00f3ry po prostu chce rozmawia\u0107. Codzienna kap\u0142a\u0144ska pos\u0142uga pokazuje mi, \u017ce temat\u00f3w do rozm\u00f3w z ksi\u0119dzem jest coraz wi\u0119cej i dzisiaj \u017caden ksi\u0105dz nie mo\u017ce od nich ucieka\u0107, ale - wprost przeciwnie - podejmowa\u0107 nowe wyzwania. To przekonanie sk\u0142oni\u0142o mnie do pr\u00f3by otwarcia tego\u017c bloga, chocia\u017c okazji do rozm\u00f3w na co dzie\u0144 - w konfesjonale i poza nim - na szcz\u0119\u015bcie nie brakuje. My\u015bl\u0119 jednak, \u017ce ten blog b\u0119dzie jeszcze jednym sposobem i przestrzeni\u0105 nawi\u0105zania kontaktu z lud\u017ami dobrej woli, otwartymi na dialog.\",\"url\":\"https:\/\/gaudiumetspes-blog.pl\/index.php\/author\/ks-jacek\/\"}]}<\/script>\n<!-- \/ Yoast SEO plugin. -->","yoast_head_json":{"title":"Ja w nich... - Gaudium Et Spes","robots":{"index":"index","follow":"follow","max-snippet":"max-snippet:-1","max-image-preview":"max-image-preview:large","max-video-preview":"max-video-preview:-1"},"canonical":"https:\/\/gaudiumetspes-blog.pl\/index.php\/2025\/06\/05\/ja-w-nich\/","og_locale":"pl_PL","og_type":"article","og_title":"Ja w nich... - Gaudium Et Spes","og_description":"Szcz\u0119\u015b\u0107 Bo\u017ce! Moi Drodzy, w dniu dzisiejszym urodziny prze\u017cywaj\u0105: \u25baKsi\u0105dz Pawe\u0142 Kobia\u0142ka \u2013 Wikariusz w mojej rodzinnej Parafii, a jako Alumn pierwszego roku Seminarium: Lektor pierwszego czytania na mojej Mszy \u015awi\u0119tej Prymicyjnej; \u25baKatarzyna Centkowska \u2013 nale\u017c\u0105ca w swoim czasie do jednej z m\u0142odzie\u017cowych Wsp\u00f3lnot. Obojgu Jubilatom \u017cycz\u0119 wszelkich Bo\u017cych \u0142ask. Zapewniam o modlitwie! Dzi\u015b tak\u017ce [&hellip;]","og_url":"https:\/\/gaudiumetspes-blog.pl\/index.php\/2025\/06\/05\/ja-w-nich\/","og_site_name":"Gaudium Et Spes","article_published_time":"2025-06-05T07:16:23+00:00","author":"Ks. Jacek","twitter_card":"summary_large_image","twitter_misc":{"Napisane przez":"Ks. Jacek","Szacowany czas czytania":"12 minut"},"schema":{"@context":"https:\/\/schema.org","@graph":[{"@type":"WebPage","@id":"https:\/\/gaudiumetspes-blog.pl\/index.php\/2025\/06\/05\/ja-w-nich\/","url":"https:\/\/gaudiumetspes-blog.pl\/index.php\/2025\/06\/05\/ja-w-nich\/","name":"Ja w nich... - Gaudium Et Spes","isPartOf":{"@id":"https:\/\/gaudiumetspes-blog.pl\/#website"},"datePublished":"2025-06-05T07:16:23+00:00","author":{"@id":"https:\/\/gaudiumetspes-blog.pl\/#\/schema\/person\/1661982992b752dea8dff0d4ed845a65"},"breadcrumb":{"@id":"https:\/\/gaudiumetspes-blog.pl\/index.php\/2025\/06\/05\/ja-w-nich\/#breadcrumb"},"inLanguage":"pl-PL","potentialAction":[{"@type":"ReadAction","target":["https:\/\/gaudiumetspes-blog.pl\/index.php\/2025\/06\/05\/ja-w-nich\/"]}]},{"@type":"BreadcrumbList","@id":"https:\/\/gaudiumetspes-blog.pl\/index.php\/2025\/06\/05\/ja-w-nich\/#breadcrumb","itemListElement":[{"@type":"ListItem","position":1,"name":"Strona g\u0142\u00f3wna","item":"https:\/\/gaudiumetspes-blog.pl\/"},{"@type":"ListItem","position":2,"name":"Ja w nich&#8230;"}]},{"@type":"WebSite","@id":"https:\/\/gaudiumetspes-blog.pl\/#website","url":"https:\/\/gaudiumetspes-blog.pl\/","name":"Gaudium Et Spes","description":"Blog Ks. Jacka Ja\u015bkowskiego","potentialAction":[{"@type":"SearchAction","target":{"@type":"EntryPoint","urlTemplate":"https:\/\/gaudiumetspes-blog.pl\/?s={search_term_string}"},"query-input":{"@type":"PropertyValueSpecification","valueRequired":true,"valueName":"search_term_string"}}],"inLanguage":"pl-PL"},{"@type":"Person","@id":"https:\/\/gaudiumetspes-blog.pl\/#\/schema\/person\/1661982992b752dea8dff0d4ed845a65","name":"Ks. Jacek","image":{"@type":"ImageObject","inLanguage":"pl-PL","@id":"https:\/\/gaudiumetspes-blog.pl\/#\/schema\/person\/image\/","url":"https:\/\/gaudiumetspes-blog.pl\/wp-content\/uploads\/2019\/07\/avatar-JJ-150x150.jpg","contentUrl":"https:\/\/gaudiumetspes-blog.pl\/wp-content\/uploads\/2019\/07\/avatar-JJ-150x150.jpg","caption":"Ks. Jacek"},"description":"Witam serdecznie! K\u0142ania si\u0119 Ks. Jacek Ja\u015bkowski. Nie jestem ani kim\u015b wa\u017cnym, ani kim\u015b znanym. Jestem ksi\u0119dzem, kt\u00f3ry po prostu chce rozmawia\u0107. Codzienna kap\u0142a\u0144ska pos\u0142uga pokazuje mi, \u017ce temat\u00f3w do rozm\u00f3w z ksi\u0119dzem jest coraz wi\u0119cej i dzisiaj \u017caden ksi\u0105dz nie mo\u017ce od nich ucieka\u0107, ale - wprost przeciwnie - podejmowa\u0107 nowe wyzwania. To przekonanie sk\u0142oni\u0142o mnie do pr\u00f3by otwarcia tego\u017c bloga, chocia\u017c okazji do rozm\u00f3w na co dzie\u0144 - w konfesjonale i poza nim - na szcz\u0119\u015bcie nie brakuje. My\u015bl\u0119 jednak, \u017ce ten blog b\u0119dzie jeszcze jednym sposobem i przestrzeni\u0105 nawi\u0105zania kontaktu z lud\u017ami dobrej woli, otwartymi na dialog.","url":"https:\/\/gaudiumetspes-blog.pl\/index.php\/author\/ks-jacek\/"}]}},"jetpack_featured_media_url":"","jetpack_sharing_enabled":true,"_links":{"self":[{"href":"https:\/\/gaudiumetspes-blog.pl\/index.php\/wp-json\/wp\/v2\/posts\/23885","targetHints":{"allow":["GET"]}}],"collection":[{"href":"https:\/\/gaudiumetspes-blog.pl\/index.php\/wp-json\/wp\/v2\/posts"}],"about":[{"href":"https:\/\/gaudiumetspes-blog.pl\/index.php\/wp-json\/wp\/v2\/types\/post"}],"author":[{"embeddable":true,"href":"https:\/\/gaudiumetspes-blog.pl\/index.php\/wp-json\/wp\/v2\/users\/1"}],"replies":[{"embeddable":true,"href":"https:\/\/gaudiumetspes-blog.pl\/index.php\/wp-json\/wp\/v2\/comments?post=23885"}],"version-history":[{"count":1,"href":"https:\/\/gaudiumetspes-blog.pl\/index.php\/wp-json\/wp\/v2\/posts\/23885\/revisions"}],"predecessor-version":[{"id":23886,"href":"https:\/\/gaudiumetspes-blog.pl\/index.php\/wp-json\/wp\/v2\/posts\/23885\/revisions\/23886"}],"wp:attachment":[{"href":"https:\/\/gaudiumetspes-blog.pl\/index.php\/wp-json\/wp\/v2\/media?parent=23885"}],"wp:term":[{"taxonomy":"category","embeddable":true,"href":"https:\/\/gaudiumetspes-blog.pl\/index.php\/wp-json\/wp\/v2\/categories?post=23885"},{"taxonomy":"post_tag","embeddable":true,"href":"https:\/\/gaudiumetspes-blog.pl\/index.php\/wp-json\/wp\/v2\/tags?post=23885"}],"curies":[{"name":"wp","href":"https:\/\/api.w.org\/{rel}","templated":true}]}}