{"id":23907,"date":"2025-06-12T08:25:40","date_gmt":"2025-06-12T06:25:40","guid":{"rendered":"https:\/\/gaudiumetspes-blog.pl\/?p=23907"},"modified":"2025-06-12T08:25:40","modified_gmt":"2025-06-12T06:25:40","slug":"powolanie-trzeba-pokochac","status":"publish","type":"post","link":"https:\/\/gaudiumetspes-blog.pl\/index.php\/2025\/06\/12\/powolanie-trzeba-pokochac\/","title":{"rendered":"Powo\u0142anie trzeba pokocha\u0107!"},"content":{"rendered":"<p align=\"justify\"><span style=\"color: #000000;\"><span style=\"font-family: Book Antiqua, serif;\"><span style=\"font-size: large;\">Niech b\u0119dzie pochwalony Jezus Chrystus! Moi Drodzy, w dniu dzisiejszym <b>rocznic\u0119 \u015awi\u0119ce\u0144 kap\u0142a\u0144skich prze\u017cywaj\u0105:<\/b><\/span><\/span><\/span><\/p>\n<p align=\"justify\"><span style=\"color: #000000;\">\u25ba<span style=\"font-family: Book Antiqua, serif;\"><span style=\"font-size: large;\"><b>Ksi\u0105dz S\u0142awomir Brodawka,<\/b><\/span><\/span><\/span><\/p>\n<p align=\"justify\"><span style=\"color: #000000;\">\u25ba<span style=\"font-family: Book Antiqua, serif;\"><span style=\"font-size: large;\"><b>Ksi\u0105dz Krzysztof Buczy\u0144ski,<\/b><\/span><\/span><\/span><\/p>\n<p align=\"justify\"><span style=\"color: #000000;\">\u25ba<span style=\"font-family: Book Antiqua, serif;\"><span style=\"font-size: large;\"><b>Ksi\u0105dz Marek Chomiuk,<\/b><\/span><\/span><\/span><\/p>\n<p align=\"justify\"><span style=\"color: #000000;\">\u25ba<span style=\"font-family: Book Antiqua, serif;\"><span style=\"font-size: large;\"><b>Ksi\u0105dz Piotr Doma\u0144ski,<\/b><\/span><\/span><\/span><\/p>\n<p align=\"justify\"><span style=\"color: #000000;\">\u25ba<span style=\"font-family: Book Antiqua, serif;\"><span style=\"font-size: large;\"><b>Ksi\u0105dz Robert Grzelak,<\/b><\/span><\/span><\/span><\/p>\n<p align=\"justify\"><span style=\"color: #000000;\">\u25ba<span style=\"font-family: Book Antiqua, serif;\"><span style=\"font-size: large;\"><b>Ksi\u0105dz Jerzy Kalinka,<\/b><\/span><\/span><\/span><\/p>\n<p align=\"justify\"><span style=\"color: #000000;\">\u25ba<span style=\"font-family: Book Antiqua, serif;\"><span style=\"font-size: large;\"><b>Ksi\u0105dz Wojciech Kami\u0144ski,<\/b><\/span><\/span><\/span><\/p>\n<p align=\"justify\"><span style=\"color: #000000;\">\u25ba<span style=\"font-family: Book Antiqua, serif;\"><span style=\"font-size: large;\"><b>Ksi\u0105dz Dariusz Karbowiak,<\/b><\/span><\/span><\/span><\/p>\n<p align=\"justify\"><span style=\"color: #000000;\">\u25ba<span style=\"font-family: Book Antiqua, serif;\"><span style=\"font-size: large;\"><b>Ksi\u0105dz Jaros\u0142aw Kisieli\u0144ski,<\/b><\/span><\/span><\/span><\/p>\n<p align=\"justify\"><span style=\"color: #000000;\">\u25ba<span style=\"font-family: Book Antiqua, serif;\"><span style=\"font-size: large;\"><b>Ksi\u0105dz Tadeusz Kowalski,<\/b><\/span><\/span><\/span><\/p>\n<p align=\"justify\"><span style=\"color: #000000;\">\u25ba<span style=\"font-family: Book Antiqua, serif;\"><span style=\"font-size: large;\"><b>Ksi\u0105dz Jacek Lusztyk,<\/b><\/span><\/span><\/span><\/p>\n<p align=\"justify\"><span style=\"color: #000000;\">\u25ba<span style=\"font-family: Book Antiqua, serif;\"><span style=\"font-size: large;\"><b>Ksi\u0105dz Bogus\u0142aw Mich,<\/b><\/span><\/span><\/span><\/p>\n<p align=\"justify\"><span style=\"color: #000000;\">\u25ba<span style=\"font-family: Book Antiqua, serif;\"><span style=\"font-size: large;\"><b>Ksi\u0105dz Robert Miro\u0144czuk,<\/b><\/span><\/span><\/span><\/p>\n<p align=\"justify\"><span style=\"color: #000000;\">\u25ba<span style=\"font-family: Book Antiqua, serif;\"><span style=\"font-size: large;\"><b>Ksi\u0105dz Jacek Mucha,<\/b><\/span><\/span><\/span><\/p>\n<p align=\"justify\"><span style=\"color: #000000;\">\u25ba<span style=\"font-family: Book Antiqua, serif;\"><span style=\"font-size: large;\"><b>Ksi\u0105dz Piotr Pielak,<\/b><\/span><\/span><\/span><\/p>\n<p align=\"justify\"><span style=\"color: #000000;\">\u25ba<span style=\"font-family: Book Antiqua, serif;\"><span style=\"font-size: large;\"><b>Ksi\u0105dz Andrzej Pop\u0142awski,<\/b><\/span><\/span><\/span><\/p>\n<p align=\"justify\"><span style=\"color: #000000;\">\u25ba<span style=\"font-family: Book Antiqua, serif;\"><span style=\"font-size: large;\"><b>Ksi\u0105dz Krzysztof Samsel,<\/b><\/span><\/span><\/span><\/p>\n<p align=\"justify\"><span style=\"color: #000000;\">\u25ba<span style=\"font-family: Book Antiqua, serif;\"><span style=\"font-size: large;\"><b>Ksi\u0105dz S\u0142awomir Sulej,<\/b><\/span><\/span><\/span><\/p>\n<p align=\"justify\"><span style=\"color: #000000;\">\u25ba<span style=\"font-family: Book Antiqua, serif;\"><span style=\"font-size: large;\"><b>Ksi\u0105dz Stanis\u0142aw Szymu\u015b,<\/b><\/span><\/span><\/span><\/p>\n<p align=\"justify\"><span style=\"color: #000000;\">\u25ba<span style=\"font-family: Book Antiqua, serif;\"><span style=\"font-size: large;\"><b>Ksi\u0105dz W\u0142odzimierz W\u0105sowski,<\/b><\/span><\/span><\/span><\/p>\n<p align=\"justify\"><span style=\"color: #000000;\">\u25ba<span style=\"font-family: Book Antiqua, serif;\"><span style=\"font-size: large;\"><b>Ksi\u0105dz Tomasz Zadro\u017cny,<\/b><\/span><\/span><\/span><\/p>\n<p align=\"justify\"><span style=\"color: #000000;\">\u25ba<span style=\"font-family: Book Antiqua, serif;\"><span style=\"font-size: large;\"><b>Ksi\u0105dz Andrzej Zozula,<\/b><\/span><\/span><\/span><\/p>\n<p align=\"justify\"><span style=\"color: #000000;\">\u25ba<span style=\"font-family: Book Antiqua, serif;\"><span style=\"font-size: large;\"><b>Ksi\u0105dz Pawe\u0142 Bielecki,<\/b><\/span><\/span><\/span><\/p>\n<p align=\"justify\"><span style=\"color: #000000;\">\u25ba<span style=\"font-family: Book Antiqua, serif;\"><span style=\"font-size: large;\"><b>Ksi\u0105dz Tomasz Cabaj,<\/b><\/span><\/span><\/span><\/p>\n<p align=\"justify\"><span style=\"color: #000000;\">\u25ba<span style=\"font-family: Book Antiqua, serif;\"><span style=\"font-size: large;\"><b>Ksi\u0105dz Piotr Hawryluk,<\/b><\/span><\/span><\/span><\/p>\n<p align=\"justify\"><span style=\"color: #000000;\">\u25ba<span style=\"font-family: Book Antiqua, serif;\"><span style=\"font-size: large;\"><b>Ksi\u0105dz Dariusz Konieczny,<\/b><\/span><\/span><\/span><\/p>\n<p align=\"justify\"><span style=\"color: #000000;\">\u25ba<span style=\"font-family: Book Antiqua, serif;\"><span style=\"font-size: large;\"><b>Ksi\u0105dz Jaros\u0142aw Kope\u0107,<\/b><\/span><\/span><\/span><\/p>\n<p align=\"justify\"><span style=\"color: #000000;\">\u25ba<span style=\"font-family: Book Antiqua, serif;\"><span style=\"font-size: large;\"><b>Ksi\u0105dz Piotr Osi\u0144ski,<\/b><\/span><\/span><\/span><\/p>\n<p align=\"justify\"><span style=\"color: #000000;\">\u25ba<span style=\"font-family: Book Antiqua, serif;\"><span style=\"font-size: large;\"><b>Ksi\u0105dz \u0141ukasz Pawluk,<\/b><\/span><\/span><\/span><\/p>\n<p align=\"justify\"><span style=\"color: #000000;\">\u25ba<span style=\"font-family: Book Antiqua, serif;\"><span style=\"font-size: large;\"><b>Ksi\u0105dz Wojciech Sobieszek,<\/b><\/span><\/span><\/span><\/p>\n<p align=\"justify\"><span style=\"color: #000000;\">\u25ba<span style=\"font-family: Book Antiqua, serif;\"><span style=\"font-size: large;\"><b>Ksi\u0105dz Mariusz \u015awider,<\/b><\/span><\/span><\/span><\/p>\n<p align=\"justify\"><span style=\"color: #000000;\">\u25ba<span style=\"font-family: Book Antiqua, serif;\"><span style=\"font-size: large;\"><b>Ksi\u0105dz Pawe\u0142 \u017bukowski,<\/b><\/span><\/span><\/span><\/p>\n<p align=\"justify\"><span style=\"color: #000000;\">\u25ba<span style=\"font-family: Book Antiqua, serif;\"><span style=\"font-size: large;\"><b>Ksi\u0105dz Adrian Gendek,<\/b><\/span><\/span><\/span><\/p>\n<p align=\"justify\"><span style=\"color: #000000;\">\u25ba<span style=\"font-family: Book Antiqua, serif;\"><span style=\"font-size: large;\"><b>Ksi\u0105dz Pawe\u0142 Konieczny,<\/b><\/span><\/span><\/span><\/p>\n<p align=\"justify\"><span style=\"color: #000000;\">\u25ba<span style=\"font-family: Book Antiqua, serif;\"><span style=\"font-size: large;\"><b>Ksi\u0105dz \u0141ukasz Kwasowiec,<\/b><\/span><\/span><\/span><\/p>\n<p align=\"justify\"><span style=\"color: #000000;\">\u25ba<span style=\"font-family: Book Antiqua, serif;\"><span style=\"font-size: large;\"><b>Ksi\u0105dz Kacper Osak.<\/b><\/span><\/span><\/span><\/p>\n<p align=\"justify\"><span style=\"color: #000000;\"><span style=\"font-family: Book Antiqua, serif;\"><span style=\"font-size: large;\"><b>Wczoraj natomiast rocznic\u0119 \u015awi\u0119ce\u0144 prze\u017cywa\u0142 Ksi\u0105dz Przemys\u0142aw Ciechanowski, znajomy Proboszcz z Diecezji elbl\u0105skiej.<\/b><\/span><\/span><\/span><\/p>\n<p align=\"justify\"><span style=\"color: #000000;\"><span style=\"font-family: Book Antiqua, serif;\"><span style=\"font-size: large;\"><b>\u017bycz\u0119 Jubilatom, aby ka\u017cdego dnia coraz bardziej wzmacniali sw\u0105 gorliwo\u015b\u0107 i entuzjazm w pe\u0142nieniu kap\u0142a\u0144skiej pos\u0142ugi. Niech Pan nigdy nie pozwoli Im si\u0119 wypali\u0107, zniech\u0119ci\u0107, znu\u017cy\u0107, ale pomo\u017ce dawa\u0107 z siebie wci\u0105\u017c wi\u0119cej i wi\u0119cej \u2013 w osobistym darze dla dobra Ko\u015bcio\u0142a. Zapewniam o modlitwie!<\/b><\/span><\/span><\/span><\/p>\n<p align=\"justify\"><span style=\"color: #000000;\"><span style=\"font-family: Book Antiqua, serif;\"><span style=\"font-size: large;\">A u mnie dzisiaj \u2013 dy\u017cur na Wydzia\u0142ach, przy ulicy \u017bytniej. B\u0119dzie on nieco skr\u00f3cony, po czym przejad\u0119 do Lublina, gdzie o 18:00 odprawi\u0119 Msz\u0119 \u015awi\u0119t\u0105 w \u201emojej\u201d Parafii \u015awi\u0119tego Jana Kantego. Po Mszy \u015awi\u0119tej planuj\u0119 rozmow\u0119 z Lektorem tej\u017ce Parafii, Szymonem Skwarzy\u0144skim, kt\u00f3ry w zesz\u0142ym roku by\u0142 z nami na sp\u0142ywie kajakowym. B\u0119dziemy mieli okazj\u0119 tak spokojnie pogada\u0107 \u2013 o tym i owym\u2026 <\/span><\/span><\/span><\/p>\n<p align=\"justify\"><span style=\"color: #000000;\"><span style=\"font-family: Book Antiqua, serif;\"><span style=\"font-size: large;\">Natomiast jutro, czyli w pi\u0105tek,<b> <\/b><b>1<\/b><b>3<\/b><b> <\/b><b>czerwca<\/b><b> 202<\/b><b>5<\/b><b>., w Katolickim Radiu Podlasie<\/b> <b>odb\u0119dzie si\u0119 audycja, <\/b>w ramach formatu: <b>GAUDIUM ET SPES, <\/b>w cyklu: <b>W BLASKU BO\u017bEGO MI\u0141OSIERDZIA \u2013 SANKTUARIUM W BIA\u0141EJ PODLASKIEJ. <\/b>Ten cykl obejmuje dziesi\u0119\u0107 audycji \u2013 po jednej w miesi\u0105cu, od wrze\u015bnia do czerwca \u2013 promuj\u0105cych to diecezjalne Sanktuarium.<\/span><\/span><\/span><\/p>\n<p align=\"justify\"><span style=\"color: #000000;\"><span style=\"font-family: Book Antiqua, serif;\"><span style=\"font-size: medium;\"><span style=\"font-size: large;\">Jej tematem b\u0119dzie:<\/span><b> <\/b><strong><span style=\"font-size: large;\"><b>ZESP\u00d3\u0141 SZK\u00d3\u0141 KATOLICKICH<\/b><\/span><\/strong><strong><span style=\"font-size: large;\"><b>, <\/b><\/span><\/strong><strong><span style=\"font-size: large;\">a jej<\/span><\/strong><strong><span style=\"font-size: large;\"> Uczestnikami b\u0119d\u0105: <\/span><\/strong><strong><span style=\"font-size: large;\"><b>Dyrekcja, Uczniowie i Absolwenci tych\u017ce Szk\u00f3\u0142.<\/b><\/span><\/strong><\/span><\/span><\/span><\/p>\n<p align=\"justify\"><span style=\"color: #000000;\"><span style=\"font-family: Book Antiqua, serif;\"><span style=\"font-size: medium;\"><span style=\"font-size: large;\">Audycja rozpocznie si\u0119 <\/span><strong><span style=\"font-size: large;\"><b>o godz. 21:40<\/b><\/span><\/strong> <span style=\"font-size: large;\">i potrwa <\/span><strong><span style=\"font-size: large;\"><b>do 23:00.<\/b><\/span><\/strong><span style=\"font-size: large;\"> Zach\u0119cam do s\u0142uchania, oraz do \u0142\u0105czno\u015bci z nami \u2013 telefonicznej <\/span><span style=\"font-size: large;\">lub<\/span><span style=\"font-size: large;\"> smsowej, <\/span><strong><span style=\"font-size: large;\"><b>bo<\/b><\/span><\/strong> <strong><span style=\"font-size: large;\"><b>to<\/b><\/span><\/strong> <strong><span style=\"font-size: large;\"><b>bardzo<\/b><\/span><\/strong> <strong><span style=\"font-size: large;\"><b>ubogaca<\/b><\/span><\/strong> <strong><span style=\"font-size: large;\"><b>audycj\u0119!<\/b><\/span><\/strong><span style=\"font-size: large;\"> Telefon do <\/span><span style=\"font-size: large;\">studia<\/span><span style=\"font-size: large;\"> \u2013 do \u201ewej\u015bcia na \u017cywo\u201d: <\/span><strong><span style=\"font-size: large;\"><b>25 \/ 644 65 55; <\/b><\/span><\/strong><span style=\"font-size: large;\">sms<\/span> <span style=\"font-size: large;\">do Radia:<\/span> <strong><span style=\"font-size: large;\"><b>509 056 590;<\/b><\/span><\/strong> <span style=\"font-size: large;\">sms do mnie:<\/span> <strong><span style=\"font-size: large;\"><b>604 736 981. <\/b><\/span><\/strong><span style=\"font-size: large;\">Mo\u017cna<\/span><span style=\"font-size: large;\"> nas s\u0142ucha\u0107 tak\u017ce w internecie<\/span><span style=\"font-size: large;\">: <\/span><strong><a href=\"https:\/\/radiopodlasie.pl\/radio-online\/\"><span style=\"font-size: large;\"><u><b>https:\/\/radiopodlasie.pl\/radio-online\/<\/b><\/u><\/span><\/a><\/strong> <span style=\"font-size: large;\">lub<\/span><span style=\"font-size: large;\"> ods\u0142ucha\u0107 audycji p\u00f3\u017aniej, w <\/span><span style=\"font-size: large;\">\u00abArchiwum d\u017awi\u0119k\u00f3w\u00bb. <\/span><span style=\"font-size: large;\">Powt\u00f3rka audycji na falach Radia <\/span><strong><span style=\"font-size: large;\">\u2013 <\/span><\/strong><strong><span style=\"font-size: large;\"><b>nast\u0119pnej nocy, oko\u0142o godziny 1:00.<\/b><\/span><\/strong><\/span><\/span><\/span><\/p>\n<p align=\"justify\"><span style=\"color: #000000;\"><span style=\"font-family: Book Antiqua, serif;\"><span style=\"font-size: large;\">A teraz ju\u017c zapraszam do ws\u0142uchania si\u0119 w s\u0142owo Bo\u017ce dzisiejszej liturgii \u2013 w to jak\u017ce pi\u0119kne \u015awi\u0119to! Oto s\u0142\u00f3wko Ksi\u0119dza Marka na dzi\u015b:<\/span><\/span><\/span><\/p>\n<p align=\"justify\"><span style=\"color: #000000;\"><span style=\"font-family: Book Antiqua, serif;\"><span style=\"font-size: medium;\"><a href=\"https:\/\/www.youtube.com\/c\/CatholicSurgut\"><span style=\"font-size: large;\"><b>https:\/\/www.youtube.com\/c\/CatholicSurgut<\/b><\/span><\/a><\/span><\/span><\/span><\/p>\n<p align=\"justify\"><span style=\"color: #000000;\"><span style=\"font-family: Book Antiqua, serif;\"><span style=\"font-size: large;\">Poni\u017cej za\u015b \u2013 s\u0142\u00f3wko Janka! Po pewnej przerwie \u2013 Janek wraca na pok\u0142ad! I dzisiaj wkracza z bardzo mocnym przekazem, za kt\u00f3ry serdecznie dzi\u0119kuj\u0119! Mnie osobi\u015bcie \u2013 s\u0142\u00f3wko to podnosi na duchu i tchnie nadziej\u0105! Dla mnie jest ono bardzo wewn\u0119trznie poruszaj\u0105ce! Dzi\u0119kuj\u0119 Jankowi za ten powr\u00f3t na pok\u0142ad! Na ile czas i okoliczno\u015bci pozwol\u0105, w tej nowej ods\u0142onie Janek b\u0119dzie pisa\u0142 u nas w czwartki! <\/span><\/span><\/span><\/p>\n<p align=\"justify\"><span style=\"color: #000000;\"><span style=\"font-family: Book Antiqua, serif;\"><span style=\"font-size: large;\">Zatem, <b>c<\/b><b>o dzi\u015b \u2013 konkretnie i osobi\u015bcie do mnie \u2013 m\u00f3wi Pan, Najwy\u017cszy Kap\u0142an?<\/b> Duchu \u015awi\u0119ty, podpowiedz\u2026 <\/span><\/span><\/span><\/p>\n<p align=\"justify\"><span style=\"color: #000000;\"><span style=\"font-family: Book Antiqua, serif;\"><span style=\"font-size: large;\"><b>Niech Was b\u0142ogos\u0142awi B\u00f3g Wszechmog\u0105cy: Ojciec + i Syn, i Duch \u015awi\u0119ty. Amen<\/b><\/span><\/span><\/span><\/p>\n<p align=\"center\"><span style=\"color: #000000;\"><span style=\"font-family: Book Antiqua, serif;\"><span style=\"font-size: large;\">Gaudium et spes! Ks. Jacek<\/span><\/span><\/span><\/p>\n<p align=\"center\">\n<p align=\"center\">\n<p align=\"center\">\n<p align=\"center\">\n<p align=\"center\">\n<p align=\"justify\"><span style=\"color: #000000;\"><span style=\"font-family: Book Antiqua, serif;\"><span style=\"font-size: large;\"><b>\u015awi\u0119to Jezusa Chrystusa, Jedynego i Wiecznego Kap\u0142ana, C,<\/b><\/span><\/span><\/span><\/p>\n<p align=\"justify\"><span style=\"color: #000000;\"><span style=\"font-family: Book Antiqua, serif;\"><span style=\"font-size: large;\"><b>12 czerwca 2025.,\u00a0<\/b><\/span><\/span><\/span><\/p>\n<p align=\"justify\"><span style=\"color: #000000;\"><span style=\"font-size: large;\"><span style=\"font-family: Book Antiqua, serif;\"><b>do czyta\u0144: <\/b><\/span> <span style=\"font-family: Book Antiqua, serif;\"><b>Iz 6,1\u20134.8; <\/b><\/span><span style=\"font-family: Book Antiqua, serif;\"><b>albo: <\/b><\/span> <span style=\"font-family: Book Antiqua, serif;\"><b>Hbr 2,10\u201318; J 17,1\u20132 9.14\u201326<\/b><\/span><\/span><\/span><\/p>\n<p align=\"justify\">\n<p align=\"justify\">\n<p align=\"justify\">\n<p align=\"justify\">\n<p align=\"justify\">\n<p align=\"justify\"><span style=\"color: #000000;\"><span style=\"font-family: Book Antiqua, serif;\"><span style=\"font-size: large;\"><b>CZYTANIE Z KSI\u0118GI PROROKA IZAJASZA:<\/b><\/span><\/span><\/span><\/p>\n<p align=\"justify\"><span style=\"color: #000000;\"><span style=\"font-family: Book Antiqua, serif;\"><span style=\"font-size: large;\"><b>W roku \u015bmierci kr\u00f3la Ozjasza ujrza\u0142em Pana zasiadaj\u0105cego na wysokim i wynios\u0142ym tronie, a tren Jego szaty wype\u0142nia\u0142 \u015bwi\u0105tyni\u0119. Serafiny sta\u0142y ponad Nim; ka\u017cdy z nich mia\u0142 po sze\u015b\u0107 skrzyde\u0142; dwoma zakrywa\u0142 sw\u0105 twarz, dwoma okrywa\u0142 swoje nogi, a dwoma lata\u0142.<\/b><\/span><\/span><\/span><\/p>\n<p align=\"justify\"><span style=\"color: #000000;\"><span style=\"font-family: Book Antiqua, serif;\"><span style=\"font-size: large;\"><b>I wo\u0142a\u0142 jeden do drugiego: \u201e\u015awi\u0119ty, \u015awi\u0119ty, \u015awi\u0119ty jest Pan Zast\u0119p\u00f3w. Ca\u0142a ziemia pe\u0142na jest Jego chwa\u0142y\u201d. Od g\u0142osu tego, kt\u00f3ry wo\u0142a\u0142, zadrga\u0142y futryny drzwi, a \u015bwi\u0105tynia nape\u0142ni\u0142a si\u0119 dymem.<\/b><\/span><\/span><\/span><\/p>\n<p align=\"justify\"><span style=\"color: #000000;\"><span style=\"font-family: Book Antiqua, serif;\"><span style=\"font-size: large;\"><b>I us\u0142ysza\u0142em g\u0142os Pana m\u00f3wi\u0105cego: \u201eKogo mam pos\u0142a\u0107? Kto by Nam poszed\u0142?\u201d Odpowiedzia\u0142: \u201eOto ja, po\u015blij mnie!\u201d<\/b><\/span><\/span><\/span><\/p>\n<p align=\"justify\">\n<p align=\"justify\">\n<p align=\"justify\">\n<p align=\"justify\">\n<p align=\"justify\">\n<p align=\"center\"><span style=\"color: #000000;\"><span style=\"font-family: Book Antiqua, serif;\"><span style=\"font-size: large;\"><b>ALBO:<\/b><\/span><\/span><\/span><\/p>\n<p align=\"center\">\n<p align=\"center\">\n<p align=\"center\">\n<p align=\"center\">\n<p align=\"center\">\n<p align=\"justify\"><span style=\"color: #000000;\"><span style=\"font-family: Book Antiqua, serif;\"><span style=\"font-size: large;\"><b>CZYTANIE Z LISTU DO HEBRAJCZYK\u00d3W: <\/b><\/span><\/span><\/span><\/p>\n<p align=\"justify\"><span style=\"color: #000000;\"><span style=\"font-family: Book Antiqua, serif;\"><span style=\"font-size: large;\"><b>Bracia! Przysta\u0142o Bogu, dla kt\u00f3rego wszystko i przez kt\u00f3rego wszystko istnieje, kt\u00f3ry wielu syn\u00f3w do chwa\u0142y doprowadza, aby przewodnika ich zbawienia udoskonali\u0142 przez cierpienia. Tak bowiem Ten, kt\u00f3ry u\u015bwi\u0119ca, jak ci, kt\u00f3rzy maj\u0105 by\u0107 u\u015bwi\u0119ceni, od Jednego wszyscy pochodz\u0105. Z tej to przyczyny nie wstydzi si\u0119 nazywa\u0107 ich bra\u0107mi swymi, m\u00f3wi\u0105c: \u201eOznajmi\u0119 imi\u0119 Twoje braciom moim, po\u015brodku zgromadzenia b\u0119d\u0119 Ci\u0119 wychwala\u0142\u201d. I znowu: \u201eUfno\u015b\u0107 w Nim pok\u0142ada\u0107 b\u0119d\u0119\u201d. I znowu: \u201eOto Ja i dzieci moje, kt\u00f3re Mi da\u0142 B\u00f3g\u201d. <\/b><\/span><\/span><\/span><\/p>\n<p align=\"justify\"><span style=\"color: #000000;\"><span style=\"font-family: Book Antiqua, serif;\"><span style=\"font-size: large;\"><b>Poniewa\u017c za\u015b dzieci maj\u0105 udzia\u0142 we krwi i w ciele, dlatego i On tak\u017ce bez \u017cadnej r\u00f3\u017cnicy otrzyma\u0142 w nich udzia\u0142, aby przez \u015bmier\u0107 pokona\u0107 tego, kt\u00f3ry dzier\u017cy\u0142 w\u0142adz\u0119 nad \u015bmierci\u0105, to jest diab\u0142a, i aby uwolni\u0107 tych wszystkich, kt\u00f3rzy ca\u0142e \u017cycie przez boja\u017a\u0144 \u015bmierci podlegli byli niewoli. <\/b><\/span><\/span><\/span><\/p>\n<p align=\"justify\"><span style=\"color: #000000;\"><span style=\"font-family: Book Antiqua, serif;\"><span style=\"font-size: large;\"><b>Zaiste bowiem nie anio\u0142\u00f3w przygarnia, ale przygarnia potomstwo Abrahamowe. Dlatego musia\u0142 si\u0119 upodobni\u0107 pod ka\u017cdym wzgl\u0119dem do braci, aby sta\u0142 si\u0119 mi\u0142osiernym i wiernym arcykap\u0142anem w tym, co si\u0119 odnosi do Boga \u2013 dla przeb\u0142agania za grzechy ludu. <\/b><\/span><\/span><\/span><\/p>\n<p align=\"justify\"><span style=\"color: #000000;\"><span style=\"font-family: Book Antiqua, serif;\"><span style=\"font-size: large;\"><b>Przez to bowiem, co sam wycierpia\u0142 poddany pr\u00f3bie, mo\u017ce przyj\u015b\u0107 z pomoc\u0105 tym, kt\u00f3rzy jej podlegaj\u0105.<\/b><\/span><\/span><\/span><\/p>\n<p align=\"justify\">\n<p align=\"justify\">\n<p align=\"justify\">\n<p align=\"justify\">\n<p align=\"justify\">\n<p align=\"justify\"><span style=\"color: #000000;\"><span style=\"font-family: Book Antiqua, serif;\"><span style=\"font-size: large;\"><b>S\u0141OWA EWANGELII WED\u0141UG \u015aWI\u0118TEGO JANA: <\/b><\/span><\/span><\/span><\/p>\n<p align=\"justify\"><span style=\"color: #000000;\"><span style=\"font-family: Book Antiqua, serif;\"><span style=\"font-size: large;\"><b>W czasie Ostatniej Wieczerzy Jezus, podni\u00f3s\u0142szy oczy ku niebu, rzek\u0142: <\/b><\/span><\/span><\/span><\/p>\n<p align=\"justify\"><span style=\"color: #000000;\">\u201e<span style=\"font-family: Book Antiqua, serif;\"><span style=\"font-size: large;\"><b>Ojcze, nadesz\u0142a godzina. Otocz swego Syna chwa\u0142\u0105, aby Syn Ciebie ni\u0105 otoczy\u0142 i aby moc\u0105 w\u0142adzy udzielonej Mu przez Ciebie nad ka\u017cdym cz\u0142owiekiem da\u0142 \u017cycie wieczne wszystkim tym, kt\u00f3rych Mu da\u0142e\u015b. <\/b><\/span><\/span><\/span><\/p>\n<p align=\"justify\"><span style=\"color: #000000;\"><span style=\"font-family: Book Antiqua, serif;\"><span style=\"font-size: large;\"><b>Ja za nimi prosz\u0119, nie prosz\u0119 za \u015bwiatem, ale za tymi, kt\u00f3rych Mi da\u0142e\u015b, poniewa\u017c s\u0105 Twoimi. <\/b><\/span><\/span><\/span><\/p>\n<p align=\"justify\"><span style=\"color: #000000;\"><span style=\"font-family: Book Antiqua, serif;\"><span style=\"font-size: large;\"><b>Ja im przekaza\u0142em Twoje s\u0142owo, a \u015bwiat ich znienawidzi\u0142 za to, \u017ce nie s\u0105 ze \u015bwiata, jak i Ja nie jestem ze \u015bwiata. Nie prosz\u0119, aby\u015b ich zabra\u0142 ze \u015bwiata, ale by\u015b ich ustrzeg\u0142 od z\u0142ego. Oni nie s\u0105 ze \u015bwiata, jak i Ja nie jestem ze \u015bwiata. <\/b><\/span><\/span><\/span><\/p>\n<p align=\"justify\"><span style=\"color: #000000;\"><span style=\"font-family: Book Antiqua, serif;\"><span style=\"font-size: large;\"><b>U\u015bwi\u0119\u0107 ich w prawdzie. S\u0142owo Twoje jest prawd\u0105. Jak Ty Mnie pos\u0142a\u0142e\u015b na \u015bwiat, tak i Ja ich na \u015bwiat pos\u0142a\u0142em. A za nich Ja po\u015bwi\u0119cam w ofierze samego siebie, aby i oni byli u\u015bwi\u0119ceni w prawdzie. <\/b><\/span><\/span><\/span><\/p>\n<p align=\"justify\"><span style=\"color: #000000;\"><span style=\"font-family: Book Antiqua, serif;\"><span style=\"font-size: large;\"><b>Nie tylko za nimi prosz\u0119, ale i za tymi, kt\u00f3rzy dzi\u0119ki ich s\u0142owu b\u0119d\u0105 wierzy\u0107 we Mnie; aby wszyscy stanowili jedno, jak Ty, Ojcze, we Mnie, a Ja w Tobie, aby i oni stanowili w Nas jedno, by \u015bwiat uwierzy\u0142, \u017ce Ty Mnie pos\u0142a\u0142e\u015b. <\/b><\/span><\/span><\/span><\/p>\n<p align=\"justify\"><span style=\"color: #000000;\"><span style=\"font-family: Book Antiqua, serif;\"><span style=\"font-size: large;\"><b>I tak\u017ce chwa\u0142\u0119, kt\u00f3r\u0105 Mi da\u0142e\u015b, przekaza\u0142em im, aby stanowili jedno, tak jak My jedno stanowimy. Ja w nich, a Ty we Mnie! Oby si\u0119 tak zespolili w jedno, aby \u015bwiat pozna\u0142, \u017ce Ty Mnie pos\u0142a\u0142e\u015b i \u017ce Ty ich umi\u0142owa\u0142e\u015b, tak jak Mnie umi\u0142owa\u0142e\u015b. <\/b><\/span><\/span><\/span><\/p>\n<p align=\"justify\"><span style=\"color: #000000;\"><span style=\"font-family: Book Antiqua, serif;\"><span style=\"font-size: large;\"><b>Ojcze, chc\u0119, aby tak\u017ce ci, kt\u00f3rych Mi da\u0142e\u015b, byli ze Mn\u0105 tam, gdzie Ja jestem, aby widzieli chwa\u0142\u0119 moj\u0105, kt\u00f3r\u0105 Mi da\u0142e\u015b, bo umi\u0142owa\u0142e\u015b Mnie przed za\u0142o\u017ceniem \u015bwiata. <\/b><\/span><\/span><\/span><\/p>\n<p align=\"justify\"><span style=\"color: #000000;\"><span style=\"font-family: Book Antiqua, serif;\"><span style=\"font-size: large;\"><b>Ojcze sprawiedliwy! \u015awiat Ciebie nie pozna\u0142, lecz Ja Ciebie pozna\u0142em, i oni poznali, \u017ce Ty Mnie pos\u0142a\u0142e\u015b. Objawi\u0142em im Twoje imi\u0119 i nadal b\u0119d\u0119 objawia\u0142, aby mi\u0142o\u015b\u0107, kt\u00f3r\u0105 Ty Mnie umi\u0142owa\u0142e\u015b, w nich by\u0142a i Ja w nich\u201d.<\/b><\/span><\/span><\/span><\/p>\n<p align=\"justify\">\n<p align=\"justify\">\n<p align=\"justify\">\n<p align=\"justify\">\n<p align=\"justify\">\n<p align=\"center\"><span style=\"color: #000000;\"><span style=\"font-family: Book Antiqua, serif;\"><span style=\"font-size: large;\"><b>A <\/b><b>OTO S\u0141\u00d3WKA JANKA:<\/b><\/span><\/span><\/span><\/p>\n<p align=\"center\">\n<p align=\"center\">\n<p align=\"center\">\n<p align=\"center\">\n<p align=\"center\">\n<p align=\"justify\"><span style=\"color: #000000;\"><span style=\"font-family: Book Antiqua, serif;\"><span style=\"font-size: large;\">Dzi\u015b w Ko\u015bciele obchodzimy \u015awi\u0119to Jezusa Chrystusa, Najwy\u017cszego i Wiecznego Kap\u0142ana. W ramach tego \u015bwi\u0119ta, chcemy modli\u0107 si\u0119 o u\u015bwi\u0119cenie kap\u0142an\u00f3w, ale i o nowe, liczne i \u015bwi\u0119te powo\u0142ania kap\u0142a\u0144skie, zakonne oraz misyjne! <\/span><\/span><\/span><\/p>\n<p align=\"justify\"><span style=\"color: #000000;\"><span style=\"font-family: Book Antiqua, serif;\"><span style=\"font-size: large;\">Dzisiejsze czytania pokazuj\u0105 nam \u2013 mo\u017cna powiedzie\u0107 \u2013 ISTOT\u0118 KAP\u0141A\u0143STWA. Pierwsze czytanie, z Ksi\u0119gi Izajasza, pokazuje nam, \u017ce ka\u017cdy kap\u0142an \u2013 ale powiem wi\u0119cej: ka\u017cdy chrze\u015bcijanin \u2013 powinien zakocha\u0107 si\u0119 w Eucharystii! Sp\u00f3jrzmy na ostatnie zdania: <i><b>I us\u0142ysza\u0142em g\u0142os Pana m\u00f3wi\u0105cego: \u201eKogo mam pos\u0142a\u0107? Kto by Nam poszed\u0142?\u201d Odpowiedzia\u0142em: &#8222;Oto ja, po\u015blij mnie!&#8221;<\/b><\/i><\/span><\/span><\/span><\/p>\n<p align=\"justify\"><span style=\"color: #000000;\"><span style=\"font-family: Book Antiqua, serif;\"><span style=\"font-size: large;\">Sp\u00f3jrzmy, \u017ce Izajasz na pytania Pana nie odpowiedzia\u0142: \u201eA mo\u017ce ja?\u201d<i> <\/i>Nie powiedzia\u0142: \u201eJak chcesz, to mnie posy\u0142aj\u2026\u201d<i> <\/i>Zobaczmy, \u017ce Izajasz wr\u0119cz z tak\u0105 stanowczo\u015bci\u0105 i bez zawahania wr\u0119cz wo\u0142a:<i> <\/i><i><b>Oto ja, po\u015blij mnie!<\/b><\/i><\/span><\/span><\/span><\/p>\n<p align=\"justify\"><span style=\"color: #000000;\"><span style=\"font-family: Book Antiqua, serif;\"><span style=\"font-size: large;\">Czy w tym \u015bwiecie jeszcze znajd\u0105 si\u0119 tacy ludzie, kt\u00f3rzy odpowiedz\u0105 tak, jak Izajasz? Odpowied\u017a brzmi: TAK! Zawsz\u0119 tacy ludzie si\u0119 znajd\u0105, ale b\u0119d\u0105 te\u017c tacy, kt\u00f3rzy z du\u017cym zawahaniem b\u0119d\u0105 si\u0119 na to ostatecznie zgadza\u0107\u2026<\/span><\/span><\/span><\/p>\n<p align=\"justify\"><span style=\"color: #000000;\"><span style=\"font-family: Book Antiqua, serif;\"><span style=\"font-size: large;\">Kiedy\u015b, jak rozmy\u015bla\u0142em og\u00f3lnie o powo\u0142aniu, to pojawi\u0142a mi si\u0119 taka my\u015bl: <b>KA\u017bDE POWO\u0141ANIE TRZEBA POKOCHA\u0106. <\/b>Zobaczmy, \u017ce wszyscy jeste\u015bmy powo\u0142ani do jednego: do \u015aWI\u0118TO\u015aCI. To jest cel naszego ziemskiego \u017cycia! Nie to, czy b\u0119d\u0119 mia\u0142 super will\u0119, czy pieni\u0119dzy jak lodu, ale w\u0142a\u015bnie: czy poprzez moje \u017cycie i moje r\u00f3\u017cne decyzje \u2013 osi\u0105gn\u0119 zbawienie. <\/span><\/span><\/span><\/p>\n<p align=\"justify\"><span style=\"color: #000000;\"><span style=\"font-family: Book Antiqua, serif;\"><span style=\"font-size: large;\">Dzisiaj Ko\u015bci\u00f3\u0142 nam przedstawia jedn\u0105 z wielu dr\u00f3g do \u015bwi\u0119to\u015bci: <b>KAP\u0141A\u0143STWO.<\/b> Wielu ludzi twierdzi, \u017ce jest to najtrudniejsza droga. Ale jak\u017ce pi\u0119kna jest to droga! Jest to droga, na kt\u00f3rej mo\u017cna ludzi jedna\u0107 z Bogiem, na kt\u00f3rej mo\u017cna po\u015bwi\u0119ca\u0107 ca\u0142y sw\u00f3j czas dla ludzi! A przede wszystkim \u2013 mo\u017cna sprawowa\u0107 Eucharysti\u0119! <\/span><\/span><\/span><\/p>\n<p align=\"justify\"><span style=\"color: #000000;\"><span style=\"font-family: Book Antiqua, serif;\"><span style=\"font-size: large;\">Kiedy\u015b, jak na by\u0142em na kawie u mojego Proboszcza, to opowiada\u0142 mi o namaszczeniu chorych. Wiele razy je\u017adzi\u0142 do ludzi z Jezusem i do tej pory nie potrafi zrozumie\u0107 jednego. Ot\u00f3\u017c, by\u0142y przypadki, kiedy to rodzina kap\u0142anowi m\u00f3wi\u0142a, \u017ce ta babcia czy dziadek le\u017cy, ca\u0142y czas \u015bpi, nie ma si\u0142y, nie ma z nim ju\u017c kontaktu, to gdy kap\u0142an z Jezusem przychodzi\u0142, ten cz\u0142owiek odzyskiwa\u0142 \u015bwiadomo\u015b\u0107. Wyspowiada\u0142 si\u0119, przyj\u0105\u0142 Jezusa i namaszczenie. A gdy kap\u0142an odchodzi\u0142, zn\u00f3w babcia czy dziadek tracili \u015bwiadomo\u015b\u0107 i kontakt z lud\u017ami, a bardzo cz\u0119sto, w nast\u0119pnych godzinach, odchodzili ju\u017c do Pana\u2026<\/span><\/span><\/span><\/p>\n<p align=\"justify\"><span style=\"color: #000000;\"><span style=\"font-family: Book Antiqua, serif;\"><span style=\"font-size: large;\">To mi pokazuje, \u017ce Jezus jest tym wiecznym i najwy\u017cszym Kap\u0142anem! On jest Panem \u017cycia i \u015bmierci i On wszystko mo\u017ce! Tylko czy my w to wierzymy? <\/span><\/span><\/span><\/p>\n<p align=\"justify\"><span style=\"color: #000000;\"><span style=\"font-family: Book Antiqua, serif;\"><span style=\"font-size: large;\">Zobaczmy, \u017ce to nie byle kto daje zaproszenie m\u0119\u017cczyznom do kap\u0142a\u0144stwa Jezusa Chrystusa, ale sam B\u00f3g! Nie daje nam tego pan Kowalski z ulicy \u2013 ani ksi\u0105dz Kowalski \u2013 ale sam B\u00f3g nas zaprasza! Gdy ludzie to sobie u\u015bwiadomi\u0105, to b\u0119d\u0105 brali przyk\u0142ad z Izajasza i b\u0119d\u0105 wo\u0142a\u0107: <i><b>Oto ja, po\u015blij mnie!<\/b><\/i><\/span><\/span><\/span><\/p>\n<p align=\"justify\"><span style=\"color: #000000;\"><span style=\"font-family: Book Antiqua, serif;\"><span style=\"font-size: large;\">W powo\u0142aniu bardzo wa\u017cna jest te\u017c modlitwa. Bez niej nie by\u0142oby odwagi do p\u00f3j\u015bcia za Nim, ale nie by\u0142oby te\u017c kap\u0142a\u0144stwa. Dzi\u015b Jezus w Ewangelii par\u0119 razy m\u00f3wi, \u017ceby ludzie byli jedno! JEDNO Z BOGIEM! Bycie Jedno z Bogiem to dla mnie idealny obraz relacji na linii: B\u00d3G \u2013 CZ\u0141OWIEK. <\/span><\/span><\/span><\/p>\n<p align=\"justify\"><span style=\"color: #000000;\"><span style=\"font-family: Book Antiqua, serif;\"><span style=\"font-size: large;\">Ja mog\u0119 z r\u0119k\u0105 na sercu powiedzie\u0107, \u017ce mi osobi\u015bcie ci\u0119\u017cko jest si\u0119 modli\u0107. Wiele razy musz\u0119 zawalczy\u0107 o t\u0119 relacj\u0119, o t\u0119 modlitw\u0119. Ale gdy walczymy, to my pokazujemy, \u017ce zale\u017cy nam na danej relacji. Z\u0142y b\u0119dzie pr\u00f3bowa\u0142 robi\u0107 wszystko, aby zniszczy\u0107 t\u0119 relacj\u0119 cz\u0142owieka z Bogiem. B\u0119dzie nam m\u00f3wi\u0142, \u017ce jest ona bez sensu. Pami\u0119tajmy, \u017ce nigdy to nie jest strata czasu! Je\u017celi kogo\u015b kochasz, to jeste\u015b w stanie po\u015bwi\u0119ci\u0107 si\u0119 dla Niego i przede wszystkim walczy\u0107 o Niego!<\/span><\/span><\/span><\/p>\n<p align=\"justify\"><span style=\"color: #000000;\"><span style=\"font-family: Book Antiqua, serif;\"><span style=\"font-size: large;\">Wa\u017cne jest te\u017c, aby pokocha\u0107 modlitw\u0119! Nie tylko modlitw\u0119 za siebie, ale te\u017c i za innych! Gdy pisa\u0142em matur\u0119, to naprawd\u0119 cieszy\u0142em si\u0119, gdy s\u0142ysza\u0142em od parafian zdanie:<i> <\/i>\u201eModli\u0142em si\u0119 (modli\u0142am si\u0119) za Ciebie! A jeszcze bardziej si\u0119 cieszy\u0142em, gdy ludzie wr\u0119cz dzwonili i pytali, jak matura mi posz\u0142a. Nie wiem sk\u0105d mieli m\u00f3j numer, ale to zapewnienie o modlitwie i ta \u017cyczliwo\u015b\u0107 \u2013 to jest co\u015b wspania\u0142ego! Bardzo Bogu za to dzi\u0119kuj\u0119! <\/span><\/span><\/span><\/p>\n<p align=\"justify\"><span style=\"color: #000000;\"><span style=\"font-family: Book Antiqua, serif;\"><span style=\"font-size: large;\">Dlatego i my, moi Drodzy, m\u00f3dlmy si\u0119 za kap\u0142an\u00f3w, bo to jest bardzo wa\u017cne! Polecajmy dzi\u015b szczeg\u00f3lnie naszych ksi\u0119\u017cy proboszcz\u00f3w, wikarych, rezydent\u00f3w, biskup\u00f3w \u2013 oraz naszego Papie\u017ca Leona! Dzi\u0119kujmy za nich Bogu, ale pro\u015bmy te\u017c o nowe powo\u0142ania. Robotnik\u00f3w zaczyna brakowa\u0107. Kolejny proboszcz w naszej diecezji b\u0119dzie zarz\u0105dza\u0142 dwiema parafiami! Dlatego m\u00f3dlmy si\u0119 o t\u0119 odwag\u0119 ale i swoim przyk\u0142adem \u2013 przyk\u0142adem odwagi i mi\u0142o\u015bci do Boga \u2013 pokazujmy ludziom, \u017ce B\u00f3g to nie jest zwyk\u0142y \u201ekto\u015b\u201d, ale wr\u0119cz przeciwnie: ON JEST NIEZWYK\u0141Y! ON WSZYSTKO MO\u017bE! <\/span><\/span><\/span><\/p>\n<p align=\"justify\"><span style=\"color: #000000;\"><span style=\"font-family: Book Antiqua, serif;\"><span style=\"font-size: large;\">M\u00f3dlmy si\u0119, bo w dzisiejszych czasach, modlitwa jest bardzo potrzebna!<\/span><\/span><\/span><\/p>\n","protected":false},"excerpt":{"rendered":"<p>Niech b\u0119dzie pochwalony Jezus Chrystus! Moi Drodzy, w dniu dzisiejszym rocznic\u0119 \u015awi\u0119ce\u0144 kap\u0142a\u0144skich prze\u017cywaj\u0105: \u25baKsi\u0105dz S\u0142awomir Brodawka, \u25baKsi\u0105dz Krzysztof Buczy\u0144ski, \u25baKsi\u0105dz Marek Chomiuk, \u25baKsi\u0105dz Piotr Doma\u0144ski, \u25baKsi\u0105dz Robert Grzelak, \u25baKsi\u0105dz Jerzy Kalinka, \u25baKsi\u0105dz Wojciech Kami\u0144ski, \u25baKsi\u0105dz Dariusz Karbowiak, \u25baKsi\u0105dz Jaros\u0142aw Kisieli\u0144ski, \u25baKsi\u0105dz Tadeusz Kowalski, \u25baKsi\u0105dz Jacek Lusztyk, \u25baKsi\u0105dz Bogus\u0142aw Mich, \u25baKsi\u0105dz Robert Miro\u0144czuk, \u25baKsi\u0105dz Jacek [&hellip;]<\/p>\n","protected":false},"author":1,"featured_media":0,"comment_status":"open","ping_status":"open","sticky":false,"template":"","format":"standard","meta":{"jetpack_post_was_ever_published":false,"_jetpack_newsletter_access":"","_jetpack_dont_email_post_to_subs":false,"_jetpack_newsletter_tier_id":0,"_jetpack_memberships_contains_paywalled_content":false,"_jetpack_memberships_contains_paid_content":false,"footnotes":""},"categories":[1],"tags":[],"class_list":["post-23907","post","type-post","status-publish","format-standard","hentry","category-bez-kategorii"],"yoast_head":"<!-- This site is optimized with the Yoast SEO plugin v25.1 - https:\/\/yoast.com\/wordpress\/plugins\/seo\/ -->\n<title>Powo\u0142anie trzeba pokocha\u0107! - Gaudium Et Spes<\/title>\n<meta name=\"robots\" content=\"index, follow, max-snippet:-1, max-image-preview:large, max-video-preview:-1\" \/>\n<link rel=\"canonical\" href=\"https:\/\/gaudiumetspes-blog.pl\/index.php\/2025\/06\/12\/powolanie-trzeba-pokochac\/\" \/>\n<meta property=\"og:locale\" content=\"pl_PL\" \/>\n<meta property=\"og:type\" content=\"article\" \/>\n<meta property=\"og:title\" content=\"Powo\u0142anie trzeba pokocha\u0107! - Gaudium Et Spes\" \/>\n<meta property=\"og:description\" content=\"Niech b\u0119dzie pochwalony Jezus Chrystus! Moi Drodzy, w dniu dzisiejszym rocznic\u0119 \u015awi\u0119ce\u0144 kap\u0142a\u0144skich prze\u017cywaj\u0105: \u25baKsi\u0105dz S\u0142awomir Brodawka, \u25baKsi\u0105dz Krzysztof Buczy\u0144ski, \u25baKsi\u0105dz Marek Chomiuk, \u25baKsi\u0105dz Piotr Doma\u0144ski, \u25baKsi\u0105dz Robert Grzelak, \u25baKsi\u0105dz Jerzy Kalinka, \u25baKsi\u0105dz Wojciech Kami\u0144ski, \u25baKsi\u0105dz Dariusz Karbowiak, \u25baKsi\u0105dz Jaros\u0142aw Kisieli\u0144ski, \u25baKsi\u0105dz Tadeusz Kowalski, \u25baKsi\u0105dz Jacek Lusztyk, \u25baKsi\u0105dz Bogus\u0142aw Mich, \u25baKsi\u0105dz Robert Miro\u0144czuk, \u25baKsi\u0105dz Jacek [&hellip;]\" \/>\n<meta property=\"og:url\" content=\"https:\/\/gaudiumetspes-blog.pl\/index.php\/2025\/06\/12\/powolanie-trzeba-pokochac\/\" \/>\n<meta property=\"og:site_name\" content=\"Gaudium Et Spes\" \/>\n<meta property=\"article:published_time\" content=\"2025-06-12T06:25:40+00:00\" \/>\n<meta name=\"author\" content=\"Ks. Jacek\" \/>\n<meta name=\"twitter:card\" content=\"summary_large_image\" \/>\n<meta name=\"twitter:label1\" content=\"Napisane przez\" \/>\n\t<meta name=\"twitter:data1\" content=\"Ks. Jacek\" \/>\n\t<meta name=\"twitter:label2\" content=\"Szacowany czas czytania\" \/>\n\t<meta name=\"twitter:data2\" content=\"12 minut\" \/>\n<script type=\"application\/ld+json\" class=\"yoast-schema-graph\">{\"@context\":\"https:\/\/schema.org\",\"@graph\":[{\"@type\":\"WebPage\",\"@id\":\"https:\/\/gaudiumetspes-blog.pl\/index.php\/2025\/06\/12\/powolanie-trzeba-pokochac\/\",\"url\":\"https:\/\/gaudiumetspes-blog.pl\/index.php\/2025\/06\/12\/powolanie-trzeba-pokochac\/\",\"name\":\"Powo\u0142anie trzeba pokocha\u0107! - Gaudium Et Spes\",\"isPartOf\":{\"@id\":\"https:\/\/gaudiumetspes-blog.pl\/#website\"},\"datePublished\":\"2025-06-12T06:25:40+00:00\",\"author\":{\"@id\":\"https:\/\/gaudiumetspes-blog.pl\/#\/schema\/person\/1661982992b752dea8dff0d4ed845a65\"},\"breadcrumb\":{\"@id\":\"https:\/\/gaudiumetspes-blog.pl\/index.php\/2025\/06\/12\/powolanie-trzeba-pokochac\/#breadcrumb\"},\"inLanguage\":\"pl-PL\",\"potentialAction\":[{\"@type\":\"ReadAction\",\"target\":[\"https:\/\/gaudiumetspes-blog.pl\/index.php\/2025\/06\/12\/powolanie-trzeba-pokochac\/\"]}]},{\"@type\":\"BreadcrumbList\",\"@id\":\"https:\/\/gaudiumetspes-blog.pl\/index.php\/2025\/06\/12\/powolanie-trzeba-pokochac\/#breadcrumb\",\"itemListElement\":[{\"@type\":\"ListItem\",\"position\":1,\"name\":\"Strona g\u0142\u00f3wna\",\"item\":\"https:\/\/gaudiumetspes-blog.pl\/\"},{\"@type\":\"ListItem\",\"position\":2,\"name\":\"Powo\u0142anie trzeba pokocha\u0107!\"}]},{\"@type\":\"WebSite\",\"@id\":\"https:\/\/gaudiumetspes-blog.pl\/#website\",\"url\":\"https:\/\/gaudiumetspes-blog.pl\/\",\"name\":\"Gaudium Et Spes\",\"description\":\"Blog Ks. Jacka Ja\u015bkowskiego\",\"potentialAction\":[{\"@type\":\"SearchAction\",\"target\":{\"@type\":\"EntryPoint\",\"urlTemplate\":\"https:\/\/gaudiumetspes-blog.pl\/?s={search_term_string}\"},\"query-input\":{\"@type\":\"PropertyValueSpecification\",\"valueRequired\":true,\"valueName\":\"search_term_string\"}}],\"inLanguage\":\"pl-PL\"},{\"@type\":\"Person\",\"@id\":\"https:\/\/gaudiumetspes-blog.pl\/#\/schema\/person\/1661982992b752dea8dff0d4ed845a65\",\"name\":\"Ks. Jacek\",\"image\":{\"@type\":\"ImageObject\",\"inLanguage\":\"pl-PL\",\"@id\":\"https:\/\/gaudiumetspes-blog.pl\/#\/schema\/person\/image\/\",\"url\":\"https:\/\/gaudiumetspes-blog.pl\/wp-content\/uploads\/2019\/07\/avatar-JJ-150x150.jpg\",\"contentUrl\":\"https:\/\/gaudiumetspes-blog.pl\/wp-content\/uploads\/2019\/07\/avatar-JJ-150x150.jpg\",\"caption\":\"Ks. Jacek\"},\"description\":\"Witam serdecznie! K\u0142ania si\u0119 Ks. Jacek Ja\u015bkowski. Nie jestem ani kim\u015b wa\u017cnym, ani kim\u015b znanym. Jestem ksi\u0119dzem, kt\u00f3ry po prostu chce rozmawia\u0107. Codzienna kap\u0142a\u0144ska pos\u0142uga pokazuje mi, \u017ce temat\u00f3w do rozm\u00f3w z ksi\u0119dzem jest coraz wi\u0119cej i dzisiaj \u017caden ksi\u0105dz nie mo\u017ce od nich ucieka\u0107, ale - wprost przeciwnie - podejmowa\u0107 nowe wyzwania. To przekonanie sk\u0142oni\u0142o mnie do pr\u00f3by otwarcia tego\u017c bloga, chocia\u017c okazji do rozm\u00f3w na co dzie\u0144 - w konfesjonale i poza nim - na szcz\u0119\u015bcie nie brakuje. My\u015bl\u0119 jednak, \u017ce ten blog b\u0119dzie jeszcze jednym sposobem i przestrzeni\u0105 nawi\u0105zania kontaktu z lud\u017ami dobrej woli, otwartymi na dialog.\",\"url\":\"https:\/\/gaudiumetspes-blog.pl\/index.php\/author\/ks-jacek\/\"}]}<\/script>\n<!-- \/ Yoast SEO plugin. -->","yoast_head_json":{"title":"Powo\u0142anie trzeba pokocha\u0107! - Gaudium Et Spes","robots":{"index":"index","follow":"follow","max-snippet":"max-snippet:-1","max-image-preview":"max-image-preview:large","max-video-preview":"max-video-preview:-1"},"canonical":"https:\/\/gaudiumetspes-blog.pl\/index.php\/2025\/06\/12\/powolanie-trzeba-pokochac\/","og_locale":"pl_PL","og_type":"article","og_title":"Powo\u0142anie trzeba pokocha\u0107! - Gaudium Et Spes","og_description":"Niech b\u0119dzie pochwalony Jezus Chrystus! Moi Drodzy, w dniu dzisiejszym rocznic\u0119 \u015awi\u0119ce\u0144 kap\u0142a\u0144skich prze\u017cywaj\u0105: \u25baKsi\u0105dz S\u0142awomir Brodawka, \u25baKsi\u0105dz Krzysztof Buczy\u0144ski, \u25baKsi\u0105dz Marek Chomiuk, \u25baKsi\u0105dz Piotr Doma\u0144ski, \u25baKsi\u0105dz Robert Grzelak, \u25baKsi\u0105dz Jerzy Kalinka, \u25baKsi\u0105dz Wojciech Kami\u0144ski, \u25baKsi\u0105dz Dariusz Karbowiak, \u25baKsi\u0105dz Jaros\u0142aw Kisieli\u0144ski, \u25baKsi\u0105dz Tadeusz Kowalski, \u25baKsi\u0105dz Jacek Lusztyk, \u25baKsi\u0105dz Bogus\u0142aw Mich, \u25baKsi\u0105dz Robert Miro\u0144czuk, \u25baKsi\u0105dz Jacek [&hellip;]","og_url":"https:\/\/gaudiumetspes-blog.pl\/index.php\/2025\/06\/12\/powolanie-trzeba-pokochac\/","og_site_name":"Gaudium Et Spes","article_published_time":"2025-06-12T06:25:40+00:00","author":"Ks. Jacek","twitter_card":"summary_large_image","twitter_misc":{"Napisane przez":"Ks. Jacek","Szacowany czas czytania":"12 minut"},"schema":{"@context":"https:\/\/schema.org","@graph":[{"@type":"WebPage","@id":"https:\/\/gaudiumetspes-blog.pl\/index.php\/2025\/06\/12\/powolanie-trzeba-pokochac\/","url":"https:\/\/gaudiumetspes-blog.pl\/index.php\/2025\/06\/12\/powolanie-trzeba-pokochac\/","name":"Powo\u0142anie trzeba pokocha\u0107! - Gaudium Et Spes","isPartOf":{"@id":"https:\/\/gaudiumetspes-blog.pl\/#website"},"datePublished":"2025-06-12T06:25:40+00:00","author":{"@id":"https:\/\/gaudiumetspes-blog.pl\/#\/schema\/person\/1661982992b752dea8dff0d4ed845a65"},"breadcrumb":{"@id":"https:\/\/gaudiumetspes-blog.pl\/index.php\/2025\/06\/12\/powolanie-trzeba-pokochac\/#breadcrumb"},"inLanguage":"pl-PL","potentialAction":[{"@type":"ReadAction","target":["https:\/\/gaudiumetspes-blog.pl\/index.php\/2025\/06\/12\/powolanie-trzeba-pokochac\/"]}]},{"@type":"BreadcrumbList","@id":"https:\/\/gaudiumetspes-blog.pl\/index.php\/2025\/06\/12\/powolanie-trzeba-pokochac\/#breadcrumb","itemListElement":[{"@type":"ListItem","position":1,"name":"Strona g\u0142\u00f3wna","item":"https:\/\/gaudiumetspes-blog.pl\/"},{"@type":"ListItem","position":2,"name":"Powo\u0142anie trzeba pokocha\u0107!"}]},{"@type":"WebSite","@id":"https:\/\/gaudiumetspes-blog.pl\/#website","url":"https:\/\/gaudiumetspes-blog.pl\/","name":"Gaudium Et Spes","description":"Blog Ks. Jacka Ja\u015bkowskiego","potentialAction":[{"@type":"SearchAction","target":{"@type":"EntryPoint","urlTemplate":"https:\/\/gaudiumetspes-blog.pl\/?s={search_term_string}"},"query-input":{"@type":"PropertyValueSpecification","valueRequired":true,"valueName":"search_term_string"}}],"inLanguage":"pl-PL"},{"@type":"Person","@id":"https:\/\/gaudiumetspes-blog.pl\/#\/schema\/person\/1661982992b752dea8dff0d4ed845a65","name":"Ks. Jacek","image":{"@type":"ImageObject","inLanguage":"pl-PL","@id":"https:\/\/gaudiumetspes-blog.pl\/#\/schema\/person\/image\/","url":"https:\/\/gaudiumetspes-blog.pl\/wp-content\/uploads\/2019\/07\/avatar-JJ-150x150.jpg","contentUrl":"https:\/\/gaudiumetspes-blog.pl\/wp-content\/uploads\/2019\/07\/avatar-JJ-150x150.jpg","caption":"Ks. Jacek"},"description":"Witam serdecznie! K\u0142ania si\u0119 Ks. Jacek Ja\u015bkowski. Nie jestem ani kim\u015b wa\u017cnym, ani kim\u015b znanym. Jestem ksi\u0119dzem, kt\u00f3ry po prostu chce rozmawia\u0107. Codzienna kap\u0142a\u0144ska pos\u0142uga pokazuje mi, \u017ce temat\u00f3w do rozm\u00f3w z ksi\u0119dzem jest coraz wi\u0119cej i dzisiaj \u017caden ksi\u0105dz nie mo\u017ce od nich ucieka\u0107, ale - wprost przeciwnie - podejmowa\u0107 nowe wyzwania. To przekonanie sk\u0142oni\u0142o mnie do pr\u00f3by otwarcia tego\u017c bloga, chocia\u017c okazji do rozm\u00f3w na co dzie\u0144 - w konfesjonale i poza nim - na szcz\u0119\u015bcie nie brakuje. My\u015bl\u0119 jednak, \u017ce ten blog b\u0119dzie jeszcze jednym sposobem i przestrzeni\u0105 nawi\u0105zania kontaktu z lud\u017ami dobrej woli, otwartymi na dialog.","url":"https:\/\/gaudiumetspes-blog.pl\/index.php\/author\/ks-jacek\/"}]}},"jetpack_featured_media_url":"","jetpack_sharing_enabled":true,"_links":{"self":[{"href":"https:\/\/gaudiumetspes-blog.pl\/index.php\/wp-json\/wp\/v2\/posts\/23907","targetHints":{"allow":["GET"]}}],"collection":[{"href":"https:\/\/gaudiumetspes-blog.pl\/index.php\/wp-json\/wp\/v2\/posts"}],"about":[{"href":"https:\/\/gaudiumetspes-blog.pl\/index.php\/wp-json\/wp\/v2\/types\/post"}],"author":[{"embeddable":true,"href":"https:\/\/gaudiumetspes-blog.pl\/index.php\/wp-json\/wp\/v2\/users\/1"}],"replies":[{"embeddable":true,"href":"https:\/\/gaudiumetspes-blog.pl\/index.php\/wp-json\/wp\/v2\/comments?post=23907"}],"version-history":[{"count":1,"href":"https:\/\/gaudiumetspes-blog.pl\/index.php\/wp-json\/wp\/v2\/posts\/23907\/revisions"}],"predecessor-version":[{"id":23908,"href":"https:\/\/gaudiumetspes-blog.pl\/index.php\/wp-json\/wp\/v2\/posts\/23907\/revisions\/23908"}],"wp:attachment":[{"href":"https:\/\/gaudiumetspes-blog.pl\/index.php\/wp-json\/wp\/v2\/media?parent=23907"}],"wp:term":[{"taxonomy":"category","embeddable":true,"href":"https:\/\/gaudiumetspes-blog.pl\/index.php\/wp-json\/wp\/v2\/categories?post=23907"},{"taxonomy":"post_tag","embeddable":true,"href":"https:\/\/gaudiumetspes-blog.pl\/index.php\/wp-json\/wp\/v2\/tags?post=23907"}],"curies":[{"name":"wp","href":"https:\/\/api.w.org\/{rel}","templated":true}]}}