{"id":23920,"date":"2025-06-18T08:42:37","date_gmt":"2025-06-18T06:42:37","guid":{"rendered":"https:\/\/gaudiumetspes-blog.pl\/?p=23920"},"modified":"2025-06-18T08:42:37","modified_gmt":"2025-06-18T06:42:37","slug":"dawac-czy-nie-dawac","status":"publish","type":"post","link":"https:\/\/gaudiumetspes-blog.pl\/index.php\/2025\/06\/18\/dawac-czy-nie-dawac\/","title":{"rendered":"Dawa\u0107 &#8211; czy nie dawa\u0107?"},"content":{"rendered":"<p align=\"justify\"><span style=\"color: #000000;\"><span style=\"font-family: Book Antiqua, serif;\"><span style=\"font-size: large;\">Szcz\u0119\u015b\u0107 Bo\u017ce! Moi Drodzy, w dniu dzisiejszym <b>rocznic\u0119 \u015awi\u0119ce\u0144 kap\u0142a\u0144skich prze\u017cywaj\u0105:<\/b><\/span><\/span><\/span><\/p>\n<p align=\"justify\"><span style=\"color: #000000;\">\u25ba<span style=\"font-family: Book Antiqua, serif;\"><span style=\"font-size: large;\"><b>Ksi\u0105dz \u0141ukasz Ka\u0142aska,<\/b><\/span><\/span><\/span><\/p>\n<p align=\"justify\"><span style=\"color: #000000;\">\u25ba<span style=\"font-family: Book Antiqua, serif;\"><span style=\"font-size: large;\"><b>Ksi\u0105dz Jakub Kozak,<\/b><\/span><\/span><\/span><\/p>\n<p align=\"justify\"><span style=\"color: #000000;\">\u25ba<span style=\"font-family: Book Antiqua, serif;\"><span style=\"font-size: large;\"><b>Ksi\u0105dz Pawe\u0142 Wojdat<\/b><\/span><\/span><\/span><\/p>\n<p align=\"justify\"><span style=\"color: #000000;\"><span style=\"font-family: Book Antiqua, serif;\"><span style=\"font-size: large;\"><b>Imieniny natomiast prze\u017cywa El\u017cbieta Kowalska \u2013 Osoba czynnie zaanga\u017cowana w \u017cycie Parafii w Tr\u0105bkach, co pami\u0119tam jeszcze z czas\u00f3w, kiedy sam pos\u0142ugiwa\u0142em w tej Parafii.<\/b><\/span><\/span><\/span><\/p>\n<p align=\"justify\"><span style=\"color: #000000;\"><span style=\"font-family: Book Antiqua, serif;\"><span style=\"font-size: large;\"><b>Niech Pan wszystkim \u015bwi\u0119tuj\u0105cym udzieli wszelkich swoich dar\u00f3w. Zapewniam o modlitwie!<\/b><\/span><\/span><\/span><\/p>\n<p align=\"justify\"><span style=\"color: #000000;\"><span style=\"font-family: Book Antiqua, serif;\"><span style=\"font-size: large;\">A u mnie dzisiaj \u2013 dzie\u0144 na miejscu, w Siedlcach. Chcia\u0142bym poza\u0142atwia\u0107 troch\u0119 spraw, nadrobi\u0107 zaleg\u0142o\u015bci telefoniczne. Natomiast o 17:30 \u2013 w naszym Duszpasterstwie \u2013 Msza \u015awi\u0119ta w intencji Ma\u0142\u017conk\u00f3w, \u015bwi\u0119tuj\u0105cych rocznic\u0119 zawarcia sakramentalnego Ma\u0142\u017ce\u0144stwa, natomiast o 19:00, jak w ka\u017cd\u0105 \u015brod\u0119, Msza \u015awi\u0119ta w intencji \u015arodowiska Akademickiego, Duszpasterstwa Akademickiego i M\u0142odzie\u017c w Ko\u015bciele. Po Mszy \u015awi\u0119tej \u2013 wystawienie Naj\u015bwi\u0119tszego Sakramentu, nabo\u017ce\u0144stwo czerwcowe i adoracja do 21:00. Zapraszam do osobistego udzia\u0142u, albo do \u0142\u0105czno\u015bci z nami!<\/span><\/span><\/span><\/p>\n<p align=\"justify\"><span style=\"color: #000000;\"><span style=\"font-family: Book Antiqua, serif;\"><span style=\"font-size: large;\">Drodzy moi, sk\u0142adam wielkie dzi\u0119kczynienie Panu za wczorajsze Bierzmowanie mojej Siostrzenicy, Weroniki Nied\u017awiedzkiej. Za pi\u0119kn\u0105 atmosfer\u0119 tego wydarzenia \u2013 tak w ko\u015bciele, jak i potem, w kap\u0142a\u0144skim Gronie, w kt\u00f3rym prze\u017cyli\u015bmy rado\u015b\u0107 wsp\u00f3lnoty, kt\u00f3r\u0105 to rado\u015b\u0107 dzieli\u0142 z nami Biskup Kazimierz Gurda. A potem spotkanie w Gronie rodzinnym, u Nied\u017awiedzkich. <\/span><\/span><\/span><\/p>\n<p align=\"justify\"><span style=\"color: #000000;\"><span style=\"font-family: Book Antiqua, serif;\"><span style=\"font-size: large;\">Wczoraj tak\u017ce Maksymilian Lipka, Lektor mojej rodzinnej Parafii, Lider FORMACJI \u00abSPE SALVI\u00bb, Cz\u0142owiek mi bardzo bliski &#8211; zosta\u0142 Magistrem! Bardzo Mu tego gratuluj\u0119 i \u017cycz\u0119 Bo\u017cego prowadzenia przez \u017cycie!<\/span><\/span><\/span><\/p>\n<p align=\"justify\"><span style=\"color: #000000;\"><span style=\"font-family: Book Antiqua, serif;\"><span style=\"font-size: large;\">A teraz ju\u017c zapraszam do rozwa\u017cenia dzisiejszego Bo\u017cego s\u0142owa. Oto s\u0142\u00f3wko Ksi\u0119dza Marka na dzi\u015b:<\/span><\/span><\/span><\/p>\n<p align=\"justify\"><span style=\"color: #000000;\"><span style=\"font-family: Book Antiqua, serif;\"><span style=\"font-size: medium;\"><a href=\"https:\/\/www.youtube.com\/c\/CatholicSurgut\"><span style=\"font-size: large;\"><b>https:\/\/www.youtube.com\/c\/CatholicSurgut<\/b><\/span><\/a><\/span><\/span><\/span><\/p>\n<p align=\"justify\"><span style=\"color: #000000;\"><span style=\"font-family: Book Antiqua, serif;\"><span style=\"font-size: large;\">Poni\u017cej za\u015b \u2013 s\u0142\u00f3wko Janka. Dzisiaj \u2013 zamiast jutra. Bo jutro Bo\u017ce Cia\u0142o, kiedy to b\u0119d\u0119 g\u0142osi\u0142 S\u0142owo w Parafii, dlatego jutro ja napisz\u0119, a dzisiaj w\u0142a\u015bnie Janek. Wielkie dzi\u0119ki za proste, a jednocze\u015bnie tak g\u0142\u0119bokie i konkretne s\u0142owo, pe\u0142ne wiary! Niech Pan b\u0119dzie uwielbiony w tym pi\u0119knym dziele \u2013 i w ca\u0142ej pi\u0119knej postawie Janka!<\/span><\/span><\/span><\/p>\n<p align=\"justify\"><span style=\"color: #000000;\"><span style=\"font-family: Book Antiqua, serif;\"><span style=\"font-size: large;\">Zatem, <b>c<\/b><b>o Pan do mnie konkretnie m\u00f3wi? Czego ode mnie oczekuje?<\/b> Duchu \u015awi\u0119ty, pom\u00f3\u017c to rozpozna\u0107.<\/span><\/span><\/span><\/p>\n<p align=\"justify\"><span style=\"color: #000000;\"><span style=\"font-family: Book Antiqua, serif;\"><span style=\"font-size: large;\"><b>Niech Was b\u0142ogos\u0142awi B\u00f3g Wszechmog\u0105cy: Ojciec + i Syn, i Duch \u015awi\u0119ty. Amen<\/b><\/span><\/span><\/span><\/p>\n<p align=\"center\"><span style=\"color: #000000;\"><span style=\"font-family: Book Antiqua, serif;\"><span style=\"font-size: large;\">Gaudium et spes! Ks. Jacek<\/span><\/span><\/span><\/p>\n<p align=\"center\">\n<p align=\"center\">\n<p align=\"center\">\n<p align=\"center\">\n<p align=\"center\">\n<p align=\"justify\"><span style=\"color: #000000;\"><span style=\"font-family: Book Antiqua, serif;\"><span style=\"font-size: large;\"><b>\u015aroda 11 Tygodnia zwyk\u0142ego, rok I,<\/b><\/span><\/span><\/span><\/p>\n<p align=\"justify\"><span style=\"color: #000000;\"><span style=\"font-family: Book Antiqua, serif;\"><span style=\"font-size: large;\"><b>18 czerwca 2025.,<\/b><\/span><\/span><\/span><\/p>\n<p align=\"justify\"><span style=\"color: #000000;\"><span style=\"font-family: Book Antiqua, serif;\"><span style=\"font-size: large;\"><b>do czyta\u0144: 2 Kor 9,6\u201311; Mt 6,1\u20136.16\u201318<\/b><\/span><\/span><\/span><\/p>\n<p align=\"justify\">\n<p align=\"justify\">\n<p align=\"justify\">\n<p align=\"justify\">\n<p align=\"justify\">\n<p align=\"justify\"><span style=\"color: #000000;\"><span style=\"font-family: Book Antiqua, serif;\"><span style=\"font-size: large;\"><b>CZYTANIE Z DRUGIEGO LISTU \u015aWI\u0118TEGO PAW\u0141A APOSTO\u0141A DO KORYNTIAN: <\/b><\/span><\/span><\/span><\/p>\n<p align=\"justify\"><span style=\"color: #000000;\"><span style=\"font-family: Book Antiqua, serif;\"><span style=\"font-size: large;\"><b>Bracia: Kto sk\u0105po sieje, ten sk\u0105po i zbiera, kto za\u015b hojnie sieje, ten hojnie te\u017c zbiera\u0107 b\u0119dzie. Ka\u017cdy niech przeto post\u0105pi tak, jak mu nakazuje jego w\u0142asne serce, nie \u017ca\u0142uj\u0105c i nie czuj\u0105c si\u0119 przymuszonym, albowiem radosnego dawc\u0119 mi\u0142uje B\u00f3g. <\/b><\/span><\/span><\/span><\/p>\n<p align=\"justify\"><span style=\"color: #000000;\"><span style=\"font-family: Book Antiqua, serif;\"><span style=\"font-size: large;\"><b>A B\u00f3g mo\u017ce zla\u0107 na was ca\u0142\u0105 obfito\u015b\u0107 \u0142aski, tak by\u015bcie maj\u0105c wszystko i zawsze pod dostatkiem, bogaci byli we wszystkie dobre uczynki wed\u0142ug tego, co jest napisane: \u201eRozproszy\u0142, da\u0142 ubogim, sprawiedliwo\u015b\u0107 jego trwa na wieki\u201d. <\/b><\/span><\/span><\/span><\/p>\n<p align=\"justify\"><span style=\"color: #000000;\"><span style=\"font-family: Book Antiqua, serif;\"><span style=\"font-size: large;\"><b>Ten za\u015b, kt\u00f3ry daje nasienie siewcy, i chleba dostarczy ku pokrzepieniu, i ziarno rozmno\u017cy, i zwi\u0119kszy plon waszej sprawiedliwo\u015bci. Wzbogaceni we wszystko, b\u0119dziecie pe\u0142ni wszelkiej prostoty, kt\u00f3ra sk\u0142ada przez nas dzi\u0119kczynienie Bogu.<\/b><\/span><\/span><\/span><\/p>\n<p align=\"justify\">\n<p align=\"justify\">\n<p align=\"justify\">\n<p align=\"justify\">\n<p align=\"justify\">\n<p align=\"justify\"><span style=\"color: #000000;\"><span style=\"font-family: Book Antiqua, serif;\"><span style=\"font-size: large;\"><b>S\u0141OWA EWANGELII WED\u0141UG \u015aWI\u0118TEGO MATEUSZA: <\/b><\/span><\/span><\/span><\/p>\n<p align=\"justify\"><span style=\"color: #000000;\"><span style=\"font-family: Book Antiqua, serif;\"><span style=\"font-size: large;\"><b>Jezus powiedzia\u0142 do swoich uczni\u00f3w: \u201eStrze\u017ccie si\u0119, \u017ceby\u015bcie uczynk\u00f3w pobo\u017cnych nie wykonywali przed lud\u017ami po to, aby was widzieli; inaczej nie b\u0119dziecie mieli nagrody u Ojca waszego, kt\u00f3ry jest w niebie. <\/b><\/span><\/span><\/span><\/p>\n<p align=\"justify\"><span style=\"color: #000000;\"><span style=\"font-family: Book Antiqua, serif;\"><span style=\"font-size: large;\"><b>Kiedy wi\u0119c dajesz ja\u0142mu\u017cn\u0119, nie tr\u0105b przed sob\u0105, jak ob\u0142udnicy czyni\u0105 w synagogach i na ulicach, aby ich ludzie chwalili. Zaprawd\u0119 powiadam wam: ci otrzymali ju\u017c swoj\u0105 nagrod\u0119. Kiedy za\u015b ty dajesz ja\u0142mu\u017cn\u0119, niech nie wie lewa twoja r\u0119ka, co czyni prawa, aby twoja ja\u0142mu\u017cna pozosta\u0142a w ukryciu. A Ojciec tw\u00f3j, kt\u00f3ry widzi w ukryciu, odda tobie. <\/b><\/span><\/span><\/span><\/p>\n<p align=\"justify\"><span style=\"color: #000000;\"><span style=\"font-family: Book Antiqua, serif;\"><span style=\"font-size: large;\"><b>Gdy si\u0119 modlicie, nie b\u0105d\u017acie jak ob\u0142udnicy. Oni lubi\u0105 w synagogach i na rogach ulic wystawa\u0107 i modli\u0107 si\u0119, \u017ceby si\u0119 ludziom pokaza\u0107. Zaprawd\u0119 powiadam wam: otrzymali ju\u017c swoj\u0105 nagrod\u0119. Ty za\u015b gdy chcesz si\u0119 modli\u0107, wejd\u017a do swej izdebki, zamknij drzwi i m\u00f3dl si\u0119 do Ojca twego, kt\u00f3ry jest w ukryciu. A Ojciec tw\u00f3j, kt\u00f3ry widzi w ukryciu, odda tobie.<\/b><\/span><\/span><\/span><\/p>\n<p align=\"justify\"><span style=\"color: #000000;\"><span style=\"font-family: Book Antiqua, serif;\"><span style=\"font-size: large;\"><b>Kiedy po\u015bcicie, nie b\u0105d\u017acie pos\u0119pni jak ob\u0142udnicy. Przybieraj\u0105 oni wygl\u0105d ponury, aby pokaza\u0107 ludziom, \u017ce poszcz\u0105. Zaprawd\u0119 powiadam wam: ju\u017c odebrali swoj\u0105 nagrod\u0119. Ty za\u015b gdy po\u015bcisz, nama\u015b\u0107 sobie g\u0142ow\u0119 i umyj twarz, aby nie ludziom pokaza\u0107, \u017ce po\u015bcisz, ale Ojcu twemu, kt\u00f3ry jest w ukryciu. A Ojciec tw\u00f3j, kt\u00f3ry widzi w ukryciu, odda tobie\u201d.<\/b><\/span><\/span><\/span><\/p>\n<p align=\"justify\">\n<p align=\"justify\">\n<p align=\"justify\">\n<p align=\"justify\">\n<p align=\"justify\">\n<p align=\"center\"><span style=\"color: #000000;\"><span style=\"font-family: Book Antiqua, serif;\"><span style=\"font-size: large;\"><b>A OTO S\u0141\u00d3WKO JANKA:<\/b><\/span><\/span><\/span><\/p>\n<p align=\"center\">\n<p align=\"center\">\n<p align=\"center\">\n<p align=\"center\">\n<p align=\"center\">\n<p align=\"justify\"><span style=\"color: #000000;\"><span style=\"font-family: Book Antiqua, serif;\"><span style=\"font-size: large;\">Po przeczytaniu zar\u00f3wno czytania, jak i Ewangelii, mo\u017ce nam si\u0119 zrodzi\u0107 pytanie: To w ko\u0144cu co my mamy czyni\u0107? W czytaniu s\u0142yszymy, aby\u015bmy dawali siebie ludziom i byli hojni! Nie sk\u0105pi, ale hojni! A z drugiej strony, Jezus w Ewangelii przestrzega nas, by\u015bmy jednak roztropnie do tego wszystkiego podchodzili. <\/span><\/span><\/span><\/p>\n<p align=\"justify\"><span style=\"color: #000000;\"><span style=\"font-family: Book Antiqua, serif;\"><span style=\"font-size: large;\">Cz\u0119sto zastanawia mnie to, czy te wszystkie gwiazdy show biznesu, kt\u00f3re codziennie bryluj\u0105 w mediach, to pomagaj\u0105 ludziom potrzebuj\u0105cym \u2013 z sercem, czy z kamerami? Cz\u0119sto jest tak, \u017ce pomagaj\u0105c, chc\u0105 one w\u0142a\u015bnie na siebie zwr\u00f3ci\u0107 uwag\u0119! Chc\u0105 pokaza\u0107, \u017ce s\u0105 te\u017c warto\u015bciowymi lud\u017ami z sercem! A p\u00f3\u017aniej czytamy o nich, \u017ce wzi\u0119li rozw\u00f3d, \u017cyj\u0105 i maj\u0105 dziecko bez \u015blubu, jeden ma ju\u017c z \u00f3sm\u0105 partnerk\u0119 czy jaka\u015b tam gwiazda ma kolejnego ch\u0142opaka\u2026<\/span><\/span><\/span><\/p>\n<p align=\"justify\"><span style=\"color: #000000;\"><span style=\"font-family: Book Antiqua, serif;\"><span style=\"font-size: large;\">Wtedy zadaj\u0119 sobie proste pytanie: Gdzie jest ta AUTENTYCZNO\u015a\u0106?! Z jednej strony pomaganie i bronienie \u017cycia, a z drugiej strony \u2013 hulaj dusza i kilka afer\u2026<\/span><\/span><\/span><\/p>\n<p align=\"justify\"><span style=\"color: #000000;\"><span style=\"font-family: Book Antiqua, serif;\"><span style=\"font-size: large;\">Nie my\u015blcie jednak, \u017ce tak jest tylko w show biznesie. To si\u0119 niestety te\u017c zdarza w Ko\u015bciele! Musimy sobie wprost powiedzie\u0107: LUDZIOM W KO\u015aCIELE BRAKUJE AUTENTYCZNO\u015aCI! Czy nie jest tak, \u017ce raz jeste\u015bmy tacy, drugi raz inni, a jeszcze innym razem \u2013 jeszcze inni? Czy tak przypadkiem nie jest? W\u0142a\u015bnie przed tym nas Jezus przestrzega! By\u015bmy nie kierowali si\u0119 w pomaganiu wyrachowaniem i w\u0142asn\u0105 korzy\u015bci\u0105, ale w\u0142a\u015bnie by\u015bmy si\u0119 kierowali naszym sercem! Musimy to zrozumie\u0107, \u017ce tu nie chodzi o to, by si\u0119 pokaza\u0107, ale by\u015bmy po prostu z serca pomagali! <\/span><\/span><\/span><\/p>\n<p align=\"justify\"><span style=\"color: #000000;\"><span style=\"font-family: Book Antiqua, serif;\"><span style=\"font-size: large;\">Jutro b\u0119dziemy prze\u017cywa\u0107 Uroczysto\u015b\u0107 Naj\u015bwi\u0119tszego Cia\u0142a i Krwi Chrystusa. Mo\u017ce warto pomy\u015ble\u0107 o autentyczno\u015bci Jezusa. Mo\u017ce warto pomy\u015ble\u0107 o tym, ile dobrego z g\u0142\u0119bi serca Jezus ludziom czyni\u0142. On tego nie robi\u0142, by si\u0119 pokaza\u0107. Ba, wiele razy Jezus m\u00f3wi\u0142, by uczniowie nie rozpowiadali o dokonanych przez Niego cudach! To pokazuje, \u017ce Jezus wszystko robi\u0142 dla nas z mi\u0142o\u015bci! TO JEST NIESAMOWITE! <\/span><\/span><\/span><\/p>\n<p align=\"justify\"><span style=\"color: #000000;\"><span style=\"font-family: Book Antiqua, serif;\"><span style=\"font-size: large;\">Jezus w Ewangelii m\u00f3wi nam jeszcze o modlitwie: <i><b>Gdy si\u0119 modlicie, nie b\u0105d\u017acie jak ob\u0142udnicy. Oni lubi\u0105 w synagogach i na rogach ulic wystawa\u0107 i modli\u0107 si\u0119, \u017ceby si\u0119 ludziom pokaza\u0107. Zaprawd\u0119 powiadam wam: otrzymali ju\u017c swoj\u0105 nagrod\u0119. Ty za\u015b gdy chcesz si\u0119 modli\u0107, wejd\u017a do swej izdebki, zamknij drzwi i m\u00f3dl si\u0119 do Ojca twego, kt\u00f3ry jest w ukryciu. A Ojciec tw\u00f3j, kt\u00f3ry widzi w ukryciu, odda tobie.<\/b><\/i><\/span><\/span><\/span><\/p>\n<p align=\"justify\"><span style=\"color: #000000;\"><span style=\"font-family: Book Antiqua, serif;\"><span style=\"font-size: large;\">Gdy to czyta\u0142em, przypomnia\u0142a mi si\u0119 nast\u0119puj\u0105ca Ewangelia:<i> <\/i><i><b>Dw\u00f3ch ludzi przysz\u0142o do \u015bwi\u0105tyni, \u017ceby si\u0119 modli\u0107, jeden faryzeusz a drugi celnik. Faryzeusz stan\u0105\u0142 i tak w duszy si\u0119 modli\u0142: Bo\u017ce, dzi\u0119kuj\u0119 Ci, \u017ce nie jestem jak inni ludzie, zdziercy, oszu\u015bci, cudzo\u0142o\u017cnicy, albo jak i ten celnik. Zachowuj\u0119 post dwa razy w tygodniu, daj\u0119 dziesi\u0119cin\u0119 ze wszystkiego, co nabywam. Natomiast celnik sta\u0142 z daleka i nie \u015bmia\u0142 nawet oczu wznie\u015b\u0107 ku niebu, lecz bi\u0142 si\u0119 w piersi i m\u00f3wi\u0142: Bo\u017ce, miej lito\u015b\u0107 dla mnie, grzesznika. Powiadam wam: Ten odszed\u0142 do domu usprawiedliwiony, nie tamten. Ka\u017cdy bowiem, kto si\u0119 wywy\u017csza, b\u0119dzie poni\u017cony, a kto si\u0119 uni\u017ca, b\u0119dzie wywy\u017cszony. <\/b><\/i>(\u0141k 18,9\u201314).<\/span><\/span><\/span><\/p>\n<p align=\"justify\"><span style=\"color: #000000;\"><span style=\"font-family: Book Antiqua, serif;\"><span style=\"font-size: large;\">Ta przypowie\u015b\u0107 idealnie pasuje do dzisiejszej Ewangelii. Dlatego miejmy, moi Drodzy, t\u0119 autentyczno\u015b\u0107 i pokor\u0119 oraz kierujmy si\u0119 w \u017cyciu sercem i mi\u0142o\u015bci\u0105! Nie pych\u0105! Nie na pokaz! Ale siejmy obficie dla Kr\u00f3lestwa Bo\u017cego \u2013 i na chwa\u0142\u0119 Bo\u017c\u0105! A B\u00f3g nam te wszystkie trudy wynagrodzi!<\/span><\/span><\/span><\/p>\n","protected":false},"excerpt":{"rendered":"<p>Szcz\u0119\u015b\u0107 Bo\u017ce! Moi Drodzy, w dniu dzisiejszym rocznic\u0119 \u015awi\u0119ce\u0144 kap\u0142a\u0144skich prze\u017cywaj\u0105: \u25baKsi\u0105dz \u0141ukasz Ka\u0142aska, \u25baKsi\u0105dz Jakub Kozak, \u25baKsi\u0105dz Pawe\u0142 Wojdat Imieniny natomiast prze\u017cywa El\u017cbieta Kowalska \u2013 Osoba czynnie zaanga\u017cowana w \u017cycie Parafii w Tr\u0105bkach, co pami\u0119tam jeszcze z czas\u00f3w, kiedy sam pos\u0142ugiwa\u0142em w tej Parafii. Niech Pan wszystkim \u015bwi\u0119tuj\u0105cym udzieli wszelkich swoich dar\u00f3w. Zapewniam o [&hellip;]<\/p>\n","protected":false},"author":1,"featured_media":0,"comment_status":"open","ping_status":"open","sticky":false,"template":"","format":"standard","meta":{"jetpack_post_was_ever_published":false,"_jetpack_newsletter_access":"","_jetpack_dont_email_post_to_subs":false,"_jetpack_newsletter_tier_id":0,"_jetpack_memberships_contains_paywalled_content":false,"_jetpack_memberships_contains_paid_content":false,"footnotes":""},"categories":[1],"tags":[],"class_list":["post-23920","post","type-post","status-publish","format-standard","hentry","category-bez-kategorii"],"yoast_head":"<!-- This site is optimized with the Yoast SEO plugin v25.1 - https:\/\/yoast.com\/wordpress\/plugins\/seo\/ -->\n<title>Dawa\u0107 - czy nie dawa\u0107? - Gaudium Et Spes<\/title>\n<meta name=\"robots\" content=\"index, follow, max-snippet:-1, max-image-preview:large, max-video-preview:-1\" \/>\n<link rel=\"canonical\" href=\"https:\/\/gaudiumetspes-blog.pl\/index.php\/2025\/06\/18\/dawac-czy-nie-dawac\/\" \/>\n<meta property=\"og:locale\" content=\"pl_PL\" \/>\n<meta property=\"og:type\" content=\"article\" \/>\n<meta property=\"og:title\" content=\"Dawa\u0107 - czy nie dawa\u0107? - Gaudium Et Spes\" \/>\n<meta property=\"og:description\" content=\"Szcz\u0119\u015b\u0107 Bo\u017ce! Moi Drodzy, w dniu dzisiejszym rocznic\u0119 \u015awi\u0119ce\u0144 kap\u0142a\u0144skich prze\u017cywaj\u0105: \u25baKsi\u0105dz \u0141ukasz Ka\u0142aska, \u25baKsi\u0105dz Jakub Kozak, \u25baKsi\u0105dz Pawe\u0142 Wojdat Imieniny natomiast prze\u017cywa El\u017cbieta Kowalska \u2013 Osoba czynnie zaanga\u017cowana w \u017cycie Parafii w Tr\u0105bkach, co pami\u0119tam jeszcze z czas\u00f3w, kiedy sam pos\u0142ugiwa\u0142em w tej Parafii. Niech Pan wszystkim \u015bwi\u0119tuj\u0105cym udzieli wszelkich swoich dar\u00f3w. Zapewniam o [&hellip;]\" \/>\n<meta property=\"og:url\" content=\"https:\/\/gaudiumetspes-blog.pl\/index.php\/2025\/06\/18\/dawac-czy-nie-dawac\/\" \/>\n<meta property=\"og:site_name\" content=\"Gaudium Et Spes\" \/>\n<meta property=\"article:published_time\" content=\"2025-06-18T06:42:37+00:00\" \/>\n<meta name=\"author\" content=\"Ks. Jacek\" \/>\n<meta name=\"twitter:card\" content=\"summary_large_image\" \/>\n<meta name=\"twitter:label1\" content=\"Napisane przez\" \/>\n\t<meta name=\"twitter:data1\" content=\"Ks. Jacek\" \/>\n\t<meta name=\"twitter:label2\" content=\"Szacowany czas czytania\" \/>\n\t<meta name=\"twitter:data2\" content=\"8 minut\" \/>\n<script type=\"application\/ld+json\" class=\"yoast-schema-graph\">{\"@context\":\"https:\/\/schema.org\",\"@graph\":[{\"@type\":\"WebPage\",\"@id\":\"https:\/\/gaudiumetspes-blog.pl\/index.php\/2025\/06\/18\/dawac-czy-nie-dawac\/\",\"url\":\"https:\/\/gaudiumetspes-blog.pl\/index.php\/2025\/06\/18\/dawac-czy-nie-dawac\/\",\"name\":\"Dawa\u0107 - czy nie dawa\u0107? - Gaudium Et Spes\",\"isPartOf\":{\"@id\":\"https:\/\/gaudiumetspes-blog.pl\/#website\"},\"datePublished\":\"2025-06-18T06:42:37+00:00\",\"author\":{\"@id\":\"https:\/\/gaudiumetspes-blog.pl\/#\/schema\/person\/1661982992b752dea8dff0d4ed845a65\"},\"breadcrumb\":{\"@id\":\"https:\/\/gaudiumetspes-blog.pl\/index.php\/2025\/06\/18\/dawac-czy-nie-dawac\/#breadcrumb\"},\"inLanguage\":\"pl-PL\",\"potentialAction\":[{\"@type\":\"ReadAction\",\"target\":[\"https:\/\/gaudiumetspes-blog.pl\/index.php\/2025\/06\/18\/dawac-czy-nie-dawac\/\"]}]},{\"@type\":\"BreadcrumbList\",\"@id\":\"https:\/\/gaudiumetspes-blog.pl\/index.php\/2025\/06\/18\/dawac-czy-nie-dawac\/#breadcrumb\",\"itemListElement\":[{\"@type\":\"ListItem\",\"position\":1,\"name\":\"Strona g\u0142\u00f3wna\",\"item\":\"https:\/\/gaudiumetspes-blog.pl\/\"},{\"@type\":\"ListItem\",\"position\":2,\"name\":\"Dawa\u0107 &#8211; czy nie dawa\u0107?\"}]},{\"@type\":\"WebSite\",\"@id\":\"https:\/\/gaudiumetspes-blog.pl\/#website\",\"url\":\"https:\/\/gaudiumetspes-blog.pl\/\",\"name\":\"Gaudium Et Spes\",\"description\":\"Blog Ks. Jacka Ja\u015bkowskiego\",\"potentialAction\":[{\"@type\":\"SearchAction\",\"target\":{\"@type\":\"EntryPoint\",\"urlTemplate\":\"https:\/\/gaudiumetspes-blog.pl\/?s={search_term_string}\"},\"query-input\":{\"@type\":\"PropertyValueSpecification\",\"valueRequired\":true,\"valueName\":\"search_term_string\"}}],\"inLanguage\":\"pl-PL\"},{\"@type\":\"Person\",\"@id\":\"https:\/\/gaudiumetspes-blog.pl\/#\/schema\/person\/1661982992b752dea8dff0d4ed845a65\",\"name\":\"Ks. Jacek\",\"image\":{\"@type\":\"ImageObject\",\"inLanguage\":\"pl-PL\",\"@id\":\"https:\/\/gaudiumetspes-blog.pl\/#\/schema\/person\/image\/\",\"url\":\"https:\/\/gaudiumetspes-blog.pl\/wp-content\/uploads\/2019\/07\/avatar-JJ-150x150.jpg\",\"contentUrl\":\"https:\/\/gaudiumetspes-blog.pl\/wp-content\/uploads\/2019\/07\/avatar-JJ-150x150.jpg\",\"caption\":\"Ks. Jacek\"},\"description\":\"Witam serdecznie! K\u0142ania si\u0119 Ks. Jacek Ja\u015bkowski. Nie jestem ani kim\u015b wa\u017cnym, ani kim\u015b znanym. Jestem ksi\u0119dzem, kt\u00f3ry po prostu chce rozmawia\u0107. Codzienna kap\u0142a\u0144ska pos\u0142uga pokazuje mi, \u017ce temat\u00f3w do rozm\u00f3w z ksi\u0119dzem jest coraz wi\u0119cej i dzisiaj \u017caden ksi\u0105dz nie mo\u017ce od nich ucieka\u0107, ale - wprost przeciwnie - podejmowa\u0107 nowe wyzwania. To przekonanie sk\u0142oni\u0142o mnie do pr\u00f3by otwarcia tego\u017c bloga, chocia\u017c okazji do rozm\u00f3w na co dzie\u0144 - w konfesjonale i poza nim - na szcz\u0119\u015bcie nie brakuje. My\u015bl\u0119 jednak, \u017ce ten blog b\u0119dzie jeszcze jednym sposobem i przestrzeni\u0105 nawi\u0105zania kontaktu z lud\u017ami dobrej woli, otwartymi na dialog.\",\"url\":\"https:\/\/gaudiumetspes-blog.pl\/index.php\/author\/ks-jacek\/\"}]}<\/script>\n<!-- \/ Yoast SEO plugin. -->","yoast_head_json":{"title":"Dawa\u0107 - czy nie dawa\u0107? - Gaudium Et Spes","robots":{"index":"index","follow":"follow","max-snippet":"max-snippet:-1","max-image-preview":"max-image-preview:large","max-video-preview":"max-video-preview:-1"},"canonical":"https:\/\/gaudiumetspes-blog.pl\/index.php\/2025\/06\/18\/dawac-czy-nie-dawac\/","og_locale":"pl_PL","og_type":"article","og_title":"Dawa\u0107 - czy nie dawa\u0107? - Gaudium Et Spes","og_description":"Szcz\u0119\u015b\u0107 Bo\u017ce! Moi Drodzy, w dniu dzisiejszym rocznic\u0119 \u015awi\u0119ce\u0144 kap\u0142a\u0144skich prze\u017cywaj\u0105: \u25baKsi\u0105dz \u0141ukasz Ka\u0142aska, \u25baKsi\u0105dz Jakub Kozak, \u25baKsi\u0105dz Pawe\u0142 Wojdat Imieniny natomiast prze\u017cywa El\u017cbieta Kowalska \u2013 Osoba czynnie zaanga\u017cowana w \u017cycie Parafii w Tr\u0105bkach, co pami\u0119tam jeszcze z czas\u00f3w, kiedy sam pos\u0142ugiwa\u0142em w tej Parafii. Niech Pan wszystkim \u015bwi\u0119tuj\u0105cym udzieli wszelkich swoich dar\u00f3w. Zapewniam o [&hellip;]","og_url":"https:\/\/gaudiumetspes-blog.pl\/index.php\/2025\/06\/18\/dawac-czy-nie-dawac\/","og_site_name":"Gaudium Et Spes","article_published_time":"2025-06-18T06:42:37+00:00","author":"Ks. Jacek","twitter_card":"summary_large_image","twitter_misc":{"Napisane przez":"Ks. Jacek","Szacowany czas czytania":"8 minut"},"schema":{"@context":"https:\/\/schema.org","@graph":[{"@type":"WebPage","@id":"https:\/\/gaudiumetspes-blog.pl\/index.php\/2025\/06\/18\/dawac-czy-nie-dawac\/","url":"https:\/\/gaudiumetspes-blog.pl\/index.php\/2025\/06\/18\/dawac-czy-nie-dawac\/","name":"Dawa\u0107 - czy nie dawa\u0107? - Gaudium Et Spes","isPartOf":{"@id":"https:\/\/gaudiumetspes-blog.pl\/#website"},"datePublished":"2025-06-18T06:42:37+00:00","author":{"@id":"https:\/\/gaudiumetspes-blog.pl\/#\/schema\/person\/1661982992b752dea8dff0d4ed845a65"},"breadcrumb":{"@id":"https:\/\/gaudiumetspes-blog.pl\/index.php\/2025\/06\/18\/dawac-czy-nie-dawac\/#breadcrumb"},"inLanguage":"pl-PL","potentialAction":[{"@type":"ReadAction","target":["https:\/\/gaudiumetspes-blog.pl\/index.php\/2025\/06\/18\/dawac-czy-nie-dawac\/"]}]},{"@type":"BreadcrumbList","@id":"https:\/\/gaudiumetspes-blog.pl\/index.php\/2025\/06\/18\/dawac-czy-nie-dawac\/#breadcrumb","itemListElement":[{"@type":"ListItem","position":1,"name":"Strona g\u0142\u00f3wna","item":"https:\/\/gaudiumetspes-blog.pl\/"},{"@type":"ListItem","position":2,"name":"Dawa\u0107 &#8211; czy nie dawa\u0107?"}]},{"@type":"WebSite","@id":"https:\/\/gaudiumetspes-blog.pl\/#website","url":"https:\/\/gaudiumetspes-blog.pl\/","name":"Gaudium Et Spes","description":"Blog Ks. Jacka Ja\u015bkowskiego","potentialAction":[{"@type":"SearchAction","target":{"@type":"EntryPoint","urlTemplate":"https:\/\/gaudiumetspes-blog.pl\/?s={search_term_string}"},"query-input":{"@type":"PropertyValueSpecification","valueRequired":true,"valueName":"search_term_string"}}],"inLanguage":"pl-PL"},{"@type":"Person","@id":"https:\/\/gaudiumetspes-blog.pl\/#\/schema\/person\/1661982992b752dea8dff0d4ed845a65","name":"Ks. Jacek","image":{"@type":"ImageObject","inLanguage":"pl-PL","@id":"https:\/\/gaudiumetspes-blog.pl\/#\/schema\/person\/image\/","url":"https:\/\/gaudiumetspes-blog.pl\/wp-content\/uploads\/2019\/07\/avatar-JJ-150x150.jpg","contentUrl":"https:\/\/gaudiumetspes-blog.pl\/wp-content\/uploads\/2019\/07\/avatar-JJ-150x150.jpg","caption":"Ks. Jacek"},"description":"Witam serdecznie! K\u0142ania si\u0119 Ks. Jacek Ja\u015bkowski. Nie jestem ani kim\u015b wa\u017cnym, ani kim\u015b znanym. Jestem ksi\u0119dzem, kt\u00f3ry po prostu chce rozmawia\u0107. Codzienna kap\u0142a\u0144ska pos\u0142uga pokazuje mi, \u017ce temat\u00f3w do rozm\u00f3w z ksi\u0119dzem jest coraz wi\u0119cej i dzisiaj \u017caden ksi\u0105dz nie mo\u017ce od nich ucieka\u0107, ale - wprost przeciwnie - podejmowa\u0107 nowe wyzwania. To przekonanie sk\u0142oni\u0142o mnie do pr\u00f3by otwarcia tego\u017c bloga, chocia\u017c okazji do rozm\u00f3w na co dzie\u0144 - w konfesjonale i poza nim - na szcz\u0119\u015bcie nie brakuje. My\u015bl\u0119 jednak, \u017ce ten blog b\u0119dzie jeszcze jednym sposobem i przestrzeni\u0105 nawi\u0105zania kontaktu z lud\u017ami dobrej woli, otwartymi na dialog.","url":"https:\/\/gaudiumetspes-blog.pl\/index.php\/author\/ks-jacek\/"}]}},"jetpack_featured_media_url":"","jetpack_sharing_enabled":true,"_links":{"self":[{"href":"https:\/\/gaudiumetspes-blog.pl\/index.php\/wp-json\/wp\/v2\/posts\/23920","targetHints":{"allow":["GET"]}}],"collection":[{"href":"https:\/\/gaudiumetspes-blog.pl\/index.php\/wp-json\/wp\/v2\/posts"}],"about":[{"href":"https:\/\/gaudiumetspes-blog.pl\/index.php\/wp-json\/wp\/v2\/types\/post"}],"author":[{"embeddable":true,"href":"https:\/\/gaudiumetspes-blog.pl\/index.php\/wp-json\/wp\/v2\/users\/1"}],"replies":[{"embeddable":true,"href":"https:\/\/gaudiumetspes-blog.pl\/index.php\/wp-json\/wp\/v2\/comments?post=23920"}],"version-history":[{"count":1,"href":"https:\/\/gaudiumetspes-blog.pl\/index.php\/wp-json\/wp\/v2\/posts\/23920\/revisions"}],"predecessor-version":[{"id":23921,"href":"https:\/\/gaudiumetspes-blog.pl\/index.php\/wp-json\/wp\/v2\/posts\/23920\/revisions\/23921"}],"wp:attachment":[{"href":"https:\/\/gaudiumetspes-blog.pl\/index.php\/wp-json\/wp\/v2\/media?parent=23920"}],"wp:term":[{"taxonomy":"category","embeddable":true,"href":"https:\/\/gaudiumetspes-blog.pl\/index.php\/wp-json\/wp\/v2\/categories?post=23920"},{"taxonomy":"post_tag","embeddable":true,"href":"https:\/\/gaudiumetspes-blog.pl\/index.php\/wp-json\/wp\/v2\/tags?post=23920"}],"curies":[{"name":"wp","href":"https:\/\/api.w.org\/{rel}","templated":true}]}}