{"id":23922,"date":"2025-06-17T00:38:03","date_gmt":"2025-06-16T22:38:03","guid":{"rendered":"https:\/\/gaudiumetspes-blog.pl\/?p=23922"},"modified":"2025-06-18T13:41:06","modified_gmt":"2025-06-18T11:41:06","slug":"ofiarowac-siebie-samego","status":"publish","type":"post","link":"https:\/\/gaudiumetspes-blog.pl\/index.php\/2025\/06\/17\/ofiarowac-siebie-samego\/","title":{"rendered":"Ofiarowa\u0107 siebie samego&#8230;"},"content":{"rendered":"<p align=\"justify\"><span style=\"color: #000000;\"><span style=\"font-family: Book Antiqua, serif;\"><span style=\"font-size: large;\">Szcz\u0119\u015b\u0107 Bo\u017ce! Moi Drodzy, w dniu dzisiejszym<b> <\/b><b>rocznic\u0119 \u015awi\u0119ce\u0144 kap\u0142a\u0144skich prze\u017cywaj\u0105:<\/b><\/span><\/span><\/span><\/p>\n<p align=\"justify\"><span style=\"color: #000000;\">\u25ba<span style=\"font-family: Book Antiqua, serif;\"><span style=\"font-size: large;\"><b>Ksi\u0105dz Henryk Demia\u0144czuk \u2013 emerytowany Kap\u0142an, pos\u0142uguj\u0105cy w Parafii Samogoszcz,<\/b><\/span><\/span><\/span><\/p>\n<p align=\"justify\"><span style=\"color: #000000;\">\u25ba<span style=\"font-family: Book Antiqua, serif;\"><span style=\"font-size: large;\"><b>Ksi\u0105dz Tadeusz Zawadzki \u2013 S\u0105siad w Domu Ksi\u0119\u017cy Emeryt\u00f3w,<\/b><\/span><\/span><\/span><\/p>\n<p align=\"justify\"><span style=\"color: #000000;\">\u25ba<span style=\"font-family: Book Antiqua, serif;\"><span style=\"font-size: large;\"><b>Ksi\u0105dz Andrzej Danieluk,<\/b><\/span><\/span><\/span><\/p>\n<p align=\"justify\"><span style=\"color: #000000;\">\u25ba<span style=\"font-family: Book Antiqua, serif;\"><span style=\"font-size: large;\"><b>Ksi\u0105dz Leszek D\u0105browski,<\/b><\/span><\/span><\/span><\/p>\n<p align=\"justify\"><span style=\"color: #000000;\">\u25ba<span style=\"font-family: Book Antiqua, serif;\"><span style=\"font-size: large;\"><b>Ksi\u0105dz Adam J\u00f3zefaciuk,<\/b><\/span><\/span><\/span><\/p>\n<p align=\"justify\"><span style=\"color: #000000;\">\u25ba<span style=\"font-family: Book Antiqua, serif;\"><span style=\"font-size: large;\"><b>Ksi\u0105dz Wojciech Majewski,<\/b><\/span><\/span><\/span><\/p>\n<p align=\"justify\"><span style=\"color: #000000;\">\u25ba<span style=\"font-family: Book Antiqua, serif;\"><span style=\"font-size: large;\"><b>Ksi\u0105dz Tomasz Miko\u0142ajczuk,<\/b><\/span><\/span><\/span><\/p>\n<p align=\"justify\"><span style=\"color: #000000;\">\u25ba<span style=\"font-family: Book Antiqua, serif;\"><span style=\"font-size: large;\"><b>Ksi\u0105dz Marcin Olek,<\/b><\/span><\/span><\/span><\/p>\n<p align=\"justify\"><span style=\"color: #000000;\">\u25ba<span style=\"font-family: Book Antiqua, serif;\"><span style=\"font-size: large;\"><b>Ksi\u0105dz Robert Osypowicz,<\/b><\/span><\/span><\/span><\/p>\n<p align=\"justify\"><span style=\"color: #000000;\">\u25ba<span style=\"font-family: Book Antiqua, serif;\"><span style=\"font-size: large;\"><b>Ksi\u0105dz Robert Sierociuk,<\/b><\/span><\/span><\/span><\/p>\n<p align=\"justify\"><span style=\"color: #000000;\">\u25ba<span style=\"font-family: Book Antiqua, serif;\"><span style=\"font-size: large;\"><b>Ksi\u0105dz Rados\u0142aw Szucki,<\/b><\/span><\/span><\/span><\/p>\n<p align=\"justify\"><span style=\"color: #000000;\">\u25ba<span style=\"font-family: Book Antiqua, serif;\"><span style=\"font-size: large;\"><b>Ksi\u0105dz Artur Wojtkowicz,<\/b><\/span><\/span><\/span><\/p>\n<p align=\"justify\"><span style=\"color: #000000;\">\u25ba<span style=\"font-family: Book Antiqua, serif;\"><span style=\"font-size: large;\"><b>Ksi\u0105dz Aleksander Lis \u2013 pierwsza rocznica,<\/b><\/span><\/span><\/span><\/p>\n<p align=\"justify\"><span style=\"color: #000000;\">\u25ba<span style=\"font-family: Book Antiqua, serif;\"><span style=\"font-size: large;\"><b>Ojciec Marian Lis \u2013 Oblat pos\u0142uguj\u0105cy w Kodniu,<\/b><\/span><\/span><\/span><\/p>\n<p align=\"justify\"><span style=\"color: #000000;\">\u25ba<span style=\"font-family: Book Antiqua, serif;\"><span style=\"font-size: large;\"><b>Ojciec Leszek Walendzik \u2013 Oblat niegdy\u015b pos\u0142uguj\u0105cy w Kodniu,<\/b><\/span><\/span><\/span><\/p>\n<p align=\"justify\"><span style=\"color: #000000;\">\u25ba<span style=\"font-family: Book Antiqua, serif;\"><span style=\"font-size: large;\"><b>Ojciec Dariusz Buczek \u2013 jak wy\u017cej,<\/b><\/span><\/span><\/span><\/p>\n<p align=\"justify\"><span style=\"color: #000000;\">\u25ba<span style=\"font-family: Book Antiqua, serif;\"><span style=\"font-size: large;\"><b>Ojciec W\u0142odzimierz Jamrocha \u2013 jak wy\u017cej,<\/b><\/span><\/span><\/span><\/p>\n<p align=\"justify\"><span style=\"color: #000000;\">\u25ba<span style=\"font-family: Book Antiqua, serif;\"><span style=\"font-size: large;\"><b>Ojciec Ryszard Siera\u0144ski.<\/b><\/span><\/span><\/span><\/p>\n<p align=\"justify\"><span style=\"color: #000000;\"><span style=\"font-family: Book Antiqua, serif;\"><span style=\"font-size: large;\"><b>I<\/b><b>mieniny <\/b><b>natomiast <\/b><b>prze\u017cywa Albert Kajka, Organista w Miastkowie.<\/b><\/span><\/span><\/span><\/p>\n<p align=\"justify\"><span style=\"color: #000000;\"><span style=\"font-family: Book Antiqua, serif;\"><span style=\"font-size: large;\"><b>A u<\/b><b>rodziny prze\u017cywa Cezary Kryczka, za moich czas\u00f3w \u2013 Lektor w Radory\u017cu Ko\u015bcielnym, w mojej pierwszej Parafii.<\/b><\/span><\/span><\/span><\/p>\n<p align=\"justify\"><span style=\"color: #000000;\"><span style=\"font-family: Book Antiqua, serif;\"><span style=\"font-size: large;\"><b>Wszystkim<\/b><b> \u015bwi\u0119tuj\u0105cym \u017cycz\u0119, by <\/b><b>tak, jak Patron dnia dzisiejszego, \u017cyli g\u0142\u0119bi\u0105 ducha!<\/b><b> Zapewniam o modlitwie!<\/b><\/span><\/span><\/span><\/p>\n<p align=\"justify\"><span style=\"color: #000000;\"><span style=\"font-family: Book Antiqua, serif;\"><span style=\"font-size: large;\">Drodzy moi, wczoraj wieczorem \u2013 o czym wczoraj nie wspomnia\u0142em \u2013 koncelebrowa\u0142em Msz\u0119 \u015awi\u0119t\u0105 w Parafii w D\u0105biu. To taka kr\u00f3tka pomoc duszpasterska, obejmuj\u0105ca jedn\u0105 Msz\u0119 \u015awi\u0119t\u0105, ale ciesz\u0119 si\u0119, \u017ce mog\u0119 cho\u0107by tak pom\u00f3c. Dzi\u0119kuj\u0119 Ksi\u0119dzu Markowi Wasilewskiemu, mojemu Koledze z Roku \u015bwi\u0119ce\u0144, za bardzo \u017cyczliwe relacje, jakie z Nim mam \u2013 i za te cz\u0119ste zaproszenia do swojej Parafii. I za dobry kontakt, jaki mamy na co dzie\u0144!<\/span><\/span><\/span><\/p>\n<p align=\"justify\"><span style=\"color: #000000;\"><span style=\"font-family: Book Antiqua, serif;\"><span style=\"font-size: large;\">A dzisiaj \u2013 bardzo wyj\u0105tkowy dzie\u0144 si\u0119 zapowiada. Zaraz pojad\u0119 znowu do Kodnia, gdzie by\u0142em zaledwie w sobot\u0119, ale do Kodnia jako\u015b tak \u0142atwo i szybko mi si\u0119 jedzie\u2026 A tam odprawi\u0119 Msz\u0119 \u015awi\u0119t\u0105 za Maksymiliana Lipk\u0119, Lektora z mojej rodzinnej Parafii, Liderem FORMACJI \u00abSPE SALVI\u00bb, kt\u00f3ry o 12:30 b\u0119dzie mia\u0142 obron\u0119 pracy magisterskiej! Bardzo si\u0119 ciesz\u0119 z tego osi\u0105gni\u0119cia, jakim niew\u0105tpliwie jest zamkni\u0119cie pewnego rozdzia\u0142u w \u017cyciu. Niech Pan poprowadzi Go dalej przez \u017cycie \u2013 swoimi drogami!<\/span><\/span><\/span><\/p>\n<p align=\"justify\"><span style=\"color: #000000;\"><span style=\"font-family: Book Antiqua, serif;\"><span style=\"font-size: large;\">Natomiast o 17:00 \u2013 Bierzmowanie mojej Siostrzenicy, Weroniki Nied\u017awiedzkiej, w Parafii \u015awi\u0119tej Anny w Bia\u0142ej Podlaskiej. I tutaj znowu \u2013 wielka moja rado\u015b\u0107, \u017ce to dokona si\u0119 ju\u017c teraz, bo okoliczno\u015bci, w jakich do tego dochodzi, s\u0105 naprawd\u0119 bardzo ciekawe. Ale tego ju\u017c nie b\u0119d\u0119 tu rozwija\u0142. Modl\u0119 si\u0119 za moj\u0105 Siostrzenic\u0119 \u2013 i za wszystkich M\u0142odych ludzi, dzisiaj bierzmowanych, czy w tym czasie bierzmowanych \u2013 aby byli \u015bwiadkami wiary ka\u017cdego dnia!<\/span><\/span><\/span><\/p>\n<p align=\"justify\"><span style=\"color: #000000;\"><span style=\"font-family: Book Antiqua, serif;\"><span style=\"font-size: medium;\"><span style=\"font-size: large;\">Teraz za\u015b ju\u017c <\/span><span style=\"font-size: large;\">zapraszam do ws\u0142uchania si\u0119 w Bo\u017ce s\u0142owo dzisiejszej liturgii. <\/span><strong><span style=\"font-size: large;\">Oto s\u0142\u00f3wko Ksi\u0119dza Marka na dzi\u015b:<\/span><\/strong><\/span><\/span><\/span><\/p>\n<p align=\"justify\"><span style=\"color: #000000;\"><span style=\"font-family: Book Antiqua, serif;\"><span style=\"font-size: medium;\"><strong><a href=\"https:\/\/www.youtube.com\/c\/CatholicSurgut\"><span style=\"font-size: large;\"><span lang=\"zxx\"><u><b>https:\/\/www.youtube.com\/c\/CatholicSurgut<\/b><\/u><\/span><\/span><\/a><\/strong><\/span><\/span><\/span><\/p>\n<p align=\"justify\"><span style=\"color: #000000;\"><span style=\"font-family: Book Antiqua, serif;\"><span style=\"font-size: large;\">Zatem, <b>c<\/b><b>o Pan do mnie konkretnie <\/b><b>przez to S\u0142owo<\/b><b> m\u00f3wi?<\/b> Duchu \u015awi\u0119ty \u2013 tchnij!<\/span><\/span><\/span><\/p>\n<p align=\"justify\"><span style=\"color: #000000;\"><span style=\"font-family: Book Antiqua, serif;\"><span style=\"font-size: large;\"><b>Niech Was b\u0142ogos\u0142awi B\u00f3g Wszechmog\u0105cy: Ojciec + i Syn, i Duch \u015awi\u0119ty. Amen<\/b><\/span><\/span><\/span><\/p>\n<p align=\"center\"><span style=\"color: #000000;\"><span style=\"font-family: Book Antiqua, serif;\"><span style=\"font-size: large;\">Gaudium et spes! Ks. Jacek<\/span><\/span><\/span><\/p>\n<p align=\"center\">\n<p align=\"center\">\n<p align=\"center\">\n<p align=\"center\">\n<p align=\"center\">\n<p align=\"justify\"><span style=\"color: #000000;\"><span style=\"font-family: Book Antiqua, serif;\"><span style=\"font-size: large;\"><b>Wtorek 11 Tygodnia zwyk\u0142ego, rok I,<\/b><\/span><\/span><\/span><\/p>\n<p align=\"justify\"><span style=\"color: #000000;\"><span style=\"font-family: Book Antiqua, serif;\"><span style=\"font-size: large;\"><b>Wspomnienie \u015aw. Brata Alberta Chmielowskiego, Zakonnika,<\/b><\/span><\/span><\/span><\/p>\n<p align=\"justify\"><span style=\"color: #000000;\"><span style=\"font-family: Book Antiqua, serif;\"><span style=\"font-size: large;\"><b>17 czerwca 2025.,\u00a0<\/b><\/span><\/span><\/span><\/p>\n<p align=\"justify\"><span style=\"color: #000000;\"><span style=\"font-family: Book Antiqua, serif;\"><span style=\"font-size: large;\"><b>do czyta\u0144: 2 Kor 8,1\u20139; Mt 5,43\u201348<\/b><\/span><\/span><\/span><\/p>\n<p align=\"justify\">\n<p align=\"justify\">\n<p align=\"justify\">\n<p align=\"justify\">\n<p align=\"justify\">\n<p align=\"justify\"><span style=\"color: #000000;\"><span style=\"font-family: Book Antiqua, serif;\"><span style=\"font-size: large;\"><b>CZYTANIE Z DRUGIEGO LISTU \u015aWI\u0118TEGO PAW\u0141A APOSTO\u0141A DO KORYNTIAN: <\/b><\/span><\/span><\/span><\/p>\n<p align=\"justify\"><span style=\"color: #000000;\"><span style=\"font-family: Book Antiqua, serif;\"><span style=\"font-size: large;\"><b>Donosimy wam, bracia, o \u0142asce Bo\u017cej, jakiej dost\u0105pi\u0142y Ko\u015bcio\u0142y Macedonii, jak to w dotkliwej pr\u00f3bie ucisku uradowali si\u0119 bardzo i skrajne ich ub\u00f3stwo zaja\u015bnia\u0142o bogactwem prostoty. Wed\u0142ug mo\u017cliwo\u015bci, a nawet \u2013 za\u015bwiadczam to \u2013 ponad swe mo\u017cliwo\u015bci okazali gotowo\u015b\u0107, nalegaj\u0105c na nas bardzo i prosz\u0105c o \u0142ask\u0119 wsp\u00f3\u0142dzia\u0142ania w pos\u0142udze na rzecz \u015bwi\u0119tych. <\/b><\/span><\/span><\/span><\/p>\n<p align=\"justify\"><span style=\"color: #000000;\"><span style=\"font-family: Book Antiqua, serif;\"><span style=\"font-size: large;\"><b>I nie tylko tak by\u0142o, jake\u015bmy si\u0119 spodziewali, lecz ofiarowali siebie samych najprz\u00f3d Panu, a potem nam przez wol\u0119 Bo\u017c\u0105. Poprosili\u015bmy wi\u0119c Tytusa, aby jak to ju\u017c rozpocz\u0105\u0142, tak te\u017c dokona\u0142 tego dzie\u0142a mi\u0142osierdzia wzgl\u0119dem was. <\/b><\/span><\/span><\/span><\/p>\n<p align=\"justify\"><span style=\"color: #000000;\"><span style=\"font-family: Book Antiqua, serif;\"><span style=\"font-size: large;\"><b>A podobnie jak obfitujecie we wszystko, w wiar\u0119, w mow\u0119, w wiedz\u0119, we wszelk\u0105 gorliwo\u015b\u0107, w mi\u0142o\u015b\u0107 nasz\u0105 do was, tak te\u017c aby\u015bcie i w t\u0119 \u0142ask\u0119 obfitowali. Nie m\u00f3wi\u0119 tego, aby wam wydawa\u0107 rozkazy, lecz aby wskazuj\u0105c na gorliwo\u015b\u0107 innych, wypr\u00f3bowa\u0107 wasz\u0105 mi\u0142o\u015b\u0107. Znacie przecie\u017c \u0142ask\u0119 Pana naszego Jezusa Chrystusa, kt\u00f3ry b\u0119d\u0105c bogaty, dla was sta\u0142 si\u0119 ubogim, aby was ub\u00f3stwem swoim ubogaci\u0107.<\/b><\/span><\/span><\/span><\/p>\n<p align=\"justify\">\n<p align=\"justify\">\n<p align=\"justify\">\n<p align=\"justify\">\n<p align=\"justify\">\n<p align=\"justify\"><span style=\"color: #000000;\"><span style=\"font-family: Book Antiqua, serif;\"><span style=\"font-size: large;\"><b>S\u0141OWA EWANGELII WED\u0141UG \u015aWI\u0118TEGO MATEUSZA: <\/b><\/span><\/span><\/span><\/p>\n<p align=\"justify\"><span style=\"color: #000000;\"><span style=\"font-family: Book Antiqua, serif;\"><span style=\"font-size: large;\"><b>Jezus powiedzia\u0142 do swoich uczni\u00f3w: \u201eS\u0142yszeli\u015bcie, \u017ce powiedziano: \u00abB\u0119dziesz mi\u0142owa\u0142 swego bli\u017aniego\u00bb, a nieprzyjaciela swego b\u0119dziesz nienawidzi\u0142. A Ja wam powiadam: Mi\u0142ujcie waszych nieprzyjaci\u00f3\u0142 i m\u00f3dlcie si\u0119 za tych, kt\u00f3rzy was prze\u015bladuj\u0105; tak b\u0119dziecie synami Ojca waszego, kt\u00f3ry jest w niebie; poniewa\u017c On sprawia, \u017ce s\u0142o\u0144ce Jego wschodzi nad z\u0142ymi i nad dobrymi, i On zsy\u0142a deszcz na sprawiedliwych i niesprawiedliwych. <\/b><\/span><\/span><\/span><\/p>\n<p align=\"justify\"><span style=\"color: #000000;\"><span style=\"font-family: Book Antiqua, serif;\"><span style=\"font-size: large;\"><b>Je\u015bli bowiem mi\u0142ujecie tych, kt\u00f3rzy was mi\u0142uj\u0105, c\u00f3\u017c za nagrod\u0119 mie\u0107 b\u0119dziecie? Czy\u017c i celnicy tego nie czyni\u0105? I je\u015bli pozdrawiacie tylko swych braci, c\u00f3\u017c szczeg\u00f3lnego czynicie? Czy\u017c i poganie tego nie czyni\u0105? B\u0105d\u017acie wi\u0119c wy doskonali, jak doskona\u0142y jest Ojciec wasz niebieski\u201d.<\/b><\/span><\/span><\/span><\/p>\n<p align=\"justify\">\n<p align=\"justify\">\n<p align=\"justify\">\n<p align=\"justify\">\n<p align=\"justify\">\n<p align=\"justify\"><span style=\"color: #000000;\"><span style=\"font-family: Book Antiqua, serif;\"><span style=\"font-size: large;\">S\u0142uchaj\u0105c dzisiejszego pierwszego czytania, trudno nie skojarzy\u0107 go z takim oto przekonaniem, jakie \u017cywi wielu duszpasterzy, a szczeg\u00f3lnie proboszcz\u00f3w parafii, i\u017c <b>tymi, kt\u00f3rzy parafi\u0119 na co dzie\u0144 utrzymuj\u0105,<\/b> kt\u00f3rzy finansowo wspieraj\u0105 wszelkie dzie\u0142a, w parafii i przez parafi\u0119 podejmowane,<b> to s\u0105 ci najbiedniejsi.<\/b> No, mo\u017ce nie zawsze i tylko najbiedniejsi, ale ci \u2013 powiedzmy to tak \u2013 <b>nie najbogatsi. <\/b><\/span><\/span><\/span><\/p>\n<p align=\"justify\"><span style=\"color: #000000;\"><span style=\"font-family: Book Antiqua, serif;\"><span style=\"font-size: large;\">W\u0142a\u015bnie ci, kt\u00f3rzy sw\u00f3j codzienny \u017cywot w miar\u0119 spokojny wiod\u0105, jako\u015b tam <b>wi\u0105\u017c\u0105 ten \u201ekoniec z ko\u0144cem\u201d, <\/b>mo\u017ce nie zawsze prosto i \u0142atwo, ale og\u00f3lnie ogarniaj\u0105 ca\u0142\u0105 spraw\u0119; kt\u00f3rzy nie maj\u0105 wielkich fortun na koncie \u2013 oni w\u0142a\u015bnie <b>czuj\u0105 si\u0119 wr\u0119cz zobowi\u0105zani,<\/b> aby to wsp\u00f3lne dzie\u0142o, jakim jest parafia, wspiera\u0107. Ale te\u017c \u2013 aby wspiera\u0107 innych, o kt\u00f3rych my\u015bl\u0105 i m\u00f3wi\u0105, \u017ce maj\u0105 gorzej, ni\u017c oni. <\/span><\/span><\/span><\/p>\n<p align=\"justify\"><span style=\"color: #000000;\"><span style=\"font-family: Book Antiqua, serif;\"><span style=\"font-size: large;\">Takie skojarzenia przychodz\u0105 na my\u015bl, kiedy s\u0142yszy si\u0119 chocia\u017cby te s\u0142owa Aposto\u0142a Paw\u0142a: <i><b>Donosimy wam, bracia, o \u0142asce Bo\u017cej, jakiej dost\u0105pi\u0142y Ko\u015bcio\u0142y Macedonii, jak to w dotkliwej pr\u00f3bie ucisku uradowali si\u0119 bardzo i skrajne ich ub\u00f3stwo zaja\u015bnia\u0142o bogactwem prostoty. Wed\u0142ug mo\u017cliwo\u015bci, a nawet \u2013 za\u015bwiadczam to \u2013 ponad swe mo\u017cliwo\u015bci okazali gotowo\u015b\u0107, nalegaj\u0105c na nas bardzo i prosz\u0105c o \u0142ask\u0119 wsp\u00f3\u0142dzia\u0142ania w pos\u0142udze na rzecz \u015bwi\u0119tych.<\/b><\/i><b> <\/b>A co by\u0142o przyczyn\u0105 takiego stanu rzeczy? <\/span><\/span><\/span><\/p>\n<p align=\"justify\"><span style=\"color: #000000;\"><span style=\"font-family: Book Antiqua, serif;\"><span style=\"font-size: large;\">Z pewno\u015bci\u0105, pewn\u0105 podpowiedzi\u0105 s\u0105 te oto s\u0142owa: <i><b>I nie tylko tak by\u0142o, jake\u015bmy si\u0119 spodziewali, lecz ofiarowali siebie samych najprz\u00f3d Panu, a potem nam przez wol\u0119 Bo\u017c\u0105.<\/b><\/i><b> <\/b>I jeszcze to stwierdzenie: <i><b>A podobnie jak obfitujecie we wszystko, w wiar\u0119, w<\/b><\/i><b> <\/b><i><b>mow\u0119, w wiedz\u0119, we wszelk\u0105 gorliwo\u015b\u0107, w mi\u0142o\u015b\u0107 nasz\u0105 do was, tak te\u017c aby\u015bcie i w t\u0119 \u0142ask\u0119 obfitowali. <\/b><\/i><\/span><\/span><\/span><\/p>\n<p align=\"justify\"><span style=\"color: #000000;\"><span style=\"font-family: Book Antiqua, serif;\"><span style=\"font-size: large;\">A tutaj z kolei Pawe\u0142 \u2013 by si\u0119 tak wyrazi\u0107 \u2013 <b>wchodzi na ambicj\u0119<\/b> swoich uczni\u00f3w, gdy stwierdza: <i><b>Nie m\u00f3wi\u0119 tego, aby wam wydawa\u0107 rozkazy, lecz aby wskazuj\u0105c na gorliwo\u015b\u0107 innych, wypr\u00f3bowa\u0107 wasz\u0105 mi\u0142o\u015b\u0107.<\/b><\/i><b> <\/b>To tak, jakby powiedzia\u0142: \u201eNie dajcie si\u0119 innym wyprzedzi\u0107 w mi\u0142o\u015bci!\u201d <\/span><\/span><\/span><\/p>\n<p align=\"justify\"><span style=\"color: #000000;\"><span style=\"font-family: Book Antiqua, serif;\"><span style=\"font-size: large;\">Po czym pada chyba ju\u017c ostateczny i najmocniejszy argument: <i><b>Znacie przecie\u017c \u0142ask\u0119 Pana naszego Jezusa Chrystusa, kt\u00f3ry b\u0119d\u0105c bogaty, dla was sta\u0142 si\u0119 ubogim, aby was ub\u00f3stwem swoim ubogaci\u0107.<\/b><\/i><b> <\/b>Odwo\u0142anie si\u0119 do Jezusa, jako do tego <b>najwa\u017cniejszego Pierwowzo<\/b><b>ru<\/b> dla naszej postawy \u2013 to zawsze dobre wyj\u015bcie. Bo na kim, jak nie na Jezusie w\u0142a\u015bnie, mamy budowa\u0107 swoj\u0105 postaw\u0119? A to w\u0142a\u015bnie <b>Jezus, b\u0119d\u0105c najbogatszym, jak tylko mo\u017cna by\u0107,<\/b> bo b\u0119d\u0105c Bogiem i zamieszkuj\u0105c Wysoko\u015bci niebieskie \u2013 dos\u0142ownie: <b>sta\u0142 si\u0119 najubo\u017cszym z ubogich! Dla nas! <\/b>To jakiego jeszcze wzoru nam potrzeba, aby\u015bmy tak\u017ce chcieli \u00abub\u00f3stwem swoim ubogaca\u0107\u00bb innych? <\/span><\/span><\/span><\/p>\n<p align=\"justify\"><span style=\"color: #000000;\"><span style=\"font-family: Book Antiqua, serif;\"><span style=\"font-size: large;\">B\u0119dzie to jednak mo\u017cliwe, je\u017celi ka\u017cdy nasz dar, jaki innym b\u0119dziemy ofiarowywali \u2013 b\u0119dzie <b>przede wszystkim darem serca.<\/b> Zapewne zauwa\u017cyli\u015bmy, \u017ce w tym dzisiejszym pouczeniu Aposto\u0142a Paw\u0142a tak naprawd\u0119 trudno rozpozna\u0107, <b>czy m\u00f3wi on o wsparciu materialnym, czy bardziej duchowym. <\/b>Raczej powiedzieliby\u015bmy, \u017ce o materialnym, bo to jako\u015b przebija si\u0119 z tre\u015bci, ale ca\u0142y czas przewija si\u0119 te\u017c w\u0105tek <b>owego daru serca, daru mi\u0142o\u015bci\u2026<\/b> <\/span><\/span><\/span><\/p>\n<p align=\"justify\"><span style=\"color: #000000;\"><span style=\"font-family: Book Antiqua, serif;\"><span style=\"font-size: large;\">A w tym kontek\u015bcie, Pawe\u0142 nawet do\u015b\u0107 odwa\u017cnie stwierdza, \u017ce ten dar <b>ma by\u0107 pr\u00f3b\u0105 mi\u0142o\u015bci<\/b> dla jego uczni\u00f3w. I \u017ce to w\u0142a\u015bnie <b>on, Pawe\u0142, tej pr\u00f3bie ich poddaje. <\/b>To bardzo odwa\u017cne stwierdzenie \u2013 zwa\u017cywszy na to, \u017ce to nie cz\u0142owiek, jako taki, jest od tego, by drugiego cz\u0142owieka poddawa\u0107 jakiejkolwiek pr\u00f3bie. Ale Pawe\u0142 jest ich <b>nauczycielem, przewodnikiem i ojcem,<\/b> dlatego na pewno nie chce ich w jakikolwiek spos\u00f3b \u201ewyprowadzi\u0107 w pole\u201d. <\/span><\/span><\/span><\/p>\n<p align=\"justify\"><span style=\"color: #000000;\"><span style=\"font-family: Book Antiqua, serif;\"><span style=\"font-size: large;\">Chce natomiast ukszta\u0142towa\u0107 w nich tak\u0105 postaw\u0119, o jakiej Jezus dzisiaj w Ewangelii m\u00f3wi: <i><b>S\u0142yszeli\u015bcie, \u017ce powiedziano: \u00abB\u0119dziesz mi\u0142owa\u0142 swego bli\u017aniego\u00bb, a nieprzyjaciela swego b\u0119dziesz nienawidzi\u0142. A Ja wam powiadam: Mi\u0142ujcie waszych nieprzyjaci\u00f3\u0142 i m\u00f3dlcie si\u0119 za tych, kt\u00f3rzy was prze\u015bladuj\u0105; tak b\u0119dziecie synami Ojca waszego, kt\u00f3ry jest w niebie; poniewa\u017c On sprawia, \u017ce s\u0142o\u0144ce Jego wschodzi nad z\u0142ymi i nad dobrymi, i On zsy\u0142a deszcz na sprawiedliwych i niesprawiedliwych. <\/b><\/i><\/span><\/span><\/span><\/p>\n<p align=\"justify\"><span style=\"color: #000000;\"><span style=\"font-family: Book Antiqua, serif;\"><span style=\"font-size: large;\">I Jezus te\u017c tutaj \u2013 podobnie, jak Pawe\u0142 \u2013 nieco odwo\u0142uje si\u0119 do ambicji swoich s\u0142uchaczy, gdy m\u00f3wi: <i><b>Je\u015bli bowiem mi\u0142ujecie tych, kt\u00f3rzy was mi\u0142uj\u0105, c\u00f3\u017c za nagrod\u0119 mie\u0107 b\u0119dziecie? Czy\u017c i celnicy tego nie czyni\u0105? I je\u015bli pozdrawiacie tylko swych braci, c\u00f3\u017c szczeg\u00f3lnego czynicie? Czy\u017c i poganie tego nie czyni\u0105? B\u0105d\u017acie wi\u0119c wy doskonali, jak doskona\u0142y jest Ojciec wasz niebieski. <\/b><\/i><\/span><\/span><\/span><\/p>\n<p align=\"justify\"><span style=\"color: #000000;\"><span style=\"font-family: Book Antiqua, serif;\"><span style=\"font-size: large;\">Widzimy zatem i tutaj odwo\u0142anie si\u0119 <b>do tego najwy\u017cszego Pierwowzoru, <\/b>jakim jest sam B\u00f3g. Uczniowie Jezusa Chrystusa <b>maj\u0105 mierzy\u0107 najwy\u017cej, jak si\u0119 da, <\/b>skoro maj\u0105 by\u0107 tak doskonali, jak doskona\u0142y jest Ojciec Niebieski. A On przecie\u017c jest najdoskonalszy \u2013 w doskona\u0142o\u015bci nikt Mu nie mo\u017ce dor\u00f3wna\u0107. Natomiast <b>na ile nas sta\u0107 \u2013 tyle mamy z siebie da\u0107. <\/b><\/span><\/span><\/span><\/p>\n<p align=\"justify\"><span style=\"color: #000000;\"><span style=\"font-family: Book Antiqua, serif;\"><span style=\"font-size: large;\">Czy sta\u0107 nas na to, aby <b>z mi\u0142o\u015bci\u0105 odnosi\u0107 si\u0119<\/b> do tych, kt\u00f3rzy nas nienawidz\u0105?<b> I nie chodzi o to,<\/b> aby rzuca\u0107 im si\u0119 na szyj\u0119 czy opowiada\u0107, jacy to oni s\u0105 wspaniali i jak jeste\u015bmy im wdzi\u0119czni za to, \u017ce nas przeklinaj\u0105, obra\u017caj\u0105, wywieraj\u0105 presj\u0119, a mo\u017ce nawet agresj\u0119. Nie, nie o to chodzi. Chodzi o to, \u017ceby<b> samemu nie ulec nienawi\u015bci, <\/b>by nie pa\u0142a\u0107 ch\u0119ci\u0105 zemsty, by odda\u0107 spraw\u0119 Bogu.<\/span><\/span><\/span><\/p>\n<p align=\"justify\"><span style=\"color: #000000;\"><span style=\"font-family: Book Antiqua, serif;\"><span style=\"font-size: large;\">A to wszystko, Drodzy moi, o czym tu sobie dzisiaj m\u00f3wimy, tak naprawd\u0119 sprowadza si\u0119 do tego, aby <b>w jaki\u015b spos\u00f3b przekroczy\u0107 samego siebie<\/b> \u2013 swoje ograniczenia, swoje obawy, swoje zapatrywania na \u015bwiat, na ludzi, na Boga, na samego siebie\u2026 By <b>wyj\u015b\u0107 ze swojej \u201estrefy komfortu\u201d,<\/b> by da\u0107 z siebie wi\u0119cej, by da\u0107 swoje serce, by da\u0107 innym <b>samego siebie \u2013 i ca\u0142ego siebie! <\/b>W darze mi\u0142o\u015bci, darze serca, a nie kilku z\u0142otych, rzuconych \u201ena odczepnego\u201d do jakiej\u015b puszki, na jakiej\u015b zbi\u00f3rce. Owszem, to <b>mo\u017ce by\u0107 tych kilka z\u0142otych <\/b>\u2013 to nie musi by\u0107 fortuna \u2013 to mo\u017ce by\u0107 <b>jaki\u015b <\/b><b>inny drobiazg, <\/b>tak\u017ce jaka\u015b drobna czynno\u015b\u0107, ale uczyniona z mi\u0142o\u015bci\u0105! Do Boga \u2013 i do tego drugiego, konkretnego cz\u0142owieka!<\/span><\/span><\/span><\/p>\n<p align=\"justify\"><span style=\"color: #000000;\"><span style=\"font-family: Book Antiqua, serif;\"><span style=\"font-size: large;\">Je\u017celi to w\u0142a\u015bnie <b>mi\u0142o\u015b\u0107 b\u0119dzie g\u0142\u00f3wnym motywem<\/b> naszych dzia\u0142a\u0144, to naprawd\u0119 nie b\u0119dzie problemu, ile mam z siebie da\u0107 \u2013 czy nominalnie du\u017co czy ma\u0142o \u2013 albo co mam zrobi\u0107, w ramach tej pomocy. Bo <b>szczera mi\u0142o\u015b\u0107 zawsze wytyczy dobr\u0105 drog\u0119.<\/b><\/span><\/span><\/span><\/p>\n<p align=\"justify\"><span style=\"color: #000000;\"><span style=\"font-family: Book Antiqua, serif;\"><span style=\"font-size: medium;\"><span style=\"font-size: large;\">Je\u017celi za\u015b szukamy w tym wzgl\u0119dzie konkretnego wzoru, to trudno o bardziej przekonuj\u0105cy, jak ten, kt\u00f3ry swoj\u0105 postaw\u0105 daje nam Patron dnia dzisiejszego,<\/span> <span style=\"font-size: large;\"><b>\u015awi\u0119ty Brat Albert Chmielowski.<\/b><\/span><span style=\"font-size: large;\"> Kim by\u0142 ten niezwyk\u0142y Cz\u0142owiek?<\/span><\/span><\/span><\/span><\/p>\n<p align=\"justify\"><span style=\"color: #000000;\"><span style=\"font-family: Book Antiqua, serif;\"><span style=\"font-size: large;\"><b>Adam Chmielowski<\/b> urodzi\u0142 si\u0119 <b>20 sierpnia 1845 roku<\/b> w Igo\u0142omii pod Krakowem. Pochodzi\u0142 ze zubo\u017ca\u0142ej rodziny ziemia\u0144skiej. Gdy mia\u0142 sze\u015b\u0107 lat, matka w czasie pielgrzymki do Mogi\u0142y po\u015bwi\u0119ci\u0142a go Bogu. <b>Kiedy mia\u0142 lat osiem, umar\u0142 jego ojciec, sze\u015b\u0107 lat p\u00f3\u017aniej zmar\u0142a matka.<\/b> <\/span><\/span><\/span><\/p>\n<p align=\"justify\"><span style=\"color: #000000;\"><span style=\"font-family: Book Antiqua, serif;\"><span style=\"font-size: large;\">Ch\u0142opiec kszta\u0142ci\u0142 si\u0119 w szkole kadet\u00f3w w Petersburgu, nast\u0119pnie w gimnazjum w Warszawie, a potem studiowa\u0142 w Instytucie Rolniczo \u2013 Le\u015bnym w Pu\u0142awach. <b>Razem z m\u0142odzie\u017c\u0105 tej szko\u0142y wzi\u0105\u0142 udzia\u0142 w Powstaniu Styczniowym.<\/b> 30 wrze\u015bnia 1863 roku zosta\u0142 <b>ci\u0119\u017cko ranny w bitwie pod Me\u0142chowem<\/b> i dosta\u0142 si\u0119 do niewoli rosyjskiej. W prymitywnych warunkach polowych, bez \u015brodk\u00f3w znieczulaj\u0105cych, <b>amputowano mu nog\u0119,<\/b> co zni\u00f3s\u0142 niezwykle m\u0119\u017cnie. Mia\u0142 wtedy osiemna\u015bcie lat. <\/span><\/span><\/span><\/p>\n<p align=\"justify\"><span style=\"color: #000000;\"><span style=\"font-family: Book Antiqua, serif;\"><span style=\"font-size: large;\">Przez pewien czas przebywa\u0142 <b>w wi\u0119zieniu w O\u0142omu\u0144cu,<\/b> sk\u0105d zosta\u0142 zwolniony dzi\u0119ki interwencji rodziny. Aby unikn\u0105\u0107 represji w\u0142adz carskich, wyjecha\u0142 do Pary\u017ca, gdzie podj\u0105\u0142 <b>studia malarskie,<\/b> potem przeni\u00f3s\u0142 si\u0119 do Belgii i studiowa\u0142 in\u017cynieri\u0119, lecz powr\u00f3ci\u0142 wkr\u00f3tce do malarstwa <b>i uko\u0144czy\u0142 Akademi\u0119 Sztuk Pi\u0119knych w Monachium.<\/b> Wsz\u0119dzie, gdzie przebywa\u0142 <b>wyr\u00f3\u017cnia\u0142 si\u0119 postaw\u0105 chrze\u015bcija\u0144sk\u0105,<\/b> a jego silna osobowo\u015b\u0107 wywiera\u0142a du\u017cy wp\u0142yw na otoczenie. <\/span><\/span><\/span><\/p>\n<p align=\"justify\"><span style=\"color: #000000;\"><span style=\"font-family: Book Antiqua, serif;\"><span style=\"font-size: large;\">Po og\u0142oszeniu amnestii, w 1874 roku, powr\u00f3ci\u0142 do kraju. <b>Zacz\u0105\u0142 poszukiwa\u0107 nowego idea\u0142u \u017cycia,<\/b> wyrazem czego sta\u0142o si\u0119 jego malarstwo. Oparte dotychczas na motywach \u015bwieckich, zacz\u0119\u0142o teraz czerpa\u0107 natchnienie z temat\u00f3w religijnych. <b>Jeden z jego najlepszych <\/b><b>i najbardziej znanych <\/b><b>obraz\u00f3w \u2013 \u201e<\/b><b>Ecce Homo\u201d<\/b><b> \u2013 <\/b>jest owocem g\u0142\u0119bokiego prze\u017cycia tajemnicy bezgranicznej mi\u0142o\u015bci Boga do cz\u0142owieka. <\/span><\/span><\/span><\/p>\n<p align=\"justify\"><span style=\"color: #000000;\"><span style=\"font-family: Book Antiqua, serif;\"><span style=\"font-size: large;\"><b>W 1880 roku nast\u0105pi\u0142 duchowy zwrot w jego \u017cyciu.<\/b> B\u0119d\u0105c w pe\u0142ni si\u0142 tw\u00f3rczych porzuci\u0142 malarstwo i liczne kontakty towarzyskie, i maj\u0105c trzydzie\u015bci pi\u0119\u0107 lat <b>wst\u0105pi\u0142 do nowicjatu jezuit\u00f3w<\/b> z zamiarem pozostania bratem zakonnym. Po p\u00f3\u0142 roku, w stanie silnej depresji, opu\u015bci\u0142 nowicjat. <b>Do stycznia 1882 roku leczy\u0142 si\u0119 w zak\u0142adzie dla nerwowo chorych.<\/b> Nast\u0119pnie przebywa\u0142 u swojego brata na Podolu, gdzie w atmosferze spokoju i mi\u0142o\u015bci <b>powr\u00f3ci\u0142 ca\u0142kowicie do r\u00f3wnowagi psychicznej. <\/b><\/span><\/span><\/span><\/p>\n<p align=\"justify\"><span style=\"color: #000000;\"><span style=\"font-family: Book Antiqua, serif;\"><span style=\"font-size: large;\">Zafascynowa\u0142a go duchowo\u015b\u0107 \u015awi\u0119tego Franciszka z Asy\u017cu, zapozna\u0142 si\u0119 z regu\u0142\u0105 Trzeciego Zakonu <b>i rozpocz\u0105\u0142 dzia\u0142alno\u015b\u0107 tercjarsk\u0105,<\/b> kt\u00f3r\u0105 pragn\u0105\u0142 upowszechni\u0107 w\u015br\u00f3d podolskich ch\u0142op\u00f3w. Wkr\u00f3tce ukaz carski zmusi\u0142 go do opuszczenia Podola. W 1884 roku <b>przeni\u00f3s\u0142 si\u0119 do Krakowa<\/b> i zatrzyma\u0142 si\u0119 przy klasztorze kapucyn\u00f3w. Pieni\u0119dzmi ze sprzeda\u017cy swoich obraz\u00f3w wspomaga\u0142 najbiedniejszych. <b>Jego pracownia malarska sta\u0142a si\u0119 przytuliskiem.<\/b> Tutaj zajmowa\u0142 si\u0119 n\u0119dzarzami i bezdomnymi, widz\u0105c w ich twarzach <b>sponiewierane oblicze Chrystusa.<\/b> Pozna\u0142 warunki \u017cycia ludzi w tak zwanych ogrzewalniach miejskich Krakowa. By\u0142 to <b>kolejny moment prze\u0142omowy w \u017cyciu zdolnego i cenionego malarza.<\/b> <\/span><\/span><\/span><\/p>\n<p align=\"justify\"><span style=\"color: #000000;\"><span style=\"font-family: Book Antiqua, serif;\"><span style=\"font-size: large;\">Z mi\u0142o\u015bci do Boga i ludzi Adam Chmielowski <b>po raz drugi zrezygnowa\u0142 z kariery i obj\u0105\u0142 zarz\u0105d ogrzewalni dla bezdomnych.<\/b> Przeni\u00f3s\u0142 si\u0119 tam na sta\u0142e, aby mieszkaj\u0105c w\u015br\u00f3d biedoty, pomaga\u0107 im w d\u017awiganiu si\u0119 z n\u0119dzy \u2013 nie tylko materialnej, ale i moralnej. <b>25 sierpnia 1887 roku Adam Chmielowski przywdzia\u0142 szary habit tercjarski i przyj\u0105\u0142 imi\u0119 brat Albert.<\/b> Dok\u0142adnie rok p\u00f3\u017aniej z\u0142o\u017cy\u0142 \u015bluby tercjarza na r\u0119ce Kardyna\u0142a Albina Dunajewskiego. Ten dzie\u0144 jest jednocze\u015bnie <b>pocz\u0105tkiem dzia\u0142alno\u015bci Zgromadzenia Braci <\/b><b>Trzeciego<\/b><b> Zakonu \u015awi\u0119tego Franciszka Pos\u0142uguj\u0105cych Ubogim, zwanego popularnie \u201ealbertynami\u201d.<\/b> <\/span><\/span><\/span><\/p>\n<p align=\"justify\"><span style=\"color: #000000;\"><span style=\"font-family: Book Antiqua, serif;\"><span style=\"font-size: large;\">\u015awi\u0119ty Brat Albert by\u0142 <b>cz\u0142owiekiem rozmodlonym i pokutnikiem.<\/b> Odznacza\u0142 si\u0119 heroiczn\u0105 mi\u0142o\u015bci\u0105 bli\u017aniego, dziel\u0105c los z najubo\u017cszymi i pragn\u0105c przywr\u00f3ci\u0107 im godno\u015b\u0107. Pomimo swego kalectwa \u2013 <b>wiele podr\u00f3\u017cowa\u0142, zak\u0142ada\u0142 nowe przytuliska, sieroci\u0144ce dla dzieci i m\u0142odzie\u017cy, domy dla starc\u00f3w i nieuleczalnie chorych oraz tak zwan<\/b><b>e<\/b><b> \u201ekuchnie ludowe\u201d.<\/b> Za jego \u017cycia powsta\u0142o dwadzie\u015bcia jeden takich dom\u00f3w. Przyk\u0142adem swego \u017cycia Brat Albert uczy\u0142 wsp\u00f3\u0142braci i wsp\u00f3\u0142siostry, \u017ce <b>trzeba by\u0107 \u201edobrym jak chleb\u201d.<\/b> Zaleca\u0142 te\u017c przestrzeganie kra\u0144cowego ub\u00f3stwa, kt\u00f3re od wielu lat by\u0142o r\u00f3wnie\u017c jego udzia\u0142em. <\/span><\/span><\/span><\/p>\n<p align=\"justify\"><span style=\"color: #000000;\"><span style=\"font-family: Book Antiqua, serif;\"><span style=\"font-size: large;\">Zmar\u0142 w opinii \u015bwi\u0119to\u015bci, wyniszczony ci\u0119\u017ck\u0105 chorob\u0105 i trudami \u017cycia w przytu\u0142ku, kt\u00f3ry za\u0142o\u017cy\u0142 dla m\u0119\u017cczyzn, w dniu <b>25 grudnia 1916 roku, w Krakowie. <\/b>Pogrzeb na Cmentarzu Rakowickim, 28 grudnia 1916 roku, sta\u0142 si\u0119 pierwszym wyrazem czci powszechnie mu oddawanej. <b>Jan Pawe\u0142 II beatyfikowa\u0142 go 22 czerwca 1983 roku, <\/b>na B\u0142oniach krakowskich, <b>a kanonizowa\u0142 12 listopada 1989 roku,<\/b> w Watykanie. <\/span><\/span><\/span><\/p>\n<p align=\"justify\"><span style=\"color: #000000;\"><span style=\"font-family: Book Antiqua, serif;\"><span style=\"font-size: large;\">Warto przy okazji zauwa\u017cy\u0107, i\u017c Jan Pawe\u0142 II \u2013 co sam nieraz podkre\u015bla\u0142 \u2013 by\u0142 zachwycony postaw\u0105 Brata Alberta, <b>maj\u0105c do jego \u015bwi\u0119to\u015bci osobiste nabo\u017ce\u0144stwo.<\/b> Jednym z wyraz\u00f3w tego nastawienia jest z pewno\u015bci\u0105 homilia, jak\u0105 wyg\u0142osi\u0142 jeszcze jako krakowski Kardyna\u0142, z okazji pi\u0119\u0107dziesi\u0105tej rocznicy \u015bmierci dzisiejszego Patrona. A m\u00f3wi\u0142 w niej mi\u0119dzy innymi: <\/span><\/span><\/span><\/p>\n<p align=\"justify\"><span style=\"color: #000000;\">\u201e<span style=\"font-family: Book Antiqua, serif;\"><span style=\"font-size: large;\"><b>Brat Albert Chmielowski \u2013 by\u0142a to natura bardzo bogata, wszechstronnie uzdolniona.<\/b> Zapowiada\u0142 si\u0119 jako znakomity malarz, by\u0142 ceniony przez wszystkich mistrz\u00f3w p\u0119dzla, kt\u00f3rzy na zawsze pozostan\u0105 w pami\u0119ci naszego narodu jako przedstawiciele wielkiej sztuki. Wiemy, \u017ce by\u0142a to jeszcze <b>i dlatego natura bogata, \u017ce nie szcz\u0119dzi\u0142 siebie. <\/b>Da\u0142 tego dow\u00f3d, gdy jako niespe\u0142na dwudziestoletni m\u0142odzieniec wzi\u0105\u0142 udzia\u0142 w Powstaniu Styczniowym. Wszystko postawi\u0142 na jedn\u0105 kart\u0119 dla mi\u0142o\u015bci Ojczyzny. <b>Mi\u0142o\u015b\u0107 Ojczyzny wypali\u0142a na nim dozgonny stygmat: pozosta\u0142 kalek\u0105 do \u015bmierci <\/b>\u2013 zamiast w\u0142asnej nogi nosi\u0142 protez\u0119. <\/span><\/span><\/span><\/p>\n<p align=\"justify\"><span style=\"color: #000000;\"><span style=\"font-family: Book Antiqua, serif;\"><span style=\"font-size: large;\">Ponad to bogactwo natury uderza w nim przede wszystkim <b>bogactwo \u0142aski.<\/b> \u0141aska Bo\u017ca, to jest sam B\u00f3g udzielaj\u0105cy si\u0119 cz\u0142owiekowi, przelewaj\u0105cy si\u0119 niejako do jego duszy. Im bardziej B\u00f3g udziela si\u0119 duszy, im bardziej si\u0119 do niej przelewa przez dary Ducha \u015awi\u0119tego, <b>tym bardziej rzuca j\u0105 na kolana.<\/b> Tak w\u0142a\u015bnie na kolana rzucona zosta\u0142a dusza Adama Chmielowskiego <b>przed niewypowiedzianym majestatem Boga, \u015bwi\u0119to\u015bci\u0105 i mi\u0142o\u015bci\u0105 Boga.<\/b> <\/span><\/span><\/span><\/p>\n<p align=\"justify\"><span style=\"color: #000000;\"><span style=\"font-family: Book Antiqua, serif;\"><span style=\"font-size: large;\">Ale B\u00f3g w przedziwny spos\u00f3b dzia\u0142a w dziejach cz\u0142owieka. Oto rzucaj\u0105c go przed sob\u0105 na kolana, <b>ka\u017ce mu r\u00f3wnocze\u015bnie ukl\u0119kn\u0105\u0107 przed jego bra\u0107mi, bli\u017animi.<\/b> Tak w\u0142a\u015bnie sta\u0142o si\u0119 w \u017cyciu Brata Alberta: rzucony na kolana przed majestatem Bo\u017cym, upad\u0142 na kolana <b>przed majestatem cz\u0142owieka,<\/b> i to najbiedniejszego, najbardziej upo\u015bledzonego, <b>przed majestatem ostatniego n\u0119dzarza!<\/b> <\/span><\/span><\/span><\/p>\n<p align=\"justify\"><span style=\"color: #000000;\"><span style=\"font-family: Book Antiqua, serif;\"><span style=\"font-size: large;\">Mo\u017ce to por\u00f3wnanie jest wstrz\u0105saj\u0105ce, w naszych czasach nie widzimy takich drastycznych zestawie\u0144, tak krzycz\u0105cej n\u0119dzy, tak jawnego upokorzenia cz\u0142owieka. <b>Jest jednak i dzisiaj wiele zestawie\u0144 pozornie mniej ra\u017c\u0105cych, a jednak nie mniej ra\u017c\u0105cych.<\/b> Jest du\u017co ludzkich potrzeb, wiele wo\u0142ania o mi\u0142osierdzie \u2013 czasem w spos\u00f3b dyskretny, niedos\u0142yszalny. Ilu\u017c jest jeszcze ludzi chorych i opuszczonych w swoich chorobach, bez \u017cadnej opieki? Ilu\u017c jest jeszcze ludzi starych, przymieraj\u0105cych g\u0142odem <b>i t\u0119skni\u0105cych za sercem?<\/b> <b>Ile jest trudnej m\u0142odzie\u017cy,<\/b> kt\u00f3ra w dzisiejszej atmosferze \u017cycia nie znajduje dla siebie moralnego oparcia? <\/span><\/span><\/span><\/p>\n<p align=\"justify\"><span style=\"color: #000000;\"><span style=\"font-family: Book Antiqua, serif;\"><span style=\"font-size: large;\">Mi\u0142osierdzie i chrze\u015bcija\u0144stwo jest wielk\u0105 spraw\u0105 naszych dni. <b>Je\u017celiby nie by\u0142o mi\u0142osierdzia, nie by\u0142oby chrze\u015bcija\u0144stwa: to jest jedno i to samo.<\/b> W s\u0142u\u017cbie mi\u0142osierdzia nawet fundusze nie s\u0105 najwa\u017cniejsze, nawet domy, zak\u0142ady i szpitale nie s\u0105 najwa\u017cniejsze, chocia\u017c s\u0105 to \u015brodki niezb\u0119dne. <b>Najwa\u017cniejszy jest cz\u0142owiek!<\/b> Trzeba \u015bwiadczy\u0107 swoim cz\u0142owiecze\u0144stwem, sob\u0105. Tutaj Brat Albert jest dla nas niezr\u00f3wnanym wzorem.\u201d Tyle Kardyna\u0142 Wojty\u0142a.<\/span><\/span><\/span><\/p>\n<p align=\"justify\"><span style=\"color: #000000;\"><span style=\"font-family: Book Antiqua, serif;\"><span style=\"font-size: medium;\"><span style=\"font-size: large;\">W<\/span><span style=\"font-size: large;\">patrzeni w przyk\u0142ad \u015bwi\u0119to\u015bci Brata Alberta oraz zas\u0142uchani w Bo\u017ce s\u0142owo dzisiejszej liturgii, <\/span><span style=\"font-size: large;\">raz jeszcze <\/span><span style=\"font-size: large;\">postawmy sobie pytanie<\/span><span style=\"font-size: large;\"><b> o <\/b><\/span><span style=\"font-size: large;\"><b>dar mi\u0142o\u015bci naszego serca, na jaki nas sta\u0107 \u2013 wobec Boga i drugiego cz\u0142owieka\u2026 <\/b><\/span><\/span><\/span><\/span><\/p>\n","protected":false},"excerpt":{"rendered":"<p>Szcz\u0119\u015b\u0107 Bo\u017ce! Moi Drodzy, w dniu dzisiejszym rocznic\u0119 \u015awi\u0119ce\u0144 kap\u0142a\u0144skich prze\u017cywaj\u0105: \u25baKsi\u0105dz Henryk Demia\u0144czuk \u2013 emerytowany Kap\u0142an, pos\u0142uguj\u0105cy w Parafii Samogoszcz, \u25baKsi\u0105dz Tadeusz Zawadzki \u2013 S\u0105siad w Domu Ksi\u0119\u017cy Emeryt\u00f3w, \u25baKsi\u0105dz Andrzej Danieluk, \u25baKsi\u0105dz Leszek D\u0105browski, \u25baKsi\u0105dz Adam J\u00f3zefaciuk, \u25baKsi\u0105dz Wojciech Majewski, \u25baKsi\u0105dz Tomasz Miko\u0142ajczuk, \u25baKsi\u0105dz Marcin Olek, \u25baKsi\u0105dz Robert Osypowicz, \u25baKsi\u0105dz Robert Sierociuk, \u25baKsi\u0105dz [&hellip;]<\/p>\n","protected":false},"author":1,"featured_media":0,"comment_status":"open","ping_status":"open","sticky":false,"template":"","format":"standard","meta":{"jetpack_post_was_ever_published":false,"_jetpack_newsletter_access":"","_jetpack_dont_email_post_to_subs":false,"_jetpack_newsletter_tier_id":0,"_jetpack_memberships_contains_paywalled_content":false,"_jetpack_memberships_contains_paid_content":false,"footnotes":""},"categories":[1],"tags":[],"class_list":["post-23922","post","type-post","status-publish","format-standard","hentry","category-bez-kategorii"],"yoast_head":"<!-- This site is optimized with the Yoast SEO plugin v25.1 - https:\/\/yoast.com\/wordpress\/plugins\/seo\/ -->\n<title>Ofiarowa\u0107 siebie samego... - Gaudium Et Spes<\/title>\n<meta name=\"robots\" content=\"index, follow, max-snippet:-1, max-image-preview:large, max-video-preview:-1\" \/>\n<link rel=\"canonical\" href=\"https:\/\/gaudiumetspes-blog.pl\/index.php\/2025\/06\/17\/ofiarowac-siebie-samego\/\" \/>\n<meta property=\"og:locale\" content=\"pl_PL\" \/>\n<meta property=\"og:type\" content=\"article\" \/>\n<meta property=\"og:title\" content=\"Ofiarowa\u0107 siebie samego... - Gaudium Et Spes\" \/>\n<meta property=\"og:description\" content=\"Szcz\u0119\u015b\u0107 Bo\u017ce! Moi Drodzy, w dniu dzisiejszym rocznic\u0119 \u015awi\u0119ce\u0144 kap\u0142a\u0144skich prze\u017cywaj\u0105: \u25baKsi\u0105dz Henryk Demia\u0144czuk \u2013 emerytowany Kap\u0142an, pos\u0142uguj\u0105cy w Parafii Samogoszcz, \u25baKsi\u0105dz Tadeusz Zawadzki \u2013 S\u0105siad w Domu Ksi\u0119\u017cy Emeryt\u00f3w, \u25baKsi\u0105dz Andrzej Danieluk, \u25baKsi\u0105dz Leszek D\u0105browski, \u25baKsi\u0105dz Adam J\u00f3zefaciuk, \u25baKsi\u0105dz Wojciech Majewski, \u25baKsi\u0105dz Tomasz Miko\u0142ajczuk, \u25baKsi\u0105dz Marcin Olek, \u25baKsi\u0105dz Robert Osypowicz, \u25baKsi\u0105dz Robert Sierociuk, \u25baKsi\u0105dz [&hellip;]\" \/>\n<meta property=\"og:url\" content=\"https:\/\/gaudiumetspes-blog.pl\/index.php\/2025\/06\/17\/ofiarowac-siebie-samego\/\" \/>\n<meta property=\"og:site_name\" content=\"Gaudium Et Spes\" \/>\n<meta property=\"article:published_time\" content=\"2025-06-16T22:38:03+00:00\" \/>\n<meta property=\"article:modified_time\" content=\"2025-06-18T11:41:06+00:00\" \/>\n<meta name=\"author\" content=\"Ks. Jacek\" \/>\n<meta name=\"twitter:card\" content=\"summary_large_image\" \/>\n<meta name=\"twitter:label1\" content=\"Napisane przez\" \/>\n\t<meta name=\"twitter:data1\" content=\"Ks. Jacek\" \/>\n\t<meta name=\"twitter:label2\" content=\"Szacowany czas czytania\" \/>\n\t<meta name=\"twitter:data2\" content=\"17 minut\" \/>\n<script type=\"application\/ld+json\" class=\"yoast-schema-graph\">{\"@context\":\"https:\/\/schema.org\",\"@graph\":[{\"@type\":\"WebPage\",\"@id\":\"https:\/\/gaudiumetspes-blog.pl\/index.php\/2025\/06\/17\/ofiarowac-siebie-samego\/\",\"url\":\"https:\/\/gaudiumetspes-blog.pl\/index.php\/2025\/06\/17\/ofiarowac-siebie-samego\/\",\"name\":\"Ofiarowa\u0107 siebie samego... - Gaudium Et Spes\",\"isPartOf\":{\"@id\":\"https:\/\/gaudiumetspes-blog.pl\/#website\"},\"datePublished\":\"2025-06-16T22:38:03+00:00\",\"dateModified\":\"2025-06-18T11:41:06+00:00\",\"author\":{\"@id\":\"https:\/\/gaudiumetspes-blog.pl\/#\/schema\/person\/1661982992b752dea8dff0d4ed845a65\"},\"breadcrumb\":{\"@id\":\"https:\/\/gaudiumetspes-blog.pl\/index.php\/2025\/06\/17\/ofiarowac-siebie-samego\/#breadcrumb\"},\"inLanguage\":\"pl-PL\",\"potentialAction\":[{\"@type\":\"ReadAction\",\"target\":[\"https:\/\/gaudiumetspes-blog.pl\/index.php\/2025\/06\/17\/ofiarowac-siebie-samego\/\"]}]},{\"@type\":\"BreadcrumbList\",\"@id\":\"https:\/\/gaudiumetspes-blog.pl\/index.php\/2025\/06\/17\/ofiarowac-siebie-samego\/#breadcrumb\",\"itemListElement\":[{\"@type\":\"ListItem\",\"position\":1,\"name\":\"Strona g\u0142\u00f3wna\",\"item\":\"https:\/\/gaudiumetspes-blog.pl\/\"},{\"@type\":\"ListItem\",\"position\":2,\"name\":\"Ofiarowa\u0107 siebie samego&#8230;\"}]},{\"@type\":\"WebSite\",\"@id\":\"https:\/\/gaudiumetspes-blog.pl\/#website\",\"url\":\"https:\/\/gaudiumetspes-blog.pl\/\",\"name\":\"Gaudium Et Spes\",\"description\":\"Blog Ks. Jacka Ja\u015bkowskiego\",\"potentialAction\":[{\"@type\":\"SearchAction\",\"target\":{\"@type\":\"EntryPoint\",\"urlTemplate\":\"https:\/\/gaudiumetspes-blog.pl\/?s={search_term_string}\"},\"query-input\":{\"@type\":\"PropertyValueSpecification\",\"valueRequired\":true,\"valueName\":\"search_term_string\"}}],\"inLanguage\":\"pl-PL\"},{\"@type\":\"Person\",\"@id\":\"https:\/\/gaudiumetspes-blog.pl\/#\/schema\/person\/1661982992b752dea8dff0d4ed845a65\",\"name\":\"Ks. Jacek\",\"image\":{\"@type\":\"ImageObject\",\"inLanguage\":\"pl-PL\",\"@id\":\"https:\/\/gaudiumetspes-blog.pl\/#\/schema\/person\/image\/\",\"url\":\"https:\/\/gaudiumetspes-blog.pl\/wp-content\/uploads\/2019\/07\/avatar-JJ-150x150.jpg\",\"contentUrl\":\"https:\/\/gaudiumetspes-blog.pl\/wp-content\/uploads\/2019\/07\/avatar-JJ-150x150.jpg\",\"caption\":\"Ks. Jacek\"},\"description\":\"Witam serdecznie! K\u0142ania si\u0119 Ks. Jacek Ja\u015bkowski. Nie jestem ani kim\u015b wa\u017cnym, ani kim\u015b znanym. Jestem ksi\u0119dzem, kt\u00f3ry po prostu chce rozmawia\u0107. Codzienna kap\u0142a\u0144ska pos\u0142uga pokazuje mi, \u017ce temat\u00f3w do rozm\u00f3w z ksi\u0119dzem jest coraz wi\u0119cej i dzisiaj \u017caden ksi\u0105dz nie mo\u017ce od nich ucieka\u0107, ale - wprost przeciwnie - podejmowa\u0107 nowe wyzwania. To przekonanie sk\u0142oni\u0142o mnie do pr\u00f3by otwarcia tego\u017c bloga, chocia\u017c okazji do rozm\u00f3w na co dzie\u0144 - w konfesjonale i poza nim - na szcz\u0119\u015bcie nie brakuje. My\u015bl\u0119 jednak, \u017ce ten blog b\u0119dzie jeszcze jednym sposobem i przestrzeni\u0105 nawi\u0105zania kontaktu z lud\u017ami dobrej woli, otwartymi na dialog.\",\"url\":\"https:\/\/gaudiumetspes-blog.pl\/index.php\/author\/ks-jacek\/\"}]}<\/script>\n<!-- \/ Yoast SEO plugin. -->","yoast_head_json":{"title":"Ofiarowa\u0107 siebie samego... - Gaudium Et Spes","robots":{"index":"index","follow":"follow","max-snippet":"max-snippet:-1","max-image-preview":"max-image-preview:large","max-video-preview":"max-video-preview:-1"},"canonical":"https:\/\/gaudiumetspes-blog.pl\/index.php\/2025\/06\/17\/ofiarowac-siebie-samego\/","og_locale":"pl_PL","og_type":"article","og_title":"Ofiarowa\u0107 siebie samego... - Gaudium Et Spes","og_description":"Szcz\u0119\u015b\u0107 Bo\u017ce! Moi Drodzy, w dniu dzisiejszym rocznic\u0119 \u015awi\u0119ce\u0144 kap\u0142a\u0144skich prze\u017cywaj\u0105: \u25baKsi\u0105dz Henryk Demia\u0144czuk \u2013 emerytowany Kap\u0142an, pos\u0142uguj\u0105cy w Parafii Samogoszcz, \u25baKsi\u0105dz Tadeusz Zawadzki \u2013 S\u0105siad w Domu Ksi\u0119\u017cy Emeryt\u00f3w, \u25baKsi\u0105dz Andrzej Danieluk, \u25baKsi\u0105dz Leszek D\u0105browski, \u25baKsi\u0105dz Adam J\u00f3zefaciuk, \u25baKsi\u0105dz Wojciech Majewski, \u25baKsi\u0105dz Tomasz Miko\u0142ajczuk, \u25baKsi\u0105dz Marcin Olek, \u25baKsi\u0105dz Robert Osypowicz, \u25baKsi\u0105dz Robert Sierociuk, \u25baKsi\u0105dz [&hellip;]","og_url":"https:\/\/gaudiumetspes-blog.pl\/index.php\/2025\/06\/17\/ofiarowac-siebie-samego\/","og_site_name":"Gaudium Et Spes","article_published_time":"2025-06-16T22:38:03+00:00","article_modified_time":"2025-06-18T11:41:06+00:00","author":"Ks. Jacek","twitter_card":"summary_large_image","twitter_misc":{"Napisane przez":"Ks. Jacek","Szacowany czas czytania":"17 minut"},"schema":{"@context":"https:\/\/schema.org","@graph":[{"@type":"WebPage","@id":"https:\/\/gaudiumetspes-blog.pl\/index.php\/2025\/06\/17\/ofiarowac-siebie-samego\/","url":"https:\/\/gaudiumetspes-blog.pl\/index.php\/2025\/06\/17\/ofiarowac-siebie-samego\/","name":"Ofiarowa\u0107 siebie samego... - Gaudium Et Spes","isPartOf":{"@id":"https:\/\/gaudiumetspes-blog.pl\/#website"},"datePublished":"2025-06-16T22:38:03+00:00","dateModified":"2025-06-18T11:41:06+00:00","author":{"@id":"https:\/\/gaudiumetspes-blog.pl\/#\/schema\/person\/1661982992b752dea8dff0d4ed845a65"},"breadcrumb":{"@id":"https:\/\/gaudiumetspes-blog.pl\/index.php\/2025\/06\/17\/ofiarowac-siebie-samego\/#breadcrumb"},"inLanguage":"pl-PL","potentialAction":[{"@type":"ReadAction","target":["https:\/\/gaudiumetspes-blog.pl\/index.php\/2025\/06\/17\/ofiarowac-siebie-samego\/"]}]},{"@type":"BreadcrumbList","@id":"https:\/\/gaudiumetspes-blog.pl\/index.php\/2025\/06\/17\/ofiarowac-siebie-samego\/#breadcrumb","itemListElement":[{"@type":"ListItem","position":1,"name":"Strona g\u0142\u00f3wna","item":"https:\/\/gaudiumetspes-blog.pl\/"},{"@type":"ListItem","position":2,"name":"Ofiarowa\u0107 siebie samego&#8230;"}]},{"@type":"WebSite","@id":"https:\/\/gaudiumetspes-blog.pl\/#website","url":"https:\/\/gaudiumetspes-blog.pl\/","name":"Gaudium Et Spes","description":"Blog Ks. Jacka Ja\u015bkowskiego","potentialAction":[{"@type":"SearchAction","target":{"@type":"EntryPoint","urlTemplate":"https:\/\/gaudiumetspes-blog.pl\/?s={search_term_string}"},"query-input":{"@type":"PropertyValueSpecification","valueRequired":true,"valueName":"search_term_string"}}],"inLanguage":"pl-PL"},{"@type":"Person","@id":"https:\/\/gaudiumetspes-blog.pl\/#\/schema\/person\/1661982992b752dea8dff0d4ed845a65","name":"Ks. Jacek","image":{"@type":"ImageObject","inLanguage":"pl-PL","@id":"https:\/\/gaudiumetspes-blog.pl\/#\/schema\/person\/image\/","url":"https:\/\/gaudiumetspes-blog.pl\/wp-content\/uploads\/2019\/07\/avatar-JJ-150x150.jpg","contentUrl":"https:\/\/gaudiumetspes-blog.pl\/wp-content\/uploads\/2019\/07\/avatar-JJ-150x150.jpg","caption":"Ks. Jacek"},"description":"Witam serdecznie! K\u0142ania si\u0119 Ks. Jacek Ja\u015bkowski. Nie jestem ani kim\u015b wa\u017cnym, ani kim\u015b znanym. Jestem ksi\u0119dzem, kt\u00f3ry po prostu chce rozmawia\u0107. Codzienna kap\u0142a\u0144ska pos\u0142uga pokazuje mi, \u017ce temat\u00f3w do rozm\u00f3w z ksi\u0119dzem jest coraz wi\u0119cej i dzisiaj \u017caden ksi\u0105dz nie mo\u017ce od nich ucieka\u0107, ale - wprost przeciwnie - podejmowa\u0107 nowe wyzwania. To przekonanie sk\u0142oni\u0142o mnie do pr\u00f3by otwarcia tego\u017c bloga, chocia\u017c okazji do rozm\u00f3w na co dzie\u0144 - w konfesjonale i poza nim - na szcz\u0119\u015bcie nie brakuje. My\u015bl\u0119 jednak, \u017ce ten blog b\u0119dzie jeszcze jednym sposobem i przestrzeni\u0105 nawi\u0105zania kontaktu z lud\u017ami dobrej woli, otwartymi na dialog.","url":"https:\/\/gaudiumetspes-blog.pl\/index.php\/author\/ks-jacek\/"}]}},"jetpack_featured_media_url":"","jetpack_sharing_enabled":true,"_links":{"self":[{"href":"https:\/\/gaudiumetspes-blog.pl\/index.php\/wp-json\/wp\/v2\/posts\/23922","targetHints":{"allow":["GET"]}}],"collection":[{"href":"https:\/\/gaudiumetspes-blog.pl\/index.php\/wp-json\/wp\/v2\/posts"}],"about":[{"href":"https:\/\/gaudiumetspes-blog.pl\/index.php\/wp-json\/wp\/v2\/types\/post"}],"author":[{"embeddable":true,"href":"https:\/\/gaudiumetspes-blog.pl\/index.php\/wp-json\/wp\/v2\/users\/1"}],"replies":[{"embeddable":true,"href":"https:\/\/gaudiumetspes-blog.pl\/index.php\/wp-json\/wp\/v2\/comments?post=23922"}],"version-history":[{"count":1,"href":"https:\/\/gaudiumetspes-blog.pl\/index.php\/wp-json\/wp\/v2\/posts\/23922\/revisions"}],"predecessor-version":[{"id":23923,"href":"https:\/\/gaudiumetspes-blog.pl\/index.php\/wp-json\/wp\/v2\/posts\/23922\/revisions\/23923"}],"wp:attachment":[{"href":"https:\/\/gaudiumetspes-blog.pl\/index.php\/wp-json\/wp\/v2\/media?parent=23922"}],"wp:term":[{"taxonomy":"category","embeddable":true,"href":"https:\/\/gaudiumetspes-blog.pl\/index.php\/wp-json\/wp\/v2\/categories?post=23922"},{"taxonomy":"post_tag","embeddable":true,"href":"https:\/\/gaudiumetspes-blog.pl\/index.php\/wp-json\/wp\/v2\/tags?post=23922"}],"curies":[{"name":"wp","href":"https:\/\/api.w.org\/{rel}","templated":true}]}}