{"id":23926,"date":"2025-06-19T06:47:32","date_gmt":"2025-06-19T04:47:32","guid":{"rendered":"https:\/\/gaudiumetspes-blog.pl\/?p=23926"},"modified":"2025-06-19T06:47:32","modified_gmt":"2025-06-19T04:47:32","slug":"tylko-jezus-ma-sens","status":"publish","type":"post","link":"https:\/\/gaudiumetspes-blog.pl\/index.php\/2025\/06\/19\/tylko-jezus-ma-sens\/","title":{"rendered":"Tylko Jezus ma sens!"},"content":{"rendered":"<p align=\"justify\"><span style=\"color: #000000;\"><span style=\"font-family: Book Antiqua, serif;\"><span style=\"font-size: large;\">Szcz\u0119\u015b\u0107 Bo\u017ce! Moi Drodzy, w dniu dzisiejszym <b>rocznic\u0119 <\/b><b>\u015a<\/b><b>wi\u0119ce\u0144 kap\u0142a\u0144skich prze\u017cywa Ksi\u0105dz Wies\u0142aw Mu\u0107ka, Dyrektor Zespo\u0142u Szk\u00f3\u0142 Katolickich w Bia\u0142ej Podlaskiej. Dzi\u0119kuj\u0105c za nasz\u0105 dobr\u0105 znajomo\u015b\u0107 i wsp\u00f3\u0142prac\u0119 od wielu lat \u2013 \u017cycz\u0119 \u015bwiate\u0142 i mocy z Nieba do pe\u0142nienia pos\u0142ugi duszpasterskiej i pedagogicznej. <\/b><\/span><\/span><\/span><\/p>\n<p align=\"justify\"><span style=\"color: #000000;\"><span style=\"font-family: Book Antiqua, serif;\"><span style=\"font-size: large;\"><b>A tak\u017ce: <\/b><\/span><\/span><\/span><\/p>\n<p align=\"justify\"><span style=\"color: #000000;\">\u25ba<span style=\"font-family: Book Antiqua, serif;\"><span style=\"font-size: large;\"><b>Ksi\u0105dz Marek Bie\u0144kowski,<\/b><\/span><\/span><\/span><\/p>\n<p align=\"justify\"><span style=\"color: #000000;\">\u25ba<span style=\"font-family: Book Antiqua, serif;\"><span style=\"font-size: large;\"><b>Ksi\u0105dz Leszek Borysiuk,<\/b><\/span><\/span><\/span><\/p>\n<p align=\"justify\"><span style=\"color: #000000;\">\u25ba<span style=\"font-family: Book Antiqua, serif;\"><span style=\"font-size: large;\"><b>Ksi\u0105dz Marcin Budzy\u0144ski, <\/b><\/span><\/span><\/span><\/p>\n<p align=\"justify\"><span style=\"color: #000000;\">\u25ba<span style=\"font-family: Book Antiqua, serif;\"><span style=\"font-size: large;\"><b>Ksi\u0105dz Leszek Gwardecki,<\/b><\/span><\/span><\/span><\/p>\n<p align=\"justify\"><span style=\"color: #000000;\">\u25ba<span style=\"font-family: Book Antiqua, serif;\"><span style=\"font-size: large;\"><b>Ksi\u0105dz Grzegorz Koz\u0142owicz,<\/b><\/span><\/span><\/span><\/p>\n<p align=\"justify\"><span style=\"color: #000000;\">\u25ba<span style=\"font-family: Book Antiqua, serif;\"><span style=\"font-size: large;\"><b>Ksi\u0105dz Krzysztof Pi\u00f3rkowski,<\/b><\/span><\/span><\/span><\/p>\n<p align=\"justify\"><span style=\"color: #000000;\">\u25ba<span style=\"font-family: Book Antiqua, serif;\"><span style=\"font-size: large;\"><b>Ojciec J\u00f3zef Czernecki \u2013 Oblat, niegdy\u015b pos\u0142uguj\u0105cy w Kodniu, a obecnie Ekonom ca\u0142ej Polskiej Prowincji Oblat\u00f3w,<\/b><\/span><\/span><\/span><\/p>\n<p align=\"justify\"><span style=\"color: #000000;\">\u25ba<span style=\"font-family: Book Antiqua, serif;\"><span style=\"font-size: large;\"><b>Ojciec Sebastian Wi\u015bniewski<\/b><b> <\/b><b>\u2013 Oblat, w swoim czasie: Superior, czyli Prze\u0142o\u017cony Wsp\u00f3lnoty zakonnej w Kodniu,<\/b><\/span><\/span><\/span><\/p>\n<p align=\"justify\"><span style=\"color: #000000;\">\u25ba<span style=\"font-family: Book Antiqua, serif;\"><span style=\"font-size: large;\"><b>Ojciec Piotr Darasz<\/b><b> <\/b><b>\u2013 Oblat, Proboszcz Parafii oblackiej w Siedlcach<\/b><\/span><\/span><\/span><\/p>\n<p align=\"justify\"><span style=\"color: #000000;\"><span style=\"font-family: Book Antiqua, serif;\"><span style=\"font-size: large;\"><b>Drogim Kap\u0142anom \u2013 Jubilatom \u017cycz\u0119 gorliwo\u015bci i zapa\u0142u neoprezbitera. O to b\u0119d\u0119 si\u0119 dla Nich modli\u0142.<\/b><\/span><\/span><\/span><\/p>\n<p align=\"justify\"><span style=\"color: #000000;\"><span style=\"font-family: Book Antiqua, serif;\"><span style=\"font-size: large;\">A ja dzisiaj pomagam duszpastersko w Parafii Wielgolas Brzezi\u0144ski, w Diecezji warszawsko \u2013 praskiej, na zaproszenie Proboszcza, Ksi\u0119dza Marka Lemiecha, dobrego Kolegi mojego i mojego Brata, Ksi\u0119dza Marka. Dzi\u0119kuj\u0119 Ksi\u0119dzu Proboszczowi za to zaproszenie! Potem przeje\u017cd\u017cam do Lublina.<\/span><\/span><\/span><\/p>\n<p align=\"justify\"><span style=\"color: #000000;\"><span style=\"font-family: Book Antiqua, serif;\"><span style=\"font-size: medium;\"><span style=\"font-size: large;\">Natomiast jutro, czyli w<\/span><span style=\"font-size: large;\"> pi\u0105tek, 20 czerwca<\/span><span style=\"font-size: large;\">,<\/span> <span style=\"font-size: large;\"><b>w Katolickim Radiu Podlasie,<\/b><\/span><span style=\"font-size: large;\"> odb\u0119dzie si\u0119 kolejna audycja, w <\/span><span style=\"font-size: large;\">formacie<\/span><span style=\"font-size: large;\">: <\/span><span style=\"font-size: large;\"><b>GAUDIUM ET SPES.<\/b><\/span><b> <\/b><span style=\"font-size: large;\">Jej tematem b\u0119dzie:<\/span><b> <\/b><strong><span style=\"font-size: large;\"><b>JAKI KAP\u0141AN I JAKIE KAP\u0141A\u0143STWO DZISIAJ?<\/b><\/span><\/strong> <span style=\"font-size: large;\">Audycj\u0119 <\/span><span style=\"font-size: large;\">poprowadzi<\/span> <strong><span style=\"font-size: large;\"><b>Szymon Sala, <\/b><\/span><\/strong><span style=\"font-size: large;\">Wsp\u00f3\u0142prowadz\u0105cym<\/span> <span style=\"font-size: large;\">b\u0119dzie<\/span> <strong><span style=\"font-size: large;\"><b>Szymon<\/b><\/span><\/strong> <strong><span style=\"font-size: large;\"><b>Dudek,<\/b><\/span><\/strong> <span style=\"font-size: large;\">a <\/span><span style=\"font-size: large;\">Uczestnikami<\/span> <span style=\"font-size: large;\">b\u0119d\u0105: <\/span><strong><span style=\"font-size: large;\"><b>Ks.<\/b><\/span><\/strong> <strong><span style=\"font-size: large;\"><b>Jacek<\/b><\/span><\/strong> <strong><span style=\"font-size: large;\"><b>Ja\u015bkowski<\/b><\/span><\/strong> <strong><span style=\"font-size: large;\"><b>oraz<\/b><\/span><\/strong> <strong><span style=\"font-size: large;\"><b>Osoby zaproszone przez Prowadz\u0105cych<\/b><\/span><\/strong><strong><span style=\"font-size: large;\"><b>.<\/b><\/span><\/strong><b> <\/b><span style=\"font-size: large;\">Pe\u0142na lista <\/span><span style=\"font-size: large;\">Uczestnik\u00f3w i <\/span><span style=\"font-size: large;\">temat\u00f3w b\u0119dzie wkr\u00f3tce <\/span><strong><span style=\"font-size: large;\">na <\/span><\/strong><strong><span style=\"font-size: large;\"><b>fb Duszpasterstwa Akademickiego w Siedlcach. <\/b><\/span><\/strong><\/span><\/span><\/span><\/p>\n<p align=\"justify\"><span style=\"color: #000000;\"><span style=\"font-family: Book Antiqua, serif;\"><span style=\"font-size: medium;\"><span style=\"font-size: large;\">Audycja rozpocznie si\u0119 <\/span><span style=\"font-size: large;\"><b>o godz. 21:40 <\/b><\/span><span style=\"font-size: large;\">i potrwa <\/span><span style=\"font-size: large;\"><b>do 23:00.<\/b><\/span><span style=\"font-size: large;\"> Zach\u0119cam do s\u0142uchania, oraz do \u0142\u0105czno\u015bci z nami \u2013 telefonicznej <\/span><span style=\"font-size: large;\">lub<\/span><span style=\"font-size: large;\"> smsowej. Telefon do <\/span><span style=\"font-size: large;\">studia<\/span><span style=\"font-size: large;\"> \u2013 do \u201ewej\u015bcia na \u017cywo\u201d: <\/span><strong><span style=\"font-size: large;\"><b>25 \/ 644 65 55; <\/b><\/span><\/strong><span style=\"font-size: large;\">sms<\/span> <span style=\"font-size: large;\">do Radia:<\/span> <strong><span style=\"font-size: large;\"><b>509 056 590;<\/b><\/span><\/strong> <span style=\"font-size: large;\">sms do mnie:<\/span> <strong><span style=\"font-size: large;\"><b>604 736 981. <\/b><\/span><\/strong><span style=\"font-size: large;\">Mo\u017cna<\/span><span style=\"font-size: large;\"> nas s\u0142ucha\u0107 tak\u017ce w internecie<\/span><span style=\"font-size: large;\">: <\/span><strong><a href=\"https:\/\/radiopodlasie.pl\/radio-online\/\"><span style=\"font-size: large;\"><u><b>https:\/\/radiopodlasie.pl\/radio-online\/<\/b><\/u><\/span><\/a><\/strong> <span style=\"font-size: large;\">lub<\/span><span style=\"font-size: large;\"> ods\u0142ucha\u0107 audycji p\u00f3\u017aniej,<\/span><strong><span style=\"font-size: large;\"> w <\/span><\/strong><strong><span style=\"font-size: large;\"><b>\u00abArchiwum d\u017awi\u0119k\u00f3w\u00bb. <\/b><\/span><\/strong><span style=\"font-size: large;\">Powt\u00f3rka audycji na falach Radia <\/span><strong><span style=\"font-size: large;\">\u2013 <\/span><\/strong><strong><span style=\"font-size: large;\"><b>nast\u0119pnej nocy, oko\u0142o godziny 1:00.<\/b><\/span><\/strong><\/span><\/span><\/span><\/p>\n<p align=\"justify\"><span style=\"color: #000000;\"><span style=\"font-family: Book Antiqua, serif;\"><span style=\"font-size: large;\">Jutro te\u017c \u2013 na naszym forum \u2013 s\u0142\u00f3wko z Syberii!<\/span><\/span><\/span><\/p>\n<p align=\"justify\"><span style=\"color: #000000;\"><span style=\"font-family: Book Antiqua, serif;\"><span style=\"font-size: large;\">A teraz ju\u017c zapraszam do pochylenia si\u0119 nad Bo\u017cym s\u0142owem dzisiejszej liturgii. Oto s\u0142\u00f3wko Ksi\u0119dza Marka na dzi\u015b:<\/span><\/span><\/span><\/p>\n<p align=\"justify\"><span style=\"color: #000000;\"><span style=\"font-family: Book Antiqua, serif;\"><span style=\"font-size: medium;\"><a href=\"https:\/\/www.youtube.com\/c\/CatholicSurgut\"><span style=\"font-size: large;\"><b>https:\/\/www.youtube.com\/c\/CatholicSurgut<\/b><\/span><\/a><\/span><\/span><\/span><\/p>\n<p align=\"justify\"><span style=\"color: #000000;\"><span style=\"font-family: Book Antiqua, serif;\"><span style=\"font-size: large;\">Zatem, <b>co konkretnie m\u00f3wi dzi\u015b do mnie Pan? Z jakim przes\u0142aniem zwraca si\u0119 do mnie osobi\u015bcie?<\/b> Duchu \u015awi\u0119ty, pom\u00f3\u017c zrozumie\u0107\u2026 <\/span><\/span><\/span><\/p>\n<p align=\"justify\"><span style=\"color: #000000;\"><span style=\"font-family: Book Antiqua, serif;\"><span style=\"font-size: large;\"><b>Niech Was b\u0142ogos\u0142awi B\u00f3g Wszechmog\u0105cy: Ojciec + i Syn, i Duch \u015awi\u0119ty. Amen<\/b><\/span><\/span><\/span><\/p>\n<p align=\"center\"><span style=\"color: #000000;\"><span style=\"font-family: Book Antiqua, serif;\"><span style=\"font-size: large;\">Gaudium et spes! Ks. Jacek<\/span><\/span><\/span><\/p>\n<p align=\"center\">\n<p align=\"center\">\n<p align=\"center\">\n<p align=\"center\">\n<p align=\"center\">\n<p align=\"justify\"><span style=\"color: #000000;\"><span style=\"font-family: Book Antiqua, serif;\"><span style=\"font-size: large;\"><b>Uroczysto\u015b\u0107 Naj\u015bwi\u0119tszego Cia\u0142a i Krwi Chrystusa, C,<\/b><\/span><\/span><\/span><\/p>\n<p align=\"justify\"><span style=\"color: #000000;\"><span style=\"font-family: Book Antiqua, serif;\"><span style=\"font-size: large;\"><b>19 czerwca 2025.,\u00a0<\/b><\/span><\/span><\/span><\/p>\n<p align=\"justify\"><span style=\"color: #000000;\"><span style=\"font-family: Book Antiqua, serif;\"><span style=\"font-size: large;\"><b>do czyta\u0144: Rdz 14,18\u201320; 1 Kor 11,23\u201326; \u0141k 9,11b\u201317<\/b><\/span><\/span><\/span><\/p>\n<p align=\"justify\">\n<p align=\"justify\">\n<p align=\"justify\">\n<p align=\"justify\">\n<p align=\"justify\">\n<p align=\"justify\"><span style=\"color: #000000;\"><span style=\"font-family: Book Antiqua, serif;\"><span style=\"font-size: large;\"><b>CZYTANIE Z KSI\u0118GI RODZAJU:<\/b><\/span><\/span><\/span><\/p>\n<p align=\"justify\"><span style=\"color: #000000;\"><span style=\"font-family: Book Antiqua, serif;\"><span style=\"font-size: large;\"><b>W owych dniach: Melchizedek, kr\u00f3l Szalemu, wyni\u00f3s\u0142 chleb i wino; a poniewa\u017c by\u0142 on kap\u0142anem Boga Najwy\u017cszego, b\u0142ogos\u0142awi\u0142 Abrama, m\u00f3wi\u0105c: \u201eNiech b\u0119dzie b\u0142ogos\u0142awiony Abram przez Boga Najwy\u017cszego, Stw\u00f3rc\u0119 nieba i ziemi! Niech b\u0119dzie b\u0142ogos\u0142awiony B\u00f3g Najwy\u017cszy, kt\u00f3ry w twe r\u0119ce wyda\u0142 twoich wrog\u00f3w\u201d. Abram da\u0142 mu dziesi\u0105t\u0105 cz\u0119\u015b\u0107 ze wszystkiego.<\/b><\/span><\/span><\/span><\/p>\n<p align=\"justify\">\n<p align=\"justify\">\n<p align=\"justify\">\n<p align=\"justify\">\n<p align=\"justify\">\n<p align=\"justify\"><span style=\"color: #000000;\"><span style=\"font-family: Book Antiqua, serif;\"><span style=\"font-size: large;\"><b>CZYTANIE Z PIERWSZEGO LISTU \u015aWI\u0118TEGO PAW\u0141A APOSTO\u0141A DO KORYNTIAN:<\/b><\/span><\/span><\/span><\/p>\n<p align=\"justify\"><span style=\"color: #000000;\"><span style=\"font-family: Book Antiqua, serif;\"><span style=\"font-size: large;\"><b>Bracia: Ja otrzyma\u0142em od Pana to, co wam przekaza\u0142em, \u017ce Pan Jezus tej nocy, kiedy zosta\u0142 wydany, wzi\u0105\u0142 chleb i dzi\u0119ki uczyniwszy, po\u0142ama\u0142 i rzek\u0142: \u201eTo jest Cia\u0142o moje za was wydane. Czy\u0144cie to na moj\u0105 pami\u0105tk\u0119!\u201d<\/b><\/span><\/span><\/span><\/p>\n<p align=\"justify\"><span style=\"color: #000000;\"><span style=\"font-family: Book Antiqua, serif;\"><span style=\"font-size: large;\"><b>Podobnie, sko\u0144czywszy wieczerz\u0119, wzi\u0105\u0142 kielich, m\u00f3wi\u0105c: \u201eTen Kielich jest Nowym Przymierzem we Krwi mojej. Czy\u0144cie to, ile razy pi\u0107 b\u0119dziecie, na moj\u0105 pami\u0105tk\u0119\u201d.<\/b><\/span><\/span><\/span><\/p>\n<p align=\"justify\"><span style=\"color: #000000;\"><span style=\"font-family: Book Antiqua, serif;\"><span style=\"font-size: large;\"><b>Ilekro\u0107 bowiem spo\u017cywacie ten chleb albo pijecie kielich, \u015bmier\u0107 Pa\u0144sk\u0105 g\u0142osicie, a\u017c przyjdzie.<\/b><\/span><\/span><\/span><\/p>\n<p align=\"justify\">\n<p align=\"justify\">\n<p align=\"justify\">\n<p align=\"justify\">\n<p align=\"justify\">\n<p align=\"justify\"><span style=\"color: #000000;\"><span style=\"font-family: Book Antiqua, serif;\"><span style=\"font-size: large;\"><b>S\u0141OWA EWANGELII WED\u0141UG \u015aWI\u0118TEGO \u0141UKASZA:<\/b><\/span><\/span><\/span><\/p>\n<p align=\"justify\"><span style=\"color: #000000;\"><span style=\"font-family: Book Antiqua, serif;\"><span style=\"font-size: large;\"><b>Jezus opowiada\u0142 rzeszom o kr\u00f3lestwie Bo\u017cym, a tych, kt\u00f3rzy leczenia potrzebowali, uzdrowi\u0142. Dzie\u0144 pocz\u0105\u0142 si\u0119 chyli\u0107 ku wieczorowi. Wtedy przyst\u0105pi\u0142o do Niego Dwunastu, m\u00f3wi\u0105c: \u201eOdpraw t\u0142um; niech id\u0105 do okolicznych wsi i zagr\u00f3d, gdzie znajd\u0105 schronienie i \u017cywno\u015b\u0107; bo jeste\u015bmy tu na pustkowiu\u201d. Lecz On rzek\u0142 do nich: \u201eWy dajcie im je\u015b\u0107\u201d. Oni odpowiedzieli: \u201eMamy tylko pi\u0119\u0107 chleb\u00f3w i dwie ryby; chyba \u017ce p\u00f3jdziemy i nakupimy \u017cywno\u015bci dla wszystkich tych ludzi\u201d. <\/b><\/span><\/span><\/span><\/p>\n<p align=\"justify\"><span style=\"color: #000000;\"><span style=\"font-family: Book Antiqua, serif;\"><span style=\"font-size: large;\"><b>By\u0142o bowiem oko\u0142o pi\u0119ciu tysi\u0119cy m\u0119\u017cczyzn. Wtedy rzek\u0142 do swych uczni\u00f3w: \u201eKa\u017ccie im rozsi\u0105\u015b\u0107 si\u0119 gromadami, mniej wi\u0119cej po pi\u0119\u0107dziesi\u0119ciu\u201d. Uczynili tak i rozmie\u015bcili wszystkich.<\/b><\/span><\/span><\/span><\/p>\n<p align=\"justify\"><span style=\"color: #000000;\"><span style=\"font-family: Book Antiqua, serif;\"><span style=\"font-size: large;\"><b>A On wzi\u0105\u0142 te pi\u0119\u0107 chleb\u00f3w i dwie ryby, spojrza\u0142 w niebo i odm\u00f3wiwszy nad nimi b\u0142ogos\u0142awie\u0144stwo, po\u0142ama\u0142 i dawa\u0142 uczniom, by podawali ludowi. Jedli i nasycili si\u0119 wszyscy, i zebrano jeszcze dwana\u015bcie kosz\u00f3w u\u0142omk\u00f3w, kt\u00f3re im zosta\u0142y.<\/b><\/span><\/span><\/span><\/p>\n<p align=\"justify\">\n<p align=\"justify\">\n<p align=\"justify\">\n<p align=\"justify\">\n<p align=\"justify\">\n<p align=\"justify\"><span style=\"color: #000000;\"><span style=\"font-family: Book Antiqua, serif;\"><span style=\"font-size: large;\">Oto wielka mi\u0142o\u015b\u0107 Jezusa do cz\u0142owieka! Nie do\u015b\u0107, \u017ce \u2013 jak s\u0142yszymy w Ewangelii \u2013 <i><b>opowiada\u0142 rzeszom<\/b><\/i><i><b> o kr\u00f3lestwie Bo\u017cym, a tych, kt\u00f3rzy leczenia potrzebowali, uzdr<\/b><\/i><i><b>o<\/b><\/i><i><b>wi\u0142, <\/b><\/i>to jeszcze zatroszczy\u0142 si\u0119 o to, \u017ce po ca\u0142ym dniu ludzie ci <b>mog\u0105 by\u0107 zwyczajnie g\u0142odni. <\/b>Chocia\u017c my\u015bl o tym, \u017ce tak mo\u017ce by\u0107, a nawet jest, wyp\u0142yn\u0119\u0142a od uczni\u00f3w. W pewnym momencie powiedzieli oni bowiem: <i><b>Odpraw t\u0142um; niech id\u0105 do okolicznych wsi i zagr\u00f3d, gdzie <\/b><\/i><i><b>znajd\u0105 schronienie i \u017cywno\u015b\u0107; <\/b><\/i><i><b>bo jeste\u015bmy tu na pustkowiu. <\/b><\/i>Ale ju\u017c dalej to Jezus przej\u0105\u0142 ca\u0142\u0105 inicjatyw\u0119. <\/span><\/span><\/span><\/p>\n<p align=\"justify\"><span style=\"color: #000000;\"><span style=\"font-family: Book Antiqua, serif;\"><span style=\"font-size: large;\">Bo najpierw \u2013 ku najwi\u0119kszemu zdziwieniu swoich Aposto\u0142\u00f3w \u2013 jak gdyby nigdy nic, stwierdzi\u0142:<i> <\/i><i><b>Wy dajcie im je\u015b\u0107! <\/b><\/i>A niby jak to mieli zrobi\u0107? Swoje zdziwienie \u2013 a mo\u017ce bardziej: bezradno\u015b\u0107 \u2013 wyrazili w s\u0142owach: <i><b>Mamy tylko pi\u0119\u0107 chleb\u00f3w i dwie ryby; chyba \u017ce p\u00f3jdziemy i <\/b><\/i><i><b>n<\/b><\/i><i><b>akupimy \u017cywno\u015bci dla wszystkich tych ludzi. <\/b><\/i>Ale znowu \u2013 <b>gdzie<\/b> mieliby dokona\u0107 takiego zakupu? A przede wszystkim:<b> za co?<\/b> Oni naprawd\u0119 nie op\u0142ywali w dostatki! <\/span><\/span><\/span><\/p>\n<p align=\"justify\"><span style=\"color: #000000;\"><span style=\"font-family: Book Antiqua, serif;\"><span style=\"font-size: large;\">Na to jednak Jezus znalaz\u0142 rozwi\u0105zanie. Jak czytamy dalej, <i><b>by\u0142o bowiem oko\u0142o pi\u0119ciu tysi\u0119cy m\u0119\u017cczyzn. Wtedy rzek\u0142 do swych uczni\u00f3w: \u201eKa\u017ccie im rozsi\u0105\u015b\u0107 si\u0119 gromadami, mniej wi\u0119cej po pi\u0119\u0107dziesi\u0119ciu\u201d. Uczynili tak i <\/b><\/i><i><b>rozmie\u015bcili<\/b><\/i><i><b> wszystkich. A On wzi\u0105\u0142 te pi\u0119\u0107 chleb\u00f3w i dwie ryby, spojrza\u0142 w niebo i odm\u00f3wiwszy nad nimi b\u0142ogos\u0142awie\u0144stwo, po\u0142ama\u0142 i dawa\u0142 uczniom, by podawali <\/b><\/i><i><b>ludowi<\/b><\/i><i><b>. Jedli i nasycili si\u0119 wszyscy, <\/b><\/i><i><b>i<\/b><\/i><i><b> zebrano jeszcze dwana\u015bcie kosz\u00f3w u\u0142omk\u00f3w, <\/b><\/i><i><b>kt\u00f3re im zosta\u0142y<\/b><\/i><i><b>.<\/b><\/i><b> <\/b><\/span><\/span><\/span><\/p>\n<p align=\"justify\"><span style=\"color: #000000;\"><span style=\"font-family: Book Antiqua, serif;\"><span style=\"font-size: large;\">Jak wiemy, to nie by\u0142a jedyna sytuacja, w kt\u00f3rej Jezus dokona\u0142 rozmno\u017cenia pokarmu. Jednak za ka\u017cdym razem, takie rozmno\u017cenie by\u0142o bezpo\u015brednio \u2013 wr\u0119cz nierozerwalnie \u2013 <b>po\u0142\u0105czone<\/b> <b>z pomna\u017caniem innego pokarmu: <\/b>tego duchowego! Bo\u017cego s\u0142owa! Jezus g\u0142osi\u0142 to S\u0142owo, a\u017c nagle czy to On sam, czy Jego uczniowie \u2013 w ka\u017cdym razie kto\u015b z tego Grona stwierdza\u0142, \u017ce przecie\u017c ci ludzie<b> ju\u017c tyle czasu trwaj\u0105 przy Nim, wi\u0119c musz\u0105 by\u0107 g\u0142odni! <\/b>Pewnie tam jaki\u015b drobny zapas na drog\u0119 wzi\u0119li, ale mo\u017ce nie spodziewali si\u0119, <b>\u017ce ich tam noc zastanie, a mo\u017ce i kolejny dzie\u0144,<\/b> a mo\u017ce a\u017c trzy dni!<\/span><\/span><\/span><\/p>\n<p align=\"justify\"><span style=\"color: #000000;\"><span style=\"font-family: Book Antiqua, serif;\"><span style=\"font-size: large;\">Musia\u0142o wi\u0119c zabrakn\u0105\u0107 tego, co mieli. Bo mo\u017ce <b>sami nie spodziewali si\u0119, \u017ce tak si\u0119 rozsmakuj\u0105<\/b> w tym innym, duchowym pokarmie, kt\u00f3rego Jezus tak hojnie im udziela\u0142, opowiadaj\u0105c o Kr\u00f3lestwie Bo\u017cym. A do tego jeszcze \u2013 <b>uzdrawiaj\u0105c.<\/b> Rozsmakowali si\u0119 w tym na tyle, \u017ce wr\u0119cz <b>zapomnieli o tym, \u017ce s\u0105 <\/b><b>fizycznie g\u0142odni.<\/b> Czy da si\u0119 o czym\u015b takim zapomnie\u0107? A jednak\u2026 <\/span><\/span><\/span><\/p>\n<p align=\"justify\"><span style=\"color: #000000;\"><span style=\"font-family: Book Antiqua, serif;\"><span style=\"font-size: large;\">Ale wtedy okaza\u0142o si\u0119, \u017ce <b>sam Jezus i Jego Aposto\u0142owie o tym pomy\u015bleli. <\/b>Kiedy ludzie zatroszczyli si\u0119 o ten pokarm najwa\u017cniejszy, czyli ten na ca\u0142\u0105 wieczno\u015b\u0107, to <b>sam Jezus zatroszczy\u0142 si\u0119 o ten pokarm doczesny.<\/b> Te\u017c wa\u017cny \u2013 dla \u017cycia doczesnego, kt\u00f3re przecie\u017c tu, na ziemi, prze\u017cywamy i kt\u00f3rego te\u017c nie mo\u017cna lekcewa\u017cy\u0107. Okazuje si\u0119 jednak, \u017ce <b>dla Jezusa te\u017c jest ono wa\u017cne <\/b>\u2013 pod warunkiem, \u017ce <b>nie stanie<\/b> w hierarchii warto\u015bci ludzkich spraw <b>na pierwszym miejscu. <\/b><\/span><\/span><\/span><\/p>\n<p align=\"justify\"><span style=\"color: #000000;\"><span style=\"font-family: Book Antiqua, serif;\"><span style=\"font-size: large;\">W przypadku tych akurat s\u0142uchaczy Jezusa, o kt\u00f3rych dzisiaj s\u0142yszymy, nie stan\u0119\u0142o. Oni postawili<b> przede wszystkim <\/b><b>na<\/b><b> sprawy duchowe.<\/b> O reszt\u0119 zatroszczy\u0142 si\u0119 Jezus. Mo\u017cemy powiedzie\u0107, \u017ce to taka wzorcowa i wyj\u0105tkowa sytuacja, bo <b>zwykle mamy do czynienia z odwrotn<\/b><b>\u0105:<\/b> ludzie zabiegaj\u0105 o sprawy doczesne, o ten chleb materialny, <b>a o wiele mniej troszcz\u0105 si\u0119 <\/b>o ten pokarm duchowy, pokarm wieczny. Wtedy to Jezus stara si\u0119 o ten duchowy zatroszczy\u0107, ale co mo\u017ce zrobi\u0107, <b>je\u015bli ludziom na tym a\u017c tak bardzo nie zale\u017cy?\u2026<\/b> <\/span><\/span><\/span><\/p>\n<p align=\"justify\"><span style=\"color: #000000;\"><span style=\"font-family: Book Antiqua, serif;\"><span style=\"font-size: large;\">Gdyby wszyscy wierni, wszyscy chrze\u015bcijanie, t<b>ak ch\u0119tnie i tak uwa\u017cnie s\u0142uchali Bo\u017cego s\u0142owa,<\/b> jak ci, opisani dzisiaj! Gdyby tak wszystkim uczniom Chrystusa <b>a\u017c tak bardzo zale\u017ca\u0142o<\/b> na sprawach Bo\u017cych, jak tym zale\u017ca\u0142o. Ale oczywi\u015bcie my nie mamy tutaj jedynie gdyba\u0107 i wzdycha\u0107, tylko trzeba nam <b>zapyta\u0107<\/b><b> samych siebie, czy nam osobi\u015bcie na nich zale\u017cy? <\/b>Ka\u017cdej i ka\u017cdemu z nas? Tobie i mi? Tak\u017ce mi \u2013 kap\u0142anowi?\u2026 <\/span><\/span><\/span><\/p>\n<p align=\"justify\"><span style=\"color: #000000;\"><span style=\"font-family: Book Antiqua, serif;\"><span style=\"font-size: large;\">Koniecznie musimy sobie postawi\u0107 to pytanie dzisiaj, kiedy dzi\u0119kujemy Panu naszemu <b>za jeszcze inne rozmno\u017cenie chleba! <\/b>Za to, o kt\u00f3rym Aposto\u0142 Pawe\u0142, w drugim czytaniu, tak pisze:<i> <\/i><i><b>Ja otrzyma\u0142em od Pana to, co wam przekaza\u0142em, \u017ce Pan Jezus tej nocy, k<\/b><\/i><i><b>iedy<\/b><\/i><i><b> zosta\u0142 wydany, wzi\u0105\u0142 chleb i dzi\u0119ki uczyniwszy, po\u0142ama\u0142 i rzek\u0142: \u201eTo jest Cia\u0142o moje za was wydane. Czy\u0144cie to na moj\u0105 pami\u0105tk\u0119!\u201d <\/b><\/i><i><b>Podobnie, sko\u0144czywszy wieczerz\u0119, wzi\u0105\u0142 kielich,<\/b><\/i><b> <\/b><i><b>m\u00f3wi\u0105c:<\/b><\/i><b> <\/b><i><b>\u201e<\/b><\/i><i><b>Ten <\/b><\/i><i><b>Kielich jest Nowym Przymierzem we Krwi mojej. Czy\u0144cie to, ile razy pi\u0107 b\u0119dziecie, na moj\u0105 pami\u0105tk\u0119\u201d. <\/b><\/i><i><b>Ilekro\u0107 bowiem spo\u017cywacie ten chleb <\/b><\/i><i><b>albo<\/b><\/i><i><b> pijecie kielich, \u015bmier\u0107 Pa<\/b><\/i><i><b>\u0144sk\u0105<\/b><\/i><i><b> g\u0142osicie, a\u017c przyjdzie. <\/b><\/i><\/span><\/span><\/span><\/p>\n<p align=\"justify\"><span style=\"color: #000000;\"><span style=\"font-family: Book Antiqua, serif;\"><span style=\"font-size: large;\">Ot\u00f3\u017c, w\u0142a\u015bnie! <b>Paw\u0142a nie by\u0142o<\/b> <b>na Ostatniej Wieczerzy! <\/b>Nie by\u0142o go wtedy jeszcze nawet w apostolskim Gronie! O, on by\u0142 w zupe\u0142nie innym miejscu! Po zupe\u0142nie innej stronie barykady \u2013 by si\u0119 tak wyrazi\u0107. On wtedy<b> ju\u017c <\/b><b>rozpoczyna\u0142 prze\u015bladowanie chrze\u015bcijan,<\/b> kt\u00f3re na szerok\u0105 skal\u0119 rozwin\u0105\u0142 po Wniebowst\u0105pieniu Pana. A jednak dzisiaj pisze do wiernych Gminy chrze\u015bcija\u0144skiej korynckiej, \u017ce <b>od samego Pana otrzyma\u0142 to, co <\/b><b>im <\/b><b>przekazuje<\/b> \u2013 po czym opisa\u0142 przebieg Ostatniej Wieczerzy. Tak, jakby tam by\u0142! <\/span><\/span><\/span><\/p>\n<p align=\"justify\"><span style=\"color: #000000;\"><span style=\"font-family: Book Antiqua, serif;\"><span style=\"font-size: large;\">Czy mia\u0142 w zwi\u0105zku z tym<b> jakie\u015b widzenie?<\/b> M\u00f3g\u0142 mie\u0107, bo wiemy, \u017ce mia\u0142 ich dosy\u0107 sporo, a o niekt\u00f3rych nawet wspomina w swoich Listach. Ale mog\u0142o by\u0107 i tak \u2013 i najprawdopodobniej tak by\u0142o \u2013 \u017ce Pawe\u0142 t\u0119 wiedz\u0119 <b>otrzyma\u0142 od Pana przez Ko\u015bci\u00f3\u0142!<\/b> Bo Ko\u015bci\u00f3\u0142 \u2013 to przecie\u017c<b> <\/b><b>\u017cyj\u0105cy <\/b><b>i dzia\u0142aj\u0105cy<\/b><b> Jezus.<\/b> I ten w\u0142a\u015bnie Ko\u015bci\u00f3\u0142, od samego pocz\u0105tku, w g\u0142\u0119bokim ukryciu, <b>zbiera\u0142 si\u0119 na tak zwane \u0141AMANIE CHLEBA, <\/b>jak wtedy okre\u015blano pierwsze Msze \u015awi\u0119te. <\/span><\/span><\/span><\/p>\n<p align=\"justify\"><span style=\"color: #000000;\"><span style=\"font-family: Book Antiqua, serif;\"><span style=\"font-size: large;\">Pawe\u0142, odk\u0105d si\u0119 tylko nawr\u00f3ci\u0142,<b> z pewno\u015bci\u0105 bra\u0142 w <\/b><b>nich<\/b><b> udzia\u0142. <\/b>Zreszt\u0105, nawi\u0105zuje potem do nich w swoich Listach, upominaj\u0105c nawet niekt\u00f3rych swoich uczni\u00f3w, \u017ce niedbale w tym uczestnicz\u0105, a niekiedy wr\u0119cz <b>bezczeszcz\u0105 t\u0119 \u015bwi\u0119t\u0105 czynno\u015b\u0107<\/b>! Bo odk\u0105d do\u015bwiadczy\u0142 na sobie mocy Jezusa, ukrytej w Naj\u015bwi\u0119tszej Eucharystii, odt\u0105d <b>sta\u0142 si\u0119 jej odwa\u017cnym \u015bwiadkiem!<\/b> By\u0142 <b>duchowo mocny<\/b> \u2013 wszak Jezus zaprosi\u0142 go do swego Sto\u0142u, do swego eucharystycznego Sto\u0142u, przy kt\u00f3rym Pawe\u0142 m\u00f3g\u0142 si\u0119 posila\u0107 do woli! <\/span><\/span><\/span><\/p>\n<p align=\"justify\"><span style=\"color: #000000;\"><span style=\"font-family: Book Antiqua, serif;\"><span style=\"font-size: large;\">Ten sam Jezus,<b> z tym samym zaproszeniem, <\/b>do tego samego Sto\u0142u \u2013 Sto\u0142u eucharystycznego \u2013 wychodzi <b>na spotkanie ka\u017cdego i ka\u017cdej z nas! <\/b>Tak, jak \u00f3w tajemniczy kr\u00f3l Szalemu, czyli kr\u00f3l pokoju \u2013 <b>Melchizedek,<\/b> o kt\u00f3rym s\u0142yszymy w pierwszym czytaniu \u2013 wyszed\u0142 na spotkanie wracaj\u0105cego ze zwyci\u0119skiej potyczki Abrama, nios\u0105c<b> <\/b><i><b>chleb i wino; a poniewa\u017c by\u0142 on kap\u0142anem Boga Najwy\u017cszego, b\u0142ogos\u0142awi\u0142 Abrama, m\u00f3wi\u0105c: \u201eNiech b\u0119dzie b\u0142ogos\u0142awiony Abram przez Boga Najwy\u017cszego, Stw\u00f3rc\u0119 nieba i ziemi! Niech b\u0119dzie b\u0142ogos\u0142awiony B\u00f3g Najwy\u017cszy, kt\u00f3ry w twe r\u0119ce wyda\u0142 twoich wrog\u00f3w\u201d. <\/b><\/i><\/span><\/span><\/span><\/p>\n<p align=\"justify\"><span style=\"color: #000000;\"><span style=\"font-family: Book Antiqua, serif;\"><span style=\"font-size: large;\">Nic wi\u0119cej nie wiemy o tym tajemniczym kr\u00f3lu Szalemu. Mo\u017cemy powiedzie\u0107, \u017ce na kartach Pisma \u015awi\u0119tego zosta\u0142 zachowany <b>niejako tylko dla tego w\u0142a\u015bnie momentu, <\/b>tej chwili, w kt\u00f3rej dokona\u0142 tego bardzo niezwyk\u0142ego gestu: <b>b\u0142ogos\u0142awi\u0142 Boga za Jego zwyci\u0119sk\u0105 moc, <\/b>okazan\u0105 Abramowi i Jego wojsku, a w r\u0119kach mia\u0142 chleb i wino. Jezus Chrystus tak\u017ce ma w r\u0119kach <b>\u201eChleb \u015bwi\u0119ty \u017cycia wiecznego i Kielich wiekuistego zbawienia\u201d. <\/b>I wychodzi z tym do nas, zapraszaj\u0105c nas na Uczt\u0119! Na t\u0119 Uczt\u0119, na kt\u00f3rej po\u0142\u0105czone zostan\u0105 <b>sprawy duchowe ze sprawami doczesnymi. <\/b><\/span><\/span><\/span><\/p>\n<p align=\"justify\"><span style=\"color: #000000;\"><span style=\"font-family: Book Antiqua, serif;\"><span style=\"font-size: large;\">Bo przecie\u017c ten chleb, kt\u00f3ry za chwil\u0119 stanie si\u0119 Cia\u0142em Pa\u0144skim i roz\u0142amany, zostanie podzielony po\u015br\u00f3d nas \u2013 to jest <b>\u201eowoc ziemi i pracy r\u0105k ludzkich\u201d!<\/b> Tak kap\u0142an m\u00f3wi, w ramach przygotowania dar\u00f3w, w czasie Mszy \u015awi\u0119tej. A zatem, <b>to co ludzkie \u2013 staje si\u0119 <\/b><b>B<\/b><b>oskim. <\/b>Zwyczajny chleb \u2013 staje si\u0119 nadzwyczajnym Pokarmem. To wszystko <b>dzieje si\u0119 naprawd\u0119! W ka\u017cdej Mszy \u015awi\u0119tej!<\/b> <\/span><\/span><\/span><\/p>\n<p align=\"justify\"><span style=\"color: #000000;\"><span style=\"font-family: Book Antiqua, serif;\"><span style=\"font-size: large;\">Ale problem jest zawsze jeden i ten sam, niezmienny: <b>co na to ludzie? Co my na to? Co ja na to? A<\/b> <b>co Ty, Bracie i Ty, Siostro, na to? <\/b>Jezus obdarza nas hojnie swoimi darami \u2013 ale czy my ich w og\u00f3le chcemy? <b>My pewnie tak,<\/b> bo w\u0142a\u015bnie z tego powodu jeste\u015bmy na Mszy \u015awi\u0119tej. Ale tyle spo\u015br\u00f3d Os\u00f3b nam bliskich, lub nawet najbli\u017cszych, raczej si\u0119 tymi sprawami <b>za bardzo nie przejmuj<\/b><b>e<\/b><b>! <\/b><\/span><\/span><\/span><\/p>\n<p align=\"justify\"><span style=\"color: #000000;\"><span style=\"font-family: Book Antiqua, serif;\"><span style=\"font-size: large;\">I Jezus, wychodz\u0105cy im na spotkanie z Chlebem, kt\u00f3re jest Jego Cia\u0142em, oraz z Winem, kt\u00f3re jest Jego Krwi\u0105, nagle dowiaduje si\u0119, \u017ce dla ca\u0142kiem sporej grupy spo\u015br\u00f3d nich <b>On si\u0119 zupe\u0142nie niepotrzebnie szarpie! <\/b>Bo im w og\u00f3le na tym nie zale\u017cy! <b>Bo im jest wszystko jedno, <\/b>czy jest jaka\u015b Eucharystia, \u017ce jest jaki\u015b Ko\u015bci\u00f3\u0142, \u017ce jest jaki\u015b Jezus\u2026 <b>\u201eA to gwiazda z jakiego serialu?\u201d <\/b>\u2013 zdaj\u0105 si\u0119 pyta\u0107 dzisiejsi neopoganie\u2026 <b>\u201e<\/b><b>Bohater jakiej gry komputerowej?\u201d <\/b><\/span><\/span><\/span><\/p>\n<p align=\"justify\"><span style=\"color: #000000;\"><span style=\"font-family: Book Antiqua, serif;\"><span style=\"font-size: large;\">Dlatego tak bardzo potrzeba, Drodzy moi, naszego \u015bwiadectwa! Tak bardzo potrzeba <b>naszego rozmi\u0142owania si\u0119<\/b> \u2013 i to na co dzie\u0144 \u2013 <b>w tym, co Boskie, co duchowe! <\/b>Tak bardzo potrzeba nam ponownego odkrycia \u2013 przez ka\u017cdego i ka\u017cd\u0105 z nas \u2013 <b>jak wielkim i wspania\u0142ym darem jest Eucharystia!<\/b> Ten niezwyk\u0142y spos\u00f3b, jaki Jezus wynalaz\u0142 \u2013 \u017ceby nie powiedzie\u0107: wymy\u015bli\u0142 \u2013 <b>a<\/b><b>by z nami zosta\u0107! <\/b>I \u017ceby nam nigdy nie zabrak\u0142o tego jedynego w swoim rodzaju Pokarmu. <b>Jemu na tym bardzo zale\u017cy! <\/b>Oby i nam zale\u017ca\u0142o! <\/span><\/span><\/span><\/p>\n<p align=\"justify\"><span style=\"color: #000000;\"><span style=\"font-family: Book Antiqua, serif;\"><span style=\"font-size: large;\">A chocia\u017cby na tym, \u017ceby<b> na ka\u017cdej,<\/b> naprawd\u0119 na ka\u017cdej Mszy \u015awi\u0119tej, kt\u00f3r\u0105 prze\u017cywamy, <b>przyj\u0105\u0107 Cia\u0142o Pa\u0144skie, w Komunii \u015awi\u0119tej, <\/b>do swego serca. To oczywi\u015bcie wi\u0105\u017ce si\u0119 z konieczno\u015bci\u0105 <b>systematycznej Spowiedzi, <\/b>nie rzadziej, jak co miesi\u0105c. Ale warto \u2013 naprawd\u0119 warto zasiada\u0107 z Jezusem do tej wyj\u0105tkowej Uczty. I warto <b>s\u0142ucha\u0107, jak b\u0119dzie nam o swoim Kr\u00f3lestwie opowiada\u0142. <\/b>I o zasadach, jakie w nim panuj\u0105. Szybko przekonamy si\u0119 \u2013 bo na co dzie\u0144 si\u0119 przekonujemy \u2013 jak bardzo <b>te zasady r\u00f3\u017cni\u0105 si\u0119 od tych \u015bwiatowych. <\/b>Ale my dzisiaj tak\u017ce po to wychodzimy na ulice naszych miast i wiosek, naszych osiedli i obej\u015b\u0107, \u017ceby w\u0142a\u015bnie temu dzisiejszemu \u015bwiatu <b>jasno i konkretnie pokaza\u0107, za jakimi warto\u015bciami my si\u0119 opowiadamy! <\/b><\/span><\/span><\/span><\/p>\n<p align=\"justify\"><span style=\"color: #000000;\"><span style=\"font-family: Book Antiqua, serif;\"><span style=\"font-size: large;\">I \u017ce si\u0119 Jezusa nie wstydzimy! I \u017ce <b>by\u0107 chrze\u015bcijaninem dzisiaj \u2013 to \u017caden obciach!<\/b> Wielu, niestety, tak uwa\u017ca i tak m\u00f3wi. To ci duchowo wyg\u0142odzeni, kt\u00f3rzy <b>swoje dusze g\u0142odz\u0105,<\/b> nie przyjmuj\u0105c Komunii \u015awi\u0119tej. A cz\u0142owiek wyniszczony g\u0142odem, to \u2013 jak wiemy \u2013 r\u00f3\u017cne rzeczy wygaduje. Raczej niezbyt m\u0105dre! I c\u00f3\u017c z tego, \u017ce ludzie ci <b>maj\u0105 wr\u0119cz przesyt tego chleba doczesnego! <\/b>Na odcinku materialnym wr\u0119cz im si\u0119 przelewa! C\u00f3\u017c z tego, \u017ce <b>tak mocno zainwestowali w doczesno\u015b\u0107,<\/b> i\u017c na tym odcinku osi\u0105gn\u0119li bardzo wiele i nawet doszli bardzo wysoko. <\/span><\/span><\/span><\/p>\n<p align=\"justify\"><span style=\"color: #000000;\"><span style=\"font-family: Book Antiqua, serif;\"><span style=\"font-size: large;\">C\u00f3\u017c z tego, kiedy oni <b>tak naprawd\u0119 s\u0105 g\u0142odni\u2026 Duchowo g\u0142odni\u2026<\/b> I przychodz\u0105 takie dramatyczne momenty, kiedy ci przesyceni, maj\u0105cy wszystkiego wr\u0119cz po uszy \u2013 <b>targaj\u0105 si\u0119 na swoje \u017cycie. <\/b>Bo uznaj\u0105,<b> \u017ce ono nie ma sensu! <\/b>A przecie\u017c mieli wszystkiego pod dostatkiem! To s\u0105 nierzadko <b>ludzie<\/b><b> m\u0142odzi i <\/b><b>\u015bwietnie <\/b><b>ustawieni, <\/b>wysportowani i wyedukowani, znaj\u0105cy siedem j\u0119zyk\u00f3w i najnowocze\u015bniejsze technologie komputerowe! Wydawa\u0107 by si\u0119 mog\u0142o: <b>p<\/b><b>rzysz\u0142o\u015b\u0107 przed nimi otworem \u2013 i \u015bwiat u ich st\u00f3p! <\/b>A oni targaj\u0105 si\u0119 na \u017cycie,<b> bo ju\u017c nie chc\u0105 ani tego \u015bwiata, ani tej przysz\u0142o\u015bci\u2026 <\/b><\/span><\/span><\/span><\/p>\n<p align=\"justify\"><span style=\"color: #000000;\"><span style=\"font-family: Book Antiqua, serif;\"><span style=\"font-size: large;\">Dlaczego a\u017c tak? Co ich tak bardzo bola\u0142o? <b>A dusza ich bola\u0142a \u2013 wyg\u0142odzona dusza! <\/b>Ten duchowy g\u0142\u00f3d, objawiaj\u0105cy si\u0119 cz\u0119sto <b>poczuciem braku sensu czegokolwiek,<\/b> i samego \u017cycia, naprawd\u0119 mo\u017ce doskwiera\u0107. <\/span><\/span><\/span><\/p>\n<p align=\"justify\"><span style=\"color: #000000;\"><span style=\"font-family: Book Antiqua, serif;\"><span style=\"font-size: large;\">A Jezus \u2013<b> na wyci\u0105gni\u0119cie r\u0119ki,<\/b> na pierwszy poryw serca, na pierwsz\u0105 zdroworozs\u0105dkow\u0105 decyzj\u0119 rozumu \u2013 <b>czeka, aby zaprosi\u0107 do sto\u0142u.<\/b> Trzeba si\u0119 jednak da\u0107 zaprosi\u0107. Trzeba si\u0119 <b>tylko<\/b> da\u0107 zaprosi\u0107! <b>Tylko?\u2026<\/b> Dla wielu \u2013 niestety \u2013<b> to <\/b><b>a\u017c! <\/b>A\u017c takie trudne\u2026 Poka\u017cmy im zatem, Drodzy moi \u2013 <b>w\u0142a\u015bnie my im poka\u017cmy, <\/b><b>swoim przyk\u0142adem \u2013 \u017ce to ma sens!<\/b> Ma sens cz\u0119sta Komunia \u015awi\u0119ta, ma sens wr\u0119cz sta\u0142a Komunia \u015awi\u0119ta, ma sens systematyczna Spowied\u017a, ma sens sta\u0142y kontakt z Bo\u017cym s\u0142owem \u2013 i w og\u00f3le: z Jezusem, poprzez rozmow\u0119 z Nim. <b>To wszystko ma sens \u2013 <\/b>wbrew temu, co pokazuje \u015bwiat i do czego przekonuje \u015bwiat, a co jest tak cz\u0119sto <b>zupe\u0142nie bez sensu!<\/b> <\/span><\/span><\/span><\/p>\n<p align=\"justify\"><span style=\"color: #000000;\"><span style=\"font-family: Book Antiqua, serif;\"><span style=\"font-size: large;\">Jedyny sens \u2013 i smak, i tre\u015b\u0107, i pi\u0119kno, i kierunek, i cel \u2013 ma <b>tylko to, co proponuje i co daje Jezus.<\/b> Trzeba w to tylko uwierzy\u0107! Czas najwy\u017cszy w to wreszcie uwierzy\u0107\u2026<\/span><\/span><\/span><\/p>\n","protected":false},"excerpt":{"rendered":"<p>Szcz\u0119\u015b\u0107 Bo\u017ce! Moi Drodzy, w dniu dzisiejszym rocznic\u0119 \u015awi\u0119ce\u0144 kap\u0142a\u0144skich prze\u017cywa Ksi\u0105dz Wies\u0142aw Mu\u0107ka, Dyrektor Zespo\u0142u Szk\u00f3\u0142 Katolickich w Bia\u0142ej Podlaskiej. Dzi\u0119kuj\u0105c za nasz\u0105 dobr\u0105 znajomo\u015b\u0107 i wsp\u00f3\u0142prac\u0119 od wielu lat \u2013 \u017cycz\u0119 \u015bwiate\u0142 i mocy z Nieba do pe\u0142nienia pos\u0142ugi duszpasterskiej i pedagogicznej. A tak\u017ce: \u25baKsi\u0105dz Marek Bie\u0144kowski, \u25baKsi\u0105dz Leszek Borysiuk, \u25baKsi\u0105dz Marcin Budzy\u0144ski, [&hellip;]<\/p>\n","protected":false},"author":1,"featured_media":0,"comment_status":"open","ping_status":"open","sticky":false,"template":"","format":"standard","meta":{"jetpack_post_was_ever_published":false,"_jetpack_newsletter_access":"","_jetpack_dont_email_post_to_subs":false,"_jetpack_newsletter_tier_id":0,"_jetpack_memberships_contains_paywalled_content":false,"_jetpack_memberships_contains_paid_content":false,"footnotes":""},"categories":[1],"tags":[],"class_list":["post-23926","post","type-post","status-publish","format-standard","hentry","category-bez-kategorii"],"yoast_head":"<!-- This site is optimized with the Yoast SEO plugin v25.1 - https:\/\/yoast.com\/wordpress\/plugins\/seo\/ -->\n<title>Tylko Jezus ma sens! - Gaudium Et Spes<\/title>\n<meta name=\"robots\" content=\"index, follow, max-snippet:-1, max-image-preview:large, max-video-preview:-1\" \/>\n<link rel=\"canonical\" href=\"https:\/\/gaudiumetspes-blog.pl\/index.php\/2025\/06\/19\/tylko-jezus-ma-sens\/\" \/>\n<meta property=\"og:locale\" content=\"pl_PL\" \/>\n<meta property=\"og:type\" content=\"article\" \/>\n<meta property=\"og:title\" content=\"Tylko Jezus ma sens! - Gaudium Et Spes\" \/>\n<meta property=\"og:description\" content=\"Szcz\u0119\u015b\u0107 Bo\u017ce! Moi Drodzy, w dniu dzisiejszym rocznic\u0119 \u015awi\u0119ce\u0144 kap\u0142a\u0144skich prze\u017cywa Ksi\u0105dz Wies\u0142aw Mu\u0107ka, Dyrektor Zespo\u0142u Szk\u00f3\u0142 Katolickich w Bia\u0142ej Podlaskiej. Dzi\u0119kuj\u0105c za nasz\u0105 dobr\u0105 znajomo\u015b\u0107 i wsp\u00f3\u0142prac\u0119 od wielu lat \u2013 \u017cycz\u0119 \u015bwiate\u0142 i mocy z Nieba do pe\u0142nienia pos\u0142ugi duszpasterskiej i pedagogicznej. A tak\u017ce: \u25baKsi\u0105dz Marek Bie\u0144kowski, \u25baKsi\u0105dz Leszek Borysiuk, \u25baKsi\u0105dz Marcin Budzy\u0144ski, [&hellip;]\" \/>\n<meta property=\"og:url\" content=\"https:\/\/gaudiumetspes-blog.pl\/index.php\/2025\/06\/19\/tylko-jezus-ma-sens\/\" \/>\n<meta property=\"og:site_name\" content=\"Gaudium Et Spes\" \/>\n<meta property=\"article:published_time\" content=\"2025-06-19T04:47:32+00:00\" \/>\n<meta name=\"author\" content=\"Ks. Jacek\" \/>\n<meta name=\"twitter:card\" content=\"summary_large_image\" \/>\n<meta name=\"twitter:label1\" content=\"Napisane przez\" \/>\n\t<meta name=\"twitter:data1\" content=\"Ks. Jacek\" \/>\n\t<meta name=\"twitter:label2\" content=\"Szacowany czas czytania\" \/>\n\t<meta name=\"twitter:data2\" content=\"16 minut\" \/>\n<script type=\"application\/ld+json\" class=\"yoast-schema-graph\">{\"@context\":\"https:\/\/schema.org\",\"@graph\":[{\"@type\":\"WebPage\",\"@id\":\"https:\/\/gaudiumetspes-blog.pl\/index.php\/2025\/06\/19\/tylko-jezus-ma-sens\/\",\"url\":\"https:\/\/gaudiumetspes-blog.pl\/index.php\/2025\/06\/19\/tylko-jezus-ma-sens\/\",\"name\":\"Tylko Jezus ma sens! - Gaudium Et Spes\",\"isPartOf\":{\"@id\":\"https:\/\/gaudiumetspes-blog.pl\/#website\"},\"datePublished\":\"2025-06-19T04:47:32+00:00\",\"author\":{\"@id\":\"https:\/\/gaudiumetspes-blog.pl\/#\/schema\/person\/1661982992b752dea8dff0d4ed845a65\"},\"breadcrumb\":{\"@id\":\"https:\/\/gaudiumetspes-blog.pl\/index.php\/2025\/06\/19\/tylko-jezus-ma-sens\/#breadcrumb\"},\"inLanguage\":\"pl-PL\",\"potentialAction\":[{\"@type\":\"ReadAction\",\"target\":[\"https:\/\/gaudiumetspes-blog.pl\/index.php\/2025\/06\/19\/tylko-jezus-ma-sens\/\"]}]},{\"@type\":\"BreadcrumbList\",\"@id\":\"https:\/\/gaudiumetspes-blog.pl\/index.php\/2025\/06\/19\/tylko-jezus-ma-sens\/#breadcrumb\",\"itemListElement\":[{\"@type\":\"ListItem\",\"position\":1,\"name\":\"Strona g\u0142\u00f3wna\",\"item\":\"https:\/\/gaudiumetspes-blog.pl\/\"},{\"@type\":\"ListItem\",\"position\":2,\"name\":\"Tylko Jezus ma sens!\"}]},{\"@type\":\"WebSite\",\"@id\":\"https:\/\/gaudiumetspes-blog.pl\/#website\",\"url\":\"https:\/\/gaudiumetspes-blog.pl\/\",\"name\":\"Gaudium Et Spes\",\"description\":\"Blog Ks. Jacka Ja\u015bkowskiego\",\"potentialAction\":[{\"@type\":\"SearchAction\",\"target\":{\"@type\":\"EntryPoint\",\"urlTemplate\":\"https:\/\/gaudiumetspes-blog.pl\/?s={search_term_string}\"},\"query-input\":{\"@type\":\"PropertyValueSpecification\",\"valueRequired\":true,\"valueName\":\"search_term_string\"}}],\"inLanguage\":\"pl-PL\"},{\"@type\":\"Person\",\"@id\":\"https:\/\/gaudiumetspes-blog.pl\/#\/schema\/person\/1661982992b752dea8dff0d4ed845a65\",\"name\":\"Ks. Jacek\",\"image\":{\"@type\":\"ImageObject\",\"inLanguage\":\"pl-PL\",\"@id\":\"https:\/\/gaudiumetspes-blog.pl\/#\/schema\/person\/image\/\",\"url\":\"https:\/\/gaudiumetspes-blog.pl\/wp-content\/uploads\/2019\/07\/avatar-JJ-150x150.jpg\",\"contentUrl\":\"https:\/\/gaudiumetspes-blog.pl\/wp-content\/uploads\/2019\/07\/avatar-JJ-150x150.jpg\",\"caption\":\"Ks. Jacek\"},\"description\":\"Witam serdecznie! K\u0142ania si\u0119 Ks. Jacek Ja\u015bkowski. Nie jestem ani kim\u015b wa\u017cnym, ani kim\u015b znanym. Jestem ksi\u0119dzem, kt\u00f3ry po prostu chce rozmawia\u0107. Codzienna kap\u0142a\u0144ska pos\u0142uga pokazuje mi, \u017ce temat\u00f3w do rozm\u00f3w z ksi\u0119dzem jest coraz wi\u0119cej i dzisiaj \u017caden ksi\u0105dz nie mo\u017ce od nich ucieka\u0107, ale - wprost przeciwnie - podejmowa\u0107 nowe wyzwania. To przekonanie sk\u0142oni\u0142o mnie do pr\u00f3by otwarcia tego\u017c bloga, chocia\u017c okazji do rozm\u00f3w na co dzie\u0144 - w konfesjonale i poza nim - na szcz\u0119\u015bcie nie brakuje. My\u015bl\u0119 jednak, \u017ce ten blog b\u0119dzie jeszcze jednym sposobem i przestrzeni\u0105 nawi\u0105zania kontaktu z lud\u017ami dobrej woli, otwartymi na dialog.\",\"url\":\"https:\/\/gaudiumetspes-blog.pl\/index.php\/author\/ks-jacek\/\"}]}<\/script>\n<!-- \/ Yoast SEO plugin. -->","yoast_head_json":{"title":"Tylko Jezus ma sens! - Gaudium Et Spes","robots":{"index":"index","follow":"follow","max-snippet":"max-snippet:-1","max-image-preview":"max-image-preview:large","max-video-preview":"max-video-preview:-1"},"canonical":"https:\/\/gaudiumetspes-blog.pl\/index.php\/2025\/06\/19\/tylko-jezus-ma-sens\/","og_locale":"pl_PL","og_type":"article","og_title":"Tylko Jezus ma sens! - Gaudium Et Spes","og_description":"Szcz\u0119\u015b\u0107 Bo\u017ce! Moi Drodzy, w dniu dzisiejszym rocznic\u0119 \u015awi\u0119ce\u0144 kap\u0142a\u0144skich prze\u017cywa Ksi\u0105dz Wies\u0142aw Mu\u0107ka, Dyrektor Zespo\u0142u Szk\u00f3\u0142 Katolickich w Bia\u0142ej Podlaskiej. Dzi\u0119kuj\u0105c za nasz\u0105 dobr\u0105 znajomo\u015b\u0107 i wsp\u00f3\u0142prac\u0119 od wielu lat \u2013 \u017cycz\u0119 \u015bwiate\u0142 i mocy z Nieba do pe\u0142nienia pos\u0142ugi duszpasterskiej i pedagogicznej. A tak\u017ce: \u25baKsi\u0105dz Marek Bie\u0144kowski, \u25baKsi\u0105dz Leszek Borysiuk, \u25baKsi\u0105dz Marcin Budzy\u0144ski, [&hellip;]","og_url":"https:\/\/gaudiumetspes-blog.pl\/index.php\/2025\/06\/19\/tylko-jezus-ma-sens\/","og_site_name":"Gaudium Et Spes","article_published_time":"2025-06-19T04:47:32+00:00","author":"Ks. Jacek","twitter_card":"summary_large_image","twitter_misc":{"Napisane przez":"Ks. Jacek","Szacowany czas czytania":"16 minut"},"schema":{"@context":"https:\/\/schema.org","@graph":[{"@type":"WebPage","@id":"https:\/\/gaudiumetspes-blog.pl\/index.php\/2025\/06\/19\/tylko-jezus-ma-sens\/","url":"https:\/\/gaudiumetspes-blog.pl\/index.php\/2025\/06\/19\/tylko-jezus-ma-sens\/","name":"Tylko Jezus ma sens! - Gaudium Et Spes","isPartOf":{"@id":"https:\/\/gaudiumetspes-blog.pl\/#website"},"datePublished":"2025-06-19T04:47:32+00:00","author":{"@id":"https:\/\/gaudiumetspes-blog.pl\/#\/schema\/person\/1661982992b752dea8dff0d4ed845a65"},"breadcrumb":{"@id":"https:\/\/gaudiumetspes-blog.pl\/index.php\/2025\/06\/19\/tylko-jezus-ma-sens\/#breadcrumb"},"inLanguage":"pl-PL","potentialAction":[{"@type":"ReadAction","target":["https:\/\/gaudiumetspes-blog.pl\/index.php\/2025\/06\/19\/tylko-jezus-ma-sens\/"]}]},{"@type":"BreadcrumbList","@id":"https:\/\/gaudiumetspes-blog.pl\/index.php\/2025\/06\/19\/tylko-jezus-ma-sens\/#breadcrumb","itemListElement":[{"@type":"ListItem","position":1,"name":"Strona g\u0142\u00f3wna","item":"https:\/\/gaudiumetspes-blog.pl\/"},{"@type":"ListItem","position":2,"name":"Tylko Jezus ma sens!"}]},{"@type":"WebSite","@id":"https:\/\/gaudiumetspes-blog.pl\/#website","url":"https:\/\/gaudiumetspes-blog.pl\/","name":"Gaudium Et Spes","description":"Blog Ks. Jacka Ja\u015bkowskiego","potentialAction":[{"@type":"SearchAction","target":{"@type":"EntryPoint","urlTemplate":"https:\/\/gaudiumetspes-blog.pl\/?s={search_term_string}"},"query-input":{"@type":"PropertyValueSpecification","valueRequired":true,"valueName":"search_term_string"}}],"inLanguage":"pl-PL"},{"@type":"Person","@id":"https:\/\/gaudiumetspes-blog.pl\/#\/schema\/person\/1661982992b752dea8dff0d4ed845a65","name":"Ks. Jacek","image":{"@type":"ImageObject","inLanguage":"pl-PL","@id":"https:\/\/gaudiumetspes-blog.pl\/#\/schema\/person\/image\/","url":"https:\/\/gaudiumetspes-blog.pl\/wp-content\/uploads\/2019\/07\/avatar-JJ-150x150.jpg","contentUrl":"https:\/\/gaudiumetspes-blog.pl\/wp-content\/uploads\/2019\/07\/avatar-JJ-150x150.jpg","caption":"Ks. Jacek"},"description":"Witam serdecznie! K\u0142ania si\u0119 Ks. Jacek Ja\u015bkowski. Nie jestem ani kim\u015b wa\u017cnym, ani kim\u015b znanym. Jestem ksi\u0119dzem, kt\u00f3ry po prostu chce rozmawia\u0107. Codzienna kap\u0142a\u0144ska pos\u0142uga pokazuje mi, \u017ce temat\u00f3w do rozm\u00f3w z ksi\u0119dzem jest coraz wi\u0119cej i dzisiaj \u017caden ksi\u0105dz nie mo\u017ce od nich ucieka\u0107, ale - wprost przeciwnie - podejmowa\u0107 nowe wyzwania. To przekonanie sk\u0142oni\u0142o mnie do pr\u00f3by otwarcia tego\u017c bloga, chocia\u017c okazji do rozm\u00f3w na co dzie\u0144 - w konfesjonale i poza nim - na szcz\u0119\u015bcie nie brakuje. My\u015bl\u0119 jednak, \u017ce ten blog b\u0119dzie jeszcze jednym sposobem i przestrzeni\u0105 nawi\u0105zania kontaktu z lud\u017ami dobrej woli, otwartymi na dialog.","url":"https:\/\/gaudiumetspes-blog.pl\/index.php\/author\/ks-jacek\/"}]}},"jetpack_featured_media_url":"","jetpack_sharing_enabled":true,"_links":{"self":[{"href":"https:\/\/gaudiumetspes-blog.pl\/index.php\/wp-json\/wp\/v2\/posts\/23926","targetHints":{"allow":["GET"]}}],"collection":[{"href":"https:\/\/gaudiumetspes-blog.pl\/index.php\/wp-json\/wp\/v2\/posts"}],"about":[{"href":"https:\/\/gaudiumetspes-blog.pl\/index.php\/wp-json\/wp\/v2\/types\/post"}],"author":[{"embeddable":true,"href":"https:\/\/gaudiumetspes-blog.pl\/index.php\/wp-json\/wp\/v2\/users\/1"}],"replies":[{"embeddable":true,"href":"https:\/\/gaudiumetspes-blog.pl\/index.php\/wp-json\/wp\/v2\/comments?post=23926"}],"version-history":[{"count":1,"href":"https:\/\/gaudiumetspes-blog.pl\/index.php\/wp-json\/wp\/v2\/posts\/23926\/revisions"}],"predecessor-version":[{"id":23927,"href":"https:\/\/gaudiumetspes-blog.pl\/index.php\/wp-json\/wp\/v2\/posts\/23926\/revisions\/23927"}],"wp:attachment":[{"href":"https:\/\/gaudiumetspes-blog.pl\/index.php\/wp-json\/wp\/v2\/media?parent=23926"}],"wp:term":[{"taxonomy":"category","embeddable":true,"href":"https:\/\/gaudiumetspes-blog.pl\/index.php\/wp-json\/wp\/v2\/categories?post=23926"},{"taxonomy":"post_tag","embeddable":true,"href":"https:\/\/gaudiumetspes-blog.pl\/index.php\/wp-json\/wp\/v2\/tags?post=23926"}],"curies":[{"name":"wp","href":"https:\/\/api.w.org\/{rel}","templated":true}]}}