{"id":23941,"date":"2025-06-21T07:44:29","date_gmt":"2025-06-21T05:44:29","guid":{"rendered":"https:\/\/gaudiumetspes-blog.pl\/?p=23941"},"modified":"2025-06-21T07:44:29","modified_gmt":"2025-06-21T05:44:29","slug":"moc-w-slabosci-sie-doskonali","status":"publish","type":"post","link":"https:\/\/gaudiumetspes-blog.pl\/index.php\/2025\/06\/21\/moc-w-slabosci-sie-doskonali\/","title":{"rendered":"Moc w s\u0142abo\u015bci si\u0119 doskonali!"},"content":{"rendered":"<p align=\"justify\"><span style=\"color: #000000;\"><span style=\"font-family: Book Antiqua, serif;\"><span style=\"font-size: large;\">Szcz\u0119\u015b\u0107 Bo\u017ce! Moi Drodzy, <b>z ca\u0142ego serca dzi\u0119kuj\u0119 za wszystkie \u017cyczenia, jakie nap\u0142yn\u0119\u0142y wczoraj \u2013 i wci\u0105\u017c nap\u0142ywaj\u0105 \u2013 z okazji dwudziestej <\/b><b>si\u00f3dmej<\/b><b> rocznicy <\/b><b>moich <\/b><b>\u015awi\u0119ce\u0144 kap\u0142a\u0144skich. Jak zawsze, odwdzi\u0119cza<\/b><b>m<\/b><b> si<\/b><b>\u0119<\/b><b> <\/b><b>serdeczn\u0105<\/b><b> modlitw\u0105 oraz Msz\u0105 \u015awi\u0119t\u0105, kt\u00f3r\u0105 <\/b><b>ju\u017c wczoraj sprawowa\u0142em \u2013 w ramach spotkania rocznicowego w Gronie Braci z Roku \u015awi\u0119ce\u0144 \u2013 w Parafii Kolano, gdzie Proboszczem jest Ksi\u0105dz Wojciech Cholewa. <\/b><b>Raz jeszcze \u2013 wielkie dzi\u0119ki <\/b><b>Wszystkim za dobre s\u0142owo<\/b><b>!<\/b><\/span><\/span><\/span><\/p>\n<p align=\"justify\"><span style=\"color: #000000;\"><span style=\"font-family: Book Antiqua, serif;\"><span style=\"font-size: large;\"><b>A <\/b><b>oto <\/b><b>w dniu dzisiejszym rocznic\u0119 \u015awi\u0119ce\u0144 kap\u0142a\u0144skich prze\u017cywaj\u0105: <\/b><\/span><\/span><\/span><\/p>\n<p align=\"justify\"><span style=\"color: #000000;\">\u25ba<span style=\"font-family: Book Antiqua, serif;\"><span style=\"font-size: large;\"><b>Ksi\u0105dz Sylwester Anusiewicz,<\/b><\/span><\/span><\/span><\/p>\n<p align=\"justify\"><span style=\"color: #000000;\">\u25ba<span style=\"font-family: Book Antiqua, serif;\"><span style=\"font-size: large;\"><b>Ksi\u0105dz Krzysztof Chaci\u0144ski,<\/b><\/span><\/span><\/span><\/p>\n<p align=\"justify\"><span style=\"color: #000000;\">\u25ba<span style=\"font-family: Book Antiqua, serif;\"><span style=\"font-size: large;\"><b>Ksi\u0105dz Adam Daniluk,<\/b><\/span><\/span><\/span><\/p>\n<p align=\"justify\"><span style=\"color: #000000;\">\u25ba<span style=\"font-family: Book Antiqua, serif;\"><span style=\"font-size: large;\"><b>Ksi\u0105dz Jerzy Duda,<\/b><\/span><\/span><\/span><\/p>\n<p align=\"justify\"><span style=\"color: #000000;\">\u25ba<span style=\"font-family: Book Antiqua, serif;\"><span style=\"font-size: large;\"><b>Ksi\u0105dz Pawe\u0142 Florowski,<\/b><\/span><\/span><\/span><\/p>\n<p align=\"justify\"><span style=\"color: #000000;\">\u25ba<span style=\"font-family: Book Antiqua, serif;\"><span style=\"font-size: large;\"><b>Ksi\u0105dz Tomasz Grochowski,<\/b><\/span><\/span><\/span><\/p>\n<p align=\"justify\"><span style=\"color: #000000;\">\u25ba<span style=\"font-family: Book Antiqua, serif;\"><span style=\"font-size: large;\"><b>Ksi\u0105dz Wojciech Hackiewicz,<\/b><\/span><\/span><\/span><\/p>\n<p align=\"justify\"><span style=\"color: #000000;\">\u25ba<span style=\"font-family: Book Antiqua, serif;\"><span style=\"font-size: large;\"><b>Ksi\u0105dz Franciszek Klebaniuk,<\/b><\/span><\/span><\/span><\/p>\n<p align=\"justify\"><span style=\"color: #000000;\">\u25ba<span style=\"font-family: Book Antiqua, serif;\"><span style=\"font-size: large;\"><b>Ksi\u0105dz Zbigniew Nikoniuk,<\/b><\/span><\/span><\/span><\/p>\n<p align=\"justify\"><span style=\"color: #000000;\">\u25ba<span style=\"font-family: Book Antiqua, serif;\"><span style=\"font-size: large;\"><b>Ksi\u0105dz Tadeusz Ol\u0119dzki,<\/b><\/span><\/span><\/span><\/p>\n<p align=\"justify\"><span style=\"color: #000000;\">\u25ba<span style=\"font-family: Book Antiqua, serif;\"><span style=\"font-size: large;\"><b>Ksi\u0105dz Andrzej Oworuszko,<\/b><\/span><\/span><\/span><\/p>\n<p align=\"justify\"><span style=\"color: #000000;\">\u25ba<span style=\"font-family: Book Antiqua, serif;\"><span style=\"font-size: large;\"><b>Ksi\u0105dz Zbigniew Rozmys\u0142, <\/b><\/span><\/span><\/span><\/p>\n<p align=\"justify\"><span style=\"color: #000000;\">\u25ba<span style=\"font-family: Book Antiqua, serif;\"><span style=\"font-size: large;\"><b>Ksi\u0105dz Piotr Trochimiak,<\/b><\/span><\/span><\/span><\/p>\n<p align=\"justify\"><span style=\"color: #000000;\">\u25ba<span style=\"font-family: Book Antiqua, serif;\"><span style=\"font-size: large;\"><b>Ojciec Mariusz Bosek \u2013 Oblat, pos\u0142uguj\u0105cy w Kodniu, Rzecznik prasowy Sanktuarium, Wsp\u00f3\u0142autor audycji TY\u015a NASZ\u0104 KR\u00d3LOW\u0104, w Katolickim Radiu Podlasie,<\/b><\/span><\/span><\/span><\/p>\n<p align=\"justify\"><span style=\"color: #000000;\">\u25ba<span style=\"font-family: Book Antiqua, serif;\"><span style=\"font-size: large;\"><b>Ojciec Damian Dyba\u0142a [2003] \u2013 Oblat niegdy\u015b pos\u0142uguj\u0105cy w Kodniu i Proboszcz kode\u0144skiej Parafii.<\/b><\/span><\/span><\/span><\/p>\n<p align=\"justify\"><span style=\"color: #000000;\"><span style=\"font-family: Book Antiqua, serif;\"><span style=\"font-size: large;\"><b>Natomiast do grona wczorajszych Jubilat\u00f3w do\u0142\u0105czam Ksi\u0119dza Doktora Filipa Krauze, z Archidiecezji gda\u0144skiej, Wyk\u0142adowc\u0119 Katolickiego Uniwersytetu Lubelskiego, z kt\u00f3rym znamy si\u0119 ze wsp\u00f3lnych spotka\u0144 w Kodniu.<\/b><\/span><\/span><\/span><\/p>\n<p align=\"justify\"><span style=\"color: #000000;\"><span style=\"font-family: Book Antiqua, serif;\"><span style=\"font-size: large;\"><b>Czcigodnym Jubilatom \u017cycz\u0119 niez\u0142omnego i radosnego ducha! Niech Im Najwy\u017cszy Kap\u0142an b\u0142ogos\u0142awi! Wspieram modlitw\u0105.<\/b><\/span><\/span><\/span><\/p>\n<p align=\"justify\"><span style=\"color: #000000;\"><span style=\"font-family: Book Antiqua, serif;\"><span style=\"font-size: large;\">Drodzy moi, bardzo serdecznie dzi\u0119kuj\u0119 Wszystkim, kt\u00f3rzy byli z nami wczoraj, na audycji wieczornej. D\u0142ugo by o niej m\u00f3wi\u0107 i pisa\u0107, bo kiedy wychodzili\u015bmy ze studia, wszyscy byli\u015bmy zgodni, \u017ce by\u0142a to najmocniejsza ze wszystkich naszych dotychczasowych audycji. Wszyscy \u2013 pocz\u0105wszy ode mnie \u2013 byli\u015bmy bardzo poruszeni! I wzruszeni! Ja te\u017c\u2026 Po \u017cadnej audycji nie wyciera\u0142em \u0142ez, a po wczorajszej\u2026<\/span><\/span><\/span><\/p>\n<p align=\"justify\"><span style=\"color: #000000;\"><span style=\"font-family: Book Antiqua, serif;\"><span style=\"font-size: large;\">Bo by\u0142a o kap\u0142a\u0144stwie \u2013 o Chrystusowym kap\u0142a\u0144stwie, kt\u00f3re z niezbadanych wyrok\u00f3w Opatrzno\u015bci sta\u0142o si\u0119 tak\u017ce moim kap\u0142a\u0144stwem, a w kt\u00f3re wpisani s\u0105 Ci, kt\u00f3rzy byli ze mn\u0105 wczoraj w studiu. I wielu z Tych, kt\u00f3rzy nas wczoraj s\u0142uchali i z nami si\u0119 modlili. Bogu niech b\u0119d\u0105 dzi\u0119ki za to pi\u0119kne dzie\u0142o! Niech procentuje pog\u0142\u0119bionym spojrzeniem nas wszystkich na kap\u0142a\u0144stwo! I nowymi powo\u0142aniami.<\/span><\/span><\/span><\/p>\n<p align=\"justify\"><span style=\"color: #000000;\"><span style=\"font-family: Book Antiqua, serif;\"><span style=\"font-size: large;\">Nieco op\u00f3\u017aniam zamieszczenie s\u0142\u00f3wka \u2013 bo mog\u0142em wcze\u015bniej \u2013 bo koniecznie chc\u0119 zamie\u015bci\u0107 link do audycji. Oto on:<\/span><\/span><\/span><\/p>\n<p align=\"justify\"><span style=\"color: #000000;\"><span style=\"font-family: Book Antiqua, serif;\"><span style=\"font-size: medium;\"><span style=\"font-size: large;\"><b><a href=\"https:\/\/archiwum.radiopodlasie.pl\/NEW\/2025\/06\/20\/jaki-kaplan-i-jakie-kaplanstwo-dzisiaj\/\">https:\/\/archiwum.radiopodlasie.pl\/NEW\/2025\/06\/20\/jaki-kaplan-i-jakie-kaplanstwo-dzisiaj\/<\/a> <\/b><\/span><\/span><\/span><\/span><\/p>\n<p align=\"justify\"><span style=\"color: #000000;\"><span style=\"font-family: Book Antiqua, serif;\"><span style=\"font-size: large;\">Bardzo zach\u0119cam do ods\u0142uchania! Nawet, je\u015bli kto\u015b s\u0142ucha\u0142 wczoraj \u2013 zach\u0119cam do ods\u0142uchania ponownego. Ja to te\u017c zrobi\u0119. I prosz\u0119: przekazujcie j\u0105 dalej! Nigdy o to chyba nie prosi\u0142em, a dzisiaj szczeg\u00f3lnie prosz\u0119: przeka\u017ccie j\u0105 dalej!<\/span><\/span><\/span><\/p>\n<p align=\"justify\"><span style=\"color: #000000;\"><span style=\"font-family: Book Antiqua, serif;\"><span style=\"font-size: large;\">A ja dzisiaj \u2013 ca\u0142y dzie\u0144 na miejscu, w Siedlcach, a o 19:00, w Parafii w D\u0105biu, odprawi\u0119 Msz\u0119 \u015awi\u0119t\u0105 w intencji \u0141ukasza Piszcza, w 18:00 rocznic\u0119 urodzin. Jest to Lektor, bardzo zaanga\u017cowany w \u017cycie tej\u017ce Parafii. Ksi\u0105dz Proboszcz m\u00f3wi o Nim w samych superlatywach. Ja te\u017c, kiedy jestem w tej Parafii, z uznaniem obserwuj\u0119 Jego pos\u0142ug\u0119. Dobrze si\u0119 s\u0142u\u017cy\u0142o, \u017ce w ramach zast\u0119pstwa, jakie tam nieraz realizuj\u0119, b\u0119d\u0119 m\u00f3g\u0142 odprawi\u0107 Msz\u0119 \u015awi\u0119t\u0105 za tak warto\u015bciowego Cz\u0142owieka.<\/span><\/span><\/span><\/p>\n<p align=\"justify\"><span style=\"color: #000000;\"><span style=\"font-family: Book Antiqua, serif;\"><span style=\"font-size: large;\">I jeszcze jedno: wielkie dzi\u0119ki Ksi\u0119dzu Markowi i Ekipie Syberyjskiej za wczorajsze s\u0142\u00f3wko! Dzi\u0119kuj\u0119 te\u017c za \u017cyczenia i za pi\u0119kn\u0105 wiadomo\u015b\u0107, przes\u0142an\u0105 do studia. Jak wczoraj wspomnia\u0142em w audycji, ja tak\u017ce bardzo buduj\u0119 si\u0119 postaw\u0105 i zaanga\u017cowaniem Ksi\u0119dza Marka w pe\u0142nienie kap\u0142a\u0144skiej pos\u0142ugi. Zw\u0142aszcza w tych specyficznych warunkach, w jakich j\u0105 pe\u0142ni.<\/span><\/span><\/span><\/p>\n<p align=\"justify\"><span style=\"color: #000000;\"><span style=\"font-family: Book Antiqua, serif;\"><span style=\"font-size: medium;\"><strong><span style=\"font-size: large;\">Teraz za\u015b ju\u017c <\/span><\/strong><span style=\"font-size: large;\">zapraszam do pochylenia si\u0119 nad Bo\u017cym s\u0142owem dzisiejszej liturgii. <\/span><span style=\"font-size: large;\">O<\/span><span style=\"font-size: large;\">to s\u0142\u00f3wko Ksi\u0119dza Marka na dzi\u015b:<\/span><\/span><\/span><\/span><\/p>\n<p align=\"justify\"><span style=\"color: #000000;\"><span style=\"font-family: Book Antiqua, serif;\"><span style=\"font-size: medium;\"><a href=\"https:\/\/www.youtube.com\/c\/CatholicSurgut\"><span style=\"font-size: large;\"><b>https:\/\/www.youtube.com\/c\/CatholicSurgut<\/b><\/span><\/a><\/span><\/span><\/span><\/p>\n<p align=\"justify\"><span style=\"color: #000000;\"><span style=\"font-family: Book Antiqua, serif;\"><span style=\"font-size: large;\">Poni\u017cej za\u015b \u2013 s\u0142\u00f3wko Kacpra. Jak w ka\u017cd\u0105 sobot\u0119! Dzi\u0119kuj\u0119 za jasno\u015b\u0107 i konkret przekazu. Ale to nic nowego, bo tak jest zawsze! Natomiast mi da\u0142y do my\u015blenia te trzy punkty, kt\u00f3re Kacper w rozwa\u017caniu wyra\u017anie wyodr\u0119bni\u0142, a kt\u00f3re ja bym nazwa\u0142 \u201epunktami zdrowego rozs\u0105dku\u201d. Co o tym my\u015blicie?<\/span><\/span><\/span><\/p>\n<p align=\"justify\"><span style=\"color: #000000;\"><span style=\"font-family: Book Antiqua, serif;\"><span style=\"font-size: large;\">Bardzo dzi\u0119kuj\u0119 Kacprowi za te refleksje! Jak zawsze, tak i dzisiaj zach\u0119cam do tego, by r\u00f3\u017cnych s\u0142\u00f3wek Kacpra w skupieniu pos\u0142ucha\u0107:<\/span><\/span><\/span><\/p>\n<p align=\"justify\"><span style=\"color: #000000;\"><span style=\"font-family: Book Antiqua, serif;\"><span style=\"font-size: medium;\"><a href=\"https:\/\/www.youtube.com\/@kacpergrandczech\"><span style=\"font-size: large;\"><span lang=\"zxx\"><u><b>https:\/\/www.youtube.com\/@kacpergrandczech<\/b><\/u><\/span><\/span><\/a><b> <\/b><\/span><\/span><\/span><\/p>\n<p align=\"justify\"><span style=\"color: #000000;\"><span style=\"font-family: Book Antiqua, serif;\"><span style=\"font-size: large;\">Zatem, <b>c<\/b><b>o m\u00f3wi do mnie Pan? Z jakim osobistym przes\u0142aniem zwraca si\u0119 konkretnie do mnie? <\/b>Niech Duch \u015awi\u0119ty rozja\u015bni nasze umys\u0142y!<\/span><\/span><\/span><\/p>\n<p align=\"justify\"><span style=\"color: #000000;\"><span style=\"font-family: Book Antiqua, serif;\"><span style=\"font-size: large;\"><b>Niech Was b\u0142ogos\u0142awi B\u00f3g Wszechmog\u0105cy: Ojciec + i Syn, i Duch \u015awi\u0119ty. Amen<\/b><\/span><\/span><\/span><\/p>\n<p align=\"center\"><span style=\"color: #000000;\"><span style=\"font-family: Book Antiqua, serif;\"><span style=\"font-size: large;\">Gaudium et spes! Ks. Jacek<\/span><\/span><\/span><\/p>\n<p align=\"center\">\n<p align=\"center\">\n<p align=\"center\">\n<p align=\"center\">\n<p align=\"center\">\n<p align=\"justify\"><span style=\"color: #000000;\"><span style=\"font-family: Book Antiqua, serif;\"><span style=\"font-size: large;\"><b>Sobota 11 Tygodnia zwyk\u0142ego, rok I,<\/b><\/span><\/span><\/span><\/p>\n<p align=\"justify\"><span style=\"color: #000000;\"><span style=\"font-family: Book Antiqua, serif;\"><span style=\"font-size: large;\"><b>Wspomnienie \u015aw. Alojzego Gonzagi, Zakonnika,<\/b><\/span><\/span><\/span><\/p>\n<p align=\"justify\"><span style=\"color: #000000;\"><span style=\"font-family: Book Antiqua, serif;\"><span style=\"font-size: large;\"><b>21 czerwca 2025.,\u00a0<\/b><\/span><\/span><\/span><\/p>\n<p align=\"justify\"><span style=\"color: #000000;\"><span style=\"font-family: Book Antiqua, serif;\"><span style=\"font-size: large;\"><b>do czyta\u0144: 2 Kor 12,1\u201310; Mt 6,24\u201334<\/b><\/span><\/span><\/span><\/p>\n<p align=\"justify\">\n<p align=\"justify\">\n<p align=\"justify\">\n<p align=\"justify\">\n<p align=\"justify\">\n<p align=\"justify\"><span style=\"color: #000000;\"><span style=\"font-family: Book Antiqua, serif;\"><span style=\"font-size: large;\"><b>CZYTANIE Z DRUGIEGO LISTU \u015aWI\u0118TEGO PAW\u0141A APOSTO\u0141A DO KORYNTIAN: <\/b><\/span><\/span><\/span><\/p>\n<p align=\"justify\"><span style=\"color: #000000;\"><span style=\"font-family: Book Antiqua, serif;\"><span style=\"font-size: large;\"><b>Bracia: Je\u017celi trzeba si\u0119 chlubi\u0107, cho\u0107 co prawda nie wypada, przejd\u0119 do widze\u0144 i objawie\u0144 Pa\u0144skich. Znam cz\u0142owieka w Chrystusie, kt\u00f3ry przed czternastu laty (czy w ciele, nie wiem, czy poza cia\u0142em, te\u017c nie wiem, B\u00f3g to wie) zosta\u0142 porwany a\u017c do trzeciego nieba. I wiem, \u017ce cz\u0142owiek ten (czy w ciele, nie wiem, czy poza cia\u0142em, te\u017c nie wiem, B\u00f3g to wie) zosta\u0142 porwany do raju i s\u0142ysza\u0142 tajemne s\u0142owa, kt\u00f3rych si\u0119 nie godzi cz\u0142owiekowi powtarza\u0107. <\/b><\/span><\/span><\/span><\/p>\n<p align=\"justify\"><span style=\"color: #000000;\"><span style=\"font-family: Book Antiqua, serif;\"><span style=\"font-size: large;\"><b>Z tego wi\u0119c b\u0119d\u0119 si\u0119 chlubi\u0142, a z siebie samego nie b\u0119d\u0119 si\u0119 chlubi\u0142, chyba \u017ce z moich s\u0142abo\u015bci. Zreszt\u0105 cho\u0107bym i chcia\u0142 si\u0119 chlubi\u0107, nie by\u0142bym szale\u0144cem; powiedzia\u0142bym tylko prawd\u0119. Powstrzymuj\u0119 si\u0119 jednak, aby mnie nikt nie ocenia\u0142 ponad to, co widzi we mnie lub co ode mnie s\u0142yszy. <\/b><\/span><\/span><\/span><\/p>\n<p align=\"justify\"><span style=\"color: #000000;\"><span style=\"font-family: Book Antiqua, serif;\"><span style=\"font-size: large;\"><b>Aby za\u015b nie wynosi\u0142 mnie zbytnio ogrom objawie\u0144; dany mi zosta\u0142 o\u015bcie\u0144 dla cia\u0142a, wys\u0142annik szatana, aby mnie policzkowa\u0142. Dlatego trzykrotnie prosi\u0142em Pana, aby odszed\u0142 ode mnie, lecz Pan mi powiedzia\u0142: \u201eWystarczy ci mojej \u0142aski. Moc bowiem w s\u0142abo\u015bci si\u0119 doskonali\u201d. <\/b><\/span><\/span><\/span><\/p>\n<p align=\"justify\"><span style=\"color: #000000;\"><span style=\"font-family: Book Antiqua, serif;\"><span style=\"font-size: large;\"><b>Najch\u0119tniej wi\u0119c b\u0119d\u0119 si\u0119 che\u0142pi\u0142 z moich s\u0142abo\u015bci, aby zamieszka\u0142a we mnie moc Chrystusa. Dlatego mam upodobanie w moich s\u0142abo\u015bciach, w obelgach, w niedostatkach, w prze\u015bladowaniach, w uciskach z powodu Chrystusa. Albowiem ilekro\u0107 niedomagam, tylekro\u0107 jestem mocny.<\/b><\/span><\/span><\/span><\/p>\n<p align=\"justify\">\n<p align=\"justify\">\n<p align=\"justify\">\n<p align=\"justify\">\n<p align=\"justify\">\n<p align=\"justify\"><span style=\"color: #000000;\"><span style=\"font-family: Book Antiqua, serif;\"><span style=\"font-size: large;\"><b>S\u0141OWA EWANGELII WED\u0141UG \u015aWI\u0118TEGO MATEUSZA: <\/b><\/span><\/span><\/span><\/p>\n<p align=\"justify\"><span style=\"color: #000000;\"><span style=\"font-family: Book Antiqua, serif;\"><span style=\"font-size: large;\"><b>Jezus powiedzia\u0142 do swoich uczni\u00f3w: \u201eNikt nie mo\u017ce dwom panom s\u0142u\u017cy\u0107. Bo albo jednego b\u0119dzie nienawidzi\u0142, a drugiego b\u0119dzie mi\u0142owa\u0142; albo z jednym b\u0119dzie trzyma\u0142, a drugim wzgardzi. Nie mo\u017cecie s\u0142u\u017cy\u0107 Bogu i Mamonie. <\/b><\/span><\/span><\/span><\/p>\n<p align=\"justify\"><span style=\"color: #000000;\"><span style=\"font-family: Book Antiqua, serif;\"><span style=\"font-size: large;\"><b>Dlatego powiadam wam: Nie troszczcie si\u0119 zbytnio o swoje \u017cycie, o to, co macie je\u015b\u0107 i pi\u0107, ani o swoje cia\u0142o, czym si\u0119 macie przyodzia\u0107. Czy\u017c \u017cycie nie znaczy wi\u0119cej ni\u017c pokarm, a cia\u0142o wi\u0119cej ni\u017c odzienie? Przypatrzcie si\u0119 ptakom w powietrzu: nie siej\u0105 ani \u017cn\u0105 i nie zbieraj\u0105 do spichrz\u00f3w, a Ojciec wasz niebieski je \u017cywi. Czy\u017c wy nie jeste\u015bcie wa\u017cniejsi ni\u017c one? <\/b><\/span><\/span><\/span><\/p>\n<p align=\"justify\"><span style=\"color: #000000;\"><span style=\"font-family: Book Antiqua, serif;\"><span style=\"font-size: large;\"><b>Kto z was przy ca\u0142ej swej trosce mo\u017ce cho\u0107by jedn\u0105 chwil\u0119 do\u0142o\u017cy\u0107 do wieku swego \u017cycia? <\/b><\/span><\/span><\/span><\/p>\n<p align=\"justify\"><span style=\"color: #000000;\"><span style=\"font-family: Book Antiqua, serif;\"><span style=\"font-size: large;\"><b>A o odzienie czemu si\u0119 zbytnio troszczycie? Przypatrzcie si\u0119 liliom na polu, jak rosn\u0105: nie pracuj\u0105 ani prz\u0119d\u0105. A powiadam wam: nawet Salomon w ca\u0142ym swoim przepychu nie by\u0142 tak ubrany jak jedna z nich. Je\u015bli wi\u0119c ziele na polu, kt\u00f3re dzi\u015b jest, a jutro do pieca b\u0119dzie wrzucone, B\u00f3g tak przyodziewa, to czy\u017c nie o wiele pewniej was, ma\u0142ej wiary? <\/b><\/span><\/span><\/span><\/p>\n<p align=\"justify\"><span style=\"color: #000000;\"><span style=\"font-family: Book Antiqua, serif;\"><span style=\"font-size: large;\"><b>Nie troszczcie si\u0119 wi\u0119c zbytnio i nie m\u00f3wcie: co b\u0119dziemy je\u015b\u0107? co b\u0119dziemy pi\u0107? czym b\u0119dziemy si\u0119 przyodziewa\u0107? Bo o to wszystko poganie zabiegaj\u0105. Przecie\u017c Ojciec wasz niebieski wie, \u017ce tego wszystkiego potrzebujecie. Starajcie si\u0119 naprz\u00f3d o kr\u00f3lestwo Boga i o Jego sprawiedliwo\u015b\u0107, a to wszystko b\u0119dzie wam dodane.<\/b><\/span><\/span><\/span><\/p>\n<p align=\"justify\"><span style=\"color: #000000;\"><span style=\"font-family: Book Antiqua, serif;\"><span style=\"font-size: large;\"><b>Nie troszczcie si\u0119 wi\u0119c zbytnio o jutro, bo jutrzejszy dzie\u0144 sam o siebie troszczy\u0107 si\u0119 b\u0119dzie. Dosy\u0107 ma dzie\u0144 swojej biedy\u201d.<\/b><\/span><\/span><\/span><\/p>\n<p align=\"justify\">\n<p align=\"justify\">\n<p align=\"justify\">\n<p align=\"justify\">\n<p align=\"justify\">\n<p align=\"center\"><span style=\"color: #000000;\"><span style=\"font-family: Book Antiqua, serif;\"><span style=\"font-size: large;\"><b>A OTO S\u0141\u00d3WKO KACPRA:<\/b><\/span><\/span><\/span><\/p>\n<p align=\"center\">\n<p align=\"center\">\n<p align=\"center\">\n<p align=\"center\">\n<p align=\"center\">\n<p align=\"justify\"><span style=\"font-family: Book Antiqua, serif;\"><span style=\"font-size: large;\"><span style=\"color: #000000;\"><span lang=\"pl-PL\">S\u0142uchaj\u0105c<\/span><span lang=\"pl-PL\"> dzisiejsz<\/span><span lang=\"pl-PL\">ych<\/span><span lang=\"pl-PL\"> czyta<\/span><span lang=\"pl-PL\">\u0144, przypomnia\u0142em sobie <\/span><span lang=\"pl-PL\">zdanie, kt\u00f3re wypowiedzia\u0142 Jezus do uczni\u00f3w: <\/span><span lang=\"pl-PL\"><i><b>Gdyby\u015bcie byli ze \u015bwiata, \u015bwiat by was kocha\u0142 jako swoj\u0105 w\u0142asno\u015b\u0107. Ale poniewa\u017c nie jeste\u015bcie ze \u015bwiata, bo<\/b><\/i><\/span><i> <\/i><span lang=\"pl-PL\"><i><b>Ja was wybra\u0142em sobie ze \u015bwiata, dlatego was \u015bwiat nienawidzi<\/b><\/i><\/span><i> <\/i><span lang=\"pl-PL\">(J 15,9).<\/span><span lang=\"pl-PL\"> To, co jest wa\u017cne i popularne na tym \u015bwiecie, jest przeciwno\u015bci\u0105 nauki Chrystusa. To, co \u015bmieszne, wyszydzane i wy\u015bmiewane, jest t\u0105 w\u0105sk\u0105 drog\u0105, prowadz\u0105c\u0105 do <\/span><span lang=\"pl-PL\">z<\/span><span lang=\"pl-PL\">bawienia. Dlaczego tak si\u0119 dzieje? Poniewa\u017c \u2013 jak sam m\u00f3wi Jezus \u2013 ksi\u0119ciem tego \u015bwiata jest diabe\u0142, kt\u00f3ry pragnie masowo odci\u0105gn\u0105\u0107 ludzi od Boga i sprowadzi\u0107 ich na pot\u0119pienie.<\/span><\/span><\/span><\/span><\/p>\n<p align=\"justify\"><span style=\"font-family: Book Antiqua, serif;\"><span style=\"font-size: large;\"><span style=\"color: #000000;\"><span lang=\"pl-PL\">W oczach \u015bwiata liczy si\u0119 sukces, bycie silnym, niezale\u017cnym, mo\u017cna rzec \u2013 cz\u0142owiekiem sukcesu. <\/span><span lang=\"pl-PL\">Wed\u0142ug \u015bwiata, c<\/span><span lang=\"pl-PL\">el u\u015bwi\u0119ca \u015brodki, <\/span><span lang=\"pl-PL\">nie jest wi\u0119c wa\u017cne,<\/span><span lang=\"pl-PL\"> jak dostaniemy si\u0119 na szczyt. W tym wy\u015bcigu cz\u0119sto zacieraj\u0105 si\u0119 relacje, znajomo\u015bci, warto\u015bci i moralno\u015b\u0107. Sam niejednokrotnie tego do\u015bwiadczy\u0142em, pracuj\u0105c kilka lat w korporacji. Jednego dnia jeste\u015b lubiany, szanowany, a nast\u0119pnego mo\u017cesz by\u0107 wrogiem numer jeden. Jednego dnia kto\u015b, komu ufasz, gwarantuje Ci pomoc, wsparcie, a jak przychodzi faktycznie taka potrzeba, to patrzy tylko na siebie, <\/span><span lang=\"pl-PL\">na <\/span><span lang=\"pl-PL\">sw\u00f3j sukces i pozycj\u0119 w firmie. Warto\u015bci, postawy i decyzje, jakie s\u0105 oczekiwane przez ten \u015bwiat, s\u0105 odwrotno\u015bci\u0105 nauki Jezusa.<\/span><\/span><\/span><\/span><\/p>\n<p align=\"justify\"><span style=\"font-family: Book Antiqua, serif;\"><span style=\"font-size: large;\"><span style=\"color: #000000;\"><span lang=\"pl-PL\">\u015awi\u0119ty Pawe\u0142 r\u00f3wnie\u017c pokazuje nam przyk\u0142ad tego, czym nale\u017cy si\u0119 chwali\u0107 \u2013 je\u015bli w og\u00f3le mamy tak\u0105 potrzeb\u0119. Nie swoimi osi\u0105gni\u0119ciami, sukcesami, zape\u0142nionymi salami wiernych, czy \u2013 jak obecnie mo\u017cemy powiedzie\u0107 \u2013 subskrypcjami, <\/span><span lang=\"pl-PL\">lajkami<\/span><span lang=\"pl-PL\"> i wspania\u0142ymi komentarzami w <\/span><span lang=\"pl-PL\">social<\/span><span lang=\"pl-PL\"> mediach. T<\/span><span lang=\"pl-PL\">o<\/span><span lang=\"pl-PL\">, czym mo\u017cemy i powinni\u015bmy si\u0119 <\/span><span lang=\"pl-PL\">c<\/span><span lang=\"pl-PL\">hwali\u0107, to do\u015bwiadczenia, \u0142aski i dary, kt\u00f3re otrzymujemy od Pana. My\u015bl\u0119, \u017ce tu r\u00f3wnie\u017c warto nadmieni\u0107, \u017ce \u201echwali\u0107 si\u0119\u201d, <\/span><span lang=\"pl-PL\">to<\/span><span lang=\"pl-PL\"> nie znaczy \u201epopisywa\u0107 <\/span><span lang=\"pl-PL\">si\u0119\u201d<\/span><span lang=\"pl-PL\"> czy \u201edowarto\u015bciowywa\u0107 <\/span><span lang=\"pl-PL\">za wszelk\u0105 cen\u0119\u201d<\/span><span lang=\"pl-PL\">, lecz sk\u0142ada\u0107 \u015bwiadectwo dzia\u0142ania Boga w naszym \u017cyciu. Je\u015bli zamienimy s\u0142owo: \u201e<\/span><span lang=\"pl-PL\">c<\/span><span lang=\"pl-PL\">hwali\u0107 si\u0119\u201d na: \u201e<\/span><span lang=\"pl-PL\">s<\/span><span lang=\"pl-PL\">k\u0142ada\u0107 \u015bwiadectwo\u201d, <\/span><span lang=\"pl-PL\">to<\/span><span lang=\"pl-PL\"> b\u0119dzie to na pewno bardziej adekwatne.<\/span><\/span><\/span><\/span><\/p>\n<p align=\"justify\"><span style=\"font-family: Book Antiqua, serif;\"><span style=\"font-size: large;\"><span style=\"color: #000000;\"><span lang=\"pl-PL\">Pawe\u0142 zatem przytacza \u015bwiadectwo, kt\u00f3re mia\u0142o miejsce czterna\u015bcie lat przed napisaniem tego <\/span><span lang=\"pl-PL\">L<\/span><span lang=\"pl-PL\">istu. Je\u015bli znamy do\u015b\u0107 dobrze Nowy Testament, to wiemy, \u017ce Pawe\u0142 po swoim nawr\u00f3ceniu sp\u0119dzi\u0142 trzy lata na terenach, odpowiadaj\u0105cych dzisiejszej Syrii i Jordanii. Gdy powr\u00f3ci\u0142 do Jerozolimy, spotka\u0142 si\u0119 z dystansem ze strony wsp\u00f3lnoty \u2013 jego przesz\u0142o\u015b\u0107, jako prze\u015bladowcy chrze\u015bcijan, nadal budzi\u0142a nieufno\u015b\u0107. W zwi\u0105zku z tym uda\u0142 si\u0119 do <\/span><span lang=\"pl-PL\">Tarsu<\/span><span lang=\"pl-PL\">, swojej rodzinnej miejscowo\u015bci, gdzie jego dzia\u0142alno\u015b\u0107 na jaki\u015b czas przesta\u0142a by\u0107 znana. Okres ten bywa okre\u015blany mianem \u201elat milczenia\u201d w \u017cyciu Paw\u0142a. <\/span><\/span><\/span><\/span><\/p>\n<p align=\"justify\"><span style=\"font-family: Book Antiqua, serif;\"><span style=\"font-size: large;\"><span style=\"color: #000000;\"><span lang=\"pl-PL\">Cho\u0107 s\u0105 domys\u0142y, \u017ce i wtedy g\u0142osi\u0142 Dobr\u0105 Nowin\u0119, nie posiadamy <\/span><span lang=\"pl-PL\">jednak <\/span><span lang=\"pl-PL\">\u017cadnych konkretnych danych o powstaniu tamtejszej wsp\u00f3lnoty. Mo\u017cliwe, \u017ce by\u0142 to czas jego duchowego dojrzewania do przysz\u0142ej roli apostolskiej. Niewykluczone r\u00f3wnie\u017c, \u017ce zmaga\u0142 si\u0119 wtedy z problemami zdrowotnymi. W tym w\u0142a\u015bnie okresie do\u015bwiadcza niezwyk\u0142ych wizji i s\u0142yszy s\u0142owa, kt\u00f3re \u2013 jak sam pisze \u2013 \u201enie godzi si\u0119 cz\u0142owiekowi wypowiada\u0107\u201d. Z tego rodzaju ukrycia wyprowadza go dopiero wsp\u00f3lnota z Antiochii, kt\u00f3ra posy\u0142a go na misj\u0119 w\u015br\u00f3d narod\u00f3w poga\u0144skich.<\/span><\/span><\/span><\/span><\/p>\n<p align=\"justify\"><span style=\"font-family: Book Antiqua, serif;\"><span style=\"font-size: large;\"><span style=\"color: #000000;\">Cz\u0119sto wydaje nam si\u0119, \u017ce mamy w naszym \u017cyciu czas, w kt\u00f3rym nic si\u0119 wielkiego nie dzieje. Nie wiemy, co mamy dalej robi\u0107, gdzie i jak pos\u0142ugiwa\u0107. Takie momenty mia\u0142 r\u00f3wnie\u017c \u015aw. Pawe\u0142. Nie od razu by\u0142 gotowy g\u0142osi\u0107 Ewangeli\u0119, ale musia\u0142 si\u0119 do tego w odpowiedni spos\u00f3b przygotowa\u0107. By\u0142o to przygotowanie merytoryczne oraz duchowe, kt\u00f3re pozwoli\u0142o mu p\u00f3\u017aniej rozwin\u0105\u0107 skrzyd\u0142a i jeszcze mocniej \u015bwiadczy\u0107 o Bogu. <\/span><\/span><\/span><\/p>\n<p align=\"justify\"><span style=\"font-family: Book Antiqua, serif;\"><span style=\"font-size: large;\"><span style=\"color: #000000;\"><span lang=\"pl-PL\">Ja obecnie w swoim \u017cyciu r\u00f3wnie\u017c mam taki czas. Nie oznacza to, \u017ce odchodz\u0119 od Boga lub \u017ce mam w\u0105tpliwo\u015bci co do wiary i mojej pos\u0142ugi \u2013 zdecydowanie NIE! Chodzi o to, \u017ce czasami \u2013 w\u0142a\u015bnie <\/span><span lang=\"pl-PL\">wtedy<\/span><span lang=\"pl-PL\">, gdy czujemy, \u017ce stoimy w miejscu \u2013 nale\u017cy jeszcze bardziej skupi\u0107 si\u0119 na relacji z Bogiem, a nie na samej pos\u0142udze. Czasami warto zrobi\u0107 krok w ty\u0142 albo wr\u0119cz z czego\u015b zrezygnowa\u0107 i skupi\u0107 si\u0119 na tym, co najwa\u017cniejsze, <\/span><span lang=\"pl-PL\">a jest to:<\/span><\/span><\/span><\/span><\/p>\n<ol>\n<li>\n<p align=\"justify\"><span style=\"font-family: Book Antiqua, serif;\"><span style=\"font-size: large;\"><span style=\"color: #000000;\"><span lang=\"pl-PL\">r<\/span><span lang=\"pl-PL\">elacja z Bogiem;<\/span><\/span><\/span><\/span><\/p>\n<\/li>\n<\/ol>\n<ol start=\"2\">\n<li>\n<p align=\"justify\"><span style=\"font-family: Book Antiqua, serif;\"><span style=\"font-size: large;\"><span style=\"color: #000000;\"><span lang=\"pl-PL\">r<\/span><span lang=\"pl-PL\">elacja w domu i z moj\u0105 rodzin\u0105;<\/span><\/span><\/span><\/span><\/p>\n<\/li>\n<\/ol>\n<ol start=\"3\">\n<li>\n<p align=\"justify\"><span style=\"font-family: Book Antiqua, serif;\"><span style=\"font-size: large;\"><span style=\"color: #000000;\"><span lang=\"pl-PL\">r<\/span><span lang=\"pl-PL\">elacja z najbli\u017cszymi, w pracy, w miejscu, w kt\u00f3rym \u017cyj\u0119\u2026<\/span><\/span><\/span><\/span><\/p>\n<\/li>\n<\/ol>\n<p align=\"justify\"><span style=\"font-family: Book Antiqua, serif;\"><span style=\"font-size: large;\"><span style=\"color: #000000;\"><span lang=\"pl-PL\">Tylko taka kolejno\u015b\u0107 i tylko je\u015bli na ka\u017cde z powy\u017cszych pyta\u0144 odpowiemy, \u017ce relacja jest naprawd\u0119 mocna, trwa\u0142a i zdrowa, mo\u017cemy my\u015ble\u0107 o tym, aby i\u015b\u0107 w \u015bwiat i g\u0142osi\u0107 Ewangeli\u0119 innym ludziom. Niestety, coraz cz\u0119\u015bciej widz\u0119, \u017ce osoby g\u0142osz\u0105ce Ewangeli\u0119 innym ludziom \u2013 zaniedbuj\u0105 relacj\u0119 z swoj\u0105 rodzin\u0105 i najbli\u017cszymi, <\/span><span lang=\"pl-PL\">albo<\/span> <span lang=\"pl-PL\">za<\/span><span lang=\"pl-PL\">niedbuj\u0105 relacj\u0119 z Bogiem. <\/span><span lang=\"pl-PL\">Oczywi\u015bcie, nie wiem tego na pewno, <\/span><span lang=\"pl-PL\">nie mi to ocenia\u0107, natomiast ka\u017cdy z nas powinien sobie na to odpowiedzie\u0107 sam. <\/span><\/span><\/span><\/span><\/p>\n<p align=\"justify\"><span style=\"font-family: Book Antiqua, serif;\"><span style=\"font-size: large;\"><span style=\"color: #000000;\"><span lang=\"pl-PL\">Je\u015bli zamierzasz i\u015b\u0107 z domu, <\/span><span lang=\"pl-PL\">by<\/span><span lang=\"pl-PL\"> pos\u0142ugiwa\u0107, ale Twoja rodzina na tym cierpi, to nie t\u0119dy droga. Je\u015bli ewangelizowanie to Tw\u00f3j spos\u00f3b na ucieczk\u0119 od tego, z czym powiniene\u015b si\u0119 zmierzy\u0107, to mo\u017ce pora na szabat i pokorny krok w ty\u0142.<\/span><\/span><\/span><\/span><\/p>\n<p align=\"justify\"><span style=\"font-family: Book Antiqua, serif;\"><span style=\"font-size: large;\"><span lang=\"pl-PL\"><span style=\"color: #000000;\">We\u017amy jeszcze pod uwag\u0119 to o czym m\u00f3wi dzisiaj Jezus w Ewangelii. Oczywi\u015bcie, nie wyci\u0105gajmy pochopnych wniosk\u00f3w, \u017ce nale\u017cy niczym si\u0119 nie przejmowa\u0107 i mo\u017cemy czeka\u0107, a\u017c B\u00f3g ze\u015ble nam ubranie, pieni\u0105dze, jedzenie itd. Jezus m\u00f3wi o tym, jak nastawione mamy nasze serce. Je\u015bli \u017cyjemy w nieustannej trosce, l\u0119ku i strachu, to nie mo\u017cemy skupi\u0107 si\u0119 na tym, co naprawd\u0119 wa\u017cne. Znam wiele os\u00f3b, wiele \u015bwiadectw \u2013 w tym moje i mojej \u017cony \u2013 <\/span><\/span><span lang=\"pl-PL\">\u017ce kiedy odpu\u015bci si\u0119 nieco<\/span> <span lang=\"pl-PL\">owo <\/span><span lang=\"pl-PL\">nieustanne zdobywanie <\/span><span lang=\"pl-PL\">za wszelk\u0105 cen\u0119 <\/span><span lang=\"pl-PL\">pieni\u0119dzy i \u015brodk\u00f3w do \u017cycia \u2013<\/span> <span lang=\"pl-PL\">odczuwa <\/span><span lang=\"pl-PL\">si\u0119<\/span><span lang=\"pl-PL\"> wi\u0119ksz\u0105 wolno\u015b\u0107 i spok\u00f3j. Jezus m\u00f3wi w innym fragmencie, \u017ce mamy by\u0107 jak dzieci, czyli ufni i w pe\u0142ni zale\u017cni od Boga.<\/span><\/span><\/span><\/p>\n<p align=\"justify\"><span style=\"font-family: Book Antiqua, serif;\"><span style=\"font-size: large;\"><span lang=\"pl-PL\"><span style=\"color: #000000;\">Drodzy, je\u015bli macie momenty, <\/span><\/span><span lang=\"pl-PL\">w kt\u00f3rych <\/span><span lang=\"pl-PL\">czujecie pustk\u0119, duchow\u0105 pustyni\u0119 czy nawet jaki\u015b wewn\u0119trzny brak, to nie poddawajcie si\u0119. Je\u015bli w <\/span><span lang=\"pl-PL\">W<\/span><span lang=\"pl-PL\">aszej pos\u0142udze, wsp\u00f3lnocie czy otoczeniu widzicie, \u017ce to co robicie, nie daje Wam rado\u015bci, wolno\u015bci, a jest niekiedy przykrym obowi\u0105zkiem, <\/span><span lang=\"pl-PL\">to<\/span><span lang=\"pl-PL\"> mo\u017ce warto zada\u0107 sobie pytanie, czy moja relacja z Bogiem, rodzin\u0105 i bliskimi, jest zdrowa. <\/span><\/span><\/span><\/p>\n<p align=\"justify\"><span style=\"font-family: Book Antiqua, serif;\"><span style=\"font-size: large;\"><span lang=\"pl-PL\"><span style=\"color: #000000;\">Je\u015bli nie, to w takich chwilach warto wytrwa\u0107 i jeszcze intensywniej szuka\u0107 Boga, bo by\u0107 mo\u017ce w\u0142a\u015bnie wtedy przygotowuje nas On do czego\u015b nowego i wa\u017cnego. Nie pr\u00f3bujmy tuszowa\u0107 niezdrowych relacji z Bogiem i rodzin\u0105 jak\u0105kolwiek s\u0142u\u017cb\u0105 i ewangelizacj\u0105, bo to jest niestety r\u00f3wnia pochy\u0142a do pog\u0142\u0119bienia problemu, frustracji, a w najgorszym scenariuszu \u2013 <\/span><\/span><span lang=\"pl-PL\">do <\/span><span lang=\"pl-PL\">odej\u015bci<\/span><span lang=\"pl-PL\">a<\/span><span lang=\"pl-PL\"> od Boga.<\/span><\/span><\/span><\/p>\n","protected":false},"excerpt":{"rendered":"<p>Szcz\u0119\u015b\u0107 Bo\u017ce! Moi Drodzy, z ca\u0142ego serca dzi\u0119kuj\u0119 za wszystkie \u017cyczenia, jakie nap\u0142yn\u0119\u0142y wczoraj \u2013 i wci\u0105\u017c nap\u0142ywaj\u0105 \u2013 z okazji dwudziestej si\u00f3dmej rocznicy moich \u015awi\u0119ce\u0144 kap\u0142a\u0144skich. Jak zawsze, odwdzi\u0119czam si\u0119 serdeczn\u0105 modlitw\u0105 oraz Msz\u0105 \u015awi\u0119t\u0105, kt\u00f3r\u0105 ju\u017c wczoraj sprawowa\u0142em \u2013 w ramach spotkania rocznicowego w Gronie Braci z Roku \u015awi\u0119ce\u0144 \u2013 w Parafii Kolano, [&hellip;]<\/p>\n","protected":false},"author":1,"featured_media":0,"comment_status":"open","ping_status":"open","sticky":false,"template":"","format":"standard","meta":{"jetpack_post_was_ever_published":false,"_jetpack_newsletter_access":"","_jetpack_dont_email_post_to_subs":false,"_jetpack_newsletter_tier_id":0,"_jetpack_memberships_contains_paywalled_content":false,"_jetpack_memberships_contains_paid_content":false,"footnotes":""},"categories":[1],"tags":[],"class_list":["post-23941","post","type-post","status-publish","format-standard","hentry","category-bez-kategorii"],"yoast_head":"<!-- This site is optimized with the Yoast SEO plugin v25.1 - https:\/\/yoast.com\/wordpress\/plugins\/seo\/ -->\n<title>Moc w s\u0142abo\u015bci si\u0119 doskonali! - Gaudium Et Spes<\/title>\n<meta name=\"robots\" content=\"index, follow, max-snippet:-1, max-image-preview:large, max-video-preview:-1\" \/>\n<link rel=\"canonical\" href=\"https:\/\/gaudiumetspes-blog.pl\/index.php\/2025\/06\/21\/moc-w-slabosci-sie-doskonali\/\" \/>\n<meta property=\"og:locale\" content=\"pl_PL\" \/>\n<meta property=\"og:type\" content=\"article\" \/>\n<meta property=\"og:title\" content=\"Moc w s\u0142abo\u015bci si\u0119 doskonali! - Gaudium Et Spes\" \/>\n<meta property=\"og:description\" content=\"Szcz\u0119\u015b\u0107 Bo\u017ce! Moi Drodzy, z ca\u0142ego serca dzi\u0119kuj\u0119 za wszystkie \u017cyczenia, jakie nap\u0142yn\u0119\u0142y wczoraj \u2013 i wci\u0105\u017c nap\u0142ywaj\u0105 \u2013 z okazji dwudziestej si\u00f3dmej rocznicy moich \u015awi\u0119ce\u0144 kap\u0142a\u0144skich. Jak zawsze, odwdzi\u0119czam si\u0119 serdeczn\u0105 modlitw\u0105 oraz Msz\u0105 \u015awi\u0119t\u0105, kt\u00f3r\u0105 ju\u017c wczoraj sprawowa\u0142em \u2013 w ramach spotkania rocznicowego w Gronie Braci z Roku \u015awi\u0119ce\u0144 \u2013 w Parafii Kolano, [&hellip;]\" \/>\n<meta property=\"og:url\" content=\"https:\/\/gaudiumetspes-blog.pl\/index.php\/2025\/06\/21\/moc-w-slabosci-sie-doskonali\/\" \/>\n<meta property=\"og:site_name\" content=\"Gaudium Et Spes\" \/>\n<meta property=\"article:published_time\" content=\"2025-06-21T05:44:29+00:00\" \/>\n<meta name=\"author\" content=\"Ks. Jacek\" \/>\n<meta name=\"twitter:card\" content=\"summary_large_image\" \/>\n<meta name=\"twitter:label1\" content=\"Napisane przez\" \/>\n\t<meta name=\"twitter:data1\" content=\"Ks. Jacek\" \/>\n\t<meta name=\"twitter:label2\" content=\"Szacowany czas czytania\" \/>\n\t<meta name=\"twitter:data2\" content=\"13 minut\" \/>\n<script type=\"application\/ld+json\" class=\"yoast-schema-graph\">{\"@context\":\"https:\/\/schema.org\",\"@graph\":[{\"@type\":\"WebPage\",\"@id\":\"https:\/\/gaudiumetspes-blog.pl\/index.php\/2025\/06\/21\/moc-w-slabosci-sie-doskonali\/\",\"url\":\"https:\/\/gaudiumetspes-blog.pl\/index.php\/2025\/06\/21\/moc-w-slabosci-sie-doskonali\/\",\"name\":\"Moc w s\u0142abo\u015bci si\u0119 doskonali! - Gaudium Et Spes\",\"isPartOf\":{\"@id\":\"https:\/\/gaudiumetspes-blog.pl\/#website\"},\"datePublished\":\"2025-06-21T05:44:29+00:00\",\"author\":{\"@id\":\"https:\/\/gaudiumetspes-blog.pl\/#\/schema\/person\/1661982992b752dea8dff0d4ed845a65\"},\"breadcrumb\":{\"@id\":\"https:\/\/gaudiumetspes-blog.pl\/index.php\/2025\/06\/21\/moc-w-slabosci-sie-doskonali\/#breadcrumb\"},\"inLanguage\":\"pl-PL\",\"potentialAction\":[{\"@type\":\"ReadAction\",\"target\":[\"https:\/\/gaudiumetspes-blog.pl\/index.php\/2025\/06\/21\/moc-w-slabosci-sie-doskonali\/\"]}]},{\"@type\":\"BreadcrumbList\",\"@id\":\"https:\/\/gaudiumetspes-blog.pl\/index.php\/2025\/06\/21\/moc-w-slabosci-sie-doskonali\/#breadcrumb\",\"itemListElement\":[{\"@type\":\"ListItem\",\"position\":1,\"name\":\"Strona g\u0142\u00f3wna\",\"item\":\"https:\/\/gaudiumetspes-blog.pl\/\"},{\"@type\":\"ListItem\",\"position\":2,\"name\":\"Moc w s\u0142abo\u015bci si\u0119 doskonali!\"}]},{\"@type\":\"WebSite\",\"@id\":\"https:\/\/gaudiumetspes-blog.pl\/#website\",\"url\":\"https:\/\/gaudiumetspes-blog.pl\/\",\"name\":\"Gaudium Et Spes\",\"description\":\"Blog Ks. Jacka Ja\u015bkowskiego\",\"potentialAction\":[{\"@type\":\"SearchAction\",\"target\":{\"@type\":\"EntryPoint\",\"urlTemplate\":\"https:\/\/gaudiumetspes-blog.pl\/?s={search_term_string}\"},\"query-input\":{\"@type\":\"PropertyValueSpecification\",\"valueRequired\":true,\"valueName\":\"search_term_string\"}}],\"inLanguage\":\"pl-PL\"},{\"@type\":\"Person\",\"@id\":\"https:\/\/gaudiumetspes-blog.pl\/#\/schema\/person\/1661982992b752dea8dff0d4ed845a65\",\"name\":\"Ks. Jacek\",\"image\":{\"@type\":\"ImageObject\",\"inLanguage\":\"pl-PL\",\"@id\":\"https:\/\/gaudiumetspes-blog.pl\/#\/schema\/person\/image\/\",\"url\":\"https:\/\/gaudiumetspes-blog.pl\/wp-content\/uploads\/2019\/07\/avatar-JJ-150x150.jpg\",\"contentUrl\":\"https:\/\/gaudiumetspes-blog.pl\/wp-content\/uploads\/2019\/07\/avatar-JJ-150x150.jpg\",\"caption\":\"Ks. Jacek\"},\"description\":\"Witam serdecznie! K\u0142ania si\u0119 Ks. Jacek Ja\u015bkowski. Nie jestem ani kim\u015b wa\u017cnym, ani kim\u015b znanym. Jestem ksi\u0119dzem, kt\u00f3ry po prostu chce rozmawia\u0107. Codzienna kap\u0142a\u0144ska pos\u0142uga pokazuje mi, \u017ce temat\u00f3w do rozm\u00f3w z ksi\u0119dzem jest coraz wi\u0119cej i dzisiaj \u017caden ksi\u0105dz nie mo\u017ce od nich ucieka\u0107, ale - wprost przeciwnie - podejmowa\u0107 nowe wyzwania. To przekonanie sk\u0142oni\u0142o mnie do pr\u00f3by otwarcia tego\u017c bloga, chocia\u017c okazji do rozm\u00f3w na co dzie\u0144 - w konfesjonale i poza nim - na szcz\u0119\u015bcie nie brakuje. My\u015bl\u0119 jednak, \u017ce ten blog b\u0119dzie jeszcze jednym sposobem i przestrzeni\u0105 nawi\u0105zania kontaktu z lud\u017ami dobrej woli, otwartymi na dialog.\",\"url\":\"https:\/\/gaudiumetspes-blog.pl\/index.php\/author\/ks-jacek\/\"}]}<\/script>\n<!-- \/ Yoast SEO plugin. -->","yoast_head_json":{"title":"Moc w s\u0142abo\u015bci si\u0119 doskonali! - Gaudium Et Spes","robots":{"index":"index","follow":"follow","max-snippet":"max-snippet:-1","max-image-preview":"max-image-preview:large","max-video-preview":"max-video-preview:-1"},"canonical":"https:\/\/gaudiumetspes-blog.pl\/index.php\/2025\/06\/21\/moc-w-slabosci-sie-doskonali\/","og_locale":"pl_PL","og_type":"article","og_title":"Moc w s\u0142abo\u015bci si\u0119 doskonali! - Gaudium Et Spes","og_description":"Szcz\u0119\u015b\u0107 Bo\u017ce! Moi Drodzy, z ca\u0142ego serca dzi\u0119kuj\u0119 za wszystkie \u017cyczenia, jakie nap\u0142yn\u0119\u0142y wczoraj \u2013 i wci\u0105\u017c nap\u0142ywaj\u0105 \u2013 z okazji dwudziestej si\u00f3dmej rocznicy moich \u015awi\u0119ce\u0144 kap\u0142a\u0144skich. Jak zawsze, odwdzi\u0119czam si\u0119 serdeczn\u0105 modlitw\u0105 oraz Msz\u0105 \u015awi\u0119t\u0105, kt\u00f3r\u0105 ju\u017c wczoraj sprawowa\u0142em \u2013 w ramach spotkania rocznicowego w Gronie Braci z Roku \u015awi\u0119ce\u0144 \u2013 w Parafii Kolano, [&hellip;]","og_url":"https:\/\/gaudiumetspes-blog.pl\/index.php\/2025\/06\/21\/moc-w-slabosci-sie-doskonali\/","og_site_name":"Gaudium Et Spes","article_published_time":"2025-06-21T05:44:29+00:00","author":"Ks. Jacek","twitter_card":"summary_large_image","twitter_misc":{"Napisane przez":"Ks. Jacek","Szacowany czas czytania":"13 minut"},"schema":{"@context":"https:\/\/schema.org","@graph":[{"@type":"WebPage","@id":"https:\/\/gaudiumetspes-blog.pl\/index.php\/2025\/06\/21\/moc-w-slabosci-sie-doskonali\/","url":"https:\/\/gaudiumetspes-blog.pl\/index.php\/2025\/06\/21\/moc-w-slabosci-sie-doskonali\/","name":"Moc w s\u0142abo\u015bci si\u0119 doskonali! - Gaudium Et Spes","isPartOf":{"@id":"https:\/\/gaudiumetspes-blog.pl\/#website"},"datePublished":"2025-06-21T05:44:29+00:00","author":{"@id":"https:\/\/gaudiumetspes-blog.pl\/#\/schema\/person\/1661982992b752dea8dff0d4ed845a65"},"breadcrumb":{"@id":"https:\/\/gaudiumetspes-blog.pl\/index.php\/2025\/06\/21\/moc-w-slabosci-sie-doskonali\/#breadcrumb"},"inLanguage":"pl-PL","potentialAction":[{"@type":"ReadAction","target":["https:\/\/gaudiumetspes-blog.pl\/index.php\/2025\/06\/21\/moc-w-slabosci-sie-doskonali\/"]}]},{"@type":"BreadcrumbList","@id":"https:\/\/gaudiumetspes-blog.pl\/index.php\/2025\/06\/21\/moc-w-slabosci-sie-doskonali\/#breadcrumb","itemListElement":[{"@type":"ListItem","position":1,"name":"Strona g\u0142\u00f3wna","item":"https:\/\/gaudiumetspes-blog.pl\/"},{"@type":"ListItem","position":2,"name":"Moc w s\u0142abo\u015bci si\u0119 doskonali!"}]},{"@type":"WebSite","@id":"https:\/\/gaudiumetspes-blog.pl\/#website","url":"https:\/\/gaudiumetspes-blog.pl\/","name":"Gaudium Et Spes","description":"Blog Ks. Jacka Ja\u015bkowskiego","potentialAction":[{"@type":"SearchAction","target":{"@type":"EntryPoint","urlTemplate":"https:\/\/gaudiumetspes-blog.pl\/?s={search_term_string}"},"query-input":{"@type":"PropertyValueSpecification","valueRequired":true,"valueName":"search_term_string"}}],"inLanguage":"pl-PL"},{"@type":"Person","@id":"https:\/\/gaudiumetspes-blog.pl\/#\/schema\/person\/1661982992b752dea8dff0d4ed845a65","name":"Ks. Jacek","image":{"@type":"ImageObject","inLanguage":"pl-PL","@id":"https:\/\/gaudiumetspes-blog.pl\/#\/schema\/person\/image\/","url":"https:\/\/gaudiumetspes-blog.pl\/wp-content\/uploads\/2019\/07\/avatar-JJ-150x150.jpg","contentUrl":"https:\/\/gaudiumetspes-blog.pl\/wp-content\/uploads\/2019\/07\/avatar-JJ-150x150.jpg","caption":"Ks. Jacek"},"description":"Witam serdecznie! K\u0142ania si\u0119 Ks. Jacek Ja\u015bkowski. Nie jestem ani kim\u015b wa\u017cnym, ani kim\u015b znanym. Jestem ksi\u0119dzem, kt\u00f3ry po prostu chce rozmawia\u0107. Codzienna kap\u0142a\u0144ska pos\u0142uga pokazuje mi, \u017ce temat\u00f3w do rozm\u00f3w z ksi\u0119dzem jest coraz wi\u0119cej i dzisiaj \u017caden ksi\u0105dz nie mo\u017ce od nich ucieka\u0107, ale - wprost przeciwnie - podejmowa\u0107 nowe wyzwania. To przekonanie sk\u0142oni\u0142o mnie do pr\u00f3by otwarcia tego\u017c bloga, chocia\u017c okazji do rozm\u00f3w na co dzie\u0144 - w konfesjonale i poza nim - na szcz\u0119\u015bcie nie brakuje. My\u015bl\u0119 jednak, \u017ce ten blog b\u0119dzie jeszcze jednym sposobem i przestrzeni\u0105 nawi\u0105zania kontaktu z lud\u017ami dobrej woli, otwartymi na dialog.","url":"https:\/\/gaudiumetspes-blog.pl\/index.php\/author\/ks-jacek\/"}]}},"jetpack_featured_media_url":"","jetpack_sharing_enabled":true,"_links":{"self":[{"href":"https:\/\/gaudiumetspes-blog.pl\/index.php\/wp-json\/wp\/v2\/posts\/23941","targetHints":{"allow":["GET"]}}],"collection":[{"href":"https:\/\/gaudiumetspes-blog.pl\/index.php\/wp-json\/wp\/v2\/posts"}],"about":[{"href":"https:\/\/gaudiumetspes-blog.pl\/index.php\/wp-json\/wp\/v2\/types\/post"}],"author":[{"embeddable":true,"href":"https:\/\/gaudiumetspes-blog.pl\/index.php\/wp-json\/wp\/v2\/users\/1"}],"replies":[{"embeddable":true,"href":"https:\/\/gaudiumetspes-blog.pl\/index.php\/wp-json\/wp\/v2\/comments?post=23941"}],"version-history":[{"count":1,"href":"https:\/\/gaudiumetspes-blog.pl\/index.php\/wp-json\/wp\/v2\/posts\/23941\/revisions"}],"predecessor-version":[{"id":23942,"href":"https:\/\/gaudiumetspes-blog.pl\/index.php\/wp-json\/wp\/v2\/posts\/23941\/revisions\/23942"}],"wp:attachment":[{"href":"https:\/\/gaudiumetspes-blog.pl\/index.php\/wp-json\/wp\/v2\/media?parent=23941"}],"wp:term":[{"taxonomy":"category","embeddable":true,"href":"https:\/\/gaudiumetspes-blog.pl\/index.php\/wp-json\/wp\/v2\/categories?post=23941"},{"taxonomy":"post_tag","embeddable":true,"href":"https:\/\/gaudiumetspes-blog.pl\/index.php\/wp-json\/wp\/v2\/tags?post=23941"}],"curies":[{"name":"wp","href":"https:\/\/api.w.org\/{rel}","templated":true}]}}