{"id":23945,"date":"2025-06-23T08:56:43","date_gmt":"2025-06-23T06:56:43","guid":{"rendered":"https:\/\/gaudiumetspes-blog.pl\/?p=23945"},"modified":"2025-06-23T09:02:34","modified_gmt":"2025-06-23T07:02:34","slug":"sadzic-czy-nie-sadzic-2","status":"publish","type":"post","link":"https:\/\/gaudiumetspes-blog.pl\/index.php\/2025\/06\/23\/sadzic-czy-nie-sadzic-2\/","title":{"rendered":"S\u0105dzi\u0107 &#8211; czy nie s\u0105dzi\u0107?&#8230;"},"content":{"rendered":"<p align=\"justify\"><span style=\"color: #000000;\"><span style=\"font-family: Book Antiqua, serif;\"><span style=\"font-size: large;\">Szcz\u0119\u015b\u0107 Bo\u017ce! Moi Drodzy, w dniu dzisiejszym <b>dzisiaj<\/b> <b>rocznic\u0119 <\/b><b>\u015a<\/b><b>wi\u0119ce\u0144 kap\u0142a\u0144skich prze\u017cywa<\/b><b>j\u0105:<\/b><\/span><\/span><\/span><\/p>\n<p align=\"justify\"><span style=\"color: #000000;\">\u25ba<span style=\"font-family: Book Antiqua, serif;\"><span style=\"font-size: large;\"><b>Ksi\u0105dz Andrzej Banasiuk <\/b><b>[1984]<\/b><b>,<\/b><\/span><\/span><\/span><\/p>\n<p align=\"justify\"><span style=\"color: #000000;\">\u25ba<span style=\"font-family: Book Antiqua, serif;\"><span style=\"font-size: large;\"><b>Ksi\u0105dz Sylwester Borkowski <\/b><b>[1984]<\/b><b>,<\/b><\/span><\/span><\/span><\/p>\n<p align=\"justify\"><span style=\"color: #000000;\">\u25ba<span style=\"font-family: Book Antiqua, serif;\"><span style=\"font-size: large;\"><b>Ksi\u0105dz Profesor Krzysztof Burczak <\/b><b>[1984] <\/b><b>\u2013 m\u00f3j Kaznodzieja prymicyjny,<\/b><\/span><\/span><\/span><\/p>\n<p align=\"justify\"><span style=\"color: #000000;\">\u25ba<span style=\"font-family: Book Antiqua, serif;\"><span style=\"font-size: large;\"><b>Ksi\u0105dz Sylwester Ga\u0142ach <\/b><b>[1984]<\/b><b>,<\/b><\/span><\/span><\/span><\/p>\n<p align=\"justify\"><span style=\"color: #000000;\">\u25ba<span style=\"font-family: Book Antiqua, serif;\"><span style=\"font-size: large;\"><b>Ksi\u0105dz Andrzej Kania <\/b><b>[1984]<\/b><b>,<\/b><\/span><\/span><\/span><\/p>\n<p align=\"justify\"><span style=\"color: #000000;\">\u25ba<span style=\"font-family: Book Antiqua, serif;\"><span style=\"font-size: large;\"><b>Ksi\u0105dz Kazimierz Niemirka <\/b><b>[1984]<\/b><b>,<\/b><\/span><\/span><\/span><\/p>\n<p align=\"justify\"><span style=\"color: #000000;\">\u25ba<span style=\"font-family: Book Antiqua, serif;\"><span style=\"font-size: large;\"><b>Ksi\u0105dz S\u0142awomir Olopiak <\/b><b>[1984]<\/b><b>,<\/b><\/span><\/span><\/span><\/p>\n<p align=\"justify\"><span style=\"color: #000000;\">\u25ba<span style=\"font-family: Book Antiqua, serif;\"><span style=\"font-size: large;\"><b>Ksi\u0105dz J\u00f3zef Sobotka <\/b><b>[1984],<\/b><\/span><\/span><\/span><\/p>\n<p align=\"justify\"><span style=\"color: #000000;\">\u25ba<span style=\"font-family: Book Antiqua, serif;\"><span style=\"font-size: large;\"><b>Ksi\u0105dz Henryk Szustek <\/b><b>[1984]<\/b><b>,<\/b><\/span><\/span><\/span><\/p>\n<p align=\"justify\"><span style=\"color: #000000;\">\u25ba<span style=\"font-family: Book Antiqua, serif;\"><span style=\"font-size: large;\"><b>Ksi\u0105dz Roman Truba <\/b><b>[2001] <\/b><b>\u2013 <\/b><b>w swoim czasie:<\/b><b> Wikariusz w mojej rodzinnej Parafii; a <\/b><b>obecnie: <\/b><b>Proboszcz w jednej z Parafii,<\/b><\/span><\/span><\/span><\/p>\n<p align=\"justify\"><span style=\"color: #000000;\">\u25ba<span style=\"font-family: Book Antiqua, serif;\"><span style=\"font-size: large;\"><b>K<\/b><b>si\u0105dz Grzegorz Bindziuk<\/b><b> <\/b><b>[2001]<\/b><b>,<\/b><\/span><\/span><\/span><\/p>\n<p align=\"justify\"><span style=\"color: #000000;\">\u25ba<span style=\"font-family: Book Antiqua, serif;\"><span style=\"font-size: large;\"><b>Ksi\u0105dz Andrzej Ciok<\/b><b> <\/b><b>[2001]<\/b><b>,<\/b><\/span><\/span><\/span><\/p>\n<p align=\"justify\"><span style=\"color: #000000;\">\u25ba<span style=\"font-family: Book Antiqua, serif;\"><span style=\"font-size: large;\"><b>Ksi\u0105dz Tomasz Duda<\/b><b> <\/b><b>[2001],<\/b><\/span><\/span><\/span><\/p>\n<p align=\"justify\"><span style=\"color: #000000;\">\u25ba<span style=\"font-family: Book Antiqua, serif;\"><span style=\"font-size: large;\"><b>Ksi\u0105dz Jacek Guz<\/b><b> <\/b><b>[2001]<\/b><b>,<\/b><\/span><\/span><\/span><\/p>\n<p align=\"justify\"><span style=\"color: #000000;\">\u25ba<span style=\"font-family: Book Antiqua, serif;\"><span style=\"font-size: large;\"><b>Ksi\u0105dz Adam Karcz<\/b><b> <\/b><b>[2001]<\/b><b>,<\/b><\/span><\/span><\/span><\/p>\n<p align=\"justify\"><span style=\"color: #000000;\">\u25ba<span style=\"font-family: Book Antiqua, serif;\"><span style=\"font-size: large;\"><b>Ksi\u0105dz Pawe\u0142 Kindracki<\/b><b> <\/b><b>[2001]<\/b><b>,<\/b><\/span><\/span><\/span><\/p>\n<p align=\"justify\"><span style=\"color: #000000;\">\u25ba<span style=\"font-family: Book Antiqua, serif;\"><span style=\"font-size: large;\"><b>Ksi\u0105dz Tomasz Kostecki<\/b><b> <\/b><b>[2001]<\/b><b>,<\/b><\/span><\/span><\/span><\/p>\n<p align=\"justify\"><span style=\"color: #000000;\">\u25ba<span style=\"font-family: Book Antiqua, serif;\"><span style=\"font-size: large;\"><b>Ksi\u0105dz Gabriel Mazurek<\/b><b> <\/b><b>[2001]<\/b><b>,<\/b><\/span><\/span><\/span><\/p>\n<p align=\"justify\"><span style=\"color: #000000;\">\u25ba<span style=\"font-family: Book Antiqua, serif;\"><span style=\"font-size: large;\"><b>Ksi\u0105dz Micha\u0142 Rodak<\/b><b> <\/b><b>[2001]<\/b><b>,<\/b><\/span><\/span><\/span><\/p>\n<p align=\"justify\"><span style=\"color: #000000;\">\u25ba<span style=\"font-family: Book Antiqua, serif;\"><span style=\"font-size: large;\"><b>Ksi\u0105dz Norbert Taratycki<\/b><b> <\/b><b>[2001]<\/b><b>,<\/b><\/span><\/span><\/span><\/p>\n<p align=\"justify\"><span style=\"color: #000000;\">\u25ba<span style=\"font-family: Book Antiqua, serif;\"><span style=\"font-size: large;\"><b>Ksi\u0105dz Stanis\u0142aw Tymoszuk<\/b><b> <\/b><b>[2001],<\/b><\/span><\/span><\/span><\/p>\n<p align=\"justify\"><span style=\"color: #000000;\">\u25ba<span style=\"font-family: Book Antiqua, serif;\"><span style=\"font-size: large;\"><b>K<\/b><b>si\u0105dz Aleksander Lis [2023],<\/b><\/span><\/span><\/span><\/p>\n<p align=\"justify\"><span style=\"color: #000000;\">\u25ba<span style=\"font-family: Book Antiqua, serif;\"><span style=\"font-size: large;\"><b>Ojciec Krzysztof Tarwacki [1974] \u2013 Oblat, niegdy\u015b pos\u0142uguj\u0105cy w Kodniu,<\/b><\/span><\/span><\/span><\/p>\n<p align=\"justify\"><span style=\"color: #000000;\">\u25ba<span style=\"font-family: Book Antiqua, serif;\"><span style=\"font-size: large;\"><b>Ojciec Wies\u0142aw Nazaruk [1984] \u2013 pochodz\u0105cy z Parafii w Kodniu i od tego roku pos\u0142uguj\u0105cy w Kodniu,<\/b><\/span><\/span><\/span><\/p>\n<p align=\"justify\"><span style=\"color: #000000;\">\u25ba<span style=\"font-family: Book Antiqua, serif;\"><span style=\"font-size: large;\"><b>Ojciec Marek Swat [1997] \u2013 Oblat, pos\u0142uguj\u0105cy obecnie w Kodniu.<\/b><\/span><\/span><\/span><\/p>\n<p align=\"justify\"><span style=\"color: #000000;\"><span style=\"font-family: Book Antiqua, serif;\"><span style=\"font-size: large;\"><b>Urodziny z kolei prze\u017cywa Piotr Strze\u017cysz, kt\u00f3rego pozna\u0142em w czasie mojej pos\u0142ugi w Celestynowie jako Ucznia tamtejszego Gimnazjum; obecnie jest M\u0119\u017cem i Ojcem; kilka lat temu, przez kr\u00f3tki czas, pisa\u0142 rozwa\u017cania na naszym blogu. Dzisiejsze \u017cyczenia \u0142\u0105cz\u0119 z gratulacjami, z okazji urodzin drugiego Dzieci\u0105tka \u2013 C\u00f3reczki! <\/b><\/span><\/span><\/span><\/p>\n<p align=\"justify\"><span style=\"color: #000000;\"><span style=\"font-family: Book Antiqua, serif;\"><span style=\"font-size: large;\"><b>Wszystkim \u015bwi\u0119tuj\u0105cym \u017cycz\u0119 bezmiaru \u0142ask z Nieba! I o nie w\u0142a\u015bnie b\u0119d\u0119 si\u0119 dla nich modli\u0142.<\/b><\/span><\/span><\/span><\/p>\n<p align=\"justify\"><span style=\"color: #000000;\"><span style=\"font-family: Book Antiqua, serif;\"><span style=\"font-size: large;\"><b>Dzisiaj tak\u017ce wypada dzie\u0144 Ojca, ale ja o naszym Tacie wspomn\u0119 jutro, w dniu Jego imienin.<\/b><\/span><\/span><\/span><\/p>\n<p align=\"justify\"><span style=\"color: #000000;\"><span style=\"font-family: Book Antiqua, serif;\"><span style=\"font-size: large;\">Natomiast w dniu dzisiejszym jestem w Siedlcach, gdzie te\u017c o 18:00 b\u0119d\u0119 przewodniczy\u0142 Mszy \u015awi\u0119tej, poprzedzonej nabo\u017ce\u0144stwem czerwcowym i procesj\u0105. A poza tym \u2013 ca\u0142y dzie\u0144 modl\u0119 si\u0119 i pracuj\u0119 na miejscu: trzeba rozwie\u017a\u0107 Og\u0142oszenia Duszpasterstwa Akademickiego, a poza tym kilkana\u015bcie (\u2013dziesi\u0105t?\u2026) telefon\u00f3w i maili, zwi\u0105zanych tak\u017ce w wakacyjnymi wyjazdami.<\/span><\/span><\/span><\/p>\n<p align=\"justify\"><span style=\"color: #000000;\"><span style=\"font-family: Book Antiqua, serif;\"><span style=\"font-size: large;\">A przy okazji: dzisiaj, na stronie Duszpasterstwa Akademickiego, pojawi\u0105 si\u0119 OG\u0141OSZENIA NA WAKACJE. Zechciejcie si\u0119 zapozna\u0107 \u2013 mo\u017ce z kt\u00f3rej\u015b propozycji skorzystacie? <\/span><\/span><\/span><\/p>\n<p align=\"justify\"><span style=\"color: #000000;\"><span style=\"font-family: Book Antiqua, serif;\"><span style=\"font-size: medium;\"><span style=\"font-size: large;\">I w og\u00f3le \u2013 zach\u0119cam do zagl\u0105dania na bie\u017c\u0105co na t\u0119 stron\u0119: <\/span><span style=\"font-size: large;\"><b><a href=\"http:\/\/www.da-siedlce.pl\/\">www.da-siedlce.pl<\/a> <\/b><\/span><\/span><\/span><\/span><\/p>\n<p align=\"justify\"><span style=\"color: #000000;\"><span style=\"font-family: Book Antiqua, serif;\"><span style=\"font-size: large;\">Teraz za\u015b ju\u017c zapraszam do ws\u0142uchania si\u0119 w Bo\u017ce s\u0142owo dzisiejszej liturgii. Oto s\u0142\u00f3wko Ksi\u0119dza Marka na dzi\u015b:<\/span><\/span><\/span><\/p>\n<p align=\"justify\"><span style=\"color: #000000;\"><span style=\"font-family: Book Antiqua, serif;\"><span style=\"font-size: medium;\"><a href=\"https:\/\/www.youtube.com\/c\/CatholicSurgut\"><span style=\"font-size: large;\"><b>https:\/\/www.youtube.com\/c\/CatholicSurgut<\/b><\/span><\/a><\/span><\/span><\/span><\/p>\n<p align=\"justify\"><span style=\"color: #000000;\"><span style=\"font-family: Book Antiqua, serif;\"><span style=\"font-size: large;\">Poni\u017cej za\u015b \u2013 s\u0142\u00f3wko Gabrysia. Dotyka ono bardzo wa\u017cnej sprawy. Wa\u017cnej \u2013 i tak bardzo aktualnej w naszym \u017cyciu i w naszej codziennej postawie. Dzi\u0119kuj\u0119 za ten konkret \u2013 i to \u015bwiadectwo wiary! <\/span><\/span><\/span><\/p>\n<p align=\"justify\"><span style=\"color: #000000;\"><span style=\"font-family: Book Antiqua, serif;\"><span style=\"font-size: large;\">Zatem, <b>c<\/b><b>o Pan do mnie osobi\u015bcie m\u00f3wi? Z jakim przes\u0142aniem si\u0119 zwraca? <\/b>Duchu \u015awi\u0119ty, przyjd\u017a i rozja\u015bnij umys\u0142y i serca!<\/span><\/span><\/span><\/p>\n<p align=\"justify\"><span style=\"color: #000000;\"><span style=\"font-family: Book Antiqua, serif;\"><span style=\"font-size: large;\"><b>Niech Was b\u0142ogos\u0142awi B\u00f3g Wszechmog\u0105cy: Ojciec + i Syn, i Duch \u015awi\u0119ty. Amen<\/b><\/span><\/span><\/span><\/p>\n<p align=\"center\"><span style=\"color: #000000;\"><span style=\"font-family: Book Antiqua, serif;\"><span style=\"font-size: large;\">Gaudium et spes! Ks. Jacek<\/span><\/span><\/span><\/p>\n<p align=\"center\">\n<p align=\"center\">\n<p align=\"center\">\n<p align=\"center\">\n<p align=\"center\">\n<p align=\"justify\"><span style=\"color: #000000;\"><span style=\"font-family: Book Antiqua, serif;\"><span style=\"font-size: large;\"><b>Poniedzia\u0142ek 12 Tygodnia zwyk\u0142ego, rok I,<\/b><\/span><\/span><\/span><\/p>\n<p align=\"justify\"><span style=\"color: #000000;\"><span style=\"font-family: Book Antiqua, serif;\"><span style=\"font-size: large;\"><b>23 czerwca 2025.,\u00a0<\/b><\/span><\/span><\/span><\/p>\n<p align=\"justify\"><span style=\"color: #000000;\"><span style=\"font-family: Book Antiqua, serif;\"><span style=\"font-size: large;\"><b>do czyta\u0144: Rdz 12,1\u20139; Mt 7,1\u20135<\/b><\/span><\/span><\/span><\/p>\n<p align=\"justify\">\n<p align=\"justify\">\n<p align=\"justify\">\n<p align=\"justify\">\n<p align=\"justify\">\n<p align=\"justify\"><span style=\"color: #000000;\"><span style=\"font-family: Book Antiqua, serif;\"><span style=\"font-size: large;\"><b>CZYTANIE Z KSI\u0118GI RODZAJU:<\/b><\/span><\/span><\/span><\/p>\n<p align=\"justify\"><span style=\"color: #000000;\"><span style=\"font-family: Book Antiqua, serif;\"><span style=\"font-size: large;\"><b>B\u00f3g rzek\u0142 do Abrama: \u201eWyjd\u017a z twojej ziemi rodzinnej i z domu twego ojca do kraju, kt\u00f3ry ci uka\u017c\u0119. Uczyni\u0119 bowiem z ciebie wielki nar\u00f3d, b\u0119d\u0119 ci b\u0142ogos\u0142awi\u0142 i twoje imi\u0119 rozs\u0142awi\u0119: staniesz si\u0119 b\u0142ogos\u0142awie\u0144stwem. B\u0119d\u0119 b\u0142ogos\u0142awi\u0142 tym, kt\u00f3rzy ciebie b\u0142ogos\u0142awi\u0107 b\u0119d\u0105, a tym, kt\u00f3rzy tobie b\u0119d\u0105 z\u0142orzeczyli, i Ja b\u0119d\u0119 z\u0142orzeczy\u0142. Przez ciebie b\u0119d\u0105 otrzymywa\u0142y b\u0142ogos\u0142awie\u0144stwo ludy ca\u0142ej ziemi\u201d.<\/b><\/span><\/span><\/span><\/p>\n<p align=\"justify\"><span style=\"color: #000000;\"><span style=\"font-family: Book Antiqua, serif;\"><span style=\"font-size: large;\"><b>Abram uda\u0142 si\u0119 w drog\u0119, jak mu Pan rozkaza\u0142, a z nim poszed\u0142 Lot. Abram mia\u0142 siedemdziesi\u0105t pi\u0119\u0107 lat, gdy wyszed\u0142 z Charanu. I zabra\u0142 Abram ze sob\u0105 swoj\u0105 \u017con\u0119 Saraj, swego bratanka Lota i ca\u0142y dobytek, jaki obaj posiadali, oraz s\u0142u\u017cb\u0119, kt\u00f3r\u0105 nabyli w Charanie, i wyruszyli, aby si\u0119 uda\u0107 do Kanaanu. <\/b><\/span><\/span><\/span><\/p>\n<p align=\"justify\"><span style=\"color: #000000;\"><span style=\"font-family: Book Antiqua, serif;\"><span style=\"font-size: large;\"><b>Gdy za\u015b przybyli do Kanaanu, Abram przeszed\u0142 przez ten kraj a\u017c do pewnej miejscowo\u015bci ko\u0142o Sychem, do d\u0119bu More. A w kraju tym mieszkali w\u00f3wczas Kananejczycy.<\/b><\/span><\/span><\/span><\/p>\n<p align=\"justify\"><span style=\"color: #000000;\"><span style=\"font-family: Book Antiqua, serif;\"><span style=\"font-size: large;\"><b>Pan, ukazawszy si\u0119 Abramowi, rzek\u0142: \u201eTwojemu potomstwu oddaj\u0119 w\u0142a\u015bnie t\u0119 ziemi\u0119\u201d. Abram zbudowa\u0142 tam o\u0142tarz dla Pana, kt\u00f3ry mu si\u0119 ukaza\u0142.<\/b><\/span><\/span><\/span><\/p>\n<p align=\"justify\"><span style=\"color: #000000;\"><span style=\"font-family: Book Antiqua, serif;\"><span style=\"font-size: large;\"><b>Stamt\u0105d za\u015b przeni\u00f3s\u0142 si\u0119 na wzg\u00f3rze na wsch\u00f3d od Betel i rozbi\u0142 sw\u00f3j namiot pomi\u0119dzy Betel od zachodu i Aj od wschodu. Tam r\u00f3wnie\u017c zbudowa\u0142 o\u0142tarz dla Pana i wzywa\u0142 imienia Pana. Zwin\u0105wszy namioty, Abram w\u0119drowa\u0142 z miejsca na miejsce w stron\u0119 Negebu.<\/b><\/span><\/span><\/span><\/p>\n<p align=\"justify\">\n<p align=\"justify\">\n<p align=\"justify\">\n<p align=\"justify\">\n<p align=\"justify\">\n<p align=\"justify\"><span style=\"color: #000000;\"><span style=\"font-family: Book Antiqua, serif;\"><span style=\"font-size: large;\"><b>S\u0141OWA EWANGELII WED\u0141UG \u015aWI\u0118TEGO MATEUSZA:<\/b><\/span><\/span><\/span><\/p>\n<p align=\"justify\"><span style=\"color: #000000;\"><span style=\"font-family: Book Antiqua, serif;\"><span style=\"font-size: large;\"><b>Jezus powiedzia\u0142 do swoich uczni\u00f3w: \u201eNie s\u0105d\u017acie, aby\u015bcie nie byli s\u0105dzeni. Bo takim s\u0105dem, jakim wy s\u0105dzicie, i was os\u0105dz\u0105; i tak\u0105 miar\u0105, jak\u0105 wy mierzycie, wam odmierz\u0105.<\/b><\/span><\/span><\/span><\/p>\n<p align=\"justify\"><span style=\"color: #000000;\"><span style=\"font-family: Book Antiqua, serif;\"><span style=\"font-size: large;\"><b>Czemu to widzisz drzazg\u0119 w oku swego brata, a belki we w\u0142asnym oku nie dostrzegasz? Albo jak mo\u017cesz m\u00f3wi\u0107 swemu bratu: \u00abPozw\u00f3l, \u017ce usun\u0119 drzazg\u0119 z twego oka\u00bb, gdy belka tkwi w twoim oku? Ob\u0142udniku, wyrzu\u0107 najpierw belk\u0119 ze swego oka, a wtedy przejrzysz, a\u017ceby usun\u0105\u0107 drzazg\u0119 z oka twego brata\u201d.<\/b><\/span><\/span><\/span><\/p>\n<p align=\"justify\">\n<p align=\"justify\">\n<p align=\"justify\">\n<p align=\"justify\">\n<p align=\"justify\">\n<p align=\"center\"><span style=\"color: #000000;\"><span style=\"font-family: Book Antiqua, serif;\"><span style=\"font-size: large;\"><b>A OTO S\u0141\u00d3WKO GABRYSIA:<\/b><\/span><\/span><\/span><\/p>\n<p align=\"center\">\n<p align=\"center\">\n<p align=\"center\">\n<p align=\"center\">\n<p align=\"center\">\n<p align=\"justify\"><span style=\"color: #000000;\"><span style=\"font-family: Book Antiqua, serif;\"><span style=\"font-size: large;\">W dzisiejszej Ewangelii Jezus poucza nas w wa\u017cnej kwestii, jak\u0105 jest os\u0105dzanie.<\/span><\/span><\/span><\/p>\n<p align=\"justify\"><span style=\"color: #000000;\"><span style=\"font-family: Book Antiqua, serif;\"><span style=\"font-size: large;\"><i><b>Takim s\u0105dem, jakim s\u0105dzicie, i was os\u0105dz\u0105; i tak\u0105 miar\u0105, jak\u0105 wy mierzycie, wam odmierz\u0105. <\/b><\/i><\/span><\/span><\/span><\/p>\n<p align=\"justify\"><span style=\"color: #000000;\"><span style=\"font-family: Book Antiqua, serif;\"><span style=\"font-size: large;\">Istotna to rzecz! Jezus zwraca nasz\u0105 uwag\u0119 na to by\u015bmy w og\u00f3le nie s\u0105dzili ludzi, by\u015bmy zostawili s\u0105dy Bogu. Z drugiej strony jednak Pan przewidzia\u0142, \u017ce cz\u0142owiek i tak b\u0119dzie \u201es\u0105dzi\u0142\u201d, dlatego zostawi\u0142 wskaz\u00f3wk\u0119 odno\u015bnie do \u201edobrego s\u0105dzenia\u201d, a wskaz\u00f3wka ta jest taka sama, jak przykazanie mi\u0142o\u015bci: <i><b>K<\/b><\/i><i><b>ochaj bli\u017aniego swego jak siebie samego! <\/b><\/i>Chodzi wi\u0119c o to, by wszystko by\u0142o przeprowadzane tak, jak by\u015bmy chcieli, by z nami zosta\u0142o przeprowadzone. Tak to rozumiem, je\u017celi si\u0119 myl\u0119 \u2013 poprawiajcie \ud83d\ude04!<\/span><\/span><\/span><\/p>\n<p align=\"justify\"><span style=\"color: #000000;\"><span style=\"font-family: Book Antiqua, serif;\"><span style=\"font-size: large;\">Druga rzecz, r\u00f3wnie wa\u017cna, to ta, by\u015bmy dostrzegali i usuwali w pierwszej kolejno\u015bci w\u0142asne grzechy (b\u0142\u0119dy, niedoskona\u0142o\u015bci) i wszystkie inne \u00abbelki\u00bb z w\u0142asnych \u00aboczu\u00bb, a nie wpierw posuwali si\u0119 do pouczania \u2013 naprawy?\u2026 \u2013 wyci\u0105gni\u0119cia \u00abdrzazgi z oczu innych\u00bb. Wydaje mi si\u0119, \u017ce cz\u0119sto niekt\u00f3rzy ludzie s\u0105 \u015blepi na w\u0142asne b\u0142\u0119dy (grzechy, \u00abdrzazgi w oku\u00bb), ale za to b\u0142\u0119dy (grzechy, \u00abdrzazgi w oku\u00bb) innych dostrzegaj\u0105 na pstrykni\u0119cie palca. <\/span><\/span><\/span><\/p>\n<p align=\"justify\"><span style=\"color: #000000;\"><span style=\"font-family: Book Antiqua, serif;\"><span style=\"font-size: large;\">W zasadzie, to te najszybciej dostrze\u017cone wady u innych czasem s\u0105 w\u0142a\u015bnie tym, co nas samych trapi (zniewala, niszczy), tylko jeszcze taki kto\u015b nie dostrzega tego. Albo mo\u017ce dostrzega, jednak odrzuca to od siebie, nie akceptuje faktu, \u017ce faktycznie \u017cyje i post\u0119puje tak samo \u2013 lub nawet gorzej \u2013 ni\u017c osoba z \u00abdrzazg\u0105 w oku\u00bb.<\/span><\/span><\/span><\/p>\n<p align=\"justify\"><span style=\"color: #000000;\"><span style=\"font-family: Book Antiqua, serif;\"><span style=\"font-size: large;\">My\u015bl\u0119, \u017ce pomoc\u0105 w rozeznaniu w\u0142asnych \u00abbelek\u00bb i \u00abdrzazg\u00bb w oczach jest modlitwa, rozmowa z Bogiem. Kto nam lepiej doradzi, ni\u017c kto\u015b, kto wie o nas i o ka\u017cdym wszystko? No, w\u0142a\u015bnie \u2013 nikt! A opr\u00f3cz tego, mo\u017ce i taka osobista medytacja, zatrzymanie si\u0119 w my\u015blach, ciszy \u2013 to dobry spos\u00f3b, us\u0142ysze\u0107 Boga, je\u017celi tylko Go do tego zaprosimy.<\/span><\/span><\/span><\/p>\n<p align=\"justify\"><span style=\"color: #000000;\"><span style=\"font-family: Book Antiqua, serif;\"><span style=\"font-size: large;\">Najlepsz\u0105 drog\u0105 jest ta, kt\u00f3r\u0105 wskazuje B\u00f3g i najlepszym sposobem na wszystko jest ten w\u0142a\u015bnie, jaki wyznacza B\u00f3g \u2013 czyli najlepiej w og\u00f3le nie s\u0105dzi\u0107 nikogo&#8230;. B\u00f3g jest S\u0119dzi\u0105 najsprawiedliwszym i Jemu zostawmy wymierzanie sprawiedliwo\u015bci i os\u0105dzanie.<\/span><\/span><\/span><\/p>\n<p align=\"justify\"><span style=\"color: #000000;\"><span style=\"font-family: Book Antiqua, serif;\"><span style=\"font-size: large;\">I wyci\u0105gajmy \u00abbelki\u00bb ze swoich oczu, bo jednak troch\u0119 uwieraj\u0105&#8230;<\/span><\/span><\/span><\/p>\n","protected":false},"excerpt":{"rendered":"<p>Szcz\u0119\u015b\u0107 Bo\u017ce! Moi Drodzy, w dniu dzisiejszym dzisiaj rocznic\u0119 \u015awi\u0119ce\u0144 kap\u0142a\u0144skich prze\u017cywaj\u0105: \u25baKsi\u0105dz Andrzej Banasiuk [1984], \u25baKsi\u0105dz Sylwester Borkowski [1984], \u25baKsi\u0105dz Profesor Krzysztof Burczak [1984] \u2013 m\u00f3j Kaznodzieja prymicyjny, \u25baKsi\u0105dz Sylwester Ga\u0142ach [1984], \u25baKsi\u0105dz Andrzej Kania [1984], \u25baKsi\u0105dz Kazimierz Niemirka [1984], \u25baKsi\u0105dz S\u0142awomir Olopiak [1984], \u25baKsi\u0105dz J\u00f3zef Sobotka [1984], \u25baKsi\u0105dz Henryk Szustek [1984], \u25baKsi\u0105dz Roman [&hellip;]<\/p>\n","protected":false},"author":1,"featured_media":0,"comment_status":"open","ping_status":"open","sticky":false,"template":"","format":"standard","meta":{"jetpack_post_was_ever_published":false,"_jetpack_newsletter_access":"","_jetpack_dont_email_post_to_subs":false,"_jetpack_newsletter_tier_id":0,"_jetpack_memberships_contains_paywalled_content":false,"_jetpack_memberships_contains_paid_content":false,"footnotes":""},"categories":[1],"tags":[],"class_list":["post-23945","post","type-post","status-publish","format-standard","hentry","category-bez-kategorii"],"yoast_head":"<!-- This site is optimized with the Yoast SEO plugin v25.1 - https:\/\/yoast.com\/wordpress\/plugins\/seo\/ -->\n<title>S\u0105dzi\u0107 - czy nie s\u0105dzi\u0107?... - Gaudium Et Spes<\/title>\n<meta name=\"robots\" content=\"index, follow, max-snippet:-1, max-image-preview:large, max-video-preview:-1\" \/>\n<link rel=\"canonical\" href=\"https:\/\/gaudiumetspes-blog.pl\/index.php\/2025\/06\/23\/sadzic-czy-nie-sadzic-2\/\" \/>\n<meta property=\"og:locale\" content=\"pl_PL\" \/>\n<meta property=\"og:type\" content=\"article\" \/>\n<meta property=\"og:title\" content=\"S\u0105dzi\u0107 - czy nie s\u0105dzi\u0107?... - Gaudium Et Spes\" \/>\n<meta property=\"og:description\" content=\"Szcz\u0119\u015b\u0107 Bo\u017ce! Moi Drodzy, w dniu dzisiejszym dzisiaj rocznic\u0119 \u015awi\u0119ce\u0144 kap\u0142a\u0144skich prze\u017cywaj\u0105: \u25baKsi\u0105dz Andrzej Banasiuk [1984], \u25baKsi\u0105dz Sylwester Borkowski [1984], \u25baKsi\u0105dz Profesor Krzysztof Burczak [1984] \u2013 m\u00f3j Kaznodzieja prymicyjny, \u25baKsi\u0105dz Sylwester Ga\u0142ach [1984], \u25baKsi\u0105dz Andrzej Kania [1984], \u25baKsi\u0105dz Kazimierz Niemirka [1984], \u25baKsi\u0105dz S\u0142awomir Olopiak [1984], \u25baKsi\u0105dz J\u00f3zef Sobotka [1984], \u25baKsi\u0105dz Henryk Szustek [1984], \u25baKsi\u0105dz Roman [&hellip;]\" \/>\n<meta property=\"og:url\" content=\"https:\/\/gaudiumetspes-blog.pl\/index.php\/2025\/06\/23\/sadzic-czy-nie-sadzic-2\/\" \/>\n<meta property=\"og:site_name\" content=\"Gaudium Et Spes\" \/>\n<meta property=\"article:published_time\" content=\"2025-06-23T06:56:43+00:00\" \/>\n<meta property=\"article:modified_time\" content=\"2025-06-23T07:02:34+00:00\" \/>\n<meta name=\"author\" content=\"Ks. Jacek\" \/>\n<meta name=\"twitter:card\" content=\"summary_large_image\" \/>\n<meta name=\"twitter:label1\" content=\"Napisane przez\" \/>\n\t<meta name=\"twitter:data1\" content=\"Ks. Jacek\" \/>\n\t<meta name=\"twitter:label2\" content=\"Szacowany czas czytania\" \/>\n\t<meta name=\"twitter:data2\" content=\"7 minut\" \/>\n<script type=\"application\/ld+json\" class=\"yoast-schema-graph\">{\"@context\":\"https:\/\/schema.org\",\"@graph\":[{\"@type\":\"WebPage\",\"@id\":\"https:\/\/gaudiumetspes-blog.pl\/index.php\/2025\/06\/23\/sadzic-czy-nie-sadzic-2\/\",\"url\":\"https:\/\/gaudiumetspes-blog.pl\/index.php\/2025\/06\/23\/sadzic-czy-nie-sadzic-2\/\",\"name\":\"S\u0105dzi\u0107 - czy nie s\u0105dzi\u0107?... - Gaudium Et Spes\",\"isPartOf\":{\"@id\":\"https:\/\/gaudiumetspes-blog.pl\/#website\"},\"datePublished\":\"2025-06-23T06:56:43+00:00\",\"dateModified\":\"2025-06-23T07:02:34+00:00\",\"author\":{\"@id\":\"https:\/\/gaudiumetspes-blog.pl\/#\/schema\/person\/1661982992b752dea8dff0d4ed845a65\"},\"breadcrumb\":{\"@id\":\"https:\/\/gaudiumetspes-blog.pl\/index.php\/2025\/06\/23\/sadzic-czy-nie-sadzic-2\/#breadcrumb\"},\"inLanguage\":\"pl-PL\",\"potentialAction\":[{\"@type\":\"ReadAction\",\"target\":[\"https:\/\/gaudiumetspes-blog.pl\/index.php\/2025\/06\/23\/sadzic-czy-nie-sadzic-2\/\"]}]},{\"@type\":\"BreadcrumbList\",\"@id\":\"https:\/\/gaudiumetspes-blog.pl\/index.php\/2025\/06\/23\/sadzic-czy-nie-sadzic-2\/#breadcrumb\",\"itemListElement\":[{\"@type\":\"ListItem\",\"position\":1,\"name\":\"Strona g\u0142\u00f3wna\",\"item\":\"https:\/\/gaudiumetspes-blog.pl\/\"},{\"@type\":\"ListItem\",\"position\":2,\"name\":\"S\u0105dzi\u0107 &#8211; czy nie s\u0105dzi\u0107?&#8230;\"}]},{\"@type\":\"WebSite\",\"@id\":\"https:\/\/gaudiumetspes-blog.pl\/#website\",\"url\":\"https:\/\/gaudiumetspes-blog.pl\/\",\"name\":\"Gaudium Et Spes\",\"description\":\"Blog Ks. Jacka Ja\u015bkowskiego\",\"potentialAction\":[{\"@type\":\"SearchAction\",\"target\":{\"@type\":\"EntryPoint\",\"urlTemplate\":\"https:\/\/gaudiumetspes-blog.pl\/?s={search_term_string}\"},\"query-input\":{\"@type\":\"PropertyValueSpecification\",\"valueRequired\":true,\"valueName\":\"search_term_string\"}}],\"inLanguage\":\"pl-PL\"},{\"@type\":\"Person\",\"@id\":\"https:\/\/gaudiumetspes-blog.pl\/#\/schema\/person\/1661982992b752dea8dff0d4ed845a65\",\"name\":\"Ks. Jacek\",\"image\":{\"@type\":\"ImageObject\",\"inLanguage\":\"pl-PL\",\"@id\":\"https:\/\/gaudiumetspes-blog.pl\/#\/schema\/person\/image\/\",\"url\":\"https:\/\/gaudiumetspes-blog.pl\/wp-content\/uploads\/2019\/07\/avatar-JJ-150x150.jpg\",\"contentUrl\":\"https:\/\/gaudiumetspes-blog.pl\/wp-content\/uploads\/2019\/07\/avatar-JJ-150x150.jpg\",\"caption\":\"Ks. Jacek\"},\"description\":\"Witam serdecznie! K\u0142ania si\u0119 Ks. Jacek Ja\u015bkowski. Nie jestem ani kim\u015b wa\u017cnym, ani kim\u015b znanym. Jestem ksi\u0119dzem, kt\u00f3ry po prostu chce rozmawia\u0107. Codzienna kap\u0142a\u0144ska pos\u0142uga pokazuje mi, \u017ce temat\u00f3w do rozm\u00f3w z ksi\u0119dzem jest coraz wi\u0119cej i dzisiaj \u017caden ksi\u0105dz nie mo\u017ce od nich ucieka\u0107, ale - wprost przeciwnie - podejmowa\u0107 nowe wyzwania. To przekonanie sk\u0142oni\u0142o mnie do pr\u00f3by otwarcia tego\u017c bloga, chocia\u017c okazji do rozm\u00f3w na co dzie\u0144 - w konfesjonale i poza nim - na szcz\u0119\u015bcie nie brakuje. My\u015bl\u0119 jednak, \u017ce ten blog b\u0119dzie jeszcze jednym sposobem i przestrzeni\u0105 nawi\u0105zania kontaktu z lud\u017ami dobrej woli, otwartymi na dialog.\",\"url\":\"https:\/\/gaudiumetspes-blog.pl\/index.php\/author\/ks-jacek\/\"}]}<\/script>\n<!-- \/ Yoast SEO plugin. -->","yoast_head_json":{"title":"S\u0105dzi\u0107 - czy nie s\u0105dzi\u0107?... - Gaudium Et Spes","robots":{"index":"index","follow":"follow","max-snippet":"max-snippet:-1","max-image-preview":"max-image-preview:large","max-video-preview":"max-video-preview:-1"},"canonical":"https:\/\/gaudiumetspes-blog.pl\/index.php\/2025\/06\/23\/sadzic-czy-nie-sadzic-2\/","og_locale":"pl_PL","og_type":"article","og_title":"S\u0105dzi\u0107 - czy nie s\u0105dzi\u0107?... - Gaudium Et Spes","og_description":"Szcz\u0119\u015b\u0107 Bo\u017ce! Moi Drodzy, w dniu dzisiejszym dzisiaj rocznic\u0119 \u015awi\u0119ce\u0144 kap\u0142a\u0144skich prze\u017cywaj\u0105: \u25baKsi\u0105dz Andrzej Banasiuk [1984], \u25baKsi\u0105dz Sylwester Borkowski [1984], \u25baKsi\u0105dz Profesor Krzysztof Burczak [1984] \u2013 m\u00f3j Kaznodzieja prymicyjny, \u25baKsi\u0105dz Sylwester Ga\u0142ach [1984], \u25baKsi\u0105dz Andrzej Kania [1984], \u25baKsi\u0105dz Kazimierz Niemirka [1984], \u25baKsi\u0105dz S\u0142awomir Olopiak [1984], \u25baKsi\u0105dz J\u00f3zef Sobotka [1984], \u25baKsi\u0105dz Henryk Szustek [1984], \u25baKsi\u0105dz Roman [&hellip;]","og_url":"https:\/\/gaudiumetspes-blog.pl\/index.php\/2025\/06\/23\/sadzic-czy-nie-sadzic-2\/","og_site_name":"Gaudium Et Spes","article_published_time":"2025-06-23T06:56:43+00:00","article_modified_time":"2025-06-23T07:02:34+00:00","author":"Ks. Jacek","twitter_card":"summary_large_image","twitter_misc":{"Napisane przez":"Ks. Jacek","Szacowany czas czytania":"7 minut"},"schema":{"@context":"https:\/\/schema.org","@graph":[{"@type":"WebPage","@id":"https:\/\/gaudiumetspes-blog.pl\/index.php\/2025\/06\/23\/sadzic-czy-nie-sadzic-2\/","url":"https:\/\/gaudiumetspes-blog.pl\/index.php\/2025\/06\/23\/sadzic-czy-nie-sadzic-2\/","name":"S\u0105dzi\u0107 - czy nie s\u0105dzi\u0107?... - Gaudium Et Spes","isPartOf":{"@id":"https:\/\/gaudiumetspes-blog.pl\/#website"},"datePublished":"2025-06-23T06:56:43+00:00","dateModified":"2025-06-23T07:02:34+00:00","author":{"@id":"https:\/\/gaudiumetspes-blog.pl\/#\/schema\/person\/1661982992b752dea8dff0d4ed845a65"},"breadcrumb":{"@id":"https:\/\/gaudiumetspes-blog.pl\/index.php\/2025\/06\/23\/sadzic-czy-nie-sadzic-2\/#breadcrumb"},"inLanguage":"pl-PL","potentialAction":[{"@type":"ReadAction","target":["https:\/\/gaudiumetspes-blog.pl\/index.php\/2025\/06\/23\/sadzic-czy-nie-sadzic-2\/"]}]},{"@type":"BreadcrumbList","@id":"https:\/\/gaudiumetspes-blog.pl\/index.php\/2025\/06\/23\/sadzic-czy-nie-sadzic-2\/#breadcrumb","itemListElement":[{"@type":"ListItem","position":1,"name":"Strona g\u0142\u00f3wna","item":"https:\/\/gaudiumetspes-blog.pl\/"},{"@type":"ListItem","position":2,"name":"S\u0105dzi\u0107 &#8211; czy nie s\u0105dzi\u0107?&#8230;"}]},{"@type":"WebSite","@id":"https:\/\/gaudiumetspes-blog.pl\/#website","url":"https:\/\/gaudiumetspes-blog.pl\/","name":"Gaudium Et Spes","description":"Blog Ks. Jacka Ja\u015bkowskiego","potentialAction":[{"@type":"SearchAction","target":{"@type":"EntryPoint","urlTemplate":"https:\/\/gaudiumetspes-blog.pl\/?s={search_term_string}"},"query-input":{"@type":"PropertyValueSpecification","valueRequired":true,"valueName":"search_term_string"}}],"inLanguage":"pl-PL"},{"@type":"Person","@id":"https:\/\/gaudiumetspes-blog.pl\/#\/schema\/person\/1661982992b752dea8dff0d4ed845a65","name":"Ks. Jacek","image":{"@type":"ImageObject","inLanguage":"pl-PL","@id":"https:\/\/gaudiumetspes-blog.pl\/#\/schema\/person\/image\/","url":"https:\/\/gaudiumetspes-blog.pl\/wp-content\/uploads\/2019\/07\/avatar-JJ-150x150.jpg","contentUrl":"https:\/\/gaudiumetspes-blog.pl\/wp-content\/uploads\/2019\/07\/avatar-JJ-150x150.jpg","caption":"Ks. Jacek"},"description":"Witam serdecznie! K\u0142ania si\u0119 Ks. Jacek Ja\u015bkowski. Nie jestem ani kim\u015b wa\u017cnym, ani kim\u015b znanym. Jestem ksi\u0119dzem, kt\u00f3ry po prostu chce rozmawia\u0107. Codzienna kap\u0142a\u0144ska pos\u0142uga pokazuje mi, \u017ce temat\u00f3w do rozm\u00f3w z ksi\u0119dzem jest coraz wi\u0119cej i dzisiaj \u017caden ksi\u0105dz nie mo\u017ce od nich ucieka\u0107, ale - wprost przeciwnie - podejmowa\u0107 nowe wyzwania. To przekonanie sk\u0142oni\u0142o mnie do pr\u00f3by otwarcia tego\u017c bloga, chocia\u017c okazji do rozm\u00f3w na co dzie\u0144 - w konfesjonale i poza nim - na szcz\u0119\u015bcie nie brakuje. My\u015bl\u0119 jednak, \u017ce ten blog b\u0119dzie jeszcze jednym sposobem i przestrzeni\u0105 nawi\u0105zania kontaktu z lud\u017ami dobrej woli, otwartymi na dialog.","url":"https:\/\/gaudiumetspes-blog.pl\/index.php\/author\/ks-jacek\/"}]}},"jetpack_featured_media_url":"","jetpack_sharing_enabled":true,"_links":{"self":[{"href":"https:\/\/gaudiumetspes-blog.pl\/index.php\/wp-json\/wp\/v2\/posts\/23945","targetHints":{"allow":["GET"]}}],"collection":[{"href":"https:\/\/gaudiumetspes-blog.pl\/index.php\/wp-json\/wp\/v2\/posts"}],"about":[{"href":"https:\/\/gaudiumetspes-blog.pl\/index.php\/wp-json\/wp\/v2\/types\/post"}],"author":[{"embeddable":true,"href":"https:\/\/gaudiumetspes-blog.pl\/index.php\/wp-json\/wp\/v2\/users\/1"}],"replies":[{"embeddable":true,"href":"https:\/\/gaudiumetspes-blog.pl\/index.php\/wp-json\/wp\/v2\/comments?post=23945"}],"version-history":[{"count":4,"href":"https:\/\/gaudiumetspes-blog.pl\/index.php\/wp-json\/wp\/v2\/posts\/23945\/revisions"}],"predecessor-version":[{"id":23949,"href":"https:\/\/gaudiumetspes-blog.pl\/index.php\/wp-json\/wp\/v2\/posts\/23945\/revisions\/23949"}],"wp:attachment":[{"href":"https:\/\/gaudiumetspes-blog.pl\/index.php\/wp-json\/wp\/v2\/media?parent=23945"}],"wp:term":[{"taxonomy":"category","embeddable":true,"href":"https:\/\/gaudiumetspes-blog.pl\/index.php\/wp-json\/wp\/v2\/categories?post=23945"},{"taxonomy":"post_tag","embeddable":true,"href":"https:\/\/gaudiumetspes-blog.pl\/index.php\/wp-json\/wp\/v2\/tags?post=23945"}],"curies":[{"name":"wp","href":"https:\/\/api.w.org\/{rel}","templated":true}]}}