{"id":23950,"date":"2025-06-24T07:34:22","date_gmt":"2025-06-24T05:34:22","guid":{"rendered":"https:\/\/gaudiumetspes-blog.pl\/?p=23950"},"modified":"2025-06-24T07:34:22","modified_gmt":"2025-06-24T05:34:22","slug":"kto-wazniejszy-jan-czy-ja","status":"publish","type":"post","link":"https:\/\/gaudiumetspes-blog.pl\/index.php\/2025\/06\/24\/kto-wazniejszy-jan-czy-ja\/","title":{"rendered":"Kto wa\u017cniejszy: Jan &#8211; czy ja?"},"content":{"rendered":"<p align=\"justify\"><span style=\"color: #000000;\"><span style=\"font-family: Book Antiqua, serif;\"><span style=\"font-size: large;\">Szcz\u0119\u015b\u0107 Bo\u017ce! Moi Drodzy,<b> <\/b>w dniu dzisiejszym <b>imieniny obchodzi nasz Tato, Jan Ja\u015bkowski. <\/b><b>C<\/b><b>a\u0142<\/b><b>ym<\/b><b> nasz<\/b><b>ym<\/b><b> Rodze\u0144stw<\/b><b>em<\/b><b> \u2013 <\/b><b>tak\u017ce z okazji wczorajszego Dnia Ojca \u2013 dzi\u0119kujemy za<\/b><b> konsekwentn\u0105 postaw\u0119 wiary <\/b><b>i <\/b><b>n<\/b><b>adzwyczajn\u0105<\/b><b> pracowito\u015b\u0107,<\/b><b> a w szczeg\u00f3lno\u015bci: za \u015bwiadectwo mi\u0142o\u015bci ma\u0142\u017ce\u0144skiej, wyra\u017caj\u0105cej si\u0119 w codziennej cierpliwej i wytrwa\u0142ej trosce o chor\u0105 swoj\u0105 \u017bon\u0119, a nasz\u0105 Mam\u0119. <\/b><b>Do tego dochodzi opieka nad czw\u00f3rk\u0105 Wnucz\u0105t, za kt\u00f3rymi trzeba \u201enad\u0105\u017cy\u0107\u201d. I Dziadek zawsze nad\u0105\u017ca!<\/b><\/span><\/span><\/span><\/p>\n<p align=\"justify\"><span style=\"color: #000000;\"><span style=\"font-family: Book Antiqua, serif;\"><span style=\"font-size: large;\"><b>Dzi\u0119kujemy za atmosfer\u0119 naszego Domu rodzinnego, kt\u00f3r\u0105 wsp\u00f3lnie <\/b><b>z Mam\u0105 <\/b><b>tworz\u0105! Dzi\u0119kujemy za sta\u0142\u0105 trosk\u0119 o nas i modlitw\u0119 w naszych intencjach!<\/b><\/span><\/span><\/span><\/p>\n<p align=\"justify\"><span style=\"color: #000000;\"><span style=\"font-family: Book Antiqua, serif;\"><span style=\"font-size: large;\"><b>\u017byczymy si\u0142y i mocy z Nieba, oraz wszelkich natchnie\u0144 Ducha \u015awi\u0119tego, aby tej pogody ducha i \u017cyciowej energii, kt\u00f3r\u0105 widzimy i podziwiamy, nigdy nie zabrak\u0142o! I tego specyficznego poczucia humoru, z kt\u00f3rego nasz Tato jest znany\u2026 Ca\u0142ym sercem \u2013 ca\u0142ym Rodze\u0144stwem \u2013 wspieramy modlitw\u0105!<\/b><\/span><\/span><\/span><\/p>\n<p align=\"justify\"><span style=\"color: #000000;\"><span style=\"font-family: Book Antiqua, serif;\"><span style=\"font-size: large;\"><b>Ponadto, imieniny dzi\u015b prze\u017cywaj\u0105:<\/b><\/span><\/span><\/span><\/p>\n<p align=\"justify\"><span style=\"color: #000000;\">\u25ba<span style=\"font-family: Book Antiqua, serif;\"><span style=\"font-size: large;\"><b>Ksi\u0105dz Jan Miedzianowski \u2013 m\u00f3j Kolega z roku <\/b><b>\u015b<\/b><b>wi\u0119ce\u0144, pos\u0142uguj\u0105cy na misjach w Peru;<\/b><\/span><\/span><\/span><\/p>\n<p align=\"justify\"><span style=\"color: #000000;\">\u25ba<span style=\"font-family: Book Antiqua, serif;\"><span style=\"font-size: large;\"><b>Ojciec Jan Klubek \u2013 Oblat, pos\u0142uguj\u0105cy w Kodniu, Kierownik duchowy niemal po\u0142owy \u015bwiata, w tym tak\u017ce m\u00f3j duchowy Przewodnik;<\/b><\/span><\/span><\/span><\/p>\n<p align=\"justify\"><span style=\"color: #000000;\">\u25ba<span style=\"font-family: Book Antiqua, serif;\"><span style=\"font-size: large;\"><b>Ksi\u0105dz Jan Pracz \u2013 za moich czas\u00f3w seminaryjnych: Wyk\u0142adowca homiletyki, a obecnie S\u0105siad w Domu Ksi\u0119\u017cy Emeryt\u00f3w;<\/b><\/span><\/span><\/span><\/p>\n<p align=\"justify\"><span style=\"color: #000000;\">\u25ba<span style=\"font-family: Book Antiqua, serif;\"><span style=\"font-size: large;\"><b>Ksi\u0105dz Jan Babik \u2013 Kanclerz Kurii diecezjalnej siedleckiej;<\/b><\/span><\/span><\/span><\/p>\n<p align=\"justify\"><span style=\"color: #000000;\">\u25ba<span style=\"font-family: Book Antiqua, serif;\"><span style=\"font-size: large;\"><b>Ksi\u0105dz Jan Sp\u00f3lny \u2013 Proboszcz w Parafii w Go\u0144czycach;<\/b><\/span><\/span><\/span><\/p>\n<p align=\"justify\"><span style=\"color: #000000;\">\u25ba<span style=\"font-family: Book Antiqua, serif;\"><span style=\"font-size: large;\"><b>Ksi\u0105dz Jan Pilipiuk \u2013 wieloletni, ju\u017c emerytowany Kapelan Szpitala w Bia\u0142ej Podlaskiej;<\/b><\/span><\/span><\/span><\/p>\n<p align=\"justify\"><span style=\"color: #000000;\">\u25ba<span style=\"font-family: Book Antiqua, serif;\"><span style=\"font-size: large;\"><b>Ksi\u0105dz Jan Grzesiak \u2013 emerytowany Kap\u0142an, zamieszkuj\u0105cy obecnie w Kodniu, w swoim mieszkaniu, ale wspieraj\u0105cy pos\u0142ug\u0105 Ojc\u00f3w Oblat\u00f3w;<\/b><\/span><\/span><\/span><\/p>\n<p align=\"justify\"><span style=\"color: #000000;\">\u25ba<span style=\"font-family: Book Antiqua, serif;\"><span style=\"font-size: large;\"><b>Ksi\u0105dz Jan Kluska \u2013 starszy Kolega z Seminarium,<\/b><\/span><\/span><\/span><\/p>\n<p align=\"justify\"><span style=\"color: #000000;\">\u25ba<span style=\"font-family: Book Antiqua, serif;\"><span style=\"font-size: large;\"><b>Jan Grajda \u2013 pe\u0142ni\u0105cy pos\u0142ug\u0119 Ko\u015bcielnego w Celestynowie.<\/b><\/span><\/span><\/span><\/p>\n<p align=\"justify\"><span style=\"color: #000000;\">\u25ba<span style=\"font-family: Book Antiqua, serif;\"><span style=\"font-size: large;\"><b>Siostra Janina Serowik \u2013 za moich czas\u00f3w: Prze\u0142o\u017cona Domu Si\u00f3str S\u0142u\u017cek w Miastkowie;<\/b><\/span><\/span><\/span><\/p>\n<p align=\"justify\"><span style=\"color: #000000;\">\u25ba<span style=\"font-family: Book Antiqua, serif;\"><span style=\"font-size: large;\"><b>Siostra Janina Jad\u0142owska \u2013 pos\u0142uguj\u0105ca tak\u017ce w tej Wsp\u00f3lnocie.<\/b><\/span><\/span><\/span><\/p>\n<p align=\"justify\"><span style=\"color: #000000;\">\u25ba<span style=\"font-family: Book Antiqua, serif;\"><span style=\"font-size: large;\"><b>Siostra Danuta Marczykowska \u2013 pos\u0142uguj\u0105ca za moich czas\u00f3w w Miastkowie, a obecnie na innej plac\u00f3wce;<\/b><\/span><\/span><\/span><\/p>\n<p align=\"justify\"><span style=\"color: #000000;\">\u25ba<span style=\"font-family: Book Antiqua, serif;\"><span style=\"font-size: large;\"><b>Janek Kondej, Lektor w Samogoszczy, bardzo sympatyczny, m\u0142ody Cz\u0142owiek, g\u0142\u0119boko \u017cyj\u0105cy wiar\u0105; a tak w og\u00f3le \u2013 to prawa r\u0119ka swego Ksi\u0119dza Proboszcza; a tak\u017ce Autor rozwa\u017ca\u0144 poniedzia\u0142kowych na naszym blogu. Bardzo dzi\u0119kuj\u0119 Jankowi za tak ch\u0119tn\u0105 i tw\u00f3rcz\u0105 aktywno\u015b\u0107 \u2013 i za nasz sta\u0142y dobry kontakt, a przede wszystkim: za odwa\u017cne \u015bwiadectwo wiary, dawane ka\u017cdego dnia!<\/b><\/span><\/span><\/span><\/p>\n<p align=\"justify\"><span style=\"color: #000000;\">\u25ba<span style=\"font-family: Book Antiqua, serif;\"><span style=\"font-size: large;\"><b>Janina Prokopiuk, Gospodyni na Plebanii w Samogoszczy.<\/b><\/span><\/span><\/span><\/p>\n<p align=\"justify\"><span style=\"color: #000000;\"><span style=\"font-family: Book Antiqua, serif;\"><span style=\"font-size: large;\"><b>Rocznic\u0119 \u015awi\u0119ce\u0144 kap\u0142a\u0144skich prze\u017cywa dzi\u015b natomiast Ksi\u0105dz Profesor Andrzej Ga\u0142ka, Krajowy Duszpasterz Niewidomych i Niedowidz\u0105cych, \u015awiadek \u017cycia i \u015bwi\u0119to\u015bci B\u0142ogos\u0142awionego Prymasa Tysi\u0105clecia, S\u0119dzia w Trybunale jego Beatyfikacji, Cz\u0142owiek wielkiego formatu i otwarto\u015bci na ludzi, kt\u00f3remu jestem wdzi\u0119czny za \u017cyczliwo\u015b\u0107 i blisko\u015b\u0107, jakiej zawsze z Jego strony doznaj\u0119. To dzi\u0119ki Ksi\u0119dzu Andrzejowi mia\u0142em zaszczyt koncelebrowa\u0107 Msz\u0119 \u015awi\u0119t\u0105 Beatyfikacyjn\u0105 Prymasa Tysi\u0105clecia.<\/b><\/span><\/span><\/span><\/p>\n<p align=\"justify\"><span style=\"color: #000000;\"><span style=\"font-family: Book Antiqua, serif;\"><span style=\"font-size: large;\"><b>Ponadto, rocznic\u0119 \u015awi\u0119ce\u0144 kap\u0142a\u0144skich prze\u017cywaj\u0105:<\/b><\/span><\/span><\/span><\/p>\n<p align=\"justify\"><span style=\"color: #000000;\">\u25ba<span style=\"font-family: Book Antiqua, serif;\"><span style=\"font-size: large;\"><b>Ksi\u0105dz Edward Jarmoch,<\/b><\/span><\/span><\/span><\/p>\n<p align=\"justify\"><span style=\"color: #000000;\">\u25ba<span style=\"font-family: Book Antiqua, serif;\"><span style=\"font-size: large;\"><b>Ksi\u0105dz Andrzej Biernat,<\/b><\/span><\/span><\/span><\/p>\n<p align=\"justify\"><span style=\"color: #000000;\">\u25ba<span style=\"font-family: Book Antiqua, serif;\"><span style=\"font-size: large;\"><b>Ksi\u0105dz Marek Matusik,<\/b><\/span><\/span><\/span><\/p>\n<p align=\"justify\"><span style=\"color: #000000;\">\u25ba<span style=\"font-family: Book Antiqua, serif;\"><span style=\"font-size: large;\"><b>Ksi\u0105dz Piotr Pa\u0107kowski,<\/b><\/span><\/span><\/span><\/p>\n<p align=\"justify\"><span style=\"color: #000000;\">\u25ba<span style=\"font-family: Book Antiqua, serif;\"><span style=\"font-size: large;\"><b>Ksi\u0105dz Jan Pie\u0144kosz,<\/b><\/span><\/span><\/span><\/p>\n<p align=\"justify\"><span style=\"color: #000000;\">\u25ba<span style=\"font-family: Book Antiqua, serif;\"><span style=\"font-size: large;\"><b>Ksi\u0105dz Bogdan Sewerynik,<\/b><\/span><\/span><\/span><\/p>\n<p align=\"justify\"><span style=\"color: #000000;\">\u25ba<span style=\"font-family: Book Antiqua, serif;\"><span style=\"font-size: large;\"><b>Ksi\u0105dz Wies\u0142aw Sitarski,<\/b><\/span><\/span><\/span><\/p>\n<p align=\"justify\"><span style=\"color: #000000;\">\u25ba<span style=\"font-family: Book Antiqua, serif;\"><span style=\"font-size: large;\"><b>Ksi\u0105dz Grzegorz Stolarski,<\/b><\/span><\/span><\/span><\/p>\n<p align=\"justify\"><span style=\"color: #000000;\">\u25ba<span style=\"font-family: Book Antiqua, serif;\"><span style=\"font-size: large;\"><b>Ksi\u0105dz Andrzej \u017belazo.<\/b><\/span><\/span><\/span><\/p>\n<p align=\"justify\"><span style=\"color: #000000;\"><span style=\"font-family: Book Antiqua, serif;\"><span style=\"font-size: large;\"><b>Wszystkim Solenizantkom, Solenizantom i Jubilatom \u017cycz\u0119 tak mocnego zjednoczenia z Jezusem, jakiego przyk\u0142ad daje dzisiejszy Patron. Zapewniam o modlitwie!<\/b><\/span><\/span><\/span><\/p>\n<p align=\"justify\"><span style=\"color: #000000;\"><span style=\"font-family: Book Antiqua, serif;\"><span style=\"font-size: large;\">Drodzy moi, ja dzisiaj pos\u0142uguj\u0119 duszpastersko w Parafii w Brzozowicy, gdzie odprawiam Msz\u0119 \u015awi\u0119t\u0105 o 9:00 i o 18:00. A pomi\u0119dzy tymi Mszami \u015awi\u0119tymi b\u0119d\u0119 u Matki Bo\u017cej w Kodniu, gdzie te\u017c z\u0142o\u017c\u0119 \u017cyczenia imieninowe mojego Kierownikowi duchowemu \u2013 mojemu duchowemu Ojcu \u2013 czyli Ojcu Janowi Klubkowi. Potem za\u015b odwiedz\u0119 Rodzic\u00f3w \u2013 \u017cyczeniami dla mojego Taty, z okazji Dnia Ojca i imienin. Wiecz\u00f3r za\u015b, po Mszy \u015awi\u0119tej, o 18:00 \u2013 planuj\u0119 w Siedlcach.<\/span><\/span><\/span><\/p>\n<p align=\"justify\"><span style=\"color: #000000;\"><span style=\"font-family: Book Antiqua, serif;\"><span style=\"font-size: large;\">I otwieram si\u0119 na niespodzianki od Pana \u2013 takie chocia\u017cby, jak wczoraj, kiedy to w ci\u0105gu dnia, odwiedzi\u0142 mnie Ksi\u0105dz Mariusz Szyszko, m\u00f3j Przyjaciel \u2013 a wr\u0119cz m\u0142odszy Brat \u2013 z \u017cyczeniami rocznicowymi. Wsp\u00f3lny obiad i dobra, g\u0142\u0119boka rozmowa, wype\u0142ni\u0142y nasze spotkanie. Z kolei, po Mszy \u015awi\u0119tej wieczorowej, odwiedzi\u0142 mnie wczorajszy Jubilat, Piotr Strze\u017cysz \u2013 jak wczoraj wspomnia\u0142em: Autor rozwa\u017ca\u0144 na naszym forum w swoim czasie &#8211; Cz\u0142owiek tak\u017ce bardzo mi bliski. Z Piotrem wsp\u00f3lnie cieszyli\u015bmy si\u0119 z faktu narodzin Jego drugiego Dziecka, C\u00f3reczki Antosi, kt\u00f3ra przysz\u0142a na \u015bwiat w niedziel\u0119.<\/span><\/span><\/span><\/p>\n<p align=\"justify\"><span style=\"color: #000000;\"><span style=\"font-family: Book Antiqua, serif;\"><span style=\"font-size: large;\">Potem za\u015b \u2013 fantastyczna rozmowa na messengerze z jednym z moich duchowych Syn\u00f3w, Szymonem Sal\u0105, kt\u00f3ry w\u0142a\u015bnie z okazji Dnia Ojca zechcia\u0142 podarowa\u0107 mi dobre s\u0142owo, a w\u0142a\u015bciwie wiele pi\u0119knych i dobrych s\u0142\u00f3w, za co jestem Mu bardzo, ale to bardzo wdzi\u0119czny. Bardzo mnie to podnios\u0142o na duchu! <\/span><\/span><\/span><\/p>\n<p align=\"justify\"><span style=\"color: #000000;\"><span style=\"font-family: Book Antiqua, serif;\"><span style=\"font-size: large;\">Ciesz\u0119 si\u0119, \u017ce Szymon zgodzi\u0142 si\u0119 przyj\u0105\u0107 pos\u0142ug\u0119 nadzwyczajnego szafarza Komunii \u015awi\u0119tej, do czego b\u0119dzie si\u0119 w najbli\u017cszym czasie przygotowywa\u0142. Dzi\u0119kuj\u0119 Mu te\u017c za prowadzenie naszych audycji w Katolickim Radiu Podlasie! I za tyle dobra, kt\u00f3re przez te p\u00f3\u0142tora roku, odk\u0105d si\u0119 znamy, ten m\u00f3j duchowy Syn wni\u00f3s\u0142 w moje \u017cycie! Niech Pan b\u0119dzie uwielbiony w Jego pi\u0119knej codziennej postawie!<\/span><\/span><\/span><\/p>\n<p align=\"justify\"><span style=\"color: #000000;\"><span style=\"font-family: Book Antiqua, serif;\"><span style=\"font-size: large;\">Teraz za\u015b ju\u017c zapraszam do pochylenia si\u0119 nad Bo\u017cy s\u0142owem dzisiejszej liturgii. Oto s\u0142\u00f3wko Ksi\u0119dza Marka na dzi\u015b:<\/span><\/span><\/span><\/p>\n<p align=\"justify\"><span style=\"color: #000000;\"><span style=\"font-family: Book Antiqua, serif;\"><span style=\"font-size: medium;\"><a href=\"https:\/\/www.youtube.com\/c\/CatholicSurgut\"><span style=\"font-size: large;\"><span lang=\"zxx\"><u><b>https:\/\/www.youtube.com\/c\/CatholicSurgut<\/b><\/u><\/span><\/span><\/a><\/span><\/span><\/span><\/p>\n<p align=\"justify\"><span style=\"color: #000000;\"><span style=\"font-family: Book Antiqua, serif;\"><span style=\"font-size: large;\"><span lang=\"zxx\">Zatem, <\/span><b>c<\/b><b>o konkretnie m\u00f3wi dzi\u015b do mnie Pan? Z jakim przes\u0142aniem zwraca si\u0119 w\u0142a\u015bnie do mnie dzisiaj?<\/b> Niech Duch \u015awi\u0119ty rozja\u015bni nasze umys\u0142y i serca!<\/span><\/span><\/span><\/p>\n<p align=\"justify\"><span style=\"color: #000000;\"><span style=\"font-family: Book Antiqua, serif;\"><span style=\"font-size: large;\"><b>Niech Was b\u0142ogos\u0142awi B\u00f3g Wszechmog\u0105cy: Ojciec + i Syn, i Duch \u015awi\u0119ty. Amen<\/b><\/span><\/span><\/span><\/p>\n<p align=\"center\"><span style=\"color: #000000;\"><span style=\"font-family: Book Antiqua, serif;\"><span style=\"font-size: large;\">Gaudium et spes! Ks. Jacek<\/span><\/span><\/span><\/p>\n<p align=\"center\">\n<p align=\"center\">\n<p align=\"center\">\n<p align=\"center\">\n<p align=\"center\">\n<p align=\"justify\"><span style=\"color: #000000;\"><span style=\"font-family: Book Antiqua, serif;\"><span style=\"font-size: large;\"><b>Uroczysto\u015b\u0107 Narodzenia \u015aw. Jana Chrzciciela \u2013 Msza w dzie\u0144,<\/b><\/span><\/span><\/span><\/p>\n<p align=\"justify\"><span style=\"color: #000000;\"><span style=\"font-family: Book Antiqua, serif;\"><span style=\"font-size: large;\"><b>24 czerwca 2025.,\u00a0<\/b><\/span><\/span><\/span><\/p>\n<p align=\"justify\"><span style=\"color: #000000;\"><span style=\"font-family: Book Antiqua, serif;\"><span style=\"font-size: large;\"><b>do czyta\u0144 z t. VI Lekcjonarza: <\/b><\/span><\/span><\/span><\/p>\n<p align=\"justify\"><span style=\"color: #000000;\"> <span style=\"font-family: Book Antiqua, serif;\"><span style=\"font-size: large;\"><b>Iz 49,1\u20136; Dz 13,22\u201326; \u0141k 1,57\u201366.80<\/b><\/span><\/span><\/span><\/p>\n<p align=\"justify\">\n<p align=\"justify\">\n<p align=\"justify\">\n<p align=\"justify\">\n<p align=\"justify\">\n<p align=\"justify\"><span style=\"color: #000000;\"><span style=\"font-family: Book Antiqua, serif;\"><span style=\"font-size: large;\"><b>CZYTANIE Z KSI\u0118GI PROROKA IZAJASZA: <\/b><\/span><\/span><\/span><\/p>\n<p align=\"justify\"><span style=\"color: #000000;\"><span style=\"font-family: Book Antiqua, serif;\"><span style=\"font-size: large;\"><b>Wyspy, pos\u0142uchajcie mnie! Ludy najdalsze, uwa\u017cajcie! Powo\u0142a\u0142 mnie Pan ju\u017c z \u0142ona mej matki, od jej wn\u0119trzno\u015bci wspomnia\u0142 moje imi\u0119. Ostrym mieczem uczyni\u0142 me usta, w cieniu swej r\u0119ki mnie ukry\u0142. Uczyni\u0142 ze mnie strza\u0142\u0119 zaostrzon\u0105, utai\u0142 mnie w swoim ko\u0142czanie. I rzek\u0142 mi: \u201eTy\u015b s\u0142ug\u0105 moim, w tobie si\u0119 rozs\u0142awi\u0119\u201d. <\/b><\/span><\/span><\/span><\/p>\n<p align=\"justify\"><span style=\"color: #000000;\"><span style=\"font-family: Book Antiqua, serif;\"><span style=\"font-size: large;\"><b>Ja za\u015b m\u00f3wi\u0142em: \u201ePr\u00f3\u017cno si\u0119 trudzi\u0142em, na darmo i na nic zu\u017cy\u0142em me si\u0142y. Lecz moje prawo jest u Pana i moja nagroda u Boga mego. Ws\u0142awi\u0142em si\u0119 w oczach Pana. B\u00f3g m\u00f3j sta\u0142 si\u0119 moj\u0105 si\u0142\u0105\u201d. <\/b><\/span><\/span><\/span><\/p>\n<p align=\"justify\"><span style=\"color: #000000;\"><span style=\"font-family: Book Antiqua, serif;\"><span style=\"font-size: large;\"><b>A teraz przem\u00f3wi\u0142 Pan, kt\u00f3ry mnie ukszta\u0142towa\u0142 od urodzenia na swego s\u0142ug\u0119, bym nawr\u00f3ci\u0142 do Niego Jakuba i zgromadzi\u0142 Mu Izraela. <\/b><\/span><\/span><\/span><\/p>\n<p align=\"justify\"><span style=\"color: #000000;\"><span style=\"font-family: Book Antiqua, serif;\"><span style=\"font-size: large;\"><b>I rzek\u0142 mi: \u201eTo zbyt ma\u0142o, i\u017c jeste\u015b mi s\u0142ug\u0105 dla pod\u017awigni\u0119cia pokole\u0144 Jakuba i sprowadzenia ocala\u0142ych z Izraela. Ustanowi\u0119 ci\u0119 \u015bwiat\u0142o\u015bci\u0105 dla pogan, aby moje zbawienie dotar\u0142o a\u017c do kra\u0144c\u00f3w ziemi\u201d.<\/b><\/span><\/span><\/span><\/p>\n<p align=\"justify\">\n<p align=\"justify\">\n<p align=\"justify\">\n<p align=\"justify\">\n<p align=\"justify\">\n<p align=\"justify\"><span style=\"color: #000000;\"><span style=\"font-family: Book Antiqua, serif;\"><span style=\"font-size: large;\"><b>CZYTANIE Z DZIEJ\u00d3W APOSTOLSKICH: <\/b><\/span><\/span><\/span><\/p>\n<p align=\"justify\"><span style=\"color: #000000;\"><span style=\"font-family: Book Antiqua, serif;\"><span style=\"font-size: large;\"><b>W synagodze w Antiochii Pizydyjskiej Pawe\u0142 powiedzia\u0142: \u201eB\u00f3g da\u0142 ojcom naszym Dawida na kr\u00f3la, o kt\u00f3rym te\u017c da\u0142 \u015bwiadectwo w s\u0142owach: \u00abZnalaz\u0142em Dawida, syna Jessego, cz\u0142owieka po mojej my\u015bli, kt\u00f3ry we wszystkim wype\u0142ni moj\u0105 wol\u0119\u00bb. Z jego to potomstwa, stosownie do obietnicy, wyprowadzi\u0142 B\u00f3g Izraelowi Zbawiciela Jezusa. Przed Jego przyj\u015bciem Jan g\u0142osi\u0142 chrzest nawr\u00f3cenia ca\u0142emu ludowi izraelskiemu. <\/b><\/span><\/span><\/span><\/p>\n<p align=\"justify\"><span style=\"color: #000000;\"><span style=\"font-family: Book Antiqua, serif;\"><span style=\"font-size: large;\"><b>A pod koniec swojej dzia\u0142alno\u015bci Jan m\u00f3wi\u0142: \u00abJa nie jestem tym, za kogo mnie uwa\u017cacie. Po mnie przyjdzie Ten, kt\u00f3remu nie jestem godny rozwi\u0105za\u0107 sanda\u0142\u00f3w na nogach\u00bb. <\/b><\/span><\/span><\/span><\/p>\n<p align=\"justify\"><span style=\"color: #000000;\"><span style=\"font-family: Book Antiqua, serif;\"><span style=\"font-size: large;\"><b>Bracia, synowie rodu Abrahama i ci spo\u015br\u00f3d was, kt\u00f3rzy si\u0119 boj\u0105 Boga! Nam zosta\u0142a przekazana nauka o tym zbawieniu\u201d.<\/b><\/span><\/span><\/span><\/p>\n<p align=\"justify\">\n<p align=\"justify\">\n<p align=\"justify\">\n<p align=\"justify\">\n<p align=\"justify\">\n<p align=\"justify\"><span style=\"color: #000000;\"><span style=\"font-family: Book Antiqua, serif;\"><span style=\"font-size: large;\"><b>S\u0141OWA EWANGELII WED\u0141UG \u015aWI\u0118TEGO \u0141UKASZA: <\/b><\/span><\/span><\/span><\/p>\n<p align=\"justify\"><span style=\"color: #000000;\"><span style=\"font-family: Book Antiqua, serif;\"><span style=\"font-size: large;\"><b>Dla El\u017cbiety nadszed\u0142 czas rozwi\u0105zania i urodzi\u0142a syna. Gdy jej s\u0105siedzi i krewni us\u0142yszeli, \u017ce Pan okaza\u0142 tak wielkie mi\u0142osierdzie nad ni\u0105, cieszyli si\u0119 z ni\u0105 razem. \u00d3smego dnia przyszli, aby obrzeza\u0107 dzieci\u0119, i chcieli mu da\u0107 imi\u0119 ojca jego, Zachariasza. <\/b><\/span><\/span><\/span><\/p>\n<p align=\"justify\"><span style=\"color: #000000;\"><span style=\"font-family: Book Antiqua, serif;\"><span style=\"font-size: large;\"><b>Jednak\u017ce matka jego odpowiedzia\u0142a: \u201eNie, lecz ma otrzyma\u0107 imi\u0119 Jan\u201d. <\/b><\/span><\/span><\/span><\/p>\n<p align=\"justify\"><span style=\"color: #000000;\"><span style=\"font-family: Book Antiqua, serif;\"><span style=\"font-size: large;\"><b>Odrzekli jej: \u201eNie ma nikogo w twoim rodzie, kto by nosi\u0142 to imi\u0119\u201d. Pytali wi\u0119c znakami jego ojca, jak by go chcia\u0142 nazwa\u0107. <\/b><\/span><\/span><\/span><\/p>\n<p align=\"justify\"><span style=\"color: #000000;\"><span style=\"font-family: Book Antiqua, serif;\"><span style=\"font-size: large;\"><b>On za\u017c\u0105da\u0142 tabliczki i napisa\u0142: \u201eJan b\u0119dzie mu na imi\u0119\u201d. I wszyscy si\u0119 dziwili. A natychmiast otworzy\u0142y si\u0119 jego usta, j\u0119zyk si\u0119 rozwi\u0105za\u0142 i m\u00f3wi\u0142, wielbi\u0105c Boga. I pad\u0142 strach na wszystkich ich s\u0105siad\u00f3w. W ca\u0142ej g\u00f3rskiej krainie Judei rozpowiadano o tym wszystkim, co si\u0119 zdarzy\u0142o. A wszyscy, kt\u00f3rzy o tym s\u0142yszeli, brali to sobie do serca i pytali: \u201eKim\u017ce b\u0119dzie to dzieci\u0119?\u201d Bo istotnie r\u0119ka Pa\u0144ska by\u0142a z nim. <\/b><\/span><\/span><\/span><\/p>\n<p align=\"justify\"><span style=\"color: #000000;\"><span style=\"font-family: Book Antiqua, serif;\"><span style=\"font-size: large;\"><b>Ch\u0142opiec za\u015b r\u00f3s\u0142 i wzmacnia\u0142 si\u0119 duchem; a \u017cy\u0142 na pustkowiu a\u017c do dnia ukazania si\u0119 przed Izraelem.<\/b><\/span><\/span><\/span><\/p>\n<p align=\"justify\">\n<p align=\"justify\">\n<p align=\"justify\">\n<p align=\"justify\">\n<p align=\"justify\">\n<p align=\"justify\"><span style=\"color: #000000;\"><span style=\"font-size: large;\"><span style=\"font-family: Book Antiqua, serif;\">Imi\u0119 dzisiejszego Patrona, a wi\u0119c \u2013 <\/span><span style=\"font-family: Book Antiqua, serif;\"><b>Jan<\/b><\/span><span style=\"font-family: Book Antiqua, serif;\">, jest pochodzenia hebrajskiego i oznacza tyle, co <\/span><span style=\"font-family: Book Antiqua, serif;\"><b>\u201eB\u00f3g jest \u0142askawy\u201d.<\/b><\/span><span style=\"font-family: Book Antiqua, serif;\"> Jan Chrzciciel urodzi\u0142 si\u0119 w Judei, wed\u0142ug tradycji \u2013 <\/span><span style=\"font-family: Book Antiqua, serif;\"><b>w Ain Karim, <\/b><\/span><span style=\"font-family: Book Antiqua, serif;\">le\u017c\u0105cym oko\u0142o siedmiu kilometr\u00f3w na zach\u00f3d od Jerozolimy,<\/span><span style=\"font-family: Book Antiqua, serif;\"><b> jako syn kap\u0142ana Zachariasza i El\u017cbiety.<\/b><\/span><span style=\"font-family: Book Antiqua, serif;\"> Jego narodzenie z bezp\u0142odnej dot\u0105d El\u017cbiety, a tak\u017ce szczeg\u00f3lne jego pos\u0142annictwo, <\/span><span style=\"font-family: Book Antiqua, serif;\"><b>zwiastowa\u0142 Archanio\u0142 Gabriel,<\/b><\/span><span style=\"font-family: Book Antiqua, serif;\"> kiedy Zachariasz jako kap\u0142an okadza\u0142 o\u0142tarz w \u015bwi\u0105tyni. <\/span><\/span><\/span><\/p>\n<p align=\"justify\"><span style=\"color: #000000;\"><span style=\"font-size: large;\"><span style=\"font-family: Book Antiqua, serif;\">Jan przyszed\u0142 na \u015bwiat na sze\u015b\u0107 miesi\u0119cy przed narodzeniem Jezusa. Przy obrzezaniu otrzyma\u0142 <\/span><span style=\"font-family: Book Antiqua, serif;\"><b>imi\u0119, jakie poleci\u0142 mu nada\u0107 Archanio\u0142. <\/b><\/span><span style=\"font-family: Book Antiqua, serif;\">Z tej okazji Zachariasz \u2013 odzyskuj\u0105c mow\u0119 \u2013 wy\u015bpiewa\u0142 <\/span><span style=\"font-family: Book Antiqua, serif;\"><b>kantyk,<\/b><\/span><span style=\"font-family: Book Antiqua, serif;\"> w kt\u00f3rym s\u0142awi wype\u0142nienie si\u0119 obietnic mesja\u0144skich i wita go jako Proroka, kt\u00f3ry b\u0119dzie szed\u0142 przed Panem, przygotowuj\u0105c Mu drog\u0119 w sercach ludzkich. <\/span><span style=\"font-family: Book Antiqua, serif;\"><b>Kantyk ten wszed\u0142 na sta\u0142e do liturgii <\/b><\/span><span style=\"font-family: Book Antiqua, serif;\">i stanowi istotny element <\/span><span style=\"font-family: Book Antiqua, serif;\"><b>codziennej porannej modlitwy Ko\u015bcio\u0142a \u2013 Jutrzni.<\/b><\/span> <\/span><\/span><\/p>\n<p align=\"justify\"><span style=\"color: #000000;\"><span style=\"font-size: large;\"><span style=\"font-family: Book Antiqua, serif;\">Poprzez swoj\u0105 matk\u0119, El\u017cbiet\u0119, <\/span><span style=\"font-family: Book Antiqua, serif;\"><b>Jan by\u0142 krewnym Jezusa.<\/b><\/span><span style=\"font-family: Book Antiqua, serif;\"> Po wczesnej \u015bmierci rodzic\u00f3w, b\u0119d\u0105cych przecie\u017c ju\u017c w podesz\u0142ym wieku, Jan p\u0119dzi\u0142 \u017cywot pustelnika. Kiedy <\/span><span style=\"font-family: Book Antiqua, serif;\">mia\u0142 lat trzydzie\u015bci, <\/span><span style=\"font-family: Book Antiqua, serif;\"><b>wolno mu by\u0142o \u2013 wed\u0142ug prawa \u2013 wyst\u0119powa\u0107 publicznie i naucza\u0107.<\/b><\/span><span style=\"font-family: Book Antiqua, serif;\"> Podj\u0105\u0142 w\u00f3wczas dzie\u0142o nauczania, a czyni\u0142 to nad Jordanem, nad brodem, w pobli\u017cu Jerycha. Czasem przenosi\u0142 si\u0119 do innych miejsc. Swoj\u0105 dzia\u0142alno\u015b\u0107 rozpocz\u0105\u0142 <\/span><span style=\"font-family: Book Antiqua, serif;\">w pi\u0119tnastym roku panowania cesarza Tyberiusza, czyli<\/span><span style=\"font-family: Book Antiqua, serif;\"><b> w 30 roku naszej ery. <\/b><\/span><\/span><\/span><\/p>\n<p align=\"justify\"><span style=\"color: #000000;\"><span style=\"font-size: large;\"><span style=\"font-family: Book Antiqua, serif;\">Jako herold Mesjasza, Jan podkre\u015bla\u0142 z naciskiem, \u017ce nie wystarczy sama przynale\u017cno\u015b\u0107 do pokolenia Abrahama, ale trzeba jeszcze wewn\u0119trznego przeobra\u017cenia. <\/span><span style=\"font-family: Book Antiqua, serif;\">Dlatego udziela\u0142 <\/span><span style=\"font-family: Book Antiqua, serif;\"><b>chrztu pokuty, <\/b><\/span><span style=\"font-family: Book Antiqua, serif;\">kt\u00f3ry by\u0142 znakiem <\/span><span style=\"font-family: Book Antiqua, serif;\">skruchy i gotowo\u015bci zmiany \u017cycia<\/span><span style=\"font-family: Book Antiqua, serif;\"><b>.<\/b><\/span><span style=\"font-family: Book Antiqua, serif;\"> Garn\u0119\u0142y si\u0119 do niego ogromne rzesze ludzi z Jerozolimy i innych krain wok\u00f3\u0142 Jordanu. Zacz\u0119to go nawet pyta\u0107, <\/span><span style=\"font-family: Book Antiqua, serif;\">czy <\/span><span style=\"font-family: Book Antiqua, serif;\">to on <\/span><span style=\"font-family: Book Antiqua, serif;\">przypadkiem<\/span><span style=\"font-family: Book Antiqua, serif;\"><b> nie jest zapowiadanym Mesjaszem,<\/b><\/span><span style=\"font-family: Book Antiqua, serif;\"> jednak stanowczo rozwiewa\u0142 <\/span><span style=\"font-family: Book Antiqua, serif;\">te <\/span><span style=\"font-family: Book Antiqua, serif;\">w\u0105tpliwo\u015bci, wskazuj\u0105c na prawdziwego Zbawiciela. <\/span><\/span><\/span><\/p>\n<p align=\"justify\"><span style=\"color: #000000;\"><span style=\"font-size: large;\"><span style=\"font-family: Book Antiqua, serif;\">A gdy sam Zbawiciel, Jezus Chrystus, przyby\u0142 nad Jordan, w\u00f3wczas <\/span><span style=\"font-family: Book Antiqua, serif;\"><b>prosi\u0142 Jana, aby ten tak\u017ce Jemu udzieli\u0142 chrztu.<\/b><\/span><span style=\"font-family: Book Antiqua, serif;\"> Potem Jan jeszcze niejednokrotnie widzia\u0142 Chrystusa nad Jordanem i \u015bwiadczy\u0142 o Nim wobec t\u0142umu. Na skutek tego \u015bwiadectwa, przy Jezusie zjawili si\u0119 <\/span><span style=\"font-family: Book Antiqua, serif;\"><b>dwaj pierwsi uczniowie \u2013 Jan i Andrzej,<\/b><\/span><span style=\"font-family: Book Antiqua, serif;\"> kt\u00f3rzy dot\u0105d byli uczniami \u015awi\u0119tego Jana. <\/span><\/span><\/span><\/p>\n<p align=\"justify\"><span style=\"color: #000000;\"><span style=\"font-size: large;\"><span style=\"font-family: Book Antiqua, serif;\">Na dzia\u0142alno\u015b\u0107 Jana <\/span><span style=\"font-family: Book Antiqua, serif;\"><b>szybko zwr\u00f3cili uwag\u0119 \u2013 <\/b><\/span><span style=\"font-family: Book Antiqua, serif;\"><b>oczywi\u015bcie, uwag\u0119 krytyczn\u0105 \u2013 <\/b><\/span><span style=\"font-family: Book Antiqua, serif;\"><b>starsi ludu.<\/b><\/span><span style=\"font-family: Book Antiqua, serif;\"> Bali si\u0119 jednak jawnie przeciwko niemu wyst\u0119powa\u0107, woleli raczej zaj\u0105\u0107 stanowisko wyczekuj\u0105ce. Jego osob\u0105 <\/span><span style=\"font-family: Book Antiqua, serif;\"><b>zainteresowa\u0142 si\u0119 tak\u017ce w\u0142adca Galilei, Herod II Antypas.<\/b><\/span><span style=\"font-family: Book Antiqua, serif;\"> Wezwa\u0142 Jana do swojego zamku, jednak gorzko po\u017ca\u0142owa\u0142 swojej ciekawo\u015bci. Jan bowiem skorzysta\u0142 z okazji, aby wprost wykrzycze\u0107 Herodowi, i\u017c <\/span><span style=\"font-family: Book Antiqua, serif;\"><b>nie wolno mu \u017cy\u0107 z \u017con\u0105 swego brata.<\/b><\/span><span style=\"font-family: Book Antiqua, serif;\"> Rzeczywi\u015bcie bowiem, ku og\u00f3lnemu oburzeniu, Herod wzi\u0105\u0142 j\u0105 za w\u0142asn\u0105, oddalaj\u0105c swoj\u0105 \u017con\u0119 prawowit\u0105. <\/span><\/span><\/span><\/p>\n<p align=\"justify\"><span style=\"color: #000000;\"><span style=\"font-size: large;\"><span style=\"font-family: Book Antiqua, serif;\">Rozgniewany kr\u00f3l, z poduszczenia konkubiny, nakaza\u0142 Jana aresztowa\u0107. W dniu swoich urodzin wyda\u0142 uczt\u0119, w czasie kt\u00f3rej <\/span><span style=\"font-family: Book Antiqua, serif;\"><b>pijany, pod przysi\u0119g\u0105 zobowi\u0105za\u0142 si\u0119 da\u0107 c\u00f3rce Herodiady, Salome, wszystko, czegokolwiek <\/b><\/span><span style=\"font-family: Book Antiqua, serif;\"><b>by <\/b><\/span><span style=\"font-family: Book Antiqua, serif;\"><b>za\u017c\u0105da.<\/b><\/span><span style=\"font-family: Book Antiqua, serif;\"> Ta, po naradzeniu si\u0119 z matk\u0105, za\u017c\u0105da\u0142a g\u0142owy Jana. <\/span><span style=\"font-family: Book Antiqua, serif;\">Herod nakaza\u0142 katowi<\/span><span style=\"font-family: Book Antiqua, serif;\"><b> wykona\u0107 wyrok \u015bmierci na Janie<\/b><\/span><span style=\"font-family: Book Antiqua, serif;\"> i jego g\u0142ow\u0119 przynie\u015b\u0107 na misie. Jan zgin\u0105\u0142, maj\u0105c trzydzie\u015bci kilka lat. <\/span><\/span><\/span><\/p>\n<p align=\"justify\"><span style=\"color: #000000;\"><span style=\"font-size: large;\"><span style=\"font-family: Book Antiqua, serif;\">Dzisiejszy Patron, \u015awi\u0119ty Jan Chrzciciel, jako jedyny w\u015br\u00f3d \u015awi\u0119tych Pa\u0144skich cieszy si\u0119 tym przywilejem, i\u017c <\/span><span style=\"font-family: Book Antiqua, serif;\">Ko\u015bci\u00f3\u0142<\/span> <span style=\"font-family: Book Antiqua, serif;\"><b>obchodzi w formie uroczysto\u015bci dzie\u0144 jego narodzin.<\/b><\/span><span style=\"font-family: Book Antiqua, serif;\"> U wszystkich innych \u015awi\u0119tych obchodzimy \u2013 jako \u015bwi\u0119to \u2013 dzie\u0144 ich \u015bmierci, czyli dzie\u0144 narodzin dla <\/span><span style=\"font-family: Book Antiqua, serif;\">N<\/span><span style=\"font-family: Book Antiqua, serif;\">ieba. Ale i wspomnienie <\/span><span style=\"font-family: Book Antiqua, serif;\"><b>m\u0119cze\u0144skiej \u015bmierci \u015awi\u0119tego Jana Chrzciciela <\/b><\/span><span style=\"font-family: Book Antiqua, serif;\">tak\u017ce znajduje si\u0119 w kalendarzu liturgicznym, <\/span><span style=\"font-family: Book Antiqua, serif;\">w dniu 29 sierpnia. Jan Chrzciciel by\u0142 <\/span><span style=\"font-family: Book Antiqua, serif;\"><b>pierwszym \u015awi\u0119tym, czczonym w ca\u0142ym Ko\u015bciele.<\/b><\/span><span style=\"font-family: Book Antiqua, serif;\"> Jemu dedykowana jest Bazylika rzymska na Lateranie, przy kt\u00f3rej przez prawie tysi\u0105c lat mieli swoj\u0105 siedzib\u0119 kolejni Papie\u017ce.<\/span><\/span><\/span><\/p>\n<p align=\"justify\"><span style=\"color: #000000;\"><span style=\"font-size: large;\"><span style=\"font-family: Book Antiqua, serif;\">A my, s\u0142uchaj\u0105c czyta\u0144 mszalnych, <\/span><span style=\"font-family: Book Antiqua, serif;\">przeznaczonych <\/span><span style=\"font-family: Book Antiqua, serif;\"><b>dok\u0142adnie na dzisiejsz\u0105 <\/b><\/span><span style=\"font-family: Book Antiqua, serif;\"><b>U<\/b><\/span><span style=\"font-family: Book Antiqua, serif;\"><b>roczysto\u015b\u0107, <\/b><\/span><span style=\"font-family: Book Antiqua, serif;\">mo\u017cemy w\u0142a\u015bciwie wszystkie te trzy teksty odnie\u015b\u0107 <\/span><span style=\"font-family: Book Antiqua, serif;\"><b>bezpo\u015brednio do osoby i \u017cycia<\/b><\/span><span style=\"font-family: Book Antiqua, serif;\"> dzisiejszego Patrona. Zw\u0142aszcza, \u017ce drugie czytanie i Ewangelia <\/span><span style=\"font-family: Book Antiqua, serif;\"><b>m\u00f3wi\u0105 o nim wprost,<\/b><\/span><span style=\"font-family: Book Antiqua, serif;\"> u\u017cywaj\u0105c jego imienia. W pierwszym \u2013 z oczywistych wzgl\u0119d\u00f3w, czyli z powodu odleg\u0142o\u015bci czasowej \u2013 <\/span><span style=\"font-family: Book Antiqua, serif;\">imi\u0119 to nie wybrzmiewa. <\/span><\/span><\/span><\/p>\n<p align=\"justify\"><span style=\"color: #000000;\"><span style=\"font-size: large;\"><span style=\"font-family: Book Antiqua, serif;\">Jednak wszystko to, co Prorok Izajasz pisze o tajemniczym S\u0142udze Bo\u017cym, kt\u00f3ry <\/span><span style=\"font-family: Book Antiqua, serif;\"><b>ze s\u0142ugi staje si\u0119 wr\u0119cz przyjacielem Boga, <\/b><\/span><span style=\"font-family: Book Antiqua, serif;\">Jego \u015bwiat\u0142o\u015bci\u0105, kt\u00f3ra ma o\u015bwieci\u0107 narody \u2013 <\/span><span style=\"font-family: Book Antiqua, serif;\">wszystko <\/span><span style=\"font-family: Book Antiqua, serif;\">to <\/span><span style=\"font-family: Book Antiqua, serif;\"><b>w ca\u0142ej pe\u0142ni mo\u017cna odnie\u015b\u0107 tak\u017ce do tego wyj\u0105tkowego S\u0142ugi Bo\u017cego,<\/b><\/span><span style=\"font-family: Book Antiqua, serif;\"> jakim jest Jan Chrzciciel. <\/span><\/span><\/span><\/p>\n<p align=\"justify\"><span style=\"color: #000000;\"><span style=\"font-size: large;\"><span style=\"font-family: Book Antiqua, serif;\">Bo czy\u017c nie pasuj\u0105 do niego, nie oddaj\u0105 jego stylu \u017cycia, jego postawy \u2013 a powiedzmy wprost: jego \u015bwi\u0119to\u015bci \u2013 te oto s\u0142owa: <\/span><span style=\"font-family: Book Antiqua, serif;\"><i><b>Powo\u0142a\u0142 mnie Pan ju\u017c z \u0142ona mej matki, od jej wn\u0119trzno\u015bci wspomnia\u0142 moje imi\u0119. Ostrym mieczem uczyni\u0142 me usta, w cieniu swej r\u0119ki mnie ukry\u0142. Uczyni\u0142 ze mnie strza\u0142\u0119 zaostrzon\u0105, utai\u0142 mnie w swoim ko\u0142czanie. I rzek\u0142 mi: \u201eTy\u015b s\u0142ug\u0105 moim, w tobie si\u0119 rozs\u0142awi\u0119\u201d.<\/b><\/i><\/span><b> <\/b><span style=\"font-family: Book Antiqua, serif;\">I nieco dalej: <\/span><span style=\"font-family: Book Antiqua, serif;\"><i><b>To zbyt ma\u0142o, i\u017c jeste\u015b mi s\u0142ug\u0105 dla pod\u017awigni\u0119cia pokole\u0144 Jakuba i sprowadzenia ocala\u0142ych z Izraela. Ustanowi\u0119 ci\u0119 \u015bwiat\u0142o\u015bci\u0105 dla pogan, aby moje zbawienie dotar\u0142o a\u017c do kra\u0144c\u00f3w ziemi. <\/b><\/i><\/span><\/span><\/span><\/p>\n<p align=\"justify\"><span style=\"color: #000000;\"><span style=\"font-size: large;\"><span style=\"font-family: Book Antiqua, serif;\">Zw\u0142aszcza to ostatnie zdanie zdaje si\u0119 doskonale odnosi\u0107 do Jana, bo to <\/span><span style=\"font-family: Book Antiqua, serif;\"><b>on przygotowa\u0142 \u015bwiat na przyj\u015bcie Tego, <\/b><\/span><span style=\"font-family: Book Antiqua, serif;\">kt\u00f3ry mia\u0142 si\u0119 sta\u0107 <\/span><span style=\"font-family: Book Antiqua, serif;\"><b>zbawieniem ca\u0142ego \u015bwiata.<\/b><\/span><span style=\"font-family: Book Antiqua, serif;\"> Ale przecie\u017c tak\u017ce <\/span><span style=\"font-family: Book Antiqua, serif;\"><b>misja samego Jana, <\/b><\/span><span style=\"font-family: Book Antiqua, serif;\">wie\u015b\u0107 o jego niezwyk\u0142ej odwadze, radykalizmie, mocy i duchowej sile \u2013 <\/span><span style=\"font-family: Book Antiqua, serif;\"><b>a\u017c do dzisiaj zachwyca ca\u0142y \u015bwiat! <\/b><\/span><span style=\"font-family: Book Antiqua, serif;\">Tak\u017ce wtedy, kiedy <\/span><span style=\"font-family: Book Antiqua, serif;\">\u00f3w ca\u0142y \u015bwiat <\/span><span style=\"font-family: Book Antiqua, serif;\">pielgrzymuje do Rzymu <\/span><span style=\"font-family: Book Antiqua, serif;\"><b>i przekracza pr\u00f3g Bazyliki na Lateranie,<\/b><\/span><span style=\"font-family: Book Antiqua, serif;\"> b\u0119d\u0105cej w tym Roku Jubileuszowym miejscem \u015bwi\u0119tym, gdzie zyskiwa\u0107 mo\u017cemy dar odpustu, a kt\u00f3ra to Bazylika jest <\/span><span style=\"font-family: Book Antiqua, serif;\"><b>K<\/b><\/span><span style=\"font-family: Book Antiqua, serif;\"><b>atedr\u0105 Papie\u017ca jako Biskupa Diecezji rzymskiej! <\/b><\/span><\/span><\/span><\/p>\n<p align=\"justify\"><span style=\"color: #000000;\"><span style=\"font-size: large;\"><span style=\"font-family: Book Antiqua, serif;\">Kt\u00f3\u017c w\u00f3wczas, <\/span><span style=\"font-family: Book Antiqua, serif;\">wchodz\u0105c<\/span><span style=\"font-family: Book Antiqua, serif;\"> do tej \u015bwi\u0105tyni, <\/span><span style=\"font-family: Book Antiqua, serif;\"><b>nie wspomni tego, kt\u00f3remu jest ona dedykowana,<\/b><\/span><span style=\"font-family: Book Antiqua, serif;\"> a wi\u0119c w\u0142a\u015bnie Jan<\/span><span style=\"font-family: Book Antiqua, serif;\">a<\/span><span style=\"font-family: Book Antiqua, serif;\"> Chrzcicie<\/span><span style=\"font-family: Book Antiqua, serif;\">la<\/span><span style=\"font-family: Book Antiqua, serif;\">? I czy tak\u017ce t\u0105 drog\u0105 owa \u015bwiat\u0142o\u015b\u0107, o kt\u00f3rej m\u00f3wi Izajasz, <\/span><span style=\"font-family: Book Antiqua, serif;\"><b>nie dociera do wszystkich zak\u0105tk\u00f3w ziemi, <\/b><\/span><span style=\"font-family: Book Antiqua, serif;\">skoro \u2013 bez cienia przesady mo\u017cemy <\/span><span style=\"font-family: Book Antiqua, serif;\">raz jeszcze to stwierdzi\u0107 <\/span><span style=\"font-family: Book Antiqua, serif;\">\u2013 ca\u0142y \u015bwiat tam przybywa? <\/span><\/span><\/span><\/p>\n<p align=\"justify\"><span style=\"color: #000000;\"><span style=\"font-size: large;\"><span style=\"font-family: Book Antiqua, serif;\">M\u00f3wimy bowiem <\/span><span style=\"font-family: Book Antiqua, serif;\"><b>o naprawd\u0119 wielkim \u015awi\u0119tym!<\/b><\/span><span style=\"font-family: Book Antiqua, serif;\"> Potwierdzeniem jego szczeg\u00f3lnego wybrania przez Boga jest chocia\u017cby to wszystko, co us\u0142yszeli\u015bmy dzisiaj w Ewangelii, a wi\u0119c <\/span><span style=\"font-family: Book Antiqua, serif;\"><b>okoliczno\u015bci, towarzysz\u0105ce jego narodzeniu!<\/b><\/span> <span style=\"font-family: Book Antiqua, serif;\">Ale tak\u017ce<\/span><span style=\"font-family: Book Antiqua, serif;\"> to, co zapisane zosta\u0142o w ostatnich zdaniach: <\/span><span style=\"font-family: Book Antiqua, serif;\"><i><b>A wszyscy, kt\u00f3rzy o tym s\u0142yszeli, brali to sobie do serca i pytali: \u201eKim\u017ce b\u0119dzie to dzieci\u0119?\u201d Bo istotnie r\u0119ka Pa\u0144ska by\u0142a z nim. Ch\u0142opiec za\u015b r\u00f3s\u0142 i wzmacnia\u0142 si\u0119 duchem; a \u017cy\u0142 na pustkowiu a\u017c do dnia ukazania si\u0119 przed Izraelem.<\/b><\/i><\/span><b> <\/b><\/span><\/span><\/p>\n<p align=\"justify\"><span style=\"color: #000000;\"><span style=\"font-size: large;\"><span style=\"font-family: Book Antiqua, serif;\">Kiedy si\u0119 ju\u017c ukaza\u0142 ludowi Izraela, to <\/span><span style=\"font-family: Book Antiqua, serif;\"><b>przem\u00f3wi\u0142 do niego z wielk\u0105 moc\u0105 i odwag\u0105. <\/b><\/span><span style=\"font-family: Book Antiqua, serif;\">Natomiast<\/span><span style=\"font-family: Book Antiqua, serif;\"> \u2013 jak zaznacza to <\/span><span style=\"font-family: Book Antiqua, serif;\">Aposto\u0142 Pawe\u0142 w przem\u00f3wieniu, kt\u00f3rego fragment us\u0142yszeli\u015bmy w drugim dzisiejszym czytaniu \u2013 Jan nigdy <\/span><span style=\"font-family: Book Antiqua, serif;\"><b>nie uczyni\u0142 cho\u0107by najmniejszego kroku<\/b><\/span><span style=\"font-family: Book Antiqua, serif;\"> w kierunku budowania w\u0142asnej pozycji, czy zdobywania poklasku. Pawe\u0142 tak <\/span><span style=\"font-family: Book Antiqua, serif;\">o tym <\/span><span style=\"font-family: Book Antiqua, serif;\">m\u00f3wi\u0142: <\/span><span style=\"font-family: Book Antiqua, serif;\"><i><b>Przed Jego<\/b><\/i><\/span><b> <\/b><span style=\"font-family: Book Antiqua, serif;\"><b>[czyli Jezusa] <\/b><\/span><span style=\"font-family: Book Antiqua, serif;\"><i><b>przyj\u015bciem Jan g\u0142osi\u0142 chrzest nawr\u00f3cenia ca\u0142emu ludowi izraelskiemu. <\/b><\/i><\/span><span style=\"font-family: Book Antiqua, serif;\"><i><b>A pod koniec swojej dzia\u0142alno\u015bci Jan m\u00f3wi\u0142: \u00abJa nie jestem tym, za kogo mnie uwa\u017cacie. Po mnie przyjdzie Ten, kt\u00f3remu nie jestem godny rozwi\u0105za\u0107 sanda\u0142\u00f3w na nogach\u00bb. <\/b><\/i><\/span><\/span><\/span><\/p>\n<p align=\"justify\"><span style=\"color: #000000;\"><span style=\"font-size: large;\"><span style=\"font-family: Book Antiqua, serif;\">Przypominamy sobie te momenty, opisane w Ewangeliach, kiedy to <\/span><span style=\"font-family: Book Antiqua, serif;\"><b>ludzie pytali Jana, kim on tak naprawd\u0119 jest? <\/b><\/span><span style=\"font-family: Book Antiqua, serif;\">Czy mo\u017ce to on <\/span><span style=\"font-family: Book Antiqua, serif;\"><b>jest Mesjaszem? <\/b><\/span><span style=\"font-family: Book Antiqua, serif;\">A mo\u017ce<\/span><span style=\"font-family: Book Antiqua, serif;\"><b> jest Eliaszem?<\/b><\/span><span style=\"font-family: Book Antiqua, serif;\"> A on konsekwentnie powtarza\u0142, \u017ce jest <\/span><span style=\"font-family: Book Antiqua, serif;\"><b>tylko g\u0142osem, wo\u0142aj\u0105cym na pustyni. <\/b><\/span><span style=\"font-family: Book Antiqua, serif;\">A jednak tak znacz\u0105c\u0105 rol\u0119 odegra\u0142! Pismo \u015awi\u0119te w tylu miejscach o nim m\u00f3wi, <\/span><span style=\"font-family: Book Antiqua, serif;\"><b>a jego narodzenie zosta\u0142o zapowiedziane<\/b><\/span><span style=\"font-family: Book Antiqua, serif;\"> przez Anio\u0142a Pa\u0144skiego <\/span><span style=\"font-family: Book Antiqua, serif;\"><b>i szczeg\u00f3\u0142owo opisane <\/b><\/span><span style=\"font-family: Book Antiqua, serif;\"><b>przez Ewangelist\u0119<\/b><\/span><span style=\"font-family: Book Antiqua, serif;\"><b>,<\/b><\/span><span style=\"font-family: Book Antiqua, serif;\"> co s\u0142yszeli\u015bmy dzisiaj. <\/span><\/span><\/span><\/p>\n<p align=\"justify\"><span style=\"color: #000000;\"><span style=\"font-size: large;\"><span style=\"font-family: Book Antiqua, serif;\">Zwr\u00f3\u0107my uwag\u0119, \u017ce <\/span><span style=\"font-family: Book Antiqua, serif;\"><b>nawet narodzenie si\u0119 Matki Naj\u015bwi\u0119tszej<\/b><\/span><span style=\"font-family: Book Antiqua, serif;\"> nie zosta\u0142o na kartach Pisma \u015awi\u0119tego <\/span><span style=\"font-family: Book Antiqua, serif;\"><b>ani zapowiedziane, ani opisane.<\/b><\/span><span style=\"font-family: Book Antiqua, serif;\"> A w przypadku tego niezwyk\u0142ego Cz\u0142owieka \u2013 mia\u0142o to miejsce. Dlaczego? Bo wobec niego <\/span><span style=\"font-family: Book Antiqua, serif;\"><b>B\u00f3g mia\u0142 szczeg\u00f3lne zamiary.<\/b><\/span><span style=\"font-family: Book Antiqua, serif;\"> B\u00f3g wyznaczy\u0142 mu <\/span><span style=\"font-family: Book Antiqua, serif;\"><b>bardzo wyj\u0105tkowe i niepowtarzalne miejsce<\/b><\/span><span style=\"font-family: Book Antiqua, serif;\"> w historii zbawienia. Postawi\u0142 <\/span><span style=\"font-family: Book Antiqua, serif;\">go <\/span><span style=\"font-family: Book Antiqua, serif;\"><b>na granicy dw\u00f3ch Testament\u00f3w: <\/b><\/span><span style=\"font-family: Book Antiqua, serif;\">Starego i Nowego. Postawi\u0142 go <\/span><span style=\"font-family: Book Antiqua, serif;\"><b>tu\u017c przy swoim Synu, <\/b><\/span><span style=\"font-family: Book Antiqua, serif;\">aby obwie\u015bci\u0142 Jego przyj\u015bcie na \u015bwiat i przygotowa\u0142 \u015bwiat na to przyj\u015bcie.<\/span><span style=\"font-family: Book Antiqua, serif;\"><b> Nikomu taka rola <\/b><\/span><span style=\"font-family: Book Antiqua, serif;\">wcze\u015bniej nie przypad\u0142a w udziale \u2013 i nikomu nie przypadnie. <\/span><\/span><\/span><\/p>\n<p align=\"justify\"><span style=\"color: #000000;\"><span style=\"font-size: large;\"><span style=\"font-family: Book Antiqua, serif;\">Ale to dzisiejsze wspomnienie u\u015bwiadamia nam, \u017ce <\/span><span style=\"font-family: Book Antiqua, serif;\"><b>ka\u017cdy z nas \u2013 chocia\u017c nie zosta\u0142 wymieniony<\/b><\/span><span style=\"font-family: Book Antiqua, serif;\"> z imienia na kartach Pisma \u015awi\u0119tego, a nasze narodzenie nie zosta\u0142o tam ani zapowiedziane, ani opisane, to jednak my wszyscy, <\/span><span style=\"font-family: Book Antiqua, serif;\"><b>ka\u017cdy z nas, indywidualnie, osobi\u015bcie i po imieniu,<\/b><\/span><span style=\"font-family: Book Antiqua, serif;\"> by<\/span><span style=\"font-family: Book Antiqua, serif;\">\u0142<\/span><span style=\"font-family: Book Antiqua, serif;\"> przez Boga chciany i oczekiwany. Bo ka\u017cdy z nas jest przez Boga osobi\u015bcie, indywidualnie i po imieniu \u2013 <\/span><span style=\"font-family: Book Antiqua, serif;\"><b>kochany! <\/b><\/span><span style=\"font-family: Book Antiqua, serif;\">I ka\u017cdy z nas <\/span><span style=\"font-family: Book Antiqua, serif;\"><b>ma swoj\u0105 rol\u0119 do odegrania, swoj\u0105 misj\u0119 do wype\u0142nienia.<\/b><\/span><span style=\"font-family: Book Antiqua, serif;\"> Ka\u017cdy z nas ma swoje \u2013 tylko swoje \u2013 <\/span><span style=\"font-family: Book Antiqua, serif;\"><b>miejsce w historii<\/b><\/span> <span style=\"font-family: Book Antiqua, serif;\"><b>zbawienia.<\/b><\/span><span style=\"font-family: Book Antiqua, serif;\"> Ka\u017cdy z nas ma swoje \u2013 tylko swoje \u2013<\/span><span style=\"font-family: Book Antiqua, serif;\"><b> miejsce w sercu Boga.<\/b><\/span><span style=\"font-family: Book Antiqua, serif;\"> Dla Boga ka\u017cdy z nas jest <\/span><span style=\"font-family: Book Antiqua, serif;\"><b>tak samo wa\u017cny, jak Jan Chrzciciel.<\/b><\/span> <\/span><\/span><\/p>\n<p align=\"justify\"><span style=\"color: #000000;\"><span style=\"font-size: large;\"><span style=\"font-family: Book Antiqua, serif;\">Dlatego <\/span><span style=\"font-family: Book Antiqua, serif;\"><b>nie mamy czego mu zazdro\u015bci\u0107<\/b><\/span><span style=\"font-family: Book Antiqua, serif;\"> \u2013 zw\u0142aszcza tego wyj\u0105tkowego wybrania przez Boga, chocia\u017c by\u0142o ono <\/span><span style=\"font-family: Book Antiqua, serif;\">faktycznie <\/span><span style=\"font-family: Book Antiqua, serif;\">wyj\u0105tkowe \u2013 ale pomy\u015ble\u0107,<\/span><span style=\"font-family: Book Antiqua, serif;\"><b> co ja robi\u0119 z faktem mojego wybrania przez Boga?<\/b><\/span><span style=\"font-family: Book Antiqua, serif;\"> Kt\u00f3re te\u017c jest wyj\u0105tkowe, bo niepowtarzalne, bo odnosz\u0105ce si\u0119<\/span><span style=\"font-family: Book Antiqua, serif;\"><b> tylko i wy\u0142\u0105cznie do mnie: <\/b><\/span><span style=\"font-family: Book Antiqua, serif;\">co ja z tym robi\u0119? Jak sp\u0142acam ten <\/span><span style=\"font-family: Book Antiqua, serif;\"><b>kredyt zaufania i mi\u0142o\u015bci,<\/b><\/span><span style=\"font-family: Book Antiqua, serif;\"> jaki we mnie z\u0142o\u017cy\u0142 Pan? <\/span><\/span><\/span><\/p>\n<p align=\"justify\"><span style=\"color: #000000;\"><span style=\"font-size: large;\"><span style=\"font-family: Book Antiqua, serif;\">A wpatruj\u0105c si\u0119 ju\u017c tak konkretnie w przyk\u0142ad postawy i \u015bwi\u0119to\u015bci Jana, <\/span><span style=\"font-family: Book Antiqua, serif;\">musz\u0119<\/span><span style=\"font-family: Book Antiqua, serif;\"> zapyta\u0107 samego siebie: na ile w tym \u015bwiadczeniu o Jezusie i o mojej wierze w Niego \u2013<\/span><span style=\"font-family: Book Antiqua, serif;\"><b> jestem czytelny, wyrazisty, konkretny i odwa\u017cny?<\/b><\/span><span style=\"font-family: Book Antiqua, serif;\"> To bardzo wa\u017cne pytanie! <\/span><\/span><\/span><\/p>\n<p align=\"justify\"><span style=\"color: #000000;\"><span style=\"font-size: large;\"><span style=\"font-family: Book Antiqua, serif;\">Bo w\u0142a\u015bnie wpatruj\u0105c si\u0119 w przyk\u0142ad tego bardzo czytelnego, wyrazistego, konkretnego i odwa\u017cnego \u015awiadka Jezusa i Jego Poprzednika, <\/span><span style=\"font-family: Book Antiqua, serif;\">mog\u0119 i wr\u0119cz powinienem<\/span> <span style=\"font-family: Book Antiqua, serif;\">wzi\u0105\u0107 sobie do serca \u2013<\/span><span style=\"font-family: Book Antiqua, serif;\"><b> indywidualnie, osobi\u015bcie i po imieniu \u2013 s\u0142owa Izajasza Proroka,<\/b><\/span><span style=\"font-family: Book Antiqua, serif;\"> z dzisiejszego pierwszego czytania, odnosz\u0105c <\/span><span style=\"font-family: Book Antiqua, serif;\">je<\/span><span style=\"font-family: Book Antiqua, serif;\"> do swojej \u017cyciowej sytuacji i swojej postawy: \u00ab<\/span><span style=\"font-family: Book Antiqua, serif;\"><i><b>To zbyt ma\u0142o, i\u017c jeste\u015b mi s\u0142ug\u0105.<\/b><\/i><\/span> <span style=\"font-family: Book Antiqua, serif;\">Ja chc\u0119, aby\u015b by\u0142 moj\u0105<\/span> <span style=\"font-family: Book Antiqua, serif;\"><b>\u015bwiat\u0142o\u015bci\u0105 dla <\/b><\/span><span style=\"font-family: Book Antiqua, serif;\"><b>ludzi ze swego otoczenia,<\/b><\/span><b> <\/b><span style=\"font-family: Book Antiqua, serif;\">aby moje zbawienie dotar\u0142o do k<\/span><span style=\"font-family: Book Antiqua, serif;\">a\u017cdego ludzkiego serca!\u00bb <\/span><span style=\"font-family: Book Antiqua, serif;\">A\u017c do ka\u017cdego ludzkiego serca!<\/span><\/span><\/span><\/p>\n","protected":false},"excerpt":{"rendered":"<p>Szcz\u0119\u015b\u0107 Bo\u017ce! Moi Drodzy, w dniu dzisiejszym imieniny obchodzi nasz Tato, Jan Ja\u015bkowski. Ca\u0142ym naszym Rodze\u0144stwem \u2013 tak\u017ce z okazji wczorajszego Dnia Ojca \u2013 dzi\u0119kujemy za konsekwentn\u0105 postaw\u0119 wiary i nadzwyczajn\u0105 pracowito\u015b\u0107, a w szczeg\u00f3lno\u015bci: za \u015bwiadectwo mi\u0142o\u015bci ma\u0142\u017ce\u0144skiej, wyra\u017caj\u0105cej si\u0119 w codziennej cierpliwej i wytrwa\u0142ej trosce o chor\u0105 swoj\u0105 \u017bon\u0119, a nasz\u0105 Mam\u0119. Do [&hellip;]<\/p>\n","protected":false},"author":1,"featured_media":0,"comment_status":"open","ping_status":"open","sticky":false,"template":"","format":"standard","meta":{"jetpack_post_was_ever_published":false,"_jetpack_newsletter_access":"","_jetpack_dont_email_post_to_subs":false,"_jetpack_newsletter_tier_id":0,"_jetpack_memberships_contains_paywalled_content":false,"_jetpack_memberships_contains_paid_content":false,"footnotes":""},"categories":[1],"tags":[],"class_list":["post-23950","post","type-post","status-publish","format-standard","hentry","category-bez-kategorii"],"yoast_head":"<!-- This site is optimized with the Yoast SEO plugin v25.1 - https:\/\/yoast.com\/wordpress\/plugins\/seo\/ -->\n<title>Kto wa\u017cniejszy: Jan - czy ja? - Gaudium Et Spes<\/title>\n<meta name=\"robots\" content=\"index, follow, max-snippet:-1, max-image-preview:large, max-video-preview:-1\" \/>\n<link rel=\"canonical\" href=\"https:\/\/gaudiumetspes-blog.pl\/index.php\/2025\/06\/24\/kto-wazniejszy-jan-czy-ja\/\" \/>\n<meta property=\"og:locale\" content=\"pl_PL\" \/>\n<meta property=\"og:type\" content=\"article\" \/>\n<meta property=\"og:title\" content=\"Kto wa\u017cniejszy: Jan - czy ja? - Gaudium Et Spes\" \/>\n<meta property=\"og:description\" content=\"Szcz\u0119\u015b\u0107 Bo\u017ce! Moi Drodzy, w dniu dzisiejszym imieniny obchodzi nasz Tato, Jan Ja\u015bkowski. Ca\u0142ym naszym Rodze\u0144stwem \u2013 tak\u017ce z okazji wczorajszego Dnia Ojca \u2013 dzi\u0119kujemy za konsekwentn\u0105 postaw\u0119 wiary i nadzwyczajn\u0105 pracowito\u015b\u0107, a w szczeg\u00f3lno\u015bci: za \u015bwiadectwo mi\u0142o\u015bci ma\u0142\u017ce\u0144skiej, wyra\u017caj\u0105cej si\u0119 w codziennej cierpliwej i wytrwa\u0142ej trosce o chor\u0105 swoj\u0105 \u017bon\u0119, a nasz\u0105 Mam\u0119. Do [&hellip;]\" \/>\n<meta property=\"og:url\" content=\"https:\/\/gaudiumetspes-blog.pl\/index.php\/2025\/06\/24\/kto-wazniejszy-jan-czy-ja\/\" \/>\n<meta property=\"og:site_name\" content=\"Gaudium Et Spes\" \/>\n<meta property=\"article:published_time\" content=\"2025-06-24T05:34:22+00:00\" \/>\n<meta name=\"author\" content=\"Ks. Jacek\" \/>\n<meta name=\"twitter:card\" content=\"summary_large_image\" \/>\n<meta name=\"twitter:label1\" content=\"Napisane przez\" \/>\n\t<meta name=\"twitter:data1\" content=\"Ks. Jacek\" \/>\n\t<meta name=\"twitter:label2\" content=\"Szacowany czas czytania\" \/>\n\t<meta name=\"twitter:data2\" content=\"17 minut\" \/>\n<script type=\"application\/ld+json\" class=\"yoast-schema-graph\">{\"@context\":\"https:\/\/schema.org\",\"@graph\":[{\"@type\":\"WebPage\",\"@id\":\"https:\/\/gaudiumetspes-blog.pl\/index.php\/2025\/06\/24\/kto-wazniejszy-jan-czy-ja\/\",\"url\":\"https:\/\/gaudiumetspes-blog.pl\/index.php\/2025\/06\/24\/kto-wazniejszy-jan-czy-ja\/\",\"name\":\"Kto wa\u017cniejszy: Jan - czy ja? - Gaudium Et Spes\",\"isPartOf\":{\"@id\":\"https:\/\/gaudiumetspes-blog.pl\/#website\"},\"datePublished\":\"2025-06-24T05:34:22+00:00\",\"author\":{\"@id\":\"https:\/\/gaudiumetspes-blog.pl\/#\/schema\/person\/1661982992b752dea8dff0d4ed845a65\"},\"breadcrumb\":{\"@id\":\"https:\/\/gaudiumetspes-blog.pl\/index.php\/2025\/06\/24\/kto-wazniejszy-jan-czy-ja\/#breadcrumb\"},\"inLanguage\":\"pl-PL\",\"potentialAction\":[{\"@type\":\"ReadAction\",\"target\":[\"https:\/\/gaudiumetspes-blog.pl\/index.php\/2025\/06\/24\/kto-wazniejszy-jan-czy-ja\/\"]}]},{\"@type\":\"BreadcrumbList\",\"@id\":\"https:\/\/gaudiumetspes-blog.pl\/index.php\/2025\/06\/24\/kto-wazniejszy-jan-czy-ja\/#breadcrumb\",\"itemListElement\":[{\"@type\":\"ListItem\",\"position\":1,\"name\":\"Strona g\u0142\u00f3wna\",\"item\":\"https:\/\/gaudiumetspes-blog.pl\/\"},{\"@type\":\"ListItem\",\"position\":2,\"name\":\"Kto wa\u017cniejszy: Jan &#8211; czy ja?\"}]},{\"@type\":\"WebSite\",\"@id\":\"https:\/\/gaudiumetspes-blog.pl\/#website\",\"url\":\"https:\/\/gaudiumetspes-blog.pl\/\",\"name\":\"Gaudium Et Spes\",\"description\":\"Blog Ks. Jacka Ja\u015bkowskiego\",\"potentialAction\":[{\"@type\":\"SearchAction\",\"target\":{\"@type\":\"EntryPoint\",\"urlTemplate\":\"https:\/\/gaudiumetspes-blog.pl\/?s={search_term_string}\"},\"query-input\":{\"@type\":\"PropertyValueSpecification\",\"valueRequired\":true,\"valueName\":\"search_term_string\"}}],\"inLanguage\":\"pl-PL\"},{\"@type\":\"Person\",\"@id\":\"https:\/\/gaudiumetspes-blog.pl\/#\/schema\/person\/1661982992b752dea8dff0d4ed845a65\",\"name\":\"Ks. Jacek\",\"image\":{\"@type\":\"ImageObject\",\"inLanguage\":\"pl-PL\",\"@id\":\"https:\/\/gaudiumetspes-blog.pl\/#\/schema\/person\/image\/\",\"url\":\"https:\/\/gaudiumetspes-blog.pl\/wp-content\/uploads\/2019\/07\/avatar-JJ-150x150.jpg\",\"contentUrl\":\"https:\/\/gaudiumetspes-blog.pl\/wp-content\/uploads\/2019\/07\/avatar-JJ-150x150.jpg\",\"caption\":\"Ks. Jacek\"},\"description\":\"Witam serdecznie! K\u0142ania si\u0119 Ks. Jacek Ja\u015bkowski. Nie jestem ani kim\u015b wa\u017cnym, ani kim\u015b znanym. Jestem ksi\u0119dzem, kt\u00f3ry po prostu chce rozmawia\u0107. Codzienna kap\u0142a\u0144ska pos\u0142uga pokazuje mi, \u017ce temat\u00f3w do rozm\u00f3w z ksi\u0119dzem jest coraz wi\u0119cej i dzisiaj \u017caden ksi\u0105dz nie mo\u017ce od nich ucieka\u0107, ale - wprost przeciwnie - podejmowa\u0107 nowe wyzwania. To przekonanie sk\u0142oni\u0142o mnie do pr\u00f3by otwarcia tego\u017c bloga, chocia\u017c okazji do rozm\u00f3w na co dzie\u0144 - w konfesjonale i poza nim - na szcz\u0119\u015bcie nie brakuje. My\u015bl\u0119 jednak, \u017ce ten blog b\u0119dzie jeszcze jednym sposobem i przestrzeni\u0105 nawi\u0105zania kontaktu z lud\u017ami dobrej woli, otwartymi na dialog.\",\"url\":\"https:\/\/gaudiumetspes-blog.pl\/index.php\/author\/ks-jacek\/\"}]}<\/script>\n<!-- \/ Yoast SEO plugin. -->","yoast_head_json":{"title":"Kto wa\u017cniejszy: Jan - czy ja? - Gaudium Et Spes","robots":{"index":"index","follow":"follow","max-snippet":"max-snippet:-1","max-image-preview":"max-image-preview:large","max-video-preview":"max-video-preview:-1"},"canonical":"https:\/\/gaudiumetspes-blog.pl\/index.php\/2025\/06\/24\/kto-wazniejszy-jan-czy-ja\/","og_locale":"pl_PL","og_type":"article","og_title":"Kto wa\u017cniejszy: Jan - czy ja? - Gaudium Et Spes","og_description":"Szcz\u0119\u015b\u0107 Bo\u017ce! Moi Drodzy, w dniu dzisiejszym imieniny obchodzi nasz Tato, Jan Ja\u015bkowski. Ca\u0142ym naszym Rodze\u0144stwem \u2013 tak\u017ce z okazji wczorajszego Dnia Ojca \u2013 dzi\u0119kujemy za konsekwentn\u0105 postaw\u0119 wiary i nadzwyczajn\u0105 pracowito\u015b\u0107, a w szczeg\u00f3lno\u015bci: za \u015bwiadectwo mi\u0142o\u015bci ma\u0142\u017ce\u0144skiej, wyra\u017caj\u0105cej si\u0119 w codziennej cierpliwej i wytrwa\u0142ej trosce o chor\u0105 swoj\u0105 \u017bon\u0119, a nasz\u0105 Mam\u0119. Do [&hellip;]","og_url":"https:\/\/gaudiumetspes-blog.pl\/index.php\/2025\/06\/24\/kto-wazniejszy-jan-czy-ja\/","og_site_name":"Gaudium Et Spes","article_published_time":"2025-06-24T05:34:22+00:00","author":"Ks. Jacek","twitter_card":"summary_large_image","twitter_misc":{"Napisane przez":"Ks. Jacek","Szacowany czas czytania":"17 minut"},"schema":{"@context":"https:\/\/schema.org","@graph":[{"@type":"WebPage","@id":"https:\/\/gaudiumetspes-blog.pl\/index.php\/2025\/06\/24\/kto-wazniejszy-jan-czy-ja\/","url":"https:\/\/gaudiumetspes-blog.pl\/index.php\/2025\/06\/24\/kto-wazniejszy-jan-czy-ja\/","name":"Kto wa\u017cniejszy: Jan - czy ja? - Gaudium Et Spes","isPartOf":{"@id":"https:\/\/gaudiumetspes-blog.pl\/#website"},"datePublished":"2025-06-24T05:34:22+00:00","author":{"@id":"https:\/\/gaudiumetspes-blog.pl\/#\/schema\/person\/1661982992b752dea8dff0d4ed845a65"},"breadcrumb":{"@id":"https:\/\/gaudiumetspes-blog.pl\/index.php\/2025\/06\/24\/kto-wazniejszy-jan-czy-ja\/#breadcrumb"},"inLanguage":"pl-PL","potentialAction":[{"@type":"ReadAction","target":["https:\/\/gaudiumetspes-blog.pl\/index.php\/2025\/06\/24\/kto-wazniejszy-jan-czy-ja\/"]}]},{"@type":"BreadcrumbList","@id":"https:\/\/gaudiumetspes-blog.pl\/index.php\/2025\/06\/24\/kto-wazniejszy-jan-czy-ja\/#breadcrumb","itemListElement":[{"@type":"ListItem","position":1,"name":"Strona g\u0142\u00f3wna","item":"https:\/\/gaudiumetspes-blog.pl\/"},{"@type":"ListItem","position":2,"name":"Kto wa\u017cniejszy: Jan &#8211; czy ja?"}]},{"@type":"WebSite","@id":"https:\/\/gaudiumetspes-blog.pl\/#website","url":"https:\/\/gaudiumetspes-blog.pl\/","name":"Gaudium Et Spes","description":"Blog Ks. Jacka Ja\u015bkowskiego","potentialAction":[{"@type":"SearchAction","target":{"@type":"EntryPoint","urlTemplate":"https:\/\/gaudiumetspes-blog.pl\/?s={search_term_string}"},"query-input":{"@type":"PropertyValueSpecification","valueRequired":true,"valueName":"search_term_string"}}],"inLanguage":"pl-PL"},{"@type":"Person","@id":"https:\/\/gaudiumetspes-blog.pl\/#\/schema\/person\/1661982992b752dea8dff0d4ed845a65","name":"Ks. Jacek","image":{"@type":"ImageObject","inLanguage":"pl-PL","@id":"https:\/\/gaudiumetspes-blog.pl\/#\/schema\/person\/image\/","url":"https:\/\/gaudiumetspes-blog.pl\/wp-content\/uploads\/2019\/07\/avatar-JJ-150x150.jpg","contentUrl":"https:\/\/gaudiumetspes-blog.pl\/wp-content\/uploads\/2019\/07\/avatar-JJ-150x150.jpg","caption":"Ks. Jacek"},"description":"Witam serdecznie! K\u0142ania si\u0119 Ks. Jacek Ja\u015bkowski. Nie jestem ani kim\u015b wa\u017cnym, ani kim\u015b znanym. Jestem ksi\u0119dzem, kt\u00f3ry po prostu chce rozmawia\u0107. Codzienna kap\u0142a\u0144ska pos\u0142uga pokazuje mi, \u017ce temat\u00f3w do rozm\u00f3w z ksi\u0119dzem jest coraz wi\u0119cej i dzisiaj \u017caden ksi\u0105dz nie mo\u017ce od nich ucieka\u0107, ale - wprost przeciwnie - podejmowa\u0107 nowe wyzwania. To przekonanie sk\u0142oni\u0142o mnie do pr\u00f3by otwarcia tego\u017c bloga, chocia\u017c okazji do rozm\u00f3w na co dzie\u0144 - w konfesjonale i poza nim - na szcz\u0119\u015bcie nie brakuje. My\u015bl\u0119 jednak, \u017ce ten blog b\u0119dzie jeszcze jednym sposobem i przestrzeni\u0105 nawi\u0105zania kontaktu z lud\u017ami dobrej woli, otwartymi na dialog.","url":"https:\/\/gaudiumetspes-blog.pl\/index.php\/author\/ks-jacek\/"}]}},"jetpack_featured_media_url":"","jetpack_sharing_enabled":true,"_links":{"self":[{"href":"https:\/\/gaudiumetspes-blog.pl\/index.php\/wp-json\/wp\/v2\/posts\/23950","targetHints":{"allow":["GET"]}}],"collection":[{"href":"https:\/\/gaudiumetspes-blog.pl\/index.php\/wp-json\/wp\/v2\/posts"}],"about":[{"href":"https:\/\/gaudiumetspes-blog.pl\/index.php\/wp-json\/wp\/v2\/types\/post"}],"author":[{"embeddable":true,"href":"https:\/\/gaudiumetspes-blog.pl\/index.php\/wp-json\/wp\/v2\/users\/1"}],"replies":[{"embeddable":true,"href":"https:\/\/gaudiumetspes-blog.pl\/index.php\/wp-json\/wp\/v2\/comments?post=23950"}],"version-history":[{"count":1,"href":"https:\/\/gaudiumetspes-blog.pl\/index.php\/wp-json\/wp\/v2\/posts\/23950\/revisions"}],"predecessor-version":[{"id":23951,"href":"https:\/\/gaudiumetspes-blog.pl\/index.php\/wp-json\/wp\/v2\/posts\/23950\/revisions\/23951"}],"wp:attachment":[{"href":"https:\/\/gaudiumetspes-blog.pl\/index.php\/wp-json\/wp\/v2\/media?parent=23950"}],"wp:term":[{"taxonomy":"category","embeddable":true,"href":"https:\/\/gaudiumetspes-blog.pl\/index.php\/wp-json\/wp\/v2\/categories?post=23950"},{"taxonomy":"post_tag","embeddable":true,"href":"https:\/\/gaudiumetspes-blog.pl\/index.php\/wp-json\/wp\/v2\/tags?post=23950"}],"curies":[{"name":"wp","href":"https:\/\/api.w.org\/{rel}","templated":true}]}}