{"id":23952,"date":"2025-06-25T07:40:03","date_gmt":"2025-06-25T05:40:03","guid":{"rendered":"https:\/\/gaudiumetspes-blog.pl\/?p=23952"},"modified":"2025-06-25T07:42:38","modified_gmt":"2025-06-25T05:42:38","slug":"abram-uwierzyl-a-ja","status":"publish","type":"post","link":"https:\/\/gaudiumetspes-blog.pl\/index.php\/2025\/06\/25\/abram-uwierzyl-a-ja\/","title":{"rendered":"Abram uwierzy\u0142. A ja?&#8230;"},"content":{"rendered":"<p align=\"justify\"><span style=\"color: #000000;\"><span style=\"font-family: Book Antiqua, serif;\"><span style=\"font-size: large;\">Szcz\u0119\u015b\u0107 Bo\u017ce! <b>Moi Drodzy, <\/b><b>w dniu dzisiejszym rocznic\u0119 \u015awi\u0119ce\u0144 kap\u0142a\u0144skich <\/b><b>[2005] <\/b><b>prze\u017cywa Ksi\u0105dz Marcin Nowicki, m\u00f3j Brat cioteczny, Proboszcz jednej z Parafii w Diecezji toru\u0144skiej. \u017bycz\u0119 Jubilatowi wci\u0105\u017c owocuj\u0105cego kap\u0142a\u0144stwa! I zapewniam o modlitwie!<\/b><\/span><\/span><\/span><\/p>\n<p align=\"justify\"><span style=\"color: #000000;\"><span style=\"font-family: Book Antiqua, serif;\"><span style=\"font-size: large;\"><b>N<\/b><b>atomiast do Grona wczorajszych Solenizant\u00f3w do\u0142\u0105czam poznanego niedawno Alumna Seminarium pozna\u0144skiego, Jana Kemp\u0119; oraz Janka Niedzia\u0142kowskiego, Syna Agnieszki (zwanej Siw\u0105) i Mariusza; a tak\u017ce<\/b><b>\u00a0Janka Florka, Lektora, Syna bliskich mi Os\u00f3b: Joanny i S\u0142awomira<\/b><b>. Modl\u0119 si\u0119 dla <\/b><b>Solenizant\u00f3w \u2013 i dla Ich Rodzin \u2013<\/b><b> o Bo\u017ce b\u0142ogos\u0142awie\u0144stw<\/b><b>o<\/b><b>!<\/b><\/span><\/span><\/span><\/p>\n<p align=\"justify\"><span style=\"color: #000000;\"><span style=\"font-family: Book Antiqua, serif;\"><span style=\"font-size: large;\">I pozdrawiam Wszystkich z Siedlec, gdzie dzisiaj planuj\u0119 spotkanie z Micha\u0142em Much\u0105, warto\u015bciowym i dobrym Cz\u0142owiekiem, bardzo mi bliskim. Chcemy po prostu pogada\u0107, pomodli\u0107 si\u0119 wsp\u00f3lnie, prze\u017cy\u0107 wsp\u00f3lnie Msz\u0119 \u015awi\u0119t\u0105 \u2013 by\u0107 mo\u017ce, w Kodniu! Bo taka opcja te\u017c wchodzi w gr\u0119. <\/span><\/span><\/span><\/p>\n<p align=\"justify\"><span style=\"color: #000000;\"><span style=\"font-family: Book Antiqua, serif;\"><span style=\"font-size: large;\">Teraz za\u015b ju\u017c pochylmy si\u0119 nad s\u0142owem Bo\u017cym dzisiejszej liturgii. Oto s\u0142\u00f3wko Ksi\u0119dza Marka na dzi\u015b:<\/span><\/span><\/span><\/p>\n<p align=\"justify\"><span style=\"color: #000000;\"><span style=\"font-family: Book Antiqua, serif;\"><span style=\"font-size: medium;\"><a href=\"https:\/\/www.youtube.com\/c\/CatholicSurgut\"><span style=\"font-size: large;\"><b>https:\/\/www.youtube.com\/c\/CatholicSurgut<\/b><\/span><\/a><\/span><\/span><\/span><\/p>\n<p align=\"justify\"><span style=\"color: #000000;\"><span style=\"font-family: Book Antiqua, serif;\"><span style=\"font-size: large;\">Jakie jest to <b>indywidualne, <\/b><b>osobiste<\/b><b> przes\u0142anie, z jakim Pan do mnie si\u0119 zwraca?<\/b> Duchu \u015awi\u0119ty \u2013 tchnij!<\/span><\/span><\/span><\/p>\n<p align=\"justify\"><span style=\"color: #000000;\"><span style=\"font-family: Book Antiqua, serif;\"><span style=\"font-size: large;\"><b>Niech Was b\u0142ogos\u0142awi B\u00f3g Wszechmog\u0105cy: Ojciec + i Syn, i Duch \u015awi\u0119ty. Amen<\/b><\/span><\/span><\/span><\/p>\n<p align=\"center\"><span style=\"color: #000000;\"><span style=\"font-family: Book Antiqua, serif;\"><span style=\"font-size: large;\">Gaudium et spes! Ks. Jacek<\/span><\/span><\/span><\/p>\n<p align=\"center\">\n<p align=\"center\">\n<p align=\"center\">\n<p align=\"center\">\n<p align=\"center\">\n<p align=\"justify\"><span style=\"color: #000000;\"><span style=\"font-family: Book Antiqua, serif;\"><span style=\"font-size: large;\"><b>\u015aroda 12 Tygodnia zwyk\u0142ego, rok I,<\/b><\/span><\/span><\/span><\/p>\n<p align=\"justify\"><span style=\"color: #000000;\"><span style=\"font-family: Book Antiqua, serif;\"><span style=\"font-size: large;\"><b>25 czerwca 2025.,\u00a0<\/b><\/span><\/span><\/span><\/p>\n<p align=\"justify\"><span style=\"color: #000000;\"><span style=\"font-family: Book Antiqua, serif;\"><span style=\"font-size: large;\"><b>do czyta\u0144: Rdz 15,1\u201312.17\u201318; Mt 7,15\u201320<\/b><\/span><\/span><\/span><\/p>\n<p align=\"justify\">\n<p align=\"justify\">\n<p align=\"justify\">\n<p align=\"justify\">\n<p align=\"justify\">\n<p align=\"justify\"><span style=\"color: #000000;\"><span style=\"font-family: Book Antiqua, serif;\"><span style=\"font-size: large;\"><b>CZYTANIE Z KSI\u0118GI RODZAJU: <\/b><\/span><\/span><\/span><\/p>\n<p align=\"justify\"><span style=\"color: #000000;\"><span style=\"font-family: Book Antiqua, serif;\"><span style=\"font-size: large;\"><b>Pan tak powiedzia\u0142 do Abrama podczas widzenia: \u201eNie obawiaj si\u0119, Abramie, bo Ja jestem twoim obro\u0144c\u0105; nagroda twoja b\u0119dzie sowita\u201d. <\/b><\/span><\/span><\/span><\/p>\n<p align=\"justify\"><span style=\"color: #000000;\"><span style=\"font-family: Book Antiqua, serif;\"><span style=\"font-size: large;\"><b>Abram rzek\u0142: \u201eO Panie Bo\u017ce, na c\u00f3\u017c mi ona, skoro zbli\u017cam si\u0119 do kresu mego \u017cycia, nie maj\u0105c potomka; przysz\u0142ym za\u015b spadkobierc\u0105 mojej maj\u0119tno\u015bci jest Damasce\u0144czyk Eliezer\u201d. I m\u00f3wi\u0142: \u201ePoniewa\u017c nie da\u0142e\u015b mi potomka, ten w\u0142a\u015bnie, zrodzony u mnie s\u0142uga m\u00f3j, zostanie moim spadkobierc\u0105\u201d. <\/b><\/span><\/span><\/span><\/p>\n<p align=\"justify\"><span style=\"color: #000000;\"><span style=\"font-family: Book Antiqua, serif;\"><span style=\"font-size: large;\"><b>Ale oto us\u0142ysza\u0142 s\u0142owa: \u201eNie on b\u0119dzie twoim spadkobierc\u0105, lecz ten po tobie dziedziczy\u0107 b\u0119dzie, kt\u00f3ry od ciebie b\u0119dzie pochodzi\u0142\u201d. I poleciwszy Abramowi wyj\u015b\u0107 z namiotu, rzek\u0142: \u201eSp\u00f3jrz na niebo i policz gwiazdy, je\u015bli zdo\u0142asz to uczyni\u0107\u201d. Potem doda\u0142: \u201eTak liczne b\u0119dzie twoje potomstwo\u201d. Abram uwierzy\u0142 i Pan poczyta\u0142 mu to za zas\u0142ug\u0119. <\/b><\/span><\/span><\/span><\/p>\n<p align=\"justify\"><span style=\"color: #000000;\"><span style=\"font-family: Book Antiqua, serif;\"><span style=\"font-size: large;\"><b>Potem za\u015b rzek\u0142 do niego: \u201eJa jestem Pan, kt\u00f3rym ci\u0119 wywi\u00f3d\u0142 z Ur chaldejskiego, aby ci da\u0107 ten oto kraj na w\u0142asno\u015b\u0107\u201d. <\/b><\/span><\/span><\/span><\/p>\n<p align=\"justify\"><span style=\"color: #000000;\"><span style=\"font-family: Book Antiqua, serif;\"><span style=\"font-size: large;\"><b>A na to Abram: \u201eO Panie Bo\u017ce, jak b\u0119d\u0119 m\u00f3g\u0142 si\u0119 upewni\u0107, \u017ce otrzymam go na w\u0142asno\u015b\u0107?\u201d <\/b><\/span><\/span><\/span><\/p>\n<p align=\"justify\"><span style=\"color: #000000;\"><span style=\"font-family: Book Antiqua, serif;\"><span style=\"font-size: large;\"><b>Wtedy Pan rzek\u0142: \u201eWybierz dla Mnie trzyletni\u0105 ja\u0142owic\u0119, trzyletni\u0105 koz\u0119 i trzyletniego barana, a nadto synogarlic\u0119 i go\u0142\u0119bic\u0119\u201d. Wybrawszy to wszystko, Abram poprzer\u0105bywa\u0142 je wzd\u0142u\u017c na po\u0142owy i przer\u0105bane cz\u0119\u015bci u\u0142o\u017cy\u0142 jedn\u0105 naprzeciw drugiej; ptak\u00f3w nie porozcina\u0142. Kiedy za\u015b do tego mi\u0119sa zacz\u0119\u0142o zlatywa\u0107 si\u0119 ptactwo drapie\u017cne, Abram je odp\u0119dzi\u0142. <\/b><\/span><\/span><\/span><\/p>\n<p align=\"justify\"><span style=\"color: #000000;\"><span style=\"font-family: Book Antiqua, serif;\"><span style=\"font-size: large;\"><b>A gdy s\u0142o\u0144ce chyli\u0142o si\u0119 ku zachodowi, Abram zapad\u0142 w g\u0142\u0119boki sen i opanowa\u0142o go uczucie l\u0119ku, jak gdyby ogarn\u0119\u0142a go wielka ciemno\u015b\u0107. <\/b><\/span><\/span><\/span><\/p>\n<p align=\"justify\"><span style=\"color: #000000;\"><span style=\"font-family: Book Antiqua, serif;\"><span style=\"font-size: large;\"><b>A kiedy s\u0142o\u0144ce zasz\u0142o i nasta\u0142 mrok nieprzenikniony; ukaza\u0142 si\u0119 dym jakby wydobywaj\u0105cy si\u0119 z pieca i ogie\u0144 niby gorej\u0105ca pochodnia i przesuwa\u0142y si\u0119 mi\u0119dzy tymi po\u0142owami zwierz\u0105t. Wtedy to w\u0142a\u015bnie Pan zawar\u0142 przymierze z Abramem, m\u00f3wi\u0105c: \u201ePotomstwu twemu daj\u0119 ten kraj, od Rzeki Egipskiej a\u017c do rzeki wielkiej, rzeki Eufrat\u201d.<\/b><\/span><\/span><\/span><\/p>\n<p align=\"justify\">\n<p align=\"justify\">\n<p align=\"justify\">\n<p align=\"justify\">\n<p align=\"justify\">\n<p align=\"justify\"><span style=\"color: #000000;\"><span style=\"font-family: Book Antiqua, serif;\"><span style=\"font-size: large;\"><b>S\u0141OWA EWANGELII WED\u0141UG \u015aWI\u0118TEGO MATEUSZA: <\/b><\/span><\/span><\/span><\/p>\n<p align=\"justify\"><span style=\"color: #000000;\"><span style=\"font-family: Book Antiqua, serif;\"><span style=\"font-size: large;\"><b>Jezus powiedzia\u0142 do swoich uczni\u00f3w: \u201eStrze\u017ccie si\u0119 fa\u0142szywych prorok\u00f3w, kt\u00f3rzy przychodz\u0105 do was w owczej sk\u00f3rze, a wewn\u0105trz s\u0105 drapie\u017cnymi wilkami. Poznacie ich po ich owocach. Czy zbiera si\u0119 winogrona z ciernia albo z ostu figi? Tak ka\u017cde dobre drzewo wydaje dobre owoce, a z\u0142e drzewo wydaje z\u0142e owoce. Nie mo\u017ce dobre drzewo wyda\u0107 z\u0142ych owoc\u00f3w ani z\u0142e drzewo wyda\u0107 dobrych owoc\u00f3w. <\/b><\/span><\/span><\/span><\/p>\n<p align=\"justify\"><span style=\"color: #000000;\"><span style=\"font-family: Book Antiqua, serif;\"><span style=\"font-size: large;\"><b>Ka\u017cde drzewo, kt\u00f3re nie wydaje dobrego owocu, b\u0119dzie wyci\u0119te i w ogie\u0144 wrzucone. A wi\u0119c: poznacie ich po ich owocach\u201d.<\/b><\/span><\/span><\/span><\/p>\n<p align=\"justify\">\n<p align=\"justify\">\n<p align=\"justify\">\n<p align=\"justify\">\n<p align=\"justify\">\n<p align=\"justify\"><span style=\"color: #000000;\"><span style=\"font-family: Book Antiqua, serif;\"><span style=\"font-size: large;\">Czy nie zdarza nam si\u0119 tak czasami, jak to zdarzy\u0142o si\u0119 Abramowi, \u017ce s\u0142yszy bardzo wyra\u017ane stwierdzenie ze strony Boga: <i><b>Nie obawiaj si\u0119, Abramie, bo Ja jestem twoim obro\u0144c\u0105; nagroda twoja b\u0119dzie sowita;<\/b><\/i><b> <\/b>na co jednak musi odpowiedzie\u0107: <i><b>O Panie Bo\u017ce, na c\u00f3\u017c mi ona, skoro zbli\u017cam si\u0119 do kresu mego \u017cycia, nie maj\u0105c potomka; przysz\u0142ym za\u015b spadkobierc\u0105 mojej maj\u0119tno\u015bci jest Damasce\u0144czyk Eliezer.<\/b><\/i><b> [\u2026] <\/b><i><b>Poniewa\u017c nie da\u0142e\u015b mi potomka, ten w\u0142a\u015bnie, zrodzony u mnie s\u0142uga m\u00f3j, zostanie moim spadkobierc\u0105. <\/b><\/i><\/span><\/span><\/span><\/p>\n<p align=\"justify\"><span style=\"color: #000000;\"><span style=\"font-family: Book Antiqua, serif;\"><span style=\"font-size: large;\">Musi tak odpowiedzie\u0107,<b> bo takie s\u0105 fakty! <\/b>Mo\u017ce nie ma w sobie takiej odwagi czy determinacji, \u017ceby <b>wprost postawi\u0107 Bogu zarzut,<\/b> \u017ce nie dotrzymuje On danego s\u0142owa, a mo\u017ce jednak ma w sobie<b> tyle mi\u0142o\u015bci do Boga i tyle zaufania do Niego<\/b> \u2013 p\u00f3\u017aniejsze wydarzenia raczej na t\u0119 opcj\u0119 wskazuj\u0105 \u2013 \u017ce uznaje, i\u017c skoro tak B\u00f3g postanowi\u0142, <b>to tak ma by\u0107 i tak jest i b\u0119dzie dobrze,<\/b> chocia\u017c on (Abram) nie wie, dlaczego tak B\u00f3g postanowi\u0142. <\/span><\/span><\/span><\/p>\n<p align=\"justify\"><span style=\"color: #000000;\"><span style=\"font-family: Book Antiqua, serif;\"><span style=\"font-size: large;\">Dlatego jego wypowied\u017a, skierowana do Boga, <b>nie ma charakteru pretensji czy zarzutu <\/b>\u2013 jest stwierdzeniem faktu: <b>Abram naprawd\u0119 nie ma potomka.<\/b> To jest fakt. A o faktach \u2013 jak dobrze wiemy \u2013 nie dyskutuje si\u0119. Owszem, o ich interpretacji tak,<b> ale nie o ich zaistnieniu lub niezaistnieniu, <\/b>bo to zawsze \u0142atwo sprawdzi\u0107. Tutaj za\u015b fakt jest taki, \u017ce Abram nie ma swojego prawowitego potomka. <\/span><\/span><\/span><\/p>\n<p align=\"justify\"><span style=\"color: #000000;\"><span style=\"font-family: Book Antiqua, serif;\"><span style=\"font-size: large;\">I B\u00f3g nie zaprzecza tej sytuacji \u2013 i nie pr\u00f3buje przekona\u0107 Abrahama, \u017ce jest inaczej. Natomiast z ca\u0142ym przekonaniem stwierdza, <b>\u017ce b\u0119dzie inaczej,<\/b> ni\u017c my\u015bli Abram. Tak o tym do niego m\u00f3wi:<b> <\/b><i><b>\u201eNie on<\/b><\/i><b> [czyli nie s\u0142uga Eliezer] <\/b><i><b>b\u0119dzie twoim spadkobierc\u0105, lecz ten po tobie dziedziczy\u0107 b\u0119dzie, kt\u00f3ry od ciebie b\u0119dzie pochodzi\u0142\u201d. I poleciwszy Abramowi wyj\u015b\u0107 z namiotu, rzek\u0142: \u201eSp\u00f3jrz na niebo i policz gwiazdy, je\u015bli zdo\u0142asz to uczyni\u0107\u201d. Potem doda\u0142: \u201eTak liczne b\u0119dzie twoje potomstwo\u201d. <\/b><\/i><\/span><\/span><\/span><\/p>\n<p align=\"justify\"><span style=\"color: #000000;\"><span style=\"font-family: Book Antiqua, serif;\"><span style=\"font-size: large;\">I w\u0142a\u015bnie tutaj pada zdanie, kt\u00f3re wydaje si\u0119 kluczowym, zasadniczym, kulminacyjnym dla opisu i oceny ca\u0142ej postawy Abrama, dla nas za\u015b to zdanie jest kulminacyjnym w ca\u0142ej dzisiejszej liturgii S\u0142owa: <i><b>Abram uwierzy\u0142 i Pan poczyta\u0142 mu to za zas\u0142ug\u0119.<\/b><\/i><b> <\/b>I w niczym si\u0142y tej wiary nie zmienia i nie zmniejsza fakt, \u017ce kiedy B\u00f3g powiedzia\u0142 Abramowi: <i><b>Ja jestem Pan, kt\u00f3rym ci\u0119 wywi\u00f3d\u0142 z Ur chaldejskiego, aby ci da\u0107 ten oto kraj na w\u0142asno\u015b\u0107,<\/b><\/i><b> <\/b>ten zapyta\u0142: <i><b>O Panie Bo\u017ce, jak b\u0119d\u0119 m\u00f3g\u0142 si\u0119 upewni\u0107, \u017ce otrzymam go na w\u0142asno\u015b\u0107? <\/b><\/i><\/span><\/span><\/span><\/p>\n<p align=\"justify\"><span style=\"color: #000000;\"><span style=\"font-family: Book Antiqua, serif;\"><span style=\"font-size: large;\">W odpowiedzi na to, <b>B\u00f3g zawar\u0142 z Abramem przymierze,<\/b> a dokona\u0142 tego w spos\u00f3b znany \u00f3wcze\u015bnie, chocia\u017c dla nas dzi\u015b ma\u0142o zrozumia\u0142y, polegaj\u0105cy na tym, \u017ce obie strony zawieranego uk\u0142adu <b>przechodz\u0105 pomi\u0119dzy po\u0142owami zwierz\u0105t \u2013 <\/b>z t\u0105 intencj\u0105, \u017ce s\u0105 gotowi podzieli\u0107 ich los, je\u017celi nie dotrzymaj\u0105 uk\u0142adu. <b>B\u00f3g ch\u0119tnie zawar\u0142 z Abramem ten uk\u0142ad,<\/b> to przymierze, bo wiedzia\u0142, \u017ce Abram dotrzyma jego warunk\u00f3w, a w\u0142a\u015bciwie jedynego warunku, jakim jest po prostu <b>zaufanie i mi\u0142o\u015b\u0107 do Boga. <\/b><\/span><\/span><\/span><\/p>\n<p align=\"justify\"><span style=\"color: #000000;\"><span style=\"font-family: Book Antiqua, serif;\"><span style=\"font-size: large;\">Na to ze strony Abrama m\u00f3g\u0142 On liczy\u0107. Abram \u2013 p\u00f3\u017aniejszy Abraham \u2013 <b>wielokrotnie to udowodni\u0142!<\/b> I to w sytuacjach, kt\u00f3re wprost zdawa\u0142y si\u0119 temu zaufaniu zaprzecza\u0107! Chocia\u017cby dzisiaj mamy do czynienia z tak\u0105 sytuacj\u0105: Abram jest ju\u017c w podesz\u0142ym wieku, <b>potomka jak nie by\u0142o, tak nie ma,<\/b> a B\u00f3g m\u00f3wi mu, \u017ce b\u0119dzie on \u2013 oczywi\u015bcie: Abram \u2013 <b>ojcem bardzo licznego potomstwa!<\/b> <\/span><\/span><\/span><\/p>\n<p align=\"justify\"><span style=\"color: #000000;\"><span style=\"font-family: Book Antiqua, serif;\"><span style=\"font-size: large;\">Abram <b>uwierzy\u0142 to \u2013 pomimo wszystko, a nawet wbrew wszystkiemu!<\/b> Wbrew oczywistym faktom, o kt\u00f3rych si\u0119 nie dyskutuje, bo one po prostu s\u0105. I takimi s\u0105, jakimi s\u0105. Dlatego owoce \u017cycia tego niezwyk\u0142ego, sprawiedliwego i \u015bwi\u0119tego cz\u0142owieka na tym \u015bwiecie s\u0105 tak dobre, tak liczne i tak trwa\u0142e, \u017ce do dzi\u015b dnia \u2013 <b>tak\u017ce my, chrze\u015bcijanie \u2013 uwa\u017camy go za naszego ojca w wierze. <\/b><\/span><\/span><\/span><\/p>\n<p align=\"justify\"><span style=\"color: #000000;\"><span style=\"font-family: Book Antiqua, serif;\"><span style=\"font-size: large;\">A co si\u0119 tyczy samego owocowania \u017cycia cz\u0142owieka, to Jezus w Ewangelii dzisiejszej m\u00f3wi o nim bardzo jasno: <i><b>Strze\u017ccie si\u0119 fa\u0142szywych prorok\u00f3w, kt\u00f3rzy przychodz\u0105 do was w owczej sk\u00f3rze, a wewn\u0105trz s\u0105 drapie\u017cnymi wilkami. Poznacie ich po ich owocach. Czy zbiera si\u0119 winogrona z ciernia albo z ostu figi? Tak ka\u017cde dobre drzewo wydaje dobre owoce, a z\u0142e drzewo wydaje z\u0142e owoce. Nie mo\u017ce dobre drzewo wyda\u0107 z\u0142ych owoc\u00f3w ani z\u0142e drzewo wyda\u0107 dobrych owoc\u00f3w. <\/b><\/i>I dodaje: <i><b>Ka\u017cde drzewo, kt\u00f3re nie wydaje dobrego owocu, b\u0119dzie wyci\u0119te i w ogie\u0144 wrzucone. A wi\u0119c: poznacie ich po ich owocach. <\/b><\/i><\/span><\/span><\/span><\/p>\n<p align=\"justify\"><span style=\"color: #000000;\"><span style=\"font-family: Book Antiqua, serif;\"><span style=\"font-size: large;\">Ot\u00f3\u017c, w\u0142a\u015bnie! Mo\u017cna wypowiedzie\u0107 nawet tysi\u0105ce pi\u0119knych s\u0142\u00f3w, z\u0142o\u017cy\u0107 wiele deklaracji i zapewnie\u0144 \u2013 i przed ca\u0142ym \u015bwiatem <b>odegra\u0107 rol\u0119 bardzo porz\u0105dnego cz\u0142owieka,<\/b> s\u0142ownego i solidnego, a jednak mo\u017cna w tym wszystkim <b>okaza\u0107 si\u0119 fa\u0142szywym cz\u0142owiekiem, fa\u0142szywym prorokiem, <\/b>kt\u00f3ry stawia na siebie, na swoje przekonania, na swoj\u0105 racj\u0119, b\u0119d\u0105c\u0105 przecie\u017c jedyn\u0105 i najlepsz\u0105 ze wszystkich! Oczywistym jest, \u017ce owoce takiego \u017cycia b\u0119d\u0105 s\u0142abe, a wr\u0119cz nie b\u0119dzie ich wcale!<\/span><\/span><\/span><\/p>\n<p align=\"justify\"><span style=\"color: #000000;\"><span style=\"font-family: Book Antiqua, serif;\"><span style=\"font-size: large;\">Drodzy moi, nasze \u017cycie b\u0119dzie przynosi\u0142o dobre owoce \u2013 i w niczym temu <b>nie przeszkodzi taka czy inna sytuacja<\/b> w Ko\u015bciele czy w \u015bwiecie, czy w naszej Ojczy\u017anie, czy w naszych lokalnych spo\u0142eczno\u015bciach, czy w naszych rodzinach \u2013 <b>je\u015bli uwierzymy! Tak, jak Abram!<\/b><b> <\/b>Bo ca\u0142a ta sytuacja b\u0119dzie taka, jakie b\u0119dzie nasze \u017cycie. Jak bowiem Abram uwierzy\u0142 Bogu wbrew faktom \u2013 a uwierzy\u0142 dlatego, \u017ce to chodzi w\u0142a\u015bnie o Boga i to On da\u0142 s\u0142owo \u2013<b> tak samo i my mamy uwierzy\u0107, <\/b>\u017ce B\u00f3g wie, co si\u0119 dzieje na \u015bwiecie i \u017ce wie, co z tym zrobi\u0107. I na pewno co\u015b z tym zrobi! <\/span><\/span><\/span><\/p>\n<p align=\"justify\"><span style=\"color: #000000;\"><span style=\"font-family: Book Antiqua, serif;\"><span style=\"font-size: large;\"><b>Tylko trzeba uwierzy\u0107!<\/b> Tylko \u2013 <b>a mo\u017ce: a\u017c! <\/b>Nawet wbrew faktom, wbrew ca\u0142ej sytuacji, wbrew nastawieniu ca\u0142ego \u015bwiata: <b>uwierzy\u0107!<\/b> I nigdy tej wiary nie straci\u0107, cho\u0107by wszystko wok\u00f3\u0142 zdawa\u0142o si\u0119 temu zaprzecza\u0107 i wszyscy stali kantem do nas. Je\u017celi b\u0119dzie w nas <b>prawdziwa mi\u0142o\u015b\u0107 do Boga i wiara w Niego,<\/b> to nasze \u017cycie b\u0119dzie przynosi\u0142o dobre owoce. I wszyscy wok\u00f3\u0142 przekonaj\u0105 si\u0119, \u017ce <b>taka postawa ma sens! <\/b>No, w\u0142a\u015bnie dlatego, \u017ce przynosi tak dobre owoce. A temu nie b\u0119d\u0105 w stanie przeszkodzi\u0107 \u017cadne z\u0142e czasy ani niesprzyjaj\u0105ce okoliczno\u015bci. Owoce wiary b\u0119d\u0105 pomimo to! Bo m\u00f3wimy tu<b> o wierze w Boga \u2013 a On wszystko mo\u017ce!<\/b> I zawsze dotrzymuje s\u0142owa\u2026<\/span><\/span><\/span><\/p>\n","protected":false},"excerpt":{"rendered":"<p>Szcz\u0119\u015b\u0107 Bo\u017ce! Moi Drodzy, w dniu dzisiejszym rocznic\u0119 \u015awi\u0119ce\u0144 kap\u0142a\u0144skich [2005] prze\u017cywa Ksi\u0105dz Marcin Nowicki, m\u00f3j Brat cioteczny, Proboszcz jednej z Parafii w Diecezji toru\u0144skiej. \u017bycz\u0119 Jubilatowi wci\u0105\u017c owocuj\u0105cego kap\u0142a\u0144stwa! I zapewniam o modlitwie! Natomiast do Grona wczorajszych Solenizant\u00f3w do\u0142\u0105czam poznanego niedawno Alumna Seminarium pozna\u0144skiego, Jana Kemp\u0119; oraz Janka Niedzia\u0142kowskiego, Syna Agnieszki (zwanej Siw\u0105) i [&hellip;]<\/p>\n","protected":false},"author":1,"featured_media":0,"comment_status":"open","ping_status":"open","sticky":false,"template":"","format":"standard","meta":{"jetpack_post_was_ever_published":false,"_jetpack_newsletter_access":"","_jetpack_dont_email_post_to_subs":false,"_jetpack_newsletter_tier_id":0,"_jetpack_memberships_contains_paywalled_content":false,"_jetpack_memberships_contains_paid_content":false,"footnotes":""},"categories":[1],"tags":[],"class_list":["post-23952","post","type-post","status-publish","format-standard","hentry","category-bez-kategorii"],"yoast_head":"<!-- This site is optimized with the Yoast SEO plugin v25.1 - https:\/\/yoast.com\/wordpress\/plugins\/seo\/ -->\n<title>Abram uwierzy\u0142. A ja?... - Gaudium Et Spes<\/title>\n<meta name=\"robots\" content=\"index, follow, max-snippet:-1, max-image-preview:large, max-video-preview:-1\" \/>\n<link rel=\"canonical\" href=\"https:\/\/gaudiumetspes-blog.pl\/index.php\/2025\/06\/25\/abram-uwierzyl-a-ja\/\" \/>\n<meta property=\"og:locale\" content=\"pl_PL\" \/>\n<meta property=\"og:type\" content=\"article\" \/>\n<meta property=\"og:title\" content=\"Abram uwierzy\u0142. A ja?... - Gaudium Et Spes\" \/>\n<meta property=\"og:description\" content=\"Szcz\u0119\u015b\u0107 Bo\u017ce! Moi Drodzy, w dniu dzisiejszym rocznic\u0119 \u015awi\u0119ce\u0144 kap\u0142a\u0144skich [2005] prze\u017cywa Ksi\u0105dz Marcin Nowicki, m\u00f3j Brat cioteczny, Proboszcz jednej z Parafii w Diecezji toru\u0144skiej. \u017bycz\u0119 Jubilatowi wci\u0105\u017c owocuj\u0105cego kap\u0142a\u0144stwa! I zapewniam o modlitwie! Natomiast do Grona wczorajszych Solenizant\u00f3w do\u0142\u0105czam poznanego niedawno Alumna Seminarium pozna\u0144skiego, Jana Kemp\u0119; oraz Janka Niedzia\u0142kowskiego, Syna Agnieszki (zwanej Siw\u0105) i [&hellip;]\" \/>\n<meta property=\"og:url\" content=\"https:\/\/gaudiumetspes-blog.pl\/index.php\/2025\/06\/25\/abram-uwierzyl-a-ja\/\" \/>\n<meta property=\"og:site_name\" content=\"Gaudium Et Spes\" \/>\n<meta property=\"article:published_time\" content=\"2025-06-25T05:40:03+00:00\" \/>\n<meta property=\"article:modified_time\" content=\"2025-06-25T05:42:38+00:00\" \/>\n<meta name=\"author\" content=\"Ks. Jacek\" \/>\n<meta name=\"twitter:card\" content=\"summary_large_image\" \/>\n<meta name=\"twitter:label1\" content=\"Napisane przez\" \/>\n\t<meta name=\"twitter:data1\" content=\"Ks. Jacek\" \/>\n\t<meta name=\"twitter:label2\" content=\"Szacowany czas czytania\" \/>\n\t<meta name=\"twitter:data2\" content=\"10 minut\" \/>\n<script type=\"application\/ld+json\" class=\"yoast-schema-graph\">{\"@context\":\"https:\/\/schema.org\",\"@graph\":[{\"@type\":\"WebPage\",\"@id\":\"https:\/\/gaudiumetspes-blog.pl\/index.php\/2025\/06\/25\/abram-uwierzyl-a-ja\/\",\"url\":\"https:\/\/gaudiumetspes-blog.pl\/index.php\/2025\/06\/25\/abram-uwierzyl-a-ja\/\",\"name\":\"Abram uwierzy\u0142. A ja?... - Gaudium Et Spes\",\"isPartOf\":{\"@id\":\"https:\/\/gaudiumetspes-blog.pl\/#website\"},\"datePublished\":\"2025-06-25T05:40:03+00:00\",\"dateModified\":\"2025-06-25T05:42:38+00:00\",\"author\":{\"@id\":\"https:\/\/gaudiumetspes-blog.pl\/#\/schema\/person\/1661982992b752dea8dff0d4ed845a65\"},\"breadcrumb\":{\"@id\":\"https:\/\/gaudiumetspes-blog.pl\/index.php\/2025\/06\/25\/abram-uwierzyl-a-ja\/#breadcrumb\"},\"inLanguage\":\"pl-PL\",\"potentialAction\":[{\"@type\":\"ReadAction\",\"target\":[\"https:\/\/gaudiumetspes-blog.pl\/index.php\/2025\/06\/25\/abram-uwierzyl-a-ja\/\"]}]},{\"@type\":\"BreadcrumbList\",\"@id\":\"https:\/\/gaudiumetspes-blog.pl\/index.php\/2025\/06\/25\/abram-uwierzyl-a-ja\/#breadcrumb\",\"itemListElement\":[{\"@type\":\"ListItem\",\"position\":1,\"name\":\"Strona g\u0142\u00f3wna\",\"item\":\"https:\/\/gaudiumetspes-blog.pl\/\"},{\"@type\":\"ListItem\",\"position\":2,\"name\":\"Abram uwierzy\u0142. A ja?&#8230;\"}]},{\"@type\":\"WebSite\",\"@id\":\"https:\/\/gaudiumetspes-blog.pl\/#website\",\"url\":\"https:\/\/gaudiumetspes-blog.pl\/\",\"name\":\"Gaudium Et Spes\",\"description\":\"Blog Ks. Jacka Ja\u015bkowskiego\",\"potentialAction\":[{\"@type\":\"SearchAction\",\"target\":{\"@type\":\"EntryPoint\",\"urlTemplate\":\"https:\/\/gaudiumetspes-blog.pl\/?s={search_term_string}\"},\"query-input\":{\"@type\":\"PropertyValueSpecification\",\"valueRequired\":true,\"valueName\":\"search_term_string\"}}],\"inLanguage\":\"pl-PL\"},{\"@type\":\"Person\",\"@id\":\"https:\/\/gaudiumetspes-blog.pl\/#\/schema\/person\/1661982992b752dea8dff0d4ed845a65\",\"name\":\"Ks. Jacek\",\"image\":{\"@type\":\"ImageObject\",\"inLanguage\":\"pl-PL\",\"@id\":\"https:\/\/gaudiumetspes-blog.pl\/#\/schema\/person\/image\/\",\"url\":\"https:\/\/gaudiumetspes-blog.pl\/wp-content\/uploads\/2019\/07\/avatar-JJ-150x150.jpg\",\"contentUrl\":\"https:\/\/gaudiumetspes-blog.pl\/wp-content\/uploads\/2019\/07\/avatar-JJ-150x150.jpg\",\"caption\":\"Ks. Jacek\"},\"description\":\"Witam serdecznie! K\u0142ania si\u0119 Ks. Jacek Ja\u015bkowski. Nie jestem ani kim\u015b wa\u017cnym, ani kim\u015b znanym. Jestem ksi\u0119dzem, kt\u00f3ry po prostu chce rozmawia\u0107. Codzienna kap\u0142a\u0144ska pos\u0142uga pokazuje mi, \u017ce temat\u00f3w do rozm\u00f3w z ksi\u0119dzem jest coraz wi\u0119cej i dzisiaj \u017caden ksi\u0105dz nie mo\u017ce od nich ucieka\u0107, ale - wprost przeciwnie - podejmowa\u0107 nowe wyzwania. To przekonanie sk\u0142oni\u0142o mnie do pr\u00f3by otwarcia tego\u017c bloga, chocia\u017c okazji do rozm\u00f3w na co dzie\u0144 - w konfesjonale i poza nim - na szcz\u0119\u015bcie nie brakuje. My\u015bl\u0119 jednak, \u017ce ten blog b\u0119dzie jeszcze jednym sposobem i przestrzeni\u0105 nawi\u0105zania kontaktu z lud\u017ami dobrej woli, otwartymi na dialog.\",\"url\":\"https:\/\/gaudiumetspes-blog.pl\/index.php\/author\/ks-jacek\/\"}]}<\/script>\n<!-- \/ Yoast SEO plugin. -->","yoast_head_json":{"title":"Abram uwierzy\u0142. A ja?... - Gaudium Et Spes","robots":{"index":"index","follow":"follow","max-snippet":"max-snippet:-1","max-image-preview":"max-image-preview:large","max-video-preview":"max-video-preview:-1"},"canonical":"https:\/\/gaudiumetspes-blog.pl\/index.php\/2025\/06\/25\/abram-uwierzyl-a-ja\/","og_locale":"pl_PL","og_type":"article","og_title":"Abram uwierzy\u0142. A ja?... - Gaudium Et Spes","og_description":"Szcz\u0119\u015b\u0107 Bo\u017ce! Moi Drodzy, w dniu dzisiejszym rocznic\u0119 \u015awi\u0119ce\u0144 kap\u0142a\u0144skich [2005] prze\u017cywa Ksi\u0105dz Marcin Nowicki, m\u00f3j Brat cioteczny, Proboszcz jednej z Parafii w Diecezji toru\u0144skiej. \u017bycz\u0119 Jubilatowi wci\u0105\u017c owocuj\u0105cego kap\u0142a\u0144stwa! I zapewniam o modlitwie! Natomiast do Grona wczorajszych Solenizant\u00f3w do\u0142\u0105czam poznanego niedawno Alumna Seminarium pozna\u0144skiego, Jana Kemp\u0119; oraz Janka Niedzia\u0142kowskiego, Syna Agnieszki (zwanej Siw\u0105) i [&hellip;]","og_url":"https:\/\/gaudiumetspes-blog.pl\/index.php\/2025\/06\/25\/abram-uwierzyl-a-ja\/","og_site_name":"Gaudium Et Spes","article_published_time":"2025-06-25T05:40:03+00:00","article_modified_time":"2025-06-25T05:42:38+00:00","author":"Ks. Jacek","twitter_card":"summary_large_image","twitter_misc":{"Napisane przez":"Ks. Jacek","Szacowany czas czytania":"10 minut"},"schema":{"@context":"https:\/\/schema.org","@graph":[{"@type":"WebPage","@id":"https:\/\/gaudiumetspes-blog.pl\/index.php\/2025\/06\/25\/abram-uwierzyl-a-ja\/","url":"https:\/\/gaudiumetspes-blog.pl\/index.php\/2025\/06\/25\/abram-uwierzyl-a-ja\/","name":"Abram uwierzy\u0142. A ja?... - Gaudium Et Spes","isPartOf":{"@id":"https:\/\/gaudiumetspes-blog.pl\/#website"},"datePublished":"2025-06-25T05:40:03+00:00","dateModified":"2025-06-25T05:42:38+00:00","author":{"@id":"https:\/\/gaudiumetspes-blog.pl\/#\/schema\/person\/1661982992b752dea8dff0d4ed845a65"},"breadcrumb":{"@id":"https:\/\/gaudiumetspes-blog.pl\/index.php\/2025\/06\/25\/abram-uwierzyl-a-ja\/#breadcrumb"},"inLanguage":"pl-PL","potentialAction":[{"@type":"ReadAction","target":["https:\/\/gaudiumetspes-blog.pl\/index.php\/2025\/06\/25\/abram-uwierzyl-a-ja\/"]}]},{"@type":"BreadcrumbList","@id":"https:\/\/gaudiumetspes-blog.pl\/index.php\/2025\/06\/25\/abram-uwierzyl-a-ja\/#breadcrumb","itemListElement":[{"@type":"ListItem","position":1,"name":"Strona g\u0142\u00f3wna","item":"https:\/\/gaudiumetspes-blog.pl\/"},{"@type":"ListItem","position":2,"name":"Abram uwierzy\u0142. A ja?&#8230;"}]},{"@type":"WebSite","@id":"https:\/\/gaudiumetspes-blog.pl\/#website","url":"https:\/\/gaudiumetspes-blog.pl\/","name":"Gaudium Et Spes","description":"Blog Ks. Jacka Ja\u015bkowskiego","potentialAction":[{"@type":"SearchAction","target":{"@type":"EntryPoint","urlTemplate":"https:\/\/gaudiumetspes-blog.pl\/?s={search_term_string}"},"query-input":{"@type":"PropertyValueSpecification","valueRequired":true,"valueName":"search_term_string"}}],"inLanguage":"pl-PL"},{"@type":"Person","@id":"https:\/\/gaudiumetspes-blog.pl\/#\/schema\/person\/1661982992b752dea8dff0d4ed845a65","name":"Ks. Jacek","image":{"@type":"ImageObject","inLanguage":"pl-PL","@id":"https:\/\/gaudiumetspes-blog.pl\/#\/schema\/person\/image\/","url":"https:\/\/gaudiumetspes-blog.pl\/wp-content\/uploads\/2019\/07\/avatar-JJ-150x150.jpg","contentUrl":"https:\/\/gaudiumetspes-blog.pl\/wp-content\/uploads\/2019\/07\/avatar-JJ-150x150.jpg","caption":"Ks. Jacek"},"description":"Witam serdecznie! K\u0142ania si\u0119 Ks. Jacek Ja\u015bkowski. Nie jestem ani kim\u015b wa\u017cnym, ani kim\u015b znanym. Jestem ksi\u0119dzem, kt\u00f3ry po prostu chce rozmawia\u0107. Codzienna kap\u0142a\u0144ska pos\u0142uga pokazuje mi, \u017ce temat\u00f3w do rozm\u00f3w z ksi\u0119dzem jest coraz wi\u0119cej i dzisiaj \u017caden ksi\u0105dz nie mo\u017ce od nich ucieka\u0107, ale - wprost przeciwnie - podejmowa\u0107 nowe wyzwania. To przekonanie sk\u0142oni\u0142o mnie do pr\u00f3by otwarcia tego\u017c bloga, chocia\u017c okazji do rozm\u00f3w na co dzie\u0144 - w konfesjonale i poza nim - na szcz\u0119\u015bcie nie brakuje. My\u015bl\u0119 jednak, \u017ce ten blog b\u0119dzie jeszcze jednym sposobem i przestrzeni\u0105 nawi\u0105zania kontaktu z lud\u017ami dobrej woli, otwartymi na dialog.","url":"https:\/\/gaudiumetspes-blog.pl\/index.php\/author\/ks-jacek\/"}]}},"jetpack_featured_media_url":"","jetpack_sharing_enabled":true,"_links":{"self":[{"href":"https:\/\/gaudiumetspes-blog.pl\/index.php\/wp-json\/wp\/v2\/posts\/23952","targetHints":{"allow":["GET"]}}],"collection":[{"href":"https:\/\/gaudiumetspes-blog.pl\/index.php\/wp-json\/wp\/v2\/posts"}],"about":[{"href":"https:\/\/gaudiumetspes-blog.pl\/index.php\/wp-json\/wp\/v2\/types\/post"}],"author":[{"embeddable":true,"href":"https:\/\/gaudiumetspes-blog.pl\/index.php\/wp-json\/wp\/v2\/users\/1"}],"replies":[{"embeddable":true,"href":"https:\/\/gaudiumetspes-blog.pl\/index.php\/wp-json\/wp\/v2\/comments?post=23952"}],"version-history":[{"count":2,"href":"https:\/\/gaudiumetspes-blog.pl\/index.php\/wp-json\/wp\/v2\/posts\/23952\/revisions"}],"predecessor-version":[{"id":23954,"href":"https:\/\/gaudiumetspes-blog.pl\/index.php\/wp-json\/wp\/v2\/posts\/23952\/revisions\/23954"}],"wp:attachment":[{"href":"https:\/\/gaudiumetspes-blog.pl\/index.php\/wp-json\/wp\/v2\/media?parent=23952"}],"wp:term":[{"taxonomy":"category","embeddable":true,"href":"https:\/\/gaudiumetspes-blog.pl\/index.php\/wp-json\/wp\/v2\/categories?post=23952"},{"taxonomy":"post_tag","embeddable":true,"href":"https:\/\/gaudiumetspes-blog.pl\/index.php\/wp-json\/wp\/v2\/tags?post=23952"}],"curies":[{"name":"wp","href":"https:\/\/api.w.org\/{rel}","templated":true}]}}