{"id":23955,"date":"2025-06-26T00:23:14","date_gmt":"2025-06-25T22:23:14","guid":{"rendered":"https:\/\/gaudiumetspes-blog.pl\/?p=23955"},"modified":"2025-06-25T23:54:42","modified_gmt":"2025-06-25T21:54:42","slug":"kto-spelnia-wole-ojca","status":"publish","type":"post","link":"https:\/\/gaudiumetspes-blog.pl\/index.php\/2025\/06\/26\/kto-spelnia-wole-ojca\/","title":{"rendered":"Kto spe\u0142nia wol\u0119 Ojca&#8230;"},"content":{"rendered":"<p align=\"justify\"><span style=\"color: #000000;\"><span style=\"font-family: Book Antiqua, serif;\"><span style=\"font-size: large;\">Szcz\u0119\u015b\u0107 Bo\u017ce! Pozdrawiam serdecznie z Siedlec, gdzie dzisiaj przed po\u0142udniem b\u0119d\u0119 mia\u0142 rado\u015b\u0107 go\u015bci\u0107 Szymona Olendra, mojego Lektora z czas\u00f3w pos\u0142ugi w Celestynowie, a tak w og\u00f3le, to Cz\u0142owieka mi bardzo bliskiego i oddanego, a po po\u0142udniu zaszczyci mnie swoj\u0105 wizyt\u0105 Pani Doktor Joanna Borowicz, Osoba wielorako i tw\u00f3rczo zaanga\u017cowana w \u017cycie Diecezji siedleckiej, szczeg\u00f3lnie na odcinku katechezy. Bardzo si\u0119 ciesz\u0119 tak\u017ce z tej wizyty!<\/span><\/span><\/span><\/p>\n<p align=\"justify\"><span style=\"color: #000000;\"><span style=\"font-family: Book Antiqua, serif;\"><span style=\"font-size: large;\">I du\u017co sobie obiecuj\u0119 po obu rozmowach! A potem \u2013 praca na miejscu.<\/span><\/span><\/span><\/p>\n<p align=\"justify\"><span style=\"color: #000000;\"><span style=\"font-family: Book Antiqua, serif;\"><span style=\"font-size: large;\">Teraz za\u015b ju\u017c zapraszam do rozwa\u017cenia dzisiejszego Bo\u017cego s\u0142owa. Oto s\u0142\u00f3wko Ksi\u0119dza Marka na dzi\u015b:<\/span><\/span><\/span><\/p>\n<p align=\"justify\"><span style=\"color: #000000;\"><span style=\"font-family: Book Antiqua, serif;\"><span style=\"font-size: medium;\"><a href=\"https:\/\/www.youtube.com\/c\/CatholicSurgut\"><span style=\"font-size: large;\"><b>https:\/\/www.youtube.com\/c\/CatholicSurgut<\/b><\/span><\/a><\/span><\/span><\/span><\/p>\n<p align=\"justify\"><span style=\"color: #000000;\"><span style=\"font-family: Book Antiqua, serif;\"><span style=\"font-size: large;\">Poni\u017cej za\u015b \u2013 s\u0142\u00f3wko Janka. Wielkie dzi\u0119ki za proste, a jednocze\u015bnie tak g\u0142\u0119bokie i konkretne s\u0142owo, pe\u0142ne wiary! Dzi\u0119kuj\u0119 za podj\u0119cie tak wa\u017cnego tematu powo\u0142ania \u2013 i tego, jak dzisiaj M\u0142odzi do tego tematu podchodz\u0105. Trudno si\u0119 z diagnoz\u0105 Janka nie zgodzi\u0107. Raz jeszcze \u2013 dzi\u0119kuj\u0119 za to m\u0105dre s\u0142\u00f3wko! <\/span><\/span><\/span><\/p>\n<p align=\"justify\"><span style=\"color: #000000;\"><span style=\"font-family: Book Antiqua, serif;\"><span style=\"font-size: large;\">Zatem, <b>c<\/b><b>o Pan do mnie konkretnie m\u00f3wi? Czego ode mnie oczekuje?<\/b> Duchu \u015awi\u0119ty, pom\u00f3\u017c to rozpozna\u0107.<\/span><\/span><\/span><\/p>\n<p align=\"justify\"><span style=\"color: #000000;\"><span style=\"font-family: Book Antiqua, serif;\"><span style=\"font-size: large;\"><b>Niech Was b\u0142ogos\u0142awi B\u00f3g Wszechmog\u0105cy: Ojciec + i Syn, i Duch \u015awi\u0119ty. Amen<\/b><\/span><\/span><\/span><\/p>\n<p align=\"center\"><span style=\"color: #000000;\"><span style=\"font-family: Book Antiqua, serif;\"><span style=\"font-size: large;\">Gaudium et spes! Ks. Jacek<\/span><\/span><\/span><\/p>\n<p align=\"center\">\n<p align=\"center\">\n<p align=\"center\">\n<p align=\"center\">\n<p align=\"center\">\n<p align=\"justify\"><span style=\"color: #000000;\"><span style=\"font-family: Book Antiqua, serif;\"><span style=\"font-size: large;\"><b>Czwartek 12 Tygodnia zwyk\u0142ego, rok I,<\/b><\/span><\/span><\/span><\/p>\n<p align=\"justify\"><span style=\"color: #000000;\"><span style=\"font-family: Book Antiqua, serif;\"><span style=\"font-size: large;\"><b>26 czerwca 2025.,<\/b><\/span><\/span><\/span><\/p>\n<p align=\"justify\"><span style=\"color: #000000;\"><span style=\"font-family: Book Antiqua, serif;\"><span style=\"font-size: large;\"><b>do czyta\u0144:<\/b> <b>Rdz 16,1\u201312.15\u201316;<\/b> <b>Mt 7,21\u201329<\/b> <\/span><\/span><\/span><\/p>\n<p align=\"justify\">\n<p align=\"justify\">\n<p align=\"justify\">\n<p align=\"justify\">\n<p align=\"justify\">\n<p align=\"justify\"><span style=\"color: #000000;\"><span style=\"font-family: Book Antiqua, serif;\"><span style=\"font-size: large;\"><b>CZYTANIE Z KSI\u0118GI RODZAJU: <\/b><\/span><\/span><\/span><\/p>\n<p align=\"justify\"><span style=\"color: #000000;\"><span style=\"font-family: Book Antiqua, serif;\"><span style=\"font-size: large;\"><b>Saraj, \u017cona Abrama, nie urodzi\u0142a mu potomka. Mia\u0142a za\u015b niewolnic\u0119 Egipcjank\u0119, imieniem Hagar. Rzek\u0142a wi\u0119c Saraj do Abrama: \u201ePoniewa\u017c Pan zamkn\u0105\u0142 mi \u0142ono, abym nie rodzi\u0142a, zbli\u017c si\u0119 do mojej niewolnicy; mo\u017ce z niej b\u0119d\u0119 mia\u0142a dzieci\u201d. Abram us\u0142ucha\u0142 rady Saraj. Saraj, \u017cona Abrama, wzi\u0119\u0142a zatem niewolnic\u0119 Hagar, Egipcjank\u0119, i da\u0142a j\u0105 za \u017con\u0119 m\u0119\u017cowi swemu Abramowi, gdy ju\u017c min\u0119\u0142o dziesi\u0119\u0107 lat, odk\u0105d Abram osiedli\u0142 si\u0119 w Kanaanie. Abram zbli\u017cy\u0142 si\u0119 do Hagar i ta sta\u0142a si\u0119 brzemienn\u0105. A widz\u0105c, \u017ce jest brzemienna, zacz\u0119\u0142a lekcewa\u017cy\u0107 sw\u0105 pani\u0105. <\/b><\/span><\/span><\/span><\/p>\n<p align=\"justify\"><span style=\"color: #000000;\"><span style=\"font-family: Book Antiqua, serif;\"><span style=\"font-size: large;\"><b>Wtedy Saraj rzek\u0142a do Abrama: \u201ePrzez ciebie doznaj\u0119 zniewagi; ja sama da\u0142am ci moj\u0105 niewolnic\u0119 za \u017con\u0119, ona za\u015b czuj\u0105c si\u0119 brzemienn\u0105, lekcewa\u017cy mnie. Niechaj Pan b\u0119dzie s\u0119dzi\u0105 mi\u0119dzy mn\u0105 a tob\u0105!\u201d Abram rzek\u0142 do Saraj: \u201ePrzecie\u017c niewolnica twoja jest w twojej mocy: post\u0105p z ni\u0105, jak b\u0119dziesz uwa\u017ca\u0142a za dobre\u201d. <\/b><\/span><\/span><\/span><\/p>\n<p align=\"justify\"><span style=\"color: #000000;\"><span style=\"font-family: Book Antiqua, serif;\"><span style=\"font-size: large;\"><b>Kiedy Saraj upokorzy\u0142a Hagar, ta uciek\u0142a od niej. <\/b><\/span><\/span><\/span><\/p>\n<p align=\"justify\"><span style=\"color: #000000;\"><span style=\"font-family: Book Antiqua, serif;\"><span style=\"font-size: large;\"><b>Anio\u0142 Pana znalaz\u0142 Hagar na pustyni u \u017ar\u00f3d\u0142a przy drodze wiod\u0105cej do Szur i zapyta\u0142: \u201eHagar, niewolnico Saraj, sk\u0105d przysz\u0142a\u015b i dok\u0105d idziesz?\u201d A ona odpowiedzia\u0142a: \u201eUciek\u0142am od mojej pani, Saraj\u201d. <\/b><\/span><\/span><\/span><\/p>\n<p align=\"justify\"><span style=\"color: #000000;\"><span style=\"font-family: Book Antiqua, serif;\"><span style=\"font-size: large;\"><b>Wtedy anio\u0142 Pana rzek\u0142 do niej: \u201eWr\u00f3\u0107 do twej pani i pokornie poddaj si\u0119 pod jej w\u0142adz\u0119\u201d. Po czym anio\u0142 Pana oznajmi\u0142: \u201eBardzo rozmno\u017c\u0119 twoje potomstwo, tak \u017ce nie b\u0119dzie mo\u017cna go policzy\u0107\u201d. I m\u00f3wi\u0142: \u201eJeste\u015b brzemienna i urodzisz syna, kt\u00f3remu dasz imi\u0119 Izmael, bo s\u0142ysza\u0142 Pan, gdy by\u0142a\u015b upokorzona. A b\u0119dzie to cz\u0142owiek dziki jak onager: b\u0119dzie on walczy\u0142 przeciwko wszystkim i wszyscy przeciwko niemu; b\u0119dzie on utrapieniem swych pobratymc\u00f3w\u201d. <\/b><\/span><\/span><\/span><\/p>\n<p align=\"justify\"><span style=\"color: #000000;\"><span style=\"font-family: Book Antiqua, serif;\"><span style=\"font-size: large;\"><b>Hagar urodzi\u0142a Abramowi syna. I Abram nazwa\u0142 zrodzonego mu przez Hagar syna imieniem Izmael. Abram mia\u0142 lat osiemdziesi\u0105t sze\u015b\u0107, gdy mu Hagar urodzi\u0142a Izmaela.<\/b><\/span><\/span><\/span><\/p>\n<p align=\"justify\">\n<p align=\"justify\">\n<p align=\"justify\">\n<p align=\"justify\">\n<p align=\"justify\">\n<p align=\"justify\"><span style=\"color: #000000;\"><span style=\"font-family: Book Antiqua, serif;\"><span style=\"font-size: large;\"><b>S\u0141OWA EWANGELII WED\u0141UG \u015aWI\u0118TEGO MATEUSZA: <\/b><\/span><\/span><\/span><\/p>\n<p align=\"justify\"><span style=\"color: #000000;\"><span style=\"font-family: Book Antiqua, serif;\"><span style=\"font-size: large;\"><b>Jezus powiedzia\u0142 do swoich uczni\u00f3w: \u201eNie ka\u017cdy, kt\u00f3ry mi m\u00f3wi: \u00abPanie, Panie\u00bb, wejdzie do Kr\u00f3lestwa niebieskiego, lecz ten, kto spe\u0142nia wol\u0119 mojego Ojca, kt\u00f3ry jest w niebie. Wielu powie Mi w owym dniu: \u00abPanie, Panie, czy nie prorokowali\u015bmy moc\u0105 Twego imienia i nie wyrzucali\u015bmy z\u0142ych duch\u00f3w moc\u0105 Twego imienia, i nie czynili\u015bmy wielu cud\u00f3w moc\u0105 Twego imienia?\u00bb Wtedy im o\u015bwiadcz\u0119: \u00abNigdy was nie zna\u0142em. Odejd\u017acie ode Mnie wy, kt\u00f3rzy dopuszczacie si\u0119 nieprawo\u015bci\u00bb. <\/b><\/span><\/span><\/span><\/p>\n<p align=\"justify\"><span style=\"color: #000000;\"><span style=\"font-family: Book Antiqua, serif;\"><span style=\"font-size: large;\"><b>Ka\u017cdego wi\u0119c, kto tych s\u0142\u00f3w moich s\u0142ucha i wype\u0142nia je, mo\u017cna por\u00f3wna\u0107 z cz\u0142owiekiem roztropnym, kt\u00f3ry dom sw\u00f3j zbudowa\u0142 na skale. Spad\u0142 deszcz, wezbra\u0142y potoki, zerwa\u0142y si\u0119 wichry i uderzy\u0142y w ten dom. On jednak nie run\u0105\u0142, bo na skale by\u0142 utwierdzony. <\/b><\/span><\/span><\/span><\/p>\n<p align=\"justify\"><span style=\"color: #000000;\"><span style=\"font-family: Book Antiqua, serif;\"><span style=\"font-size: large;\"><b>Ka\u017cdego za\u015b, kto tych s\u0142\u00f3w moich s\u0142ucha, a nie wype\u0142nia ich, mo\u017cna por\u00f3wna\u0107 z cz\u0142owiekiem nierozs\u0105dnym, kt\u00f3ry dom sw\u00f3j zbudowa\u0142 na piasku. Spad\u0142 deszcz, wezbra\u0142y potoki, zerwa\u0142y si\u0119 wichry, i rzuci\u0142y si\u0119 na ten dom. I run\u0105\u0142, a upadek jego by\u0142 wielki\u201d. <\/b><\/span><\/span><\/span><\/p>\n<p align=\"justify\"><span style=\"color: #000000;\"><span style=\"font-family: Book Antiqua, serif;\"><span style=\"font-size: large;\"><b>Gdy Jezus doko\u0144czy\u0142 tych m\u00f3w, t\u0142umy zdumiewa\u0142y si\u0119 Jego nauk\u0105. Uczy\u0142 ich bowiem jak ten, kt\u00f3ry ma w\u0142adz\u0119, a nie jak ich uczeni w Pi\u015bmie.<\/b><\/span><\/span><\/span><\/p>\n<p align=\"justify\">\n<p align=\"justify\">\n<p align=\"justify\">\n<p align=\"justify\">\n<p align=\"justify\">\n<p align=\"center\"><span style=\"color: #000000;\"><span style=\"font-family: Book Antiqua, serif;\"><span style=\"font-size: large;\"><b>A OTO S\u0141\u00d3WKO JANKA:<\/b><\/span><\/span><\/span><\/p>\n<p align=\"center\">\n<p align=\"center\">\n<p align=\"center\">\n<p align=\"center\">\n<p align=\"center\">\n<p align=\"justify\"><span style=\"color: #000000;\"><span style=\"font-family: Book Antiqua, serif;\"><span style=\"font-size: large;\">Dzi\u015b s\u0142yszymy bardzo tak\u0105 zaskakuj\u0105c\u0105 Ewangelie, a mianowicie s\u0142yszymy w niej takie zdanie: <i><b>Jezus powiedzia\u0142 do swoich uczni\u00f3w: \u201eNie ka\u017cdy, kt\u00f3ry Mi m\u00f3wi: \u00abPanie, Panie\u00bb, wejdzie do kr\u00f3lestwa niebieskiego, lecz ten, kto spe\u0142nia wol\u0119 mojego Ojca, kt\u00f3ry jest w niebie.<\/b><\/i><\/span><\/span><\/span><\/p>\n<p align=\"justify\"><span style=\"color: #000000;\"><span style=\"font-family: Book Antiqua, serif;\"><span style=\"font-size: large;\">Zauwa\u017cmy, \u017ce Jezus nie m\u00f3wi tego do faryzeuszy czy celnik\u00f3w. Jezus m\u00f3wi to do swoich uczni\u00f3w. M\u00f3wi to do ludzi, kt\u00f3rzy Go ju\u017c poznali i chcieli s\u0142ucha\u0107 Jego nauk. My r\u00f3wnie\u017c jeste\u015bmy Jego uczniami! Jezus m\u00f3wi to wi\u0119c prosto do nas! <\/span><\/span><\/span><\/p>\n<p align=\"justify\"><span style=\"color: #000000;\"><span style=\"font-family: Book Antiqua, serif;\"><span style=\"font-size: large;\">Mo\u017ce, \u017ceby bardziej zrozumie\u0107 dzisiejsz\u0105 Ewangelie, cofnijmy si\u0119 do wczorajszej Ewangelii: <i><b>Jezus powiedzia\u0142 do swoich uczni\u00f3w: \u201eStrze\u017ccie si\u0119 fa\u0142szywych prorok\u00f3w, kt\u00f3rzy przychodz\u0105 do was w owczej sk\u00f3rze, a wewn\u0105trz s\u0105 drapie\u017cnymi wilkami. Poznacie ich po ich owocach. Czy zbiera si\u0119 winogrona z ciernia albo z ostu figi? Tak ka\u017cde dobre drzewo wydaje dobre owoce, a z\u0142e drzewo wydaje z\u0142e owoce. Nie mo\u017ce dobre drzewo wyda\u0107 z\u0142ych owoc\u00f3w ani z\u0142e drzewo wyda\u0107 dobrych owoc\u00f3w. Ka\u017cde drzewo, kt\u00f3re nie wydaje dobrego owocu, b\u0119dzie wyci\u0119te i w ogie\u0144 wrzucone. A wi\u0119c: poznacie ich po ich owocach\u201d.<\/b><\/i><\/span><\/span><\/span><\/p>\n<p align=\"justify\"><span style=\"color: #000000;\"><span style=\"font-family: Book Antiqua, serif;\"><span style=\"font-size: large;\">Mi si\u0119 wydaje, \u017ce tak\u0105 g\u0142\u00f3wn\u0105 my\u015bl\u0105, dzisiejszej i wczorajszej Ewangelii \u2013 jest s\u0142owo POWO\u0141ANIE. Zobaczcie, \u017ce czerwiec, lipiec i sierpie\u0144 to czas, kiedy wielu m\u0142odych ludzi najbardziej my\u015bli nad sensem swojego \u017cycia i zadaje sobie pytanie, co ma robi\u0107 w \u017cyciu \u2013 i ze swoim \u017cyciem? Wiele godzin te\u017c sp\u0119dzaj\u0105 na modlitwie i modl\u0105 si\u0119 o \u015bwiat\u0142o Ducha \u015awi\u0119tego \u2013 o o\u015bwiecenie w podj\u0119ciu decyzji.<\/span><\/span><\/span><\/p>\n<p align=\"justify\"><span style=\"color: #000000;\"><span style=\"font-family: Book Antiqua, serif;\"><span style=\"font-size: large;\">Jezus m\u00f3wi nam wprost, \u017ce wype\u0142nianie woli Bo\u017cej \u2013 mimo, \u017ce nieraz kosztuje \u2013 naprawd\u0119 przynosi szcz\u0119\u015bcie i rado\u015b\u0107! Jezus nas do tego zach\u0119ca, by\u015bmy poszli za Nim! Jest takie pi\u0119kne zdanie w Ewangelii: <i><b>Lecz kto wytrwa do ko\u0144ca, ten b\u0119dzie zbawiony.<\/b><\/i><\/span><\/span><\/span><\/p>\n<p align=\"justify\"><span style=\"color: #000000;\"><span style=\"font-family: Book Antiqua, serif;\"><span style=\"font-size: large;\">No, w\u0142a\u015bnie! Kto wytrwa do ko\u0144ca! Nie do po\u0142owy, nie na chwil\u0119! DO KO\u0143CA MAMY I\u015a\u0106 ZA CHRYSTUSEM! Mam wra\u017cenie, \u017ce wiele os\u00f3b ma z tym problem. Wielu ucieka \u2013 czy to przed ma\u0142\u017ce\u0144stwem czy przed kap\u0142a\u0144stwem. Dlaczego? Poniewa\u017c boj\u0105 si\u0119 zosta\u0107 DO KO\u0143CA przy Chrystusie. Boj\u0105 si\u0119 podj\u0105\u0107 decyzj\u0119 na ca\u0142e \u017cycie! <\/span><\/span><\/span><\/p>\n<p align=\"justify\"><span style=\"color: #000000;\"><span style=\"font-family: Book Antiqua, serif;\"><span style=\"font-size: large;\">Pami\u0119tam, \u017ce kiedy\u015b by\u0142em w parafii na jednym z pogrzeb\u00f3w i jak dzi\u015b pami\u0119tam swoje zdziwienie, kiedy dowiedzia\u0142em si\u0119, \u017ce jedna pani wysz\u0142a za m\u0105\u017c w wieku szesnastu lat. Jak to us\u0142ysza\u0142em, to normalnie mi \u201eszcz\u0119ka opad\u0142a\u201d, bo ja wtedy mia\u0142em lat czterna\u015bcie. I taka my\u015bl si\u0119 w g\u0142owie pojawi\u0142a: Ta pani by\u0142a tylko dwa lata starsza ode mnie, gdy za m\u0105\u017c wysz\u0142a. A ja? B\u0119d\u0119 dopiero w drugiej klasie szko\u0142y \u015bredniej. Ona w moim wieku wtedy ju\u017c mia\u0142a ch\u0142opaka, a ja? Nawet dziewczyny nie mia\u0142em! <\/span><\/span><\/span><\/p>\n<p align=\"justify\"><span style=\"color: #000000;\"><span style=\"font-family: Book Antiqua, serif;\"><span style=\"font-size: large;\">To jest niesamowite, \u017ce ona w tak m\u0142odym wieku podj\u0119\u0142a tak powa\u017c\u0105 decyzj\u0119. A w wieku osiemnastu lat ju\u017c dziecko mieli i jeszcze kilkoro potem na \u015bwiecie powitali. Wytrwali do ko\u0144ca w ma\u0142\u017ce\u0144stwie? Wytrwali! <\/span><\/span><\/span><\/p>\n<p align=\"justify\"><span style=\"color: #000000;\"><span style=\"font-family: Book Antiqua, serif;\"><span style=\"font-size: large;\">A jak jest teraz? Dobrze, jak kto\u015b si\u0119 o\u017ceni \u2013 b\u0105d\u017a wyjdzie za m\u0105\u017c \u2013 do dwudziestego pi\u0105tego roku \u017cycia. A i tak wielu uwa\u017ca, \u017ce to tak wcze\u015bnie\u2026 To jest smutne! Dlaczego tak wielu m\u0142odych ludzi eksperymentuje ze swoim \u017cyciem? Proste: boj\u0105 si\u0119 zaufa\u0107 Bogu i wielu chce swoje \u017cycie u\u0142o\u017cy\u0107 po swojemu! Ale czy wtedy b\u0119dzie wierny Panu, czy sobie? <\/span><\/span><\/span><\/p>\n<p align=\"justify\"><span style=\"color: #000000;\"><span style=\"font-family: Book Antiqua, serif;\"><span style=\"font-size: large;\">Dlatego m\u00f3dlcie si\u0119 o odwag\u0119 dla m\u0142odych! Oraz o dobre wykorzystywanie dar\u00f3w Ducha \u015awi\u0119tego. Czasu jest ma\u0142o, a roboty w drodze do Kr\u00f3lestwa Bo\u017cego wiele!<\/span><\/span><\/span><\/p>\n","protected":false},"excerpt":{"rendered":"<p>Szcz\u0119\u015b\u0107 Bo\u017ce! Pozdrawiam serdecznie z Siedlec, gdzie dzisiaj przed po\u0142udniem b\u0119d\u0119 mia\u0142 rado\u015b\u0107 go\u015bci\u0107 Szymona Olendra, mojego Lektora z czas\u00f3w pos\u0142ugi w Celestynowie, a tak w og\u00f3le, to Cz\u0142owieka mi bardzo bliskiego i oddanego, a po po\u0142udniu zaszczyci mnie swoj\u0105 wizyt\u0105 Pani Doktor Joanna Borowicz, Osoba wielorako i tw\u00f3rczo zaanga\u017cowana w \u017cycie Diecezji siedleckiej, szczeg\u00f3lnie [&hellip;]<\/p>\n","protected":false},"author":1,"featured_media":0,"comment_status":"open","ping_status":"open","sticky":false,"template":"","format":"standard","meta":{"jetpack_post_was_ever_published":false,"_jetpack_newsletter_access":"","_jetpack_dont_email_post_to_subs":false,"_jetpack_newsletter_tier_id":0,"_jetpack_memberships_contains_paywalled_content":false,"_jetpack_memberships_contains_paid_content":false,"footnotes":""},"categories":[1],"tags":[],"class_list":["post-23955","post","type-post","status-publish","format-standard","hentry","category-bez-kategorii"],"yoast_head":"<!-- This site is optimized with the Yoast SEO plugin v25.1 - https:\/\/yoast.com\/wordpress\/plugins\/seo\/ -->\n<title>Kto spe\u0142nia wol\u0119 Ojca... - Gaudium Et Spes<\/title>\n<meta name=\"robots\" content=\"index, follow, max-snippet:-1, max-image-preview:large, max-video-preview:-1\" \/>\n<link rel=\"canonical\" href=\"https:\/\/gaudiumetspes-blog.pl\/index.php\/2025\/06\/26\/kto-spelnia-wole-ojca\/\" \/>\n<meta property=\"og:locale\" content=\"pl_PL\" \/>\n<meta property=\"og:type\" content=\"article\" \/>\n<meta property=\"og:title\" content=\"Kto spe\u0142nia wol\u0119 Ojca... - Gaudium Et Spes\" \/>\n<meta property=\"og:description\" content=\"Szcz\u0119\u015b\u0107 Bo\u017ce! Pozdrawiam serdecznie z Siedlec, gdzie dzisiaj przed po\u0142udniem b\u0119d\u0119 mia\u0142 rado\u015b\u0107 go\u015bci\u0107 Szymona Olendra, mojego Lektora z czas\u00f3w pos\u0142ugi w Celestynowie, a tak w og\u00f3le, to Cz\u0142owieka mi bardzo bliskiego i oddanego, a po po\u0142udniu zaszczyci mnie swoj\u0105 wizyt\u0105 Pani Doktor Joanna Borowicz, Osoba wielorako i tw\u00f3rczo zaanga\u017cowana w \u017cycie Diecezji siedleckiej, szczeg\u00f3lnie [&hellip;]\" \/>\n<meta property=\"og:url\" content=\"https:\/\/gaudiumetspes-blog.pl\/index.php\/2025\/06\/26\/kto-spelnia-wole-ojca\/\" \/>\n<meta property=\"og:site_name\" content=\"Gaudium Et Spes\" \/>\n<meta property=\"article:published_time\" content=\"2025-06-25T22:23:14+00:00\" \/>\n<meta name=\"author\" content=\"Ks. Jacek\" \/>\n<meta name=\"twitter:card\" content=\"summary_large_image\" \/>\n<meta name=\"twitter:label1\" content=\"Napisane przez\" \/>\n\t<meta name=\"twitter:data1\" content=\"Ks. Jacek\" \/>\n\t<meta name=\"twitter:label2\" content=\"Szacowany czas czytania\" \/>\n\t<meta name=\"twitter:data2\" content=\"8 minut\" \/>\n<script type=\"application\/ld+json\" class=\"yoast-schema-graph\">{\"@context\":\"https:\/\/schema.org\",\"@graph\":[{\"@type\":\"WebPage\",\"@id\":\"https:\/\/gaudiumetspes-blog.pl\/index.php\/2025\/06\/26\/kto-spelnia-wole-ojca\/\",\"url\":\"https:\/\/gaudiumetspes-blog.pl\/index.php\/2025\/06\/26\/kto-spelnia-wole-ojca\/\",\"name\":\"Kto spe\u0142nia wol\u0119 Ojca... - Gaudium Et Spes\",\"isPartOf\":{\"@id\":\"https:\/\/gaudiumetspes-blog.pl\/#website\"},\"datePublished\":\"2025-06-25T22:23:14+00:00\",\"author\":{\"@id\":\"https:\/\/gaudiumetspes-blog.pl\/#\/schema\/person\/1661982992b752dea8dff0d4ed845a65\"},\"breadcrumb\":{\"@id\":\"https:\/\/gaudiumetspes-blog.pl\/index.php\/2025\/06\/26\/kto-spelnia-wole-ojca\/#breadcrumb\"},\"inLanguage\":\"pl-PL\",\"potentialAction\":[{\"@type\":\"ReadAction\",\"target\":[\"https:\/\/gaudiumetspes-blog.pl\/index.php\/2025\/06\/26\/kto-spelnia-wole-ojca\/\"]}]},{\"@type\":\"BreadcrumbList\",\"@id\":\"https:\/\/gaudiumetspes-blog.pl\/index.php\/2025\/06\/26\/kto-spelnia-wole-ojca\/#breadcrumb\",\"itemListElement\":[{\"@type\":\"ListItem\",\"position\":1,\"name\":\"Strona g\u0142\u00f3wna\",\"item\":\"https:\/\/gaudiumetspes-blog.pl\/\"},{\"@type\":\"ListItem\",\"position\":2,\"name\":\"Kto spe\u0142nia wol\u0119 Ojca&#8230;\"}]},{\"@type\":\"WebSite\",\"@id\":\"https:\/\/gaudiumetspes-blog.pl\/#website\",\"url\":\"https:\/\/gaudiumetspes-blog.pl\/\",\"name\":\"Gaudium Et Spes\",\"description\":\"Blog Ks. Jacka Ja\u015bkowskiego\",\"potentialAction\":[{\"@type\":\"SearchAction\",\"target\":{\"@type\":\"EntryPoint\",\"urlTemplate\":\"https:\/\/gaudiumetspes-blog.pl\/?s={search_term_string}\"},\"query-input\":{\"@type\":\"PropertyValueSpecification\",\"valueRequired\":true,\"valueName\":\"search_term_string\"}}],\"inLanguage\":\"pl-PL\"},{\"@type\":\"Person\",\"@id\":\"https:\/\/gaudiumetspes-blog.pl\/#\/schema\/person\/1661982992b752dea8dff0d4ed845a65\",\"name\":\"Ks. Jacek\",\"image\":{\"@type\":\"ImageObject\",\"inLanguage\":\"pl-PL\",\"@id\":\"https:\/\/gaudiumetspes-blog.pl\/#\/schema\/person\/image\/\",\"url\":\"https:\/\/gaudiumetspes-blog.pl\/wp-content\/uploads\/2019\/07\/avatar-JJ-150x150.jpg\",\"contentUrl\":\"https:\/\/gaudiumetspes-blog.pl\/wp-content\/uploads\/2019\/07\/avatar-JJ-150x150.jpg\",\"caption\":\"Ks. Jacek\"},\"description\":\"Witam serdecznie! K\u0142ania si\u0119 Ks. Jacek Ja\u015bkowski. Nie jestem ani kim\u015b wa\u017cnym, ani kim\u015b znanym. Jestem ksi\u0119dzem, kt\u00f3ry po prostu chce rozmawia\u0107. Codzienna kap\u0142a\u0144ska pos\u0142uga pokazuje mi, \u017ce temat\u00f3w do rozm\u00f3w z ksi\u0119dzem jest coraz wi\u0119cej i dzisiaj \u017caden ksi\u0105dz nie mo\u017ce od nich ucieka\u0107, ale - wprost przeciwnie - podejmowa\u0107 nowe wyzwania. To przekonanie sk\u0142oni\u0142o mnie do pr\u00f3by otwarcia tego\u017c bloga, chocia\u017c okazji do rozm\u00f3w na co dzie\u0144 - w konfesjonale i poza nim - na szcz\u0119\u015bcie nie brakuje. My\u015bl\u0119 jednak, \u017ce ten blog b\u0119dzie jeszcze jednym sposobem i przestrzeni\u0105 nawi\u0105zania kontaktu z lud\u017ami dobrej woli, otwartymi na dialog.\",\"url\":\"https:\/\/gaudiumetspes-blog.pl\/index.php\/author\/ks-jacek\/\"}]}<\/script>\n<!-- \/ Yoast SEO plugin. -->","yoast_head_json":{"title":"Kto spe\u0142nia wol\u0119 Ojca... - Gaudium Et Spes","robots":{"index":"index","follow":"follow","max-snippet":"max-snippet:-1","max-image-preview":"max-image-preview:large","max-video-preview":"max-video-preview:-1"},"canonical":"https:\/\/gaudiumetspes-blog.pl\/index.php\/2025\/06\/26\/kto-spelnia-wole-ojca\/","og_locale":"pl_PL","og_type":"article","og_title":"Kto spe\u0142nia wol\u0119 Ojca... - Gaudium Et Spes","og_description":"Szcz\u0119\u015b\u0107 Bo\u017ce! Pozdrawiam serdecznie z Siedlec, gdzie dzisiaj przed po\u0142udniem b\u0119d\u0119 mia\u0142 rado\u015b\u0107 go\u015bci\u0107 Szymona Olendra, mojego Lektora z czas\u00f3w pos\u0142ugi w Celestynowie, a tak w og\u00f3le, to Cz\u0142owieka mi bardzo bliskiego i oddanego, a po po\u0142udniu zaszczyci mnie swoj\u0105 wizyt\u0105 Pani Doktor Joanna Borowicz, Osoba wielorako i tw\u00f3rczo zaanga\u017cowana w \u017cycie Diecezji siedleckiej, szczeg\u00f3lnie [&hellip;]","og_url":"https:\/\/gaudiumetspes-blog.pl\/index.php\/2025\/06\/26\/kto-spelnia-wole-ojca\/","og_site_name":"Gaudium Et Spes","article_published_time":"2025-06-25T22:23:14+00:00","author":"Ks. Jacek","twitter_card":"summary_large_image","twitter_misc":{"Napisane przez":"Ks. Jacek","Szacowany czas czytania":"8 minut"},"schema":{"@context":"https:\/\/schema.org","@graph":[{"@type":"WebPage","@id":"https:\/\/gaudiumetspes-blog.pl\/index.php\/2025\/06\/26\/kto-spelnia-wole-ojca\/","url":"https:\/\/gaudiumetspes-blog.pl\/index.php\/2025\/06\/26\/kto-spelnia-wole-ojca\/","name":"Kto spe\u0142nia wol\u0119 Ojca... - Gaudium Et Spes","isPartOf":{"@id":"https:\/\/gaudiumetspes-blog.pl\/#website"},"datePublished":"2025-06-25T22:23:14+00:00","author":{"@id":"https:\/\/gaudiumetspes-blog.pl\/#\/schema\/person\/1661982992b752dea8dff0d4ed845a65"},"breadcrumb":{"@id":"https:\/\/gaudiumetspes-blog.pl\/index.php\/2025\/06\/26\/kto-spelnia-wole-ojca\/#breadcrumb"},"inLanguage":"pl-PL","potentialAction":[{"@type":"ReadAction","target":["https:\/\/gaudiumetspes-blog.pl\/index.php\/2025\/06\/26\/kto-spelnia-wole-ojca\/"]}]},{"@type":"BreadcrumbList","@id":"https:\/\/gaudiumetspes-blog.pl\/index.php\/2025\/06\/26\/kto-spelnia-wole-ojca\/#breadcrumb","itemListElement":[{"@type":"ListItem","position":1,"name":"Strona g\u0142\u00f3wna","item":"https:\/\/gaudiumetspes-blog.pl\/"},{"@type":"ListItem","position":2,"name":"Kto spe\u0142nia wol\u0119 Ojca&#8230;"}]},{"@type":"WebSite","@id":"https:\/\/gaudiumetspes-blog.pl\/#website","url":"https:\/\/gaudiumetspes-blog.pl\/","name":"Gaudium Et Spes","description":"Blog Ks. Jacka Ja\u015bkowskiego","potentialAction":[{"@type":"SearchAction","target":{"@type":"EntryPoint","urlTemplate":"https:\/\/gaudiumetspes-blog.pl\/?s={search_term_string}"},"query-input":{"@type":"PropertyValueSpecification","valueRequired":true,"valueName":"search_term_string"}}],"inLanguage":"pl-PL"},{"@type":"Person","@id":"https:\/\/gaudiumetspes-blog.pl\/#\/schema\/person\/1661982992b752dea8dff0d4ed845a65","name":"Ks. Jacek","image":{"@type":"ImageObject","inLanguage":"pl-PL","@id":"https:\/\/gaudiumetspes-blog.pl\/#\/schema\/person\/image\/","url":"https:\/\/gaudiumetspes-blog.pl\/wp-content\/uploads\/2019\/07\/avatar-JJ-150x150.jpg","contentUrl":"https:\/\/gaudiumetspes-blog.pl\/wp-content\/uploads\/2019\/07\/avatar-JJ-150x150.jpg","caption":"Ks. Jacek"},"description":"Witam serdecznie! K\u0142ania si\u0119 Ks. Jacek Ja\u015bkowski. Nie jestem ani kim\u015b wa\u017cnym, ani kim\u015b znanym. Jestem ksi\u0119dzem, kt\u00f3ry po prostu chce rozmawia\u0107. Codzienna kap\u0142a\u0144ska pos\u0142uga pokazuje mi, \u017ce temat\u00f3w do rozm\u00f3w z ksi\u0119dzem jest coraz wi\u0119cej i dzisiaj \u017caden ksi\u0105dz nie mo\u017ce od nich ucieka\u0107, ale - wprost przeciwnie - podejmowa\u0107 nowe wyzwania. To przekonanie sk\u0142oni\u0142o mnie do pr\u00f3by otwarcia tego\u017c bloga, chocia\u017c okazji do rozm\u00f3w na co dzie\u0144 - w konfesjonale i poza nim - na szcz\u0119\u015bcie nie brakuje. My\u015bl\u0119 jednak, \u017ce ten blog b\u0119dzie jeszcze jednym sposobem i przestrzeni\u0105 nawi\u0105zania kontaktu z lud\u017ami dobrej woli, otwartymi na dialog.","url":"https:\/\/gaudiumetspes-blog.pl\/index.php\/author\/ks-jacek\/"}]}},"jetpack_featured_media_url":"","jetpack_sharing_enabled":true,"_links":{"self":[{"href":"https:\/\/gaudiumetspes-blog.pl\/index.php\/wp-json\/wp\/v2\/posts\/23955","targetHints":{"allow":["GET"]}}],"collection":[{"href":"https:\/\/gaudiumetspes-blog.pl\/index.php\/wp-json\/wp\/v2\/posts"}],"about":[{"href":"https:\/\/gaudiumetspes-blog.pl\/index.php\/wp-json\/wp\/v2\/types\/post"}],"author":[{"embeddable":true,"href":"https:\/\/gaudiumetspes-blog.pl\/index.php\/wp-json\/wp\/v2\/users\/1"}],"replies":[{"embeddable":true,"href":"https:\/\/gaudiumetspes-blog.pl\/index.php\/wp-json\/wp\/v2\/comments?post=23955"}],"version-history":[{"count":1,"href":"https:\/\/gaudiumetspes-blog.pl\/index.php\/wp-json\/wp\/v2\/posts\/23955\/revisions"}],"predecessor-version":[{"id":23956,"href":"https:\/\/gaudiumetspes-blog.pl\/index.php\/wp-json\/wp\/v2\/posts\/23955\/revisions\/23956"}],"wp:attachment":[{"href":"https:\/\/gaudiumetspes-blog.pl\/index.php\/wp-json\/wp\/v2\/media?parent=23955"}],"wp:term":[{"taxonomy":"category","embeddable":true,"href":"https:\/\/gaudiumetspes-blog.pl\/index.php\/wp-json\/wp\/v2\/categories?post=23955"},{"taxonomy":"post_tag","embeddable":true,"href":"https:\/\/gaudiumetspes-blog.pl\/index.php\/wp-json\/wp\/v2\/tags?post=23955"}],"curies":[{"name":"wp","href":"https:\/\/api.w.org\/{rel}","templated":true}]}}