{"id":23958,"date":"2025-06-27T00:34:37","date_gmt":"2025-06-26T22:34:37","guid":{"rendered":"https:\/\/gaudiumetspes-blog.pl\/?p=23958"},"modified":"2025-06-27T00:34:37","modified_gmt":"2025-06-26T22:34:37","slug":"przestawmy-drzwi-serca","status":"publish","type":"post","link":"https:\/\/gaudiumetspes-blog.pl\/index.php\/2025\/06\/27\/przestawmy-drzwi-serca\/","title":{"rendered":"Przestawmy drzwi serca!"},"content":{"rendered":"<p align=\"justify\"><span style=\"color: #000000;\"><span style=\"font-family: Book Antiqua, serif;\"><span style=\"font-size: large;\">Szcz\u0119\u015b\u0107 Bo\u017ce! Moi Drodzy, w dniu dzisiejszym <b>urodziny prze\u017cywaj\u0105:<\/b><\/span><\/span><\/span><\/p>\n<p align=\"justify\"><span style=\"color: #000000;\">\u25ba<span style=\"font-family: Book Antiqua, serif;\"><span style=\"font-size: large;\"><b>Miros\u0142aw Oleszczuk, m\u00f3j Wujek, Brat Mamy, kt\u00f3remu serdecznie dzi\u0119kuj\u0119 za \u017cyczliwo\u015b\u0107 i jasne zasady, kt\u00f3rymi si\u0119 konsekwentnie kieruje w \u017cyciu oraz za \u015bwiadectwo intensywnego poszukiwania prawdy;<\/b><\/span><\/span><\/span><\/p>\n<p align=\"justify\"><span style=\"color: #000000;\">\u25ba<span style=\"font-family: Book Antiqua, serif;\"><span style=\"font-size: large;\"><b>Siostra Iwona Jagie\u0142ka \u2013 Siostra od Anio\u0142\u00f3w, wsp\u00f3\u0142pracuj\u0105ca w swoim czasie z Ksi\u0119dzem Markiem w Surgucie.<\/b><\/span><\/span><\/span><\/p>\n<p align=\"justify\"><span style=\"color: #000000;\"><span style=\"font-family: Book Antiqua, serif;\"><span style=\"font-size: large;\"><b>Imieniny natomiast prze\u017cywaj\u0105:<\/b><\/span><\/span><\/span><\/p>\n<p align=\"justify\"><span style=\"color: #000000;\">\u25ba<span style=\"font-family: Book Antiqua, serif;\"><span style=\"font-size: large;\"><b>Ksi\u0105dz W\u0142adys\u0142aw Trojanowski \u2013 za czas\u00f3w mojej pos\u0142ugi: Proboszcz Parafii w T\u0142uszczu, w Diecezji warszawsko \u2013 praskiej;<\/b><\/span><\/span><\/span><\/p>\n<p align=\"justify\"><span style=\"color: #000000;\">\u25ba<span style=\"font-family: Book Antiqua, serif;\"><span style=\"font-size: large;\"><b>W\u0142adys\u0142awa K\u0142uci\u0144ska, moja Ciocia, Siostra Taty.<\/b><\/span><\/span><\/span><\/p>\n<p align=\"justify\"><span style=\"color: #000000;\"><span style=\"font-family: Book Antiqua, serif;\"><span style=\"font-size: large;\"><b>Wszystkich \u015bwi\u0119tuj\u0105cych otaczam modlitw\u0105, \u017cycz\u0105c \u015bwiate\u0142 i natchnie\u0144 Bo\u017cych!<\/b><\/span><\/span><\/span><\/p>\n<p align=\"justify\"><span style=\"color: #000000;\"><span style=\"font-family: Book Antiqua, serif;\"><span style=\"font-size: large;\">Drodzy moi, dzisiaj nie ma obowi\u0105zku uczestniczenia we Mszy \u015awi\u0119tej, ale gdyby kto\u015b m\u00f3g\u0142, to bardzo zach\u0119cam! Uwa\u017cam bowiem, \u017ce ta przepi\u0119kna Uroczysto\u015b\u0107, kt\u00f3r\u0105 dzi\u015b prze\u017cywamy, jest w naszej polskiej pobo\u017cno\u015bci troch\u0119 za ma\u0142o doceniana. P\u00f3jd\u017acie, moi Drodzy, na Msz\u0119 \u015awi\u0119t\u0105! Oczywi\u015bcie, na pewno pami\u0119tamy, \u017ce dzisiaj nie obowi\u0105zuje nas pi\u0105tkowa wstrzemi\u0119\u017aliwo\u015b\u0107 od pokarm\u00f3w mi\u0119snych \u2013 z racji na uroczysto\u015b\u0107 liturgiczn\u0105.<\/span><\/span><\/span><\/p>\n<p align=\"justify\"><span style=\"color: #000000;\"><span style=\"font-family: Book Antiqua, serif;\"><span style=\"font-size: large;\">A ja dzisiaj \u2013 po raz pierwszy \u2013 pos\u0142uguj\u0119 w Parafii w D\u0119bowej K\u0142odzie, gdzie odprawi\u0119 Msz\u0119 \u015awi\u0119t\u0105 o 8:30, a potem \u2013 Msz\u0119 \u015awi\u0119t\u0105 odpustow\u0105 \u2013 o 12:00. Bardzo dzi\u0119kuj\u0119 Proboszczowi, Ksi\u0119dzu Arturowi Petkowiczowi, za zaproszenie! I dzi\u0119kuj\u0119 Parafii w D\u0119bowej K\u0142odzie za dwukrotny udzia\u0142 w audycji, w ramach cyklu: WIELKI DUCH W MA\u0141EJ PARAFII, w Katolickim Radiu Podlasie. <\/span><\/span><\/span><\/p>\n<p align=\"justify\"><span style=\"color: #000000;\"><span style=\"font-family: Book Antiqua, serif;\"><span style=\"font-size: large;\">Natomiast o 18:00 \u2013 Msza \u015awi\u0119ta w Parafii Brzozowica, w zast\u0119pstwie za Proboszcza, Ksi\u0119dza Tomasza Ma\u0142ki\u0144skiego. Potem przejazd do Lublina.<\/span><\/span><\/span><\/p>\n<p align=\"justify\"><span style=\"color: #000000;\"><span style=\"font-family: Book Antiqua, serif;\"><span style=\"font-size: large;\">Teraz za\u015b zapraszam do pochylenia si\u0119 nad Bo\u017cym s\u0142owem dzisiejszej liturgii. Oto s\u0142\u00f3wko Ksi\u0119dza Marka na dzi\u015b:<\/span><\/span><\/span><\/p>\n<p align=\"justify\"><span style=\"color: #000000;\"><span style=\"font-family: Book Antiqua, serif;\"><span style=\"font-size: medium;\"><a href=\"https:\/\/www.youtube.com\/c\/CatholicSurgut\"><span style=\"font-size: large;\"><b>https:\/\/www.youtube.com\/c\/CatholicSurgut<\/b><\/span><\/a><\/span><\/span><\/span><\/p>\n<p align=\"justify\"><span style=\"color: #000000;\"><span style=\"font-family: Book Antiqua, serif;\"><span style=\"font-size: large;\">Zatem, <b>c<\/b><b>o Pan konkretnie m\u00f3wi dzisiaj do mnie? Czego ode mnie oczekuje?<\/b> Niech Duch \u015awi\u0119ty pomo\u017ce w\u0142a\u015bciwie odczyta\u0107!<\/span><\/span><\/span><\/p>\n<p align=\"justify\"><span style=\"color: #000000;\"><span style=\"font-family: Book Antiqua, serif;\"><span style=\"font-size: large;\"><b>Niech Was b\u0142ogos\u0142awi B\u00f3g Wszechmog\u0105cy: Ojciec + i Syn, i Duch \u015awi\u0119ty. Amen<\/b><\/span><\/span><\/span><\/p>\n<p align=\"center\"><span style=\"color: #000000;\"><span style=\"font-family: Book Antiqua, serif;\"><span style=\"font-size: large;\">Gaudium et spes! Ks. Jacek<\/span><\/span><\/span><\/p>\n<p align=\"center\">\n<p align=\"center\">\n<p align=\"center\">\n<p align=\"center\">\n<p align=\"center\">\n<p align=\"justify\"><span style=\"color: #000000;\"><span style=\"font-family: Book Antiqua, serif;\"><span style=\"font-size: large;\"><b>UROCZYSTO\u015a\u0106 ODPUSTOWA <\/b><\/span><\/span><\/span><\/p>\n<p align=\"justify\"><span style=\"color: #000000;\"><span style=\"font-family: Book Antiqua, serif;\"><span style=\"font-size: large;\"><b>Naj\u015bwi\u0119tszego Serca Pana Jezusa, C,<\/b><\/span><\/span><\/span><\/p>\n<p align=\"justify\"><span style=\"color: #000000;\"><span style=\"font-family: Book Antiqua, serif;\"><span style=\"font-size: large;\"><b>27 czerwca 2025.,\u00a0<\/b><\/span><\/span><\/span><\/p>\n<p align=\"justify\"><span style=\"color: #000000;\"><span style=\"font-family: Book Antiqua, serif;\"><span style=\"font-size: large;\"><b>do czyta\u0144: Ez 34,11\u201316; Rz 5,5\u201311; \u0141k 15,3\u20137<\/b><\/span><\/span><\/span><\/p>\n<p align=\"justify\">\n<p align=\"justify\">\n<p align=\"justify\">\n<p align=\"justify\">\n<p align=\"justify\">\n<p align=\"justify\"><span style=\"color: #000000;\"><span style=\"font-family: Book Antiqua, serif;\"><span style=\"font-size: large;\"><b>CZYTANIE Z KSI\u0118GI PROROKA EZECHIELA: <\/b><\/span><\/span><\/span><\/p>\n<p align=\"justify\"><span style=\"color: #000000;\"><span style=\"font-family: Book Antiqua, serif;\"><span style=\"font-size: large;\"><b>To m\u00f3wi Pan B\u00f3g: \u201eOto Ja sam b\u0119d\u0119 szuka\u0142 moich owiec i b\u0119d\u0119 mia\u0142 o nie piecz\u0119. Jak pasterz dokonuje przegl\u0105du swojej trzody, wtedy gdy znajdzie si\u0119 w\u015br\u00f3d rozproszonych owiec, tak Ja dokonam przegl\u0105du moich owiec i uwolni\u0119 je ze wszystkich miejsc, dok\u0105d si\u0119 rozproszy\u0142y w dni ciemne i mroczne. Wyprowadz\u0119 je spomi\u0119dzy narod\u00f3w i zgromadz\u0119 je z kraj\u00f3w, sprowadz\u0119 je z powrotem do ich ziemi i pa\u015b\u0107 je b\u0119d\u0119 na g\u00f3rach izraelskich, w dolinach i we wszystkich zamieszka\u0142ych miejscach kraju. Na dobrym pastwisku b\u0119d\u0119 je pas\u0142, na wy\u017cynach Izraela ma by\u0107 ich pastwisko. Wtedy b\u0119d\u0105 one le\u017ca\u0142y na dobrym pastwisku, na t\u0142ustym pastwisku pa\u015b\u0107 si\u0119 b\u0119d\u0105 na g\u00f3rach izraelskich. <\/b><\/span><\/span><\/span><\/p>\n<p align=\"justify\"><span style=\"color: #000000;\"><span style=\"font-family: Book Antiqua, serif;\"><span style=\"font-size: large;\"><b>Ja sam b\u0119d\u0119 pas\u0142 moje owce i Ja sam b\u0119d\u0119 je uk\u0142ada\u0142 na legowisko, m\u00f3wi Pan B\u00f3g. Zagubion\u0105 odszukam, zab\u0142\u0105kan\u0105 sprowadz\u0119 z powrotem, skaleczon\u0105 opatrz\u0119, chor\u0105 umocni\u0119, a t\u0142ust\u0105 i mocn\u0105 b\u0119d\u0119 ochrania\u0142. B\u0119d\u0119 pas\u0142 sprawiedliwie\u201d.<\/b><\/span><\/span><\/span><\/p>\n<p align=\"justify\">\n<p align=\"justify\">\n<p align=\"justify\">\n<p align=\"justify\">\n<p align=\"justify\">\n<p align=\"justify\"><span style=\"color: #000000;\"><span style=\"font-family: Book Antiqua, serif;\"><span style=\"font-size: large;\"><b>CZYTANIE Z LISTU \u015aWI\u0118TEGO PAW\u0141A APOSTO\u0141A DO RZYMIAN: <\/b><\/span><\/span><\/span><\/p>\n<p align=\"justify\"><span style=\"color: #000000;\"><span style=\"font-family: Book Antiqua, serif;\"><span style=\"font-size: large;\"><b>Bracia: Mi\u0142o\u015b\u0107 Bo\u017ca rozlana jest w sercach naszych przez Ducha \u015awi\u0119tego, kt\u00f3ry zosta\u0142 nam dany. Chrystus bowiem umar\u0142 za nas jako za grzesznik\u00f3w w oznaczonym czasie, gdy\u015bmy jeszcze byli bezsilni. A nawet za cz\u0142owieka sprawiedliwego podejmuje si\u0119 kto\u015b umrze\u0107 tylko z najwi\u0119ksz\u0105 trudno\u015bci\u0105. Chocia\u017c mo\u017ce jeszcze za cz\u0142owieka \u017cyczliwego odwa\u017cy\u0142by si\u0119 kto\u015b ponie\u015b\u0107 \u015bmier\u0107. <\/b><\/span><\/span><\/span><\/p>\n<p align=\"justify\"><span style=\"color: #000000;\"><span style=\"font-family: Book Antiqua, serif;\"><span style=\"font-size: large;\"><b>B\u00f3g za\u015b okazuje nam swoj\u0105 mi\u0142o\u015b\u0107 w\u0142a\u015bnie przez to, \u017ce Chrystus umar\u0142 za nas, gdy\u015bmy byli jeszcze grzesznikami. Tym bardziej wi\u0119c b\u0119dziemy przez Niego zachowani od karz\u0105cego gniewu, gdy teraz przez Krew Jego zostali\u015bmy usprawiedliwieni. <\/b><\/span><\/span><\/span><\/p>\n<p align=\"justify\"><span style=\"color: #000000;\"><span style=\"font-family: Book Antiqua, serif;\"><span style=\"font-size: large;\"><b>Je\u017celi bowiem b\u0119d\u0105c nieprzyjaci\u00f3\u0142mi zostali\u015bmy pojednani z Bogiem przez \u015bmier\u0107 Jego Syna, to tym bardziej b\u0119d\u0105c ju\u017c pojednani, dost\u0105pimy zbawienia przez Jego \u017cycie. I nie tylko to, ale i chlubi\u0107 si\u0119 mo\u017cemy w Bogu przez Pana naszego Jezusa Chrystusa, przez kt\u00f3rego teraz uzyskali\u015bmy pojednanie.<\/b><\/span><\/span><\/span><\/p>\n<p align=\"justify\">\n<p align=\"justify\">\n<p align=\"justify\">\n<p align=\"justify\">\n<p align=\"justify\">\n<p align=\"justify\"><span style=\"color: #000000;\"><span style=\"font-family: Book Antiqua, serif;\"><span style=\"font-size: large;\"><b>S\u0141OWA EWANGELII WED\u0141UG \u015aWI\u0118TEGO \u0141UKASZA:<\/b><\/span><\/span><\/span><\/p>\n<p align=\"justify\"><span style=\"color: #000000;\"><span style=\"font-family: Book Antiqua, serif;\"><span style=\"font-size: large;\"><b>Jezus opowiedzia\u0142 faryzeuszom i uczonym w Pi\u015bmie nast\u0119puj\u0105c\u0105 przypowie\u015b\u0107: <\/b><\/span><\/span><\/span><\/p>\n<p align=\"justify\"><span style=\"color: #000000;\">\u201e<span style=\"font-family: Book Antiqua, serif;\"><span style=\"font-size: large;\"><b>Kt\u00f3\u017c z was, gdy ma sto owiec, a zgubi jedn\u0105 z nich, nie zostawia dziewi\u0119\u0107dziesi\u0119ciu dziewi\u0119ciu na pustyni i nie idzie za zagubion\u0105, a\u017c j\u0105 znajdzie? A gdy j\u0105 znajdzie, bierze z rado\u015bci\u0105 na ramiona i wraca do domu; sprasza przyjaci\u00f3\u0142 i s\u0105siad\u00f3w i m\u00f3wi im: \u00abCieszcie si\u0119 ze mn\u0105, bo znalaz\u0142em owc\u0119, kt\u00f3ra mi zgin\u0119\u0142a\u00bb. <\/b><\/span><\/span><\/span><\/p>\n<p align=\"justify\"><span style=\"color: #000000;\"><span style=\"font-family: Book Antiqua, serif;\"><span style=\"font-size: large;\"><b>Powiadam wam: Tak samo w niebie wi\u0119ksza b\u0119dzie rado\u015b\u0107 z jednego grzesznika, kt\u00f3ry si\u0119 nawraca, ni\u017c z dziewi\u0119\u0107dziesi\u0119ciu dziewi\u0119ciu sprawiedliwych, kt\u00f3rzy nie potrzebuj\u0105 nawr\u00f3cenia\u201d.<\/b><\/span><\/span><\/span><\/p>\n<p align=\"justify\">\n<p align=\"justify\">\n<p align=\"justify\">\n<p align=\"justify\">\n<p align=\"justify\">\n<p align=\"justify\"><span style=\"color: #000000;\"><span style=\"font-family: Book Antiqua, serif;\"><span style=\"font-size: large;\">Wobec tego, \u017ce <b>ziemscy pasterze nie wywi\u0105zywali si\u0119<\/b> ze swojego zadania jak nale\u017cy, B\u00f3g przez Proroka Ezechiela \u2013 jak s\u0142yszeli\u015bmy w dzisiejszym pierwszym czytaniu \u2013 zapowiada: <i><b>Oto Ja sam b\u0119d\u0119 szuka\u0142 moich owiec i b\u0119d\u0119 mia\u0142 o nie piecz\u0119. Jak pasterz dokonuje przegl\u0105du swojej trzody, wtedy gdy znajdzie si\u0119 w\u015br\u00f3d rozproszonych owiec, tak Ja dokonam przegl\u0105du moich owiec i uwolni\u0119 je ze wszystkich miejsc, dok\u0105d si\u0119 rozproszy\u0142y w dni ciemne i mroczne. <\/b><\/i><\/span><\/span><\/span><\/p>\n<p align=\"justify\"><span style=\"color: #000000;\"><span style=\"font-family: Book Antiqua, serif;\"><span style=\"font-size: large;\">I nieco dalej: <i><b>Ja sam b\u0119d\u0119 pas\u0142 moje owce i Ja sam b\u0119d\u0119 je uk\u0142ada\u0142 na legowisko, m\u00f3wi Pan B\u00f3g. Zagubion\u0105 odszukam, zab\u0142\u0105kan\u0105 sprowadz\u0119 z powrotem, skaleczon\u0105 opatrz\u0119, chor\u0105 umocni\u0119, a t\u0142ust\u0105 i mocn\u0105 b\u0119d\u0119 ochrania\u0142. B\u0119d\u0119 pas\u0142 sprawiedliwie. <\/b><\/i><\/span><\/span><\/span><\/p>\n<p align=\"justify\"><span style=\"color: #000000;\"><span style=\"font-family: Book Antiqua, serif;\"><span style=\"font-size: large;\">Warto tu zaznaczy\u0107, \u017ce w Starym Testamencie <b>pasterzami ludu okre\u015blano<\/b> nie tylko duchowych przewodnik\u00f3w, ale te\u017c <b>w\u0142adc\u00f3w \u015bwieckich. <\/b>Zreszt\u0105, cz\u0119sto te wymiary by\u0142y bliskie sobie, czasami wr\u0119cz ca\u0142kowicie zjednoczone. I oto dzisiaj okazuje si\u0119, \u017ce <b>B\u00f3g nie mog\u0105c doczeka\u0107 si\u0119,<\/b> by pasterze, kt\u00f3rych pos\u0142a\u0142 do ludu, zaj\u0119li si\u0119 nim nale\u017cycie \u2013 <b>sam postanowi\u0142 si\u0119 nimi zaj\u0105\u0107.<\/b> I w\u0142a\u015bnie to dzisiaj zosta\u0142o wyra\u017anie zapowiedziane w pierwszym czytaniu. Takie przes\u0142anie otrzymujemy, Drodzy moi, dzisiaj, <b>w Uroczysto\u015b\u0107 Serca Pana Jezusa. <\/b><\/span><\/span><\/span><\/p>\n<p align=\"justify\"><span style=\"color: #000000;\"><span style=\"font-family: Book Antiqua, serif;\"><span style=\"font-size: large;\">Mo\u017cemy zapyta\u0107: <b>dlaczego w\u0142a\u015bnie takie? <\/b>Przecie\u017c tu nie ma <b>ani jednego s\u0142owa o czyimkolwiek sercu:<\/b> ani Boskim, ani ludzkim. Dlaczego zatem ten tekst liturgia Ko\u015bcio\u0142a daje nam dzisiaj? Zapewne z tego samego powodu, z jakiego w Ewangelii s\u0142yszymy to pytanie Jezusa: <i><b>Kt\u00f3\u017c z was, gdy ma sto owiec, a zgubi jedn\u0105 z nich, nie zostawia dziewi\u0119\u0107dziesi\u0119ciu dziewi\u0119ciu na pustyni i nie idzie za zagubion\u0105, a\u017c j\u0105 znajdzie?<\/b><\/i><i> <\/i><\/span><\/span><\/span><\/p>\n<p align=\"justify\"><span style=\"color: #000000;\"><span style=\"font-family: Book Antiqua, serif;\"><span style=\"font-size: large;\">Zwr\u00f3\u0107my uwag\u0119, \u017ce Jezus m\u00f3wi to <b>do ludzi, kt\u00f3rzy si\u0119 tym fachem trudnili i znali si\u0119 na rzeczy. <\/b>I m\u00f3wi to z tak\u0105 absolutn\u0105 oczywisto\u015bci\u0105, traktuj\u0105c to wr\u0119cz jako pytanie retoryczne, czyli odpowied\u017a zasadniczo powinna brzmie\u0107: <b>ka\u017cdy z nas! <\/b>Tak, ka\u017cdy pasterz zostawi dziewi\u0119\u0107dziesi\u0105t dziewi\u0119\u0107, a p\u00f3jdzie za jedn\u0105. Tak by <b>logicznie wynika\u0142o z ca\u0142ego kontekstu. <\/b>Tymczasem, prawdziwa odpowied\u017a na to pytanie \u2013 odpowied\u017a wynikaj\u0105ca z do\u015bwiadczenia w zajmowaniu si\u0119 pasterstwem \u2013 brzmi: <b>\u017caden!<\/b> Tak, \u017caden <b>roztropny i odpowiedzialny pasterz tak nie zrobi.<\/b> <\/span><\/span><\/span><\/p>\n<p align=\"justify\"><span style=\"color: #000000;\"><span style=\"font-family: Book Antiqua, serif;\"><span style=\"font-size: large;\">Nie narazi na tak wielkie niebezpiecze\u0144stwo ca\u0142ego stada, \u017ceby chodzi\u0107 za jedn\u0105 uciekinierk\u0105, bo zwyczajnie <b>nie b\u0119dzie mu si\u0119 to ekonomicznie kalkulowa\u0142o,<\/b> a do tego: istnieje du\u017ce prawdopodobie\u0144stwo, \u017ce owa uciekinierka, po przywr\u00f3ceniu jej do stada, <b>uciek\u0142aby ponownie, <\/b>tylko tym razem jeszcze <b>poci\u0105gaj\u0105c za sob\u0105 kilka kolejnych uciekinierek! <\/b>Zatem, na pewno ka\u017cdy rozs\u0105dny i do\u015bwiadczony pasterz \u2013 a Jezus przecie\u017c do takich m\u00f3wi\u0142 \u2013 <b>po\u015bwi\u0119ci\u0142by t\u0119 jedn\u0105, <\/b>a zaj\u0105\u0142 si\u0119 ca\u0142\u0105 reszt\u0105. <\/span><\/span><\/span><\/p>\n<p align=\"justify\"><span style=\"color: #000000;\"><span style=\"font-family: Book Antiqua, serif;\"><span style=\"font-size: large;\">Je\u017celi zatem Jezus m\u00f3wi co\u015b zupe\u0142nie, ale to zupe\u0142nie przeciwnego, to nie dlatego, \u017ce uwa\u017ca swoich rozm\u00f3wc\u00f3w <b>za jakich\u015b g\u0142upich, <\/b>kt\u00f3rym ka\u017cdy \u201ekit\u201d mo\u017cna wcisn\u0105\u0107, ale dlatego, \u017ce w ten spos\u00f3b chce co\u015b bardzo wa\u017cnego zaakcentowa\u0107: chce w ten spos\u00f3b <b>pokaza\u0107 bezmiar mi\u0142o\u015bci swojego <\/b><b>S<\/b><b>erca <\/b>do ka\u017cdego jednego cz\u0142owieka \u2013 do ka\u017cdego jednego pogubionego cz\u0142owieka! Dlatego ukazuje <b>tak niezwyk\u0142y obraz pasterza,<\/b> poszukuj\u0105cego jednej owcy\u2026 <\/span><\/span><\/span><\/p>\n<p align=\"justify\"><span style=\"color: #000000;\"><span style=\"font-family: Book Antiqua, serif;\"><span style=\"font-size: large;\">Nara\u017caj\u0105c si\u0119 wr\u0119cz <b>na niedowierzanie, <\/b>a mo\u017ce nawet krytyk\u0119 ze strony s\u0142uchaczy, albo oskar\u017cenie o niepowa\u017cne ich traktowanie \u2013 Jezus bardzo \u015bwiadomie m\u00f3wi to, co B\u00f3g powiedzia\u0142 w pierwszym czytaniu. C\u00f3\u017c takiego? A to w\u0142a\u015bnie, \u017ce <b>Mu na ka\u017cdym cz\u0142owieku zale\u017cy! Na ka\u017cdym jednym! <\/b>I \u017ce ten jeden jest dla Niego tak samo wa\u017cny, jak tych dziewi\u0119\u0107dziesi\u0119ciu dziewi\u0119ciu. Co oczywi\u015bcie nie oznacza, \u017ce fakt, i\u017c tych dziewi\u0119\u0107dziesi\u0105t dziewi\u0119\u0107 owiec jest w stadzie i nie ucieka \u2013 nie ma dla Niego znaczenia. <b>Oczywi\u015bcie, \u017ce ma \u2013<\/b> i nagroda za to ich trwanie b\u0119dzie w wieczno\u015bci wielka! <\/span><\/span><\/span><\/p>\n<p align=\"justify\"><span style=\"color: #000000;\"><span style=\"font-family: Book Antiqua, serif;\"><span style=\"font-size: large;\">Ale Jezusowi zale\u017cy tak\u017ce <b>na tym, kt\u00f3ry z r\u00f3\u017cnych powod\u00f3w z <\/b><b>Jego Owczarni<\/b><b> odszed\u0142,<\/b> mo\u017ce si\u0119 pogubi\u0142, a mo\u017ce z jakiego\u015b innego powodu straci\u0142 nadziej\u0119, straci\u0142 poczucie sensu\u2026 <b>Tak\u017ce takich Jezus bardzo kocha<\/b> i o nich nie zapomina! O nikim nie zapomina! Nikogo nie spisuje na straty. Spraw\u0119 odnalezienia ka\u017cdego pogubionego i przyprowadzenia z powrotem do Ko\u015bcio\u0142a <b>traktuje jako spraw\u0119 priorytetow\u0105! <\/b><\/span><\/span><\/span><\/p>\n<p align=\"justify\"><span style=\"color: #000000;\"><span style=\"font-family: Book Antiqua, serif;\"><span style=\"font-size: large;\">O tej wielkiej, wr\u0119cz niezmierzonej mi\u0142o\u015bci Jezusa do ka\u017cdej i ka\u017cdego z nas, tak m\u00f3wi dzisiaj Aposto\u0142 Pawe\u0142, w drugim czytaniu: <i><b>Mi\u0142o\u015b\u0107 Bo\u017ca rozlana jest w sercach naszych przez Ducha \u015awi\u0119tego, kt\u00f3ry zosta\u0142 nam dany. Chrystus bowiem umar\u0142 za nas jako za grzesznik\u00f3w w oznaczonym czasie, gdy\u015bmy jeszcze byli<\/b><\/i><b> <\/b><i><b>bezsilni. A nawet za cz\u0142owieka sprawiedliwego podejmuje si\u0119 kto\u015b umrze\u0107 tylko z najwi\u0119ksz\u0105 trudno\u015bci\u0105. Chocia\u017c mo\u017ce jeszcze za cz\u0142owieka \u017cyczliwego odwa\u017cy\u0142by si\u0119 kto\u015b ponie\u015b\u0107 \u015bmier\u0107. B\u00f3g za\u015b okazuje nam swoj\u0105 mi\u0142o\u015b\u0107 w\u0142a\u015bnie przez to, \u017ce Chrystus umar\u0142 za nas, gdy\u015bmy byli jeszcze grzesznikami. <\/b><\/i><\/span><\/span><\/span><\/p>\n<p align=\"justify\"><span style=\"color: #000000;\"><span style=\"font-family: Book Antiqua, serif;\"><span style=\"font-size: large;\">I c\u00f3\u017c tu mo\u017cna jeszcze doda\u0107? <b>Oto mi\u0142o\u015b\u0107 serca Jezusowego!<\/b> I dzisiaj w\u0142a\u015bnie za t\u0119 mi\u0142o\u015b\u0107 dzi\u0119kujemy. Nie za serce jako takie, <b>jako<\/b><b> jeden z narz\u0105d\u00f3w w ludzkim organizmie,<\/b> ale za to, czego jest ono znakiem i symbolem, czyli <b>za <\/b><b>mi\u0142o\u015b<\/b><b>\u0107<\/b><b> Boga do cz\u0142owieka!<\/b> Do ka\u017cdego jednego cz\u0142owieka! O tym dzisiaj m\u00f3wimy, za to dzisiaj Panu naszemu dzi\u0119kujemy! Za to, \u017ce <b>ka\u017cdy cz\u0142owiek<\/b> jest dla Niego kim\u015b bardzo wa\u017cnym \u2013 <b>najwa\u017cniejszym! <\/b><\/span><\/span><\/span><\/p>\n<p align=\"justify\"><span style=\"color: #000000;\"><span style=\"font-family: Book Antiqua, serif;\"><span style=\"font-size: large;\">I za to, \u017ce w Bo\u017cym spojrzeniu na cz\u0142owieka <b>nie ma rozr\u00f3\u017cniania <\/b>na tych wa\u017cniejszych \u2013 i mniej wa\u017cnych; na tych bardziej potrzebnych \u2013 <b>i tych bezu\u017cytecznych,<\/b> albo ma\u0142o przydatnych; na tych wysoko wykszta\u0142conych \u2013 <b>i tych <\/b><b>nieuczonych<\/b><b>; <\/b>na tych wysoko postawionych \u2013 i tych <b>ze spo\u0142ecznych nizin;<\/b> na tych wielkich i wa\u017cnych \u2013 i tych <b>zwyczajnych, szarych, przeci\u0119tnych\u2026<\/b> Ot\u00f3\u017c, dla Jezusa nikt z ludzi nie jest szary, przeci\u0119tny, g\u0142upi, niewa\u017cny, nieprzydatny! <\/span><\/span><\/span><\/p>\n<p align=\"justify\"><span style=\"color: #000000;\"><span style=\"font-family: Book Antiqua, serif;\"><span style=\"font-size: large;\">W Naj\u015bwi\u0119tszym Sercu Pana Jezusa<b> ka\u017cda i ka\u017cdy z nas ma swoje miejsce <\/b>\u2013 swoje indywidualne miejsce, przeznaczone tylko dla siebie. Bo ka\u017cd\u0105 i ka\u017cdego z nas <b>Jezus widzi i kocha \u2013 osobi\u015bcie, indywidualnie i po imieniu! <\/b>To my, ludzie, stosujemy jakie\u015b swoje dziwne rozr\u00f3\u017cnienia, warto\u015bciowania \u2013 wed\u0142ug jakich\u015b w\u0142asnych, nie do ko\u0144ca zrozumia\u0142ych kryteri\u00f3w. Serce Jezusa takich rozr\u00f3\u017cnie\u0144 i takiego warto\u015bciowania nie stosuje. Serce Jezusa <b>szuka ka\u017cdego cz\u0142owieka,<\/b> za ka\u017cdym t\u0119skni, ka\u017cdego kocha. Serce Jezusa <b>sk\u0142ania si\u0119 ku ludzkiemu sercu<\/b> \u2013 ka\u017cdemu. <\/span><\/span><\/span><\/p>\n<p align=\"justify\"><span style=\"color: #000000;\"><span style=\"font-family: Book Antiqua, serif;\"><span style=\"font-size: large;\">I je\u017celi za ka\u017cdym razem, kiedy ko\u0144czymy Litani\u0119 do Serca Pana Jezusa, m\u00f3wimy: <b>\u201eJezu cichy i pokornego serca \u2013 uczy\u0144 serca nasze wed\u0142ug Serca Twego\u201d,<\/b> to w ten spos\u00f3b wyra\u017camy w\u0142a\u015bnie owo pragnienie i ow\u0105 intencj\u0119, <b>aby poszerza\u0107 nasze serc<\/b><b>a<\/b><b>, aby zwi\u0119ksza\u0107 <\/b><b>pojemno\u015b\u0107 naszych serc, <\/b>aby jak najwi\u0119cej ludzi mog\u0142o si\u0119 w nim pomie\u015bci\u0107. Aby\u015bmy nigdy nikogo \u2013 z jakiegokolwiek powodu \u2013 <b>ze swego serca <\/b><b>nie <\/b><b>wykluczali! <\/b>Aby\u015bmy <b>nigdy nikogo nie przekre\u015blali,<\/b> nikogo z g\u00f3ry nie uwa\u017cali za gorszego od siebie lub g\u0142upszego od siebie. Aby ka\u017cdy cz\u0142owiek, jakiego Pan na naszej drodze postawi, <b>by\u0142 <\/b><b>przez nas uwa\u017cany <\/b><b>po prostu <\/b><b>za <\/b><b>cz\u0142owiek<\/b><b>a<\/b><b>,<\/b> a wi\u0119c za kogo\u015b jedynego w swoim rodzaju, niepowtarzalnego i nieprzeci\u0119tnego! <\/span><\/span><\/span><\/p>\n<p align=\"justify\"><span style=\"color: #000000;\"><span style=\"font-family: Book Antiqua, serif;\"><span style=\"font-size: large;\">Nawet, je\u017celi on sam \u2013 \u00f3w cz\u0142owiek \u2013 <b>nie b\u0119dzie tak na siebie patrzy\u0142<\/b> i sam, w swoich w\u0142asnych oczach, b\u0119dzie wygl\u0105da\u0142 na kogo\u015b zwyczajnego, szarego i niewa\u017cnego, to aby <b>od nas dowiedzia\u0142 si\u0119, \u017ce tak nie jest!<\/b> Czyli, \u017ce <b>w oczach Jezusa<\/b> jest kim\u015b bardzo wa\u017cnym, jedynym i niepowtarzalnym, <b>a w Sercu Jezusa <\/b>ma swoje miejsce i jest przez to Serce indywidualnie i osobi\u015bcie, konkretnie i po imieniu \u2013 ukochany! <\/span><\/span><\/span><\/p>\n<p align=\"justify\"><span style=\"color: #000000;\"><span style=\"font-family: Book Antiqua, serif;\"><span style=\"font-size: large;\">Drodzy moi, trzeba nam ci\u0105gle<b> uczy\u0107 si\u0119 takiego podej\u015bcia<\/b> do ka\u017cdego pojedynczego cz\u0142owieka. Trzeba nam <b>uczy\u0107 si\u0119 takiego g\u0142\u0119bokiego spojrzenia, <\/b>skierowanego do serca tego drugiego, aby zobaczy\u0107, co si\u0119 tam w tym sercu kryje i \u017ce ka\u017cdy, naprawd\u0119 ka\u017cdy cz\u0142owiek \u2013 <b>ma to swoje serce, <\/b>a w nim: <b>ca\u0142<\/b><b>\u0105<\/b><b> g\u0142\u0119bi<\/b><b>\u0119<\/b><b> r\u00f3\u017cnych prze\u017cy\u0107!<\/b> I \u017ce ten drugi cz\u0142owiek \u2013 ka\u017cdy cz\u0142owiek \u2013 <b>ma swoj\u0105 w\u0142asn\u0105 histori\u0119, <\/b>ma swoj\u0105 w\u0142asn\u0105, niezaprzeczaln\u0105 i nieutracaln\u0105 warto\u015b\u0107, czyli po prostu: <b>swoj\u0105 ludzk\u0105 godno\u015b\u0107! <\/b><\/span><\/span><\/span><\/p>\n<p align=\"justify\"><span style=\"color: #000000;\"><span style=\"font-family: Book Antiqua, serif;\"><span style=\"font-size: large;\">Bo ka\u017cdy cz\u0142owiek jest<b> stworzony na obraz i podobie\u0144stwo Bo\u017ce<\/b> \u2013 i to podobie\u0144stwo nosi w sobie od chwili pocz\u0119cia <b>a\u017c do chwili \u015bmierci!<\/b> I potem \u2013 <b>przez ca\u0142\u0105 wieczno\u015b\u0107.<\/b> Nawet, je\u017celi sam to podobie\u0144stwo swoimi w\u0142asnymi grzechami zab\u0142oci, zabrudzi, przykryje r\u00f3\u017cnymi swoimi ma\u0142ymi czy ca\u0142kiem du\u017cymi pod\u0142o\u015bciami \u2013 to na pewno <b>nigdy go nie utraci.<\/b> I b\u0119dzie zawsze kochany przez Jezusa! B\u0119dzie mia\u0142 <b>w Jego Sercu swoje miejsce. <\/b><\/span><\/span><\/span><\/p>\n<p align=\"justify\"><span style=\"color: #000000;\"><span style=\"font-family: Book Antiqua, serif;\"><span style=\"font-size: large;\">Drodzy moi, jakie to wa\u017cne, by\u015bmy o tym zawsze pami\u0119tali! I aby\u015bmy nasze relacje z tymi, kt\u00f3rych wok\u00f3\u0142 siebie mamy, budowali w\u0142a\u015bnie w oparciu o to przekonanie, \u017ce ka\u017cdy cz\u0142owiek, jaki na naszej \u017cyciowej drodze stan\u0105\u0142, <b>z pewno\u015bci\u0105 nie stan\u0105\u0142 przypadkowo. <\/b>Nie ma czego\u015b takiego, jak \u015blepy los czy czysty przypadek. Nie! <b>Jest <\/b><b>prowadzenie przez<\/b><b> Bo\u017c<\/b><b>\u0105<\/b><b> Opatrzno\u015b<\/b><b>\u0107<\/b><b>,<\/b> jest Bo\u017cy dar, jakim jest dla nas \u00f3w drugi cz\u0142owiek. <\/span><\/span><\/span><\/p>\n<p align=\"justify\"><span style=\"color: #000000;\"><span style=\"font-family: Book Antiqua, serif;\"><span style=\"font-size: large;\">Czemu tak jest, Drodzy moi, \u017ce <b>doceniamy tego drugiego, kiedy go ju\u017c zabrak\u0142o,<\/b> kiedy ju\u017c go na naszej \u017cyciowej drodze nie ma, bo na przyk\u0142ad zako\u0144czy\u0142 ju\u017c w\u0119dr\u00f3wk\u0119 po drogach tego \u015bwiata i jest ju\u017c po drugiej stronie \u017cycia? Wtedy dopiero <b>widzimy, jak nam go bardzo brakuje, <\/b>jak za nim t\u0119sknimy, jak\u0105 wyrw\u0119 w naszym \u017cyciu spowodowa\u0142o jego odej\u015bcie. Kiedy\u015bmy go mieli przy sobie, <b>to by\u0142o takie oczywiste, \u017ce jest \u2013 i ju\u017c. <\/b>Nie by\u0142o nad czym dywagowa\u0107. Ale kiedy go zabrak\u0142o, dopiero wtedy nierzadko u\u015bwiadamiamy sobie, \u017ce nawet <b>nie zd\u0105\u017cyli\u015bmy mu powiedzie\u0107: \u201eKocham Ci\u0119! Jeste\u015b dla mnie taki wa\u017cny! <\/b>Jestem Ci bardzo wdzi\u0119czny za wszystko, co dla mnie robisz!\u201d <\/span><\/span><\/span><\/p>\n<p align=\"justify\"><span style=\"color: #000000;\"><span style=\"font-family: Book Antiqua, serif;\"><span style=\"font-size: large;\">Tak cz\u0119sto nam si\u0119 wydaje, Drodzy moi, \u017ce <b>jeszcze kiedy\u015b to powiemy, jeszcze zd\u0105\u017cymy\u2026<\/b> I \u017ce zd\u0105\u017cymy go jeszcze odwiedzi\u0107, porozmawia\u0107 z nim, ucieszy\u0107 si\u0119 nim\u2026 I nagle dowiadujemy si\u0119, <b>\u017ce ju\u017c to nie b\u0119dzie mo\u017cliwe \u2013 na tym \u015bwiecie <\/b>\u2013 bo odszed\u0142\u2026 Zobaczmy, jak cz\u0119sto jest tak, \u017ce z kim\u015b rozmawiamy, spotykamy si\u0119, obiecujemy sobie kolejne spotkanie \u2013 i oto <b>okazuje si\u0119, \u017ce to w\u0142a\u015bnie spotkanie <\/b><b>jest <\/b><b>ostatnim\u2026<\/b> Nawet o tym nie pomy\u015bleli\u015bmy. Nawet si\u0119 tego nie spodziewali\u015bmy\u2026 <\/span><\/span><\/span><\/p>\n<p align=\"justify\"><span style=\"color: #000000;\"><span style=\"font-family: Book Antiqua, serif;\"><span style=\"font-size: large;\">Ja sobie nieraz \u2013 kiedy dowiaduj\u0119 si\u0119, \u017ce kto\u015b z moich bliskich czy znajomych odszed\u0142 \u2013 staram si\u0119 przypomnie\u0107, <b>kiedy i gdzie by\u0142o nasze ostatnie spotkanie\u2026<\/b> I w\u0142a\u015bnie bardzo cz\u0119sto dociera do mnie, \u017ce wtedy <b>nawet mi przez my\u015bl nie przesz\u0142o,<\/b> \u017ce jest ono ostatnim\u2026 Nieraz szukam w swoich smsach,<b> jak\u0105 ostatni\u0105 wiadomo\u015b\u0107 ten kto\u015b do mnie napisa\u0142, <\/b>albo ja do niego\u2026 I nieraz \u0142za si\u0119 w oku zakr\u0119ci\u2026 <\/span><\/span><\/span><\/p>\n<p align=\"justify\"><span style=\"color: #000000;\"><span style=\"font-family: Book Antiqua, serif;\"><span style=\"font-size: large;\">Na szcz\u0119\u015bcie, my \u2013 wierz\u0105cy w Jezusa, Jego przyjaciele, wyznawcy, na\u015bladowcy i \u015bwiadkowie \u2013 <b>nie musimy si\u0119 w takiej sytuacji pogr\u0105\u017ca\u0107 w smutku. <\/b>Bo my przecie\u017c wierzymy z zmartwychwstanie! Co wi\u0119cej, wiara daje nam wr\u0119cz pewno\u015b\u0107, <b>\u017ce ci ludzie \u017cyj\u0105.<\/b> U Boga \u017cyj\u0105! A nawet, je\u017celi nie s\u0105 jeszcze w pe\u0142ni szcz\u0119\u015bliwi w Niebie, <b>to my modlimy si\u0119 za nich,<\/b> by Pan skr\u00f3ci\u0142 im czy\u015bciec i jak najszybciej do swojej rado\u015bci przyj\u0105\u0142. <\/span><\/span><\/span><\/p>\n<p align=\"justify\"><span style=\"color: #000000;\"><span style=\"font-family: Book Antiqua, serif;\"><span style=\"font-size: large;\">I nawet, je\u017celi znikn\u0119li \u2013 w taki widzialny, fizyczny spos\u00f3b \u2013 z naszego \u017cycia, to <b>nikt nie mo\u017ce wyrzuci\u0107 ich, wyrwa\u0107 ich, z naszego serca!<\/b> Nikt \u2013 <b>poza nami samymi. <\/b>W naszym sercu taki cz\u0142owiek mo\u017ce \u017cy\u0107 nadal, b\u0119d\u0105c obecny<b> w naszych modlitwach i naszych wspomnieniach.<\/b> To od nas samych zale\u017cy! Od tej \u2013 wspomnianej ju\u017c \u2013 <b>pojemno\u015bci naszego serca!<\/b> <\/span><\/span><\/span><\/p>\n<p align=\"justify\"><span style=\"color: #000000;\"><span style=\"font-family: Book Antiqua, serif;\"><span style=\"font-size: large;\">Pewien m\u0105dry kap\u0142an powiedzia\u0142 kiedy\u015b na rekolekcjach kap\u0142a\u0144skich, w kt\u00f3rych uczestniczy\u0142em, \u017ce Pan daje kap\u0142anowi tylu ludzi, tylu ich do niego doprowadza, tylu ich \u201epodaruje\u201d, <b>ilu <\/b><b>\u00f3w kap\u0142an <\/b><b>b\u0119dziesz w stanie pomie\u015bci\u0107 w swoim sercu\u2026<\/b> Ciekawe spostrze\u017cenie! I bardzo prawdziwe. Nie tylko w odniesieniu do ksi\u0119\u017cy, chocia\u017c do nich na pewno w spos\u00f3b szczeg\u00f3lny. I dobrze to sobie u\u015bwiadomi\u0107 i jasno powiedzie\u0107 w\u0142a\u015bnie w dniu dzisiejszym, kt\u00f3ry jest <b>Dniem Modlitwy o u\u015bwi\u0119cenie kap\u0142an\u00f3w. <\/b>Aby ka\u017cdy z nich by\u0142 <b>kap\u0142anem wed\u0142ug Serca Jezusowego. <\/b><\/span><\/span><\/span><\/p>\n<p align=\"justify\"><span style=\"color: #000000;\"><span style=\"font-family: Book Antiqua, serif;\"><span style=\"font-size: large;\">Ale to <b>rozszerzanie serca, <\/b>by ogarn\u0105\u0107 nim jak najwi\u0119cej ludzi z naszego otoczenia \u2013 a najlepiej wszystkich, kt\u00f3rzy na naszej \u017cyciowej drodze si\u0119 pojawi\u0105 \u2013 <b>jest zadaniem dla ka\u017cdej i ka\u017cdego z nas!<\/b> Aby ka\u017cdy z nas mia\u0142 w swoim sercu <b>drzwi, w kt\u00f3rych z jednej strony b\u0119dzie klamka, a z drugiej \u2013 ga\u0142ka.<\/b> Wiemy, o czym mowa, prawda? To s\u0105 takie drzwi, kt\u00f3re mo\u017cna z jednej strony otworzy\u0107 samemu, ale z drugiej \u2013 musi ju\u017c kto\u015b otworzy\u0107. Najcz\u0119\u015bciej, <b>klamka jest od \u015brodka pomieszczenia, <\/b>czyli \u017ce mo\u017cna z niego swobodnie wyj\u015b\u0107, ale wej\u015b\u0107 \u2013 mo\u017cna ju\u017c na zaproszenie. Bo jest ga\u0142ka, a ni\u0105 si\u0119 nie otworzy. <\/span><\/span><\/span><\/p>\n<p align=\"justify\"><span style=\"color: #000000;\"><span style=\"font-family: Book Antiqua, serif;\"><span style=\"font-size: large;\">I teraz chodzi o to, aby\u015bmy <b>w naszych sercach przestawili owe drzwi w drug\u0105 stron\u0119,<\/b> to znaczy: klamk\u0105 od zewn\u0105trz, a ga\u0142k\u0105 od \u015brodka. Co to znaczy?<\/span><\/span><\/span><\/p>\n<p align=\"justify\"><span style=\"color: #000000;\"><span style=\"font-family: Book Antiqua, serif;\"><span style=\"font-size: large;\">A to w\u0142a\u015bnie, \u017ce <b>ka\u017cdy mo\u017ce do tego naszego serca wej\u015b\u0107<\/b> i ka\u017cdy w tym naszym sercu znajdzie go\u015bcin\u0119, <b>znajdzie swoje<\/b><b> miejsce,<\/b> znajdzie zainteresowanie, <b>mi\u0142o\u015b\u0107, modlitw\u0119, ciep\u0142o\u2026<\/b> Natomiast wyj\u015b\u0107 \u2013 b\u0119dzie m\u00f3g\u0142 tylko za nasz\u0105 zgod\u0105. A tej zgody \u2013 na wyj\u015bcie z naszego serca \u2013 <b>w\u0142a\u015bnie nie dostanie<\/b><b>! <\/b>Czyli, \u017ce nawet je\u017celi on sam nie b\u0119dzie chcia\u0142 mie\u0107 z nami kontaktu i b\u0119dzie wr\u0119cz od nas stroni\u0142, <b>to my i tak b\u0119dziemy si\u0119 za niego modli\u0107<\/b> i dobrze o nim my\u015ble\u0107, dobrze o nim m\u00f3wi\u0107\u2026 Czyli, \u017ce my go po prostu <b>z naszego serca nie wypu\u015bcimy\u2026 <\/b><\/span><\/span><\/span><\/p>\n<p align=\"justify\"><span style=\"color: #000000;\"><span style=\"font-family: Book Antiqua, serif;\"><span style=\"font-size: large;\">Drodzy moi, czy nie wydaje si\u0119 Wam, \u017ce gdyby\u015bmy tak podchodzili do drugiego cz\u0142owieka \u2013 tego konkretnego, kt\u00f3rego obok siebie mamy \u2013 <b>to ten \u015bwiat by\u0142by lepszy?<\/b> <\/span><\/span><\/span><\/p>\n<p align=\"justify\"><span style=\"color: #000000;\"><span style=\"font-family: Book Antiqua, serif;\"><span style=\"font-size: large;\">Odwa\u017cmy si\u0119 budowa\u0107 taki w\u0142a\u015bnie lepszy \u015bwiat! <b>Taki pi\u0119kny \u015bwiat!<\/b> Naprawd\u0119, to nie jest mrzonka, to nie jest \u201emarzenie \u015bci\u0119tej g\u0142owy\u201d! <b>To jest mo\u017cliwe! To jest wr\u0119cz konieczne! <\/b>To jest pal\u0105c\u0105 potrzeb\u0105 obecnego czasu. W tym celu trzeba jedynie, aby\u015bmy dokonali \u2013 najlepiej jeszcze dzisiaj \u2013 remontu w naszych sercach! Remontu polegaj\u0105cego na przestawieniu owych wspomnianych drzwi w drug\u0105 stron\u0119: <b>klamk\u0105 od zewn\u0105trz. <\/b><\/span><\/span><\/span><\/p>\n<p align=\"justify\"><span style=\"color: #000000;\"><span style=\"font-family: Book Antiqua, serif;\"><span style=\"font-size: large;\">Niech to w\u0142a\u015bnie oznaczaj\u0105 s\u0142owa, kt\u00f3re ju\u017c dzi\u015b przywo\u0142ali\u015bmy, a kt\u00f3rymi modlimy si\u0119 cz\u0119sto \u2013 i modlimy si\u0119 dzisiaj:<b> \u201eJezu cichy i pokornego Serca \u2013 uczy\u0144 serca nasze wed\u0142ug Serca Twego!\u201d<\/b><\/span><\/span><\/span><\/p>\n","protected":false},"excerpt":{"rendered":"<p>Szcz\u0119\u015b\u0107 Bo\u017ce! Moi Drodzy, w dniu dzisiejszym urodziny prze\u017cywaj\u0105: \u25baMiros\u0142aw Oleszczuk, m\u00f3j Wujek, Brat Mamy, kt\u00f3remu serdecznie dzi\u0119kuj\u0119 za \u017cyczliwo\u015b\u0107 i jasne zasady, kt\u00f3rymi si\u0119 konsekwentnie kieruje w \u017cyciu oraz za \u015bwiadectwo intensywnego poszukiwania prawdy; \u25baSiostra Iwona Jagie\u0142ka \u2013 Siostra od Anio\u0142\u00f3w, wsp\u00f3\u0142pracuj\u0105ca w swoim czasie z Ksi\u0119dzem Markiem w Surgucie. Imieniny natomiast prze\u017cywaj\u0105: \u25baKsi\u0105dz [&hellip;]<\/p>\n","protected":false},"author":1,"featured_media":0,"comment_status":"open","ping_status":"open","sticky":false,"template":"","format":"standard","meta":{"jetpack_post_was_ever_published":false,"_jetpack_newsletter_access":"","_jetpack_dont_email_post_to_subs":false,"_jetpack_newsletter_tier_id":0,"_jetpack_memberships_contains_paywalled_content":false,"_jetpack_memberships_contains_paid_content":false,"footnotes":""},"categories":[1],"tags":[],"class_list":["post-23958","post","type-post","status-publish","format-standard","hentry","category-bez-kategorii"],"yoast_head":"<!-- This site is optimized with the Yoast SEO plugin v25.1 - https:\/\/yoast.com\/wordpress\/plugins\/seo\/ -->\n<title>Przestawmy drzwi serca! - Gaudium Et Spes<\/title>\n<meta name=\"robots\" content=\"index, follow, max-snippet:-1, max-image-preview:large, max-video-preview:-1\" \/>\n<link rel=\"canonical\" href=\"https:\/\/gaudiumetspes-blog.pl\/index.php\/2025\/06\/27\/przestawmy-drzwi-serca\/\" \/>\n<meta property=\"og:locale\" content=\"pl_PL\" \/>\n<meta property=\"og:type\" content=\"article\" \/>\n<meta property=\"og:title\" content=\"Przestawmy drzwi serca! - Gaudium Et Spes\" \/>\n<meta property=\"og:description\" content=\"Szcz\u0119\u015b\u0107 Bo\u017ce! Moi Drodzy, w dniu dzisiejszym urodziny prze\u017cywaj\u0105: \u25baMiros\u0142aw Oleszczuk, m\u00f3j Wujek, Brat Mamy, kt\u00f3remu serdecznie dzi\u0119kuj\u0119 za \u017cyczliwo\u015b\u0107 i jasne zasady, kt\u00f3rymi si\u0119 konsekwentnie kieruje w \u017cyciu oraz za \u015bwiadectwo intensywnego poszukiwania prawdy; \u25baSiostra Iwona Jagie\u0142ka \u2013 Siostra od Anio\u0142\u00f3w, wsp\u00f3\u0142pracuj\u0105ca w swoim czasie z Ksi\u0119dzem Markiem w Surgucie. Imieniny natomiast prze\u017cywaj\u0105: \u25baKsi\u0105dz [&hellip;]\" \/>\n<meta property=\"og:url\" content=\"https:\/\/gaudiumetspes-blog.pl\/index.php\/2025\/06\/27\/przestawmy-drzwi-serca\/\" \/>\n<meta property=\"og:site_name\" content=\"Gaudium Et Spes\" \/>\n<meta property=\"article:published_time\" content=\"2025-06-26T22:34:37+00:00\" \/>\n<meta name=\"author\" content=\"Ks. Jacek\" \/>\n<meta name=\"twitter:card\" content=\"summary_large_image\" \/>\n<meta name=\"twitter:label1\" content=\"Napisane przez\" \/>\n\t<meta name=\"twitter:data1\" content=\"Ks. Jacek\" \/>\n\t<meta name=\"twitter:label2\" content=\"Szacowany czas czytania\" \/>\n\t<meta name=\"twitter:data2\" content=\"17 minut\" \/>\n<script type=\"application\/ld+json\" class=\"yoast-schema-graph\">{\"@context\":\"https:\/\/schema.org\",\"@graph\":[{\"@type\":\"WebPage\",\"@id\":\"https:\/\/gaudiumetspes-blog.pl\/index.php\/2025\/06\/27\/przestawmy-drzwi-serca\/\",\"url\":\"https:\/\/gaudiumetspes-blog.pl\/index.php\/2025\/06\/27\/przestawmy-drzwi-serca\/\",\"name\":\"Przestawmy drzwi serca! - Gaudium Et Spes\",\"isPartOf\":{\"@id\":\"https:\/\/gaudiumetspes-blog.pl\/#website\"},\"datePublished\":\"2025-06-26T22:34:37+00:00\",\"author\":{\"@id\":\"https:\/\/gaudiumetspes-blog.pl\/#\/schema\/person\/1661982992b752dea8dff0d4ed845a65\"},\"breadcrumb\":{\"@id\":\"https:\/\/gaudiumetspes-blog.pl\/index.php\/2025\/06\/27\/przestawmy-drzwi-serca\/#breadcrumb\"},\"inLanguage\":\"pl-PL\",\"potentialAction\":[{\"@type\":\"ReadAction\",\"target\":[\"https:\/\/gaudiumetspes-blog.pl\/index.php\/2025\/06\/27\/przestawmy-drzwi-serca\/\"]}]},{\"@type\":\"BreadcrumbList\",\"@id\":\"https:\/\/gaudiumetspes-blog.pl\/index.php\/2025\/06\/27\/przestawmy-drzwi-serca\/#breadcrumb\",\"itemListElement\":[{\"@type\":\"ListItem\",\"position\":1,\"name\":\"Strona g\u0142\u00f3wna\",\"item\":\"https:\/\/gaudiumetspes-blog.pl\/\"},{\"@type\":\"ListItem\",\"position\":2,\"name\":\"Przestawmy drzwi serca!\"}]},{\"@type\":\"WebSite\",\"@id\":\"https:\/\/gaudiumetspes-blog.pl\/#website\",\"url\":\"https:\/\/gaudiumetspes-blog.pl\/\",\"name\":\"Gaudium Et Spes\",\"description\":\"Blog Ks. Jacka Ja\u015bkowskiego\",\"potentialAction\":[{\"@type\":\"SearchAction\",\"target\":{\"@type\":\"EntryPoint\",\"urlTemplate\":\"https:\/\/gaudiumetspes-blog.pl\/?s={search_term_string}\"},\"query-input\":{\"@type\":\"PropertyValueSpecification\",\"valueRequired\":true,\"valueName\":\"search_term_string\"}}],\"inLanguage\":\"pl-PL\"},{\"@type\":\"Person\",\"@id\":\"https:\/\/gaudiumetspes-blog.pl\/#\/schema\/person\/1661982992b752dea8dff0d4ed845a65\",\"name\":\"Ks. Jacek\",\"image\":{\"@type\":\"ImageObject\",\"inLanguage\":\"pl-PL\",\"@id\":\"https:\/\/gaudiumetspes-blog.pl\/#\/schema\/person\/image\/\",\"url\":\"https:\/\/gaudiumetspes-blog.pl\/wp-content\/uploads\/2019\/07\/avatar-JJ-150x150.jpg\",\"contentUrl\":\"https:\/\/gaudiumetspes-blog.pl\/wp-content\/uploads\/2019\/07\/avatar-JJ-150x150.jpg\",\"caption\":\"Ks. Jacek\"},\"description\":\"Witam serdecznie! K\u0142ania si\u0119 Ks. Jacek Ja\u015bkowski. Nie jestem ani kim\u015b wa\u017cnym, ani kim\u015b znanym. Jestem ksi\u0119dzem, kt\u00f3ry po prostu chce rozmawia\u0107. Codzienna kap\u0142a\u0144ska pos\u0142uga pokazuje mi, \u017ce temat\u00f3w do rozm\u00f3w z ksi\u0119dzem jest coraz wi\u0119cej i dzisiaj \u017caden ksi\u0105dz nie mo\u017ce od nich ucieka\u0107, ale - wprost przeciwnie - podejmowa\u0107 nowe wyzwania. To przekonanie sk\u0142oni\u0142o mnie do pr\u00f3by otwarcia tego\u017c bloga, chocia\u017c okazji do rozm\u00f3w na co dzie\u0144 - w konfesjonale i poza nim - na szcz\u0119\u015bcie nie brakuje. My\u015bl\u0119 jednak, \u017ce ten blog b\u0119dzie jeszcze jednym sposobem i przestrzeni\u0105 nawi\u0105zania kontaktu z lud\u017ami dobrej woli, otwartymi na dialog.\",\"url\":\"https:\/\/gaudiumetspes-blog.pl\/index.php\/author\/ks-jacek\/\"}]}<\/script>\n<!-- \/ Yoast SEO plugin. -->","yoast_head_json":{"title":"Przestawmy drzwi serca! - Gaudium Et Spes","robots":{"index":"index","follow":"follow","max-snippet":"max-snippet:-1","max-image-preview":"max-image-preview:large","max-video-preview":"max-video-preview:-1"},"canonical":"https:\/\/gaudiumetspes-blog.pl\/index.php\/2025\/06\/27\/przestawmy-drzwi-serca\/","og_locale":"pl_PL","og_type":"article","og_title":"Przestawmy drzwi serca! - Gaudium Et Spes","og_description":"Szcz\u0119\u015b\u0107 Bo\u017ce! Moi Drodzy, w dniu dzisiejszym urodziny prze\u017cywaj\u0105: \u25baMiros\u0142aw Oleszczuk, m\u00f3j Wujek, Brat Mamy, kt\u00f3remu serdecznie dzi\u0119kuj\u0119 za \u017cyczliwo\u015b\u0107 i jasne zasady, kt\u00f3rymi si\u0119 konsekwentnie kieruje w \u017cyciu oraz za \u015bwiadectwo intensywnego poszukiwania prawdy; \u25baSiostra Iwona Jagie\u0142ka \u2013 Siostra od Anio\u0142\u00f3w, wsp\u00f3\u0142pracuj\u0105ca w swoim czasie z Ksi\u0119dzem Markiem w Surgucie. Imieniny natomiast prze\u017cywaj\u0105: \u25baKsi\u0105dz [&hellip;]","og_url":"https:\/\/gaudiumetspes-blog.pl\/index.php\/2025\/06\/27\/przestawmy-drzwi-serca\/","og_site_name":"Gaudium Et Spes","article_published_time":"2025-06-26T22:34:37+00:00","author":"Ks. Jacek","twitter_card":"summary_large_image","twitter_misc":{"Napisane przez":"Ks. Jacek","Szacowany czas czytania":"17 minut"},"schema":{"@context":"https:\/\/schema.org","@graph":[{"@type":"WebPage","@id":"https:\/\/gaudiumetspes-blog.pl\/index.php\/2025\/06\/27\/przestawmy-drzwi-serca\/","url":"https:\/\/gaudiumetspes-blog.pl\/index.php\/2025\/06\/27\/przestawmy-drzwi-serca\/","name":"Przestawmy drzwi serca! - Gaudium Et Spes","isPartOf":{"@id":"https:\/\/gaudiumetspes-blog.pl\/#website"},"datePublished":"2025-06-26T22:34:37+00:00","author":{"@id":"https:\/\/gaudiumetspes-blog.pl\/#\/schema\/person\/1661982992b752dea8dff0d4ed845a65"},"breadcrumb":{"@id":"https:\/\/gaudiumetspes-blog.pl\/index.php\/2025\/06\/27\/przestawmy-drzwi-serca\/#breadcrumb"},"inLanguage":"pl-PL","potentialAction":[{"@type":"ReadAction","target":["https:\/\/gaudiumetspes-blog.pl\/index.php\/2025\/06\/27\/przestawmy-drzwi-serca\/"]}]},{"@type":"BreadcrumbList","@id":"https:\/\/gaudiumetspes-blog.pl\/index.php\/2025\/06\/27\/przestawmy-drzwi-serca\/#breadcrumb","itemListElement":[{"@type":"ListItem","position":1,"name":"Strona g\u0142\u00f3wna","item":"https:\/\/gaudiumetspes-blog.pl\/"},{"@type":"ListItem","position":2,"name":"Przestawmy drzwi serca!"}]},{"@type":"WebSite","@id":"https:\/\/gaudiumetspes-blog.pl\/#website","url":"https:\/\/gaudiumetspes-blog.pl\/","name":"Gaudium Et Spes","description":"Blog Ks. Jacka Ja\u015bkowskiego","potentialAction":[{"@type":"SearchAction","target":{"@type":"EntryPoint","urlTemplate":"https:\/\/gaudiumetspes-blog.pl\/?s={search_term_string}"},"query-input":{"@type":"PropertyValueSpecification","valueRequired":true,"valueName":"search_term_string"}}],"inLanguage":"pl-PL"},{"@type":"Person","@id":"https:\/\/gaudiumetspes-blog.pl\/#\/schema\/person\/1661982992b752dea8dff0d4ed845a65","name":"Ks. Jacek","image":{"@type":"ImageObject","inLanguage":"pl-PL","@id":"https:\/\/gaudiumetspes-blog.pl\/#\/schema\/person\/image\/","url":"https:\/\/gaudiumetspes-blog.pl\/wp-content\/uploads\/2019\/07\/avatar-JJ-150x150.jpg","contentUrl":"https:\/\/gaudiumetspes-blog.pl\/wp-content\/uploads\/2019\/07\/avatar-JJ-150x150.jpg","caption":"Ks. Jacek"},"description":"Witam serdecznie! K\u0142ania si\u0119 Ks. Jacek Ja\u015bkowski. Nie jestem ani kim\u015b wa\u017cnym, ani kim\u015b znanym. Jestem ksi\u0119dzem, kt\u00f3ry po prostu chce rozmawia\u0107. Codzienna kap\u0142a\u0144ska pos\u0142uga pokazuje mi, \u017ce temat\u00f3w do rozm\u00f3w z ksi\u0119dzem jest coraz wi\u0119cej i dzisiaj \u017caden ksi\u0105dz nie mo\u017ce od nich ucieka\u0107, ale - wprost przeciwnie - podejmowa\u0107 nowe wyzwania. To przekonanie sk\u0142oni\u0142o mnie do pr\u00f3by otwarcia tego\u017c bloga, chocia\u017c okazji do rozm\u00f3w na co dzie\u0144 - w konfesjonale i poza nim - na szcz\u0119\u015bcie nie brakuje. My\u015bl\u0119 jednak, \u017ce ten blog b\u0119dzie jeszcze jednym sposobem i przestrzeni\u0105 nawi\u0105zania kontaktu z lud\u017ami dobrej woli, otwartymi na dialog.","url":"https:\/\/gaudiumetspes-blog.pl\/index.php\/author\/ks-jacek\/"}]}},"jetpack_featured_media_url":"","jetpack_sharing_enabled":true,"_links":{"self":[{"href":"https:\/\/gaudiumetspes-blog.pl\/index.php\/wp-json\/wp\/v2\/posts\/23958","targetHints":{"allow":["GET"]}}],"collection":[{"href":"https:\/\/gaudiumetspes-blog.pl\/index.php\/wp-json\/wp\/v2\/posts"}],"about":[{"href":"https:\/\/gaudiumetspes-blog.pl\/index.php\/wp-json\/wp\/v2\/types\/post"}],"author":[{"embeddable":true,"href":"https:\/\/gaudiumetspes-blog.pl\/index.php\/wp-json\/wp\/v2\/users\/1"}],"replies":[{"embeddable":true,"href":"https:\/\/gaudiumetspes-blog.pl\/index.php\/wp-json\/wp\/v2\/comments?post=23958"}],"version-history":[{"count":1,"href":"https:\/\/gaudiumetspes-blog.pl\/index.php\/wp-json\/wp\/v2\/posts\/23958\/revisions"}],"predecessor-version":[{"id":23959,"href":"https:\/\/gaudiumetspes-blog.pl\/index.php\/wp-json\/wp\/v2\/posts\/23958\/revisions\/23959"}],"wp:attachment":[{"href":"https:\/\/gaudiumetspes-blog.pl\/index.php\/wp-json\/wp\/v2\/media?parent=23958"}],"wp:term":[{"taxonomy":"category","embeddable":true,"href":"https:\/\/gaudiumetspes-blog.pl\/index.php\/wp-json\/wp\/v2\/categories?post=23958"},{"taxonomy":"post_tag","embeddable":true,"href":"https:\/\/gaudiumetspes-blog.pl\/index.php\/wp-json\/wp\/v2\/tags?post=23958"}],"curies":[{"name":"wp","href":"https:\/\/api.w.org\/{rel}","templated":true}]}}