{"id":23960,"date":"2025-06-28T07:38:10","date_gmt":"2025-06-28T05:38:10","guid":{"rendered":"https:\/\/gaudiumetspes-blog.pl\/?p=23960"},"modified":"2025-06-28T07:38:10","modified_gmt":"2025-06-28T05:38:10","slug":"czemuscie-mnie-szukali","status":"publish","type":"post","link":"https:\/\/gaudiumetspes-blog.pl\/index.php\/2025\/06\/28\/czemuscie-mnie-szukali\/","title":{"rendered":"Czemu\u015bcie Mnie szukali?&#8230;"},"content":{"rendered":"<p align=\"justify\"><span style=\"color: #000000;\"><span style=\"font-family: Book Antiqua, serif;\"><span style=\"font-size: large;\">Niech b\u0119dzie pochwalony Jezus Chrystus! Moi Drodzy, w dniu dzisiejszym <b>imieniny prze\u017cywa Ksi\u0105dz Kanonik Ireneusz G\u0142owacki, Proboszcz Parafii Miastk\u00f3w Ko\u015bcielny. Dzi\u0119kuj\u0105c za \u017cyczliwo\u015b\u0107, modl\u0119 si\u0119 o dobro dla Solenizanta!<\/b><\/span><\/span><\/span><\/p>\n<p align=\"justify\"><span style=\"color: #000000;\"><span style=\"font-family: Book Antiqua, serif;\"><span style=\"font-size: large;\">Drodzy moi, wczoraj odby\u0142a si\u0119 kolejna audycja w Katolickim Radiu Podlasie, w ramach cyklu: TY\u015a NASZ\u0104 KR\u00d3LOW\u0104. Odbywa si\u0119 ona w ramach \u201emojego\u201d czasu antenowego, czyli w pi\u0105tki wieczorem, i pod moim patronatem, ale ja ju\u017c nie bior\u0119 w nich udzia\u0142u, aby pozostawi\u0107 Prowadz\u0105cym, czyli Ojcu Mariuszowi Boskowi i Ojcu Piotrowi Radlakowi, pe\u0142n\u0105 swobod\u0119 dzia\u0142ania i realizacji swojej wizji tych audycji. Natomiast bardzo serdecznie zach\u0119cam do ods\u0142uchania \u2013 o ile kto\u015b nie s\u0142ucha\u0142 wczoraj:<\/span><\/span><\/span><\/p>\n<p align=\"justify\"><span style=\"color: #000000;\"><span style=\"font-family: Book Antiqua, serif;\"><span style=\"font-size: medium;\"><span style=\"font-size: large;\"><b><a href=\"https:\/\/archiwum.radiopodlasie.pl\/NEW\/2025\/06\/27\/maryja-przy-rodzinnym-stole\/\">https:\/\/archiwum.radiopodlasie.pl\/NEW\/2025\/06\/27\/maryja-przy-rodzinnym-stole\/<\/a> <\/b><\/span><\/span><\/span><\/span><\/p>\n<p align=\"justify\"><span style=\"color: #000000;\"><span style=\"font-family: Book Antiqua, serif;\"><span style=\"font-size: large;\">A ja pozdrawiam Wszystkich z Siedlec, sk\u0105d w miar\u0119 sprawnie postaram si\u0119 wyjecha\u0107 do Lublina, gdzie \u2013 mi\u0119dzy innymi \u2013 o 18:00 odprawi\u0119 Msz\u0119 \u015awi\u0119t\u0105 w \u201emojej\u201d Parafii \u015awi\u0119tego Jana Kantego. Potem powr\u00f3t do Siedlec.<\/span><\/span><\/span><\/p>\n<p align=\"justify\"><span style=\"color: #000000;\"><span style=\"font-family: Book Antiqua, serif;\"><span style=\"font-size: large;\">Teraz za\u015b ju\u017c zapraszam do pochylenia si\u0119 nad Bo\u017cym s\u0142owem dzisiejszej liturgii. Oto s\u0142\u00f3wko Ksi\u0119dza Marka na dzi\u015b:<\/span><\/span><\/span><\/p>\n<p align=\"justify\"><span style=\"color: #000000;\"><span style=\"font-family: Book Antiqua, serif;\"><span style=\"font-size: medium;\"><a href=\"https:\/\/www.youtube.com\/c\/CatholicSurgut\"><span style=\"font-size: large;\"><span lang=\"zxx\"><u><b>https:\/\/www.youtube.com\/c\/CatholicSurgut<\/b><\/u><\/span><\/span><\/a><\/span><\/span><\/span><\/p>\n<p align=\"justify\"><span style=\"color: #000000;\"><span style=\"font-family: Book Antiqua, serif;\"><span style=\"font-size: large;\"><span lang=\"zxx\">Poni\u017cej za\u015b \u2013 s\u0142\u00f3wko Kacpra! <\/span><span lang=\"zxx\">Jak zawsze, <\/span><span lang=\"zxx\">\u017cywio\u0142owe i konkretne. I zawsze \u2013 zawieraj\u0105ce jakie\u015b ciekawe wskazania \u017cyciowe, kt\u00f3re koniecznie trzeba wzi\u0105\u0107 pod uwag\u0119. Dzisiaj o <\/span><span lang=\"zxx\">\u201e<\/span><span lang=\"zxx\">ludzkiej<\/span><span lang=\"zxx\">\u201d<\/span><span lang=\"zxx\"> stronie \u017cycia cz\u0142owieka \u2013 je\u015bli tak mo\u017cna powiedzie\u0107. Czyli o trosce o nasze zdrowie, ale i o nasze emocje&#8230; Warto przemy\u015ble\u0107! Zach\u0119cam!<\/span><\/span><\/span><\/span><\/p>\n<p align=\"justify\"><span style=\"color: #000000;\"><span style=\"font-family: Book Antiqua, serif;\"><span style=\"font-size: large;\">I bardzo dzi\u0119kuj\u0119 Kacprowi za refleksje! Jak zawsze, tak i dzisiaj zach\u0119cam do tego, by r\u00f3\u017cnych s\u0142\u00f3wek Kacpra w skupieniu pos\u0142ucha\u0107:<\/span><\/span><\/span><\/p>\n<p align=\"justify\"><span style=\"color: #000000;\"><span style=\"font-family: Book Antiqua, serif;\"><span style=\"font-size: medium;\"><a href=\"https:\/\/www.youtube.com\/@kacpergrandczech\"><span style=\"font-size: large;\"><span lang=\"zxx\"><u><b>https:\/\/www.youtube.com\/@kacpergrandczech<\/b><\/u><\/span><\/span><\/a><b> <\/b><\/span><\/span><\/span><\/p>\n<p align=\"justify\"><span style=\"color: #000000;\"><span style=\"font-family: Book Antiqua, serif;\"><span style=\"font-size: large;\"><span lang=\"zxx\">Zatem, <\/span><span lang=\"zxx\"><b>c<\/b><\/span><b>o dzisiaj \u2013 bardzo osobi\u015bcie i konkretnie \u2013 m\u00f3wi do mnie Pan?<\/b> Duchu \u015awi\u0119ty, podpowiedz\u2026<\/span><\/span><\/span><\/p>\n<p align=\"justify\"><span style=\"color: #000000;\"><span style=\"font-family: Book Antiqua, serif;\"><span style=\"font-size: large;\"><b>N<\/b><b>iech Was b\u0142ogos\u0142awi B\u00f3g Wszechmog\u0105cy: Ojciec + i Syn, i Duch \u015awi\u0119ty. Amen<\/b><\/span><\/span><\/span><\/p>\n<p align=\"center\"><span style=\"color: #000000;\"><span style=\"font-family: Book Antiqua, serif;\"><span style=\"font-size: large;\">Gaudium et spes! Ks. Jacek<\/span><\/span><\/span><\/p>\n<p align=\"center\">\n<p align=\"center\">\n<p align=\"center\">\n<p align=\"center\">\n<p align=\"center\">\n<p align=\"justify\"><span style=\"color: #000000;\"><span style=\"font-family: Book Antiqua, serif;\"><span style=\"font-size: large;\"><b>Wspomnienie Niepokalanego Serca Naj\u015bwi\u0119tszej Maryi Panny,<\/b><\/span><\/span><\/span><\/p>\n<p align=\"justify\"><span style=\"color: #000000;\"><span style=\"font-family: Book Antiqua, serif;\"><span style=\"font-size: large;\"><b>28 czerwca 2025.,\u00a0<\/b><\/span><\/span><\/span><\/p>\n<p align=\"justify\"><span style=\"color: #000000;\"><span style=\"font-family: Book Antiqua, serif;\"><span style=\"font-size: large;\"><b>do czyta\u0144 z t. VI Lekcjonarza: Iz 61,9\u201311; \u0141k 2,41\u201351<\/b><\/span><\/span><\/span><\/p>\n<p align=\"justify\">\n<p align=\"justify\">\n<p align=\"justify\">\n<p align=\"justify\">\n<p align=\"justify\">\n<p align=\"justify\"><span style=\"color: #000000;\"><span style=\"font-family: Book Antiqua, serif;\"><span style=\"font-size: large;\"><b>CZYTANIE Z KSI\u0118GI PROROKA IZAJASZA: <\/b><\/span><\/span><\/span><\/p>\n<p align=\"justify\"><span style=\"color: #000000;\"><span style=\"font-family: Book Antiqua, serif;\"><span style=\"font-size: large;\"><b>Plemi\u0119 narodu mego b\u0119dzie znane w\u015br\u00f3d narod\u00f3w i mi\u0119dzy ludami ich potomstwo. Wszyscy, co ich zobacz\u0105, uznaj\u0105, \u017ce oni s\u0105 szczepem b\u0142ogos\u0142awionym Pana. <\/b><\/span><\/span><\/span><\/p>\n<p align=\"justify\"><span style=\"color: #000000;\"><span style=\"font-family: Book Antiqua, serif;\"><span style=\"font-size: large;\"><b>Ogromnie si\u0119 wesel\u0119 w Panu, dusza moja raduje si\u0119 w Bogu moim, bo mnie przyodzia\u0142 w szaty zbawienia, okry\u0142 mnie p\u0142aszczem sprawiedliwo\u015bci, jak oblubie\u0144ca, kt\u00f3ry wk\u0142ada zaw\u00f3j, jak oblubienic\u0119 strojn\u0105 w swe klejnoty. Zaiste, jak ziemia wydaje swe plony, jak ogr\u00f3d rozplenia swe zasiewy, tak Pan B\u00f3g sprawi, \u017ce si\u0119 rozpleni sprawiedliwo\u015b\u0107 i chwa\u0142a wobec wszystkich narod\u00f3w.<\/b><\/span><\/span><\/span><\/p>\n<p align=\"justify\">\n<p align=\"justify\">\n<p align=\"justify\">\n<p align=\"justify\">\n<p align=\"justify\">\n<p align=\"justify\"><span style=\"color: #000000;\"><span style=\"font-family: Book Antiqua, serif;\"><span style=\"font-size: large;\"><b>S\u0141OWA EWANGELII WED\u0141UG \u015aWI\u0118TEGO \u0141UKASZA: <\/b><\/span><\/span><\/span><\/p>\n<p align=\"justify\"><span style=\"color: #000000;\"><span style=\"font-family: Book Antiqua, serif;\"><span style=\"font-size: large;\"><b>Rodzice Jezusa chodzili co roku do Jerozolimy na \u015awi\u0119to Paschy. Gdy mia\u0142 On lat dwana\u015bcie, udali si\u0119 tam zwyczajem \u015bwi\u0105tecznym. Kiedy wracali po sko\u0144czonych uroczysto\u015bciach, zosta\u0142 Jezus w Jerozolimie, a tego nie zauwa\u017cyli Jego rodzice. Przypuszczaj\u0105c, \u017ce jest w towarzystwie p\u0105tnik\u00f3w, uszli dzie\u0144 drogi i szukali Go w\u015br\u00f3d krewnych i znajomych. Gdy Go nie znale\u017ali, wr\u00f3cili do Jerozolimy szukaj\u0105c Go. <\/b><\/span><\/span><\/span><\/p>\n<p align=\"justify\"><span style=\"color: #000000;\"><span style=\"font-family: Book Antiqua, serif;\"><span style=\"font-size: large;\"><b>Dopiero po trzech dniach odnale\u017ali Go w \u015bwi\u0105tyni, gdzie siedzia\u0142 mi\u0119dzy nauczycielami, przys\u0142uchiwa\u0142 si\u0119 im i zadawa\u0142 pytania. Wszyscy za\u015b, kt\u00f3rzy Go s\u0142uchali, byli zdumieni bystro\u015bci\u0105 Jego umys\u0142u i odpowiedziami. <\/b><\/span><\/span><\/span><\/p>\n<p align=\"justify\"><span style=\"color: #000000;\"><span style=\"font-family: Book Antiqua, serif;\"><span style=\"font-size: large;\"><b>Na ten widok zdziwili si\u0119 bardzo, a Jego Matka rzek\u0142a do Niego: \u201eSynu, czemu\u015b nam to uczyni\u0142? Oto ojciec Tw\u00f3j i ja z b\u00f3lem serca szukali\u015bmy Ciebie\u201d. <\/b><\/span><\/span><\/span><\/p>\n<p align=\"justify\"><span style=\"color: #000000;\"><span style=\"font-family: Book Antiqua, serif;\"><span style=\"font-size: large;\"><b>Lecz On im odpowiedzia\u0142: \u201eCzemu\u015bcie Mnie szukali? Czy nie wiedzieli\u015bcie, \u017ce powinienem by\u0107 w tym, co nale\u017cy do mego Ojca?\u201d Oni jednak nie zrozumieli tego, co im powiedzia\u0142. <\/b><\/span><\/span><\/span><\/p>\n<p align=\"justify\"><span style=\"color: #000000;\"><span style=\"font-family: Book Antiqua, serif;\"><span style=\"font-size: large;\"><b>Potem poszed\u0142 z nimi i wr\u00f3ci\u0142 do Nazaretu; i by\u0142 im poddany. <\/b><\/span><\/span><\/span><\/p>\n<p align=\"justify\"><span style=\"color: #000000;\"><span style=\"font-family: Book Antiqua, serif;\"><span style=\"font-size: large;\"><b>A Matka Jego chowa\u0142a wiernie te wspomnienia w swym sercu.<\/b><\/span><\/span><\/span><\/p>\n<p align=\"justify\">\n<p align=\"justify\">\n<p align=\"justify\">\n<p align=\"justify\">\n<p align=\"justify\">\n<p align=\"center\"><span style=\"color: #000000;\"><span style=\"font-family: Book Antiqua, serif;\"><span style=\"font-size: large;\"><b>A <\/b><b>OTO S\u0141\u00d3WKO KA<\/b><b>CPRA<\/b><b>:<\/b><\/span><\/span><\/span><\/p>\n<p align=\"center\">\n<p align=\"center\">\n<p align=\"center\">\n<p align=\"center\">\n<p align=\"center\">\n<p align=\"justify\"><span style=\"font-family: Book Antiqua, serif;\"><span style=\"font-size: large;\"><span style=\"color: #000000;\"><span lang=\"pl-PL\">Dzisiejsze czytania pokazuj\u0105 nam dwa wymiary \u017cycia z Bogiem. Pierwszy \u2013 ten Izajaszowy \u2013 bardziej duchowy, natomiast drugi, <\/span><span lang=\"pl-PL\">czyli<\/span><span lang=\"pl-PL\"> ten \u0141ukaszowy, <\/span><span lang=\"pl-PL\">mo\u017ce<\/span><span lang=\"pl-PL\"> bardziej \u201eprzyziemny\u201d, ludzki\u2026 \u015awiat duchowy oraz \u015bwiat materialny przenikaj\u0105 si\u0119 \u2013 czy tego chcemy, czy nie; czy w to wierzymy, czy nie. Tak, jak powinni\u015bmy dba\u0107 o wzrostu duchowy, relacj\u0119 z Bogiem oraz naszego wewn\u0119trznego cz\u0142owieka, tak samo powinni\u015bmy dba\u0107 o nasze cia\u0142a, zdrowie i dobre samopoczucie \u2013 w tym tak\u017ce emocje.<\/span><\/span><\/span><\/span><\/p>\n<p align=\"justify\"><span style=\"font-family: Book Antiqua, serif;\"><span style=\"font-size: large;\"><span style=\"color: #000000;\"><span lang=\"pl-PL\">Zobaczmy, \u017ce B\u00f3g przez proroka Izajasza og\u0142asza nam, \u017ce b\u0119d\u0105c przy Bogu, oddaj\u0105c <\/span><span lang=\"pl-PL\">M<\/span><span lang=\"pl-PL\">u swoje \u017cycie i id\u0105c za Nim, ju\u017c nale\u017cymy do \u00abszczepu b\u0142ogos\u0142awionego Pana\u00bb. <\/span><span lang=\"pl-PL\">Osobi\u015bcie, w<\/span><span lang=\"pl-PL\">iele razy ju\u017c wspomina\u0142em, \u017ce najlepszym sposobem do wej\u015bcia w uwielbienie Boga jest po prostu rozpocz\u0119cie od dzi\u0119kczynienia. To w\u0142a\u015bnie czyni prorok w dzisiejszym czytaniu. <\/span><\/span><\/span><\/span><\/p>\n<p align=\"justify\"><span style=\"font-family: Book Antiqua, serif;\"><span style=\"font-size: large;\"><span style=\"color: #000000;\"><span lang=\"pl-PL\">S\u0142yszy si\u0119 nieraz g\u0142osy od ludzi, \u017ce tak naprawd\u0119 to nie za bardzo maj\u0105 za co Bogu dzi\u0119kowa\u0107. Cz\u0119sto patrzymy na bilans zysk\u00f3w i strat \u2013 i od tego uzale\u017cniamy nasz\u0105 wdzi\u0119czno\u015b\u0107, b\u0105d\u017a jej brak. Cz\u0119sto pytaj\u0105c kogo\u015b, co u niego lub <\/span><span lang=\"pl-PL\">u <\/span><span lang=\"pl-PL\">niej, <\/span><span lang=\"pl-PL\">zaraz <\/span><span lang=\"pl-PL\">mo\u017cna otrzyma\u0107 odpowied\u017a: \u201e<\/span><span lang=\"pl-PL\">A<\/span><span lang=\"pl-PL\"> co to za \u017cycie!\u201d; albo: \u201e<\/span><span lang=\"pl-PL\">A.<\/span><span lang=\"pl-PL\"> bywa\u0142o lepiej!\u201d. <\/span><\/span><\/span><\/span><\/p>\n<p align=\"justify\"><span style=\"font-family: Book Antiqua, serif;\"><span style=\"font-size: large;\"><span style=\"color: #000000;\"><span lang=\"pl-PL\">Ka\u017cdy z nas ma trudno\u015bci w \u017cyciu i wyzwania, z kt\u00f3rymi codziennie si\u0119 zmaga. Jedni maj\u0105 ich ciut wi\u0119cej, inni mniej. To, \u017ce mamy za co Bogu dzi\u0119kowa\u0107, to jest bezsprzeczny fakt. Pytanie, jakie powinni\u015bmy sobie zada\u0107 brzmi: czy jestem tego \u015bwiadomy i czy naprawd\u0119 zdaj\u0119 sobie spraw\u0119, jak wiele posiadam? <\/span><\/span><\/span><\/span><\/p>\n<p align=\"justify\"><span style=\"font-family: Book Antiqua, serif;\"><span style=\"font-size: large;\"><span style=\"color: #000000;\"><span lang=\"pl-PL\">Nie m\u00f3wi\u0119 tutaj o maj\u0105tku, dobrach luksusowych, pozycji, pracy czy wykszta\u0142ceniu. Oczywi\u015bcie, to te\u017c jest b\u0142ogos\u0142awie\u0144stwem od Pana, natomiast m\u00f3wi\u0119 tutaj bardziej o dost\u0119pnym zbawieniu, b\u0142ogos\u0142awie\u0144stwie, \u017cyciu wiecznym, kt\u00f3re na nas czeka. Chyba za bardzo skupiamy si\u0119 na osi\u0105ganiu cel\u00f3w \u201ekr\u00f3tkoterminowych\u201d \u2013 ziemskich \u2013 a nie za bardzo zwa\u017camy, czego u<\/span><span lang=\"pl-PL\">czestnikami<\/span><span lang=\"pl-PL\"> mo\u017cemy i powinni\u015bmy by\u0107 w Kr\u00f3lestwie Bo\u017cym.<\/span><\/span><\/span><\/span><\/p>\n<p align=\"justify\"><span style=\"font-family: Book Antiqua, serif;\"><span style=\"font-size: large;\"><span style=\"color: #000000;\"><span lang=\"pl-PL\">Dzisiejsza Ewangelia za\u015b pokazuje nam ludzki wymiar \u017cycia z Bogiem. Mamy histori\u0119, kt\u00f3r\u0105 dosy\u0107 dobrze znamy i kojarzymy. Ziemscy <\/span><span lang=\"pl-PL\">R<\/span><span lang=\"pl-PL\">odzice Jezusa, wracaj\u0105c do domu <\/span><span lang=\"pl-PL\">zauwa\u017caj\u0105<\/span><span lang=\"pl-PL\">, \u017ce Jezus si\u0119 gdzie\u015b zgubi\u0142 w\u015br\u00f3d t\u0142umu. Mo\u017cemy sobie tylko wyobrazi\u0107 strach, l\u0119k i niepewno\u015b\u0107, jak<\/span><span lang=\"pl-PL\">ie<\/span><span lang=\"pl-PL\"> pojawi\u0142<\/span><span lang=\"pl-PL\">y<\/span><span lang=\"pl-PL\"> si\u0119 w <\/span><span lang=\"pl-PL\">I<\/span><span lang=\"pl-PL\">ch sercach. Nie by\u0142o wtedy telefon\u00f3w, nag\u0142o\u015bnienia, budek telefonicznych czy taks\u00f3wek. W tej sytuacji trzeba by\u0142o szuka\u0107 tam, gdzie podpowiada\u0142a intuicja. <\/span><\/span><\/span><\/span><\/p>\n<p align=\"justify\"><span style=\"font-family: Book Antiqua, serif;\"><span style=\"font-size: large;\"><span style=\"color: #000000;\"><span lang=\"pl-PL\">By\u0142o bardzo du\u017ce ryzyko, \u017ce Maryja z J\u00f3zefem \u2013 id\u0105c tam, gdzie potencjalnie m\u00f3g\u0142 by\u0107 Jezus \u2013 mogli si\u0119 z nim min\u0105\u0107. My\u015bl\u0119, \u017ce tak po ludzku po prostu bardzo si\u0119 tym przej\u0119li. Mieli \u015bwiadomo\u015b\u0107, \u017ce Jezus jest <\/span><span lang=\"pl-PL\">S<\/span><span lang=\"pl-PL\">ynem Boga i nie powinno <\/span><span lang=\"pl-PL\">G<\/span><span lang=\"pl-PL\">o nic z\u0142ego spotka\u0107. Wiedzieli jednak, \u017ce s\u0105 za <\/span><span lang=\"pl-PL\">N<\/span><span lang=\"pl-PL\">iego odpowiedzialni i musz\u0105 zrobi\u0107 wszystko, \u017ceby <\/span><span lang=\"pl-PL\">G<\/span><span lang=\"pl-PL\">o znale\u017a\u0107. Czujemy w finale tej historii ogromne emocje, jakie towarzyszy\u0142y <\/span><span lang=\"pl-PL\">R<\/span><span lang=\"pl-PL\">odzicom Jezusa. Z jednej strony, na pewno ul\u017cy\u0142o <\/span><span lang=\"pl-PL\">I<\/span><span lang=\"pl-PL\">m, gdy znale\u017ali <\/span><span lang=\"pl-PL\">G<\/span><span lang=\"pl-PL\">o siedz\u0105cego w \u015bwi\u0105tyni, z drugiej <\/span><span lang=\"pl-PL\">jednak<\/span><span lang=\"pl-PL\"> strony mieli prawo si\u0119 denerwowa\u0107 i martwi\u0107.<\/span><\/span><\/span><\/span><\/p>\n<p align=\"justify\"><span style=\"font-family: Book Antiqua, serif;\"><span style=\"font-size: large;\"><span style=\"color: #000000;\"><span lang=\"pl-PL\">Od r\u00f3\u017cnych kap\u0142an\u00f3w, lider\u00f3w <\/span><span lang=\"pl-PL\">czy <\/span><span lang=\"pl-PL\">ewangelizator\u00f3w s\u0142ysza\u0142em nauczania m\u00f3wi\u0105ce, \u017ceby w <\/span><span lang=\"pl-PL\">\u017cadnej <\/span><span lang=\"pl-PL\">chwili swojego \u017cycia nie ba\u0107 si\u0119, nie stresowa\u0107 i wszystko oddawa\u0107 Bogu. Brzmi pi\u0119knie i wznio\u015ble, natomiast mamy takie sytuacje w \u017cyciu, gdy czujemy l\u0119k i niepewno\u015b\u0107. Oczywi\u015bcie, nie m\u00f3wi\u0119 tutaj o stanach l\u0119kowych, depresji itp. M\u00f3wi\u0119 o sytuacjach, kt\u00f3re powoduj\u0105, \u017ce co\u015b nami \u201eodrobin\u0119 potrz\u0105\u015bnie\u201d. Mo\u017ce to by\u0107 jaka\u015b negatywna informacja, kiepskie wyniki bada\u0144 lub cokolwiek innego, co <\/span><span lang=\"pl-PL\">s<\/span><span lang=\"pl-PL\">powoduje chwilowe zachwianie. <\/span><\/span><\/span><\/span><\/p>\n<p align=\"justify\"><span style=\"font-family: Book Antiqua, serif;\"><span style=\"font-size: large;\"><span style=\"color: #000000;\"><span lang=\"pl-PL\">I czy ma to od razu oznacza\u0107, \u017ce <\/span><span lang=\"pl-PL\">odwr\u00f3cili\u015bmy si\u0119 od Boga? Oczywi\u015bcie, \u017ce nie. Czy to znaczy, \u017ce przestali\u015bmy wierzy\u0107 lub zgrzeszyli\u015bmy? Niech ka\u017cdy odpowie sobie sam na to pytanie. Chc\u0119 tylko pokaza\u0107, \u017ce to, <\/span><span lang=\"pl-PL\">i\u017c<\/span><span lang=\"pl-PL\"> pojawi\u0105 si\u0119 jakie\u015b emocje, to nic z\u0142ego. Mo\u017cemy pewnych zdarze\u0144 nie rozumie\u0107 \u2013 tak, jak <\/span><span lang=\"pl-PL\">i <\/span><span lang=\"pl-PL\">Maryja nie do ko\u0144ca je rozumia\u0142a. Zobaczmy jednak, \u017ce mimo trudno\u015bci i niezrozumienia, ufa\u0142a Bogu! To jest klucz i podstawa relacji z Bogiem. Je\u015bli pojawi\u0105 si\u0119 trudne sytuacje, mog\u0105 <\/span><span lang=\"pl-PL\">te\u017c <\/span><span lang=\"pl-PL\">wyst\u0105pi\u0107 r\u00f3\u017cne emocje. Liczy si\u0119 <\/span><span lang=\"pl-PL\">jednak <\/span><span lang=\"pl-PL\">to, czy ufamy Bogu i czy pozwolimy w\u0142a\u015bnie Jemu przej\u0105\u0107 nad tym kontrol\u0119.<\/span><\/span><\/span><\/span><\/p>\n<p align=\"justify\"><span style=\"font-family: Book Antiqua, serif;\"><span style=\"font-size: large;\"><span style=\"color: #000000;\"><span lang=\"pl-PL\">Mam obecnie do\u015b\u0107 specyficzny okres w moim \u017cyciu. Pytam Pana o wiele rzeczy i nie do ko\u0144ca otrzymuj\u0119 odpowiedzi. Chyba, \u017ce je otrzymuj\u0119, lecz jeszcze ich nie rozumiem. Czy towarzysz\u0105 temu emocje? Oj, tak! I to bardzo wiele. Nie zmienia to faktu, \u017ce odda\u0142em Mu swoje \u017cycie i chc\u0119, by to On kierowa\u0142 wszystkim \u2013 tak, jak uwa\u017ca za stosowne. Chcia\u0142bym wszystko rozumie\u0107, widzie\u0107 i wiedzie\u0107, ale relacja z Bogiem to proces. Wzrastanie i w\u0142asny rozw\u00f3j, to r\u00f3wnie\u017c proces. Pewne rzeczy oka\u017c\u0105 si\u0119 szybciej, inne p\u00f3\u017aniej, a jeszcze inne pewnie dopiero po \u015bmierci. Je\u015bli posiadasz taki czas w swoim \u017cyciu, \u017ce nie do ko\u0144ca wiesz, co dalej, to jest to r\u00f3wnie\u017c <\/span><span lang=\"pl-PL\">OK<\/span><span lang=\"pl-PL\">. Siadaj z Panem na modlitwie i pytaj Go o <\/span><span lang=\"pl-PL\">to, <\/span><span lang=\"pl-PL\">bo kog\u00f3\u017c innego <\/span><span lang=\"pl-PL\">mo\u017cesz zapyta\u0107?<\/span><\/span><\/span><\/span><\/p>\n<p align=\"justify\"><span style=\"font-family: Book Antiqua, serif;\"><span style=\"font-size: large;\"><span style=\"color: #000000;\"><span lang=\"pl-PL\">Drodzy, do w\u0142asnego duchowego rozwoju oraz relacji z Bogiem musimy podej\u015b\u0107 wieloetapowo. Powinni\u015bmy si\u0119 skupi\u0107 na takich elementach, jak codzienna modlitwa, czytanie Bo\u017cego S\u0142owa, ale r\u00f3wnie\u017c odpowiedni sen, zdrowy tryb \u017cycia i przerabianie w\u0142asnych emocji. Zgodnie z tym, co uczy nas \u015aw. Pawe\u0142, \u201esk\u0142adamy si\u0119\u201d z cia\u0142a, duszy i ducha \u2013 i o ka\u017cdy element musimy zadba\u0107 w odpowiedni spos\u00f3b. Je\u015bli proporcja b\u0119dzie zachwiana, to z r\u00f3wnowagi popadniemy w pewn\u0105 patologi\u0119, kt\u00f3ra objawi\u0107 si\u0119 mo\u017ce na bardzo wiele r\u00f3\u017cnych sposob\u00f3w. O tym \u2013 mam nadziej\u0119 \u2013 b\u0119dzie okazja jeszcze opowiedzie\u0107.<\/span><\/span><\/span><\/span><\/p>\n","protected":false},"excerpt":{"rendered":"<p>Niech b\u0119dzie pochwalony Jezus Chrystus! Moi Drodzy, w dniu dzisiejszym imieniny prze\u017cywa Ksi\u0105dz Kanonik Ireneusz G\u0142owacki, Proboszcz Parafii Miastk\u00f3w Ko\u015bcielny. Dzi\u0119kuj\u0105c za \u017cyczliwo\u015b\u0107, modl\u0119 si\u0119 o dobro dla Solenizanta! Drodzy moi, wczoraj odby\u0142a si\u0119 kolejna audycja w Katolickim Radiu Podlasie, w ramach cyklu: TY\u015a NASZ\u0104 KR\u00d3LOW\u0104. Odbywa si\u0119 ona w ramach \u201emojego\u201d czasu antenowego, czyli [&hellip;]<\/p>\n","protected":false},"author":1,"featured_media":0,"comment_status":"open","ping_status":"open","sticky":false,"template":"","format":"standard","meta":{"jetpack_post_was_ever_published":false,"_jetpack_newsletter_access":"","_jetpack_dont_email_post_to_subs":false,"_jetpack_newsletter_tier_id":0,"_jetpack_memberships_contains_paywalled_content":false,"_jetpack_memberships_contains_paid_content":false,"footnotes":""},"categories":[1],"tags":[],"class_list":["post-23960","post","type-post","status-publish","format-standard","hentry","category-bez-kategorii"],"yoast_head":"<!-- This site is optimized with the Yoast SEO plugin v25.1 - https:\/\/yoast.com\/wordpress\/plugins\/seo\/ -->\n<title>Czemu\u015bcie Mnie szukali?... - Gaudium Et Spes<\/title>\n<meta name=\"robots\" content=\"index, follow, max-snippet:-1, max-image-preview:large, max-video-preview:-1\" \/>\n<link rel=\"canonical\" href=\"https:\/\/gaudiumetspes-blog.pl\/index.php\/2025\/06\/28\/czemuscie-mnie-szukali\/\" \/>\n<meta property=\"og:locale\" content=\"pl_PL\" \/>\n<meta property=\"og:type\" content=\"article\" \/>\n<meta property=\"og:title\" content=\"Czemu\u015bcie Mnie szukali?... - Gaudium Et Spes\" \/>\n<meta property=\"og:description\" content=\"Niech b\u0119dzie pochwalony Jezus Chrystus! Moi Drodzy, w dniu dzisiejszym imieniny prze\u017cywa Ksi\u0105dz Kanonik Ireneusz G\u0142owacki, Proboszcz Parafii Miastk\u00f3w Ko\u015bcielny. Dzi\u0119kuj\u0105c za \u017cyczliwo\u015b\u0107, modl\u0119 si\u0119 o dobro dla Solenizanta! Drodzy moi, wczoraj odby\u0142a si\u0119 kolejna audycja w Katolickim Radiu Podlasie, w ramach cyklu: TY\u015a NASZ\u0104 KR\u00d3LOW\u0104. Odbywa si\u0119 ona w ramach \u201emojego\u201d czasu antenowego, czyli [&hellip;]\" \/>\n<meta property=\"og:url\" content=\"https:\/\/gaudiumetspes-blog.pl\/index.php\/2025\/06\/28\/czemuscie-mnie-szukali\/\" \/>\n<meta property=\"og:site_name\" content=\"Gaudium Et Spes\" \/>\n<meta property=\"article:published_time\" content=\"2025-06-28T05:38:10+00:00\" \/>\n<meta name=\"author\" content=\"Ks. Jacek\" \/>\n<meta name=\"twitter:card\" content=\"summary_large_image\" \/>\n<meta name=\"twitter:label1\" content=\"Napisane przez\" \/>\n\t<meta name=\"twitter:data1\" content=\"Ks. Jacek\" \/>\n\t<meta name=\"twitter:label2\" content=\"Szacowany czas czytania\" \/>\n\t<meta name=\"twitter:data2\" content=\"9 minut\" \/>\n<script type=\"application\/ld+json\" class=\"yoast-schema-graph\">{\"@context\":\"https:\/\/schema.org\",\"@graph\":[{\"@type\":\"WebPage\",\"@id\":\"https:\/\/gaudiumetspes-blog.pl\/index.php\/2025\/06\/28\/czemuscie-mnie-szukali\/\",\"url\":\"https:\/\/gaudiumetspes-blog.pl\/index.php\/2025\/06\/28\/czemuscie-mnie-szukali\/\",\"name\":\"Czemu\u015bcie Mnie szukali?... - Gaudium Et Spes\",\"isPartOf\":{\"@id\":\"https:\/\/gaudiumetspes-blog.pl\/#website\"},\"datePublished\":\"2025-06-28T05:38:10+00:00\",\"author\":{\"@id\":\"https:\/\/gaudiumetspes-blog.pl\/#\/schema\/person\/1661982992b752dea8dff0d4ed845a65\"},\"breadcrumb\":{\"@id\":\"https:\/\/gaudiumetspes-blog.pl\/index.php\/2025\/06\/28\/czemuscie-mnie-szukali\/#breadcrumb\"},\"inLanguage\":\"pl-PL\",\"potentialAction\":[{\"@type\":\"ReadAction\",\"target\":[\"https:\/\/gaudiumetspes-blog.pl\/index.php\/2025\/06\/28\/czemuscie-mnie-szukali\/\"]}]},{\"@type\":\"BreadcrumbList\",\"@id\":\"https:\/\/gaudiumetspes-blog.pl\/index.php\/2025\/06\/28\/czemuscie-mnie-szukali\/#breadcrumb\",\"itemListElement\":[{\"@type\":\"ListItem\",\"position\":1,\"name\":\"Strona g\u0142\u00f3wna\",\"item\":\"https:\/\/gaudiumetspes-blog.pl\/\"},{\"@type\":\"ListItem\",\"position\":2,\"name\":\"Czemu\u015bcie Mnie szukali?&#8230;\"}]},{\"@type\":\"WebSite\",\"@id\":\"https:\/\/gaudiumetspes-blog.pl\/#website\",\"url\":\"https:\/\/gaudiumetspes-blog.pl\/\",\"name\":\"Gaudium Et Spes\",\"description\":\"Blog Ks. Jacka Ja\u015bkowskiego\",\"potentialAction\":[{\"@type\":\"SearchAction\",\"target\":{\"@type\":\"EntryPoint\",\"urlTemplate\":\"https:\/\/gaudiumetspes-blog.pl\/?s={search_term_string}\"},\"query-input\":{\"@type\":\"PropertyValueSpecification\",\"valueRequired\":true,\"valueName\":\"search_term_string\"}}],\"inLanguage\":\"pl-PL\"},{\"@type\":\"Person\",\"@id\":\"https:\/\/gaudiumetspes-blog.pl\/#\/schema\/person\/1661982992b752dea8dff0d4ed845a65\",\"name\":\"Ks. Jacek\",\"image\":{\"@type\":\"ImageObject\",\"inLanguage\":\"pl-PL\",\"@id\":\"https:\/\/gaudiumetspes-blog.pl\/#\/schema\/person\/image\/\",\"url\":\"https:\/\/gaudiumetspes-blog.pl\/wp-content\/uploads\/2019\/07\/avatar-JJ-150x150.jpg\",\"contentUrl\":\"https:\/\/gaudiumetspes-blog.pl\/wp-content\/uploads\/2019\/07\/avatar-JJ-150x150.jpg\",\"caption\":\"Ks. Jacek\"},\"description\":\"Witam serdecznie! K\u0142ania si\u0119 Ks. Jacek Ja\u015bkowski. Nie jestem ani kim\u015b wa\u017cnym, ani kim\u015b znanym. Jestem ksi\u0119dzem, kt\u00f3ry po prostu chce rozmawia\u0107. Codzienna kap\u0142a\u0144ska pos\u0142uga pokazuje mi, \u017ce temat\u00f3w do rozm\u00f3w z ksi\u0119dzem jest coraz wi\u0119cej i dzisiaj \u017caden ksi\u0105dz nie mo\u017ce od nich ucieka\u0107, ale - wprost przeciwnie - podejmowa\u0107 nowe wyzwania. To przekonanie sk\u0142oni\u0142o mnie do pr\u00f3by otwarcia tego\u017c bloga, chocia\u017c okazji do rozm\u00f3w na co dzie\u0144 - w konfesjonale i poza nim - na szcz\u0119\u015bcie nie brakuje. My\u015bl\u0119 jednak, \u017ce ten blog b\u0119dzie jeszcze jednym sposobem i przestrzeni\u0105 nawi\u0105zania kontaktu z lud\u017ami dobrej woli, otwartymi na dialog.\",\"url\":\"https:\/\/gaudiumetspes-blog.pl\/index.php\/author\/ks-jacek\/\"}]}<\/script>\n<!-- \/ Yoast SEO plugin. -->","yoast_head_json":{"title":"Czemu\u015bcie Mnie szukali?... - Gaudium Et Spes","robots":{"index":"index","follow":"follow","max-snippet":"max-snippet:-1","max-image-preview":"max-image-preview:large","max-video-preview":"max-video-preview:-1"},"canonical":"https:\/\/gaudiumetspes-blog.pl\/index.php\/2025\/06\/28\/czemuscie-mnie-szukali\/","og_locale":"pl_PL","og_type":"article","og_title":"Czemu\u015bcie Mnie szukali?... - Gaudium Et Spes","og_description":"Niech b\u0119dzie pochwalony Jezus Chrystus! Moi Drodzy, w dniu dzisiejszym imieniny prze\u017cywa Ksi\u0105dz Kanonik Ireneusz G\u0142owacki, Proboszcz Parafii Miastk\u00f3w Ko\u015bcielny. Dzi\u0119kuj\u0105c za \u017cyczliwo\u015b\u0107, modl\u0119 si\u0119 o dobro dla Solenizanta! Drodzy moi, wczoraj odby\u0142a si\u0119 kolejna audycja w Katolickim Radiu Podlasie, w ramach cyklu: TY\u015a NASZ\u0104 KR\u00d3LOW\u0104. Odbywa si\u0119 ona w ramach \u201emojego\u201d czasu antenowego, czyli [&hellip;]","og_url":"https:\/\/gaudiumetspes-blog.pl\/index.php\/2025\/06\/28\/czemuscie-mnie-szukali\/","og_site_name":"Gaudium Et Spes","article_published_time":"2025-06-28T05:38:10+00:00","author":"Ks. Jacek","twitter_card":"summary_large_image","twitter_misc":{"Napisane przez":"Ks. Jacek","Szacowany czas czytania":"9 minut"},"schema":{"@context":"https:\/\/schema.org","@graph":[{"@type":"WebPage","@id":"https:\/\/gaudiumetspes-blog.pl\/index.php\/2025\/06\/28\/czemuscie-mnie-szukali\/","url":"https:\/\/gaudiumetspes-blog.pl\/index.php\/2025\/06\/28\/czemuscie-mnie-szukali\/","name":"Czemu\u015bcie Mnie szukali?... - Gaudium Et Spes","isPartOf":{"@id":"https:\/\/gaudiumetspes-blog.pl\/#website"},"datePublished":"2025-06-28T05:38:10+00:00","author":{"@id":"https:\/\/gaudiumetspes-blog.pl\/#\/schema\/person\/1661982992b752dea8dff0d4ed845a65"},"breadcrumb":{"@id":"https:\/\/gaudiumetspes-blog.pl\/index.php\/2025\/06\/28\/czemuscie-mnie-szukali\/#breadcrumb"},"inLanguage":"pl-PL","potentialAction":[{"@type":"ReadAction","target":["https:\/\/gaudiumetspes-blog.pl\/index.php\/2025\/06\/28\/czemuscie-mnie-szukali\/"]}]},{"@type":"BreadcrumbList","@id":"https:\/\/gaudiumetspes-blog.pl\/index.php\/2025\/06\/28\/czemuscie-mnie-szukali\/#breadcrumb","itemListElement":[{"@type":"ListItem","position":1,"name":"Strona g\u0142\u00f3wna","item":"https:\/\/gaudiumetspes-blog.pl\/"},{"@type":"ListItem","position":2,"name":"Czemu\u015bcie Mnie szukali?&#8230;"}]},{"@type":"WebSite","@id":"https:\/\/gaudiumetspes-blog.pl\/#website","url":"https:\/\/gaudiumetspes-blog.pl\/","name":"Gaudium Et Spes","description":"Blog Ks. Jacka Ja\u015bkowskiego","potentialAction":[{"@type":"SearchAction","target":{"@type":"EntryPoint","urlTemplate":"https:\/\/gaudiumetspes-blog.pl\/?s={search_term_string}"},"query-input":{"@type":"PropertyValueSpecification","valueRequired":true,"valueName":"search_term_string"}}],"inLanguage":"pl-PL"},{"@type":"Person","@id":"https:\/\/gaudiumetspes-blog.pl\/#\/schema\/person\/1661982992b752dea8dff0d4ed845a65","name":"Ks. Jacek","image":{"@type":"ImageObject","inLanguage":"pl-PL","@id":"https:\/\/gaudiumetspes-blog.pl\/#\/schema\/person\/image\/","url":"https:\/\/gaudiumetspes-blog.pl\/wp-content\/uploads\/2019\/07\/avatar-JJ-150x150.jpg","contentUrl":"https:\/\/gaudiumetspes-blog.pl\/wp-content\/uploads\/2019\/07\/avatar-JJ-150x150.jpg","caption":"Ks. Jacek"},"description":"Witam serdecznie! K\u0142ania si\u0119 Ks. Jacek Ja\u015bkowski. Nie jestem ani kim\u015b wa\u017cnym, ani kim\u015b znanym. Jestem ksi\u0119dzem, kt\u00f3ry po prostu chce rozmawia\u0107. Codzienna kap\u0142a\u0144ska pos\u0142uga pokazuje mi, \u017ce temat\u00f3w do rozm\u00f3w z ksi\u0119dzem jest coraz wi\u0119cej i dzisiaj \u017caden ksi\u0105dz nie mo\u017ce od nich ucieka\u0107, ale - wprost przeciwnie - podejmowa\u0107 nowe wyzwania. To przekonanie sk\u0142oni\u0142o mnie do pr\u00f3by otwarcia tego\u017c bloga, chocia\u017c okazji do rozm\u00f3w na co dzie\u0144 - w konfesjonale i poza nim - na szcz\u0119\u015bcie nie brakuje. My\u015bl\u0119 jednak, \u017ce ten blog b\u0119dzie jeszcze jednym sposobem i przestrzeni\u0105 nawi\u0105zania kontaktu z lud\u017ami dobrej woli, otwartymi na dialog.","url":"https:\/\/gaudiumetspes-blog.pl\/index.php\/author\/ks-jacek\/"}]}},"jetpack_featured_media_url":"","jetpack_sharing_enabled":true,"_links":{"self":[{"href":"https:\/\/gaudiumetspes-blog.pl\/index.php\/wp-json\/wp\/v2\/posts\/23960","targetHints":{"allow":["GET"]}}],"collection":[{"href":"https:\/\/gaudiumetspes-blog.pl\/index.php\/wp-json\/wp\/v2\/posts"}],"about":[{"href":"https:\/\/gaudiumetspes-blog.pl\/index.php\/wp-json\/wp\/v2\/types\/post"}],"author":[{"embeddable":true,"href":"https:\/\/gaudiumetspes-blog.pl\/index.php\/wp-json\/wp\/v2\/users\/1"}],"replies":[{"embeddable":true,"href":"https:\/\/gaudiumetspes-blog.pl\/index.php\/wp-json\/wp\/v2\/comments?post=23960"}],"version-history":[{"count":1,"href":"https:\/\/gaudiumetspes-blog.pl\/index.php\/wp-json\/wp\/v2\/posts\/23960\/revisions"}],"predecessor-version":[{"id":23961,"href":"https:\/\/gaudiumetspes-blog.pl\/index.php\/wp-json\/wp\/v2\/posts\/23960\/revisions\/23961"}],"wp:attachment":[{"href":"https:\/\/gaudiumetspes-blog.pl\/index.php\/wp-json\/wp\/v2\/media?parent=23960"}],"wp:term":[{"taxonomy":"category","embeddable":true,"href":"https:\/\/gaudiumetspes-blog.pl\/index.php\/wp-json\/wp\/v2\/categories?post=23960"},{"taxonomy":"post_tag","embeddable":true,"href":"https:\/\/gaudiumetspes-blog.pl\/index.php\/wp-json\/wp\/v2\/tags?post=23960"}],"curies":[{"name":"wp","href":"https:\/\/api.w.org\/{rel}","templated":true}]}}