{"id":23963,"date":"2025-06-29T06:52:37","date_gmt":"2025-06-29T04:52:37","guid":{"rendered":"https:\/\/gaudiumetspes-blog.pl\/?p=23963"},"modified":"2025-06-29T06:52:37","modified_gmt":"2025-06-29T04:52:37","slug":"piotrze-wstan-szybko","status":"publish","type":"post","link":"https:\/\/gaudiumetspes-blog.pl\/index.php\/2025\/06\/29\/piotrze-wstan-szybko\/","title":{"rendered":"Piotrze, wsta\u0144 szybko!"},"content":{"rendered":"<p align=\"justify\"><span style=\"color: #000000;\"><span style=\"font-family: Book Antiqua, serif;\"><span style=\"font-size: large;\">Szcz\u0119\u015b\u0107 Bo\u017ce! Moi Drodzy, w dniu dzisiejszym<b> imieniny obchodz\u0105:<\/b><\/span><\/span><\/span><\/p>\n<p align=\"justify\"><span style=\"color: #000000;\">\u25ba<span style=\"font-family: Book Antiqua, serif;\"><span style=\"font-size: large;\"><b>Ksi\u0105dz Biskup Piotr Sawczuk \u2013 Biskup drohiczy\u0144ski, pochodz\u0105cy z naszej Diecezji;<\/b><\/span><\/span><\/span><\/p>\n<p align=\"justify\"><span style=\"color: #000000;\">\u25ba<span style=\"font-family: Book Antiqua, serif;\"><span style=\"font-size: large;\"><b>moi Koledzy kursowi:<\/b><\/span><\/span><\/span><\/p>\n<p align=\"justify\"><span style=\"color: #000000;\"><span style=\"font-family: Book Antiqua, serif;\"><span style=\"font-size: large;\"><b>* Ksi\u0105dz Pawe\u0142 Smarz<\/b>, <\/span><\/span><\/span><\/p>\n<p align=\"justify\"><span style=\"color: #000000;\"><span style=\"font-family: Book Antiqua, serif;\"><span style=\"font-size: large;\"><b>* Ksi\u0105dz Piotr Wo\u017aniak;<\/b><\/span><\/span><\/span><\/p>\n<p align=\"justify\"><span style=\"color: #000000;\">\u25ba<span style=\"font-family: Book Antiqua, serif;\"><span style=\"font-size: large;\"><b>Kap\u0142ani pochodz\u0105cy z mojej rodzinnej Parafii;<\/b><\/span><\/span><\/span><\/p>\n<p align=\"justify\"><span style=\"color: #000000;\"><span style=\"font-family: Book Antiqua, serif;\"><span style=\"font-size: large;\"><b>* Ksi\u0105dz Pawe\u0142 Cie\u015blik, <\/b><\/span><\/span><\/span><\/p>\n<p align=\"justify\"><span style=\"color: #000000;\"><span style=\"font-family: Book Antiqua, serif;\"><span style=\"font-size: large;\"><b>* Ksi\u0105dz Piotr Jarosiewicz;<\/b><\/span><\/span><\/span><\/p>\n<p align=\"justify\"><span style=\"color: #000000;\">\u25ba<span style=\"font-family: Book Antiqua, serif;\"><span style=\"font-size: large;\"><b>Ksi\u0105dz Pawe\u0142 Czelu\u015bci\u0144ski \u2013 Wikariusz Ksi\u0119dza Marka w Parafii w Surgucie;<\/b><\/span><\/span><\/span><\/p>\n<p align=\"justify\"><span style=\"color: #000000;\">\u25ba<span style=\"font-family: Book Antiqua, serif;\"><span style=\"font-size: large;\"><b>Kap\u0142ani, kt\u00f3rych w r\u00f3\u017cnych miejscach i przy r\u00f3\u017cnych okazjach spotka\u0142em:<\/b><\/span><\/span><\/span><\/p>\n<p align=\"justify\"><span style=\"color: #000000;\"><span style=\"font-family: Book Antiqua, serif;\"><span style=\"font-size: large;\"><b>* Ojciec Piotr Radlak \u2013 pos\u0142uguj\u0105cy w Kodniu, wsp\u00f3\u0142tworz\u0105cy z Ojcem Mariuszem Boskiem i ze mn\u0105 audycje w Katolickim Radiu Podlasie, w ramach cyklu: TY\u015a NASZ\u0104 KR\u00d3LOW\u0104!;<\/b><\/span><\/span><\/span><\/p>\n<p align=\"justify\"><span style=\"color: #000000;\"><span style=\"font-family: Book Antiqua, serif;\"><span style=\"font-size: large;\"><b>* Ksi\u0105dz Pawe\u0142 Bielecki \u2013 <\/b><b>Kierownik Pieszej Pielgrzymki Podlaskiej na Jasn\u0105 G\u00f3r\u0119, <\/b><b>kt\u00f3remu gratuluj\u0119 obrony doktoratu dwa dni temu;<\/b><\/span><\/span><\/span><\/p>\n<p align=\"justify\"><span style=\"color: #000000;\"><span style=\"font-family: Book Antiqua, serif;\"><span style=\"font-size: large;\"><b>* Ksi\u0105dz Pawe\u0142 Bro\u0144ski \u2013 Dyrektor diecezjalnej telewizji internetowej FARO TV,<\/b><\/span><\/span><\/span><\/p>\n<p align=\"justify\"><span style=\"color: #000000;\"><span style=\"font-family: Book Antiqua, serif;\"><span style=\"font-size: large;\"><b>* Ojciec Piotr Darasz \u2013 Oblat, Proboszcz Parafii \u015awi\u0119tej Teresy w Siedlach.<\/b><\/span><\/span><\/span><\/p>\n<p align=\"justify\"><span style=\"color: #000000;\"><span style=\"font-family: Book Antiqua, serif;\"><span style=\"font-size: large;\"><b>* Ksi\u0105dz Pawe\u0142 Florowski,<\/b><\/span><\/span><\/span><\/p>\n<p align=\"justify\"><span style=\"color: #000000;\"><span style=\"font-family: Book Antiqua, serif;\"><span style=\"font-size: large;\"><b>* Ksi\u0105dz Pawe\u0142 Kindracki, <\/b><\/span><\/span><\/span><\/p>\n<p align=\"justify\"><span style=\"color: #000000;\"><span style=\"font-family: Book Antiqua, serif;\"><span style=\"font-size: large;\"><b>* Ksi\u0105dz Pawe\u0142 Kobia\u0142ka \u2013 Wikariusz mojej rodzinnej Parafii,<\/b><\/span><\/span><\/span><\/p>\n<p align=\"justify\"><span style=\"color: #000000;\"><span style=\"font-family: Book Antiqua, serif;\"><span style=\"font-size: large;\"><b>* Ksi\u0105dz Piotr Osi\u0144ski,<\/b><\/span><\/span><\/span><\/p>\n<p align=\"justify\"><span style=\"color: #000000;\"><span style=\"font-family: Book Antiqua, serif;\"><span style=\"font-size: large;\"><b>* Ksi\u0105dz Piotr Oskroba,<\/b><\/span><\/span><\/span><\/p>\n<p align=\"justify\"><span style=\"color: #000000;\"><span style=\"font-family: Book Antiqua, serif;\"><span style=\"font-size: large;\"><b>* Ksi\u0105dz Piotr Pa\u0107kowski \u2013 <\/b><b>do niedawna:<\/b><b> <\/b><b>Rektor naszego diecezjalnego Seminarium Duchownego,<\/b><\/span><\/span><\/span><\/p>\n<p align=\"justify\"><span style=\"color: #000000;\"><span style=\"font-family: Book Antiqua, serif;\"><span style=\"font-size: large;\"><b>* Ksi\u0105dz Pawe\u0142 Padysz, <\/b><\/span><\/span><\/span><\/p>\n<p align=\"justify\"><span style=\"color: #000000;\"><span style=\"font-family: Book Antiqua, serif;\"><span style=\"font-size: large;\"><b>* Ksi\u0105dz Pawe\u0142 Pajdosz<\/b><\/span><\/span><\/span><\/p>\n<p align=\"justify\"><span style=\"color: #000000;\"><span style=\"font-family: Book Antiqua, serif;\"><span style=\"font-size: large;\"><b>* Ksi\u0105dz Piotr Pielak, <\/b><\/span><\/span><\/span><\/p>\n<p align=\"justify\"><span style=\"color: #000000;\"><span style=\"font-family: Book Antiqua, serif;\"><span style=\"font-size: large;\"><b>* <\/b><b>Ksi\u0105dz Piotr Sawiuk, <\/b><\/span><\/span><\/span><\/p>\n<p align=\"justify\"><span style=\"color: #000000;\"><span style=\"font-family: Book Antiqua, serif;\"><span style=\"font-size: large;\"><b>* Ksi\u0105dz Pawe\u0142 Siedlanowski,<\/b><\/span><\/span><\/span><\/p>\n<p align=\"justify\"><span style=\"color: #000000;\"><span style=\"font-family: Book Antiqua, serif;\"><span style=\"font-size: large;\"><b>* Ksi\u0105dz Piotr Hawryluk, <\/b><\/span><\/span><\/span><\/p>\n<p align=\"justify\"><span style=\"color: #000000;\"><span style=\"font-family: Book Antiqua, serif;\"><span style=\"font-size: large;\"><b>* Ksi\u0105dz Piotr St\u0119pniewski \u2013 <\/b><b>z Diecezji warszawsko \u2013 praskiej;<\/b><\/span><\/span><\/span><\/p>\n<p align=\"justify\"><span style=\"color: #000000;\"><span style=\"font-family: Book Antiqua, serif;\"><span style=\"font-size: large;\"><b>* Ksi\u0105dz Pawe\u0142 Wojdat;<\/b><\/span><\/span><\/span><\/p>\n<p align=\"justify\"><span style=\"color: #000000;\"><span style=\"font-family: Book Antiqua, serif;\"><span style=\"font-size: large;\"><b>* Alumn Pawe\u0142 Szczygielski \u2013 ze Zgromadzenia Misjonarzy \u015awi\u0119tej Rodziny<\/b><\/span><\/span><\/span><\/p>\n<p align=\"justify\"><span style=\"color: #000000;\">\u25ba<span style=\"font-family: Book Antiqua, serif;\"><span style=\"font-size: large;\"><b>Doktor Pawe\u0142 Buco\u0144 \u2013 S\u0119dzia S\u0105du Najwy\u017cszego w Warszawie i \u015bwiecki Szafarz Komunii \u015awi\u0119tej w Archidiecezji lubelskiej, m\u00f3j Przyjaciel jeszcze z czas\u00f3w k\u00f3\u0142ka ministranckiego;<\/b><\/span><\/span><\/span><\/p>\n<p align=\"justify\"><span style=\"color: #000000;\">\u25ba<span style=\"font-family: Book Antiqua, serif;\"><span style=\"font-size: large;\"><b>Profesor Pawe\u0142 Szmitkowski \u2013 Wyk\u0142adowca Uniwersytetu w Siedlcach, zaanga\u017cowany kiedy\u015b w nasze Duszpasterstwo Akademickie; <\/b><\/span><\/span><\/span><\/p>\n<p align=\"justify\"><span style=\"color: #000000;\">\u25ba<span style=\"font-family: Book Antiqua, serif;\"><span style=\"font-size: large;\"><b>moi Chrze\u015bniacy:<\/b><\/span><\/span><\/span><\/p>\n<p align=\"justify\"><span style=\"color: #000000;\"><span style=\"font-family: Book Antiqua, serif;\"><span style=\"font-size: large;\"><b>* Piotr Oleszczuk \u2013 b\u0119d\u0105cy jednocze\u015bnie moim ciotecznym Bratem,<\/b><\/span><\/span><\/span><\/p>\n<p align=\"justify\"><span style=\"color: #000000;\"><span style=\"font-family: Book Antiqua, serif;\"><span style=\"font-size: large;\"><b>* Pawe\u0142 Mochnacz;<\/b><\/span><\/span><\/span><\/p>\n<p align=\"justify\"><span style=\"color: #000000;\">\u25ba<span style=\"font-family: Book Antiqua, serif;\"><span style=\"font-size: large;\"><b>m\u00f3j Brat cioteczny \u2013 Piotr Nowicki;<\/b><\/span><\/span><\/span><\/p>\n<p align=\"justify\"><span style=\"color: #000000;\">\u25ba<span style=\"font-family: Book Antiqua, serif;\"><span style=\"font-size: large;\"><b>Cz\u0142onkowie r\u00f3\u017cnych Wsp\u00f3lnot <\/b><b>m<\/b><b>\u0142odzie\u017cowych lub moi Uczniowie ze wszystkich Parafii, w kt\u00f3rych pos\u0142ugiwa\u0142em:<\/b><\/span><\/span><\/span><\/p>\n<p align=\"justify\"><span style=\"color: #000000;\"><span style=\"font-family: Book Antiqua, serif;\"><span style=\"font-size: large;\"><b>* Piotr Strze\u017cysz<\/b><b> \u2013 <\/b><b>przez jaki\u015b czas, pisz\u0105cy rozwa\u017cania na naszym forum;<\/b><\/span><\/span><\/span><\/p>\n<p align=\"justify\"><span style=\"color: #000000;\"><span style=\"font-family: Book Antiqua, serif;\"><span style=\"font-size: large;\"><b>* Pawe\u0142 Baczkura, <\/b><\/span><\/span><\/span><\/p>\n<p align=\"justify\"><span style=\"color: #000000;\"><span style=\"font-family: Book Antiqua, serif;\"><span style=\"font-size: large;\"><b>* Pawe\u0142 Si\u0142aczuk, <\/b><\/span><\/span><\/span><\/p>\n<p align=\"justify\"><span style=\"color: #000000;\"><span style=\"font-family: Book Antiqua, serif;\"><span style=\"font-size: large;\"><b>* Pawe\u0142 Deres, <\/b><\/span><\/span><\/span><\/p>\n<p align=\"justify\"><span style=\"color: #000000;\"><span style=\"font-family: Book Antiqua, serif;\"><span style=\"font-size: large;\"><b>* Pawe\u0142 Kaczorowski, <\/b><\/span><\/span><\/span><\/p>\n<p align=\"justify\"><span style=\"color: #000000;\"><span style=\"font-family: Book Antiqua, serif;\"><span style=\"font-size: large;\"><b>* Piotr Kalbarczyk \u2013 za moich czas\u00f3w: Lektor w Parafii Celestyn\u00f3w,<\/b><\/span><\/span><\/span><\/p>\n<p align=\"justify\"><span style=\"color: #000000;\"><span style=\"font-family: Book Antiqua, serif;\"><span style=\"font-size: large;\"><b>* Piotr Kalbarczyk \u2013 Lektor w Parafii Samogoszcz, Cz\u0142onek FORMACJI \u00abSPE SALVI\u00bb,<\/b><\/span><\/span><\/span><\/p>\n<p align=\"justify\"><span style=\"color: #000000;\"><span style=\"font-family: Book Antiqua, serif;\"><span style=\"font-size: large;\"><b>* Pawe\u0142 Mi\u0142osz, <\/b><\/span><\/span><\/span><\/p>\n<p align=\"justify\"><span style=\"color: #000000;\"><span style=\"font-family: Book Antiqua, serif;\"><span style=\"font-size: large;\"><b>* Piotr Paziewski, <\/b><\/span><\/span><\/span><\/p>\n<p align=\"justify\"><span style=\"color: #000000;\"><span style=\"font-family: Book Antiqua, serif;\"><span style=\"font-size: large;\"><b>* Pawe\u0142 R\u0119kawek, <\/b><\/span><\/span><\/span><\/p>\n<p align=\"justify\"><span style=\"color: #000000;\"><span style=\"font-family: Book Antiqua, serif;\"><span style=\"font-size: large;\"><b>* Piotr Sitek, <\/b><\/span><\/span><\/span><\/p>\n<p align=\"justify\"><span style=\"color: #000000;\"><span style=\"font-family: Book Antiqua, serif;\"><span style=\"font-size: large;\"><b>* Pawe\u0142 Siwiec, <\/b><\/span><\/span><\/span><\/p>\n<p align=\"justify\"><span style=\"color: #000000;\"><span style=\"font-family: Book Antiqua, serif;\"><span style=\"font-size: large;\"><b>* Piotr Biernacki, <\/b><\/span><\/span><\/span><\/p>\n<p align=\"justify\"><span style=\"color: #000000;\"><span style=\"font-family: Book Antiqua, serif;\"><span style=\"font-size: large;\"><b>* Pawe\u0142 Skowro\u0144ski, <\/b><\/span><\/span><\/span><\/p>\n<p align=\"justify\"><span style=\"color: #000000;\"><span style=\"font-family: Book Antiqua, serif;\"><span style=\"font-size: large;\"><b>* Piotr \u015awitaj, <\/b><\/span><\/span><\/span><\/p>\n<p align=\"justify\"><span style=\"color: #000000;\"><span style=\"font-family: Book Antiqua, serif;\"><span style=\"font-size: large;\"><b>* Pawe\u0142 Stachurski; <\/b><\/span><\/span><\/span><\/p>\n<p align=\"justify\"><span style=\"color: #000000;\">\u25ba<span style=\"font-family: Book Antiqua, serif;\"><span style=\"font-size: large;\"><b>moi Znajomi z r\u00f3\u017cnych czas\u00f3w i miejsc:<\/b><\/span><\/span><\/span><\/p>\n<p align=\"justify\"><span style=\"color: #000000;\"><span style=\"font-family: Book Antiqua, serif;\"><span style=\"font-size: large;\"><b>* <\/b><b>Doktor <\/b><b>Piotr Karwowski \u2013 <\/b><b>Organista i Dyrektor Ch\u00f3ru M\u0142odzie\u017cowego, istniej\u0105cego od lat w mojej rodzinnej Parafii;<\/b><\/span><\/span><\/span><\/p>\n<p align=\"justify\"><span style=\"color: #000000;\"><span style=\"font-family: Book Antiqua, serif;\"><span style=\"font-size: large;\"><b>* Pawe\u0142 Czajka, <\/b><\/span><\/span><\/span><\/p>\n<p align=\"justify\"><span style=\"color: #000000;\"><span style=\"font-family: Book Antiqua, serif;\"><span style=\"font-size: large;\"><b>* Piotr Deres, <\/b><\/span><\/span><\/span><\/p>\n<p align=\"justify\"><span style=\"color: #000000;\"><span style=\"font-family: Book Antiqua, serif;\"><span style=\"font-size: large;\"><b>* Piotr Mazurek,<\/b><\/span><\/span><\/span><\/p>\n<p align=\"justify\"><span style=\"color: #000000;\"><span style=\"font-family: Book Antiqua, serif;\"><span style=\"font-size: large;\"><b>* Piotr Pi\u0105tek,<\/b><\/span><\/span><\/span><\/p>\n<p align=\"justify\"><span style=\"color: #000000;\"><span style=\"font-family: Book Antiqua, serif;\"><span style=\"font-size: large;\"><b>* Piotr Skolimowski, <\/b><\/span><\/span><\/span><\/p>\n<p align=\"justify\"><span style=\"color: #000000;\"><span style=\"font-family: Book Antiqua, serif;\"><span style=\"font-size: large;\"><b>* Pawe\u0142 Sosik, <\/b><\/span><\/span><\/span><\/p>\n<p align=\"justify\"><span style=\"color: #000000;\"><span style=\"font-family: Book Antiqua, serif;\"><span style=\"font-size: large;\"><b>* Pawe\u0142 Tomaszek, <\/b><\/span><\/span><\/span><\/p>\n<p align=\"justify\"><span style=\"color: #000000;\"><span style=\"font-family: Book Antiqua, serif;\"><span style=\"font-size: large;\"><b>* Piotr Stelmach,<\/b><\/span><\/span><\/span><\/p>\n<p align=\"justify\"><span style=\"color: #000000;\"><span style=\"font-family: Book Antiqua, serif;\"><span style=\"font-size: large;\"><b>* Piotr Fabisiak \u2013 Syn Moderatora naszego bloga.<\/b><\/span><\/span><\/span><\/p>\n<p align=\"justify\"><span style=\"color: #000000;\"><span style=\"font-family: Book Antiqua, serif;\"><span style=\"font-size: large;\"><b>Wczoraj natomiast urodziny prze\u017cywa\u0142a Elena, wypowiadaj\u0105ca si\u0119 na naszym blogu.<\/b><\/span><\/span><\/span><\/p>\n<p align=\"justify\"><span style=\"color: #000000;\"><span style=\"font-family: Book Antiqua, serif;\"><span style=\"font-size: large;\"><b>\u017bycz\u0119 Wszystkim \u015bwi\u0119tuj\u0105cym, aby byli mocni w wierze! Zapewniam o modlitwie!<\/b><\/span><\/span><\/span><\/p>\n<p align=\"justify\"><span style=\"color: #000000;\"><span style=\"font-family: Book Antiqua, serif;\"><span style=\"font-size: large;\"><b>W dzisiejsz\u0105 Uroczysto\u015b\u0107 imieniny obchodzi\u0142 tak\u017ce Ksi\u0105dz Piotr Wojdat, m\u00f3j Kolega kursowy, kt\u00f3rego Pan pi\u0119\u0107 lat temu odwo\u0142a\u0142 do siebie. Niech zatem On sam, Zmartwychwsta\u0142y Chrystus, z\u0142o\u017cy dzi\u015b Piotrowi \u017cyczenia imieninowe w Domu Ojca. O to tak\u017ce b\u0119d\u0119 si\u0119 modli\u0142.<\/b><\/span><\/span><\/span><\/p>\n<p align=\"justify\"><span style=\"color: #000000;\"><span style=\"font-family: Book Antiqua, serif;\"><span style=\"font-size: large;\">Moi Drodzy, z racji dzisiejszej Uroczysto\u015bci Ko\u015bci\u00f3\u0142 obdarza nas \u0142ask\u0105 odpustu zupe\u0142nego za pos\u0142ugiwanie si\u0119 dewocjonaliami, po\u015bwi\u0119conymi przez Ojca \u015awi\u0119tego lub Biskupa. Warunkiem jest z\u0142o\u017cenie Wyznania wiary i inne sta\u0142e warunki. Je\u017celi zatem kto\u015b ma r\u00f3\u017caniec, czy jaki\u015b obrazek, po\u015bwi\u0119cony cho\u0107by na Audiencji generalnej, w kt\u00f3rej uczestniczy\u0142 w Rzymie, albo co\u015b, co po\u015bwi\u0119ci\u0142 kt\u00f3ry\u015b z Biskup\u00f3w, mo\u017ce o ten odpust dzisiaj prosi\u0107.<\/span><\/span><\/span><\/p>\n<p align=\"justify\"><span style=\"color: #000000;\"><span style=\"font-family: Book Antiqua, serif;\"><span style=\"font-size: large;\">Ja dzisiaj pomagam duszpastersko w Parafii Wielgolas Brzezi\u0144ski, w Diecezji warszawsko \u2013 praskiej, w zast\u0119pstwie za Proboszcza, Ksi\u0119dza Marka Lemiecha, zbieraj\u0105cego w jednej z Parafii datki na budow\u0119 ko\u015bcio\u0142a w swojej Parafii. <\/span><\/span><\/span><\/p>\n<p align=\"justify\"><span style=\"color: #000000;\"><span style=\"font-family: Book Antiqua, serif;\"><span style=\"font-size: large;\">Po po\u0142udniu za\u015b \u2013 spotkanie u mnie FORMACJI \u00abSPE SALVI\u00bb.<\/span><\/span><\/span><\/p>\n<p align=\"justify\"><span style=\"color: #000000;\"><span style=\"font-family: Book Antiqua, serif;\"><span style=\"font-size: large;\">Tymczasem ju\u017c zapraszam do pochylenia si\u0119 nad Bo\u017cym s\u0142owem, jakie niesie dzisiejsza liturgia.<b> <\/b>Oto s\u0142\u00f3wko Ksi\u0119dza Marka na dzi\u015b:<\/span><\/span><\/span><\/p>\n<p align=\"justify\"><span style=\"color: #000000;\"><span style=\"font-family: Book Antiqua, serif;\"><span style=\"font-size: medium;\"><a href=\"https:\/\/www.youtube.com\/c\/CatholicSurgut\"><span style=\"font-size: large;\"><span lang=\"zxx\"><u><b>https:\/\/www.youtube.com\/c\/CatholicSurgut<\/b><\/u><\/span><\/span><\/a><\/span><\/span><\/span><\/p>\n<p align=\"justify\"><span style=\"color: #000000;\"><span style=\"font-family: Book Antiqua, serif;\"><span style=\"font-size: large;\"><span lang=\"zxx\">Z<\/span><span lang=\"zxx\">atem, <\/span><b>co Pan do mnie konkretnie i osobi\u015bcie <\/b><b>dzisiaj<\/b><b> m\u00f3wi? Jakie konkretne wskazanie mi daje? <\/b><b>Jakie pytania stawia? <\/b>Duchu \u015awi\u0119ty, rozja\u015bnij umys\u0142y i serca!<\/span><\/span><\/span><\/p>\n<p align=\"justify\"><span style=\"color: #000000;\"><span style=\"font-family: Book Antiqua, serif;\"><span style=\"font-size: large;\"><b>N<\/b><b>iech Was b\u0142ogos\u0142awi B\u00f3g Wszechmog\u0105cy: Ojciec + i Syn, i Duch \u015awi\u0119ty. Amen<\/b><\/span><\/span><\/span><\/p>\n<p align=\"center\"><span style=\"color: #000000;\"><span style=\"font-family: Book Antiqua, serif;\"><span style=\"font-size: large;\">Gaudium et spes! Ks. Jacek<\/span><\/span><\/span><\/p>\n<p align=\"center\">\n<p align=\"center\">\n<p align=\"center\">\n<p align=\"center\">\n<p align=\"center\">\n<p align=\"justify\"><span style=\"color: #000000;\"><span style=\"font-family: Book Antiqua, serif;\"><span style=\"font-size: large;\"><b>Uroczysto\u015b\u0107 \u015awi\u0119tych Aposto\u0142\u00f3w Piotra i Paw\u0142a,<\/b><\/span><\/span><\/span><\/p>\n<p align=\"justify\"><span style=\"color: #000000;\"><span style=\"font-family: Book Antiqua, serif;\"><span style=\"font-size: large;\"><b>29 czerwca 2025.,\u00a0<\/b><\/span><\/span><\/span><\/p>\n<p align=\"justify\"><span style=\"color: #000000;\"><span style=\"font-family: Book Antiqua, serif;\"><span style=\"font-size: large;\"><b>do czyta\u0144 z t. VI Lekcjonarza: <\/b><\/span><\/span><\/span><\/p>\n<p align=\"justify\"><span style=\"color: #000000;\"> <span style=\"font-family: Book Antiqua, serif;\"><span style=\"font-size: large;\"><b>Dz 12,1\u201311; 2 Tm 4,6\u20139.16\u201318; Mt 16,13\u201319<\/b><\/span><\/span><\/span><\/p>\n<p align=\"justify\">\n<p align=\"justify\">\n<p align=\"justify\">\n<p align=\"justify\">\n<p align=\"justify\">\n<p align=\"justify\"><span style=\"color: #000000;\"><span style=\"font-family: Book Antiqua, serif;\"><span style=\"font-size: large;\"><b>CZYTANIE Z DZIEJ\u00d3W APOSTOLSKICH: <\/b><\/span><\/span><\/span><\/p>\n<p align=\"justify\"><span style=\"color: #000000;\"><span style=\"font-family: Book Antiqua, serif;\"><span style=\"font-size: large;\"><b>W owych dniach Herod zacz\u0105\u0142 prze\u015bladowa\u0107 niekt\u00f3rych cz\u0142onk\u00f3w Ko\u015bcio\u0142a. \u015aci\u0105\u0142 mieczem Jakuba, brata Jana, a gdy spostrzeg\u0142, \u017ce to spodoba\u0142o si\u0119 \u017bydom, uwi\u0119zi\u0142 nadto Piotra. A by\u0142y to dni Prza\u015bnik\u00f3w. Kiedy go pojma\u0142, osadzi\u0142 w wi\u0119zieniu i odda\u0142 pod stra\u017c czterech oddzia\u0142\u00f3w, po czterech \u017co\u0142nierzy ka\u017cdy, zamierzaj\u0105c po \u015awi\u0119cie Paschy wyda\u0107 go ludowi. <\/b><\/span><\/span><\/span><\/p>\n<p align=\"justify\"><span style=\"color: #000000;\"><span style=\"font-family: Book Antiqua, serif;\"><span style=\"font-size: large;\"><b>Strze\u017cono wi\u0119c Piotra w wi\u0119zieniu, a Ko\u015bci\u00f3\u0142 modli\u0142 si\u0119 za niego nieustannie do Boga. <\/b><\/span><\/span><\/span><\/p>\n<p align=\"justify\"><span style=\"color: #000000;\"><span style=\"font-family: Book Antiqua, serif;\"><span style=\"font-size: large;\"><b>W nocy, po kt\u00f3rej Herod mia\u0142 go wyda\u0107, Piotr, skuty podw\u00f3jnym \u0142a\u0144cuchem, spa\u0142 mi\u0119dzy dwoma \u017co\u0142nierzami, a stra\u017cnicy przed bram\u0105 strzegli wi\u0119zienia. <\/b><\/span><\/span><\/span><\/p>\n<p align=\"justify\"><span style=\"color: #000000;\"><span style=\"font-family: Book Antiqua, serif;\"><span style=\"font-size: large;\"><b>Wtem zjawi\u0142 si\u0119 anio\u0142 Pa\u0144ski i \u015bwiat\u0142o\u015b\u0107 zaja\u015bnia\u0142a w celi. Tr\u0105ceniem w bok obudzi\u0142 Piotra i powiedzia\u0142: \u201eWsta\u0144 szybko!\u201d R\u00f3wnocze\u015bnie z r\u0105k Piotra opad\u0142y kajdany. <\/b><\/span><\/span><\/span><\/p>\n<p align=\"justify\"><span style=\"color: #000000;\">\u201e<span style=\"font-family: Book Antiqua, serif;\"><span style=\"font-size: large;\"><b>Przepasz si\u0119 i w\u0142\u00f3\u017c sanda\u0142y!\u201d \u2013 powiedzia\u0142 mu anio\u0142. <\/b><\/span><\/span><\/span><\/p>\n<p align=\"justify\"><span style=\"color: #000000;\"><span style=\"font-family: Book Antiqua, serif;\"><span style=\"font-size: large;\"><b>A gdy to zrobi\u0142, rzek\u0142 do niego: \u201eNarzu\u0107 p\u0142aszcz i chod\u017a za mn\u0105!\u201d <\/b><\/span><\/span><\/span><\/p>\n<p align=\"justify\"><span style=\"color: #000000;\"><span style=\"font-family: Book Antiqua, serif;\"><span style=\"font-size: large;\"><b>Wyszed\u0142 wi\u0119c i szed\u0142 za nim, ale nie wiedzia\u0142, czy to, co czyni anio\u0142, jest rzeczywisto\u015bci\u0105; zdawa\u0142o mu si\u0119, \u017ce to widzenie. Min\u0119li pierwsz\u0105 i drug\u0105 stra\u017c i doszli do \u017celaznej bramy, prowadz\u0105cej do miasta. Ta otwar\u0142a si\u0119 sama przed nimi. Wyszli wi\u0119c, przeszli jedn\u0105 ulic\u0119 i natychmiast anio\u0142 odst\u0105pi\u0142 od niego. <\/b><\/span><\/span><\/span><\/p>\n<p align=\"justify\"><span style=\"color: #000000;\"><span style=\"font-family: Book Antiqua, serif;\"><span style=\"font-size: large;\"><b>Wtedy Piotr przyszed\u0142 do siebie i rzek\u0142: \u201eTeraz wiem na pewno, \u017ce Pan pos\u0142a\u0142 swego anio\u0142a i wyrwa\u0142 mnie z r\u0119ki Heroda i z tego wszystkiego, czego oczekiwali \u017bydzi\u201d.<\/b><\/span><\/span><\/span><\/p>\n<p align=\"justify\">\n<p align=\"justify\">\n<p align=\"justify\">\n<p align=\"justify\">\n<p align=\"justify\">\n<p align=\"justify\"><span style=\"color: #000000;\"><span style=\"font-family: Book Antiqua, serif;\"><span style=\"font-size: large;\"><b>CZYTANIE Z DRUGIEGO LISTU \u015aWI\u0118TEGO PAW\u0141A APOSTO\u0141A DO TYMOTEUSZA:<\/b><\/span><\/span><\/span><\/p>\n<p align=\"justify\"><span style=\"color: #000000;\"><span style=\"font-family: Book Antiqua, serif;\"><span style=\"font-size: large;\"><b>Krew moja ju\u017c ma by\u0107 wylana na ofiar\u0119, a chwila mojej roz\u0142\u0105ki nadesz\u0142a. W dobrych zawodach wyst\u0105pi\u0142em, bieg uko\u0144czy\u0142em, wiar\u0119 ustrzeg\u0142em. Na ostatek od\u0142o\u017cono dla mnie wieniec sprawiedliwo\u015bci, kt\u00f3ry mi w owym dniu odda Pan, sprawiedliwy S\u0119dzia, a nie tylko mnie, ale i wszystkim, kt\u00f3rzy umi\u0142owali pojawienie si\u0119 Jego. <\/b><\/span><\/span><\/span><\/p>\n<p align=\"justify\"><span style=\"color: #000000;\"><span style=\"font-size: large;\"><span style=\"font-family: Book Antiqua, serif;\"><b>Pospiesz si\u0119, by przyby\u0107 do mnie szybko. W pierwszej mojej obronie nikt przy mnie nie stan\u0105\u0142, ale wszyscy mnie opu\u015bcili: niech im to nie b\u0119dzie policzone!<\/b><\/span><b> <\/b><span style=\"font-family: Book Antiqua, serif;\"><b>Natomiast<\/b><\/span> <span style=\"font-family: Book Antiqua, serif;\"><b>Pan stan\u0105\u0142 przy mnie i wzmocni\u0142 mi\u0119, \u017ceby si\u0119 przeze mnie dope\u0142ni\u0142o g\u0142oszenie Ewangelii i \u017ceby wszystkie narody je pos\u0142ysza\u0142y; wyrwany te\u017c zosta\u0142em z paszczy lwa. Wyrwie mi\u0119 Pan od wszelkiego z\u0142ego czynu i wybawi mi\u0119, przyjmuj\u0105c do swego kr\u00f3lestwa niebieskiego; Jemu chwa\u0142a na wieki wiek\u00f3w. Amen.<\/b><\/span><\/span><\/span><\/p>\n<p align=\"justify\">\n<p align=\"justify\">\n<p align=\"justify\">\n<p align=\"justify\">\n<p align=\"justify\">\n<p align=\"justify\"><span style=\"color: #000000;\"><span style=\"font-family: Book Antiqua, serif;\"><span style=\"font-size: large;\"><b>S\u0141OWA EWANGELII WED\u0141UG \u015aWI\u0118TEGO MATEUSZA: <\/b><\/span><\/span><\/span><\/p>\n<p align=\"justify\"><span style=\"color: #000000;\"><span style=\"font-family: Book Antiqua, serif;\"><span style=\"font-size: large;\"><b>Gdy Jezus przyszed\u0142 w okolice Cezarei Filipowej, pyta\u0142 swych uczni\u00f3w: \u201eZa kogo ludzie uwa\u017caj\u0105 Syna Cz\u0142owieczego?\u201d <\/b><\/span><\/span><\/span><\/p>\n<p align=\"justify\"><span style=\"color: #000000;\"><span style=\"font-family: Book Antiqua, serif;\"><span style=\"font-size: large;\"><b>A oni odpowiedzieli: \u201eJedni za Jana Chrzciciela, inni za Eliasza, jeszcze inni za Jeremiasza albo za jednego z prorok\u00f3w\u201d. <\/b><\/span><\/span><\/span><\/p>\n<p align=\"justify\"><span style=\"color: #000000;\"><span style=\"font-family: Book Antiqua, serif;\"><span style=\"font-size: large;\"><b>Jezus zapyta\u0142 ich: \u201eA wy, za kogo Mnie uwa\u017cacie?\u201d <\/b><\/span><\/span><\/span><\/p>\n<p align=\"justify\"><span style=\"color: #000000;\"><span style=\"font-family: Book Antiqua, serif;\"><span style=\"font-size: large;\"><b>Odpowiedzia\u0142 Szymon Piotr: \u201eTy jeste\u015b Mesjasz, Syn Boga \u017cywego\u201d. <\/b><\/span><\/span><\/span><\/p>\n<p align=\"justify\"><span style=\"color: #000000;\"><span style=\"font-family: Book Antiqua, serif;\"><span style=\"font-size: large;\"><b>Na to Jezus mu rzek\u0142: \u201eB\u0142ogos\u0142awiony jeste\u015b, Szymonie, synu Jony. Albowiem cia\u0142o i krew nie objawi\u0142y ci tego, lecz Ojciec m\u00f3j, kt\u00f3ry jest w niebie. Oto i Ja tobie powiadam: Ty jeste\u015b Piotr \u2013 Opoka, i na tej opoce zbuduj\u0119 m\u00f3j Ko\u015bci\u00f3\u0142, a bramy piekielne go nie przemog\u0105. I tobie dam klucze kr\u00f3lestwa niebieskiego: cokolwiek zwi\u0105\u017cesz na ziemi, b\u0119dzie zwi\u0105zane w niebie, a co rozwi\u0105\u017cesz na ziemi, b\u0119dzie rozwi\u0105zane w niebie\u201d.<\/b><\/span><\/span><\/span><\/p>\n<p align=\"justify\">\n<p align=\"justify\">\n<p align=\"justify\">\n<p align=\"justify\">\n<p align=\"justify\">\n<p align=\"justify\"><span style=\"color: #000000;\"><span style=\"font-family: Book Antiqua, serif;\"><span style=\"font-size: large;\">W Prefacji mszalnej, kt\u00f3r\u0105 za chwil\u0119 us\u0142yszymy, w ramach Liturgii eucharystycznej, Ko\u015bci\u00f3\u0142 tak zwraca si\u0119 do Boga: \u201eTy nam pozwalasz z rado\u015bci\u0105 oddawa\u0107 cze\u015b\u0107 <b>\u015bwi\u0119tym Aposto\u0142om, Piotrowi i Paw\u0142owi. <\/b>Piotr pierwszy wyzna\u0142 wiar\u0119 w Chrystusa i z nawr\u00f3conych Izraelit\u00f3w za\u0142o\u017cy\u0142 pierwszy Ko\u015bci\u00f3\u0142. Pawe\u0142 otrzyma\u0142 \u0142ask\u0119 jasnego rozumienia prawd wiary i sta\u0142 si\u0119 nauczycielem narod\u00f3w poga\u0144skich. <b>Obdarzeni r\u00f3\u017cnymi darami, zgromadzili w jednym Ko\u015bciele wyznawc\u00f3w Chrystusa i zjednoczeni w chwale niebieskiej, wsp\u00f3lnie odbieraj\u0105 cze\u015b\u0107 na ziemi.\u201d <\/b>Bardzo ciekawa \u2013 i trafna \u2013 charakterystyka misji tych dw\u00f3ch wielkich Pasterzy, Nauczycieli i Przewodnik\u00f3w Ko\u015bcio\u0142a!<\/span><\/span><\/span><\/p>\n<p align=\"justify\"><span style=\"color: #000000;\"><span style=\"font-family: Book Antiqua, serif;\"><span style=\"font-size: large;\">Natomiast w ramach Liturgii S\u0142owa us\u0142yszeli\u015bmy dzisiaj trzy czytania, kt\u00f3re pokazuj\u0105 nam dzisiejszym Patron\u00f3w w momentach \u2013 powiedzieliby\u015bmy \u2013 <b>newralgicznych. <\/b>Dla nich samych \u2013 i dla ca\u0142ego Ko\u015bcio\u0142a. A zatem \u2013 <b>tak\u017ce i dla nas! <\/b><\/span><\/span><\/span><\/p>\n<p align=\"justify\"><span style=\"color: #000000;\"><span style=\"font-family: Book Antiqua, serif;\"><span style=\"font-size: large;\">I tak, w pierwszym czytaniu, z Ksi\u0119gi Dziej\u00f3w Apostolskich, s\u0142yszymy <b>o prze\u015bladowaniach,<\/b> jakie spad\u0142y na m\u0142ody, intensywnie rozwijaj\u0105cy si\u0119 Ko\u015bci\u00f3\u0142. Jak nam relacjonuje Autor biblijny, <i><b>w<\/b><\/i><i><b> owych dniach Herod zacz\u0105\u0142 prze\u015bladowa\u0107 niekt\u00f3rych cz\u0142onk\u00f3w Ko\u015bcio\u0142a. \u015aci\u0105\u0142 mieczem Jakuba, brata Jana, a gdy spostrzeg\u0142, \u017ce to spodoba\u0142o si\u0119 \u017bydom, uwi\u0119zi\u0142 nadto Piotra. A by\u0142y to dni Prza\u015bnik\u00f3w. <\/b><\/i><i><b>Kiedy go pojma\u0142, osadzi\u0142 w wi\u0119zieniu i odda\u0142 pod stra\u017c czterech oddzia\u0142\u00f3w, po czterech \u017co\u0142nierzy ka\u017cdy, zamierzaj\u0105c po \u015awi\u0119cie Paschy wyda\u0107 go ludowi. <\/b><\/i><\/span><\/span><\/span><\/p>\n<p align=\"justify\"><span style=\"color: #000000;\"><span style=\"font-family: Book Antiqua, serif;\"><span style=\"font-size: large;\">Mo\u017cna by powiedzie\u0107 \u2013 <b>pasmo nieszcz\u0119\u015b\u0107.<\/b> I faktycznie, czysto po ludzku patrz\u0105c \u2013 tak to wygl\u0105da. Jednak ju\u017c w drugiej cz\u0119\u015bci tego\u017c czytania dowiadujemy si\u0119, \u017ce <b>dokona\u0142<\/b><b>y<\/b><b> si\u0119 <\/b><b>rzeczy<\/b><b> absolutnie niezwyk\u0142e.<\/b> Pierwsz\u0105 tak\u0105 niezwyk\u0142\u0105 rzecz\u0105 by\u0142o to, \u017ce \u2013 jak s\u0142yszymy \u2013 <i><b>strze\u017cono<\/b><\/i><b> <\/b><b>[\u2026]<\/b><b> <\/b><i><b>Piotra w wi\u0119zieniu, a Ko\u015bci\u00f3\u0142 modli\u0142 si\u0119 za niego nieustannie do Boga.<\/b><\/i><b> <\/b>Ta wielka i zgodna modlitwa Ko\u015bcio\u0142a za Piotra, czyli <b>za<\/b><b> swojego pierwszego Papie\u017ca, <\/b>to by\u0142o co\u015b naprawd\u0119 szczeg\u00f3lnego. <\/span><\/span><\/span><\/p>\n<p align=\"justify\"><span style=\"color: #000000;\"><span style=\"font-family: Book Antiqua, serif;\"><span style=\"font-size: large;\">Z jednej strony \u2013 powiedzieliby\u015bmy \u2013 <b>to powinna by\u0107 norma,<\/b> tak powinno by\u0107 zawsze. Owszem, tak powinno by\u0107 zawsze. Ale wiemy, <b>\u017ce tak nie jest zawsze.<\/b> I \u017ce nawet dzisiaj pasterze Ko\u015bcio\u0142a, duszpasterze parafialni czy inni kap\u0142ani, <b>nie zawsze mog\u0105 liczy\u0107<\/b> na tak\u0105 zgodn\u0105 modlitw\u0119 ca\u0142ego Ko\u015bcio\u0142a. Niestety, kiedy zostaj\u0105 \u2013 z r\u00f3\u017cnych wzgl\u0119d\u00f3w \u2013 <b>poddawani <\/b><b>represjom<\/b> czy to ze strony w\u0142adz cywilnych, czy organ\u00f3w \u015bcigania, niejednokrotnie <b>zostaj\u0105 zupe\u0142nie sami. <\/b><\/span><\/span><\/span><\/p>\n<p align=\"justify\"><span style=\"color: #000000;\"><span style=\"font-family: Book Antiqua, serif;\"><span style=\"font-size: large;\">I to nawet wtedy, kiedy niczego im nie udowodniono, a jedynie pojawi\u0142y si\u0119 jakie\u015b tam zarzuty czy wr\u0119cz cienie podejrze\u0144 \u2013 taki ksi\u0105dz ju\u017c jest zwykle <b>praktycznie oskar\u017cony i os\u0105dzony,<\/b> odsuwany od swoich dotychczasowych zada\u0144, <b>a pierwszymi, kt\u00f3rzy si\u0119 od niego odcinaj\u0105 \u2013 i to publicznie,<\/b> \u017ceby przypadkiem nie narazi\u0107 si\u0119 na szum medialny i niekorzystny odbi\u00f3r spo\u0142eczny \u2013 <b>s\u0105 jego ko\u015bcielni prze\u0142o\u017ceni:<\/b> w\u0142adze kurialne lub zakonne. Na szcz\u0119\u015bcie, tak zwani \u201ezwykli ludzie\u201d okazuj\u0105 wtedy zainteresowanie i wykazuj\u0105c si\u0119 niema\u0142\u0105 odwag\u0105, <b>broni\u0105 <\/b><b>swojego<\/b><b> ksi\u0119dza. <\/b>Wbrew przestraszonym w\u0142adzom ko\u015bcielnym.<\/span><\/span><\/span><\/p>\n<p align=\"justify\"><span style=\"color: #000000;\"><span style=\"font-family: Book Antiqua, serif;\"><span style=\"font-size: large;\">Owszem, musimy i to uczciwie powiedzie\u0107, \u017ce te zarzuty <b>okazuj\u0105 <\/b><b>si\u0119 <\/b><b>niejednokrotnie s\u0142uszne, <\/b>a w\u00f3wczas taki ksi\u0105dz koniecznie powinien <b>ponie\u015b\u0107 konsekwencje swoich czyn\u00f3w.<\/b> Ale czy nawet w takiej sytuacji <b>nale\u017cy go pot\u0119pi\u0107, <\/b>czy w\u0142a\u015bnie \u00abmodli\u0107 si\u0119 za niego nieustannie do Boga\u00bb, aby si\u0119 opami\u0119ta\u0142, aby swoje \u017cycie do gruntu przemy\u015bla\u0142 \u2013 i jednak si\u0119 nawr\u00f3ci\u0142? I podj\u0105\u0142 pokut\u0119?\u2026 <\/span><\/span><\/span><\/p>\n<p align=\"justify\"><span style=\"color: #000000;\"><span style=\"font-family: Book Antiqua, serif;\"><span style=\"font-size: large;\">A w\u00f3wczas, mo\u017ce si\u0119 okaza\u0107, \u017ce kiedy przemy\u015bli wszystko i zmieni swoje \u017cycie \u2013<b> jeszcze du\u017co dobrego <\/b><b>mo\u017ce<\/b><b> uczyni\u0107 Ko\u015bcio\u0142owi. <\/b>Tak, jak dzisiejsi Patronowie, kt\u00f3rzy \u2013 jak wiemy \u2013 te\u017c niez\u0142ymi \u201egagatkami\u201d byli: Pawe\u0142, kt\u00f3ry jako Szawe\u0142 intensywnie <b>prze\u015bladowa\u0142 Ko\u015bci\u00f3\u0142,<\/b> czy Piotr, kt\u00f3ry do\u015bwiadczywszy tak wielkiego zaufania swego Mistrza, <b>wypar\u0142 si\u0119 Go trzykrotnie! <\/b><\/span><\/span><\/span><\/p>\n<p align=\"justify\"><span style=\"color: #000000;\"><span style=\"font-family: Book Antiqua, serif;\"><span style=\"font-size: large;\">Na szcz\u0119\u015bcie, <b>Jezus nie wypar\u0142 si\u0119 <\/b>ani Piotra, ani Paw\u0142a. Da\u0142 szans\u0119 jednemu i drugiemu. Na szcz\u0119\u015bcie r\u00f3wnie\u017c \u2013 <b>Ko\u015bci\u00f3\u0142 nie wypar\u0142 si\u0119 swego Pasterza, <\/b>dlatego gremialnie modli\u0142 si\u0119 za niego. I oto dzisiaj s\u0142yszymy, <b>\u017ce wymodli\u0142 cud! <\/b>Tak, cud uwolnienia z bardzo mocno strze\u017conego wi\u0119zienia, pozabezpieczanego o wiele mocniej nawet, ni\u017c trzeba! Jak s\u0142yszymy, <b>Piotr opu\u015bci\u0142 je zupe\u0142nie swobodnie,<\/b> prowadzony niemal\u017ce za r\u0119k\u0119 przez Anio\u0142a Pa\u0144skiego. Kiedy ludzie nie byli w stanie zaradzi\u0107 sytuacji, <b>to B\u00f3g <\/b><b>sam <\/b><b>zaradzi\u0142,<\/b> posy\u0142aj\u0105c swego niebia\u0144skiego Wys\u0142annika. To w pierwszym czytaniu.<\/span><\/span><\/span><\/p>\n<p align=\"justify\"><span style=\"color: #000000;\"><span style=\"font-family: Book Antiqua, serif;\"><span style=\"font-size: large;\">Natomiast Ewangelia dzisiejsza pokazuje nam Piotra w momencie chyba <b>dla niego \u017cyciowo najwa\u017cniejszym. <\/b>Chocia\u017c takich moment\u00f3w bardzo istotnych w jego \u017cyciu mo\u017cna by wskaza\u0107 jeszcze kilka, jak na przyk\u0142ad<b> moment zdrady, <\/b>przed chwil\u0105 wspomniany, albo owo pami\u0119tne spotkanie z Jezusem ju\u017c po Zmartwychwstaniu, kiedy trzykrotnym: <i><b>Panie, Ty wszystko wiesz! Ty wiesz, \u017ce Ci\u0119 kocham! <\/b><\/i>\u2013 Piotr rehabilituje si\u0119 za trzykrotn\u0105 zdrad\u0119, po czym Jezus potwierdza oddanie w jego r\u0119ce ca\u0142ego Ko\u015bcio\u0142a. <\/span><\/span><\/span><\/p>\n<p align=\"justify\"><span style=\"color: #000000;\"><span style=\"font-family: Book Antiqua, serif;\"><span style=\"font-size: large;\">Jednak dzisiaj s\u0142yszymy t\u0119 jego rozmow\u0119 z Jezusem, <b>kiedy si\u0119 to dokona\u0142o po raz pierwszy.<\/b> Tamto spotkanie po Zmartwychwstaniu by\u0142o ju\u017c tylko potwierdzeniem i przypiecz\u0119towaniem tej decyzji Jezusa, o kt\u00f3rej s\u0142yszymy dzisiaj. A jaka to decyzja? Ta w\u0142a\u015bnie: <i><b>Ty jeste\u015b Piotr \u2013 Opoka, i na tej opoce zbuduj\u0119 m\u00f3j Ko\u015bci\u00f3\u0142, a bramy piekielne go nie przemog\u0105. I tobie dam klucze kr\u00f3lestwa niebieskiego: cokolwiek zwi\u0105\u017cesz na ziemi, b\u0119dzie zwi\u0105zane w niebie, a co rozwi\u0105\u017cesz na ziemi, b\u0119dzie rozwi\u0105zane w niebie.<\/b><\/i><\/span><\/span><\/span><\/p>\n<p align=\"justify\"><span style=\"color: #000000;\"><span style=\"font-family: Book Antiqua, serif;\"><span style=\"font-size: large;\">Jezus wypowiedzia\u0142 te s\u0142owa po tym, jak Piotr, wiedziony jakim\u015b szczeg\u00f3lnym, Bo\u017cym natchnieniem, na pytanie: <i><b>Za kogo ludzie uwa\u017caj\u0105 Syna Cz\u0142owieczego?; <\/b><\/i>oraz: <i><b>A wy, za kogo Mnie uwa\u017cacie?,<\/b><\/i><b> <\/b>odpowiedzia\u0142: <i><b>Ty jeste\u015b Mesjasz, Syn Boga \u017cywego! <\/b><\/i>Odpowiedzia\u0142 zgodnie z prawd\u0105, wskazuj\u0105c na to,<b> co najwa\u017cniejsze w misji Jezusa<\/b> na tym \u015bwiecie. Dlatego us\u0142ysza\u0142 od swego Mistrza: <i><b>B\u0142ogos\u0142awiony jeste\u015b, Szymonie, synu Jony. Albowiem cia\u0142o i krew nie objawi\u0142y ci tego, lecz Ojciec m\u00f3j, kt\u00f3ry jest w niebie.<\/b><\/i><b> <\/b><\/span><\/span><\/span><\/p>\n<p align=\"justify\"><span style=\"color: #000000;\"><span style=\"font-family: Book Antiqua, serif;\"><span style=\"font-size: large;\">I w\u0142a\u015bnie tego, kt\u00f3ry us\u0142ysza\u0142 w g\u0142\u0119bi swego serca ow\u0105 \u201epodpowied\u017a\u201d Ojca Niebieskiego i tak jasno j\u0105 przedstawi\u0142 \u2013 Jezus dzisiaj uczyni\u0142 <b>widzialn\u0105 g\u0142ow\u0105 swego Ko\u015bcio\u0142a.<\/b> Tak, tego Ko\u015bcio\u0142a, kt\u00f3ry istnieje ju\u017c dwa tysi\u0105ce lat, w trakcie kt\u00f3rych misj\u0119 Piotra kontynuowa\u0142o ju\u017c tak wielu jego nast\u0119pc\u00f3w. <b>On by\u0142 jednak pierwszym! <\/b>A opisane dzi\u015b wydarzenie by\u0142o tym momentem, w kt\u00f3rym to wyj\u0105tkowe zadanie <b>zosta\u0142o mu powierzone.<\/b> Czy mo\u017ce zatem w \u017cyciu takiego zwyk\u0142ego, prostego cz\u0142owieka, jakim w sumie by\u0142 Piotr, <b>wydarzy\u0107 si\u0119 co\u015b wi\u0119kszego <\/b>i bardziej znacz\u0105cego?\u2026<\/span><\/span><\/span><\/p>\n<p align=\"justify\"><span style=\"color: #000000;\"><span style=\"font-family: Book Antiqua, serif;\"><span style=\"font-size: large;\">Jezus tak bardzo zaufa\u0142 Piotrowi, chocia\u017c dobrze wiedzia\u0142, \u017ce jest on s\u0142abym cz\u0142owiekiem \u2013<b> i wiedzia\u0142, \u017ce Go zdradzi.<\/b> Ale wiedzia\u0142 te\u017c, \u017ce gorzko <b>b\u0119dzie tego \u017ca\u0142owa\u0142 i \u017ce jednak wr\u00f3ci.<\/b> Zatem, mo\u017cemy powiedzie\u0107, \u017ce w relacjach Jezusa z Piotrem by\u0142y zar\u00f3wno <b>momenty wielkiej rado\u015bci<\/b> i wielkiego zaufania, jak i <b>momenty<\/b><b> smutku i rozczarowania<\/b> postaw\u0105 umi\u0142owanego ucznia. Ostatecznie jednak, <b>Jezus m\u00f3g\u0142 na Piotra liczy\u0107,<\/b> bo ten ju\u017c potem do ko\u0144ca swojego \u017cycia dobrze wywi\u0105zywa\u0142 si\u0119 z zadania, kt\u00f3re mu Pan powierzy\u0142. Sam Piotr za\u015b \u2013 jak dzisiaj s\u0142yszymy \u2013 <b>m\u00f3g\u0142 liczy\u0107 na wsp\u00f3lnot\u0119 Ko\u015bcio\u0142a,<\/b> co dzisiaj zosta\u0142o wyra\u017cone tym w\u0142a\u015bnie, \u017ce kiedy by\u0142 w wi\u0119zieniu, \u00abKo\u015bci\u00f3\u0142 nieustannie modli\u0142 si\u0119 za niego\u00bb. <\/span><\/span><\/span><\/p>\n<p align=\"justify\"><span style=\"color: #000000;\"><span style=\"font-family: Book Antiqua, serif;\"><span style=\"font-size: large;\">Pawe\u0142 natomiast, kt\u00f3ry m\u00f3wi dzisiaj do nas s\u0142owami drugiego czytania, <b>jakby si\u0119 rozczarowa\u0142 postaw\u0105 swoich uczni\u00f3w.<\/b> S\u0142yszmy przecie\u017c, jak wzywaj\u0105c swojego umi\u0142owanego ucznia, m\u0142odego Biskupa Tymoteusza: <i><b>Pospiesz si\u0119, by przyby\u0107 do mnie szybko,<\/b><\/i> dodaje: <i><b>W pierwszej mojej obronie nikt przy mnie nie stan\u0105\u0142, ale wszyscy mnie opu\u015bcili: niech im to nie b\u0119dzie policzone! <\/b><\/i>Po czym wyra\u017anie stwierdza: <i><b>Natomiast<\/b><\/i><i> <\/i><i><b>Pan stan\u0105\u0142 przy mnie i wzmocni\u0142 mi\u0119, \u017ceby si\u0119 przeze mnie dope\u0142ni\u0142o g\u0142oszenie Ewangelii i \u017ceby wszystkie narody je pos\u0142ysza\u0142y; wyrwany te\u017c zosta\u0142em z paszczy lwa. <\/b><\/i><\/span><\/span><\/span><\/p>\n<p align=\"justify\"><span style=\"color: #000000;\"><span style=\"font-family: Book Antiqua, serif;\"><span style=\"font-size: large;\">O swojej za\u015b, ko\u0144cz\u0105cej si\u0119 na tym \u015bwiecie misji, m\u00f3wi: <i><b>Krew moja ju\u017c ma by\u0107 wylana na ofiar\u0119, a chwila mojej roz\u0142\u0105ki nadesz\u0142a. W dobrych zawodach wyst\u0105pi\u0142em, bieg uko\u0144czy\u0142em, wiar\u0119 ustrzeg\u0142em. Na ostatek od\u0142o\u017cono dla mnie wieniec sprawiedliwo\u015bci, kt\u00f3ry mi w owym dniu odda Pan, sprawiedliwy S\u0119dzia, a nie tylko mnie, ale i wszystkim, kt\u00f3rzy umi\u0142owali pojawienie si\u0119 Jego.<\/b><\/i><\/span><\/span><\/span><\/p>\n<p align=\"justify\"><span style=\"color: #000000;\"><span style=\"font-family: Book Antiqua, serif;\"><span style=\"font-size: large;\">Z pewno\u015bci\u0105 zatem, Pawe\u0142 \u2013 podobnie, jak Piotr \u2013 tak\u017ce ukazany nam jest dzisiaj <b>w momencie dla siebie newralgicznym: <\/b>w chwili, kiedy ju\u017c maj\u0105c \u015bwiadomo\u015b\u0107 swego odchodzenia, zako\u0144czenia swojej misji, dokonuje <b>swoistego jej podsumowania.<\/b> I m\u00f3wi \u2013 tak bardzo uczciwie \u2013 \u017ce wywi\u0105za\u0142 si\u0119 z zadania, kt\u00f3re mu powierzy\u0142 Pan. Bo <b>na Jego pomoc \u2013 Jezusa w\u0142a\u015bnie \u2013 zawsze m\u00f3g\u0142 liczy\u0107.<\/b> Tak\u017ce wtedy, kiedy <b>nie m\u00f3g\u0142 liczy\u0107 na pomoc ludzi.<\/b> Nawet swoich wsp\u00f3\u0142wyznawc\u00f3w. Zawsze wtedy jednak pami\u0119ta\u0142, \u017ce i oni \u2013 chrze\u015bcijanie, cz\u0142onkowie rodz\u0105cego si\u0119 Ko\u015bcio\u0142a \u2013 <b>du\u017co z\u0142a z jego strony <\/b><b>kiedy\u015b <\/b><b>do\u015bwiadczyli. <\/b>Nie mogli na niego liczy\u0107.<\/span><\/span><\/span><\/p>\n<p align=\"justify\"><span style=\"color: #000000;\"><span style=\"font-family: Book Antiqua, serif;\"><span style=\"font-size: large;\">A to wszystko u\u015bwiadamia nam tylko, Drodzy moi, \u017ce nawet m\u00f3wi\u0105c o tak niezwyk\u0142ych ludziach, o<b> postaciach wr\u0119cz monumentalnych i pomnikowych,<\/b> o tak wielkich \u015awi\u0119tych, jak nasi dzisiejsi Patronowie \u2013 <b>m\u00f3wimy jednak o zwyk\u0142ych ludziach,<\/b> kt\u00f3rzy s\u0105 takimi samymi, jak i my, grzesznikami, i takim samym, jak i my, <b>pokusom podlegali. I ulegali!<\/b> I kt\u00f3rzy nieraz <b>zawiedli si\u0119 na swoich wsp\u00f3\u0142wyznawcach,<\/b> ale i ci wsp\u00f3\u0142wyznawcy \u2013 <b>zawiedli si\u0119 na nich.<\/b> I Jezus \u2013 mo\u017cna by rzec \u2013 mia\u0142 powody, \u017ceby zawie\u015b\u0107 si\u0119 i na jednym, i na drugim. <\/span><\/span><\/span><\/p>\n<p align=\"justify\"><span style=\"color: #000000;\"><span style=\"font-family: Book Antiqua, serif;\"><span style=\"font-size: large;\">Natomiast nikt z nich \u2013 i nikt z nas \u2013 na pewno <b>nie zawi\u00f3d\u0142 si\u0119 nigdy i nie zawiedzie si\u0119 nigdy na Jezusie! <\/b>Warto o tym, Drodzy moi, pami\u0119ta\u0107. Bo my nieraz <b>zbytni\u0105 ufno\u015b\u0107 <\/b>pok\u0142adamy w drugim cz\u0142owieku. Albo oczekujemy z jego strony jakiej\u015b wdzi\u0119czno\u015bci, jakiego\u015b <b>dobrego s\u0142owa czy gestu<\/b> \u2013 i go nie otrzymujemy. Chocia\u017c s\u0142usznie nam si\u0119 on nale\u017cy z jego strony. Ale on nam go nie okazuje \u2013 <b>i co wtedy?<\/b> Odej\u015b\u0107 obra\u017conym, zaprzesta\u0107 czyni\u0107 dobro, wy\u0142\u0105czy\u0107 si\u0119 z takich relacji? <\/span><\/span><\/span><\/p>\n<p align=\"justify\"><span style=\"color: #000000;\"><span style=\"font-family: Book Antiqua, serif;\"><span style=\"font-size: large;\">Gdyby Jezus tak post\u0119powa\u0142, to by\u015bmy dzisiaj nie mieli Ko\u015bcio\u0142a. Skoro pierwszy Papie\u017c to zdrajca, a pierwszy Nauczyciel \u2013 to morderca i prze\u015bladowca, to o czym my w og\u00f3le m\u00f3wimy! A jednak,<b> Jezus okaza\u0142 mi\u0142o\u015b\u0107 i zaufanie tak Piotrowi, jak i Paw\u0142owi<\/b> \u2013 jak i ka\u017cdej i ka\u017cdemu z nas \u2013<b> pomimo ich i naszych s\u0142abo\u015bci! <\/b>I dzisiaj \u2013 w\u0142a\u015bnie w ich Uroczysto\u015b\u0107 i na ich przyk\u0142adzie \u2013 uczy nas, prosi i przekonuje, aby\u015bmy bezgranicznie i bez zastrze\u017ce\u0144 zawsze <b>ufali tylko Jemu samemu, Jezusowi!<\/b> <\/span><\/span><\/span><\/p>\n<p align=\"justify\"><span style=\"color: #000000;\"><span style=\"font-family: Book Antiqua, serif;\"><span style=\"font-size: large;\">Ludziom te\u017c mamy ufa\u0107, ale <b>pami\u0119taj\u0105c, \u017ce s\u0105 tylko lud\u017ami,<\/b> wi\u0119c mog\u0105 nas zawie\u015b\u0107 i rozczarowa\u0107. Mog\u0105 nie spe\u0142ni\u0107 naszych oczekiwa\u0144 i pok\u0142adanych w nich nadziei. Nie zawsze nawet ze z\u0142ej woli, czasami ze s\u0142abo\u015bci lub strachu, ale jednak! Natomiast to <b>nie mo\u017ce by\u0107 przyczyn\u0105 zmiany naszego stylu,<\/b> os\u0142abienia wiary, czy wr\u0119cz odej\u015bcia od Boga i od Ko\u015bcio\u0142a! To przecie\u017c zupe\u0142nie bez sensu! Cz\u0142owiek jest i pozostanie cz\u0142owiekiem. Ze swoj\u0105 <b>wielko\u015bci\u0105 i indywidualno\u015bci\u0105, <\/b>ale i ze swoj\u0105<b> ma\u0142o\u015bci\u0105, s\u0142abo\u015bci\u0105 i strachem.<\/b> <\/span><\/span><\/span><\/p>\n<p align=\"justify\"><span style=\"color: #000000;\"><span style=\"font-family: Book Antiqua, serif;\"><span style=\"font-size: large;\">I nawet, je\u015bli jest to kto\u015b tak wielki, jak pierwszy Papie\u017c czy Nauczyciel Narod\u00f3w: ka\u017cdy z nich <b>by\u0142 i pozostanie zwyk\u0142ym cz\u0142owiekiem.<\/b> I mo\u017ce zawie\u015b\u0107, rozczarowa\u0107\u2026 Dlatego warto wzi\u0105\u0107 sobie do serca i cz\u0119sto modli\u0107 si\u0119 s\u0142owami, jakimi modli si\u0119 pewna grupa formacyjna, o jakiej ostatnio si\u0119 dowiedzia\u0142em:<b> \u201ePanie Bo\u017ce, pozw\u00f3l mi jasno<\/b> u\u015bwiadomi\u0107 sobie, \u017ce <b>wszystko, czego oczekuj\u0119 od drugiego cz\u0142owieka \u2013 znajd\u0119 w Tobie!\u201d<\/b> <\/span><\/span><\/span><\/p>\n<p align=\"justify\"><span style=\"color: #000000;\"><span style=\"font-family: Book Antiqua, serif;\"><span style=\"font-size: large;\">I o to tu chodzi, Drodzy moi, aby\u015bmy nawet <b>w sytuacji rozczarowania i zawodu <\/b>zachowaniem os\u00f3b nam najbli\u017cszych czy <b>brakiem jakiekolwiek odzewu z ich strony<\/b> na dobro, kt\u00f3re\u015b im czynili\u015bmy \u2013 pami\u0119tali, \u017ce wszelkie dobro i docenienie mamy \u201ejak w banku\u201d u Jezusa! <b>Jego uwadze nikt i nic nigdy nie umknie.<\/b> Dlatego to w\u0142a\u015bnie ze wzgl\u0119du na Niego mamy si\u0119 po\u015bwi\u0119ca\u0107 i oddawa\u0107 w ca\u0142kowitym darze z siebie, <b>daj\u0105c ci\u0105gle wi\u0119cej i wi\u0119cej z siebie \u2013 i zawsze z mi\u0142o\u015bci\u0105! <\/b>Tak, jak Piotr i Pawe\u0142.<\/span><\/span><\/span><\/p>\n<p align=\"justify\"><span style=\"color: #000000;\"><span style=\"font-family: Book Antiqua, serif;\"><span style=\"font-size: large;\">I mamy \u2013 jako Ko\u015bci\u00f3\u0142 \u2013 <b>\u00abmodli\u0107 si\u0119 nieustannie do Boga\u00bb <\/b>za dzisiejszego Nast\u0119pc\u0119 Piotra, za dzisiejszych Nast\u0119pc\u00f3w Paw\u0142a, i za siebie nawzajem, aby\u015bmy wszyscy brali sobie do serca te s\u0142owa, kt\u00f3rymi Anio\u0142 zwr\u00f3ci\u0142 si\u0119 dzi\u015b do Piotra: <i><b>Wsta\u0144 szybko!;<\/b><\/i> a wi\u0119c: aby\u015bmy wstawali z naszego lenistwa, naszego marazmu, schemat\u00f3w my\u015blenia i przyzwyczaje\u0144 \u2013 <b>i szli za Jezusem tam, dok\u0105d On nas poprowadzi! <\/b>Tak, jak poszli Piotr i Pawe\u0142\u2026 <\/span><\/span><\/span><\/p>\n<p>&nbsp;<\/p>\n","protected":false},"excerpt":{"rendered":"<p>Szcz\u0119\u015b\u0107 Bo\u017ce! Moi Drodzy, w dniu dzisiejszym imieniny obchodz\u0105: \u25baKsi\u0105dz Biskup Piotr Sawczuk \u2013 Biskup drohiczy\u0144ski, pochodz\u0105cy z naszej Diecezji; \u25bamoi Koledzy kursowi: * Ksi\u0105dz Pawe\u0142 Smarz, * Ksi\u0105dz Piotr Wo\u017aniak; \u25baKap\u0142ani pochodz\u0105cy z mojej rodzinnej Parafii; * Ksi\u0105dz Pawe\u0142 Cie\u015blik, * Ksi\u0105dz Piotr Jarosiewicz; \u25baKsi\u0105dz Pawe\u0142 Czelu\u015bci\u0144ski \u2013 Wikariusz Ksi\u0119dza Marka w Parafii w [&hellip;]<\/p>\n","protected":false},"author":1,"featured_media":0,"comment_status":"open","ping_status":"open","sticky":false,"template":"","format":"standard","meta":{"jetpack_post_was_ever_published":false,"_jetpack_newsletter_access":"","_jetpack_dont_email_post_to_subs":false,"_jetpack_newsletter_tier_id":0,"_jetpack_memberships_contains_paywalled_content":false,"_jetpack_memberships_contains_paid_content":false,"footnotes":""},"categories":[1],"tags":[],"class_list":["post-23963","post","type-post","status-publish","format-standard","hentry","category-bez-kategorii"],"yoast_head":"<!-- This site is optimized with the Yoast SEO plugin v25.1 - https:\/\/yoast.com\/wordpress\/plugins\/seo\/ -->\n<title>Piotrze, wsta\u0144 szybko! - Gaudium Et Spes<\/title>\n<meta name=\"robots\" content=\"index, follow, max-snippet:-1, max-image-preview:large, max-video-preview:-1\" \/>\n<link rel=\"canonical\" href=\"https:\/\/gaudiumetspes-blog.pl\/index.php\/2025\/06\/29\/piotrze-wstan-szybko\/\" \/>\n<meta property=\"og:locale\" content=\"pl_PL\" \/>\n<meta property=\"og:type\" content=\"article\" \/>\n<meta property=\"og:title\" content=\"Piotrze, wsta\u0144 szybko! - Gaudium Et Spes\" \/>\n<meta property=\"og:description\" content=\"Szcz\u0119\u015b\u0107 Bo\u017ce! Moi Drodzy, w dniu dzisiejszym imieniny obchodz\u0105: \u25baKsi\u0105dz Biskup Piotr Sawczuk \u2013 Biskup drohiczy\u0144ski, pochodz\u0105cy z naszej Diecezji; \u25bamoi Koledzy kursowi: * Ksi\u0105dz Pawe\u0142 Smarz, * Ksi\u0105dz Piotr Wo\u017aniak; \u25baKap\u0142ani pochodz\u0105cy z mojej rodzinnej Parafii; * Ksi\u0105dz Pawe\u0142 Cie\u015blik, * Ksi\u0105dz Piotr Jarosiewicz; \u25baKsi\u0105dz Pawe\u0142 Czelu\u015bci\u0144ski \u2013 Wikariusz Ksi\u0119dza Marka w Parafii w [&hellip;]\" \/>\n<meta property=\"og:url\" content=\"https:\/\/gaudiumetspes-blog.pl\/index.php\/2025\/06\/29\/piotrze-wstan-szybko\/\" \/>\n<meta property=\"og:site_name\" content=\"Gaudium Et Spes\" \/>\n<meta property=\"article:published_time\" content=\"2025-06-29T04:52:37+00:00\" \/>\n<meta name=\"author\" content=\"Ks. Jacek\" \/>\n<meta name=\"twitter:card\" content=\"summary_large_image\" \/>\n<meta name=\"twitter:label1\" content=\"Napisane przez\" \/>\n\t<meta name=\"twitter:data1\" content=\"Ks. Jacek\" \/>\n\t<meta name=\"twitter:label2\" content=\"Szacowany czas czytania\" \/>\n\t<meta name=\"twitter:data2\" content=\"18 minut\" \/>\n<script type=\"application\/ld+json\" class=\"yoast-schema-graph\">{\"@context\":\"https:\/\/schema.org\",\"@graph\":[{\"@type\":\"WebPage\",\"@id\":\"https:\/\/gaudiumetspes-blog.pl\/index.php\/2025\/06\/29\/piotrze-wstan-szybko\/\",\"url\":\"https:\/\/gaudiumetspes-blog.pl\/index.php\/2025\/06\/29\/piotrze-wstan-szybko\/\",\"name\":\"Piotrze, wsta\u0144 szybko! - Gaudium Et Spes\",\"isPartOf\":{\"@id\":\"https:\/\/gaudiumetspes-blog.pl\/#website\"},\"datePublished\":\"2025-06-29T04:52:37+00:00\",\"author\":{\"@id\":\"https:\/\/gaudiumetspes-blog.pl\/#\/schema\/person\/1661982992b752dea8dff0d4ed845a65\"},\"breadcrumb\":{\"@id\":\"https:\/\/gaudiumetspes-blog.pl\/index.php\/2025\/06\/29\/piotrze-wstan-szybko\/#breadcrumb\"},\"inLanguage\":\"pl-PL\",\"potentialAction\":[{\"@type\":\"ReadAction\",\"target\":[\"https:\/\/gaudiumetspes-blog.pl\/index.php\/2025\/06\/29\/piotrze-wstan-szybko\/\"]}]},{\"@type\":\"BreadcrumbList\",\"@id\":\"https:\/\/gaudiumetspes-blog.pl\/index.php\/2025\/06\/29\/piotrze-wstan-szybko\/#breadcrumb\",\"itemListElement\":[{\"@type\":\"ListItem\",\"position\":1,\"name\":\"Strona g\u0142\u00f3wna\",\"item\":\"https:\/\/gaudiumetspes-blog.pl\/\"},{\"@type\":\"ListItem\",\"position\":2,\"name\":\"Piotrze, wsta\u0144 szybko!\"}]},{\"@type\":\"WebSite\",\"@id\":\"https:\/\/gaudiumetspes-blog.pl\/#website\",\"url\":\"https:\/\/gaudiumetspes-blog.pl\/\",\"name\":\"Gaudium Et Spes\",\"description\":\"Blog Ks. Jacka Ja\u015bkowskiego\",\"potentialAction\":[{\"@type\":\"SearchAction\",\"target\":{\"@type\":\"EntryPoint\",\"urlTemplate\":\"https:\/\/gaudiumetspes-blog.pl\/?s={search_term_string}\"},\"query-input\":{\"@type\":\"PropertyValueSpecification\",\"valueRequired\":true,\"valueName\":\"search_term_string\"}}],\"inLanguage\":\"pl-PL\"},{\"@type\":\"Person\",\"@id\":\"https:\/\/gaudiumetspes-blog.pl\/#\/schema\/person\/1661982992b752dea8dff0d4ed845a65\",\"name\":\"Ks. Jacek\",\"image\":{\"@type\":\"ImageObject\",\"inLanguage\":\"pl-PL\",\"@id\":\"https:\/\/gaudiumetspes-blog.pl\/#\/schema\/person\/image\/\",\"url\":\"https:\/\/gaudiumetspes-blog.pl\/wp-content\/uploads\/2019\/07\/avatar-JJ-150x150.jpg\",\"contentUrl\":\"https:\/\/gaudiumetspes-blog.pl\/wp-content\/uploads\/2019\/07\/avatar-JJ-150x150.jpg\",\"caption\":\"Ks. Jacek\"},\"description\":\"Witam serdecznie! K\u0142ania si\u0119 Ks. Jacek Ja\u015bkowski. Nie jestem ani kim\u015b wa\u017cnym, ani kim\u015b znanym. Jestem ksi\u0119dzem, kt\u00f3ry po prostu chce rozmawia\u0107. Codzienna kap\u0142a\u0144ska pos\u0142uga pokazuje mi, \u017ce temat\u00f3w do rozm\u00f3w z ksi\u0119dzem jest coraz wi\u0119cej i dzisiaj \u017caden ksi\u0105dz nie mo\u017ce od nich ucieka\u0107, ale - wprost przeciwnie - podejmowa\u0107 nowe wyzwania. To przekonanie sk\u0142oni\u0142o mnie do pr\u00f3by otwarcia tego\u017c bloga, chocia\u017c okazji do rozm\u00f3w na co dzie\u0144 - w konfesjonale i poza nim - na szcz\u0119\u015bcie nie brakuje. My\u015bl\u0119 jednak, \u017ce ten blog b\u0119dzie jeszcze jednym sposobem i przestrzeni\u0105 nawi\u0105zania kontaktu z lud\u017ami dobrej woli, otwartymi na dialog.\",\"url\":\"https:\/\/gaudiumetspes-blog.pl\/index.php\/author\/ks-jacek\/\"}]}<\/script>\n<!-- \/ Yoast SEO plugin. -->","yoast_head_json":{"title":"Piotrze, wsta\u0144 szybko! - Gaudium Et Spes","robots":{"index":"index","follow":"follow","max-snippet":"max-snippet:-1","max-image-preview":"max-image-preview:large","max-video-preview":"max-video-preview:-1"},"canonical":"https:\/\/gaudiumetspes-blog.pl\/index.php\/2025\/06\/29\/piotrze-wstan-szybko\/","og_locale":"pl_PL","og_type":"article","og_title":"Piotrze, wsta\u0144 szybko! - Gaudium Et Spes","og_description":"Szcz\u0119\u015b\u0107 Bo\u017ce! Moi Drodzy, w dniu dzisiejszym imieniny obchodz\u0105: \u25baKsi\u0105dz Biskup Piotr Sawczuk \u2013 Biskup drohiczy\u0144ski, pochodz\u0105cy z naszej Diecezji; \u25bamoi Koledzy kursowi: * Ksi\u0105dz Pawe\u0142 Smarz, * Ksi\u0105dz Piotr Wo\u017aniak; \u25baKap\u0142ani pochodz\u0105cy z mojej rodzinnej Parafii; * Ksi\u0105dz Pawe\u0142 Cie\u015blik, * Ksi\u0105dz Piotr Jarosiewicz; \u25baKsi\u0105dz Pawe\u0142 Czelu\u015bci\u0144ski \u2013 Wikariusz Ksi\u0119dza Marka w Parafii w [&hellip;]","og_url":"https:\/\/gaudiumetspes-blog.pl\/index.php\/2025\/06\/29\/piotrze-wstan-szybko\/","og_site_name":"Gaudium Et Spes","article_published_time":"2025-06-29T04:52:37+00:00","author":"Ks. Jacek","twitter_card":"summary_large_image","twitter_misc":{"Napisane przez":"Ks. Jacek","Szacowany czas czytania":"18 minut"},"schema":{"@context":"https:\/\/schema.org","@graph":[{"@type":"WebPage","@id":"https:\/\/gaudiumetspes-blog.pl\/index.php\/2025\/06\/29\/piotrze-wstan-szybko\/","url":"https:\/\/gaudiumetspes-blog.pl\/index.php\/2025\/06\/29\/piotrze-wstan-szybko\/","name":"Piotrze, wsta\u0144 szybko! - Gaudium Et Spes","isPartOf":{"@id":"https:\/\/gaudiumetspes-blog.pl\/#website"},"datePublished":"2025-06-29T04:52:37+00:00","author":{"@id":"https:\/\/gaudiumetspes-blog.pl\/#\/schema\/person\/1661982992b752dea8dff0d4ed845a65"},"breadcrumb":{"@id":"https:\/\/gaudiumetspes-blog.pl\/index.php\/2025\/06\/29\/piotrze-wstan-szybko\/#breadcrumb"},"inLanguage":"pl-PL","potentialAction":[{"@type":"ReadAction","target":["https:\/\/gaudiumetspes-blog.pl\/index.php\/2025\/06\/29\/piotrze-wstan-szybko\/"]}]},{"@type":"BreadcrumbList","@id":"https:\/\/gaudiumetspes-blog.pl\/index.php\/2025\/06\/29\/piotrze-wstan-szybko\/#breadcrumb","itemListElement":[{"@type":"ListItem","position":1,"name":"Strona g\u0142\u00f3wna","item":"https:\/\/gaudiumetspes-blog.pl\/"},{"@type":"ListItem","position":2,"name":"Piotrze, wsta\u0144 szybko!"}]},{"@type":"WebSite","@id":"https:\/\/gaudiumetspes-blog.pl\/#website","url":"https:\/\/gaudiumetspes-blog.pl\/","name":"Gaudium Et Spes","description":"Blog Ks. Jacka Ja\u015bkowskiego","potentialAction":[{"@type":"SearchAction","target":{"@type":"EntryPoint","urlTemplate":"https:\/\/gaudiumetspes-blog.pl\/?s={search_term_string}"},"query-input":{"@type":"PropertyValueSpecification","valueRequired":true,"valueName":"search_term_string"}}],"inLanguage":"pl-PL"},{"@type":"Person","@id":"https:\/\/gaudiumetspes-blog.pl\/#\/schema\/person\/1661982992b752dea8dff0d4ed845a65","name":"Ks. Jacek","image":{"@type":"ImageObject","inLanguage":"pl-PL","@id":"https:\/\/gaudiumetspes-blog.pl\/#\/schema\/person\/image\/","url":"https:\/\/gaudiumetspes-blog.pl\/wp-content\/uploads\/2019\/07\/avatar-JJ-150x150.jpg","contentUrl":"https:\/\/gaudiumetspes-blog.pl\/wp-content\/uploads\/2019\/07\/avatar-JJ-150x150.jpg","caption":"Ks. Jacek"},"description":"Witam serdecznie! K\u0142ania si\u0119 Ks. Jacek Ja\u015bkowski. Nie jestem ani kim\u015b wa\u017cnym, ani kim\u015b znanym. Jestem ksi\u0119dzem, kt\u00f3ry po prostu chce rozmawia\u0107. Codzienna kap\u0142a\u0144ska pos\u0142uga pokazuje mi, \u017ce temat\u00f3w do rozm\u00f3w z ksi\u0119dzem jest coraz wi\u0119cej i dzisiaj \u017caden ksi\u0105dz nie mo\u017ce od nich ucieka\u0107, ale - wprost przeciwnie - podejmowa\u0107 nowe wyzwania. To przekonanie sk\u0142oni\u0142o mnie do pr\u00f3by otwarcia tego\u017c bloga, chocia\u017c okazji do rozm\u00f3w na co dzie\u0144 - w konfesjonale i poza nim - na szcz\u0119\u015bcie nie brakuje. My\u015bl\u0119 jednak, \u017ce ten blog b\u0119dzie jeszcze jednym sposobem i przestrzeni\u0105 nawi\u0105zania kontaktu z lud\u017ami dobrej woli, otwartymi na dialog.","url":"https:\/\/gaudiumetspes-blog.pl\/index.php\/author\/ks-jacek\/"}]}},"jetpack_featured_media_url":"","jetpack_sharing_enabled":true,"_links":{"self":[{"href":"https:\/\/gaudiumetspes-blog.pl\/index.php\/wp-json\/wp\/v2\/posts\/23963","targetHints":{"allow":["GET"]}}],"collection":[{"href":"https:\/\/gaudiumetspes-blog.pl\/index.php\/wp-json\/wp\/v2\/posts"}],"about":[{"href":"https:\/\/gaudiumetspes-blog.pl\/index.php\/wp-json\/wp\/v2\/types\/post"}],"author":[{"embeddable":true,"href":"https:\/\/gaudiumetspes-blog.pl\/index.php\/wp-json\/wp\/v2\/users\/1"}],"replies":[{"embeddable":true,"href":"https:\/\/gaudiumetspes-blog.pl\/index.php\/wp-json\/wp\/v2\/comments?post=23963"}],"version-history":[{"count":1,"href":"https:\/\/gaudiumetspes-blog.pl\/index.php\/wp-json\/wp\/v2\/posts\/23963\/revisions"}],"predecessor-version":[{"id":23964,"href":"https:\/\/gaudiumetspes-blog.pl\/index.php\/wp-json\/wp\/v2\/posts\/23963\/revisions\/23964"}],"wp:attachment":[{"href":"https:\/\/gaudiumetspes-blog.pl\/index.php\/wp-json\/wp\/v2\/media?parent=23963"}],"wp:term":[{"taxonomy":"category","embeddable":true,"href":"https:\/\/gaudiumetspes-blog.pl\/index.php\/wp-json\/wp\/v2\/categories?post=23963"},{"taxonomy":"post_tag","embeddable":true,"href":"https:\/\/gaudiumetspes-blog.pl\/index.php\/wp-json\/wp\/v2\/tags?post=23963"}],"curies":[{"name":"wp","href":"https:\/\/api.w.org\/{rel}","templated":true}]}}