{"id":23965,"date":"2025-06-30T08:47:39","date_gmt":"2025-06-30T06:47:39","guid":{"rendered":"https:\/\/gaudiumetspes-blog.pl\/?p=23965"},"modified":"2025-06-30T08:47:39","modified_gmt":"2025-06-30T06:47:39","slug":"panie-pozwol-mi","status":"publish","type":"post","link":"https:\/\/gaudiumetspes-blog.pl\/index.php\/2025\/06\/30\/panie-pozwol-mi\/","title":{"rendered":"Panie, pozw\u00f3l mi&#8230;"},"content":{"rendered":"<p align=\"justify\"><span style=\"color: #000000;\"><span style=\"font-family: Book Antiqua, serif;\"><span style=\"font-size: large;\">Szcz\u0119\u015b\u0107 Bo\u017ce! Drodzy moi, w dniu dzisiejszym <b>imieniny prze\u017cywa moja Siostrzenica, Emilka Nied\u017awiedzka. Ca\u0142ym sercem otaczam J\u0105 modlitw\u0105, prosz\u0105c dla Niej o wszelkie Bo\u017ce \u0142aski, by <\/b><b>tak, jak dotychczas \u2013 by\u0142a rado\u015bci\u0105 ca\u0142ej naszej Rodziny. Niech \u017cyciowa energia, kt\u00f3ra j\u0105 wr\u0119cz rozpiera i intelektualna b\u0142yskotliwo\u015b\u0107 \u2013 rozwijaj\u0105 si\u0119 i pomna\u017caj\u0105! Niech idzie przez \u017cycie pewnym krokiem, wsparta \u017cyczliwo\u015bci\u0105 <\/b><b>Rodziny i Bliskich!<\/b><\/span><\/span><\/span><\/p>\n<p align=\"justify\"><span style=\"color: #000000;\"><span style=\"font-family: Book Antiqua, serif;\"><span style=\"font-size: large;\"><b>Imieniny prze\u017cywa tak\u017ce Emilia Porzezi\u0144ska \u2013 bardzo \u017cyczliwa Osoba z Siedlec, przez d\u0142ugi czas czynnie zaanga\u017cowana w dzia\u0142alno\u015b\u0107 naszego Duszpasterstwa Akademickiego.<\/b><\/span><\/span><\/span><\/p>\n<p align=\"justify\"><span style=\"color: #000000;\"><span style=\"font-family: Book Antiqua, serif;\"><span style=\"font-size: large;\"><b>Urodziny za\u015b prze\u017cywa \u0141ukasz K\u0119dziorek \u2013 Lektor z Parafii w Miastkowie Ko\u015bcielnym.<\/b><\/span><\/span><\/span><\/p>\n<p align=\"justify\"><span style=\"color: #000000;\"><span style=\"font-family: Book Antiqua, serif;\"><span style=\"font-size: large;\"><b>Wszystkich \u015bwi\u0119tuj\u0105cych ogarniam modlitw\u0105, wypraszaj\u0105c wszelkiej Bo\u017cej \u0142askawo\u015bci i dar\u00f3w z Nieba.<\/b><\/span><\/span><\/span><\/p>\n<p align=\"justify\"><span style=\"color: #000000;\"><span style=\"font-family: Book Antiqua, serif;\"><span style=\"font-size: large;\">Moi Drodzy, serdecznie pozdrawiam z Siedlec, gdzie dzisiaj \u2013 na miejscu \u2013 musz\u0119 podj\u0105\u0107 tysi\u0105c pi\u0119\u0107set spraw. Mi\u0119dzy innymi, od 13:00 do 15:00, mam comiesi\u0119czny dy\u017cur spowiedniczy w Katedrze siedleckiej. By\u0107 mo\u017ce te\u017c b\u0119d\u0119 mia\u0142 wizyt\u0119 ciekawych Go\u015bci, ale to si\u0119 jeszcze oka\u017ce. <\/span><\/span><\/span><\/p>\n<p align=\"justify\"><span style=\"color: #000000;\"><span style=\"font-family: Book Antiqua, serif;\"><span style=\"font-size: large;\">Teraz za\u015b zapraszam ju\u017c do pochylenia si\u0119 nad Bo\u017cym s\u0142owem dzisiejszej liturgii. Oto s\u0142\u00f3wko Ksi\u0119dza Marka na dzi\u015b:<\/span><\/span><\/span><\/p>\n<p align=\"justify\"><span style=\"color: #000000;\"><span style=\"font-family: Book Antiqua, serif;\"><span style=\"font-size: medium;\"><a href=\"https:\/\/www.youtube.com\/c\/CatholicSurgut\"><span style=\"font-size: large;\"><b>https:\/\/www.youtube.com\/c\/CatholicSurgut<\/b><\/span><\/a><\/span><\/span><\/span><\/p>\n<p align=\"justify\"><span style=\"color: #000000;\"><span style=\"font-family: Book Antiqua, serif;\"><span style=\"font-size: large;\">Poni\u017cej za\u015b \u2013 s\u0142\u00f3wko Gabrysia, za kt\u00f3rej serdecznie dzi\u0119kuj\u0119!<\/span><\/span><\/span><\/p>\n<p align=\"justify\"><span style=\"color: #000000;\"><span style=\"font-family: Book Antiqua, serif;\"><span style=\"font-size: large;\">Zatem, <b>co konkretnie do mnie m\u00f3wi Pan? Z jakim przes\u0142aniem do mnie si\u0119 zwraca?<\/b> Duchu \u015awi\u0119ty, pom\u00f3\u017c odczyta\u0107, odkry\u0107, zg\u0142\u0119bi\u0107\u2026 <\/span><\/span><\/span><\/p>\n<p align=\"justify\"><span style=\"color: #000000;\"><span style=\"font-family: Book Antiqua, serif;\"><span style=\"font-size: large;\"><b>Niech Was b\u0142ogos\u0142awi B\u00f3g Wszechmog\u0105cy: Ojciec + i Syn, i Duch \u015awi\u0119ty. Amen<\/b><\/span><\/span><\/span><\/p>\n<p align=\"center\"><span style=\"color: #000000;\"><span style=\"font-family: Book Antiqua, serif;\"><span style=\"font-size: large;\">Gaudium et spes! Ks. Jacek<\/span><\/span><\/span><\/p>\n<p align=\"center\">\n<p align=\"center\">\n<p align=\"center\">\n<p align=\"center\">\n<p align=\"center\">\n<p align=\"justify\"><span style=\"color: #000000;\"><span style=\"font-family: Book Antiqua, serif;\"><span style=\"font-size: large;\"><b>Poniedzia\u0142ek 13 Tygodnia zwyk\u0142ego, rok I,<\/b><\/span><\/span><\/span><\/p>\n<p align=\"justify\"><span style=\"color: #000000;\"><span style=\"font-family: Book Antiqua, serif;\"><span style=\"font-size: large;\"><b>30 czerwca 2025.,\u00a0<\/b><\/span><\/span><\/span><\/p>\n<p align=\"justify\"><span style=\"color: #000000;\"><span style=\"font-family: Book Antiqua, serif;\"><span style=\"font-size: large;\"><b>do czyta\u0144: Rdz 18,16\u201333; Mt 8,18\u201322<\/b><\/span><\/span><\/span><\/p>\n<p align=\"justify\">\n<p align=\"justify\">\n<p align=\"justify\">\n<p align=\"justify\">\n<p align=\"justify\">\n<p align=\"justify\"><span style=\"color: #000000;\"><span style=\"font-family: Book Antiqua, serif;\"><span style=\"font-size: large;\"><b>CZYTANIE Z KSI\u0118GI RODZAJU: <\/b><\/span><\/span><\/span><\/p>\n<p align=\"justify\"><span style=\"color: #000000;\"><span style=\"font-family: Book Antiqua, serif;\"><span style=\"font-size: large;\"><b>M\u0119\u017cowie, kt\u00f3rych go\u015bci\u0142 Abraham, odeszli i skierowali si\u0119 ku Sodomie. Abraham za\u015b szed\u0142 z nimi, aby ich odprowadzi\u0107. <\/b><\/span><\/span><\/span><\/p>\n<p align=\"justify\"><span style=\"color: #000000;\"><span style=\"font-family: Book Antiqua, serif;\"><span style=\"font-size: large;\"><b>A Pan m\u00f3wi\u0142 sobie: \u201eCzy\u017c mia\u0142bym zatai\u0107 przed Abrahamem to, co zamierzam uczyni\u0107? Przecie\u017c ma si\u0119 on sta\u0107 ojcem wielkiego i pot\u0119\u017cnego narodu i przez niego otrzymaj\u0105 b\u0142ogos\u0142awie\u0144stwo wszystkie ludy ziemi. Bo upatrzy\u0142em go jako tego, kt\u00f3ry b\u0119dzie nakazywa\u0142 potomkom swym oraz swemu rodowi, aby strzeg\u0105c przykaza\u0144 Pana, post\u0119powali sprawiedliwie i uczciwie, tak \u017ceby Pan wype\u0142ni\u0142 to, co obieca\u0142 Abrahamowi\u201d. <\/b><\/span><\/span><\/span><\/p>\n<p align=\"justify\"><span style=\"color: #000000;\"><span style=\"font-family: Book Antiqua, serif;\"><span style=\"font-size: large;\"><b>Po czym Pan rzek\u0142: \u201eSkarga na Sodom\u0119 i Gomor\u0119 g\u0142o\u015bno si\u0119 rozlega, bo wyst\u0119pki ich mieszka\u0144c\u00f3w s\u0105 bardzo ci\u0119\u017ckie. Chc\u0119 wi\u0119c i\u015b\u0107 i zobaczy\u0107, czy post\u0119puj\u0105 tak, jak g\u0142osi oskar\u017cenie, kt\u00f3re do Mnie dosz\u0142o, czy nie; dowiem si\u0119\u201d. <\/b><\/span><\/span><\/span><\/p>\n<p align=\"justify\"><span style=\"color: #000000;\"><span style=\"font-family: Book Antiqua, serif;\"><span style=\"font-size: large;\"><b>Wtedy to ci m\u0119\u017cowie odeszli w stron\u0119 Sodomy, a Abraham sta\u0142 dalej przed Panem. Zbli\u017cywszy si\u0119 do Niego, Abraham rzek\u0142: \u201eCzy zamierzasz wygubi\u0107 sprawiedliwych wesp\u00f3\u0142 z bezbo\u017cnymi? Mo\u017ce w tym mie\u015bcie jest pi\u0119\u0107dziesi\u0119ciu sprawiedliwych; czy tak\u017ce zniszczysz to miasto i nie przebaczysz mu dla owych pi\u0119\u0107dziesi\u0119ciu sprawiedliwych, kt\u00f3rzy w nim mieszkaj\u0105? O, nie dopu\u015b\u0107 do tego, aby zgin\u0119li sprawiedliwi z bezbo\u017cnymi, aby sta\u0142o si\u0119 sprawiedliwemu to samo co bezbo\u017cnemu. O, nie dopu\u015b\u0107 do tego. Czy\u017c Ten, kt\u00f3ry jest s\u0119dzi\u0105 nad ca\u0142\u0105 ziemi\u0105, m\u00f3g\u0142by post\u0105pi\u0107 niesprawiedliwie?\u201d<\/b><\/span><\/span><\/span><\/p>\n<p align=\"justify\"><span style=\"color: #000000;\"><span style=\"font-family: Book Antiqua, serif;\"><span style=\"font-size: large;\"><b>Pan odpowiedzia\u0142: \u201eJe\u017celi znajd\u0119 w Sodomie pi\u0119\u0107dziesi\u0119ciu sprawiedliwych, przebacz\u0119 ca\u0142emu miastu przez wzgl\u0105d na nich\u201d. <\/b><\/span><\/span><\/span><\/p>\n<p align=\"justify\"><span style=\"color: #000000;\"><span style=\"font-family: Book Antiqua, serif;\"><span style=\"font-size: large;\"><b>Rzek\u0142 znowu Abraham: \u201ePozw\u00f3l, o Panie, \u017ce jeszcze o\u015bmiel\u0119 si\u0119 m\u00f3wi\u0107 do Ciebie, cho\u0107 jestem py\u0142em i prochem. Gdyby w\u015br\u00f3d tych pi\u0119\u0107dziesi\u0119ciu sprawiedliwych zabrak\u0142o pi\u0119ciu, czy w braku tych pi\u0119ciu zniszczysz ca\u0142e miasto?\u201d <\/b><\/span><\/span><\/span><\/p>\n<p align=\"justify\"><span style=\"color: #000000;\"><span style=\"font-family: Book Antiqua, serif;\"><span style=\"font-size: large;\"><b>Pan rzek\u0142: \u201eNie zniszcz\u0119, je\u015bli znajd\u0119 tam czterdziestu pi\u0119ciu\u201d. <\/b><\/span><\/span><\/span><\/p>\n<p align=\"justify\"><span style=\"color: #000000;\"><span style=\"font-family: Book Antiqua, serif;\"><span style=\"font-size: large;\"><b>Abraham zn\u00f3w odezwa\u0142 si\u0119 tymi s\u0142owami: \u201eA mo\u017ce znalaz\u0142oby si\u0119 tam czterdziestu?\u201d <\/b><\/span><\/span><\/span><\/p>\n<p align=\"justify\"><span style=\"color: #000000;\"><span style=\"font-family: Book Antiqua, serif;\"><span style=\"font-size: large;\"><b>Pan rzek\u0142: \u201eNie dokonam zniszczenia przez wzgl\u0105d na tych czterdziestu\u201d. <\/b><\/span><\/span><\/span><\/p>\n<p align=\"justify\"><span style=\"color: #000000;\"><span style=\"font-family: Book Antiqua, serif;\"><span style=\"font-size: large;\"><b>Wtedy Abraham powiedzia\u0142: \u201eNiech si\u0119 nie gniewa Pan, je\u015bli rzekn\u0119: mo\u017ce znalaz\u0142oby si\u0119 tam trzydziestu?\u201d <\/b><\/span><\/span><\/span><\/p>\n<p align=\"justify\"><span style=\"color: #000000;\"><span style=\"font-family: Book Antiqua, serif;\"><span style=\"font-size: large;\"><b>A na to Pan: \u201eNie dokonam zniszczenia, je\u015bli znajd\u0119 tam trzydziestu\u201d. <\/b><\/span><\/span><\/span><\/p>\n<p align=\"justify\"><span style=\"color: #000000;\"><span style=\"font-family: Book Antiqua, serif;\"><span style=\"font-size: large;\"><b>Rzek\u0142 Abraham: \u201ePozw\u00f3l, o Panie, \u017ce o\u015bmiel\u0119 si\u0119 zapyta\u0107: gdyby znalaz\u0142o si\u0119 tam dwudziestu?\u201d <\/b><\/span><\/span><\/span><\/p>\n<p align=\"justify\"><span style=\"color: #000000;\"><span style=\"font-family: Book Antiqua, serif;\"><span style=\"font-size: large;\"><b>Pan odpowiedzia\u0142: \u201eNie zniszcz\u0119 przez wzgl\u0105d na tych dwudziestu\u201d. <\/b><\/span><\/span><\/span><\/p>\n<p align=\"justify\"><span style=\"color: #000000;\"><span style=\"font-family: Book Antiqua, serif;\"><span style=\"font-size: large;\"><b>Na to Abraham: \u201eO, racz si\u0119 nie gniewa\u0107, Panie, je\u015bli raz jeszcze zapytam: gdyby znalaz\u0142o si\u0119 tam dziesi\u0119ciu?\u201d <\/b><\/span><\/span><\/span><\/p>\n<p align=\"justify\"><span style=\"color: #000000;\"><span style=\"font-family: Book Antiqua, serif;\"><span style=\"font-size: large;\"><b>Odpowiedzia\u0142 Pan: \u201eNie zniszcz\u0119 przez wzgl\u0105d na tych dziesi\u0119ciu\u201d. <\/b><\/span><\/span><\/span><\/p>\n<p align=\"justify\"><span style=\"color: #000000;\"><span style=\"font-family: Book Antiqua, serif;\"><span style=\"font-size: large;\"><b>Wtedy Pan, sko\u0144czywszy rozmow\u0119 z Abrahamem, odszed\u0142, a Abraham wr\u00f3ci\u0142 do siebie.<\/b><\/span><\/span><\/span><\/p>\n<p align=\"justify\">\n<p align=\"justify\">\n<p align=\"justify\">\n<p align=\"justify\">\n<p align=\"justify\">\n<p align=\"justify\"><span style=\"color: #000000;\"><span style=\"font-family: Book Antiqua, serif;\"><span style=\"font-size: large;\"><b>S\u0141OWA EWANGELII WED\u0141UG \u015aWI\u0118TEGO MATEUSZA: <\/b><\/span><\/span><\/span><\/p>\n<p align=\"justify\"><span style=\"color: #000000;\"><span style=\"font-family: Book Antiqua, serif;\"><span style=\"font-size: large;\"><b>Gdy Jezus zobaczy\u0142 t\u0142um doko\u0142a siebie, kaza\u0142 odp\u0142yn\u0105\u0107 na drug\u0105 stron\u0119. Wtem przyst\u0105pi\u0142 pewien uczony w Pi\u015bmie i rzek\u0142 do Niego: \u201eNauczycielu, p\u00f3jd\u0119 za Tob\u0105, dok\u0105dkolwiek si\u0119 udasz\u201d. <\/b><\/span><\/span><\/span><\/p>\n<p align=\"justify\"><span style=\"color: #000000;\"><span style=\"font-family: Book Antiqua, serif;\"><span style=\"font-size: large;\"><b>Jezus mu odpowiedzia\u0142: \u201eLisy maj\u0105 nory i ptaki powietrzne gniazda, lecz Syn Cz\u0142owieczy nie ma miejsca, gdzie by g\u0142ow\u0119 m\u00f3g\u0142 wesprze\u0107\u201d. <\/b><\/span><\/span><\/span><\/p>\n<p align=\"justify\"><span style=\"color: #000000;\"><span style=\"font-family: Book Antiqua, serif;\"><span style=\"font-size: large;\"><b>Kto\u015b inny spo\u015br\u00f3d uczni\u00f3w rzek\u0142 do Niego: \u201ePanie, pozw\u00f3l mi najpierw p\u00f3j\u015b\u0107 i pogrzeba\u0107 mojego ojca\u201d. <\/b><\/span><\/span><\/span><\/p>\n<p align=\"justify\"><span style=\"color: #000000;\"><span style=\"font-family: Book Antiqua, serif;\"><span style=\"font-size: large;\"><b>Lecz Jezus mu odpowiedzia\u0142: \u201eP\u00f3jd\u017a za Mn\u0105, a zostaw umar\u0142ym grzebanie ich umar\u0142ych\u201d.<\/b><\/span><\/span><\/span><\/p>\n<p align=\"justify\">\n<p align=\"justify\">\n<p align=\"justify\">\n<p align=\"justify\">\n<p align=\"justify\">\n<p align=\"center\"><span style=\"color: #000000;\"><span style=\"font-family: Book Antiqua, serif;\"><span style=\"font-size: large;\"><b>A OTO S\u0141\u00d3WKO GABRYSIA:<\/b><\/span><\/span><\/span><\/p>\n<p align=\"center\">\n<p align=\"center\">\n<p align=\"center\">\n<p align=\"center\">\n<p align=\"center\">\n<p align=\"justify\"><span style=\"color: #000000;\"><span style=\"font-family: Book Antiqua, serif;\"><span style=\"font-size: large;\">Jezus przez dzisiejsz\u0105 Ewangeli\u0119 m\u00f3wi do ka\u017cdego z nas: \u00abZostaw wszystko i chod\u017a za Mn\u0105!\u00bb To jasne i konkretne wezwanie, zach\u0119caj\u0105ce wprost do tego, \u017ceby natychmiast zostawi\u0107 wszystko to, co przyziemne i zaj\u0105\u0107 si\u0119 tym, co Boskie. Czyli \u2013 pod\u0105\u017caniem za Bogiem!<\/span><\/span><\/span><\/p>\n<p align=\"justify\"><span style=\"color: #000000;\"><span style=\"font-family: Book Antiqua, serif;\"><span style=\"font-size: large;\">Wielkiego zaszczytu dost\u0105pili \u00f3wcze\u015bni ludzie, kt\u00f3rzy mogli codziennie na w\u0142asne oczy ogl\u0105da\u0107 Boga w ludzkim ciele. Rodzi si\u0119 pytanie: Czy dzisiaj Pan B\u00f3g jest \u201emo\u017cliwy do uchwycenia\u201d ludzkim okiem w ludzkim ciele?<\/span><\/span><\/span><\/p>\n<p align=\"justify\"><span style=\"color: #000000;\"><span style=\"font-family: Book Antiqua, serif;\"><span style=\"font-size: large;\">A odpowied\u017a jest prosta i brzmi: TAK! Jak najbardziej jest to mo\u017cliwe: Boga mo\u017cemy dostrzec codziennie w drugim cz\u0142owieku, cz\u0119sto B\u00f3g anga\u017cuje si\u0119 w nasze \u017cycie poprzez innych ludzi, cz\u0119sto \u201eprzypadkowo\u201d napotkanych, a czasem nawet \u2013 tak subtelnie \u2013 przez naszych bliskich.<\/span><\/span><\/span><\/p>\n<p align=\"justify\"><span style=\"color: #000000;\"><span style=\"font-family: Book Antiqua, serif;\"><span style=\"font-size: large;\">Boga w zasadzie mo\u017cemy dostrzec we wszystkim, co nas otacza: w pi\u0119knie przyrody, w pogodzie, w innych ludziach i w nas samych, etc. Wystarczy tylko mie\u0107 serce i oczy szeroko otwarte, gotowe do przyj\u0119cia Pana i Jego dzia\u0142ania w naszym \u017cyciu. Pi\u0119kny to dar, po kt\u00f3ry mo\u017cemy si\u0119ga\u0107 ka\u017cdego dnia!<\/span><\/span><\/span><\/p>\n<p align=\"justify\"><span style=\"color: #000000;\"><span style=\"font-family: Book Antiqua, serif;\"><span style=\"font-size: large;\">Zostawienie wszystkiego i p\u00f3j\u015bcie za Jezusem\u2026 \u0141atwe to \u2013 a mo\u017ce jednak trudne zadanie? Czy to r\u00f3wna si\u0119 zawsze ze wst\u0105pieniem w szeregi ksi\u0119\u017cy, zakonnik\u00f3w\/zakonnic? A mo\u017ce jest to wezwanie do ca\u0142kowitej przemiany swojego \u017cycia?<\/span><\/span><\/span><\/p>\n<p align=\"justify\"><span style=\"color: #000000;\"><span style=\"font-family: Book Antiqua, serif;\"><span style=\"font-size: large;\">P\u00d3JD\u0179 ZA MN\u0104\u2026<\/span><\/span><\/span><\/p>\n<p align=\"justify\"><span style=\"color: #000000;\"><span style=\"font-family: Book Antiqua, serif;\"><span style=\"font-size: large;\">* Czy Ty, kt\u00f3ry (kt\u00f3ra) w\u0142a\u015bnie czytasz to s\u0142\u00f3wko \u2013 jeste\u015b gotowy (gotowa) p\u00f3j\u015b\u0107 za Jezusem?<\/span><\/span><\/span><\/p>\n<p align=\"justify\"><span style=\"color: #000000;\"><span style=\"font-family: Book Antiqua, serif;\"><span style=\"font-size: large;\">* On puka ka\u017cdego dnia \u2013 czy Mu otworzysz?<\/span><\/span><\/span><\/p>\n<p align=\"justify\"><span style=\"color: #000000;\"><span style=\"font-family: Book Antiqua, serif;\"><span style=\"font-size: large;\">* A mo\u017ce warto nie czeka\u0107 na zapukanie i zostawi\u0107 Bogu \u201eklucze pod wycieraczk\u0105\u201d do naszego serca?<\/span><\/span><\/span><\/p>\n<p align=\"justify\"><span style=\"color: #000000;\"><span style=\"font-family: Book Antiqua, serif;\"><span style=\"font-size: large;\">Zach\u0119cam do przemy\u015ble\u0144 i odpowiedzi w sercach na ka\u017cde pytanie\u2026<\/span><\/span><\/span><\/p>\n","protected":false},"excerpt":{"rendered":"<p>Szcz\u0119\u015b\u0107 Bo\u017ce! Drodzy moi, w dniu dzisiejszym imieniny prze\u017cywa moja Siostrzenica, Emilka Nied\u017awiedzka. Ca\u0142ym sercem otaczam J\u0105 modlitw\u0105, prosz\u0105c dla Niej o wszelkie Bo\u017ce \u0142aski, by tak, jak dotychczas \u2013 by\u0142a rado\u015bci\u0105 ca\u0142ej naszej Rodziny. Niech \u017cyciowa energia, kt\u00f3ra j\u0105 wr\u0119cz rozpiera i intelektualna b\u0142yskotliwo\u015b\u0107 \u2013 rozwijaj\u0105 si\u0119 i pomna\u017caj\u0105! Niech idzie przez \u017cycie pewnym [&hellip;]<\/p>\n","protected":false},"author":1,"featured_media":0,"comment_status":"open","ping_status":"open","sticky":false,"template":"","format":"standard","meta":{"jetpack_post_was_ever_published":false,"_jetpack_newsletter_access":"","_jetpack_dont_email_post_to_subs":false,"_jetpack_newsletter_tier_id":0,"_jetpack_memberships_contains_paywalled_content":false,"_jetpack_memberships_contains_paid_content":false,"footnotes":""},"categories":[1],"tags":[],"class_list":["post-23965","post","type-post","status-publish","format-standard","hentry","category-bez-kategorii"],"yoast_head":"<!-- This site is optimized with the Yoast SEO plugin v25.1 - https:\/\/yoast.com\/wordpress\/plugins\/seo\/ -->\n<title>Panie, pozw\u00f3l mi... - Gaudium Et Spes<\/title>\n<meta name=\"robots\" content=\"index, follow, max-snippet:-1, max-image-preview:large, max-video-preview:-1\" \/>\n<link rel=\"canonical\" href=\"https:\/\/gaudiumetspes-blog.pl\/index.php\/2025\/06\/30\/panie-pozwol-mi\/\" \/>\n<meta property=\"og:locale\" content=\"pl_PL\" \/>\n<meta property=\"og:type\" content=\"article\" \/>\n<meta property=\"og:title\" content=\"Panie, pozw\u00f3l mi... - Gaudium Et Spes\" \/>\n<meta property=\"og:description\" content=\"Szcz\u0119\u015b\u0107 Bo\u017ce! Drodzy moi, w dniu dzisiejszym imieniny prze\u017cywa moja Siostrzenica, Emilka Nied\u017awiedzka. Ca\u0142ym sercem otaczam J\u0105 modlitw\u0105, prosz\u0105c dla Niej o wszelkie Bo\u017ce \u0142aski, by tak, jak dotychczas \u2013 by\u0142a rado\u015bci\u0105 ca\u0142ej naszej Rodziny. Niech \u017cyciowa energia, kt\u00f3ra j\u0105 wr\u0119cz rozpiera i intelektualna b\u0142yskotliwo\u015b\u0107 \u2013 rozwijaj\u0105 si\u0119 i pomna\u017caj\u0105! Niech idzie przez \u017cycie pewnym [&hellip;]\" \/>\n<meta property=\"og:url\" content=\"https:\/\/gaudiumetspes-blog.pl\/index.php\/2025\/06\/30\/panie-pozwol-mi\/\" \/>\n<meta property=\"og:site_name\" content=\"Gaudium Et Spes\" \/>\n<meta property=\"article:published_time\" content=\"2025-06-30T06:47:39+00:00\" \/>\n<meta name=\"author\" content=\"Ks. Jacek\" \/>\n<meta name=\"twitter:card\" content=\"summary_large_image\" \/>\n<meta name=\"twitter:label1\" content=\"Napisane przez\" \/>\n\t<meta name=\"twitter:data1\" content=\"Ks. Jacek\" \/>\n\t<meta name=\"twitter:label2\" content=\"Szacowany czas czytania\" \/>\n\t<meta name=\"twitter:data2\" content=\"6 minut\" \/>\n<script type=\"application\/ld+json\" class=\"yoast-schema-graph\">{\"@context\":\"https:\/\/schema.org\",\"@graph\":[{\"@type\":\"WebPage\",\"@id\":\"https:\/\/gaudiumetspes-blog.pl\/index.php\/2025\/06\/30\/panie-pozwol-mi\/\",\"url\":\"https:\/\/gaudiumetspes-blog.pl\/index.php\/2025\/06\/30\/panie-pozwol-mi\/\",\"name\":\"Panie, pozw\u00f3l mi... - Gaudium Et Spes\",\"isPartOf\":{\"@id\":\"https:\/\/gaudiumetspes-blog.pl\/#website\"},\"datePublished\":\"2025-06-30T06:47:39+00:00\",\"author\":{\"@id\":\"https:\/\/gaudiumetspes-blog.pl\/#\/schema\/person\/1661982992b752dea8dff0d4ed845a65\"},\"breadcrumb\":{\"@id\":\"https:\/\/gaudiumetspes-blog.pl\/index.php\/2025\/06\/30\/panie-pozwol-mi\/#breadcrumb\"},\"inLanguage\":\"pl-PL\",\"potentialAction\":[{\"@type\":\"ReadAction\",\"target\":[\"https:\/\/gaudiumetspes-blog.pl\/index.php\/2025\/06\/30\/panie-pozwol-mi\/\"]}]},{\"@type\":\"BreadcrumbList\",\"@id\":\"https:\/\/gaudiumetspes-blog.pl\/index.php\/2025\/06\/30\/panie-pozwol-mi\/#breadcrumb\",\"itemListElement\":[{\"@type\":\"ListItem\",\"position\":1,\"name\":\"Strona g\u0142\u00f3wna\",\"item\":\"https:\/\/gaudiumetspes-blog.pl\/\"},{\"@type\":\"ListItem\",\"position\":2,\"name\":\"Panie, pozw\u00f3l mi&#8230;\"}]},{\"@type\":\"WebSite\",\"@id\":\"https:\/\/gaudiumetspes-blog.pl\/#website\",\"url\":\"https:\/\/gaudiumetspes-blog.pl\/\",\"name\":\"Gaudium Et Spes\",\"description\":\"Blog Ks. Jacka Ja\u015bkowskiego\",\"potentialAction\":[{\"@type\":\"SearchAction\",\"target\":{\"@type\":\"EntryPoint\",\"urlTemplate\":\"https:\/\/gaudiumetspes-blog.pl\/?s={search_term_string}\"},\"query-input\":{\"@type\":\"PropertyValueSpecification\",\"valueRequired\":true,\"valueName\":\"search_term_string\"}}],\"inLanguage\":\"pl-PL\"},{\"@type\":\"Person\",\"@id\":\"https:\/\/gaudiumetspes-blog.pl\/#\/schema\/person\/1661982992b752dea8dff0d4ed845a65\",\"name\":\"Ks. Jacek\",\"image\":{\"@type\":\"ImageObject\",\"inLanguage\":\"pl-PL\",\"@id\":\"https:\/\/gaudiumetspes-blog.pl\/#\/schema\/person\/image\/\",\"url\":\"https:\/\/gaudiumetspes-blog.pl\/wp-content\/uploads\/2019\/07\/avatar-JJ-150x150.jpg\",\"contentUrl\":\"https:\/\/gaudiumetspes-blog.pl\/wp-content\/uploads\/2019\/07\/avatar-JJ-150x150.jpg\",\"caption\":\"Ks. Jacek\"},\"description\":\"Witam serdecznie! K\u0142ania si\u0119 Ks. Jacek Ja\u015bkowski. Nie jestem ani kim\u015b wa\u017cnym, ani kim\u015b znanym. Jestem ksi\u0119dzem, kt\u00f3ry po prostu chce rozmawia\u0107. Codzienna kap\u0142a\u0144ska pos\u0142uga pokazuje mi, \u017ce temat\u00f3w do rozm\u00f3w z ksi\u0119dzem jest coraz wi\u0119cej i dzisiaj \u017caden ksi\u0105dz nie mo\u017ce od nich ucieka\u0107, ale - wprost przeciwnie - podejmowa\u0107 nowe wyzwania. To przekonanie sk\u0142oni\u0142o mnie do pr\u00f3by otwarcia tego\u017c bloga, chocia\u017c okazji do rozm\u00f3w na co dzie\u0144 - w konfesjonale i poza nim - na szcz\u0119\u015bcie nie brakuje. My\u015bl\u0119 jednak, \u017ce ten blog b\u0119dzie jeszcze jednym sposobem i przestrzeni\u0105 nawi\u0105zania kontaktu z lud\u017ami dobrej woli, otwartymi na dialog.\",\"url\":\"https:\/\/gaudiumetspes-blog.pl\/index.php\/author\/ks-jacek\/\"}]}<\/script>\n<!-- \/ Yoast SEO plugin. -->","yoast_head_json":{"title":"Panie, pozw\u00f3l mi... - Gaudium Et Spes","robots":{"index":"index","follow":"follow","max-snippet":"max-snippet:-1","max-image-preview":"max-image-preview:large","max-video-preview":"max-video-preview:-1"},"canonical":"https:\/\/gaudiumetspes-blog.pl\/index.php\/2025\/06\/30\/panie-pozwol-mi\/","og_locale":"pl_PL","og_type":"article","og_title":"Panie, pozw\u00f3l mi... - Gaudium Et Spes","og_description":"Szcz\u0119\u015b\u0107 Bo\u017ce! Drodzy moi, w dniu dzisiejszym imieniny prze\u017cywa moja Siostrzenica, Emilka Nied\u017awiedzka. Ca\u0142ym sercem otaczam J\u0105 modlitw\u0105, prosz\u0105c dla Niej o wszelkie Bo\u017ce \u0142aski, by tak, jak dotychczas \u2013 by\u0142a rado\u015bci\u0105 ca\u0142ej naszej Rodziny. Niech \u017cyciowa energia, kt\u00f3ra j\u0105 wr\u0119cz rozpiera i intelektualna b\u0142yskotliwo\u015b\u0107 \u2013 rozwijaj\u0105 si\u0119 i pomna\u017caj\u0105! Niech idzie przez \u017cycie pewnym [&hellip;]","og_url":"https:\/\/gaudiumetspes-blog.pl\/index.php\/2025\/06\/30\/panie-pozwol-mi\/","og_site_name":"Gaudium Et Spes","article_published_time":"2025-06-30T06:47:39+00:00","author":"Ks. Jacek","twitter_card":"summary_large_image","twitter_misc":{"Napisane przez":"Ks. Jacek","Szacowany czas czytania":"6 minut"},"schema":{"@context":"https:\/\/schema.org","@graph":[{"@type":"WebPage","@id":"https:\/\/gaudiumetspes-blog.pl\/index.php\/2025\/06\/30\/panie-pozwol-mi\/","url":"https:\/\/gaudiumetspes-blog.pl\/index.php\/2025\/06\/30\/panie-pozwol-mi\/","name":"Panie, pozw\u00f3l mi... - Gaudium Et Spes","isPartOf":{"@id":"https:\/\/gaudiumetspes-blog.pl\/#website"},"datePublished":"2025-06-30T06:47:39+00:00","author":{"@id":"https:\/\/gaudiumetspes-blog.pl\/#\/schema\/person\/1661982992b752dea8dff0d4ed845a65"},"breadcrumb":{"@id":"https:\/\/gaudiumetspes-blog.pl\/index.php\/2025\/06\/30\/panie-pozwol-mi\/#breadcrumb"},"inLanguage":"pl-PL","potentialAction":[{"@type":"ReadAction","target":["https:\/\/gaudiumetspes-blog.pl\/index.php\/2025\/06\/30\/panie-pozwol-mi\/"]}]},{"@type":"BreadcrumbList","@id":"https:\/\/gaudiumetspes-blog.pl\/index.php\/2025\/06\/30\/panie-pozwol-mi\/#breadcrumb","itemListElement":[{"@type":"ListItem","position":1,"name":"Strona g\u0142\u00f3wna","item":"https:\/\/gaudiumetspes-blog.pl\/"},{"@type":"ListItem","position":2,"name":"Panie, pozw\u00f3l mi&#8230;"}]},{"@type":"WebSite","@id":"https:\/\/gaudiumetspes-blog.pl\/#website","url":"https:\/\/gaudiumetspes-blog.pl\/","name":"Gaudium Et Spes","description":"Blog Ks. Jacka Ja\u015bkowskiego","potentialAction":[{"@type":"SearchAction","target":{"@type":"EntryPoint","urlTemplate":"https:\/\/gaudiumetspes-blog.pl\/?s={search_term_string}"},"query-input":{"@type":"PropertyValueSpecification","valueRequired":true,"valueName":"search_term_string"}}],"inLanguage":"pl-PL"},{"@type":"Person","@id":"https:\/\/gaudiumetspes-blog.pl\/#\/schema\/person\/1661982992b752dea8dff0d4ed845a65","name":"Ks. Jacek","image":{"@type":"ImageObject","inLanguage":"pl-PL","@id":"https:\/\/gaudiumetspes-blog.pl\/#\/schema\/person\/image\/","url":"https:\/\/gaudiumetspes-blog.pl\/wp-content\/uploads\/2019\/07\/avatar-JJ-150x150.jpg","contentUrl":"https:\/\/gaudiumetspes-blog.pl\/wp-content\/uploads\/2019\/07\/avatar-JJ-150x150.jpg","caption":"Ks. Jacek"},"description":"Witam serdecznie! K\u0142ania si\u0119 Ks. Jacek Ja\u015bkowski. Nie jestem ani kim\u015b wa\u017cnym, ani kim\u015b znanym. Jestem ksi\u0119dzem, kt\u00f3ry po prostu chce rozmawia\u0107. Codzienna kap\u0142a\u0144ska pos\u0142uga pokazuje mi, \u017ce temat\u00f3w do rozm\u00f3w z ksi\u0119dzem jest coraz wi\u0119cej i dzisiaj \u017caden ksi\u0105dz nie mo\u017ce od nich ucieka\u0107, ale - wprost przeciwnie - podejmowa\u0107 nowe wyzwania. To przekonanie sk\u0142oni\u0142o mnie do pr\u00f3by otwarcia tego\u017c bloga, chocia\u017c okazji do rozm\u00f3w na co dzie\u0144 - w konfesjonale i poza nim - na szcz\u0119\u015bcie nie brakuje. My\u015bl\u0119 jednak, \u017ce ten blog b\u0119dzie jeszcze jednym sposobem i przestrzeni\u0105 nawi\u0105zania kontaktu z lud\u017ami dobrej woli, otwartymi na dialog.","url":"https:\/\/gaudiumetspes-blog.pl\/index.php\/author\/ks-jacek\/"}]}},"jetpack_featured_media_url":"","jetpack_sharing_enabled":true,"_links":{"self":[{"href":"https:\/\/gaudiumetspes-blog.pl\/index.php\/wp-json\/wp\/v2\/posts\/23965","targetHints":{"allow":["GET"]}}],"collection":[{"href":"https:\/\/gaudiumetspes-blog.pl\/index.php\/wp-json\/wp\/v2\/posts"}],"about":[{"href":"https:\/\/gaudiumetspes-blog.pl\/index.php\/wp-json\/wp\/v2\/types\/post"}],"author":[{"embeddable":true,"href":"https:\/\/gaudiumetspes-blog.pl\/index.php\/wp-json\/wp\/v2\/users\/1"}],"replies":[{"embeddable":true,"href":"https:\/\/gaudiumetspes-blog.pl\/index.php\/wp-json\/wp\/v2\/comments?post=23965"}],"version-history":[{"count":1,"href":"https:\/\/gaudiumetspes-blog.pl\/index.php\/wp-json\/wp\/v2\/posts\/23965\/revisions"}],"predecessor-version":[{"id":23966,"href":"https:\/\/gaudiumetspes-blog.pl\/index.php\/wp-json\/wp\/v2\/posts\/23965\/revisions\/23966"}],"wp:attachment":[{"href":"https:\/\/gaudiumetspes-blog.pl\/index.php\/wp-json\/wp\/v2\/media?parent=23965"}],"wp:term":[{"taxonomy":"category","embeddable":true,"href":"https:\/\/gaudiumetspes-blog.pl\/index.php\/wp-json\/wp\/v2\/categories?post=23965"},{"taxonomy":"post_tag","embeddable":true,"href":"https:\/\/gaudiumetspes-blog.pl\/index.php\/wp-json\/wp\/v2\/tags?post=23965"}],"curies":[{"name":"wp","href":"https:\/\/api.w.org\/{rel}","templated":true}]}}