{"id":23982,"date":"2025-07-08T09:12:35","date_gmt":"2025-07-08T07:12:35","guid":{"rendered":"https:\/\/gaudiumetspes-blog.pl\/?p=23982"},"modified":"2025-07-08T09:12:35","modified_gmt":"2025-07-08T07:12:35","slug":"walczyc-z-bogiem-czy-nie-walczyc-2","status":"publish","type":"post","link":"https:\/\/gaudiumetspes-blog.pl\/index.php\/2025\/07\/08\/walczyc-z-bogiem-czy-nie-walczyc-2\/","title":{"rendered":"Walczy\u0107 z Bogiem &#8211; czy nie walczy\u0107?&#8230;"},"content":{"rendered":"<p align=\"justify\"><span style=\"color: #000000;\"><span style=\"font-family: Book Antiqua, serif;\"><span style=\"font-size: large;\">Szcz\u0119\u015b\u0107 Bo\u017ce! Moi Drodzy, w dniu dzisiejszym <b>imieniny prze\u017cywa Ojciec Edgar Semeniuk, Franciszkanin, pos\u0142uguj\u0105cy w swoim czasie w Lublinie, w Parafii, na terenie kt\u00f3rej mam od lat swoje mieszkanie; a nast\u0119pnie pos\u0142uguj\u0105cy w Opatowie, gdzie by\u0142 Gwardianem i Proboszczem \u2013 i gdzie zaprasza\u0142 mnie do odprawienia r\u00f3\u017cnych uroczysto\u015bci i odpust\u00f3w. <\/b><\/span><\/span><\/span><\/p>\n<p align=\"justify\"><span style=\"color: #000000;\"><span style=\"font-family: Book Antiqua, serif;\"><span style=\"font-size: large;\"><b>A znamy si\u0119 tak\u017ce i st\u0105d, \u017ce Ojciec Edgar \u2013 jeszcze jako Adam \u2013 pochodzi z Parafii Terespol, na terenie kt\u00f3rej i ja mieszka\u0142em w pierwszych latach \u017cycia i gdzie by\u0142em ochrzczony. Niech nasz Pan udziela Solenizantowi wszystkich mo\u017cliwych dar\u00f3w i prowadzi przez \u017cycie i kap\u0142a\u0144sk\u0105 oraz zakonn\u0105 pos\u0142ug\u0119. Zapewniam o modlitwie!<\/b><\/span><\/span><\/span><\/p>\n<p align=\"justify\"><span style=\"color: #000000;\"><span style=\"font-family: Book Antiqua, serif;\"><span style=\"font-size: large;\">A ja dzisiaj pozdrawiam Was z Lublina, gdzie zamierzam by\u0107 do pi\u0105tku wieczorem, chocia\u017c to oczywi\u015bcie r\u00f3\u017cnie by\u0107 mo\u017ce. W ka\u017cdym razie, dzisiaj planuj\u0119 Msz\u0119 \u015awi\u0119t\u0105 o 18:00, w \u201emojej\u201d Parafii \u015awi\u0119tego Jana Kantego. Ju\u017c o tym rozmawia\u0142em \u2013 i o planach na najbli\u017csze tygodnie \u2013 z Ksi\u0119dzem Kanonikiem Bogdanem Zag\u00f3rskim, Proboszczem Parafii, zwanym przeze mnie i przez bliskie mi Osoby: NAJDOSTOJNIEJSZ\u0104 EMINENCJ\u0104! To naprawd\u0119 niezwyk\u0142y Cz\u0142owiek! Wz\u00f3r kap\u0142ana i cz\u0142owieka! Bogu dzi\u0119ki za takich Ludzi i takich Kap\u0142an\u00f3w!<\/span><\/span><\/span><\/p>\n<p align=\"justify\"><span style=\"color: #000000;\"><span style=\"font-family: Book Antiqua, serif;\"><span style=\"font-size: large;\">Tymczasem, zapraszam ju\u017c do pochylenia si\u0119 nad Bo\u017cym s\u0142owem dzisiejszej liturgii. Oto s\u0142\u00f3wko Ksi\u0119dza Marka na dzi\u015b:<\/span><\/span><\/span><\/p>\n<p align=\"justify\"><span style=\"color: #000000;\"><span style=\"font-family: Book Antiqua, serif;\"><span style=\"font-size: medium;\"><a href=\"https:\/\/www.youtube.com\/c\/CatholicSurgut\"><span style=\"font-size: large;\"><b>https:\/\/www.youtube.com\/c\/CatholicSurgut<\/b><\/span><\/a><\/span><\/span><\/span><\/p>\n<p align=\"justify\"><span style=\"color: #000000;\"><span style=\"font-family: Book Antiqua, serif;\"><span style=\"font-size: large;\">Zatem, <b>co m\u00f3wi do mnie Pan? Z jakim konkretnie przes\u0142aniem si\u0119 zwraca?<\/b> Duchu \u015awi\u0119ty, pom\u00f3\u017c zg\u0142\u0119bi\u0107 Bo\u017ce s\u0142owo\u2026 <\/span><\/span><\/span><\/p>\n<p align=\"justify\"><span style=\"color: #000000;\"><span style=\"font-family: Book Antiqua, serif;\"><span style=\"font-size: large;\"><b>Niech Was b\u0142ogos\u0142awi B\u00f3g Wszechmog\u0105cy: Ojciec + i Syn, i Duch \u015awi\u0119ty. Amen<\/b><\/span><\/span><\/span><\/p>\n<p align=\"center\"><span style=\"color: #000000;\"><span style=\"font-family: Book Antiqua, serif;\"><span style=\"font-size: large;\">Gaudium et spes! Ks. Jacek<\/span><\/span><\/span><\/p>\n<p align=\"center\">\n<p align=\"center\">\n<p align=\"center\">\n<p align=\"center\">\n<p align=\"center\">\n<p align=\"justify\"><span style=\"color: #000000;\"><span style=\"font-family: Book Antiqua, serif;\"><span style=\"font-size: large;\"><b>Wtorek 14 Tygodnia zwyk\u0142ego, rok I,<\/b><\/span><\/span><\/span><\/p>\n<p align=\"justify\"><span style=\"color: #000000;\"><span style=\"font-family: Book Antiqua, serif;\"><span style=\"font-size: large;\"><b>Wspomnienie \u015aw. Jana z Dukli, Kap\u0142ana,<\/b><\/span><\/span><\/span><\/p>\n<p align=\"justify\"><span style=\"color: #000000;\"><span style=\"font-family: Book Antiqua, serif;\"><span style=\"font-size: large;\"><b>8 lipca 2025.,\u00a0<\/b><\/span><\/span><\/span><\/p>\n<p align=\"justify\"><span style=\"color: #000000;\"><span style=\"font-family: Book Antiqua, serif;\"><span style=\"font-size: large;\"><b>do czyta\u0144: Rdz 32,23\u201333; Mt 9,32\u201337<\/b><\/span><\/span><\/span><\/p>\n<p align=\"justify\">\n<p align=\"justify\">\n<p align=\"justify\">\n<p align=\"justify\">\n<p align=\"justify\">\n<p align=\"justify\"><span style=\"color: #000000;\"><span style=\"font-family: Book Antiqua, serif;\"><span style=\"font-size: large;\"><b>CZYTANIE Z KSI\u0118GI RODZAJU: <\/b><\/span><\/span><\/span><\/p>\n<p align=\"justify\"><span style=\"color: #000000;\"><span style=\"font-family: Book Antiqua, serif;\"><span style=\"font-size: large;\"><b>Jakub wsta\u0142 w nocy i zabrawszy obie swe \u017cony, dwie ich niewolnice i jedena\u015bcioro dzieci, przeprawi\u0142 si\u0119 przez br\u00f3d potoku Jabbok. A gdy ich przeprawi\u0142 przez ten potok, przeni\u00f3s\u0142 r\u00f3wnie\u017c na drugi brzeg to, co posiada\u0142. <\/b><\/span><\/span><\/span><\/p>\n<p align=\"justify\"><span style=\"color: #000000;\"><span style=\"font-family: Book Antiqua, serif;\"><span style=\"font-size: large;\"><b>Gdy za\u015b wr\u00f3ci\u0142 i zosta\u0142 sam jeden, kto\u015b zmaga\u0142 si\u0119 z nim a\u017c do wschodu jutrzenki, a widz\u0105c, \u017ce nie mo\u017ce go pokona\u0107, dotkn\u0105\u0142 jego stawu biodrowego i wywichn\u0105\u0142 Jakubowi ten staw podczas zmagania si\u0119 z nim. A wreszcie rzek\u0142: \u201ePu\u015b\u0107 mnie, bo ju\u017c wschodzi zorza!\u201d Jakub odpowiedzia\u0142: \u201eNie puszcz\u0119 ci\u0119, dop\u00f3ki mi nie pob\u0142ogos\u0142awisz!\u201d Wtedy tamten go zapyta\u0142: \u201eJakie masz imi\u0119?\u201d On za\u015b rzek\u0142: \u201eJakub\u201d. Powiedzia\u0142: \u201eOdt\u0105d nie b\u0119dziesz si\u0119 zwa\u0142 Jakub, lecz Izrael, bo walczy\u0142e\u015b z Bogiem i z lud\u017ami, i zwyci\u0119\u017cy\u0142e\u015b\u201d. Potem Jakub rzek\u0142: \u201ePowiedz mi, prosz\u0119, jakie jest twe imi\u0119?\u201d Ale on odpowiedzia\u0142: \u201eCzemu pytasz mnie o imi\u0119?\u201d I pob\u0142ogos\u0142awi\u0142 go na owym miejscu. <\/b><\/span><\/span><\/span><\/p>\n<p align=\"justify\"><span style=\"color: #000000;\"><span style=\"font-family: Book Antiqua, serif;\"><span style=\"font-size: large;\"><b>Jakub da\u0142 temu miejscu nazw\u0119 Penuel, m\u00f3wi\u0105c: \u201eMimo \u017ce widzia\u0142em Boga twarz\u0105 w twarz, jednak ocali\u0142em me \u017cycie\u201d. S\u0142o\u0144ce ju\u017c wschodzi\u0142o, gdy Jakub przechodzi\u0142 przez Penuel, utykaj\u0105c na nog\u0119, zosta\u0142 bowiem pora\u017cony w staw biodrowy, w to w\u0142a\u015bnie \u015bci\u0119gno.<\/b><\/span><\/span><\/span><\/p>\n<p align=\"justify\">\n<p align=\"justify\">\n<p align=\"justify\">\n<p align=\"justify\">\n<p align=\"justify\">\n<p align=\"justify\"><span style=\"color: #000000;\"><span style=\"font-family: Book Antiqua, serif;\"><span style=\"font-size: large;\"><b>S\u0141OWA EWANGELII WED\u0141UG \u015aWI\u0118TEGO MATEUSZA: <\/b><\/span><\/span><\/span><\/p>\n<p align=\"justify\"><span style=\"color: #000000;\"><span style=\"font-family: Book Antiqua, serif;\"><span style=\"font-size: large;\"><b>Przyprowadzono do Jezusa niemow\u0119 op\u0119tanego. Po wyrzuceniu z\u0142ego ducha niemy odzyska\u0142 mow\u0119, a t\u0142umy pe\u0142ne podziwu wo\u0142a\u0142y: \u201eJeszcze si\u0119 nigdy nic podobnego nie pojawi\u0142o w Izraelu\u201d. <\/b><\/span><\/span><\/span><\/p>\n<p align=\"justify\"><span style=\"color: #000000;\"><span style=\"font-family: Book Antiqua, serif;\"><span style=\"font-size: large;\"><b>Lecz faryzeusze m\u00f3wili: \u201eWyrzuca z\u0142e duchy moc\u0105 ich przyw\u00f3dcy\u201d. <\/b><\/span><\/span><\/span><\/p>\n<p align=\"justify\"><span style=\"color: #000000;\"><span style=\"font-family: Book Antiqua, serif;\"><span style=\"font-size: large;\"><b>Tak Jezus obchodzi\u0142 wszystkie miasta i wioski. Naucza\u0142 w tamtejszych synagogach, g\u0142osi\u0142 Ewangeli\u0119 kr\u00f3lestwa i leczy\u0142 wszystkie choroby i wszystkie s\u0142abo\u015bci. A widz\u0105c t\u0142umy ludzi, litowa\u0142 si\u0119 nad nimi, bo byli zn\u0119kani i porzuceni, jak owce nie maj\u0105ce pasterza. <\/b><\/span><\/span><\/span><\/p>\n<p align=\"justify\"><span style=\"color: #000000;\"><span style=\"font-family: Book Antiqua, serif;\"><span style=\"font-size: large;\"><b>Wtedy rzek\u0142 do swych uczni\u00f3w: \u201e\u017bniwo wprawdzie wielkie, ale robotnik\u00f3w ma\u0142o. Pro\u015bcie wi\u0119c Pana \u017cniwa, \u017ceby wyprawi\u0142 robotnik\u00f3w na swoje \u017cniwo\u201d.<\/b><\/span><\/span><\/span><\/p>\n<p align=\"justify\">\n<p align=\"justify\">\n<p align=\"justify\">\n<p align=\"justify\">\n<p align=\"justify\">\n<p align=\"justify\"><span style=\"color: #000080;\"><span lang=\"zxx\"><span style=\"color: #000000;\"><span style=\"font-family: Book Antiqua, serif;\"><span style=\"font-size: large;\"><span lang=\"pl-PL\">Bardzo tajemnicze wydarzenie opisane zosta\u0142o w dzisiejszym pierwszym czytaniu. S\u0142yszeli\u015bmy o nim zapewne nieraz, mo\u017ce te\u017c niejeden komentarz na jego temat przeczytali\u015bmy, ale czy przez to <\/span><\/span><\/span><\/span><\/span><\/span><span style=\"color: #000080;\"><span lang=\"zxx\"><span style=\"color: #000000;\"><span style=\"font-family: Book Antiqua, serif;\"><span style=\"font-size: large;\"><span lang=\"pl-PL\"><b>jest ono dla nas mniej tajemnicze? <\/b><\/span><\/span><\/span><\/span><\/span><\/span><span style=\"color: #000080;\"><span lang=\"zxx\"><span style=\"color: #000000;\"><span style=\"font-family: Book Antiqua, serif;\"><span style=\"font-size: large;\"><span lang=\"pl-PL\">I jaki w og\u00f3le <\/span><\/span><\/span><\/span><\/span><\/span><span style=\"color: #000080;\"><span lang=\"zxx\"><span style=\"color: #000000;\"><span style=\"font-family: Book Antiqua, serif;\"><span style=\"font-size: large;\"><span lang=\"pl-PL\"><b>sen<\/b><\/span><\/span><\/span><\/span><\/span><\/span><span style=\"color: #000080;\"><span lang=\"zxx\"><span style=\"color: #000000;\"><span style=\"font-family: Book Antiqua, serif;\"><span style=\"font-size: large;\"><span lang=\"pl-PL\"><b>s, znaczenie i przes\u0142anie<\/b><\/span><\/span><\/span><\/span><\/span><\/span><span style=\"color: #000080;\"><span lang=\"zxx\"><span style=\"color: #000000;\"><span style=\"font-family: Book Antiqua, serif;\"><span style=\"font-size: large;\"><span lang=\"pl-PL\"> maj\u0105 dla nas opisane dzisiaj wydarzenia?<\/span><\/span><\/span><\/span><\/span><\/span><\/p>\n<p align=\"justify\"><span style=\"color: #000080;\"><span lang=\"zxx\"><span style=\"color: #000000;\"><span style=\"font-family: Book Antiqua, serif;\"><span style=\"font-size: large;\"><span lang=\"pl-PL\">Oto Jakub \u2013 po uporaniu si\u0119 z przepraw\u0105 ca\u0142ej swojej rodziny i ca\u0142ego dobytku przez potok Jabbok \u2013 kiedy zamierza\u0142 troch\u0119 odpocz\u0105\u0107 i wyciszy\u0107 si\u0119, <\/span><\/span><\/span><\/span><\/span><\/span><span style=\"color: #000080;\"><span lang=\"zxx\"><span style=\"color: #000000;\"><span style=\"font-family: Book Antiqua, serif;\"><span style=\"font-size: large;\"><span lang=\"pl-PL\"><b>musia\u0142 stan\u0105\u0107 do walki.<\/b><\/span><\/span><\/span><\/span><\/span><\/span><span style=\"color: #000080;\"><span lang=\"zxx\"><span style=\"color: #000000;\"><span style=\"font-family: Book Antiqua, serif;\"><span style=\"font-size: large;\"><span lang=\"pl-PL\"> Z kim? Chyba pocz\u0105tkowo nie wiedzia\u0142, natomiast na pewno w trakcie tego zmagania coraz bar<\/span><\/span><\/span><\/span><\/span><\/span><span style=\"color: #000080;\"><span lang=\"zxx\"><span style=\"color: #000000;\"><span style=\"font-family: Book Antiqua, serif;\"><span style=\"font-size: large;\"><span lang=\"pl-PL\">dziej wzrasta\u0142a jego \u015bwiadomo\u015b\u0107, <\/span><\/span><\/span><\/span><\/span><\/span><span style=\"color: #000080;\"><span lang=\"zxx\"><span style=\"color: #000000;\"><span style=\"font-family: Book Antiqua, serif;\"><span style=\"font-size: large;\"><span lang=\"pl-PL\"><b>z kim ma do czynienia.<\/b><\/span><\/span><\/span><\/span><\/span><\/span><span style=\"color: #000080;\"><span lang=\"zxx\"><span style=\"color: #000000;\"><span style=\"font-family: Book Antiqua, serif;\"><span style=\"font-size: large;\"><span lang=\"pl-PL\"> In<\/span><\/span><\/span><\/span><\/span><\/span><span style=\"color: #000080;\"><span lang=\"zxx\"><span style=\"color: #000000;\"><span style=\"font-family: Book Antiqua, serif;\"><span style=\"font-size: large;\"><span lang=\"pl-PL\">aczej \u2013 czy\u017c prosi\u0142by o b\u0142ogos\u0142awie\u0144stwo? <\/span><\/span><\/span><\/span><\/span><\/span><\/p>\n<p align=\"justify\"><span style=\"color: #000080;\"><span lang=\"zxx\"><span style=\"color: #000000;\"><span style=\"font-family: Book Antiqua, serif;\"><span style=\"font-size: large;\"><span lang=\"pl-PL\">Komentatorzy biblijni s\u0142usznie zestawiaj\u0105 to wydarzenie z tym, kt\u00f3re dokona\u0142o si\u0119 w jego domu rodzinnym, kiedy to <\/span><\/span><\/span><\/span><\/span><\/span><span style=\"color: #000080;\"><span lang=\"zxx\"><span style=\"color: #000000;\"><span style=\"font-family: Book Antiqua, serif;\"><span style=\"font-size: large;\"><span lang=\"pl-PL\"><b>podst\u0119pnie wy\u0142udzi\u0142 b\u0142ogos\u0142awie\u0144stwo, <\/b><\/span><\/span><\/span><\/span><\/span><\/span><span style=\"color: #000080;\"><span lang=\"zxx\"><span style=\"color: #000000;\"><span style=\"font-family: Book Antiqua, serif;\"><span style=\"font-size: large;\"><span lang=\"pl-PL\">przynale\u017cne jego bratu Ezawowi. Dlatego teraz, kiedy u\u015bwiadomi\u0142 sobie, z kim si\u0119 zmaga, poprosi\u0142 o b\u0142ogos\u0142awie\u0144stwo \u2013 by si\u0119 tak wyrazi\u0107 \u2013 <\/span><\/span><\/span><\/span><\/span><\/span><span style=\"color: #000080;\"><span lang=\"zxx\"><span style=\"color: #000000;\"><span style=\"font-family: Book Antiqua, serif;\"><span style=\"font-size: large;\"><span lang=\"pl-PL\"><b>ju\u017c <\/b><\/span><\/span><\/span><\/span><\/span><\/span><span style=\"color: #000080;\"><span lang=\"zxx\"><span style=\"color: #000000;\"><span style=\"font-family: Book Antiqua, serif;\"><span style=\"font-size: large;\"><span lang=\"pl-PL\"><b>w spos\u00f3b \u201elegalny\u201d,<\/b><\/span><\/span><\/span><\/span><\/span><\/span><span style=\"color: #000080;\"><span lang=\"zxx\"><span style=\"color: #000000;\"><span style=\"font-family: Book Antiqua, serif;\"><span style=\"font-size: large;\"><span lang=\"pl-PL\"> a wi\u0119c o to b\u0142ogos\u0142awie\u0144stwo, kt\u00f3re otrzyma <\/span><\/span><\/span><\/span><\/span><\/span><span style=\"color: #000080;\"><span lang=\"zxx\"><span style=\"color: #000000;\"><span style=\"font-family: Book Antiqua, serif;\"><span style=\"font-size: large;\"><span lang=\"pl-PL\"><b>on sam jako on, jako Jakub, a nie jako \u201eudawany\u201d Ezaw.<\/b><\/span><\/span><\/span><\/span><\/span><\/span><span style=\"color: #000080;\"><span lang=\"zxx\"><span style=\"color: #000000;\"><span style=\"font-family: Book Antiqua, serif;\"><span style=\"font-size: large;\"><span lang=\"pl-PL\"> I \u2013 jak si\u0119 dowiadujemy \u2013 otrzyma\u0142. <\/span><\/span><\/span><\/span><\/span><\/span><\/p>\n<p align=\"justify\"><span style=\"color: #000080;\"><span lang=\"zxx\"><span style=\"color: #000000;\"><span style=\"font-family: Book Antiqua, serif;\"><span style=\"font-size: large;\"><span lang=\"pl-PL\">A otrzyma\u0142 w jakim<\/span><\/span><\/span><\/span><\/span><\/span><span style=\"color: #000080;\"><span lang=\"zxx\"><span style=\"color: #000000;\"><span style=\"font-family: Book Antiqua, serif;\"><span style=\"font-size: large;\"><span lang=\"pl-PL\">\u015b<\/span><\/span><\/span><\/span><\/span><\/span><span style=\"color: #000080;\"><span lang=\"zxx\"><span style=\"color: #000000;\"><span style=\"font-family: Book Antiqua, serif;\"><span style=\"font-size: large;\"><span lang=\"pl-PL\"> sensie dlatego, \u017ce <\/span><\/span><\/span><\/span><\/span><\/span><span style=\"color: #000080;\"><span lang=\"zxx\"><span style=\"color: #000000;\"><span style=\"font-family: Book Antiqua, serif;\"><span style=\"font-size: large;\"><span lang=\"pl-PL\"><b>\u201ewygra\u0142\u201d z Bogiem! \u201eZwyci\u0119\u017cy\u0142\u201d Go!<\/b><\/span><\/span><\/span><\/span><\/span><\/span><span style=\"color: #000080;\"><span lang=\"zxx\"><span style=\"color: #000000;\"><span style=\"font-family: Book Antiqua, serif;\"><span style=\"font-size: large;\"><span lang=\"pl-PL\"> Po ca\u0142ej nocy bardzo dziwnego w swej wymowie zmagania, \u00f3w Przeciwnik, z kt\u00f3rym si\u0119 zmaga\u0142, poprosi\u0142: <\/span><\/span><\/span><\/span><\/span><\/span><span style=\"color: #000080;\"><span lang=\"zxx\"><span style=\"color: #000000;\"><span style=\"font-family: Book Antiqua, serif;\"><span style=\"font-size: large;\"><span lang=\"pl-PL\"><i><b>Pu\u015b\u0107 mnie, bo ju\u017c wschodzi zorza! <\/b><\/i><\/span><\/span><\/span><\/span><\/span><\/span><span style=\"color: #000080;\"><span lang=\"zxx\"><span style=\"color: #000000;\"><span style=\"font-family: Book Antiqua, serif;\"><span style=\"font-size: large;\"><span lang=\"pl-PL\">I to wtedy w\u0142a\u015bnie Jakub odrzek\u0142: <\/span><\/span><\/span><\/span><\/span><\/span><span style=\"color: #000080;\"><span lang=\"zxx\"><span style=\"color: #000000;\"><span style=\"font-family: Book Antiqua, serif;\"><span style=\"font-size: large;\"><span lang=\"pl-PL\"><i><b>Nie puszcz\u0119 ci\u0119, dop\u00f3ki mi nie pob\u0142ogos\u0142awisz!<\/b><\/i><\/span><\/span><\/span><\/span><\/span><\/span> <span style=\"color: #000080;\"><span lang=\"zxx\"><span style=\"color: #000000;\"><span style=\"font-family: Book Antiqua, serif;\"><span style=\"font-size: large;\"><span lang=\"pl-PL\">A w\u00f3wczas<\/span><\/span><\/span><\/span><\/span><\/span><span style=\"color: #000080;\"><span lang=\"zxx\"><span style=\"color: #000000;\"><span style=\"font-family: Book Antiqua, serif;\"><span style=\"font-size: large;\"><span lang=\"pl-PL\"> \u00f3w tajemniczy Przeciwnik <\/span><\/span><\/span><\/span><\/span><\/span><span style=\"color: #000080;\"><span lang=\"zxx\"><span style=\"color: #000000;\"><span style=\"font-family: Book Antiqua, serif;\"><span style=\"font-size: large;\"><span lang=\"pl-PL\"><b>zmieni\u0142 imi\u0119 Jakuba<\/b><\/span><\/span><\/span><\/span><\/span><\/span><span style=\"color: #000080;\"><span lang=\"zxx\"><span style=\"color: #000000;\"><span style=\"font-family: Book Antiqua, serif;\"><span style=\"font-size: large;\"><span lang=\"pl-PL\"> na to imi\u0119, pod kt\u00f3rym b\u0119dzie ju\u017c znany przez wieki \u2013 a\u017c do dzisiaj \u2013 i pod kt\u00f3rym b\u0119dzie i jest znany jego nar\u00f3d:<\/span><\/span><\/span><\/span><\/span><\/span><span style=\"color: #000080;\"><span lang=\"zxx\"><span style=\"color: #000000;\"><span style=\"font-family: Book Antiqua, serif;\"><span style=\"font-size: large;\"><span lang=\"pl-PL\"><b> Izrael. <\/b><\/span><\/span><\/span><\/span><\/span><\/span><\/p>\n<p align=\"justify\"><span style=\"color: #000080;\"><span lang=\"zxx\"><span style=\"color: #000000;\"><span style=\"font-family: Book Antiqua, serif;\"><span style=\"font-size: large;\"><span lang=\"pl-PL\">Mamy <\/span><\/span><\/span><\/span><\/span><\/span><span style=\"color: #000080;\"><span lang=\"zxx\"><span style=\"color: #000000;\"><span style=\"font-family: Book Antiqua, serif;\"><span style=\"font-size: large;\"><span lang=\"pl-PL\">tu <\/span><\/span><\/span><\/span><\/span><\/span><span style=\"color: #000080;\"><span lang=\"zxx\"><span style=\"color: #000000;\"><span style=\"font-family: Book Antiqua, serif;\"><span style=\"font-size: large;\"><span lang=\"pl-PL\">zatem <\/span><\/span><\/span><\/span><\/span><\/span><span style=\"color: #000080;\"><span lang=\"zxx\"><span style=\"color: #000000;\"><span style=\"font-family: Book Antiqua, serif;\"><span style=\"font-size: large;\"><span lang=\"pl-PL\"><b>prze<\/b><\/span><\/span><\/span><\/span><\/span><\/span><span style=\"color: #000080;\"><span lang=\"zxx\"><span style=\"color: #000000;\"><span style=\"font-family: Book Antiqua, serif;\"><span style=\"font-size: large;\"><span lang=\"pl-PL\"><b>dz<\/b><\/span><\/span><\/span><\/span><\/span><\/span><span style=\"color: #000080;\"><span lang=\"zxx\"><span style=\"color: #000000;\"><span style=\"font-family: Book Antiqua, serif;\"><span style=\"font-size: large;\"><span lang=\"pl-PL\"><b>iwn\u0105 sekwencj\u0119 wydarze\u0144: <\/b><\/span><\/span><\/span><\/span><\/span><\/span><span style=\"color: #000080;\"><span lang=\"zxx\"><span style=\"color: #000000;\"><span style=\"font-family: Book Antiqua, serif;\"><span style=\"font-size: large;\"><span lang=\"pl-PL\">z jednej strony <\/span><\/span><\/span><\/span><\/span><\/span><span style=\"color: #000080;\"><span lang=\"zxx\"><span style=\"color: #000000;\"><span style=\"font-family: Book Antiqua, serif;\"><span style=\"font-size: large;\"><span lang=\"pl-PL\"><b>walka i \u201ewygrana\u201d Jakuba, <\/b><\/span><\/span><\/span><\/span><\/span><\/span><span style=\"color: #000080;\"><span lang=\"zxx\"><span style=\"color: #000000;\"><span style=\"font-family: Book Antiqua, serif;\"><span style=\"font-size: large;\"><span lang=\"pl-PL\">z drugiej strony to ten <\/span><\/span><\/span><\/span><\/span><\/span><span style=\"color: #000080;\"><span lang=\"zxx\"><span style=\"color: #000000;\"><span style=\"font-family: Book Antiqua, serif;\"><span style=\"font-size: large;\"><span lang=\"pl-PL\"><b>Pokonany pyta zwyci\u0119zc\u0119 o imi\u0119<\/b><\/span><\/span><\/span><\/span><\/span><\/span><span style=\"color: #000080;\"><span lang=\"zxx\"><span style=\"color: #000000;\"><span style=\"font-family: Book Antiqua, serif;\"><span style=\"font-size: large;\"><span lang=\"pl-PL\"> i je otrzymuje, sam za\u015b swego imienia nie <\/span><\/span><\/span><\/span><\/span><\/span><span style=\"color: #000080;\"><span lang=\"zxx\"><span style=\"color: #000000;\"><span style=\"font-family: Book Antiqua, serif;\"><span style=\"font-size: large;\"><span lang=\"pl-PL\">ujawnia<\/span><\/span><\/span><\/span><\/span><\/span><span style=\"color: #000080;\"><span lang=\"zxx\"><span style=\"color: #000000;\"><span style=\"font-family: Book Antiqua, serif;\"><span style=\"font-size: large;\"><span lang=\"pl-PL\">. Udziela jednak b\u0142ogos\u0142awie\u0144stwa, co jest <\/span><\/span><\/span><\/span><\/span><\/span><span style=\"color: #000080;\"><span lang=\"zxx\"><span style=\"color: #000000;\"><span style=\"font-family: Book Antiqua, serif;\"><span style=\"font-size: large;\"><span lang=\"pl-PL\"><b>wyra\u017anym znakiem otwarto\u015bci i \u017cyczliwo\u015bci <\/b><\/span><\/span><\/span><\/span><\/span><\/span><span style=\"color: #000080;\"><span lang=\"zxx\"><span style=\"color: #000000;\"><span style=\"font-family: Book Antiqua, serif;\"><span style=\"font-size: large;\"><span lang=\"pl-PL\">dla tego, kt\u00f3remu tego\u017c b\u0142ogos\u0142awie\u0144stwa udziela. <\/span><\/span><\/span><\/span><\/span><\/span><span style=\"color: #000080;\"><span lang=\"zxx\"><span style=\"color: #000000;\"><span style=\"font-family: Book Antiqua, serif;\"><span style=\"font-size: large;\"><span lang=\"pl-PL\">Natomiast przedstawienie swojego imienia komu\u015b to jest \u2013 w rozumieniu biblijnym \u2013 w jakim\u015b sensie <\/span><\/span><\/span><\/span><\/span><\/span><span style=\"color: #000080;\"><span lang=\"zxx\"><span style=\"color: #000000;\"><span style=\"font-family: Book Antiqua, serif;\"><span style=\"font-size: large;\"><span lang=\"pl-PL\"><b>oddanie si\u0119 <\/b><\/span><\/span><\/span><\/span><\/span><\/span><span style=\"color: #000080;\"><span lang=\"zxx\"><span style=\"color: #000000;\"><span style=\"font-family: Book Antiqua, serif;\"><span style=\"font-size: large;\"><span lang=\"pl-PL\"><b>mu <\/b><\/span><\/span><\/span><\/span><\/span><\/span><span style=\"color: #000080;\"><span lang=\"zxx\"><span style=\"color: #000000;\"><span style=\"font-family: Book Antiqua, serif;\"><span style=\"font-size: large;\"><span lang=\"pl-PL\"><b>do dyspozycji;<\/b><\/span><\/span><\/span><\/span><\/span><\/span><span style=\"color: #000080;\"><span lang=\"zxx\"><span style=\"color: #000000;\"><span style=\"font-family: Book Antiqua, serif;\"><span style=\"font-size: large;\"><span lang=\"pl-PL\"> jest to swoiste oddanie temu komu\u015b <\/span><\/span><\/span><\/span><\/span><\/span><span style=\"color: #000080;\"><span lang=\"zxx\"><span style=\"color: #000000;\"><span style=\"font-family: Book Antiqua, serif;\"><span style=\"font-size: large;\"><span lang=\"pl-PL\"><b>w\u0142adzy nad sob\u0105. <\/b><\/span><\/span><\/span><\/span><\/span><\/span><\/p>\n<p align=\"justify\"><span style=\"color: #000080;\"><span lang=\"zxx\"><span style=\"color: #000000;\"><span style=\"font-family: Book Antiqua, serif;\"><span style=\"font-size: large;\"><span lang=\"pl-PL\">Zauwa\u017cmy \u2013 cho\u0107 to mo\u017ce nie jest zbyt szcz\u0119\u015bliwa analogia \u2013 \u017ce egzorcy\u015bci, podejmuj\u0105c si\u0119 dzie\u0142a uwolnienia kogo\u015b spod wp\u0142ywu z\u0142ego ducha, <\/span><\/span><\/span><\/span><\/span><\/span><span style=\"color: #000080;\"><span lang=\"zxx\"><span style=\"color: #000000;\"><span style=\"font-family: Book Antiqua, serif;\"><span style=\"font-size: large;\"><span lang=\"pl-PL\"><b>najpierw pytaj\u0105 tego\u017c z\u0142ego ducha o jego imi\u0119. <\/b><\/span><\/span><\/span><\/span><\/span><\/span><span style=\"color: #000080;\"><span lang=\"zxx\"><span style=\"color: #000000;\"><span style=\"font-family: Book Antiqua, serif;\"><span style=\"font-size: large;\"><span lang=\"pl-PL\">On si\u0119 zwykle miota i burzy, ale poniewa\u017c egzorcysta <\/span><\/span><\/span><\/span><\/span><\/span><span style=\"color: #000080;\"><span lang=\"zxx\"><span style=\"color: #000000;\"><span style=\"font-family: Book Antiqua, serif;\"><span style=\"font-size: large;\"><span lang=\"pl-PL\"><b>dzia\u0142a moc\u0105 i w imieniu Jezusa, <\/b><\/span><\/span><\/span><\/span><\/span><\/span><span style=\"color: #000080;\"><span lang=\"zxx\"><span style=\"color: #000000;\"><span style=\"font-family: Book Antiqua, serif;\"><span style=\"font-size: large;\"><span lang=\"pl-PL\">w kt\u00f3rym to starciu z\u0142y duch nie ma najmniejszych szans, przeto imi\u0119 to zawsze pada. A to jest <\/span><\/span><\/span><\/span><\/span><\/span><span style=\"color: #000080;\"><span lang=\"zxx\"><span style=\"color: #000000;\"><span style=\"font-family: Book Antiqua, serif;\"><span style=\"font-size: large;\"><span lang=\"pl-PL\"><b>dla owego z\u0142ego ducha bardzo niekorzystna sytuacja,<\/b><\/span><\/span><\/span><\/span><\/span><\/span><span style=\"color: #000080;\"><span lang=\"zxx\"><span style=\"color: #000000;\"><span style=\"font-family: Book Antiqua, serif;\"><span style=\"font-size: large;\"><span lang=\"pl-PL\"> bo on wola\u0142by dzia\u0142a\u0107 pokr\u0119tnie i w ukryciu, a przedstawienie imienia jest w\u0142a\u015bnie <\/span><\/span><\/span><\/span><\/span><\/span><span style=\"color: #000080;\"><span lang=\"zxx\"><span style=\"color: #000000;\"><span style=\"font-family: Book Antiqua, serif;\"><span style=\"font-size: large;\"><span lang=\"pl-PL\"><b>odkryciem si\u0119 przed <\/b><\/span><\/span><\/span><\/span><\/span><\/span><span style=\"color: #000080;\"><span lang=\"zxx\"><span style=\"color: #000000;\"><span style=\"font-family: Book Antiqua, serif;\"><span style=\"font-size: large;\"><span lang=\"pl-PL\"><b>p<\/b><\/span><\/span><\/span><\/span><\/span><\/span><span style=\"color: #000080;\"><span lang=\"zxx\"><span style=\"color: #000000;\"><span style=\"font-family: Book Antiqua, serif;\"><span style=\"font-size: large;\"><span lang=\"pl-PL\"><b>rzeciwnikiem. <\/b><\/span><\/span><\/span><\/span><\/span><\/span><span style=\"color: #000080;\"><span lang=\"zxx\"><span style=\"color: #000000;\"><span style=\"font-family: Book Antiqua, serif;\"><span style=\"font-size: large;\"><span lang=\"pl-PL\">Dla niego takim przeciwnikiem jest oczywi\u015bcie Jezus. <\/span><\/span><\/span><\/span><\/span><\/span><\/p>\n<p align=\"justify\"><span style=\"color: #000080;\"><span lang=\"zxx\"><span style=\"color: #000000;\"><span style=\"font-family: Book Antiqua, serif;\"><span style=\"font-size: large;\"><span lang=\"pl-PL\">Dla Jakuba B\u00f3g sta\u0142 si\u0119 swoistym Przeciwnikiem w walce, ale przyznajmy, \u017ce to <\/span><\/span><\/span><\/span><\/span><\/span><span style=\"color: #000080;\"><span lang=\"zxx\"><span style=\"color: #000000;\"><span style=\"font-family: Book Antiqua, serif;\"><span style=\"font-size: large;\"><span lang=\"pl-PL\"><b>taki dziwny przeciwnik\u2026<\/b><\/span><\/span><\/span><\/span><\/span><\/span><span style=\"color: #000080;\"><span lang=\"zxx\"><span style=\"color: #000000;\"><span style=\"font-family: Book Antiqua, serif;\"><span style=\"font-size: large;\"><span lang=\"pl-PL\"> Bo przecie\u017c powiedzmy sobie szczerze, \u017ce <\/span><\/span><\/span><\/span><\/span><\/span><span style=\"color: #000080;\"><span lang=\"zxx\"><span style=\"color: #000000;\"><span style=\"font-family: Book Antiqua, serif;\"><span style=\"font-size: large;\"><span lang=\"pl-PL\"><b>Jakub zwyci\u0119\u017cy\u0142 dlatego, \u017ce B\u00f3g da\u0142 si\u0119 zwyci\u0119\u017cy\u0107. <\/b><\/span><\/span><\/span><\/span><\/span><\/span><span style=\"color: #000080;\"><span lang=\"zxx\"><span style=\"color: #000000;\"><span style=\"font-family: Book Antiqua, serif;\"><span style=\"font-size: large;\"><span lang=\"pl-PL\">To nie by\u0142a walka w sensie dos\u0142ownym \u2013 to wydarzenie<\/span><\/span><\/span><\/span><\/span><\/span><span style=\"color: #000080;\"><span lang=\"zxx\"><span style=\"color: #000000;\"><span style=\"font-family: Book Antiqua, serif;\"><span style=\"font-size: large;\"><span lang=\"pl-PL\"><b> g\u0142\u0119boko symboliczne.<\/b><\/span><\/span><\/span><\/span><\/span><\/span><span style=\"color: #000080;\"><span lang=\"zxx\"><span style=\"color: #000000;\"><span style=\"font-family: Book Antiqua, serif;\"><span style=\"font-size: large;\"><span lang=\"pl-PL\"> I na pewno <\/span><\/span><\/span><\/span><\/span><\/span><span style=\"color: #000080;\"><span lang=\"zxx\"><span style=\"color: #000000;\"><span style=\"font-family: Book Antiqua, serif;\"><span style=\"font-size: large;\"><span lang=\"pl-PL\"><b>bardziej duchowe, ni\u017c fizyczne. <\/b><\/span><\/span><\/span><\/span><\/span><\/span><\/p>\n<p align=\"justify\"><span style=\"color: #000080;\"><span lang=\"zxx\"><span style=\"color: #000000;\"><span style=\"font-family: Book Antiqua, serif;\"><span style=\"font-size: large;\"><span lang=\"pl-PL\">Bo gdyby to mia\u0142a by\u0107 walka w sensie dos\u0142ownym, czyli fizycznym, to \u2013 po pierwsze \u2013 na pewno by do niej nie dosz\u0142o, bo <\/span><\/span><\/span><\/span><\/span><\/span><span style=\"color: #000080;\"><span lang=\"zxx\"><span style=\"color: #000000;\"><span style=\"font-family: Book Antiqua, serif;\"><span style=\"font-size: large;\"><span lang=\"pl-PL\"><b>B\u00f3g nigdy nie chce z cz\u0142owiekiem walczy\u0107 i nie walczy, <\/b><\/span><\/span><\/span><\/span><\/span><\/span><span style=\"color: #000080;\"><span lang=\"zxx\"><span style=\"color: #000000;\"><span style=\"font-family: Book Antiqua, serif;\"><span style=\"font-size: large;\"><span lang=\"pl-PL\">a po drugie: skoro B\u00f3g t\u0119 walk\u0119 podejmuje i pozwala cz\u0142owiekowi j\u0105 wygra\u0107, po czym, jako Przegrany, udziela b\u0142ogos\u0142awie\u0144stwa, to <\/span><\/span><\/span><\/span><\/span><\/span><span style=\"color: #000080;\"><span lang=\"zxx\"><span style=\"color: #000000;\"><span style=\"font-family: Book Antiqua, serif;\"><span style=\"font-size: large;\"><span lang=\"pl-PL\">znak, \u017ce <\/span><\/span><\/span><\/span><\/span><\/span><span style=\"color: #000080;\"><span lang=\"zxx\"><span style=\"color: #000000;\"><span style=\"font-family: Book Antiqua, serif;\"><span style=\"font-size: large;\"><span lang=\"pl-PL\"><b>tu nie o walk\u0119 w rozumieniu dos\u0142ownym chodzi,<\/b><\/span><\/span><\/span><\/span><\/span><\/span><span style=\"color: #000080;\"><span lang=\"zxx\"><span style=\"color: #000000;\"><span style=\"font-family: Book Antiqua, serif;\"><span style=\"font-size: large;\"><span lang=\"pl-PL\"> a o co\u015b znacznie wi\u0119kszego i g\u0142\u0119bszego. <\/span><\/span><\/span><\/span><\/span><\/span><\/p>\n<p align=\"justify\"><span style=\"color: #000080;\"><span lang=\"zxx\"><span style=\"color: #000000;\"><span style=\"font-family: Book Antiqua, serif;\"><span style=\"font-size: large;\"><span lang=\"pl-PL\">Tutaj po prostu B\u00f3g chcia\u0142 pokaza\u0107 Jakubowi, jak mocn\u0105 walk\u0119 on, czyli Jakub, <\/span><\/span><\/span><\/span><\/span><\/span><span style=\"color: #000080;\"><span lang=\"zxx\"><span style=\"color: #000000;\"><span style=\"font-family: Book Antiqua, serif;\"><span style=\"font-size: large;\"><span lang=\"pl-PL\"><b>stoczy\u0142 <\/b><\/span><\/span><\/span><\/span><\/span><\/span><span style=\"color: #000080;\"><span lang=\"zxx\"><span style=\"color: #000000;\"><span style=\"font-family: Book Antiqua, serif;\"><span style=\"font-size: large;\"><span lang=\"pl-PL\"><b>tak naprawd\u0119 <\/b><\/span><\/span><\/span><\/span><\/span><\/span><span style=\"color: #000080;\"><span lang=\"zxx\"><span style=\"color: #000000;\"><span style=\"font-family: Book Antiqua, serif;\"><span style=\"font-size: large;\"><span lang=\"pl-PL\"><b>z sob\u0105 samym<\/b><\/span><\/span><\/span><\/span><\/span><\/span><span style=\"color: #000080;\"><span lang=\"zxx\"><span style=\"color: #000000;\"><span style=\"font-family: Book Antiqua, serif;\"><span style=\"font-size: large;\"><span lang=\"pl-PL\"> \u2013 od tego chocia\u017cby dnia, kiedy wyszed\u0142 z domu rodzinnego, obdarzony <\/span><\/span><\/span><\/span><\/span><\/span><span style=\"color: #000080;\"><span lang=\"zxx\"><span style=\"color: #000000;\"><span style=\"font-family: Book Antiqua, serif;\"><span style=\"font-size: large;\"><span lang=\"pl-PL\"><b>podst\u0119pnie otrzymanym b\u0142ogos\u0142awie\u0144stwem ojcowskim,<\/b><\/span><\/span><\/span><\/span><\/span><\/span><span style=\"color: #000080;\"><span lang=\"zxx\"><span style=\"color: #000000;\"><span style=\"font-family: Book Antiqua, serif;\"><span style=\"font-size: large;\"><span lang=\"pl-PL\"> po czym do\u015bwiadczy\u0142 tylu r\u00f3\u017cnych trudno\u015bci i przeszk\u00f3d na swoich <\/span><\/span><\/span><\/span><\/span><\/span><span style=\"color: #000080;\"><span lang=\"zxx\"><span style=\"color: #000000;\"><span style=\"font-family: Book Antiqua, serif;\"><span style=\"font-size: large;\"><span lang=\"pl-PL\">\u017cyciowych <\/span><\/span><\/span><\/span><\/span><\/span><span style=\"color: #000080;\"><span lang=\"zxx\"><span style=\"color: #000000;\"><span style=\"font-family: Book Antiqua, serif;\"><span style=\"font-size: large;\"><span lang=\"pl-PL\">drogach. I oto teraz, z ca\u0142ym tym baga\u017cem do\u015bwiadcze\u0144, a na pewno tak\u017ce i przemy\u015ble\u0144, <\/span><\/span><\/span><\/span><\/span><\/span><span style=\"color: #000080;\"><span lang=\"zxx\"><span style=\"color: #000000;\"><span style=\"font-family: Book Antiqua, serif;\"><span style=\"font-size: large;\"><span lang=\"pl-PL\">g\u0142\u0119bokich <\/span><\/span><\/span><\/span><\/span><\/span><span style=\"color: #000080;\"><span lang=\"zxx\"><span style=\"color: #000000;\"><span style=\"font-family: Book Antiqua, serif;\"><span style=\"font-size: large;\"><span lang=\"pl-PL\">refleksji \u2013 <\/span><\/span><\/span><\/span><\/span><\/span><span style=\"color: #000080;\"><span lang=\"zxx\"><span style=\"color: #000000;\"><span style=\"font-family: Book Antiqua, serif;\"><span style=\"font-size: large;\"><span lang=\"pl-PL\"><b>staje oko w oko z Bogiem, <\/b><\/span><\/span><\/span><\/span><\/span><\/span><span style=\"color: #000080;\"><span lang=\"zxx\"><span style=\"color: #000000;\"><span style=\"font-family: Book Antiqua, serif;\"><span style=\"font-size: large;\"><span lang=\"pl-PL\">kt\u00f3ry pozwalaj\u0105c mu si\u0119 zwyci\u0119\u017cy\u0107, daje mu <\/span><\/span><\/span><\/span><\/span><\/span><span style=\"color: #000080;\"><span lang=\"zxx\"><span style=\"color: #000000;\"><span style=\"font-family: Book Antiqua, serif;\"><span style=\"font-size: large;\"><span lang=\"pl-PL\"><b>jasny znak, \u017ce jest z nim i b\u0119dzie z nim;<\/b><\/span><\/span><\/span><\/span><\/span><\/span><span style=\"color: #000080;\"><span lang=\"zxx\"><span style=\"color: #000000;\"><span style=\"font-family: Book Antiqua, serif;\"><span style=\"font-size: large;\"><span lang=\"pl-PL\"> \u017ce b\u0119dzie go prowadzi\u0142 i b\u0119dzie mu b\u0142ogos\u0142awi\u0142. <\/span><\/span><\/span><\/span><\/span><\/span><\/p>\n<p align=\"justify\"><span style=\"color: #000080;\"><span lang=\"zxx\"><span style=\"color: #000000;\"><span style=\"font-family: Book Antiqua, serif;\"><span style=\"font-size: large;\"><span lang=\"pl-PL\">Natomiast on, Jakub, <\/span><\/span><\/span><\/span><\/span><\/span><span style=\"color: #000080;\"><span lang=\"zxx\"><span style=\"color: #000000;\"><span style=\"font-family: Book Antiqua, serif;\"><span style=\"font-size: large;\"><span lang=\"pl-PL\"><b>ma by\u0107 odwa\u017cny i ma si\u0119 nie ba\u0107<\/b><\/span><\/span><\/span><\/span><\/span><\/span><span style=\"color: #000080;\"><span lang=\"zxx\"><span style=\"color: #000000;\"><span style=\"font-family: Book Antiqua, serif;\"><span style=\"font-size: large;\"><span lang=\"pl-PL\"> podejmowa\u0107 kolejnych zmaga\u0144 na tej drodze, kt\u00f3ra przed nim. Bo skoro B\u00f3g da\u0142 mu si\u0119 zwyci\u0119\u017cy\u0107, to <\/span><\/span><\/span><\/span><\/span><\/span><span style=\"color: #000080;\"><span lang=\"zxx\"><span style=\"color: #000000;\"><span style=\"font-family: Book Antiqua, serif;\"><span style=\"font-size: large;\"><span lang=\"pl-PL\"><b>z Bo\u017c\u0105 pomoc\u0105<\/b><\/span><\/span><\/span><\/span><\/span><\/span><span style=\"color: #000080;\"><span lang=\"zxx\"><span style=\"color: #000000;\"><span style=\"font-family: Book Antiqua, serif;\"><span style=\"font-size: large;\"><span lang=\"pl-PL\"> \u017cadna przeszkoda i \u017cadna trudno\u015b\u0107 <\/span><\/span><\/span><\/span><\/span><\/span><span style=\"color: #000080;\"><span lang=\"zxx\"><span style=\"color: #000000;\"><span style=\"font-family: Book Antiqua, serif;\"><span style=\"font-size: large;\"><span lang=\"pl-PL\"><b>nie b\u0119dzie dla niego ponad si\u0142y. <\/b><\/span><\/span><\/span><\/span><\/span><\/span><span style=\"color: #000080;\"><span lang=\"zxx\"><span style=\"color: #000000;\"><span style=\"font-family: Book Antiqua, serif;\"><span style=\"font-size: large;\"><span lang=\"pl-PL\">Niestety, je\u017celi staje si\u0119 <\/span><\/span><\/span><\/span><\/span><\/span><span style=\"color: #000080;\"><span lang=\"zxx\"><span style=\"color: #000000;\"><span style=\"font-family: Book Antiqua, serif;\"><span style=\"font-size: large;\"><span lang=\"pl-PL\"><b>w opozycji do Boga<\/b><\/span><\/span><\/span><\/span><\/span><\/span><span style=\"color: #000080;\"><span lang=\"zxx\"><span style=\"color: #000000;\"><span style=\"font-family: Book Antiqua, serif;\"><span style=\"font-size: large;\"><span lang=\"pl-PL\"> i pr\u00f3buje si\u0119 walczy\u0107 samemu, albo walczy\u0107 z Bogiem \u2013 <\/span><\/span><\/span><\/span><\/span><\/span><span style=\"color: #000080;\"><span lang=\"zxx\"><span style=\"color: #000000;\"><span style=\"font-family: Book Antiqua, serif;\"><span style=\"font-size: large;\"><span lang=\"pl-PL\"><b>z pozycji Jego wroga <\/b><\/span><\/span><\/span><\/span><\/span><\/span><span style=\"color: #000080;\"><span lang=\"zxx\"><span style=\"color: #000000;\"><span style=\"font-family: Book Antiqua, serif;\"><span style=\"font-size: large;\"><span lang=\"pl-PL\">\u2013 to na pewno nie ma co liczy\u0107 na sukces w takiej \u201ewalce\u201d. <\/span><\/span><\/span><\/span><\/span><\/span><\/p>\n<p align=\"justify\"><span style=\"color: #000080;\"><span lang=\"zxx\"><span style=\"color: #000000;\"><span style=\"font-family: Book Antiqua, serif;\"><span style=\"font-size: large;\"><span lang=\"pl-PL\">O takiej postawie z pewno\u015bci\u0105 mo\u017cemy m\u00f3wi\u0107 w przypadku tych, kt\u00f3rzy dzisiaj powiedzieli Jezusowi \u2013 jak to s\u0142yszeli\u015bmy w czytaniu ewangelicznym \u2013 \u017ce <\/span><\/span><\/span><\/span><\/span><\/span><span style=\"color: #000080;\"><span lang=\"zxx\"><span style=\"color: #000000;\"><span style=\"font-family: Book Antiqua, serif;\"><span style=\"font-size: large;\"><span lang=\"pl-PL\"><i><b>wyrzuca z\u0142e duchy moc\u0105 ich przyw\u00f3dcy.<\/b><\/i><\/span><\/span><\/span><\/span><\/span><\/span><b> <\/b><span style=\"color: #000080;\"><span lang=\"zxx\"><span style=\"color: #000000;\"><span style=\"font-family: Book Antiqua, serif;\"><span style=\"font-size: large;\"><span lang=\"pl-PL\">To <\/span><\/span><\/span><\/span><\/span><\/span><span style=\"color: #000080;\"><span lang=\"zxx\"><span style=\"color: #000000;\"><span style=\"font-family: Book Antiqua, serif;\"><span style=\"font-size: large;\"><span lang=\"pl-PL\"><b>zazdro\u015bni faryzeusze <\/b><\/span><\/span><\/span><\/span><\/span><\/span><span style=\"color: #000080;\"><span lang=\"zxx\"><span style=\"color: #000000;\"><span style=\"font-family: Book Antiqua, serif;\"><span style=\"font-size: large;\"><span lang=\"pl-PL\">wypowiedzieli te s\u0142owa, <\/span><\/span><\/span><\/span><\/span><\/span><span style=\"color: #000080;\"><span lang=\"zxx\"><span style=\"color: #000000;\"><span style=\"font-family: Book Antiqua, serif;\"><span style=\"font-size: large;\"><span lang=\"pl-PL\"><b>nie podzielaj\u0105c powszechnego podziwu, <\/b><\/span><\/span><\/span><\/span><\/span><\/span><span style=\"color: #000080;\"><span lang=\"zxx\"><span style=\"color: #000000;\"><span style=\"font-family: Book Antiqua, serif;\"><span style=\"font-size: large;\"><span lang=\"pl-PL\">jaki wywo\u0142a\u0142o \u2013 dokonane chwil\u0119 wcze\u015bniej \u2013 uwolnienie niemowy, op\u0119tanego przez z\u0142ego ducha. <\/span><\/span><\/span><\/span><\/span><\/span><\/p>\n<p align=\"justify\"><span style=\"color: #000080;\"><span lang=\"zxx\"><span style=\"color: #000000;\"><span style=\"font-family: Book Antiqua, serif;\"><span style=\"font-size: large;\"><span lang=\"pl-PL\">Bo tak zwani \u201ezwykli\u201d ludzie wo\u0142ali w zachwycie: <\/span><\/span><\/span><\/span><\/span><\/span><span style=\"color: #000080;\"><span lang=\"zxx\"><span style=\"color: #000000;\"><span style=\"font-family: Book Antiqua, serif;\"><span style=\"font-size: large;\"><span lang=\"pl-PL\"><i><b>Jeszcze si\u0119 nigdy nic podobnego nie pojawi\u0142o w Izraelu!<\/b><\/i><\/span><\/span><\/span><\/span><\/span><\/span><b> <\/b><span style=\"color: #000080;\"><span lang=\"zxx\"><span style=\"color: #000000;\"><span style=\"font-family: Book Antiqua, serif;\"><span style=\"font-size: large;\"><span lang=\"pl-PL\">I to w\u0142a\u015bnie dla tych ludzi <\/span><\/span><\/span><\/span><\/span><\/span><span style=\"color: #000080;\"><span lang=\"zxx\"><span style=\"color: #000000;\"><span style=\"font-family: Book Antiqua, serif;\"><span style=\"font-size: large;\"><span lang=\"pl-PL\"><i><b>Jezus obchodzi\u0142 wszystkie miasta i wioski. Naucza\u0142 w tamtejszych synagogach, g\u0142osi\u0142 Ewangeli\u0119 kr\u00f3lestwa i leczy\u0142 wszystkie choroby i wszystkie s\u0142abo\u015bci. A widz\u0105c t\u0142umy ludzi, litowa\u0142 si\u0119 nad nimi, bo byli zn\u0119kani i porzuceni, jak owce nie maj\u0105ce pasterza. <\/b><\/i><\/span><\/span><\/span><\/span><\/span><\/span><\/p>\n<p align=\"justify\"><span style=\"color: #000080;\"><span lang=\"zxx\"><span style=\"color: #000000;\"><span style=\"font-family: Book Antiqua, serif;\"><span style=\"font-size: large;\"><span lang=\"pl-PL\">Oni nie walczyli z Bogiem. Oni mieli poczucie <\/span><\/span><\/span><\/span><\/span><\/span><span style=\"color: #000080;\"><span lang=\"zxx\"><span style=\"color: #000000;\"><span style=\"font-family: Book Antiqua, serif;\"><span style=\"font-size: large;\"><span lang=\"pl-PL\"><b>niejednej przegranej walki ze sob\u0105 samym, <\/b><\/span><\/span><\/span><\/span><\/span><\/span><span style=\"color: #000080;\"><span lang=\"zxx\"><span style=\"color: #000000;\"><span style=\"font-family: Book Antiqua, serif;\"><span style=\"font-size: large;\"><span lang=\"pl-PL\">ze swoim \u017cyciem\u2026 To, \u017ce mogli si\u0119 czu\u0107<\/span><\/span><\/span><\/span><\/span><\/span><span style=\"color: #000080;\"><span lang=\"zxx\"><span style=\"color: #000000;\"><span style=\"font-family: Book Antiqua, serif;\"><span style=\"font-size: large;\"><span lang=\"pl-PL\"><i><b> zn\u0119kani i porzuceni<\/b><\/i><\/span><\/span><\/span><\/span><\/span><\/span><span style=\"color: #000080;\"><span lang=\"zxx\"><span style=\"color: #000000;\"><span style=\"font-family: Book Antiqua, serif;\"><span style=\"font-size: large;\"><span lang=\"pl-PL\"> \u2013 to w\u0142a\u015bnie potwierdzenie tych przegranych walk. Ale to w\u0142a\u015bnie dlatego oddali si\u0119 pod opiek\u0119 <\/span><\/span><\/span><\/span><\/span><\/span><span style=\"color: #000080;\"><span lang=\"zxx\"><span style=\"color: #000000;\"><span style=\"font-family: Book Antiqua, serif;\"><span style=\"font-size: large;\"><span lang=\"pl-PL\">T<\/span><\/span><\/span><\/span><\/span><\/span><span style=\"color: #000080;\"><span lang=\"zxx\"><span style=\"color: #000000;\"><span style=\"font-family: Book Antiqua, serif;\"><span style=\"font-size: large;\"><span lang=\"pl-PL\">ego, o kt\u00f3rym wiedzieli \u2013 a cho\u0107by przeczuwali \u2013 <\/span><\/span><\/span><\/span><\/span><\/span><span style=\"color: #000080;\"><span lang=\"zxx\"><span style=\"color: #000000;\"><span style=\"font-family: Book Antiqua, serif;\"><span style=\"font-size: large;\"><span lang=\"pl-PL\"><b>\u017ce to On b\u0119dzie za nich walczy\u0142!<\/b><\/span><\/span><\/span><\/span><\/span><\/span><span style=\"color: #000080;\"><span lang=\"zxx\"><span style=\"color: #000000;\"><span style=\"font-family: Book Antiqua, serif;\"><span style=\"font-size: large;\"><span lang=\"pl-PL\"> I b\u0119dzie za nich \u2013 i dla nich \u2013 <\/span><\/span><\/span><\/span><\/span><\/span><span style=\"color: #000080;\"><span lang=\"zxx\"><span style=\"color: #000000;\"><span style=\"font-family: Book Antiqua, serif;\"><span style=\"font-size: large;\"><span lang=\"pl-PL\"><b>zwyci\u0119\u017ca\u0142!<\/b><\/span><\/span><\/span><\/span><\/span><\/span><\/p>\n<p align=\"justify\"><span style=\"color: #000080;\"><span lang=\"zxx\"><span style=\"color: #000000;\"><span style=\"font-family: Book Antiqua, serif;\"><span style=\"font-size: large;\"><span lang=\"pl-PL\">Skorzystajmy z ich przyk\u0142adu \u2013<\/span><\/span><\/span><\/span><\/span><\/span><span style=\"color: #000080;\"><span lang=\"zxx\"><span style=\"color: #000000;\"><span style=\"font-family: Book Antiqua, serif;\"><span style=\"font-size: large;\"><span lang=\"pl-PL\"><b> i zaufajmy Jezusowi! Niech On za nas walczy \u2013<\/b><\/span><\/span><\/span><\/span><\/span><\/span><span style=\"color: #000080;\"><span lang=\"zxx\"><span style=\"color: #000000;\"><span style=\"font-family: Book Antiqua, serif;\"><span style=\"font-size: large;\"><span lang=\"pl-PL\"> tak\u017ce z nami samymi, z naszymi s\u0142abo\u015bciami, z naszym grzechem, z naszym marazmem, lenistwem, wygodnictwem\u2026 <\/span><\/span><\/span><\/span><\/span><\/span><span style=\"color: #000080;\"><span lang=\"zxx\"><span style=\"color: #000000;\"><span style=\"font-family: Book Antiqua, serif;\"><span style=\"font-size: large;\"><span lang=\"pl-PL\"><b>Oddajmy Mu pe\u0142ne dow\u00f3dztwo<\/b><\/span><\/span><\/span><\/span><\/span><\/span><span style=\"color: #000080;\"><span lang=\"zxx\"><span style=\"color: #000000;\"><span style=\"font-family: Book Antiqua, serif;\"><span style=\"font-size: large;\"><span lang=\"pl-PL\"> nad wszystkimi naszymi duchowymi walkami. Natomiast nie walczmy z Nim \u2013 oczywi\u015bcie, z pozycji wroga. Bo z pozycji kogo\u015b, kto szuka odpowiedzi na swoje pytania, kto szuka rozwi\u0105zania swoich w\u0105tpliwo\u015bci i dylemat\u00f3w, to \u2013 jak najbardziej \u2013 <\/span><\/span><\/span><\/span><\/span><\/span><span style=\"color: #000080;\"><span lang=\"zxx\"><span style=\"color: #000000;\"><span style=\"font-family: Book Antiqua, serif;\"><span style=\"font-size: large;\"><span lang=\"pl-PL\"><b>mo\u017cemy i wr\u0119cz powinni\u015bmy si\u0119 z Nim zmaga\u0107.<\/b><\/span><\/span><\/span><\/span><\/span><\/span><span style=\"color: #000080;\"><span lang=\"zxx\"><span style=\"color: #000000;\"><span style=\"font-family: Book Antiqua, serif;\"><span style=\"font-size: large;\"><span lang=\"pl-PL\"> On sam nas do tego zach\u0119ca. I tego nie mo\u017cemy si\u0119 obawia\u0107! <\/span><\/span><\/span><\/span><\/span><\/span><\/p>\n<p align=\"justify\"><span style=\"color: #000080;\"><span lang=\"zxx\"><span style=\"color: #000000;\"><span style=\"font-family: Book Antiqua, serif;\"><span style=\"font-size: large;\"><span lang=\"pl-PL\">N<\/span><\/span><\/span><\/span><\/span><\/span><span style=\"color: #000080;\"><span lang=\"zxx\"><span style=\"color: #000000;\"><span style=\"font-family: Book Antiqua, serif;\"><span style=\"font-size: large;\"><span lang=\"pl-PL\">i<\/span><\/span><\/span><\/span><\/span><\/span><span style=\"color: #000080;\"><span lang=\"zxx\"><span style=\"color: #000000;\"><span style=\"font-family: Book Antiqua, serif;\"><span style=\"font-size: large;\"><span lang=\"pl-PL\">e mo\u017cemy si\u0119 obawia\u0107<\/span><\/span><\/span><\/span><\/span><\/span> <span style=\"color: #000080;\"><span lang=\"zxx\"><span style=\"color: #000000;\"><span style=\"font-family: Book Antiqua, serif;\"><span style=\"font-size: large;\"><span lang=\"pl-PL\"><b>totalnej szczero\u015bci w owym duchowym zmaganiu si\u0119, <\/b><\/span><\/span><\/span><\/span><\/span><\/span><span style=\"color: #000080;\"><span lang=\"zxx\"><span style=\"color: #000000;\"><span style=\"font-family: Book Antiqua, serif;\"><span style=\"font-size: large;\"><span lang=\"pl-PL\">czyli w powiedzeniu chocia\u017cby Jezusowi o tym, co nas boli i czego nie rozumiemy z tych spraw, kt\u00f3re dziej\u0105 si\u0119 w naszym \u017cyciu. My naprawd\u0119 mo\u017cemy wr\u0119cz <\/span><\/span><\/span><\/span><\/span><\/span><span style=\"color: #000080;\"><span lang=\"zxx\"><span style=\"color: #000000;\"><span style=\"font-family: Book Antiqua, serif;\"><span style=\"font-size: large;\"><span lang=\"pl-PL\"><b>dobija\u0107 si\u0119 o pomoc, o \u015bwiat\u0142o, o wsparcie, o pocieszenie, o nadziej\u0119\u2026<\/b><\/span><\/span><\/span><\/span><\/span><\/span><\/p>\n<p align=\"justify\"><span style=\"color: #000080;\"><span lang=\"zxx\"><span style=\"color: #000000;\"><span style=\"font-family: Book Antiqua, serif;\"><span style=\"font-size: large;\"><span lang=\"pl-PL\">My mo\u017cemy wr\u0119cz si\u0119 z tym naszym Jezusem k\u0142\u00f3ci\u0107! <\/span><\/span><\/span><\/span><\/span><\/span><span style=\"color: #000080;\"><span lang=\"zxx\"><span style=\"color: #000000;\"><span style=\"font-family: Book Antiqua, serif;\"><span style=\"font-size: large;\"><span lang=\"pl-PL\"><b>Zmaga\u0107 si\u0119 z Nim! <\/b><\/span><\/span><\/span><\/span><\/span><\/span><span style=\"color: #000080;\"><span lang=\"zxx\"><span style=\"color: #000000;\"><span style=\"font-family: Book Antiqua, serif;\"><span style=\"font-size: large;\"><span lang=\"pl-PL\">Ale nie z pozycji wroga, <\/span><\/span><\/span><\/span><\/span><\/span><span style=\"color: #000080;\"><span lang=\"zxx\"><span style=\"color: #000000;\"><span style=\"font-family: Book Antiqua, serif;\"><span style=\"font-size: large;\"><span lang=\"pl-PL\"><b>a z pozycji Jakuba, <\/b><\/span><\/span><\/span><\/span><\/span><\/span><span style=\"color: #000080;\"><span lang=\"zxx\"><span style=\"color: #000000;\"><span style=\"font-family: Book Antiqua, serif;\"><span style=\"font-size: large;\"><span lang=\"pl-PL\">kt\u00f3ry na ko\u0144cu tego zmagania <\/span><\/span><\/span><\/span><\/span><\/span><span style=\"color: #000080;\"><span lang=\"zxx\"><span style=\"color: #000000;\"><span style=\"font-family: Book Antiqua, serif;\"><span style=\"font-size: large;\"><span lang=\"pl-PL\"><b>poprosi <\/b><\/span><\/span><\/span><\/span><\/span><\/span><span style=\"color: #000080;\"><span lang=\"zxx\"><span style=\"color: #000000;\"><span style=\"font-family: Book Antiqua, serif;\"><span style=\"font-size: large;\"><span lang=\"pl-PL\"><b>Przegranego w tej walce o b\u0142ogos\u0142awie\u0144stwo. <\/b><\/span><\/span><\/span><\/span><\/span><\/span><span style=\"color: #000080;\"><span lang=\"zxx\"><span style=\"color: #000000;\"><span style=\"font-family: Book Antiqua, serif;\"><span style=\"font-size: large;\"><span lang=\"pl-PL\">I to b\u0142ogos\u0142awie\u0144stwo \u2013 w postaci wsparcia i pocieszenia \u2013 z pewno\u015bci\u0105 otrzyma. <\/span><\/span><\/span><\/span><\/span><\/span><span style=\"color: #000080;\"><span lang=\"zxx\"><span style=\"color: #000000;\"><span style=\"font-family: Book Antiqua, serif;\"><span style=\"font-size: large;\"><span lang=\"pl-PL\">Tak, jak otrzyma\u0142 Jakub. I jak otrzymali ci, kt\u00f3rzy dzisiaj \u2013 jak s\u0142yszymy w Ewangelii \u2013 pozwolili Jezusowi zwyci\u0119\u017cy\u0107 w sobie i w swoim \u017cyciu!<\/span><\/span><\/span><\/span><\/span><\/span><\/p>\n<p align=\"justify\"><span style=\"color: #000080;\"><span lang=\"zxx\"><span style=\"color: #000000;\"><span style=\"font-family: Book Antiqua, serif;\"><span style=\"font-size: large;\"><span lang=\"pl-PL\">I jak pozwoli\u0142 Patron dnia dzisiejszego, <\/span><\/span><\/span><\/span><\/span><\/span><span style=\"color: #000000;\"><span style=\"font-family: Book Antiqua, serif;\"><span style=\"font-size: large;\"><b>\u015awi\u0119t<\/b><\/span><\/span><\/span><span style=\"color: #000000;\"><span style=\"font-family: Book Antiqua, serif;\"><span style=\"font-size: large;\"><b>y<\/b><\/span><\/span><\/span><span style=\"color: #000000;\"><span style=\"font-family: Book Antiqua, serif;\"><span style=\"font-size: large;\"><b> Jan, Kap\u0142an. <\/b><\/span><\/span><\/span><span style=\"color: #000000;\"><span style=\"font-family: Book Antiqua, serif;\"><span style=\"font-size: large;\">Co o nim wiemy?<\/span><\/span><\/span><b> <\/b><\/p>\n<p align=\"justify\"><span style=\"color: #000000;\"><span style=\"font-size: large;\"><span style=\"font-family: Book Antiqua, serif;\">Urodzi\u0142 si\u0119 <\/span><span style=\"font-family: Book Antiqua, serif;\"><b>w 1414 roku, w Dukli,<\/b><\/span><span style=\"font-family: Book Antiqua, serif;\"> w dzisiejszej diecezji przemyskiej, w rodzinie mieszcza\u0144skiej. Legenda g\u0142osi, \u017ce studiowa\u0142 w Krakowie, jednak brakuje \u017ar\u00f3de\u0142 historycznych, kt\u00f3re potwierdza\u0142yby ten fakt. Po studiach wr\u00f3ci\u0142 do Dukli, gdzie <\/span><span style=\"font-family: Book Antiqua, serif;\"><b>\u017cy\u0142 jako pustelnik <\/b><\/span><span style=\"font-family: Book Antiqua, serif;\">w lasach.<\/span><span style=\"font-family: Book Antiqua, serif;\"> Do <\/span><span style=\"font-family: Book Antiqua, serif;\"><b>franciszkan\u00f3w konwentualnych <\/b><\/span><span style=\"font-family: Book Antiqua, serif;\">wst\u0105pi\u0142 prawdopodobnie w Kro\u015bnie, <\/span><span style=\"font-family: Book Antiqua, serif;\">mi\u0119dzy 1434 a 1440 rokiem. Mia\u0142 wtedy oko\u0142o dwudziestu pi\u0119ciu lat. Przed przyj\u0119ciem <\/span><span style=\"font-family: Book Antiqua, serif;\">\u015a<\/span><span style=\"font-family: Book Antiqua, serif;\">wi\u0119ce\u0144 kap\u0142a\u0144skich odby\u0142 studia u franciszkan\u00f3w. <\/span><\/span><\/span><\/p>\n<p align=\"justify\"><span style=\"color: #000000;\"><span style=\"font-size: large;\"><span style=\"font-family: Book Antiqua, serif;\">W zakonie piastowa\u0142 r\u00f3\u017cne stanowiska, mi\u0119dzy innymi \u2013 kaznodziei. <\/span><span style=\"font-family: Book Antiqua, serif;\"><b>By\u0142 \u015bwiat\u0142ym kap\u0142anem i teologiem. <\/b><\/span><span style=\"font-family: Book Antiqua, serif;\">Kilkakrotnie obierano go na prze\u0142o\u017conego klasztoru w Kro\u015bnie i Lwowie. <\/span><span style=\"font-family: Book Antiqua, serif;\">W 1463 roku, pod wp\u0142ywem \u015awi\u0119tego Jana Kapistrana, reformatora franciszka\u0144skiego \u017cycia zakonnego, <\/span><span style=\"font-family: Book Antiqua, serif;\"><b>wst\u0105pi\u0142 do bernardyn\u00f3w.<\/b><\/span><span style=\"font-family: Book Antiqua, serif;\"> W zakonie tym piastowa\u0142 r\u00f3\u017cne urz\u0119dy. <\/span><\/span><\/span><\/p>\n<p align=\"justify\"><span style=\"color: #000000;\"><span style=\"font-size: large;\"><span style=\"font-family: Book Antiqua, serif;\">Zar\u00f3wno jako kaznodzieja, jak i spowiednik, odznacza\u0142 si\u0119 <\/span><span style=\"font-family: Book Antiqua, serif;\"><b>niezwyk\u0142\u0105 gorliwo\u015bci\u0105.<\/b><\/span><span style=\"font-family: Book Antiqua, serif;\"> Mia\u0142 dar proroctwa. W pe\u0142nieniu obowi\u0105zk\u00f3w nie przeszkodzi\u0142a mu <\/span><span style=\"font-family: Book Antiqua, serif;\"><b>nawet utrata wzroku pod koniec \u017cycia.<\/b><\/span><span style=\"font-family: Book Antiqua, serif;\"> Nie stroni\u0142 te\u017c od pracy fizycznej w ogrodzie i <\/span><span style=\"font-family: Book Antiqua, serif;\">w <\/span><span style=\"font-family: Book Antiqua, serif;\">kuchni. <\/span><span style=\"font-family: Book Antiqua, serif;\">Zmar\u0142 we Lwowie, <\/span><span style=\"font-family: Book Antiqua, serif;\"><b>29 wrze\u015bnia 1484 roku.<\/b><\/span><\/span><\/span><\/p>\n<p align=\"justify\"><span style=\"color: #000000;\"><span style=\"font-size: large;\"><span style=\"font-family: Book Antiqua, serif;\">Jan z Dukli od najm\u0142odszych lat zdradza\u0142 <\/span><span style=\"font-family: Book Antiqua, serif;\"><b>predyspozycje do g\u0142\u0119bszego \u017cycia duchowego. <\/b><\/span><span style=\"font-family: Book Antiqua, serif;\">W zakonie bra\u0142 udzia\u0142 we wszystkich nabo\u017ce\u0144stwach, wyr\u00f3\u017cnia\u0142 si\u0119 kultem do Matki Bo\u017cej. <\/span><span style=\"font-family: Book Antiqua, serif;\"><b>Cz\u0119sto na modlitwie sp\u0119dza\u0142 ca\u0142e noce.<\/b><\/span><span style=\"font-family: Book Antiqua, serif;\"> Zaraz po \u015bmierci rozwin\u0105\u0142 si\u0119 jego kult. Ros\u0142a ilo\u015b\u0107 spisywanych cud\u00f3w i \u0142ask, otrzymanych od Boga za jego po\u015brednictwem. 2 stycznia 1733 <\/span><span style=\"font-family: Book Antiqua, serif;\">roku,<\/span> <span style=\"font-family: Book Antiqua, serif;\">Papie\u017c <\/span><span style=\"font-family: Book Antiqua, serif;\">Klemens XII og\u0142osi\u0142 go b\u0142ogos\u0142awionym. <\/span><span style=\"font-family: Book Antiqua, serif;\"><b>Jego <\/b><\/span><span style=\"font-family: Book Antiqua, serif;\"><b>K<\/b><\/span><span style=\"font-family: Book Antiqua, serif;\"><b>anonizacji dokona\u0142 natomiast <\/b><\/span><span style=\"font-family: Book Antiqua, serif;\"><b>\u015awi\u0119ty<\/b><\/span><span style=\"font-family: Book Antiqua, serif;\"><b> Jan Pawe\u0142 II, w <\/b><\/span><span style=\"font-family: Book Antiqua, serif;\"><b>dniu 10 <\/b><\/span><span style=\"font-family: Book Antiqua, serif;\"><b>czerwc<\/b><\/span><span style=\"font-family: Book Antiqua, serif;\"><b>a<\/b><\/span><span style=\"font-family: Book Antiqua, serif;\"><b> 1997 roku.<\/b><\/span><\/span><\/span><\/p>\n<p align=\"justify\"><span style=\"color: #000000;\"><span style=\"font-size: large;\"><span style=\"font-family: Book Antiqua, serif;\">I to w\u0142a\u015bnie Jan Pawe\u0142 II, nawiedzaj\u0105c gr\u00f3b \u015awi\u0119tego, tak o nim m\u00f3wi\u0142: \u201eJak\u017ce bliski wydaje si\u0119 nam <\/span><span style=\"font-family: Book Antiqua, serif;\">B<\/span><span style=\"font-family: Book Antiqua, serif;\">\u0142ogos\u0142awiony Jan w tej \u015bwi\u0105tyni, w kt\u00f3rej przechowuje si\u0119 jego relikwie! Bardzo chcia\u0142em tu przyby\u0107, aby <\/span><span style=\"font-family: Book Antiqua, serif;\"><b>w ciszy klasztoru ws\u0142ucha\u0107 si\u0119 w g\u0142os jego serca <\/b><\/span><span style=\"font-family: Book Antiqua, serif;\">i wsp\u00f3lnie z wami wg\u0142\u0119bi\u0107 si\u0119 w tajemnic\u0119 jego \u017cycia i \u015bwi\u0119to\u015bci. <\/span><span style=\"font-family: Book Antiqua, serif;\">A by\u0142o to \u017cycie ca\u0142kowicie oddane Bogu. <\/span><\/span><\/span><\/p>\n<p align=\"justify\"><span style=\"color: #000000;\"><span style=\"font-size: large;\"><span style=\"font-family: Book Antiqua, serif;\">Zacz\u0119\u0142o si\u0119 w pobliskiej pustelni. To w\u0142a\u015bnie tam, w\u015br\u00f3d ciszy i duchowej walki, <\/span><span style=\"font-family: Book Antiqua, serif;\"><b>\u201euchwyci\u0142 go B\u00f3g\u201d i tak ju\u017c pozostali razem do ko\u0144ca.<\/b><\/span><span style=\"font-family: Book Antiqua, serif;\"> W\u015br\u00f3d tych g\u00f3r uczy\u0142 si\u0119 \u017carliwej modlitwy i prze\u017cywania Bo\u017cych tajemnic. <\/span><span style=\"font-family: Book Antiqua, serif;\"><b>Powoli utwierdza\u0142a si\u0119 jego wiara, krzep\u0142a mi\u0142o\u015b\u0107,<\/b><\/span><span style=\"font-family: Book Antiqua, serif;\"> aby p\u00f3\u017aniej wyda\u0107 zbawienne owoce ju\u017c nie w odosobnieniu, na pustelni, ale w murach klasztoru franciszkan\u00f3w konwentualnych, a nast\u0119pnie u bernardyn\u00f3w, gdzie sp\u0119dzi\u0142 ostatni okres swego \u017cycia. <\/span><\/span><\/span><\/p>\n<p align=\"justify\"><span style=\"color: #000000;\"><span style=\"font-size: large;\"><span style=\"font-family: Book Antiqua, serif;\">Zas\u0142yn\u0105\u0142 <\/span><span style=\"font-family: Book Antiqua, serif;\">B<\/span><span style=\"font-family: Book Antiqua, serif;\">\u0142ogos\u0142awiony Jan jako <\/span><span style=\"font-family: Book Antiqua, serif;\"><b>m\u0105dry kaznodzieja i gorliwy spowiednik.<\/b><\/span><span style=\"font-family: Book Antiqua, serif;\"> T\u0142umnie schodzili si\u0119 do niego ludzie spragnieni zdrowej Bo\u017cej nauki, aby <\/span><span style=\"font-family: Book Antiqua, serif;\"><b>s\u0142ucha\u0107 jego kaza\u0144, <\/b><\/span><span style=\"font-family: Book Antiqua, serif;\">czy te\u017c u kratek konfesjona\u0142u<\/span><span style=\"font-family: Book Antiqua, serif;\"><b> szuka\u0107 umocnienia i porady.<\/b><\/span><span style=\"font-family: Book Antiqua, serif;\"> Zas\u0142yn\u0105\u0142 jako przewodnik dusz i roztropny doradca wielu ludzi. Zapiski m\u00f3wi\u0105, i\u017c pomimo staro\u015bci i utraty wzroku, <\/span><span style=\"font-family: Book Antiqua, serif;\"><b>pracowa\u0142 nieprzerwanie<\/b><\/span><span style=\"font-family: Book Antiqua, serif;\"> \u2013 prosi\u0142, by mu odczytywano kazania, aby m\u00f3g\u0142 dalej naucza\u0107. <\/span><span style=\"font-family: Book Antiqua, serif;\"><b>Szed\u0142 do konfesjona\u0142u po omacku,<\/b><\/span><b> <\/b><span style=\"font-family: Book Antiqua, serif;\">aby nadal nawraca\u0107 i prowadzi\u0107 do Boga. <\/span><\/span><\/span><\/p>\n<p align=\"justify\"><span style=\"color: #000000;\"><span style=\"font-size: large;\"><span style=\"font-family: Book Antiqua, serif;\">\u015awi\u0119to\u015b\u0107 <\/span><span style=\"font-family: Book Antiqua, serif;\">B<\/span><span style=\"font-family: Book Antiqua, serif;\">\u0142ogos\u0142awionego Jana wynika\u0142a <\/span><span style=\"font-family: Book Antiqua, serif;\"><b>z jego g\u0142\u0119bokiej wiary.<\/b><\/span><span style=\"font-family: Book Antiqua, serif;\"> Ca\u0142e jego \u017cycie i gorliwo\u015b\u0107 apostolska, umi\u0142owanie modlitwy i Ko\u015bcio\u0142a \u2013 <\/span><span style=\"font-family: Book Antiqua, serif;\"><b>wszystko to by\u0142o oparte na wierze.<\/b><\/span><span style=\"font-family: Book Antiqua, serif;\"> By\u0142a ona dla niego si\u0142\u0105, dzi\u0119ki kt\u00f3rej potrafi\u0142 wszystko to, co materialne i doczesne, odrzuci\u0107, by po\u015bwi\u0119ci\u0107 si\u0119 temu, co Bo\u017ce i duchowe. <\/span><\/span><\/span><\/p>\n<p align=\"justify\"><span style=\"color: #000000;\"><span style=\"font-size: large;\"><span style=\"font-family: Book Antiqua, serif;\">Bracia i Siostry, cz\u0119sto nawiedzajcie to miejsce! Ono jest wielkim skarbem waszej ziemi, bo <\/span><span style=\"font-family: Book Antiqua, serif;\"><b>tu przemawia Duch Pana do ludzkich serc za po\u015brednictwem waszego \u015bwi\u0119tego Rodaka. <\/b><\/span><span style=\"font-family: Book Antiqua, serif;\">M\u00f3wi <\/span><span style=\"font-family: Book Antiqua, serif;\">o<\/span><span style=\"font-family: Book Antiqua, serif;\">n, \u017ce \u017cycie osobiste, rodzinne i spo\u0142eczne, trzeba budowa\u0107 na wierze w Jezusa Chrystusa. <\/span><span style=\"font-family: Book Antiqua, serif;\"><b>Wiara bowiem nadaje sens wszystkim naszym wysi\u0142kom.<\/b><\/span><span style=\"font-family: Book Antiqua, serif;\"> Pomaga odkrywa\u0107 prawdziwe dobro, <\/span><span style=\"font-family: Book Antiqua, serif;\"><b>ustala prawid\u0142ow\u0105 hierarchi\u0119 warto\u015bci, przenika ca\u0142e \u017cycie.\u201d<\/b><\/span><span style=\"font-family: Book Antiqua, serif;\"> Tyle <\/span><span style=\"font-family: Book Antiqua, serif;\">z przem\u00f3wienia <\/span><span style=\"font-family: Book Antiqua, serif;\">Papie\u017ca<\/span><span style=\"font-family: Book Antiqua, serif;\"> Jan<\/span><span style=\"font-family: Book Antiqua, serif;\">a<\/span><span style=\"font-family: Book Antiqua, serif;\"> Paw<\/span><span style=\"font-family: Book Antiqua, serif;\">\u0142a<\/span><span style=\"font-family: Book Antiqua, serif;\"> II.<\/span><\/span><\/span><\/p>\n<p align=\"justify\"><span style=\"color: #000000;\"><span style=\"font-size: medium;\"><span style=\"color: #000080;\"><span lang=\"zxx\"><span style=\"font-family: Book Antiqua, serif;\"><span style=\"font-size: large;\"><span lang=\"pl-PL\">My za\u015b, w<\/span><\/span><\/span><\/span><\/span><span style=\"color: #000080;\"><span lang=\"zxx\"><span style=\"font-family: Book Antiqua, serif;\"><span style=\"font-size: large;\"><span lang=\"pl-PL\">patrzeni w postaw\u0119 <\/span><\/span><\/span><\/span><\/span><span style=\"color: #000080;\"><span lang=\"zxx\"><span style=\"font-family: Book Antiqua, serif;\"><span style=\"font-size: large;\"><span lang=\"pl-PL\">\u015awi\u0119tego Jana z Dukli<\/span><\/span><\/span><\/span><\/span><span style=\"color: #000080;\"><span lang=\"zxx\"><span style=\"font-family: Book Antiqua, serif;\"><span style=\"font-size: large;\"><span lang=\"pl-PL\"> oraz ws\u0142uchani w Bo\u017ce s\u0142owo dzisiejszej liturgii, <\/span><\/span><\/span><\/span><\/span><span style=\"color: #000080;\"><span lang=\"zxx\"><span style=\"font-family: Book Antiqua, serif;\"><span style=\"font-size: large;\"><span lang=\"pl-PL\">a tak\u017ce w s\u0142owa Jana Paw\u0142a II <\/span><\/span><\/span><\/span><\/span><span style=\"color: #000080;\"><span lang=\"zxx\"><span style=\"font-family: Book Antiqua, serif;\"><span style=\"font-size: large;\"><span lang=\"pl-PL\"><b>o duchowych walkach, prowadzonych przez naszego Patrona, <\/b><\/span><\/span><\/span><\/span><\/span><span style=\"color: #000080;\"><span lang=\"zxx\"><span style=\"font-family: Book Antiqua, serif;\"><span style=\"font-size: large;\"><span lang=\"pl-PL\">zapytajmy raz jeszcze samych siebie, czy przede wszystkim <\/span><\/span><\/span><\/span><\/span><span style=\"color: #000080;\"><span lang=\"zxx\"><span style=\"font-family: Book Antiqua, serif;\"><span style=\"font-size: large;\"><span lang=\"pl-PL\"><b>nie boimy si\u0119 tych duchowych walk, <\/b><\/span><\/span><\/span><\/span><\/span><span style=\"color: #000080;\"><span lang=\"zxx\"><span style=\"font-family: Book Antiqua, serif;\"><span style=\"font-size: large;\"><span lang=\"pl-PL\">czy przed nimi nie uciekamy, ale czy <\/span><\/span><\/span><\/span><\/span><span style=\"color: #000080;\"><span lang=\"zxx\"><span style=\"font-family: Book Antiqua, serif;\"><span style=\"font-size: large;\"><span lang=\"pl-PL\"><b>oddajemy dow\u00f3dztwo w r\u0119ce Jezusa<\/b><\/span><\/span><\/span><\/span><\/span><span style=\"color: #000080;\"><span lang=\"zxx\"><span style=\"font-family: Book Antiqua, serif;\"><span style=\"font-size: large;\"><span lang=\"pl-PL\"> i pod tym dow\u00f3dztwem, czyli wsparci Jego s\u0142owem, Jego Sakramentami i Jego \u0142ask\u0105 \u2013 <\/span><\/span><\/span><\/span><\/span><span style=\"color: #000080;\"><span lang=\"zxx\"><span style=\"font-family: Book Antiqua, serif;\"><span style=\"font-size: large;\"><span lang=\"pl-PL\"><b>zwyci\u0119\u017camy? Z samymi sob\u0105?\u2026<\/b><\/span><\/span><\/span><\/span><\/span><\/span><\/span><\/p>\n","protected":false},"excerpt":{"rendered":"<p>Szcz\u0119\u015b\u0107 Bo\u017ce! Moi Drodzy, w dniu dzisiejszym imieniny prze\u017cywa Ojciec Edgar Semeniuk, Franciszkanin, pos\u0142uguj\u0105cy w swoim czasie w Lublinie, w Parafii, na terenie kt\u00f3rej mam od lat swoje mieszkanie; a nast\u0119pnie pos\u0142uguj\u0105cy w Opatowie, gdzie by\u0142 Gwardianem i Proboszczem \u2013 i gdzie zaprasza\u0142 mnie do odprawienia r\u00f3\u017cnych uroczysto\u015bci i odpust\u00f3w. A znamy si\u0119 tak\u017ce i [&hellip;]<\/p>\n","protected":false},"author":1,"featured_media":0,"comment_status":"open","ping_status":"open","sticky":false,"template":"","format":"standard","meta":{"jetpack_post_was_ever_published":false,"_jetpack_newsletter_access":"","_jetpack_dont_email_post_to_subs":false,"_jetpack_newsletter_tier_id":0,"_jetpack_memberships_contains_paywalled_content":false,"_jetpack_memberships_contains_paid_content":false,"footnotes":""},"categories":[1],"tags":[],"class_list":["post-23982","post","type-post","status-publish","format-standard","hentry","category-bez-kategorii"],"yoast_head":"<!-- This site is optimized with the Yoast SEO plugin v25.1 - https:\/\/yoast.com\/wordpress\/plugins\/seo\/ -->\n<title>Walczy\u0107 z Bogiem - czy nie walczy\u0107?... - Gaudium Et Spes<\/title>\n<meta name=\"robots\" content=\"index, follow, max-snippet:-1, max-image-preview:large, max-video-preview:-1\" \/>\n<link rel=\"canonical\" href=\"https:\/\/gaudiumetspes-blog.pl\/index.php\/2025\/07\/08\/walczyc-z-bogiem-czy-nie-walczyc-2\/\" \/>\n<meta property=\"og:locale\" content=\"pl_PL\" \/>\n<meta property=\"og:type\" content=\"article\" \/>\n<meta property=\"og:title\" content=\"Walczy\u0107 z Bogiem - czy nie walczy\u0107?... - Gaudium Et Spes\" \/>\n<meta property=\"og:description\" content=\"Szcz\u0119\u015b\u0107 Bo\u017ce! Moi Drodzy, w dniu dzisiejszym imieniny prze\u017cywa Ojciec Edgar Semeniuk, Franciszkanin, pos\u0142uguj\u0105cy w swoim czasie w Lublinie, w Parafii, na terenie kt\u00f3rej mam od lat swoje mieszkanie; a nast\u0119pnie pos\u0142uguj\u0105cy w Opatowie, gdzie by\u0142 Gwardianem i Proboszczem \u2013 i gdzie zaprasza\u0142 mnie do odprawienia r\u00f3\u017cnych uroczysto\u015bci i odpust\u00f3w. A znamy si\u0119 tak\u017ce i [&hellip;]\" \/>\n<meta property=\"og:url\" content=\"https:\/\/gaudiumetspes-blog.pl\/index.php\/2025\/07\/08\/walczyc-z-bogiem-czy-nie-walczyc-2\/\" \/>\n<meta property=\"og:site_name\" content=\"Gaudium Et Spes\" \/>\n<meta property=\"article:published_time\" content=\"2025-07-08T07:12:35+00:00\" \/>\n<meta name=\"author\" content=\"Ks. Jacek\" \/>\n<meta name=\"twitter:card\" content=\"summary_large_image\" \/>\n<meta name=\"twitter:label1\" content=\"Napisane przez\" \/>\n\t<meta name=\"twitter:data1\" content=\"Ks. Jacek\" \/>\n\t<meta name=\"twitter:label2\" content=\"Szacowany czas czytania\" \/>\n\t<meta name=\"twitter:data2\" content=\"14 minut\" \/>\n<script type=\"application\/ld+json\" class=\"yoast-schema-graph\">{\"@context\":\"https:\/\/schema.org\",\"@graph\":[{\"@type\":\"WebPage\",\"@id\":\"https:\/\/gaudiumetspes-blog.pl\/index.php\/2025\/07\/08\/walczyc-z-bogiem-czy-nie-walczyc-2\/\",\"url\":\"https:\/\/gaudiumetspes-blog.pl\/index.php\/2025\/07\/08\/walczyc-z-bogiem-czy-nie-walczyc-2\/\",\"name\":\"Walczy\u0107 z Bogiem - czy nie walczy\u0107?... - Gaudium Et Spes\",\"isPartOf\":{\"@id\":\"https:\/\/gaudiumetspes-blog.pl\/#website\"},\"datePublished\":\"2025-07-08T07:12:35+00:00\",\"author\":{\"@id\":\"https:\/\/gaudiumetspes-blog.pl\/#\/schema\/person\/1661982992b752dea8dff0d4ed845a65\"},\"breadcrumb\":{\"@id\":\"https:\/\/gaudiumetspes-blog.pl\/index.php\/2025\/07\/08\/walczyc-z-bogiem-czy-nie-walczyc-2\/#breadcrumb\"},\"inLanguage\":\"pl-PL\",\"potentialAction\":[{\"@type\":\"ReadAction\",\"target\":[\"https:\/\/gaudiumetspes-blog.pl\/index.php\/2025\/07\/08\/walczyc-z-bogiem-czy-nie-walczyc-2\/\"]}]},{\"@type\":\"BreadcrumbList\",\"@id\":\"https:\/\/gaudiumetspes-blog.pl\/index.php\/2025\/07\/08\/walczyc-z-bogiem-czy-nie-walczyc-2\/#breadcrumb\",\"itemListElement\":[{\"@type\":\"ListItem\",\"position\":1,\"name\":\"Strona g\u0142\u00f3wna\",\"item\":\"https:\/\/gaudiumetspes-blog.pl\/\"},{\"@type\":\"ListItem\",\"position\":2,\"name\":\"Walczy\u0107 z Bogiem &#8211; czy nie walczy\u0107?&#8230;\"}]},{\"@type\":\"WebSite\",\"@id\":\"https:\/\/gaudiumetspes-blog.pl\/#website\",\"url\":\"https:\/\/gaudiumetspes-blog.pl\/\",\"name\":\"Gaudium Et Spes\",\"description\":\"Blog Ks. Jacka Ja\u015bkowskiego\",\"potentialAction\":[{\"@type\":\"SearchAction\",\"target\":{\"@type\":\"EntryPoint\",\"urlTemplate\":\"https:\/\/gaudiumetspes-blog.pl\/?s={search_term_string}\"},\"query-input\":{\"@type\":\"PropertyValueSpecification\",\"valueRequired\":true,\"valueName\":\"search_term_string\"}}],\"inLanguage\":\"pl-PL\"},{\"@type\":\"Person\",\"@id\":\"https:\/\/gaudiumetspes-blog.pl\/#\/schema\/person\/1661982992b752dea8dff0d4ed845a65\",\"name\":\"Ks. Jacek\",\"image\":{\"@type\":\"ImageObject\",\"inLanguage\":\"pl-PL\",\"@id\":\"https:\/\/gaudiumetspes-blog.pl\/#\/schema\/person\/image\/\",\"url\":\"https:\/\/gaudiumetspes-blog.pl\/wp-content\/uploads\/2019\/07\/avatar-JJ-150x150.jpg\",\"contentUrl\":\"https:\/\/gaudiumetspes-blog.pl\/wp-content\/uploads\/2019\/07\/avatar-JJ-150x150.jpg\",\"caption\":\"Ks. Jacek\"},\"description\":\"Witam serdecznie! K\u0142ania si\u0119 Ks. Jacek Ja\u015bkowski. Nie jestem ani kim\u015b wa\u017cnym, ani kim\u015b znanym. Jestem ksi\u0119dzem, kt\u00f3ry po prostu chce rozmawia\u0107. Codzienna kap\u0142a\u0144ska pos\u0142uga pokazuje mi, \u017ce temat\u00f3w do rozm\u00f3w z ksi\u0119dzem jest coraz wi\u0119cej i dzisiaj \u017caden ksi\u0105dz nie mo\u017ce od nich ucieka\u0107, ale - wprost przeciwnie - podejmowa\u0107 nowe wyzwania. To przekonanie sk\u0142oni\u0142o mnie do pr\u00f3by otwarcia tego\u017c bloga, chocia\u017c okazji do rozm\u00f3w na co dzie\u0144 - w konfesjonale i poza nim - na szcz\u0119\u015bcie nie brakuje. My\u015bl\u0119 jednak, \u017ce ten blog b\u0119dzie jeszcze jednym sposobem i przestrzeni\u0105 nawi\u0105zania kontaktu z lud\u017ami dobrej woli, otwartymi na dialog.\",\"url\":\"https:\/\/gaudiumetspes-blog.pl\/index.php\/author\/ks-jacek\/\"}]}<\/script>\n<!-- \/ Yoast SEO plugin. -->","yoast_head_json":{"title":"Walczy\u0107 z Bogiem - czy nie walczy\u0107?... - Gaudium Et Spes","robots":{"index":"index","follow":"follow","max-snippet":"max-snippet:-1","max-image-preview":"max-image-preview:large","max-video-preview":"max-video-preview:-1"},"canonical":"https:\/\/gaudiumetspes-blog.pl\/index.php\/2025\/07\/08\/walczyc-z-bogiem-czy-nie-walczyc-2\/","og_locale":"pl_PL","og_type":"article","og_title":"Walczy\u0107 z Bogiem - czy nie walczy\u0107?... - Gaudium Et Spes","og_description":"Szcz\u0119\u015b\u0107 Bo\u017ce! Moi Drodzy, w dniu dzisiejszym imieniny prze\u017cywa Ojciec Edgar Semeniuk, Franciszkanin, pos\u0142uguj\u0105cy w swoim czasie w Lublinie, w Parafii, na terenie kt\u00f3rej mam od lat swoje mieszkanie; a nast\u0119pnie pos\u0142uguj\u0105cy w Opatowie, gdzie by\u0142 Gwardianem i Proboszczem \u2013 i gdzie zaprasza\u0142 mnie do odprawienia r\u00f3\u017cnych uroczysto\u015bci i odpust\u00f3w. A znamy si\u0119 tak\u017ce i [&hellip;]","og_url":"https:\/\/gaudiumetspes-blog.pl\/index.php\/2025\/07\/08\/walczyc-z-bogiem-czy-nie-walczyc-2\/","og_site_name":"Gaudium Et Spes","article_published_time":"2025-07-08T07:12:35+00:00","author":"Ks. Jacek","twitter_card":"summary_large_image","twitter_misc":{"Napisane przez":"Ks. Jacek","Szacowany czas czytania":"14 minut"},"schema":{"@context":"https:\/\/schema.org","@graph":[{"@type":"WebPage","@id":"https:\/\/gaudiumetspes-blog.pl\/index.php\/2025\/07\/08\/walczyc-z-bogiem-czy-nie-walczyc-2\/","url":"https:\/\/gaudiumetspes-blog.pl\/index.php\/2025\/07\/08\/walczyc-z-bogiem-czy-nie-walczyc-2\/","name":"Walczy\u0107 z Bogiem - czy nie walczy\u0107?... - Gaudium Et Spes","isPartOf":{"@id":"https:\/\/gaudiumetspes-blog.pl\/#website"},"datePublished":"2025-07-08T07:12:35+00:00","author":{"@id":"https:\/\/gaudiumetspes-blog.pl\/#\/schema\/person\/1661982992b752dea8dff0d4ed845a65"},"breadcrumb":{"@id":"https:\/\/gaudiumetspes-blog.pl\/index.php\/2025\/07\/08\/walczyc-z-bogiem-czy-nie-walczyc-2\/#breadcrumb"},"inLanguage":"pl-PL","potentialAction":[{"@type":"ReadAction","target":["https:\/\/gaudiumetspes-blog.pl\/index.php\/2025\/07\/08\/walczyc-z-bogiem-czy-nie-walczyc-2\/"]}]},{"@type":"BreadcrumbList","@id":"https:\/\/gaudiumetspes-blog.pl\/index.php\/2025\/07\/08\/walczyc-z-bogiem-czy-nie-walczyc-2\/#breadcrumb","itemListElement":[{"@type":"ListItem","position":1,"name":"Strona g\u0142\u00f3wna","item":"https:\/\/gaudiumetspes-blog.pl\/"},{"@type":"ListItem","position":2,"name":"Walczy\u0107 z Bogiem &#8211; czy nie walczy\u0107?&#8230;"}]},{"@type":"WebSite","@id":"https:\/\/gaudiumetspes-blog.pl\/#website","url":"https:\/\/gaudiumetspes-blog.pl\/","name":"Gaudium Et Spes","description":"Blog Ks. Jacka Ja\u015bkowskiego","potentialAction":[{"@type":"SearchAction","target":{"@type":"EntryPoint","urlTemplate":"https:\/\/gaudiumetspes-blog.pl\/?s={search_term_string}"},"query-input":{"@type":"PropertyValueSpecification","valueRequired":true,"valueName":"search_term_string"}}],"inLanguage":"pl-PL"},{"@type":"Person","@id":"https:\/\/gaudiumetspes-blog.pl\/#\/schema\/person\/1661982992b752dea8dff0d4ed845a65","name":"Ks. Jacek","image":{"@type":"ImageObject","inLanguage":"pl-PL","@id":"https:\/\/gaudiumetspes-blog.pl\/#\/schema\/person\/image\/","url":"https:\/\/gaudiumetspes-blog.pl\/wp-content\/uploads\/2019\/07\/avatar-JJ-150x150.jpg","contentUrl":"https:\/\/gaudiumetspes-blog.pl\/wp-content\/uploads\/2019\/07\/avatar-JJ-150x150.jpg","caption":"Ks. Jacek"},"description":"Witam serdecznie! K\u0142ania si\u0119 Ks. Jacek Ja\u015bkowski. Nie jestem ani kim\u015b wa\u017cnym, ani kim\u015b znanym. Jestem ksi\u0119dzem, kt\u00f3ry po prostu chce rozmawia\u0107. Codzienna kap\u0142a\u0144ska pos\u0142uga pokazuje mi, \u017ce temat\u00f3w do rozm\u00f3w z ksi\u0119dzem jest coraz wi\u0119cej i dzisiaj \u017caden ksi\u0105dz nie mo\u017ce od nich ucieka\u0107, ale - wprost przeciwnie - podejmowa\u0107 nowe wyzwania. To przekonanie sk\u0142oni\u0142o mnie do pr\u00f3by otwarcia tego\u017c bloga, chocia\u017c okazji do rozm\u00f3w na co dzie\u0144 - w konfesjonale i poza nim - na szcz\u0119\u015bcie nie brakuje. My\u015bl\u0119 jednak, \u017ce ten blog b\u0119dzie jeszcze jednym sposobem i przestrzeni\u0105 nawi\u0105zania kontaktu z lud\u017ami dobrej woli, otwartymi na dialog.","url":"https:\/\/gaudiumetspes-blog.pl\/index.php\/author\/ks-jacek\/"}]}},"jetpack_featured_media_url":"","jetpack_sharing_enabled":true,"_links":{"self":[{"href":"https:\/\/gaudiumetspes-blog.pl\/index.php\/wp-json\/wp\/v2\/posts\/23982","targetHints":{"allow":["GET"]}}],"collection":[{"href":"https:\/\/gaudiumetspes-blog.pl\/index.php\/wp-json\/wp\/v2\/posts"}],"about":[{"href":"https:\/\/gaudiumetspes-blog.pl\/index.php\/wp-json\/wp\/v2\/types\/post"}],"author":[{"embeddable":true,"href":"https:\/\/gaudiumetspes-blog.pl\/index.php\/wp-json\/wp\/v2\/users\/1"}],"replies":[{"embeddable":true,"href":"https:\/\/gaudiumetspes-blog.pl\/index.php\/wp-json\/wp\/v2\/comments?post=23982"}],"version-history":[{"count":1,"href":"https:\/\/gaudiumetspes-blog.pl\/index.php\/wp-json\/wp\/v2\/posts\/23982\/revisions"}],"predecessor-version":[{"id":23983,"href":"https:\/\/gaudiumetspes-blog.pl\/index.php\/wp-json\/wp\/v2\/posts\/23982\/revisions\/23983"}],"wp:attachment":[{"href":"https:\/\/gaudiumetspes-blog.pl\/index.php\/wp-json\/wp\/v2\/media?parent=23982"}],"wp:term":[{"taxonomy":"category","embeddable":true,"href":"https:\/\/gaudiumetspes-blog.pl\/index.php\/wp-json\/wp\/v2\/categories?post=23982"},{"taxonomy":"post_tag","embeddable":true,"href":"https:\/\/gaudiumetspes-blog.pl\/index.php\/wp-json\/wp\/v2\/tags?post=23982"}],"curies":[{"name":"wp","href":"https:\/\/api.w.org\/{rel}","templated":true}]}}