{"id":23984,"date":"2025-07-09T09:27:29","date_gmt":"2025-07-09T07:27:29","guid":{"rendered":"https:\/\/gaudiumetspes-blog.pl\/?p=23984"},"modified":"2025-07-09T09:27:29","modified_gmt":"2025-07-09T07:27:29","slug":"niesamowite-drogi-boze","status":"publish","type":"post","link":"https:\/\/gaudiumetspes-blog.pl\/index.php\/2025\/07\/09\/niesamowite-drogi-boze\/","title":{"rendered":"Niesamowite drogi Bo\u017ce!"},"content":{"rendered":"<p align=\"justify\"><span style=\"color: #000000;\"><span style=\"font-family: Book Antiqua, serif;\"><span style=\"font-size: large;\">Szcz\u0119\u015b\u0107 Bo\u017ce! Moi Drodzy, w dniu dzisiejszym <b>urodziny prze\u017cywa Pawe\u0142 Kaczorowski, m\u00f3j <\/b><b>Z<\/b><b>najomy od wielu lat, od czasu dzia\u0142alno\u015bci m\u0142odzie\u017cowych Wsp\u00f3lnot.<\/b><\/span><\/span><\/span><\/p>\n<p align=\"justify\"><span style=\"color: #000000;\"><span style=\"font-family: Book Antiqua, serif;\"><span style=\"font-size: large;\"><b>Imieniny z kolei prze\u017cywa Weronika Pogoda, Osoba czynnie zaanga\u017cowana w \u017cycie Parafii w Samogoszczy. <\/b><\/span><\/span><\/span><\/p>\n<p align=\"justify\"><span style=\"color: #000000;\"><span style=\"font-family: Book Antiqua, serif;\"><span style=\"font-size: large;\"><b>Wszystkim \u015bwi\u0119tuj\u0105cym \u017cycz\u0119 trwania z Jezusem i przy Jezusie \u2013 z rado\u015bci\u0105 i nadziej\u0105. Zapewniam o modlitwie!<\/b><\/span><\/span><\/span><\/p>\n<p align=\"justify\"><span style=\"color: #000000;\"><span style=\"font-family: Book Antiqua, serif;\"><span style=\"font-size: large;\">A ja dzisiaj pozdrawiam Was z Lublina, gdzie o 18:00 planuj\u0119 Msz\u0119 \u015awi\u0119t\u0105 w Parafii \u015awi\u0119tego Jana Kantego w Lublinie. Co jednak wydarzy si\u0119 pomi\u0119dzy porankiem a wieczorem \u2013 i wieczorem, po Mszy \u015awi\u0119tej \u2013 to si\u0119 dopiero oka\u017ce. <\/span><\/span><\/span><\/p>\n<p align=\"justify\"><span style=\"color: #000000;\"><span style=\"font-family: Book Antiqua, serif;\"><span style=\"font-size: large;\">Teraz za\u015b ju\u017c zapraszam do pochylenia si\u0119 nad Bo\u017cym s\u0142owem dzisiejszej liturgii. Oto s\u0142\u00f3wko Ksi\u0119dza Marka na dzi\u015b:<\/span><\/span><\/span><\/p>\n<p align=\"justify\"><span style=\"color: #000000;\"><span style=\"font-family: Book Antiqua, serif;\"><span style=\"font-size: medium;\"><a href=\"https:\/\/www.youtube.com\/c\/CatholicSurgut\"><span style=\"font-size: large;\"><b>https:\/\/www.youtube.com\/c\/CatholicSurgut<\/b><\/span><\/a><\/span><\/span><\/span><\/p>\n<p align=\"justify\"><span style=\"color: #000000;\"><span style=\"font-family: Book Antiqua, serif;\"><span style=\"font-size: large;\">Zatem, <b>c<\/b><b>o konkretnie m\u00f3wi do mnie Pan?<\/b> Niech Duch \u015awi\u0119ty rozja\u015bni nasze umys\u0142y i nape\u0142ni nasze serca swoimi darami!<\/span><\/span><\/span><\/p>\n<p align=\"justify\"><span style=\"color: #000000;\"><span style=\"font-family: Book Antiqua, serif;\"><span style=\"font-size: large;\"><b>Niech Was b\u0142ogos\u0142awi B\u00f3g Wszechmog\u0105cy: Ojciec + i Syn, i Duch \u015awi\u0119ty. Amen<\/b><\/span><\/span><\/span><\/p>\n<p align=\"center\"><span style=\"color: #000000;\"><span style=\"font-family: Book Antiqua, serif;\"><span style=\"font-size: large;\">Gaudium et spes! Ks. Jacek<\/span><\/span><\/span><\/p>\n<p align=\"center\">\n<p align=\"center\">\n<p align=\"center\">\n<p align=\"center\">\n<p align=\"center\">\n<p align=\"justify\"><span style=\"color: #000000;\"><span style=\"font-family: Book Antiqua, serif;\"><span style=\"font-size: large;\"><b>\u015aroda 14 Tygodnia zwyk\u0142ego, rok I,<\/b><\/span><\/span><\/span><\/p>\n<p align=\"justify\"><span style=\"color: #000000;\"><span style=\"font-family: Book Antiqua, serif;\"><span style=\"font-size: large;\"><b>9 lipca 2025.,<\/b><\/span><\/span><\/span><\/p>\n<p align=\"justify\"><span style=\"color: #000000;\"><span style=\"font-family: Book Antiqua, serif;\"><span style=\"font-size: large;\"><b>do czyta\u0144: Rdz 41,55\u201357;42,5\u20137.14\u201315a.17\u201324a; Mt 10,1\u20137<\/b><\/span><\/span><\/span><\/p>\n<p align=\"justify\">\n<p align=\"justify\">\n<p align=\"justify\">\n<p align=\"justify\">\n<p align=\"justify\">\n<p align=\"justify\"><span style=\"color: #000000;\"><span style=\"font-family: Book Antiqua, serif;\"><span style=\"font-size: large;\"><b>CZYTANIE Z KSI\u0118GI RODZAJU: <\/b><\/span><\/span><\/span><\/p>\n<p align=\"justify\"><span style=\"color: #000000;\"><span style=\"font-family: Book Antiqua, serif;\"><span style=\"font-size: large;\"><b>Kiedy w Egipcie g\u0142\u00f3d zacz\u0105\u0142 dawa\u0107 si\u0119 we znaki, ludno\u015b\u0107 domaga\u0142a si\u0119 chleba od faraona. Wtedy faraon m\u00f3wi\u0142 do wszystkich Egipcjan: \u201eUdajcie si\u0119 do J\u00f3zefa i co on wam powie, czy\u0144cie\u201d. Gdy by\u0142 g\u0142\u00f3d na ca\u0142ej ziemi, J\u00f3zef otwiera\u0142 wszystkie spichrze, w kt\u00f3rych by\u0142o zbo\u017ce, i sprzedawa\u0142 zbo\u017ce Egipcjanom w miar\u0119, jak w Egipcie g\u0142\u00f3d stawa\u0142 si\u0119 coraz wi\u0119kszy. <\/b><\/span><\/span><\/span><\/p>\n<p align=\"justify\"><span style=\"color: #000000;\"><span style=\"font-family: Book Antiqua, serif;\"><span style=\"font-size: large;\"><b>Ze wszystkich kraj\u00f3w ludzie przybywali do Egiptu, by kupowa\u0107 zbo\u017ce od J\u00f3zefa, gdy\u017c g\u0142\u00f3d po ca\u0142ej ziemi si\u0119 wzmaga\u0142. <\/b><\/span><\/span><\/span><\/p>\n<p align=\"justify\"><span style=\"color: #000000;\"><span style=\"font-family: Book Antiqua, serif;\"><span style=\"font-size: large;\"><b>Kiedy synowie Izraela przybyli wraz z innymi, kt\u00f3rzy tam r\u00f3wnie\u017c si\u0119 udawali, aby kupi\u0107 zbo\u017ca, bo g\u0142\u00f3d by\u0142 w Kanaanie, J\u00f3zef sprawowa\u0142 w\u0142adz\u0119 w kraju i on to sprzedawa\u0142 zbo\u017ce wszystkim mieszka\u0144com tego kraju. <\/b><\/span><\/span><\/span><\/p>\n<p align=\"justify\"><span style=\"color: #000000;\"><span style=\"font-family: Book Antiqua, serif;\"><span style=\"font-size: large;\"><b>Bracia J\u00f3zefa, przybywszy do niego, oddali mu pok\u0142on twarz\u0105 do ziemi. Gdy J\u00f3zef ujrza\u0142 swoich braci, pozna\u0142 ich; uda\u0142 jednak, \u017ce jest im obcy, i przem\u00f3wi\u0142 do nich surowo tymi s\u0142owami: \u201eSk\u0105d przyszli\u015bcie?\u201d Odpowiedzieli: \u201eZ Kanaanu, aby kupi\u0107 \u017cywno\u015bci\u201d. J\u00f3zef rzek\u0142 do nich: \u201eJeste\u015bcie szpiegami. Co do tego zostaniecie wybadani\u201d. I odda\u0142 ich pod stra\u017c na trzy dni. <\/b><\/span><\/span><\/span><\/p>\n<p align=\"justify\"><span style=\"color: #000000;\"><span style=\"font-family: Book Antiqua, serif;\"><span style=\"font-size: large;\"><b>A trzeciego dnia J\u00f3zef rzek\u0142 do nich: \u201eUczy\u0144cie, co m\u00f3wi\u0119, a zostaniecie przy \u017cyciu, bo ja czcz\u0119 Boga. Skoro jeste\u015bcie uczciwi, niechaj jeden wasz brat pozostanie w wi\u0119zieniu, w kt\u00f3rym was osadzono, wy za\u015b id\u017acie, zawie\u017acie zbo\u017ce dla wy\u017cywienia waszych rodzin. Potem przyprowad\u017acie do mnie najm\u0142odszego brata waszego, aby si\u0119 okaza\u0142o, czy powiedzieli\u015bcie prawd\u0119; bo inaczej czeka was \u015bmier\u0107\u201d. <\/b><\/span><\/span><\/span><\/p>\n<p align=\"justify\"><span style=\"color: #000000;\"><span style=\"font-family: Book Antiqua, serif;\"><span style=\"font-size: large;\"><b>I tak uczynili. M\u00f3wili mi\u0119dzy sob\u0105: \u201eAch, zawinili\u015bmy przeciwko bratu naszemu, patrz\u0105c na jego strapienie, kiedy nas b\u0142aga\u0142 o lito\u015b\u0107, a nie wys\u0142uchali\u015bmy go. Dlatego przysz\u0142o na nas to nieszcz\u0119\u015bcie\u201d. Ruben za\u015b tak im wtedy powiedzia\u0142: \u201eCzy\u017c wam tego nie m\u00f3wi\u0142em: \u00abNie dopuszczajcie si\u0119 wykroczenia wzgl\u0119dem tego ch\u0142opca\u00bb, ale nie us\u0142uchali\u015bcie mnie? Tote\u017c teraz \u017c\u0105da si\u0119 odpowiedzialno\u015bci za jego krew\u201d. <\/b><\/span><\/span><\/span><\/p>\n<p align=\"justify\"><span style=\"color: #000000;\"><span style=\"font-family: Book Antiqua, serif;\"><span style=\"font-size: large;\"><b>Nie wiedzieli za\u015b, \u017ce J\u00f3zef to rozumie, bo rozmawia\u0142 z nimi przez t\u0142umacza. Odszed\u0142szy wi\u0119c od nich, rozp\u0142aka\u0142 si\u0119. Potem wr\u00f3ci\u0142 i rozmawia\u0142 z nimi.<\/b><\/span><\/span><\/span><\/p>\n<p align=\"justify\">\n<p align=\"justify\">\n<p align=\"justify\">\n<p align=\"justify\">\n<p align=\"justify\">\n<p align=\"justify\"><span style=\"color: #000000;\"><span style=\"font-family: Book Antiqua, serif;\"><span style=\"font-size: large;\"><b>S\u0141OWA EWANGELII WED\u0141UG \u015aWI\u0118TEGO MATEUSZA:<\/b><\/span><\/span><\/span><\/p>\n<p align=\"justify\"><span style=\"color: #000000;\"><span style=\"font-family: Book Antiqua, serif;\"><span style=\"font-size: large;\"><b>Jezus przywo\u0142a\u0142 do siebie dwunastu swoich uczni\u00f3w i udzieli\u0142 im w\u0142adzy nad duchami nieczystymi, aby je wyp\u0119dzali i leczyli wszystkie choroby i wszelkie s\u0142abo\u015bci. <\/b><\/span><\/span><\/span><\/p>\n<p align=\"justify\"><span style=\"color: #000000;\"><span style=\"font-family: Book Antiqua, serif;\"><span style=\"font-size: large;\"><b>A oto imiona dwunastu Aposto\u0142\u00f3w: pierwszy Szymon, zwany Piotrem, i brat jego Andrzej, potem Jakub, syn Zebedeusza, i brat jego Jan, Filip i Bart\u0142omiej, Tomasz i celnik Mateusz, Jakub, syn Alfeusza, i Tadeusz, Szymon Gorliwy i Judasz Iskariota, ten, kt\u00f3ry Go zdradzi\u0142. <\/b><\/span><\/span><\/span><\/p>\n<p align=\"justify\"><span style=\"color: #000000;\"><span style=\"font-family: Book Antiqua, serif;\"><span style=\"font-size: large;\"><b>Tych to Dwunastu wys\u0142a\u0142 Jezus, daj\u0105c im nast\u0119puj\u0105ce wskazania: \u201eNie id\u017acie do pogan i nie wst\u0119pujcie do \u017cadnego miasta samaryta\u0144skiego. Id\u017acie raczej do owiec, kt\u00f3re pogin\u0119\u0142y z domu Izraela. Id\u017acie i g\u0142o\u015bcie: \u00abBliskie ju\u017c jest kr\u00f3lestwo niebieskie\u00bb\u201d.<\/b><\/span><\/span><\/span><\/p>\n<p align=\"justify\">\n<p align=\"justify\">\n<p align=\"justify\">\n<p align=\"justify\">\n<p align=\"justify\">\n<p align=\"justify\"><span style=\"color: #000000;\"><span style=\"font-size: large;\"><span style=\"font-family: Book Antiqua, serif;\">D<\/span><span style=\"font-family: Book Antiqua, serif;\">zisiejsze pierwsze czytanie to <\/span><span style=\"font-family: Book Antiqua, serif;\"><b>zaledwie kr\u00f3tki fragment<\/b><\/span><span style=\"font-family: Book Antiqua, serif;\"> o wiele d\u0142u\u017cszej i niezwykle pasjonuj\u0105cej <\/span><span style=\"font-family: Book Antiqua, serif;\"><b>historii J\u00f3zefa, syna Jakuba,<\/b><\/span><span style=\"font-family: Book Antiqua, serif;\"> kt\u00f3ry \u2013 jako <\/span><span style=\"font-family: Book Antiqua, serif;\"><b>szczeg\u00f3lnie umi\u0142owany<\/b><\/span><span style=\"font-family: Book Antiqua, serif;\"> przez swego ojca \u2013 zosta\u0142 <\/span><span style=\"font-family: Book Antiqua, serif;\"><b>szczeg\u00f3lnie znienawidzony<\/b><\/span><span style=\"font-family: Book Antiqua, serif;\"> przez dziesi\u0119ciu swoich braci. I to w\u0142a\u015bnie ci bracia postanowili <\/span><span style=\"font-family: Book Antiqua, serif;\"><b>\u201epozby\u0107 si\u0119 problemu\u201d, <\/b><\/span><span style=\"font-family: Book Antiqua, serif;\">jakim J\u00f3zef by\u0142 dla nich i<\/span><span style=\"font-family: Book Antiqua, serif;\"><b> sprzedali go handlarzom niewolnik\u00f3w, <\/b><\/span><span style=\"font-family: Book Antiqua, serif;\">kupcom izmaelskim. Ci za\u015b doprowadzili J\u00f3zefa do Egiptu. <\/span><\/span><\/span><\/p>\n<p align=\"justify\"><span style=\"color: #000000;\"><span style=\"font-size: large;\"><span style=\"font-family: Book Antiqua, serif;\">Tam zosta\u0142 on <\/span><span style=\"font-family: Book Antiqua, serif;\"><b>zakupiony przez niejakiego Putyfara, <\/b><\/span><span style=\"font-family: Book Antiqua, serif;\">nadzorc\u0119 stra\u017cy faraona i od razu wzbudzi\u0142 zaufanie swojego nowego pana. Niestety, wzbudzi\u0142 te\u017c <\/span><span style=\"font-family: Book Antiqua, serif;\"><b>po\u017c\u0105danie <\/b><\/span><span style=\"font-family: Book Antiqua, serif;\"><b>u<\/b><\/span><span style=\"font-family: Book Antiqua, serif;\"><b> \u017con<\/b><\/span><span style=\"font-family: Book Antiqua, serif;\"><b>y<\/b><\/span><span style=\"font-family: Book Antiqua, serif;\"><b> Putyfara,<\/b><\/span><span style=\"font-family: Book Antiqua, serif;\"> kt\u00f3ra bardzo chcia\u0142a go uwie\u015b\u0107 i zdradzi\u0107 z nim swego m\u0119\u017ca. J\u00f3zef jednak, jako cz\u0142owiek <\/span><span style=\"font-family: Book Antiqua, serif;\">pobo\u017cny i<\/span><span style=\"font-family: Book Antiqua, serif;\"> prawy, <\/span><span style=\"font-family: Book Antiqua, serif;\"><b>pozosta\u0142 wierny zasadom, wyniesionym z ojcowskiego domu<\/b><\/span><span style=\"font-family: Book Antiqua, serif;\"> i zdecydowanie sprzeciwi\u0142 si\u0119 wyuzdanej kobiecie. To spowodowa\u0142o jej oczywist\u0105 w\u015bciek\u0142o\u015b\u0107 i pragnienie zemsty, kt\u00f3re zrealizowa\u0142a w ten spos\u00f3b, i\u017c <\/span><span style=\"font-family: Book Antiqua, serif;\"><b>oskar\u017cy\u0142a fa\u0142szywie J\u00f3zefa przed m\u0119\u017cem, <\/b><\/span><span style=\"font-family: Book Antiqua, serif;\">\u017ce<\/span><span style=\"font-family: Book Antiqua, serif;\"> to on j\u0105 chcia\u0142 doprowadzi\u0107 do nierz\u0105dnych czyn\u00f3w. <\/span><\/span><\/span><\/p>\n<p align=\"justify\"><span style=\"color: #000000;\"><span style=\"font-size: large;\"><span style=\"font-family: Book Antiqua, serif;\">J\u00f3zef trafi\u0142 <\/span><span style=\"font-family: Book Antiqua, serif;\">wi\u0119c <\/span><span style=\"font-family: Book Antiqua, serif;\">do wi\u0119zienia, chocia\u017c Putyfar tak naprawd\u0119 <\/span><span style=\"font-family: Book Antiqua, serif;\"><b>chyba do ko\u0144ca w jego win\u0119 nie uwierzy\u0142.<\/b><\/span><span style=\"font-family: Book Antiqua, serif;\"> W przeciwnym razie bowiem po prostu zabi\u0142by swego niewolnika. Za pr\u00f3b\u0119 wiedzenia \u017cony? Przecie\u017c to oczywiste! <\/span><span style=\"font-family: Book Antiqua, serif;\">Putyfar natomiast<\/span><span style=\"font-family: Book Antiqua, serif;\"> tego nie zrobi\u0142. J\u00f3zef jednak <\/span><span style=\"font-family: Book Antiqua, serif;\"><b>znalaz\u0142 si\u0119 na <\/b><\/span><span style=\"font-family: Book Antiqua, serif;\"><b>wiele<\/b><\/span><span style=\"font-family: Book Antiqua, serif;\"><b> lat w wi\u0119zieniu, <\/b><\/span><span style=\"font-family: Book Antiqua, serif;\">gdzie wysz\u0142o na jaw, i\u017c <\/span><span style=\"font-family: Book Antiqua, serif;\"><b>ma dar odczytywania i rozumienia sn\u00f3w<\/b><\/span><span style=\"font-family: Book Antiqua, serif;\"> \u2013 <\/span><span style=\"font-family: Book Antiqua, serif;\">niezwyk\u0142y <\/span><span style=\"font-family: Book Antiqua, serif;\">Bo\u017cy dar. <\/span><\/span><\/span><\/p>\n<p align=\"justify\"><span style=\"color: #000000;\"><span style=\"font-size: large;\"><span style=\"font-family: Book Antiqua, serif;\">Okaza\u0142o si\u0119 to wtedy, gdy <\/span><span style=\"font-family: Book Antiqua, serif;\"><b>d<\/b><\/span><span style=\"font-family: Book Antiqua, serif;\"><b>w\u00f3m s\u0142ugom z domu faraona,<\/b><\/span><span style=\"font-family: Book Antiqua, serif;\"> kt\u00f3rzy znale\u017ali si\u0119 w tym samym wi\u0119zieniu za niedope\u0142nienie obowi\u0105zk\u00f3w, <\/span><span style=\"font-family: Book Antiqua, serif;\"><b>przepowiedzia\u0142 kolejno: <\/b><\/span><span style=\"font-family: Book Antiqua, serif;\">jednemu powr\u00f3t na stanowisko, a drugiemu \u015bmier\u0107. A sta\u0142o si\u0119 to po tym, jak obaj opowiedzieli mu swoje sny, kt\u00f3re mieli pewnej nocy. <\/span><\/span><\/span><\/p>\n<p align=\"justify\"><span style=\"color: #000000;\"><span style=\"font-size: large;\"><span style=\"font-family: Book Antiqua, serif;\">I to w\u0142a\u015bnie ten przywr\u00f3cony na stanowisko <\/span><span style=\"font-family: Book Antiqua, serif;\"><b>o<\/b><\/span><span style=\"font-family: Book Antiqua, serif;\"><b>powiedzia\u0142 faraonowi o J\u00f3zefie,<\/b><\/span><span style=\"font-family: Book Antiqua, serif;\"> kiedy w\u0142adca Egiptu<\/span><span style=\"font-family: Book Antiqua, serif;\"><b> nie m\u00f3g\u0142 zrozumie\u0107 znaczenia dw\u00f3ch sn\u00f3w, <\/b><\/span><span style=\"font-family: Book Antiqua, serif;\">jakie z kolei<\/span><span style=\"font-family: Book Antiqua, serif;\"> jemu zosta\u0142y dane: o siedmiu krowach t\u0142ustych i <\/span><span style=\"font-family: Book Antiqua, serif;\">siedmiu <\/span><span style=\"font-family: Book Antiqua, serif;\">chudych oraz o siedmiu k\u0142osach zbo\u017ca pe\u0142nych i siedmiu wysuszonych. W obu przypadkach<\/span><span style=\"font-family: Book Antiqua, serif;\"><b> to, co gorsze, pokona\u0142o \u2013 wch\u0142on\u0119\u0142o \u2013 to, co lepsze i t\u0142uste.<\/b><\/span><span style=\"font-family: Book Antiqua, serif;\"> Faraon zwo\u0142a\u0142 wszystkich mag\u00f3w i m\u0119drc\u00f3w Egiptu, ale nie byli <\/span><span style=\"font-family: Book Antiqua, serif;\">oni <\/span><span style=\"font-family: Book Antiqua, serif;\">w stanie wyja\u015bni\u0107 znaczenia snu. <\/span><\/span><\/span><\/p>\n<p align=\"justify\"><span style=\"color: #000000;\"><span style=\"font-size: large;\"><span style=\"font-family: Book Antiqua, serif;\">Dopiero <\/span><span style=\"font-family: Book Antiqua, serif;\"><b>J\u00f3zef wyja\u015bni\u0142, \u017ce B\u00f3g daje znak faraonowi,<\/b><\/span><span style=\"font-family: Book Antiqua, serif;\"> i\u017c po siedmiu latach wyj\u0105tkowego dostatku i obfito\u015bci zbo\u017ca, i wszelkiego pokarmu \u2013 <\/span><span style=\"font-family: Book Antiqua, serif;\"><b>przyjdzie siedem lat suszy i g\u0142odu.<\/b><\/span><span style=\"font-family: Book Antiqua, serif;\"> I \u017ce Egipt mo\u017ce to prze\u017cy\u0107, je\u015bli si\u0119 na to przygotuje, gromadz\u0105c w ci\u0105gu siedmiu obfitych lat zapasy zbo\u017ca. J\u00f3zef poradzi\u0142 \u2013 w zwi\u0105zku z tym faraonowi \u2013 <\/span><span style=\"font-family: Book Antiqua, serif;\"><b>aby mianowa\u0142 zarz\u0105dc\u0119, <\/b><\/span><span style=\"font-family: Book Antiqua, serif;\">kt\u00f3ry w jego imieniu pokieruje tymi wszystkimi koniecznymi dzia\u0142aniami. <\/span><\/span><\/span><\/p>\n<p align=\"justify\"><span style=\"color: #000000;\"><span style=\"font-size: large;\"><span style=\"font-family: Book Antiqua, serif;\">Faraon nie waha\u0142 si\u0119 d\u0142ugo i <\/span><span style=\"font-family: Book Antiqua, serif;\"><b>w\u0142a\u015bnie J\u00f3zefa takim zarz\u0105dc\u0105 og\u0142osi\u0142. <\/b><\/span><span style=\"font-family: Book Antiqua, serif;\">W ten spos\u00f3b niewolnik sta\u0142 si\u0119 <\/span><span style=\"font-family: Book Antiqua, serif;\"><b>drugim \u2013 co do pozycji i rangi \u2013 <\/b><\/span><span style=\"font-family: Book Antiqua, serif;\"><b>cz\u0142owiekiem<\/b><\/span><span style=\"font-family: Book Antiqua, serif;\"> w ca\u0142ym Egipcie, zaraz po faraonie. I kiedy zapowied\u017a, zawarta w snach, zacz\u0119\u0142a si\u0119 spe\u0142nia\u0107, <\/span><span style=\"font-family: Book Antiqua, serif;\"><b>g\u0142\u00f3d dotkn\u0105\u0142 nie tylko Egipt, ale i okoliczne kraje.<\/b><\/span><span style=\"font-family: Book Antiqua, serif;\"> Tak\u017ce rodzin\u0119 J\u00f3zefa, do kt\u00f3rej dotar\u0142a jednak wiadomo\u015b\u0107, <\/span><span style=\"font-family: Book Antiqua, serif;\"><b>\u017ce w Egipcie mo\u017cna zakupi\u0107 \u017cywno\u015b\u0107.<\/b><\/span> <span style=\"font-family: Book Antiqua, serif;\">Bo jest jej tyle, \u017ce nie tylko Egipcjanom starczy, ale i tym, kt\u00f3rzy przyb\u0119d\u0105 sk\u0105din\u0105d. <\/span><\/span><\/span><\/p>\n<p align=\"justify\"><span style=\"color: #000000;\"><span style=\"font-size: large;\"><span style=\"font-family: Book Antiqua, serif;\">I <\/span><span style=\"font-family: Book Antiqua, serif;\">oto <\/span><span style=\"font-family: Book Antiqua, serif;\">dzisiaj s\u0142yszymy o przybyciu braci J\u00f3zefa do Egiptu i o tym, <\/span><span style=\"font-family: Book Antiqua, serif;\"><b>jak stan\u0119li przed jego obliczem,<\/b><\/span><span style=\"font-family: Book Antiqua, serif;\"> zupe\u0142nie nie maj\u0105c poj\u0119cia, a nawet <\/span><span style=\"font-family: Book Antiqua, serif;\"><b>si\u0119 nie domy\u015blaj\u0105c, przed kim stoj\u0105.<\/b><\/span><span style=\"font-family: Book Antiqua, serif;\"> J\u00f3zef celowo rozmawia<\/span><span style=\"font-family: Book Antiqua, serif;\">\u0142<\/span><span style=\"font-family: Book Antiqua, serif;\"> z nimi przez t\u0142umacza, aby nie da\u0107 si\u0119 pozna\u0107. <\/span><span style=\"font-family: Book Antiqua, serif;\"><b>Podda<\/b><\/span><span style=\"font-family: Book Antiqua, serif;\"><b>\u0142<\/b><\/span><span style=\"font-family: Book Antiqua, serif;\"><b> ich te\u017c swoistej pr\u00f3bie,<\/b><\/span><span style=\"font-family: Book Antiqua, serif;\"> zamykaj\u0105c w wi\u0119zieniu, aby si\u0119 przekona\u0107, czy ju\u017c chocia\u017c troch\u0119 zm\u0105drzeli i czy <\/span><span style=\"font-family: Book Antiqua, serif;\"><b>b\u0119d\u0105 w stanie obroni\u0107 chocia\u017cby tego brata, <\/b><\/span><span style=\"font-family: Book Antiqua, serif;\">kt\u00f3ry musi zosta\u0107 w wi\u0119zieniu, aby oni mogli <\/span><span style=\"font-family: Book Antiqua, serif;\"><b>przyprowadzi\u0107 najm\u0142odszego, Beniamina,<\/b><\/span><span style=\"font-family: Book Antiqua, serif;\"> kt\u00f3rego ojciec za wszelk\u0105 cen\u0119 chroni\u0142 przed jakimkolwiek zagro\u017ceniem. <\/span><\/span><\/span><\/p>\n<p align=\"justify\"><span style=\"color: #000000;\"><span style=\"font-size: large;\"><span style=\"font-family: Book Antiqua, serif;\">Beniamin bowiem \u2013 podobnie, jak i <\/span><span style=\"font-family: Book Antiqua, serif;\">sam <\/span><span style=\"font-family: Book Antiqua, serif;\">J\u00f3zef \u2013 <\/span><span style=\"font-family: Book Antiqua, serif;\"><b>by\u0142 synem <\/b><\/span><span style=\"font-family: Book Antiqua, serif;\"><b>Racheli, czyli<\/b><\/span><span style=\"font-family: Book Antiqua, serif;\"><b> najbardziej umi\u0142owanej<\/b><\/span><span style=\"font-family: Book Antiqua, serif;\"> ze wszystkich \u017con Jakuba. Skoro zatem Jakub straci\u0142 J\u00f3zefa, nie chcia\u0142 straci\u0107 jeszcze Beniamina. A oto namiestnik egipski \u2013 czyli J\u00f3zef, ale nie rozpoznany przez braci \u2013<\/span><span style=\"font-family: Book Antiqua, serif;\"><b> \u017c\u0105da przyprowadzenia <\/b><\/span><span style=\"font-family: Book Antiqua, serif;\"><b>w\u0142a\u015bnie tego <\/b><\/span><span style=\"font-family: Book Antiqua, serif;\"><b>najm\u0142odszego. <\/b><\/span><\/span><\/span><\/p>\n<p align=\"justify\"><span style=\"color: #000000;\"><span style=\"font-size: large;\"><span style=\"font-family: Book Antiqua, serif;\">Dzisiejszy<\/span><span style=\"font-family: Book Antiqua, serif;\"> opis, b\u0119d\u0105cy kompilacj\u0105 wa\u017cniejszych fragment\u00f3w tej\u017ce historii, dochodzi do tego w\u0142a\u015bnie momentu, kiedy to J\u00f3zef, egipski namiestnik, wydaje swoje polecenie, a bracia \u2013 do\u015bwiadczywszy tego niew\u0105tpliwego szoku, ca\u0142kowicie dla nich niespodziewanego, bo przecie\u017c przyszli tylko zakupi\u0107 \u017cywno\u015bci \u2013 rozmawiaj\u0105 mi\u0119dzy sob\u0105 tak: <\/span><span style=\"font-family: Book Antiqua, serif;\"><i><b>\u201eAch, zawinili\u015bmy przeciwko bratu naszemu, patrz\u0105c na jego strapienie, kiedy nas b\u0142aga\u0142 o lito\u015b\u0107, a nie wys\u0142uchali\u015bmy go. Dlatego przysz\u0142o na nas to nieszcz\u0119\u015bcie\u201d. Ruben za\u015b tak im wtedy powiedzia\u0142: \u201eCzy\u017c wam tego nie m\u00f3wi\u0142em: \u00abNie dopuszczajcie si\u0119 wykroczenia wzgl\u0119dem tego ch\u0142opca\u00bb, ale nie us\u0142uchali\u015bcie mnie? Tote\u017c teraz \u017c\u0105da si\u0119 odpowiedzialno\u015bci za jego krew\u201d.<\/b><\/i><\/span><b> <\/b><\/span><\/span><\/p>\n<p align=\"justify\"><span style=\"color: #000000;\"><span style=\"font-size: large;\"><span style=\"font-family: Book Antiqua, serif;\">Jak s\u0142yszymy w ostatnim zdaniu: <\/span><span style=\"font-family: Book Antiqua, serif;\"><i><b>Nie wiedzieli za\u015b, \u017ce J\u00f3zef to rozumie, bo rozmawia\u0142 z nimi przez t\u0142umacza. Odszed\u0142szy wi\u0119c od nich, rozp\u0142aka\u0142 si\u0119. Potem wr\u00f3ci\u0142 i rozmawia\u0142 z nimi.<\/b><\/i><\/span><b> <\/b><\/span><\/span><\/p>\n<p align=\"justify\"><span style=\"color: #000000;\"><span style=\"font-size: large;\"><span style=\"font-family: Book Antiqua, serif;\">Widzimy zatem, jak on sam, J\u00f3zef, bardzo to prze\u017cywa\u0142.<\/span><span style=\"font-family: Book Antiqua, serif;\"><b> Pozosta\u0142 jednak nieust\u0119pliwy <\/b><\/span><span style=\"font-family: Book Antiqua, serif;\">i doprowadzi\u0142 ca\u0142\u0105 spraw\u0119 do ko\u0144ca. <\/span><span style=\"font-family: Book Antiqua, serif;\">Widzia\u0142 bowiem jak\u0105\u015b przemian\u0119 w my\u015bleniu i nastawieniu braci.<\/span> <\/span><\/span><\/p>\n<p align=\"justify\"><span style=\"color: #000000;\"><span style=\"font-size: large;\"><span style=\"font-family: Book Antiqua, serif;\">Wszystko to jednak, co dzisiaj us\u0142yszeli\u015bmy i co tu sobie opowiedzieli\u015bmy, pokazuje,<\/span><span style=\"font-family: Book Antiqua, serif;\"><b> jak niezwyk\u0142ymi drogami prowadzi cz\u0142owieka Pan.<\/b><\/span><span style=\"font-family: Book Antiqua, serif;\"> Powiedzmy sobie szczerze, \u017ce <\/span><span style=\"font-family: Book Antiqua, serif;\">dla J\u00f3zefa to wszystko, co musia\u0142 przej\u015b\u0107, zanim zasiad\u0142 na egipskim tronie, <\/span><span style=\"font-family: Book Antiqua, serif;\"><b>by\u0142o niezwykle trudnym do\u015bwiadczeniem. <\/b><\/span><span style=\"font-family: Book Antiqua, serif;\">On jednak <\/span><span style=\"font-family: Book Antiqua, serif;\"><b>heroicznie zaufa\u0142 Bogu! <\/b><\/span><span style=\"font-family: Book Antiqua, serif;\">Przez moment w Niego nie zw\u0105tpi\u0142 \u2013 w Jego obecno\u015b\u0107 i blisko\u015b\u0107, ale tak\u017ce <\/span><span style=\"font-family: Book Antiqua, serif;\"><b>w to, \u017ce B\u00f3g naprawd\u0119 wie, co robi, <\/b><\/span><span style=\"font-family: Book Antiqua, serif;\">nawet je\u015bli dopuszcza tak trudne koleje losu. <\/span><\/span><\/span><\/p>\n<p align=\"justify\"><span style=\"color: #000000;\"><span style=\"font-size: large;\"><span style=\"font-family: Book Antiqua, serif;\">Dla braci <\/span><span style=\"font-family: Book Antiqua, serif;\">z kolei <\/span><span style=\"font-family: Book Antiqua, serif;\">to do\u015bwiadczenie, kt\u00f3re dzi\u015b sta\u0142o si\u0119 ich udzia\u0142em, tak\u017ce by\u0142o bardzo trudne,<\/span><span style=\"font-family: Book Antiqua, serif;\"><b> pomog\u0142o im ono jednak otrz\u0105sn\u0105\u0107 si\u0119 z tej nieprawo\u015bci, <\/b><\/span><span style=\"font-family: Book Antiqua, serif;\">w kt\u00f3r\u0105 naprawd\u0119 daleko zabrn\u0119li, ca\u0142y czas chocia\u017cby ok\u0142amuj\u0105c w\u0142asnego ojca i rodzin\u0119, \u017ce J\u00f3zefa po\u017car\u0142o na pustyni dzikie zwierz\u0119. <\/span><span style=\"font-family: Book Antiqua, serif;\"><b>Oto teraz prawda mia\u0142a wyj\u015b\u0107 na jaw<\/b><\/span><span style=\"font-family: Book Antiqua, serif;\"> i rodzina mia\u0142a si\u0119 na nowo zjednoczy\u0107, ale sta\u0142o si\u0119 to nie tyle dlatego, \u017ce J\u00f3zef doprowadzi\u0142 do ko\u0144ca swoje plany, <\/span><span style=\"font-family: Book Antiqua, serif;\"><b>ale \u017ce to B\u00f3g je do ko\u0144ca doprowadzi\u0142. <\/b><\/span><span style=\"font-family: Book Antiqua, serif;\">Chocia\u017c w taki niespodziewany zupe\u0142nie spos\u00f3b, ale jednak! <\/span><\/span><\/span><\/p>\n<p align=\"justify\"><span style=\"color: #000000;\"><span style=\"font-size: large;\"><span style=\"font-family: Book Antiqua, serif;\">A w Ewangelii s\u0142yszymy, jak <\/span><span style=\"font-family: Book Antiqua, serif;\"><b>swoje plany, dotycz\u0105ce zbawienia ludzi, realizuje na \u015bwiecie Bo\u017cy Syn, Jezus Chrystus.<\/b><\/span><span style=\"font-family: Book Antiqua, serif;\"> Najpierw wybiera Dwunastu, co pewnie dla niekt\u00f3rych z nich \u2013 o ile nie dla wszystkich \u2013 by\u0142o<\/span><span style=\"font-family: Book Antiqua, serif;\"><b> totalnym zaskoczeniem.<\/b><\/span><span style=\"font-family: Book Antiqua, serif;\"> Bo czemu tych, a nie innych? To ju\u017c nie by\u0142o <\/span><span style=\"font-family: Book Antiqua, serif;\"><b>lepiej wykszta\u0142conych i wy\u017cej urodzonych, <\/b><\/span><span style=\"font-family: Book Antiqua, serif;\">tylko takich prostaczk\u00f3w musia\u0142 sobie wybra\u0107? <\/span><\/span><\/span><\/p>\n<p align=\"justify\"><span style=\"color: #000000;\"><span style=\"font-size: large;\"><span style=\"font-family: Book Antiqua, serif;\">A potem te s\u0142owa, kt\u00f3re dzi\u015b wypowiedzia\u0142: <\/span><span style=\"font-family: Book Antiqua, serif;\"><i><b>Nie id\u017acie do pogan i nie wst\u0119pujcie do \u017cadnego miasta samaryta\u0144skiego. Id\u017acie raczej do owiec, kt\u00f3re pogin\u0119\u0142y z domu Izraela. Id\u017acie i g\u0142o\u015bcie: \u201eBliskie ju\u017c jest kr\u00f3lestwo niebieskie\u201d. <\/b><\/i><\/span><\/span><\/span><\/p>\n<p align=\"justify\"><span style=\"color: #000000;\"><span style=\"font-size: large;\"><span style=\"font-family: Book Antiqua, serif;\">To jest w\u0142a\u015bnie bardzo ciekawe, \u017ce Jezus od samego pocz\u0105tku swojej misji informowa\u0142 i trzyma\u0142 si\u0119 tego, \u017ce <\/span><span style=\"font-family: Book Antiqua, serif;\"><b>przyszed\u0142 w\u0142a\u015bnie do owiec, kt\u00f3re pogin\u0119\u0142y z domu Izraela, <\/b><\/span><span style=\"font-family: Book Antiqua, serif;\">i to do nich kieruje w pierwszym rz\u0119dzie swoje przes\u0142anie, a dopiero oni, cz\u0142onkowie narodu wybranego, po Jego Wniebowst\u0105pieniu, <\/span><span style=\"font-family: Book Antiqua, serif;\"><b>roznios\u0105 i rozg\u0142osz\u0105 Dob\u0105 Nowin\u0119 po ca\u0142ym \u015bwiecie. <\/b><\/span><span style=\"font-family: Book Antiqua, serif;\">Oczywi\u015bcie, <\/span><span style=\"font-family: Book Antiqua, serif;\"><b>nieraz czyni\u0142 wyj\u0105tki od tej zasady,<\/b><\/span><span style=\"font-family: Book Antiqua, serif;\"> kiedy widzia\u0142 wielk\u0105 wiar\u0119 u kogo\u015b z tak zwanych pogan, czyli z os\u00f3b nie b\u0119d\u0105cych cz\u0142onkami swego narodu, ale zasadniczo trzyma\u0142 si\u0119 swego planu. <\/span><span style=\"font-family: Book Antiqua, serif;\"><b>Dlaczego akurat taki by\u0142 to plan?<\/b><\/span> <\/span><\/span><\/p>\n<p align=\"justify\"><span style=\"color: #000000;\"><span style=\"font-size: large;\"><span style=\"font-family: Book Antiqua, serif;\">Nie wiemy. Wiemy jednak, \u017ce skoro by\u0142 to plan Bo\u017cy, to <\/span><span style=\"font-family: Book Antiqua, serif;\"><b>na<\/b><\/span> <span style=\"font-family: Book Antiqua, serif;\"><b>pewno by\u0142 to plan sensowny i m\u0105dry, celowy i potrzebny. <\/b><\/span><span style=\"font-family: Book Antiqua, serif;\">Chocia\u017c cz\u0119sto trudny do zrozumienia i przyj\u0119cia przez ludzi. <\/span><\/span><\/span><\/p>\n<p align=\"justify\"><span style=\"color: #000000;\"><span style=\"font-size: large;\"><span style=\"font-family: Book Antiqua, serif;\"><b>Nam te\u017c nieraz trudno przyj\u0105\u0107 Bo\u017ce plany<\/b><\/span><span style=\"font-family: Book Antiqua, serif;\"> i Bo\u017ce rozwi\u0105zania, jakie si\u0119 w naszym \u017cyciu dziej\u0105. Nieraz my\u015blimy sobie \u2013 a mo\u017ce i m\u00f3wimy to na modlitwie \u2013 \u017ce my\u015bmy ju\u017c wszystko dobrze obmy\u015bleli i jako\u015b nam si\u0119 to wszystko w jak\u0105\u015b ca\u0142o\u015b\u0107 uk\u0142ada, <\/span><span style=\"font-family: Book Antiqua, serif;\"><b>czemu wi\u0119c Pan to komplikuje<\/b><\/span><span style=\"font-family: Book Antiqua, serif;\"> i musi zrobi\u0107 po swojemu? Czemu prowadzi nas niekiedy <\/span><span style=\"font-family: Book Antiqua, serif;\"><b>naprawd\u0119 trudnymi drogami? <\/b><\/span><span style=\"font-family: Book Antiqua, serif;\">Czemu <\/span><span style=\"font-family: Book Antiqua, serif;\"><b>ka\u017ce czeka\u0107 tak d\u0142ugo<\/b><\/span> <span style=\"font-family: Book Antiqua, serif;\">na<\/span><span style=\"font-family: Book Antiqua, serif;\"> reakcj\u0105 na nasze modlitwy? <\/span><\/span><\/span><\/p>\n<p align=\"justify\"><span style=\"color: #000000;\"><span style=\"font-size: large;\"><span style=\"font-family: Book Antiqua, serif;\">Nie wiemy. Jedno <\/span><span style=\"font-family: Book Antiqua, serif;\">natomiast <\/span><span style=\"font-family: Book Antiqua, serif;\">wiemy na pewno: <\/span><span style=\"font-family: Book Antiqua, serif;\"><b>je\u017celi zaufamy bezgranicznie Jezusowi i wytrwamy z Nim i przy Nim \u2013 <\/b><\/span><span style=\"font-family: Book Antiqua, serif;\"><b>z pewno\u015bci\u0105<\/b><\/span><span style=\"font-family: Book Antiqua, serif;\"><b> na tym wygramy.<\/b><\/span><span style=\"font-family: Book Antiqua, serif;\"> I dost\u0105pimy takich dar\u00f3w i \u0142ask, o kt\u00f3rych nawet nie byliby\u015bmy w stanie pomy\u015ble\u0107! <\/span><\/span><\/span><\/p>\n","protected":false},"excerpt":{"rendered":"<p>Szcz\u0119\u015b\u0107 Bo\u017ce! Moi Drodzy, w dniu dzisiejszym urodziny prze\u017cywa Pawe\u0142 Kaczorowski, m\u00f3j Znajomy od wielu lat, od czasu dzia\u0142alno\u015bci m\u0142odzie\u017cowych Wsp\u00f3lnot. Imieniny z kolei prze\u017cywa Weronika Pogoda, Osoba czynnie zaanga\u017cowana w \u017cycie Parafii w Samogoszczy. Wszystkim \u015bwi\u0119tuj\u0105cym \u017cycz\u0119 trwania z Jezusem i przy Jezusie \u2013 z rado\u015bci\u0105 i nadziej\u0105. Zapewniam o modlitwie! A ja dzisiaj [&hellip;]<\/p>\n","protected":false},"author":1,"featured_media":0,"comment_status":"open","ping_status":"open","sticky":false,"template":"","format":"standard","meta":{"jetpack_post_was_ever_published":false,"_jetpack_newsletter_access":"","_jetpack_dont_email_post_to_subs":false,"_jetpack_newsletter_tier_id":0,"_jetpack_memberships_contains_paywalled_content":false,"_jetpack_memberships_contains_paid_content":false,"footnotes":""},"categories":[1],"tags":[],"class_list":["post-23984","post","type-post","status-publish","format-standard","hentry","category-bez-kategorii"],"yoast_head":"<!-- This site is optimized with the Yoast SEO plugin v25.1 - https:\/\/yoast.com\/wordpress\/plugins\/seo\/ -->\n<title>Niesamowite drogi Bo\u017ce! - Gaudium Et Spes<\/title>\n<meta name=\"robots\" content=\"index, follow, max-snippet:-1, max-image-preview:large, max-video-preview:-1\" \/>\n<link rel=\"canonical\" href=\"https:\/\/gaudiumetspes-blog.pl\/index.php\/2025\/07\/09\/niesamowite-drogi-boze\/\" \/>\n<meta property=\"og:locale\" content=\"pl_PL\" \/>\n<meta property=\"og:type\" content=\"article\" \/>\n<meta property=\"og:title\" content=\"Niesamowite drogi Bo\u017ce! - Gaudium Et Spes\" \/>\n<meta property=\"og:description\" content=\"Szcz\u0119\u015b\u0107 Bo\u017ce! Moi Drodzy, w dniu dzisiejszym urodziny prze\u017cywa Pawe\u0142 Kaczorowski, m\u00f3j Znajomy od wielu lat, od czasu dzia\u0142alno\u015bci m\u0142odzie\u017cowych Wsp\u00f3lnot. Imieniny z kolei prze\u017cywa Weronika Pogoda, Osoba czynnie zaanga\u017cowana w \u017cycie Parafii w Samogoszczy. Wszystkim \u015bwi\u0119tuj\u0105cym \u017cycz\u0119 trwania z Jezusem i przy Jezusie \u2013 z rado\u015bci\u0105 i nadziej\u0105. Zapewniam o modlitwie! A ja dzisiaj [&hellip;]\" \/>\n<meta property=\"og:url\" content=\"https:\/\/gaudiumetspes-blog.pl\/index.php\/2025\/07\/09\/niesamowite-drogi-boze\/\" \/>\n<meta property=\"og:site_name\" content=\"Gaudium Et Spes\" \/>\n<meta property=\"article:published_time\" content=\"2025-07-09T07:27:29+00:00\" \/>\n<meta name=\"author\" content=\"Ks. Jacek\" \/>\n<meta name=\"twitter:card\" content=\"summary_large_image\" \/>\n<meta name=\"twitter:label1\" content=\"Napisane przez\" \/>\n\t<meta name=\"twitter:data1\" content=\"Ks. Jacek\" \/>\n\t<meta name=\"twitter:label2\" content=\"Szacowany czas czytania\" \/>\n\t<meta name=\"twitter:data2\" content=\"11 minut\" \/>\n<script type=\"application\/ld+json\" class=\"yoast-schema-graph\">{\"@context\":\"https:\/\/schema.org\",\"@graph\":[{\"@type\":\"WebPage\",\"@id\":\"https:\/\/gaudiumetspes-blog.pl\/index.php\/2025\/07\/09\/niesamowite-drogi-boze\/\",\"url\":\"https:\/\/gaudiumetspes-blog.pl\/index.php\/2025\/07\/09\/niesamowite-drogi-boze\/\",\"name\":\"Niesamowite drogi Bo\u017ce! - Gaudium Et Spes\",\"isPartOf\":{\"@id\":\"https:\/\/gaudiumetspes-blog.pl\/#website\"},\"datePublished\":\"2025-07-09T07:27:29+00:00\",\"author\":{\"@id\":\"https:\/\/gaudiumetspes-blog.pl\/#\/schema\/person\/1661982992b752dea8dff0d4ed845a65\"},\"breadcrumb\":{\"@id\":\"https:\/\/gaudiumetspes-blog.pl\/index.php\/2025\/07\/09\/niesamowite-drogi-boze\/#breadcrumb\"},\"inLanguage\":\"pl-PL\",\"potentialAction\":[{\"@type\":\"ReadAction\",\"target\":[\"https:\/\/gaudiumetspes-blog.pl\/index.php\/2025\/07\/09\/niesamowite-drogi-boze\/\"]}]},{\"@type\":\"BreadcrumbList\",\"@id\":\"https:\/\/gaudiumetspes-blog.pl\/index.php\/2025\/07\/09\/niesamowite-drogi-boze\/#breadcrumb\",\"itemListElement\":[{\"@type\":\"ListItem\",\"position\":1,\"name\":\"Strona g\u0142\u00f3wna\",\"item\":\"https:\/\/gaudiumetspes-blog.pl\/\"},{\"@type\":\"ListItem\",\"position\":2,\"name\":\"Niesamowite drogi Bo\u017ce!\"}]},{\"@type\":\"WebSite\",\"@id\":\"https:\/\/gaudiumetspes-blog.pl\/#website\",\"url\":\"https:\/\/gaudiumetspes-blog.pl\/\",\"name\":\"Gaudium Et Spes\",\"description\":\"Blog Ks. Jacka Ja\u015bkowskiego\",\"potentialAction\":[{\"@type\":\"SearchAction\",\"target\":{\"@type\":\"EntryPoint\",\"urlTemplate\":\"https:\/\/gaudiumetspes-blog.pl\/?s={search_term_string}\"},\"query-input\":{\"@type\":\"PropertyValueSpecification\",\"valueRequired\":true,\"valueName\":\"search_term_string\"}}],\"inLanguage\":\"pl-PL\"},{\"@type\":\"Person\",\"@id\":\"https:\/\/gaudiumetspes-blog.pl\/#\/schema\/person\/1661982992b752dea8dff0d4ed845a65\",\"name\":\"Ks. Jacek\",\"image\":{\"@type\":\"ImageObject\",\"inLanguage\":\"pl-PL\",\"@id\":\"https:\/\/gaudiumetspes-blog.pl\/#\/schema\/person\/image\/\",\"url\":\"https:\/\/gaudiumetspes-blog.pl\/wp-content\/uploads\/2019\/07\/avatar-JJ-150x150.jpg\",\"contentUrl\":\"https:\/\/gaudiumetspes-blog.pl\/wp-content\/uploads\/2019\/07\/avatar-JJ-150x150.jpg\",\"caption\":\"Ks. Jacek\"},\"description\":\"Witam serdecznie! K\u0142ania si\u0119 Ks. Jacek Ja\u015bkowski. Nie jestem ani kim\u015b wa\u017cnym, ani kim\u015b znanym. Jestem ksi\u0119dzem, kt\u00f3ry po prostu chce rozmawia\u0107. Codzienna kap\u0142a\u0144ska pos\u0142uga pokazuje mi, \u017ce temat\u00f3w do rozm\u00f3w z ksi\u0119dzem jest coraz wi\u0119cej i dzisiaj \u017caden ksi\u0105dz nie mo\u017ce od nich ucieka\u0107, ale - wprost przeciwnie - podejmowa\u0107 nowe wyzwania. To przekonanie sk\u0142oni\u0142o mnie do pr\u00f3by otwarcia tego\u017c bloga, chocia\u017c okazji do rozm\u00f3w na co dzie\u0144 - w konfesjonale i poza nim - na szcz\u0119\u015bcie nie brakuje. My\u015bl\u0119 jednak, \u017ce ten blog b\u0119dzie jeszcze jednym sposobem i przestrzeni\u0105 nawi\u0105zania kontaktu z lud\u017ami dobrej woli, otwartymi na dialog.\",\"url\":\"https:\/\/gaudiumetspes-blog.pl\/index.php\/author\/ks-jacek\/\"}]}<\/script>\n<!-- \/ Yoast SEO plugin. -->","yoast_head_json":{"title":"Niesamowite drogi Bo\u017ce! - Gaudium Et Spes","robots":{"index":"index","follow":"follow","max-snippet":"max-snippet:-1","max-image-preview":"max-image-preview:large","max-video-preview":"max-video-preview:-1"},"canonical":"https:\/\/gaudiumetspes-blog.pl\/index.php\/2025\/07\/09\/niesamowite-drogi-boze\/","og_locale":"pl_PL","og_type":"article","og_title":"Niesamowite drogi Bo\u017ce! - Gaudium Et Spes","og_description":"Szcz\u0119\u015b\u0107 Bo\u017ce! Moi Drodzy, w dniu dzisiejszym urodziny prze\u017cywa Pawe\u0142 Kaczorowski, m\u00f3j Znajomy od wielu lat, od czasu dzia\u0142alno\u015bci m\u0142odzie\u017cowych Wsp\u00f3lnot. Imieniny z kolei prze\u017cywa Weronika Pogoda, Osoba czynnie zaanga\u017cowana w \u017cycie Parafii w Samogoszczy. Wszystkim \u015bwi\u0119tuj\u0105cym \u017cycz\u0119 trwania z Jezusem i przy Jezusie \u2013 z rado\u015bci\u0105 i nadziej\u0105. Zapewniam o modlitwie! A ja dzisiaj [&hellip;]","og_url":"https:\/\/gaudiumetspes-blog.pl\/index.php\/2025\/07\/09\/niesamowite-drogi-boze\/","og_site_name":"Gaudium Et Spes","article_published_time":"2025-07-09T07:27:29+00:00","author":"Ks. Jacek","twitter_card":"summary_large_image","twitter_misc":{"Napisane przez":"Ks. Jacek","Szacowany czas czytania":"11 minut"},"schema":{"@context":"https:\/\/schema.org","@graph":[{"@type":"WebPage","@id":"https:\/\/gaudiumetspes-blog.pl\/index.php\/2025\/07\/09\/niesamowite-drogi-boze\/","url":"https:\/\/gaudiumetspes-blog.pl\/index.php\/2025\/07\/09\/niesamowite-drogi-boze\/","name":"Niesamowite drogi Bo\u017ce! - Gaudium Et Spes","isPartOf":{"@id":"https:\/\/gaudiumetspes-blog.pl\/#website"},"datePublished":"2025-07-09T07:27:29+00:00","author":{"@id":"https:\/\/gaudiumetspes-blog.pl\/#\/schema\/person\/1661982992b752dea8dff0d4ed845a65"},"breadcrumb":{"@id":"https:\/\/gaudiumetspes-blog.pl\/index.php\/2025\/07\/09\/niesamowite-drogi-boze\/#breadcrumb"},"inLanguage":"pl-PL","potentialAction":[{"@type":"ReadAction","target":["https:\/\/gaudiumetspes-blog.pl\/index.php\/2025\/07\/09\/niesamowite-drogi-boze\/"]}]},{"@type":"BreadcrumbList","@id":"https:\/\/gaudiumetspes-blog.pl\/index.php\/2025\/07\/09\/niesamowite-drogi-boze\/#breadcrumb","itemListElement":[{"@type":"ListItem","position":1,"name":"Strona g\u0142\u00f3wna","item":"https:\/\/gaudiumetspes-blog.pl\/"},{"@type":"ListItem","position":2,"name":"Niesamowite drogi Bo\u017ce!"}]},{"@type":"WebSite","@id":"https:\/\/gaudiumetspes-blog.pl\/#website","url":"https:\/\/gaudiumetspes-blog.pl\/","name":"Gaudium Et Spes","description":"Blog Ks. Jacka Ja\u015bkowskiego","potentialAction":[{"@type":"SearchAction","target":{"@type":"EntryPoint","urlTemplate":"https:\/\/gaudiumetspes-blog.pl\/?s={search_term_string}"},"query-input":{"@type":"PropertyValueSpecification","valueRequired":true,"valueName":"search_term_string"}}],"inLanguage":"pl-PL"},{"@type":"Person","@id":"https:\/\/gaudiumetspes-blog.pl\/#\/schema\/person\/1661982992b752dea8dff0d4ed845a65","name":"Ks. Jacek","image":{"@type":"ImageObject","inLanguage":"pl-PL","@id":"https:\/\/gaudiumetspes-blog.pl\/#\/schema\/person\/image\/","url":"https:\/\/gaudiumetspes-blog.pl\/wp-content\/uploads\/2019\/07\/avatar-JJ-150x150.jpg","contentUrl":"https:\/\/gaudiumetspes-blog.pl\/wp-content\/uploads\/2019\/07\/avatar-JJ-150x150.jpg","caption":"Ks. Jacek"},"description":"Witam serdecznie! K\u0142ania si\u0119 Ks. Jacek Ja\u015bkowski. Nie jestem ani kim\u015b wa\u017cnym, ani kim\u015b znanym. Jestem ksi\u0119dzem, kt\u00f3ry po prostu chce rozmawia\u0107. Codzienna kap\u0142a\u0144ska pos\u0142uga pokazuje mi, \u017ce temat\u00f3w do rozm\u00f3w z ksi\u0119dzem jest coraz wi\u0119cej i dzisiaj \u017caden ksi\u0105dz nie mo\u017ce od nich ucieka\u0107, ale - wprost przeciwnie - podejmowa\u0107 nowe wyzwania. To przekonanie sk\u0142oni\u0142o mnie do pr\u00f3by otwarcia tego\u017c bloga, chocia\u017c okazji do rozm\u00f3w na co dzie\u0144 - w konfesjonale i poza nim - na szcz\u0119\u015bcie nie brakuje. My\u015bl\u0119 jednak, \u017ce ten blog b\u0119dzie jeszcze jednym sposobem i przestrzeni\u0105 nawi\u0105zania kontaktu z lud\u017ami dobrej woli, otwartymi na dialog.","url":"https:\/\/gaudiumetspes-blog.pl\/index.php\/author\/ks-jacek\/"}]}},"jetpack_featured_media_url":"","jetpack_sharing_enabled":true,"_links":{"self":[{"href":"https:\/\/gaudiumetspes-blog.pl\/index.php\/wp-json\/wp\/v2\/posts\/23984","targetHints":{"allow":["GET"]}}],"collection":[{"href":"https:\/\/gaudiumetspes-blog.pl\/index.php\/wp-json\/wp\/v2\/posts"}],"about":[{"href":"https:\/\/gaudiumetspes-blog.pl\/index.php\/wp-json\/wp\/v2\/types\/post"}],"author":[{"embeddable":true,"href":"https:\/\/gaudiumetspes-blog.pl\/index.php\/wp-json\/wp\/v2\/users\/1"}],"replies":[{"embeddable":true,"href":"https:\/\/gaudiumetspes-blog.pl\/index.php\/wp-json\/wp\/v2\/comments?post=23984"}],"version-history":[{"count":1,"href":"https:\/\/gaudiumetspes-blog.pl\/index.php\/wp-json\/wp\/v2\/posts\/23984\/revisions"}],"predecessor-version":[{"id":23985,"href":"https:\/\/gaudiumetspes-blog.pl\/index.php\/wp-json\/wp\/v2\/posts\/23984\/revisions\/23985"}],"wp:attachment":[{"href":"https:\/\/gaudiumetspes-blog.pl\/index.php\/wp-json\/wp\/v2\/media?parent=23984"}],"wp:term":[{"taxonomy":"category","embeddable":true,"href":"https:\/\/gaudiumetspes-blog.pl\/index.php\/wp-json\/wp\/v2\/categories?post=23984"},{"taxonomy":"post_tag","embeddable":true,"href":"https:\/\/gaudiumetspes-blog.pl\/index.php\/wp-json\/wp\/v2\/tags?post=23984"}],"curies":[{"name":"wp","href":"https:\/\/api.w.org\/{rel}","templated":true}]}}