{"id":23986,"date":"2025-07-10T00:52:20","date_gmt":"2025-07-09T22:52:20","guid":{"rendered":"https:\/\/gaudiumetspes-blog.pl\/?p=23986"},"modified":"2025-07-10T00:52:20","modified_gmt":"2025-07-09T22:52:20","slug":"zaufaj-i-idz-i-glos","status":"publish","type":"post","link":"https:\/\/gaudiumetspes-blog.pl\/index.php\/2025\/07\/10\/zaufaj-i-idz-i-glos\/","title":{"rendered":"Zaufaj &#8211; i id\u017a! I g\u0142o\u015b!"},"content":{"rendered":"<p align=\"justify\"><span style=\"color: #000000;\"><span style=\"font-family: Book Antiqua, serif;\"><span style=\"font-size: large;\">Szcz\u0119\u015b\u0107 Bo\u017ce! Pozdrawiam z Lublina! Jak wczoraj, tak i dzisiaj \u2013 Msza \u015awi\u0119ta u Jana Kantego o 18:00. A przez ca\u0142y dzie\u0144 \u2013 modlitwa, praca i multum telefon\u00f3w! Ostatnio mocno si\u0119 jako\u015b rozdzwoni\u0142\u2026 Ale ciesz\u0119 si\u0119 z tego, \u017ce tyle Os\u00f3b chce ze mn\u0105 o tylu wa\u017cnych sprawach rozmawia\u0107. W modlitwie potem polecam Ich Panu.<\/span><\/span><\/span><\/p>\n<p align=\"justify\"><span style=\"color: #000000;\"><span style=\"font-family: Book Antiqua, serif;\"><span style=\"font-size: large;\">Teraz za\u015b ju\u017c zapraszam do pochylenia si\u0119 nad dzisiejszym Bo\u017cym s\u0142owem. Oto s\u0142\u00f3wko Ksi\u0119dza Marka na dzi\u015b:<\/span><\/span><\/span><\/p>\n<p align=\"justify\"><span style=\"color: #000000;\"><span style=\"font-family: Book Antiqua, serif;\"><span style=\"font-size: medium;\"><a href=\"https:\/\/www.youtube.com\/c\/CatholicSurgut\"><span style=\"font-size: large;\"><b>https:\/\/www.youtube.com\/c\/CatholicSurgut<\/b><\/span><\/a><\/span><\/span><\/span><\/p>\n<p align=\"justify\"><span style=\"color: #000000;\"><span style=\"font-family: Book Antiqua, serif;\"><span style=\"font-size: large;\">Poni\u017cej za\u015b \u2013 s\u0142\u00f3wko Janka. Bardzo sugestywne, konkretne i totalnie szczere! Jak to u Janka. Bardzo Mu za nie dzi\u0119kuj\u0119 \u2013 i polecam Waszej uwadze!<\/span><\/span><\/span><\/p>\n<p align=\"justify\"><span style=\"color: #000000;\"><span style=\"font-family: Book Antiqua, serif;\"><span style=\"font-size: large;\">Zatem, <b>c<\/b><b>o Pan m\u00f3wi do mnie konkretnie i osobi\u015bcie? Jakie <\/b><b>konkretne wskazanie mi daje?<\/b> Niech Duch \u015awi\u0119ty rozja\u015bni nasze umys\u0142y i wzmocni serca!<\/span><\/span><\/span><\/p>\n<p align=\"justify\"><span style=\"color: #000000;\"><span style=\"font-family: Book Antiqua, serif;\"><span style=\"font-size: large;\"><b>Niech Was b\u0142ogos\u0142awi B\u00f3g Wszechmog\u0105cy: Ojciec + i Syn, i Duch \u015awi\u0119ty. Amen<\/b><\/span><\/span><\/span><\/p>\n<p align=\"center\"><span style=\"color: #000000;\"><span style=\"font-family: Book Antiqua, serif;\"><span style=\"font-size: large;\">Gaudium et spes! Ks. Jacek<\/span><\/span><\/span><\/p>\n<p align=\"center\">\n<p align=\"center\">\n<p align=\"center\">\n<p align=\"center\">\n<p align=\"center\">\n<p align=\"justify\"><span style=\"color: #000000;\"><span style=\"font-family: Book Antiqua, serif;\"><span style=\"font-size: large;\"><b>Czwartek 14 Tygodnia zwyk\u0142ego, rok I,<\/b><\/span><\/span><\/span><\/p>\n<p align=\"justify\"><span style=\"color: #000000;\"><span style=\"font-family: Book Antiqua, serif;\"><span style=\"font-size: large;\"><b>10 lipca 2025.,<\/b><\/span><\/span><\/span><\/p>\n<p align=\"justify\"><span style=\"color: #000000;\"><span style=\"font-family: Book Antiqua, serif;\"><span style=\"font-size: large;\"><b>do czyta\u0144: Rdz 44,18\u201321.23b\u201329;45.1\u20135; Mt 10,7\u201315<\/b><\/span><\/span><\/span><\/p>\n<p align=\"justify\">\n<p align=\"justify\">\n<p align=\"justify\">\n<p align=\"justify\">\n<p align=\"justify\">\n<p align=\"justify\"><span style=\"color: #000000;\"><span style=\"font-family: Book Antiqua, serif;\"><span style=\"font-size: large;\"><b>CZYTANIE Z KSI\u0118GI RODZAJU:<\/b><\/span><\/span><\/span><\/p>\n<p align=\"justify\"><span style=\"color: #000000;\"><span style=\"font-family: Book Antiqua, serif;\"><span style=\"font-size: large;\"><b>Juda oraz jego bracia przyszli do domu J\u00f3zefa. Juda, zbli\u017cywszy si\u0119 do niego, rzek\u0142: \u201ePozw\u00f3l, panie m\u00f3j, aby tw\u00f3j s\u0142uga powiedzia\u0142 s\u0142owo wobec ciebie. I nie gniewaj si\u0119 na twego s\u0142ug\u0119, wszak\u017ce\u015b ty jak faraon. Pyta\u0142 m\u00f3j pan swoich s\u0142ug: \u00abCzy macie ojca lub brata?\u00bb Odpowiedzieli\u015bmy panu mojemu: \u00abMamy starego ojca i jednego jeszcze, najm\u0142odszego brata, zrodzonego przez niego ju\u017c w staro\u015bci. Brat tego najm\u0142odszego nie \u017cyje; zosta\u0142 on wi\u0119c jeden z tej samej matki i dlatego ojciec go pokocha\u0142\u00bb. Rozkaza\u0142e\u015b s\u0142ugom twoim: \u00abSprowad\u017acie go do mnie, abym m\u00f3g\u0142 go zobaczy\u0107. Je\u015bli nie przyjdzie z wami wasz najm\u0142odszy brat, nie pokazujcie mi si\u0119 na oczy\u00bb.<\/b><\/span><\/span><\/span><\/p>\n<p align=\"justify\"><span style=\"color: #000000;\"><span style=\"font-family: Book Antiqua, serif;\"><span style=\"font-size: large;\"><b>Gdy wi\u0119c przyszli\u015bmy do twego s\u0142ugi, ojca naszego, powt\u00f3rzyli\u015bmy mu twe s\u0142owa, panie. Potem za\u015b powiedzia\u0142 nam ojciec: \u00abId\u017acie zn\u00f3w, aby zakupi\u0107 dla nas \u017cywno\u015bci\u00bb. Odpowiedzieli\u015bmy: \u00abNie mo\u017cemy i\u015b\u0107. P\u00f3jdziemy tylko wtedy, gdy z nami p\u00f3jdzie nasz najm\u0142odszy brat. Bo nie mo\u017cemy pokaza\u0107 si\u0119 owemu m\u0119\u017cowi, je\u015bli nie b\u0119dzie z nami naszego najm\u0142odszego brata\u00bb. Wtedy powiedzia\u0142 nam tw\u00f3j s\u0142uga, ojciec nasz: \u00abWiecie, \u017ce jedna z mych \u017con urodzi\u0142a mi dw\u00f3ch syn\u00f3w. Jeden wyszed\u0142 ode mnie i wtedy pomy\u015bla\u0142em sobie, \u017ce zosta\u0142 rozszarpany, gdy\u017c wi\u0119cej go ju\u017c nie widzia\u0142em. Je\u017celi i tego drugiego zabierzecie ode mnie i spotka go jakie\u015b nieszcz\u0119\u015bcie, moja siwizna zst\u0105pi do krainy zmar\u0142ych w\u015br\u00f3d niedoli\u00bb\u201d.<\/b><\/span><\/span><\/span><\/p>\n<p align=\"justify\"><span style=\"color: #000000;\"><span style=\"font-family: Book Antiqua, serif;\"><span style=\"font-size: large;\"><b>J\u00f3zef nie m\u00f3g\u0142 opanowa\u0107 swego wzruszenia i wobec wszystkich, kt\u00f3rzy tam byli, zawo\u0142a\u0142: \u201eNiechaj wszyscy st\u0105d wyjd\u0105!\u201d Nikogo nie by\u0142o z nim, gdy J\u00f3zef da\u0142 si\u0119 pozna\u0107 swym braciom.<\/b><\/span><\/span><\/span><\/p>\n<p align=\"justify\"><span style=\"color: #000000;\"><span style=\"font-family: Book Antiqua, serif;\"><span style=\"font-size: large;\"><b>Wybuchn\u0105wszy g\u0142o\u015bnym p\u0142aczem, tak \u017ce a\u017c us\u0142yszeli Egipcjanie oraz dworzanie faraona, rzek\u0142 do swych braci: \u201eJa jestem J\u00f3zef. Czy ojciec m\u00f3j jeszcze \u017cyje?\u201d Ale bracia nie byli w stanie mu odpowiedzie\u0107, gdy\u017c zl\u0119kli si\u0119 go. On za\u015b rzek\u0142 do nich: \u201eZbli\u017ccie si\u0119 do mnie!\u201d A gdy oni si\u0119 zbli\u017cyli, powt\u00f3rzy\u0142: \u201eJa jestem J\u00f3zef, brat wasz, to ja jestem tym, kt\u00f3rego sprzedali\u015bcie do Egiptu. Ale teraz nie smu\u0107cie si\u0119 i nie wyrzucajcie sobie, \u017ce\u015bcie mnie sprzedali. Bo dla waszego ocalenia od \u015bmierci B\u00f3g wys\u0142a\u0142 mnie tu przed wami\u201d.<\/b><\/span><\/span><\/span><\/p>\n<p align=\"justify\">\n<p align=\"justify\">\n<p align=\"justify\">\n<p align=\"justify\">\n<p align=\"justify\">\n<p align=\"justify\"><span style=\"color: #000000;\"><span style=\"font-family: Book Antiqua, serif;\"><span style=\"font-size: large;\"><b>S\u0141OWA EWANGELII WED\u0141UG \u015aWI\u0118TEGO MATEUSZA:<\/b><\/span><\/span><\/span><\/p>\n<p align=\"justify\"><span style=\"color: #000000;\"><span style=\"font-family: Book Antiqua, serif;\"><span style=\"font-size: large;\"><b>Jezus powiedzia\u0142 do swoich aposto\u0142\u00f3w. \u201eId\u017acie i g\u0142o\u015bcie: \u00abBliskie ju\u017c jest kr\u00f3lestwo niebieskie\u00bb. Uzdrawiajcie chorych, wskrzeszajcie umar\u0142ych, oczyszczajcie tr\u0119dowatych, wyp\u0119dzajcie z\u0142e duchy. Darmo otrzymali\u015bcie, darmo dawajcie. Nie zdobywajcie z\u0142ota ani srebra, ani miedzi do swych trzos\u00f3w. Nie bierzcie na drog\u0119 torby ani dw\u00f3ch sukien, ani sanda\u0142\u00f3w, ani laski. Wart jest bowiem robotnik swej strawy.<\/b><\/span><\/span><\/span><\/p>\n<p align=\"justify\"><span style=\"color: #000000;\"><span style=\"font-family: Book Antiqua, serif;\"><span style=\"font-size: large;\"><b>A gdy przyjdziecie do jakiego\u015b miasta albo wsi, wywiedzcie si\u0119, kto tam jest godny, i u niego zatrzymajcie si\u0119, dop\u00f3ki nie wyjdziecie. Wchodz\u0105c do domu, powitajcie go pozdrowieniem. Je\u015bli dom na to zas\u0142uguje, niech zst\u0105pi na niego pok\u00f3j wasz; je\u015bli nie zas\u0142uguje, niech pok\u00f3j wasz powr\u00f3ci do was.<\/b><\/span><\/span><\/span><\/p>\n<p align=\"justify\"><span style=\"color: #000000;\"><span style=\"font-family: Book Antiqua, serif;\"><span style=\"font-size: large;\"><b>Gdyby was gdzie nie chciano przyj\u0105\u0107 i nie chciano s\u0142ucha\u0107 s\u0142\u00f3w waszych, wychodz\u0105c z takiego domu albo miasta, strz\u0105\u015bnijcie proch z n\u00f3g waszych. Zaprawd\u0119 powiadam wam: Ziemi sodomskiej i gomorejskiej l\u017cej b\u0119dzie w dzie\u0144 s\u0105du ni\u017c temu miastu\u201d.<\/b><\/span><\/span><\/span><\/p>\n<p align=\"justify\">\n<p align=\"justify\">\n<p align=\"justify\">\n<p align=\"justify\">\n<p align=\"justify\">\n<p align=\"center\"><span style=\"color: #000000;\"><span style=\"font-family: Book Antiqua, serif;\"><span style=\"font-size: large;\"><b>A OTO S\u0141\u00d3WKO JANKA:<\/b><\/span><\/span><\/span><\/p>\n<p align=\"center\">\n<p align=\"center\">\n<p align=\"center\">\n<p align=\"center\">\n<p align=\"center\">\n<p align=\"justify\"><span style=\"color: #000000;\"><span style=\"font-family: Book Antiqua, serif;\"><span style=\"font-size: large;\">W ostatnich dniach bardzo du\u017co s\u0142yszymy w Ewangeliach o tym, \u017ce Jezus powo\u0142uje ludzi! Wiecie, co mnie najbardziej w tym wszystkim zaskakuje? A to w\u0142a\u015bnie, \u017ce nigdzie nie ma napisanego, \u017ce ci uczniowie i aposto\u0142owie, kt\u00f3rych Jezus powo\u0142a\u0142, nie poszli za Nim! Mo\u017ce i by\u0142y czasami w\u0105tpliwo\u015bci, ale oni porzucali swoje dotychczasowe obowi\u0105zki \u2013 i jednak szli! <\/span><\/span><\/span><\/p>\n<p align=\"justify\"><span style=\"color: #000000;\"><span style=\"font-family: Book Antiqua, serif;\"><span style=\"font-size: large;\">Jak jest teraz, moi Drodzy? Czy Jezus naprawd\u0119 przesta\u0142 powo\u0142ywa\u0107? Czy mo\u017cna m\u00f3wi\u0107 o kryzysie powo\u0142a\u0144? O jakim\u015b kryzysie \u2013 zdecydowanie tak. W naszej diecezji jest lekko ponad 250 parafii. A ilu jest obecnie kleryk\u00f3w w naszym siedleckim seminarium? Na pi\u0119ciu kursach \u2013 jest ich szesnastu! Ilu ludzi liczy nasza diecezja? Na Wikipedii jest napisane, \u017ce 694 000! Przewa\u017cnie jedna trzecia ucz\u0119szcza systematycznie na Msz\u0119 \u015awi\u0119t\u0105, czyli gdzie\u015b 220 000 ludzi. To zobaczcie, ile jest ludzi, czekaj\u0105cych na kap\u0142a\u0144sk\u0105 pos\u0142ug\u0119! Jakie pot\u0119\u017cne jest \u017cniwo! Ale robotnik\u00f3w \u2013 naprawd\u0119 jest ma\u0142o\u2026 <\/span><\/span><\/span><\/p>\n<p align=\"justify\"><span style=\"color: #000000;\"><span style=\"font-family: Book Antiqua, serif;\"><span style=\"font-size: large;\">To nie jest tak, moi Drodzy, \u017ce Jezus si\u0119 obrazi\u0142 i nie wysy\u0142a tych zaprosze\u0144 do ludzi o tre\u015bci: P\u00d3JD\u0179 ZA MN\u0104! On nadal to robi! Nadal wo\u0142a do ch\u0142opak\u00f3w, kt\u00f3rym proponuje kap\u0142a\u0144sk\u0105 pos\u0142ug\u0119: P\u00d3JD\u0179 ZA MN\u0104! On nadal wzywa! Jestem przekonany, \u017ce seminaria mog\u0105 by\u0107 znowu pe\u0142ne! Tylko w czym le\u017cy problem?<\/span><\/span><\/span><\/p>\n<p align=\"justify\"><span style=\"color: #000000;\"><span style=\"font-family: Book Antiqua, serif;\"><span style=\"font-size: large;\">Problem le\u017cy w odwadze m\u0142odych ludzi. Smuci mnie to, \u017ce ludzie, kt\u00f3rzy na pewno my\u015bleli o tej drodze, nagle zaczynaj\u0105 m\u00f3wi\u0107: NIE, TO NIE O MNIE CHODZI! POWO\u0141AJ KOGO\u015a INNEGO! Mam takie wra\u017cenie, \u017ce nie potrafimy s\u0142ucha\u0107 Boga. On mo\u017ce m\u00f3wi\u0107 i m\u00f3wi\u0107 do cz\u0142owieka, ale cz\u0142owiek nie wie, kto m\u00f3wi. Taki cz\u0142owiek wmawia sobie, \u017ce to s\u0105 jego my\u015bli, kt\u00f3re \u0142atwo mo\u017cna zag\u0142uszy\u0107\u2026 <\/span><\/span><\/span><\/p>\n<p align=\"justify\"><span style=\"color: #000000;\"><span style=\"font-family: Book Antiqua, serif;\"><span style=\"font-size: large;\">Cz\u0119sto wydaje mi si\u0119, \u017ce ludzie czekaj\u0105 na wiadomo\u015b\u0107 na messengerze, czy mo\u017ce na poczcie, o tre\u015bci: TU JEZUS, TAK, TO JA CIEBIE WZYWAM! P\u00d3JD\u0179 ZA MN\u0104! Wyobra\u017cacie sobie min\u0119 tych ludzi, jakby tak\u0105 wiadomo\u015b\u0107 dostali? Ciekawe, jak wtedy by powo\u0142ani odpowiedzieli\u2026<\/span><\/span><\/span><\/p>\n<p align=\"justify\"><span style=\"color: #000000;\"><span style=\"font-family: Book Antiqua, serif;\"><span style=\"font-size: large;\">Ws\u0142uchujmy si\u0119 w g\u0142os Pana! I je\u017celi On powo\u0142uje \u2013 ID\u0179! Zaryzykuj! Nam si\u0119 cz\u0119sto za du\u017co wydaje. Nie w kontek\u015bcie pieni\u0119dzy i ich wydawania, ale w kontek\u015bcie naszego my\u015blenia. Wydaje mi si\u0119\u2026 Wydaje mi si\u0119, \u017ce b\u0119dzie ci\u0119\u017cko\u2026<\/span><\/span><\/span><\/p>\n<p align=\"justify\"><span style=\"color: #000000;\"><span style=\"font-family: Book Antiqua, serif;\"><span style=\"font-size: large;\">ZAUFAJ BOGU! NIC WI\u0118CEJ! PO PROSTU ZAUFAJ \u2013 I ID\u0179! I G\u0141O\u015a!<\/span><\/span><\/span><\/p>\n","protected":false},"excerpt":{"rendered":"<p>Szcz\u0119\u015b\u0107 Bo\u017ce! Pozdrawiam z Lublina! Jak wczoraj, tak i dzisiaj \u2013 Msza \u015awi\u0119ta u Jana Kantego o 18:00. A przez ca\u0142y dzie\u0144 \u2013 modlitwa, praca i multum telefon\u00f3w! Ostatnio mocno si\u0119 jako\u015b rozdzwoni\u0142\u2026 Ale ciesz\u0119 si\u0119 z tego, \u017ce tyle Os\u00f3b chce ze mn\u0105 o tylu wa\u017cnych sprawach rozmawia\u0107. W modlitwie potem polecam Ich Panu. [&hellip;]<\/p>\n","protected":false},"author":1,"featured_media":0,"comment_status":"open","ping_status":"open","sticky":false,"template":"","format":"standard","meta":{"jetpack_post_was_ever_published":false,"_jetpack_newsletter_access":"","_jetpack_dont_email_post_to_subs":false,"_jetpack_newsletter_tier_id":0,"_jetpack_memberships_contains_paywalled_content":false,"_jetpack_memberships_contains_paid_content":false,"footnotes":""},"categories":[1],"tags":[],"class_list":["post-23986","post","type-post","status-publish","format-standard","hentry","category-bez-kategorii"],"yoast_head":"<!-- This site is optimized with the Yoast SEO plugin v25.1 - https:\/\/yoast.com\/wordpress\/plugins\/seo\/ -->\n<title>Zaufaj - i id\u017a! I g\u0142o\u015b! - Gaudium Et Spes<\/title>\n<meta name=\"robots\" content=\"index, follow, max-snippet:-1, max-image-preview:large, max-video-preview:-1\" \/>\n<link rel=\"canonical\" href=\"https:\/\/gaudiumetspes-blog.pl\/index.php\/2025\/07\/10\/zaufaj-i-idz-i-glos\/\" \/>\n<meta property=\"og:locale\" content=\"pl_PL\" \/>\n<meta property=\"og:type\" content=\"article\" \/>\n<meta property=\"og:title\" content=\"Zaufaj - i id\u017a! I g\u0142o\u015b! - Gaudium Et Spes\" \/>\n<meta property=\"og:description\" content=\"Szcz\u0119\u015b\u0107 Bo\u017ce! Pozdrawiam z Lublina! Jak wczoraj, tak i dzisiaj \u2013 Msza \u015awi\u0119ta u Jana Kantego o 18:00. A przez ca\u0142y dzie\u0144 \u2013 modlitwa, praca i multum telefon\u00f3w! Ostatnio mocno si\u0119 jako\u015b rozdzwoni\u0142\u2026 Ale ciesz\u0119 si\u0119 z tego, \u017ce tyle Os\u00f3b chce ze mn\u0105 o tylu wa\u017cnych sprawach rozmawia\u0107. W modlitwie potem polecam Ich Panu. [&hellip;]\" \/>\n<meta property=\"og:url\" content=\"https:\/\/gaudiumetspes-blog.pl\/index.php\/2025\/07\/10\/zaufaj-i-idz-i-glos\/\" \/>\n<meta property=\"og:site_name\" content=\"Gaudium Et Spes\" \/>\n<meta property=\"article:published_time\" content=\"2025-07-09T22:52:20+00:00\" \/>\n<meta name=\"author\" content=\"Ks. Jacek\" \/>\n<meta name=\"twitter:card\" content=\"summary_large_image\" \/>\n<meta name=\"twitter:label1\" content=\"Napisane przez\" \/>\n\t<meta name=\"twitter:data1\" content=\"Ks. Jacek\" \/>\n\t<meta name=\"twitter:label2\" content=\"Szacowany czas czytania\" \/>\n\t<meta name=\"twitter:data2\" content=\"6 minut\" \/>\n<script type=\"application\/ld+json\" class=\"yoast-schema-graph\">{\"@context\":\"https:\/\/schema.org\",\"@graph\":[{\"@type\":\"WebPage\",\"@id\":\"https:\/\/gaudiumetspes-blog.pl\/index.php\/2025\/07\/10\/zaufaj-i-idz-i-glos\/\",\"url\":\"https:\/\/gaudiumetspes-blog.pl\/index.php\/2025\/07\/10\/zaufaj-i-idz-i-glos\/\",\"name\":\"Zaufaj - i id\u017a! I g\u0142o\u015b! - Gaudium Et Spes\",\"isPartOf\":{\"@id\":\"https:\/\/gaudiumetspes-blog.pl\/#website\"},\"datePublished\":\"2025-07-09T22:52:20+00:00\",\"author\":{\"@id\":\"https:\/\/gaudiumetspes-blog.pl\/#\/schema\/person\/1661982992b752dea8dff0d4ed845a65\"},\"breadcrumb\":{\"@id\":\"https:\/\/gaudiumetspes-blog.pl\/index.php\/2025\/07\/10\/zaufaj-i-idz-i-glos\/#breadcrumb\"},\"inLanguage\":\"pl-PL\",\"potentialAction\":[{\"@type\":\"ReadAction\",\"target\":[\"https:\/\/gaudiumetspes-blog.pl\/index.php\/2025\/07\/10\/zaufaj-i-idz-i-glos\/\"]}]},{\"@type\":\"BreadcrumbList\",\"@id\":\"https:\/\/gaudiumetspes-blog.pl\/index.php\/2025\/07\/10\/zaufaj-i-idz-i-glos\/#breadcrumb\",\"itemListElement\":[{\"@type\":\"ListItem\",\"position\":1,\"name\":\"Strona g\u0142\u00f3wna\",\"item\":\"https:\/\/gaudiumetspes-blog.pl\/\"},{\"@type\":\"ListItem\",\"position\":2,\"name\":\"Zaufaj &#8211; i id\u017a! I g\u0142o\u015b!\"}]},{\"@type\":\"WebSite\",\"@id\":\"https:\/\/gaudiumetspes-blog.pl\/#website\",\"url\":\"https:\/\/gaudiumetspes-blog.pl\/\",\"name\":\"Gaudium Et Spes\",\"description\":\"Blog Ks. Jacka Ja\u015bkowskiego\",\"potentialAction\":[{\"@type\":\"SearchAction\",\"target\":{\"@type\":\"EntryPoint\",\"urlTemplate\":\"https:\/\/gaudiumetspes-blog.pl\/?s={search_term_string}\"},\"query-input\":{\"@type\":\"PropertyValueSpecification\",\"valueRequired\":true,\"valueName\":\"search_term_string\"}}],\"inLanguage\":\"pl-PL\"},{\"@type\":\"Person\",\"@id\":\"https:\/\/gaudiumetspes-blog.pl\/#\/schema\/person\/1661982992b752dea8dff0d4ed845a65\",\"name\":\"Ks. Jacek\",\"image\":{\"@type\":\"ImageObject\",\"inLanguage\":\"pl-PL\",\"@id\":\"https:\/\/gaudiumetspes-blog.pl\/#\/schema\/person\/image\/\",\"url\":\"https:\/\/gaudiumetspes-blog.pl\/wp-content\/uploads\/2019\/07\/avatar-JJ-150x150.jpg\",\"contentUrl\":\"https:\/\/gaudiumetspes-blog.pl\/wp-content\/uploads\/2019\/07\/avatar-JJ-150x150.jpg\",\"caption\":\"Ks. Jacek\"},\"description\":\"Witam serdecznie! K\u0142ania si\u0119 Ks. Jacek Ja\u015bkowski. Nie jestem ani kim\u015b wa\u017cnym, ani kim\u015b znanym. Jestem ksi\u0119dzem, kt\u00f3ry po prostu chce rozmawia\u0107. Codzienna kap\u0142a\u0144ska pos\u0142uga pokazuje mi, \u017ce temat\u00f3w do rozm\u00f3w z ksi\u0119dzem jest coraz wi\u0119cej i dzisiaj \u017caden ksi\u0105dz nie mo\u017ce od nich ucieka\u0107, ale - wprost przeciwnie - podejmowa\u0107 nowe wyzwania. To przekonanie sk\u0142oni\u0142o mnie do pr\u00f3by otwarcia tego\u017c bloga, chocia\u017c okazji do rozm\u00f3w na co dzie\u0144 - w konfesjonale i poza nim - na szcz\u0119\u015bcie nie brakuje. My\u015bl\u0119 jednak, \u017ce ten blog b\u0119dzie jeszcze jednym sposobem i przestrzeni\u0105 nawi\u0105zania kontaktu z lud\u017ami dobrej woli, otwartymi na dialog.\",\"url\":\"https:\/\/gaudiumetspes-blog.pl\/index.php\/author\/ks-jacek\/\"}]}<\/script>\n<!-- \/ Yoast SEO plugin. -->","yoast_head_json":{"title":"Zaufaj - i id\u017a! I g\u0142o\u015b! - Gaudium Et Spes","robots":{"index":"index","follow":"follow","max-snippet":"max-snippet:-1","max-image-preview":"max-image-preview:large","max-video-preview":"max-video-preview:-1"},"canonical":"https:\/\/gaudiumetspes-blog.pl\/index.php\/2025\/07\/10\/zaufaj-i-idz-i-glos\/","og_locale":"pl_PL","og_type":"article","og_title":"Zaufaj - i id\u017a! I g\u0142o\u015b! - Gaudium Et Spes","og_description":"Szcz\u0119\u015b\u0107 Bo\u017ce! Pozdrawiam z Lublina! Jak wczoraj, tak i dzisiaj \u2013 Msza \u015awi\u0119ta u Jana Kantego o 18:00. A przez ca\u0142y dzie\u0144 \u2013 modlitwa, praca i multum telefon\u00f3w! Ostatnio mocno si\u0119 jako\u015b rozdzwoni\u0142\u2026 Ale ciesz\u0119 si\u0119 z tego, \u017ce tyle Os\u00f3b chce ze mn\u0105 o tylu wa\u017cnych sprawach rozmawia\u0107. W modlitwie potem polecam Ich Panu. [&hellip;]","og_url":"https:\/\/gaudiumetspes-blog.pl\/index.php\/2025\/07\/10\/zaufaj-i-idz-i-glos\/","og_site_name":"Gaudium Et Spes","article_published_time":"2025-07-09T22:52:20+00:00","author":"Ks. Jacek","twitter_card":"summary_large_image","twitter_misc":{"Napisane przez":"Ks. Jacek","Szacowany czas czytania":"6 minut"},"schema":{"@context":"https:\/\/schema.org","@graph":[{"@type":"WebPage","@id":"https:\/\/gaudiumetspes-blog.pl\/index.php\/2025\/07\/10\/zaufaj-i-idz-i-glos\/","url":"https:\/\/gaudiumetspes-blog.pl\/index.php\/2025\/07\/10\/zaufaj-i-idz-i-glos\/","name":"Zaufaj - i id\u017a! I g\u0142o\u015b! - Gaudium Et Spes","isPartOf":{"@id":"https:\/\/gaudiumetspes-blog.pl\/#website"},"datePublished":"2025-07-09T22:52:20+00:00","author":{"@id":"https:\/\/gaudiumetspes-blog.pl\/#\/schema\/person\/1661982992b752dea8dff0d4ed845a65"},"breadcrumb":{"@id":"https:\/\/gaudiumetspes-blog.pl\/index.php\/2025\/07\/10\/zaufaj-i-idz-i-glos\/#breadcrumb"},"inLanguage":"pl-PL","potentialAction":[{"@type":"ReadAction","target":["https:\/\/gaudiumetspes-blog.pl\/index.php\/2025\/07\/10\/zaufaj-i-idz-i-glos\/"]}]},{"@type":"BreadcrumbList","@id":"https:\/\/gaudiumetspes-blog.pl\/index.php\/2025\/07\/10\/zaufaj-i-idz-i-glos\/#breadcrumb","itemListElement":[{"@type":"ListItem","position":1,"name":"Strona g\u0142\u00f3wna","item":"https:\/\/gaudiumetspes-blog.pl\/"},{"@type":"ListItem","position":2,"name":"Zaufaj &#8211; i id\u017a! I g\u0142o\u015b!"}]},{"@type":"WebSite","@id":"https:\/\/gaudiumetspes-blog.pl\/#website","url":"https:\/\/gaudiumetspes-blog.pl\/","name":"Gaudium Et Spes","description":"Blog Ks. Jacka Ja\u015bkowskiego","potentialAction":[{"@type":"SearchAction","target":{"@type":"EntryPoint","urlTemplate":"https:\/\/gaudiumetspes-blog.pl\/?s={search_term_string}"},"query-input":{"@type":"PropertyValueSpecification","valueRequired":true,"valueName":"search_term_string"}}],"inLanguage":"pl-PL"},{"@type":"Person","@id":"https:\/\/gaudiumetspes-blog.pl\/#\/schema\/person\/1661982992b752dea8dff0d4ed845a65","name":"Ks. Jacek","image":{"@type":"ImageObject","inLanguage":"pl-PL","@id":"https:\/\/gaudiumetspes-blog.pl\/#\/schema\/person\/image\/","url":"https:\/\/gaudiumetspes-blog.pl\/wp-content\/uploads\/2019\/07\/avatar-JJ-150x150.jpg","contentUrl":"https:\/\/gaudiumetspes-blog.pl\/wp-content\/uploads\/2019\/07\/avatar-JJ-150x150.jpg","caption":"Ks. Jacek"},"description":"Witam serdecznie! K\u0142ania si\u0119 Ks. Jacek Ja\u015bkowski. Nie jestem ani kim\u015b wa\u017cnym, ani kim\u015b znanym. Jestem ksi\u0119dzem, kt\u00f3ry po prostu chce rozmawia\u0107. Codzienna kap\u0142a\u0144ska pos\u0142uga pokazuje mi, \u017ce temat\u00f3w do rozm\u00f3w z ksi\u0119dzem jest coraz wi\u0119cej i dzisiaj \u017caden ksi\u0105dz nie mo\u017ce od nich ucieka\u0107, ale - wprost przeciwnie - podejmowa\u0107 nowe wyzwania. To przekonanie sk\u0142oni\u0142o mnie do pr\u00f3by otwarcia tego\u017c bloga, chocia\u017c okazji do rozm\u00f3w na co dzie\u0144 - w konfesjonale i poza nim - na szcz\u0119\u015bcie nie brakuje. My\u015bl\u0119 jednak, \u017ce ten blog b\u0119dzie jeszcze jednym sposobem i przestrzeni\u0105 nawi\u0105zania kontaktu z lud\u017ami dobrej woli, otwartymi na dialog.","url":"https:\/\/gaudiumetspes-blog.pl\/index.php\/author\/ks-jacek\/"}]}},"jetpack_featured_media_url":"","jetpack_sharing_enabled":true,"_links":{"self":[{"href":"https:\/\/gaudiumetspes-blog.pl\/index.php\/wp-json\/wp\/v2\/posts\/23986","targetHints":{"allow":["GET"]}}],"collection":[{"href":"https:\/\/gaudiumetspes-blog.pl\/index.php\/wp-json\/wp\/v2\/posts"}],"about":[{"href":"https:\/\/gaudiumetspes-blog.pl\/index.php\/wp-json\/wp\/v2\/types\/post"}],"author":[{"embeddable":true,"href":"https:\/\/gaudiumetspes-blog.pl\/index.php\/wp-json\/wp\/v2\/users\/1"}],"replies":[{"embeddable":true,"href":"https:\/\/gaudiumetspes-blog.pl\/index.php\/wp-json\/wp\/v2\/comments?post=23986"}],"version-history":[{"count":1,"href":"https:\/\/gaudiumetspes-blog.pl\/index.php\/wp-json\/wp\/v2\/posts\/23986\/revisions"}],"predecessor-version":[{"id":23987,"href":"https:\/\/gaudiumetspes-blog.pl\/index.php\/wp-json\/wp\/v2\/posts\/23986\/revisions\/23987"}],"wp:attachment":[{"href":"https:\/\/gaudiumetspes-blog.pl\/index.php\/wp-json\/wp\/v2\/media?parent=23986"}],"wp:term":[{"taxonomy":"category","embeddable":true,"href":"https:\/\/gaudiumetspes-blog.pl\/index.php\/wp-json\/wp\/v2\/categories?post=23986"},{"taxonomy":"post_tag","embeddable":true,"href":"https:\/\/gaudiumetspes-blog.pl\/index.php\/wp-json\/wp\/v2\/tags?post=23986"}],"curies":[{"name":"wp","href":"https:\/\/api.w.org\/{rel}","templated":true}]}}