{"id":23988,"date":"2025-07-11T09:38:57","date_gmt":"2025-07-11T07:38:57","guid":{"rendered":"https:\/\/gaudiumetspes-blog.pl\/?p=23988"},"modified":"2025-07-11T10:35:54","modified_gmt":"2025-07-11T08:35:54","slug":"ora-et-labora-2","status":"publish","type":"post","link":"https:\/\/gaudiumetspes-blog.pl\/index.php\/2025\/07\/11\/ora-et-labora-2\/","title":{"rendered":"Ora et labora"},"content":{"rendered":"<p>Niech b\u0119dzie pochwalony Jezus Chrystus!<span class=\"Apple-converted-space\">\u00a0<\/span><\/p>\n<p>&nbsp;<\/p>\n<p>Pozdrawiam bardzo serdecznie z Surgutu, z Syberii!<\/p>\n<p>&nbsp;<\/p>\n<p>Dzi\u015b w Polsce, w Europie, nawet w europejskiej cz\u0119\u015bci Rosji, \u015bwi\u0119to, a u nas tylko wspomnienie \u015bw. Benedykta, patrona Europy. Wi\u0119c czytania s\u0105 r\u00f3\u017cne. Ale spr\u00f3buje co\u015b skleci\u0107 \ud83d\ude42<span class=\"Apple-converted-space\">\u00a0<\/span><\/p>\n<p>&nbsp;<\/p>\n<p>Pro\u015bmy Ducha \u015awi\u0119tego, \u017ceby nam pom\u00f3g\u0142 us\u0142ysze\u0107 S\u0142owo Bo\u017ce.<\/p>\n<p>&nbsp;<\/p>\n<p>Ni\u017cej link, gdzie mo\u017cemy poczyta\u0107 o \u015bw. Benedykcie:<span class=\"Apple-converted-space\">\u00a0<\/span><\/p>\n<p><span class=\"Apple-converted-space\">\u00a0<\/span><a href=\"https:\/\/brewiarz.pl\/czytelnia\/swieci\/07-11a.php3\">https:\/\/brewiarz.pl\/czytelnia\/swieci\/07-11a.php3<\/a><\/p>\n<p>&nbsp;<\/p>\n<p>A teraz czytania:<span class=\"Apple-converted-space\">\u00a0<\/span><\/p>\n<p>&nbsp;<\/p>\n<p><em><strong>(Prz 2,1-9) <\/strong><\/em><br \/>\n<em><strong>Synu, je\u015bli przyjmiesz moje nauki i zachowasz u siebie wskazania; ku m\u0105dro\u015bci nachylisz swe ucho, ku roztropno\u015bci swe serce; je\u015bli wezwiesz rozs\u0105dek, przywo\u0142asz dono\u015bnie rozwag\u0119, je\u015bli szuka\u0107 jej poczniesz jak srebra i po\u017c\u0105da\u0107 jej b\u0119dziesz jak skarb\u00f3w, to boja\u017a\u0144 Pana zrozumiesz, osi\u0105gniesz znajomo\u015b\u0107 Boga. Bo Pan udziela m\u0105dro\u015bci, z ust Jego wychodz\u0105 wiedza i roztropno\u015b\u0107; dla prawych On chowa sw\u0105 pomoc, On jest tarcz\u0105 dla \u017cyj\u0105cych uczciwie. On strze\u017ce \u015bcie\u017cek prawo\u015bci, ochrania drogi pobo\u017cnych. Wtedy sprawiedliwo\u015b\u0107 pojmiesz i prawo\u015b\u0107, i rzetelno\u015b\u0107 i ka\u017cd\u0105 dobr\u0105 \u015bcie\u017ck\u0119.<\/strong><\/em><\/p>\n<p>&nbsp;<\/p>\n<p><em><strong>(Ps 34 (33), 2-3. 4-5. 6-7. 8-9. 10-11) <\/strong><\/em><br \/>\n<em><strong>REFREN: Wszyscy zobaczcie, jak nasz Pan jest dobry<\/strong><\/em><\/p>\n<p>&nbsp;<\/p>\n<p><em><strong>B\u0119d\u0119 b\u0142ogos\u0142awi\u0142 Pana po wieczne czasy,<\/strong><\/em><br \/>\n<em><strong>Jego chwa\u0142a b\u0119dzie zawsze na moich ustach.<\/strong><\/em><br \/>\n<em><strong>Dusza moja chlubi si\u0119 Panem,<\/strong><\/em><br \/>\n<em><strong>niech s\u0142ysz\u0105 to pokorni i niech si\u0119 wesel\u0105.<\/strong><\/em><\/p>\n<p>&nbsp;<\/p>\n<p><em><strong>Wys\u0142awiajcie razem ze mn\u0105 Pana,<\/strong><\/em><br \/>\n<em><strong>wsp\u00f3lnie wywy\u017cszajmy Jego imi\u0119.<\/strong><\/em><br \/>\n<em><strong>Szuka\u0142em pomocy u Pana, a On mnie wys\u0142ucha\u0142<\/strong><\/em><br \/>\n<em><strong>i wyzwoli\u0142 od wszelkiej trwogi.<\/strong><\/em><\/p>\n<p>&nbsp;<\/p>\n<p><em><strong>Sp\u00f3jrzcie na Niego, a rozpromienicie si\u0119 rado\u015bci\u0105,<\/strong><\/em><br \/>\n<em><strong>oblicza wasze nie zap\u0142on\u0105 wstydem.<\/strong><\/em><br \/>\n<em><strong>Oto zawo\u0142a\u0142 biedak i Pan go us\u0142ysza\u0142,<\/strong><\/em><br \/>\n<em><strong>i uwolni\u0142 od wszelkiego ucisku.<\/strong><\/em><\/p>\n<p>&nbsp;<\/p>\n<p><em><strong>Anio\u0142 Pa\u0144ski otacza sza\u0144cem bogobojnych,<\/strong><\/em><br \/>\n<em><strong>aby ich ocali\u0107.<\/strong><\/em><br \/>\n<em><strong>Skosztujcie i zobaczcie, jak Pan jest dobry,<\/strong><\/em><br \/>\n<em><strong>szcz\u0119\u015bliwy cz\u0142owiek, kt\u00f3ry znajduje w Nim ucieczk\u0119.<\/strong><\/em><\/p>\n<p>&nbsp;<\/p>\n<p><em><strong>B\u00f3jcie si\u0119 Pana, wszyscy Jego \u015bwi\u0119ci,<\/strong><\/em><br \/>\n<em><strong>gdy\u017c bogobojni nie zaznaj\u0105 biedy.<\/strong><\/em><br \/>\n<em><strong>Bogacze zubo\u017celi i zaznali g\u0142odu,<\/strong><\/em><br \/>\n<em><strong>szukaj\u0105cym Pana niczego nie zabraknie.<\/strong><\/em><\/p>\n<p>&nbsp;<\/p>\n<p><em><strong>(Dz 4,32-35) <\/strong><\/em><br \/>\n<em><strong>Jeden duch i jedno serce o\u017cywia\u0142y wszystkich wierz\u0105cych. \u017baden nie nazywa\u0142 swoim tego, co posiada\u0142, ale wszystko mieli wsp\u00f3lne. Aposto\u0142owie z wielk\u0105 moc\u0105 \u015bwiadczyli o zmartwychwstaniu Pana Jezusa, a wszyscy oni mieli wielk\u0105 \u0142ask\u0119. Nikt z nich nie cierpia\u0142 niedostatku, bo w\u0142a\u015bciciele p\u00f3l albo dom\u00f3w sprzedawali je i przynosili pieni\u0105dze uzyskane ze sprzeda\u017cy, i sk\u0142adali je u st\u00f3p Aposto\u0142\u00f3w. Ka\u017cdemu te\u017c rozdzielano wed\u0142ug potrzeby.<\/strong><\/em><\/p>\n<p>&nbsp;<\/p>\n<p><em><strong>(Mt 19,27-29) <\/strong><\/em><br \/>\n<em><strong>Piotr powiedzia\u0142 do Jezusa: \u201eOto my opu\u015bcili\u015bmy wszystko i poszli\u015bmy za Tob\u0105, c\u00f3\u017c wi\u0119c otrzymamy?\u201d Jezus za\u015b rzek\u0142 do nich: \u201eZaprawd\u0119, powiadam wam: Przy odrodzeniu, gdy Syn Cz\u0142owieczy zasi\u0105dzie na swym tronie chwa\u0142y, wy, kt\u00f3rzy poszli\u015bcie za Mn\u0105, zasi\u0105dziecie r\u00f3wnie\u017c na dwunastu tronach i b\u0119dziecie s\u0105dzi\u0107 dwana\u015bcie pokole\u0144 Izraela. I ka\u017cdy, kto dla mego imienia opu\u015bci dom, braci lub siostry, ojca lub matk\u0119, dzieci lub pole, stokro\u0107 tyle otrzyma i \u017cycie wieczne odziedziczy\u201d.<\/strong><\/em><\/p>\n<p>&nbsp;<\/p>\n<p>\u017byciorysy \u015bwi\u0119tych nazywane s\u0105 cz\u0119sto pi\u0105t\u0105 Ewangeli\u0105, dlatego, \u017ce s\u0105 Ewangeli\u0105 prze\u017cyt\u0105, Ewangeli\u0105 w praktyce. Dlatego te\u017c warto spojrze\u0107 na dzisiejsze czytania od takiej strony &#8211; dlaczego Ko\u015bci\u00f3\u0142 daje nam takie czytania w \u015bwi\u0119to \u015bw. Benedykta?<span class=\"Apple-converted-space\">\u00a0<\/span><\/p>\n<p>&nbsp;<\/p>\n<p>Spr\u00f3bujmy pod tym k\u0105tem popatrze\u0107:<span class=\"Apple-converted-space\">\u00a0<\/span><\/p>\n<p>&nbsp;<\/p>\n<p>\u201eSynu, je\u015bli przyjmiesz moje nauki i zachowasz u siebie wskazania; ku m\u0105dro\u015bci nachylisz swe ucho, ku roztropno\u015bci swe serce; je\u015bli wezwiesz rozs\u0105dek, przywo\u0142asz dono\u015bnie rozwag\u0119\u2026\u201d<\/p>\n<p>Pierwsze czytanie to pochwa\u0142a m\u0105dro\u015bci, rozs\u0105dku, roztropno\u015bci, kt\u00f3ra wynika z przyj\u0119cia nauki. Regu\u0142a \u015bw. Benedykta, kt\u00f3ra kojarzymy ze s\u0142ynnym &#8211; ora et labora &#8211; m\u00f3dl si\u0119 i pracuj, jest regu\u0142\u0105 roztropno\u015bci, porz\u0105dku, harmonii, pouk\u0142adania. To co j\u0105 wyr\u00f3\u017cnia spo\u015br\u00f3d wcze\u015bniejszych regu\u0142, to umiarkowanie.<span class=\"Apple-converted-space\">\u00a0<\/span><\/p>\n<p>My\u015bl\u0119 \u017ce i Europie, kt\u00f3rej patronuje Benedykt, i ka\u017cdemu z nas potrzeba takiej m\u0105dro\u015bci i roztropno\u015bci, pewnego umiarkowania, i tego \u017ceby\u015bmy i my, nawet nie b\u0119d\u0105c monachami, zakonnikami, przyda\u0142a by si\u0119 jaka\u015b m\u0105dra regu\u0142a \u017cycia.<span class=\"Apple-converted-space\">\u00a0<\/span><\/p>\n<p>&nbsp;<\/p>\n<p>\u201eJeden duch i jedno serce o\u017cywia\u0142y wszystkich wierz\u0105cych. \u017baden nie nazywa\u0142 swoim tego, co posiada\u0142, ale wszystko mieli wsp\u00f3lne. Aposto\u0142owie z wielk\u0105 moc\u0105 \u015bwiadczyli o zmartwychwstaniu Pana Jezusa, a wszyscy oni mieli wielk\u0105 \u0142ask\u0119\u201d.<\/p>\n<p>Podziwiam wielk\u0105 moc g\u0142oszenia i dzia\u0142ania Benedykta. Jakim musia\u0142 by\u0107 cz\u0142owiekiem, \u017ce kiedy \u017cy\u0142 w g\u00f3rach, w grocie, pasterze go karmili, a potem do niego zacz\u0119li przychodzi\u0107 uczniowie, kt\u00f3rzy zaczynali \u017cy\u0107 tak jak on? Ciekawe, czy jakby\u015bmy my poszli w g\u00f3ry, zacz\u0119li \u017cy\u0107 w grotach, czy przychodzili by ludzie, \u017ceby nas na\u015bladowa\u0107. Jaka si\u0142a ducha, jaka moc wewn\u0119trzna, i z drugiej strony, jaka potrzeba autorytetu\u2026<span class=\"Apple-converted-space\">\u00a0<\/span><\/p>\n<p>&nbsp;<\/p>\n<p>\u201eI ka\u017cdy, kto dla mego imienia opu\u015bci dom, braci lub siostry, ojca lub matk\u0119, dzieci lub pole, stokro\u0107 tyle otrzyma i \u017cycie wieczne odziedziczy\u201d.<\/p>\n<p>\u017beby doj\u015b\u0107 do takich szczyt\u00f3w duchowych i szczyt\u00f3w \u015bwi\u0119to\u015bci, trzeba co\u015b, albo kogo\u015b opu\u015bci\u0107. Opuszczenie ze wzgl\u0119du na Jezusa. Co opu\u015bcili\u015bmy, co opuszczamy, co powinnismy opu\u015bci\u0107? Warto do\u015bwiadczy\u0107 jakiego\u015b opuszczenia, \u017ceby jeszcze wi\u0119cej przyj\u0105\u0107, otrzyma\u0107.<span class=\"Apple-converted-space\">\u00a0<\/span><\/p>\n<p>&nbsp;<\/p>\n<p>W czym imponuje Ci \u015bw. Benedykt i czego mo\u017cesz si\u0119 od niego nauczy\u0107, co przej\u0105\u0107?<span class=\"Apple-converted-space\">\u00a0<\/span><\/p>\n<p>&nbsp;<\/p>\n<p>Postaram si\u0119 jeszcze p\u00f3zniej napisa\u0107 co u nas, ale p\u00f3ki co\u2026<\/p>\n<p>&nbsp;<\/p>\n<p>Ni\u017cej S\u0142\u00f3wko z Syberii, cho\u0107 ono odnosi si\u0119 do czyta\u0144 z dnia. Ale zapraszam.<span class=\"Apple-converted-space\">\u00a0<\/span><\/p>\n<p>&nbsp;<\/p>\n<p>Pozdrawiam serdecznie!<span class=\"Apple-converted-space\">\u00a0<\/span><\/p>\n<p>&nbsp;<\/p>\n<p>Z Bogiem!<span class=\"Apple-converted-space\">\u00a0<\/span><\/p>\n<p>&nbsp;<\/p>\n<p><iframe loading=\"lazy\" title=\"S\u0142\u00f3wko z Syberii 11.07.2025 PL\" width=\"720\" height=\"405\" src=\"https:\/\/www.youtube.com\/embed\/2JNFQi2X5yE?feature=oembed\" frameborder=\"0\" allow=\"accelerometer; autoplay; clipboard-write; encrypted-media; gyroscope; picture-in-picture; web-share\" referrerpolicy=\"strict-origin-when-cross-origin\" allowfullscreen><\/iframe><\/p>\n","protected":false},"excerpt":{"rendered":"<p>Niech b\u0119dzie pochwalony Jezus Chrystus!\u00a0 &nbsp; Pozdrawiam bardzo serdecznie z Surgutu, z Syberii! &nbsp; Dzi\u015b w Polsce, w Europie, nawet w europejskiej cz\u0119\u015bci Rosji, \u015bwi\u0119to, a u nas tylko wspomnienie \u015bw. Benedykta, patrona Europy. Wi\u0119c czytania s\u0105 r\u00f3\u017cne. Ale spr\u00f3buje co\u015b skleci\u0107 \ud83d\ude42\u00a0 &nbsp; Pro\u015bmy Ducha \u015awi\u0119tego, \u017ceby nam pom\u00f3g\u0142 us\u0142ysze\u0107 S\u0142owo Bo\u017ce. &nbsp; Ni\u017cej [&hellip;]<\/p>\n","protected":false},"author":3,"featured_media":0,"comment_status":"open","ping_status":"open","sticky":false,"template":"","format":"standard","meta":{"jetpack_post_was_ever_published":false,"_jetpack_newsletter_access":"","_jetpack_dont_email_post_to_subs":false,"_jetpack_newsletter_tier_id":0,"_jetpack_memberships_contains_paywalled_content":false,"_jetpack_memberships_contains_paid_content":false,"footnotes":""},"categories":[1],"tags":[],"class_list":["post-23988","post","type-post","status-publish","format-standard","hentry","category-bez-kategorii"],"yoast_head":"<!-- This site is optimized with the Yoast SEO plugin v25.1 - https:\/\/yoast.com\/wordpress\/plugins\/seo\/ -->\n<title>Ora et labora - Gaudium Et Spes<\/title>\n<meta name=\"robots\" content=\"index, follow, max-snippet:-1, max-image-preview:large, max-video-preview:-1\" \/>\n<link rel=\"canonical\" href=\"https:\/\/gaudiumetspes-blog.pl\/index.php\/2025\/07\/11\/ora-et-labora-2\/\" \/>\n<meta property=\"og:locale\" content=\"pl_PL\" \/>\n<meta property=\"og:type\" content=\"article\" \/>\n<meta property=\"og:title\" content=\"Ora et labora - Gaudium Et Spes\" \/>\n<meta property=\"og:description\" content=\"Niech b\u0119dzie pochwalony Jezus Chrystus!\u00a0 &nbsp; Pozdrawiam bardzo serdecznie z Surgutu, z Syberii! &nbsp; Dzi\u015b w Polsce, w Europie, nawet w europejskiej cz\u0119\u015bci Rosji, \u015bwi\u0119to, a u nas tylko wspomnienie \u015bw. Benedykta, patrona Europy. Wi\u0119c czytania s\u0105 r\u00f3\u017cne. Ale spr\u00f3buje co\u015b skleci\u0107 \ud83d\ude42\u00a0 &nbsp; Pro\u015bmy Ducha \u015awi\u0119tego, \u017ceby nam pom\u00f3g\u0142 us\u0142ysze\u0107 S\u0142owo Bo\u017ce. &nbsp; Ni\u017cej [&hellip;]\" \/>\n<meta property=\"og:url\" content=\"https:\/\/gaudiumetspes-blog.pl\/index.php\/2025\/07\/11\/ora-et-labora-2\/\" \/>\n<meta property=\"og:site_name\" content=\"Gaudium Et Spes\" \/>\n<meta property=\"article:published_time\" content=\"2025-07-11T07:38:57+00:00\" \/>\n<meta property=\"article:modified_time\" content=\"2025-07-11T08:35:54+00:00\" \/>\n<meta name=\"author\" content=\"Ks. Marek\" \/>\n<meta name=\"twitter:card\" content=\"summary_large_image\" \/>\n<meta name=\"twitter:label1\" content=\"Napisane przez\" \/>\n\t<meta name=\"twitter:data1\" content=\"Ks. Marek\" \/>\n\t<meta name=\"twitter:label2\" content=\"Szacowany czas czytania\" \/>\n\t<meta name=\"twitter:data2\" content=\"5 minut\" \/>\n<script type=\"application\/ld+json\" class=\"yoast-schema-graph\">{\"@context\":\"https:\/\/schema.org\",\"@graph\":[{\"@type\":\"WebPage\",\"@id\":\"https:\/\/gaudiumetspes-blog.pl\/index.php\/2025\/07\/11\/ora-et-labora-2\/\",\"url\":\"https:\/\/gaudiumetspes-blog.pl\/index.php\/2025\/07\/11\/ora-et-labora-2\/\",\"name\":\"Ora et labora - Gaudium Et Spes\",\"isPartOf\":{\"@id\":\"https:\/\/gaudiumetspes-blog.pl\/#website\"},\"datePublished\":\"2025-07-11T07:38:57+00:00\",\"dateModified\":\"2025-07-11T08:35:54+00:00\",\"author\":{\"@id\":\"https:\/\/gaudiumetspes-blog.pl\/#\/schema\/person\/12bc173d67dadb67c1c90d9c6c34c643\"},\"breadcrumb\":{\"@id\":\"https:\/\/gaudiumetspes-blog.pl\/index.php\/2025\/07\/11\/ora-et-labora-2\/#breadcrumb\"},\"inLanguage\":\"pl-PL\",\"potentialAction\":[{\"@type\":\"ReadAction\",\"target\":[\"https:\/\/gaudiumetspes-blog.pl\/index.php\/2025\/07\/11\/ora-et-labora-2\/\"]}]},{\"@type\":\"BreadcrumbList\",\"@id\":\"https:\/\/gaudiumetspes-blog.pl\/index.php\/2025\/07\/11\/ora-et-labora-2\/#breadcrumb\",\"itemListElement\":[{\"@type\":\"ListItem\",\"position\":1,\"name\":\"Strona g\u0142\u00f3wna\",\"item\":\"https:\/\/gaudiumetspes-blog.pl\/\"},{\"@type\":\"ListItem\",\"position\":2,\"name\":\"Ora et labora\"}]},{\"@type\":\"WebSite\",\"@id\":\"https:\/\/gaudiumetspes-blog.pl\/#website\",\"url\":\"https:\/\/gaudiumetspes-blog.pl\/\",\"name\":\"Gaudium Et Spes\",\"description\":\"Blog Ks. Jacka Ja\u015bkowskiego\",\"potentialAction\":[{\"@type\":\"SearchAction\",\"target\":{\"@type\":\"EntryPoint\",\"urlTemplate\":\"https:\/\/gaudiumetspes-blog.pl\/?s={search_term_string}\"},\"query-input\":{\"@type\":\"PropertyValueSpecification\",\"valueRequired\":true,\"valueName\":\"search_term_string\"}}],\"inLanguage\":\"pl-PL\"},{\"@type\":\"Person\",\"@id\":\"https:\/\/gaudiumetspes-blog.pl\/#\/schema\/person\/12bc173d67dadb67c1c90d9c6c34c643\",\"name\":\"Ks. Marek\",\"image\":{\"@type\":\"ImageObject\",\"inLanguage\":\"pl-PL\",\"@id\":\"https:\/\/gaudiumetspes-blog.pl\/#\/schema\/person\/image\/\",\"url\":\"https:\/\/gaudiumetspes-blog.pl\/wp-content\/uploads\/2019\/08\/73914d81-03a2-41a3-a2c0-9e0651fc6189-150x150.jpg\",\"contentUrl\":\"https:\/\/gaudiumetspes-blog.pl\/wp-content\/uploads\/2019\/08\/73914d81-03a2-41a3-a2c0-9e0651fc6189-150x150.jpg\",\"caption\":\"Ks. Marek\"},\"description\":\"Nazywam si\u0119 Ks. Marek Ja\u015bkowski i jestem Proboszczem Parafii \u015aw. J\u00f3zefa Robotnika w Surgucie i Parafii \u015aw. Paw\u0142a Aposto\u0142a w Nojabrsku. Moja Parafia to p\u00f3\u0142nocna cz\u0119\u015b\u0107 zachodniej Syberii \u2013 mo\u017cna powiedzie\u0107, \u017ce terytorialnie to prawie po\u0142owa Diecezji nowosybirskiej, jej p\u00f3\u0142nocna cz\u0119\u015b\u0107. Nasz Biskup okre\u015bli\u0142 kiedy\u015b, \u017ce jest to terytorialnie najwi\u0119ksza Parafia na \u015bwiecie! Terytorium Parafii jest czterokrotnie wi\u0119ksze od terytorium Polski! Przez kilka lat by\u0142em jedynym rzymskokatolickim ksi\u0119dzem na tym terytorium, od wrze\u015bnia 2019 roku pos\u0142ug\u0119 podejmuje Wsp\u00f3\u0142pracownik, Ks. Pawe\u0142 Czelu\u015bci\u0144ski. W Parafii pos\u0142uguj\u0105 tak\u017ce dwie Siostry od Anio\u0142\u00f3w, S. Joann i S. Teresa. Terytorium naszej Parafii to Chanty-Mansyjski Autonomiczny Okr\u0119g i Jamalsko-Nieniecki Autonomiczny Okr\u0119g. Jest to terytorium, kt\u00f3re s\u0142ynie z wydobycia ropy i gazu. Wi\u0119kszo\u015b\u0107 ropy, wydobywanej w Rosji \u2013 wydobywa si\u0119 z terenu mojej Parafii. W zwi\u0105zku z tym, w ostatnich kilku dziesi\u0119cioleciach, przyby\u0142o mn\u00f3stwo ludzi w poszukiwaniu pracy. Na tym terenie jest kilkana\u015bcie, a mo\u017ce i kilkadziesi\u0105t \u2013 cz\u0119sto nowych miast, w kt\u00f3rych osiedlaj\u0105 si\u0119 owi przyje\u017cd\u017caj\u0105cy ludzie. Odwiedzamy miasta: Jugorsk i Sowiecki, oddalone 650 km od Surgutu; Uraj \u2013 730 km; Niaga\u0144 \u2013 600 km; Chanty-Mansyjsk \u2013 300 km. To kierunek po\u0142udniowo \u2013 zachodni. Natomiast na p\u00f3\u0142nocy odwiedzamy Nojabrsk \u2013 320 km i Koga\u0142ym \u2013 190 km, Gubkinskij \u2013 500 km; Tarko-Sale \u2013 600 km; Nowyj Urengoj \u2013 760 km. Je\u017adzimy te\u017c do Tiumenii, \u017ceby stamt\u0105d polecie\u0107 samolotem do Salechardu, na ko\u0142o podbiegunowe \u2013 ponad 1100 km w prostej linii \u2013 \u017ceby i tam odwiedzi\u0107 naszych Parafian, kt\u00f3rzy cz\u0119sto bior\u0105 urlop w pracy, aby spotka\u0107 si\u0119 z nami, uczestniczy\u0107 we Mszy \u015awi\u0119tej i w katechizacji. Do Salechardu nie ma drogi, mo\u017cna dotrze\u0107 tylko samolotem, albo (latem) statkiem. Wymienione miasta to tylko niekt\u00f3re z miejsc, kt\u00f3re odwiedzamy. W ca\u0142ej naszej Parafii mamy jeden ko\u015bci\u00f3\u0142 \u2013 w Surgucie \u2013 i jedn\u0105 kaplic\u0119, w Nojabrsku, w jednym z blok\u00f3w. W innych miejscach spotykamy si\u0119 w mieszkaniach Parafian. Ludzie jednak cz\u0119sto kr\u0119puj\u0105 si\u0119 przychodzi\u0107 do kogo\u015b, do domu. A Parafia najbardziej rozwija si\u0119 tam, gdzie jest \u015bwi\u0105tynia. Ostatnio kupili\u015bmy dom na kaplic\u0119 w Koga\u0142ymie. Konieczny jest tam jednak gruntowny remont, kt\u00f3ry aktualnie prowadzimy. Nast\u0119pnym miejscem oczekuj\u0105cym na swoj\u0105 \u015bwi\u0105tyni\u0119 - kaplic\u0119 jest Chanty-Mansyjsk. Dramatycznie potrzeba tu ksi\u0119\u017cy! \u017beby kr\u00f3lestwo Bo\u017ce mog\u0142o wzrasta\u0107 w sercach ludzi, musz\u0105 mie\u0107 oni cz\u0119stszy dost\u0119p do Sakrament\u00f3w. Na terenie naszej Parafii mieszka jakie\u015b 2,5 miliona ludzi, w samym Surgucie \u2013 350 tysi\u0119cy. A tylko dw\u00f3ch Ksi\u0119\u017cy i dwie Siostry. Prosimy Was zatem o dwojak\u0105 pomoc: Modlitwa \u2013 to najwa\u017cniejsze! Prosz\u0119 Was, pom\u00f3dlcie si\u0119 za nasz\u0105 Parafi\u0119 przynajmniej dziesi\u0105tkiem R\u00f3\u017ca\u0144ca, a potem pom\u00f3dlcie si\u0119 przez wstawiennictwo naszych \u015awi\u0119tych Patron\u00f3w: Matki Bo\u017cej Fatimskiej, \u015aw. J\u00f3zefa Robotnika, \u015aw. Paw\u0142a Aposto\u0142a, \u015aw. Jana Paw\u0142a II, Micha\u0142a Archanio\u0142a i Anio\u0142\u00f3w Str\u00f3\u017c\u00f3w. Ofiara \u2013 materialna pomoc tak\u017ce jest nam niezmiernie potrzebna ze wzgl\u0119du na budow\u0119 domu parafialnego w Surgucie, remont domu na kaplic\u0119 w Koga\u0142ymie, oraz organizowanie spotka\u0144 wsp\u00f3lnot i miejsc modlitwy w wielu innych miastach. Wszystkim Darczy\u0144com z serca dzi\u0119kujemy i obiecujemy modlitw\u0119! Niech Was b\u0142ogos\u0142awi B\u00f3g Wszechmog\u0105cy: Ojciec + i Syn, i Duch \u015awi\u0119ty. Amen o.marek@mail.ru www.catholicsurgut.ru Dane do przelewu: Marek Ja\u015bkowski ul. K\u0105pielowa 19\/2 21-500 Bia\u0142a Podlaska Nr konta: 50 1020 5558 1111 1548 2400 0027\",\"url\":\"https:\/\/gaudiumetspes-blog.pl\/index.php\/author\/ks-marek\/\"}]}<\/script>\n<!-- \/ Yoast SEO plugin. -->","yoast_head_json":{"title":"Ora et labora - Gaudium Et Spes","robots":{"index":"index","follow":"follow","max-snippet":"max-snippet:-1","max-image-preview":"max-image-preview:large","max-video-preview":"max-video-preview:-1"},"canonical":"https:\/\/gaudiumetspes-blog.pl\/index.php\/2025\/07\/11\/ora-et-labora-2\/","og_locale":"pl_PL","og_type":"article","og_title":"Ora et labora - Gaudium Et Spes","og_description":"Niech b\u0119dzie pochwalony Jezus Chrystus!\u00a0 &nbsp; Pozdrawiam bardzo serdecznie z Surgutu, z Syberii! &nbsp; Dzi\u015b w Polsce, w Europie, nawet w europejskiej cz\u0119\u015bci Rosji, \u015bwi\u0119to, a u nas tylko wspomnienie \u015bw. Benedykta, patrona Europy. Wi\u0119c czytania s\u0105 r\u00f3\u017cne. Ale spr\u00f3buje co\u015b skleci\u0107 \ud83d\ude42\u00a0 &nbsp; Pro\u015bmy Ducha \u015awi\u0119tego, \u017ceby nam pom\u00f3g\u0142 us\u0142ysze\u0107 S\u0142owo Bo\u017ce. &nbsp; Ni\u017cej [&hellip;]","og_url":"https:\/\/gaudiumetspes-blog.pl\/index.php\/2025\/07\/11\/ora-et-labora-2\/","og_site_name":"Gaudium Et Spes","article_published_time":"2025-07-11T07:38:57+00:00","article_modified_time":"2025-07-11T08:35:54+00:00","author":"Ks. Marek","twitter_card":"summary_large_image","twitter_misc":{"Napisane przez":"Ks. Marek","Szacowany czas czytania":"5 minut"},"schema":{"@context":"https:\/\/schema.org","@graph":[{"@type":"WebPage","@id":"https:\/\/gaudiumetspes-blog.pl\/index.php\/2025\/07\/11\/ora-et-labora-2\/","url":"https:\/\/gaudiumetspes-blog.pl\/index.php\/2025\/07\/11\/ora-et-labora-2\/","name":"Ora et labora - Gaudium Et Spes","isPartOf":{"@id":"https:\/\/gaudiumetspes-blog.pl\/#website"},"datePublished":"2025-07-11T07:38:57+00:00","dateModified":"2025-07-11T08:35:54+00:00","author":{"@id":"https:\/\/gaudiumetspes-blog.pl\/#\/schema\/person\/12bc173d67dadb67c1c90d9c6c34c643"},"breadcrumb":{"@id":"https:\/\/gaudiumetspes-blog.pl\/index.php\/2025\/07\/11\/ora-et-labora-2\/#breadcrumb"},"inLanguage":"pl-PL","potentialAction":[{"@type":"ReadAction","target":["https:\/\/gaudiumetspes-blog.pl\/index.php\/2025\/07\/11\/ora-et-labora-2\/"]}]},{"@type":"BreadcrumbList","@id":"https:\/\/gaudiumetspes-blog.pl\/index.php\/2025\/07\/11\/ora-et-labora-2\/#breadcrumb","itemListElement":[{"@type":"ListItem","position":1,"name":"Strona g\u0142\u00f3wna","item":"https:\/\/gaudiumetspes-blog.pl\/"},{"@type":"ListItem","position":2,"name":"Ora et labora"}]},{"@type":"WebSite","@id":"https:\/\/gaudiumetspes-blog.pl\/#website","url":"https:\/\/gaudiumetspes-blog.pl\/","name":"Gaudium Et Spes","description":"Blog Ks. Jacka Ja\u015bkowskiego","potentialAction":[{"@type":"SearchAction","target":{"@type":"EntryPoint","urlTemplate":"https:\/\/gaudiumetspes-blog.pl\/?s={search_term_string}"},"query-input":{"@type":"PropertyValueSpecification","valueRequired":true,"valueName":"search_term_string"}}],"inLanguage":"pl-PL"},{"@type":"Person","@id":"https:\/\/gaudiumetspes-blog.pl\/#\/schema\/person\/12bc173d67dadb67c1c90d9c6c34c643","name":"Ks. Marek","image":{"@type":"ImageObject","inLanguage":"pl-PL","@id":"https:\/\/gaudiumetspes-blog.pl\/#\/schema\/person\/image\/","url":"https:\/\/gaudiumetspes-blog.pl\/wp-content\/uploads\/2019\/08\/73914d81-03a2-41a3-a2c0-9e0651fc6189-150x150.jpg","contentUrl":"https:\/\/gaudiumetspes-blog.pl\/wp-content\/uploads\/2019\/08\/73914d81-03a2-41a3-a2c0-9e0651fc6189-150x150.jpg","caption":"Ks. Marek"},"description":"Nazywam si\u0119 Ks. Marek Ja\u015bkowski i jestem Proboszczem Parafii \u015aw. J\u00f3zefa Robotnika w Surgucie i Parafii \u015aw. Paw\u0142a Aposto\u0142a w Nojabrsku. Moja Parafia to p\u00f3\u0142nocna cz\u0119\u015b\u0107 zachodniej Syberii \u2013 mo\u017cna powiedzie\u0107, \u017ce terytorialnie to prawie po\u0142owa Diecezji nowosybirskiej, jej p\u00f3\u0142nocna cz\u0119\u015b\u0107. Nasz Biskup okre\u015bli\u0142 kiedy\u015b, \u017ce jest to terytorialnie najwi\u0119ksza Parafia na \u015bwiecie! Terytorium Parafii jest czterokrotnie wi\u0119ksze od terytorium Polski! Przez kilka lat by\u0142em jedynym rzymskokatolickim ksi\u0119dzem na tym terytorium, od wrze\u015bnia 2019 roku pos\u0142ug\u0119 podejmuje Wsp\u00f3\u0142pracownik, Ks. Pawe\u0142 Czelu\u015bci\u0144ski. W Parafii pos\u0142uguj\u0105 tak\u017ce dwie Siostry od Anio\u0142\u00f3w, S. Joann i S. Teresa. Terytorium naszej Parafii to Chanty-Mansyjski Autonomiczny Okr\u0119g i Jamalsko-Nieniecki Autonomiczny Okr\u0119g. Jest to terytorium, kt\u00f3re s\u0142ynie z wydobycia ropy i gazu. Wi\u0119kszo\u015b\u0107 ropy, wydobywanej w Rosji \u2013 wydobywa si\u0119 z terenu mojej Parafii. W zwi\u0105zku z tym, w ostatnich kilku dziesi\u0119cioleciach, przyby\u0142o mn\u00f3stwo ludzi w poszukiwaniu pracy. Na tym terenie jest kilkana\u015bcie, a mo\u017ce i kilkadziesi\u0105t \u2013 cz\u0119sto nowych miast, w kt\u00f3rych osiedlaj\u0105 si\u0119 owi przyje\u017cd\u017caj\u0105cy ludzie. Odwiedzamy miasta: Jugorsk i Sowiecki, oddalone 650 km od Surgutu; Uraj \u2013 730 km; Niaga\u0144 \u2013 600 km; Chanty-Mansyjsk \u2013 300 km. To kierunek po\u0142udniowo \u2013 zachodni. Natomiast na p\u00f3\u0142nocy odwiedzamy Nojabrsk \u2013 320 km i Koga\u0142ym \u2013 190 km, Gubkinskij \u2013 500 km; Tarko-Sale \u2013 600 km; Nowyj Urengoj \u2013 760 km. Je\u017adzimy te\u017c do Tiumenii, \u017ceby stamt\u0105d polecie\u0107 samolotem do Salechardu, na ko\u0142o podbiegunowe \u2013 ponad 1100 km w prostej linii \u2013 \u017ceby i tam odwiedzi\u0107 naszych Parafian, kt\u00f3rzy cz\u0119sto bior\u0105 urlop w pracy, aby spotka\u0107 si\u0119 z nami, uczestniczy\u0107 we Mszy \u015awi\u0119tej i w katechizacji. Do Salechardu nie ma drogi, mo\u017cna dotrze\u0107 tylko samolotem, albo (latem) statkiem. Wymienione miasta to tylko niekt\u00f3re z miejsc, kt\u00f3re odwiedzamy. W ca\u0142ej naszej Parafii mamy jeden ko\u015bci\u00f3\u0142 \u2013 w Surgucie \u2013 i jedn\u0105 kaplic\u0119, w Nojabrsku, w jednym z blok\u00f3w. W innych miejscach spotykamy si\u0119 w mieszkaniach Parafian. Ludzie jednak cz\u0119sto kr\u0119puj\u0105 si\u0119 przychodzi\u0107 do kogo\u015b, do domu. A Parafia najbardziej rozwija si\u0119 tam, gdzie jest \u015bwi\u0105tynia. Ostatnio kupili\u015bmy dom na kaplic\u0119 w Koga\u0142ymie. Konieczny jest tam jednak gruntowny remont, kt\u00f3ry aktualnie prowadzimy. Nast\u0119pnym miejscem oczekuj\u0105cym na swoj\u0105 \u015bwi\u0105tyni\u0119 - kaplic\u0119 jest Chanty-Mansyjsk. Dramatycznie potrzeba tu ksi\u0119\u017cy! \u017beby kr\u00f3lestwo Bo\u017ce mog\u0142o wzrasta\u0107 w sercach ludzi, musz\u0105 mie\u0107 oni cz\u0119stszy dost\u0119p do Sakrament\u00f3w. Na terenie naszej Parafii mieszka jakie\u015b 2,5 miliona ludzi, w samym Surgucie \u2013 350 tysi\u0119cy. A tylko dw\u00f3ch Ksi\u0119\u017cy i dwie Siostry. Prosimy Was zatem o dwojak\u0105 pomoc: Modlitwa \u2013 to najwa\u017cniejsze! Prosz\u0119 Was, pom\u00f3dlcie si\u0119 za nasz\u0105 Parafi\u0119 przynajmniej dziesi\u0105tkiem R\u00f3\u017ca\u0144ca, a potem pom\u00f3dlcie si\u0119 przez wstawiennictwo naszych \u015awi\u0119tych Patron\u00f3w: Matki Bo\u017cej Fatimskiej, \u015aw. J\u00f3zefa Robotnika, \u015aw. Paw\u0142a Aposto\u0142a, \u015aw. Jana Paw\u0142a II, Micha\u0142a Archanio\u0142a i Anio\u0142\u00f3w Str\u00f3\u017c\u00f3w. Ofiara \u2013 materialna pomoc tak\u017ce jest nam niezmiernie potrzebna ze wzgl\u0119du na budow\u0119 domu parafialnego w Surgucie, remont domu na kaplic\u0119 w Koga\u0142ymie, oraz organizowanie spotka\u0144 wsp\u00f3lnot i miejsc modlitwy w wielu innych miastach. Wszystkim Darczy\u0144com z serca dzi\u0119kujemy i obiecujemy modlitw\u0119! Niech Was b\u0142ogos\u0142awi B\u00f3g Wszechmog\u0105cy: Ojciec + i Syn, i Duch \u015awi\u0119ty. Amen o.marek@mail.ru www.catholicsurgut.ru Dane do przelewu: Marek Ja\u015bkowski ul. K\u0105pielowa 19\/2 21-500 Bia\u0142a Podlaska Nr konta: 50 1020 5558 1111 1548 2400 0027","url":"https:\/\/gaudiumetspes-blog.pl\/index.php\/author\/ks-marek\/"}]}},"jetpack_featured_media_url":"","jetpack_sharing_enabled":true,"_links":{"self":[{"href":"https:\/\/gaudiumetspes-blog.pl\/index.php\/wp-json\/wp\/v2\/posts\/23988","targetHints":{"allow":["GET"]}}],"collection":[{"href":"https:\/\/gaudiumetspes-blog.pl\/index.php\/wp-json\/wp\/v2\/posts"}],"about":[{"href":"https:\/\/gaudiumetspes-blog.pl\/index.php\/wp-json\/wp\/v2\/types\/post"}],"author":[{"embeddable":true,"href":"https:\/\/gaudiumetspes-blog.pl\/index.php\/wp-json\/wp\/v2\/users\/3"}],"replies":[{"embeddable":true,"href":"https:\/\/gaudiumetspes-blog.pl\/index.php\/wp-json\/wp\/v2\/comments?post=23988"}],"version-history":[{"count":2,"href":"https:\/\/gaudiumetspes-blog.pl\/index.php\/wp-json\/wp\/v2\/posts\/23988\/revisions"}],"predecessor-version":[{"id":23990,"href":"https:\/\/gaudiumetspes-blog.pl\/index.php\/wp-json\/wp\/v2\/posts\/23988\/revisions\/23990"}],"wp:attachment":[{"href":"https:\/\/gaudiumetspes-blog.pl\/index.php\/wp-json\/wp\/v2\/media?parent=23988"}],"wp:term":[{"taxonomy":"category","embeddable":true,"href":"https:\/\/gaudiumetspes-blog.pl\/index.php\/wp-json\/wp\/v2\/categories?post=23988"},{"taxonomy":"post_tag","embeddable":true,"href":"https:\/\/gaudiumetspes-blog.pl\/index.php\/wp-json\/wp\/v2\/tags?post=23988"}],"curies":[{"name":"wp","href":"https:\/\/api.w.org\/{rel}","templated":true}]}}