{"id":23991,"date":"2025-07-12T09:22:26","date_gmt":"2025-07-12T07:22:26","guid":{"rendered":"https:\/\/gaudiumetspes-blog.pl\/?p=23991"},"modified":"2025-07-12T09:22:26","modified_gmt":"2025-07-12T07:22:26","slug":"tu-chodzi-o-jezusa","status":"publish","type":"post","link":"https:\/\/gaudiumetspes-blog.pl\/index.php\/2025\/07\/12\/tu-chodzi-o-jezusa\/","title":{"rendered":"Tu chodzi o Jezusa!"},"content":{"rendered":"<p align=\"justify\"><span style=\"color: #000000;\"><span style=\"font-family: Book Antiqua, serif;\"><span style=\"font-size: large;\">Szcz\u0119\u015b\u0107 Bo\u017ce! Moi Drodzy, <b>w dniu <\/b><b>wczorajszym<\/b> <b>urodziny prze\u017cywa<\/b><b>li<\/b><b>:<\/b><\/span><\/span><\/span><\/p>\n<p align=\"justify\"><span style=\"color: #000000;\">\u25ba<span style=\"font-family: Book Antiqua, serif;\"><span style=\"font-size: large;\"><b>Karol Pawluczuk \u2013 Lektor w mojej rodzinnej Parafii, <\/b><b>Wicelider FORMACJI \u00abSPE SALVI\u00bb<\/b><b>;<\/b><\/span><\/span><\/span><\/p>\n<p align=\"justify\"><span style=\"color: #000000;\">\u25ba<span style=\"font-family: Book Antiqua, serif;\"><span style=\"font-size: large;\"><b>Siostra Aneta Sroka \u2013 za moich czas\u00f3w: Prze\u0142o\u017cona Domu Si\u00f3str od Anio\u0142\u00f3w w T\u0142uszczu, gdzie by\u0142em wikariuszem. <\/b><\/span><\/span><\/span><\/p>\n<p align=\"justify\"><span style=\"color: #000000;\"><span style=\"font-family: Book Antiqua, serif;\"><span style=\"font-size: large;\"><b>Niech <\/b><b>Im<\/b><b> Pan we wszystkim b\u0142ogos\u0142awi! <\/b><b>O to b\u0119d\u0119 si\u0119 dla Nich modli\u0142!<\/b><\/span><\/span><\/span><\/p>\n<p align=\"justify\"><span style=\"color: #000000;\"><span style=\"font-family: Book Antiqua, serif;\"><span style=\"font-size: large;\"><b>Dzisiaj natomiast<\/b> <b>urodziny prze\u017cywa nasz Tato, Jan Ja\u015bkowski. Dzi\u0119kuj\u0105c za pi\u0119kne \u015bwiadectwo wiary, pokazywane i potwierdzane codzienn\u0105 postaw\u0105, a zw\u0142aszcza trosk\u0105 o zdrowie Mamy, ale tak\u017ce codziennym zatroskaniem o ca\u0142\u0105 nasz\u0105 Rodzin\u0119 \u2013 \u017cyczymy wszyscy niez\u0142omnego ducha, zapa\u0142u, optymizmu i <\/b><b>sta\u0142ego<\/b><b> poczucia humoru, z kt\u00f3rego nasz Jubilat jest znany. <\/b><b>O te wszystkie dary b\u0119d<\/b><b>\u0119<\/b><b> si\u0119 modli\u0107 \u2013 nie tylko dzisiaj! <\/b><b>Te intencje powierza\u0107 b\u0119d<\/b><b>\u0119<\/b><b> Panu <\/b><b>naszemu \u2013 przez wstawiennictwo Matki Bo\u017cej Kode\u0144skiej \u2013 <\/b><b>na Mszy \u015awi\u0119tej, jak\u0105 w <\/b><b>najbli\u017cszy poniedzia\u0142ek <\/b><b>odprawi<\/b><b>\u0119<\/b><b> w<\/b><b>\u0142a\u015bnie w Kodniu.<\/b><\/span><\/span><\/span><\/p>\n<p align=\"justify\"><span style=\"color: #000000;\"><span style=\"font-family: Book Antiqua, serif;\"><span style=\"font-size: large;\"><b>Urodziny prze\u017cywa dzi\u015b tak\u017ce Wojciech Wysocki, z kt\u00f3rym utrzymuj\u0119 sta\u0142y kontakt na naszym blogu, chocia\u017c nie na forum publicznym, a w tej cz\u0119\u015bci prywatnej. Dzi\u0119kuj\u0119 za \u017cyczliwo\u015b\u0107 oraz za dobre s\u0142owo i modlitw\u0119. \u017bycz\u0119 pe\u0142nego zdrowia duchowego i fizycznego. Zapewniam o modlitwie!<\/b><\/span><\/span><\/span><\/p>\n<p align=\"justify\"><span style=\"color: #000000;\"><span style=\"font-family: Book Antiqua, serif;\"><span style=\"font-size: large;\">Drodzy moi, bardzo serdecznie dzi\u0119kuj\u0119 Ksi\u0119dzu Markowi za wczorajsze s\u0142\u00f3wko z Syberii! Kr\u00f3tkie, ale tre\u015bciwe. Niech Pan wspiera Ksi\u0119dza Marka i ca\u0142\u0105 Ekip\u0119 w pos\u0142udze na Syberii. A ju\u017c nied\u0142ugo \u2013 jak B\u00f3g pozwoli \u2013 powitamy Ksi\u0119dza Marka na ziemi polskiej, kiedy przyjedzie na zas\u0142u\u017cony urlop.<\/span><\/span><\/span><\/p>\n<p align=\"justify\"><span style=\"color: #000000;\"><span style=\"font-family: Book Antiqua, serif;\"><span style=\"font-size: large;\">Ja za\u015b dzisiaj pozdrawiam Was z Siedlec, sk\u0105d o 13:00 wyrusz\u0119 do miejscowo\u015bci Mierzwice, na terenie Diecezji drohiczy\u0144skiej, gdzie Wsp\u00f3lnota Niewidomych i Niedowidz\u0105cych z Siedlec organizuje jakie\u015b dwudniowe, wakacyjne spotkanie \u201ew plenerze\u201d. Ja b\u0119d\u0119 tam tylko dzisiaj, odprawi\u0119 Msz\u0119 \u015awi\u0119t\u0105, spotkamy si\u0119, porozmawiamy wsp\u00f3lnie, pomodlimy si\u0119\u2026 Bardzo mnie zawsze ciesz\u0105 takie inicjatywy! Dzi\u0119kuj\u0119 Pani Ani G\u0119bce, Szefowej siedleckiej Wsp\u00f3lnoty, oraz innym Organizatorom spotkania \u2013 za ten pomys\u0142.<\/span><\/span><\/span><\/p>\n<p align=\"justify\"><span style=\"color: #000000;\"><span style=\"font-family: Book Antiqua, serif;\"><span style=\"font-size: large;\">Teraz za\u015b zapraszam ju\u017c do pochylenia si\u0119 nad Bo\u017cym s\u0142owem dzisiejszej liturgii. Oto s\u0142\u00f3wko Ksi\u0119dza Marka na dzi\u015b:<\/span><\/span><\/span><\/p>\n<p align=\"justify\"><span style=\"color: #000000;\"><span style=\"font-family: Book Antiqua, serif;\"><span style=\"font-size: medium;\"><a href=\"https:\/\/www.youtube.com\/c\/CatholicSurgut\"><span style=\"font-size: large;\"><span lang=\"zxx\"><u><b>https:\/\/www.youtube.com\/c\/CatholicSurgut<\/b><\/u><\/span><\/span><\/a><\/span><\/span><\/span><\/p>\n<p align=\"justify\"><span style=\"color: #000000;\"><span style=\"font-family: Book Antiqua, serif;\"><span style=\"font-size: large;\">Poni\u017cej natomiast \u2013 jak w ka\u017cd\u0105 sobot\u0119 \u2013 mamy s\u0142\u00f3wko Kacpra. I znowu kilka ciekawych my\u015bli, kt\u00f3re do mnie osobi\u015bcie trafiaj\u0105, o czym ostatnio Kacprowi wspomnia\u0142em w rozmowie. Praktycznie w ka\u017cdym Jego s\u0142\u00f3wku znajduje co\u015b \u2013 czasami to tylko jedno zdanie, a nawet jedno stwierdzenie \u2013 kt\u00f3re akurat w tym czasie jest mi bardzo potrzebne. Wielkie dzi\u0119ki Kacprowi za to otwieranie si\u0119 na Ducha \u015awi\u0119tego i zgoda na to, aby by\u0107 Jego Narz\u0119dziem w pos\u0142udze ewangelizacji. I w pos\u0142udze takiego zwyk\u0142ego (o ile mo\u017cna je nazwa\u0107 \u201ezwyk\u0142ym\u201d) podnoszenia na duchu! Tak\u017ce starych ksi\u0119\u017cy! Niech Pan b\u0119dzie uwielbiony w tym pi\u0119knym dziele!<\/span><\/span><\/span><\/p>\n<p align=\"justify\"><span style=\"color: #000000;\"><span style=\"font-family: Book Antiqua, serif;\"><span style=\"font-size: large;\">Zach\u0119cam do tego, by s\u0142\u00f3wko Kacpra nie tylko przeczyta\u0107, ale i go w skupieniu pos\u0142ucha\u0107:<\/span><\/span><\/span><\/p>\n<p align=\"left\"><span style=\"color: #000000;\"><span style=\"font-family: Book Antiqua, serif;\"><span style=\"font-size: medium;\"><a href=\"https:\/\/www.youtube.com\/@kacpergrandczech\"><span style=\"font-size: large;\"><span lang=\"zxx\"><u><b>https:\/\/www.youtube.com\/@kacpergrandczech<\/b><\/u><\/span><\/span><\/a><b> <\/b><\/span><\/span><\/span><\/p>\n<p align=\"justify\"><span style=\"color: #000000;\"><span style=\"font-family: Book Antiqua, serif;\"><span style=\"font-size: large;\">Zatem, <b>c<\/b><b>o konkretnie m\u00f3wi do mnie Pan? Jakich <\/b><b>wyra\u017anych, osobistych<\/b><b> wskaza\u0144 mi udziela?<\/b> Duchu \u015awi\u0119ty, pom\u00f3\u017c odczyta\u0107 i zg\u0142\u0119bi\u0107 Bo\u017ce przes\u0142anie!<\/span><\/span><\/span><\/p>\n<p align=\"justify\"><span style=\"color: #000000;\"><span style=\"font-family: Book Antiqua, serif;\"><span style=\"font-size: large;\"><b>Niech Was b\u0142ogos\u0142awi B\u00f3g Wszechmog\u0105cy: Ojciec + i Syn, i Duch \u015awi\u0119ty. Amen<\/b><\/span><\/span><\/span><\/p>\n<p align=\"center\"><span style=\"color: #000000;\"><span style=\"font-family: Book Antiqua, serif;\"><span style=\"font-size: large;\">Gaudium et spes! Ks. Jacek<\/span><\/span><\/span><\/p>\n<p align=\"center\">\n<p align=\"center\">\n<p align=\"center\">\n<p align=\"center\">\n<p align=\"center\">\n<p align=\"justify\"><span style=\"color: #000000;\"><span style=\"font-family: Book Antiqua, serif;\"><span style=\"font-size: large;\"><b>Sobota 14 Tygodnia zwyk\u0142ego, rok I,<\/b><\/span><\/span><\/span><\/p>\n<p align=\"justify\"><span style=\"color: #000000;\"><span style=\"font-family: Book Antiqua, serif;\"><span style=\"font-size: large;\"><b>Wspomnienie \u015aw. Brunona Bonifacego z Kwerfurtu,<\/b><\/span><\/span><\/span><\/p>\n<p align=\"justify\"><span style=\"color: #000000;\"><span style=\"font-family: Book Antiqua, serif;\"><span style=\"font-size: large;\"><b>Biskupa i M\u0119czennika,<\/b><\/span><\/span><\/span><\/p>\n<p align=\"justify\"><span style=\"color: #000000;\"><span style=\"font-family: Book Antiqua, serif;\"><span style=\"font-size: large;\"><b>12 lipca 2025.,\u00a0<\/b><\/span><\/span><\/span><\/p>\n<p align=\"justify\"><span style=\"color: #000000;\"><span style=\"font-family: Book Antiqua, serif;\"><span style=\"font-size: large;\"><b>do czyta\u0144: Rdz 49,29\u201333;50.15\u201326; Mt 10,24\u201333<\/b><\/span><\/span><\/span><\/p>\n<p align=\"justify\">\n<p align=\"justify\">\n<p align=\"justify\">\n<p align=\"justify\">\n<p align=\"justify\">\n<p align=\"justify\"><span style=\"font-family: Book Antiqua, serif;\"><strong><span style=\"color: #000000;\"><span style=\"font-size: large;\"><b>CZYTANIE Z KSI\u0118GI RODZAJU:<\/b><\/span><\/span><\/strong><\/span><\/p>\n<p align=\"justify\"><span style=\"color: #000000;\"><span style=\"font-family: Book Antiqua, serif;\"><span style=\"font-size: large;\"><b>Jakub da\u0142 swoim synom taki rozkaz: \u201eGdy ja zostan\u0119 przy\u0142\u0105czony do moich przodk\u00f3w, pochowajcie mnie przy moich praojcach w pieczarze, kt\u00f3ra jest na polu Efrona Chetyty, w pieczarze, kt\u00f3ra jest na polu Makpela w pobli\u017cu Mamre w kraju Kanaan, kt\u00f3r\u0105 kupi\u0142 Abraham wraz z tym polem od Efrona Chetyty jako gr\u00f3b na w\u0142asno\u015b\u0107 do chowania swych zmar\u0142ych. Tam pochowano Abrahama i Sar\u0119, jego \u017con\u0119, tam pochowano Izaaka i jego \u017con\u0119 Rebek\u0119; tam pochowa\u0142em Le\u0119\u201d. Pole to wraz z pieczar\u0105 zosta\u0142o kupione od Chetyt\u00f3w.<\/b><\/span><\/span><\/span><\/p>\n<p align=\"justify\"><span style=\"color: #000000;\"><span style=\"font-family: Book Antiqua, serif;\"><span style=\"font-size: large;\"><b>Gdy Jakub wyda\u0142 te polecenia swoim synom, z\u0142o\u017cy\u0142 swe nogi na \u0142o\u017cu, wyzion\u0105\u0142 ducha i zosta\u0142 przy\u0142\u0105czony do swoich przodk\u00f3w.<\/b><\/span><\/span><\/span><\/p>\n<p align=\"justify\"><span style=\"color: #000000;\"><span style=\"font-family: Book Antiqua, serif;\"><span style=\"font-size: large;\"><b>Bracia J\u00f3zefa zdaj\u0105c sobie spraw\u0119 z tego, \u017ce ojciec ich nie \u017cyje, my\u015bleli: \u201eNa pewno J\u00f3zef b\u0119dzie nas teraz prze\u015bladowa\u0142 i odp\u0142aci nam za wszystkie krzywdy, kt\u00f3re mu wyrz\u0105dzili\u015bmy\u201d. Tote\u017c kazali powiedzie\u0107 J\u00f3zefowi: \u201eOjciec tw\u00f3j da\u0142 przed \u015bmierci\u0105 takie polecenie: \u00abPowiedzcie J\u00f3zefowi tak: Racz przebaczy\u0107 braciom twym wykroczenie i win\u0119 ich, wyrz\u0105dzili ci bowiem krzywd\u0119\u00bb. Teraz przeto daruj \u0142askawie win\u0119 nam, kt\u00f3rzy czcimy Boga twojego ojca!\u201d J\u00f3zef rozp\u0142aka\u0142 si\u0119, gdy mu to powt\u00f3rzono.<\/b><\/span><\/span><\/span><\/p>\n<p align=\"justify\"><span style=\"color: #000000;\"><span style=\"font-family: Book Antiqua, serif;\"><span style=\"font-size: large;\"><b>Wtedy bracia ju\u017c sami poszli do J\u00f3zefa i upad\u0142szy przed nim rzekli: \u201eJeste\u015bmy twoimi niewolnikami\u201d, Lecz J\u00f3zef powiedzia\u0142 do nich: \u201eNie b\u00f3jcie si\u0119. Czy\u017c ja jestem w miejsce Boga? Wy niegdy\u015b knuli\u015bcie z\u0142o przeciwko mnie, B\u00f3g jednak zamierzy\u0142 to jako dobro, \u017ceby sprawi\u0107 to, co jest dzisiaj, \u017ce prze\u017cy\u0142 wielki nar\u00f3d. Teraz wi\u0119c nie b\u00f3jcie si\u0119: b\u0119d\u0119 \u017cywi\u0142 was i dzieci wasze\u201d. I tak ich pociesza\u0142, przemawiaj\u0105c do nich serdecznie.<\/b><\/span><\/span><\/span><\/p>\n<p align=\"justify\"><span style=\"color: #000000;\"><span style=\"font-family: Book Antiqua, serif;\"><span style=\"font-size: large;\"><b>J\u00f3zef mieszka\u0142 w Egipcie wraz z rodzin\u0105 swego ojca. Do\u017cy\u0142 on stu dziesi\u0119ciu lat i doczeka\u0142 si\u0119 prawnuk\u00f3w z Efraima. R\u00f3wnie\u017c dzieci Makira, syna Manassesa, urodzi\u0142y si\u0119 na kolanach J\u00f3zefa.<\/b><\/span><\/span><\/span><\/p>\n<p align=\"justify\"><span style=\"color: #000000;\"><span style=\"font-family: Book Antiqua, serif;\"><span style=\"font-size: large;\"><b>Wreszcie J\u00f3zef rzek\u0142 do swych braci: \u201eGdy ja umr\u0119, B\u00f3g oka\u017ce wam sw\u0105 \u0142ask\u0119 i wyprowadzi was z tej ziemi do kraju, kt\u00f3ry poprzysi\u0105g\u0142 da\u0107 Abrahamowi, Izaakowi i Jakubowi\u201d. Po czym zobowi\u0105za\u0142 syn\u00f3w Izraela przysi\u0119g\u0105, \u017ce spe\u0142ni\u0105 takie polecenie: \u201eGdy B\u00f3g oka\u017ce wam t\u0119 wielk\u0105 swoj\u0105 \u0142askawo\u015b\u0107, zabierzcie st\u0105d moje ko\u015bci\u201d. Po czym J\u00f3zef umar\u0142 maj\u0105c sto dziesi\u0119\u0107 lat. Zabalsamowano go i z\u0142o\u017cono do trumny w Egipcie.<\/b><\/span><\/span><\/span><\/p>\n<p align=\"justify\">\n<p align=\"justify\">\n<p align=\"justify\">\n<p align=\"justify\">\n<p align=\"justify\">\n<p align=\"justify\"><span style=\"font-family: Book Antiqua, serif;\"><strong><span style=\"color: #000000;\"><span style=\"font-size: large;\"><b>S\u0141OWA EWANGELII WED\u0141UG \u015aWI\u0118TEGO MATEUSZA:<\/b><\/span><\/span><\/strong><\/span><\/p>\n<p align=\"justify\"><span style=\"color: #000000;\"><span style=\"font-family: Book Antiqua, serif;\"><span style=\"font-size: large;\"><b>Jezus powiedzia\u0142 do swoich aposto\u0142\u00f3w: \u201eUcze\u0144 nie przewy\u017csza nauczyciela ani s\u0142uga swego pana. Wystarczy uczniowi, je\u015bli b\u0119dzie jak jego nauczyciel, a s\u0142uga jak pan jego. Je\u015bli pana domu przezwali Belzebubem, o ile\u017c bardziej jego domownik\u00f3w tak nazw\u0105.<\/b><\/span><\/span><\/span><\/p>\n<p align=\"justify\"><span style=\"color: #000000;\"><span style=\"font-family: Book Antiqua, serif;\"><span style=\"font-size: large;\"><b>Wi\u0119c si\u0119 ich nie b\u00f3jcie. Nie ma bowiem nic zakrytego, co by nie mia\u0142o by\u0107 wyjawione, ani nic tajemnego, o czym by si\u0119 nie miano dowiedzie\u0107. Co m\u00f3wi\u0119 wam w ciemno\u015bci, powtarzajcie jawnie, a co s\u0142yszycie na ucho, rozg\u0142aszajcie na dachach.<\/b><\/span><\/span><\/span><\/p>\n<p align=\"justify\"><span style=\"color: #000000;\"><span style=\"font-family: Book Antiqua, serif;\"><span style=\"font-size: large;\"><b>Nie b\u00f3jcie si\u0119 tych, kt\u00f3rzy zabijaj\u0105 cia\u0142o, lecz duszy zabi\u0107 nie mog\u0105. B\u00f3jcie si\u0119 raczej Tego, kt\u00f3ry dusz\u0119 i cia\u0142o mo\u017ce zatraci\u0107 w piekle. Czy\u017c nie sprzedaj\u0105 dw\u00f3ch wr\u00f3bli za asa? A przecie\u017c \u017caden z nich bez woli Ojca waszego nie spadnie na ziemi\u0119. U was za\u015b nawet w\u0142osy na g\u0142owie wszystkie s\u0105 policzone. Dlatego nie b\u00f3jcie si\u0119: jeste\u015bcie wa\u017cniejsi ni\u017c wiele wr\u00f3bli.<\/b><\/span><\/span><\/span><\/p>\n<p align=\"justify\"><span style=\"color: #000000;\"><span style=\"font-family: Book Antiqua, serif;\"><span style=\"font-size: large;\"><b>Do ka\u017cdego wi\u0119c, kt\u00f3ry si\u0119 przyzna do Mnie przed lud\u017ami, przyznam si\u0119 i Ja przed moim Ojcem, kt\u00f3ry jest w niebie. Lecz kto si\u0119 Mnie zaprze przed lud\u017ami, tego zapr\u0119 si\u0119 i Ja przed moim Ojcem, kt\u00f3ry jest w niebie\u201d.<\/b><\/span><\/span><\/span><\/p>\n<p align=\"justify\">\n<p align=\"justify\">\n<p align=\"justify\">\n<p align=\"justify\">\n<p align=\"justify\">\n<p align=\"center\"><span style=\"color: #000000;\"><span style=\"font-family: Book Antiqua, serif;\"><span style=\"font-size: large;\"><b>A OTO S\u0141\u00d3WKO KA<\/b><b>CPRA<\/b><b>:<\/b><\/span><\/span><\/span><\/p>\n<p align=\"center\">\n<p align=\"center\">\n<p align=\"center\">\n<p align=\"center\">\n<p align=\"center\">\n<p align=\"justify\"><span style=\"font-family: Book Antiqua, serif;\"><span style=\"font-size: large;\"><span style=\"color: #000000;\">Dzisiejszy fragment sk\u0142ada si\u0119 z kilku werset\u00f3w dw\u00f3ch ostatnich rozdzia\u0142\u00f3w Ksi\u0119gi Rodzaju. Jest to oczywi\u015bcie pierwsza ksi\u0119ga Starego Testamentu. Czytamy w niej o zako\u0144czeniu \u017cycia Jakuba oraz jego syna J\u00f3zefa. Jest to naprawd\u0119 niesamowita historia, pe\u0142na r\u00f3\u017cnych zwrot\u00f3w akcji. Je\u015bli kto\u015b z Was jej nie zna, to naprawd\u0119 polecam przeczyta\u0107 j\u0105 w ca\u0142o\u015bci \u2013 rozdzia\u0142y od trzydziestego si\u00f3dmego do pi\u0119\u0107dziesi\u0105tego w\u0142\u0105cznie.<\/span><\/span><\/span><\/p>\n<p align=\"justify\"><span style=\"font-family: Book Antiqua, serif;\"><span style=\"font-size: large;\"><span style=\"color: #000000;\"><span lang=\"pl-PL\">Bracia J\u00f3zefa, kt\u00f3rzy niegdy\u015b sprzedali go do niewoli, po raz kolejny wymy\u015blaj\u0105 intryg\u0119, <\/span><span lang=\"pl-PL\">gdy\u017c<\/span><span lang=\"pl-PL\"> obawiaj\u0105 si\u0119, \u017ce <\/span><span lang=\"pl-PL\">J\u00f3zef <\/span><span lang=\"pl-PL\">mo\u017ce zechcie\u0107 <\/span><span lang=\"pl-PL\">ze<\/span><span lang=\"pl-PL\"> si\u0119 za tamt\u0105 sytuacj\u0119. To, co od razu rzuca mi si\u0119 w oczy, to fakt, \u017ce pomimo, i\u017c kilka rozdzia\u0142\u00f3w wcze\u015bniej J\u00f3zef im to wybaczy\u0142, to nadal nie wierz\u0105 w jego intencje. Nie znaj\u0105 jego serca i \u017cyj\u0105 w strachu. Nie skupiaj\u0105 si\u0119 na tym, co wa\u017cne, istotne, co \u0142\u0105czy ich jako rodzin\u0119, lecz patrz\u0105 na siebie i swoj\u0105 pozycj\u0119. Gdyby faktycznie poznali serce swojego brata i zaufali Bogu, nie troszczyliby si\u0119 o w\u0142asn\u0105 sk\u00f3r\u0119. J\u00f3zef jednak, b\u0119d\u0105c blisko Boga, po raz kolejny zachowuje si\u0119 wobec nich mi\u0142osiernie i okazuje im swoj\u0105 mi\u0142o\u015b\u0107.<\/span><\/span><\/span><\/span><\/p>\n<p align=\"justify\"><span style=\"font-family: Book Antiqua, serif;\"><span style=\"font-size: large;\"><span style=\"color: #000000;\"><span lang=\"pl-PL\">Mam wra\u017cenie, \u017ce my r\u00f3wnie\u017c cz\u0119sto nie potrafimy tak <\/span><span lang=\"pl-PL\">po prostu<\/span><span lang=\"pl-PL\"> komu\u015b uwierzy\u0107 i zaufa\u0107. Bierze si\u0119 to pewnie z tego, \u017ce w naszym \u017cyciu wiele os\u00f3b nas zdradzi<\/span><span lang=\"pl-PL\">\u0142o<\/span><span lang=\"pl-PL\">, zrani<\/span><span lang=\"pl-PL\">\u0142o<\/span><span lang=\"pl-PL\"> lub zostawi<\/span><span lang=\"pl-PL\">\u0142o<\/span><span lang=\"pl-PL\">. Cz\u0119sto jest tak, \u017ce ufamy nieodpowiednim osobom. Druga osoba wykorzystuje nasz\u0105 dobr\u0105 wol\u0119 b\u0105d\u017a nasz\u0105 ch\u0119\u0107 pomocy. Sam by\u0142em w wielu takich sytuacjach. <\/span><\/span><\/span><\/span><\/p>\n<p align=\"justify\"><span style=\"font-family: Book Antiqua, serif;\"><span style=\"font-size: large;\"><span style=\"color: #000000;\"><span lang=\"pl-PL\">W jednej z takich historii kto\u015b wy\u0142udzi\u0142 ode mnie sporo pieni\u0119dzy, kt\u00f3r<\/span><span lang=\"pl-PL\">e<\/span><span lang=\"pl-PL\"> finalnie odzyska\u0142em, ale pokaza\u0142o mi to, \u017ce nawet osoby bardzo wierz\u0105ce i okre\u015blaj\u0105ce si\u0119 jako <\/span><span lang=\"pl-PL\">c<\/span><span lang=\"pl-PL\">hrze\u015bcijanie potrafi\u0105 nie\u017ale kogo\u015b skrzywdzi\u0107. By\u0142em r\u00f3wnie\u017c w takiej sytuacji, <\/span><span lang=\"pl-PL\">\u017ce<\/span><span lang=\"pl-PL\"> chcia\u0142em pom\u00f3c biednemu pieskowi i wzi\u0119li\u015bmy go z <\/span><span lang=\"pl-PL\">\u017b<\/span><span lang=\"pl-PL\">on\u0105 na dom tymczasowy. Ten dom tymczasowy <\/span><span lang=\"pl-PL\">sta\u0142 si\u0119 praktycznie domem <\/span><span lang=\"pl-PL\">bezterminowy<\/span><span lang=\"pl-PL\">m<\/span><span lang=\"pl-PL\">. Panie z fundacji chyba chcia\u0142y p\u00f3j\u015b\u0107 po linii <\/span><span lang=\"pl-PL\">najmniejszego <\/span><span lang=\"pl-PL\">oporu i w momencie, gdy zobaczy\u0142y, \u017ce piesek ma dobry i porz\u0105dny dom, to postanowi\u0142y unika\u0107 sposobno\u015bci do szukania mu innego domu.<\/span><\/span><\/span><\/span><\/p>\n<p align=\"justify\"><span style=\"font-family: Book Antiqua, serif;\"><span style=\"font-size: large;\"><span style=\"color: #000000;\"><span lang=\"pl-PL\">Podobnych zdarze\u0144 by\u0142o wiele w moim \u017cyciu. Czy to znaczy, \u017ce mam teraz zamyka\u0107 si\u0119 na ludzi, przesta\u0107 im ufa\u0107 i unika\u0107 sposobno\u015bci do zaoferowania pomocy? Zdecydowanie nie! Naszym zadaniem, jako <\/span><span lang=\"pl-PL\">c<\/span><span lang=\"pl-PL\">hrze\u015bcijan, jest oferowa\u0107 pomoc, modlitw\u0119, wsparcie finansowe. Powinni\u015bmy si\u0119 dzieli\u0107 tym co mamy \u2013 oczywi\u015bcie, w miar\u0119 mo\u017cliwo\u015bci. Nale\u017cy <\/span><span lang=\"pl-PL\">r\u00f3wnie\u017c pami\u0119ta\u0107 o tym<\/span><span lang=\"pl-PL\">, \u017ce b\u0119d\u0105 osoby, kt\u00f3re b\u0119d\u0105 <\/span><span lang=\"pl-PL\">pr\u00f3bowa\u0142y<\/span><span lang=\"pl-PL\"> to wykorzysta\u0107, st\u0105d trzeba do tego podchodzi\u0107 w odpowiedni i odpowiedzialny spos\u00f3b.<\/span><\/span><\/span><\/span><\/p>\n<p align=\"justify\"><span style=\"font-family: Book Antiqua, serif;\"><span style=\"font-size: large;\"><span style=\"color: #000000;\"><span lang=\"pl-PL\">Zastanawia\u0142o mnie ostatnio, jak mam si\u0119 zachowa\u0107 wobec os\u00f3b, kt\u00f3re zaczepiaj\u0105 na parkingach, b\u0105d\u017a pod sklepami, i prosz\u0105 o pieni\u0105dze na alkohol lub \u2013 jak najcz\u0119\u015bciej teraz bywa \u2013 o jedzenie. Chyba <\/span><span lang=\"pl-PL\">ju\u017c <\/span><span lang=\"pl-PL\">zrozumieli, \u017ce pieni\u0105dze na alkohol ci\u0119\u017cko od ludzi uzyska\u0107, natomiast jedzenie zawsze kto\u015b kupi, bo tego odm\u00f3wi\u0107 nie wypada. Doszed\u0142em do wniosku, \u017ce mo\u017cna upiec dwie pieczenie na jednym ogniu \u2013 tak, \u017ceby za darmo nie dawa\u0107 pieni\u0119dzy czy jedzenia, a jednocze\u015bnie mie\u0107 mo\u017cliwo\u015b\u0107 <\/span><span lang=\"pl-PL\">e<\/span><span lang=\"pl-PL\">wangelizacji. <\/span><\/span><\/span><\/span><\/p>\n<p align=\"justify\"><span style=\"font-family: Book Antiqua, serif;\"><span style=\"font-size: large;\"><span style=\"color: #000000;\"><span lang=\"pl-PL\">Spos\u00f3b jest nast\u0119puj\u0105cy: m\u00f3wimy takiej osobie, \u017ce wesprzemy finansowo lub \u017cywieniowo, ale w zamian chcemy tym kupi\u0107 kilka minut rozmowy z tak\u0105 osob\u0105. Je\u015bli si\u0119 zgodzi, to po prostu rozmawiamy o tym, czy spotka\u0142a w swoim \u017cyciu Jezusa? Mamy mo\u017cliwo\u015b\u0107 dotrze\u0107 do takiej osoby z Ewangeli\u0105, a ona <\/span><span lang=\"pl-PL\">te\u017c b\u0119dzie widzia\u0142a, \u017ce<\/span><span lang=\"pl-PL\"> nie otrzymuje niczego za darmo, lecz musi dokona\u0107 si\u0119 wymiana: co\u015b za co\u015b. Zamierzam t<\/span><span lang=\"pl-PL\">\u0119<\/span><span lang=\"pl-PL\"> metod\u0119 stosowa\u0107, do czego i Was zach\u0119cam! Siejmy ziarno Ewangelii \u2013 gdziekolwiek i komukolwiek si\u0119 da!<\/span><\/span><\/span><\/span><\/p>\n<p align=\"justify\"><span style=\"font-family: Book Antiqua, serif;\"><span style=\"font-size: large;\"><span style=\"color: #000000;\"><span lang=\"pl-PL\">Je\u015bli jednak taka osoba, lub ka\u017cda inna, nie zechce s\u0142ucha\u0107 o Bogu, to nic przecie\u017c si\u0119 nie stanie. Jezusa i Jego s\u0142owa <\/span><span lang=\"pl-PL\">\u00f3wcze\u015bni Mu ludzie<\/span><span lang=\"pl-PL\"> odrzucali, to dlaczego naszych maj\u0105 nie odrzuci\u0107? Jezus w dzisiejszej Ewangelii daje bardzo wa\u017cn\u0105 lekcj\u0119, kt\u00f3ra w spos\u00f3b elementarny t\u0142umaczy, co to znaczy by\u0107 uczniem Jezusa. <\/span><\/span><\/span><\/span><\/p>\n<p align=\"justify\"><span style=\"font-family: Book Antiqua, serif;\"><span style=\"font-size: large;\"><span style=\"color: #000000;\"><span lang=\"pl-PL\">W pierwszych s\u0142owach Jezus m\u00f3wi, \u017ce ucze\u0144 nie b\u0119dzie wa\u017cniejszy ni\u017c nauczyciel, a s\u0142uga ni\u017c jego <\/span><span lang=\"pl-PL\">p<\/span><span lang=\"pl-PL\">an. Niestety, spotykam si\u0119 z takimi sytuacjami, \u017ce ludziom ro\u015bnie \u201eego\u201d i wydaje im si\u0119, \u017ce s\u0105 \u201ekim\u015b\u201d, \u017ce wykonuj\u0105 niesamowit\u0105 prac\u0119 na rzecz Boga i \u017ce maj\u0105 wr\u0119cz monopol na s\u0142uchanie Ducha \u015awi\u0119tego i wdra\u017canie Jego polece\u0144 w \u017cycie ludzi. Zawsze w takich sytuacjach mam przed oczami <\/span><span lang=\"pl-PL\">k<\/span><span lang=\"pl-PL\">r\u00f3la Saula, kt\u00f3ry b\u0119d\u0105c Bo\u017cym s\u0142ug\u0105, tak bardzo \u201eodlecia\u0142\u201d w samouwielbienie, \u017ce straci\u0142 z oczu to co wa\u017cne \u2013 pokor\u0119 przed Bogiem i uznanie, \u017ce w tym wszystkim chodzi o Bo\u017c\u0105 chwa\u0142\u0119, a nie nasz\u0105 ludzk\u0105. <\/span><\/span><\/span><\/span><\/p>\n<p align=\"justify\"><span style=\"font-family: Book Antiqua, serif;\"><span style=\"font-size: large;\"><span style=\"color: #000000;\"><span lang=\"pl-PL\">Niestety, je\u015bli kto\u015b za d\u0142ugo jest pasterzem, liderem, przewodnikiem, odpowiedzialnym za ludzi, a w gr\u0119 wchodz\u0105 r\u00f3\u017cne pochwa\u0142y, pozycja, w\u0142adza i pieni\u0105dze, to <\/span><span lang=\"pl-PL\">mo\u017ce to jego \u201e<\/span><span lang=\"pl-PL\">ego\u201d urosn\u0105\u0107 do niebotycznych rozmiar\u00f3w! Ka\u017cdy z nas zda spraw\u0119 przed Bogiem i modl\u0119 si\u0119, \u017ceby takie osoby mia\u0142y na tyle w sobie samokrytyki, odwagi i pokory, aby uda\u0107 si\u0119 na \u201eszabat\u201d, po\u015bwi\u0119ci\u0107 modlitwie i przeanalizowa\u0107 swoje \u017cycie. Nie ma <\/span><span lang=\"pl-PL\">nic<\/span><span lang=\"pl-PL\"> gorszego, ni\u017c <\/span><span lang=\"pl-PL\">zobaczy\u0107 <\/span><span lang=\"pl-PL\">osob<\/span><span lang=\"pl-PL\">\u0119<\/span><span lang=\"pl-PL\"> odpowiedzialn<\/span><span lang=\"pl-PL\">\u0105<\/span><span lang=\"pl-PL\"> za ludzi, kt\u00f3ra nie dba o tych ludzi, rani takie osoby i jest zapatrzona tylko w sw\u00f3j w\u0142asny cel. S\u0142ow<\/span><span lang=\"pl-PL\">em \u2013<\/span><span lang=\"pl-PL\"> kluc<\/span><span lang=\"pl-PL\">zem jest tu s\u0142owo:<\/span><span lang=\"pl-PL\"> W\u0141ASNY, <\/span><span lang=\"pl-PL\">czyli <\/span><span lang=\"pl-PL\">niekoniecznie zgodny z wol\u0105 Bo\u017c\u0105.<\/span><\/span><\/span><\/span><\/p>\n<p align=\"justify\"><span style=\"font-family: Book Antiqua, serif;\"><span style=\"font-size: large;\"><span style=\"color: #000000;\"><span lang=\"pl-PL\">Jezus zach\u0119ca nas do postawy szczerego p\u00f3j\u015bcia za <\/span><span lang=\"pl-PL\">N<\/span><span lang=\"pl-PL\">im, byci<\/span><span lang=\"pl-PL\">a<\/span><span lang=\"pl-PL\"> Jego uczniem i g\u0142oszeni<\/span><span lang=\"pl-PL\">a<\/span><span lang=\"pl-PL\"> Ewangelii \u2013 <\/span><span lang=\"pl-PL\">\u015bwiadczenia<\/span><span lang=\"pl-PL\"> o tym, jak dobry jest nasz B\u00f3g. Zna\u0142 nas przed tym, jak ukszta\u0142towa\u0142 nas w \u0142onie naszych matek, mamy ka\u017cdy w\u0142os na g\u0142owie policzony i zapewnia nas, \u017ce jeste\u015bmy wa\u017cniejsi, ni\u017c wr\u00f3ble i kwiaty polne, o kt\u00f3re Pan nasz <\/span><span lang=\"pl-PL\">przecie\u017c tak\u017ce<\/span><span lang=\"pl-PL\"> dba! Naszym zadaniem jest opowiadanie o naszym wspania\u0142ym Bogu. <\/span><\/span><\/span><\/span><\/p>\n<p align=\"justify\"><span style=\"font-family: Book Antiqua, serif;\"><span style=\"font-size: large;\"><span style=\"color: #000000;\"><span lang=\"pl-PL\">Jak <\/span><span lang=\"pl-PL\">jednak<\/span><span lang=\"pl-PL\"> opowiada\u0107 o kim\u015b, kto jest wspania\u0142y, je\u015bli si\u0119 <\/span><span lang=\"pl-PL\">G<\/span><span lang=\"pl-PL\">o nie zna? Jak opowiada\u0107 o tym, <\/span><span lang=\"pl-PL\">\u017ce<\/span><span lang=\"pl-PL\"> wiele od Niego otrzymujemy, je\u015bli nie do\u015bwiadczamy tego w naszym \u017cyciu? Je\u015bli kto\u015b zadaje sobie takie pytania, to trzeba wr\u00f3ci\u0107 do pocz\u0105tku, do korzeni, do relacji z Bogiem. <\/span><\/span><\/span><\/span><\/p>\n<p align=\"justify\"><span style=\"font-family: Book Antiqua, serif;\"><span style=\"font-size: large;\"><span style=\"color: #000000;\"><span lang=\"pl-PL\">Odpowiedz sobie \u2013 <\/span><span lang=\"pl-PL\">w tym kontek\u015bcie \u2013 <\/span><span lang=\"pl-PL\">na dwa pytania:<\/span><\/span><\/span><\/span><\/p>\n<ul>\n<li>\n<p align=\"justify\"><span style=\"font-family: Book Antiqua, serif;\"><span style=\"font-size: large;\"><span style=\"color: #000000;\">Czy spotka\u0142e\u015b\/\u0142a\u015b w \u017cyciu Jezusa?<\/span><\/span><\/span><\/p>\n<\/li>\n<\/ul>\n<ul>\n<li>\n<p align=\"justify\"><span style=\"font-family: Book Antiqua, serif;\"><span style=\"font-size: large;\"><span style=\"color: #000000;\">Je\u015bli tak, to kiedy? <\/span><\/span><\/span><\/p>\n<\/li>\n<\/ul>\n<p align=\"justify\"><span style=\"font-family: Book Antiqua, serif;\"><span style=\"font-size: large;\"><span lang=\"pl-PL\"><span style=\"color: #000000;\">Umiesz odpowiedzie\u0107 na pytanie, kiedy konkretnie spotka\u0142e\u015b <\/span><\/span><span lang=\"pl-PL\">(spotka<\/span><span lang=\"pl-PL\">\u0142a\u015b<\/span><span lang=\"pl-PL\">)<\/span><span lang=\"pl-PL\"> Jezusa w swoim \u017cyciu? Znasz dzie\u0144, kiedy narodzi\u0142e\u015b <\/span><span lang=\"pl-PL\">(narodzi\u0142a\u015b)<\/span><span lang=\"pl-PL\"> si\u0119 na nowo? To jest dzie\u0144, kt\u00f3ry powinni\u015bmy \u015bwi\u0119towa\u0107 jako nasze urodziny! Dla mnie by\u0142 to 26 lutego 2023 roku. Po modlitwie wstawienniczej w mojej parafii, na Wieczorze Chwa\u0142y, Pan dotkn\u0105\u0142 mojego serca, przemieni\u0142 mnie i ja odda\u0142em <\/span><span lang=\"pl-PL\">M<\/span><span lang=\"pl-PL\">u ca\u0142e swoje \u017cycie. Od tamtej pory jestem nowym cz\u0142owiekiem.<\/span><\/span><\/span><\/p>\n<p align=\"justify\"><span style=\"font-family: Book Antiqua, serif;\"><span style=\"font-size: large;\"><span lang=\"pl-PL\"><span style=\"color: #000000;\">Nie uwielbiajmy ludzi, nie uwielbiajmy nazwisk! Je\u015bli w pos\u0142udze, w <\/span><\/span><span lang=\"pl-PL\">e<\/span><span lang=\"pl-PL\">wangelizacji, w pozyskiwaniu ludzi dla Jezusa, przestaje chodzi\u0107 o Boga, a zaczyna chodzi\u0107 o nas samych, to znaczy, \u017ce co\u015b tu jest nie tak! Je\u015bli my nie b\u0119dziemy faktycznie g\u0142osi\u0107 Chrystusa ludziom, to zaczn\u0105 to robi\u0107 kamienie! <\/span><\/span><\/span><\/p>\n<p align=\"justify\"><span style=\"font-family: Book Antiqua, serif;\"><span style=\"font-size: large;\"><span lang=\"pl-PL\"><span style=\"color: #000000;\">Natomiast czy jeste\u015bmy zupe\u0142nie nikomu nieznani, czy jeste\u015bmy osobami z ogromnymi zasi\u0119gami i autorytetem, t<\/span><\/span><span lang=\"pl-PL\">o<\/span><span lang=\"pl-PL\"> zawsze \u2013 ale to zawsze<\/span><span lang=\"pl-PL\">!<\/span><span lang=\"pl-PL\"> \u2013 musi chodzi\u0107 o Bo\u017c\u0105 <\/span><span lang=\"pl-PL\">c<\/span><span lang=\"pl-PL\">hwa\u0142\u0119, a nie nasz\u0105! Musi chodzi\u0107 o pozyskiwanie ludzi dla Jezusa, a nie pozyskiwanie ludzkiego uznania, pieni\u0119dzy, pozycji czy w\u0142adzy. <\/span><\/span><\/span><\/p>\n<p align=\"justify\"><span style=\"font-family: Book Antiqua, serif;\"><span style=\"font-size: large;\"><span lang=\"pl-PL\"><span style=\"color: #000000;\">Oby\u015bmy mieli czyste serce &#8211; tak jak Dawid \u2013 a nie zatracili si\u0119 w samouwielbieniu, jak Saul\u2026<\/span><\/span><\/span><\/span><\/p>\n","protected":false},"excerpt":{"rendered":"<p>Szcz\u0119\u015b\u0107 Bo\u017ce! Moi Drodzy, w dniu wczorajszym urodziny prze\u017cywali: \u25baKarol Pawluczuk \u2013 Lektor w mojej rodzinnej Parafii, Wicelider FORMACJI \u00abSPE SALVI\u00bb; \u25baSiostra Aneta Sroka \u2013 za moich czas\u00f3w: Prze\u0142o\u017cona Domu Si\u00f3str od Anio\u0142\u00f3w w T\u0142uszczu, gdzie by\u0142em wikariuszem. Niech Im Pan we wszystkim b\u0142ogos\u0142awi! O to b\u0119d\u0119 si\u0119 dla Nich modli\u0142! Dzisiaj natomiast urodziny prze\u017cywa [&hellip;]<\/p>\n","protected":false},"author":1,"featured_media":0,"comment_status":"open","ping_status":"open","sticky":false,"template":"","format":"standard","meta":{"jetpack_post_was_ever_published":false,"_jetpack_newsletter_access":"","_jetpack_dont_email_post_to_subs":false,"_jetpack_newsletter_tier_id":0,"_jetpack_memberships_contains_paywalled_content":false,"_jetpack_memberships_contains_paid_content":false,"footnotes":""},"categories":[1],"tags":[],"class_list":["post-23991","post","type-post","status-publish","format-standard","hentry","category-bez-kategorii"],"yoast_head":"<!-- This site is optimized with the Yoast SEO plugin v25.1 - https:\/\/yoast.com\/wordpress\/plugins\/seo\/ -->\n<title>Tu chodzi o Jezusa! - Gaudium Et Spes<\/title>\n<meta name=\"robots\" content=\"index, follow, max-snippet:-1, max-image-preview:large, max-video-preview:-1\" \/>\n<link rel=\"canonical\" href=\"https:\/\/gaudiumetspes-blog.pl\/index.php\/2025\/07\/12\/tu-chodzi-o-jezusa\/\" \/>\n<meta property=\"og:locale\" content=\"pl_PL\" \/>\n<meta property=\"og:type\" content=\"article\" \/>\n<meta property=\"og:title\" content=\"Tu chodzi o Jezusa! - Gaudium Et Spes\" \/>\n<meta property=\"og:description\" content=\"Szcz\u0119\u015b\u0107 Bo\u017ce! Moi Drodzy, w dniu wczorajszym urodziny prze\u017cywali: \u25baKarol Pawluczuk \u2013 Lektor w mojej rodzinnej Parafii, Wicelider FORMACJI \u00abSPE SALVI\u00bb; \u25baSiostra Aneta Sroka \u2013 za moich czas\u00f3w: Prze\u0142o\u017cona Domu Si\u00f3str od Anio\u0142\u00f3w w T\u0142uszczu, gdzie by\u0142em wikariuszem. Niech Im Pan we wszystkim b\u0142ogos\u0142awi! O to b\u0119d\u0119 si\u0119 dla Nich modli\u0142! Dzisiaj natomiast urodziny prze\u017cywa [&hellip;]\" \/>\n<meta property=\"og:url\" content=\"https:\/\/gaudiumetspes-blog.pl\/index.php\/2025\/07\/12\/tu-chodzi-o-jezusa\/\" \/>\n<meta property=\"og:site_name\" content=\"Gaudium Et Spes\" \/>\n<meta property=\"article:published_time\" content=\"2025-07-12T07:22:26+00:00\" \/>\n<meta name=\"author\" content=\"Ks. Jacek\" \/>\n<meta name=\"twitter:card\" content=\"summary_large_image\" \/>\n<meta name=\"twitter:label1\" content=\"Napisane przez\" \/>\n\t<meta name=\"twitter:data1\" content=\"Ks. Jacek\" \/>\n\t<meta name=\"twitter:label2\" content=\"Szacowany czas czytania\" \/>\n\t<meta name=\"twitter:data2\" content=\"13 minut\" \/>\n<script type=\"application\/ld+json\" class=\"yoast-schema-graph\">{\"@context\":\"https:\/\/schema.org\",\"@graph\":[{\"@type\":\"WebPage\",\"@id\":\"https:\/\/gaudiumetspes-blog.pl\/index.php\/2025\/07\/12\/tu-chodzi-o-jezusa\/\",\"url\":\"https:\/\/gaudiumetspes-blog.pl\/index.php\/2025\/07\/12\/tu-chodzi-o-jezusa\/\",\"name\":\"Tu chodzi o Jezusa! - Gaudium Et Spes\",\"isPartOf\":{\"@id\":\"https:\/\/gaudiumetspes-blog.pl\/#website\"},\"datePublished\":\"2025-07-12T07:22:26+00:00\",\"author\":{\"@id\":\"https:\/\/gaudiumetspes-blog.pl\/#\/schema\/person\/1661982992b752dea8dff0d4ed845a65\"},\"breadcrumb\":{\"@id\":\"https:\/\/gaudiumetspes-blog.pl\/index.php\/2025\/07\/12\/tu-chodzi-o-jezusa\/#breadcrumb\"},\"inLanguage\":\"pl-PL\",\"potentialAction\":[{\"@type\":\"ReadAction\",\"target\":[\"https:\/\/gaudiumetspes-blog.pl\/index.php\/2025\/07\/12\/tu-chodzi-o-jezusa\/\"]}]},{\"@type\":\"BreadcrumbList\",\"@id\":\"https:\/\/gaudiumetspes-blog.pl\/index.php\/2025\/07\/12\/tu-chodzi-o-jezusa\/#breadcrumb\",\"itemListElement\":[{\"@type\":\"ListItem\",\"position\":1,\"name\":\"Strona g\u0142\u00f3wna\",\"item\":\"https:\/\/gaudiumetspes-blog.pl\/\"},{\"@type\":\"ListItem\",\"position\":2,\"name\":\"Tu chodzi o Jezusa!\"}]},{\"@type\":\"WebSite\",\"@id\":\"https:\/\/gaudiumetspes-blog.pl\/#website\",\"url\":\"https:\/\/gaudiumetspes-blog.pl\/\",\"name\":\"Gaudium Et Spes\",\"description\":\"Blog Ks. Jacka Ja\u015bkowskiego\",\"potentialAction\":[{\"@type\":\"SearchAction\",\"target\":{\"@type\":\"EntryPoint\",\"urlTemplate\":\"https:\/\/gaudiumetspes-blog.pl\/?s={search_term_string}\"},\"query-input\":{\"@type\":\"PropertyValueSpecification\",\"valueRequired\":true,\"valueName\":\"search_term_string\"}}],\"inLanguage\":\"pl-PL\"},{\"@type\":\"Person\",\"@id\":\"https:\/\/gaudiumetspes-blog.pl\/#\/schema\/person\/1661982992b752dea8dff0d4ed845a65\",\"name\":\"Ks. Jacek\",\"image\":{\"@type\":\"ImageObject\",\"inLanguage\":\"pl-PL\",\"@id\":\"https:\/\/gaudiumetspes-blog.pl\/#\/schema\/person\/image\/\",\"url\":\"https:\/\/gaudiumetspes-blog.pl\/wp-content\/uploads\/2019\/07\/avatar-JJ-150x150.jpg\",\"contentUrl\":\"https:\/\/gaudiumetspes-blog.pl\/wp-content\/uploads\/2019\/07\/avatar-JJ-150x150.jpg\",\"caption\":\"Ks. Jacek\"},\"description\":\"Witam serdecznie! K\u0142ania si\u0119 Ks. Jacek Ja\u015bkowski. Nie jestem ani kim\u015b wa\u017cnym, ani kim\u015b znanym. Jestem ksi\u0119dzem, kt\u00f3ry po prostu chce rozmawia\u0107. Codzienna kap\u0142a\u0144ska pos\u0142uga pokazuje mi, \u017ce temat\u00f3w do rozm\u00f3w z ksi\u0119dzem jest coraz wi\u0119cej i dzisiaj \u017caden ksi\u0105dz nie mo\u017ce od nich ucieka\u0107, ale - wprost przeciwnie - podejmowa\u0107 nowe wyzwania. To przekonanie sk\u0142oni\u0142o mnie do pr\u00f3by otwarcia tego\u017c bloga, chocia\u017c okazji do rozm\u00f3w na co dzie\u0144 - w konfesjonale i poza nim - na szcz\u0119\u015bcie nie brakuje. My\u015bl\u0119 jednak, \u017ce ten blog b\u0119dzie jeszcze jednym sposobem i przestrzeni\u0105 nawi\u0105zania kontaktu z lud\u017ami dobrej woli, otwartymi na dialog.\",\"url\":\"https:\/\/gaudiumetspes-blog.pl\/index.php\/author\/ks-jacek\/\"}]}<\/script>\n<!-- \/ Yoast SEO plugin. -->","yoast_head_json":{"title":"Tu chodzi o Jezusa! - Gaudium Et Spes","robots":{"index":"index","follow":"follow","max-snippet":"max-snippet:-1","max-image-preview":"max-image-preview:large","max-video-preview":"max-video-preview:-1"},"canonical":"https:\/\/gaudiumetspes-blog.pl\/index.php\/2025\/07\/12\/tu-chodzi-o-jezusa\/","og_locale":"pl_PL","og_type":"article","og_title":"Tu chodzi o Jezusa! - Gaudium Et Spes","og_description":"Szcz\u0119\u015b\u0107 Bo\u017ce! Moi Drodzy, w dniu wczorajszym urodziny prze\u017cywali: \u25baKarol Pawluczuk \u2013 Lektor w mojej rodzinnej Parafii, Wicelider FORMACJI \u00abSPE SALVI\u00bb; \u25baSiostra Aneta Sroka \u2013 za moich czas\u00f3w: Prze\u0142o\u017cona Domu Si\u00f3str od Anio\u0142\u00f3w w T\u0142uszczu, gdzie by\u0142em wikariuszem. Niech Im Pan we wszystkim b\u0142ogos\u0142awi! O to b\u0119d\u0119 si\u0119 dla Nich modli\u0142! Dzisiaj natomiast urodziny prze\u017cywa [&hellip;]","og_url":"https:\/\/gaudiumetspes-blog.pl\/index.php\/2025\/07\/12\/tu-chodzi-o-jezusa\/","og_site_name":"Gaudium Et Spes","article_published_time":"2025-07-12T07:22:26+00:00","author":"Ks. Jacek","twitter_card":"summary_large_image","twitter_misc":{"Napisane przez":"Ks. Jacek","Szacowany czas czytania":"13 minut"},"schema":{"@context":"https:\/\/schema.org","@graph":[{"@type":"WebPage","@id":"https:\/\/gaudiumetspes-blog.pl\/index.php\/2025\/07\/12\/tu-chodzi-o-jezusa\/","url":"https:\/\/gaudiumetspes-blog.pl\/index.php\/2025\/07\/12\/tu-chodzi-o-jezusa\/","name":"Tu chodzi o Jezusa! - Gaudium Et Spes","isPartOf":{"@id":"https:\/\/gaudiumetspes-blog.pl\/#website"},"datePublished":"2025-07-12T07:22:26+00:00","author":{"@id":"https:\/\/gaudiumetspes-blog.pl\/#\/schema\/person\/1661982992b752dea8dff0d4ed845a65"},"breadcrumb":{"@id":"https:\/\/gaudiumetspes-blog.pl\/index.php\/2025\/07\/12\/tu-chodzi-o-jezusa\/#breadcrumb"},"inLanguage":"pl-PL","potentialAction":[{"@type":"ReadAction","target":["https:\/\/gaudiumetspes-blog.pl\/index.php\/2025\/07\/12\/tu-chodzi-o-jezusa\/"]}]},{"@type":"BreadcrumbList","@id":"https:\/\/gaudiumetspes-blog.pl\/index.php\/2025\/07\/12\/tu-chodzi-o-jezusa\/#breadcrumb","itemListElement":[{"@type":"ListItem","position":1,"name":"Strona g\u0142\u00f3wna","item":"https:\/\/gaudiumetspes-blog.pl\/"},{"@type":"ListItem","position":2,"name":"Tu chodzi o Jezusa!"}]},{"@type":"WebSite","@id":"https:\/\/gaudiumetspes-blog.pl\/#website","url":"https:\/\/gaudiumetspes-blog.pl\/","name":"Gaudium Et Spes","description":"Blog Ks. Jacka Ja\u015bkowskiego","potentialAction":[{"@type":"SearchAction","target":{"@type":"EntryPoint","urlTemplate":"https:\/\/gaudiumetspes-blog.pl\/?s={search_term_string}"},"query-input":{"@type":"PropertyValueSpecification","valueRequired":true,"valueName":"search_term_string"}}],"inLanguage":"pl-PL"},{"@type":"Person","@id":"https:\/\/gaudiumetspes-blog.pl\/#\/schema\/person\/1661982992b752dea8dff0d4ed845a65","name":"Ks. Jacek","image":{"@type":"ImageObject","inLanguage":"pl-PL","@id":"https:\/\/gaudiumetspes-blog.pl\/#\/schema\/person\/image\/","url":"https:\/\/gaudiumetspes-blog.pl\/wp-content\/uploads\/2019\/07\/avatar-JJ-150x150.jpg","contentUrl":"https:\/\/gaudiumetspes-blog.pl\/wp-content\/uploads\/2019\/07\/avatar-JJ-150x150.jpg","caption":"Ks. Jacek"},"description":"Witam serdecznie! K\u0142ania si\u0119 Ks. Jacek Ja\u015bkowski. Nie jestem ani kim\u015b wa\u017cnym, ani kim\u015b znanym. Jestem ksi\u0119dzem, kt\u00f3ry po prostu chce rozmawia\u0107. Codzienna kap\u0142a\u0144ska pos\u0142uga pokazuje mi, \u017ce temat\u00f3w do rozm\u00f3w z ksi\u0119dzem jest coraz wi\u0119cej i dzisiaj \u017caden ksi\u0105dz nie mo\u017ce od nich ucieka\u0107, ale - wprost przeciwnie - podejmowa\u0107 nowe wyzwania. To przekonanie sk\u0142oni\u0142o mnie do pr\u00f3by otwarcia tego\u017c bloga, chocia\u017c okazji do rozm\u00f3w na co dzie\u0144 - w konfesjonale i poza nim - na szcz\u0119\u015bcie nie brakuje. My\u015bl\u0119 jednak, \u017ce ten blog b\u0119dzie jeszcze jednym sposobem i przestrzeni\u0105 nawi\u0105zania kontaktu z lud\u017ami dobrej woli, otwartymi na dialog.","url":"https:\/\/gaudiumetspes-blog.pl\/index.php\/author\/ks-jacek\/"}]}},"jetpack_featured_media_url":"","jetpack_sharing_enabled":true,"_links":{"self":[{"href":"https:\/\/gaudiumetspes-blog.pl\/index.php\/wp-json\/wp\/v2\/posts\/23991","targetHints":{"allow":["GET"]}}],"collection":[{"href":"https:\/\/gaudiumetspes-blog.pl\/index.php\/wp-json\/wp\/v2\/posts"}],"about":[{"href":"https:\/\/gaudiumetspes-blog.pl\/index.php\/wp-json\/wp\/v2\/types\/post"}],"author":[{"embeddable":true,"href":"https:\/\/gaudiumetspes-blog.pl\/index.php\/wp-json\/wp\/v2\/users\/1"}],"replies":[{"embeddable":true,"href":"https:\/\/gaudiumetspes-blog.pl\/index.php\/wp-json\/wp\/v2\/comments?post=23991"}],"version-history":[{"count":1,"href":"https:\/\/gaudiumetspes-blog.pl\/index.php\/wp-json\/wp\/v2\/posts\/23991\/revisions"}],"predecessor-version":[{"id":23992,"href":"https:\/\/gaudiumetspes-blog.pl\/index.php\/wp-json\/wp\/v2\/posts\/23991\/revisions\/23992"}],"wp:attachment":[{"href":"https:\/\/gaudiumetspes-blog.pl\/index.php\/wp-json\/wp\/v2\/media?parent=23991"}],"wp:term":[{"taxonomy":"category","embeddable":true,"href":"https:\/\/gaudiumetspes-blog.pl\/index.php\/wp-json\/wp\/v2\/categories?post=23991"},{"taxonomy":"post_tag","embeddable":true,"href":"https:\/\/gaudiumetspes-blog.pl\/index.php\/wp-json\/wp\/v2\/tags?post=23991"}],"curies":[{"name":"wp","href":"https:\/\/api.w.org\/{rel}","templated":true}]}}