{"id":24000,"date":"2025-07-15T08:57:24","date_gmt":"2025-07-15T06:57:24","guid":{"rendered":"https:\/\/gaudiumetspes-blog.pl\/?p=24000"},"modified":"2025-07-15T08:57:24","modified_gmt":"2025-07-15T06:57:24","slug":"faraon-faraonem-ale-bog-bogiem","status":"publish","type":"post","link":"https:\/\/gaudiumetspes-blog.pl\/index.php\/2025\/07\/15\/faraon-faraonem-ale-bog-bogiem\/","title":{"rendered":"Faraon &#8211; faraonem, ale B\u00f3g &#8211; Bogiem!"},"content":{"rendered":"<p align=\"justify\"><span style=\"color: #000000;\"><span style=\"font-family: Book Antiqua, serif;\"><span style=\"font-size: large;\">Szcz\u0119\u015b\u0107 Bo\u017ce! Moi Drodzy, w dniu dzisiejszym <b>urodziny prze\u017cywa Anna Komoszy\u0144ska, anga\u017cuj\u0105ca si\u0119 w swoim czasie w dzia\u0142alno\u015b\u0107 m\u0142odzie\u017cowych Wsp\u00f3lnot. \u017bycz\u0119 Jej bezmiaru \u0142ask z Nieba, o kt\u00f3re te\u017c b\u0119d\u0119 si\u0119 dla Niej modli\u0142.<\/b><\/span><\/span><\/span><\/p>\n<p align=\"justify\"><span style=\"color: #000000;\"><span style=\"font-family: Book Antiqua, serif;\"><span style=\"font-size: large;\">A oto dzisiaj prze\u017cywamy kolejn\u0105 rocznic\u0119 zwyci\u0119skiej Bitwy pod Grunwaldem, z 1410 roku. Wspominam o tym dlatego, \u017ce w og\u00f3le lubi\u0119 histori\u0119, zw\u0142aszcza \u015bredniowieczn\u0105, ale tak\u017ce dlatego, \u017ce w pobli\u017cu pola tej\u017ce Bitwy mieszka moja dalsza Rodzina i szczeg\u00f3lnie w m\u0142odych moich latach co roku tam bywa\u0142em. Oby Polska zawsze umia\u0142a korzysta\u0107 z wielkich i wspania\u0142ych do\u015bwiadcze\u0144 swoich wielkich Przodk\u00f3w! <\/span><\/span><\/span><\/p>\n<p align=\"justify\"><span style=\"color: #000000;\"><span style=\"font-family: Book Antiqua, serif;\"><span style=\"font-size: large;\">Drodzy moi, pozdrawiam Was z Lublina, gdzie zamierzam pomodli\u0107 si\u0119 i popracowa\u0107 tu, na miejscu, u siebie, a o 18:00 \u2013 Msza \u015awi\u0119ta w Parafii \u015awi\u0119tego Jana Kantego.<\/span><\/span><\/span><\/p>\n<p align=\"justify\"><span style=\"color: #000000;\"><span style=\"font-family: Book Antiqua, serif;\"><span style=\"font-size: large;\">Tymczasem, zapraszam do pochylenia si\u0119 nad Bo\u017cym s\u0142owem dzisiejszej liturgii. Oto s\u0142\u00f3wko Ksi\u0119dza Marka na dzisiaj: <\/span><\/span><\/span><\/p>\n<p align=\"justify\"><span style=\"color: #000000;\"><span style=\"font-family: Book Antiqua, serif;\"><span style=\"font-size: medium;\"><a href=\"https:\/\/www.youtube.com\/c\/CatholicSurgut\"><span style=\"font-size: large;\"><b>https:\/\/www.youtube.com\/c\/CatholicSurgut<\/b><\/span><\/a><\/span><\/span><\/span><\/p>\n<p align=\"justify\"><span style=\"color: #000000;\"><span style=\"font-family: Book Antiqua, serif;\"><span style=\"font-size: large;\">Zatem, <b>c<\/b><b>o konkretnie m\u00f3wi do mnie Pan? Jakich konkretnych wskaza\u0144 dzisiaj mi udziela?<\/b> Duchu \u015awi\u0119ty, o\u015bwie\u0107 umys\u0142y i serca!<\/span><\/span><\/span><\/p>\n<p align=\"justify\"><span style=\"color: #000000;\"><span style=\"font-family: Book Antiqua, serif;\"><span style=\"font-size: large;\"><b>Niech Was b\u0142ogos\u0142awi B\u00f3g Wszechmog\u0105cy: Ojciec + i Syn, i Duch \u015awi\u0119ty. Amen<\/b><\/span><\/span><\/span><\/p>\n<p align=\"center\"><span style=\"color: #000000;\"><span style=\"font-family: Book Antiqua, serif;\"><span style=\"font-size: large;\">Gaudium et spes! Ks. Jacek<\/span><\/span><\/span><\/p>\n<p align=\"center\">\n<p align=\"center\">\n<p align=\"center\">\n<p align=\"center\">\n<p align=\"center\">\n<p align=\"justify\"><span style=\"color: #000000;\"><span style=\"font-family: Book Antiqua, serif;\"><span style=\"font-size: large;\"><b>Wtorek 15 Tygodnia zwyk\u0142ego, rok I,<\/b><\/span><\/span><\/span><\/p>\n<p align=\"justify\"><span style=\"color: #000000;\"><span style=\"font-family: Book Antiqua, serif;\"><span style=\"font-size: large;\"><b>Wspomnienie \u015aw. Bonawentury, Biskupa i Doktora Ko\u015bcio\u0142a,<\/b><\/span><\/span><\/span><\/p>\n<p align=\"justify\"><span style=\"color: #000000;\"><span style=\"font-family: Book Antiqua, serif;\"><span style=\"font-size: large;\"><b>15 lipca 2025.,\u00a0<\/b><\/span><\/span><\/span><\/p>\n<p align=\"justify\"><span style=\"color: #000000;\"><span style=\"font-family: Book Antiqua, serif;\"><span style=\"font-size: large;\"><b>do czyta\u0144: Wj 2,1\u201315a; Mt 11,20\u201324<\/b><\/span><\/span><\/span><\/p>\n<p align=\"justify\">\n<p align=\"justify\">\n<p align=\"justify\">\n<p align=\"justify\">\n<p align=\"justify\">\n<p align=\"justify\"><span style=\"color: #000000;\"><span style=\"font-family: Book Antiqua, serif;\"><span style=\"font-size: large;\"><b>CZYTANIE Z KSI\u0118GI WYJ\u015aCIA:<\/b><\/span><\/span><\/span><\/p>\n<p align=\"justify\"><span style=\"color: #000000;\"><span style=\"font-family: Book Antiqua, serif;\"><span style=\"font-size: large;\"><b>Pewien cz\u0142owiek z pokolenia Lewiego przyszed\u0142 wzi\u0105\u0107 za \u017con\u0119 jedn\u0105 z kobiet z tego\u017c pokolenia. Ta kobieta pocz\u0119\u0142a i urodzi\u0142a syna, a widz\u0105c, \u017ce jest pi\u0119kny, ukrywa\u0142a go przez trzy miesi\u0105ce. A nie mog\u0105c ukrywa\u0107 go d\u0142u\u017cej, wzi\u0119\u0142a skrzynk\u0119 z papirusu, powlek\u0142a j\u0105 \u017cywic\u0105 i smo\u0142\u0105 i w\u0142o\u017cywszy w ni\u0105 dziecko, umie\u015bci\u0142a w sitowiu na brzegu rzeki. Siostra za\u015b jego sta\u0142a z dala, aby widzie\u0107, co si\u0119 z nim stanie.<\/b><\/span><\/span><\/span><\/p>\n<p align=\"justify\"><span style=\"color: #000000;\"><span style=\"font-family: Book Antiqua, serif;\"><span style=\"font-size: large;\"><b>A c\u00f3rka faraona zesz\u0142a ku rzece, aby si\u0119 wyk\u0105pa\u0107, jej s\u0142u\u017c\u0105ce za\u015b przechadza\u0142y si\u0119 nad brzegiem rzeki. Gdy spostrzeg\u0142a skrzynk\u0119 po\u015br\u00f3d sitowia, pos\u0142a\u0142a s\u0142u\u017c\u0105c\u0105, aby j\u0105 przynios\u0142a. A otworzywszy j\u0105, zobaczy\u0142a dziecko: by\u0142 to p\u0142acz\u0105cy ch\u0142opczyk. Ulitowa\u0142a si\u0119 nad nim m\u00f3wi\u0105c: \u201eJest on spo\u015br\u00f3d dzieci Hebrajczyk\u00f3w\u201d. Jego siostra rzek\u0142a wtedy do c\u00f3rki faraona: \u201eChcesz, a p\u00f3jd\u0119 zawo\u0142a\u0107 ci karmicielk\u0119 spo\u015br\u00f3d kobiet Hebrajczyk\u00f3w, kt\u00f3ra by wykarmi\u0142a ci to dziecko?\u201d \u201eId\u017a\u201d, powiedzia\u0142a jej c\u00f3rka faraona. Posz\u0142a w\u00f3wczas dziewczyna zawo\u0142a\u0107 matk\u0119 dziecka. C\u00f3rka faraona tak jej powiedzia\u0142a: \u201eWe\u017a to dziecko i wykarm je dla mnie, a ja dam tobie za to zap\u0142at\u0119\u201d. W\u00f3wczas kobieta zabra\u0142a dziecko i wykarmi\u0142a je. Gdy ch\u0142opiec podr\u00f3s\u0142, zaprowadzi\u0142a go do c\u00f3rki faraona, i by\u0142 dla niej jak syn. Da\u0142a mu imi\u0119 Moj\u017cesz, m\u00f3wi\u0105c: \u201eBo wydoby\u0142am go z wody\u201d.<\/b><\/span><\/span><\/span><\/p>\n<p align=\"justify\"><span style=\"color: #000000;\"><span style=\"font-family: Book Antiqua, serif;\"><span style=\"font-size: large;\"><b>W tym czasie Moj\u017cesz dor\u00f3s\u0142, poszed\u0142 odwiedzi\u0107 swych rodak\u00f3w i zobaczy\u0142, jak ci\u0119\u017cko pracuj\u0105. Ujrza\u0142 te\u017c Egipcjanina bij\u0105cego pewnego Hebrajczyka, jego rodaka. Rozejrza\u0142 si\u0119 wi\u0119c na wszystkie strony, a widz\u0105c \u017ce nie ma nikogo, zabi\u0142 Egipcjanina i ukry\u0142 go w piasku.<\/b><\/span><\/span><\/span><\/p>\n<p align=\"justify\"><span style=\"color: #000000;\"><span style=\"font-family: Book Antiqua, serif;\"><span style=\"font-size: large;\"><b>Wyszed\u0142 znowu nazajutrz, a oto dwaj Hebrajczycy k\u0142\u00f3cili si\u0119 ze sob\u0105. I rzek\u0142 do winowajcy: \u201eCzemu bijesz twego rodaka?\u201d A ten mu odpowiedzia\u0142: \u201eKt\u00f3\u017c ci\u0119 ustanowi\u0142 naszym prze\u0142o\u017conym i rozjemc\u0105? Czy chcesz mnie zabi\u0107, jak zabi\u0142e\u015b Egipcjanina?\u201d Przel\u0105k\u0142 si\u0119 Moj\u017cesz i pomy\u015bla\u0142: \u201eZ ca\u0142\u0105 pewno\u015bci\u0105 sprawa si\u0119 ujawni\u0142a\u201d. <\/b><\/span><\/span><\/span><\/p>\n<p align=\"justify\"><span style=\"color: #000000;\"><span style=\"font-family: Book Antiqua, serif;\"><span style=\"font-size: large;\"><b>Faraon us\u0142ysza\u0142 o tej sprawie i usi\u0142owa\u0142 straci\u0107 Moj\u017cesza. Uciek\u0142 wi\u0119c Moj\u017cesz przed faraonem i uda\u0142 si\u0119 do ziemi Madian.<\/b><\/span><\/span><\/span><\/p>\n<p align=\"justify\">\n<p align=\"justify\">\n<p align=\"justify\">\n<p align=\"justify\">\n<p align=\"justify\">\n<p align=\"justify\"><span style=\"color: #000000;\"><span style=\"font-family: Book Antiqua, serif;\"><span style=\"font-size: large;\"><b>S\u0141OWA EWANGELII WED\u0141UG \u015aWI\u0118TEGO MATEUSZA:<\/b><\/span><\/span><\/span><\/p>\n<p align=\"justify\"><span style=\"color: #000000;\"><span style=\"font-family: Book Antiqua, serif;\"><span style=\"font-size: large;\"><b>Jezus pocz\u0105\u0142 czyni\u0107 wyrzuty miastom, w kt\u00f3rych najwi\u0119cej Jego cud\u00f3w si\u0119 dokona\u0142o, \u017ce si\u0119 nie nawr\u00f3ci\u0142y.<\/b><\/span><\/span><\/span><\/p>\n<p align=\"justify\"><span style=\"color: #000000;\">\u201e<span style=\"font-family: Book Antiqua, serif;\"><span style=\"font-size: large;\"><b>Biada tobie, Korozain! Biada tobie, Betsaido! Bo gdyby w Tyrze i Sydonie dzia\u0142y si\u0119 cuda, kt\u00f3re u was si\u0119 dokona\u0142y, ju\u017c dawno w worze i w popiele by si\u0119 nawr\u00f3ci\u0142y. Tote\u017c powiadam wam: Tyrowi i Sydonowi l\u017cej b\u0119dzie w dzie\u0144 s\u0105du ni\u017c wam. <\/b><\/span><\/span><\/span><\/p>\n<p align=\"justify\"><span style=\"color: #000000;\"><span style=\"font-family: Book Antiqua, serif;\"><span style=\"font-size: large;\"><b>A ty, Kafarnaum, czy a\u017c do nieba masz by\u0107 wyniesione? A\u017c do Otch\u0142ani zejdziesz. Bo gdyby w Sodomie dzia\u0142y si\u0119 cuda, kt\u00f3re si\u0119 w tobie dokona\u0142y, zosta\u0142aby a\u017c do dnia dzisiejszego. Tote\u017c powiadam wam: Ziemi sodomskiej l\u017cej b\u0119dzie w dzie\u0144 s\u0105du ni\u017c tobie\u201d.<\/b><\/span><\/span><\/span><\/p>\n<p align=\"justify\">\n<p align=\"justify\">\n<p align=\"justify\">\n<p align=\"justify\">\n<p align=\"justify\">\n<p align=\"justify\"><span style=\"color: #000000;\"><span style=\"font-family: Book Antiqua, serif;\"><span style=\"font-size: medium;\"><span style=\"color: #000080;\"><span lang=\"zxx\"><span style=\"font-size: large;\"><span lang=\"pl-PL\">Zaledwie wczoraj s\u0142yszeli\u015bmy, w pierwszym czytaniu, jak bardzo<\/span><\/span><\/span><\/span><b><span style=\"color: #000080;\"><span lang=\"zxx\"><span style=\"font-size: large;\"><span lang=\"pl-PL\"> pogorszy\u0142a si\u0119 sytuacja Izraelit\u00f3w w Egipcie,<\/span><\/span><\/span><\/span><\/b><span style=\"color: #000080;\"><span lang=\"zxx\"><span style=\"font-size: large;\"><span lang=\"pl-PL\"> jak zacz\u0119to ich prze\u015bladowa\u0107, a wr\u0119cz t\u0119pi\u0107, czego konkretnym wyrazem by\u0142 <\/span><\/span><\/span><\/span><b><span style=\"color: #000080;\"><span lang=\"zxx\"><span style=\"font-size: large;\"><span lang=\"pl-PL\">nakaz zabijania nowo narodzonych<\/span><\/span><\/span><\/span><\/b><span style=\"color: #000080;\"><span lang=\"zxx\"><span style=\"font-size: large;\"><span lang=\"pl-PL\"> ich ch\u0142opc\u00f3w \u2013 a ju\u017c dzisiaj s\u0142yszymy <\/span><\/span><\/span><\/span><b><span style=\"color: #000080;\"><span lang=\"zxx\"><span style=\"font-size: large;\"><span lang=\"pl-PL\">o narodzeniu si\u0119 Moj\u017cesza<\/span><\/span><\/span><\/span><\/b><span style=\"color: #000080;\"><span lang=\"zxx\"><span style=\"font-size: large;\"><span lang=\"pl-PL\"> i o pierwszych latach jego wyj\u0105tkowego \u017cycia. A nawet nie tyle \u2013 <\/span><\/span><\/span><\/span><span style=\"color: #000080;\"><span lang=\"zxx\"><span style=\"font-size: large;\"><span lang=\"pl-PL\">nie tylko \u2013 <\/span><\/span><\/span><\/span><span style=\"color: #000080;\"><span lang=\"zxx\"><span style=\"font-size: large;\"><span lang=\"pl-PL\">pierwszych, <\/span><\/span><\/span><\/span><span style=\"color: #000080;\"><span lang=\"zxx\"><span style=\"font-size: large;\"><span lang=\"pl-PL\">bo<\/span><\/span><\/span><\/span><span style=\"color: #000080;\"><span lang=\"zxx\"><span style=\"font-size: large;\"><span lang=\"pl-PL\"> ju\u017c obejmuj\u0105cych wej\u015bcie w doros\u0142o\u015b\u0107. Mamy wi\u0119c przeskok <\/span><\/span><\/span><\/span><span style=\"color: #000080;\"><span lang=\"zxx\"><span style=\"font-size: large;\"><span lang=\"pl-PL\">w czasie<\/span><\/span><\/span><\/span><span style=\"color: #000080;\"><span lang=\"zxx\"><span style=\"font-size: large;\"><span lang=\"pl-PL\">, w stosunku do wczorajszego czytania,<\/span><\/span><\/span><\/span><b><span style=\"color: #000080;\"><span lang=\"zxx\"><span style=\"font-size: large;\"><span lang=\"pl-PL\"> o jakie\u015b czterysta lat! <\/span><\/span><\/span><\/span><\/b><\/span><\/span><\/span><\/p>\n<p align=\"justify\"><span style=\"color: #000000;\"><span style=\"font-family: Book Antiqua, serif;\"><span style=\"font-size: medium;\"><span style=\"color: #000080;\"><span lang=\"zxx\"><span style=\"font-size: large;\"><span lang=\"pl-PL\">A dzisiaj tak\u017ce \u2013 pomi\u0119dzy wersetami <\/span><\/span><\/span><\/span><span style=\"color: #000080;\"><span lang=\"zxx\"><span style=\"font-size: large;\"><span lang=\"pl-PL\">wys\u0142uchanego<\/span><\/span><\/span><\/span><span style=\"color: #000080;\"><span lang=\"zxx\"><span style=\"font-size: large;\"><span lang=\"pl-PL\"> fragmentu \u2013 <\/span><\/span><\/span><\/span><b><span style=\"color: #000080;\"><span lang=\"zxx\"><span style=\"font-size: large;\"><span lang=\"pl-PL\">\u201eprzemkn\u0119\u0142o\u201d pewnie jakie\u015b dwadzie\u015bcia lat\u2026<\/span><\/span><\/span><\/span><\/b><span style=\"color: #000080;\"><span lang=\"zxx\"><span style=\"font-size: large;\"><span lang=\"pl-PL\"> Co ciekawe, dzisiejsze pierwsze czytanie jest fragmentem ci\u0105g\u0142ym, a nie kompilacj<\/span><\/span><\/span><\/span><span style=\"color: #000080;\"><span lang=\"zxx\"><span style=\"font-size: large;\"><span lang=\"pl-PL\">\u0105<\/span><\/span><\/span><\/span><span style=\"color: #000080;\"><span lang=\"zxx\"><span style=\"font-size: large;\"><span lang=\"pl-PL\"> poszczeg\u00f3lnych werset\u00f3w, starannie powybieranych z d\u0142u\u017cszego tekstu. Nie, <\/span><\/span><\/span><\/span><span style=\"color: #000080;\"><span lang=\"zxx\"><span style=\"font-size: large;\"><span lang=\"pl-PL\">to nie redaktor Lekcjonarza Mszalnego, ale <\/span><\/span><\/span><\/span><b><span style=\"color: #000080;\"><span lang=\"zxx\"><span style=\"font-size: large;\"><span lang=\"pl-PL\">sam <\/span><\/span><\/span><\/span><span style=\"color: #000080;\"><span lang=\"zxx\"><span style=\"font-size: large;\"><span lang=\"pl-PL\">Autor biblijny <\/span><\/span><\/span><\/span><\/b><span style=\"color: #000080;\"><span lang=\"zxx\"><span style=\"font-size: large;\"><span lang=\"pl-PL\">w\u0142a\u015bnie tak, czyli mocno skr\u00f3towo, przybli\u017cy\u0142 nam histori\u0119 \u017cycia Moj\u017cesza, <\/span><\/span><\/span><\/span><b><span style=\"color: #000080;\"><span lang=\"zxx\"><span style=\"font-size: large;\"><span lang=\"pl-PL\">w jej najwa\u017cniejszych aspektach.<\/span><\/span><\/span><\/span><\/b> <\/span><\/span><\/span><\/p>\n<p align=\"justify\"><span style=\"color: #000000;\"><span style=\"font-family: Book Antiqua, serif;\"><span style=\"font-size: medium;\"><span style=\"color: #000080;\"><span lang=\"zxx\"><span style=\"font-size: large;\"><span lang=\"pl-PL\">Powiedzia\u0142 nam <\/span><\/span><\/span><\/span><span style=\"color: #000080;\"><span lang=\"zxx\"><span style=\"font-size: large;\"><span lang=\"pl-PL\">wi\u0119c, \u017ce <\/span><\/span><\/span><\/span><span style=\"color: #000080;\"><span lang=\"zxx\"><span style=\"font-size: large;\"><span lang=\"pl-PL\">Moj\u017cesz <\/span><\/span><\/span><\/span><b><span style=\"color: #000080;\"><span lang=\"zxx\"><span style=\"font-size: large;\"><span lang=\"pl-PL\">w og\u00f3le prze\u017cy\u0142,<\/span><\/span><\/span><\/span><\/b><span style=\"color: #000080;\"><span lang=\"zxx\"><span style=\"font-size: large;\"><span lang=\"pl-PL\"> pomimo kr\u00f3lewskiego nakazu zabijania hebrajskich ch\u0142opc\u00f3w, a \u017ceby by\u0142o ciekawie i oryginalnie, to <\/span><\/span><\/span><\/span><b><span style=\"color: #000080;\"><span lang=\"zxx\"><span style=\"font-size: large;\"><span lang=\"pl-PL\">prze\u017cy\u0142 \u201epod nosem\u201d faraona,<\/span><\/span><\/span><\/span><\/b><span style=\"color: #000080;\"><span lang=\"zxx\"><span style=\"font-size: large;\"><span lang=\"pl-PL\"> a potem wr\u0119cz zamieszka\u0142 <\/span><\/span><\/span><\/span><b><span style=\"color: #000080;\"><span lang=\"zxx\"><span style=\"font-size: large;\"><span lang=\"pl-PL\">na jego dworze, <\/span><\/span><\/span><\/span><\/b><span style=\"color: #000080;\"><span lang=\"zxx\"><span style=\"font-size: large;\"><span lang=\"pl-PL\">pod opiek\u0105 jego w\u0142asnej, rodzonej c\u00f3rki<\/span><\/span><\/span><\/span><span style=\"color: #000080;\"><span lang=\"zxx\"><span style=\"font-size: large;\"><span lang=\"pl-PL\">! I niech kto\u015b teraz powie, <\/span><\/span><\/span><\/span><b><span style=\"color: #000080;\"><span lang=\"zxx\"><span style=\"font-size: large;\"><span lang=\"pl-PL\">\u017ce Pan B\u00f3g nie ma poczucia humoru!<\/span><\/span><\/span><\/span><\/b><span style=\"color: #000080;\"><span lang=\"zxx\"><span style=\"font-size: large;\"><span lang=\"pl-PL\"> Przecie\u017c m\u00f3g\u0142 ca\u0142\u0105 t\u0119 spraw\u0119 z<\/span><\/span><\/span><\/span><span style=\"color: #000080;\"><span lang=\"zxx\"><span style=\"font-size: large;\"><span lang=\"pl-PL\">upe\u0142nie inaczej przeprowadzi\u0107, rozstrzygn\u0105\u0107, a B\u00f3g <\/span><\/span><\/span><\/span><b><span style=\"color: #000080;\"><span lang=\"zxx\"><span style=\"font-size: large;\"><span lang=\"pl-PL\">w\u0142a\u015bnie tego, kt\u00f3ry ju\u017c nied\u0142ugo mia\u0142 wyprowadzi\u0107<\/span><\/span><\/span><\/span><\/b><span style=\"color: #000080;\"><span lang=\"zxx\"><span style=\"font-size: large;\"><span lang=\"pl-PL\"> spod w\u0142adzy faraona <\/span><\/span><\/span><\/span><span style=\"color: #000080;\"><span lang=\"zxx\"><span style=\"font-size: large;\"><span lang=\"pl-PL\">ca\u0142\u0105 rzesz\u0119 jego niewolnik\u00f3w, stanowi\u0105cych darmow\u0105 si\u0142\u0119 robocz\u0105 <\/span><\/span><\/span><\/span><span style=\"color: #000080;\"><span lang=\"zxx\"><span style=\"font-size: large;\"><span lang=\"pl-PL\">\u2013 <\/span><\/span><\/span><\/span><span style=\"color: #000080;\"><span lang=\"zxx\"><span style=\"font-size: large;\"><span lang=\"pl-PL\">w\u0142a\u015bnie tego cz\u0142owieka <\/span><\/span><\/span><\/span><b><span style=\"color: #000080;\"><span lang=\"zxx\"><span style=\"font-size: large;\"><span lang=\"pl-PL\">skierowa\u0142 na zamieszkanie do domu faraona,<\/span><\/span><\/span><\/span><\/b> <span style=\"color: #000080;\"><span lang=\"zxx\"><span style=\"font-size: large;\"><span lang=\"pl-PL\">jego \u015bmiertelnego wroga!<\/span><\/span><\/span><\/span><span style=\"color: #000080;\"><span lang=\"zxx\"><span style=\"font-size: large;\"><span lang=\"pl-PL\"> Paradoks? Zbieg okoliczno\u015bci? Przypadek? <\/span><\/span><\/span><\/span><\/span><\/span><\/span><\/p>\n<p align=\"justify\"><span style=\"color: #000000;\"><span style=\"font-family: Book Antiqua, serif;\"><span style=\"font-size: medium;\"><span style=\"color: #000080;\"><span lang=\"zxx\"><span style=\"font-size: large;\"><span lang=\"pl-PL\">Nie! Po prostu \u2013 <\/span><\/span><\/span><\/span><b><span style=\"color: #000080;\"><span lang=\"zxx\"><span style=\"font-size: large;\"><span lang=\"pl-PL\">Bo\u017ce plany! <\/span><\/span><\/span><\/span><\/b><span style=\"color: #000080;\"><span lang=\"zxx\"><span style=\"font-size: large;\"><span lang=\"pl-PL\">I Bo\u017ce panowanie nad \u015bwiatem! <\/span><\/span><\/span><\/span><b><span style=\"color: #000080;\"><span lang=\"zxx\"><span style=\"font-size: large;\"><span lang=\"pl-PL\">Kontrolowanie przez Boga sytuacji,<\/span><\/span><\/span><\/span><\/b><span style=\"color: #000080;\"><span lang=\"zxx\"><span style=\"font-size: large;\"><span lang=\"pl-PL\"> bez wzgl\u0119du na <\/span><\/span><\/span><\/span><span style=\"color: #000080;\"><span lang=\"zxx\"><span style=\"font-size: large;\"><span lang=\"pl-PL\">czas i miejsce, czy <\/span><\/span><\/span><\/span><span style=\"color: #000080;\"><span lang=\"zxx\"><span style=\"font-size: large;\"><span lang=\"pl-PL\">zmieniaj\u0105ce si\u0119 okoliczno\u015bci. W\u0142a\u015bnie dlatego w kt\u00f3rym\u015b momencie<\/span><\/span><\/span><\/span><b><span style=\"color: #000080;\"><span lang=\"zxx\"><span style=\"font-size: large;\"><span lang=\"pl-PL\"> powo\u0142a\u0142 <\/span><\/span><\/span><\/span><span style=\"color: #000080;\"><span lang=\"zxx\"><span style=\"font-size: large;\"><span lang=\"pl-PL\">B\u00f3g <\/span><\/span><\/span><\/span><span style=\"color: #000080;\"><span lang=\"zxx\"><span style=\"font-size: large;\"><span lang=\"pl-PL\">\u201eswojego\u201d cz\u0142owieka, <\/span><\/span><\/span><\/span><\/b><span style=\"color: #000080;\"><span lang=\"zxx\"><span style=\"font-size: large;\"><span lang=\"pl-PL\">Moj\u017cesza, do tak trudnego zadania, aby pokaza\u0107, \u017ce dla Niego, <\/span><\/span><\/span><\/span><span style=\"color: #000080;\"><span lang=\"zxx\"><span style=\"font-size: large;\"><span lang=\"pl-PL\">czyli dla Boga w\u0142a\u015bnie,<\/span><\/span><\/span><\/span> <b><span style=\"color: #000080;\"><span lang=\"zxx\"><span style=\"font-size: large;\"><span lang=\"pl-PL\">\u017caden ziemski w\u0142adca naprawd\u0119 nie jest partnerem<\/span><\/span><\/span><\/span><\/b><span style=\"color: #000080;\"><span lang=\"zxx\"><span style=\"font-size: large;\"><span lang=\"pl-PL\"> \u2013 w sensie posiadania r\u00f3wnych si\u0142 i r\u00f3wnej rangi. <\/span><\/span><\/span><\/span><b><span style=\"color: #000080;\"><span lang=\"zxx\"><span style=\"font-size: large;\"><span lang=\"pl-PL\">Faraon \u2013 faraonem, ale to B\u00f3g \u2013 <\/span><\/span><\/span><\/span><span style=\"color: #000080;\"><span lang=\"zxx\"><span style=\"font-size: large;\"><span lang=\"pl-PL\">Bogiem!<\/span><\/span><\/span><\/span><\/b> <span style=\"color: #000080;\"><span lang=\"zxx\"><span style=\"font-size: large;\"><span lang=\"pl-PL\">I to B\u00f3g <\/span><\/span><\/span><\/span><span style=\"color: #000080;\"><span lang=\"zxx\"><span style=\"font-size: large;\"><span lang=\"pl-PL\">panuje nad \u015bwiatem, nie faraon. <\/span><\/span><\/span><\/span><\/span><\/span><\/span><\/p>\n<p align=\"justify\"><span style=\"color: #000000;\"><span style=\"font-family: Book Antiqua, serif;\"><span style=\"font-size: medium;\"><span style=\"color: #000080;\"><span lang=\"zxx\"><span style=\"font-size: large;\"><span lang=\"pl-PL\">I dlatego <\/span><\/span><\/span><\/span><span style=\"color: #000080;\"><span lang=\"zxx\"><span style=\"font-size: large;\"><span lang=\"pl-PL\">to <\/span><\/span><\/span><\/span><b><span style=\"color: #000080;\"><span lang=\"zxx\"><span style=\"font-size: large;\"><span lang=\"pl-PL\">B\u00f3g w bardzo oryginalny spos\u00f3b powo\u0142a\u0142 Wyzwoliciela,<\/span><\/span><\/span><\/span><\/b><span style=\"color: #000080;\"><span lang=\"zxx\"><span style=\"font-size: large;\"><span lang=\"pl-PL\"> kt\u00f3ry \u2013 w imieniu Boga i pod Jego \u015bcis\u0142ym kierownictwem, z Jego upowa\u017cnienia i z Jego b\u0142ogos\u0142awie\u0144stwem <\/span><\/span><\/span><\/span><span style=\"color: #000080;\"><span lang=\"zxx\"><span style=\"font-size: large;\"><span lang=\"pl-PL\">oraz z<\/span><\/span><\/span><\/span><span style=\"color: #000080;\"><span lang=\"zxx\"><span style=\"font-size: large;\"><span lang=\"pl-PL\"> dok\u0142adn\u0105 <\/span><\/span><\/span><\/span><span style=\"color: #000080;\"><span lang=\"zxx\"><span style=\"font-size: large;\"><span lang=\"pl-PL\">Jego<\/span><\/span><\/span><\/span><span style=\"color: #000080;\"><span lang=\"zxx\"><span style=\"font-size: large;\"><span lang=\"pl-PL\"> instrukcj\u0105 \u2013 <\/span><\/span><\/span><\/span><b><span style=\"color: #000080;\"><span lang=\"zxx\"><span style=\"font-size: large;\"><span lang=\"pl-PL\">mia\u0142<\/span><\/span><\/span><\/span><span style=\"color: #000080;\"><span lang=\"zxx\"><span style=\"font-size: large;\"><span lang=\"pl-PL\"> wyra\u017anie poka<\/span><\/span><\/span><\/span><span style=\"color: #000080;\"><span lang=\"zxx\"><span style=\"font-size: large;\"><span lang=\"pl-PL\">za\u0107<\/span><\/span><\/span><\/span><span style=\"color: #000080;\"><span lang=\"zxx\"><span style=\"font-size: large;\"><span lang=\"pl-PL\"> faraonowi granic\u0119 jego w\u0142adzy.<\/span><\/span><\/span><\/span><\/b><span style=\"color: #000080;\"><span lang=\"zxx\"><span style=\"font-size: large;\"><span lang=\"pl-PL\"> Po prostu \u2013 <\/span><\/span><\/span><\/span><b><span style=\"color: #000080;\"><span lang=\"zxx\"><span style=\"font-size: large;\"><span lang=\"pl-PL\">mia\u0142 <\/span><\/span><\/span><\/span><span style=\"color: #000080;\"><span lang=\"zxx\"><span style=\"font-size: large;\"><span lang=\"pl-PL\">wyzwoli<\/span><\/span><\/span><\/span><span style=\"color: #000080;\"><span lang=\"zxx\"><span style=\"font-size: large;\"><span lang=\"pl-PL\">\u0107<\/span><\/span><\/span><\/span><span style=\"color: #000080;\"><span lang=\"zxx\"><span style=\"font-size: large;\"><span lang=\"pl-PL\"> nar\u00f3d. <\/span><\/span><\/span><\/span><\/b><span style=\"color: #000080;\"><span lang=\"zxx\"><span style=\"font-size: large;\"><span lang=\"pl-PL\">I to b<\/span><\/span><\/span><\/span><span style=\"color: #000080;\"><span lang=\"zxx\"><span style=\"font-size: large;\"><span lang=\"pl-PL\">y\u0142o<\/span><\/span><\/span><\/span><span style=\"color: #000080;\"><span lang=\"zxx\"><span style=\"font-size: large;\"><span lang=\"pl-PL\"> w misji Moj\u017cesza najwa\u017cniejsze. <\/span><\/span><\/span><\/span><\/span><\/span><\/span><\/p>\n<p align=\"justify\"><span style=\"color: #000000;\"><span style=\"font-family: Book Antiqua, serif;\"><span style=\"font-size: medium;\"><span style=\"color: #000080;\"><span lang=\"zxx\"><span style=\"font-size: large;\"><span lang=\"pl-PL\">Temu podporz\u0105d<\/span><\/span><\/span><\/span><span style=\"color: #000080;\"><span lang=\"zxx\"><span style=\"font-size: large;\"><span lang=\"pl-PL\">kowane by\u0142o ca\u0142e jego \u017cycie, dlatego nie powinni\u015bmy si\u0119 dziwi\u0107, \u017ce Autor biblijny tak <\/span><\/span><\/span><\/span><b><span style=\"color: #000080;\"><span lang=\"zxx\"><span style=\"font-size: large;\"><span lang=\"pl-PL\">mocno \u201ena skr\u00f3ty\u201d opisa\u0142 nam pocz\u0105tek \u017cyciowej drogi<\/span><\/span><\/span><\/span><\/b><span style=\"color: #000080;\"><span lang=\"zxx\"><span style=\"font-size: large;\"><span lang=\"pl-PL\"> tego niezwyk\u0142ego cz\u0142owieka, <\/span><\/span><\/span><\/span><span style=\"color: #000080;\"><span lang=\"zxx\"><span style=\"font-size: large;\"><span lang=\"pl-PL\">bo wybra\u0142 niejako to, co s\u0142u\u017cy\u0142o temu najwa\u017cniejszemu przekazowi. <\/span><\/span><\/span><\/span><span style=\"color: #000080;\"><span lang=\"zxx\"><span style=\"font-size: large;\"><span lang=\"pl-PL\"> Ale nawet ju\u017c po tym skr\u00f3towym opisie widzimy, \u017ce to <\/span><\/span><\/span><\/span><b><span style=\"color: #000080;\"><span lang=\"zxx\"><span style=\"font-size: large;\"><span lang=\"pl-PL\">nie by\u0142a<\/span><\/span><\/span><\/span><\/b><span style=\"color: #000080;\"><span lang=\"zxx\"><span style=\"font-size: large;\"><span lang=\"pl-PL\"> taka \u2013 nazwijmy to tak \u2013 <\/span><\/span><\/span><\/span><b><span style=\"color: #000080;\"><span lang=\"zxx\"><span style=\"font-size: large;\"><span lang=\"pl-PL\">standardowa droga \u017cycia. <\/span><\/span><\/span><\/span><\/b><span style=\"color: #000080;\"><span lang=\"zxx\"><span style=\"font-size: large;\"><span lang=\"pl-PL\">Bo ju\u017c samo pojawienie si\u0119 na \u015bwiecie tego dziecka i <\/span><\/span><\/span><\/span><b><span style=\"color: #000080;\"><span lang=\"zxx\"><span style=\"font-size: large;\"><span lang=\"pl-PL\">wyj\u0105tkowa opieka Nieba,<\/span><\/span><\/span><\/span><\/b><span style=\"color: #000080;\"><span lang=\"zxx\"><span style=\"font-size: large;\"><span lang=\"pl-PL\"> jak\u0105 by\u0142 <\/span><\/span><\/span><\/span><span style=\"color: #000080;\"><span lang=\"zxx\"><span style=\"font-size: large;\"><span lang=\"pl-PL\">od pierwszych chwil <\/span><\/span><\/span><\/span><span style=\"color: #000080;\"><span lang=\"zxx\"><span style=\"font-size: large;\"><span lang=\"pl-PL\">otoczony \u2013 <\/span><\/span><\/span><\/span><span style=\"color: #000080;\"><span lang=\"zxx\"><span style=\"font-size: large;\"><span lang=\"pl-PL\">wszystko to<\/span><\/span><\/span><\/span><span style=\"color: #000080;\"><span lang=\"zxx\"><span style=\"font-size: large;\"><span lang=\"pl-PL\"> kaza\u0142o przypuszcza\u0107, \u017ce to kto\u015b <\/span><\/span><\/span><\/span><b><span style=\"color: #000080;\"><span lang=\"zxx\"><span style=\"font-size: large;\"><span lang=\"pl-PL\">naprawd\u0119 wy<\/span><\/span><\/span><\/span><span style=\"color: #000080;\"><span lang=\"zxx\"><span style=\"font-size: large;\"><span lang=\"pl-PL\">brany<\/span><\/span><\/span><\/span><span style=\"color: #000080;\"><span lang=\"zxx\"><span style=\"font-size: large;\"><span lang=\"pl-PL\">.<\/span><\/span><\/span><\/span><\/b><span style=\"color: #000080;\"><span lang=\"zxx\"><span style=\"font-size: large;\"><span lang=\"pl-PL\"> I \u017ce B\u00f3g ma dla niego <\/span><\/span><\/span><\/span><b><span style=\"color: #000080;\"><span lang=\"zxx\"><span style=\"font-size: large;\"><span lang=\"pl-PL\">jakie\u015b szczeg\u00f3lne zadanie. <\/span><\/span><\/span><\/span><\/b><\/span><\/span><\/span><\/p>\n<p align=\"justify\"><span style=\"color: #000000;\"><span style=\"font-family: Book Antiqua, serif;\"><span style=\"font-size: medium;\"><span style=\"color: #000080;\"><span lang=\"zxx\"><span style=\"font-size: large;\"><span lang=\"pl-PL\">Potem, ju\u017c w trakcie realizacji zadania, do kt\u00f3rego zosta\u0142 powo\u0142any, <\/span><\/span><\/span><\/span><span style=\"color: #000080;\"><span lang=\"zxx\"><span style=\"font-size: large;\"><span lang=\"pl-PL\">opis tych\u017ce dzia\u0142a\u0144, jaki znajdziemy na kartach Pisma \u015awi\u0119tego, b\u0119dzie <\/span><\/span><\/span><\/span><b><span style=\"color: #000080;\"><span lang=\"zxx\"><span style=\"font-size: large;\"><span lang=\"pl-PL\">o wiele bardziej szczeg\u00f3\u0142owy, drobiazgowy i systematyczny.<\/span><\/span><\/span><\/span><\/b><span style=\"color: #000080;\"><span lang=\"zxx\"><span style=\"font-size: large;\"><span lang=\"pl-PL\"> Bo to w\u0142a\u015bnie ta druga cz\u0119\u015b\u0107 \u017cycia Moj\u017cesza, czyli ta, kt\u00f3r\u0105 wype\u0142ni\u0142a misja, zlecona mu przez Boga, zas\u0142uguje z pewno\u015bci\u0105 na nasz\u0105 szczeg\u00f3\u0142ow\u0105 uwag\u0119. <\/span><\/span><\/span><\/span><\/span><\/span><\/span><\/p>\n<p align=\"justify\"><span style=\"color: #000000;\"><span style=\"font-family: Book Antiqua, serif;\"><span style=\"font-size: medium;\"><span style=\"color: #000080;\"><span lang=\"zxx\"><span style=\"font-size: large;\"><span lang=\"pl-PL\">Natomiast w opisie, jaki dzisiaj us\u0142yszeli\u015bmy, <\/span><\/span><\/span><\/span><span style=\"color: #000080;\"><span lang=\"zxx\"><span style=\"font-size: large;\"><span lang=\"pl-PL\">cho\u0107 w wersji skr\u00f3towej i nieco \u201epobie\u017cnej\u201d, <\/span><\/span><\/span><\/span><b><span style=\"color: #000080;\"><span lang=\"zxx\"><span style=\"font-size: large;\"><span lang=\"pl-PL\">tak\u017ce mogli\u015bmy zobaczy\u0107 Bo\u017ce dzia\u0142anie<\/span><\/span><\/span><\/span><\/b><span style=\"color: #000080;\"><span lang=\"zxx\"><span style=\"font-size: large;\"><span lang=\"pl-PL\"> \u2013 i to dzia\u0142anie bardzo skuteczne. Wyra\u017anie dostrzegli\u015bmy r\u0119k\u0119 Bo\u017c\u0105, kt\u00f3ra tak pokierowa\u0142a poszczeg\u00f3lnymi wydarzeniami, \u017ce <\/span><\/span><\/span><\/span><b><span style=\"color: #000080;\"><span lang=\"zxx\"><span style=\"font-size: large;\"><span lang=\"pl-PL\">Bo\u017cy Wys\u0142annik m\u00f3g\u0142 wyruszy\u0107 dobrze przygotowany<\/span><\/span><\/span><\/span><\/b><span style=\"color: #000080;\"><span lang=\"zxx\"><span style=\"font-size: large;\"><span lang=\"pl-PL\"> do wype\u0142nienia dziejowej misji \u2013 tak, wielkiej i niezwyk\u0142ej misji, kt\u00f3ra <\/span><\/span><\/span><\/span><b><span style=\"color: #000080;\"><span lang=\"zxx\"><span style=\"font-size: large;\"><span lang=\"pl-PL\">mia\u0142a naznaczy\u0107 histori\u0119 zbawienia<\/span><\/span><\/span><\/span><\/b><span style=\"color: #000080;\"><span lang=\"zxx\"><span style=\"font-size: large;\"><span lang=\"pl-PL\"> ju\u017c na wszystkie wieki, bo przecie\u017c nie tylko dla \u017byd\u00f3w, ale i dla nas, chrze\u015bcijan, wyprowadzenie narodu z egipskiej niewoli ma znaczenie ogromne! <\/span><\/span><\/span><\/span><\/span><\/span><\/span><\/p>\n<p align=\"justify\"><span style=\"color: #000000;\"><span style=\"font-family: Book Antiqua, serif;\"><span style=\"font-size: medium;\"><span style=\"color: #000080;\"><span lang=\"zxx\"><span style=\"font-size: large;\"><span lang=\"pl-PL\">Mo\u017cemy zatem <\/span><\/span><\/span><\/span><b><span style=\"color: #000080;\"><span lang=\"zxx\"><span style=\"font-size: large;\"><span lang=\"pl-PL\">podziwia\u0107 Boga<\/span><\/span><\/span><\/span><\/b><span style=\"color: #000080;\"><span lang=\"zxx\"><span style=\"font-size: large;\"><span lang=\"pl-PL\"> za t\u0119 Jego niezwyk\u0142\u0105 my\u015bl \u2013 i za t\u0119 niezwyk\u0142\u0105 <\/span><\/span><\/span><\/span><b><span style=\"color: #000080;\"><span lang=\"zxx\"><span style=\"font-size: large;\"><span lang=\"pl-PL\">konsekwencj\u0119 i determinacj\u0119,<\/span><\/span><\/span><\/span><\/b><span style=\"color: #000080;\"><span lang=\"zxx\"><span style=\"font-size: large;\"><span lang=\"pl-PL\"> z jak\u0105 realizuje i doprowadza do ko\u0144ca swoje plany zbawienia cz\u0142owieka. Tym planom <\/span><\/span><\/span><\/span><b><span style=\"color: #000080;\"><span lang=\"zxx\"><span style=\"font-size: large;\"><span lang=\"pl-PL\">\u017cadna moc ziemska lub pozaziemska <\/span><\/span><\/span><\/span><\/b><span style=\"color: #000080;\"><span lang=\"zxx\"><span style=\"font-size: large;\"><span lang=\"pl-PL\">nie jest w stanie si\u0119 oprze\u0107, ani si\u0119 sprzeciwi\u0107. Poza\u2026<\/span><\/span><\/span><\/span><b><span style=\"color: #000080;\"><span lang=\"zxx\"><span style=\"font-size: large;\"><span lang=\"pl-PL\"> samym cz\u0142owiekiem. <\/span><\/span><\/span><\/span><\/b><\/span><\/span><\/span><\/p>\n<p align=\"justify\"><span style=\"color: #000000;\"><span style=\"font-family: Book Antiqua, serif;\"><span style=\"font-size: medium;\"><span style=\"color: #000080;\"><span lang=\"zxx\"><span style=\"font-size: large;\"><span lang=\"pl-PL\">I o tym dzisiaj Jezus m\u00f3wi \u2013 z wielkim b\u00f3lem i rozczarowaniem \u2013 w us\u0142yszanym przez nas czytaniu ewangelicznym: <\/span><\/span><\/span><\/span><b><span style=\"color: #000080;\"><span lang=\"zxx\"><span style=\"font-size: large;\"><span lang=\"pl-PL\"><i>Biada tobie, Korozain! Biada tobie, Betsaido! Bo gdyby w Tyrze i Sydonie dzia\u0142y si\u0119 cuda, kt\u00f3re u was si\u0119 dokona\u0142y, ju\u017c dawno w worze i w popiele by si\u0119 nawr\u00f3ci\u0142y. Tote\u017c powiadam wam: Tyrowi i Sydonowi l\u017cej b\u0119dzie w dzie\u0144 s\u0105du ni\u017c wam. A ty, Kafarnaum, czy a\u017c do nieba masz by\u0107 wyniesione? A\u017c do Otch\u0142ani zejdziesz. Bo gdyby w Sodomie dzia\u0142y si\u0119 cuda, kt\u00f3re si\u0119 w tobie dokona\u0142y, zosta\u0142aby a\u017c do dnia dzisiejszego. Tote\u017c powiadam wam: Ziemi sodomskiej l\u017cej b\u0119dzie w dzie\u0144 s\u0105du ni\u017c tobie.<\/i><\/span><\/span><\/span><\/span> <\/b><span style=\"color: #000080;\"><span lang=\"zxx\"><span style=\"font-size: large;\"><span lang=\"pl-PL\">Bardzo bolesne s\u0142owa\u2026 <\/span><\/span><\/span><\/span><\/span><\/span><\/span><\/p>\n<p align=\"justify\"><span style=\"color: #000000;\"><span style=\"font-family: Book Antiqua, serif;\"><span style=\"font-size: medium;\"><span style=\"color: #000080;\"><span lang=\"zxx\"><span style=\"font-size: large;\"><span lang=\"pl-PL\">Je\u017celi bowiem m\u00f3wili\u015bmy sobie dzi\u015b, \u017ce cho\u0107 faraon \u2013 faraonem, to jednak B\u00f3g \u2013 Bogiem i moc faraona nijak ma si\u0119 do mocy Bo\u017cej, bo z t\u0105 w\u0142adz\u0105 faraona to B\u00f3g sobie doskonale poradzi, to jednak musimy te\u017c jasno powiedzie\u0107, \u017ce <\/span><\/span><\/span><\/span><b><span style=\"color: #000080;\"><span lang=\"zxx\"><span style=\"font-size: large;\"><span lang=\"pl-PL\">B\u00f3g nie poradzi sobie z oporem samego cz\u0142owieka,<\/span><\/span><\/span><\/span><\/b><span style=\"color: #000080;\"><span lang=\"zxx\"><span style=\"font-size: large;\"><span lang=\"pl-PL\"> kt\u00f3remu chce pom\u00f3c, a kt\u00f3ry <\/span><\/span><\/span><\/span><b><span style=\"color: #000080;\"><span lang=\"zxx\"><span style=\"font-size: large;\"><span lang=\"pl-PL\">nie da sobie pom\u00f3c. <\/span><\/span><\/span><\/span><\/b><span style=\"color: #000080;\"><span lang=\"zxx\"><span style=\"font-size: large;\"><span lang=\"pl-PL\">Albo chce, \u017ceby wszystko odby\u0142o si\u0119 na jego, a nie na Bo\u017cych zasadach. <\/span><\/span><\/span><\/span><\/span><\/span><\/span><\/p>\n<p align=\"justify\"><span style=\"color: #000000;\"><span style=\"font-family: Book Antiqua, serif;\"><span style=\"font-size: medium;\"><span style=\"color: #000080;\"><span lang=\"zxx\"><span style=\"font-size: large;\"><span lang=\"pl-PL\">Niestety, <\/span><\/span><\/span><\/span><b><span style=\"color: #000080;\"><span lang=\"zxx\"><span style=\"font-size: large;\"><span lang=\"pl-PL\">cz\u0142owiek mo\u017ce zniweczy\u0107 nawet najpi\u0119kniejsze i najbardziej niezwyk\u0142e plany Boga<\/span><\/span><\/span><\/span><\/b><span style=\"color: #000080;\"><span lang=\"zxx\"><span style=\"font-size: large;\"><span lang=\"pl-PL\"> wobec siebie, na czele z tym najwa\u017cniejszym planem: planem <\/span><\/span><\/span><\/span><span style=\"color: #000080;\"><span lang=\"zxx\"><span style=\"font-size: large;\"><span lang=\"pl-PL\">swojego w\u0142asnego <\/span><\/span><\/span><\/span><span style=\"color: #000080;\"><span lang=\"zxx\"><span style=\"font-size: large;\"><span lang=\"pl-PL\">zbawienia. Owo dzisiejsze Jezusowe: <\/span><\/span><\/span><\/span><b><span style=\"color: #000080;\"><span lang=\"zxx\"><span style=\"font-size: large;\"><span lang=\"pl-PL\"><i>A\u017c do Otch\u0142ani zejdziesz! <\/i><\/span><\/span><\/span><\/span><\/b><span style=\"color: #000080;\"><span lang=\"zxx\"><span style=\"font-size: large;\"><span lang=\"pl-PL\">\u2013 brzmi tu naprawd\u0119 niezwykle poruszaj\u0105co. Czy jednak na tyle poruszaj\u0105co, <\/span><\/span><\/span><\/span><b><span style=\"color: #000080;\"><span lang=\"zxx\"><span style=\"font-size: large;\"><span lang=\"pl-PL\">by rzeczywi\u015bcie poruszy\u0142o serca?\u2026 <\/span><\/span><\/span><\/span><\/b><\/span><\/span><\/span><\/p>\n<p align=\"justify\"><span style=\"color: #000000;\"><span style=\"font-family: Book Antiqua, serif;\"><span style=\"font-size: medium;\"><span style=\"color: #000080;\"><span lang=\"zxx\"><span style=\"font-size: large;\"><span lang=\"pl-PL\">Niestety, wiemy, \u017ce <\/span><\/span><\/span><\/span><span style=\"color: #000080;\"><span lang=\"zxx\"><span style=\"font-size: large;\"><span lang=\"pl-PL\">ju\u017c tam, na pustyni, Moj\u017cesz wiele razy <\/span><\/span><\/span><\/span><b><span style=\"color: #000080;\"><span lang=\"zxx\"><span style=\"font-size: large;\"><span lang=\"pl-PL\">musia\u0142 znosi\u0107 op\u00f3r swoich rodak\u00f3w. <\/span><\/span><\/span><\/span><\/b><span style=\"color: #000080;\"><span lang=\"zxx\"><span style=\"font-size: large;\"><span lang=\"pl-PL\">A z Moj\u017ceszem \u2013 sam B\u00f3g. Owszem, B\u00f3g dawa\u0142 znaki, kt\u00f3re mia\u0142y otrze\u017awi\u0107 Izraelit\u00f3w i pobudzi\u0107 ich do <\/span><\/span><\/span><\/span><span style=\"color: #000080;\"><span lang=\"zxx\"><span style=\"font-size: large;\"><span lang=\"pl-PL\">racjonalnego<\/span><\/span><\/span><\/span><span style=\"color: #000080;\"><span lang=\"zxx\"><span style=\"font-size: large;\"><span lang=\"pl-PL\"> my\u015blenia \u2013 <\/span><\/span><\/span><\/span><b><span style=\"color: #000080;\"><span lang=\"zxx\"><span style=\"font-size: large;\"><span lang=\"pl-PL\">i cz\u0119sto te dzia\u0142ania dawa\u0142y dobry skutek.<\/span><\/span><\/span><\/span><\/b><span style=\"color: #000080;\"><span lang=\"zxx\"><span style=\"font-size: large;\"><span lang=\"pl-PL\"> Ale i tak, i tak \u2013 decyzja zawsze na ko\u0144cu <\/span><\/span><\/span><\/span><b><span style=\"color: #000080;\"><span lang=\"zxx\"><span style=\"font-size: large;\"><span lang=\"pl-PL\">nale\u017ca\u0142a do samego cz\u0142owieka: <\/span><\/span><\/span><\/span><\/b><span style=\"color: #000080;\"><span lang=\"zxx\"><span style=\"font-size: large;\"><span lang=\"pl-PL\">czy odczyta Bo\u017cy znak i czy post\u0105pi tak, jak nale\u017cy, czy jednak dalej b\u0119dzie trwa\u0142 w uporze.<\/span><\/span><\/span><\/span><\/span><\/span><\/span><\/p>\n<p align=\"justify\"><span style=\"color: #000000;\"><span style=\"font-family: Book Antiqua, serif;\"><span style=\"font-size: medium;\"><span style=\"color: #000080;\"><span lang=\"zxx\"><span style=\"font-size: large;\"><span lang=\"pl-PL\">Mieszka\u0144cy miast, wymienionych przez Jezusa, <\/span><\/span><\/span><\/span><b><span style=\"color: #000080;\"><span lang=\"zxx\"><span style=\"font-size: large;\"><span lang=\"pl-PL\">wybrali to drugie rozwi\u0105zanie\u2026<\/span><\/span><\/span><\/span><\/b><span style=\"color: #000080;\"><span lang=\"zxx\"><span style=\"font-size: large;\"><span lang=\"pl-PL\"> I c\u00f3\u017c?\u2026 A no \u2013 nic. Mo\u017cna tylko powiedzie\u0107: szkoda! Ale to ich wyb\u00f3r.<\/span><\/span><\/span><\/span><\/span><\/span><\/span><\/p>\n<p align=\"justify\"><span style=\"color: #000000;\"><span style=\"font-family: Book Antiqua, serif;\"><span style=\"font-size: medium;\"><b><span style=\"color: #000080;\"><span lang=\"zxx\"><span style=\"font-size: large;\"><span lang=\"pl-PL\">A m\u00f3j wyb\u00f3r?<\/span><\/span><\/span><\/span><\/b><span style=\"color: #000080;\"><span lang=\"zxx\"><span style=\"font-size: large;\"><span lang=\"pl-PL\"> I moja reakcja <\/span><\/span><\/span><\/span><b><span style=\"color: #000080;\"><span lang=\"zxx\"><span style=\"font-size: large;\"><span lang=\"pl-PL\">na tak wiele znak\u00f3w i gest\u00f3w,<\/span><\/span><\/span><\/span><\/b><span style=\"color: #000080;\"><span lang=\"zxx\"><span style=\"font-size: large;\"><span lang=\"pl-PL\"> jakie Pan wykonuje w stosunku do mnie \u2013 praktycznie ka\u017cdego dnia? <\/span><\/span><\/span><\/span><b><span style=\"color: #000080;\"><span lang=\"zxx\"><span style=\"font-size: large;\"><span lang=\"pl-PL\">Czy je w og\u00f3le dostrzegam? <\/span><\/span><\/span><\/span><\/b><span style=\"color: #000080;\"><span lang=\"zxx\"><span style=\"font-size: large;\"><span lang=\"pl-PL\">I czy trafiaj\u0105 one do mnie, czy mnie przekonuj\u0105, czy pobudzaj\u0105 do refleksji nad moim \u017cyciem i post\u0119powaniem \u2013 <\/span><\/span><\/span><\/span><b><span style=\"color: #000080;\"><span lang=\"zxx\"><span style=\"font-size: large;\"><span lang=\"pl-PL\">i do przemiany,<\/span><\/span><\/span><\/span><\/b><span style=\"color: #000080;\"><span lang=\"zxx\"><span style=\"font-size: large;\"><span lang=\"pl-PL\"> je\u015bli trzeba, tego\u017c post\u0119powania?\u2026 <\/span><\/span><\/span><\/span><\/span><\/span><\/span><\/p>\n<p align=\"justify\"><span style=\"color: #000000;\"><span style=\"font-family: Book Antiqua, serif;\"><span style=\"font-size: medium;\"><span style=\"color: #000080;\"><span lang=\"zxx\"><span style=\"font-size: large;\"><span lang=\"pl-PL\">Naprawd\u0119, musz\u0119 sobie dzisiaj na nowo u\u015bwiadomi\u0107, <\/span><\/span><\/span><\/span><b><span style=\"color: #000080;\"><span lang=\"zxx\"><span style=\"font-size: large;\"><span lang=\"pl-PL\">jak<\/span><\/span><\/span><\/span><\/b> <b><span style=\"color: #000080;\"><span lang=\"zxx\"><span style=\"font-size: large;\"><span lang=\"pl-PL\">bardzo wiele ode mnie na tym odcinku zale\u017cy!<\/span><\/span><\/span><\/span><\/b><span style=\"color: #000080;\"><span lang=\"zxx\"><span style=\"font-size: large;\"><span lang=\"pl-PL\"> W\u0142a\u015bciwie to <\/span><\/span><\/span><\/span><b><span style=\"color: #000080;\"><span lang=\"zxx\"><span style=\"font-size: large;\"><span lang=\"pl-PL\">wszystko ode mnie zale\u017cy! <\/span><\/span><\/span><\/span><\/b><span style=\"color: #000080;\"><span lang=\"zxx\"><span style=\"font-size: large;\"><span lang=\"pl-PL\">Jezus mi pomo\u017ce \u2013 ale decyzja w sprawie tego, czy i jak b\u0119dzie m\u00f3g\u0142 mi pom\u00f3c, naprawd\u0119 ostatecznie nale\u017cy <\/span><\/span><\/span><\/span><b><span style=\"color: #000080;\"><span lang=\"zxx\"><span style=\"font-size: large;\"><span lang=\"pl-PL\">tylko do mnie.<\/span><\/span><\/span><\/span><\/b><\/span><\/span><\/span><\/p>\n<p align=\"justify\"><span style=\"color: #000000;\"><span style=\"font-family: Book Antiqua, serif;\"><span style=\"font-size: medium;\"><span style=\"color: #000080;\"><span lang=\"zxx\"><span style=\"font-size: large;\"><span lang=\"pl-PL\">Gdyby\u015bmy <\/span><\/span><\/span><\/span><span style=\"color: #000080;\"><span lang=\"zxx\"><span style=\"font-size: large;\"><span lang=\"pl-PL\">za\u015b <\/span><\/span><\/span><\/span><span style=\"color: #000080;\"><span lang=\"zxx\"><span style=\"font-size: large;\"><span lang=\"pl-PL\">szukali przyk\u0142adu <\/span><\/span><\/span><\/span><b><span style=\"color: #000080;\"><span lang=\"zxx\"><span style=\"font-size: large;\"><span lang=\"pl-PL\">\u015bwietnego u\u0142o\u017cenia wsp\u00f3\u0142pracy<\/span><\/span><\/span><\/span><\/b><span style=\"color: #000080;\"><span lang=\"zxx\"><span style=\"font-size: large;\"><span lang=\"pl-PL\"> cz\u0142owieka <\/span><\/span><\/span><\/span><span style=\"color: #000080;\"><span lang=\"zxx\"><span style=\"font-size: large;\"><span lang=\"pl-PL\">z<\/span><\/span><\/span><\/span><span style=\"color: #000080;\"><span lang=\"zxx\"><span style=\"font-size: large;\"><span lang=\"pl-PL\"> \u0142ask\u0105 <\/span><\/span><\/span><\/span><span style=\"color: #000080;\"><span lang=\"zxx\"><span style=\"font-size: large;\"><span lang=\"pl-PL\">Bo\u017c\u0105<\/span><\/span><\/span><\/span><span style=\"color: #000080;\"><span lang=\"zxx\"><span style=\"font-size: large;\"><span lang=\"pl-PL\">, przyk\u0142adu fantastycznego wr\u0119cz <\/span><\/span><\/span><\/span><b><span style=\"color: #000080;\"><span lang=\"zxx\"><span style=\"font-size: large;\"><span lang=\"pl-PL\">skorzystania z pomocy Bo\u017cej<\/span><\/span><\/span><\/span><\/b><span style=\"color: #000080;\"><span lang=\"zxx\"><span style=\"font-size: large;\"><span lang=\"pl-PL\"> w kszta\u0142towaniu swojego \u017cycia i swojej pos\u0142ugi, to z pewno\u015bci\u0105 warto przyjrze\u0107 si\u0119 \u017cyciu i dzia\u0142alno\u015bci Patrona dnia dzisiejszego, kt\u00f3rym jest <\/span><\/span><\/span><\/span><b><span style=\"color: #000080;\"><span lang=\"zxx\"><span style=\"font-size: large;\"><span lang=\"pl-PL\">\u015awi\u0119ty Bonawentura, <\/span><\/span><\/span><\/span><\/b><span style=\"color: #000080;\"><span lang=\"zxx\"><span style=\"font-size: large;\"><span lang=\"pl-PL\">Kardyna\u0142 i Doktor Ko\u015bcio\u0142a.<\/span><\/span><\/span><\/span><\/span><\/span><\/span><\/p>\n<p align=\"justify\"><span style=\"color: #000000;\"><span style=\"font-size: large;\"><span style=\"font-family: Book Antiqua, serif;\"><b>Bonawentura,<\/b><\/span><span style=\"font-family: Book Antiqua, serif;\"> a w\u0142a\u015bciwie <\/span><span style=\"font-family: Book Antiqua, serif;\"><b>Jan di Fidanza, <\/b><\/span><span style=\"font-family: Book Antiqua, serif;\">urodzi\u0142 si\u0119 oko\u0142o<\/span><span style=\"font-family: Book Antiqua, serif;\"><b> 1218 roku,<\/b><\/span><span style=\"font-family: Book Antiqua, serif;\"> w Bagnoregio ko\u0142o Viterbo. Ojciec jego by\u0142 lekarzem. Rodzice obawiali si\u0119, czy dziecko prze\u017cyje, by\u0142o bowiem bardzo s\u0142abowite. W tej sytuacji, <\/span><span style=\"font-family: Book Antiqua, serif;\"><b>pobo\u017cna matka z\u0142o\u017cy\u0142a \u015blub,<\/b><\/span><span style=\"font-family: Book Antiqua, serif;\"> \u017ce je\u015bli tylko syn wyzdrowieje, <\/span><span style=\"font-family: Book Antiqua, serif;\"><b>po\u015bwi\u0119ci go na s\u0142u\u017cb\u0119 Bo\u017c\u0105. <\/b><\/span><span style=\"font-family: Book Antiqua, serif;\">Istnieje nawet pi\u0119kne podanie, wed\u0142ug kt\u00f3rego dzieci\u0119 miano przynie\u015b\u0107 do \u015awi\u0119tego Franciszka z Asy\u017cu, a ten w natchnieniu mia\u0142 powiedzie\u0107: <\/span><span style=\"font-family: Book Antiqua, serif;\"><b>\u201e<\/b><\/span><span style=\"font-family: Book Antiqua, serif;\"><b>O, buona ventura!\u201d<\/b><\/span><span style=\"font-family: Book Antiqua, serif;\"><b> \u2013 co znaczy: \u201eO, szcz\u0119\u015bliwe narodziny, szcz\u0119\u015bliwe pojawienie si\u0119!\u201d<\/b><\/span><span style=\"font-family: Book Antiqua, serif;\"> W ten spos\u00f3b zapewne t\u0142umaczono imi\u0119, kt\u00f3re otrzyma\u0142 w zakonie i pod kt\u00f3rym jest dzi\u015b znany. <\/span><\/span><\/span><\/p>\n<p align=\"justify\"><span style=\"color: #000000;\"><span style=\"font-size: large;\"><span style=\"font-family: Book Antiqua, serif;\">Pierwsze nauki odby\u0142 m\u0142ody Jan w rodzinnym miasteczku. Po uko\u0144czeniu szko\u0142y \u015bredniej uda\u0142 si\u0119 na <\/span><span style=\"font-family: Book Antiqua, serif;\"><b>uniwersytet do Pary\u017ca, na studia filozoficzne.<\/b><\/span><span style=\"font-family: Book Antiqua, serif;\"> W Pary\u017cu r\u00f3wnie\u017c \u2013 maj\u0105c dwadzie\u015bcia pi\u0119\u0107 lat \u2013 <\/span><span style=\"font-family: Book Antiqua, serif;\"><b>wst\u0105pi\u0142 do franciszkan\u00f3w,<\/b><\/span><span style=\"font-family: Book Antiqua, serif;\"> gdzie otrzyma\u0142 wspomniane ju\u017c imi\u0119 zakonne <\/span><span style=\"font-family: Book Antiqua, serif;\"><b>Bonawentura<\/b><\/span><span style=\"font-family: Book Antiqua, serif;\">. Tam te\u017c studiowa\u0142 teologi\u0119. Po otrzymaniu stopnia magistra, jeszcze przez trzy lata studiowa\u0142, ale r\u00f3wnocze\u015bnie <\/span><span style=\"font-family: Book Antiqua, serif;\"><b>ju\u017c wyk\u0142ada\u0142<\/b><\/span><span style=\"font-family: Book Antiqua, serif;\"> Pismo \u015bwi\u0119te i \u201e<\/span><span style=\"font-family: Book Antiqua, serif;\">Sentencje\u201d<\/span><span style=\"font-family: Book Antiqua, serif;\"> Piotra Lombarda. <\/span><\/span><\/span><\/p>\n<p align=\"justify\"><span style=\"color: #000000;\"><span style=\"font-size: large;\"><span style=\"font-family: Book Antiqua, serif;\">Z tego te\u017c czasu pochodzi <\/span><span style=\"font-family: Book Antiqua, serif;\"><b>jego szczytowe dzie\u0142o z zakresu teologii, a dotycz\u0105ce Tr\u00f3jcy \u015awi\u0119tej.<\/b><\/span><span style=\"font-family: Book Antiqua, serif;\"> Bonawentura zaj\u0105\u0142 si\u0119 tak\u017ce filozoficznym problemem poznania ludzkiego. W tej kwestii odszed\u0142 od Arystotelesa i \u015awi\u0119tego Tomasza z Akwinu, <\/span><span style=\"font-family: Book Antiqua, serif;\"><b>a zbli\u017cy\u0142 si\u0119 do Platona i \u015awi\u0119tego Augustyna.<\/b><\/span><span style=\"font-family: Book Antiqua, serif;\"> Wreszcie, w tym samym czasie wyda\u0142 tom rozpraw, w kt\u00f3rym mo\u017cna odnale\u017a\u0107 syntez\u0119 jego my\u015bli filozoficznej i teologicznej. <\/span><\/span><\/span><\/p>\n<p align=\"justify\"><span style=\"color: #000000;\"><span style=\"font-size: large;\"><span style=\"font-family: Book Antiqua, serif;\">Nast\u0119pne lata sp\u0119dzi\u0142 <\/span><span style=\"font-family: Book Antiqua, serif;\"><b>w r\u00f3\u017cnych klasztorach franciszka\u0144skich w charakterze wyk\u0142adowcy.<\/b><\/span><span style=\"font-family: Book Antiqua, serif;\"> Musia\u0142 imponowa\u0107 niezwyk\u0142\u0105 wiedz\u0105, \u015bwi\u0119to\u015bci\u0105 i zmys\u0142em organizacyjnym, skoro na kapitule generalnej zosta\u0142 wybrany <\/span><span style=\"font-family: Book Antiqua, serif;\"><b>prze\u0142o\u017conym generalnym zakonu.<\/b><\/span><span style=\"font-family: Book Antiqua, serif;\"> Sta\u0142o si\u0119 to <\/span><span style=\"font-family: Book Antiqua, serif;\"><b>2 lutego 1257 roku.<\/b><\/span><span style=\"font-family: Book Antiqua, serif;\"> A mia\u0142 wtedy zaledwie trzydzie\u015bci dziewi\u0119\u0107 lat. <\/span><\/span><\/span><\/p>\n<p align=\"justify\"><span style=\"color: #000000;\"><span style=\"font-size: large;\"><span style=\"font-family: Book Antiqua, serif;\">Wyb\u00f3r ten okaza\u0142 si\u0119 dla m\u0142odego zakonu opatrzno\u015bciowym. Zakon bowiem przechodzi\u0142 w\u00f3wczas <\/span><span style=\"font-family: Book Antiqua, serif;\"><b>trudny<\/b><\/span> <span style=\"font-family: Book Antiqua, serif;\"><b>czas.<\/b><\/span><span style=\"font-family: Book Antiqua, serif;\"> Powsta\u0142y <\/span><span style=\"font-family: Book Antiqua, serif;\">w nim <\/span><span style=\"font-family: Book Antiqua, serif;\">dwie zwalczaj\u0105ce si\u0119 zaciekle frakcje: jedn\u0105 tworzyli zwolennicy surowego zachowania pierwotnej regu\u0142y \u015awi<\/span><span style=\"font-family: Book Antiqua, serif;\">\u0119<\/span><span style=\"font-family: Book Antiqua, serif;\">tego Franciszka, drug\u0105 \u2013 zwolennicy regu\u0142y \u0142agodniejszej. Bonawentura umia\u0142 <\/span><span style=\"font-family: Book Antiqua, serif;\"><b>wybra\u0107 tak zwany \u201ez\u0142oty \u015brodek\u201d,<\/b><\/span><span style=\"font-family: Book Antiqua, serif;\"> a przez swoje roztropne zarz\u0105dzenia, nada\u0142 zakonowi w\u0142a\u015bciwy kierunek. <\/span><\/span><\/span><\/p>\n<p align=\"justify\"><span style=\"color: #000000;\"><span style=\"font-size: large;\"><span style=\"font-family: Book Antiqua, serif;\">Przez szesna\u015bcie lat swoich rz\u0105d\u00f3w <\/span><span style=\"font-family: Book Antiqua, serif;\"><b>doprowadzi\u0142 <\/b><\/span><span style=\"font-family: Book Antiqua, serif;\"><b>go<\/b><\/span><span style=\"font-family: Book Antiqua, serif;\"><b> do niebywa\u0142ego rozwoju.<\/b><\/span><span style=\"font-family: Book Antiqua, serif;\"> W roku 1260 <\/span><span style=\"font-family: Book Antiqua, serif;\"><b>u\u0142o\u017cy\u0142 pierwsze konstytucje,<\/b><\/span><span style=\"font-family: Book Antiqua, serif;\"> b\u0119d\u0105ce w rzeczy samej wyk\u0142adni\u0105 regu\u0142y \u015awi\u0119tego Franciszka. W ten spos\u00f3b <\/span><span style=\"font-family: Book Antiqua, serif;\"><b>przeci\u0105\u0142 mo\u017cliwo\u015b\u0107 r\u00f3\u017cnego jej interpretowania<\/b><\/span><span style=\"font-family: Book Antiqua, serif;\"> \u2013 co ci\u0105gle jeszcze si\u0119 zdarza\u0142o. Ponadto, bardzo intensywnie <\/span><span style=\"font-family: Book Antiqua, serif;\"><b>wizytowa\u0142 zakon, <\/b><\/span><span style=\"font-family: Book Antiqua, serif;\">je\u017cd\u017c\u0105c do jego plac\u00f3wek w r\u00f3\u017cnych krajach. Z powody tego zaanga\u017cowania niekt\u00f3rzy historycy nazywaj\u0105 go <\/span><span style=\"font-family: Book Antiqua, serif;\"><b>drugim Ojcem zakonu.<\/b><\/span> <\/span><\/span><\/p>\n<p align=\"justify\"><span style=\"color: #000000;\"><span style=\"font-size: large;\"><span style=\"font-family: Book Antiqua, serif;\">Posiada\u0142 <\/span><span style=\"font-family: Book Antiqua, serif;\">ponadto<\/span> <span style=\"font-family: Book Antiqua, serif;\"><b>umiej\u0119tno\u015b\u0107 \u0142\u0105czenia<\/b><\/span><span style=\"font-family: Book Antiqua, serif;\"> \u017cycia czynnego i publicznego <\/span><span style=\"font-family: Book Antiqua, serif;\"><b>z bogatym \u017cyciem wewn\u0119trznym.<\/b><\/span><span style=\"font-family: Book Antiqua, serif;\"> Mia\u0142 wielkie nabo\u017ce\u0144stwo do M\u0119ki Pa\u0144skiej i ku jej czci uk\u0142ada\u0142 przepi\u0119kne poematy. G\u0142o\u015bno by\u0142o o nim tak\u017ce na dworze papieskim. Dlatego te\u017c <\/span><span style=\"font-family: Book Antiqua, serif;\"><b>Papie\u017c Grzegorz X, w 1273 roku, mianowa\u0142 go kardyna\u0142em oraz biskupem Albano pod Rzymem.<\/b><\/span> <\/span><\/span><\/p>\n<p align=\"justify\"><span style=\"color: #000000;\"><span style=\"font-size: large;\"><span style=\"font-family: Book Antiqua, serif;\">Delegacja Papie\u017ca z wiadomo\u015bci\u0105 o nominacji zasta\u0142a go przy myciu naczy\u0144 kuchennych w klasztorze. Nawet bowiem <\/span><span style=\"font-family: Book Antiqua, serif;\"><b>jako prze\u0142o\u017cony generalny zakonu, podejmowa\u0142 normalnie wszystkie prace i dy\u017cury,<\/b><\/span><span style=\"font-family: Book Antiqua, serif;\"> jak chocia\u017cby wspomniane zmywanie naczy\u0144, o ile tylko na niego wypad\u0142a kolejka. I kiedy przyby\u0142a do niego delegacja papieska, aby obwie\u015bci\u0107 mu nominacj\u0119 kardynalsk\u0105, Bonawentura <\/span><span style=\"font-family: Book Antiqua, serif;\"><b>w ogrodzie zmywa\u0142 w\u0142a\u015bnie naczynia po obiedzie.<\/b><\/span> <\/span><\/span><\/p>\n<p align=\"justify\"><span style=\"color: #000000;\"><span style=\"font-size: large;\"><span style=\"font-family: Book Antiqua, serif;\">Gdy wi\u0119c dostojni go\u015bcie stan\u0119li przed nim i obwie\u015bcili, po co przyjechali, nasz \u015awi\u0119ty wsta\u0142, otar\u0142 r\u0119ce o fartuch, kt\u00f3rym by\u0142 przepasany, z pokor\u0105 wys\u0142ucha\u0142 bulli nominacyjnej Ojca \u015awi\u0119tego, bardzo uprzejmie podzi\u0119kowa\u0142, po czym poprosi\u0142, aby <\/span><span style=\"font-family: Book Antiqua, serif;\"><b>kapelusz kardynalski,<\/b><\/span><span style=\"font-family: Book Antiqua, serif;\"> kt\u00f3ry jeden z delegat\u00f3w trzyma\u0142 w r\u0119ku i chcia\u0142 mu wr\u0119czy\u0107, <\/span><span style=\"font-family: Book Antiqua, serif;\"><b>chwilowo powiesi\u0107 na pobliskim drzewie, bo on musi doko\u0144czy\u0107 zmywanie.<\/b><\/span><span style=\"font-family: Book Antiqua, serif;\"> To pokazuje, jakim tak naprawd\u0119 by\u0142 cz\u0142owiekiem!<\/span><\/span><\/span><\/p>\n<p align=\"justify\"><span style=\"color: #000000;\"><span style=\"font-size: large;\"><span style=\"font-family: Book Antiqua, serif;\">Oczywi\u015bcie, wspomnian\u0105 <\/span><span style=\"font-family: Book Antiqua, serif;\"><b>nominacj\u0119 przyj\u0105\u0142,<\/b><\/span><span style=\"font-family: Book Antiqua, serif;\"> co wi\u0105za\u0142o si\u0119 ze zrzeczeniem si\u0119 urz\u0119du prze\u0142o\u017conego generalnego zakonu i oddaniem si\u0119 wy\u0142\u0105cznie sprawom publicznym. Towarzyszy\u0142 wi\u0119c Papie\u017cowi w r\u00f3\u017cnych podr\u00f3\u017cach, <\/span><span style=\"font-family: Book Antiqua, serif;\"><b>a w listopadzie 1273 roku uda\u0142 si\u0119 do Lyonu na Sob\u00f3r Powszechny.<\/b><\/span><span style=\"font-family: Book Antiqua, serif;\"> Otrzyma\u0142 zaszczytne zadanie <\/span><span style=\"font-family: Book Antiqua, serif;\"><b>wyg\u0142oszenia przem\u00f3wienia inauguracyjnego.<\/b><\/span><span style=\"font-family: Book Antiqua, serif;\"> Na niego te\u017c spad\u0142 g\u0142\u00f3wny ci\u0119\u017car prac przygotowawczych do Soboru. I w\u0142a\u015bnie tymi wszystkimi obowi\u0105zkami wyczerpany, <\/span><span style=\"font-family: Book Antiqua, serif;\"><b>zmar\u0142 15 lipca 1274 roku,<\/b><\/span><span style=\"font-family: Book Antiqua, serif;\"> ju\u017c podczas trwania Soboru Lyo\u0144skiego. <\/span><\/span><\/span><\/p>\n<p align=\"justify\"><span style=\"color: #000000;\"><span style=\"font-size: large;\"><span style=\"font-family: Book Antiqua, serif;\"><b>W pogrzebie wzi\u0105\u0142 udzia\u0142 Papie\u017c i wszyscy Ojcowie Soboru<\/b><\/span><span style=\"font-family: Book Antiqua, serif;\"> w liczbie pi\u0119ciuset biskup\u00f3w i oko\u0142o tysi\u0105ca pra\u0142at\u00f3w i teolog\u00f3w. Pogrzeb mia\u0142 wi\u0119c kr\u00f3lewski. Papie\u017c wyg\u0142osi\u0142 mow\u0119 pogrzebow\u0105 ku jego czci. Kronikarze notuj\u0105, \u017ce <\/span><span style=\"font-family: Book Antiqua, serif;\"><b>tego dnia wielu chorych i kalek odzyska\u0142o zdrowie. <\/b><\/span><\/span><\/span><\/p>\n<p align=\"justify\"><span style=\"color: #000000;\"><span style=\"font-size: large;\"><span style=\"font-family: Book Antiqua, serif;\">Nasz Patron by\u0142 jednym z <\/span><span style=\"font-family: Book Antiqua, serif;\"><b>najwybitniejszych teolog\u00f3w \u015aredniowiecza. <\/b><\/span><span style=\"font-family: Book Antiqua, serif;\">Pozostawi\u0142 po sobie wiele dzie\u0142 teologicznych. Sk\u0142adaj\u0105 si\u0119 na nie konstytucje, liczne traktaty i komentarze teologiczne, czterysta czterdzie\u015bci kaza\u0144 i wiele innych. Bonawentura stworzy\u0142 w\u0142asn\u0105 szko\u0142\u0119 teologiczn\u0105. <\/span><span style=\"font-family: Book Antiqua, serif;\"><b>Kanonizowany zosta\u0142 w roku 1482,<\/b><\/span><span style=\"font-family: Book Antiqua, serif;\"> a w 1588 roku og\u0142oszono go<\/span><span style=\"font-family: Book Antiqua, serif;\"><b> Doktorem Ko\u015bcio\u0142a.<\/b><\/span><\/span><\/span><\/p>\n<p align=\"justify\"><span style=\"color: #000000;\"><span style=\"font-family: Book Antiqua, serif;\"><span style=\"font-size: medium;\"><span style=\"color: #000080;\"><span lang=\"zxx\"><span style=\"font-size: large;\"><span lang=\"pl-PL\">A my, s\u0142uchaj\u0105c uwa\u017cnie S\u0142owa Bo\u017cego, przeznaczonego na dzie\u0144 dzisiejszy <\/span><\/span><\/span><\/span><span style=\"color: #000080;\"><span lang=\"zxx\"><span style=\"font-size: large;\"><span lang=\"pl-PL\">i wpatruj\u0105c si\u0119 w <\/span><\/span><\/span><\/span><span style=\"color: #000080;\"><span lang=\"zxx\"><span style=\"font-size: large;\"><span lang=\"pl-PL\">\u015bwietlany <\/span><\/span><\/span><\/span><span style=\"color: #000080;\"><span lang=\"zxx\"><span style=\"font-size: large;\"><span lang=\"pl-PL\">przyk\u0142ad<\/span><\/span><\/span><\/span><span style=\"color: #000080;\"><span lang=\"zxx\"><span style=\"font-size: large;\"><span lang=\"pl-PL\"> \u015bwi\u0119to\u015bci <\/span><\/span><\/span><\/span><span style=\"color: #000080;\"><span lang=\"zxx\"><span style=\"font-size: large;\"><span lang=\"pl-PL\">naszego Patrona, raz jeszcze zapytajmy <\/span><\/span><\/span><\/span><span style=\"color: #000080;\"><span lang=\"zxx\"><span style=\"font-size: large;\"><span lang=\"pl-PL\">samych siebie<\/span><\/span><\/span><\/span><span style=\"color: #000080;\"><span lang=\"zxx\"><span style=\"font-size: large;\"><span lang=\"pl-PL\">: <\/span><\/span><\/span><\/span><b><span style=\"color: #000080;\"><span lang=\"zxx\"><span style=\"font-size: large;\"><span lang=\"pl-PL\">Czy \u2013 i jak \u2013 korzystam z pomocy Bo\u017cej <\/span><\/span><\/span><\/span><\/b><span style=\"color: #000080;\"><span lang=\"zxx\"><span style=\"font-size: large;\"><span lang=\"pl-PL\">w codziennym <\/span><\/span><\/span><\/span><span style=\"color: #000080;\"><span lang=\"zxx\"><span style=\"font-size: large;\"><span lang=\"pl-PL\">moim<\/span><\/span><\/span><\/span><span style=\"color: #000080;\"><span lang=\"zxx\"><span style=\"font-size: large;\"><span lang=\"pl-PL\"> zmaganiu o dobro, a pokonywaniu swoich w\u0142asnych s\u0142abo\u015bci i swoich opor\u00f3w? <\/span><\/span><\/span><\/span><b><span style=\"color: #000080;\"><span lang=\"zxx\"><span style=\"font-size: large;\"><span lang=\"pl-PL\">Na jaki odzew z mojej strony Pan mo\u017ce liczy\u0107?<\/span><\/span><\/span><\/span><\/b><span style=\"color: #000080;\"><span lang=\"zxx\"><span style=\"font-size: large;\"><span lang=\"pl-PL\"> Czy wol\u0119 pos\u0142ucha\u0107 Jezusa i za Nim p\u00f3j\u015b\u0107, czy jeszcze ulegam w\u0142adzy wsp\u00f3\u0142czesnych faraon\u00f3w, kt\u00f3rzy usi\u0142uj\u0105 mnie zniewoli\u0107? <\/span><\/span><\/span><\/span><\/span><\/span><\/span><\/p>\n<p align=\"justify\"><span style=\"color: #000000;\"><span style=\"font-family: Book Antiqua, serif;\"><span style=\"font-size: medium;\"><span style=\"color: #000080;\"><span lang=\"zxx\"><span style=\"font-size: large;\"><span lang=\"pl-PL\">Na czym dzisiaj \u2013 ale tak konkretnie \u2013 <\/span><\/span><\/span><\/span><b><span style=\"color: #000080;\"><span lang=\"zxx\"><span style=\"font-size: large;\"><span lang=\"pl-PL\">b\u0119dzie polega\u0142a moja osobista wsp\u00f3\u0142praca z Jezusem?\u2026 <\/span><\/span><\/span><\/span><\/b><\/span><\/span><\/span><\/p>\n","protected":false},"excerpt":{"rendered":"<p>Szcz\u0119\u015b\u0107 Bo\u017ce! Moi Drodzy, w dniu dzisiejszym urodziny prze\u017cywa Anna Komoszy\u0144ska, anga\u017cuj\u0105ca si\u0119 w swoim czasie w dzia\u0142alno\u015b\u0107 m\u0142odzie\u017cowych Wsp\u00f3lnot. \u017bycz\u0119 Jej bezmiaru \u0142ask z Nieba, o kt\u00f3re te\u017c b\u0119d\u0119 si\u0119 dla Niej modli\u0142. A oto dzisiaj prze\u017cywamy kolejn\u0105 rocznic\u0119 zwyci\u0119skiej Bitwy pod Grunwaldem, z 1410 roku. Wspominam o tym dlatego, \u017ce w og\u00f3le lubi\u0119 [&hellip;]<\/p>\n","protected":false},"author":1,"featured_media":0,"comment_status":"open","ping_status":"open","sticky":false,"template":"","format":"standard","meta":{"jetpack_post_was_ever_published":false,"_jetpack_newsletter_access":"","_jetpack_dont_email_post_to_subs":false,"_jetpack_newsletter_tier_id":0,"_jetpack_memberships_contains_paywalled_content":false,"_jetpack_memberships_contains_paid_content":false,"footnotes":""},"categories":[1],"tags":[],"class_list":["post-24000","post","type-post","status-publish","format-standard","hentry","category-bez-kategorii"],"yoast_head":"<!-- This site is optimized with the Yoast SEO plugin v25.1 - https:\/\/yoast.com\/wordpress\/plugins\/seo\/ -->\n<title>Faraon - faraonem, ale B\u00f3g - Bogiem! - Gaudium Et Spes<\/title>\n<meta name=\"robots\" content=\"index, follow, max-snippet:-1, max-image-preview:large, max-video-preview:-1\" \/>\n<link rel=\"canonical\" href=\"https:\/\/gaudiumetspes-blog.pl\/index.php\/2025\/07\/15\/faraon-faraonem-ale-bog-bogiem\/\" \/>\n<meta property=\"og:locale\" content=\"pl_PL\" \/>\n<meta property=\"og:type\" content=\"article\" \/>\n<meta property=\"og:title\" content=\"Faraon - faraonem, ale B\u00f3g - Bogiem! - Gaudium Et Spes\" \/>\n<meta property=\"og:description\" content=\"Szcz\u0119\u015b\u0107 Bo\u017ce! Moi Drodzy, w dniu dzisiejszym urodziny prze\u017cywa Anna Komoszy\u0144ska, anga\u017cuj\u0105ca si\u0119 w swoim czasie w dzia\u0142alno\u015b\u0107 m\u0142odzie\u017cowych Wsp\u00f3lnot. \u017bycz\u0119 Jej bezmiaru \u0142ask z Nieba, o kt\u00f3re te\u017c b\u0119d\u0119 si\u0119 dla Niej modli\u0142. A oto dzisiaj prze\u017cywamy kolejn\u0105 rocznic\u0119 zwyci\u0119skiej Bitwy pod Grunwaldem, z 1410 roku. Wspominam o tym dlatego, \u017ce w og\u00f3le lubi\u0119 [&hellip;]\" \/>\n<meta property=\"og:url\" content=\"https:\/\/gaudiumetspes-blog.pl\/index.php\/2025\/07\/15\/faraon-faraonem-ale-bog-bogiem\/\" \/>\n<meta property=\"og:site_name\" content=\"Gaudium Et Spes\" \/>\n<meta property=\"article:published_time\" content=\"2025-07-15T06:57:24+00:00\" \/>\n<meta name=\"author\" content=\"Ks. Jacek\" \/>\n<meta name=\"twitter:card\" content=\"summary_large_image\" \/>\n<meta name=\"twitter:label1\" content=\"Napisane przez\" \/>\n\t<meta name=\"twitter:data1\" content=\"Ks. Jacek\" \/>\n\t<meta name=\"twitter:label2\" content=\"Szacowany czas czytania\" \/>\n\t<meta name=\"twitter:data2\" content=\"15 minut\" \/>\n<script type=\"application\/ld+json\" class=\"yoast-schema-graph\">{\"@context\":\"https:\/\/schema.org\",\"@graph\":[{\"@type\":\"WebPage\",\"@id\":\"https:\/\/gaudiumetspes-blog.pl\/index.php\/2025\/07\/15\/faraon-faraonem-ale-bog-bogiem\/\",\"url\":\"https:\/\/gaudiumetspes-blog.pl\/index.php\/2025\/07\/15\/faraon-faraonem-ale-bog-bogiem\/\",\"name\":\"Faraon - faraonem, ale B\u00f3g - Bogiem! - Gaudium Et Spes\",\"isPartOf\":{\"@id\":\"https:\/\/gaudiumetspes-blog.pl\/#website\"},\"datePublished\":\"2025-07-15T06:57:24+00:00\",\"author\":{\"@id\":\"https:\/\/gaudiumetspes-blog.pl\/#\/schema\/person\/1661982992b752dea8dff0d4ed845a65\"},\"breadcrumb\":{\"@id\":\"https:\/\/gaudiumetspes-blog.pl\/index.php\/2025\/07\/15\/faraon-faraonem-ale-bog-bogiem\/#breadcrumb\"},\"inLanguage\":\"pl-PL\",\"potentialAction\":[{\"@type\":\"ReadAction\",\"target\":[\"https:\/\/gaudiumetspes-blog.pl\/index.php\/2025\/07\/15\/faraon-faraonem-ale-bog-bogiem\/\"]}]},{\"@type\":\"BreadcrumbList\",\"@id\":\"https:\/\/gaudiumetspes-blog.pl\/index.php\/2025\/07\/15\/faraon-faraonem-ale-bog-bogiem\/#breadcrumb\",\"itemListElement\":[{\"@type\":\"ListItem\",\"position\":1,\"name\":\"Strona g\u0142\u00f3wna\",\"item\":\"https:\/\/gaudiumetspes-blog.pl\/\"},{\"@type\":\"ListItem\",\"position\":2,\"name\":\"Faraon &#8211; faraonem, ale B\u00f3g &#8211; Bogiem!\"}]},{\"@type\":\"WebSite\",\"@id\":\"https:\/\/gaudiumetspes-blog.pl\/#website\",\"url\":\"https:\/\/gaudiumetspes-blog.pl\/\",\"name\":\"Gaudium Et Spes\",\"description\":\"Blog Ks. Jacka Ja\u015bkowskiego\",\"potentialAction\":[{\"@type\":\"SearchAction\",\"target\":{\"@type\":\"EntryPoint\",\"urlTemplate\":\"https:\/\/gaudiumetspes-blog.pl\/?s={search_term_string}\"},\"query-input\":{\"@type\":\"PropertyValueSpecification\",\"valueRequired\":true,\"valueName\":\"search_term_string\"}}],\"inLanguage\":\"pl-PL\"},{\"@type\":\"Person\",\"@id\":\"https:\/\/gaudiumetspes-blog.pl\/#\/schema\/person\/1661982992b752dea8dff0d4ed845a65\",\"name\":\"Ks. Jacek\",\"image\":{\"@type\":\"ImageObject\",\"inLanguage\":\"pl-PL\",\"@id\":\"https:\/\/gaudiumetspes-blog.pl\/#\/schema\/person\/image\/\",\"url\":\"https:\/\/gaudiumetspes-blog.pl\/wp-content\/uploads\/2019\/07\/avatar-JJ-150x150.jpg\",\"contentUrl\":\"https:\/\/gaudiumetspes-blog.pl\/wp-content\/uploads\/2019\/07\/avatar-JJ-150x150.jpg\",\"caption\":\"Ks. Jacek\"},\"description\":\"Witam serdecznie! K\u0142ania si\u0119 Ks. Jacek Ja\u015bkowski. Nie jestem ani kim\u015b wa\u017cnym, ani kim\u015b znanym. Jestem ksi\u0119dzem, kt\u00f3ry po prostu chce rozmawia\u0107. Codzienna kap\u0142a\u0144ska pos\u0142uga pokazuje mi, \u017ce temat\u00f3w do rozm\u00f3w z ksi\u0119dzem jest coraz wi\u0119cej i dzisiaj \u017caden ksi\u0105dz nie mo\u017ce od nich ucieka\u0107, ale - wprost przeciwnie - podejmowa\u0107 nowe wyzwania. To przekonanie sk\u0142oni\u0142o mnie do pr\u00f3by otwarcia tego\u017c bloga, chocia\u017c okazji do rozm\u00f3w na co dzie\u0144 - w konfesjonale i poza nim - na szcz\u0119\u015bcie nie brakuje. My\u015bl\u0119 jednak, \u017ce ten blog b\u0119dzie jeszcze jednym sposobem i przestrzeni\u0105 nawi\u0105zania kontaktu z lud\u017ami dobrej woli, otwartymi na dialog.\",\"url\":\"https:\/\/gaudiumetspes-blog.pl\/index.php\/author\/ks-jacek\/\"}]}<\/script>\n<!-- \/ Yoast SEO plugin. -->","yoast_head_json":{"title":"Faraon - faraonem, ale B\u00f3g - Bogiem! - Gaudium Et Spes","robots":{"index":"index","follow":"follow","max-snippet":"max-snippet:-1","max-image-preview":"max-image-preview:large","max-video-preview":"max-video-preview:-1"},"canonical":"https:\/\/gaudiumetspes-blog.pl\/index.php\/2025\/07\/15\/faraon-faraonem-ale-bog-bogiem\/","og_locale":"pl_PL","og_type":"article","og_title":"Faraon - faraonem, ale B\u00f3g - Bogiem! - Gaudium Et Spes","og_description":"Szcz\u0119\u015b\u0107 Bo\u017ce! Moi Drodzy, w dniu dzisiejszym urodziny prze\u017cywa Anna Komoszy\u0144ska, anga\u017cuj\u0105ca si\u0119 w swoim czasie w dzia\u0142alno\u015b\u0107 m\u0142odzie\u017cowych Wsp\u00f3lnot. \u017bycz\u0119 Jej bezmiaru \u0142ask z Nieba, o kt\u00f3re te\u017c b\u0119d\u0119 si\u0119 dla Niej modli\u0142. A oto dzisiaj prze\u017cywamy kolejn\u0105 rocznic\u0119 zwyci\u0119skiej Bitwy pod Grunwaldem, z 1410 roku. Wspominam o tym dlatego, \u017ce w og\u00f3le lubi\u0119 [&hellip;]","og_url":"https:\/\/gaudiumetspes-blog.pl\/index.php\/2025\/07\/15\/faraon-faraonem-ale-bog-bogiem\/","og_site_name":"Gaudium Et Spes","article_published_time":"2025-07-15T06:57:24+00:00","author":"Ks. Jacek","twitter_card":"summary_large_image","twitter_misc":{"Napisane przez":"Ks. Jacek","Szacowany czas czytania":"15 minut"},"schema":{"@context":"https:\/\/schema.org","@graph":[{"@type":"WebPage","@id":"https:\/\/gaudiumetspes-blog.pl\/index.php\/2025\/07\/15\/faraon-faraonem-ale-bog-bogiem\/","url":"https:\/\/gaudiumetspes-blog.pl\/index.php\/2025\/07\/15\/faraon-faraonem-ale-bog-bogiem\/","name":"Faraon - faraonem, ale B\u00f3g - Bogiem! - Gaudium Et Spes","isPartOf":{"@id":"https:\/\/gaudiumetspes-blog.pl\/#website"},"datePublished":"2025-07-15T06:57:24+00:00","author":{"@id":"https:\/\/gaudiumetspes-blog.pl\/#\/schema\/person\/1661982992b752dea8dff0d4ed845a65"},"breadcrumb":{"@id":"https:\/\/gaudiumetspes-blog.pl\/index.php\/2025\/07\/15\/faraon-faraonem-ale-bog-bogiem\/#breadcrumb"},"inLanguage":"pl-PL","potentialAction":[{"@type":"ReadAction","target":["https:\/\/gaudiumetspes-blog.pl\/index.php\/2025\/07\/15\/faraon-faraonem-ale-bog-bogiem\/"]}]},{"@type":"BreadcrumbList","@id":"https:\/\/gaudiumetspes-blog.pl\/index.php\/2025\/07\/15\/faraon-faraonem-ale-bog-bogiem\/#breadcrumb","itemListElement":[{"@type":"ListItem","position":1,"name":"Strona g\u0142\u00f3wna","item":"https:\/\/gaudiumetspes-blog.pl\/"},{"@type":"ListItem","position":2,"name":"Faraon &#8211; faraonem, ale B\u00f3g &#8211; Bogiem!"}]},{"@type":"WebSite","@id":"https:\/\/gaudiumetspes-blog.pl\/#website","url":"https:\/\/gaudiumetspes-blog.pl\/","name":"Gaudium Et Spes","description":"Blog Ks. Jacka Ja\u015bkowskiego","potentialAction":[{"@type":"SearchAction","target":{"@type":"EntryPoint","urlTemplate":"https:\/\/gaudiumetspes-blog.pl\/?s={search_term_string}"},"query-input":{"@type":"PropertyValueSpecification","valueRequired":true,"valueName":"search_term_string"}}],"inLanguage":"pl-PL"},{"@type":"Person","@id":"https:\/\/gaudiumetspes-blog.pl\/#\/schema\/person\/1661982992b752dea8dff0d4ed845a65","name":"Ks. Jacek","image":{"@type":"ImageObject","inLanguage":"pl-PL","@id":"https:\/\/gaudiumetspes-blog.pl\/#\/schema\/person\/image\/","url":"https:\/\/gaudiumetspes-blog.pl\/wp-content\/uploads\/2019\/07\/avatar-JJ-150x150.jpg","contentUrl":"https:\/\/gaudiumetspes-blog.pl\/wp-content\/uploads\/2019\/07\/avatar-JJ-150x150.jpg","caption":"Ks. Jacek"},"description":"Witam serdecznie! K\u0142ania si\u0119 Ks. Jacek Ja\u015bkowski. Nie jestem ani kim\u015b wa\u017cnym, ani kim\u015b znanym. Jestem ksi\u0119dzem, kt\u00f3ry po prostu chce rozmawia\u0107. Codzienna kap\u0142a\u0144ska pos\u0142uga pokazuje mi, \u017ce temat\u00f3w do rozm\u00f3w z ksi\u0119dzem jest coraz wi\u0119cej i dzisiaj \u017caden ksi\u0105dz nie mo\u017ce od nich ucieka\u0107, ale - wprost przeciwnie - podejmowa\u0107 nowe wyzwania. To przekonanie sk\u0142oni\u0142o mnie do pr\u00f3by otwarcia tego\u017c bloga, chocia\u017c okazji do rozm\u00f3w na co dzie\u0144 - w konfesjonale i poza nim - na szcz\u0119\u015bcie nie brakuje. My\u015bl\u0119 jednak, \u017ce ten blog b\u0119dzie jeszcze jednym sposobem i przestrzeni\u0105 nawi\u0105zania kontaktu z lud\u017ami dobrej woli, otwartymi na dialog.","url":"https:\/\/gaudiumetspes-blog.pl\/index.php\/author\/ks-jacek\/"}]}},"jetpack_featured_media_url":"","jetpack_sharing_enabled":true,"_links":{"self":[{"href":"https:\/\/gaudiumetspes-blog.pl\/index.php\/wp-json\/wp\/v2\/posts\/24000","targetHints":{"allow":["GET"]}}],"collection":[{"href":"https:\/\/gaudiumetspes-blog.pl\/index.php\/wp-json\/wp\/v2\/posts"}],"about":[{"href":"https:\/\/gaudiumetspes-blog.pl\/index.php\/wp-json\/wp\/v2\/types\/post"}],"author":[{"embeddable":true,"href":"https:\/\/gaudiumetspes-blog.pl\/index.php\/wp-json\/wp\/v2\/users\/1"}],"replies":[{"embeddable":true,"href":"https:\/\/gaudiumetspes-blog.pl\/index.php\/wp-json\/wp\/v2\/comments?post=24000"}],"version-history":[{"count":1,"href":"https:\/\/gaudiumetspes-blog.pl\/index.php\/wp-json\/wp\/v2\/posts\/24000\/revisions"}],"predecessor-version":[{"id":24001,"href":"https:\/\/gaudiumetspes-blog.pl\/index.php\/wp-json\/wp\/v2\/posts\/24000\/revisions\/24001"}],"wp:attachment":[{"href":"https:\/\/gaudiumetspes-blog.pl\/index.php\/wp-json\/wp\/v2\/media?parent=24000"}],"wp:term":[{"taxonomy":"category","embeddable":true,"href":"https:\/\/gaudiumetspes-blog.pl\/index.php\/wp-json\/wp\/v2\/categories?post=24000"},{"taxonomy":"post_tag","embeddable":true,"href":"https:\/\/gaudiumetspes-blog.pl\/index.php\/wp-json\/wp\/v2\/tags?post=24000"}],"curies":[{"name":"wp","href":"https:\/\/api.w.org\/{rel}","templated":true}]}}