{"id":24002,"date":"2025-07-16T09:46:36","date_gmt":"2025-07-16T07:46:36","guid":{"rendered":"https:\/\/gaudiumetspes-blog.pl\/?p=24002"},"modified":"2025-07-16T09:46:36","modified_gmt":"2025-07-16T07:46:36","slug":"ja-juz-jestem-z-toba","status":"publish","type":"post","link":"https:\/\/gaudiumetspes-blog.pl\/index.php\/2025\/07\/16\/ja-juz-jestem-z-toba\/","title":{"rendered":"Ja ju\u017c JESTEM z Tob\u0105!"},"content":{"rendered":"<p align=\"justify\"><span style=\"color: #000000;\"><span style=\"font-family: Book Antiqua, serif;\"><span style=\"font-size: large;\">Szcz\u0119\u015b\u0107 Bo\u017ce! Moi Drodzy, serdecznie pozdrawiam u progu nowego dnia \u2013 w moim przypadku: w Lublinie. Wczorajszy dzie\u0144 przyni\u00f3s\u0142 niespodziank\u0119, w postaci wizyty mojej Siostry Ani i Jej trzech C\u00f3reczek: Weroniki, Emilki i Alicji, oraz Jej Szwagierki \u2013 Ma\u0142gorzaty. To by\u0142a kr\u00f3tka wizyta, niejako \u201eprzelotem\u201d, ale bardzo si\u0119 ni\u0105 ucieszy\u0142em! A wieczorem \u2013 spotkanie z Szymonem Skwarzy\u0144skim, Lektorem z Parafii \u015awi\u0119tego Jana Kantego, oraz kilka d\u0142u\u017cszych rozm\u00f3w telefonicznych. Wielkie dzi\u0119ki Panu naszemu za te spotkania i rozmowy! Otwieram si\u0119 na kolejne Bo\u017ce niespodzianki \u2013 dzisiaj! <\/span><\/span><\/span><\/p>\n<p align=\"justify\"><span style=\"color: #000000;\"><span style=\"font-family: Book Antiqua, serif;\"><span style=\"font-size: large;\">Ja za\u015b planuj\u0119 dzisiaj znowu dzie\u0144 tu, na miejscu, a o 18:00 \u2013 Msz\u0119 \u015awi\u0119t\u0105 we wspomnianej Parafii Jana Kantego.<\/span><\/span><\/span><\/p>\n<p align=\"justify\"><span style=\"color: #000000;\"><span style=\"font-family: Book Antiqua, serif;\"><span style=\"font-size: large;\">Teraz za\u015b ju\u017c zapraszam do pochylenia si\u0119 nad Bo\u017cym s\u0142owem dzisiejszej liturgii. Oto s\u0142\u00f3wko Ksi\u0119dza Marka na dzi\u015b:<\/span><\/span><\/span><\/p>\n<p align=\"justify\"><span style=\"color: #000000;\"><span style=\"font-family: Book Antiqua, serif;\"><span style=\"font-size: medium;\"><a href=\"https:\/\/www.youtube.com\/c\/CatholicSurgut\"><span style=\"font-size: large;\"><b>https:\/\/www.youtube.com\/c\/CatholicSurgut<\/b><\/span><\/a><\/span><\/span><\/span><\/p>\n<p align=\"justify\"><span style=\"color: #000000;\"><span style=\"font-family: Book Antiqua, serif;\"><span style=\"font-size: large;\">Zatem, <b>c<\/b><b>o konkretnie m\u00f3wi do mnie Pan?<\/b> Niech Duch \u015awi\u0119ty b\u0119dzie \u015bwiat\u0142em i natchnieniem do odkrycia tego przes\u0142ania!<\/span><\/span><\/span><\/p>\n<p align=\"justify\"><span style=\"color: #000000;\"><span style=\"font-family: Book Antiqua, serif;\"><span style=\"font-size: large;\"><b>Niech Was b\u0142ogos\u0142awi B\u00f3g Wszechmog\u0105cy: Ojciec + i Syn, i Duch \u015awi\u0119ty. Amen<\/b><\/span><\/span><\/span><\/p>\n<p align=\"center\"><span style=\"color: #000000;\"><span style=\"font-family: Book Antiqua, serif;\"><span style=\"font-size: large;\">Gaudium et spes! Ks. Jacek<\/span><\/span><\/span><\/p>\n<p align=\"center\">\n<p align=\"center\">\n<p align=\"center\">\n<p align=\"center\">\n<p align=\"center\">\n<p align=\"justify\"><span style=\"color: #000000;\"><span style=\"font-family: Book Antiqua, serif;\"><span style=\"font-size: large;\"><b>\u015aroda 15 Tygodnia zwyk\u0142ego, rok I,<\/b><\/span><\/span><\/span><\/p>\n<p align=\"justify\"><span style=\"color: #000000;\"><span style=\"font-family: Book Antiqua, serif;\"><span style=\"font-size: large;\"><b>Wspomnienie Naj\u015bwi\u0119tszej Maryi Panny z G\u00f3ry Karmel \u2013 <\/b><\/span><\/span><\/span><\/p>\n<p align=\"justify\"><span style=\"color: #000000;\"><span style=\"font-family: Book Antiqua, serif;\"><span style=\"font-size: large;\"><b>Matki Bo\u017cej Szkaplerznej,<\/b><\/span><\/span><\/span><\/p>\n<p align=\"justify\"><span style=\"color: #000000;\"><span style=\"font-family: Book Antiqua, serif;\"><span style=\"font-size: large;\"><b>16 lipca 2025.,\u00a0<\/b><\/span><\/span><\/span><\/p>\n<p align=\"justify\"><span style=\"color: #000000;\"><span style=\"font-family: Book Antiqua, serif;\"><span style=\"font-size: large;\"><b>do czyta\u0144: Wj 3,1\u20136.9\u201312; Mt 11,25\u201327<\/b><\/span><\/span><\/span><\/p>\n<p align=\"justify\">\n<p align=\"justify\">\n<p align=\"justify\">\n<p align=\"justify\">\n<p align=\"justify\">\n<p align=\"justify\"><span style=\"color: #000000;\"><span style=\"font-family: Book Antiqua, serif;\"><span style=\"font-size: large;\"><b>CZYTANIE Z KSI\u0118GI WYJ\u015aCIA: <\/b><\/span><\/span><\/span><\/p>\n<p align=\"justify\"><span style=\"color: #000000;\"><span style=\"font-family: Book Antiqua, serif;\"><span style=\"font-size: large;\"><b>Gdy Moj\u017cesz pasa\u0142 owce swego te\u015bcia Jetry, kap\u0142ana Madianit\u00f3w, zaprowadzi\u0142 pewnego razu owce w g\u0142\u0105b pustyni i przyszed\u0142 do Bo\u017cej g\u00f3ry Horeb. Wtedy ukaza\u0142 mu si\u0119 anio\u0142 Pana w p\u0142omieniu ognia, ze \u015brodka krzewu. Moj\u017cesz widzia\u0142, jak krzew p\u0142on\u0105\u0142 ogniem, a nie sp\u0142on\u0105\u0142 od niego. <\/b><\/span><\/span><\/span><\/p>\n<p align=\"justify\"><span style=\"color: #000000;\"><span style=\"font-family: Book Antiqua, serif;\"><span style=\"font-size: large;\"><b>Wtedy Moj\u017cesz powiedzia\u0142 do siebie: \u201ePodejd\u0119, \u017ceby si\u0119 przyjrze\u0107 temu niezwyk\u0142emu zjawisku. Dlaczego krzew si\u0119 nie spala?\u201d Gdy za\u015b Pan ujrza\u0142, \u017ce Moj\u017cesz podchodzi\u0142, \u017ceby si\u0119 przyjrze\u0107, zawo\u0142a\u0142 B\u00f3g do niego ze \u015brodka krzewu: \u201eMoj\u017ceszu, Moj\u017ceszu!\u201d On za\u015b odpowiedzia\u0142: \u201eOto jestem\u201d. Rzek\u0142 mu: \u201eNie zbli\u017caj si\u0119 tu! Zdejm sanda\u0142y z n\u00f3g, gdy\u017c miejsce, na kt\u00f3rym stoisz, jest ziemi\u0105 \u015bwi\u0119t\u0105\u201d. <\/b><\/span><\/span><\/span><\/p>\n<p align=\"justify\"><span style=\"color: #000000;\"><span style=\"font-family: Book Antiqua, serif;\"><span style=\"font-size: large;\"><b>Powiedzia\u0142 jeszcze Pan: \u201eJestem Bogiem ojca twego, Bogiem Abrahama, Bogiem Izaaka i Bogiem Jakuba\u201d. Moj\u017cesz zas\u0142oni\u0142 twarz, ba\u0142 si\u0119 bowiem zwr\u00f3ci\u0107 oczy na Boga. \u201eTeraz oto dosz\u0142o wo\u0142anie syn\u00f3w Izraela do Mnie, bo te\u017c naocznie przekona\u0142em si\u0119 o cierpieniach, jakie im zadaj\u0105 Egipcjanie. Id\u017a przeto teraz, oto posy\u0142am ci\u0119 do faraona, i wyprowad\u017a lud m\u00f3j, Izraela, z Egiptu\u201d. <\/b><\/span><\/span><\/span><\/p>\n<p align=\"justify\"><span style=\"color: #000000;\"><span style=\"font-family: Book Antiqua, serif;\"><span style=\"font-size: large;\"><b>A Moj\u017cesz odrzek\u0142 Bogu: \u201eKim\u017ce jestem, bym mia\u0142 i\u015b\u0107 do faraona i wyprowadzi\u0107 syn\u00f3w Izraela z Egiptu?\u201d A On powiedzia\u0142: \u201eJa b\u0119d\u0119 z tob\u0105. Znakiem za\u015b dla ciebie, \u017ce Ja ci\u0119 pos\u0142a\u0142em, b\u0119dzie to, \u017ce po wyprowadzeniu tego ludu z Egiptu oddacie cze\u015b\u0107 Bogu na tej g\u00f3rze\u201d.<\/b><\/span><\/span><\/span><\/p>\n<p align=\"justify\">\n<p align=\"justify\">\n<p align=\"justify\">\n<p align=\"justify\">\n<p align=\"justify\">\n<p align=\"justify\"><span style=\"color: #000000;\"><span style=\"font-family: Book Antiqua, serif;\"><span style=\"font-size: large;\"><b>S\u0141OWA EWANGELII WED\u0141UG \u015aWI\u0118TEGO MATEUSZA: <\/b><\/span><\/span><\/span><\/p>\n<p align=\"justify\"><span style=\"color: #000000;\"><span style=\"font-family: Book Antiqua, serif;\"><span style=\"font-size: large;\"><b>W owym czasie Jezus przem\u00f3wi\u0142 tymi s\u0142owami: \u201eWys\u0142awiam Ci\u0119, Ojcze, Panie nieba i ziemi, \u017ce zakry\u0142e\u015b te rzeczy przed m\u0105drymi i roztropnymi, a objawi\u0142e\u015b je prostaczkom. Tak, Ojcze, gdy\u017c takie by\u0142o Twoje upodobanie. <\/b><\/span><\/span><\/span><\/p>\n<p align=\"justify\"><span style=\"color: #000000;\"><span style=\"font-family: Book Antiqua, serif;\"><span style=\"font-size: large;\"><b>Wszystko przekaza\u0142 Mi Ojciec m\u00f3j. Nikt te\u017c nie zna Syna, tylko Ojciec, ani Ojca nikt nie zna, tylko Syn i ten, komu Syn zechce objawi\u0107\u201d.<\/b><\/span><\/span><\/span><\/p>\n<p align=\"justify\">\n<p align=\"justify\">\n<p align=\"justify\">\n<p align=\"justify\">\n<p align=\"justify\">\n<p align=\"justify\"><span style=\"color: #000000;\"><span style=\"font-family: Book Antiqua, serif;\"><span style=\"font-size: large;\">S\u0142yszeli\u015bmy w ostatnich dniach, <b>jak<\/b><b> B\u00f3g przygotowywa\u0142 Moj\u017cesza do misji, <\/b>kt\u00f3r\u0105 postanowi\u0142 mu powierzy\u0107: jak ochroni\u0142 jego \u017cycie <b>przed brutalnym zarz\u0105dzeniem faraona, <\/b>nakazuj\u0105cym mordowa\u0107 wszystkich nowo narodzonych ch\u0142opc\u00f3w w\u015br\u00f3d Izraelit\u00f3w, jak te\u017c doprowadzi\u0142 go do momentu, w kt\u00f3rym \u2013 jak s\u0142yszymy dzi\u015b \u2013 kiedy to <i><b>Moj\u017cesz<\/b><\/i><i><b> pasa\u0142 owce swego te\u015bcia Jetry, kap\u0142ana Madianit\u00f3w, zaprowadzi\u0142 pewnego razu owce w g\u0142\u0105b pustyni i przyszed\u0142 do Bo\u017cej g\u00f3ry Horeb. Wtedy ukaza\u0142 mu si\u0119 anio\u0142 Pana w p\u0142omieniu ognia, ze \u015brodka krzewu. Moj\u017cesz widzia\u0142, jak krzew p\u0142on\u0105\u0142 ogniem, a nie sp\u0142on\u0105\u0142 od niego. <\/b><\/i><\/span><\/span><\/span><\/p>\n<p align=\"justify\"><span style=\"color: #000000;\"><span style=\"font-family: Book Antiqua, serif;\"><span style=\"font-size: large;\">I wtedy odby\u0142a si\u0119 ta niezwyk\u0142a rozmowa. Najpierw spo\u015brodka ognia rozleg\u0142 si\u0119 g\u0142os: <i><b>Moj\u017ceszu, Moj\u017ceszu!,<\/b><\/i> a kiedy ten odpowiedzia\u0142: <i><b>Oto jestem!, <\/b><\/i>us\u0142ysza\u0142: <i><b>Jestem Bogiem ojca twego, Bogiem Abrahama, Bogiem Izaaka i Bogiem Jakuba.<\/b><\/i><b> <\/b><b>[\u2026]<\/b><b> <\/b><i><b>Teraz oto dosz\u0142o wo\u0142anie syn\u00f3w Izraela do Mnie, bo te\u017c naocznie przekona\u0142em si\u0119 o cierpieniach, jakie im zadaj\u0105 Egipcjanie. Id\u017a przeto teraz, oto posy\u0142am ci\u0119 do faraona, i wyprowad\u017a lud m\u00f3j, Izraela, z Egiptu. <\/b><\/i><\/span><\/span><\/span><\/p>\n<p align=\"justify\"><span style=\"color: #000000;\"><span style=\"font-family: Book Antiqua, serif;\"><span style=\"font-size: large;\">Drodzy moi, <b>jak my zareagowaliby\u015bmy<\/b> na takie Bo\u017ce polecenie? A pami\u0119tajmy, \u017ce Moj\u017cesz doskonale wiedzia\u0142, z jakich opresji zosta\u0142 ocalony,<b> \u017ce \u2013 i jak \u2013 unikn\u0105\u0142 \u015bmierci<\/b> ju\u017c u pocz\u0105tku swego \u017cycia, ale te\u017c zna\u0142 atmosfer\u0119 dworu faraona, na kt\u00f3rym si\u0119 przez ile\u015b lat wychowywa\u0142. <b>Wiedzia\u0142 te\u017c, \u017ce niewola jego ludu trwa ju\u017c <\/b><b>wiele<\/b><b> lat, <\/b>bo przecie\u017c w narodzie wybranym \u017cywa by\u0142a tradycja takiego rodzinnego opowiadania dziej\u00f3w narodu \u2013 i tych zamierzch\u0142ych, i tych ostatnich \u2013 dlatego mia\u0142 w \u015bwiadomo\u015bci i w pami\u0119ci ca\u0142y ten <b>ogromny baga\u017c niezwykle trudnych do\u015bwiadcze\u0144, <\/b>a teraz tak po prostu s\u0142yszy: <i><b>P<\/b><\/i><i><b>osy\u0142am ci\u0119 do faraona, i wyprowad\u017a lud m\u00f3j, Izraela, z Egiptu.<\/b><\/i><b> <\/b>Tak po prostu i zwyczajnie, jakby to by\u0142a jaka\u015b najprostsza i najzwyklejsza czynno\u015b\u0107! <\/span><\/span><\/span><\/p>\n<p align=\"justify\"><span style=\"color: #000000;\"><span style=\"font-family: Book Antiqua, serif;\"><span style=\"font-size: large;\">Dlatego trudno si\u0119 dziwi\u0107 reakcji Moj\u017cesza, kt\u00f3ry postawi\u0142 pytanie zupe\u0142nie oczywiste: <i><b>Kim\u017ce jestem, bym mia\u0142 i\u015b\u0107 do faraona i wyprowadzi\u0107 syn\u00f3w Izraela z Egiptu?<\/b><\/i><i> <\/i>W odpowiedzi us\u0142ysza\u0142: <i><b>Ja b\u0119d\u0119 z tob\u0105. Znakiem za\u015b dla ciebie, \u017ce Ja ci\u0119 pos\u0142a\u0142em, b\u0119dzie to, \u017ce po wyprowadzeniu tego ludu z Egiptu oddacie cze\u015b\u0107 Bogu na tej g\u00f3rze. <\/b><\/i><\/span><\/span><\/span><\/p>\n<p align=\"justify\"><span style=\"color: #000000;\"><span style=\"font-family: Book Antiqua, serif;\"><span style=\"font-size: large;\">Z innych opis\u00f3w biblijnych wiemy, \u017ce <b>Moj\u017cesz by\u0142 cz\u0142owiekiem bardzo skromnym <\/b>\u2013 w kt\u00f3rym\u015b miejscu pojawia si\u0119 nawet stwierdzenie, \u017ce by\u0142 <b>najskromniejszym cz\u0142owiekiem na \u015bwiecie! <\/b>On sam przyzna\u0142 si\u0119 te\u017c \u2013 w jednej z rozm\u00f3w w Bogiem \u2013 \u017ce <b>nawet samo m\u00f3wienie sprawia mu trudno\u015b\u0107. <\/b>A oto ma stan\u0105\u0107 przed faraonem i przem\u00f3wi\u0107 w imieniu ca\u0142ego ludu, aby za\u017c\u0105da\u0107 <b>od najpot\u0119\u017cniejszego w\u0142adcy<\/b> \u00f3wczesnego \u015bwiata, <b>\u017ceby wypu\u015bci\u0142 ca\u0142e tysi\u0105ce ludzi <\/b>\u2013 darmowej si\u0142y roboczej, codziennie pomna\u017caj\u0105cej dobrobyt jego kr\u00f3lestwa. Ot, tak \u2013 po prostu i zwyczajnie \u2013 <b>ma p\u00f3j\u015b\u0107 i powiedzie\u0107! <\/b>Przecie\u017c to jest niewykonalne, niemo\u017cliwe, to jest wr\u0119cz \u017c\u0105danie <b>na wskro\u015b absurdalne! <\/b><\/span><\/span><\/span><\/p>\n<p align=\"justify\"><span style=\"color: #000000;\"><span style=\"font-family: Book Antiqua, serif;\"><span style=\"font-size: large;\">Oczywi\u015bcie, takim by\u0142oby, gdyby nie te s\u0142owa Boga \u2013 jeszcze raz je tu przywo\u0142ajmy: <i><b>Ja b\u0119d\u0119 z tob\u0105!<\/b><\/i><b> <\/b>I jak\u017ce w tym momencie nie przywo\u0142a\u0107 s\u0142\u00f3w Jezusa, kt\u00f3ry w dzisiejszej Ewangelii m\u00f3wi\u0142: <i><b>Wys\u0142awiam Ci\u0119, Ojcze, Panie nieba i ziemi, \u017ce zakry\u0142e\u015b te rzeczy przed m\u0105drymi i roztropnymi, a objawi\u0142e\u015b je prostaczkom. Tak, Ojcze, gdy\u017c takie by\u0142o Twoje upodobanie.<\/b><\/i><b> <\/b>Po czym doda\u0142: <i><b>Wszystko przekaza\u0142 Mi Ojciec m\u00f3j. Nikt te\u017c nie zna Syna, tylko Ojciec, ani Ojca nikt nie zna, tylko Syn i ten, komu Syn zechce objawi\u0107.<\/b><\/i><b> <\/b><\/span><\/span><\/span><\/p>\n<p align=\"justify\"><span style=\"color: #000000;\"><span style=\"font-family: Book Antiqua, serif;\"><span style=\"font-size: large;\">On sam, Bo\u017cy Syn, Jezus Chrystus, kt\u00f3ry na tym \u015bwiecie pojawi\u0142 si\u0119<b> jako najprostszy z prostych i najskromniejszy ze<\/b> <b>skromnych;<\/b> jako ten, kt\u00f3ry przyszed\u0142, aby s\u0142u\u017cy\u0107, a nie po to, by Jemu s\u0142u\u017cono \u2013 On sam widzi w ka\u017cdym momencie swego Ojca, <b>jest z Nim w nierozerwalnej jedno\u015bci<\/b> i to On objawia Go tym, kt\u00f3rzy s\u0105 pro\u015bci sercem, kt\u00f3rzy s\u0105 skromni, <b>kt\u00f3rzy nie licz\u0105 na samych siebie<\/b> \u2013 na swoje zdolno\u015bci, na swoje znajomo\u015bci czy swoje wp\u0142ywy i swoje pieni\u0105dze \u2013 ale <b>we wszystkim i zawsze licz\u0105 na Boga. Tylko na Boga! <\/b>Dla kt\u00f3rych to stwierdzenie, jakim B\u00f3g dzisiaj pocieszy\u0142 Moj\u017cesza:<i><b> Ja b\u0119d\u0119 z tob\u0105!, <\/b><\/i>stanowi kierunek ich \u017cyciowej drogi, jedyn\u0105 motywacj\u0119 do dzia\u0142ania, \u017ar\u00f3d\u0142o si\u0142y i wyznacznik celu. <\/span><\/span><\/span><\/p>\n<p align=\"justify\"><span style=\"color: #000000;\"><span style=\"font-family: Book Antiqua, serif;\"><span style=\"font-size: large;\">Do takich bowiem B\u00f3g przychodzi, do takich m\u00f3wi, takich zaprasza do wsp\u00f3\u0142pracy, <b>wobec takich dokonuje rzeczy po ludzku niemo\u017cliwych <\/b>\u2013 bo tacy ludzie s\u0105 w stanie te dary dostrzec i je przyj\u0105\u0107. Bo tylko tacy ludzie s\u0105 w stanie <b>bezgranicznie zaufa\u0107 Bogu<\/b> i pozwoli\u0107 Mu, <b>aby to On sam wybra\u0142 czas i spos\u00f3b, <\/b>w jaki zadzia\u0142a. Tak si\u0119 sta\u0142o w historii wyzwolenia narodu izraelskiego z niewoli: to B\u00f3g sam wybra\u0142 czas, w kt\u00f3rym postanowi\u0142 tego dokona\u0107. Wiele pokole\u0144, prosz\u0105cych o to i modl\u0105cych si\u0119 o t\u0119 \u0142ask\u0119, <b>nie doczeka\u0142o jej na tym \u015bwiecie. <\/b>Ale B\u00f3g uwa\u017ca\u0142, <b>\u017ce to jeszcze nie jest czas odpowiedni. <\/b><\/span><\/span><\/span><\/p>\n<p align=\"justify\"><span style=\"color: #000000;\"><span style=\"font-family: Book Antiqua, serif;\"><span style=\"font-size: large;\">Kiedy jednak uzna\u0142, <b>\u017ce taki czas nadszed\u0142,<\/b> to ju\u017c nic Go nie powstrzyma\u0142o przed doprowadzeniem do ko\u0144ca swoich plan\u00f3w. I teraz chodzi o to, aby z naszej strony nie zabrak\u0142o zaufania, \u017ce nawet, je\u015bli B\u00f3g <b>w tym momencie zdaje si\u0119 nie reagowa\u0107 <\/b>na nasze modlitwy i pro\u015bby, <b>to nie znaczy, \u017ce nas nie s\u0142yszy. <\/b>Z pewno\u015bci\u0105 nas s\u0142yszy! Ale mo\u017ce w\u0142a\u015bnie ten czas, jaki nam daje, zanim zareaguje, jest <b>po to, aby\u015bmy nasze serca uczynili jak najprostszymi,<\/b> jak najskromniejszymi; aby\u015bmy je w jak najwi\u0119kszym stopniu <b>wyzwolili z w\u0142asnego \u201eja\u201d.<\/b> Bo wtedy B\u00f3g mo\u017ce w naszym \u017cyciu dzia\u0142a\u0107 bez \u017cadnych przeszk\u00f3d! <\/span><\/span><\/span><\/p>\n<p align=\"justify\"><span style=\"color: #000000;\"><span style=\"font-family: Book Antiqua, serif;\"><span style=\"font-size: large;\">Kiedy uwierzymy Jego zapewnieniu: <i><b>Ja b\u0119d\u0119 z tob\u0105! <\/b><\/i><b>Ja ju\u017c jestem z Tob\u0105. J<\/b><b>A JESTEM!<\/b><b> <\/b>\u2013 to imi\u0119 samego Boga. <b>B\u00f3g <\/b><b>JEST<\/b><b> \u2013 jako B\u00f3g \u2013 w naszym \u017cyciu zawsze.<\/b> Tylko czy my <b>jeste\u015bmy z Nim?<\/b> Czy Jego obecno\u015b\u0107 zauwa\u017camy? Czy mo\u017ce czekamy, a\u017c przed naszymi oczami <b>zap\u0142onie jaki\u015b krzak, <\/b><b>a z ognia<\/b><b> rozlegnie si\u0119 g\u0142os, <\/b>kt\u00f3ry poruszy nasze serca? Mo\u017ce nie warto na to czeka\u0107, natomiast sprawi\u0107, co w naszej mocy, wspartej \u0142ask\u0105 Bo\u017c\u0105, <b>aby to serca nasze zap\u0142on\u0119\u0142y\u2026<\/b><\/span><\/span><\/span><\/p>\n<p align=\"justify\"><span style=\"color: #000000;\"><span style=\"font-family: Book Antiqua, serif;\"><span style=\"font-size: large;\">Niech nam tym pomoc\u0105 pos\u0142u\u017cy wsparcie i wstawiennictwo Naj\u015bwi\u0119tszej Maryi Panny, kt\u00f3rej dzisiaj oddajemy cze\u015b\u0107 jako <b>Mat<\/b><b>ce<\/b><b> Bo\u017cej z G\u00f3ry Karmel \u2013 Mat<\/b><b>ce<\/b><b> Bo\u017cej Szkaplerznej. <\/b>Z czym zwi\u0105zane jest to wspomnienie?<\/span><\/span><\/span><\/p>\n<p align=\"justify\"><span style=\"color: #000000;\"><span style=\"font-family: Book Antiqua, serif;\"><span style=\"font-size: large;\">Kieruje ono nasz\u0105 uwag\u0119 na <b>Mary<\/b><b>j\u0119<\/b><b>, objawiaj\u0105c<\/b><b>\u0105<\/b><b> si\u0119 <\/b><b>w\u0142a\u015bnie <\/b><b>na g\u00f3rze Karmel,<\/b> znanej ju\u017c z tekst\u00f3w Starego Testamentu \u2013 z historii Proroka Eliasza, opisanej w Pierwszej i Drugiej Ksi\u0119dze Kr\u00f3lewskiej. W XII wieku po Chrystusie, do Europy przybyli \u2013 prze\u015bladowani przez Turk\u00f3w \u2013 <b>duchowi synowie Eliasza, prowadz\u0105cy \u017cycie kontemplacyjne w\u0142a\u015bnie na Karmelu.<\/b> Jednak w Europie r\u00f3wnie\u017c spotkali si\u0119 z niech\u0119ci\u0105. Na szcz\u0119\u015bcie, <b>Stolica Apostolska,<\/b> doceniaj\u0105c wyrzeczenia i umartwienia, jakie podejmowali, <b>u\u0142atwia\u0142a im zak\u0142adanie nowych klasztor\u00f3w. <\/b><\/span><\/span><\/span><\/p>\n<p align=\"justify\"><span style=\"color: #000000;\"><span style=\"font-family: Book Antiqua, serif;\"><span style=\"font-size: large;\">Szczeg\u00f3lnie szybko zakon rozwija\u0142 si\u0119 w Anglii, do czego przyczyni\u0142 si\u0119 \u2013 mi\u0119dzy innymi \u2013 <b>wielki czciciel Maryi, \u015awi\u0119ty Szymon Stock, sz\u00f3sty <\/b><b>P<\/b><b>rze\u0142o\u017cony generalny zakonu karmelit\u00f3w.<\/b> Wielokrotnie b\u0142aga\u0142 on Maryj\u0119 o ratunek dla zakonu. <\/span><\/span><\/span><\/p>\n<p align=\"justify\"><span style=\"color: #000000;\"><span style=\"font-family: Book Antiqua, serif;\"><span style=\"font-size: large;\">W czasie jednej z takich modlitw \u2013 <b>w Cambridge, w nocy z 15 na 16 lipca 1251 roku \u2013 ujrza\u0142 Matk\u0119 Bo\u017c\u0105 w otoczeniu Anio\u0142\u00f3w.<\/b> Poda\u0142a mu Ona br\u0105zow\u0105 szat\u0119, wypowiadaj\u0105c jednocze\u015bnie s\u0142owa: \u201ePrzyjmij, synu, szkaplerz twego zakonu, jako znak mego braterstwa,<b> przywilej dla ciebie i wszystkich karmelit\u00f3w.<\/b> Kto w nim umrze, nie zazna ognia piekielnego. <b>Oto znak zbawienia, ratunek w niebezpiecze\u0144stwach, przymierze pokoju i wiecznego zobowi\u0105zania.\u201d<\/b> <\/span><\/span><\/span><\/p>\n<p align=\"justify\"><span style=\"color: #000000;\"><span style=\"font-family: Book Antiqua, serif;\"><span style=\"font-size: large;\">Szymon z rado\u015bci\u0105 przyj\u0105\u0142 ten dar i nakaza\u0142 rozpowszechnienie go <b>w ca\u0142ym zakonie, a z czasem r\u00f3wnie\u017c w \u015bwiecie.<\/b> W XIV wieku Maryja objawi\u0142a si\u0119 Papie\u017cowi Janowi XXII, powierzaj\u0105c jego opiece \u2013 jak si\u0119 wyrazi\u0142a \u2013 <b>\u201eJej zakon\u201d karmelita\u0144ski.<\/b> Obieca\u0142a w\u00f3wczas <b>obfite \u0142aski i zbawienie<\/b> osobom nale\u017c\u0105cym do zakonu i wiernie wype\u0142niaj\u0105cym \u015bluby. Obieca\u0142a r\u00f3wnie\u017c wszystkim, kt\u00f3rzy b\u0119d\u0105 nosi\u0107 szkaplerz, \u017ce <b>wybawi ich z czy\u015b\u0107ca w pierwsz\u0105 sobot\u0119 po ich \u015bmierci.<\/b> <\/span><\/span><\/span><\/p>\n<p align=\"justify\"><span style=\"color: #000000;\"><span style=\"font-family: Book Antiqua, serif;\"><span style=\"font-size: large;\">Ca\u0142y szereg Papie\u017cy wypowiedzia\u0142o si\u0119 pozytywnie o tej formie czci Naj\u015bwi\u0119tszej Maryi, obdarzaj\u0105c to nabo\u017ce\u0144stwo <b>licznymi odpustami.<\/b> Wydali oni oko\u0142o czterdziestu encyklik i innych pism urz\u0119dowych w tej sprawie, chocia\u017c <b>w \u017cadnym z nich wprost i w ca\u0142ej pe\u0142ni nie potwierdzili przywileju o dost\u0105pieniu zbawienia w pierwsz\u0105 sobot\u0119 po \u015bmierci.<\/b> Sygnalizowali go tylko cz\u0119\u015bciowo. <\/span><\/span><\/span><\/p>\n<p align=\"justify\"><span style=\"color: #000000;\"><span style=\"font-family: Book Antiqua, serif;\"><span style=\"font-size: large;\">Nabo\u017ce\u0144stwo szkaplerza <b>nale\u017ca\u0142o kiedy\u015b do najpopularniejszych form czci Matki Bo\u017cej.<\/b> Jeszcze dzisiaj spotyka si\u0119 bardzo wiele obraz\u00f3w Matki Bo\u017cej z G\u00f3ry Karmel, czyli Matki Bo\u017cej Szkaplerznej, oraz po\u015bwi\u0119conych Jej o\u0142tarzy i ko\u015bcio\u0142\u00f3w. <\/span><\/span><\/span><\/p>\n<p align=\"justify\"><span style=\"color: #000000;\"><span style=\"font-family: Book Antiqua, serif;\"><span style=\"font-size: large;\"><b>A czym\u017ce w og\u00f3le jest \u00f3w szkaplerz, <\/b>o kt\u00f3rym dzisiaj tak wiele m\u00f3wimy? Pocz\u0105tkowo by\u0142 on <b>wierzchni\u0105 szat\u0105,<\/b> u\u017cywan\u0105 przez dawnych mnich\u00f3w w czasie codziennych zaj\u0119\u0107, aby nie brudzi\u0107 habitu. <b>Spe\u0142nia\u0142 wi\u0119c rol\u0119 fartucha gospodarczego.<\/b> Potem przez szkaplerz rozumiano <b>szat\u0119 na\u0142o\u017con\u0105 na habit.<\/b> Wszystkie dawne zakony nosz\u0105 go po dzie\u0144 dzisiejszy. Wsp\u00f3\u0142cze\u015bnie szkaplerz oznacza <b>str\u00f3j, kt\u00f3ry jest zewn\u0119trznym znakiem przynale\u017cno\u015bci do bractwa, zwi\u0105zanego z jakim\u015b konkretnym zakonem.<\/b> <\/span><\/span><\/span><\/p>\n<p align=\"justify\"><span style=\"color: #000000;\"><span style=\"font-family: Book Antiqua, serif;\"><span style=\"font-size: large;\">Poniewa\u017c noszenie szkaplerza takiego, jaki nosili przedstawiciele danego zakonu, by\u0142o niewygodnie i ma\u0142o praktyczne, dlatego z biegiem lat <b>zamieniono go na dwa ma\u0142e kawa\u0142ki p\u0142\u00f3tna, zazwyczaj z odpowiednim wizerunkiem na nich.<\/b> Na dw\u00f3ch tasiemkach noszono go w ten spos\u00f3b, \u017ce <b>jedno p\u0142\u00f3cienko by\u0142o na plecach, a drugie \u2013 na piersi.<\/b> Tak\u0105 form\u0119 zachowa\u0142y szkaplerze do dnia dzisiejszego. W roku 1910 \u015awi\u0119ty Papie\u017c Pius X zezwoli\u0142 \u2013 ze wzgl\u0119d\u00f3w praktycznych w\u0142a\u015bnie \u2013 <b>na zast\u0105pienie szkaplerza medalikiem szkaplerznym.<\/b> <\/span><\/span><\/span><\/p>\n<p align=\"justify\"><span style=\"color: #000000;\"><span style=\"font-family: Book Antiqua, serif;\"><span style=\"font-size: large;\">Szkaplerz nosili liczni w\u0142adcy europejscy <b>i niemal wszyscy kr\u00f3lowie polscy \u2013<\/b> pocz\u0105wszy od \u015awi\u0119tej Jadwigi i W\u0142adys\u0142awa Jagie\u0142\u0142y \u2013 a tak\u017ce <b>liczni \u015awi\u0119ci,<\/b> jak chocia\u017cby Jan Bosko, czy Maksymilian Maria Kolbe. Sama Matka Bo\u017ca, ko\u0144cz\u0105c swoje objawienia w Lourdes i Fatimie, <b>ukaza\u0142a si\u0119 w szkaplerzu, wyra\u017caj\u0105c przy tym wol\u0119, by wszyscy go nosili.<\/b> W wieku dziesi\u0119ciu lat przyj\u0105\u0142 szkaplerz karmelita\u0144ski <b>tak\u017ce <\/b><b>\u015awi\u0119ty<\/b><b> Jan Pawe\u0142 II<\/b> \u2013 i nosi\u0142 go do \u015bmierci. <\/span><\/span><\/span><\/p>\n<p align=\"justify\"><span style=\"color: #000000;\"><span style=\"font-family: Book Antiqua, serif;\"><span style=\"font-size: large;\">Szkaplerz w obecnej formie jest <b>bardzo praktyczny i wygodny do noszenia. <\/b>W przypadku szkaplerza karmelita\u0144skiego na jednym kawa\u0142ku umieszczony jest <b>wizerunek Matki Bo\u017cej Szkaplerznej,<\/b> a na drugim \u2013 <b>Naj\u015bwi\u0119tszego Serca Pana Jezusa.<\/b> Jedna cz\u0119\u015b\u0107 powinna spoczywa\u0107 na piersiach, a druga \u2013 na plecach. Powinien by\u0107 on <b>po\u015bwi\u0119cony wed\u0142ug specjalnego obrz\u0119du.<\/b> <\/span><\/span><\/span><\/p>\n<p align=\"justify\"><span style=\"color: #000000;\"><span style=\"font-family: Book Antiqua, serif;\"><span style=\"font-size: large;\">Szkaplerz, b\u0119d\u0105cy znakiem Maryjnym, zobowi\u0105zuje <b>do chrze\u015bcija\u0144skiego \u017cycia,<\/b> ze szczeg\u00f3lnym ukierunkowaniem na <b>uczczenie Naj\u015bwi\u0119tszej Maryi Panny,<\/b> potwierdzanym codzienn\u0105 modlitw\u0105 przez Jej wstawiennictwo.<\/span><\/span><\/span><\/p>\n<p align=\"justify\"><span style=\"color: #000000;\"><span style=\"font-family: Book Antiqua, serif;\"><span style=\"font-size: large;\">Prze\u017cywaj\u0105c liturgiczne wspomnienie <b>Matki Bo\u017cej tak bardzo serdecznie opiekuj\u0105cej si\u0119<\/b> swoimi dzie\u0107mi, a jednocze\u015bnie ws\u0142uchuj\u0105c si\u0119 Bo\u017ce s\u0142owo dzisiejszej liturgii, raz jeszcze osobi\u015bcie i w pe\u0142ni \u015bwiadomie odpowiedzmy sobie na pytanie: Co konkretnie robi\u0119, <b>aby B\u00f3g m\u00f3g\u0142 w moim \u017cyciu swobodnie dzia\u0142a\u0107<\/b> \u2013<b> <\/b>bez przeszk\u00f3d ze strony mojego \u201eja\u201d?\u2026<\/span><\/span><\/span><\/p>\n","protected":false},"excerpt":{"rendered":"<p>Szcz\u0119\u015b\u0107 Bo\u017ce! Moi Drodzy, serdecznie pozdrawiam u progu nowego dnia \u2013 w moim przypadku: w Lublinie. Wczorajszy dzie\u0144 przyni\u00f3s\u0142 niespodziank\u0119, w postaci wizyty mojej Siostry Ani i Jej trzech C\u00f3reczek: Weroniki, Emilki i Alicji, oraz Jej Szwagierki \u2013 Ma\u0142gorzaty. To by\u0142a kr\u00f3tka wizyta, niejako \u201eprzelotem\u201d, ale bardzo si\u0119 ni\u0105 ucieszy\u0142em! A wieczorem \u2013 spotkanie z [&hellip;]<\/p>\n","protected":false},"author":1,"featured_media":0,"comment_status":"open","ping_status":"open","sticky":false,"template":"","format":"standard","meta":{"jetpack_post_was_ever_published":false,"_jetpack_newsletter_access":"","_jetpack_dont_email_post_to_subs":false,"_jetpack_newsletter_tier_id":0,"_jetpack_memberships_contains_paywalled_content":false,"_jetpack_memberships_contains_paid_content":false,"footnotes":""},"categories":[1],"tags":[],"class_list":["post-24002","post","type-post","status-publish","format-standard","hentry","category-bez-kategorii"],"yoast_head":"<!-- This site is optimized with the Yoast SEO plugin v25.1 - https:\/\/yoast.com\/wordpress\/plugins\/seo\/ -->\n<title>Ja ju\u017c JESTEM z Tob\u0105! - Gaudium Et Spes<\/title>\n<meta name=\"robots\" content=\"index, follow, max-snippet:-1, max-image-preview:large, max-video-preview:-1\" \/>\n<link rel=\"canonical\" href=\"https:\/\/gaudiumetspes-blog.pl\/index.php\/2025\/07\/16\/ja-juz-jestem-z-toba\/\" \/>\n<meta property=\"og:locale\" content=\"pl_PL\" \/>\n<meta property=\"og:type\" content=\"article\" \/>\n<meta property=\"og:title\" content=\"Ja ju\u017c JESTEM z Tob\u0105! - Gaudium Et Spes\" \/>\n<meta property=\"og:description\" content=\"Szcz\u0119\u015b\u0107 Bo\u017ce! Moi Drodzy, serdecznie pozdrawiam u progu nowego dnia \u2013 w moim przypadku: w Lublinie. Wczorajszy dzie\u0144 przyni\u00f3s\u0142 niespodziank\u0119, w postaci wizyty mojej Siostry Ani i Jej trzech C\u00f3reczek: Weroniki, Emilki i Alicji, oraz Jej Szwagierki \u2013 Ma\u0142gorzaty. To by\u0142a kr\u00f3tka wizyta, niejako \u201eprzelotem\u201d, ale bardzo si\u0119 ni\u0105 ucieszy\u0142em! A wieczorem \u2013 spotkanie z [&hellip;]\" \/>\n<meta property=\"og:url\" content=\"https:\/\/gaudiumetspes-blog.pl\/index.php\/2025\/07\/16\/ja-juz-jestem-z-toba\/\" \/>\n<meta property=\"og:site_name\" content=\"Gaudium Et Spes\" \/>\n<meta property=\"article:published_time\" content=\"2025-07-16T07:46:36+00:00\" \/>\n<meta name=\"author\" content=\"Ks. Jacek\" \/>\n<meta name=\"twitter:card\" content=\"summary_large_image\" \/>\n<meta name=\"twitter:label1\" content=\"Napisane przez\" \/>\n\t<meta name=\"twitter:data1\" content=\"Ks. Jacek\" \/>\n\t<meta name=\"twitter:label2\" content=\"Szacowany czas czytania\" \/>\n\t<meta name=\"twitter:data2\" content=\"13 minut\" \/>\n<script type=\"application\/ld+json\" class=\"yoast-schema-graph\">{\"@context\":\"https:\/\/schema.org\",\"@graph\":[{\"@type\":\"WebPage\",\"@id\":\"https:\/\/gaudiumetspes-blog.pl\/index.php\/2025\/07\/16\/ja-juz-jestem-z-toba\/\",\"url\":\"https:\/\/gaudiumetspes-blog.pl\/index.php\/2025\/07\/16\/ja-juz-jestem-z-toba\/\",\"name\":\"Ja ju\u017c JESTEM z Tob\u0105! - Gaudium Et Spes\",\"isPartOf\":{\"@id\":\"https:\/\/gaudiumetspes-blog.pl\/#website\"},\"datePublished\":\"2025-07-16T07:46:36+00:00\",\"author\":{\"@id\":\"https:\/\/gaudiumetspes-blog.pl\/#\/schema\/person\/1661982992b752dea8dff0d4ed845a65\"},\"breadcrumb\":{\"@id\":\"https:\/\/gaudiumetspes-blog.pl\/index.php\/2025\/07\/16\/ja-juz-jestem-z-toba\/#breadcrumb\"},\"inLanguage\":\"pl-PL\",\"potentialAction\":[{\"@type\":\"ReadAction\",\"target\":[\"https:\/\/gaudiumetspes-blog.pl\/index.php\/2025\/07\/16\/ja-juz-jestem-z-toba\/\"]}]},{\"@type\":\"BreadcrumbList\",\"@id\":\"https:\/\/gaudiumetspes-blog.pl\/index.php\/2025\/07\/16\/ja-juz-jestem-z-toba\/#breadcrumb\",\"itemListElement\":[{\"@type\":\"ListItem\",\"position\":1,\"name\":\"Strona g\u0142\u00f3wna\",\"item\":\"https:\/\/gaudiumetspes-blog.pl\/\"},{\"@type\":\"ListItem\",\"position\":2,\"name\":\"Ja ju\u017c JESTEM z Tob\u0105!\"}]},{\"@type\":\"WebSite\",\"@id\":\"https:\/\/gaudiumetspes-blog.pl\/#website\",\"url\":\"https:\/\/gaudiumetspes-blog.pl\/\",\"name\":\"Gaudium Et Spes\",\"description\":\"Blog Ks. Jacka Ja\u015bkowskiego\",\"potentialAction\":[{\"@type\":\"SearchAction\",\"target\":{\"@type\":\"EntryPoint\",\"urlTemplate\":\"https:\/\/gaudiumetspes-blog.pl\/?s={search_term_string}\"},\"query-input\":{\"@type\":\"PropertyValueSpecification\",\"valueRequired\":true,\"valueName\":\"search_term_string\"}}],\"inLanguage\":\"pl-PL\"},{\"@type\":\"Person\",\"@id\":\"https:\/\/gaudiumetspes-blog.pl\/#\/schema\/person\/1661982992b752dea8dff0d4ed845a65\",\"name\":\"Ks. Jacek\",\"image\":{\"@type\":\"ImageObject\",\"inLanguage\":\"pl-PL\",\"@id\":\"https:\/\/gaudiumetspes-blog.pl\/#\/schema\/person\/image\/\",\"url\":\"https:\/\/gaudiumetspes-blog.pl\/wp-content\/uploads\/2019\/07\/avatar-JJ-150x150.jpg\",\"contentUrl\":\"https:\/\/gaudiumetspes-blog.pl\/wp-content\/uploads\/2019\/07\/avatar-JJ-150x150.jpg\",\"caption\":\"Ks. Jacek\"},\"description\":\"Witam serdecznie! K\u0142ania si\u0119 Ks. Jacek Ja\u015bkowski. Nie jestem ani kim\u015b wa\u017cnym, ani kim\u015b znanym. Jestem ksi\u0119dzem, kt\u00f3ry po prostu chce rozmawia\u0107. Codzienna kap\u0142a\u0144ska pos\u0142uga pokazuje mi, \u017ce temat\u00f3w do rozm\u00f3w z ksi\u0119dzem jest coraz wi\u0119cej i dzisiaj \u017caden ksi\u0105dz nie mo\u017ce od nich ucieka\u0107, ale - wprost przeciwnie - podejmowa\u0107 nowe wyzwania. To przekonanie sk\u0142oni\u0142o mnie do pr\u00f3by otwarcia tego\u017c bloga, chocia\u017c okazji do rozm\u00f3w na co dzie\u0144 - w konfesjonale i poza nim - na szcz\u0119\u015bcie nie brakuje. My\u015bl\u0119 jednak, \u017ce ten blog b\u0119dzie jeszcze jednym sposobem i przestrzeni\u0105 nawi\u0105zania kontaktu z lud\u017ami dobrej woli, otwartymi na dialog.\",\"url\":\"https:\/\/gaudiumetspes-blog.pl\/index.php\/author\/ks-jacek\/\"}]}<\/script>\n<!-- \/ Yoast SEO plugin. -->","yoast_head_json":{"title":"Ja ju\u017c JESTEM z Tob\u0105! - Gaudium Et Spes","robots":{"index":"index","follow":"follow","max-snippet":"max-snippet:-1","max-image-preview":"max-image-preview:large","max-video-preview":"max-video-preview:-1"},"canonical":"https:\/\/gaudiumetspes-blog.pl\/index.php\/2025\/07\/16\/ja-juz-jestem-z-toba\/","og_locale":"pl_PL","og_type":"article","og_title":"Ja ju\u017c JESTEM z Tob\u0105! - Gaudium Et Spes","og_description":"Szcz\u0119\u015b\u0107 Bo\u017ce! Moi Drodzy, serdecznie pozdrawiam u progu nowego dnia \u2013 w moim przypadku: w Lublinie. Wczorajszy dzie\u0144 przyni\u00f3s\u0142 niespodziank\u0119, w postaci wizyty mojej Siostry Ani i Jej trzech C\u00f3reczek: Weroniki, Emilki i Alicji, oraz Jej Szwagierki \u2013 Ma\u0142gorzaty. To by\u0142a kr\u00f3tka wizyta, niejako \u201eprzelotem\u201d, ale bardzo si\u0119 ni\u0105 ucieszy\u0142em! A wieczorem \u2013 spotkanie z [&hellip;]","og_url":"https:\/\/gaudiumetspes-blog.pl\/index.php\/2025\/07\/16\/ja-juz-jestem-z-toba\/","og_site_name":"Gaudium Et Spes","article_published_time":"2025-07-16T07:46:36+00:00","author":"Ks. Jacek","twitter_card":"summary_large_image","twitter_misc":{"Napisane przez":"Ks. Jacek","Szacowany czas czytania":"13 minut"},"schema":{"@context":"https:\/\/schema.org","@graph":[{"@type":"WebPage","@id":"https:\/\/gaudiumetspes-blog.pl\/index.php\/2025\/07\/16\/ja-juz-jestem-z-toba\/","url":"https:\/\/gaudiumetspes-blog.pl\/index.php\/2025\/07\/16\/ja-juz-jestem-z-toba\/","name":"Ja ju\u017c JESTEM z Tob\u0105! - Gaudium Et Spes","isPartOf":{"@id":"https:\/\/gaudiumetspes-blog.pl\/#website"},"datePublished":"2025-07-16T07:46:36+00:00","author":{"@id":"https:\/\/gaudiumetspes-blog.pl\/#\/schema\/person\/1661982992b752dea8dff0d4ed845a65"},"breadcrumb":{"@id":"https:\/\/gaudiumetspes-blog.pl\/index.php\/2025\/07\/16\/ja-juz-jestem-z-toba\/#breadcrumb"},"inLanguage":"pl-PL","potentialAction":[{"@type":"ReadAction","target":["https:\/\/gaudiumetspes-blog.pl\/index.php\/2025\/07\/16\/ja-juz-jestem-z-toba\/"]}]},{"@type":"BreadcrumbList","@id":"https:\/\/gaudiumetspes-blog.pl\/index.php\/2025\/07\/16\/ja-juz-jestem-z-toba\/#breadcrumb","itemListElement":[{"@type":"ListItem","position":1,"name":"Strona g\u0142\u00f3wna","item":"https:\/\/gaudiumetspes-blog.pl\/"},{"@type":"ListItem","position":2,"name":"Ja ju\u017c JESTEM z Tob\u0105!"}]},{"@type":"WebSite","@id":"https:\/\/gaudiumetspes-blog.pl\/#website","url":"https:\/\/gaudiumetspes-blog.pl\/","name":"Gaudium Et Spes","description":"Blog Ks. Jacka Ja\u015bkowskiego","potentialAction":[{"@type":"SearchAction","target":{"@type":"EntryPoint","urlTemplate":"https:\/\/gaudiumetspes-blog.pl\/?s={search_term_string}"},"query-input":{"@type":"PropertyValueSpecification","valueRequired":true,"valueName":"search_term_string"}}],"inLanguage":"pl-PL"},{"@type":"Person","@id":"https:\/\/gaudiumetspes-blog.pl\/#\/schema\/person\/1661982992b752dea8dff0d4ed845a65","name":"Ks. Jacek","image":{"@type":"ImageObject","inLanguage":"pl-PL","@id":"https:\/\/gaudiumetspes-blog.pl\/#\/schema\/person\/image\/","url":"https:\/\/gaudiumetspes-blog.pl\/wp-content\/uploads\/2019\/07\/avatar-JJ-150x150.jpg","contentUrl":"https:\/\/gaudiumetspes-blog.pl\/wp-content\/uploads\/2019\/07\/avatar-JJ-150x150.jpg","caption":"Ks. Jacek"},"description":"Witam serdecznie! K\u0142ania si\u0119 Ks. Jacek Ja\u015bkowski. Nie jestem ani kim\u015b wa\u017cnym, ani kim\u015b znanym. Jestem ksi\u0119dzem, kt\u00f3ry po prostu chce rozmawia\u0107. Codzienna kap\u0142a\u0144ska pos\u0142uga pokazuje mi, \u017ce temat\u00f3w do rozm\u00f3w z ksi\u0119dzem jest coraz wi\u0119cej i dzisiaj \u017caden ksi\u0105dz nie mo\u017ce od nich ucieka\u0107, ale - wprost przeciwnie - podejmowa\u0107 nowe wyzwania. To przekonanie sk\u0142oni\u0142o mnie do pr\u00f3by otwarcia tego\u017c bloga, chocia\u017c okazji do rozm\u00f3w na co dzie\u0144 - w konfesjonale i poza nim - na szcz\u0119\u015bcie nie brakuje. My\u015bl\u0119 jednak, \u017ce ten blog b\u0119dzie jeszcze jednym sposobem i przestrzeni\u0105 nawi\u0105zania kontaktu z lud\u017ami dobrej woli, otwartymi na dialog.","url":"https:\/\/gaudiumetspes-blog.pl\/index.php\/author\/ks-jacek\/"}]}},"jetpack_featured_media_url":"","jetpack_sharing_enabled":true,"_links":{"self":[{"href":"https:\/\/gaudiumetspes-blog.pl\/index.php\/wp-json\/wp\/v2\/posts\/24002","targetHints":{"allow":["GET"]}}],"collection":[{"href":"https:\/\/gaudiumetspes-blog.pl\/index.php\/wp-json\/wp\/v2\/posts"}],"about":[{"href":"https:\/\/gaudiumetspes-blog.pl\/index.php\/wp-json\/wp\/v2\/types\/post"}],"author":[{"embeddable":true,"href":"https:\/\/gaudiumetspes-blog.pl\/index.php\/wp-json\/wp\/v2\/users\/1"}],"replies":[{"embeddable":true,"href":"https:\/\/gaudiumetspes-blog.pl\/index.php\/wp-json\/wp\/v2\/comments?post=24002"}],"version-history":[{"count":1,"href":"https:\/\/gaudiumetspes-blog.pl\/index.php\/wp-json\/wp\/v2\/posts\/24002\/revisions"}],"predecessor-version":[{"id":24003,"href":"https:\/\/gaudiumetspes-blog.pl\/index.php\/wp-json\/wp\/v2\/posts\/24002\/revisions\/24003"}],"wp:attachment":[{"href":"https:\/\/gaudiumetspes-blog.pl\/index.php\/wp-json\/wp\/v2\/media?parent=24002"}],"wp:term":[{"taxonomy":"category","embeddable":true,"href":"https:\/\/gaudiumetspes-blog.pl\/index.php\/wp-json\/wp\/v2\/categories?post=24002"},{"taxonomy":"post_tag","embeddable":true,"href":"https:\/\/gaudiumetspes-blog.pl\/index.php\/wp-json\/wp\/v2\/tags?post=24002"}],"curies":[{"name":"wp","href":"https:\/\/api.w.org\/{rel}","templated":true}]}}