{"id":24004,"date":"2025-07-17T09:36:18","date_gmt":"2025-07-17T07:36:18","guid":{"rendered":"https:\/\/gaudiumetspes-blog.pl\/?p=24004"},"modified":"2025-07-17T09:36:18","modified_gmt":"2025-07-17T07:36:18","slug":"kto-wytrwa-do-konca-2","status":"publish","type":"post","link":"https:\/\/gaudiumetspes-blog.pl\/index.php\/2025\/07\/17\/kto-wytrwa-do-konca-2\/","title":{"rendered":"Kto wytrwa do ko\u0144ca&#8230;"},"content":{"rendered":"<p align=\"justify\"><span style=\"color: #000000;\"><span style=\"font-family: Book Antiqua, serif;\"><span style=\"font-size: large;\">Szcz\u0119\u015b\u0107 Bo\u017ce! Drodzy moi, w dniu dzisiejszym <b>imieniny prze\u017cywaj\u0105:<\/b><\/span><\/span><\/span><\/p>\n<p align=\"justify\"><span style=\"color: #000000;\">\u25ba<span style=\"font-family: Book Antiqua, serif;\"><span style=\"font-size: large;\"><b>Anetta Dziak \u2013 Nauczyciel biologii w Liceum Lelewela w \u017belechowie, gdzie razem pracowali\u015bmy w swoim czasie;<\/b><\/span><\/span><\/span><\/p>\n<p align=\"justify\"><span style=\"color: #000000;\">\u25ba<span style=\"font-family: Book Antiqua, serif;\"><span style=\"font-size: large;\"><b>Siostra Aneta Sroka \u2013 za moich czas\u00f3w: Prze\u0142o\u017cona domu zakonnego Si\u00f3str od Anio\u0142\u00f3w w T\u0142uszczu, w Diecezji warszawsko \u2013 praskiej;<\/b><\/span><\/span><\/span><\/p>\n<p align=\"justify\"><span style=\"color: #000000;\">\u25ba<span style=\"font-family: Book Antiqua, serif;\"><span style=\"font-size: large;\"><b>Aneta Stegli\u0144ska (z domu Gmitrzak) \u2013 anga\u017cuj\u0105ca si\u0119 w swoim czasie w dzia\u0142alno\u015b\u0107 m\u0142odzie\u017cowych Wsp\u00f3lnot;<\/b><\/span><\/span><\/span><\/p>\n<p align=\"justify\"><span style=\"color: #000000;\">\u25ba<span style=\"font-family: Book Antiqua, serif;\"><span style=\"font-size: large;\"><b>Bogdan Mochnacz \u2013 m\u00f3j starszy Kolega z czas\u00f3w wsp\u00f3lnej s\u0142u\u017cby lektorskiej w rodzinnej Parafii.<\/b><\/span><\/span><\/span><\/p>\n<p align=\"justify\"><span style=\"color: #000000;\"><span style=\"font-family: Book Antiqua, serif;\"><span style=\"font-size: large;\"><b>Wszystkim \u015bwi\u0119tuj\u0105cym \u017cycz\u0119 pe\u0142nej i tw\u00f3rczej jedno\u015bci z Bogiem! Zapewniam o modlitwie!<\/b><\/span><\/span><\/span><\/p>\n<p align=\"justify\"><span style=\"color: #000000;\"><span style=\"font-family: Book Antiqua, serif;\"><span style=\"font-size: large;\">I pozdrawiam Was z Lublina, sk\u0105d jednak \u2013 wczesnym popo\u0142udniem \u2013 przejad\u0119 do Siedlec, gdzie planuj\u0119 d\u0142u\u017csze spotkanie, po\u0142\u0105czone ze Msz\u0105 \u015awi\u0119t\u0105 i wsp\u00f3lnym obiadem, z dwojgiem m\u0142odych Ludzi, kt\u00f3rzy zamierzaj\u0105 zawrze\u0107 sakramentalne Ma\u0142\u017ce\u0144stwo, o pob\u0142ogos\u0142awienie kt\u00f3rego ju\u017c mnie poprosili. A dzisiaj chcemy tak spokojnie porozmawia\u0107 o Bogu i o ludziach, o rodzinie, tak w og\u00f3le o \u017cyciu\u2026 I wsp\u00f3lnie oczywi\u015bcie pomodli\u0107 si\u0119 \u2013 o szcz\u0119\u015bliwe nowe Ma\u0142\u017ce\u0144stwo.<\/span><\/span><\/span><\/p>\n<p align=\"justify\"><span style=\"color: #000000;\"><span style=\"font-family: Book Antiqua, serif;\"><span style=\"font-size: large;\">A ja ju\u017c teraz zapraszam do pochylenia si\u0119 nad dzisiejszym Bo\u017cym s\u0142owem. Oto s\u0142\u00f3wko Ksi\u0119dza Marka na dzi\u015b:<\/span><\/span><\/span><\/p>\n<p align=\"justify\"><span style=\"color: #000000;\"><span style=\"font-family: Book Antiqua, serif;\"><span style=\"font-size: medium;\"><a href=\"https:\/\/www.youtube.com\/c\/CatholicSurgut\"><span style=\"font-size: large;\"><b>https:\/\/www.youtube.com\/c\/CatholicSurgut<\/b><\/span><\/a><\/span><\/span><\/span><\/p>\n<p align=\"justify\"><span style=\"color: #000000;\"><span style=\"font-family: Book Antiqua, serif;\"><span style=\"font-size: large;\">Poni\u017cej za\u015b \u2013 s\u0142\u00f3wko Janka, przygotowane jak co czwartek. Bardzo jestem Mu wdzi\u0119czny za to, \u017ce pomimo tylu spraw, kt\u00f3re w tym wa\u017cnym dla siebie okresie \u017cycia musi podejmowa\u0107, znajduje jednak zapa\u0142 i czas, \u017ceby je przygotowa\u0107. A ka\u017cde s\u0142\u00f3wko Janka jest przesycone wr\u0119cz osobistym \u015bwiadectwem wiary, a szczeg\u00f3lnie: \u015bwiadectwem g\u0142\u0119boko prze\u017cywanej tajemnicy powo\u0142ania do kap\u0142a\u0144stwa! <\/span><\/span><\/span><\/p>\n<p align=\"justify\"><span style=\"color: #000000;\"><span style=\"font-family: Book Antiqua, serif;\"><span style=\"font-size: large;\">Z pewno\u015bci\u0105, takich odwa\u017cnych g\u0142os\u00f3w \u2013 w tej w\u0142a\u015bnie kwestii \u2013 dzisiaj bardzo potrzeba! Dzisiaj tak\u017ce \u2013 cho\u0107 w innym uj\u0119ciu \u2013 ten temat tak\u017ce si\u0119 pojawia. Bardzo dzi\u0119kuj\u0119 Jankowi! Niech z tego pi\u0119knego dzie\u0142a wyniknie jak najwi\u0119ksza chwa\u0142a Bo\u017ca!<\/span><\/span><\/span><\/p>\n<p align=\"justify\"><span style=\"color: #000000;\"><span style=\"font-family: Book Antiqua, serif;\"><span style=\"font-size: large;\">Zatem, <b>c<\/b><b>o konkretnie m\u00f3wi do mnie Pan? Do czego mnie wzywa, zach\u0119ca, mobilizuje?<\/b> Duchu \u015awi\u0119ty, podpowiedz\u2026 <\/span><\/span><\/span><\/p>\n<p align=\"justify\"><span style=\"color: #000000;\"><span style=\"font-family: Book Antiqua, serif;\"><span style=\"font-size: large;\"><b>Niech Was b\u0142ogos\u0142awi B\u00f3g Wszechmog\u0105cy: Ojciec + i Syn, i Duch \u015awi\u0119ty. Amen<\/b><\/span><\/span><\/span><\/p>\n<p align=\"center\"><span style=\"color: #000000;\"><span style=\"font-family: Book Antiqua, serif;\"><span style=\"font-size: large;\">Gaudium et spes! Ks. Jacek<\/span><\/span><\/span><\/p>\n<p align=\"center\">\n<p align=\"center\">\n<p align=\"center\">\n<p align=\"center\">\n<p align=\"center\">\n<p align=\"justify\"><span style=\"color: #000000;\"><span style=\"font-family: Book Antiqua, serif;\"><span style=\"font-size: large;\"><b>Czwartek 15 Tygodnia zwyk\u0142ego, rok I,<\/b><\/span><\/span><\/span><\/p>\n<p align=\"justify\"><span style=\"color: #000000;\"><span style=\"font-family: Book Antiqua, serif;\"><span style=\"font-size: large;\"><b>17 lipca 2025.,\u00a0<\/b><\/span><\/span><\/span><\/p>\n<p align=\"justify\"><span style=\"color: #000000;\"><span style=\"font-family: Book Antiqua, serif;\"><span style=\"font-size: large;\"><b>do czyta\u0144: Wj 3,13\u201320; Mt 11,28\u201330<\/b><\/span><\/span><\/span><\/p>\n<p align=\"justify\">\n<p align=\"justify\">\n<p align=\"justify\">\n<p align=\"justify\">\n<p align=\"justify\">\n<p align=\"justify\"><span style=\"color: #000000;\"><span style=\"font-family: Book Antiqua, serif;\"><span style=\"font-size: large;\"><b>CZYTANIE Z KSI\u0118GI WYJ\u015aCIA: <\/b><\/span><\/span><\/span><\/p>\n<p align=\"justify\"><span style=\"color: #000000;\"><span style=\"font-family: Book Antiqua, serif;\"><span style=\"font-size: large;\"><b>Moj\u017cesz rzek\u0142 do Boga: \u201eOto p\u00f3jd\u0119 do syn\u00f3w Izraela i powiem im: \u00abB\u00f3g ojc\u00f3w naszych pos\u0142a\u0142 mnie do was\u00bb. Lecz gdy oni mnie zapytaj\u0105: \u00abJakie jest Jego imi\u0119?\u00bb, to c\u00f3\u017c im mam powiedzie\u0107?\u201d Odpowiedzia\u0142 B\u00f3g Moj\u017ceszowi: \u201eJa jestem, kt\u00f3ry jestem\u201d. I doda\u0142: \u201eTak powiesz synom Izraela: \u00abJa jestem\u00bb pos\u0142a\u0142 mnie do was\u201d. <\/b><\/span><\/span><\/span><\/p>\n<p align=\"justify\"><span style=\"color: #000000;\"><span style=\"font-family: Book Antiqua, serif;\"><span style=\"font-size: large;\"><b>M\u00f3wi\u0142 dalej B\u00f3g do Moj\u017cesza: \u201eTak powiesz synom Izraela: \u00abPan, B\u00f3g ojc\u00f3w waszych, B\u00f3g Abrahama, B\u00f3g Izraela i B\u00f3g Jakuba pos\u0142a\u0142 mnie do was. To jest imi\u0119 moje na wieki i to jest moje zawo\u0142anie na najdalsze pokolenia\u00bb. <\/b><\/span><\/span><\/span><\/p>\n<p align=\"justify\"><span style=\"color: #000000;\"><span style=\"font-family: Book Antiqua, serif;\"><span style=\"font-size: large;\"><b>Id\u017a, a gdy zbierzesz starszych Izraela, powiesz im: \u00abObjawi\u0142 mi si\u0119 Pan, B\u00f3g ojc\u00f3w waszych, B\u00f3g Abrahama, B\u00f3g Izraela i B\u00f3g Jakuba i powiedzia\u0142: Nawiedzi\u0142em was i ujrza\u0142em, co wam uczyniono w Egipcie. Postanowi\u0142em wi\u0119c wywie\u015b\u0107 was z ucisku w Egipcie i zaprowadzi\u0107 do ziemi Kananejczyka, Chetyty, Amoryty, Peryzzyty, Chiwwity i Jebuzyty, do ziemi op\u0142ywaj\u0105cej w mleko i mi\u00f3d\u00bb. Oni tych s\u0142\u00f3w us\u0142uchaj\u0105. I p\u00f3jdziesz razem ze starszymi z Izraela do kr\u00f3la egipskiego i powiecie mu: \u00abPan, B\u00f3g Hebrajczyk\u00f3w, nam si\u0119 objawi\u0142. Pozw\u00f3l nam odby\u0107 drog\u0119 trzech dni przez pustyni\u0119, aby\u015bmy z\u0142o\u017cyli ofiary Panu, Bogu naszemu\u00bb. <\/b><\/span><\/span><\/span><\/p>\n<p align=\"justify\"><span style=\"color: #000000;\"><span style=\"font-family: Book Antiqua, serif;\"><span style=\"font-size: large;\"><b>Ja za\u015b wiem, \u017ce kr\u00f3l egipski pozwoli wam wyj\u015b\u0107 z Egiptu tylko wtedy, gdy b\u0119dzie zmuszony r\u0119k\u0105 przemo\u017cn\u0105. Wyci\u0105gn\u0119 przeto r\u0119k\u0119 i nawiedz\u0119 Egipt r\u00f3\u017cnymi cudami, jakich tam dokonam, a wypu\u015bci was\u201d.<\/b><\/span><\/span><\/span><\/p>\n<p align=\"justify\">\n<p align=\"justify\">\n<p align=\"justify\">\n<p align=\"justify\">\n<p align=\"justify\">\n<p align=\"justify\"><span style=\"color: #000000;\"><span style=\"font-family: Book Antiqua, serif;\"><span style=\"font-size: large;\"><b>S\u0141OWA EWANGELII WED\u0141UG \u015aWI\u0118TEGO MATEUSZA: <\/b><\/span><\/span><\/span><\/p>\n<p align=\"justify\"><span style=\"color: #000000;\"><span style=\"font-family: Book Antiqua, serif;\"><span style=\"font-size: large;\"><b>W owym czasie Jezus przem\u00f3wi\u0142 tymi s\u0142owami: \u201ePrzyjd\u017acie do Mnie wszyscy, kt\u00f3rzy utrudzeni i obci\u0105\u017ceni jeste\u015bcie, a Ja was pokrzepi\u0119. We\u017acie moje jarzmo na siebie i uczcie si\u0119 ode Mnie, bo jestem \u0142agodny i pokorny sercem, a znajdziecie ukojenie dla dusz waszych. Albowiem jarzmo moje jest s\u0142odkie, a moje brzemi\u0119 lekkie\u201d.<\/b><\/span><\/span><\/span><\/p>\n<p align=\"justify\">\n<p align=\"justify\">\n<p align=\"justify\">\n<p align=\"justify\">\n<p align=\"justify\">\n<p align=\"center\"><span style=\"color: #000000;\"><span style=\"font-family: Book Antiqua, serif;\"><span style=\"font-size: large;\"><b>A OTO S\u0141\u00d3WKO JANKA:<\/b><\/span><\/span><\/span><\/p>\n<p align=\"center\">\n<p align=\"center\">\n<p align=\"center\">\n<p align=\"center\">\n<p align=\"center\">\n<p align=\"justify\"><span style=\"color: #000000;\"><span style=\"font-family: Book Antiqua, serif;\"><span style=\"font-size: large;\">Dzi\u015b Ko\u015bci\u00f3\u0142 daje nam dosy\u0107 zaskakuj\u0105c\u0105 Ewangeli\u0119: <i><b>Jezus przem\u00f3wi\u0142 tymi s\u0142owami: \u201ePrzyjd\u017acie do Mnie wszyscy, kt\u00f3rzy utrudzeni i obci\u0105\u017ceni jeste\u015bcie, a Ja was pokrzepi\u0119. We\u017acie na siebie moje jarzmo i uczcie si\u0119 ode Mnie, bo jestem cichy i pokornego serca, a znajdziecie ukojenie dla dusz waszych. Albowiem s\u0142odkie jest moje jarzmo, a moje brzemi\u0119 lekkie\u201d.<\/b><\/i><\/span><\/span><\/span><\/p>\n<p align=\"justify\"><span style=\"color: #000000;\"><span style=\"font-family: Book Antiqua, serif;\"><span style=\"font-size: large;\">Zobaczcie, jakie jest to po ludzku dziwne! Najpierw Jezus m\u00f3wi do nas, \u017ce kto jest utrudzony i obci\u0105\u017cony niech przyjdzie do Niego i niech odpocznie, ale zaraz potem m\u00f3wi, by cz\u0142owiek wzi\u0105\u0142 Jego jarzmo na siebie, czyli jakie\u015b zasady, jaki\u015b zapewne krzy\u017c\u2026<\/span><\/span><\/span><\/p>\n<p align=\"justify\"><span style=\"color: #000000;\"><span style=\"font-family: Book Antiqua, serif;\"><span style=\"font-size: large;\">Gdy tak o tej dzisiejszej Ewangelii my\u015bla\u0142em, wracaj\u0105c z porannej Mszy \u015bwi\u0119tej, to pierwsz\u0105 my\u015bl do dzisiejszej Ewangelii mia\u0142em tak\u0105: ROZWODY MA\u0141\u017bE\u0143SKIE i ODEJ\u015aCIA Z KAP\u0141A\u0143STWA. <\/span><\/span><\/span><\/p>\n<p align=\"justify\"><span style=\"color: #000000;\"><span style=\"font-family: Book Antiqua, serif;\"><span style=\"font-size: large;\">My\u015bl\u0119, \u017ce rozwody w ma\u0142\u017ce\u0144stwie i odej\u015bcia z kap\u0142a\u0144stwa \u2013 to niestety temat bardzo na czasie. Coraz wi\u0119cej jest rozwod\u00f3w i coraz wi\u0119cej s\u0142yszy si\u0119 o kap\u0142anach, kt\u00f3rzy Kap\u0142a\u0144stwo Jezusa Chrystusa zostawili. Ja osobi\u015bcie, jako m\u0142ody ch\u0142opak, tego nie rozumiem. Dlaczego zawsze, dla tak wielu ludzi, najlepszym i wed\u0142ug nich jedynym rozwi\u0105zaniem ich problem\u00f3w \u2013 jest ucieczka spod krzy\u017ca? Gdy Jezus wisia\u0142 na krzy\u017cu, jedyny Jan \u2013 spo\u015br\u00f3d ca\u0142ego grona aposto\u0142\u00f3w \u2013 sta\u0142 pod krzy\u017cem. Reszta aposto\u0142\u00f3w uciek\u0142a. P\u00f3\u017aniej poniek\u0105d to si\u0119 zmieni\u0142o. <\/span><\/span><\/span><\/p>\n<p align=\"justify\"><span style=\"color: #000000;\"><span style=\"font-family: Book Antiqua, serif;\"><span style=\"font-size: large;\">W ostatnim stuleciu kap\u0142ani i ma\u0142\u017conkowie praktycznie wszyscy trwali w swoich zobowi\u0105zaniach. Do \u015bmierci byli razem albo do \u015bmierci s\u0142u\u017cyli Ko\u015bcio\u0142owi! A teraz? Teraz nasta\u0142y dobre czasy. Bardzo \u0142atwe czasy\u2026 Zobaczcie, \u017ce wojny, kiedy szala\u0142y, to faktycznie sia\u0142y spustoszenie, ale wydawa\u0142y te\u017c taki owoc, \u017ce tworzy\u0142y silnych ludzi! Ludzi, kt\u00f3rzy na w\u0142asnej sk\u00f3rze do\u015bwiadczyli tego, \u017ce gdy jest trwoga, to najlepiej, gdy si\u0119 cz\u0142owiek ucieknie do Boga! Do\u015bwiadczyli te\u017c tego, \u017ce im wi\u0119kszy krzy\u017c, twym wi\u0119cej \u0142aski Pan daje!<\/span><\/span><\/span><\/p>\n<p align=\"justify\"><span style=\"color: #000000;\"><span style=\"font-family: Book Antiqua, serif;\"><span style=\"font-size: large;\">Smutne jest to, \u017ce obecnie nie potrafimy \u2013 my, m\u0142odzi ludzie \u2013 unie\u015b\u0107 Jezusowego Krzy\u017ca! Wolimy \u2013 jak Adam i Ewa \u2013 uciec, schowa\u0107 si\u0119 przed Bogiem i si\u0119 nie pokazywa\u0107. Wolimy narzeka\u0107, \u017ce tak trudno w kap\u0142a\u0144stwie, wi\u0119c najlepiej po prostu uciec z kap\u0142a\u0144stwa. A jak trudno w ma\u0142\u017ce\u0144stwie, to trzeba uciec z ma\u0142\u017ce\u0144stwa. Ba! Nawet\u2026 jak trudno w \u017cyciu, to mo\u017cna uciec nawet i od niego, pope\u0142niaj\u0105c samob\u00f3jstwo! <\/span><\/span><\/span><\/p>\n<p align=\"justify\"><span style=\"color: #000000;\"><span style=\"font-family: Book Antiqua, serif;\"><span style=\"font-size: large;\">U mnie, w ko\u015bciele w Samogoszczy, nad drzwiami, jest w\u0142a\u015bnie to zdanie Jezusa z dzisiejszej Ewangelii: <i><b>Przyjd\u017acie do Mnie wszyscy, kt\u00f3rzy utrudzeni i obci\u0105\u017ceni jeste\u015bcie, a Ja was pokrzepi\u0119. <\/b><\/i>To jest recepta Jezusa na wszelkie nasze kryzysy! Gdy nam ci\u0119\u017cko \u2013 id\u017amy do Niego! On nas przytuli, on nas uleczy! On nas umocni i obdarzy mi\u0142o\u015bci\u0105! <\/span><\/span><\/span><\/p>\n<p align=\"justify\"><span style=\"color: #000000;\"><span style=\"font-family: Book Antiqua, serif;\"><span style=\"font-size: large;\">Moi Drodzy, nie b\u00f3jmy si\u0119 krzy\u017ca w swoim \u017cyciu! Oczywi\u015bcie, mo\u017ce nie\u015b\u0107 b\u00f3l i cierpienie, a mo\u017ce nie\u015b\u0107 i doczesn\u0105 \u015bmier\u0107. Nie b\u00f3jmy si\u0119 tego! Jezus nam pokaza\u0142, \u017ce po krzy\u017cu jest ZMARTWYCHWSTANIE! Po krzy\u017cu jest WIELKA \u0141ASKA! <\/span><\/span><\/span><\/p>\n<p align=\"justify\"><span style=\"color: #000000;\"><span style=\"font-family: Book Antiqua, serif;\"><span style=\"font-size: large;\">Dlatego, gdy nam trudno i jest nam \u017ale, to nie uciekajmy spod krzy\u017ca, ale w\u0142a\u015bnie id\u017amy pod krzy\u017c, by si\u0119 pomodli\u0107 i u\u015bwiadomi\u0107 sobie, \u017ce nasz Pan i Zbawca prze\u017cy\u0142 najbardziej okrutn\u0105 \u015bmier\u0107, jak\u0105 by\u0142a \u015bmier\u0107 krzy\u017cowa \u2013 i \u017ce da\u0142 rad\u0119! Wytrwa\u0142! U\u015bwiadommy sobie, \u017ce my te\u017c jeste\u015bmy w stanie unie\u015b\u0107 nasz krzy\u017c i doj\u015b\u0107 do zbawienia! Pami\u0119tajmy: <i><b>K<\/b><\/i><i><b>to wytrwa do ko\u0144ca ten b\u0119dzie zbawiony! <\/b><\/i>DO KO\u0143CA! <\/span><\/span><\/span><\/p>\n","protected":false},"excerpt":{"rendered":"<p>Szcz\u0119\u015b\u0107 Bo\u017ce! Drodzy moi, w dniu dzisiejszym imieniny prze\u017cywaj\u0105: \u25baAnetta Dziak \u2013 Nauczyciel biologii w Liceum Lelewela w \u017belechowie, gdzie razem pracowali\u015bmy w swoim czasie; \u25baSiostra Aneta Sroka \u2013 za moich czas\u00f3w: Prze\u0142o\u017cona domu zakonnego Si\u00f3str od Anio\u0142\u00f3w w T\u0142uszczu, w Diecezji warszawsko \u2013 praskiej; \u25baAneta Stegli\u0144ska (z domu Gmitrzak) \u2013 anga\u017cuj\u0105ca si\u0119 w swoim [&hellip;]<\/p>\n","protected":false},"author":1,"featured_media":0,"comment_status":"open","ping_status":"open","sticky":false,"template":"","format":"standard","meta":{"jetpack_post_was_ever_published":false,"_jetpack_newsletter_access":"","_jetpack_dont_email_post_to_subs":false,"_jetpack_newsletter_tier_id":0,"_jetpack_memberships_contains_paywalled_content":false,"_jetpack_memberships_contains_paid_content":false,"footnotes":""},"categories":[1],"tags":[],"class_list":["post-24004","post","type-post","status-publish","format-standard","hentry","category-bez-kategorii"],"yoast_head":"<!-- This site is optimized with the Yoast SEO plugin v25.1 - https:\/\/yoast.com\/wordpress\/plugins\/seo\/ -->\n<title>Kto wytrwa do ko\u0144ca... - Gaudium Et Spes<\/title>\n<meta name=\"robots\" content=\"index, follow, max-snippet:-1, max-image-preview:large, max-video-preview:-1\" \/>\n<link rel=\"canonical\" href=\"https:\/\/gaudiumetspes-blog.pl\/index.php\/2025\/07\/17\/kto-wytrwa-do-konca-2\/\" \/>\n<meta property=\"og:locale\" content=\"pl_PL\" \/>\n<meta property=\"og:type\" content=\"article\" \/>\n<meta property=\"og:title\" content=\"Kto wytrwa do ko\u0144ca... - Gaudium Et Spes\" \/>\n<meta property=\"og:description\" content=\"Szcz\u0119\u015b\u0107 Bo\u017ce! Drodzy moi, w dniu dzisiejszym imieniny prze\u017cywaj\u0105: \u25baAnetta Dziak \u2013 Nauczyciel biologii w Liceum Lelewela w \u017belechowie, gdzie razem pracowali\u015bmy w swoim czasie; \u25baSiostra Aneta Sroka \u2013 za moich czas\u00f3w: Prze\u0142o\u017cona domu zakonnego Si\u00f3str od Anio\u0142\u00f3w w T\u0142uszczu, w Diecezji warszawsko \u2013 praskiej; \u25baAneta Stegli\u0144ska (z domu Gmitrzak) \u2013 anga\u017cuj\u0105ca si\u0119 w swoim [&hellip;]\" \/>\n<meta property=\"og:url\" content=\"https:\/\/gaudiumetspes-blog.pl\/index.php\/2025\/07\/17\/kto-wytrwa-do-konca-2\/\" \/>\n<meta property=\"og:site_name\" content=\"Gaudium Et Spes\" \/>\n<meta property=\"article:published_time\" content=\"2025-07-17T07:36:18+00:00\" \/>\n<meta name=\"author\" content=\"Ks. Jacek\" \/>\n<meta name=\"twitter:card\" content=\"summary_large_image\" \/>\n<meta name=\"twitter:label1\" content=\"Napisane przez\" \/>\n\t<meta name=\"twitter:data1\" content=\"Ks. Jacek\" \/>\n\t<meta name=\"twitter:label2\" content=\"Szacowany czas czytania\" \/>\n\t<meta name=\"twitter:data2\" content=\"7 minut\" \/>\n<script type=\"application\/ld+json\" class=\"yoast-schema-graph\">{\"@context\":\"https:\/\/schema.org\",\"@graph\":[{\"@type\":\"WebPage\",\"@id\":\"https:\/\/gaudiumetspes-blog.pl\/index.php\/2025\/07\/17\/kto-wytrwa-do-konca-2\/\",\"url\":\"https:\/\/gaudiumetspes-blog.pl\/index.php\/2025\/07\/17\/kto-wytrwa-do-konca-2\/\",\"name\":\"Kto wytrwa do ko\u0144ca... - Gaudium Et Spes\",\"isPartOf\":{\"@id\":\"https:\/\/gaudiumetspes-blog.pl\/#website\"},\"datePublished\":\"2025-07-17T07:36:18+00:00\",\"author\":{\"@id\":\"https:\/\/gaudiumetspes-blog.pl\/#\/schema\/person\/1661982992b752dea8dff0d4ed845a65\"},\"breadcrumb\":{\"@id\":\"https:\/\/gaudiumetspes-blog.pl\/index.php\/2025\/07\/17\/kto-wytrwa-do-konca-2\/#breadcrumb\"},\"inLanguage\":\"pl-PL\",\"potentialAction\":[{\"@type\":\"ReadAction\",\"target\":[\"https:\/\/gaudiumetspes-blog.pl\/index.php\/2025\/07\/17\/kto-wytrwa-do-konca-2\/\"]}]},{\"@type\":\"BreadcrumbList\",\"@id\":\"https:\/\/gaudiumetspes-blog.pl\/index.php\/2025\/07\/17\/kto-wytrwa-do-konca-2\/#breadcrumb\",\"itemListElement\":[{\"@type\":\"ListItem\",\"position\":1,\"name\":\"Strona g\u0142\u00f3wna\",\"item\":\"https:\/\/gaudiumetspes-blog.pl\/\"},{\"@type\":\"ListItem\",\"position\":2,\"name\":\"Kto wytrwa do ko\u0144ca&#8230;\"}]},{\"@type\":\"WebSite\",\"@id\":\"https:\/\/gaudiumetspes-blog.pl\/#website\",\"url\":\"https:\/\/gaudiumetspes-blog.pl\/\",\"name\":\"Gaudium Et Spes\",\"description\":\"Blog Ks. Jacka Ja\u015bkowskiego\",\"potentialAction\":[{\"@type\":\"SearchAction\",\"target\":{\"@type\":\"EntryPoint\",\"urlTemplate\":\"https:\/\/gaudiumetspes-blog.pl\/?s={search_term_string}\"},\"query-input\":{\"@type\":\"PropertyValueSpecification\",\"valueRequired\":true,\"valueName\":\"search_term_string\"}}],\"inLanguage\":\"pl-PL\"},{\"@type\":\"Person\",\"@id\":\"https:\/\/gaudiumetspes-blog.pl\/#\/schema\/person\/1661982992b752dea8dff0d4ed845a65\",\"name\":\"Ks. Jacek\",\"image\":{\"@type\":\"ImageObject\",\"inLanguage\":\"pl-PL\",\"@id\":\"https:\/\/gaudiumetspes-blog.pl\/#\/schema\/person\/image\/\",\"url\":\"https:\/\/gaudiumetspes-blog.pl\/wp-content\/uploads\/2019\/07\/avatar-JJ-150x150.jpg\",\"contentUrl\":\"https:\/\/gaudiumetspes-blog.pl\/wp-content\/uploads\/2019\/07\/avatar-JJ-150x150.jpg\",\"caption\":\"Ks. Jacek\"},\"description\":\"Witam serdecznie! K\u0142ania si\u0119 Ks. Jacek Ja\u015bkowski. Nie jestem ani kim\u015b wa\u017cnym, ani kim\u015b znanym. Jestem ksi\u0119dzem, kt\u00f3ry po prostu chce rozmawia\u0107. Codzienna kap\u0142a\u0144ska pos\u0142uga pokazuje mi, \u017ce temat\u00f3w do rozm\u00f3w z ksi\u0119dzem jest coraz wi\u0119cej i dzisiaj \u017caden ksi\u0105dz nie mo\u017ce od nich ucieka\u0107, ale - wprost przeciwnie - podejmowa\u0107 nowe wyzwania. To przekonanie sk\u0142oni\u0142o mnie do pr\u00f3by otwarcia tego\u017c bloga, chocia\u017c okazji do rozm\u00f3w na co dzie\u0144 - w konfesjonale i poza nim - na szcz\u0119\u015bcie nie brakuje. My\u015bl\u0119 jednak, \u017ce ten blog b\u0119dzie jeszcze jednym sposobem i przestrzeni\u0105 nawi\u0105zania kontaktu z lud\u017ami dobrej woli, otwartymi na dialog.\",\"url\":\"https:\/\/gaudiumetspes-blog.pl\/index.php\/author\/ks-jacek\/\"}]}<\/script>\n<!-- \/ Yoast SEO plugin. -->","yoast_head_json":{"title":"Kto wytrwa do ko\u0144ca... - Gaudium Et Spes","robots":{"index":"index","follow":"follow","max-snippet":"max-snippet:-1","max-image-preview":"max-image-preview:large","max-video-preview":"max-video-preview:-1"},"canonical":"https:\/\/gaudiumetspes-blog.pl\/index.php\/2025\/07\/17\/kto-wytrwa-do-konca-2\/","og_locale":"pl_PL","og_type":"article","og_title":"Kto wytrwa do ko\u0144ca... - Gaudium Et Spes","og_description":"Szcz\u0119\u015b\u0107 Bo\u017ce! Drodzy moi, w dniu dzisiejszym imieniny prze\u017cywaj\u0105: \u25baAnetta Dziak \u2013 Nauczyciel biologii w Liceum Lelewela w \u017belechowie, gdzie razem pracowali\u015bmy w swoim czasie; \u25baSiostra Aneta Sroka \u2013 za moich czas\u00f3w: Prze\u0142o\u017cona domu zakonnego Si\u00f3str od Anio\u0142\u00f3w w T\u0142uszczu, w Diecezji warszawsko \u2013 praskiej; \u25baAneta Stegli\u0144ska (z domu Gmitrzak) \u2013 anga\u017cuj\u0105ca si\u0119 w swoim [&hellip;]","og_url":"https:\/\/gaudiumetspes-blog.pl\/index.php\/2025\/07\/17\/kto-wytrwa-do-konca-2\/","og_site_name":"Gaudium Et Spes","article_published_time":"2025-07-17T07:36:18+00:00","author":"Ks. Jacek","twitter_card":"summary_large_image","twitter_misc":{"Napisane przez":"Ks. Jacek","Szacowany czas czytania":"7 minut"},"schema":{"@context":"https:\/\/schema.org","@graph":[{"@type":"WebPage","@id":"https:\/\/gaudiumetspes-blog.pl\/index.php\/2025\/07\/17\/kto-wytrwa-do-konca-2\/","url":"https:\/\/gaudiumetspes-blog.pl\/index.php\/2025\/07\/17\/kto-wytrwa-do-konca-2\/","name":"Kto wytrwa do ko\u0144ca... - Gaudium Et Spes","isPartOf":{"@id":"https:\/\/gaudiumetspes-blog.pl\/#website"},"datePublished":"2025-07-17T07:36:18+00:00","author":{"@id":"https:\/\/gaudiumetspes-blog.pl\/#\/schema\/person\/1661982992b752dea8dff0d4ed845a65"},"breadcrumb":{"@id":"https:\/\/gaudiumetspes-blog.pl\/index.php\/2025\/07\/17\/kto-wytrwa-do-konca-2\/#breadcrumb"},"inLanguage":"pl-PL","potentialAction":[{"@type":"ReadAction","target":["https:\/\/gaudiumetspes-blog.pl\/index.php\/2025\/07\/17\/kto-wytrwa-do-konca-2\/"]}]},{"@type":"BreadcrumbList","@id":"https:\/\/gaudiumetspes-blog.pl\/index.php\/2025\/07\/17\/kto-wytrwa-do-konca-2\/#breadcrumb","itemListElement":[{"@type":"ListItem","position":1,"name":"Strona g\u0142\u00f3wna","item":"https:\/\/gaudiumetspes-blog.pl\/"},{"@type":"ListItem","position":2,"name":"Kto wytrwa do ko\u0144ca&#8230;"}]},{"@type":"WebSite","@id":"https:\/\/gaudiumetspes-blog.pl\/#website","url":"https:\/\/gaudiumetspes-blog.pl\/","name":"Gaudium Et Spes","description":"Blog Ks. Jacka Ja\u015bkowskiego","potentialAction":[{"@type":"SearchAction","target":{"@type":"EntryPoint","urlTemplate":"https:\/\/gaudiumetspes-blog.pl\/?s={search_term_string}"},"query-input":{"@type":"PropertyValueSpecification","valueRequired":true,"valueName":"search_term_string"}}],"inLanguage":"pl-PL"},{"@type":"Person","@id":"https:\/\/gaudiumetspes-blog.pl\/#\/schema\/person\/1661982992b752dea8dff0d4ed845a65","name":"Ks. Jacek","image":{"@type":"ImageObject","inLanguage":"pl-PL","@id":"https:\/\/gaudiumetspes-blog.pl\/#\/schema\/person\/image\/","url":"https:\/\/gaudiumetspes-blog.pl\/wp-content\/uploads\/2019\/07\/avatar-JJ-150x150.jpg","contentUrl":"https:\/\/gaudiumetspes-blog.pl\/wp-content\/uploads\/2019\/07\/avatar-JJ-150x150.jpg","caption":"Ks. Jacek"},"description":"Witam serdecznie! K\u0142ania si\u0119 Ks. Jacek Ja\u015bkowski. Nie jestem ani kim\u015b wa\u017cnym, ani kim\u015b znanym. Jestem ksi\u0119dzem, kt\u00f3ry po prostu chce rozmawia\u0107. Codzienna kap\u0142a\u0144ska pos\u0142uga pokazuje mi, \u017ce temat\u00f3w do rozm\u00f3w z ksi\u0119dzem jest coraz wi\u0119cej i dzisiaj \u017caden ksi\u0105dz nie mo\u017ce od nich ucieka\u0107, ale - wprost przeciwnie - podejmowa\u0107 nowe wyzwania. To przekonanie sk\u0142oni\u0142o mnie do pr\u00f3by otwarcia tego\u017c bloga, chocia\u017c okazji do rozm\u00f3w na co dzie\u0144 - w konfesjonale i poza nim - na szcz\u0119\u015bcie nie brakuje. My\u015bl\u0119 jednak, \u017ce ten blog b\u0119dzie jeszcze jednym sposobem i przestrzeni\u0105 nawi\u0105zania kontaktu z lud\u017ami dobrej woli, otwartymi na dialog.","url":"https:\/\/gaudiumetspes-blog.pl\/index.php\/author\/ks-jacek\/"}]}},"jetpack_featured_media_url":"","jetpack_sharing_enabled":true,"_links":{"self":[{"href":"https:\/\/gaudiumetspes-blog.pl\/index.php\/wp-json\/wp\/v2\/posts\/24004","targetHints":{"allow":["GET"]}}],"collection":[{"href":"https:\/\/gaudiumetspes-blog.pl\/index.php\/wp-json\/wp\/v2\/posts"}],"about":[{"href":"https:\/\/gaudiumetspes-blog.pl\/index.php\/wp-json\/wp\/v2\/types\/post"}],"author":[{"embeddable":true,"href":"https:\/\/gaudiumetspes-blog.pl\/index.php\/wp-json\/wp\/v2\/users\/1"}],"replies":[{"embeddable":true,"href":"https:\/\/gaudiumetspes-blog.pl\/index.php\/wp-json\/wp\/v2\/comments?post=24004"}],"version-history":[{"count":1,"href":"https:\/\/gaudiumetspes-blog.pl\/index.php\/wp-json\/wp\/v2\/posts\/24004\/revisions"}],"predecessor-version":[{"id":24005,"href":"https:\/\/gaudiumetspes-blog.pl\/index.php\/wp-json\/wp\/v2\/posts\/24004\/revisions\/24005"}],"wp:attachment":[{"href":"https:\/\/gaudiumetspes-blog.pl\/index.php\/wp-json\/wp\/v2\/media?parent=24004"}],"wp:term":[{"taxonomy":"category","embeddable":true,"href":"https:\/\/gaudiumetspes-blog.pl\/index.php\/wp-json\/wp\/v2\/categories?post=24004"},{"taxonomy":"post_tag","embeddable":true,"href":"https:\/\/gaudiumetspes-blog.pl\/index.php\/wp-json\/wp\/v2\/tags?post=24004"}],"curies":[{"name":"wp","href":"https:\/\/api.w.org\/{rel}","templated":true}]}}