{"id":24006,"date":"2025-07-18T09:21:48","date_gmt":"2025-07-18T07:21:48","guid":{"rendered":"https:\/\/gaudiumetspes-blog.pl\/?p=24006"},"modified":"2025-07-18T09:21:48","modified_gmt":"2025-07-18T07:21:48","slug":"ja-pan-3","status":"publish","type":"post","link":"https:\/\/gaudiumetspes-blog.pl\/index.php\/2025\/07\/18\/ja-pan-3\/","title":{"rendered":"Ja &#8211; Pan!"},"content":{"rendered":"<p align=\"justify\"><span style=\"color: #000000;\"><span style=\"font-family: Book Antiqua, serif;\"><span style=\"font-size: large;\">Szcz\u0119\u015b\u0107 Bo\u017ce! Moi Drodzy, w dniu dzisiejszym <b>imieniny prze\u017cywa m\u00f3j Szwagier, Kamil Nied\u017awiedzki. Dzi\u0119kuj\u0105c za przyja\u017a\u0144, wsparcie i wielorak\u0105 pomoc, \u017cycz\u0119, aby ka\u017cdego dnia coraz bardziej spe\u0142nia\u0142 si\u0119 w roli M\u0119\u017ca, Ojca, Szwagra \u2013 i w ka\u017cdej roli, w jakiej Pan ju\u017c Go postawi\u0142, a jeszcze postawi w przysz\u0142o\u015bci. Niech daje Mu jak najwi\u0119cej dobrych natchnie\u0144 i b\u0142ogos\u0142awi we wszystkim, co dobre!<\/b><\/span><\/span><\/span><\/p>\n<p align=\"justify\"><span style=\"color: #000000;\"><span style=\"font-family: Book Antiqua, serif;\"><span style=\"font-size: large;\"><b>Imieniny prze\u017cywaj\u0105 dzi\u015b tak\u017ce:<\/b><\/span><\/span><\/span><\/p>\n<p align=\"justify\"><span style=\"color: #000000;\">\u25ba<span style=\"font-family: Book Antiqua, serif;\"><span style=\"font-size: large;\"><b>Szymon Sala \u2013 Lektor z Parafii Leopold\u00f3w, Wicelider Wsp\u00f3lnoty SPE SALVI, Cz\u0142owiek mi bardzo bliski;<\/b><\/span><\/span><\/span><\/p>\n<p align=\"justify\"><span style=\"color: #000000;\">\u25ba<span style=\"font-family: Book Antiqua, serif;\"><span style=\"font-size: large;\"><b>Szymon Olender, m\u00f3j by\u0142y Lektor z Parafii w Celestynowie, a obecnie M\u0105\u017c i Ojciec, a tak w og\u00f3le: Cz\u0142owiek bardzo bliski i \u017cyczliwy, z kt\u00f3rym \u2013 podobnie, jak i z Jego Rodzicami \u2013 pozostaj\u0119 w sta\u0142ym kontakcie.<\/b><\/span><\/span><\/span><\/p>\n<p align=\"justify\"><span style=\"color: #000000;\"><span style=\"font-family: Book Antiqua, serif;\"><span style=\"font-size: large;\"><b>Urodziny natomiast prze\u017cywaj\u0105:<\/b><\/span><\/span><\/span><\/p>\n<p align=\"justify\"><span style=\"color: #000000;\">\u25ba<span style=\"font-family: Book Antiqua, serif;\"><span style=\"font-size: large;\"><b>Micha\u0142 Ja\u015bkowski \u2013 m\u00f3j Brat stryjeczny z Olsztyna;<\/b><\/span><\/span><\/span><\/p>\n<p align=\"justify\"><span style=\"color: #000000;\">\u25ba<span style=\"font-family: Book Antiqua, serif;\"><span style=\"font-size: large;\"><b>A\u0142\u0142a Michaj\u0142owa \u2013 w swoim czasie: Osoba zaanga\u017cowana w \u017cycie w Parafii w Surgucie, wspieraj\u0105ca Ksi\u0119dza Marka w Jego pracy z M\u0142odzie\u017c\u0105.<\/b><\/span><\/span><\/span><\/p>\n<p align=\"justify\"><span style=\"color: #000000;\"><span style=\"font-family: Book Antiqua, serif;\"><span style=\"font-size: large;\"><b>Wszystkim \u015bwi\u0119tuj\u0105cym \u017cycz\u0119 sta\u0142ej i wielkiej rado\u015bci z powo\u0142ania chrze\u015bcija\u0144skiego \u2013 o czym wi\u0119cej w rozwa\u017caniu. Pami\u0119tam w modlitwie \u2013 nie tylko zreszt\u0105 dzisiaj\u2026 <\/b><\/span><\/span><\/span><\/p>\n<p align=\"justify\"><span style=\"color: #000000;\"><span style=\"font-family: Book Antiqua, serif;\"><span style=\"font-size: large;\">A oto pozdrawiam Was, moi Drodzy, z Siedlec, sk\u0105d jednak zaraz wyrusz\u0119 do Lublina, ale przez Bia\u0142\u0105 Podlask\u0105 i Kode\u0144. A tam \u2013 jak mo\u017cecie by\u0107 pewni \u2013 b\u0119d\u0119 pami\u0119ta\u0142 tak\u017ce o Was!<\/span><\/span><\/span><\/p>\n<p align=\"justify\"><span style=\"color: #000000;\"><span style=\"font-family: Book Antiqua, serif;\"><span style=\"font-size: large;\">Natomiast o 18:00 przewiduj\u0119 Msz\u0119 \u015awi\u0119t\u0105 w Parafii \u015awi\u0119tego Jana Kantego, czyli w \u201emojej\u201d Parafii w Lublinie. A przy okazji wspomn\u0119, \u017ce w \u015brod\u0119, w tej\u017ce Parafii, mia\u0142em zaszczyt pob\u0142ogos\u0142awi\u0107 i na\u0142o\u017cy\u0107 szkaplerz karmelita\u0144ski Ksi\u0119dzu Andrzejowi Bubiczowi, pomagaj\u0105cemu duszpastersko w tej\u017ce Parafii. Uczyni\u0142em to na pro\u015bb\u0119 samego Ksi\u0119dza Andrzeja, w zast\u0119pstwie i z upowa\u017cnienia Proboszcza Parafii, Ksi\u0119dza Kanonika Bogdana Zag\u00f3rskiego, naszej dostojnej Eminencji (jak nazywam Ksi\u0119dza Proboszcza). Bogu niech b\u0119d\u0105 dzi\u0119ki za to wa\u017cne wydarzenie i za \u015bwiadectwo \u017cycia i g\u0142\u0119bokiej pobo\u017cno\u015bci Ksi\u0119dza Andrzeja \u2013 \u015bwiadectwo tak bardzo przekonuj\u0105ce i wzmacniaj\u0105ce, tak\u017ce dla mnie osobi\u015bcie!<\/span><\/span><\/span><\/p>\n<p align=\"justify\"><span style=\"color: #000000;\"><span style=\"font-family: Book Antiqua, serif;\"><span style=\"font-size: large;\">Tymczasem, <span style=\"font-family: Book antiqua, serif;\">zapraszam ju\u017c do pochylenia si\u0119 nad Bo\u017cym s\u0142owem dzisiejszej liturgii. <\/span>Oto s\u0142\u00f3wko Ksi\u0119dza Marka na dzi\u015b:<\/span><\/span><\/span><\/p>\n<p align=\"justify\"><span style=\"color: #000000;\"><span style=\"font-family: Book Antiqua, serif;\"><span style=\"font-size: medium;\"><a href=\"https:\/\/www.youtube.com\/c\/CatholicSurgut\"><span style=\"font-size: large;\"><span lang=\"zxx\"><u><b>https:\/\/www.youtube.com\/c\/CatholicSurgut<\/b><\/u><\/span><\/span><\/a><\/span><\/span><\/span><\/p>\n<p align=\"justify\"><span style=\"color: #000000;\"><span style=\"font-family: Book antiqua, serif;\"><span style=\"font-size: large;\">Zatem, <b>c<\/b><b>o dzi\u015b m\u00f3wi do mnie Pan?<\/b> Duchu \u015awi\u0119ty, wska\u017c\u2026<\/span><\/span><\/span><\/p>\n<p align=\"justify\"><span style=\"color: #000000;\"><span style=\"font-family: Book antiqua, serif;\"><span style=\"font-size: large;\"><b>Niech Was b\u0142ogos\u0142awi B\u00f3g Wszechmog\u0105cy: Ojciec + i Syn, i Duch \u015awi\u0119ty. Amen<\/b><\/span><\/span><\/span><\/p>\n<p align=\"center\"><span style=\"color: #000000;\"><span style=\"font-family: Book Antiqua, serif;\"><span style=\"font-size: large;\">Gaudium et spes! Ks. Jacek<\/span><\/span><\/span><\/p>\n<p align=\"center\">\n<p align=\"center\">\n<p align=\"center\">\n<p align=\"center\">\n<p align=\"center\">\n<p align=\"justify\"><span style=\"color: #000000;\"><span style=\"font-family: Book Antiqua, serif;\"><span style=\"font-size: large;\"><b>Pi\u0105tek 15 Tygodnia zwyk\u0142ego, rok I,<\/b><\/span><\/span><\/span><\/p>\n<p align=\"justify\"><span style=\"color: #000000;\"><span style=\"font-family: Book Antiqua, serif;\"><span style=\"font-size: large;\"><b>Wspomnienie dowolne \u015aw. Szymona z Lipnicy, Kap\u0142ana, <\/b><\/span><\/span><\/span><\/p>\n<p align=\"justify\"><span style=\"color: #000000;\"><span style=\"font-family: Book Antiqua, serif;\"><span style=\"font-size: large;\"><b>18 lipca 2025.,\u00a0<\/b><\/span><\/span><\/span><\/p>\n<p align=\"justify\"><span style=\"color: #000000;\"><span style=\"font-family: Book Antiqua, serif;\"><span style=\"font-size: large;\"><b>do czyta\u0144: Wj 11,10\u201312,14; Mt 12,1\u20138<\/b><\/span><\/span><\/span><\/p>\n<p align=\"justify\">\n<p align=\"justify\">\n<p align=\"justify\">\n<p align=\"justify\">\n<p align=\"justify\">\n<p align=\"justify\"><span style=\"color: #000000;\"><span style=\"font-family: Book Antiqua, serif;\"><span style=\"font-size: large;\"><b>CZYTANIE Z KSI\u0118GI WYJ\u015aCIA:<\/b><\/span><\/span><\/span><\/p>\n<p align=\"justify\"><span style=\"color: #000000;\"><span style=\"font-family: Book Antiqua, serif;\"><span style=\"font-size: large;\"><b>Moj\u017cesz i Aaron wykonali wszystkie cuda przed faraonem. Lecz Pan uczyni\u0142 upartym serce faraona, tak i\u017c wzbrania\u0142 si\u0119 wypu\u015bci\u0107 syn\u00f3w Izraela ze swego kraju.<\/b><\/span><\/span><\/span><\/p>\n<p align=\"justify\"><span style=\"color: #000000;\"><span style=\"font-family: Book Antiqua, serif;\"><span style=\"font-size: large;\"><b>Pan powiedzia\u0142 do Moj\u017cesza i Aarona w ziemi egipskiej: \u201eMiesi\u0105c ten b\u0119dzie dla was pocz\u0105tkiem miesi\u0119cy, b\u0119dzie pierwszym miesi\u0105cem roku. Powiedzcie ca\u0142emu zgromadzeniu Izraela tak: \u00abDziesi\u0105tego dnia tego miesi\u0105ca niech si\u0119 ka\u017cdy postara o baranka dla rodziny, o baranka dla domu. Je\u015bliby za\u015b rodzina by\u0142a za ma\u0142a dla spo\u017cycia baranka, to niech si\u0119 postara o niego razem ze swym s\u0105siadem, kt\u00f3ry mieszka najbli\u017cej jego domu, aby by\u0142a odpowiednia liczba os\u00f3b. Liczy\u0107 je za\u015b b\u0119dziecie dla spo\u017cycia baranka wed\u0142ug tego, co ka\u017cdy mo\u017ce spo\u017cy\u0107.<\/b><\/span><\/span><\/span><\/p>\n<p align=\"justify\"><span style=\"color: #000000;\"><span style=\"font-family: Book Antiqua, serif;\"><span style=\"font-size: large;\"><b>Baranek b\u0119dzie bez skazy, samiec, jednoroczny; wzi\u0105\u0107 mo\u017cecie jagni\u0119 albo ko\u017al\u0119. B\u0119dziecie go strzec a\u017c do czternastego dnia tego miesi\u0105ca, a wtedy zabije go ca\u0142e zgromadzenie Izraela o zmierzchu. I wezm\u0105 krew baranka i pokropi\u0105 ni\u0105 odrzwia i progi domu, w kt\u00f3rym b\u0119d\u0105 go spo\u017cywa\u0107.<\/b><\/span><\/span><\/span><\/p>\n<p align=\"justify\"><span style=\"color: #000000;\"><span style=\"font-family: Book Antiqua, serif;\"><span style=\"font-size: large;\"><b>I tej samej nocy spo\u017cyj\u0105 mi\u0119so pieczone w ogniu, spo\u017cyj\u0105 je z chlebem niekwaszonym i gorzkimi zio\u0142ami. Nie b\u0119dziecie spo\u017cywa\u0107 z niego nic surowego ani ugotowanego w wodzie, lecz upieczone na ogniu, z g\u0142ow\u0105, nogami i wn\u0119trzno\u015bciami. Nie mo\u017ce nic pozosta\u0107 z niego na dzie\u0144 nast\u0119pny. Cokolwiek zostanie z niego na nast\u0119pny dzie\u0144, w ogniu spalicie. Tak za\u015b spo\u017cywa\u0107 je b\u0119dziecie: Biodra wasze b\u0119d\u0105 przepasane, sanda\u0142y na waszych nogach, laska w waszym r\u0119ku. Spo\u017cywa\u0107 b\u0119dziecie po\u015bpiesznie, gdy\u017c jest to Pascha na cze\u015b\u0107 Pana.<\/b><\/span><\/span><\/span><\/p>\n<p align=\"justify\"><span style=\"color: #000000;\"><span style=\"font-family: Book Antiqua, serif;\"><span style=\"font-size: large;\"><b>Tej nocy przejd\u0119 przez Egipt, zabij\u0119 wszystko pierworodne w ziemi egipskiej od cz\u0142owieka a\u017c do byd\u0142a i odb\u0119d\u0119 s\u0105d nad wszystkimi bogami Egiptu. Ja Pan. Krew b\u0119dzie wam s\u0142u\u017cy\u0142a na oznaczenie dom\u00f3w, w kt\u00f3rych b\u0119dziecie przebywa\u0107. Gdy ujrz\u0119 krew, przejd\u0119 obok i nie b\u0119dzie po\u015br\u00f3d was plagi niszczycielskiej, gdy b\u0119d\u0119 kara\u0142 ziemi\u0119 egipsk\u0105.<\/b><\/span><\/span><\/span><\/p>\n<p align=\"justify\"><span style=\"color: #000000;\"><span style=\"font-family: Book Antiqua, serif;\"><span style=\"font-size: large;\"><b>Dzie\u0144 ten b\u0119dzie dla was dniem pami\u0119tnym i obchodzi\u0107 go b\u0119dziecie jako \u015bwi\u0119to dla uczczenia Pana. Po wszystkie pokolenia w tym dniu \u015bwi\u0119towa\u0107 b\u0119dziecie na zawsze\u00bb\u201d.<\/b><\/span><\/span><\/span><\/p>\n<p align=\"justify\">\n<p align=\"justify\">\n<p align=\"justify\">\n<p align=\"justify\">\n<p align=\"justify\">\n<p align=\"justify\"><span style=\"color: #000000;\"><span style=\"font-family: Book Antiqua, serif;\"><span style=\"font-size: large;\"><b>S\u0141OWA EWANGELII WED\u0141UG \u015aWI\u0118TEGO MATEUSZA:<\/b><\/span><\/span><\/span><\/p>\n<p align=\"justify\"><span style=\"color: #000000;\"><span style=\"font-family: Book Antiqua, serif;\"><span style=\"font-size: large;\"><b>Pewnego razu Jezus przechodzi\u0142 w szabat w\u015br\u00f3d zb\u00f3\u017c. Uczniowie Jego, b\u0119d\u0105c g\u0142odni, zacz\u0119li zrywa\u0107 k\u0142osy i je\u015b\u0107.<\/b><\/span><\/span><\/span><\/p>\n<p align=\"justify\"><span style=\"color: #000000;\"><span style=\"font-family: Book Antiqua, serif;\"><span style=\"font-size: large;\"><b>Gdy to ujrzeli faryzeusze, rzekli Mu: \u201eOto Twoi uczniowie czyni\u0105 to, czego nie wolno czyni\u0107 w szabat\u201d.<\/b><\/span><\/span><\/span><\/p>\n<p align=\"justify\"><span style=\"color: #000000;\"><span style=\"font-family: Book Antiqua, serif;\"><span style=\"font-size: large;\"><b>A On im odpowiedzia\u0142: <\/b><\/span><\/span><\/span><\/p>\n<p align=\"justify\"><span style=\"color: #000000;\">\u201e<span style=\"font-family: Book Antiqua, serif;\"><span style=\"font-size: large;\"><b>Nie czytali\u015bcie, co uczyni\u0142 Dawid, gdy by\u0142 g\u0142odny, on i jego towarzysze? Jak wszed\u0142 do domu Bo\u017cego i jad\u0142 chleby pok\u0142adne, kt\u00f3rych nie wolno by\u0142o je\u015b\u0107 jemu ani jego towarzyszom, tylko samym kap\u0142anom?<\/b><\/span><\/span><\/span><\/p>\n<p align=\"justify\"><span style=\"color: #000000;\"><span style=\"font-family: Book Antiqua, serif;\"><span style=\"font-size: large;\"><b>Albo nie czytali\u015bcie w Prawie, \u017ce w dzie\u0144 szabatu kap\u0142ani naruszaj\u0105 w \u015bwi\u0105tyni spoczynek szabatu, a s\u0105 bez winy? Oto powiadam wam: Tu jest co\u015b wi\u0119kszego ni\u017c \u015bwi\u0105tynia. <\/b><\/span><\/span><\/span><\/p>\n<p align=\"justify\"><span style=\"color: #000000;\"><span style=\"font-family: Book Antiqua, serif;\"><span style=\"font-size: large;\"><b>Gdyby\u015bcie zrozumieli, co znaczy: \u00abChc\u0119 raczej mi\u0142osierdzia ni\u017c ofiary\u00bb, nie pot\u0119pialiby\u015bcie niewinnych. Albowiem Syn Cz\u0142owieczy jest Panem szabatu\u201d.<\/b><\/span><\/span><\/span><\/p>\n<p align=\"justify\">\n<p align=\"justify\">\n<p align=\"justify\">\n<p align=\"justify\">\n<p align=\"justify\">\n<p align=\"justify\"><span style=\"color: #000000;\"><span style=\"font-family: Book Antiqua, serif;\"><span style=\"font-size: large;\">W kolejne dni s\u0142uchamy ostatnio \u2013 w ramach pierwszego czytania \u2013 <b>historii Moj\u017cesza i misji,<\/b> powierzonej mu przez Boga. S\u0142yszeli\u015bmy o narodzeniu i ocaleniu od \u015bmierci tego\u017c Bo\u017cego cz\u0142owieka, s\u0142yszeli\u015bmy o jego spotkaniu z Bogiem, a oto dzisiaj \u2013 w jakim\u015b sensie \u2013 mo\u017cemy m\u00f3wi\u0107 <b>o momencie kulminacyjnym <\/b>w jego historii i w historii ca\u0142ego narodu, bo oto s\u0142yszymy dzi\u015b<b> o samym momencie wyj\u015bcia<\/b> Izraelit\u00f3w z niewoli egipskiej. Czyli o tym wydarzeniu, na kt\u00f3re czekali oni oko\u0142o czterystu trzydziestu lat! S\u0142yszymy dzi\u015b, na pocz\u0105tku pierwszego czytania, informacj\u0119, \u017ce <i><b>Moj\u017cesz i Aaron wykonali wszystkie cuda przed faraonem. Lecz Pan uczyni\u0142 upartym serce faraona, tak i\u017c wzbrania\u0142 si\u0119 wypu\u015bci\u0107 syn\u00f3w Izraela ze swego kraju.<\/b><\/i><i> <\/i><\/span><\/span><\/span><\/p>\n<p align=\"justify\"><span style=\"color: #000000;\"><span style=\"font-family: Book Antiqua, serif;\"><span style=\"font-size: large;\">Dwa u\u015bci\u015blenia s\u0105 tu konieczne. Ot\u00f3\u017c, to <b>nie by\u0142y \u00abwszystkie cuda przed faraonem\u00bb,<\/b> a dziewi\u0119\u0107 z dziesi\u0119ciu, bo dziesi\u0105ty zosta\u0142 opisany dzisiaj. I to po tym dziesi\u0105tym faraon wypu\u015bci\u0142 nar\u00f3d. Wcze\u015bniej bowiem \u2013 i to drugie u\u015bci\u015blenie \u2013 <b>opiera\u0142<\/b><b> si\u0119<\/b> przed tym, ale nie dok\u0142adnie dlatego, \u017ce to <i><b>Pan uczyni\u0142 upartym serce faraona, tak i\u017c wzbrania\u0142 si\u0119 wypu\u015bci\u0107 syn\u00f3w Izraela ze swego kraju, <\/b><\/i>jak to dzi\u015b s\u0142yszeli\u015bmy, ale dlatego, \u017ce <b>to jego serce by\u0142o uparte,<\/b> a Pan jedynie t\u0119 sytuacj\u0119 przewidzia\u0142 i w jakim\u015b sensie dopu\u015bci\u0142. Ale to na pewno by\u0142y<b> decyzj<\/b><b>e<\/b><b> i dzia\u0142ania samego faraona, <\/b>za kt\u00f3re te\u017c on sam ponosi\u0142 odpowiedzialno\u015b\u0107. <\/span><\/span><\/span><\/p>\n<p align=\"justify\"><span style=\"color: #000000;\"><span style=\"font-family: Book Antiqua, serif;\"><span style=\"font-size: large;\">Natomiast dzisiaj s\u0142yszymy o takim znaku ze strony Boga, pod kt\u00f3rym zawzi\u0119ty w\u0142adca Egiptu ostatecznie si\u0119 ugi\u0105\u0142. Znak ten B\u00f3g tak zapowiedzia\u0142: <i><b>Tej nocy przejd\u0119 przez Egipt, zabij\u0119 wszystko pierworodne w ziemi egipskiej od cz\u0142owieka a\u017c do byd\u0142a i odb\u0119d\u0119 s\u0105d nad wszystkimi bogami Egiptu. Ja Pan. Krew b\u0119dzie wam s\u0142u\u017cy\u0142a na oznaczenie dom\u00f3w, w kt\u00f3rych b\u0119dziecie przebywa\u0107. Gdy ujrz\u0119 krew, przejd\u0119 obok i nie b\u0119dzie po\u015br\u00f3d was plagi niszczycielskiej, gdy b\u0119d\u0119 kara\u0142 ziemi\u0119 egipsk\u0105. <\/b><\/i><\/span><\/span><\/span><\/p>\n<p align=\"justify\"><span style=\"color: #000000;\"><span style=\"font-family: Book Antiqua, serif;\"><span style=\"font-size: large;\">Wcze\u015bniej us\u0142yszeli\u015bmy o tym, <b>jakie dok\u0142adnie przygotowania maj\u0105 poprzedzi\u0107 <\/b>spo\u017cycie tej jedynej w swoim rodzaju uczty, kt\u00f3r\u0105 potem zreszt\u0105 nale\u017ca\u0142o corocznie powtarza\u0107, \u015bwi\u0119tuj\u0105c \u00f3w dzie\u0144 wyj\u015bcia z niewoli. Natomiast w tym momencie, kiedy Izraelici b\u0119d\u0105 prze\u017cywali to rodzinne \u015bwi\u0105teczne spotkanie, <b>B\u00f3g dokona znaku, <\/b>kt\u00f3ry mo\u017ce \u2013 przynajmniej z perspektywy Egipcjan patrz\u0105c \u2013 <b>trudno <\/b><b>nazwa\u0107 cudem,<\/b> bo pogin\u0119\u0142o ich wszystko pierworodne, ale na pewno dla Izraelit\u00f3w by\u0142 to moment niezwyk\u0142y, gdy\u017c by\u0142 to <b>moment wyzwolenia. <\/b><\/span><\/span><\/span><\/p>\n<p align=\"justify\"><span style=\"color: #000000;\"><span style=\"font-family: Book Antiqua, serif;\"><span style=\"font-size: large;\">To prawda \u2013 i to te\u017c warto dopowiedzie\u0107 \u2013 \u017ce ju\u017c po wyj\u015bciu Izraelit\u00f3w z Egiptu <b>faraon jeszcze raz zmieni\u0142 zdanie<\/b> i pop\u0119dzi\u0142 za nimi ze swoim wojskiem, ale wtedy Izraelici, <b>os\u0142aniani przez Boga,<\/b> <b>przeszli such\u0105 nog\u0105 przez morze,<\/b> a \u015bcigaj\u0105ce ich t\u0105 sam\u0105 drog\u0105 wojska egipskie <b>w tym\u017ce morzu poton\u0119\u0142y,<\/b> kiedy wody morskie powr\u00f3ci\u0142y na swoje miejsce. I to ju\u017c by\u0142o dla faraona \u2013 i chyba dla wszystkich, kt\u00f3rzy czytaj\u0105 opis tych wydarze\u0144 na przestrzeni tysi\u0105cleci \u2013 <b>dobitne potwierdzenie<\/b> prawdy, zawartej w najkr\u00f3tszym zdaniu dzisiejszego pierwszego czytania, a w\u0142a\u015bciwie w r\u00f3wnowa\u017cniku zdania: <i><b>Ja Pan. <\/b><\/i><\/span><\/span><\/span><\/p>\n<p align=\"justify\"><span style=\"color: #000000;\"><span style=\"font-family: Book Antiqua, serif;\"><span style=\"font-size: large;\">Kr\u00f3ciutkie stwierdzenie, a zawiera w sobie <b>ca\u0142\u0105 prawd\u0119 o <\/b><b>roli Boga<\/b> w opisywanych dzi\u015b wydarzeniach, i w ca\u0142ej historii narodu wybranego, i w ca\u0142ej w og\u00f3le historii cz\u0142owieka \u2013 <b>i tak\u017ce w naszej historii. <\/b>Jest w tych s\u0142owach zawarta ta prawda, kt\u00f3r\u0105 Jezus w Ewangelii wyrazi\u0142 dzi\u015b w s\u0142owach: <i><b>Syn Cz\u0142owieczy jest Panem szabatu.<\/b><\/i><b> <\/b><\/span><\/span><\/span><\/p>\n<p align=\"justify\"><span style=\"color: #000000;\"><span style=\"font-family: Book Antiqua, serif;\"><span style=\"font-size: large;\">Jak s\u0142yszeli\u015bmy, sprawa by\u0142a du\u017co mniejszego kalibru, ni\u017c ta, opisana w pierwszym czytaniu, <b>ale tak\u017ce by\u0142a wa\u017cna.<\/b> Przynajmniej w odbiorze faryzeusz\u00f3w, ale nie tylko ich, bo kwestia<b> przestrzegania szabatu by\u0142a kwesti\u0105 istotn\u0105<\/b> dla wszystkich \u00f3wczesnych cz\u0142onk\u00f3w narodu wybranego. I Jezus dzisiaj nie m\u00f3wi, \u017ce nale\u017cy \u00f3w szabat zlekcewa\u017cy\u0107,<b> ale \u017ce On, Jezus Chrystus, Bo\u017cy Syn, B\u00f3g Cz\u0142owiek \u2013 jest jego Panem. <\/b>Bo jest <b>jego Tw\u00f3rc\u0105. <\/b>Przecie\u017c to B\u00f3g ustanowi\u0142 szabat, a wi\u0119c oczywist\u0105 jest spraw\u0105, \u017ce jest ponad nim! Bo<b> nie mo\u017ce sam podlega\u0107 instytucji, kt\u00f3r\u0105 ustanowi\u0142. <\/b><\/span><\/span><\/span><\/p>\n<p align=\"justify\"><span style=\"color: #000000;\"><span style=\"font-family: Book Antiqua, serif;\"><span style=\"font-size: large;\">I tutaj uczy\u0144my pewn\u0105 analogi\u0119 \u2013 wa\u017cn\u0105 dla naszej wiedzy religijnej \u2013 \u017ce podobn\u0105 zasad\u0119 <b>przywo\u0142ali teolog<\/b><b>ow<\/b><b>ie,<\/b> kt\u00f3rych Ojciec \u015awi\u0119ty Benedykt XVI poprosi\u0142 w swoim czasie o opini\u0119 na temat <b>mo\u017cliwo\u015bci zbawienia male\u0144kich dzieci, kt\u00f3re z r\u00f3\u017cnych wzgl\u0119d\u00f3w nie zosta\u0142y przed \u015bmierci\u0105 ochrzczone,<\/b> w tym tak\u017ce tak zwanych <b>p\u0142od\u00f3w poronionych.<\/b> I w\u0142a\u015bnie do tej zasady teologowie si\u0119 zgodnie odwo\u0142ali, i\u017c <b>Pan sam mo\u017ce <\/b>doprowadzi\u0107 do zbawienia cz\u0142owieka, kt\u00f3ry nie zosta\u0142 ochrzczony. <\/span><\/span><\/span><\/p>\n<p align=\"justify\"><span style=\"color: #000000;\"><span style=\"font-family: Book Antiqua, serif;\"><span style=\"font-size: large;\">Chocia\u017c bowiem <b>Chrzest \u015awi\u0119ty jest w normalnych warunkach konieczny do zbawienia,<\/b> to jednak Pan mo\u017ce udzieli\u0107 skutk\u00f3w tego Sakramentu \u2013 <b>bez samego Sakramentu. Bo jest Panem Sakrament\u00f3w,<\/b> bo to On je ustanowi\u0142, dlatego nie mo\u017ce by\u0107 faktem ich udzielenia lub nieudzielenia w jakikolwiek spos\u00f3b ograniczony! <\/span><\/span><\/span><\/p>\n<p align=\"justify\"><span style=\"color: #000000;\"><span style=\"font-family: Book Antiqua, serif;\"><span style=\"font-size: large;\">Dlatego teologowie wypracowali <b>zgodn\u0105 opini\u0119, \u017ce istnieje uzasadniona nadzieja, <\/b>bardzo bliska pewno\u015bci, \u017ce takie dzieci zostan\u0105 zbawione. Absolutnej pewno\u015bci nie ma, bo <b>nie ma w Pi\u015bmie \u015awi\u0119tym ani jednego zdania,<\/b> kt\u00f3re by wprost t\u0119 kwesti\u0119 rozstrzyga\u0142o. Jednak <b>na podstawie<\/b> <b>og\u00f3lnego obrazu Boga,<\/b> kt\u00f3ry na pewno nie chce pot\u0119pienia niewinnej i bezbronnej istoty, jak\u0105 jest male\u0144kie dziecko, jeszcze nie\u015bwiadome swoich czyn\u00f3w i wybor\u00f3w, a ponadto \u2013 o czym m\u00f3wimy \u2013 poniewa\u017c <b>On jest Panem Sakrament\u00f3w,<\/b> Tw\u00f3rc\u0105 Ko\u015bcio\u0142a i jego zasad, przeto <b>nikt i nic nie mo\u017ce Mu stan\u0105\u0107 na przeszkodzie<\/b> w udzieleniu \u0142aski tym, kt\u00f3rzy nie ze swojej winy nie s\u0105 w stanie skorzysta\u0107 z tych Bo\u017cych dar\u00f3w, jakimi s\u0105 Sakramenty. <\/span><\/span><\/span><\/p>\n<p align=\"justify\"><span style=\"color: #000000;\"><span style=\"font-family: Book Antiqua, serif;\"><span style=\"font-size: large;\">I w ka\u017cdej innej sprawie \u2013 <b>w tym wszystkim, co dotyczy nas,<\/b> ludzi, i naszej codzienno\u015bci, naszego \u017cycia na tym \u015bwiecie, naszego pielgrzymowania przez doczesno\u015b\u0107 \u2013 mamy pami\u0119ta\u0107 i nosi\u0107 w sercu to <b>najg\u0142\u0119bsze przekonanie, \u017ce<\/b><b> Jezus Chrystus, Bo\u017cy Syn, jest Panem tego wszystkiego! <\/b>Dlatego bez wzgl\u0119du na to, co nas w tym \u017cyciu spotka \u2013 czy ze strony ludzi, czy w wyniku splotu r\u00f3\u017cnych wydarze\u0144 \u2013 niech<b> t<\/b><b>a pewno\u015b\u0107<\/b><b> zawsze <\/b><b>nam <\/b><b>towarzyszy: Bo\u017cy Syn jest Panem!<\/b> On \u2013 i Jego moc, i Jego \u0142aska \u2013 jest <b>ponad wszystkimi i wszystkim! <\/b><\/span><\/span><\/span><\/p>\n<p align=\"justify\"><span style=\"color: #000000;\"><span style=\"font-family: Book Antiqua, serif;\"><span style=\"font-size: large;\">Dlatego <b>ze wszystkim i zawsze<\/b> \u2013 mo\u017cemy si\u0119 zwraca\u0107 do Niego o pomoc! <b>Tylko do Niego!<\/b> Nigdy nie wolno nam dopu\u015bci\u0107 do swojej \u015bwiadomo\u015bci cho\u0107by cienia takiej my\u015bli, czy mo\u017ce takiej obawy, \u017ce kto\u015b lub co\u015b <b>jest nam w stanie trwale zaszkodzi\u0107, <\/b>czy wywr\u00f3ci\u0107 nam \u017cycie do g\u00f3ry nogami. Nie stanie si\u0119 tak, je\u017celi ci\u0105gle b\u0119dziemy sobie przypomina\u0107 i odwo\u0142ywa\u0107 do tej prawdy \u2013 i \u017cy\u0107 t\u0105 prawd\u0105! \u2013 \u017ce <b>Bo\u017cy Syn, Jezus Chrystus, jest Panem tego wszystkiego. <\/b><\/span><\/span><\/span><\/p>\n<p align=\"justify\"><span style=\"color: #000000;\"><span style=\"font-family: Book Antiqua, serif;\"><span style=\"font-size: large;\">Je\u015bli b\u0119dziemy ci\u0105gle wraca\u0107 do tego <b>stwierdzenia \u2013 jak\u017ce kr\u00f3tkiego, ale jak\u017ce dosadnego <\/b>\u2013 kt\u00f3re tak mocno wybrzmia\u0142o dzi\u015b w pierwszym czytaniu. <b>Niech ono ci\u0105gle wybrzmiewa<\/b> w naszych sercach i w naszych umys\u0142ach, szczeg\u00f3lnie w tych momentach<b> <\/b><b>najbardziej <\/b><b>wa\u017cnych i newralgicznych, <\/b>w momentach podejmowania przez nas istotnych decyzji i dokonywania moralnych wybor\u00f3w \u2013 niech to jasne i dosadne stwierdzenie wybrzmiewa w nas z ca\u0142\u0105 moc\u0105: <b>JA \u2013 PAN! <\/b><\/span><\/span><\/span><\/p>\n<p align=\"justify\"><span style=\"color: #000000;\"><span style=\"font-family: Book Antiqua, serif;\"><span style=\"font-size: large;\">Tak, jak wybrzmiewa\u0142o z wielk\u0105 moc\u0105 w \u017cyciu i pos\u0142udze Patrona dnia dzisiejszego, kt\u00f3rego mo\u017cemy \u2013 w liturgicznym wspomnieniu dowolnym \u2013 dzisiaj postawi\u0107 sobie za wz\u00f3r \u017cycia i codziennej pracy, czyli \u015awi\u0119tego Szymona z Lipnicy. Co o nim wiemy?<\/span><\/span><\/span><\/p>\n<p align=\"justify\"><span style=\"color: #000000;\"><span style=\"font-family: Book Antiqua, serif;\"><span style=\"font-size: large;\">Urodzi\u0142 si\u0119 <b>oko\u0142o <\/b><b>rok <\/b><b>1438 \u2013 1440, w Lipnicy.<\/b> Znane s\u0105 nam imiona jego rodzic\u00f3w: <b>Grzegorz i Anna. <\/b>Nie znamy natomiast ich nazwisk. Ojciec by\u0142 piekarzem. Fakt wys\u0142ania Szymona na studia uniwersyteckie wskazywa\u0142by <b>na<\/b> <b>pewn\u0105 zamo\u017cno\u015b\u0107 rodzic\u00f3w, <\/b>gdy\u017c to suponuje tak\u017ce uko\u0144czenie szk\u00f3\u0142 ni\u017cszych. Jednak <b>zamo\u017cno\u015b\u0107 ta by\u0142a wzgl\u0119dna, <\/b>skoro w 1454 roku Szymon wp\u0142aci\u0142 do kasy Akademii Krakowskiej zaledwie jeden grosz, a wi\u0119c zaledwie jedn\u0105 czwart\u0105 ju\u017c i tak skromnej rocznej op\u0142aty. <\/span><\/span><\/span><\/p>\n<p align=\"justify\"><span style=\"color: #000000;\"><span style=\"font-family: Book Antiqua, serif;\"><span style=\"font-size: large;\">Zapisa\u0142 si\u0119 na wydzia\u0142 nauk wyzwolonych \u2013 tak zwane: \u201eartium\u201d. By\u0142 to <b>wydzia\u0142 wst\u0119pny i najliczniej obstawiony,<\/b> gdy\u017c dawa\u0142 przygotowanie do trzech wydzia\u0142\u00f3w pozosta\u0142ych i udziela\u0142 najog\u00f3lniejszych wiadomo\u015bci z zakresu siedmiu nauk wyzwolonych. Akademi\u0119 Krakowsk\u0105 Szymon<b> uko\u0144czy\u0142 w roku 1457 \u2013<\/b> tytu\u0142em baka\u0142arza.<b> <\/b>W tym samym roku \u2013 wraz z dziesi\u0119cioma swoimi kolegami akademickimi \u2013 <b>wst\u0105pi\u0142 do bernardyn\u00f3w,<\/b> kt\u00f3rych cztery lata wcze\u015bniej sprowadzi\u0142 do Polski i za\u0142o\u017cy\u0142 ich pierwszy klasztor w Krakowie \u015awi\u0119ty Jan Kapistran. Niewykluczone, \u017ce Szymon<b> widzia\u0142 go i s\u0142ucha\u0142 osobi\u015bcie, <\/b>kiedy Jan przez osiem miesi\u0119cy przebywa\u0142 w Krakowie, na zaproszenie kr\u00f3la Kazimierza Jagiello\u0144czyka. <\/span><\/span><\/span><\/p>\n<p align=\"justify\"><span style=\"color: #000000;\"><span style=\"font-family: Book Antiqua, serif;\"><span style=\"font-size: large;\">Po roku nowicjatu Szymon <b>z\u0142o\u017cy\u0142 \u015bluby zakonne<\/b> \u2013 w roku 1458. W Krakowie odbywa\u0142 swoje studia teologiczne i <b>po roku 1460 otrzyma\u0142 <\/b><b>\u015a<\/b><b>wi\u0119cenia kap\u0142a\u0144skie. <\/b>Szymon musia\u0142 wyr\u00f3\u017cnia\u0107 si\u0119 cnot\u0105, wiedz\u0105 i powag\u0105, skoro ju\u017c w roku 1465 \u2013 w kilka lat po \u015awi\u0119ceniach \u2013 zosta\u0142 wybrany <b>G<\/b><b>wardianem konwentu w Tarnowie.<\/b> Z tego powodu wzi\u0105\u0142 udzia\u0142 w kapitule prowincji w Krakowie. <\/span><\/span><\/span><\/p>\n<p align=\"justify\"><span style=\"color: #000000;\"><span style=\"font-family: Book Antiqua, serif;\"><span style=\"font-size: large;\">W dwa lata p\u00f3\u017aniej <b>pe\u0142ni\u0142 w Krakowie urz\u0105d kaznodziei.<\/b> Urz\u0105d ten w Zakonie franciszka\u0144skim by\u0142 zawsze w wysokim powa\u017caniu. Wybierano na to stanowisko wyj\u0105tkowo zdolnych zakonnik\u00f3w. Wed\u0142ug relacji, jakie nam pozostawi\u0142y \u017ar\u00f3d\u0142a, Szymon by\u0142 <b>nie tylko kaznodziej\u0105 z urz\u0119du, ale przede wszystkim z powo\u0142ania.<\/b> Obowi\u0105zek ten mia\u0142 sprawowa\u0107 przez kilkana\u015bcie lat, bo a\u017c do \u015bmierci, czyli w latach 1467 \u2013 1482. <\/span><\/span><\/span><\/p>\n<p align=\"justify\"><span style=\"color: #000000;\"><span style=\"font-family: Book Antiqua, serif;\"><span style=\"font-size: large;\">Szymon by\u0142 <b>nie tylko kaznodziej\u0105 zakonnym,<\/b> ale przede wszystkim <b>katedralnym. <\/b>Dot\u0105d ten zaszczytny i odpowiedzialny urz\u0105d pe\u0142nili wy\u0142\u0105cznie dominikanie i profesorowie teologii Akademii Krakowskiej. Szymon by\u0142 pierwszym, kt\u00f3ry prze\u0142ama\u0142 t\u0119 tradycj\u0119 jako bernardyn. Kazania w katedrze wyg\u0142aszano <b>do elity umys\u0142owej Krakowa w j\u0119zyku \u0142aci\u0144skim. <\/b>To dowodzi, \u017ce Szymon doskonale opanowa\u0142 ten j\u0119zyk.<b> <\/b><\/span><\/span><\/span><\/p>\n<p align=\"justify\"><span style=\"color: #000000;\"><span style=\"font-family: Book Antiqua, serif;\"><span style=\"font-size: large;\">O wielkiej powadze, jak\u0105 cieszy\u0142 si\u0119 w\u015br\u00f3d swoich wsp\u00f3\u0142braci, \u015bwiadczy i to, \u017ce zosta\u0142 wybrany wraz z kilkunastoma innymi bernardynami <b>delegatem <\/b><b>P<\/b><b>rowincji polskiej,<\/b> aby uczestniczy\u0142 \u2013 w roku 1472 \u2013 <b>w uroczysto\u015bciach<\/b> <b>przeniesienia relikwii <\/b><b>\u015awi\u0119tego<\/b><b> Bernardyna<\/b> do nowego ko\u015bcio\u0142a, wystawionego ku jego czci w Akwilei.<b> <\/b><\/span><\/span><\/span><\/p>\n<p align=\"justify\"><span style=\"color: #000000;\"><span style=\"font-family: Book Antiqua, serif;\"><span style=\"font-size: large;\">W roku 1474 zosta\u0142 wybrany na kapitule Prowincji <b>dyskretem, czyli delegatem na kapitu\u0142\u0119 generaln\u0105<\/b> do Pawii. Wyruszy\u0142 na ni\u0105 wraz z \u00f3wczesnym Prowincja\u0142em, Chryzostomem z Ponieca, i Gwardianem z Krakowa, Marianem z Jeziorka. Przez pewien czas Szymon pe\u0142ni\u0142 tak\u017ce funkcj\u0119 <b>komisarza <\/b><b>P<\/b><b>rowincja\u0142a i w jego imieniu wizytowa\u0142<\/b> niekt\u00f3re konwenty Prowincji. <\/span><\/span><\/span><\/p>\n<p align=\"justify\"><span style=\"color: #000000;\"><span style=\"font-family: Book Antiqua, serif;\"><span style=\"font-size: large;\">Powa\u017cnym wydarzeniem w jego \u017cyciu by\u0142a<b> pielgrzymka do Ziemi \u015awi\u0119tej \u2013 <\/b><b>na prze\u0142omie roku<\/b><b> 1478 <\/b><b>i <\/b><b>1479.<\/b> Odby\u0142 j\u0105 korzystaj\u0105c z okazji, \u017ce by\u0142 uczestnikiem kapitu\u0142y generalnej w Pawii. Stamt\u0105d uda\u0142 si\u0119 do Ziemi Chrystusa Pana.<b> <\/b>W Zakonie odznacza\u0142 si\u0119 surowo\u015bci\u0105 \u017cycia, nabo\u017ce\u0144stwem do Naj\u015bwi\u0119tszego Sakramentu i Matki Bo\u017cej. <\/span><\/span><\/span><\/p>\n<p align=\"justify\"><span style=\"color: #000000;\"><span style=\"font-family: Book Antiqua, serif;\"><span style=\"font-size: large;\">Umar\u0142 \u2013 pos\u0142uguj\u0105c chorym podczas zarazy \u2013 <b>w Krakowie, 18 lipca 1482 r<\/b><b>oku<\/b><b>.<\/b> Pogrzeb odby\u0142 si\u0119 w tym samym dniu, w godzinach wieczornych. Cia\u0142o pochowano w ko\u015bciele klasztornym, pod wielkim o\u0142tarzem, umieszczaj\u0105c je wraz ze szcz\u0105tkami Tymoteusza i Bernardyna, zmar\u0142ych w opinii \u015bwi\u0119to\u015bci. W 1488 roku, B\u0142ogos\u0142awiony W\u0142adys\u0142aw z Gielniowa, sprawuj\u0105cy w\u00f3wczas funkcj\u0119 Prowincja\u0142a, na podstawie specjalnego breve<i><b> <\/b><\/i>Papie\u017ca Innocentego VIII, dokona\u0142 <b>przeniesienia relikwii Szymona do osobnej kaplicy ko\u015bcio\u0142a,<\/b> co by\u0142o w\u00f3wczas uwa\u017cane za formaln\u0105 Beatyfikacj\u0119. Odt\u0105d bowiem mo\u017cna by\u0142o s\u0142udze Bo\u017cemu oddawa\u0107 cze\u015b\u0107 publiczn\u0105. <\/span><\/span><\/span><\/p>\n<p align=\"justify\"><span style=\"color: #000000;\"><span style=\"font-family: Book Antiqua, serif;\"><span style=\"font-size: large;\">Grobowiec Szymona <b>nawiedzali liczni pielgrzymi, <\/b>a nagromadzone wota by\u0142y dowodem jego skutecznego or\u0119downictwa. Zaraz po jego \u015bmierci mia\u0142o miejsce <b>a\u017c <\/b><b>trzysta siedemdziesi\u0105t siedem<\/b><b> cudownych uzdrowie\u0144 i \u0142ask! <\/b>D\u0142ugie zabiegi o formaln\u0105 Beatyfikacj\u0119 dosz\u0142y do skutku. 24 lutego 1685 roku, B\u0142ogos\u0142awiony Innocenty XI og\u0142osi\u0142 dekret beatyfikacyjny. Dnia<b> 3 czerwca 2007 r<\/b><b>oku,<\/b><b> <\/b><b>P<\/b><b>apie\u017c Benedykt XVI kanonizowa\u0142 Szymona z Lipnicy. <\/b><\/span><\/span><\/span><\/p>\n<p align=\"justify\"><span style=\"color: #000000;\"><span style=\"font-family: Book Antiqua, serif;\"><span style=\"font-size: large;\">A my, wpatruj\u0105c si\u0119 w \u015bwietlany przyk\u0142ad jego \u015bwi\u0119to\u015bci, a tak\u017ce ws\u0142uchuj\u0105c si\u0119 w Bo\u017ce s\u0142owo dzisiejszej liturgii, zapytajmy raz jeszcze, czy <b>Jezus jest dla nas naprawd\u0119 PANEM? <\/b>A je\u015bli tak, to po czym to konkretnie wida\u0107? Po czym to b\u0119dzie mo\u017cna dzisiaj zobaczy\u0107?\u2026 <\/span><\/span><\/span><\/p>\n","protected":false},"excerpt":{"rendered":"<p>Szcz\u0119\u015b\u0107 Bo\u017ce! Moi Drodzy, w dniu dzisiejszym imieniny prze\u017cywa m\u00f3j Szwagier, Kamil Nied\u017awiedzki. Dzi\u0119kuj\u0105c za przyja\u017a\u0144, wsparcie i wielorak\u0105 pomoc, \u017cycz\u0119, aby ka\u017cdego dnia coraz bardziej spe\u0142nia\u0142 si\u0119 w roli M\u0119\u017ca, Ojca, Szwagra \u2013 i w ka\u017cdej roli, w jakiej Pan ju\u017c Go postawi\u0142, a jeszcze postawi w przysz\u0142o\u015bci. Niech daje Mu jak najwi\u0119cej dobrych [&hellip;]<\/p>\n","protected":false},"author":1,"featured_media":0,"comment_status":"open","ping_status":"open","sticky":false,"template":"","format":"standard","meta":{"jetpack_post_was_ever_published":false,"_jetpack_newsletter_access":"","_jetpack_dont_email_post_to_subs":false,"_jetpack_newsletter_tier_id":0,"_jetpack_memberships_contains_paywalled_content":false,"_jetpack_memberships_contains_paid_content":false,"footnotes":""},"categories":[1],"tags":[],"class_list":["post-24006","post","type-post","status-publish","format-standard","hentry","category-bez-kategorii"],"yoast_head":"<!-- This site is optimized with the Yoast SEO plugin v25.1 - https:\/\/yoast.com\/wordpress\/plugins\/seo\/ -->\n<title>Ja - Pan! - Gaudium Et Spes<\/title>\n<meta name=\"robots\" content=\"index, follow, max-snippet:-1, max-image-preview:large, max-video-preview:-1\" \/>\n<link rel=\"canonical\" href=\"https:\/\/gaudiumetspes-blog.pl\/index.php\/2025\/07\/18\/ja-pan-3\/\" \/>\n<meta property=\"og:locale\" content=\"pl_PL\" \/>\n<meta property=\"og:type\" content=\"article\" \/>\n<meta property=\"og:title\" content=\"Ja - Pan! - Gaudium Et Spes\" \/>\n<meta property=\"og:description\" content=\"Szcz\u0119\u015b\u0107 Bo\u017ce! Moi Drodzy, w dniu dzisiejszym imieniny prze\u017cywa m\u00f3j Szwagier, Kamil Nied\u017awiedzki. Dzi\u0119kuj\u0105c za przyja\u017a\u0144, wsparcie i wielorak\u0105 pomoc, \u017cycz\u0119, aby ka\u017cdego dnia coraz bardziej spe\u0142nia\u0142 si\u0119 w roli M\u0119\u017ca, Ojca, Szwagra \u2013 i w ka\u017cdej roli, w jakiej Pan ju\u017c Go postawi\u0142, a jeszcze postawi w przysz\u0142o\u015bci. Niech daje Mu jak najwi\u0119cej dobrych [&hellip;]\" \/>\n<meta property=\"og:url\" content=\"https:\/\/gaudiumetspes-blog.pl\/index.php\/2025\/07\/18\/ja-pan-3\/\" \/>\n<meta property=\"og:site_name\" content=\"Gaudium Et Spes\" \/>\n<meta property=\"article:published_time\" content=\"2025-07-18T07:21:48+00:00\" \/>\n<meta name=\"author\" content=\"Ks. Jacek\" \/>\n<meta name=\"twitter:card\" content=\"summary_large_image\" \/>\n<meta name=\"twitter:label1\" content=\"Napisane przez\" \/>\n\t<meta name=\"twitter:data1\" content=\"Ks. Jacek\" \/>\n\t<meta name=\"twitter:label2\" content=\"Szacowany czas czytania\" \/>\n\t<meta name=\"twitter:data2\" content=\"16 minut\" \/>\n<script type=\"application\/ld+json\" class=\"yoast-schema-graph\">{\"@context\":\"https:\/\/schema.org\",\"@graph\":[{\"@type\":\"WebPage\",\"@id\":\"https:\/\/gaudiumetspes-blog.pl\/index.php\/2025\/07\/18\/ja-pan-3\/\",\"url\":\"https:\/\/gaudiumetspes-blog.pl\/index.php\/2025\/07\/18\/ja-pan-3\/\",\"name\":\"Ja - Pan! - Gaudium Et Spes\",\"isPartOf\":{\"@id\":\"https:\/\/gaudiumetspes-blog.pl\/#website\"},\"datePublished\":\"2025-07-18T07:21:48+00:00\",\"author\":{\"@id\":\"https:\/\/gaudiumetspes-blog.pl\/#\/schema\/person\/1661982992b752dea8dff0d4ed845a65\"},\"breadcrumb\":{\"@id\":\"https:\/\/gaudiumetspes-blog.pl\/index.php\/2025\/07\/18\/ja-pan-3\/#breadcrumb\"},\"inLanguage\":\"pl-PL\",\"potentialAction\":[{\"@type\":\"ReadAction\",\"target\":[\"https:\/\/gaudiumetspes-blog.pl\/index.php\/2025\/07\/18\/ja-pan-3\/\"]}]},{\"@type\":\"BreadcrumbList\",\"@id\":\"https:\/\/gaudiumetspes-blog.pl\/index.php\/2025\/07\/18\/ja-pan-3\/#breadcrumb\",\"itemListElement\":[{\"@type\":\"ListItem\",\"position\":1,\"name\":\"Strona g\u0142\u00f3wna\",\"item\":\"https:\/\/gaudiumetspes-blog.pl\/\"},{\"@type\":\"ListItem\",\"position\":2,\"name\":\"Ja &#8211; Pan!\"}]},{\"@type\":\"WebSite\",\"@id\":\"https:\/\/gaudiumetspes-blog.pl\/#website\",\"url\":\"https:\/\/gaudiumetspes-blog.pl\/\",\"name\":\"Gaudium Et Spes\",\"description\":\"Blog Ks. Jacka Ja\u015bkowskiego\",\"potentialAction\":[{\"@type\":\"SearchAction\",\"target\":{\"@type\":\"EntryPoint\",\"urlTemplate\":\"https:\/\/gaudiumetspes-blog.pl\/?s={search_term_string}\"},\"query-input\":{\"@type\":\"PropertyValueSpecification\",\"valueRequired\":true,\"valueName\":\"search_term_string\"}}],\"inLanguage\":\"pl-PL\"},{\"@type\":\"Person\",\"@id\":\"https:\/\/gaudiumetspes-blog.pl\/#\/schema\/person\/1661982992b752dea8dff0d4ed845a65\",\"name\":\"Ks. Jacek\",\"image\":{\"@type\":\"ImageObject\",\"inLanguage\":\"pl-PL\",\"@id\":\"https:\/\/gaudiumetspes-blog.pl\/#\/schema\/person\/image\/\",\"url\":\"https:\/\/gaudiumetspes-blog.pl\/wp-content\/uploads\/2019\/07\/avatar-JJ-150x150.jpg\",\"contentUrl\":\"https:\/\/gaudiumetspes-blog.pl\/wp-content\/uploads\/2019\/07\/avatar-JJ-150x150.jpg\",\"caption\":\"Ks. Jacek\"},\"description\":\"Witam serdecznie! K\u0142ania si\u0119 Ks. Jacek Ja\u015bkowski. Nie jestem ani kim\u015b wa\u017cnym, ani kim\u015b znanym. Jestem ksi\u0119dzem, kt\u00f3ry po prostu chce rozmawia\u0107. Codzienna kap\u0142a\u0144ska pos\u0142uga pokazuje mi, \u017ce temat\u00f3w do rozm\u00f3w z ksi\u0119dzem jest coraz wi\u0119cej i dzisiaj \u017caden ksi\u0105dz nie mo\u017ce od nich ucieka\u0107, ale - wprost przeciwnie - podejmowa\u0107 nowe wyzwania. To przekonanie sk\u0142oni\u0142o mnie do pr\u00f3by otwarcia tego\u017c bloga, chocia\u017c okazji do rozm\u00f3w na co dzie\u0144 - w konfesjonale i poza nim - na szcz\u0119\u015bcie nie brakuje. My\u015bl\u0119 jednak, \u017ce ten blog b\u0119dzie jeszcze jednym sposobem i przestrzeni\u0105 nawi\u0105zania kontaktu z lud\u017ami dobrej woli, otwartymi na dialog.\",\"url\":\"https:\/\/gaudiumetspes-blog.pl\/index.php\/author\/ks-jacek\/\"}]}<\/script>\n<!-- \/ Yoast SEO plugin. -->","yoast_head_json":{"title":"Ja - Pan! - Gaudium Et Spes","robots":{"index":"index","follow":"follow","max-snippet":"max-snippet:-1","max-image-preview":"max-image-preview:large","max-video-preview":"max-video-preview:-1"},"canonical":"https:\/\/gaudiumetspes-blog.pl\/index.php\/2025\/07\/18\/ja-pan-3\/","og_locale":"pl_PL","og_type":"article","og_title":"Ja - Pan! - Gaudium Et Spes","og_description":"Szcz\u0119\u015b\u0107 Bo\u017ce! Moi Drodzy, w dniu dzisiejszym imieniny prze\u017cywa m\u00f3j Szwagier, Kamil Nied\u017awiedzki. Dzi\u0119kuj\u0105c za przyja\u017a\u0144, wsparcie i wielorak\u0105 pomoc, \u017cycz\u0119, aby ka\u017cdego dnia coraz bardziej spe\u0142nia\u0142 si\u0119 w roli M\u0119\u017ca, Ojca, Szwagra \u2013 i w ka\u017cdej roli, w jakiej Pan ju\u017c Go postawi\u0142, a jeszcze postawi w przysz\u0142o\u015bci. Niech daje Mu jak najwi\u0119cej dobrych [&hellip;]","og_url":"https:\/\/gaudiumetspes-blog.pl\/index.php\/2025\/07\/18\/ja-pan-3\/","og_site_name":"Gaudium Et Spes","article_published_time":"2025-07-18T07:21:48+00:00","author":"Ks. Jacek","twitter_card":"summary_large_image","twitter_misc":{"Napisane przez":"Ks. Jacek","Szacowany czas czytania":"16 minut"},"schema":{"@context":"https:\/\/schema.org","@graph":[{"@type":"WebPage","@id":"https:\/\/gaudiumetspes-blog.pl\/index.php\/2025\/07\/18\/ja-pan-3\/","url":"https:\/\/gaudiumetspes-blog.pl\/index.php\/2025\/07\/18\/ja-pan-3\/","name":"Ja - Pan! - Gaudium Et Spes","isPartOf":{"@id":"https:\/\/gaudiumetspes-blog.pl\/#website"},"datePublished":"2025-07-18T07:21:48+00:00","author":{"@id":"https:\/\/gaudiumetspes-blog.pl\/#\/schema\/person\/1661982992b752dea8dff0d4ed845a65"},"breadcrumb":{"@id":"https:\/\/gaudiumetspes-blog.pl\/index.php\/2025\/07\/18\/ja-pan-3\/#breadcrumb"},"inLanguage":"pl-PL","potentialAction":[{"@type":"ReadAction","target":["https:\/\/gaudiumetspes-blog.pl\/index.php\/2025\/07\/18\/ja-pan-3\/"]}]},{"@type":"BreadcrumbList","@id":"https:\/\/gaudiumetspes-blog.pl\/index.php\/2025\/07\/18\/ja-pan-3\/#breadcrumb","itemListElement":[{"@type":"ListItem","position":1,"name":"Strona g\u0142\u00f3wna","item":"https:\/\/gaudiumetspes-blog.pl\/"},{"@type":"ListItem","position":2,"name":"Ja &#8211; Pan!"}]},{"@type":"WebSite","@id":"https:\/\/gaudiumetspes-blog.pl\/#website","url":"https:\/\/gaudiumetspes-blog.pl\/","name":"Gaudium Et Spes","description":"Blog Ks. Jacka Ja\u015bkowskiego","potentialAction":[{"@type":"SearchAction","target":{"@type":"EntryPoint","urlTemplate":"https:\/\/gaudiumetspes-blog.pl\/?s={search_term_string}"},"query-input":{"@type":"PropertyValueSpecification","valueRequired":true,"valueName":"search_term_string"}}],"inLanguage":"pl-PL"},{"@type":"Person","@id":"https:\/\/gaudiumetspes-blog.pl\/#\/schema\/person\/1661982992b752dea8dff0d4ed845a65","name":"Ks. Jacek","image":{"@type":"ImageObject","inLanguage":"pl-PL","@id":"https:\/\/gaudiumetspes-blog.pl\/#\/schema\/person\/image\/","url":"https:\/\/gaudiumetspes-blog.pl\/wp-content\/uploads\/2019\/07\/avatar-JJ-150x150.jpg","contentUrl":"https:\/\/gaudiumetspes-blog.pl\/wp-content\/uploads\/2019\/07\/avatar-JJ-150x150.jpg","caption":"Ks. Jacek"},"description":"Witam serdecznie! K\u0142ania si\u0119 Ks. Jacek Ja\u015bkowski. Nie jestem ani kim\u015b wa\u017cnym, ani kim\u015b znanym. Jestem ksi\u0119dzem, kt\u00f3ry po prostu chce rozmawia\u0107. Codzienna kap\u0142a\u0144ska pos\u0142uga pokazuje mi, \u017ce temat\u00f3w do rozm\u00f3w z ksi\u0119dzem jest coraz wi\u0119cej i dzisiaj \u017caden ksi\u0105dz nie mo\u017ce od nich ucieka\u0107, ale - wprost przeciwnie - podejmowa\u0107 nowe wyzwania. To przekonanie sk\u0142oni\u0142o mnie do pr\u00f3by otwarcia tego\u017c bloga, chocia\u017c okazji do rozm\u00f3w na co dzie\u0144 - w konfesjonale i poza nim - na szcz\u0119\u015bcie nie brakuje. My\u015bl\u0119 jednak, \u017ce ten blog b\u0119dzie jeszcze jednym sposobem i przestrzeni\u0105 nawi\u0105zania kontaktu z lud\u017ami dobrej woli, otwartymi na dialog.","url":"https:\/\/gaudiumetspes-blog.pl\/index.php\/author\/ks-jacek\/"}]}},"jetpack_featured_media_url":"","jetpack_sharing_enabled":true,"_links":{"self":[{"href":"https:\/\/gaudiumetspes-blog.pl\/index.php\/wp-json\/wp\/v2\/posts\/24006","targetHints":{"allow":["GET"]}}],"collection":[{"href":"https:\/\/gaudiumetspes-blog.pl\/index.php\/wp-json\/wp\/v2\/posts"}],"about":[{"href":"https:\/\/gaudiumetspes-blog.pl\/index.php\/wp-json\/wp\/v2\/types\/post"}],"author":[{"embeddable":true,"href":"https:\/\/gaudiumetspes-blog.pl\/index.php\/wp-json\/wp\/v2\/users\/1"}],"replies":[{"embeddable":true,"href":"https:\/\/gaudiumetspes-blog.pl\/index.php\/wp-json\/wp\/v2\/comments?post=24006"}],"version-history":[{"count":1,"href":"https:\/\/gaudiumetspes-blog.pl\/index.php\/wp-json\/wp\/v2\/posts\/24006\/revisions"}],"predecessor-version":[{"id":24007,"href":"https:\/\/gaudiumetspes-blog.pl\/index.php\/wp-json\/wp\/v2\/posts\/24006\/revisions\/24007"}],"wp:attachment":[{"href":"https:\/\/gaudiumetspes-blog.pl\/index.php\/wp-json\/wp\/v2\/media?parent=24006"}],"wp:term":[{"taxonomy":"category","embeddable":true,"href":"https:\/\/gaudiumetspes-blog.pl\/index.php\/wp-json\/wp\/v2\/categories?post=24006"},{"taxonomy":"post_tag","embeddable":true,"href":"https:\/\/gaudiumetspes-blog.pl\/index.php\/wp-json\/wp\/v2\/tags?post=24006"}],"curies":[{"name":"wp","href":"https:\/\/api.w.org\/{rel}","templated":true}]}}