{"id":24008,"date":"2025-07-19T02:26:41","date_gmt":"2025-07-19T00:26:41","guid":{"rendered":"https:\/\/gaudiumetspes-blog.pl\/?p=24008"},"modified":"2025-07-19T02:26:41","modified_gmt":"2025-07-19T00:26:41","slug":"czasami-trzeba-odejsc","status":"publish","type":"post","link":"https:\/\/gaudiumetspes-blog.pl\/index.php\/2025\/07\/19\/czasami-trzeba-odejsc\/","title":{"rendered":"Czasami trzeba odej\u015b\u0107!"},"content":{"rendered":"<p align=\"justify\"><span style=\"color: #000000;\"><span style=\"font-family: Book Antiqua, serif;\"><span style=\"font-size: large;\">Szcz\u0119\u015b\u0107 Bo\u017ce! Drodzy moi, pozdrawiam z Lublina, sk\u0105d przed 9:00 wyrusz\u0119 \u2013 wraz z Szymonem Sal\u0105, wczorajszym Solenizantem, Wiceliderem FORMACJI \u00abSPE SALVI\u00bb, Cz\u0142owiekiem bardzo mi bliskim \u2013 do Sanktuarium Relikwii Krzy\u017ca \u015awi\u0119tego na \u015awi\u0119tym Krzy\u017cu. Jest to Sanktuarium, prowadzone przez Ojc\u00f3w Oblat\u00f3w, czyli tych Zakonnik\u00f3w, kt\u00f3rzy opiekuj\u0105 si\u0119 Sanktuarium w Kodniu. <\/span><\/span><\/span><\/p>\n<p align=\"justify\"><span style=\"color: #000000;\"><span style=\"font-family: Book Antiqua, serif;\"><span style=\"font-size: large;\">I to w\u0142a\u015bnie w Kodniu pozna\u0142em przed laty Ojca Stanis\u0142awa Jankowicza, wieloletniego Misjonarza, kt\u00f3ry teraz pos\u0142uguje na \u015awi\u0119tym Krzy\u017cu. Ojciec Stanis\u0142aw ju\u017c od d\u0142u\u017cszego czasu zaprasza i zach\u0119ca \u2013 przy ka\u017cdej naszej telefonicznej rozmowie \u2013 abym si\u0119 wreszcie wybra\u0142 na to \u015bwi\u0119te Miejsce. Za ka\u017cdym razem obiecuj\u0119, \u017ce kiedy\u015b si\u0119 wybior\u0119, ale postanowi\u0142em, \u017ce w tym roku \u2013 w\u0142a\u015bnie dzisiaj \u2013 najwy\u017cszy czas doprowadzi\u0107 to do skutku. <\/span><\/span><\/span><\/p>\n<p align=\"justify\"><span style=\"color: #000000;\"><span style=\"font-family: Book Antiqua, serif;\"><span style=\"font-size: large;\">Pocz\u0105tkowo nikt nie planowa\u0142 jecha\u0107 ze mn\u0105, ale wczorajszo \u2013 dzisiejsza rozmowa z Szymonem zako\u0144czy\u0142a si\u0119 ustaleniem, \u017ce jednak jedziemy razem. Mamy kilka wa\u017cnych spraw do przegadania i kilka intencji do przemodlenia. I to w\u0142a\u015bnie w tych intencjach b\u0119dziemy pielgrzymowa\u0107. A ja nie musz\u0119 chyba zapewnia\u0107 Was, \u017ce wpatruj\u0105c si\u0119 w Relikwie Krzy\u017ca \u015awi\u0119tego \u2013 b\u0119d\u0119 pami\u0119ta\u0142 o Was! <\/span><\/span><\/span><\/p>\n<p align=\"justify\"><span style=\"color: #000000;\"><span style=\"font-family: Book Antiqua, serif;\"><span style=\"font-size: large;\">Teraz za\u015b ju\u017c pochylmy si\u0119 nad Bo\u017cym s\u0142owem dzisiejszej liturgii. Oto s\u0142\u00f3wko Ksi\u0119dza Marka na dzi\u015b:<\/span><\/span><\/span><\/p>\n<p align=\"justify\"><span style=\"color: #000000;\"><span style=\"font-family: Book Antiqua, serif;\"><span style=\"font-size: medium;\"><a href=\"https:\/\/www.youtube.com\/c\/CatholicSurgut\"><span style=\"font-size: large;\"><span lang=\"zxx\"><u><b>https:\/\/www.youtube.com\/c\/CatholicSurgut<\/b><\/u><\/span><\/span><\/a><\/span><\/span><\/span><\/p>\n<p align=\"justify\"><span style=\"color: #000000;\"><span style=\"font-family: Book Antiqua, serif;\"><span style=\"font-size: large;\">Poni\u017cej za\u015b \u2013 s\u0142\u00f3wko Kacpra! Bardzo dzi\u0119kuj\u0119 za jego przygotowanie \u2013 jak co sobot\u0119. A szczeg\u00f3lnie za to, \u017ce w ka\u017cdym z nich Kacper odwa\u017cnie podejmuje jaki\u015b konkretny problem, daje jakie\u015b bardzo konkretne rady, dotycz\u0105ce \u017cycia duchowego i chrze\u015bcija\u0144skiej postawy. Dzisiaj tak\u0105 konkretn\u0105 rad\u0105 jest ta, aby nie zmienia\u0107 na si\u0142\u0119 tego, czego si\u0119 zmienia\u0107 nie da, tylko \u2013 za Jezusem i z Nim \u2013 odej\u015b\u0107 z tego miejsca czy tej sytuacji i p\u00f3j\u015b\u0107 tam, dok\u0105d Jezus wska\u017ce. To do\u015b\u0107 odwa\u017cna rada i \u2013 mo\u017cna przypuszcza\u0107 \u2013 nie wszystkim mo\u017ce przypadnie do gustu. <\/span><\/span><\/span><\/p>\n<p align=\"justify\"><span style=\"color: #000000;\"><span style=\"font-family: Book Antiqua, serif;\"><span style=\"font-size: large;\">Tym bardziej dzi\u0119kuj\u0119 Kacprowi za to, \u017ce ma odwag\u0119 tak jasno i precyzyjnie wyra\u017ca\u0107 swoje zdania, do kt\u00f3rych jest przekonany, nie zwa\u017caj\u0105c na ewentualne krytyki lub protesty. Mo\u017ce ich dzisiaj nie b\u0119dzie, ale temat na pewno jest\u2026 przynajmniej do dyskusji. Zach\u0119cam do niej, tak swoj\u0105 drog\u0105! Do wyra\u017cania swoich opinii, dzielenia si\u0119 swoimi przemy\u015bleniami.<\/span><\/span><\/span><\/p>\n<p align=\"justify\"><span style=\"color: #000000;\"><span style=\"font-family: Book Antiqua, serif;\"><span style=\"font-size: large;\">A Kacprowi raz jeszcze dzi\u0119kuj\u0119! Zach\u0119cam jednocze\u015bnie Was, Drodzy moi, do tego, by dzisiejsze s\u0142\u00f3wko Kacpra nie tylko przeczyta\u0107, ale i go w skupieniu pos\u0142ucha\u0107 tego i innych s\u0142\u00f3wek:<\/span><\/span><\/span><\/p>\n<p align=\"justify\"><span style=\"color: #000000;\"><span style=\"font-family: Book Antiqua, serif;\"><span style=\"font-size: medium;\"><a href=\"https:\/\/www.youtube.com\/@kacpergrandczech\"><span style=\"font-size: large;\"><span lang=\"zxx\"><u><b>https:\/\/www.youtube.com\/@kacpergrandczech<\/b><\/u><\/span><\/span><\/a><b> <\/b><\/span><\/span><\/span><\/p>\n<p align=\"justify\"><span style=\"color: #000000;\"><span style=\"font-family: Book Antiqua, serif;\"><span style=\"font-size: large;\">Zatem, jakie jest<b> <\/b><b>to jedno, <\/b><b>konkretne<\/b><b> przes\u0142anie, z jakim Pan dzi\u015b do mnie si\u0119 zwraca? <\/b>Niech Duch \u015awi\u0119ty rozja\u015bni nasze umys\u0142y i wzmocni serca!<\/span><\/span><\/span><\/p>\n<p align=\"justify\"><span style=\"color: #000000;\"><span style=\"font-family: Book Antiqua, serif;\"><span style=\"font-size: large;\"><b>Niech Was b\u0142ogos\u0142awi B\u00f3g Wszechmog\u0105cy: Ojciec + i Syn, i Duch \u015awi\u0119ty. Amen<\/b><\/span><\/span><\/span><\/p>\n<p align=\"center\"><span style=\"color: #000000;\"><span style=\"font-family: Book Antiqua, serif;\"><span style=\"font-size: large;\">Gaudium et spes! Ks. Jacek<\/span><\/span><\/span><\/p>\n<p align=\"center\">\n<p align=\"center\">\n<p align=\"center\">\n<p align=\"center\">\n<p align=\"center\">\n<p align=\"justify\"><span style=\"color: #000000;\"><span style=\"font-family: Book Antiqua, serif;\"><span style=\"font-size: large;\"><b>Sobota 15 Tygodnia zwyk\u0142ego, rok I,<\/b><\/span><\/span><\/span><\/p>\n<p align=\"justify\"><span style=\"color: #000000;\"><span style=\"font-family: Book Antiqua, serif;\"><span style=\"font-size: large;\"><b>19 lipca 2025.,\u00a0<\/b><\/span><\/span><\/span><\/p>\n<p align=\"justify\"><span style=\"color: #000000;\"><span style=\"font-family: Book Antiqua, serif;\"><span style=\"font-size: large;\"><b>do czyta\u0144: Wj 12,37\u201342; Mt 12,14\u201321<\/b><\/span><\/span><\/span><\/p>\n<p align=\"justify\">\n<p align=\"justify\">\n<p align=\"justify\">\n<p align=\"justify\">\n<p align=\"justify\">\n<p align=\"justify\"><span style=\"color: #000000;\"><span style=\"font-family: Book Antiqua, serif;\"><span style=\"font-size: large;\"><b>CZYTANIE Z KSI\u0118GI WYJ\u015aCIA:<\/b><\/span><\/span><\/span><\/p>\n<p align=\"justify\"><span style=\"color: #000000;\"><span style=\"font-family: Book Antiqua, serif;\"><span style=\"font-size: large;\"><b>Synowie Izraela wyruszyli z Ramses ku Sukkot w liczbie oko\u0142o sze\u015bciuset tysi\u0119cy m\u0119\u017c\u00f3w pieszych, pr\u00f3cz dzieci. Tak\u017ce wielkie mn\u00f3stwo cudzoziemc\u00f3w wyruszy\u0142o z nimi, nadto owce i wo\u0142y, i olbrzymi dobytek. Z ciasta, kt\u00f3re wynie\u015bli z Egiptu, wypiekli niekwaszone placki, poniewa\u017c si\u0119 nie zakwasi\u0142o. Wyp\u0119dzeni z Egiptu bez najmniejszej zw\u0142oki, nie zdo\u0142ali przygotowa\u0107 nawet zapas\u00f3w na drog\u0119.<\/b><\/span><\/span><\/span><\/p>\n<p align=\"justify\"><span style=\"color: #000000;\"><span style=\"font-family: Book Antiqua, serif;\"><span style=\"font-size: large;\"><b>A czas pobytu syn\u00f3w Izraela w Egipcie trwa\u0142 czterysta trzydzie\u015bci lat. I oto tego samego dnia, po up\u0142ywie czterystu trzydziestu lat, wysz\u0142y wszystkie zast\u0119py Pana z ziemi egipskiej. Tej nocy czuwa\u0142 Pan nad wyj\u015bciem syn\u00f3w Izraela z ziemi egipskiej. Dlatego noc ta winna by\u0107 czuwaniem na cze\u015b\u0107 Pana dla wszystkich syn\u00f3w Izraela po wszystkie pokolenia.<\/b><\/span><\/span><\/span><\/p>\n<p align=\"justify\">\n<p align=\"justify\">\n<p align=\"justify\">\n<p align=\"justify\">\n<p align=\"justify\">\n<p align=\"justify\"><span style=\"color: #000000;\"><span style=\"font-family: Book Antiqua, serif;\"><span style=\"font-size: large;\"><b>S\u0141OWA EWANGELII WED\u0141UG \u015aWI\u0118TEGO MATEUSZA:<\/b><\/span><\/span><\/span><\/p>\n<p align=\"justify\"><span style=\"color: #000000;\"><span style=\"font-family: Book Antiqua, serif;\"><span style=\"font-size: large;\"><b>Faryzeusze wyszli i odbyli narad\u0119 przeciw Jezusowi, w jaki spos\u00f3b Go zg\u0142adzi\u0107. <\/b><\/span><\/span><\/span><\/p>\n<p align=\"justify\"><span style=\"color: #000000;\"><span style=\"font-family: Book Antiqua, serif;\"><span style=\"font-size: large;\"><b>Gdy Jezus dowiedzia\u0142 si\u0119 o tym, oddali\u0142 si\u0119 stamt\u0105d. A wielu posz\u0142o za Nim i uzdrowi\u0142 ich wszystkich. Lecz im surowo zabroni\u0142, \u017ceby Go nie ujawniali. Tak mia\u0142o si\u0119 spe\u0142ni\u0107 s\u0142owo proroka Izajasza: <\/b><\/span><\/span><\/span><\/p>\n<p align=\"justify\"><span style=\"color: #000000;\">\u201e<span style=\"font-family: Book Antiqua, serif;\"><span style=\"font-size: large;\"><b>Oto m\u00f3j S\u0142uga, kt\u00f3rego wybra\u0142em, umi\u0142owany m\u00f3j, w kt\u00f3rym moje serce ma upodobanie. Po\u0142o\u017c\u0119 ducha mojego na Nim, a On zapowie prawo narodom. Nie b\u0119dzie si\u0119 spiera\u0142 ani krzycza\u0142, i nikt nie us\u0142yszy na ulicach Jego g\u0142osu. Trzciny zgniecionej nie z\u0142amie ani knota tlej\u0105cego nie dogasi, a\u017c zwyci\u0119sko s\u0105d przeprowadzi. W Jego imieniu narody nadziej\u0119 pok\u0142ada\u0107 b\u0119d\u0105\u201d.<\/b><\/span><\/span><\/span><\/p>\n<p align=\"justify\">\n<p align=\"justify\">\n<p align=\"justify\">\n<p align=\"justify\">\n<p align=\"justify\">\n<p align=\"center\"><span style=\"color: #000000;\"><span style=\"font-family: Book Antiqua, serif;\"><span style=\"font-size: large;\"><b>A OTO S\u0141\u00d3WKO KACPRA:<\/b><\/span><\/span><\/span><\/p>\n<p align=\"center\">\n<p align=\"center\">\n<p align=\"center\">\n<p align=\"center\">\n<p align=\"center\">\n<p align=\"justify\"><span style=\"font-family: Book Antiqua, serif;\"><span style=\"font-size: large;\"><span lang=\"pl-PL\"><span style=\"color: #000000;\">Dzisiaj motywem przewodnim obu powy\u017cszych fragment\u00f3w jest motyw <\/span><\/span><\/span><span style=\"font-size: large;\"><span lang=\"pl-PL\">WYJ\u015aCIA<\/span><\/span><span style=\"font-size: large;\"><span lang=\"pl-PL\">. W<\/span><\/span><span style=\"font-size: large;\"><span lang=\"pl-PL\"> pierwszym czytaniu <\/span><\/span><span style=\"font-size: large;\"><span lang=\"pl-PL\">s\u0142yszymy,<\/span><\/span><span style=\"font-size: large;\"><span lang=\"pl-PL\"> jak nar\u00f3d <\/span><\/span><span style=\"font-size: large;\"><span lang=\"pl-PL\">i<\/span><\/span><span style=\"font-size: large;\"><span lang=\"pl-PL\">zraelski wychodzi z niewoli <\/span><\/span><span style=\"font-size: large;\"><span lang=\"pl-PL\">e<\/span><\/span><span style=\"font-size: large;\"><span lang=\"pl-PL\">gipskiej, w kt\u00f3rej przebywa<\/span><\/span><span style=\"font-size: large;\"><span lang=\"pl-PL\">\u0142<\/span><\/span><span style=\"font-size: large;\"><span lang=\"pl-PL\"> czterysta trzydzie\u015bci lat. Niew\u0105tpliwie, to bardzo d\u0142ugi czas. Pami\u0119tamy, \u017ce na pocz\u0105tku Izraelici mieli w Egipcie schronienie, przyjazne i dobre warunki, w kt\u00f3rych prosperowali. Dopiero po pewnym czasie, <\/span><\/span><span style=\"font-size: large;\"><span lang=\"pl-PL\">po <\/span><\/span><span style=\"font-size: large;\"><span lang=\"pl-PL\">zmianie <\/span><\/span><span style=\"font-size: large;\"><span lang=\"pl-PL\">na tronie<\/span><\/span> <span style=\"font-size: large;\"><span lang=\"pl-PL\">f<\/span><\/span><span style=\"font-size: large;\"><span lang=\"pl-PL\">araona, nasta\u0142y czasy, w kt\u00f3rych z narodu wolnego stali si\u0119 niewolnikami. Z wolno\u015bci popadli w uciemi\u0119\u017cenie, cierpienie i udr\u0119k\u0119. Wydarzenie wyj\u015bcia narodu wybranego z Egiptu zosta\u0142o upami\u0119tnione i \u015bwi\u0119towane jako Pascha.<\/span><\/span><\/span><\/p>\n<p align=\"justify\"><span style=\"font-family: Book Antiqua, serif;\"><span style=\"font-size: large;\"><span lang=\"pl-PL\"><span style=\"color: #000000;\">Czy przebywanie Izraelit\u00f3w w Egipcie by\u0142o dobre \u2013 czy z\u0142e? Potrzebne \u2013 czy niepotrzebne? Warto\u015bciowe \u2013 czy bezproduktywne? Pytaj\u0105c <\/span><\/span><span lang=\"pl-PL\">f<\/span><span lang=\"pl-PL\">araona, <\/span><span lang=\"pl-PL\">a pytaj\u0105c<\/span><span lang=\"pl-PL\"> Izraelit\u00f3w, otrzyma<\/span><span lang=\"pl-PL\">liby\u015bmy<\/span><span lang=\"pl-PL\"> pewnie r\u00f3\u017cne i znacz\u0105co odbiegaj\u0105ce od siebie odpowiedzi. Dlaczego zadaj\u0119 te pytania? <\/span><\/span><\/span><\/p>\n<p align=\"justify\"><span style=\"font-family: Book Antiqua, serif;\"><span style=\"font-size: large;\"><span lang=\"pl-PL\"><span style=\"color: #000000;\">Wr\u00f3\u0107my do dzisiejszej Ewangelii, a na te pytania odpowiemy sobie w dalszej cz\u0119\u015bci. Oto Jezus \u2013 r\u00f3wnie\u017c po tym, jak dowiedzia\u0142 si\u0119, \u017ce szykuje si\u0119 zamach na Jego \u017cycie \u2013 usuwa si\u0119 w cie\u0144. Mo\u017cemy tutaj zada\u0107 wiele pyta\u0144, kt\u00f3re rodz\u0105 si\u0119 do\u015b\u0107 naturalnie. Skoro Jezus mia\u0142 umrze\u0107 na krzy\u017cu, to przecie\u017c i tak nie mogliby Go zabi\u0107, prawda? Dlaczego si\u0119 <\/span><\/span><span lang=\"pl-PL\">zatem <\/span><span lang=\"pl-PL\">usuwa, zamiast podj\u0105\u0107 pr\u00f3b\u0119 nawr\u00f3cenia tych ludzi? Dlaczego nie prowadzi z <\/span><span lang=\"pl-PL\">n<\/span><span lang=\"pl-PL\">imi dialogu, rozm\u00f3w, mediacji? Dlaczego nie pr\u00f3buje zmniejszy\u0107 napi\u0119cia, roz\u0142adowa\u0107 emocji i znale\u017a\u0107 optymalnego rozwi\u0105zania? Przecie\u017c <\/span><span lang=\"pl-PL\">t<\/span><span lang=\"pl-PL\">ak <\/span><span lang=\"pl-PL\">w\u0142a\u015bnie <\/span><span lang=\"pl-PL\">my, chrze\u015bcijanie, powinni\u015bmy robi\u0107, gdy pojawia si\u0119 konflikt lub problem, prawda? <\/span><\/span><\/span><\/p>\n<p align=\"justify\"><span style=\"font-family: Book Antiqua, serif;\"><span style=\"font-size: large;\"><span lang=\"pl-PL\"><span style=\"color: #000000;\">Cytuj\u0105c mojego przyjaciela: \u201eTak \u2013 z tym, \u017ce niekoniecznie\u201d. Jezus podejmuje decyzj<\/span><\/span><span lang=\"pl-PL\">\u0119<\/span><span lang=\"pl-PL\"> \u2013 a wiemy doskonale, \u017ce ka\u017cda <\/span><span lang=\"pl-PL\">J<\/span><span lang=\"pl-PL\">ego decyzja i s\u0142owo by\u0142o w harmonii i zgodzie z Bogiem Ojcem \u2013 \u017ceby usun\u0105\u0107 si\u0119 w cie\u0144. Wiele os\u00f3b idzie <\/span><span lang=\"pl-PL\">wtedy <\/span><span lang=\"pl-PL\">za Jezusem i uzyskuj\u0105 uzdrowienie. <\/span><span lang=\"pl-PL\">Czy\u017cby t<\/span><span lang=\"pl-PL\">o <\/span><span lang=\"pl-PL\">mia\u0142o <\/span><span lang=\"pl-PL\">znaczy<\/span><span lang=\"pl-PL\">\u0107<\/span><span lang=\"pl-PL\">, \u017ce za Jezusem szli sami kalecy, poranieni i biedni ludzie? Nie mamy informacji z czego konkretnie zostali uzdrowieni, ale zak\u0142adam, \u017ce by\u0142y to choroby cia\u0142a, choroby umys\u0142owe, choroby emocjonalne, choroby duchowe. T\u0142umacz\u0119 to sobie w ten spos\u00f3b, \u017ce Jezus uwalnia tych ludzi z r\u00f3\u017cnych kajdan, p\u0119t i wi\u0119z\u00f3w. Dlaczego to robi? <\/span><\/span><\/span><\/p>\n<p align=\"justify\"><span style=\"font-family: Book Antiqua, serif;\"><span style=\"font-size: large;\"><span lang=\"pl-PL\"><span style=\"color: #000000;\">Poniewa\u017c widzi, jak <\/span><\/span><span lang=\"pl-PL\">c<\/span><span lang=\"pl-PL\">i ludzie bardzo <\/span><span lang=\"pl-PL\">tego <\/span><span lang=\"pl-PL\">potrzebuj\u0105! Widzi ich n\u0119dz\u0119 i to, jak bardzo s\u0105 zagubieni. Ka\u017cdy z nas tego potrzebuje, tylko nie ka\u017cdy zdaje sobie z tego spraw\u0119. Ci ludzie id\u0105 za Jezusem, za Jego g\u0142osem, poniewa\u017c chc\u0105 s\u0142ucha\u0107 <\/span><span lang=\"pl-PL\">N<\/span><span lang=\"pl-PL\">auczyciela, przebywa\u0107 z Nim i na Nim skupi\u0107 swoj\u0105 uwag\u0119. Nie wiemy, czy od pocz\u0105tku oczekiwali cudu i czy ich motywacj\u0105 by\u0142o otrzymanie uzdrowienia, czy raczej poszli za nauczaniem Pana. Wiemy, \u017ce wszyscy \u2013 bez wyj\u0105tku! \u2013 otrzymali udzia\u0142 w Bo\u017cej wolno\u015bci i opu\u015bcili wi\u0119zienia, w kt\u00f3rych znajdowa\u0142y si\u0119 ich cia\u0142a, umys\u0142y, emocje i dusze.<\/span><\/span><\/span><\/p>\n<p align=\"justify\"><span style=\"font-family: Book Antiqua, serif;\"><span style=\"font-size: large;\"><span lang=\"pl-PL\"><span style=\"color: #000000;\">Powr\u00f3\u0107my teraz do postawionych przeze mnie wcze\u015bniej pyta\u0144. Nie b\u0119d\u0119 pr\u00f3bowa\u0142 na nie odpowiedzie\u0107, a chc\u0119 jedynie zwr\u00f3ci\u0107 uwag\u0119 na pewn\u0105 zale\u017cno\u015b\u0107. Niekiedy zrezygnowanie i odej\u015bcie z miejsca, w kt\u00f3rym si\u0119 znajdujemy, jest najlepszym rozwi\u0105zaniem. Nie znaczy to, \u017ce si\u0119 poddajemy i jeste\u015bmy przegrani. Znaczy to tyle, \u017ce nie w ka\u017cdym miejscu b\u0119dziemy mieli to, czego szukamy. <\/span><\/span><\/span><\/span><\/p>\n<p align=\"justify\"><span style=\"font-family: Book Antiqua, serif;\"><span style=\"font-size: large;\"><span lang=\"pl-PL\"><span style=\"color: #000000;\">Powiem wi\u0119cej: nie w ka\u017cdym sezonie naszego \u017cycia dane miejsce b\u0119dzie dla nas odpowiednie. Mam wra\u017cenie, \u017ce wiele os\u00f3b boi si\u0119 zmian oraz odbiera fakt poszukiwania swojego miejsca jako co\u015b z\u0142ego. Uwa\u017cam jednak, \u017ce zmiana sama w sobie nie jest dobra ani z\u0142a. Dopiero po owocach tej decyzji mo\u017cemy zobaczy\u0107, czy <\/span><\/span><\/span><\/span><span style=\"font-family: Book Antiqua, serif;\"><span lang=\"pl-PL\">podj\u0119li\u015bmy<\/span><\/span><span style=\"font-family: Book Antiqua, serif;\"><span lang=\"pl-PL\"> odpowiedni\u0105 i odpowiedzialn\u0105 decyzj\u0119. Je\u015bli jednak b\u0119dziemy tkwili w czym\u015b, co nas zniewala, rani, powoduje, \u017ce czujemy si\u0119 jak w wi\u0119zieniu \u2013 <\/span><\/span><span style=\"font-family: Book Antiqua, serif;\"><span lang=\"pl-PL\">to<\/span><\/span><span style=\"font-family: Book Antiqua, serif;\"><span lang=\"pl-PL\"> gdzie tutaj wolno\u015b\u0107? <\/span><\/span><\/p>\n<p align=\"justify\"><span style=\"font-family: Book Antiqua, serif;\"><span style=\"font-size: large;\"><span lang=\"pl-PL\"><span style=\"color: #000000;\">Zmiana wsp\u00f3lnoty, ko\u015bcio\u0142a, miejsca zamieszkania, pracy czy innych aspekt\u00f3w naszego \u017cycia, jest czym\u015b normalnym. Oczywi\u015bcie, nie chodzi teraz o to, \u017ceby\u015bmy nie byli stabilni w naszych wyborach. Mam jednak bardzo wiele historii z mojego \u017cycia, gdy w pewnym momencie podejmowa\u0142em decyzj\u0119, \u017ce odchodz\u0119 z jakiej\u015b grupy, wsp\u00f3lnoty, relacji czy chocia\u017cby pracy i szuka\u0142em miejsca, gdzie b\u0119d\u0119 \u201epasowa\u0142\u201d. Czasami proces zmiany trwa\u0142 d\u0142ugo, czasami od razu czu\u0142em, \u017ce w danym miejscu czy relacji odnajduj\u0119 si\u0119 \u015bwietnie. Patrz\u0105c na moje wybory wstecz, jestem szcz\u0119\u015bliwy, \u017ce podj\u0105\u0142em takie decyzje i naprawd\u0119 ciesz\u0119 si\u0119 z miejsca, w kt\u00f3rym jestem.<\/span><\/span><\/span><\/span><\/p>\n<p align=\"justify\"><span style=\"font-family: Book Antiqua, serif;\"><span style=\"font-size: large;\"><span lang=\"pl-PL\"><span style=\"color: #000000;\">Drodzy, zach\u0119cam Was do tego, by\u015bmy w \u017cyciu kierowali si\u0119 odwag\u0105, a nie strachem. <\/span><\/span><span lang=\"pl-PL\">To, co<\/span><span lang=\"pl-PL\"> jest dla mnie niesamowicie wymowne i wa\u017cne po przeczytaniu dzisiejszego S\u0142owa Bo\u017cego, to postawa Jezusa, kt\u00f3ry nie pr\u00f3buje na si\u0142\u0119 nikogo zmieni\u0107. Szanuje wolno\u015b\u0107 drugiego cz\u0142owieka i wie doskonale, \u017ce czasami dyskusja, rozmowa i pr\u00f3ba zmiany \u2013 nie jest kluczem do sukcesu i sposobem dzia\u0142ania. Idzie jednak w ustronne miejsce i zaprasza ze sob\u0105 ka\u017cdego z nas. <\/span><\/span><\/span><\/p>\n<p align=\"justify\"><span style=\"font-family: Book Antiqua, serif;\"><span style=\"font-size: large;\"><span lang=\"pl-PL\"><span style=\"color: #000000;\">To <\/span><\/span><span lang=\"pl-PL\">c<\/span><span lang=\"pl-PL\">i, kt\u00f3rzy poszli za Jezusem i Jego <\/span><span lang=\"pl-PL\">samego<\/span> <span lang=\"pl-PL\">postawili<\/span><span lang=\"pl-PL\"> w centrum swojej uwagi, otrzymali uwolnienie. Czasami naprawd\u0119 nie warto pr\u00f3bowa\u0107 czego\u015b ratowa\u0107, reanimowa\u0107 czy zmienia\u0107. Czasami jest po prostu tak, \u017ce B\u00f3g powo\u0142uje nas do tego, by wsta\u0107, wzi\u0105\u0107 ze sob\u0105 to, co mamy pod r\u0119k\u0105 \u2013 i i\u015b\u0107 w nieznane. Nieznana b\u0119dzie droga, okoliczno\u015bci i wydarzenia. Pami\u0119tajmy jednak, \u017ce id\u0105c za Jezusem, docieraj\u0105c do Niego i patrz\u0105c tylko na Niego \u2013 dost\u0105pimy uzdrowienia z wszystkiego, co jest zepsute w nas. <\/span><\/span><\/span><\/p>\n<p align=\"justify\"><span style=\"font-family: Book Antiqua, serif;\"><span style=\"font-size: large;\"><span lang=\"pl-PL\"><span style=\"color: #000000;\">Wsta\u0144 i wyjd\u017a z Egiptu Twojego wn\u0119trza. P\u00f3jd\u017a za Jezusem, ws\u0142uchaj si\u0119 w Jego zaproszenie, w Jego g\u0142os, a nie cel podr\u00f3\u017cy b\u0119dzie istotny, ale <\/span><\/span><span lang=\"pl-PL\">K<\/span><span lang=\"pl-PL\">ompan, kt\u00f3ry Ci\u0119 nigdy nie zostawi i nie pozwoli zab\u0142\u0105dzi\u0107.<\/span><\/span><\/span><\/p>\n","protected":false},"excerpt":{"rendered":"<p>Szcz\u0119\u015b\u0107 Bo\u017ce! Drodzy moi, pozdrawiam z Lublina, sk\u0105d przed 9:00 wyrusz\u0119 \u2013 wraz z Szymonem Sal\u0105, wczorajszym Solenizantem, Wiceliderem FORMACJI \u00abSPE SALVI\u00bb, Cz\u0142owiekiem bardzo mi bliskim \u2013 do Sanktuarium Relikwii Krzy\u017ca \u015awi\u0119tego na \u015awi\u0119tym Krzy\u017cu. Jest to Sanktuarium, prowadzone przez Ojc\u00f3w Oblat\u00f3w, czyli tych Zakonnik\u00f3w, kt\u00f3rzy opiekuj\u0105 si\u0119 Sanktuarium w Kodniu. I to w\u0142a\u015bnie w [&hellip;]<\/p>\n","protected":false},"author":1,"featured_media":0,"comment_status":"open","ping_status":"open","sticky":false,"template":"","format":"standard","meta":{"jetpack_post_was_ever_published":false,"_jetpack_newsletter_access":"","_jetpack_dont_email_post_to_subs":false,"_jetpack_newsletter_tier_id":0,"_jetpack_memberships_contains_paywalled_content":false,"_jetpack_memberships_contains_paid_content":false,"footnotes":""},"categories":[1],"tags":[],"class_list":["post-24008","post","type-post","status-publish","format-standard","hentry","category-bez-kategorii"],"yoast_head":"<!-- This site is optimized with the Yoast SEO plugin v25.1 - https:\/\/yoast.com\/wordpress\/plugins\/seo\/ -->\n<title>Czasami trzeba odej\u015b\u0107! - Gaudium Et Spes<\/title>\n<meta name=\"robots\" content=\"index, follow, max-snippet:-1, max-image-preview:large, max-video-preview:-1\" \/>\n<link rel=\"canonical\" href=\"https:\/\/gaudiumetspes-blog.pl\/index.php\/2025\/07\/19\/czasami-trzeba-odejsc\/\" \/>\n<meta property=\"og:locale\" content=\"pl_PL\" \/>\n<meta property=\"og:type\" content=\"article\" \/>\n<meta property=\"og:title\" content=\"Czasami trzeba odej\u015b\u0107! - Gaudium Et Spes\" \/>\n<meta property=\"og:description\" content=\"Szcz\u0119\u015b\u0107 Bo\u017ce! Drodzy moi, pozdrawiam z Lublina, sk\u0105d przed 9:00 wyrusz\u0119 \u2013 wraz z Szymonem Sal\u0105, wczorajszym Solenizantem, Wiceliderem FORMACJI \u00abSPE SALVI\u00bb, Cz\u0142owiekiem bardzo mi bliskim \u2013 do Sanktuarium Relikwii Krzy\u017ca \u015awi\u0119tego na \u015awi\u0119tym Krzy\u017cu. Jest to Sanktuarium, prowadzone przez Ojc\u00f3w Oblat\u00f3w, czyli tych Zakonnik\u00f3w, kt\u00f3rzy opiekuj\u0105 si\u0119 Sanktuarium w Kodniu. I to w\u0142a\u015bnie w [&hellip;]\" \/>\n<meta property=\"og:url\" content=\"https:\/\/gaudiumetspes-blog.pl\/index.php\/2025\/07\/19\/czasami-trzeba-odejsc\/\" \/>\n<meta property=\"og:site_name\" content=\"Gaudium Et Spes\" \/>\n<meta property=\"article:published_time\" content=\"2025-07-19T00:26:41+00:00\" \/>\n<meta name=\"author\" content=\"Ks. Jacek\" \/>\n<meta name=\"twitter:card\" content=\"summary_large_image\" \/>\n<meta name=\"twitter:label1\" content=\"Napisane przez\" \/>\n\t<meta name=\"twitter:data1\" content=\"Ks. Jacek\" \/>\n\t<meta name=\"twitter:label2\" content=\"Szacowany czas czytania\" \/>\n\t<meta name=\"twitter:data2\" content=\"9 minut\" \/>\n<script type=\"application\/ld+json\" class=\"yoast-schema-graph\">{\"@context\":\"https:\/\/schema.org\",\"@graph\":[{\"@type\":\"WebPage\",\"@id\":\"https:\/\/gaudiumetspes-blog.pl\/index.php\/2025\/07\/19\/czasami-trzeba-odejsc\/\",\"url\":\"https:\/\/gaudiumetspes-blog.pl\/index.php\/2025\/07\/19\/czasami-trzeba-odejsc\/\",\"name\":\"Czasami trzeba odej\u015b\u0107! - Gaudium Et Spes\",\"isPartOf\":{\"@id\":\"https:\/\/gaudiumetspes-blog.pl\/#website\"},\"datePublished\":\"2025-07-19T00:26:41+00:00\",\"author\":{\"@id\":\"https:\/\/gaudiumetspes-blog.pl\/#\/schema\/person\/1661982992b752dea8dff0d4ed845a65\"},\"breadcrumb\":{\"@id\":\"https:\/\/gaudiumetspes-blog.pl\/index.php\/2025\/07\/19\/czasami-trzeba-odejsc\/#breadcrumb\"},\"inLanguage\":\"pl-PL\",\"potentialAction\":[{\"@type\":\"ReadAction\",\"target\":[\"https:\/\/gaudiumetspes-blog.pl\/index.php\/2025\/07\/19\/czasami-trzeba-odejsc\/\"]}]},{\"@type\":\"BreadcrumbList\",\"@id\":\"https:\/\/gaudiumetspes-blog.pl\/index.php\/2025\/07\/19\/czasami-trzeba-odejsc\/#breadcrumb\",\"itemListElement\":[{\"@type\":\"ListItem\",\"position\":1,\"name\":\"Strona g\u0142\u00f3wna\",\"item\":\"https:\/\/gaudiumetspes-blog.pl\/\"},{\"@type\":\"ListItem\",\"position\":2,\"name\":\"Czasami trzeba odej\u015b\u0107!\"}]},{\"@type\":\"WebSite\",\"@id\":\"https:\/\/gaudiumetspes-blog.pl\/#website\",\"url\":\"https:\/\/gaudiumetspes-blog.pl\/\",\"name\":\"Gaudium Et Spes\",\"description\":\"Blog Ks. Jacka Ja\u015bkowskiego\",\"potentialAction\":[{\"@type\":\"SearchAction\",\"target\":{\"@type\":\"EntryPoint\",\"urlTemplate\":\"https:\/\/gaudiumetspes-blog.pl\/?s={search_term_string}\"},\"query-input\":{\"@type\":\"PropertyValueSpecification\",\"valueRequired\":true,\"valueName\":\"search_term_string\"}}],\"inLanguage\":\"pl-PL\"},{\"@type\":\"Person\",\"@id\":\"https:\/\/gaudiumetspes-blog.pl\/#\/schema\/person\/1661982992b752dea8dff0d4ed845a65\",\"name\":\"Ks. Jacek\",\"image\":{\"@type\":\"ImageObject\",\"inLanguage\":\"pl-PL\",\"@id\":\"https:\/\/gaudiumetspes-blog.pl\/#\/schema\/person\/image\/\",\"url\":\"https:\/\/gaudiumetspes-blog.pl\/wp-content\/uploads\/2019\/07\/avatar-JJ-150x150.jpg\",\"contentUrl\":\"https:\/\/gaudiumetspes-blog.pl\/wp-content\/uploads\/2019\/07\/avatar-JJ-150x150.jpg\",\"caption\":\"Ks. Jacek\"},\"description\":\"Witam serdecznie! K\u0142ania si\u0119 Ks. Jacek Ja\u015bkowski. Nie jestem ani kim\u015b wa\u017cnym, ani kim\u015b znanym. Jestem ksi\u0119dzem, kt\u00f3ry po prostu chce rozmawia\u0107. Codzienna kap\u0142a\u0144ska pos\u0142uga pokazuje mi, \u017ce temat\u00f3w do rozm\u00f3w z ksi\u0119dzem jest coraz wi\u0119cej i dzisiaj \u017caden ksi\u0105dz nie mo\u017ce od nich ucieka\u0107, ale - wprost przeciwnie - podejmowa\u0107 nowe wyzwania. To przekonanie sk\u0142oni\u0142o mnie do pr\u00f3by otwarcia tego\u017c bloga, chocia\u017c okazji do rozm\u00f3w na co dzie\u0144 - w konfesjonale i poza nim - na szcz\u0119\u015bcie nie brakuje. My\u015bl\u0119 jednak, \u017ce ten blog b\u0119dzie jeszcze jednym sposobem i przestrzeni\u0105 nawi\u0105zania kontaktu z lud\u017ami dobrej woli, otwartymi na dialog.\",\"url\":\"https:\/\/gaudiumetspes-blog.pl\/index.php\/author\/ks-jacek\/\"}]}<\/script>\n<!-- \/ Yoast SEO plugin. -->","yoast_head_json":{"title":"Czasami trzeba odej\u015b\u0107! - Gaudium Et Spes","robots":{"index":"index","follow":"follow","max-snippet":"max-snippet:-1","max-image-preview":"max-image-preview:large","max-video-preview":"max-video-preview:-1"},"canonical":"https:\/\/gaudiumetspes-blog.pl\/index.php\/2025\/07\/19\/czasami-trzeba-odejsc\/","og_locale":"pl_PL","og_type":"article","og_title":"Czasami trzeba odej\u015b\u0107! - Gaudium Et Spes","og_description":"Szcz\u0119\u015b\u0107 Bo\u017ce! Drodzy moi, pozdrawiam z Lublina, sk\u0105d przed 9:00 wyrusz\u0119 \u2013 wraz z Szymonem Sal\u0105, wczorajszym Solenizantem, Wiceliderem FORMACJI \u00abSPE SALVI\u00bb, Cz\u0142owiekiem bardzo mi bliskim \u2013 do Sanktuarium Relikwii Krzy\u017ca \u015awi\u0119tego na \u015awi\u0119tym Krzy\u017cu. Jest to Sanktuarium, prowadzone przez Ojc\u00f3w Oblat\u00f3w, czyli tych Zakonnik\u00f3w, kt\u00f3rzy opiekuj\u0105 si\u0119 Sanktuarium w Kodniu. I to w\u0142a\u015bnie w [&hellip;]","og_url":"https:\/\/gaudiumetspes-blog.pl\/index.php\/2025\/07\/19\/czasami-trzeba-odejsc\/","og_site_name":"Gaudium Et Spes","article_published_time":"2025-07-19T00:26:41+00:00","author":"Ks. Jacek","twitter_card":"summary_large_image","twitter_misc":{"Napisane przez":"Ks. Jacek","Szacowany czas czytania":"9 minut"},"schema":{"@context":"https:\/\/schema.org","@graph":[{"@type":"WebPage","@id":"https:\/\/gaudiumetspes-blog.pl\/index.php\/2025\/07\/19\/czasami-trzeba-odejsc\/","url":"https:\/\/gaudiumetspes-blog.pl\/index.php\/2025\/07\/19\/czasami-trzeba-odejsc\/","name":"Czasami trzeba odej\u015b\u0107! - Gaudium Et Spes","isPartOf":{"@id":"https:\/\/gaudiumetspes-blog.pl\/#website"},"datePublished":"2025-07-19T00:26:41+00:00","author":{"@id":"https:\/\/gaudiumetspes-blog.pl\/#\/schema\/person\/1661982992b752dea8dff0d4ed845a65"},"breadcrumb":{"@id":"https:\/\/gaudiumetspes-blog.pl\/index.php\/2025\/07\/19\/czasami-trzeba-odejsc\/#breadcrumb"},"inLanguage":"pl-PL","potentialAction":[{"@type":"ReadAction","target":["https:\/\/gaudiumetspes-blog.pl\/index.php\/2025\/07\/19\/czasami-trzeba-odejsc\/"]}]},{"@type":"BreadcrumbList","@id":"https:\/\/gaudiumetspes-blog.pl\/index.php\/2025\/07\/19\/czasami-trzeba-odejsc\/#breadcrumb","itemListElement":[{"@type":"ListItem","position":1,"name":"Strona g\u0142\u00f3wna","item":"https:\/\/gaudiumetspes-blog.pl\/"},{"@type":"ListItem","position":2,"name":"Czasami trzeba odej\u015b\u0107!"}]},{"@type":"WebSite","@id":"https:\/\/gaudiumetspes-blog.pl\/#website","url":"https:\/\/gaudiumetspes-blog.pl\/","name":"Gaudium Et Spes","description":"Blog Ks. Jacka Ja\u015bkowskiego","potentialAction":[{"@type":"SearchAction","target":{"@type":"EntryPoint","urlTemplate":"https:\/\/gaudiumetspes-blog.pl\/?s={search_term_string}"},"query-input":{"@type":"PropertyValueSpecification","valueRequired":true,"valueName":"search_term_string"}}],"inLanguage":"pl-PL"},{"@type":"Person","@id":"https:\/\/gaudiumetspes-blog.pl\/#\/schema\/person\/1661982992b752dea8dff0d4ed845a65","name":"Ks. Jacek","image":{"@type":"ImageObject","inLanguage":"pl-PL","@id":"https:\/\/gaudiumetspes-blog.pl\/#\/schema\/person\/image\/","url":"https:\/\/gaudiumetspes-blog.pl\/wp-content\/uploads\/2019\/07\/avatar-JJ-150x150.jpg","contentUrl":"https:\/\/gaudiumetspes-blog.pl\/wp-content\/uploads\/2019\/07\/avatar-JJ-150x150.jpg","caption":"Ks. Jacek"},"description":"Witam serdecznie! K\u0142ania si\u0119 Ks. Jacek Ja\u015bkowski. Nie jestem ani kim\u015b wa\u017cnym, ani kim\u015b znanym. Jestem ksi\u0119dzem, kt\u00f3ry po prostu chce rozmawia\u0107. Codzienna kap\u0142a\u0144ska pos\u0142uga pokazuje mi, \u017ce temat\u00f3w do rozm\u00f3w z ksi\u0119dzem jest coraz wi\u0119cej i dzisiaj \u017caden ksi\u0105dz nie mo\u017ce od nich ucieka\u0107, ale - wprost przeciwnie - podejmowa\u0107 nowe wyzwania. To przekonanie sk\u0142oni\u0142o mnie do pr\u00f3by otwarcia tego\u017c bloga, chocia\u017c okazji do rozm\u00f3w na co dzie\u0144 - w konfesjonale i poza nim - na szcz\u0119\u015bcie nie brakuje. My\u015bl\u0119 jednak, \u017ce ten blog b\u0119dzie jeszcze jednym sposobem i przestrzeni\u0105 nawi\u0105zania kontaktu z lud\u017ami dobrej woli, otwartymi na dialog.","url":"https:\/\/gaudiumetspes-blog.pl\/index.php\/author\/ks-jacek\/"}]}},"jetpack_featured_media_url":"","jetpack_sharing_enabled":true,"_links":{"self":[{"href":"https:\/\/gaudiumetspes-blog.pl\/index.php\/wp-json\/wp\/v2\/posts\/24008","targetHints":{"allow":["GET"]}}],"collection":[{"href":"https:\/\/gaudiumetspes-blog.pl\/index.php\/wp-json\/wp\/v2\/posts"}],"about":[{"href":"https:\/\/gaudiumetspes-blog.pl\/index.php\/wp-json\/wp\/v2\/types\/post"}],"author":[{"embeddable":true,"href":"https:\/\/gaudiumetspes-blog.pl\/index.php\/wp-json\/wp\/v2\/users\/1"}],"replies":[{"embeddable":true,"href":"https:\/\/gaudiumetspes-blog.pl\/index.php\/wp-json\/wp\/v2\/comments?post=24008"}],"version-history":[{"count":1,"href":"https:\/\/gaudiumetspes-blog.pl\/index.php\/wp-json\/wp\/v2\/posts\/24008\/revisions"}],"predecessor-version":[{"id":24009,"href":"https:\/\/gaudiumetspes-blog.pl\/index.php\/wp-json\/wp\/v2\/posts\/24008\/revisions\/24009"}],"wp:attachment":[{"href":"https:\/\/gaudiumetspes-blog.pl\/index.php\/wp-json\/wp\/v2\/media?parent=24008"}],"wp:term":[{"taxonomy":"category","embeddable":true,"href":"https:\/\/gaudiumetspes-blog.pl\/index.php\/wp-json\/wp\/v2\/categories?post=24008"},{"taxonomy":"post_tag","embeddable":true,"href":"https:\/\/gaudiumetspes-blog.pl\/index.php\/wp-json\/wp\/v2\/tags?post=24008"}],"curies":[{"name":"wp","href":"https:\/\/api.w.org\/{rel}","templated":true}]}}