{"id":24010,"date":"2025-07-20T05:56:59","date_gmt":"2025-07-20T03:56:59","guid":{"rendered":"https:\/\/gaudiumetspes-blog.pl\/?p=24010"},"modified":"2025-07-20T05:56:59","modified_gmt":"2025-07-20T03:56:59","slug":"on-sam-jezus-chrystus","status":"publish","type":"post","link":"https:\/\/gaudiumetspes-blog.pl\/index.php\/2025\/07\/20\/on-sam-jezus-chrystus\/","title":{"rendered":"On sam &#8211; Jezus Chrystus!"},"content":{"rendered":"<p align=\"justify\"><span style=\"color: #000000;\"><span style=\"font-family: Book Antiqua, serif;\"><span style=\"font-size: large;\">Niech b\u0119dzie pochwalony Jezus Chrystus! Drodzy moi, w dniu dzisiejszym<b> imieniny prze\u017cywa Alumn Ilia Fedij, niegdy\u015b Lektor w Parafii Ksi\u0119dza Marka, potem Student Uniwersytetu w Siedlcach i aktywy Uczestnik Duszpasterstwa Akademickiego GAUDEAMUS, a obecnie w\u0142a\u015bnie Alumn Seminarium warszawsko \u2013 praskiego. \u017bycz\u0119 Solenizantowi jak najpe\u0142niejszej relacji z Jezusem, o kt\u00f3r\u0105 te\u017c b\u0119d\u0119 si\u0119 dla Niego modli\u0142.<\/b><\/span><\/span><\/span><\/p>\n<p align=\"justify\"><span style=\"color: #000000;\"><span style=\"font-family: Book Antiqua, serif;\"><span style=\"font-size: large;\">A oto wczoraj dotar\u0142a do mnie bardzo smutna po ludzku wiadomo\u015b\u0107 <b>o \u015bmierci Pana Karola Or\u0142owskiego, naszego wieloletniego Gospodarza w Szklarskiej Por\u0119bie, mieszkaj\u0105cego od kilku lat ju\u017c w innym miejscu. By\u0142a to \u015bmier\u0107 nag\u0142a i zupe\u0142nie niespodziewana. Modl\u0119 si\u0119 o Niebo dla tego bardzo dobrego i go\u015bcinnego Cz\u0142owieka \u2013 i o pocieszenie dla Pani Haliny, Jego \u017bony, i ca\u0142ej Rodziny!<\/b><\/span><\/span><\/span><\/p>\n<p align=\"justify\"><span style=\"color: #000000;\"><span style=\"font-family: Book Antiqua, serif;\"><span style=\"font-size: large;\">Ja za\u015b dzisiaj pomagam duszpastersko w mojej rodzinnej Parafii \u2013 w Sanktuarium Bo\u017cego Mi\u0142osierdzia w Bia\u0142ej Podlaskiej.<\/span><\/span><\/span><\/p>\n<p align=\"justify\"><span style=\"color: #000000;\"><span style=\"font-family: Book Antiqua, serif;\"><span style=\"font-size: large;\">A teraz ju\u017c zapraszam do pochylenia si\u0119 nad Bo\u017cym s\u0142owem dzisiejszej liturgii. Oto s\u0142\u00f3wko Ksi\u0119dza Marka na dzi\u015b:<\/span><\/span><\/span><\/p>\n<p align=\"justify\"><span style=\"color: #000000;\"><span style=\"font-family: Book Antiqua, serif;\"><span style=\"font-size: medium;\"><a href=\"https:\/\/www.youtube.com\/c\/CatholicSurgut\"><span style=\"font-size: large;\"><b>https:\/\/www.youtube.com\/c\/CatholicSurgut<\/b><\/span><\/a><\/span><\/span><\/span><\/p>\n<p align=\"justify\"><span style=\"color: #000000;\"><span style=\"font-family: Book Antiqua, serif;\"><span style=\"font-size: large;\">Zatem, <b>co konkretnie m\u00f3wi dzi\u015b do mnie Pan? Z jakim przes\u0142aniem zwraca si\u0119 do mnie w\u0142a\u015bnie dzisiaj?<\/b> Duchu \u015awi\u0119ty, prowad\u017a drogami najg\u0142\u0119bszej refleksji\u2026<\/span><\/span><\/span><\/p>\n<p align=\"justify\"><span style=\"color: #000000;\"><span style=\"font-family: Book Antiqua, serif;\"><span style=\"font-size: large;\"><b>N<\/b><b>iech Was b\u0142ogos\u0142awi B\u00f3g Wszechmog\u0105cy: Ojciec + i Syn, i Duch \u015awi\u0119ty. Amen<\/b><\/span><\/span><\/span><\/p>\n<p align=\"center\"><span style=\"color: #000000;\"><span style=\"font-family: Book Antiqua, serif;\"><span style=\"font-size: large;\">Gaudium et spes! Ks. Jacek<\/span><\/span><\/span><\/p>\n<p align=\"center\">\n<p align=\"center\">\n<p align=\"center\">\n<p align=\"center\">\n<p align=\"center\">\n<p align=\"justify\"><span style=\"color: #000000;\"><span style=\"font-family: Book Antiqua, serif;\"><span style=\"font-size: large;\"><b>16 Niedziela zwyk\u0142a, C,<\/b><\/span><\/span><\/span><\/p>\n<p align=\"justify\"><span style=\"color: #000000;\"><span style=\"font-family: Book Antiqua, serif;\"><span style=\"font-size: large;\"><b>20 lipca 2025.,\u00a0<\/b><\/span><\/span><\/span><\/p>\n<p align=\"justify\"><span style=\"color: #000000;\"><span style=\"font-family: Book Antiqua, serif;\"><span style=\"font-size: large;\"><b>do czyta\u0144: Rdz 18,1\u201310a; Kol 1,24\u201328; \u0141k 10,38\u201342<\/b><\/span><\/span><\/span><\/p>\n<p align=\"justify\">\n<p align=\"justify\">\n<p align=\"justify\">\n<p align=\"justify\">\n<p align=\"justify\">\n<p align=\"justify\"><span style=\"color: #000000;\"><span style=\"font-family: Book Antiqua, serif;\"><span style=\"font-size: large;\"><b>CZYTANIE Z KSI\u0118GI RODZAJU: <\/b><\/span><\/span><\/span><\/p>\n<p align=\"justify\"><span style=\"color: #000000;\"><span style=\"font-family: Book Antiqua, serif;\"><span style=\"font-size: large;\"><b>Pan ukaza\u0142 si\u0119 Abrahamowi pod d\u0119bami Mamre, gdy ten siedzia\u0142 u wej\u015bcia do namiotu w najgor\u0119tszej porze dnia. Abraham spojrzawszy dostrzeg\u0142 trzy ludzkie postacie naprzeciw siebie. Widz\u0105c je u wej\u015bcia do namiotu pod\u0105\u017cy\u0142 na ich spotkanie. <\/b><\/span><\/span><\/span><\/p>\n<p align=\"justify\"><span style=\"color: #000000;\"><span style=\"font-family: Book Antiqua, serif;\"><span style=\"font-size: large;\"><b>A pok\u0142oniwszy si\u0119 im g\u0142\u0119boko, rzek\u0142: \u201eO Panie, je\u015bli jestem tego godzien, racz nie omija\u0107 swego s\u0142ugi! Przynios\u0119 troch\u0119 wody, wy za\u015b raczcie obmy\u0107 sobie nogi, a potem odpocznijcie pod drzewami. Pozw\u00f3lcie te\u017c, \u017ce p\u00f3jd\u0119 wzi\u0105\u0107 nieco jedzenia, aby\u015bcie si\u0119 pokrzepili, zanim p\u00f3jdziecie dalej, skoro przechodzicie ko\u0142o strugi waszego\u201d. A oni mu rzekli: \u201eUczy\u0144 tak, jak powiedzia\u0142e\u015b\u201d. <\/b><\/span><\/span><\/span><\/p>\n<p align=\"justify\"><span style=\"color: #000000;\"><span style=\"font-family: Book Antiqua, serif;\"><span style=\"font-size: large;\"><b>Abraham poszed\u0142 wi\u0119c spiesznie do namiotu Sary i rzek\u0142: \u201ePr\u0119dko zaczy\u0144 ciasto z trzech miar najczystszej m\u0105ki i zr\u00f3b podp\u0142omyki\u201d. Potem pod\u0105\u017cy\u0142 do trzody i wybrawszy t\u0142uste i pi\u0119kne ciel\u0119, da\u0142 je s\u0142udze, aby ten szybko je przyrz\u0105dzi\u0142. Po czym wzi\u0105wszy twar\u00f3g, mleko i przyrz\u0105dzone ciel\u0119, postawi\u0142 przed nimi, a gdy oni jedli, sta\u0142 przed nimi pod drzewem. <\/b><\/span><\/span><\/span><\/p>\n<p align=\"justify\"><span style=\"color: #000000;\"><span style=\"font-family: Book Antiqua, serif;\"><span style=\"font-size: large;\"><b>Zapytali go: \u201eGdzie\u017c jest \u017cona twoja, Sara?\u201d Odpowiedzia\u0142 im: \u201eW tym oto namiocie\u201d. Rzek\u0142 mu jeden z nich: \u201eO tej porze za rok zn\u00f3w wr\u00f3c\u0119 do ciebie, twoja za\u015b \u017cona Sara b\u0119dzie mia\u0142a wtedy syna\u201d.<\/b><\/span><\/span><\/span><\/p>\n<p align=\"justify\">\n<p align=\"justify\">\n<p align=\"justify\">\n<p align=\"justify\">\n<p align=\"justify\">\n<p align=\"justify\"><span style=\"color: #000000;\"><span style=\"font-family: Book Antiqua, serif;\"><span style=\"font-size: large;\"><b>CZYTANIE Z LISTU \u015aWI\u0118TEGO PAW\u0141A APOSTO\u0141A DO KOLOSAN: <\/b><\/span><\/span><\/span><\/p>\n<p align=\"justify\"><span style=\"color: #000000;\"><span style=\"font-family: Book Antiqua, serif;\"><span style=\"font-size: large;\"><b>Bracia: Teraz raduj\u0119 si\u0119 w cierpieniach za was i ze swej strony w moim ciele dope\u0142niam braki udr\u0119k Chrystusa dla dobra Jego Cia\u0142a, kt\u00f3rym jest Ko\u015bci\u00f3\u0142. Jego s\u0142ug\u0105 sta\u0142em si\u0119 wed\u0142ug zleconego mi wobec was Bo\u017cego w\u0142odarstwa: mam wype\u0142ni\u0107 pos\u0142annictwo g\u0142oszenia s\u0142owa Bo\u017cego. <\/b><\/span><\/span><\/span><\/p>\n<p align=\"justify\"><span style=\"color: #000000;\"><span style=\"font-family: Book Antiqua, serif;\"><span style=\"font-size: large;\"><b>Tajemnica ta, ukryta od wiek\u00f3w i pokole\u0144, teraz zosta\u0142a objawiona Jego \u015bwi\u0119tym, kt\u00f3rym B\u00f3g zechcia\u0142 oznajmi\u0107, jak wielkie jest bogactwo chwa\u0142y tej tajemnicy po\u015br\u00f3d pogan. <\/b><\/span><\/span><\/span><\/p>\n<p align=\"justify\"><span style=\"color: #000000;\"><span style=\"font-family: Book Antiqua, serif;\"><span style=\"font-size: large;\"><b>Jest ni\u0105 Chrystus po\u015br\u00f3d was \u2013 nadzieja chwa\u0142y. <\/b><\/span><\/span><\/span><\/p>\n<p align=\"justify\"><span style=\"color: #000000;\"><span style=\"font-family: Book Antiqua, serif;\"><span style=\"font-size: large;\"><b>Jego to g\u0142osimy, upominaj\u0105c ka\u017cdego cz\u0142owieka i ucz\u0105c ka\u017cdego cz\u0142owieka z ca\u0142\u0105 m\u0105dro\u015bci\u0105, aby ka\u017cdego cz\u0142owieka okaza\u0107 doskona\u0142ym w Chrystusie.<\/b><\/span><\/span><\/span><\/p>\n<p align=\"justify\">\n<p align=\"justify\">\n<p align=\"justify\">\n<p align=\"justify\">\n<p align=\"justify\">\n<p align=\"justify\"><span style=\"color: #000000;\"><span style=\"font-family: Book Antiqua, serif;\"><span style=\"font-size: large;\"><b>S\u0141OWA EWANGELII WED\u0141UG \u015aWI\u0118TEGO \u0141UKASZA: <\/b><\/span><\/span><\/span><\/p>\n<p align=\"justify\"><span style=\"color: #000000;\"><span style=\"font-family: Book Antiqua, serif;\"><span style=\"font-size: large;\"><b>Jezus przyszed\u0142 do pewnej wsi. Tam niejaka niewiasta, imieniem Marta, przyj\u0119\u0142a Go do swego domu. Mia\u0142a ona siostr\u0119, imieniem Maria, kt\u00f3ra siad\u0142a u n\u00f3g Pana i przys\u0142uchiwa\u0142a si\u0119 Jego mowie. Natomiast Marta uwija\u0142a si\u0119 ko\u0142o rozmaitych pos\u0142ug. Przyst\u0105pi\u0142a wi\u0119c do Niego i rzek\u0142a: \u201ePanie, czy Ci to oboj\u0119tne, \u017ce moja siostra zostawi\u0142a mnie sam\u0105 przy us\u0142ugiwaniu? Powiedz jej, \u017ceby mi pomog\u0142a\u201d. <\/b><\/span><\/span><\/span><\/p>\n<p align=\"justify\"><span style=\"color: #000000;\"><span style=\"font-family: Book Antiqua, serif;\"><span style=\"font-size: large;\"><b>A Pan jej odpowiedzia\u0142: \u201eMarto, Marto, troszczysz si\u0119 i niepokoisz o wiele, a potrzeba ma\u0142o albo tylko jednego. Maria obra\u0142a najlepsz\u0105 cz\u0105stk\u0119, kt\u00f3rej nie b\u0119dzie pozbawiona\u201d.<\/b><\/span><\/span><\/span><\/p>\n<p align=\"justify\">\n<p align=\"justify\">\n<p align=\"justify\">\n<p align=\"justify\">\n<p align=\"justify\">\n<p align=\"justify\"><span style=\"color: #000000;\"><span style=\"font-size: large;\"><span style=\"font-family: Book Antiqua, serif;\">Zupe\u0142nie <\/span><span style=\"font-family: Book Antiqua, serif;\"><b>niezwyk\u0142e spotkanie<\/b><\/span><span style=\"font-family: Book Antiqua, serif;\"> opisuje nam Autor Ksi\u0119gi Rodzaju, w pierwszym czytaniu. Oto <\/span><span style=\"font-family: Book Antiqua, serif;\"><b>jacy\u015b trzej w\u0119drowcy<\/b><\/span><span style=\"font-family: Book Antiqua, serif;\"> podchodz\u0105 pod namioty Abrahama, a ten bez chwili namys\u0142u<\/span><span style=\"font-family: Book Antiqua, serif;\"><b> wita ich, jakby na nich od dawna czeka\u0142<\/b><\/span><span style=\"font-family: Book Antiqua, serif;\"> i jakby to byli go\u015bcie <\/span><span style=\"font-family: Book Antiqua, serif;\"><b>z tak zwanej \u201enajwy\u017cszej p\u00f3\u0142ki\u201d. <\/b><\/span><span style=\"font-family: Book Antiqua, serif;\">Swoj\u0105 drog\u0105, to byli, ale on nie m\u00f3g\u0142 tego <\/span><span style=\"font-family: Book Antiqua, serif;\">wtedy na sto procent <\/span><span style=\"font-family: Book Antiqua, serif;\">wiedzie\u0107. A mimo to \u2013 <\/span><span style=\"font-family: Book Antiqua, serif;\"><b>tak w\u0142a\u015bnie ich powita\u0142.<\/b><\/span> <\/span><\/span><\/p>\n<p align=\"justify\"><span style=\"color: #000000;\"><span style=\"font-size: large;\"><span style=\"font-family: Book Antiqua, serif;\">I to <\/span><span style=\"font-family: Book Antiqua, serif;\"><i><b>w najgor\u0119tszej porze dnia,<\/b><\/i><\/span><span style=\"font-family: Book Antiqua, serif;\"> czyli w czasie, w kt\u00f3rym najlepiej zaszy\u0107 si\u0119 w jaki\u015b najmocniejszy cie\u0144 i ten trudny czas prze<\/span><span style=\"font-family: Book Antiqua, serif;\">czek<\/span><span style=\"font-family: Book Antiqua, serif;\">a\u0107. Zw\u0142aszcza, \u017ce w tamtym klimacie <\/span><span style=\"font-family: Book Antiqua, serif;\"><b>okre\u015blenie \u201enajgor\u0119tsz<\/b><\/span><span style=\"font-family: Book Antiqua, serif;\"><b>y<\/b><\/span><span style=\"font-family: Book Antiqua, serif;\"><b>\u201d<\/b><\/span><span style=\"font-family: Book Antiqua, serif;\"> wyra\u017ca\u0142o dok\u0142adnie to, co wyra\u017ca\u0142o, <\/span><span style=\"font-family: Book Antiqua, serif;\"><b>tylko jeszcze kilka razy bardziej. <\/b><\/span><\/span><\/span><\/p>\n<p align=\"justify\"><span style=\"color: #000000;\"><span style=\"font-size: large;\"><span style=\"font-family: Book Antiqua, serif;\">Zatem, to <\/span><span style=\"font-family: Book Antiqua, serif;\"><b>nie by\u0142 dobry czas<\/b><\/span><span style=\"font-family: Book Antiqua, serif;\"> dla jakichkolwiek aktywno\u015bci i do tego, aby na g\u0142owie stawa\u0107 dla przyj\u0119cia go\u015bci, zreszt\u0105 tak naprawd\u0119 zupe\u0142nie nieznanych. A jednak Abraham <\/span><span style=\"font-family: Book Antiqua, serif;\"><b>wita ich bardzo serdecznie i zaprasza.<\/b><\/span><span style=\"font-family: Book Antiqua, serif;\"> Trudno powiedzie\u0107, \u017ceby powodem takiego zachowania by\u0142o <\/span><span style=\"font-family: Book Antiqua, serif;\">jedynie <\/span><span style=\"font-family: Book Antiqua, serif;\">to, \u017ce <\/span><span style=\"font-family: Book Antiqua, serif;\">styl \u017cycia Abrahama, czyli <\/span><span style=\"font-family: Book Antiqua, serif;\">w\u0119drowanie z miejsca na miejsce i zamieszkiwanie w namiotach oznacza\u0142o <\/span><span style=\"font-family: Book Antiqua, serif;\"><b>pozostawanie zwykle w swoim gronie,<\/b><\/span> <span style=\"font-family: Book Antiqua, serif;\">bez kontaktu z szerszym gronem ludzi, spoza rodziny.<\/span> <\/span><\/span><\/p>\n<p align=\"justify\"><span style=\"color: #000000;\"><span style=\"font-size: large;\"><span style=\"font-family: Book Antiqua, serif;\">Bo jak si\u0119 na jakiej\u015b otwartej przestrzeni ustawi\u0142o te swoje namioty,<\/span><span style=\"font-family: Book Antiqua, serif;\"><b> to raczej nie mia\u0142o si\u0119 na sta\u0142e s\u0105siad\u00f3w, <\/b><\/span><span style=\"font-family: Book Antiqua, serif;\">a pewnie te\u017c i <\/span><span style=\"font-family: Book Antiqua, serif;\"><b>nie za cz\u0119sto miewa\u0142o si\u0119 go\u015bci.<\/b><\/span><span style=\"font-family: Book Antiqua, serif;\"> Poza tymi nieproszonymi, kt\u00f3rzy mogli napada\u0107 <\/span><span style=\"font-family: Book Antiqua, serif;\">lub okrada\u0107, <\/span><span style=\"font-family: Book Antiqua, serif;\">to takich \u2013 powiedzieliby\u015bmy \u2013 <\/span><span style=\"font-family: Book Antiqua, serif;\"><b>\u201enormalnych\u201d to za wielu tam nie bywa\u0142o.<\/b><\/span><span style=\"font-family: Book Antiqua, serif;\"> Dlatego takie odwiedziny, jak te, opisane dzisiaj, same w sobie stanowi\u0142y jakie\u015b <\/span><span style=\"font-family: Book Antiqua, serif;\"><b>urozmaicenie i ubarwienie koczowniczej codzienno\u015bci.<\/b><\/span><span style=\"font-family: Book Antiqua, serif;\"> I mo\u017ce dlatego Abraham tak zareagowa\u0142, jak zareagowa\u0142, <\/span><span style=\"font-family: Book Antiqua, serif;\"><b>a mo\u017ce jednak nie tylko dlatego. <\/b><\/span><\/span><\/span><\/p>\n<p align=\"justify\"><span style=\"color: #000000;\"><span style=\"font-size: large;\"><span style=\"font-family: Book Antiqua, serif;\">Bo mo\u017ce jednak wp\u0142yw na to mia\u0142o po prostu <\/span><span style=\"font-family: Book Antiqua, serif;\"><b>jego wewn\u0119trzne dobre nastawienie do drugiego cz\u0142owieka, <\/b><\/span><span style=\"font-family: Book Antiqua, serif;\">jego wyj\u0105tkowa prawo\u015b\u0107, pokora i pos\u0142usze\u0144stwo Bogu. <\/span><span style=\"font-family: Book Antiqua, serif;\">Dlatego <\/span><span style=\"font-family: Book Antiqua, serif;\"><b>sam wyszed\u0142 na spotkanie<\/b><\/span><span style=\"font-family: Book Antiqua, serif;\"> swoich go\u015bci, a \u017conie i s\u0142u\u017cbie wyda\u0142 polecenie, aby na g\u0142owie stan\u0119li, by <\/span><span style=\"font-family: Book Antiqua, serif;\"><b>posi\u0142ek dla go\u015bci by\u0142 jak najszybciej<\/b><\/span> <span style=\"font-family: Book Antiqua, serif;\">i by\u0142 jak najbardziej obfity.<\/span><span style=\"font-family: Book Antiqua, serif;\"> I tak si\u0119 sta\u0142o. <\/span><\/span><\/span><\/p>\n<p align=\"justify\"><span style=\"color: #000000;\"><span style=\"font-size: large;\"><span style=\"font-family: Book Antiqua, serif;\">a w\u00f3wczas Go\u015bcie \u2013 po\u015brednio \u2013 <\/span><span style=\"font-family: Book Antiqua, serif;\"><b>ujawnili prawd\u0119 o sobie,<\/b><\/span><span style=\"font-family: Book Antiqua, serif;\"> sk\u0142adaj\u0105c Abrahamowi i Sarze obietnic\u0119, kt\u00f3ra <\/span><span style=\"font-family: Book Antiqua, serif;\"><b>z ludzkiej perspektywy by\u0142a niemo\u017cliwa do spe\u0142nienia.<\/b><\/span><span style=\"font-family: Book Antiqua, serif;\"> Tak\u0105 obietnic\u0119 mo\u017ce z\u0142o\u017cy\u0107 jedynie ten, kto ma realn\u0105 moc, w\u0142adz\u0119 i mo\u017cliwo\u015bci, aby j\u0105 wype\u0142ni\u0107. Bo inaczej si\u0119 skompromituje. Dlatego, je\u017celi tajemniczy Przybysze obiecali staremu Abrahamowi i jego tak\u017ce bardzo starej \u017conie, <\/span><span style=\"font-family: Book Antiqua, serif;\"><b>\u017ce za rok ju\u017c b\u0119d\u0119 mieli dziecko,<\/b><\/span> <span style=\"font-family: Book Antiqua, serif;\">to musieli by\u0107 tymi, <\/span><span style=\"font-family: Book Antiqua, serif;\"><b>kt\u00f3rzy byli pewni, \u017ce ona si\u0119 spe\u0142ni.<\/b><\/span><b> <\/b><span style=\"font-family: Book Antiqua, serif;\">A by\u0142a to obietnica tak niewiarygodna, \u017ce \u2013<\/span><span style=\"font-family: Book Antiqua, serif;\"> cho\u0107 tego nie s\u0142yszymy dzisiaj, <\/span><span style=\"font-family: Book Antiqua, serif;\">ale<\/span><span style=\"font-family: Book Antiqua, serif;\"> odnajdziemy w kolejnych wersetach Ksi\u0119gi Rodzaju informacj\u0119 \u2013 <\/span><span style=\"font-family: Book Antiqua, serif;\"><b>Sara \u015bmia\u0142a si\u0119 z tego, co us\u0142ysza\u0142a.<\/b><\/span> <\/span><\/span><\/p>\n<p align=\"justify\"><span style=\"color: #000000;\"><span style=\"font-size: large;\"><span style=\"font-family: Book Antiqua, serif;\">Natomiast ochota na \u017carty i \u015bmiech przesz\u0142a, kiedy Wys\u0142annicy <\/span><span style=\"font-family: Book Antiqua, serif;\"><b>tak zwyczajnie zapytali, dlaczego si\u0119 \u015bmieje?<\/b><\/span> <span style=\"font-family: Book Antiqua, serif;\">A nie widzieli jej <\/span><span style=\"font-family: Book Antiqua, serif;\">w tym momencie<\/span><span style=\"font-family: Book Antiqua, serif;\">, bo by\u0142a wewn\u0105trz namiotu, oni za\u015b siedzieli na zewn\u0105trz. Wtedy <\/span><span style=\"font-family: Book Antiqua, serif;\"><b>mocno si\u0119 przestraszy\u0142a,<\/b><\/span><span style=\"font-family: Book Antiqua, serif;\"> bo zda\u0142a sobie spraw\u0119, \u017ce <\/span><span style=\"font-family: Book Antiqua, serif;\"><b>ma do czynienia z kim\u015b wi\u0119cej,<\/b><\/span><span style=\"font-family: Book Antiqua, serif;\"> ni\u017c tylko z przypadkowymi w\u0119drowcami. <\/span><\/span><\/span><\/p>\n<p align=\"justify\"><span style=\"color: #000000;\"><span style=\"font-size: large;\"><span style=\"font-family: Book Antiqua, serif;\">Wydaje si\u0119, \u017ce m\u0105\u017c jej, Abraham, <\/span><span style=\"font-family: Book Antiqua, serif;\"><b>zda\u0142 sobie z tego spraw\u0119 j<\/b><\/span><span style=\"font-family: Book Antiqua, serif;\"><b>u\u017c<\/b><\/span><span style=\"font-family: Book Antiqua, serif;\"><b> wcze\u015bniej.<\/b><\/span><span style=\"font-family: Book Antiqua, serif;\"> Oczywi\u015bcie, tego nie wiemy na pewno, ale wiedz\u0105c, jakim by\u0142 cz\u0142owiekiem i jak\u0105 mia\u0142 relacj\u0119 z Bogiem, mo\u017cemy przypuszcza\u0107, \u017ce by\u0142 <\/span><span style=\"font-family: Book Antiqua, serif;\"><b>naprawd\u0119 mocno wyczulony na <\/b><\/span><span style=\"font-family: Book Antiqua, serif;\"><b>Bo\u017c\u0105 blisko\u015b\u0107 i<\/b><\/span><span style=\"font-family: Book Antiqua, serif;\"><b> obecno\u015b\u0107.<\/b><\/span><span style=\"font-family: Book Antiqua, serif;\"> I dzisiaj tak\u017ce, wychodz\u0105c na spotkanie trzech nieznajomych, m\u00f3g\u0142 gdzie\u015b tam, w g\u0142\u0119bi swego prawego i pokornego serca <\/span><span style=\"font-family: Book Antiqua, serif;\"><b>przeczuwa\u0107, \u017ce wychodzi na spotkanie Boga\u2026<\/b><\/span><\/span><\/span><\/p>\n<p align=\"justify\"><span style=\"color: #000000;\"><span style=\"font-size: large;\"><span style=\"font-family: Book Antiqua, serif;\">A co my\u015bla\u0142y i jakie przeczucia <\/span><span style=\"font-family: Book Antiqua, serif;\"><b>mia\u0142y Marta i Maria, <\/b><\/span><span style=\"font-family: Book Antiqua, serif;\">przyjmuj\u0105c w swoim domu Jezusa? To by\u0142 ich Przyjaciel, niemal\u017ce jak cz\u0142onek rodziny. I mo\u017ce w\u0142a\u015bnie \u015bwiadomo\u015b\u0107 tej blisko\u015bci sprawi\u0142a, \u017ce Marta <\/span><span style=\"font-family: Book Antiqua, serif;\"><b>bezceremonialnie<\/b><\/span><span style=\"font-family: Book Antiqua, serif;\"> i bez d\u0142u\u017cszych wst\u0119p\u00f3w \u201ewypali\u0142a\u201d wprost do <\/span><span style=\"font-family: Book Antiqua, serif;\">Niego<\/span><span style=\"font-family: Book Antiqua, serif;\">: <\/span><span style=\"font-family: Book Antiqua, serif;\"><i><b>Panie, czy Ci to oboj\u0119tne, \u017ce moja siostra zostawi\u0142a mnie sam\u0105 przy us\u0142ugiwaniu? Powiedz jej, \u017ceby mi pomog\u0142a.<\/b><\/i><\/span><b> <\/b><\/span><\/span><\/p>\n<p align=\"justify\"><span style=\"color: #000000;\"><span style=\"font-size: large;\"><span style=\"font-family: Book Antiqua, serif;\">Nie wiem, jak Wy, Drodzy moi, ale ja w takiej sytuacji \u2013 gdybym by\u0142 go\u015bciem \u2013 <\/span><span style=\"font-family: Book Antiqua, serif;\"><b>poczu\u0142bym si\u0119 co najmniej niezr\u0119cznie.<\/b><\/span><span style=\"font-family: Book Antiqua, serif;\"> O ile bym si\u0119 pod byle pretekstem nie \u201eewakuowa\u0142\u201d z takiej go\u015bciny. Bo pomy\u015bla\u0142bym sobie, \u017ce oto \u2013 w spos\u00f3b zupe\u0142nie niezamierzony \u2013 <\/span><span style=\"font-family: Book Antiqua, serif;\"><b>sta\u0142em si\u0119 przyczyn\u0105 napi\u0119cia w rodzinie.<\/b><\/span><span style=\"font-family: Book Antiqua, serif;\"> I to tylko dlatego, \u017ce przyszed\u0142em do niej w go\u015bcin\u0119. Przecie\u017c takie sprawy to sobie siostry<\/span><span style=\"font-family: Book Antiqua, serif;\"><b> mog\u0142y dogada\u0107 w kuchni!<\/b><\/span> <\/span><\/span><\/p>\n<p align=\"justify\"><span style=\"color: #000000;\"><span style=\"font-size: large;\"><span style=\"font-family: Book Antiqua, serif;\">I <\/span><span style=\"font-family: Book Antiqua, serif;\">zasadniczo <\/span><span style=\"font-family: Book Antiqua, serif;\">przed imprez\u0105, albo po niej, <\/span><span style=\"font-family: Book Antiqua, serif;\"><b>ale nie w trakcie. <\/b><\/span><span style=\"font-family: Book Antiqua, serif;\">I w \u017caden spos\u00f3b nie powinny tego za\u0142atwia\u0107 w obecno\u015bci go\u015bcia, a ju\u017c na pewno nie poprzez <\/span><span style=\"font-family: Book Antiqua, serif;\"><b>pr\u00f3b\u0119 <\/b><\/span><span style=\"font-family: Book Antiqua, serif;\"><b>wci\u0105gni\u0119cia go sw\u00f3j konflikt!<\/b><\/span> <span style=\"font-family: Book Antiqua, serif;\">No, po prostu, od strony jakich\u015b elementarnych zasad etykiety i regu\u0142 go\u015bcinno\u015bci to ca\u0142a ta sprawa <\/span><span style=\"font-family: Book Antiqua, serif;\"><b>to tak gigantyczny niewypa\u0142,<\/b><\/span><span style=\"font-family: Book Antiqua, serif;\"> \u017ce w og\u00f3le szkoda gada\u0107. <\/span><\/span><\/span><\/p>\n<p align=\"justify\"><span style=\"color: #000000;\"><span style=\"font-size: large;\"><span style=\"font-family: Book Antiqua, serif;\">Ale Jezus<\/span><span style=\"font-family: Book Antiqua, serif;\"><b> zupe\u0142nie tak na to nie spojrza\u0142. <\/b><\/span><span style=\"font-family: Book Antiqua, serif;\">Wprost przeciwnie, On chyba nawet pogodzi\u0142 obie siostry. Bo najpierw bardzo doceni\u0142 zapobiegliw\u0105 i pracowit\u0105 Mart\u0119, m\u00f3wi\u0105c jej: <\/span><span style=\"font-family: Book Antiqua, serif;\"><i><b>Marto, Marto, troszczysz si\u0119 i niepokoisz o wiele\u2026 <\/b><\/i><\/span><span style=\"font-family: Book Antiqua, serif;\">A wi\u0119c jednak \u2013 <\/span><span style=\"font-family: Book Antiqua, serif;\"><b>zauwa\u017cy\u0142 jej trosk\u0119 i niepok\u00f3j,<\/b><\/span> <span style=\"font-family: Book Antiqua, serif;\">jakie<\/span><span style=\"font-family: Book Antiqua, serif;\"> anga\u017cowa\u0142a w tak wiele spraw! Zreszt\u0105, mo\u017cemy si\u0119 domy\u015bla\u0107 \u2013 cho\u0107 tego ju\u017c w Ewangelii nie przeczytamy \u2013 \u017ce po tej rozmowie wszyscy jednak <\/span><span style=\"font-family: Book Antiqua, serif;\"><b>zasiedli do sto\u0142u i co\u015b zjedli. <\/b><\/span><span style=\"font-family: Book Antiqua, serif;\">A co <\/span><span style=\"font-family: Book Antiqua, serif;\">mogli zje\u015b\u0107, je\u017celi nie<\/span><span style=\"font-family: Book Antiqua, serif;\"> to w\u0142a\u015bnie, co przygotowa\u0142a Marta! I zapewne zar\u00f3wno Jezus, jak i Maria, <\/span><span style=\"font-family: Book Antiqua, serif;\"><b>serdecznie za to Marcie podzi\u0119kowali. <\/b><\/span><\/span><\/span><\/p>\n<p align=\"justify\"><span style=\"color: #000000;\"><span style=\"font-size: large;\"><span style=\"font-family: Book Antiqua, serif;\">Natomiast Jezus m\u00f3wi jej dzisiaj: <\/span><span style=\"font-family: Book Antiqua, serif;\"><i><b>Marto, Marto, troszczysz si\u0119 i niepokoisz o wiele, a potrzeba ma\u0142o albo tylko jednego. Maria obra\u0142a najlepsz\u0105 cz\u0105stk\u0119, kt\u00f3rej nie b\u0119dzie pozbawiona. <\/b><\/i><\/span><span style=\"font-family: Book Antiqua, serif;\">Zatem, nie krytykuje postawy Marty, ale stara si\u0119 jej zaanga\u017cowanie, pracowito\u015b\u0107, rzetelno\u015b\u0107, go\u015bcinno\u015b<\/span><span style=\"font-family: Book Antiqua, serif;\">\u0107 \u2013 by si\u0119 tak wyrazi\u0107 \u2013 <\/span><span style=\"font-family: Book Antiqua, serif;\"><b>przekierowa\u0107 we<\/b><\/span> <span style=\"font-family: Book Antiqua, serif;\"><b>w\u0142a\u015bciw\u0105 stron\u0119. <\/b><\/span><span style=\"font-family: Book Antiqua, serif;\">Czyli <\/span><span style=\"font-family: Book Antiqua, serif;\">d\u0105\u017cy do tego, by Marta<\/span><span style=\"font-family: Book Antiqua, serif;\"> \u00abtroszczy\u0142a si\u0119 i niepokoi\u0142a o wiele\u00bb, ale <\/span><span style=\"font-family: Book Antiqua, serif;\"><b>nie <\/b><\/span><span style=\"font-family: Book Antiqua, serif;\"><b>zapomina\u0142a o tym, co jest najwa\u017cniejsze!<\/b><\/span> <\/span><\/span><\/p>\n<p align=\"justify\"><span style=\"color: #000000;\"><span style=\"font-size: large;\"><span style=\"font-family: Book Antiqua, serif;\">A najwa\u017cniejsze jest to, aby przed drugim cz\u0142owiekiem \u2013 ale tak\u017ce przed Bogiem \u2013 <\/span><span style=\"font-family: Book Antiqua, serif;\"><b>otwiera\u0107 nie tylko drzwi swego domu,<\/b><\/span><span style=\"font-family: Book Antiqua, serif;\"> drzwi swojej spi\u017carki czy lod\u00f3wki; aby w Bo\u017cych sprawach i dzia\u0142aniach nie tylko otwiera\u0107 sw\u00f3j komputer lub portfel, ale \u017ceby za ka\u017cdym razem <\/span><span style=\"font-family: Book Antiqua, serif;\"><b>otwiera\u0107 swoje serce i umys\u0142.<\/b><\/span><span style=\"font-family: Book Antiqua, serif;\"> Aby otwiera\u0107 si\u0119 <\/span><span style=\"font-family: Book Antiqua, serif;\"><b>na Boga \u2013 i na drugiego cz\u0142owieka. <\/b><\/span><span style=\"font-family: Book Antiqua, serif;\">Aby przyjmuj\u0105c go\u015bcia w swoim domu, w swojej codzienno\u015bci \u2013 przede wszystkim,<\/span><span style=\"font-family: Book Antiqua, serif;\"><b> przyj\u0105\u0107 go w swoim sercu!<\/b><\/span> <\/span><\/span><\/p>\n<p align=\"justify\"><span style=\"color: #000000;\"><span style=\"font-size: large;\"><span style=\"font-family: Book Antiqua, serif;\">Tego w\u0142a\u015bnie dzisiaj Jezus uczy Mart\u0119, ale i Mari\u0119, chwal\u0105c t\u0119 drug\u0105 <\/span><span style=\"font-family: Book Antiqua, serif;\"><b>za to, \u017ce \u00abobra\u0142a najlepsz\u0105 cz\u0105stk\u0119\u00bb. <\/b><\/span><span style=\"font-family: Book Antiqua, serif;\">To nie znaczy \u2013 znowu podkre\u015blmy \u2013 \u017ce da\u0142 Marii przyzwolenie na to, by nic nie robi\u0142a, <\/span><span style=\"font-family: Book Antiqua, serif;\"><b>tylko sobie usiad\u0142a, za\u0142o\u017cy\u0142a r\u0119ce<\/b><\/span><span style=\"font-family: Book Antiqua, serif;\"> i czeka\u0142a, \u017ce Marta za ni\u0105 wszystko zrobi. Nie! Jezus zach\u0119ca <\/span><span style=\"font-family: Book Antiqua, serif;\"><b>do po\u0142\u0105czenia obu postaw, <\/b><\/span><span style=\"font-family: Book Antiqua, serif;\">do zwi\u0105zania obu postaw ze sob\u0105 <\/span><span style=\"font-family: Book Antiqua, serif;\"><b>tak, by jedna z drugiej wynika\u0142a,<\/b><\/span><span style=\"font-family: Book Antiqua, serif;\"> by jedna drug\u0105 wzmacnia\u0142a i oznacza\u0142a. Czyli \u017ceby zewn\u0119trzne zaanga\u017cowanie<\/span><span style=\"font-family: Book Antiqua, serif;\"><b> wyra\u017ca\u0142o wewn\u0119trzne nastawienie<\/b><\/span> <span style=\"font-family: Book Antiqua, serif;\"><b>i najg\u0142\u0119bsz\u0105 motywacj\u0119.<\/b><\/span><span style=\"font-family: Book Antiqua, serif;\"> Czyli \u2013 id\u0105c dalej \u2013 by\u015bmy wychodz\u0105c na spotkanie drugiego cz\u0142owieka zawsze <\/span><span style=\"font-family: Book Antiqua, serif;\"><b>chcieli spotka\u0107 si\u0119 z nim na tej p\u0142aszczy\u017anie najg\u0142\u0119bszej, <\/b><\/span><span style=\"font-family: Book Antiqua, serif;\">na p\u0142aszczy\u017anie serca, a nie tylko po to, aby \u201ezaliczy\u0107\u201d takie spotkanie lub w biegu za\u0142atwi\u0107 spraw\u0119 i jak najszybciej ucieka\u0107. <\/span><\/span><\/span><\/p>\n<p align=\"justify\"><span style=\"color: #000000;\"><span style=\"font-size: large;\"><span style=\"font-family: Book Antiqua, serif;\">Oczywistym jest, \u017ce tym bardziej w naszym spotykaniu si\u0119 z Bogiem <\/span><span style=\"font-family: Book Antiqua, serif;\"><b>mamy stara\u0107 si\u0119 o pog\u0142\u0119bianie tych relacji. <\/b><\/span><span style=\"font-family: Book Antiqua, serif;\">Czyli \u017ceby nasze pacierze, nasze r\u00f3\u017ca\u0144ce, nasze koronki, a szczeg\u00f3lnie nasze Msze \u015awi\u0119te <\/span><span style=\"font-family: Book Antiqua, serif;\"><b>nie by\u0142y <\/b><\/span><span style=\"font-family: Book Antiqua, serif;\"><b>jedynie <\/b><\/span><span style=\"font-family: Book Antiqua, serif;\"><b>p\u0142ytkimi praktykami, spe\u0142nianymi dla tradycji <\/b><\/span><span style=\"font-family: Book Antiqua, serif;\">czy dla poczucia przyzwoito\u015bci, ale by\u015bmy za ka\u017cdym razem \u2013 id\u0105c na Msz\u0119 \u015awi\u0119t\u0105, kl\u0119kaj\u0105c do modlitwy, bior\u0105c do r\u0119ki Pismo \u015awi\u0119te \u2013 wzbudzali w sobie t\u0119 \u015bwiadomo\u015b\u0107, \u017ce <\/span><span style=\"font-family: Book Antiqua, serif;\"><b>oto spotykamy si\u0119 z samym Jezusem! <\/b><\/span><\/span><\/span><\/p>\n<p align=\"justify\"><span style=\"color: #000000;\"><span style=\"font-size: large;\"><span style=\"font-family: Book Antiqua, serif;\">Bo On w tym momencie, kiedy przed Nim kl\u0119kam, ukrytym w Naj\u015bwi\u0119tszym Sakramencie, naprawd\u0119 <\/span><span style=\"font-family: Book Antiqua, serif;\"><b>jest TU I TERAZ realnie obecny.<\/b><\/span><span style=\"font-family: Book Antiqua, serif;\"> On mi patrzy prosto w oczy i wyci\u0105ga do mnie r\u0119k\u0119.<\/span><span style=\"font-family: Book Antiqua, serif;\"><b> Naprawd\u0119! On sam \u2013 Jezus Chrystus!<\/b><\/span><span style=\"font-family: Book Antiqua, serif;\"> I kiedy kl\u0119kam do pacierza, bior\u0119 do r\u0119ki <\/span><span style=\"font-family: Book Antiqua, serif;\">r<\/span><span style=\"font-family: Book Antiqua, serif;\">\u00f3\u017caniec, czy te\u017c swoimi s\u0142owami wypowiadam swoje modlitwy, swoje intencje, swoje sprawy \u2013 <\/span><span style=\"font-family: Book Antiqua, serif;\"><b>to On naprawd\u0119 jest tu\u017c <\/b><\/span><span style=\"font-family: Book Antiqua, serif;\"><b>przy mnie, <\/b><\/span><span style=\"font-family: Book Antiqua, serif;\">patrzy mi prosto w oczy i bardzo uwa\u017cnie s\u0142ucha tego, co do Niego m\u00f3wi\u0119. <\/span><span style=\"font-family: Book Antiqua, serif;\"><b>Naprawd\u0119! <\/b><\/span><span style=\"font-family: Book Antiqua, serif;\"><b>On sam \u2013 Jezus Chrystus!<\/b><\/span> <\/span><\/span><\/p>\n<p align=\"justify\"><span style=\"color: #000000;\"><span style=\"font-size: large;\"><span style=\"font-family: Book Antiqua, serif;\">I kiedy bior\u0119 do r\u0119ki<\/span><span style=\"font-family: Book Antiqua, serif;\"><b> Pismo \u015awi\u0119te i zaczynam uwa\u017cnie czyta\u0107, <\/b><\/span><span style=\"font-family: Book Antiqua, serif;\">albo go s\u0142ucha\u0107, to wtedy On sam do mnie m\u00f3wi, to On sam kieruje do mnie jakie\u015b bardzo wa\u017cne, osobiste przes\u0142anie, kt\u00f3re tylko mi chce przekaza\u0107. <\/span><span style=\"font-family: Book Antiqua, serif;\"><b>Naprawd\u0119! On sam \u2013 Jezus Chrystus! <\/b><\/span><\/span><\/span><\/p>\n<p align=\"justify\"><span style=\"color: #000000;\"><span style=\"font-size: large;\"><span style=\"font-family: Book Antiqua, serif;\">No, niestety, <\/span><span style=\"font-family: Book Antiqua, serif;\"><b>kiedy przeklinam,<\/b><\/span><span style=\"font-family: Book Antiqua, serif;\"> kiedy innych obmawiam, albo kiedy u\u017cywam imienia Bo\u017cego nadaremno \u2013 <\/span><span style=\"font-family: Book Antiqua, serif;\"><b>On tak\u017ce to s\u0142yszy.<\/b><\/span><span style=\"font-family: Book Antiqua, serif;\"> Bo jest tu\u017c przy mnie i patrz\u0105c mi prosto w oczy, g\u0142\u0119boko martwi si\u0119 tak\u0105 moj\u0105 postaw\u0105. A kiedy <\/span><span style=\"font-family: Book Antiqua, serif;\"><b>s\u0142yszy swoje imi\u0119, rzucane bezmy\u015blnie,<\/b><\/span><span style=\"font-family: Book Antiqua, serif;\"> albo pomi\u0119dzy przekle\u0144stwami, to naprawd\u0119 jest Mu przykro, bo<\/span><span style=\"font-family: Book Antiqua, serif;\"><b> jakoby si\u0119 do Niego zwracamy, a tak naprawd\u0119 si\u0119 nie zwracamy,<\/b><\/span><span style=\"font-family: Book Antiqua, serif;\"> kiedy wypowiadaj\u0105c Jego imi\u0119, wcale o Nim nie my\u015blimy. A On jest tu\u017c obok i wszystko dobrze s\u0142yszy, i do siebie odbiera. <\/span><span style=\"font-family: Book Antiqua, serif;\"><b>Naprawd\u0119! On sam \u2013 Jezus Chrystus! <\/b><\/span><\/span><\/span><\/p>\n<p align=\"justify\"><span style=\"color: #000000;\"><span style=\"font-size: large;\"><span style=\"font-family: Book Antiqua, serif;\">I kiedy widzi <\/span><span style=\"font-family: Book Antiqua, serif;\"><b>nasze dobre czyny, <\/b><\/span><span style=\"font-family: Book Antiqua, serif;\">nasze szczere zatroskanie o wiele, jak w przypadku Marty, ale <\/span><span style=\"font-family: Book Antiqua, serif;\"><b>po\u0142\u0105czone<\/b><\/span> <span style=\"font-family: Book Antiqua, serif;\"><b>z najg\u0142\u0119bsz\u0105 i najszczersz\u0105 dobr\u0105 intencj\u0105,<\/b><\/span><span style=\"font-family: Book Antiqua, serif;\"> z tak\u0105 Bo\u017c\u0105 motywacj\u0105, to naprawd\u0119 si\u0119 cieszy. Niestety, <\/span><span style=\"font-family: Book Antiqua, serif;\"><b>kiedy widzi nasze z\u0142e czyny,<\/b><\/span><span style=\"font-family: Book Antiqua, serif;\"> albo nawet te pozornie dobre, ale wykonywane <\/span><span style=\"font-family: Book Antiqua, serif;\"><b>tylko na w\u0142asn\u0105 chwa\u0142\u0119,<\/b><\/span><span style=\"font-family: Book Antiqua, serif;\"> \u017ceby si\u0119 przed innymi pokaza\u0107, \u017ceby m\u00f3c potem na innych z g\u00f3ry patrze\u0107 \u2013 <\/span><span style=\"font-family: Book Antiqua, serif;\"><b>to g\u0142\u0119boko si\u0119 tym martwi. <\/b><\/span><span style=\"font-family: Book Antiqua, serif;\">Bo jest tu\u017c przy nas, TU I TERAZ, i naprawd\u0119 wszystko prze\u017cywa to, co w naszym \u017cyciu si\u0119 dzieje. <\/span><span style=\"font-family: Book Antiqua, serif;\"><b>Naprawd\u0119! On sam \u2013 Jezus Chrystus! <\/b><\/span><\/span><\/span><\/p>\n<p align=\"justify\"><span style=\"color: #000000;\"><span style=\"font-size: large;\"><span style=\"font-family: Book Antiqua, serif;\">D<\/span><span style=\"font-family: Book Antiqua, serif;\">rodzy moi, te dwa, opisane dzisiaj <\/span><span style=\"font-family: Book Antiqua, serif;\"><b>spotkania cz\u0142owieka z Bogiem<\/b><\/span><span style=\"font-family: Book Antiqua, serif;\"> \u2013 a mo\u017ce bardziej precyzyjnie: <\/span><span style=\"font-family: Book Antiqua, serif;\"><b>Boga z cz\u0142owiekiem \u2013 <\/b><\/span><span style=\"font-family: Book Antiqua, serif;\">maj\u0105 nam przypomnie\u0107 prawd\u0119, kt\u00f3ra jest nam chyba od dzieci\u0144stwa dobrze znana, ale kt\u00f3r\u0105 z pewno\u015bci\u0105 warto sobie przypomnie\u0107 i na nowo u\u015bwiadomi\u0107: <\/span><span style=\"font-family: Book Antiqua, serif;\"><b>Jezus jest w naszym \u017cyciu naprawd\u0119, bardzo realnie, TU I TERAZ, obecny! <\/b><\/span><span style=\"font-family: Book Antiqua, serif;\">On naprawd\u0119 przychodzi do naszego namiotu, do naszego mieszkania, zasiada za sto\u0142em, interesuje si\u0119 nasz\u0105 codzienno\u015bci\u0105. <\/span><\/span><\/span><\/p>\n<p align=\"justify\"><span style=\"color: #000000;\"><span style=\"font-size: large;\"><span style=\"font-family: Book Antiqua, serif;\">Tylko pytanie, <\/span><span style=\"font-family: Book Antiqua, serif;\"><b>co my na to? <\/b><\/span><span style=\"font-family: Book Antiqua, serif;\">Czy wyjdziemy Mu na spotkanie tak, jak Abraham <\/span><span style=\"font-family: Book Antiqua, serif;\">wybieg\u0142 wr\u0119cz, by <\/span><span style=\"font-family: Book Antiqua, serif;\">przyj\u0105<\/span><span style=\"font-family: Book Antiqua, serif;\">\u0107<\/span><span style=\"font-family: Book Antiqua, serif;\"> wys\u0142annik\u00f3w Boga? <\/span><span style=\"font-family: Book Antiqua, serif;\"><b>Czy ch\u0119tnie zaprosimy<\/b><\/span><span style=\"font-family: Book Antiqua, serif;\"> Jezusa do siebie, otwieraj\u0105c przede wszystkim swoje serce, z takim oto nastawieniem: \u201eProsz\u0119 bardzo, Panie Jezu, wejd\u017a i rozgo\u015b\u0107 si\u0119, bo ja mam serce czyste i gotowe na spotkanie z Tob\u0105, <\/span><span style=\"font-family: Book Antiqua, serif;\"><b>bo nie ma w nim niczego, co chcia\u0142bym przed Tob\u0105 ukry\u0107 <\/b><\/span><span style=\"font-family: Book Antiqua, serif;\">lub czego mia\u0142bym si\u0119 przed Tob\u0105 wstydzi\u0107. <\/span><span style=\"font-family: Book Antiqua, serif;\"><b>Wejd\u017a, Panie Jezu, i rozgo\u015b\u0107 si\u0119! <\/b><\/span><span style=\"font-family: Book Antiqua, serif;\">I powiedz, co chcesz mi powiedzie\u0107, a ja \u2013 tak, jak Maria \u2013 wys\u0142ucham Ci\u0119 uwa\u017cnie. A potem tak, jak Marta, ugoszcz\u0119 Ci\u0119 najlepiej, jak tylko b\u0119d\u0119 umie\u0107.\u201d <\/span><\/span><\/span><\/p>\n<p align=\"justify\"><span style=\"color: #000000;\"><span style=\"font-size: large;\"><span style=\"font-family: Book Antiqua, serif;\">Drodzy moi, <\/span><span style=\"font-family: Book Antiqua, serif;\"><b>czy tak my\u015blimy na co dzie\u0144 o naszej relacji z Jezusem? <\/b><\/span><span style=\"font-family: Book Antiqua, serif;\">Czy pami\u0119tamy o Jego <\/span><span style=\"font-family: Book Antiqua, serif;\">realnej<\/span><span style=\"font-family: Book Antiqua, serif;\"> obecno\u015bci? A czy pami\u0119tamy o tym, \u017ce On <\/span><span style=\"font-family: Book Antiqua, serif;\"><b>spotyka si\u0119 z nami tak\u017ce w drugim cz\u0142owieku,<\/b><\/span><span style=\"font-family: Book Antiqua, serif;\"> dlatego kiedy idziemy do kogo\u015b w odwiedziny, albo kogo\u015b do siebie zapraszamy, albo tak zupe\u0142nie \u201eprzypadkiem\u201d na kogo\u015b \u201ewpadamy\u201d i chocia\u017c kilka s\u0142\u00f3w zamienimy \u2013 <\/span><span style=\"font-family: Book Antiqua, serif;\"><b>to zawsze jest to spotkanie z Jezusem,<\/b><\/span><span style=\"font-family: Book Antiqua, serif;\"> kt\u00f3ry wychodzi nam na spotkanie w\u0142a\u015bnie w tym drugim cz\u0142owieku? <\/span><span style=\"font-family: Book Antiqua, serif;\"><b>Naprawd\u0119! On sam \u2013 Jezus Chrystus! <\/b><\/span><span style=\"font-family: Book Antiqua, serif;\">Czy tak o tym my\u015blimy?<\/span><\/span><\/span><\/p>\n<p align=\"justify\"><span style=\"color: #000000;\"><span style=\"font-size: large;\"><span style=\"font-family: Book Antiqua, serif;\">W drugim dzisiejszym czytaniu \u015awi\u0119ty Pawe\u0142 m\u00f3wi do Kolosan \u2013 ale i do nas wszystkich: <\/span><span style=\"font-family: Book Antiqua, serif;\"><i><b>Teraz raduj\u0119 si\u0119 w cierpieniach za was i ze swej strony w moim ciele dope\u0142niam braki udr\u0119k<\/b><\/i><\/span><b> <\/b><span style=\"font-family: Book Antiqua, serif;\"><i><b>Chrystusa<\/b><\/i><\/span><b> <\/b><span style=\"font-family: Book Antiqua, serif;\"><i><b>dla dobra Jego Cia\u0142a, kt\u00f3rym jest Ko\u015bci\u00f3\u0142. Jego s\u0142ug\u0105 sta\u0142em si\u0119 wed\u0142ug zleconego mi wobec was Bo\u017cego w\u0142odarstwa: mam wype\u0142ni\u0107 pos\u0142annictwo g\u0142oszenia s\u0142owa Bo\u017cego. <\/b><\/i><\/span><\/span><\/span><\/p>\n<p align=\"justify\"><span style=\"color: #000000;\"><span style=\"font-size: large;\"><span style=\"font-family: Book Antiqua, serif;\">O jakich brakach udr\u0119k Chrystusa m\u00f3wi? Przecie\u017c <\/span><span style=\"font-family: Book Antiqua, serif;\"><b>Jezusowa Ofiara jest ca\u0142kowita, pe\u0142na i doskona\u0142a! <\/b><\/span><span style=\"font-family: Book Antiqua, serif;\">Oczywi\u015bcie, w sensie dos\u0142ownym nie ma mowy o tym, \u017ceby jej czego\u015b brakowa\u0142o. Je\u017celi <\/span><span style=\"font-family: Book Antiqua, serif;\">jednak <\/span><span style=\"font-family: Book Antiqua, serif;\">czego\u015b jej mo\u017ce brakowa\u0107, to <\/span><span style=\"font-family: Book Antiqua, serif;\"><b>tylko <\/b><\/span><span style=\"font-family: Book Antiqua, serif;\"><b>naszego zaanga\u017cowania, nasze<\/b><\/span><span style=\"font-family: Book Antiqua, serif;\"><b>j<\/b><\/span><span style=\"font-family: Book Antiqua, serif;\"><b> odpowiedzi, naszej wsp\u00f3\u0142pracy. <\/b><\/span><span style=\"font-family: Book Antiqua, serif;\">Tego Jezus za nas nie zrobi. Je\u017celi my tego nie zrobimy, je\u017celi si\u0119 nie zaanga\u017cujemy, <\/span><span style=\"font-family: Book Antiqua, serif;\"><b>to b\u0119dzie b\u0119dzie w\u0142a\u015bnie \u00f3w brak. <\/b><\/span><span style=\"font-family: Book Antiqua, serif;\">Bolesny i odczuwalny. <\/span><\/span><\/span><\/p>\n<p align=\"justify\"><span style=\"color: #000000;\"><span style=\"font-size: large;\"><span style=\"font-family: Book Antiqua, serif;\">Zatem, skoro Jezus dzisiaj,<\/span><span style=\"font-family: Book Antiqua, serif;\"><b> TU I TERAZ, wychodzi na spotkanie z <\/b><\/span><span style=\"font-family: Book Antiqua, serif;\"><b>nami<\/b><\/span><b> <\/b><span style=\"font-family: Book Antiqua, serif;\">\u2013 w tej Mszy \u015awi\u0119tej, w <\/span><span style=\"font-family: Book Antiqua, serif;\">naszej<\/span><span style=\"font-family: Book Antiqua, serif;\"> dzisiejszej modlitwie, ale te\u017c w spotkaniach z drugim cz\u0142owiekiem, kt\u00f3re ju\u017c si\u0119 dzi\u015b dokona\u0142y, ale te\u017c dokonaj\u0105 si\u0119 zaraz, kiedy z tej Mszy \u015awi\u0119tej wr\u00f3c<\/span><span style=\"font-family: Book Antiqua, serif;\">imy<\/span><span style=\"font-family: Book Antiqua, serif;\"> do domu, a jutro do pracy \u2013 to <\/span><span style=\"font-family: Book Antiqua, serif;\"><b>na jak\u0105 odpowied\u017a z <\/b><\/span><span style=\"font-family: Book Antiqua, serif;\"><b>naszej<\/b><\/span><span style=\"font-family: Book Antiqua, serif;\"><b> strony mo\u017ce liczy\u0107? <\/b><\/span><span style=\"font-family: Book Antiqua, serif;\">Na j\u0105 postaw\u0119? Na jak\u0105 go\u015bcin\u0119 w sercu? Na jaki gest z <\/span><span style=\"font-family: Book Antiqua, serif;\">naszej<\/span><span style=\"font-family: Book Antiqua, serif;\"> strony?<\/span><\/span><\/span><\/p>\n<p align=\"justify\"><span style=\"color: #000000;\"><span style=\"font-size: large;\"><span style=\"font-family: Book Antiqua, serif;\">Drodzy moi, to bardzo wa\u017cne \u2013 i dzisiaj jest ku temu doskona\u0142a okazja \u2013 by\u015bmy to sobie raz jeszcze u\u015bwiadomili,<\/span><span style=\"font-family: Book Antiqua, serif;\"><b> raz jeszcze przypomnieli, \u017ce On jest naprawd\u0119 realnie w naszym \u017cyciu obecny.<\/b><\/span><span style=\"font-family: Book Antiqua, serif;\"> Realnie i osobi\u015bcie! I musimy o tym pami\u0119ta\u0107, podejmuj\u0105c jakiekolwiek <\/span><span style=\"font-family: Book Antiqua, serif;\"><b>dzia\u0142ania, <\/b><\/span><span style=\"font-family: Book Antiqua, serif;\">wypowiadaj\u0105c jakiekolwiek <\/span><span style=\"font-family: Book Antiqua, serif;\"><b>s\u0142owa,<\/b><\/span><span style=\"font-family: Book Antiqua, serif;\"> czy <\/span><span style=\"font-family: Book Antiqua, serif;\"><b>my\u015bl\u0105c<\/b><\/span><span style=\"font-family: Book Antiqua, serif;\"> o czymkolwiek. On jest tu\u017c, <\/span><span style=\"font-family: Book Antiqua, serif;\">On jest <\/span><span style=\"font-family: Book Antiqua, serif;\">przy nas \u2013 <\/span><span style=\"font-family: Book Antiqua, serif;\"><b>TU I TERAZ <\/b><\/span><span style=\"font-family: Book Antiqua, serif;\">\u2013 <\/span><span style=\"font-family: Book Antiqua, serif;\">i wszystko to widzi, <\/span><span style=\"font-family: Book Antiqua, serif;\">wszystko <\/span><span style=\"font-family: Book Antiqua, serif;\">s\u0142yszy i <\/span><span style=\"font-family: Book Antiqua, serif;\">osobi\u015bcie odczuwa.<\/span> <span style=\"font-family: Book Antiqua, serif;\"><b>Naprawd\u0119! On sam \u2013 Jezus Chrystus!<\/b><\/span><\/span><\/span><\/p>\n","protected":false},"excerpt":{"rendered":"<p>Niech b\u0119dzie pochwalony Jezus Chrystus! Drodzy moi, w dniu dzisiejszym imieniny prze\u017cywa Alumn Ilia Fedij, niegdy\u015b Lektor w Parafii Ksi\u0119dza Marka, potem Student Uniwersytetu w Siedlcach i aktywy Uczestnik Duszpasterstwa Akademickiego GAUDEAMUS, a obecnie w\u0142a\u015bnie Alumn Seminarium warszawsko \u2013 praskiego. \u017bycz\u0119 Solenizantowi jak najpe\u0142niejszej relacji z Jezusem, o kt\u00f3r\u0105 te\u017c b\u0119d\u0119 si\u0119 dla Niego modli\u0142. [&hellip;]<\/p>\n","protected":false},"author":1,"featured_media":0,"comment_status":"open","ping_status":"open","sticky":false,"template":"","format":"standard","meta":{"jetpack_post_was_ever_published":false,"_jetpack_newsletter_access":"","_jetpack_dont_email_post_to_subs":false,"_jetpack_newsletter_tier_id":0,"_jetpack_memberships_contains_paywalled_content":false,"_jetpack_memberships_contains_paid_content":false,"footnotes":""},"categories":[1],"tags":[],"class_list":["post-24010","post","type-post","status-publish","format-standard","hentry","category-bez-kategorii"],"yoast_head":"<!-- This site is optimized with the Yoast SEO plugin v25.1 - https:\/\/yoast.com\/wordpress\/plugins\/seo\/ -->\n<title>On sam - Jezus Chrystus! - Gaudium Et Spes<\/title>\n<meta name=\"robots\" content=\"index, follow, max-snippet:-1, max-image-preview:large, max-video-preview:-1\" \/>\n<link rel=\"canonical\" href=\"https:\/\/gaudiumetspes-blog.pl\/index.php\/2025\/07\/20\/on-sam-jezus-chrystus\/\" \/>\n<meta property=\"og:locale\" content=\"pl_PL\" \/>\n<meta property=\"og:type\" content=\"article\" \/>\n<meta property=\"og:title\" content=\"On sam - Jezus Chrystus! - Gaudium Et Spes\" \/>\n<meta property=\"og:description\" content=\"Niech b\u0119dzie pochwalony Jezus Chrystus! Drodzy moi, w dniu dzisiejszym imieniny prze\u017cywa Alumn Ilia Fedij, niegdy\u015b Lektor w Parafii Ksi\u0119dza Marka, potem Student Uniwersytetu w Siedlcach i aktywy Uczestnik Duszpasterstwa Akademickiego GAUDEAMUS, a obecnie w\u0142a\u015bnie Alumn Seminarium warszawsko \u2013 praskiego. \u017bycz\u0119 Solenizantowi jak najpe\u0142niejszej relacji z Jezusem, o kt\u00f3r\u0105 te\u017c b\u0119d\u0119 si\u0119 dla Niego modli\u0142. [&hellip;]\" \/>\n<meta property=\"og:url\" content=\"https:\/\/gaudiumetspes-blog.pl\/index.php\/2025\/07\/20\/on-sam-jezus-chrystus\/\" \/>\n<meta property=\"og:site_name\" content=\"Gaudium Et Spes\" \/>\n<meta property=\"article:published_time\" content=\"2025-07-20T03:56:59+00:00\" \/>\n<meta name=\"author\" content=\"Ks. Jacek\" \/>\n<meta name=\"twitter:card\" content=\"summary_large_image\" \/>\n<meta name=\"twitter:label1\" content=\"Napisane przez\" \/>\n\t<meta name=\"twitter:data1\" content=\"Ks. Jacek\" \/>\n\t<meta name=\"twitter:label2\" content=\"Szacowany czas czytania\" \/>\n\t<meta name=\"twitter:data2\" content=\"16 minut\" \/>\n<script type=\"application\/ld+json\" class=\"yoast-schema-graph\">{\"@context\":\"https:\/\/schema.org\",\"@graph\":[{\"@type\":\"WebPage\",\"@id\":\"https:\/\/gaudiumetspes-blog.pl\/index.php\/2025\/07\/20\/on-sam-jezus-chrystus\/\",\"url\":\"https:\/\/gaudiumetspes-blog.pl\/index.php\/2025\/07\/20\/on-sam-jezus-chrystus\/\",\"name\":\"On sam - Jezus Chrystus! - Gaudium Et Spes\",\"isPartOf\":{\"@id\":\"https:\/\/gaudiumetspes-blog.pl\/#website\"},\"datePublished\":\"2025-07-20T03:56:59+00:00\",\"author\":{\"@id\":\"https:\/\/gaudiumetspes-blog.pl\/#\/schema\/person\/1661982992b752dea8dff0d4ed845a65\"},\"breadcrumb\":{\"@id\":\"https:\/\/gaudiumetspes-blog.pl\/index.php\/2025\/07\/20\/on-sam-jezus-chrystus\/#breadcrumb\"},\"inLanguage\":\"pl-PL\",\"potentialAction\":[{\"@type\":\"ReadAction\",\"target\":[\"https:\/\/gaudiumetspes-blog.pl\/index.php\/2025\/07\/20\/on-sam-jezus-chrystus\/\"]}]},{\"@type\":\"BreadcrumbList\",\"@id\":\"https:\/\/gaudiumetspes-blog.pl\/index.php\/2025\/07\/20\/on-sam-jezus-chrystus\/#breadcrumb\",\"itemListElement\":[{\"@type\":\"ListItem\",\"position\":1,\"name\":\"Strona g\u0142\u00f3wna\",\"item\":\"https:\/\/gaudiumetspes-blog.pl\/\"},{\"@type\":\"ListItem\",\"position\":2,\"name\":\"On sam &#8211; Jezus Chrystus!\"}]},{\"@type\":\"WebSite\",\"@id\":\"https:\/\/gaudiumetspes-blog.pl\/#website\",\"url\":\"https:\/\/gaudiumetspes-blog.pl\/\",\"name\":\"Gaudium Et Spes\",\"description\":\"Blog Ks. Jacka Ja\u015bkowskiego\",\"potentialAction\":[{\"@type\":\"SearchAction\",\"target\":{\"@type\":\"EntryPoint\",\"urlTemplate\":\"https:\/\/gaudiumetspes-blog.pl\/?s={search_term_string}\"},\"query-input\":{\"@type\":\"PropertyValueSpecification\",\"valueRequired\":true,\"valueName\":\"search_term_string\"}}],\"inLanguage\":\"pl-PL\"},{\"@type\":\"Person\",\"@id\":\"https:\/\/gaudiumetspes-blog.pl\/#\/schema\/person\/1661982992b752dea8dff0d4ed845a65\",\"name\":\"Ks. Jacek\",\"image\":{\"@type\":\"ImageObject\",\"inLanguage\":\"pl-PL\",\"@id\":\"https:\/\/gaudiumetspes-blog.pl\/#\/schema\/person\/image\/\",\"url\":\"https:\/\/gaudiumetspes-blog.pl\/wp-content\/uploads\/2019\/07\/avatar-JJ-150x150.jpg\",\"contentUrl\":\"https:\/\/gaudiumetspes-blog.pl\/wp-content\/uploads\/2019\/07\/avatar-JJ-150x150.jpg\",\"caption\":\"Ks. Jacek\"},\"description\":\"Witam serdecznie! K\u0142ania si\u0119 Ks. Jacek Ja\u015bkowski. Nie jestem ani kim\u015b wa\u017cnym, ani kim\u015b znanym. Jestem ksi\u0119dzem, kt\u00f3ry po prostu chce rozmawia\u0107. Codzienna kap\u0142a\u0144ska pos\u0142uga pokazuje mi, \u017ce temat\u00f3w do rozm\u00f3w z ksi\u0119dzem jest coraz wi\u0119cej i dzisiaj \u017caden ksi\u0105dz nie mo\u017ce od nich ucieka\u0107, ale - wprost przeciwnie - podejmowa\u0107 nowe wyzwania. To przekonanie sk\u0142oni\u0142o mnie do pr\u00f3by otwarcia tego\u017c bloga, chocia\u017c okazji do rozm\u00f3w na co dzie\u0144 - w konfesjonale i poza nim - na szcz\u0119\u015bcie nie brakuje. My\u015bl\u0119 jednak, \u017ce ten blog b\u0119dzie jeszcze jednym sposobem i przestrzeni\u0105 nawi\u0105zania kontaktu z lud\u017ami dobrej woli, otwartymi na dialog.\",\"url\":\"https:\/\/gaudiumetspes-blog.pl\/index.php\/author\/ks-jacek\/\"}]}<\/script>\n<!-- \/ Yoast SEO plugin. -->","yoast_head_json":{"title":"On sam - Jezus Chrystus! - Gaudium Et Spes","robots":{"index":"index","follow":"follow","max-snippet":"max-snippet:-1","max-image-preview":"max-image-preview:large","max-video-preview":"max-video-preview:-1"},"canonical":"https:\/\/gaudiumetspes-blog.pl\/index.php\/2025\/07\/20\/on-sam-jezus-chrystus\/","og_locale":"pl_PL","og_type":"article","og_title":"On sam - Jezus Chrystus! - Gaudium Et Spes","og_description":"Niech b\u0119dzie pochwalony Jezus Chrystus! Drodzy moi, w dniu dzisiejszym imieniny prze\u017cywa Alumn Ilia Fedij, niegdy\u015b Lektor w Parafii Ksi\u0119dza Marka, potem Student Uniwersytetu w Siedlcach i aktywy Uczestnik Duszpasterstwa Akademickiego GAUDEAMUS, a obecnie w\u0142a\u015bnie Alumn Seminarium warszawsko \u2013 praskiego. \u017bycz\u0119 Solenizantowi jak najpe\u0142niejszej relacji z Jezusem, o kt\u00f3r\u0105 te\u017c b\u0119d\u0119 si\u0119 dla Niego modli\u0142. [&hellip;]","og_url":"https:\/\/gaudiumetspes-blog.pl\/index.php\/2025\/07\/20\/on-sam-jezus-chrystus\/","og_site_name":"Gaudium Et Spes","article_published_time":"2025-07-20T03:56:59+00:00","author":"Ks. Jacek","twitter_card":"summary_large_image","twitter_misc":{"Napisane przez":"Ks. Jacek","Szacowany czas czytania":"16 minut"},"schema":{"@context":"https:\/\/schema.org","@graph":[{"@type":"WebPage","@id":"https:\/\/gaudiumetspes-blog.pl\/index.php\/2025\/07\/20\/on-sam-jezus-chrystus\/","url":"https:\/\/gaudiumetspes-blog.pl\/index.php\/2025\/07\/20\/on-sam-jezus-chrystus\/","name":"On sam - Jezus Chrystus! - Gaudium Et Spes","isPartOf":{"@id":"https:\/\/gaudiumetspes-blog.pl\/#website"},"datePublished":"2025-07-20T03:56:59+00:00","author":{"@id":"https:\/\/gaudiumetspes-blog.pl\/#\/schema\/person\/1661982992b752dea8dff0d4ed845a65"},"breadcrumb":{"@id":"https:\/\/gaudiumetspes-blog.pl\/index.php\/2025\/07\/20\/on-sam-jezus-chrystus\/#breadcrumb"},"inLanguage":"pl-PL","potentialAction":[{"@type":"ReadAction","target":["https:\/\/gaudiumetspes-blog.pl\/index.php\/2025\/07\/20\/on-sam-jezus-chrystus\/"]}]},{"@type":"BreadcrumbList","@id":"https:\/\/gaudiumetspes-blog.pl\/index.php\/2025\/07\/20\/on-sam-jezus-chrystus\/#breadcrumb","itemListElement":[{"@type":"ListItem","position":1,"name":"Strona g\u0142\u00f3wna","item":"https:\/\/gaudiumetspes-blog.pl\/"},{"@type":"ListItem","position":2,"name":"On sam &#8211; Jezus Chrystus!"}]},{"@type":"WebSite","@id":"https:\/\/gaudiumetspes-blog.pl\/#website","url":"https:\/\/gaudiumetspes-blog.pl\/","name":"Gaudium Et Spes","description":"Blog Ks. Jacka Ja\u015bkowskiego","potentialAction":[{"@type":"SearchAction","target":{"@type":"EntryPoint","urlTemplate":"https:\/\/gaudiumetspes-blog.pl\/?s={search_term_string}"},"query-input":{"@type":"PropertyValueSpecification","valueRequired":true,"valueName":"search_term_string"}}],"inLanguage":"pl-PL"},{"@type":"Person","@id":"https:\/\/gaudiumetspes-blog.pl\/#\/schema\/person\/1661982992b752dea8dff0d4ed845a65","name":"Ks. Jacek","image":{"@type":"ImageObject","inLanguage":"pl-PL","@id":"https:\/\/gaudiumetspes-blog.pl\/#\/schema\/person\/image\/","url":"https:\/\/gaudiumetspes-blog.pl\/wp-content\/uploads\/2019\/07\/avatar-JJ-150x150.jpg","contentUrl":"https:\/\/gaudiumetspes-blog.pl\/wp-content\/uploads\/2019\/07\/avatar-JJ-150x150.jpg","caption":"Ks. Jacek"},"description":"Witam serdecznie! K\u0142ania si\u0119 Ks. Jacek Ja\u015bkowski. Nie jestem ani kim\u015b wa\u017cnym, ani kim\u015b znanym. Jestem ksi\u0119dzem, kt\u00f3ry po prostu chce rozmawia\u0107. Codzienna kap\u0142a\u0144ska pos\u0142uga pokazuje mi, \u017ce temat\u00f3w do rozm\u00f3w z ksi\u0119dzem jest coraz wi\u0119cej i dzisiaj \u017caden ksi\u0105dz nie mo\u017ce od nich ucieka\u0107, ale - wprost przeciwnie - podejmowa\u0107 nowe wyzwania. To przekonanie sk\u0142oni\u0142o mnie do pr\u00f3by otwarcia tego\u017c bloga, chocia\u017c okazji do rozm\u00f3w na co dzie\u0144 - w konfesjonale i poza nim - na szcz\u0119\u015bcie nie brakuje. My\u015bl\u0119 jednak, \u017ce ten blog b\u0119dzie jeszcze jednym sposobem i przestrzeni\u0105 nawi\u0105zania kontaktu z lud\u017ami dobrej woli, otwartymi na dialog.","url":"https:\/\/gaudiumetspes-blog.pl\/index.php\/author\/ks-jacek\/"}]}},"jetpack_featured_media_url":"","jetpack_sharing_enabled":true,"_links":{"self":[{"href":"https:\/\/gaudiumetspes-blog.pl\/index.php\/wp-json\/wp\/v2\/posts\/24010","targetHints":{"allow":["GET"]}}],"collection":[{"href":"https:\/\/gaudiumetspes-blog.pl\/index.php\/wp-json\/wp\/v2\/posts"}],"about":[{"href":"https:\/\/gaudiumetspes-blog.pl\/index.php\/wp-json\/wp\/v2\/types\/post"}],"author":[{"embeddable":true,"href":"https:\/\/gaudiumetspes-blog.pl\/index.php\/wp-json\/wp\/v2\/users\/1"}],"replies":[{"embeddable":true,"href":"https:\/\/gaudiumetspes-blog.pl\/index.php\/wp-json\/wp\/v2\/comments?post=24010"}],"version-history":[{"count":1,"href":"https:\/\/gaudiumetspes-blog.pl\/index.php\/wp-json\/wp\/v2\/posts\/24010\/revisions"}],"predecessor-version":[{"id":24011,"href":"https:\/\/gaudiumetspes-blog.pl\/index.php\/wp-json\/wp\/v2\/posts\/24010\/revisions\/24011"}],"wp:attachment":[{"href":"https:\/\/gaudiumetspes-blog.pl\/index.php\/wp-json\/wp\/v2\/media?parent=24010"}],"wp:term":[{"taxonomy":"category","embeddable":true,"href":"https:\/\/gaudiumetspes-blog.pl\/index.php\/wp-json\/wp\/v2\/categories?post=24010"},{"taxonomy":"post_tag","embeddable":true,"href":"https:\/\/gaudiumetspes-blog.pl\/index.php\/wp-json\/wp\/v2\/tags?post=24010"}],"curies":[{"name":"wp","href":"https:\/\/api.w.org\/{rel}","templated":true}]}}