{"id":24013,"date":"2025-07-21T09:25:20","date_gmt":"2025-07-21T07:25:20","guid":{"rendered":"https:\/\/gaudiumetspes-blog.pl\/?p=24013"},"modified":"2025-07-21T09:25:20","modified_gmt":"2025-07-21T07:25:20","slug":"czy-cuda-nam-sie-naleza","status":"publish","type":"post","link":"https:\/\/gaudiumetspes-blog.pl\/index.php\/2025\/07\/21\/czy-cuda-nam-sie-naleza\/","title":{"rendered":"Czy cuda nam si\u0119 nale\u017c\u0105?&#8230;"},"content":{"rendered":"<p align=\"justify\"><span style=\"color: #000000;\"><span style=\"font-family: Book Antiqua, serif;\"><span style=\"font-size: large;\">Szcz\u0119\u015b\u0107 Bo\u017ce! Drodzy moi, <span style=\"font-family: Book antiqua, serif;\">w dniu dzisiejszym <\/span><span style=\"font-family: Book antiqua, serif;\"><b>urodziny prze\u017cywaj\u0105:<\/b><\/span><\/span><\/span><\/span><\/p>\n<p align=\"justify\"><span style=\"color: #000000;\">\u25ba<span style=\"font-family: Book antiqua, serif;\"><span style=\"font-size: large;\"><b>Anna Ko\u0142odziejczuk \u2013 moja Kole\u017canka i Fryzjerka od wielu lat;<\/b><\/span><\/span><\/span><\/p>\n<p align=\"justify\"><span style=\"color: #000000;\">\u25ba<span style=\"font-family: Book antiqua, serif;\"><span style=\"font-size: large;\"><b>Adam Lipka \u2013 Lektor z mojej rodzinnej Parafii i bardzo \u017cyczliwy Cz\u0142owiek, zaanga\u017cowany w dzia\u0142alno\u015b\u0107 m\u0142odzie\u017cow\u0105 w Parafii, Cz\u0142onek FORMACJI \u00abSPE SALVI\u00bb,<\/b><\/span><\/span><\/span><\/p>\n<p align=\"justify\"><span style=\"color: #000000;\"><span style=\"font-family: Book antiqua, serif;\"><span style=\"font-size: large;\"><b>\u017bycz\u0119 odkrywania ogromu Bo\u017cych znak\u00f3w, jakich Pan udziela \u2013 i oby ich zawsze udziela\u0142! Zapewniam o modlitwie!<\/b><\/span><\/span><\/span><\/p>\n<p align=\"justify\"><span style=\"color: #000000;\"><span style=\"font-family: Book antiqua, serif;\"><span style=\"font-size: large;\">Moi Drodzy, pozdrawiam z Siedlec, sk\u0105d jednak \u2013 przez Kode\u0144 \u2013 przejad\u0119 do Lublina. A tam \u2013 Msza \u015awi\u0119ta o godzinie 18:00, w Parafii Jana Kantego. <\/span><\/span><\/span><\/p>\n<p align=\"justify\"><span style=\"color: #000000;\"><span style=\"font-family: Book antiqua, serif;\"><span style=\"font-size: large;\">Natomiast wczoraj, po ca\u0142ym dniu pos\u0142ugi w mojej rodzinnej Parafii, mia\u0142em rado\u015b\u0107 spotka\u0107 si\u0119 w ramach FORMACJI \u00abSPE SALVI\u00bb, na spontaniczn\u0105 inicjatyw\u0119 samych Ch\u0142opak\u00f3w. D\u0142ugo rozmawiali\u015bmy przy pizzy i przy lodach, w og\u00f3le nam si\u0119 nie spieszy\u0142o, \u015bwietna atmosfera! Dzi\u0119kuj\u0119 ca\u0142ym sercem!<\/span><\/span><\/span><\/p>\n<p align=\"justify\"><span style=\"color: #000000;\"><span style=\"font-family: Book antiqua, serif;\"><span style=\"font-size: large;\">Teraz za\u015b <span style=\"font-family: Book Antiqua, serif;\">ju\u017c zapraszam do pochylenia si\u0119 nad Bo\u017cym s\u0142owem dzisiejszej liturgii. <\/span> <span style=\"font-family: Book Antiqua, serif;\">Oto s\u0142\u00f3wko Ksi\u0119dza Marka na dzi\u015b:<\/span><\/span><\/span><\/span><\/p>\n<p align=\"justify\"><span style=\"color: #000000;\"><span style=\"font-family: Book Antiqua, serif;\"><span style=\"font-size: medium;\"><a href=\"https:\/\/www.youtube.com\/c\/CatholicSurgut\"><span style=\"font-size: large;\"><span lang=\"zxx\"><u><b>https:\/\/www.youtube.com\/c\/CatholicSurgut<\/b><\/u><\/span><\/span><\/a><\/span><\/span><\/span><\/p>\n<p align=\"justify\"><span style=\"color: #000000;\"><span style=\"font-family: Book Antiqua, serif;\"><span style=\"font-size: large;\">Zatem, <b>c<\/b><b>o zatem m\u00f3wi do mnie Pan? Z jakim przes\u0142aniem si\u0119 zwraca? <\/b>Duchu \u015awi\u0119ty, pom\u00f3\u017c rozezna\u0107!<\/span><\/span><\/span><\/p>\n<p align=\"justify\"><span style=\"color: #000000;\"><span style=\"font-family: Book Antiqua, serif;\"><span style=\"font-size: large;\"><b>Niech Was b\u0142ogos\u0142awi B\u00f3g Wszechmog\u0105cy: Ojciec + i Syn, i Duch \u015awi\u0119ty. Amen<\/b><\/span><\/span><\/span><\/p>\n<p align=\"center\"><span style=\"color: #000000;\"><span style=\"font-family: Book Antiqua, serif;\"><span style=\"font-size: large;\">Gaudium et spes! Ks. Jacek<\/span><\/span><\/span><\/p>\n<p align=\"center\">\n<p align=\"center\">\n<p align=\"center\">\n<p align=\"center\">\n<p align=\"center\">\n<p align=\"justify\"><span style=\"color: #000000;\"><span style=\"font-family: Book Antiqua, serif;\"><span style=\"font-size: large;\"><b>Poniedzia\u0142ek 16 Tygodnia zwyk\u0142ego, rok I,<\/b><\/span><\/span><\/span><\/p>\n<p align=\"justify\"><span style=\"color: #000000;\"><span style=\"font-family: Book Antiqua, serif;\"><span style=\"font-size: large;\"><b>21 lipca 2025.,\u00a0<\/b><\/span><\/span><\/span><\/p>\n<p align=\"justify\"><span style=\"color: #000000;\"><span style=\"font-family: Book Antiqua, serif;\"><span style=\"font-size: large;\"><b>do czyta\u0144: Wj 14,5\u20139a.10\u201318; Mt 12,38\u201342<\/b><\/span><\/span><\/span><\/p>\n<p align=\"justify\">\n<p align=\"justify\">\n<p align=\"justify\">\n<p align=\"justify\">\n<p align=\"justify\">\n<p align=\"justify\"><span style=\"color: #000000;\"><span style=\"font-family: Book Antiqua, serif;\"><span style=\"font-size: large;\"><b>CZYTANIE Z KSI\u0118GI WYJ\u015aCIA:<\/b><\/span><\/span><\/span><\/p>\n<p align=\"justify\"><span style=\"color: #000000;\"><span style=\"font-family: Book Antiqua, serif;\"><span style=\"font-size: large;\"><b>Gdy doniesiono kr\u00f3lowi egipskiemu o ucieczce ludu, zmieni\u0142o si\u0119 usposobienie faraona i jego s\u0142ug wzgl\u0119dem niego i rzekli: \u201eC\u00f3\u017ce\u015bmy uczynili pozwalaj\u0105c Izraelowi opu\u015bci\u0107 nasz\u0105 s\u0142u\u017cb\u0119?\u201d Rozkaza\u0142 w\u00f3wczas faraon zaprz\u0119ga\u0107 swoje rydwany i zabra\u0142 ludzi swoich z sob\u0105. Wzi\u0105\u0142 sze\u015b\u0107set rydwan\u00f3w wyborowych oraz wszystkie inne rydwany egipskie, a na ka\u017cdym z nich byli dzielni wojownicy.<\/b><\/span><\/span><\/span><\/p>\n<p align=\"justify\"><span style=\"color: #000000;\"><span style=\"font-family: Book Antiqua, serif;\"><span style=\"font-size: large;\"><b>Pan uczyni\u0142 upartym serce faraona, kr\u00f3la egipskiego, kt\u00f3ry ruszy\u0142 w po\u015bcig za synami Izraela. Ci jednak wyszli z podniesion\u0105 r\u0119k\u0105. Egipcjanie wi\u0119c \u015bcigali ich i dop\u0119dzili obozuj\u0105cych nad morzem.<\/b><\/span><\/span><\/span><\/p>\n<p align=\"justify\"><span style=\"color: #000000;\"><span style=\"font-family: Book Antiqua, serif;\"><span style=\"font-size: large;\"><b>A gdy si\u0119 zbli\u017cy\u0142 faraon, synowie Izraela podnie\u015bli oczy, a ujrzawszy, \u017ce Egipcjanie ci\u0105gn\u0105 za nimi, ogromnie si\u0119 przerazili. Synowie Izraela podnie\u015bli g\u0142o\u015bne wo\u0142anie do Pana. Rzekli do Moj\u017cesza: \u201eCzy\u017c brakowa\u0142o grob\u00f3w w Egipcie, \u017ce nas tu przyprowadzi\u0142e\u015b, aby\u015bmy pomarli na pustyni? C\u00f3\u017c za us\u0142ug\u0119 wy\u015bwiadczy\u0142e\u015b nam przez to, \u017ce wyprowadzi\u0142e\u015b nas z Egiptu? Czy\u017c nie m\u00f3wili\u015bmy ci wyra\u017anie w Egipcie: \u00abZostaw nas w spokoju, chcemy s\u0142u\u017cy\u0107 Egipcjanom\u00bb? Lepiej bowiem nam by\u0142o s\u0142u\u017cy\u0107 im, ni\u017c umiera\u0107 na tej pustyni\u201d.<\/b><\/span><\/span><\/span><\/p>\n<p align=\"justify\"><span style=\"color: #000000;\"><span style=\"font-family: Book Antiqua, serif;\"><span style=\"font-size: large;\"><b>Moj\u017cesz odpowiedzia\u0142 ludowi: \u201eNie b\u00f3jcie si\u0119! Pozosta\u0144cie na swoim miejscu, a zobaczycie zbawienie Pana, kt\u00f3re zgotuje nam dzisiaj. Egipcjan, kt\u00f3rych widzicie teraz, nie b\u0119dziecie ju\u017c nigdy ogl\u0105da\u0107. Pan b\u0119dzie walczy\u0142 za was, a wy b\u0119dziecie spokojni\u201d.<\/b><\/span><\/span><\/span><\/p>\n<p align=\"justify\"><span style=\"color: #000000;\"><span style=\"font-family: Book Antiqua, serif;\"><span style=\"font-size: large;\"><b>Pan rzek\u0142 do Moj\u017cesza: \u201eCzemu g\u0142o\u015bno wo\u0142asz do Mnie? Powiedz synom Izraela, niech ruszaj\u0105 w drog\u0119. Ty za\u015b podnie\u015b sw\u0105 lask\u0119 i wyci\u0105gnij r\u0119k\u0119 nad morze i rozdziel je na dwoje, a wejd\u0105 synowie Izraela w \u015brodek na such\u0105 ziemi\u0119. Ja natomiast uczyni\u0119 upartymi serca Egipcjan, \u017ce p\u00f3jd\u0105 za nimi. Wtedy oka\u017c\u0119 moj\u0105 pot\u0119g\u0119 wobec faraona, ca\u0142ego wojska jego, rydwan\u00f3w i je\u017ad\u017ac\u00f3w, wtedy poznaj\u0105 Egipcjanie, \u017ce Ja jestem Panem\u201d.<\/b><\/span><\/span><\/span><\/p>\n<p align=\"justify\">\n<p align=\"justify\">\n<p align=\"justify\">\n<p align=\"justify\">\n<p align=\"justify\">\n<p align=\"justify\"><span style=\"color: #000000;\"><span style=\"font-family: Book Antiqua, serif;\"><span style=\"font-size: large;\"><b>S\u0141OWA EWANGELII WED\u0141UG \u015aWI\u0118TEGO MATEUSZA:<\/b><\/span><\/span><\/span><\/p>\n<p align=\"justify\"><span style=\"color: #000000;\"><span style=\"font-family: Book Antiqua, serif;\"><span style=\"font-size: large;\"><b>Niekt\u00f3rzy z uczonych w Pi\u015bmie i faryzeusz\u00f3w rzekli do Jezusa: \u201eNauczycielu, chcieli\u015bmy jaki\u015b znak widzie\u0107 od Ciebie\u201d. Lecz On im odpowiedzia\u0142:<\/b><\/span><\/span><\/span><\/p>\n<p align=\"justify\"><span style=\"color: #000000;\">\u201e<span style=\"font-family: Book Antiqua, serif;\"><span style=\"font-size: large;\"><b>Plemi\u0119 przewrotne i wiaro\u0142omne \u017c\u0105da znaku, ale \u017caden znak nie b\u0119dzie mu dany, pr\u00f3cz znaku proroka Jonasza. Albowiem jak Jonasz by\u0142 trzy dni i trzy noce we wn\u0119trzno\u015bciach wielkiej ryby, tak Syn Cz\u0142owieczy b\u0119dzie trzy dni i trzy noce w \u0142onie ziemi.<\/b><\/span><\/span><\/span><\/p>\n<p align=\"justify\"><span style=\"color: #000000;\"><span style=\"font-family: Book Antiqua, serif;\"><span style=\"font-size: large;\"><b>Ludzie z Niniwy powstan\u0105 na s\u0105dzie przeciw temu plemieniu i pot\u0119pi\u0105 je; poniewa\u017c oni wskutek nawo\u0142ywania Jonasza si\u0119 nawr\u00f3cili, a oto tu jest co\u015b wi\u0119cej ni\u017c Jonasz.<\/b><\/span><\/span><\/span><\/p>\n<p align=\"justify\"><span style=\"color: #000000;\"><span style=\"font-family: Book Antiqua, serif;\"><span style=\"font-size: large;\"><b>Kr\u00f3lowa z Po\u0142udnia powstanie na s\u0105dzie przeciw temu plemieniu i pot\u0119pi je; poniewa\u017c ona z kra\u0144c\u00f3w ziemi przyby\u0142a s\u0142ucha\u0107 m\u0105dro\u015bci Salomona, a oto tu jest co\u015b wi\u0119cej ni\u017c Salomon\u201d.<\/b><\/span><\/span><\/span><\/p>\n<p align=\"justify\">\n<p align=\"justify\">\n<p align=\"justify\">\n<p align=\"justify\">\n<p align=\"justify\">\n<p align=\"justify\"><span style=\"color: #000000;\"><span style=\"font-family: Book Antiqua, serif;\"><span style=\"font-size: large;\">Tak wiele r\u00f3\u017cnych my\u015bli ci\u015bnie si\u0119 do g\u0142owy, <b>tak wiele skojarze\u0144,<\/b> po wys\u0142uchaniu obu dzisiejszych czyta\u0144! Ju\u017c pierwszy akapit przynosi nam informacj\u0119 o tym, \u017ce <i><b>g<\/b><\/i><i><b>dy doniesiono kr\u00f3lowi egipskiemu o ucieczce ludu, zmieni\u0142o si\u0119 usposobienie faraona i jego s\u0142ug wzgl\u0119dem niego i rzekli: \u201eC\u00f3\u017ce\u015bmy uczynili pozwalaj\u0105c Izraelowi opu\u015bci\u0107 nasz\u0105 s\u0142u\u017cb\u0119?\u201d Rozkaza\u0142 w\u00f3wczas faraon zaprz\u0119ga\u0107 swoje rydwany i zabra\u0142 ludzi swoich z sob\u0105. Wzi\u0105\u0142 sze\u015b\u0107set rydwan\u00f3w wyborowych oraz wszystkie inne rydwany egipskie, a na ka\u017cdym z nich byli dzielni wojownicy. <\/b><\/i><\/span><\/span><\/span><\/p>\n<p align=\"justify\"><span style=\"color: #000000;\"><span style=\"font-family: Book Antiqua, serif;\"><span style=\"font-size: large;\">Po pierwsze zatem:<b> jak bardzo uparty i zawzi\u0119ty w swojej nienawi\u015bci <\/b>by\u0142 \u00f3w egipski w\u0142adca, skoro nie wystarczy\u0142o mu nieszcz\u0119\u015bcie, jakim by\u0142a \u015bmier\u0107 pierworodnych z jego narodu, i\u017c <b>postanowi\u0142 dalej stawa\u0107 kantem<\/b> przeciwko mocy Boga i jednak zatrzyma\u0107 Izraelit\u00f3w. Jak wielka mo\u017ce by\u0107 ludzka z\u0142o\u015b\u0107!<b> Jak straszna mo\u017ce by\u0107 nienawi\u015b\u0107 w<\/b> sercu i w umy\u015ble cz\u0142owieka! Jak \u015blepa, jak nieracjonalna! Zwykle obraca si\u0119 ona <b>przeciwko temu, kto nienawidzi <\/b>\u2013 o wiele bardziej, ni\u017c przeciw temu, kt\u00f3rego si\u0119 nienawidzi. <\/span><\/span><\/span><\/p>\n<p align=\"justify\"><span style=\"color: #000000;\"><span style=\"font-family: Book Antiqua, serif;\"><span style=\"font-size: large;\">Natomiast \u2013 w\u0142a\u015bnie \u2013 <b>dotyka przy okazji ludzi zupe\u0142nie niewinnych, <\/b>jak chocia\u017cby \u017co\u0142nierzy faraona. Czym\u017ce oni zawinili, \u017ce skazani zostali na \u015bmier\u0107 w wodach Morza Czerwonego? <b>Dlaczego dla samej tylko fanaberii w\u0142adcy musieli odda\u0107 \u017cycie?<\/b> I to jest druga my\u015bl, kt\u00f3ra dzisiaj si\u0119 wy\u0142ania, a kt\u00f3r\u0105 polska Poetka wyrazi\u0142a w s\u0142owach:<b> \u201eA najdzielniej bij\u0105 kr\u00f3le, a najg\u0119\u015bciej gin\u0105 ch\u0142op<\/b><b>y!<\/b><b>\u201d <\/b>No, niestety\u2026<\/span><\/span><\/span><\/p>\n<p align=\"justify\"><span style=\"color: #000000;\"><span style=\"font-family: Book Antiqua, serif;\"><span style=\"font-size: large;\">Ksi\u0105dz Marek cz\u0119sto m\u00f3wi <b>o m\u0142odych ludziach<\/b> \u2013 tak\u017ce z Jego Parafii \u2013 kt\u00f3rzy z wojny, rozp\u0119tanej przez rosyjskiego zbrodniarza, <b>wracaj\u0105 w trumnach. <\/b>Tak, m\u0142odzi Rosjanie, kt\u00f3rzy nigdy nie chcieli tej wojny \u2013 i nadal nie chc\u0105! Dlaczego dla fanaberii tego chorego z nienawi\u015bci cz\u0142owieka na Kremlu i jego poplecznik\u00f3w \u2013 <b>matki musz\u0105 op\u0142akiwa\u0107 \u015bmier\u0107 swoich syn\u00f3w? <\/b>Ksi\u0105dz Marek te\u017c cz\u0119sto opowiada, \u017ce kiedy modli si\u0119 ze swoimi Parafianami i daje im mo\u017cliwo\u015b\u0107 spontanicznego wypowiedzenia intencji do modlitwy, to szczeg\u00f3lnie dzieci, na pierwszym miejscu, <b>wypowiadaj\u0105 pro\u015bb\u0119 o pok\u00f3j\u2026 <\/b><\/span><\/span><\/span><\/p>\n<p align=\"justify\"><span style=\"color: #000000;\"><span style=\"font-family: Book Antiqua, serif;\"><span style=\"font-size: large;\">Kolejna my\u015bl wi\u0105\u017ce si\u0119 ju\u017c <b>z postaw\u0105 Izraelit\u00f3w,<\/b> a szczeg\u00f3lnie z tymi ich s\u0142owami, skierowanymi do Moj\u017cesza: <i><b>Czy\u017c brakowa\u0142o grob\u00f3w w Egipcie, \u017ce nas tu przyprowadzi\u0142e\u015b, aby\u015bmy pomarli na pustyni? C\u00f3\u017c za us\u0142ug\u0119 wy\u015bwiadczy\u0142e\u015b nam przez to, \u017ce wyprowadzi\u0142e\u015b nas z Egiptu? Czy\u017c nie m\u00f3wili\u015bmy ci wyra\u017anie w Egipcie: \u00abZostaw nas w spokoju, chcemy s\u0142u\u017cy\u0107 Egipcjanom\u00bb? Lepiej bowiem nam by\u0142o s\u0142u\u017cy\u0107 im, ni\u017c umiera\u0107 na tej pustyni. <\/b><\/i><\/span><\/span><\/span><\/p>\n<p align=\"justify\"><span style=\"color: #000000;\"><span style=\"font-family: Book Antiqua, serif;\"><span style=\"font-size: large;\">Nie wiem, czy mo\u017cna sobie wyobrazi\u0107 <b>wi\u0119ksz\u0105 bezczelno\u015b\u0107 i arogancj\u0119, <\/b>skierowan\u0105 nawet nie tylko przeciwko Moj\u017ceszowi, ale przede wszystkim \u2013 <b>przeciwko samemu Bogu?!<\/b> Pierwsza trudno\u015b\u0107, na jak\u0105 natrafili, natychmiast powoduje, \u017ce <b>odwracaj\u0105 si\u0119 od Boga i nie widz\u0105 ca\u0142ego tego dobra,<\/b> jakiego w spos\u00f3b cudowny do\u015bwiadczyli! Naprawd\u0119,<b> jak\u017ce wielk\u0105 by\u0142a cierpliwo\u015b\u0107 Boga, ale i Moj\u017cesza,<\/b> kt\u00f3ry zamiast rozp\u0119dzi\u0107 ca\u0142e to towarzystwo na cztery wiatry, a a zaj\u0105\u0107 si\u0119 swoim \u017cyciem i swoimi sprawami, pociesza\u0142 ich jeszcze i podtrzymywa\u0142 na duchu: <i><b>Nie b\u00f3jcie si\u0119! Pozosta\u0144cie na swoim miejscu, a zobaczycie zbawienie Pana,<\/b><\/i><b> kt\u00f3re zgotuje <\/b><i><b>nam dzisiaj. Egipcjan, kt\u00f3rych widzicie teraz, nie b\u0119dziecie ju\u017c nigdy ogl\u0105da\u0107. Pan b\u0119dzie walczy\u0142 za was, a wy b\u0119dziecie spokojni.<\/b><\/i><b> <\/b>B\u00f3g te\u017c nie zes\u0142a\u0142 na nich \u017cadnej kary za niepos\u0142usze\u0144stwo i g\u0142upot\u0119, tylko wskaza\u0142 Moj\u017ceszowi, co ma zrobi\u0107, \u017ceby uratowa\u0107 nar\u00f3d. O, wielka ludzka \u015blepoto i g\u0142upoto, o ludzka przewrotno\u015bci! A na tym tle: <b>O, wielka cierpliwo\u015bci Boga!<\/b><\/span><\/span><\/span><\/p>\n<p align=\"justify\"><span style=\"color: #000000;\"><span style=\"font-family: Book Antiqua, serif;\"><span style=\"font-size: large;\">A kolejna my\u015bl dotyczy ju\u017c Ewangelii \u2013 i \u017c\u0105dania, skierowanego przez niekt\u00f3rych uczonych w Pi\u015bmie i faryzeusz\u00f3w: <i><b>Nauczycielu, chcieli\u015bmy jaki\u015b znak widzie\u0107 od Ciebie.<\/b><\/i><b> <\/b>Jak s\u0142yszeli\u015bmy, Jezus odpowiedzia\u0142:<i> <\/i><i><b>Plemi\u0119 przewrotne i wiaro\u0142omne \u017c\u0105da znaku, ale \u017caden znak nie b\u0119dzie mu dany, pr\u00f3cz znaku proroka Jonasza. Albowiem jak Jonasz by\u0142 trzy dni i trzy noce we wn\u0119trzno\u015bciach wielkiej ryby, tak Syn Cz\u0142owieczy b\u0119dzie trzy dni i trzy noce w \u0142onie ziemi. <\/b><\/i><\/span><\/span><\/span><\/p>\n<p align=\"justify\"><span style=\"color: #000000;\"><span style=\"font-family: Book Antiqua, serif;\"><span style=\"font-size: large;\">Dok\u0142adnie tak: to plemi\u0119 przewrotne \u017c\u0105da znaku<b> nie po to, aby wzmocni\u0107 swoj\u0105 wiar\u0119, <\/b>bo o \u017cadnej wierze w ich przypadku mowy nie ma. Oni \u017c\u0105dali znaku,<b> by si\u0119 nim \u201ezabawi\u0107\u201d,<\/b> by zaspokoi\u0107 swoj\u0105 pr\u00f3\u017cno\u015b\u0107. I dlatego Jezus m\u00f3wi im, \u017ce zobacz\u0105 dopiero najwi\u0119kszy ze znak\u00f3w, symbolizowany przez histori\u0119 Jonasza, <b>a wi\u0119c Zmartwychwstanie. <\/b>Kt\u00f3re tak\u017ce \u2013 powiedzmy to jasno \u2013 pr\u00f3bowali ukry\u0107 lub przek\u0142ama\u0107. <\/span><\/span><\/span><\/p>\n<p align=\"justify\"><span style=\"color: #000000;\"><span style=\"font-family: Book Antiqua, serif;\"><span style=\"font-size: large;\">Natomiast znak Jonasza \u2013 sam w sobie \u2013 polega\u0142 dok\u0142adnie na tym, <b>\u017ce Prorok wype\u0142ni\u0142 po prostu Bo\u017ce polecenie, <\/b>by p\u00f3j\u015b\u0107 do Niniwy i wezwa\u0107 j\u0105 do nawr\u00f3cenia. Jak wiemy, chocia\u017c z wielkimi oporami i zbuntowany, ale <b>jednak <\/b><b>poszed\u0142 i w<\/b><b>ez<\/b><b>wa\u0142,<\/b> a kiedy Niniwa si\u0119 nawr\u00f3ci\u0142a i Pan ocali\u0142 j\u0105 od zniszczenia, to ten z kolei zbuntowa\u0142 si\u0119, wr\u0119cz obrazi\u0142 si\u0119 na Boga:<b> dlaczego nie zniszczy\u0142 tak grzesznego miasta?! <\/b>I to jest w\u0142a\u015bnie znak Jonasza w ca\u0142ej swej pe\u0142ni: <b>pe\u0142nie mi\u0142o\u015bci i troski dzia\u0142anie Boga \u2013 i op\u00f3r cz\u0142owieka. <\/b>Zar\u00f3wno w pierwszym czytaniu, jak i w Ewangelii, o tym mowa. <\/span><\/span><\/span><\/p>\n<p align=\"justify\"><span style=\"color: #000000;\"><span style=\"font-family: Book Antiqua, serif;\"><span style=\"font-size: large;\">Niestety, zar\u00f3wno w jednym, jak i w drugim tek\u015bcie mocno wybrzmiewa ta prawda, \u017ce <b>na tym bezsensownym oporze traci tylko cz\u0142owiek. <\/b>Ten, kt\u00f3ry si\u0119 buntuje, ale \u2013 i to w tym wszystkim najgorsze \u2013 <b>ilu\u015b niewinnych ludzi wok\u00f3\u0142 niego, <\/b>kt\u00f3rzy albo pozostaj\u0105 w jakiej\u015b zale\u017cno\u015bci od niego, albo pozostaj\u0105 \u201ew polu ra\u017cenia\u201d jego g\u0142upoty i uporu. <\/span><\/span><\/span><\/p>\n<p align=\"justify\"><span style=\"color: #000000;\"><span style=\"font-family: Book Antiqua, serif;\"><span style=\"font-size: large;\">Dlatego niech nasz\u0105 odpowiedzi\u0105 na dzisiejsze Bo\u017ce przes\u0142anie b\u0119dzie<b> pos\u0142usze\u0144stwo Jezusowi i Jego Ewangelii,<\/b> niech b\u0119dzie nasz sta\u0142y z Nim kontakt i wsp\u00f3\u0142praca, aby On m\u00f3g\u0142 \u2013 w\u0142a\u015bnie w takiej atmosferze \u2013 <b>dokonywa\u0107 prawdziwych znak\u00f3w i cud\u00f3w<\/b> w naszym \u017cyciu. Bo On ich naprawd\u0119 dokonuje i nam je daje, tylko my ich albo w og\u00f3le<b> nie dostrzegamy,<\/b> albo ich <b>nie doceniamy, <\/b>albo <b>chcemy jakich\u015b innych.<\/b> A tymczasem, samo to, \u017ce Jezus do nas m\u00f3wi, \u017ce mamy Jego s\u0142owo, \u017ce znamy Jego wol\u0119, \u017ce mamy Jego Sakramenty, \u017ce mo\u017cemy z Nim rozmawia\u0107, \u017ce <b>otrzymujemy Jego \u0142aski i natchnienia,<\/b> \u017ce mamy te\u017c wok\u00f3\u0142 siebie tak wielu dobrych ludzi \u2013 jakie\u017c to s\u0105 wielkie cuda Bo\u017cej mi\u0142o\u015bci! <\/span><\/span><\/span><\/p>\n<p align=\"justify\"><span style=\"color: #000000;\"><span style=\"font-family: Book Antiqua, serif;\"><span style=\"font-size: large;\">I \u017ce <b>mamy Jego zaproszenie do wsp\u00f3\u0142pracy,<\/b> kt\u00f3re jest znakiem Jego<b> ogromnego zaufania i mi\u0142o\u015bci do nas, <\/b>a my \u2013 jak to plemi\u0119 przewrotne \u2013 <b>nadal chcemy jakiego\u015b znaku,<\/b> bo chocia\u017c doskonale wiemy i widzimy, czego Pan od nas oczekuje i gdzie by nas widzia\u0142, i co w zwi\u0105zku z tym powinni\u015bmy w \u017cyciu robi\u0107, <b>to my jednak swoje: <\/b>\u017ce to nie to, \u017ce moje jednak co innego, albo \u017ce <b>jeszcze poczekamy na lepsze okoliczno\u015bci,<\/b> albo na nowe znaki. <\/span><\/span><\/span><\/p>\n<p align=\"justify\"><span style=\"color: #000000;\"><span style=\"font-family: Book Antiqua, serif;\"><span style=\"font-size: large;\">I tak <b>czas ucieka, robota czeka, <\/b>a okazje do uczynienia konkretnego dobra s\u0105 marnowane. I to zar\u00f3wno w tym <b>wymiarze ca\u0142ego \u017cycia,<\/b> gdy chodzi o wyb\u00f3r drogi swego powo\u0142ania, jak i <b>w tym wymiarze codziennym, <\/b>kiedy tyle dobrych my\u015bli i natchnie\u0144 gdzie\u015b nam <b>przed oczami przechodzi i przez palce przecieka,<\/b> bo my \u2013 jak to plemi\u0119 przewrotne \u2013 <b>ci\u0105gle <\/b><b>\u017c\u0105damy <\/b><b>nowego <\/b><b>znaku.<\/b> Jakiego\u015b znaku\u2026<\/span><\/span><\/span><\/p>\n<p align=\"justify\"><span style=\"color: #000000;\"><span style=\"font-family: Book Antiqua, serif;\"><span style=\"font-size: large;\"><b>Panie, otw\u00f3rz nasze oczy, umys\u0142y i serca na Twoje znaki,<\/b> kt\u00f3rych tyle ju\u017c nam da\u0142e\u015b i codziennie dajesz. I nie pozw\u00f3l czeka\u0107 na nast\u0119pne i \u017c\u0105da\u0107 nast\u0119pnych, tylko nas <b>zago\u0144 wreszcie do roboty!<\/b><\/span><\/span><\/span><\/p>\n","protected":false},"excerpt":{"rendered":"<p>Szcz\u0119\u015b\u0107 Bo\u017ce! Drodzy moi, w dniu dzisiejszym urodziny prze\u017cywaj\u0105: \u25baAnna Ko\u0142odziejczuk \u2013 moja Kole\u017canka i Fryzjerka od wielu lat; \u25baAdam Lipka \u2013 Lektor z mojej rodzinnej Parafii i bardzo \u017cyczliwy Cz\u0142owiek, zaanga\u017cowany w dzia\u0142alno\u015b\u0107 m\u0142odzie\u017cow\u0105 w Parafii, Cz\u0142onek FORMACJI \u00abSPE SALVI\u00bb, \u017bycz\u0119 odkrywania ogromu Bo\u017cych znak\u00f3w, jakich Pan udziela \u2013 i oby ich zawsze udziela\u0142! [&hellip;]<\/p>\n","protected":false},"author":1,"featured_media":0,"comment_status":"open","ping_status":"open","sticky":false,"template":"","format":"standard","meta":{"jetpack_post_was_ever_published":false,"_jetpack_newsletter_access":"","_jetpack_dont_email_post_to_subs":false,"_jetpack_newsletter_tier_id":0,"_jetpack_memberships_contains_paywalled_content":false,"_jetpack_memberships_contains_paid_content":false,"footnotes":""},"categories":[1],"tags":[],"class_list":["post-24013","post","type-post","status-publish","format-standard","hentry","category-bez-kategorii"],"yoast_head":"<!-- This site is optimized with the Yoast SEO plugin v25.1 - https:\/\/yoast.com\/wordpress\/plugins\/seo\/ -->\n<title>Czy cuda nam si\u0119 nale\u017c\u0105?... - Gaudium Et Spes<\/title>\n<meta name=\"robots\" content=\"index, follow, max-snippet:-1, max-image-preview:large, max-video-preview:-1\" \/>\n<link rel=\"canonical\" href=\"https:\/\/gaudiumetspes-blog.pl\/index.php\/2025\/07\/21\/czy-cuda-nam-sie-naleza\/\" \/>\n<meta property=\"og:locale\" content=\"pl_PL\" \/>\n<meta property=\"og:type\" content=\"article\" \/>\n<meta property=\"og:title\" content=\"Czy cuda nam si\u0119 nale\u017c\u0105?... - Gaudium Et Spes\" \/>\n<meta property=\"og:description\" content=\"Szcz\u0119\u015b\u0107 Bo\u017ce! Drodzy moi, w dniu dzisiejszym urodziny prze\u017cywaj\u0105: \u25baAnna Ko\u0142odziejczuk \u2013 moja Kole\u017canka i Fryzjerka od wielu lat; \u25baAdam Lipka \u2013 Lektor z mojej rodzinnej Parafii i bardzo \u017cyczliwy Cz\u0142owiek, zaanga\u017cowany w dzia\u0142alno\u015b\u0107 m\u0142odzie\u017cow\u0105 w Parafii, Cz\u0142onek FORMACJI \u00abSPE SALVI\u00bb, \u017bycz\u0119 odkrywania ogromu Bo\u017cych znak\u00f3w, jakich Pan udziela \u2013 i oby ich zawsze udziela\u0142! [&hellip;]\" \/>\n<meta property=\"og:url\" content=\"https:\/\/gaudiumetspes-blog.pl\/index.php\/2025\/07\/21\/czy-cuda-nam-sie-naleza\/\" \/>\n<meta property=\"og:site_name\" content=\"Gaudium Et Spes\" \/>\n<meta property=\"article:published_time\" content=\"2025-07-21T07:25:20+00:00\" \/>\n<meta name=\"author\" content=\"Ks. Jacek\" \/>\n<meta name=\"twitter:card\" content=\"summary_large_image\" \/>\n<meta name=\"twitter:label1\" content=\"Napisane przez\" \/>\n\t<meta name=\"twitter:data1\" content=\"Ks. Jacek\" \/>\n\t<meta name=\"twitter:label2\" content=\"Szacowany czas czytania\" \/>\n\t<meta name=\"twitter:data2\" content=\"11 minut\" \/>\n<script type=\"application\/ld+json\" class=\"yoast-schema-graph\">{\"@context\":\"https:\/\/schema.org\",\"@graph\":[{\"@type\":\"WebPage\",\"@id\":\"https:\/\/gaudiumetspes-blog.pl\/index.php\/2025\/07\/21\/czy-cuda-nam-sie-naleza\/\",\"url\":\"https:\/\/gaudiumetspes-blog.pl\/index.php\/2025\/07\/21\/czy-cuda-nam-sie-naleza\/\",\"name\":\"Czy cuda nam si\u0119 nale\u017c\u0105?... - Gaudium Et Spes\",\"isPartOf\":{\"@id\":\"https:\/\/gaudiumetspes-blog.pl\/#website\"},\"datePublished\":\"2025-07-21T07:25:20+00:00\",\"author\":{\"@id\":\"https:\/\/gaudiumetspes-blog.pl\/#\/schema\/person\/1661982992b752dea8dff0d4ed845a65\"},\"breadcrumb\":{\"@id\":\"https:\/\/gaudiumetspes-blog.pl\/index.php\/2025\/07\/21\/czy-cuda-nam-sie-naleza\/#breadcrumb\"},\"inLanguage\":\"pl-PL\",\"potentialAction\":[{\"@type\":\"ReadAction\",\"target\":[\"https:\/\/gaudiumetspes-blog.pl\/index.php\/2025\/07\/21\/czy-cuda-nam-sie-naleza\/\"]}]},{\"@type\":\"BreadcrumbList\",\"@id\":\"https:\/\/gaudiumetspes-blog.pl\/index.php\/2025\/07\/21\/czy-cuda-nam-sie-naleza\/#breadcrumb\",\"itemListElement\":[{\"@type\":\"ListItem\",\"position\":1,\"name\":\"Strona g\u0142\u00f3wna\",\"item\":\"https:\/\/gaudiumetspes-blog.pl\/\"},{\"@type\":\"ListItem\",\"position\":2,\"name\":\"Czy cuda nam si\u0119 nale\u017c\u0105?&#8230;\"}]},{\"@type\":\"WebSite\",\"@id\":\"https:\/\/gaudiumetspes-blog.pl\/#website\",\"url\":\"https:\/\/gaudiumetspes-blog.pl\/\",\"name\":\"Gaudium Et Spes\",\"description\":\"Blog Ks. Jacka Ja\u015bkowskiego\",\"potentialAction\":[{\"@type\":\"SearchAction\",\"target\":{\"@type\":\"EntryPoint\",\"urlTemplate\":\"https:\/\/gaudiumetspes-blog.pl\/?s={search_term_string}\"},\"query-input\":{\"@type\":\"PropertyValueSpecification\",\"valueRequired\":true,\"valueName\":\"search_term_string\"}}],\"inLanguage\":\"pl-PL\"},{\"@type\":\"Person\",\"@id\":\"https:\/\/gaudiumetspes-blog.pl\/#\/schema\/person\/1661982992b752dea8dff0d4ed845a65\",\"name\":\"Ks. Jacek\",\"image\":{\"@type\":\"ImageObject\",\"inLanguage\":\"pl-PL\",\"@id\":\"https:\/\/gaudiumetspes-blog.pl\/#\/schema\/person\/image\/\",\"url\":\"https:\/\/gaudiumetspes-blog.pl\/wp-content\/uploads\/2019\/07\/avatar-JJ-150x150.jpg\",\"contentUrl\":\"https:\/\/gaudiumetspes-blog.pl\/wp-content\/uploads\/2019\/07\/avatar-JJ-150x150.jpg\",\"caption\":\"Ks. Jacek\"},\"description\":\"Witam serdecznie! K\u0142ania si\u0119 Ks. Jacek Ja\u015bkowski. Nie jestem ani kim\u015b wa\u017cnym, ani kim\u015b znanym. Jestem ksi\u0119dzem, kt\u00f3ry po prostu chce rozmawia\u0107. Codzienna kap\u0142a\u0144ska pos\u0142uga pokazuje mi, \u017ce temat\u00f3w do rozm\u00f3w z ksi\u0119dzem jest coraz wi\u0119cej i dzisiaj \u017caden ksi\u0105dz nie mo\u017ce od nich ucieka\u0107, ale - wprost przeciwnie - podejmowa\u0107 nowe wyzwania. To przekonanie sk\u0142oni\u0142o mnie do pr\u00f3by otwarcia tego\u017c bloga, chocia\u017c okazji do rozm\u00f3w na co dzie\u0144 - w konfesjonale i poza nim - na szcz\u0119\u015bcie nie brakuje. My\u015bl\u0119 jednak, \u017ce ten blog b\u0119dzie jeszcze jednym sposobem i przestrzeni\u0105 nawi\u0105zania kontaktu z lud\u017ami dobrej woli, otwartymi na dialog.\",\"url\":\"https:\/\/gaudiumetspes-blog.pl\/index.php\/author\/ks-jacek\/\"}]}<\/script>\n<!-- \/ Yoast SEO plugin. -->","yoast_head_json":{"title":"Czy cuda nam si\u0119 nale\u017c\u0105?... - Gaudium Et Spes","robots":{"index":"index","follow":"follow","max-snippet":"max-snippet:-1","max-image-preview":"max-image-preview:large","max-video-preview":"max-video-preview:-1"},"canonical":"https:\/\/gaudiumetspes-blog.pl\/index.php\/2025\/07\/21\/czy-cuda-nam-sie-naleza\/","og_locale":"pl_PL","og_type":"article","og_title":"Czy cuda nam si\u0119 nale\u017c\u0105?... - Gaudium Et Spes","og_description":"Szcz\u0119\u015b\u0107 Bo\u017ce! Drodzy moi, w dniu dzisiejszym urodziny prze\u017cywaj\u0105: \u25baAnna Ko\u0142odziejczuk \u2013 moja Kole\u017canka i Fryzjerka od wielu lat; \u25baAdam Lipka \u2013 Lektor z mojej rodzinnej Parafii i bardzo \u017cyczliwy Cz\u0142owiek, zaanga\u017cowany w dzia\u0142alno\u015b\u0107 m\u0142odzie\u017cow\u0105 w Parafii, Cz\u0142onek FORMACJI \u00abSPE SALVI\u00bb, \u017bycz\u0119 odkrywania ogromu Bo\u017cych znak\u00f3w, jakich Pan udziela \u2013 i oby ich zawsze udziela\u0142! [&hellip;]","og_url":"https:\/\/gaudiumetspes-blog.pl\/index.php\/2025\/07\/21\/czy-cuda-nam-sie-naleza\/","og_site_name":"Gaudium Et Spes","article_published_time":"2025-07-21T07:25:20+00:00","author":"Ks. Jacek","twitter_card":"summary_large_image","twitter_misc":{"Napisane przez":"Ks. Jacek","Szacowany czas czytania":"11 minut"},"schema":{"@context":"https:\/\/schema.org","@graph":[{"@type":"WebPage","@id":"https:\/\/gaudiumetspes-blog.pl\/index.php\/2025\/07\/21\/czy-cuda-nam-sie-naleza\/","url":"https:\/\/gaudiumetspes-blog.pl\/index.php\/2025\/07\/21\/czy-cuda-nam-sie-naleza\/","name":"Czy cuda nam si\u0119 nale\u017c\u0105?... - Gaudium Et Spes","isPartOf":{"@id":"https:\/\/gaudiumetspes-blog.pl\/#website"},"datePublished":"2025-07-21T07:25:20+00:00","author":{"@id":"https:\/\/gaudiumetspes-blog.pl\/#\/schema\/person\/1661982992b752dea8dff0d4ed845a65"},"breadcrumb":{"@id":"https:\/\/gaudiumetspes-blog.pl\/index.php\/2025\/07\/21\/czy-cuda-nam-sie-naleza\/#breadcrumb"},"inLanguage":"pl-PL","potentialAction":[{"@type":"ReadAction","target":["https:\/\/gaudiumetspes-blog.pl\/index.php\/2025\/07\/21\/czy-cuda-nam-sie-naleza\/"]}]},{"@type":"BreadcrumbList","@id":"https:\/\/gaudiumetspes-blog.pl\/index.php\/2025\/07\/21\/czy-cuda-nam-sie-naleza\/#breadcrumb","itemListElement":[{"@type":"ListItem","position":1,"name":"Strona g\u0142\u00f3wna","item":"https:\/\/gaudiumetspes-blog.pl\/"},{"@type":"ListItem","position":2,"name":"Czy cuda nam si\u0119 nale\u017c\u0105?&#8230;"}]},{"@type":"WebSite","@id":"https:\/\/gaudiumetspes-blog.pl\/#website","url":"https:\/\/gaudiumetspes-blog.pl\/","name":"Gaudium Et Spes","description":"Blog Ks. Jacka Ja\u015bkowskiego","potentialAction":[{"@type":"SearchAction","target":{"@type":"EntryPoint","urlTemplate":"https:\/\/gaudiumetspes-blog.pl\/?s={search_term_string}"},"query-input":{"@type":"PropertyValueSpecification","valueRequired":true,"valueName":"search_term_string"}}],"inLanguage":"pl-PL"},{"@type":"Person","@id":"https:\/\/gaudiumetspes-blog.pl\/#\/schema\/person\/1661982992b752dea8dff0d4ed845a65","name":"Ks. Jacek","image":{"@type":"ImageObject","inLanguage":"pl-PL","@id":"https:\/\/gaudiumetspes-blog.pl\/#\/schema\/person\/image\/","url":"https:\/\/gaudiumetspes-blog.pl\/wp-content\/uploads\/2019\/07\/avatar-JJ-150x150.jpg","contentUrl":"https:\/\/gaudiumetspes-blog.pl\/wp-content\/uploads\/2019\/07\/avatar-JJ-150x150.jpg","caption":"Ks. Jacek"},"description":"Witam serdecznie! K\u0142ania si\u0119 Ks. Jacek Ja\u015bkowski. Nie jestem ani kim\u015b wa\u017cnym, ani kim\u015b znanym. Jestem ksi\u0119dzem, kt\u00f3ry po prostu chce rozmawia\u0107. Codzienna kap\u0142a\u0144ska pos\u0142uga pokazuje mi, \u017ce temat\u00f3w do rozm\u00f3w z ksi\u0119dzem jest coraz wi\u0119cej i dzisiaj \u017caden ksi\u0105dz nie mo\u017ce od nich ucieka\u0107, ale - wprost przeciwnie - podejmowa\u0107 nowe wyzwania. To przekonanie sk\u0142oni\u0142o mnie do pr\u00f3by otwarcia tego\u017c bloga, chocia\u017c okazji do rozm\u00f3w na co dzie\u0144 - w konfesjonale i poza nim - na szcz\u0119\u015bcie nie brakuje. My\u015bl\u0119 jednak, \u017ce ten blog b\u0119dzie jeszcze jednym sposobem i przestrzeni\u0105 nawi\u0105zania kontaktu z lud\u017ami dobrej woli, otwartymi na dialog.","url":"https:\/\/gaudiumetspes-blog.pl\/index.php\/author\/ks-jacek\/"}]}},"jetpack_featured_media_url":"","jetpack_sharing_enabled":true,"_links":{"self":[{"href":"https:\/\/gaudiumetspes-blog.pl\/index.php\/wp-json\/wp\/v2\/posts\/24013","targetHints":{"allow":["GET"]}}],"collection":[{"href":"https:\/\/gaudiumetspes-blog.pl\/index.php\/wp-json\/wp\/v2\/posts"}],"about":[{"href":"https:\/\/gaudiumetspes-blog.pl\/index.php\/wp-json\/wp\/v2\/types\/post"}],"author":[{"embeddable":true,"href":"https:\/\/gaudiumetspes-blog.pl\/index.php\/wp-json\/wp\/v2\/users\/1"}],"replies":[{"embeddable":true,"href":"https:\/\/gaudiumetspes-blog.pl\/index.php\/wp-json\/wp\/v2\/comments?post=24013"}],"version-history":[{"count":1,"href":"https:\/\/gaudiumetspes-blog.pl\/index.php\/wp-json\/wp\/v2\/posts\/24013\/revisions"}],"predecessor-version":[{"id":24014,"href":"https:\/\/gaudiumetspes-blog.pl\/index.php\/wp-json\/wp\/v2\/posts\/24013\/revisions\/24014"}],"wp:attachment":[{"href":"https:\/\/gaudiumetspes-blog.pl\/index.php\/wp-json\/wp\/v2\/media?parent=24013"}],"wp:term":[{"taxonomy":"category","embeddable":true,"href":"https:\/\/gaudiumetspes-blog.pl\/index.php\/wp-json\/wp\/v2\/categories?post=24013"},{"taxonomy":"post_tag","embeddable":true,"href":"https:\/\/gaudiumetspes-blog.pl\/index.php\/wp-json\/wp\/v2\/tags?post=24013"}],"curies":[{"name":"wp","href":"https:\/\/api.w.org\/{rel}","templated":true}]}}