{"id":24122,"date":"2025-08-31T07:34:06","date_gmt":"2025-08-31T05:34:06","guid":{"rendered":"https:\/\/gaudiumetspes-blog.pl\/?p=24122"},"modified":"2025-08-31T07:34:06","modified_gmt":"2025-08-31T05:34:06","slug":"wielki-jest-pokorny","status":"publish","type":"post","link":"https:\/\/gaudiumetspes-blog.pl\/index.php\/2025\/08\/31\/wielki-jest-pokorny\/","title":{"rendered":"Wielki &#8211; jest pokorny!"},"content":{"rendered":"<p align=\"justify\"><span style=\"color: #000000;\"><span style=\"font-family: Book Antiqua, serif;\"><span style=\"font-size: large;\">Niech b\u0119dzie pochwalony Jezus Chrystus! Drodzy moi, <b>w dniu dzisiejszym urodziny<\/b><b> prze\u017cywa Ksi\u0105dz Kanonik Doktor Jacek Sereda, Dziekan naszego Kursu, <\/b><b>do niedawna: <\/b><b>Diecezjalny Duszpasterz Rodzin, <\/b><b>a obecnie: Proboszcz i Dziekan w Wisznicach; a tak w og\u00f3le, to <\/b><b>wspania\u0142y Duszpasterz i Rekolekcjonista, a <\/b><b>do tego<\/b><b>: Potomek B\u0142ogos\u0142awionych Unit\u00f3w Podlaskich i pochodz\u0105cy z Parafii Pratulin. Dzi\u0119kuj\u0105c Jubilatowi za wielorakie i owocne zaanga\u017cowanie w budowanie kr\u00f3lestwa Bo\u017cego w sercach ludzi i kszta\u0142towaniu katolickiego obrazu rodziny \u2013 \u017cycz\u0119 niegasn\u0105cego zapa\u0142u i tej wielkiej gorliwo\u015bci, z jakiej jest znany. Niech B\u00f3g Mu we wszystkim b\u0142ogos\u0142awi \u2013 o co <\/b><b>modl\u0119 si\u0119<\/b><b> przez wstawiennictwo Matki Bo\u017cej Kode\u0144skiej i B\u0142ogos\u0142awionych M\u0119czennik\u00f3w Podlaskich.<\/b><\/span><\/span><\/span><\/p>\n<p align=\"justify\"><span style=\"color: #000000;\"><span style=\"font-family: Book Antiqua, serif;\"><span style=\"font-size: large;\">Drodzy moi, wczoraj przed po\u0142udniem i w po\u0142udnie uda\u0142o nam si\u0119 zwiedzi\u0107 Coloseum, Forum Romanum i Palatyn, a po po\u0142udniu wi\u0119ksza cz\u0119\u015b\u0107 Grupy uda\u0142a si\u0119 nad morze, a ja z Jankiem pojechali\u015bmy jeszcze raz do Bazyliki \u015awi\u0119tego Piotra. Wieczorem, ju\u017c w hotelu, by\u0142a Msza \u015awi\u0119ta, po niej ostatnia z naszych stylowych kolacji, a potem: podsumowanie wyjazdu, w jednym z hotelowych pokoj\u00f3w.<\/span><\/span><\/span><\/p>\n<p align=\"justify\"><span style=\"color: #000000;\"><span style=\"font-family: Book Antiqua, serif;\"><span style=\"font-size: large;\">Dzisiaj wyje\u017cd\u017camy, kieruj\u0105c si\u0119 na Monte Cassino, gdzie planujemy Msz\u0119 \u015awi\u0119t\u0105, a potem ju\u017c podr\u00f3\u017c do Polski.<\/span><\/span><\/span><\/p>\n<p align=\"justify\"><span style=\"color: #000000;\"><span style=\"font-family: Book Antiqua, serif;\"><span style=\"font-size: large;\">Bogu dzi\u0119kuj\u0119 za ten czas! A na d\u0142u\u017csze i bardziej szczeg\u00f3\u0142owe podsumowania przyjdzie czas p\u00f3\u017aniej.<\/span><\/span><\/span><\/p>\n<p align=\"justify\"><span style=\"color: #000000;\"><span style=\"font-family: Book Antiqua, serif;\"><span style=\"font-size: large;\">Tymczasem, zapraszam ju\u017c do pochylenia si\u0119 nad Bo\u017cym s\u0142owem dzisiejszej liturgii. Oto s\u0142\u00f3wko Ksi\u0119dza Marka na dzi\u015b:<\/span><\/span><\/span><\/p>\n<p align=\"justify\"><span style=\"color: #000000;\"><span style=\"font-family: Book Antiqua, serif;\"><span style=\"font-size: medium;\"><a href=\"https:\/\/www.youtube.com\/c\/CatholicSurgut\"><span style=\"font-size: large;\"><span lang=\"zxx\"><u><b>https:\/\/www.youtube.com\/c\/CatholicSurgut<\/b><\/u><\/span><\/span><\/a><\/span><\/span><\/span><\/p>\n<p align=\"justify\"><span style=\"color: #000000;\"><span style=\"font-family: Book Antiqua, serif;\"><span style=\"font-size: large;\">Zatem, <b>c<\/b><b>o dzi\u015b m\u00f3wi do mnie Pan? Z jakim przes\u0142aniem w\u0142a\u015bnie do mnie si\u0119 zwraca?<\/b> Duchu \u015awi\u0119ty, tchnij!<\/span><\/span><\/span><\/p>\n<p align=\"justify\"><span style=\"color: #000000;\"><span style=\"font-family: Book Antiqua, serif;\"><span style=\"font-size: large;\"><b>N<\/b><b>iech Was b\u0142ogos\u0142awi B\u00f3g Wszechmog\u0105cy: Ojciec + i Syn, i Duch \u015awi\u0119ty. Amen<\/b><\/span><\/span><\/span><\/p>\n<p align=\"center\"><span style=\"color: #000000;\"><span style=\"font-family: Book Antiqua, serif;\"><span style=\"font-size: large;\">Gaudium et spes! Ks. Jacek<\/span><\/span><\/span><\/p>\n<p align=\"center\">\n<p align=\"center\">\n<p align=\"center\">\n<p align=\"center\">\n<p align=\"center\">\n<p align=\"justify\"><span style=\"color: #000000;\"><span style=\"font-family: Book Antiqua, serif;\"><span style=\"font-size: large;\"><b>22 Niedziela zwyk\u0142a, C,<\/b><\/span><\/span><\/span><\/p>\n<p align=\"justify\"><span style=\"color: #000000;\"><span style=\"font-family: Book Antiqua, serif;\"><span style=\"font-size: large;\"><b>31 sierpnia 2025.,<\/b><\/span><\/span><\/span><\/p>\n<p align=\"justify\"><span style=\"color: #000000;\"><span style=\"font-family: Book Antiqua, serif;\"><span style=\"font-size: large;\"><b>do czyta\u0144: Syr 3,17\u201318.20.28\u201329; Hbr 12,18\u201319.22\u201324a; \u0141k 14,1.7\u201314<\/b><\/span><\/span><\/span><\/p>\n<p align=\"justify\">\n<p align=\"justify\">\n<p align=\"justify\">\n<p align=\"justify\">\n<p align=\"justify\">\n<p align=\"justify\"><span style=\"color: #000000;\"><span style=\"font-family: Book Antiqua, serif;\"><span style=\"font-size: large;\"><b>CZYTANIE Z KSI\u0118GI SYRACYDESA:<\/b><\/span><\/span><\/span><\/p>\n<p align=\"justify\"><span style=\"color: #000000;\"><span style=\"font-family: Book Antiqua, serif;\"><span style=\"font-size: large;\"><b>Synu, z \u0142agodno\u015bci\u0105 wykonuj swe sprawy, a ka\u017cdy, kto jest prawy, b\u0119dzie ci\u0119 mi\u0142owa\u0142. O ile wielki jeste\u015b, o tyle si\u0119 uni\u017caj, a znajdziesz \u0142ask\u0119 u Pana. Wielka jest bowiem pot\u0119ga Pana i przez pokornych bywa chwalony.<\/b><\/span><\/span><\/span><\/p>\n<p align=\"justify\"><span style=\"color: #000000;\"><span style=\"font-family: Book Antiqua, serif;\"><span style=\"font-size: large;\"><b>Na chorob\u0119 pysza\u0142ka nie ma lekarstwa, albowiem nasienie z\u0142a w nim zapu\u015bci\u0142o korzenie. Serce rozumnego rozwa\u017ca przypowie\u015bci, a ucho s\u0142uchacza jest pragnieniem m\u0119drca.<\/b><\/span><\/span><\/span><\/p>\n<p align=\"justify\">\n<p align=\"justify\">\n<p align=\"justify\">\n<p align=\"justify\">\n<p align=\"justify\">\n<p align=\"justify\"><span style=\"color: #000000;\"><span style=\"font-family: Book Antiqua, serif;\"><span style=\"font-size: large;\"><b>CZYTANIE Z LISTU DO HEBRAJCZYK\u00d3W:<\/b><\/span><\/span><\/span><\/p>\n<p align=\"justify\"><span style=\"color: #000000;\"><span style=\"font-family: Book Antiqua, serif;\"><span style=\"font-size: large;\"><b>Bracia: Nie przyst\u0105pili\u015bcie do dotykalnego i p\u0142on\u0105cego ognia, do mg\u0142y, do ciemno\u015bci i burzy ani te\u017c do grzmi\u0105cych tr\u0105b i do takiego d\u017awi\u0119ku s\u0142\u00f3w, i\u017c wszyscy, kt\u00f3rzy go s\u0142yszeli, prosili, aby do nich nie m\u00f3wi\u0142.<\/b><\/span><\/span><\/span><\/p>\n<p align=\"justify\"><span style=\"color: #000000;\"><span style=\"font-family: Book Antiqua, serif;\"><span style=\"font-size: large;\"><b>Wy natomiast przyst\u0105pili\u015bcie do g\u00f3ry Syjon, do miasta Boga \u017cyj\u0105cego, Jeruzalem niebieskiego, do niezliczonej liczby anio\u0142\u00f3w, na uroczyste zebranie, do Ko\u015bcio\u0142a pierworodnych, kt\u00f3rzy s\u0105 zapisani w niebiosach, do Boga, kt\u00f3ry s\u0105dzi wszystkich, do duch\u00f3w sprawiedliwych, kt\u00f3re ju\u017c dosz\u0142y do celu, do po\u015brednika Nowego Testamentu, Jezusa.<\/b><\/span><\/span><\/span><\/p>\n<p align=\"justify\">\n<p align=\"justify\">\n<p align=\"justify\">\n<p align=\"justify\">\n<p align=\"justify\">\n<p align=\"justify\"><span style=\"color: #000000;\"><span style=\"font-family: Book Antiqua, serif;\"><span style=\"font-size: large;\"><b>S\u0141OWA EWANGELII WED\u0141UG \u015aWI\u0118TEGO \u0141UKASZA:<\/b><\/span><\/span><\/span><\/p>\n<p align=\"justify\"><span style=\"color: #000000;\"><span style=\"font-family: Book Antiqua, serif;\"><span style=\"font-size: large;\"><b>Gdy Jezus przyszed\u0142 do domu pewnego przyw\u00f3dcy faryzeusz\u00f3w, aby w szabat spo\u017cy\u0107 posi\u0142ek, oni Go \u015bledzili.<\/b><\/span><\/span><\/span><\/p>\n<p align=\"justify\"><span style=\"color: #000000;\"><span style=\"font-family: Book Antiqua, serif;\"><span style=\"font-size: large;\"><b>I opowiedzia\u0142 zaproszonym przypowie\u015b\u0107, gdy zauwa\u017cy\u0142, jak sobie wybierali pierwsze miejsca. Tak m\u00f3wi\u0142 do nich: \u201eJe\u015bli ci\u0119 kto zaprosi na uczt\u0119, nie zajmuj pierwszego miejsca; by czasem kto\u015b znakomitszy od ciebie nie by\u0142 zaproszony przez niego. W\u00f3wczas przyjdzie ten, kto was obu zaprosi\u0142, i powie ci: \u00abUst\u0105p temu miejsca\u00bb; i musia\u0142by\u015b ze wstydem zaj\u0105\u0107 ostatnie miejsce.<\/b><\/span><\/span><\/span><\/p>\n<p align=\"justify\"><span style=\"color: #000000;\"><span style=\"font-family: Book Antiqua, serif;\"><span style=\"font-size: large;\"><b>Lecz gdy b\u0119dziesz zaproszony, id\u017a i usi\u0105d\u017a na ostatnim miejscu. Wtedy przyjdzie gospodarz i powie ci: \u00abPrzyjacielu, przesi\u0105d\u017a si\u0119 wy\u017cej\u00bb; i spotka ci\u0119 zaszczyt wobec wszystkich wsp\u00f3\u0142biesiadnik\u00f3w. Ka\u017cdy bowiem, kto si\u0119 wywy\u017csza, b\u0119dzie poni\u017cony, a kto si\u0119 poni\u017ca, b\u0119dzie wywy\u017cszony\u201d.<\/b><\/span><\/span><\/span><\/p>\n<p align=\"justify\"><span style=\"color: #000000;\"><span style=\"font-family: Book Antiqua, serif;\"><span style=\"font-size: large;\"><b>Do tego za\u015b, kt\u00f3ry Go zaprosi\u0142, rzek\u0142: \u201eGdy wydajesz obiad albo wieczerz\u0119, nie zapraszaj swoich przyjaci\u00f3\u0142 ani braci, ani krewnych, ani zamo\u017cnych s\u0105siad\u00f3w, aby ci\u0119 i oni nawzajem nie zaprosili, i mia\u0142by\u015b odp\u0142at\u0119. Lecz kiedy urz\u0105dzasz przyj\u0119cie, zapro\u015b ubogich, u\u0142omnych, chromych i niewidomych.<\/b><\/span><\/span><\/span><\/p>\n<p align=\"justify\"><span style=\"color: #000000;\"><span style=\"font-family: Book Antiqua, serif;\"><span style=\"font-size: large;\"><b>A b\u0119dziesz szcz\u0119\u015bliwy, poniewa\u017c nie maj\u0105 czym tobie si\u0119 odwdzi\u0119czy\u0107; odp\u0142at\u0119 bowiem otrzymasz przy zmartwychwstaniu sprawiedliwych\u201d.<\/b><\/span><\/span><\/span><\/p>\n<p align=\"justify\">\n<p align=\"justify\">\n<p align=\"justify\">\n<p align=\"justify\">\n<p align=\"justify\">\n<p align=\"justify\"><span style=\"color: #000000;\"><span style=\"font-family: Book Antiqua, serif;\"><span style=\"font-size: large;\">Jak\u017ce by\u0142oby dobrze, gdyby s\u0142owami z pierwszego dzisiejszego czytania <b>przej\u0119li si\u0119 wszyscy <\/b>\u2013 ale to naprawd\u0119 wszyscy \u2013 wielcy i mali, wa\u017cni i mniej wa\u017cni, wysoko postawieni i ci tacy\u2026 zwyczajni. Bo do ka\u017cdej i ka\u017cdego z nas odnosi si\u0119 przestroga M\u0119drca Syracydesa: <i><b>Synu, z \u0142agodno\u015bci\u0105 wykonuj swe sprawy, a ka\u017cdy, kto jest prawy, b\u0119dzie ci\u0119 mi\u0142owa\u0142.<\/b><\/i><b> <\/b><\/span><\/span><\/span><\/p>\n<p align=\"justify\"><span style=\"color: #000000;\"><span style=\"font-family: Book Antiqua, serif;\"><span style=\"font-size: large;\">A ju\u017c szczeg\u00f3lnie te s\u0142owa koniecznie trzeba wzi\u0105\u0107 g\u0142\u0119boko do serca, zapami\u0119ta\u0107 i kierowa\u0107 si\u0119 nimi na co dzie\u0144: <i><b>O ile wielki jeste\u015b, o tyle si\u0119 uni\u017caj, a znajdziesz \u0142ask\u0119 u Pana. Wielka jest bowiem pot\u0119ga Pana i przez pokornych bywa chwalony.<\/b><\/i><b> <\/b>To naprawd\u0119 niesamowicie m\u0105dre i mocne s\u0142owa! <i><b>O ile wielki jeste\u015b, o tyle si\u0119 uni\u017caj, a znajdziesz \u0142ask\u0119 u Pana. <\/b><\/i>A dlaczego tak? <\/span><\/span><\/span><\/p>\n<p align=\"justify\"><span style=\"color: #000000;\"><span style=\"font-family: Book Antiqua, serif;\"><span style=\"font-size: large;\">Bo \u2013 jak dalej czytamy \u2013 <i><b>n<\/b><\/i><i><b>a chorob\u0119 pysza\u0142ka nie ma lekarstwa, albowiem nasienie z\u0142a w nim zapu\u015bci\u0142o korzenie. <\/b><\/i>Natomiast, z kolei <i><b>s<\/b><\/i><i><b>erce rozumnego rozwa\u017ca przypowie\u015bci, a ucho s\u0142uchacza<\/b><\/i><b> <\/b><i><b>jest pragnieniem m\u0119drca.<\/b><\/i><b> <\/b><\/span><\/span><\/span><\/p>\n<p align=\"justify\"><span style=\"color: #000000;\"><span style=\"font-family: Book Antiqua, serif;\"><span style=\"font-size: large;\">Bardzo konkretnym przyk\u0142adem zastosowania tych\u017ce s\u0142\u00f3w w praktyce codziennego \u017cycia jest sytuacja na uczcie, na kt\u00f3r\u0105 \u2013 o dziwo! \u2013 zaproszony zosta\u0142 przez przyw\u00f3dc\u0119 faryzeuszy. Jak s\u0142yszymy, Jezus <i><b>opowiedzia\u0142 zaproszonym przypowie\u015b\u0107, gdy zauwa\u017cy\u0142, jak sobie wybierali pierwsze miejsca. Tak m\u00f3wi\u0142 do nich: \u201eJe\u015bli ci\u0119 kto zaprosi na uczt\u0119, nie zajmuj pierwszego miejsca; by czasem kto\u015b znakomitszy od ciebie nie by\u0142 zaproszony przez niego. W\u00f3wczas przyjdzie ten, kto was obu zaprosi\u0142, i powie ci: \u00abUst\u0105p temu miejsca\u00bb; i musia\u0142by\u015b ze wstydem zaj\u0105\u0107 ostatnie miejsce. <\/b><\/i><i><b>Lecz gdy b\u0119dziesz zaproszony, id\u017a i usi\u0105d\u017a na ostatnim miejscu. Wtedy przyjdzie gospodarz i powie ci: \u00abPrzyjacielu, przesi\u0105d\u017a si\u0119 wy\u017cej\u00bb; i spotka ci\u0119 zaszczyt wobec wszystkich wsp\u00f3\u0142biesiadnik\u00f3w. Ka\u017cdy bowiem, kto si\u0119 wywy\u017csza, b\u0119dzie poni\u017cony, a kto si\u0119 poni\u017ca, b\u0119dzie wywy\u017cszony\u201d.<\/b><\/i><\/span><\/span><\/span><\/p>\n<p align=\"justify\"><span style=\"color: #000000;\"><span style=\"font-family: Book Antiqua, serif;\"><span style=\"font-size: large;\">I jakby jeszcze tego by\u0142o ma\u0142o, gospodarz us\u0142ysza\u0142 <b>wyra\u017ane wskazanie, kogo powinien zaprasza\u0107 na uczt\u0119,<\/b> a kogo niekoniecznie\u2026 Tak szczerze m\u00f3wi\u0105c, to by\u0142o to <b>ma\u0142o eleganckie ze strony Jezusa! <\/b>Bo skoro zosta\u0142 zaproszony na uczt\u0119 i to zaproszenie przyj\u0105\u0142, to powinien <b>usi\u0105\u015b\u0107 grzecznie, zje\u015b\u0107, co podali,<\/b> ewentualnie mi\u0142o i uprzejmie porozmawia\u0107 z biesiadnikami, <b>podkre\u015blaj\u0105c dwadzie\u015bcia razy go\u015bcinno\u015b\u0107 gospodarza,<\/b> po czym \u2013 o okre\u015blonej porze, zachowuj\u0105c wszystkie wymogi etykiety \u2013 opu\u015bci\u0107 miejsce spotkania. <\/span><\/span><\/span><\/p>\n<p align=\"justify\"><span style=\"color: #000000;\"><span style=\"font-family: Book Antiqua, serif;\"><span style=\"font-size: large;\">A Jezus \u2013 tak totalnie, bezceremonialnie i bez ogr\u00f3dek \u2013 po prostu <b>niemal\u017ce zacz\u0105\u0142 usadza\u0107 go\u015bci za sto\u0142em<\/b> i jeszcze wypomina\u0107 niemal\u017ce gospodarzowi, \u017ce zaprosi\u0142 nie tych, co trzeba.<\/span><\/span><\/span><\/p>\n<p align=\"justify\"><span style=\"color: #000000;\"><span style=\"font-family: Book Antiqua, serif;\"><span style=\"font-size: large;\">Patrz\u0105c od czysto ludzkiej strony na ca\u0142\u0105 spraw\u0119, tak nale\u017ca\u0142oby j\u0105 oceni\u0107. Ale Jezus nie przyszed\u0142 na ten \u015bwiat, by zachowywa\u0107 dworskie czy jakiekolwiek etykiety, <b>tylko \u017ceby doprowadzi\u0107 ludzi do zbawienia.<\/b> A skoro tak, to musia\u0142 nam wszystkim \u2013 pocz\u0105wszy od dzisiejszego gospodarza uczty \u2013<b> wskaza\u0107 postawy i zachowania, kt\u00f3re temu celowi pos\u0142u\u017c\u0105, <\/b>wyra\u017anie odr\u00f3\u017cniaj\u0105c je od tych, kt\u00f3re temu celowi nie pos\u0142u\u017c\u0105. <\/span><\/span><\/span><\/p>\n<p align=\"justify\"><span style=\"color: #000000;\"><span style=\"font-family: Book Antiqua, serif;\"><span style=\"font-size: large;\">W drugim dzisiejszym czytaniu, Autor Listu do Hebrajczyk\u00f3w, wskazuj\u0105c na cel tej naszej \u017cyciowej w\u0119dr\u00f3wki, m\u00f3wi o przyst\u0105pieniu przez nas wszystkich <i><b>do g\u00f3ry Syjon, do miasta Boga<\/b><\/i><b> <\/b><i><b>\u017cyj\u0105cego,<\/b><\/i><b> <\/b><i><b>Jeruzalem niebieskiego, do niezliczonej liczby anio\u0142\u00f3w, na uroczyste zebranie, do Ko\u015bcio\u0142a pierworodnych, kt\u00f3rzy s\u0105 zapisani w niebiosach, do Boga, kt\u00f3ry s\u0105dzi wszystkich, do duch\u00f3w sprawiedliwych, kt\u00f3re ju\u017c dosz\u0142y do celu, do po\u015brednika Nowego Testamentu, Jezusa. <\/b><\/i><\/span><\/span><\/span><\/p>\n<p align=\"justify\"><span style=\"color: #000000;\"><span style=\"font-family: Book Antiqua, serif;\"><span style=\"font-size: large;\">Obraz ten wyra\u017anie kontrastuje z wcze\u015bniejszym, a wi\u0119c z tym obrazem Boga, jaki widzieli\u015bmy na kartach Starego Testamentu, kiedy to przodkowie mieli okazj\u0119 przyst\u0105pi\u0107 <i><b>do dotykalnego i p\u0142on\u0105cego ognia, do mg\u0142y, do ciemno\u015bci i burzy ani te\u017c do grzmi\u0105cych tr\u0105b i do takiego d\u017awi\u0119ku s\u0142\u00f3w, i\u017c wszyscy, kt\u00f3rzy go s\u0142yszeli, prosili, aby do nich nie m\u00f3wi\u0142.<\/b><\/i><b> <\/b><\/span><\/span><\/span><\/p>\n<p align=\"justify\"><span style=\"color: #000000;\"><span style=\"font-family: Book Antiqua, serif;\"><span style=\"font-size: large;\">Wielki i pot\u0119\u017cny B\u00f3g, objawiaj\u0105cy si\u0119 w taki w\u0142a\u015bnie spos\u00f3b \u2013 nie tylko w taki, ale w taki r\u00f3wnie\u017c \u2013 <b>wzbudza\u0142 wr\u0119cz strach! <\/b>Oczywi\u015bcie, to trzeba nale\u017cycie rozumie\u0107, bo na pewno chodzi\u0142o tu o wyra\u017ane <b>odr\u00f3\u017cnienie si\u0119 Boga jedynego od wielu b\u00f3stw poga\u0144skich,<\/b> kt\u00f3re czczono w narodach o\u015bciennych, dlatego nale\u017ca\u0142o na r\u00f3\u017cne sposoby podkre\u015bli\u0107<b> jedyno\u015b\u0107 i wyj\u0105tkowo\u015b\u0107 Boga Jahwe<\/b> \u2013 Boga prawdziwego. Co nie zmienia faktu, \u017ce <b>B\u00f3g by\u0142 zawsze tym Bogiem, kt\u00f3rym jest teraz,<\/b> a kt\u00f3ry bezgranicznie kocha cz\u0142owieka. Natomiast tamte okoliczno\u015bci wymaga\u0142y zapewne <b>innego ukazania cz\u0142owiekowi prawdy o Bogu.<\/b> <\/span><\/span><\/span><\/p>\n<p align=\"justify\"><span style=\"color: #000000;\"><span style=\"font-family: Book Antiqua, serif;\"><span style=\"font-size: large;\">Kiedy jednak na \u015bwiat przyszed\u0142 \u00abPo\u015brednik Nowego Testamentu\u00bb, czyli Jezus Chrystus, te relacje \u2013 przynajmniej w naszym, ludzkim odbiorze \u2013 <b>zasadniczo si\u0119 zmieni\u0142y.<\/b> Bo Jezus, staj\u0105c si\u0119 jednym z nas, bardzo zbli\u017cy\u0142 si\u0119 do nas. <b>Skr\u00f3ci\u0142 ten niewyobra\u017calny i gigantyczny dystans, <\/b>jaki tak naprawd\u0119 zachodzi mi\u0119dzy Bogiem a stworzeniem. <\/span><\/span><\/span><\/p>\n<p align=\"justify\"><span style=\"color: #000000;\"><span style=\"font-family: Book Antiqua, serif;\"><span style=\"font-size: large;\">Jezus Chrystus, przychodz\u0105c na \u015bwiat, od razu <b>zaj\u0105\u0142 miejsce w\u015br\u00f3d ubogich i pokornych, <\/b>staj\u0105c si\u0119 nawet w\u015br\u00f3d nich <b>najubo\u017cszym i najpokorniejszym.<\/b> O ile by\u0142 wielki, o tyle si\u0119 uni\u017cy\u0142, <b>zajmuj\u0105c ostatnie miejsca <\/b>w r\u00f3\u017cnych ludzkich uk\u0142adach i hierarchiach, jakie panowa\u0142y w \u00f3wczesnym \u015bwiecie, ale i w obecnym tak\u017ce panuj\u0105.<\/span><\/span><\/span><\/p>\n<p align=\"justify\"><span style=\"color: #000000;\"><span style=\"font-family: Book Antiqua, serif;\"><span style=\"font-size: large;\">I dlatego <b>mia\u0142 najwi\u0119ksze prawo, <\/b>aby swojemu gospodarzowi udzieli\u0107 takich poucze\u0144, jakich udzieli\u0142. I aby takich samych poucze\u0144 <b>udzieli\u0107 dzisiaj nam,<\/b> przypominaj\u0105c nam w\u0142a\u015bciwie nauk\u0119, kt\u00f3r\u0105 my od dziecka znamy i kt\u00f3ra jest dla nas chyba nauk\u0105 oczywist\u0105, \u017ce <b>nie nale\u017cy si\u0119 wywy\u017csza\u0107 nad innymi,<\/b> \u017ce nie nale\u017cy podkre\u015bla\u0107 przed innymi w pr\u00f3\u017cny spos\u00f3b<b> swojej wydumane<\/b><b>j<\/b><b> wielko\u015bci,<\/b> \u017ce nie nale\u017cy <b>ludzi traktowa\u0107 z g\u00f3ry,<\/b> jako swojej s\u0142u\u017cby; albo wr\u0119cz <b>narz\u0119dzi, u\u017cywanych do swoich cel\u00f3w; <\/b>albo pionk\u00f3w, przestawianych na szachownicy w\u0142asnych interes\u00f3w.<\/span><\/span><\/span><\/p>\n<p align=\"justify\"><span style=\"color: #000000;\"><span style=\"font-family: Book Antiqua, serif;\"><span style=\"font-size: large;\">Cz\u0142owiek prawdziwie wielki<b> nie musi swojej wielko\u015bci podkre\u015bla\u0107. <\/b>Cz\u0142owiek prawdziwie <b>wielki jest pokorny. <\/b>Bo on swoj\u0105 wielko\u015b\u0107 buduje <b>na relacji z Bogiem,<\/b> a ta z kolei nakazuje wr\u0119cz wielki szacunek do drugiego cz\u0142owieka. Po prostu \u2013 <b>prawdziw\u0105 mi\u0142o\u015b\u0107 do drugiego cz\u0142owieka. <\/b><\/span><\/span><\/span><\/p>\n<p align=\"justify\"><span style=\"color: #000000;\"><span style=\"font-family: Book Antiqua, serif;\"><span style=\"font-size: large;\">Oczywi\u015bcie, m\u00f3wimy tu o sprawie tak naprawd\u0119 bardzo trudnej, bo nie jest tajemnic\u0105, \u017ce cz\u0142owiekowi <b>\u0142atwiej jest w\u0142a\u015bnie podkre\u015bla\u0107 siebie,<\/b> zaznacza\u0107 i akcentowa\u0107 swoje zas\u0142ugi, dokonania, osi\u0105gni\u0119cia i pozycj\u0119, a takie wyciszenie si\u0119 i zaj\u0119cie owego ostatniego miejsca jest bardzo trudne.<\/span><\/span><\/span><\/p>\n<p align=\"justify\"><span style=\"color: #000000;\"><span style=\"font-family: Book Antiqua, serif;\"><span style=\"font-size: large;\">Ale czy\u017c nie jest te\u017c tak, \u017ce dzisiaj \u015bwiat tak naprawd\u0119 podziwia \u2013 mo\u017ce po cichu, ale jednak \u2013 wielkich \u015bwi\u0119tych, bohater\u00f3w i ludzi niezwyk\u0142ych, kt\u00f3rzy robili to, co do nich nale\u017cy, po\u015bwi\u0119caj\u0105c si\u0119 w mi\u0142o\u015bci do innych,<b> a nie robi\u0105c przy tym \u017cadnego, najmniejszego szumu?<\/b> I nie koncentruj\u0105c na sobie niczyjej uwagi, a wr\u0119cz <b>usuwaj\u0105c si\u0119 gdzie\u015b w cie\u0144 i na ubocze?<\/b> Kt\u00f3rym naprawd\u0119 nigdy \u2013 i to szczerze! \u2013 <b>na \u017cadnym rozg\u0142osie nie zale\u017ca\u0142o? <\/b><\/span><\/span><\/span><\/p>\n<p align=\"justify\"><span style=\"color: #000000;\"><span style=\"font-family: Book Antiqua, serif;\"><span style=\"font-size: large;\">Przyznaj\u0119, \u017ce zawsze <b>bardzo mi imponowali i imponuj\u0105 tacy ludzie. <\/b>Na szcz\u0119\u015bcie, tacy ludzie s\u0105 w\u015br\u00f3d nas! <b>Zawsze byli i nadal s\u0105! <\/b>Ludzie, kt\u00f3rzy s\u0105 <b>szczerze skoncentrowani na pe\u0142nieniu zada\u0144,<\/b> wynikaj\u0105cych z ich funkcji czy \u017cyciowego powo\u0142ania \u2013 i to na tyle w to zaanga\u017cowani, \u017ce nawet <b>nie maj\u0105 czasu czy \u201eg\u0142owy\u201d do tego,<\/b> by my\u015ble\u0107 o robieniu szumu wok\u00f3\u0142 siebie. A okazuje si\u0119, \u017ce ludzie<b> i tak patrz\u0105 na nich z coraz wi\u0119kszym podziwem, <\/b>pokazuj\u0105c ich sobie i stawiaj\u0105c za wz\u00f3r. I traktuj\u0105c jako autorytet. <\/span><\/span><\/span><\/p>\n<p align=\"justify\"><span style=\"color: #000000;\"><span style=\"font-family: Book Antiqua, serif;\"><span style=\"font-size: large;\">Bo chocia\u017c zajmuj\u0105 \u2013 gdzie tylko mog\u0105 \u2013 ostatnie miejsca, to i tak <b>wszyscy na nich patrz\u0105<\/b> i si\u0119 na nich wzoruj\u0105, traktuj\u0105c jako punkt odniesienia dla swojego \u017cycia i postawy.<\/span><\/span><\/span><\/p>\n<p align=\"justify\"><span style=\"color: #000000;\"><span style=\"font-family: Book Antiqua, serif;\"><span style=\"font-size: large;\">Ja dzisiaj modl\u0119 si\u0119<b> o takie w\u0142a\u015bnie nastawienie najpierw dla siebie samego <\/b>\u2013 ale tak\u017ce dla nas wszystkich. W\u0142a\u015bnie o wype\u0142nienie przez nas wszystkich ca\u0142ym naszym \u017cyciem \u2013 a wi\u0119c tym wszystkim, co b\u0119dziemy my\u015bleli m\u00f3wili i czynili \u2013 tej <b>jak\u017ce cennej porady M\u0119drca Syracydesa, <\/b>kt\u00f3ra w jednym kr\u00f3tkim zdaniu wyra\u017ca w\u0142a\u015bciwie to wszystko, co tu sobie dzi\u015b m\u00f3wimy i kt\u00f3r\u0105 to porad\u0119 naprawd\u0119 warto do ko\u0144ca \u017cycia zapami\u0119ta\u0107 i codziennie stosowa\u0107: <i><b>O ile wielki jeste\u015b, o tyle si\u0119 uni\u017caj, a znajdziesz \u0142ask\u0119 u Pana\u2026<\/b><\/i><\/span><\/span><\/span><\/p>\n","protected":false},"excerpt":{"rendered":"<p>Niech b\u0119dzie pochwalony Jezus Chrystus! Drodzy moi, w dniu dzisiejszym urodziny prze\u017cywa Ksi\u0105dz Kanonik Doktor Jacek Sereda, Dziekan naszego Kursu, do niedawna: Diecezjalny Duszpasterz Rodzin, a obecnie: Proboszcz i Dziekan w Wisznicach; a tak w og\u00f3le, to wspania\u0142y Duszpasterz i Rekolekcjonista, a do tego: Potomek B\u0142ogos\u0142awionych Unit\u00f3w Podlaskich i pochodz\u0105cy z Parafii Pratulin. Dzi\u0119kuj\u0105c Jubilatowi [&hellip;]<\/p>\n","protected":false},"author":1,"featured_media":0,"comment_status":"open","ping_status":"open","sticky":false,"template":"","format":"standard","meta":{"jetpack_post_was_ever_published":false,"_jetpack_newsletter_access":"","_jetpack_dont_email_post_to_subs":false,"_jetpack_newsletter_tier_id":0,"_jetpack_memberships_contains_paywalled_content":false,"_jetpack_memberships_contains_paid_content":false,"footnotes":""},"categories":[1],"tags":[],"class_list":["post-24122","post","type-post","status-publish","format-standard","hentry","category-bez-kategorii"],"yoast_head":"<!-- This site is optimized with the Yoast SEO plugin v25.1 - https:\/\/yoast.com\/wordpress\/plugins\/seo\/ -->\n<title>Wielki - jest pokorny! - Gaudium Et Spes<\/title>\n<meta name=\"robots\" content=\"index, follow, max-snippet:-1, max-image-preview:large, max-video-preview:-1\" \/>\n<link rel=\"canonical\" href=\"https:\/\/gaudiumetspes-blog.pl\/index.php\/2025\/08\/31\/wielki-jest-pokorny\/\" \/>\n<meta property=\"og:locale\" content=\"pl_PL\" \/>\n<meta property=\"og:type\" content=\"article\" \/>\n<meta property=\"og:title\" content=\"Wielki - jest pokorny! - Gaudium Et Spes\" \/>\n<meta property=\"og:description\" content=\"Niech b\u0119dzie pochwalony Jezus Chrystus! Drodzy moi, w dniu dzisiejszym urodziny prze\u017cywa Ksi\u0105dz Kanonik Doktor Jacek Sereda, Dziekan naszego Kursu, do niedawna: Diecezjalny Duszpasterz Rodzin, a obecnie: Proboszcz i Dziekan w Wisznicach; a tak w og\u00f3le, to wspania\u0142y Duszpasterz i Rekolekcjonista, a do tego: Potomek B\u0142ogos\u0142awionych Unit\u00f3w Podlaskich i pochodz\u0105cy z Parafii Pratulin. Dzi\u0119kuj\u0105c Jubilatowi [&hellip;]\" \/>\n<meta property=\"og:url\" content=\"https:\/\/gaudiumetspes-blog.pl\/index.php\/2025\/08\/31\/wielki-jest-pokorny\/\" \/>\n<meta property=\"og:site_name\" content=\"Gaudium Et Spes\" \/>\n<meta property=\"article:published_time\" content=\"2025-08-31T05:34:06+00:00\" \/>\n<meta name=\"author\" content=\"Ks. Jacek\" \/>\n<meta name=\"twitter:card\" content=\"summary_large_image\" \/>\n<meta name=\"twitter:label1\" content=\"Napisane przez\" \/>\n\t<meta name=\"twitter:data1\" content=\"Ks. Jacek\" \/>\n\t<meta name=\"twitter:label2\" content=\"Szacowany czas czytania\" \/>\n\t<meta name=\"twitter:data2\" content=\"11 minut\" \/>\n<script type=\"application\/ld+json\" class=\"yoast-schema-graph\">{\"@context\":\"https:\/\/schema.org\",\"@graph\":[{\"@type\":\"WebPage\",\"@id\":\"https:\/\/gaudiumetspes-blog.pl\/index.php\/2025\/08\/31\/wielki-jest-pokorny\/\",\"url\":\"https:\/\/gaudiumetspes-blog.pl\/index.php\/2025\/08\/31\/wielki-jest-pokorny\/\",\"name\":\"Wielki - jest pokorny! - Gaudium Et Spes\",\"isPartOf\":{\"@id\":\"https:\/\/gaudiumetspes-blog.pl\/#website\"},\"datePublished\":\"2025-08-31T05:34:06+00:00\",\"author\":{\"@id\":\"https:\/\/gaudiumetspes-blog.pl\/#\/schema\/person\/1661982992b752dea8dff0d4ed845a65\"},\"breadcrumb\":{\"@id\":\"https:\/\/gaudiumetspes-blog.pl\/index.php\/2025\/08\/31\/wielki-jest-pokorny\/#breadcrumb\"},\"inLanguage\":\"pl-PL\",\"potentialAction\":[{\"@type\":\"ReadAction\",\"target\":[\"https:\/\/gaudiumetspes-blog.pl\/index.php\/2025\/08\/31\/wielki-jest-pokorny\/\"]}]},{\"@type\":\"BreadcrumbList\",\"@id\":\"https:\/\/gaudiumetspes-blog.pl\/index.php\/2025\/08\/31\/wielki-jest-pokorny\/#breadcrumb\",\"itemListElement\":[{\"@type\":\"ListItem\",\"position\":1,\"name\":\"Strona g\u0142\u00f3wna\",\"item\":\"https:\/\/gaudiumetspes-blog.pl\/\"},{\"@type\":\"ListItem\",\"position\":2,\"name\":\"Wielki &#8211; jest pokorny!\"}]},{\"@type\":\"WebSite\",\"@id\":\"https:\/\/gaudiumetspes-blog.pl\/#website\",\"url\":\"https:\/\/gaudiumetspes-blog.pl\/\",\"name\":\"Gaudium Et Spes\",\"description\":\"Blog Ks. Jacka Ja\u015bkowskiego\",\"potentialAction\":[{\"@type\":\"SearchAction\",\"target\":{\"@type\":\"EntryPoint\",\"urlTemplate\":\"https:\/\/gaudiumetspes-blog.pl\/?s={search_term_string}\"},\"query-input\":{\"@type\":\"PropertyValueSpecification\",\"valueRequired\":true,\"valueName\":\"search_term_string\"}}],\"inLanguage\":\"pl-PL\"},{\"@type\":\"Person\",\"@id\":\"https:\/\/gaudiumetspes-blog.pl\/#\/schema\/person\/1661982992b752dea8dff0d4ed845a65\",\"name\":\"Ks. Jacek\",\"image\":{\"@type\":\"ImageObject\",\"inLanguage\":\"pl-PL\",\"@id\":\"https:\/\/gaudiumetspes-blog.pl\/#\/schema\/person\/image\/\",\"url\":\"https:\/\/gaudiumetspes-blog.pl\/wp-content\/uploads\/2019\/07\/avatar-JJ-150x150.jpg\",\"contentUrl\":\"https:\/\/gaudiumetspes-blog.pl\/wp-content\/uploads\/2019\/07\/avatar-JJ-150x150.jpg\",\"caption\":\"Ks. Jacek\"},\"description\":\"Witam serdecznie! K\u0142ania si\u0119 Ks. Jacek Ja\u015bkowski. Nie jestem ani kim\u015b wa\u017cnym, ani kim\u015b znanym. Jestem ksi\u0119dzem, kt\u00f3ry po prostu chce rozmawia\u0107. Codzienna kap\u0142a\u0144ska pos\u0142uga pokazuje mi, \u017ce temat\u00f3w do rozm\u00f3w z ksi\u0119dzem jest coraz wi\u0119cej i dzisiaj \u017caden ksi\u0105dz nie mo\u017ce od nich ucieka\u0107, ale - wprost przeciwnie - podejmowa\u0107 nowe wyzwania. To przekonanie sk\u0142oni\u0142o mnie do pr\u00f3by otwarcia tego\u017c bloga, chocia\u017c okazji do rozm\u00f3w na co dzie\u0144 - w konfesjonale i poza nim - na szcz\u0119\u015bcie nie brakuje. My\u015bl\u0119 jednak, \u017ce ten blog b\u0119dzie jeszcze jednym sposobem i przestrzeni\u0105 nawi\u0105zania kontaktu z lud\u017ami dobrej woli, otwartymi na dialog.\",\"url\":\"https:\/\/gaudiumetspes-blog.pl\/index.php\/author\/ks-jacek\/\"}]}<\/script>\n<!-- \/ Yoast SEO plugin. -->","yoast_head_json":{"title":"Wielki - jest pokorny! - Gaudium Et Spes","robots":{"index":"index","follow":"follow","max-snippet":"max-snippet:-1","max-image-preview":"max-image-preview:large","max-video-preview":"max-video-preview:-1"},"canonical":"https:\/\/gaudiumetspes-blog.pl\/index.php\/2025\/08\/31\/wielki-jest-pokorny\/","og_locale":"pl_PL","og_type":"article","og_title":"Wielki - jest pokorny! - Gaudium Et Spes","og_description":"Niech b\u0119dzie pochwalony Jezus Chrystus! Drodzy moi, w dniu dzisiejszym urodziny prze\u017cywa Ksi\u0105dz Kanonik Doktor Jacek Sereda, Dziekan naszego Kursu, do niedawna: Diecezjalny Duszpasterz Rodzin, a obecnie: Proboszcz i Dziekan w Wisznicach; a tak w og\u00f3le, to wspania\u0142y Duszpasterz i Rekolekcjonista, a do tego: Potomek B\u0142ogos\u0142awionych Unit\u00f3w Podlaskich i pochodz\u0105cy z Parafii Pratulin. Dzi\u0119kuj\u0105c Jubilatowi [&hellip;]","og_url":"https:\/\/gaudiumetspes-blog.pl\/index.php\/2025\/08\/31\/wielki-jest-pokorny\/","og_site_name":"Gaudium Et Spes","article_published_time":"2025-08-31T05:34:06+00:00","author":"Ks. Jacek","twitter_card":"summary_large_image","twitter_misc":{"Napisane przez":"Ks. Jacek","Szacowany czas czytania":"11 minut"},"schema":{"@context":"https:\/\/schema.org","@graph":[{"@type":"WebPage","@id":"https:\/\/gaudiumetspes-blog.pl\/index.php\/2025\/08\/31\/wielki-jest-pokorny\/","url":"https:\/\/gaudiumetspes-blog.pl\/index.php\/2025\/08\/31\/wielki-jest-pokorny\/","name":"Wielki - jest pokorny! - Gaudium Et Spes","isPartOf":{"@id":"https:\/\/gaudiumetspes-blog.pl\/#website"},"datePublished":"2025-08-31T05:34:06+00:00","author":{"@id":"https:\/\/gaudiumetspes-blog.pl\/#\/schema\/person\/1661982992b752dea8dff0d4ed845a65"},"breadcrumb":{"@id":"https:\/\/gaudiumetspes-blog.pl\/index.php\/2025\/08\/31\/wielki-jest-pokorny\/#breadcrumb"},"inLanguage":"pl-PL","potentialAction":[{"@type":"ReadAction","target":["https:\/\/gaudiumetspes-blog.pl\/index.php\/2025\/08\/31\/wielki-jest-pokorny\/"]}]},{"@type":"BreadcrumbList","@id":"https:\/\/gaudiumetspes-blog.pl\/index.php\/2025\/08\/31\/wielki-jest-pokorny\/#breadcrumb","itemListElement":[{"@type":"ListItem","position":1,"name":"Strona g\u0142\u00f3wna","item":"https:\/\/gaudiumetspes-blog.pl\/"},{"@type":"ListItem","position":2,"name":"Wielki &#8211; jest pokorny!"}]},{"@type":"WebSite","@id":"https:\/\/gaudiumetspes-blog.pl\/#website","url":"https:\/\/gaudiumetspes-blog.pl\/","name":"Gaudium Et Spes","description":"Blog Ks. Jacka Ja\u015bkowskiego","potentialAction":[{"@type":"SearchAction","target":{"@type":"EntryPoint","urlTemplate":"https:\/\/gaudiumetspes-blog.pl\/?s={search_term_string}"},"query-input":{"@type":"PropertyValueSpecification","valueRequired":true,"valueName":"search_term_string"}}],"inLanguage":"pl-PL"},{"@type":"Person","@id":"https:\/\/gaudiumetspes-blog.pl\/#\/schema\/person\/1661982992b752dea8dff0d4ed845a65","name":"Ks. Jacek","image":{"@type":"ImageObject","inLanguage":"pl-PL","@id":"https:\/\/gaudiumetspes-blog.pl\/#\/schema\/person\/image\/","url":"https:\/\/gaudiumetspes-blog.pl\/wp-content\/uploads\/2019\/07\/avatar-JJ-150x150.jpg","contentUrl":"https:\/\/gaudiumetspes-blog.pl\/wp-content\/uploads\/2019\/07\/avatar-JJ-150x150.jpg","caption":"Ks. Jacek"},"description":"Witam serdecznie! K\u0142ania si\u0119 Ks. Jacek Ja\u015bkowski. Nie jestem ani kim\u015b wa\u017cnym, ani kim\u015b znanym. Jestem ksi\u0119dzem, kt\u00f3ry po prostu chce rozmawia\u0107. Codzienna kap\u0142a\u0144ska pos\u0142uga pokazuje mi, \u017ce temat\u00f3w do rozm\u00f3w z ksi\u0119dzem jest coraz wi\u0119cej i dzisiaj \u017caden ksi\u0105dz nie mo\u017ce od nich ucieka\u0107, ale - wprost przeciwnie - podejmowa\u0107 nowe wyzwania. To przekonanie sk\u0142oni\u0142o mnie do pr\u00f3by otwarcia tego\u017c bloga, chocia\u017c okazji do rozm\u00f3w na co dzie\u0144 - w konfesjonale i poza nim - na szcz\u0119\u015bcie nie brakuje. My\u015bl\u0119 jednak, \u017ce ten blog b\u0119dzie jeszcze jednym sposobem i przestrzeni\u0105 nawi\u0105zania kontaktu z lud\u017ami dobrej woli, otwartymi na dialog.","url":"https:\/\/gaudiumetspes-blog.pl\/index.php\/author\/ks-jacek\/"}]}},"jetpack_featured_media_url":"","jetpack_sharing_enabled":true,"_links":{"self":[{"href":"https:\/\/gaudiumetspes-blog.pl\/index.php\/wp-json\/wp\/v2\/posts\/24122","targetHints":{"allow":["GET"]}}],"collection":[{"href":"https:\/\/gaudiumetspes-blog.pl\/index.php\/wp-json\/wp\/v2\/posts"}],"about":[{"href":"https:\/\/gaudiumetspes-blog.pl\/index.php\/wp-json\/wp\/v2\/types\/post"}],"author":[{"embeddable":true,"href":"https:\/\/gaudiumetspes-blog.pl\/index.php\/wp-json\/wp\/v2\/users\/1"}],"replies":[{"embeddable":true,"href":"https:\/\/gaudiumetspes-blog.pl\/index.php\/wp-json\/wp\/v2\/comments?post=24122"}],"version-history":[{"count":1,"href":"https:\/\/gaudiumetspes-blog.pl\/index.php\/wp-json\/wp\/v2\/posts\/24122\/revisions"}],"predecessor-version":[{"id":24123,"href":"https:\/\/gaudiumetspes-blog.pl\/index.php\/wp-json\/wp\/v2\/posts\/24122\/revisions\/24123"}],"wp:attachment":[{"href":"https:\/\/gaudiumetspes-blog.pl\/index.php\/wp-json\/wp\/v2\/media?parent=24122"}],"wp:term":[{"taxonomy":"category","embeddable":true,"href":"https:\/\/gaudiumetspes-blog.pl\/index.php\/wp-json\/wp\/v2\/categories?post=24122"},{"taxonomy":"post_tag","embeddable":true,"href":"https:\/\/gaudiumetspes-blog.pl\/index.php\/wp-json\/wp\/v2\/tags?post=24122"}],"curies":[{"name":"wp","href":"https:\/\/api.w.org\/{rel}","templated":true}]}}