{"id":24124,"date":"2025-09-01T00:17:21","date_gmt":"2025-08-31T22:17:21","guid":{"rendered":"https:\/\/gaudiumetspes-blog.pl\/?p=24124"},"modified":"2025-08-31T09:49:06","modified_gmt":"2025-08-31T07:49:06","slug":"tak-jak-chce-jezus","status":"publish","type":"post","link":"https:\/\/gaudiumetspes-blog.pl\/index.php\/2025\/09\/01\/tak-jak-chce-jezus\/","title":{"rendered":"Tak, jak chce Jezus!"},"content":{"rendered":"<p align=\"justify\"><span style=\"color: #000000;\"><span style=\"font-family: Book Antiqua, serif;\"><span style=\"font-size: large;\">Szcz\u0119\u015b\u0107 Bo\u017ce! Drodzy moi, w dniu dzisiejszym <b>urodziny prze\u017cywa Ojciec Cezary Szcze\u015bniak, kapucyn, nale\u017c\u0105cy w swoim czasie \u2013 jeszcze jako Czarek \u2013 do jednej z m\u0142odzie\u017cowych Wsp\u00f3lnot. \u017bycz\u0119 Ojcu Czarkowi odwagi i mocy w g\u0142oszeniu Bo\u017cego s\u0142owa i \u015bwiadczeniu o nim ca\u0142ym swoim kap\u0142a\u0144skim i zakonnym \u017cyciem! Zapewniam o modlitwie.<\/b><\/span><\/span><\/span><\/p>\n<p align=\"justify\"><span style=\"color: #000000;\"><span style=\"font-family: Book Antiqua, serif;\"><span style=\"font-size: large;\">Drodzy moi, sercem \u0142\u0105czymy si\u0119 z Uczniami, Rodzicami i Nauczycielami, kt\u00f3rzy dzisiaj rozpoczynaj\u0105 rok szkolny. W modlitwie b\u0119dziemy o Nich wszystkich pami\u0119ta\u0107!<\/span><\/span><\/span><\/p>\n<p align=\"justify\"><span style=\"color: #000000;\"><span style=\"font-family: Book Antiqua, serif;\"><span style=\"font-size: large;\">A ja pozdrawiam Was bardzo serdecznie gdzie\u015b z trasy \u2013 z Rzymu do Polski. Jak wspomnia\u0142em wczoraj \u2013 wr\u00f3c\u0119 jeszcze do pewnych podsumowa\u0144 tego czasu, ale to ju\u017c na spokojnie i z pewnej czasowej perspektywy.<\/span><\/span><\/span><\/p>\n<p align=\"justify\"><span style=\"color: #000000;\"><span style=\"font-family: Book Antiqua, serif;\"><span style=\"font-size: large;\">Teraz natomiast zapraszam do pochylenia si\u0119 nad Bo\u017cym s\u0142owem. Oto s\u0142\u00f3wko Ksi\u0119dza Marka na dzi\u015b:<\/span><\/span><\/span><\/p>\n<p align=\"justify\"><span style=\"color: #000000;\"><span style=\"font-family: Book Antiqua, serif;\"><span style=\"font-size: medium;\"><a href=\"https:\/\/www.youtube.com\/c\/CatholicSurgut\"><span style=\"font-size: large;\"><span lang=\"zxx\"><u><b>https:\/\/www.youtube.com\/c\/CatholicSurgut<\/b><\/u><\/span><\/span><\/a><\/span><\/span><\/span><\/p>\n<p align=\"justify\"><span style=\"color: #000000;\"><span style=\"font-family: Book Antiqua, serif;\"><span style=\"font-size: large;\">Zatem, <b>co dzisiaj m\u00f3wi do mnie Pan? Z jakim konkretnym przes\u0142aniem do mnie si\u0119 zwraca?<\/b> Niech Duch \u015awi\u0119ty b\u0119dzie natchnieniem i \u015bwiat\u0142em!<\/span><\/span><\/span><\/p>\n<p align=\"justify\"><span style=\"color: #000000;\"><span style=\"font-family: Book Antiqua, serif;\"><span style=\"font-size: large;\"><b>Niech Was b\u0142ogos\u0142awi B\u00f3g Wszechmog\u0105cy: Ojciec + i Syn, i Duch \u015awi\u0119ty. Amen<\/b><\/span><\/span><\/span><\/p>\n<p align=\"center\"><span style=\"color: #000000;\"><span style=\"font-family: Book Antiqua, serif;\"><span style=\"font-size: large;\">Gaudium et spes! Ks. Jacek<\/span><\/span><\/span><\/p>\n<p align=\"center\">\n<p align=\"center\">\n<p align=\"center\">\n<p align=\"center\">\n<p align=\"center\">\n<p align=\"justify\"><span style=\"color: #000000;\"><span style=\"font-family: Book Antiqua, serif;\"><span style=\"font-size: large;\"><b>Poniedzia\u0142ek 22 Tygodnia zwyk\u0142ego, rok I,<\/b><\/span><\/span><\/span><\/p>\n<p align=\"justify\"><span style=\"color: #000000;\"><span style=\"font-family: Book Antiqua, serif;\"><span style=\"font-size: large;\"><b>1 wrze\u015bnia 2025.,\u00a0<\/b><\/span><\/span><\/span><\/p>\n<p align=\"justify\"><span style=\"color: #000000;\"><span style=\"font-family: Book Antiqua, serif;\"><span style=\"font-size: large;\"><b>do czyta\u0144: 1 Tes 4,13\u201318; \u0141k 4,16\u201330<\/b><\/span><\/span><\/span><\/p>\n<p align=\"justify\">\n<p align=\"justify\">\n<p align=\"justify\">\n<p align=\"justify\">\n<p align=\"justify\">\n<p align=\"justify\"><span style=\"color: #000000;\"><span style=\"font-family: Book Antiqua, serif;\"><span style=\"font-size: large;\"><b>CZYTANIE Z PIERWSZEGO LISTU \u015aWI\u0118TEGO PAW\u0141A APOSTO\u0141A DO TESALONICZAN:<\/b><\/span><\/span><\/span><\/p>\n<p align=\"justify\"><span style=\"color: #000000;\"><span style=\"font-family: Book Antiqua, serif;\"><span style=\"font-size: large;\"><b>Nie chcemy, bracia, waszego trwania w niewiedzy co do tych, kt\u00f3rzy umieraj\u0105, aby\u015bcie si\u0119 nie smucili jak wszyscy ci, kt\u00f3rzy nie maj\u0105 nadziei. Je\u015bli bowiem wierzymy, \u017ce Jezus istotnie umar\u0142 i zmartwychwsta\u0142, to r\u00f3wnie\u017c tych, kt\u00f3rzy umarli w Jezusie, B\u00f3g wyprowadzi wraz z Nim.<\/b><\/span><\/span><\/span><\/p>\n<p align=\"justify\"><span style=\"color: #000000;\"><span style=\"font-family: Book Antiqua, serif;\"><span style=\"font-size: large;\"><b>To bowiem g\u0142osimy wam jako s\u0142owo Pa\u0144skie, \u017ce my, \u017cywi, pozostawieni na przyj\u015bcie Pana, nie wyprzedzimy tych, kt\u00f3rzy pomarli. Sam bowiem Pan zst\u0105pi z nieba na has\u0142o i na g\u0142os archanio\u0142a, i na d\u017awi\u0119k tr\u0105by Bo\u017cej, a zmarli w Chrystusie powstan\u0105 pierwsi. Potem my, \u017cywi i pozostawieni, wraz z nimi b\u0119dziemy porwani w powietrze, na ob\u0142oki naprzeciw Pana, i w ten spos\u00f3b zawsze b\u0119dziemy z Panem. Przeto wzajemnie si\u0119 pocieszajcie tymi s\u0142owami.<\/b><\/span><\/span><\/span><\/p>\n<p align=\"justify\">\n<p align=\"justify\">\n<p align=\"justify\">\n<p align=\"justify\">\n<p align=\"justify\">\n<p align=\"justify\"><span style=\"color: #000000;\"><span style=\"font-family: Book Antiqua, serif;\"><span style=\"font-size: large;\"><b>S\u0141OWA EWANGELII WED\u0141UG \u015aWI\u0118TEGO \u0141UKASZA:<\/b><\/span><\/span><\/span><\/p>\n<p align=\"justify\"><span style=\"color: #000000;\"><span style=\"font-family: Book Antiqua, serif;\"><span style=\"font-size: large;\"><b>Jezus przyszed\u0142 do Nazaretu, gdzie si\u0119 wychowa\u0142. W dzie\u0144 szabatu uda\u0142 si\u0119 swoim zwyczajem do synagogi i powsta\u0142, aby czyta\u0107. Podano Mu Ksi\u0119g\u0119 proroka Izajasza.<\/b><\/span><\/span><\/span><\/p>\n<p align=\"justify\"><span style=\"color: #000000;\"><span style=\"font-family: Book Antiqua, serif;\"><span style=\"font-size: large;\"><b>Rozwin\u0105wszy ksi\u0119g\u0119, natrafi\u0142 na miejsce, gdzie by\u0142o napisane: \u201eDuch Pa\u0144ski spoczywa na Mnie, poniewa\u017c Mnie nama\u015bci\u0142 i pos\u0142a\u0142 Mnie, abym ubogim ni\u00f3s\u0142 dobr\u0105 nowin\u0119, wi\u0119\u017aniom g\u0142osi\u0142 wolno\u015b\u0107, a niewidomym przejrzenie; abym uci\u015bnionych odsy\u0142a\u0142 wolnych, abym obwo\u0142ywa\u0142 rok \u0142aski od Pana\u201d. Zwin\u0105wszy ksi\u0119g\u0119 odda\u0142 s\u0142udze i usiad\u0142; a oczy wszystkich w synagodze by\u0142y w Nim utkwione.<\/b><\/span><\/span><\/span><\/p>\n<p align=\"justify\"><span style=\"color: #000000;\"><span style=\"font-family: Book Antiqua, serif;\"><span style=\"font-size: large;\"><b>Pocz\u0105\u0142 wi\u0119c m\u00f3wi\u0107 do nich: \u201eDzi\u015b spe\u0142ni\u0142y si\u0119 te s\u0142owa Pisma, kt\u00f3re\u015bcie s\u0142yszeli\u201d. <\/b><\/span><\/span><\/span><\/p>\n<p align=\"justify\"><span style=\"color: #000000;\"><span style=\"font-family: Book Antiqua, serif;\"><span style=\"font-size: large;\"><b>A wszyscy przy\u015bwiadczali Mu i dziwili si\u0119 pe\u0142nym wdzi\u0119ku s\u0142owom, kt\u00f3re p\u0142yn\u0119\u0142y z ust Jego. I m\u00f3wili: \u201eCzy nie jest to syn J\u00f3zefa?\u201d<\/b><\/span><\/span><\/span><\/p>\n<p align=\"justify\"><span style=\"color: #000000;\"><span style=\"font-family: Book Antiqua, serif;\"><span style=\"font-size: large;\"><b>Wtedy rzek\u0142 do nich: \u201eZ pewno\u015bci\u0105 powiecie Mi to przys\u0142owie: \u00abLekarzu, ulecz samego siebie\u00bb; dokonaj\u017ce i tu, w swojej ojczy\u017anie tego, co si\u0119 wydarzy\u0142o, jak s\u0142yszeli\u015bmy, w Kafarnaum\u201d.<\/b><\/span><\/span><\/span><\/p>\n<p align=\"justify\"><span style=\"color: #000000;\"><span style=\"font-family: Book Antiqua, serif;\"><span style=\"font-size: large;\"><b>I doda\u0142: \u201eZaprawd\u0119 powiadam wam: \u017baden prorok nie jest mile widziany w swojej ojczy\u017anie. Naprawd\u0119 m\u00f3wi\u0119 wam: Wiele wd\u00f3w by\u0142o w Izraelu za czas\u00f3w Eliasza, kiedy niebo pozostawa\u0142o zamkni\u0119te przez trzy lata i sze\u015b\u0107 miesi\u0119cy, tak \u017ce wielki g\u0142\u00f3d panowa\u0142 w ca\u0142ym kraju; a Eliasz do \u017cadnej z nich nie zosta\u0142 pos\u0142any, tylko do owej wdowy w Sarepcie Sydo\u0144skiej. I wielu tr\u0119dowatych by\u0142o w Izraelu za proroka Elizeusza, a \u017caden z nich nie zosta\u0142 oczyszczony, tylko Syryjczyk Naaman\u201d.<\/b><\/span><\/span><\/span><\/p>\n<p align=\"justify\"><span style=\"color: #000000;\"><span style=\"font-family: Book Antiqua, serif;\"><span style=\"font-size: large;\"><b>Na te s\u0142owa wszyscy w synagodze unie\u015bli si\u0119 gniewem. Porwali Go z miejsca, wyrzucili Go z miasta i wyprowadzili a\u017c na stok g\u00f3ry, na kt\u00f3rej ich miasto by\u0142o zbudowane, aby Go str\u0105ci\u0107.<\/b><\/span><\/span><\/span><\/p>\n<p align=\"justify\"><span style=\"color: #000000;\"><span style=\"font-family: Book Antiqua, serif;\"><span style=\"font-size: large;\"><b>On jednak przeszed\u0142szy po\u015br\u00f3d nich oddali\u0142 si\u0119.<\/b><\/span><\/span><\/span><\/p>\n<p align=\"justify\">\n<p align=\"justify\">\n<p align=\"justify\">\n<p align=\"justify\">\n<p align=\"justify\">\n<p align=\"justify\"><span style=\"color: #000000;\"><span style=\"font-family: Book Antiqua, serif;\"><span style=\"font-size: large;\">Nieco poetycko i obrazowo, ale jednak wyra\u017anie Pawe\u0142 przekonuje wiernych Gminy chrze\u015bcija\u0144skiej w Tesalonikach, \u017ce <i><b>j<\/b><\/i><i><b>e\u015bli<\/b><\/i><b> <\/b><b>[\u2026]<\/b><b> <\/b><i><b>wierzymy, \u017ce Jezus istotnie umar\u0142 i zmartwychwsta\u0142, to r\u00f3wnie\u017c tych, kt\u00f3rzy umarli w Jezusie, B\u00f3g wyprowadzi wraz z Nim.<\/b><\/i><b> <\/b>Co oznacza, \u017ce wszyscy \u2013 po tej \u015bmierci doczesnej \u2013 <b>zmartwychwstaniemy do \u017cycia wiecznego.<\/b> <\/span><\/span><\/span><\/p>\n<p align=\"justify\"><span style=\"color: #000000;\"><span style=\"font-family: Book Antiqua, serif;\"><span style=\"font-size: large;\">Jednak w dzisiejszym tek\u015bcie biblijnym mowa jest nie tylko o tym, \u017ce to zmartwychwstanie nast\u0105pi, <b>ale \u017ce nast\u0105pi szybko. <\/b>Wyczuwamy bowiem w Paw\u0142owych s\u0142owach <b>jak\u0105\u015b wielk\u0105 t\u0119sknot\u0119<\/b> za tym, aby tak zwana Paruzja, czyli ponowne przyj\u015bcie Jezusa na \u015bwiat \u2013 tym razem, ju\u017c tu ostateczne, aby m\u00f3g\u0142 On zabra\u0107 ze sob\u0105 swoich uczni\u00f3w i wyznawc\u00f3w \u2013 <b>nast\u0105pi szybko. <\/b><\/span><\/span><\/span><\/p>\n<p align=\"justify\"><span style=\"color: #000000;\"><span style=\"font-family: Book Antiqua, serif;\"><span style=\"font-size: large;\">S\u0142yszymy bowiem takie s\u0142owa: <i><b>To bowiem g\u0142osimy wam jako s\u0142owo Pa\u0144skie, \u017ce my, \u017cywi, pozostawieni na przyj\u015bcie Pana, nie wyprzedzimy tych, kt\u00f3rzy pomarli. Sam bowiem Pan zst\u0105pi z nieba na has\u0142o i na g\u0142os archanio\u0142a, i na d\u017awi\u0119k tr\u0105by Bo\u017cej, a zmarli w Chrystusie powstan\u0105 pierwsi. Potem my, \u017cywi i pozostawieni, wraz z nimi b\u0119dziemy porwani w powietrze, na ob\u0142oki naprzeciw Pana, i w ten spos\u00f3b zawsze b\u0119dziemy z Panem. Przeto wzajemnie si\u0119 pocieszajcie tymi s\u0142owami.<\/b><\/i><\/span><\/span><\/span><\/p>\n<p align=\"justify\"><span style=\"color: #000000;\"><span style=\"font-family: Book Antiqua, serif;\"><span style=\"font-size: large;\">Czy\u017cby mia\u0142y one oznacza\u0107, \u017ce to w\u0142a\u015bnie Pawe\u0142 i jemu wsp\u00f3\u0142cze\u015bni <b>b\u0119d\u0105 tymi \u00ab\u017cywymi, pozostawionymi na przyj\u015bcie Pana\u00bb<\/b> i \u017ce nosi on w sercu faktyczne przekonanie, <b>\u017ce doczeka tego czasu?<\/b> By\u0107 mo\u017ce, w g\u0142\u0119bi serca o tym my\u015bla\u0142. A s\u0105dz\u0105c po jego g\u0142\u0119bokiej wi\u0119zi z Jezusem, <b>to naprawd\u0119 o tym my\u015bla\u0142.<\/b> <\/span><\/span><\/span><\/p>\n<p align=\"justify\"><span style=\"color: #000000;\"><span style=\"font-family: Book Antiqua, serif;\"><span style=\"font-size: large;\">Ale \u2013 niech to \u017ale nie zabrzmi \u2013 akurat Pawe\u0142 naprawd\u0119 <b>by\u0142 zbyt m\u0105dry i zbyt \u015bwiadomy<\/b> tego, czego sam innych naucza\u0142, aby ulega\u0107 takim emocjom! Zreszt\u0105, w innych jego Listach \u0142atwo znajdziemy <b>do\u015b\u0107 stanowcze i kategoryczne rozprawianie si\u0119<\/b> z takim w\u0142a\u015bnie my\u015bleniem chrze\u015bcijan, maj\u0105cym w tamtym czasie naprawd\u0119 szeroki rozg\u0142os! <\/span><\/span><\/span><\/p>\n<p align=\"justify\"><span style=\"color: #000000;\"><span style=\"font-family: Book Antiqua, serif;\"><span style=\"font-size: large;\">Wyznawcy Chrystusa <b>naprawd\u0119 oczekiwali na Jego dos\u0142owny, szybki powr\u00f3t. <\/b>Bo dos\u0142ownie odczytywali Jego s\u0142owa, <b>\u017ce przyjdzie niebawem.<\/b> I to w\u0142a\u015bnie Pawe\u0142 stanowczo <b>kaza\u0142 im bra\u0107 si\u0119 do roboty i robi\u0107 swoje,<\/b> a nie wzdycha\u0107 do Nieba <b>i czeka\u0107 na gwiazdk\u0119, kt\u00f3ra stamt\u0105d spadnie.<\/b> Oczywi\u015bcie, m\u00f3wimy tu sobie nieco obrazowo, ale mniej wi\u0119cej o to chodzi. <\/span><\/span><\/span><\/p>\n<p align=\"justify\"><span style=\"color: #000000;\"><span style=\"font-family: Book Antiqua, serif;\"><span style=\"font-size: large;\">Czy\u017cby zatem dzisiaj mia\u0142o si\u0119 okaza\u0107, <b>\u017ce sam Pawe\u0142 uleg\u0142 owym emocjom \u2013<\/b> \u017ceby nie powiedzie\u0107: <b>marzycielstwu? <\/b>Wierzmy, \u017ce nie! Raz jeszcze podkre\u015blmy: to w\u0142a\u015bnie Jemu Pan zleci\u0142 t\u0119 wyj\u0105tkowo i jedyn\u0105 w swoim rodzaju misj\u0119 w Ko\u015bciele, aby <b>pom\u00f3c ludziom zrozumie\u0107 \u2013 bardziej zrozumie\u0107 \u2013 nauk\u0119 Jezusa,<\/b> zapisan\u0105 na kartach Ewangelii <b>i odnie\u015b\u0107 j\u0105 do praktyki <\/b>\u017cycia Ko\u015bcio\u0142a. Tego m\u0142odego Ko\u015bcio\u0142a, kt\u00f3ry dopiero si\u0119 kszta\u0142towa\u0142, bardzo bujnie si\u0119 rozwija\u0142, <b>ci\u0105gle o<\/b><b>kre\u015blaj\u0105c swoj\u0105<\/b><b> drog\u0119,<\/b> po kt\u00f3rej ma p\u00f3j\u015b\u0107, w \u00f3wczesnym kontek\u015bcie. <\/span><\/span><\/span><\/p>\n<p align=\"justify\"><span style=\"color: #000000;\"><span style=\"font-family: Book Antiqua, serif;\"><span style=\"font-size: large;\">Nauczanie Paw\u0142a jest naprawd\u0119 <b>wielkim darem dla Ko\u015bcio\u0142a,<\/b> tak\u017ce w naszych czasach. Dlatego trudno przypuszcza\u0107, aby to on w\u0142a\u015bnie <b>mia\u0142 pope\u0142nia\u0107 takie \u201eszkolne b\u0142\u0119dy\u201d, <\/b>polegaj\u0105ce na dos\u0142ownym i pobie\u017cnym rozumieniu Jezusowych zapowiedzi, bez zag\u0142\u0119bienia si\u0119 w ich prawdziwe znaczenie. A to znaczenie jest na pewno <b>o wiele szersze i g\u0142\u0119bsze, <\/b>ani\u017celi wynika\u0142oby to z potocznego rozumienia s\u0142\u00f3w. <\/span><\/span><\/span><\/p>\n<p align=\"justify\"><span style=\"color: #000000;\"><span style=\"font-family: Book Antiqua, serif;\"><span style=\"font-size: large;\">Bo okre\u015blenie <i><b>my, \u017cywi, pozostawieni na przyj\u015bcie Pana<\/b><\/i><b> \u2013<\/b> wcale nie musi oznacza\u0107 tylko Paw\u0142a i jemu wsp\u00f3\u0142czesnych, <b>ale wszystkich chrze\u015bcijan \u2013<\/b> czy\u017c nie? <\/span><\/span><\/span><\/p>\n<p align=\"justify\"><span style=\"color: #000000;\"><span style=\"font-family: Book Antiqua, serif;\"><span style=\"font-size: large;\">Natomiast zasadniczym przes\u0142aniem tego dzisiejszego fragmentu s\u0105 \u2013 jak si\u0119 wydaje \u2013 ostatnie jego s\u0142owa: <i><b>I w ten spos\u00f3b zawsze b\u0119dziemy z Panem. Przeto wzajemnie si\u0119 pocieszajcie tymi s\u0142owami.<\/b><\/i> Tu o to tak naprawd\u0119 chodzi! My, uczniowie Chrystusa \u2013 Jego na\u015bladowcy, uczniowie, \u015bwiadkowie i g\u0142osiciele \u2013 jeste\u015bmy <b>zaproszeni do wiecznej wsp\u00f3lnoty z naszym Panem. <\/b>A nawet \u2013 by si\u0119 tak wyrazi\u0107 \u2013 <b>mamy j\u0105 zagwarantowan\u0105! <\/b>Bez wzgl\u0119du na to, kiedy nam przyjdzie opu\u015bci\u0107 ten ziemski pad\u00f3\u0142, to jednak je\u017celi b\u0119dziemy trwali w jedno\u015bci z Panem i stale oczekiwali Jego przyj\u015bcia, <b>to si\u0119 go doczekamy! <\/b>I b\u0119dziemy szcz\u0119\u015bliwi w Niebie! I tym si\u0119 mamy pociesza\u0107 \u2013 <b>t\u0105 nadziej\u0105 mamy \u017cy\u0107! <\/b><\/span><\/span><\/span><\/p>\n<p align=\"justify\"><span style=\"color: #000000;\"><span style=\"font-family: Book Antiqua, serif;\"><span style=\"font-size: large;\">Nadziej\u0105 na spotkanie i \u017cycie wieczne z Jezusem \u2013 ale <b>tym Jezusem prawdziwym, <\/b>czyli takim, jakim On jest, <b>a nie jakim my Go sobie wyobra\u017camy.<\/b> I jak wyobra\u017camy sobie nasz\u0105 drog\u0119 do Niego. <\/span><\/span><\/span><\/p>\n<p align=\"justify\"><span style=\"color: #000000;\"><span style=\"font-family: Book Antiqua, serif;\"><span style=\"font-size: large;\">W dzisiejszej bowiem liturgii S\u0142owa mocno wybrzmiewa ten problem, \u017ce zar\u00f3wno <b>czas i spos\u00f3b przyj\u015bcia Pana, <\/b>jak i w og\u00f3le Jego osob\u0119 i misj\u0119, ludzie sobie \u201ejako\u015b\u201d wyobra\u017cali. Albo inaczej: <b>nie byli w stanie przyj\u0105\u0107 prawdziwego <\/b><b>obrazu<\/b> zar\u00f3wno samego Jezusa, jak i Jego misji, Jego pos\u0142annictwa, Jego nauczania! A wreszcie \u2013 Jego Bosko\u015bci. Tylko dlatego, \u017ce by\u0142 ich rodakiem \u2013 bo dzisiaj w\u0142a\u015bnie z tak\u0105 sytuacj\u0105 mamy do czynienia, w opisie ewangelicznym. <\/span><\/span><\/span><\/p>\n<p align=\"justify\"><span style=\"color: #000000;\"><span style=\"font-family: Book Antiqua, serif;\"><span style=\"font-size: large;\">Oto <i><b>Jezus przyszed\u0142 do Nazaretu, gdzie si\u0119 wychowa\u0142. W dzie\u0144 szabatu uda\u0142 si\u0119 swoim zwyczajem do synagogi i powsta\u0142, aby czyta\u0107. Podano Mu Ksi\u0119g\u0119 proroka Izajasza.<\/b><\/i><b> <\/b>I kiedy, po przeczytaniu stosownego fragmentu, stwierdzi\u0142 zdecydowanie: <i><b>Dzi\u015b spe\u0142ni\u0142y si\u0119 te s\u0142owa Pisma, kt\u00f3re\u015bcie s\u0142yszeli,<\/b><\/i><b> <\/b>to reakcj\u0105 na to by\u0142o jeszcze niedowierzanie. Kiedy jednak powiedzia\u0142, \u017ce <i><b>\u017caden prorok nie jest mile widziany w swojej ojczy\u017anie<\/b><\/i><b> \u2013 <\/b>i jeszcze wyja\u015bni\u0142 dok\u0142adniej, o co Mu chodzi \u2013 wtedy reakcja by\u0142a wr\u0119cz piorunuj\u0105ca: <i><b>Na te s\u0142owa wszyscy w synagodze unie\u015bli si\u0119 gniewem. Porwali Go z miejsca, wyrzucili Go z miasta i wyprowadzili a\u017c na stok g\u00f3ry, na kt\u00f3rej ich miasto by\u0142o zbudowane, aby Go str\u0105ci\u0107. On jednak przeszed\u0142szy po\u015br\u00f3d nich oddali\u0142 si\u0119. <\/b><\/i><\/span><\/span><\/span><\/p>\n<p align=\"justify\"><span style=\"color: #000000;\"><span style=\"font-family: Book Antiqua, serif;\"><span style=\"font-size: large;\">To nie by\u0142 jeszcze ten czas, kiedy mia\u0142y si\u0119 dope\u0142ni\u0107 wydarzenia zbawcze. <b>Jezus sam decydowa\u0142, <\/b>kiedy ten czas nast\u0105pi. Natomiast ca\u0142e to wydarzenie pokazuje skal\u0119 problemu: ludzie tamtych czas\u00f3w tworzyli sobie \u2013 i my te\u017c sobie tworzymy \u2013 <b>w\u0142asny obraz Jezusa i tego, czego On naucza, <\/b>czego od nas oczekuje, co nam wskazuje. <\/span><\/span><\/span><\/p>\n<p align=\"justify\"><span style=\"color: #000000;\"><span style=\"font-family: Book Antiqua, serif;\"><span style=\"font-size: large;\">Tymczasem, prawdziwie dobr\u0105 drog\u0105 p\u00f3jdziemy i doznamy rzeczywistego pocieszenia i nadziei, <b>je\u017celi zaufamy Panu i p\u00f3jdziemy dok\u0142adnie t\u0105 drog\u0105,<\/b> kt\u00f3r\u0105 nam uka\u017ce \u2013 a nie t\u0105 lekko skorygowan\u0105 i poprawion\u0105 \u201epo naszemu\u201d. Zaufajmy Mu, \u017ce<b> to On sam wybiera najlepszy czas i spos\u00f3b,<\/b> aby okaza\u0107 nam swoj\u0105 \u0142ask\u0119 i przyj\u015b\u0107 nam z pomoc\u0105. <\/span><\/span><\/span><\/p>\n<p align=\"justify\"><span style=\"color: #000000;\"><span style=\"font-family: Book Antiqua, serif;\"><span style=\"font-size: large;\">Tak, <b>jak On chce i kiedy On chce,<\/b> a nie \u2013 jak nam si\u0119 wydaje\u2026<\/span><\/span><\/span><\/p>\n","protected":false},"excerpt":{"rendered":"<p>Szcz\u0119\u015b\u0107 Bo\u017ce! Drodzy moi, w dniu dzisiejszym urodziny prze\u017cywa Ojciec Cezary Szcze\u015bniak, kapucyn, nale\u017c\u0105cy w swoim czasie \u2013 jeszcze jako Czarek \u2013 do jednej z m\u0142odzie\u017cowych Wsp\u00f3lnot. \u017bycz\u0119 Ojcu Czarkowi odwagi i mocy w g\u0142oszeniu Bo\u017cego s\u0142owa i \u015bwiadczeniu o nim ca\u0142ym swoim kap\u0142a\u0144skim i zakonnym \u017cyciem! Zapewniam o modlitwie. Drodzy moi, sercem \u0142\u0105czymy si\u0119 [&hellip;]<\/p>\n","protected":false},"author":1,"featured_media":0,"comment_status":"open","ping_status":"open","sticky":false,"template":"","format":"standard","meta":{"jetpack_post_was_ever_published":false,"_jetpack_newsletter_access":"","_jetpack_dont_email_post_to_subs":false,"_jetpack_newsletter_tier_id":0,"_jetpack_memberships_contains_paywalled_content":false,"_jetpack_memberships_contains_paid_content":false,"footnotes":""},"categories":[1],"tags":[],"class_list":["post-24124","post","type-post","status-publish","format-standard","hentry","category-bez-kategorii"],"yoast_head":"<!-- This site is optimized with the Yoast SEO plugin v25.1 - https:\/\/yoast.com\/wordpress\/plugins\/seo\/ -->\n<title>Tak, jak chce Jezus! - Gaudium Et Spes<\/title>\n<meta name=\"robots\" content=\"index, follow, max-snippet:-1, max-image-preview:large, max-video-preview:-1\" \/>\n<link rel=\"canonical\" href=\"https:\/\/gaudiumetspes-blog.pl\/index.php\/2025\/09\/01\/tak-jak-chce-jezus\/\" \/>\n<meta property=\"og:locale\" content=\"pl_PL\" \/>\n<meta property=\"og:type\" content=\"article\" \/>\n<meta property=\"og:title\" content=\"Tak, jak chce Jezus! - Gaudium Et Spes\" \/>\n<meta property=\"og:description\" content=\"Szcz\u0119\u015b\u0107 Bo\u017ce! Drodzy moi, w dniu dzisiejszym urodziny prze\u017cywa Ojciec Cezary Szcze\u015bniak, kapucyn, nale\u017c\u0105cy w swoim czasie \u2013 jeszcze jako Czarek \u2013 do jednej z m\u0142odzie\u017cowych Wsp\u00f3lnot. \u017bycz\u0119 Ojcu Czarkowi odwagi i mocy w g\u0142oszeniu Bo\u017cego s\u0142owa i \u015bwiadczeniu o nim ca\u0142ym swoim kap\u0142a\u0144skim i zakonnym \u017cyciem! Zapewniam o modlitwie. Drodzy moi, sercem \u0142\u0105czymy si\u0119 [&hellip;]\" \/>\n<meta property=\"og:url\" content=\"https:\/\/gaudiumetspes-blog.pl\/index.php\/2025\/09\/01\/tak-jak-chce-jezus\/\" \/>\n<meta property=\"og:site_name\" content=\"Gaudium Et Spes\" \/>\n<meta property=\"article:published_time\" content=\"2025-08-31T22:17:21+00:00\" \/>\n<meta name=\"author\" content=\"Ks. Jacek\" \/>\n<meta name=\"twitter:card\" content=\"summary_large_image\" \/>\n<meta name=\"twitter:label1\" content=\"Napisane przez\" \/>\n\t<meta name=\"twitter:data1\" content=\"Ks. Jacek\" \/>\n\t<meta name=\"twitter:label2\" content=\"Szacowany czas czytania\" \/>\n\t<meta name=\"twitter:data2\" content=\"9 minut\" \/>\n<script type=\"application\/ld+json\" class=\"yoast-schema-graph\">{\"@context\":\"https:\/\/schema.org\",\"@graph\":[{\"@type\":\"WebPage\",\"@id\":\"https:\/\/gaudiumetspes-blog.pl\/index.php\/2025\/09\/01\/tak-jak-chce-jezus\/\",\"url\":\"https:\/\/gaudiumetspes-blog.pl\/index.php\/2025\/09\/01\/tak-jak-chce-jezus\/\",\"name\":\"Tak, jak chce Jezus! - Gaudium Et Spes\",\"isPartOf\":{\"@id\":\"https:\/\/gaudiumetspes-blog.pl\/#website\"},\"datePublished\":\"2025-08-31T22:17:21+00:00\",\"author\":{\"@id\":\"https:\/\/gaudiumetspes-blog.pl\/#\/schema\/person\/1661982992b752dea8dff0d4ed845a65\"},\"breadcrumb\":{\"@id\":\"https:\/\/gaudiumetspes-blog.pl\/index.php\/2025\/09\/01\/tak-jak-chce-jezus\/#breadcrumb\"},\"inLanguage\":\"pl-PL\",\"potentialAction\":[{\"@type\":\"ReadAction\",\"target\":[\"https:\/\/gaudiumetspes-blog.pl\/index.php\/2025\/09\/01\/tak-jak-chce-jezus\/\"]}]},{\"@type\":\"BreadcrumbList\",\"@id\":\"https:\/\/gaudiumetspes-blog.pl\/index.php\/2025\/09\/01\/tak-jak-chce-jezus\/#breadcrumb\",\"itemListElement\":[{\"@type\":\"ListItem\",\"position\":1,\"name\":\"Strona g\u0142\u00f3wna\",\"item\":\"https:\/\/gaudiumetspes-blog.pl\/\"},{\"@type\":\"ListItem\",\"position\":2,\"name\":\"Tak, jak chce Jezus!\"}]},{\"@type\":\"WebSite\",\"@id\":\"https:\/\/gaudiumetspes-blog.pl\/#website\",\"url\":\"https:\/\/gaudiumetspes-blog.pl\/\",\"name\":\"Gaudium Et Spes\",\"description\":\"Blog Ks. Jacka Ja\u015bkowskiego\",\"potentialAction\":[{\"@type\":\"SearchAction\",\"target\":{\"@type\":\"EntryPoint\",\"urlTemplate\":\"https:\/\/gaudiumetspes-blog.pl\/?s={search_term_string}\"},\"query-input\":{\"@type\":\"PropertyValueSpecification\",\"valueRequired\":true,\"valueName\":\"search_term_string\"}}],\"inLanguage\":\"pl-PL\"},{\"@type\":\"Person\",\"@id\":\"https:\/\/gaudiumetspes-blog.pl\/#\/schema\/person\/1661982992b752dea8dff0d4ed845a65\",\"name\":\"Ks. Jacek\",\"image\":{\"@type\":\"ImageObject\",\"inLanguage\":\"pl-PL\",\"@id\":\"https:\/\/gaudiumetspes-blog.pl\/#\/schema\/person\/image\/\",\"url\":\"https:\/\/gaudiumetspes-blog.pl\/wp-content\/uploads\/2019\/07\/avatar-JJ-150x150.jpg\",\"contentUrl\":\"https:\/\/gaudiumetspes-blog.pl\/wp-content\/uploads\/2019\/07\/avatar-JJ-150x150.jpg\",\"caption\":\"Ks. Jacek\"},\"description\":\"Witam serdecznie! K\u0142ania si\u0119 Ks. Jacek Ja\u015bkowski. Nie jestem ani kim\u015b wa\u017cnym, ani kim\u015b znanym. Jestem ksi\u0119dzem, kt\u00f3ry po prostu chce rozmawia\u0107. Codzienna kap\u0142a\u0144ska pos\u0142uga pokazuje mi, \u017ce temat\u00f3w do rozm\u00f3w z ksi\u0119dzem jest coraz wi\u0119cej i dzisiaj \u017caden ksi\u0105dz nie mo\u017ce od nich ucieka\u0107, ale - wprost przeciwnie - podejmowa\u0107 nowe wyzwania. To przekonanie sk\u0142oni\u0142o mnie do pr\u00f3by otwarcia tego\u017c bloga, chocia\u017c okazji do rozm\u00f3w na co dzie\u0144 - w konfesjonale i poza nim - na szcz\u0119\u015bcie nie brakuje. My\u015bl\u0119 jednak, \u017ce ten blog b\u0119dzie jeszcze jednym sposobem i przestrzeni\u0105 nawi\u0105zania kontaktu z lud\u017ami dobrej woli, otwartymi na dialog.\",\"url\":\"https:\/\/gaudiumetspes-blog.pl\/index.php\/author\/ks-jacek\/\"}]}<\/script>\n<!-- \/ Yoast SEO plugin. -->","yoast_head_json":{"title":"Tak, jak chce Jezus! - Gaudium Et Spes","robots":{"index":"index","follow":"follow","max-snippet":"max-snippet:-1","max-image-preview":"max-image-preview:large","max-video-preview":"max-video-preview:-1"},"canonical":"https:\/\/gaudiumetspes-blog.pl\/index.php\/2025\/09\/01\/tak-jak-chce-jezus\/","og_locale":"pl_PL","og_type":"article","og_title":"Tak, jak chce Jezus! - Gaudium Et Spes","og_description":"Szcz\u0119\u015b\u0107 Bo\u017ce! Drodzy moi, w dniu dzisiejszym urodziny prze\u017cywa Ojciec Cezary Szcze\u015bniak, kapucyn, nale\u017c\u0105cy w swoim czasie \u2013 jeszcze jako Czarek \u2013 do jednej z m\u0142odzie\u017cowych Wsp\u00f3lnot. \u017bycz\u0119 Ojcu Czarkowi odwagi i mocy w g\u0142oszeniu Bo\u017cego s\u0142owa i \u015bwiadczeniu o nim ca\u0142ym swoim kap\u0142a\u0144skim i zakonnym \u017cyciem! Zapewniam o modlitwie. Drodzy moi, sercem \u0142\u0105czymy si\u0119 [&hellip;]","og_url":"https:\/\/gaudiumetspes-blog.pl\/index.php\/2025\/09\/01\/tak-jak-chce-jezus\/","og_site_name":"Gaudium Et Spes","article_published_time":"2025-08-31T22:17:21+00:00","author":"Ks. Jacek","twitter_card":"summary_large_image","twitter_misc":{"Napisane przez":"Ks. Jacek","Szacowany czas czytania":"9 minut"},"schema":{"@context":"https:\/\/schema.org","@graph":[{"@type":"WebPage","@id":"https:\/\/gaudiumetspes-blog.pl\/index.php\/2025\/09\/01\/tak-jak-chce-jezus\/","url":"https:\/\/gaudiumetspes-blog.pl\/index.php\/2025\/09\/01\/tak-jak-chce-jezus\/","name":"Tak, jak chce Jezus! - Gaudium Et Spes","isPartOf":{"@id":"https:\/\/gaudiumetspes-blog.pl\/#website"},"datePublished":"2025-08-31T22:17:21+00:00","author":{"@id":"https:\/\/gaudiumetspes-blog.pl\/#\/schema\/person\/1661982992b752dea8dff0d4ed845a65"},"breadcrumb":{"@id":"https:\/\/gaudiumetspes-blog.pl\/index.php\/2025\/09\/01\/tak-jak-chce-jezus\/#breadcrumb"},"inLanguage":"pl-PL","potentialAction":[{"@type":"ReadAction","target":["https:\/\/gaudiumetspes-blog.pl\/index.php\/2025\/09\/01\/tak-jak-chce-jezus\/"]}]},{"@type":"BreadcrumbList","@id":"https:\/\/gaudiumetspes-blog.pl\/index.php\/2025\/09\/01\/tak-jak-chce-jezus\/#breadcrumb","itemListElement":[{"@type":"ListItem","position":1,"name":"Strona g\u0142\u00f3wna","item":"https:\/\/gaudiumetspes-blog.pl\/"},{"@type":"ListItem","position":2,"name":"Tak, jak chce Jezus!"}]},{"@type":"WebSite","@id":"https:\/\/gaudiumetspes-blog.pl\/#website","url":"https:\/\/gaudiumetspes-blog.pl\/","name":"Gaudium Et Spes","description":"Blog Ks. Jacka Ja\u015bkowskiego","potentialAction":[{"@type":"SearchAction","target":{"@type":"EntryPoint","urlTemplate":"https:\/\/gaudiumetspes-blog.pl\/?s={search_term_string}"},"query-input":{"@type":"PropertyValueSpecification","valueRequired":true,"valueName":"search_term_string"}}],"inLanguage":"pl-PL"},{"@type":"Person","@id":"https:\/\/gaudiumetspes-blog.pl\/#\/schema\/person\/1661982992b752dea8dff0d4ed845a65","name":"Ks. Jacek","image":{"@type":"ImageObject","inLanguage":"pl-PL","@id":"https:\/\/gaudiumetspes-blog.pl\/#\/schema\/person\/image\/","url":"https:\/\/gaudiumetspes-blog.pl\/wp-content\/uploads\/2019\/07\/avatar-JJ-150x150.jpg","contentUrl":"https:\/\/gaudiumetspes-blog.pl\/wp-content\/uploads\/2019\/07\/avatar-JJ-150x150.jpg","caption":"Ks. Jacek"},"description":"Witam serdecznie! K\u0142ania si\u0119 Ks. Jacek Ja\u015bkowski. Nie jestem ani kim\u015b wa\u017cnym, ani kim\u015b znanym. Jestem ksi\u0119dzem, kt\u00f3ry po prostu chce rozmawia\u0107. Codzienna kap\u0142a\u0144ska pos\u0142uga pokazuje mi, \u017ce temat\u00f3w do rozm\u00f3w z ksi\u0119dzem jest coraz wi\u0119cej i dzisiaj \u017caden ksi\u0105dz nie mo\u017ce od nich ucieka\u0107, ale - wprost przeciwnie - podejmowa\u0107 nowe wyzwania. To przekonanie sk\u0142oni\u0142o mnie do pr\u00f3by otwarcia tego\u017c bloga, chocia\u017c okazji do rozm\u00f3w na co dzie\u0144 - w konfesjonale i poza nim - na szcz\u0119\u015bcie nie brakuje. My\u015bl\u0119 jednak, \u017ce ten blog b\u0119dzie jeszcze jednym sposobem i przestrzeni\u0105 nawi\u0105zania kontaktu z lud\u017ami dobrej woli, otwartymi na dialog.","url":"https:\/\/gaudiumetspes-blog.pl\/index.php\/author\/ks-jacek\/"}]}},"jetpack_featured_media_url":"","jetpack_sharing_enabled":true,"_links":{"self":[{"href":"https:\/\/gaudiumetspes-blog.pl\/index.php\/wp-json\/wp\/v2\/posts\/24124","targetHints":{"allow":["GET"]}}],"collection":[{"href":"https:\/\/gaudiumetspes-blog.pl\/index.php\/wp-json\/wp\/v2\/posts"}],"about":[{"href":"https:\/\/gaudiumetspes-blog.pl\/index.php\/wp-json\/wp\/v2\/types\/post"}],"author":[{"embeddable":true,"href":"https:\/\/gaudiumetspes-blog.pl\/index.php\/wp-json\/wp\/v2\/users\/1"}],"replies":[{"embeddable":true,"href":"https:\/\/gaudiumetspes-blog.pl\/index.php\/wp-json\/wp\/v2\/comments?post=24124"}],"version-history":[{"count":1,"href":"https:\/\/gaudiumetspes-blog.pl\/index.php\/wp-json\/wp\/v2\/posts\/24124\/revisions"}],"predecessor-version":[{"id":24125,"href":"https:\/\/gaudiumetspes-blog.pl\/index.php\/wp-json\/wp\/v2\/posts\/24124\/revisions\/24125"}],"wp:attachment":[{"href":"https:\/\/gaudiumetspes-blog.pl\/index.php\/wp-json\/wp\/v2\/media?parent=24124"}],"wp:term":[{"taxonomy":"category","embeddable":true,"href":"https:\/\/gaudiumetspes-blog.pl\/index.php\/wp-json\/wp\/v2\/categories?post=24124"},{"taxonomy":"post_tag","embeddable":true,"href":"https:\/\/gaudiumetspes-blog.pl\/index.php\/wp-json\/wp\/v2\/tags?post=24124"}],"curies":[{"name":"wp","href":"https:\/\/api.w.org\/{rel}","templated":true}]}}