{"id":24294,"date":"2025-10-16T08:49:33","date_gmt":"2025-10-16T06:49:33","guid":{"rendered":"https:\/\/gaudiumetspes-blog.pl\/?p=24294"},"modified":"2025-10-16T08:49:33","modified_gmt":"2025-10-16T06:49:33","slug":"zaufac-bogu-na-maksa","status":"publish","type":"post","link":"https:\/\/gaudiumetspes-blog.pl\/index.php\/2025\/10\/16\/zaufac-bogu-na-maksa\/","title":{"rendered":"Zaufa\u0107 Bogu &#8222;na maksa&#8221;!"},"content":{"rendered":"<p align=\"justify\"><span style=\"color: #000000;\"><span style=\"font-family: Book Antiqua, serif;\"><span style=\"font-size: large;\">Szcz\u0119\u015b\u0107 Bo\u017ce! Moi Drodzy, w dniu dzisiejszym<b> urodziny prze\u017cywa<\/b><b>j\u0105<\/b><b>:<\/b><\/span><\/span><\/span><\/p>\n<p align=\"justify\"><span style=\"color: #000000;\">\u25ba<span style=\"font-size: large;\"><span style=\"font-family: Book Antiqua, serif;\"><b>Siostra Michaela St\u0119pniak \u2013 Karmelitanka z Kodnia, a wcze\u015bniej: moja Uczennica, w czasie mojego pierwszego wikariatu;<\/b><\/span><\/span><\/span><\/p>\n<p align=\"justify\"><span style=\"color: #000000;\">\u25ba<span style=\"font-size: large;\"><span style=\"font-family: Book Antiqua, serif;\"><b>Maciej Przybysz \u2013 nale\u017c\u0105cy w swoim czasie do Wsp\u00f3lnoty m\u0142odzie\u017cowej w Tr\u0105bkach, m\u00f3j Chrze\u015bniak z Bierzmowania.<\/b><\/span><\/span><\/span><\/p>\n<p align=\"justify\"><span style=\"color: #000000;\"><span style=\"font-family: Book Antiqua, serif;\"><span style=\"font-size: large;\"><b>\u017bycz\u0119 Obojgu wytrwa\u0142o\u015bci w wierze! I zapewniam o modlitwie!<\/b><\/span><\/span><\/span><\/p>\n<p align=\"justify\"><span style=\"color: #000000;\"><span style=\"font-family: Book Antiqua, serif;\"><span style=\"font-size: large;\">A u mnie dzisiaj \u2013 dzie\u0144 do\u015b\u0107 ciekawy. Bo zacz\u0105\u0142em go w Lublinie, sk\u0105d jednak zaraz wyruszam w tras\u0119, aby zabra\u0107 po drodze Micha\u0142a Much\u0119, Cz\u0142onka FORMACJI \u00abSPE SALVI\u00bb i pojecha\u0107 z Nim do Siedlec. Tam mam do za\u0142atwienia kilka szybkich spraw, mi\u0119dzy innymi: zwi\u0105zanych z Pielgrzymk\u0105 Ksi\u0119dza Marka i Jego Parafian do Rzymu. <\/span><\/span><\/span><\/p>\n<p align=\"justify\"><span style=\"color: #000000;\"><span style=\"font-family: Book Antiqua, serif;\"><span style=\"font-size: large;\">A potem z Micha\u0142em przeje\u017cd\u017camy do Kodnia, gdzie w\u0142a\u015bnie Micha\u0142 rozpocznie swoje osobiste, trzydniowe rekolekcje, nad kt\u00f3rymi ja b\u0119d\u0119 czuwa\u0142. W swoim czasie poprosi\u0142 mnie o to, a ja si\u0119 bez chwili wahania zgodzi\u0142em. Tak, z wielk\u0105 rado\u015bci\u0105 po\u015bwi\u0119c\u0119 Mu te trzy dni. Oczywi\u015bcie, to nie b\u0119d\u0105 ca\u0142e trzy dni, bo zako\u0144czymy w sobot\u0119 po po\u0142udniu, ale ju\u017c czas wsp\u00f3lnej podr\u00f3\u017cy po\u015bwi\u0119cimy na rozmowy i modlitwy \u2013 w duchu rekolekcyjnym.<\/span><\/span><\/span><\/p>\n<p align=\"justify\"><span style=\"color: #000000;\"><span style=\"font-family: Book Antiqua, serif;\"><span style=\"font-size: large;\">Nie mia\u0142em najmniejszej w\u0105tpliwo\u015bci, \u017ce mam odpowiedzie\u0107 pozytywnie na pro\u015bb\u0119 Micha\u0142a. Bo je\u017celi m\u0142ody Cz\u0142owiek chce nad sob\u0105 pracowa\u0107 i zbli\u017ca\u0107 si\u0119 do Jezusa i Jego Matki \u2013 i ma odwag\u0119 poprosi\u0107 znajomego, bliskiego sobie ksi\u0119dza o taki czas \u2013 to ja jestem do dyspozycji. Bo uwa\u017cam \u2013 a my\u015bl\u0119, \u017ce zgodzicie si\u0119 ze mn\u0105 \u2013 \u017ce szczeg\u00f3lnie dzisiaj trzeba si\u0119 naprawd\u0119 cieszy\u0107 ka\u017cdym m\u0142odym sercem, kt\u00f3re chce si\u0119 zbli\u017cy\u0107 do Boga. <\/span><\/span><\/span><\/p>\n<p align=\"justify\"><span style=\"color: #000000;\"><span style=\"font-family: Book Antiqua, serif;\"><span style=\"font-size: large;\">Polecam te Micha\u0142owe rekolekcje \u2013 i tak\u017ce moj\u0105 pos\u0142ug\u0119 w ich trakcie \u2013 Waszym modlitwom. Zapewniam, \u017ce my b\u0119dziemy pami\u0119tali o Was!<\/span><\/span><\/span><\/p>\n<p align=\"justify\"><span style=\"color: #000000;\"><span style=\"font-family: Book Antiqua, serif;\"><span style=\"font-size: large;\">Teraz za\u015b pochylmy si\u0119 nad Bo\u017cym s\u0142owem dzisiejszej liturgii. Oto s\u0142\u00f3wko Ksi\u0119dza Marka na dzi\u015b:<\/span><\/span><\/span><\/p>\n<p align=\"justify\"><span style=\"color: #000000;\"><span style=\"font-family: Book Antiqua, serif;\"><span style=\"font-size: medium;\"><a href=\"https:\/\/www.youtube.com\/c\/CatholicSurgut\"><span style=\"font-size: large;\"><span lang=\"zxx\"><u><b>https:\/\/www.youtube.com\/c\/CatholicSurgut<\/b><\/u><\/span><\/span><\/a><\/span><\/span><\/span><\/p>\n<p align=\"justify\"><span style=\"color: #000000;\"><span style=\"font-family: Book Antiqua, serif;\"><span style=\"font-size: large;\">Poni\u017cej za\u015b \u2013 jak co czwartek \u2013 s\u0142\u00f3wko Janka. To kolejny fantastyczny m\u0142ody Cz\u0142owiek, oddany bez reszty Jezusowi. Zreszt\u0105, czytaj\u0105c Jego pe\u0142ne wiary i mi\u0142o\u015bci do Boga rozwa\u017cania, z pewno\u015bci\u0105 to sami widzicie. Polecam zatem Wasze uwadze dzisiejsze Jego s\u0142\u00f3wko. I \u2013 c\u00f3\u017c doda\u0107? Dajmy si\u0119 porwa\u0107 zach\u0119cie Janka, by zaufa\u0107 Bogu \u201ena maksa\u201d!<\/span><\/span><\/span><\/p>\n<p align=\"justify\"><span style=\"color: #000000;\"><span style=\"font-family: Book Antiqua, serif;\"><span style=\"font-size: large;\">Z ca\u0142ego serca dzi\u0119kuj\u0119 Jankowi! I Bogu \u2013 za Janka! Niech chwa\u0142a Bo\u017ca ja\u015bnieje we wszystkim, co Janek codziennie podejmuje!<\/span><\/span><\/span><\/p>\n<p align=\"justify\"><span style=\"color: #000000;\"><span style=\"font-family: Book Antiqua, serif;\"><span style=\"font-size: large;\">Postarajmy si\u0119 zatem odkry\u0107, <b>co Pan \u2013 konkretnie do mnie \u2013 w\u0142a\u015bnie dzisiaj chce powiedzie\u0107? <\/b>Duchu \u015awi\u0119ty, tchnij!<\/span><\/span><\/span><\/p>\n<p align=\"justify\"><span style=\"color: #000000;\"><span style=\"font-family: Book Antiqua, serif;\"><span style=\"font-size: large;\"><b>Niech Was b\u0142ogos\u0142awi B\u00f3g Wszechmog\u0105cy: Ojciec + i Syn, i Duch \u015awi\u0119ty. Amen<\/b><\/span><\/span><\/span><\/p>\n<p align=\"center\"><span style=\"color: #000000;\"><span style=\"font-family: Book Antiqua, serif;\"><span style=\"font-size: large;\">Gaudium et spes! Ks. Jacek<\/span><\/span><\/span><\/p>\n<p align=\"center\">\n<p align=\"center\">\n<p align=\"center\">\n<p align=\"center\">\n<p align=\"center\">\n<p align=\"justify\"><span style=\"color: #000000;\"><span style=\"font-family: Book Antiqua, serif;\"><span style=\"font-size: large;\"><b>Czwartek 28 Tygodnia zwyk\u0142ego, rok I,<\/b><\/span><\/span><\/span><\/p>\n<p align=\"justify\"><span style=\"color: #000000;\"><span style=\"font-family: Book Antiqua, serif;\"><span style=\"font-size: large;\"><b>Wspomnienie \u015aw. Jadwigi \u015al\u0105skiej,<\/b><\/span><\/span><\/span><\/p>\n<p align=\"justify\"><span style=\"color: #000000;\"><span style=\"font-family: Book Antiqua, serif;\"><span style=\"font-size: large;\"><b>16 pa\u017adziernika 2025.,<\/b><\/span><\/span><\/span><\/p>\n<p align=\"justify\"><span style=\"color: #000000;\"><span style=\"font-family: Book Antiqua, serif;\"><span style=\"font-size: large;\"><b>do czyta\u0144: Rz 3,21\u201329; \u0141k 11,47\u201354<\/b><\/span><\/span><\/span><\/p>\n<p align=\"justify\">\n<p align=\"justify\">\n<p align=\"justify\">\n<p align=\"justify\">\n<p align=\"justify\">\n<p align=\"justify\"><span style=\"color: #000000;\"><span style=\"font-family: Book Antiqua, serif;\"><span style=\"font-size: large;\"><b>CZYTANIE Z LISTU \u015aWI\u0118TEGO PAW\u0141A APOSTO\u0141A DO RZYMIAN:<\/b><\/span><\/span><\/span><\/p>\n<p align=\"justify\"><span style=\"color: #000000;\"><span style=\"font-family: Book Antiqua, serif;\"><span style=\"font-size: large;\"><b>Bracia: Teraz jawn\u0105 si\u0119 sta\u0142a sprawiedliwo\u015b\u0107 Bo\u017ca niezale\u017cna od Prawa, po\u015bwiadczana przez Prawo i Prorok\u00f3w. Jest to sprawiedliwo\u015b\u0107 Bo\u017ca przez wiar\u0119 w Jezusie Chrystusie dla wszystkich, kt\u00f3rzy wierz\u0105. Bo nie ma tu r\u00f3\u017cnicy: wszyscy bowiem zgrzeszyli i pozbawieni s\u0105 chwa\u0142y Bo\u017cej, a dost\u0119puj\u0105 usprawiedliwienia darmo, z Jego \u0142aski, przez odkupienie, kt\u00f3re jest w Chrystusie Jezusie. Jego to ustanowi\u0142 B\u00f3g narz\u0119dziem przeb\u0142agania przez wiar\u0119 moc\u0105 Jego krwi. Chcia\u0142 przez to okaza\u0107, \u017ce sprawiedliwo\u015b\u0107 Jego wzgl\u0119dem grzech\u00f3w pope\u0142nionych dawniej, za dni cierpliwo\u015bci Bo\u017cej, wyra\u017ca\u0142a si\u0119 w odpuszczaniu ich po to, by ujawni\u0107 w obecnym czasie Jego sprawiedliwo\u015b\u0107 i aby pokaza\u0107, \u017ce On sam jest sprawiedliwy i usprawiedliwia ka\u017cdego, kt\u00f3ry wierzy w Jezusa.<\/b><\/span><\/span><\/span><\/p>\n<p align=\"justify\"><span style=\"color: #000000;\"><span style=\"font-family: Book Antiqua, serif;\"><span style=\"font-size: large;\"><b>Gdzie\u017c wi\u0119c podstawa do chlubienia si\u0119? Zosta\u0142a uchylona. Przez jakie prawo? Czy przez prawo uczynk\u00f3w? Nie, przez prawo wiary. S\u0105dzimy bowiem, \u017ce cz\u0142owiek osi\u0105ga usprawiedliwienie przez wiar\u0119, niezale\u017cnie od pe\u0142nienia nakaz\u00f3w Prawa. Bo czy\u017c B\u00f3g jest Bogiem jedynie \u017byd\u00f3w? Czy nie r\u00f3wnie\u017c i pogan? Zapewne r\u00f3wnie\u017c i pogan.<\/b><\/span><\/span><\/span><\/p>\n<p align=\"justify\">\n<p align=\"justify\">\n<p align=\"justify\">\n<p align=\"justify\">\n<p align=\"justify\">\n<p align=\"justify\"><span style=\"color: #000000;\"><span style=\"font-family: Book Antiqua, serif;\"><span style=\"font-size: large;\"><b>S\u0141OWA EWANGELII WED\u0141UG \u015aWI\u0118TEGO \u0141UKASZA:<\/b><\/span><\/span><\/span><\/p>\n<p align=\"justify\"><span style=\"color: #000000;\"><span style=\"font-family: Book Antiqua, serif;\"><span style=\"font-size: large;\"><b>Jezus powiedzia\u0142 do faryzeusz\u00f3w i do uczonych w Prawie: \u201eBiada wam, poniewa\u017c budujecie grobowce prorokom, a wasi ojcowie ich zamordowali. A tak jeste\u015bcie \u015bwiadkami i przytakujecie uczynkom waszych ojc\u00f3w; gdy\u017c oni ich pomordowali, a wy im wznosicie grobowce.<\/b><\/span><\/span><\/span><\/p>\n<p align=\"justify\"><span style=\"color: #000000;\"><span style=\"font-family: Book Antiqua, serif;\"><span style=\"font-size: large;\"><b>Dlatego te\u017c powiedzia\u0142a M\u0105dro\u015b\u0107 Bo\u017ca: Po\u015bl\u0119 do nich prorok\u00f3w i aposto\u0142\u00f3w, a z nich niekt\u00f3rych zabij\u0105 i prze\u015bladowa\u0107 b\u0119d\u0105. Tak na tym plemieniu b\u0119dzie pomszczona krew wszystkich prorok\u00f3w, kt\u00f3ra zosta\u0142a przelana od stworzenia \u015bwiata, od krwi Abla a\u017c do krwi Zachariasza, kt\u00f3ry zgin\u0105\u0142 mi\u0119dzy o\u0142tarzem a przybytkiem. Tak, m\u00f3wi\u0119 wam, na tym plemieniu b\u0119dzie pomszczona.<\/b><\/span><\/span><\/span><\/p>\n<p align=\"justify\"><span style=\"color: #000000;\"><span style=\"font-family: Book Antiqua, serif;\"><span style=\"font-size: large;\"><b>Biada wam, uczonym w Prawie, bo wzi\u0119li\u015bcie klucze poznania; sami\u015bcie nie weszli, a przeszkodzili\u015bcie tym, kt\u00f3rzy wej\u015b\u0107 chcieli\u201d. <\/b><\/span><\/span><\/span><\/p>\n<p align=\"justify\"><span style=\"color: #000000;\"><span style=\"font-family: Book Antiqua, serif;\"><span style=\"font-size: large;\"><b>Gdy wyszed\u0142 stamt\u0105d, uczeni w Pi\u015bmie i faryzeusze pocz\u0119li gwa\u0142townie nastawa\u0107 na Niego i wypytywa\u0107 Go o wiele rzeczy. Czyhali przy tym, \u017ceby Go podchwyci\u0107 na jakim\u015b s\u0142owie.<\/b><\/span><\/span><\/span><\/p>\n<p align=\"justify\">\n<p align=\"justify\">\n<p align=\"justify\">\n<p align=\"justify\">\n<p align=\"justify\">\n<p align=\"center\"><span style=\"color: #000000;\"><span style=\"font-family: Book Antiqua, serif;\"><span style=\"font-size: large;\"><b>A OTO S\u0141\u00d3WKO JANKA:<\/b><\/span><\/span><\/span><\/p>\n<p align=\"center\">\n<p align=\"center\">\n<p align=\"center\">\n<p align=\"center\">\n<p align=\"center\">\n<p align=\"justify\"><span style=\"color: #000000;\"><span style=\"font-family: Book Antiqua, serif;\"><span style=\"font-size: large;\">Dzi\u015b w Ko\u015bciele mamy dwa wspomnienia. Pierwsze \u2013 \u015bwi\u0119tej Jadwigi \u015al\u0105skiej. Mi jest szczeg\u00f3lnie bliska, poniewa\u017c jest patronk\u0105 mojej rodzinnej parafii w Samogoszczy. Drugie wspomnienie, to czterdziesta si\u00f3dma ju\u017c rocznica wyboru \u00f3wczesnego kardyna\u0142a Karola Wojty\u0142y na papie\u017ca. <\/span><\/span><\/span><\/p>\n<p align=\"justify\"><span style=\"color: #000000;\"><span style=\"font-family: Book Antiqua, serif;\"><span style=\"font-size: large;\">Dzisiejsza Liturgia s\u0142owa skupia si\u0119 dzi\u015b na u\u015bwiadomieniu sobie naszej grzeszno\u015bci, naszej s\u0142abo\u015bci. Mo\u017cna powiedzie\u0107, \u017ce dotykamy dzisiaj czu\u0142ego i niekomfortowego miejsca w naszej duszy. <\/span><\/span><\/span><\/p>\n<p align=\"justify\"><span style=\"color: #000000;\"><span style=\"font-family: Book Antiqua, serif;\"><span style=\"font-size: large;\">I tak oto, w pierwszym czytaniu, s\u0142yszymy jak \u015bw. Pawe\u0142 w Li\u015bcie do Rzymian pisze: <i><b>Wszyscy bowiem zgrzeszyli i pozbawieni s\u0105 chwa\u0142y Bo\u017cej, a dost\u0119puj\u0105 usprawiedliwienia darmo, z Jego \u0142aski, przez odkupienie, kt\u00f3re jest w Chrystusie Jezusie. <\/b><\/i><\/span><\/span><\/span><\/p>\n<p align=\"justify\"><span style=\"color: #000000;\"><span style=\"font-family: Book Antiqua, serif;\"><span style=\"font-size: large;\">\u015aw. Pawe\u0142 m\u00f3wi bardzo konkretnie: grzech jest cz\u0119\u015bci\u0105 naszego \u017cycia! Naszego kruchego, s\u0142abego \u017cycia! Ale pi\u0119kne jest to, \u017ce B\u00f3g da\u0142 nam Jezusa. Warto si\u0119 z Nim zaprzyja\u017ani\u0107 i pokocha\u0107. Prorocy, aposto\u0142owie czy \u015bwi\u0119ci przekonali si\u0119, jak oddanie si\u0119 \u201ena maksa\u201d Bogu oraz Jego mi\u0142o\u015bci pozwala owocowa\u0107 ich \u017cyciu! <\/span><\/span><\/span><\/p>\n<p align=\"justify\"><span style=\"color: #000000;\"><span style=\"font-family: Book Antiqua, serif;\"><span style=\"font-size: large;\">Przede wszystkim, owoce te wida\u0107 w \u017cyciu tego, kto ufa, czego przyk\u0142ad daje nam zar\u00f3wno \u015bw. Jadwiga \u015al\u0105ska, jak i Jan Pawe\u0142 II. Oni oboje zaufali Bogu \u201ena maksa\u201d! Bezgranicznie! Mo\u017ce i nie zawsze wszystko im wychodzi\u0142o, albo mieli r\u00f3\u017cne trudno\u015bci w \u017cyciu. Mo\u017ce nawet wo\u0142ali jak psalmista:<\/span><\/span><\/span><\/p>\n<p align=\"justify\"><span style=\"color: #000000;\"><span style=\"font-family: Book Antiqua, serif;\"><span style=\"font-size: large;\"><i><b>Z g\u0142\u0119boko\u015bci wo\u0142am do Ciebie, Panie,<\/b><\/i><\/span><\/span><\/span><\/p>\n<p align=\"justify\"><span style=\"color: #000000;\"><span style=\"font-family: Book Antiqua, serif;\"><span style=\"font-size: large;\"><i><b>Panie, wys\u0142uchaj g\u0142osu mego.<\/b><\/i><\/span><\/span><\/span><\/p>\n<p align=\"justify\"><span style=\"color: #000000;\"><span style=\"font-family: Book Antiqua, serif;\"><span style=\"font-size: large;\"><i><b>Nachyl Twe ucho<\/b><\/i><\/span><\/span><\/span><\/p>\n<p align=\"justify\"><span style=\"color: #000000;\"><span style=\"font-family: Book Antiqua, serif;\"><span style=\"font-size: large;\"><i><b>na g\u0142os mojego b\u0142agania.<\/b><\/i><\/span><\/span><\/span><\/p>\n<p align=\"justify\"><span style=\"color: #000000;\"><span style=\"font-family: Book Antiqua, serif;\"><span style=\"font-size: large;\">Mimo tego, mimo r\u00f3\u017cnych trudno\u015bci czy m\u0119tliku w g\u0142owie, oni wiedzieli, \u017ce w \u017cyciu musz\u0105 zaufa\u0107 Bogu! Zawsze mnie to dotyka, \u017ce \u015bw. Jan Pawe\u0142 II co tydzie\u0144 si\u0119 spowiada\u0142! Co tydzie\u0144! Zobaczcie, jaki pi\u0119kny to wyda\u0142o owoc w jego \u017cyciu i pontyfikacie. Podczas jego pogrzebu, na Placu \u015bw. Piotra, by\u0142o od 2 do 5 MILION\u00d3W LUDZI! A pogrzeb jego ogl\u0105da\u0142o 2 MILIARDY LUDZI NA CA\u0141YM \u015aWIECIE! <\/span><\/span><\/span><\/p>\n<p align=\"justify\"><span style=\"color: #000000;\"><span style=\"font-family: Book Antiqua, serif;\"><span style=\"font-size: large;\">To pokazuje, \u017ce warto mie\u0107 \u017cyw\u0105 relacj\u0119 z Jezusem! Nie m\u00f3wi\u0119, \u017ce warunkiem do tego, by zosta\u0107 \u015bwi\u0119tym, jest bycie tak wielkim i tak bardzo znanym cz\u0142owiekiem, jak \u015bw. Jan Pawe\u0142 drugi! Nie, nie, nie! <\/span><\/span><\/span><\/p>\n<p align=\"justify\"><span style=\"color: #000000;\"><span style=\"font-family: Book Antiqua, serif;\"><span style=\"font-size: large;\">Tu chodzi o wiar\u0119 i o \u017cyw\u0105 relacj\u0119 z Bogiem! Sp\u00f3jrzcie na naszego polskiego \u015bwi\u0119tego, Stanis\u0142awa Kostk\u0119, czy w\u0142oskiego \u015bwi\u0119tego, Carla Acutisa! M\u0142odzi, pe\u0142ni wiary ludzie! Oni \u017cyli wiar\u0105 i Bogiem! Doszli do \u015bwi\u0119to\u015bci i zostali wyniesieni na o\u0142tarze! <\/span><\/span><\/span><\/p>\n<p align=\"justify\"><span style=\"color: #000000;\"><span style=\"font-family: Book Antiqua, serif;\"><span style=\"font-size: large;\">Dlatego wierzmy i \u017cyjmy Bogiem! On chce naszego szcz\u0119\u015bcia! \u017bycz\u0119 sobie i Wam, aby\u015bmy doszli na koniec naszego \u017cycia do chwa\u0142y nieba! By\u015bmy mogli si\u0119 spotka\u0107 zar\u00f3wno z Bogiem oraz patronk\u0105 dnia dzisiejszego \u015bw. Jadwig\u0105 \u015al\u0105sk\u0105 i \u015bw. Janem Paw\u0142em II \u2013 i ze wszystkimi \u015bwi\u0119tymi i naszymi bliskimi!<\/span><\/span><\/span><\/p>\n","protected":false},"excerpt":{"rendered":"<p>Szcz\u0119\u015b\u0107 Bo\u017ce! Moi Drodzy, w dniu dzisiejszym urodziny prze\u017cywaj\u0105: \u25baSiostra Michaela St\u0119pniak \u2013 Karmelitanka z Kodnia, a wcze\u015bniej: moja Uczennica, w czasie mojego pierwszego wikariatu; \u25baMaciej Przybysz \u2013 nale\u017c\u0105cy w swoim czasie do Wsp\u00f3lnoty m\u0142odzie\u017cowej w Tr\u0105bkach, m\u00f3j Chrze\u015bniak z Bierzmowania. \u017bycz\u0119 Obojgu wytrwa\u0142o\u015bci w wierze! I zapewniam o modlitwie! A u mnie dzisiaj \u2013 [&hellip;]<\/p>\n","protected":false},"author":1,"featured_media":0,"comment_status":"open","ping_status":"open","sticky":false,"template":"","format":"standard","meta":{"jetpack_post_was_ever_published":false,"_jetpack_newsletter_access":"","_jetpack_dont_email_post_to_subs":false,"_jetpack_newsletter_tier_id":0,"_jetpack_memberships_contains_paywalled_content":false,"_jetpack_memberships_contains_paid_content":false,"footnotes":""},"categories":[1],"tags":[],"class_list":["post-24294","post","type-post","status-publish","format-standard","hentry","category-bez-kategorii"],"yoast_head":"<!-- This site is optimized with the Yoast SEO plugin v25.1 - https:\/\/yoast.com\/wordpress\/plugins\/seo\/ -->\n<title>Zaufa\u0107 Bogu &quot;na maksa&quot;! - Gaudium Et Spes<\/title>\n<meta name=\"robots\" content=\"index, follow, max-snippet:-1, max-image-preview:large, max-video-preview:-1\" \/>\n<link rel=\"canonical\" href=\"https:\/\/gaudiumetspes-blog.pl\/index.php\/2025\/10\/16\/zaufac-bogu-na-maksa\/\" \/>\n<meta property=\"og:locale\" content=\"pl_PL\" \/>\n<meta property=\"og:type\" content=\"article\" \/>\n<meta property=\"og:title\" content=\"Zaufa\u0107 Bogu &quot;na maksa&quot;! - Gaudium Et Spes\" \/>\n<meta property=\"og:description\" content=\"Szcz\u0119\u015b\u0107 Bo\u017ce! Moi Drodzy, w dniu dzisiejszym urodziny prze\u017cywaj\u0105: \u25baSiostra Michaela St\u0119pniak \u2013 Karmelitanka z Kodnia, a wcze\u015bniej: moja Uczennica, w czasie mojego pierwszego wikariatu; \u25baMaciej Przybysz \u2013 nale\u017c\u0105cy w swoim czasie do Wsp\u00f3lnoty m\u0142odzie\u017cowej w Tr\u0105bkach, m\u00f3j Chrze\u015bniak z Bierzmowania. \u017bycz\u0119 Obojgu wytrwa\u0142o\u015bci w wierze! I zapewniam o modlitwie! A u mnie dzisiaj \u2013 [&hellip;]\" \/>\n<meta property=\"og:url\" content=\"https:\/\/gaudiumetspes-blog.pl\/index.php\/2025\/10\/16\/zaufac-bogu-na-maksa\/\" \/>\n<meta property=\"og:site_name\" content=\"Gaudium Et Spes\" \/>\n<meta property=\"article:published_time\" content=\"2025-10-16T06:49:33+00:00\" \/>\n<meta name=\"author\" content=\"Ks. Jacek\" \/>\n<meta name=\"twitter:card\" content=\"summary_large_image\" \/>\n<meta name=\"twitter:label1\" content=\"Napisane przez\" \/>\n\t<meta name=\"twitter:data1\" content=\"Ks. Jacek\" \/>\n\t<meta name=\"twitter:label2\" content=\"Szacowany czas czytania\" \/>\n\t<meta name=\"twitter:data2\" content=\"7 minut\" \/>\n<script type=\"application\/ld+json\" class=\"yoast-schema-graph\">{\"@context\":\"https:\/\/schema.org\",\"@graph\":[{\"@type\":\"WebPage\",\"@id\":\"https:\/\/gaudiumetspes-blog.pl\/index.php\/2025\/10\/16\/zaufac-bogu-na-maksa\/\",\"url\":\"https:\/\/gaudiumetspes-blog.pl\/index.php\/2025\/10\/16\/zaufac-bogu-na-maksa\/\",\"name\":\"Zaufa\u0107 Bogu \\\"na maksa\\\"! - Gaudium Et Spes\",\"isPartOf\":{\"@id\":\"https:\/\/gaudiumetspes-blog.pl\/#website\"},\"datePublished\":\"2025-10-16T06:49:33+00:00\",\"author\":{\"@id\":\"https:\/\/gaudiumetspes-blog.pl\/#\/schema\/person\/1661982992b752dea8dff0d4ed845a65\"},\"breadcrumb\":{\"@id\":\"https:\/\/gaudiumetspes-blog.pl\/index.php\/2025\/10\/16\/zaufac-bogu-na-maksa\/#breadcrumb\"},\"inLanguage\":\"pl-PL\",\"potentialAction\":[{\"@type\":\"ReadAction\",\"target\":[\"https:\/\/gaudiumetspes-blog.pl\/index.php\/2025\/10\/16\/zaufac-bogu-na-maksa\/\"]}]},{\"@type\":\"BreadcrumbList\",\"@id\":\"https:\/\/gaudiumetspes-blog.pl\/index.php\/2025\/10\/16\/zaufac-bogu-na-maksa\/#breadcrumb\",\"itemListElement\":[{\"@type\":\"ListItem\",\"position\":1,\"name\":\"Strona g\u0142\u00f3wna\",\"item\":\"https:\/\/gaudiumetspes-blog.pl\/\"},{\"@type\":\"ListItem\",\"position\":2,\"name\":\"Zaufa\u0107 Bogu &#8222;na maksa&#8221;!\"}]},{\"@type\":\"WebSite\",\"@id\":\"https:\/\/gaudiumetspes-blog.pl\/#website\",\"url\":\"https:\/\/gaudiumetspes-blog.pl\/\",\"name\":\"Gaudium Et Spes\",\"description\":\"Blog Ks. Jacka Ja\u015bkowskiego\",\"potentialAction\":[{\"@type\":\"SearchAction\",\"target\":{\"@type\":\"EntryPoint\",\"urlTemplate\":\"https:\/\/gaudiumetspes-blog.pl\/?s={search_term_string}\"},\"query-input\":{\"@type\":\"PropertyValueSpecification\",\"valueRequired\":true,\"valueName\":\"search_term_string\"}}],\"inLanguage\":\"pl-PL\"},{\"@type\":\"Person\",\"@id\":\"https:\/\/gaudiumetspes-blog.pl\/#\/schema\/person\/1661982992b752dea8dff0d4ed845a65\",\"name\":\"Ks. Jacek\",\"image\":{\"@type\":\"ImageObject\",\"inLanguage\":\"pl-PL\",\"@id\":\"https:\/\/gaudiumetspes-blog.pl\/#\/schema\/person\/image\/\",\"url\":\"https:\/\/gaudiumetspes-blog.pl\/wp-content\/uploads\/2019\/07\/avatar-JJ-150x150.jpg\",\"contentUrl\":\"https:\/\/gaudiumetspes-blog.pl\/wp-content\/uploads\/2019\/07\/avatar-JJ-150x150.jpg\",\"caption\":\"Ks. Jacek\"},\"description\":\"Witam serdecznie! K\u0142ania si\u0119 Ks. Jacek Ja\u015bkowski. Nie jestem ani kim\u015b wa\u017cnym, ani kim\u015b znanym. Jestem ksi\u0119dzem, kt\u00f3ry po prostu chce rozmawia\u0107. Codzienna kap\u0142a\u0144ska pos\u0142uga pokazuje mi, \u017ce temat\u00f3w do rozm\u00f3w z ksi\u0119dzem jest coraz wi\u0119cej i dzisiaj \u017caden ksi\u0105dz nie mo\u017ce od nich ucieka\u0107, ale - wprost przeciwnie - podejmowa\u0107 nowe wyzwania. To przekonanie sk\u0142oni\u0142o mnie do pr\u00f3by otwarcia tego\u017c bloga, chocia\u017c okazji do rozm\u00f3w na co dzie\u0144 - w konfesjonale i poza nim - na szcz\u0119\u015bcie nie brakuje. My\u015bl\u0119 jednak, \u017ce ten blog b\u0119dzie jeszcze jednym sposobem i przestrzeni\u0105 nawi\u0105zania kontaktu z lud\u017ami dobrej woli, otwartymi na dialog.\",\"url\":\"https:\/\/gaudiumetspes-blog.pl\/index.php\/author\/ks-jacek\/\"}]}<\/script>\n<!-- \/ Yoast SEO plugin. -->","yoast_head_json":{"title":"Zaufa\u0107 Bogu \"na maksa\"! - Gaudium Et Spes","robots":{"index":"index","follow":"follow","max-snippet":"max-snippet:-1","max-image-preview":"max-image-preview:large","max-video-preview":"max-video-preview:-1"},"canonical":"https:\/\/gaudiumetspes-blog.pl\/index.php\/2025\/10\/16\/zaufac-bogu-na-maksa\/","og_locale":"pl_PL","og_type":"article","og_title":"Zaufa\u0107 Bogu \"na maksa\"! - Gaudium Et Spes","og_description":"Szcz\u0119\u015b\u0107 Bo\u017ce! Moi Drodzy, w dniu dzisiejszym urodziny prze\u017cywaj\u0105: \u25baSiostra Michaela St\u0119pniak \u2013 Karmelitanka z Kodnia, a wcze\u015bniej: moja Uczennica, w czasie mojego pierwszego wikariatu; \u25baMaciej Przybysz \u2013 nale\u017c\u0105cy w swoim czasie do Wsp\u00f3lnoty m\u0142odzie\u017cowej w Tr\u0105bkach, m\u00f3j Chrze\u015bniak z Bierzmowania. \u017bycz\u0119 Obojgu wytrwa\u0142o\u015bci w wierze! I zapewniam o modlitwie! A u mnie dzisiaj \u2013 [&hellip;]","og_url":"https:\/\/gaudiumetspes-blog.pl\/index.php\/2025\/10\/16\/zaufac-bogu-na-maksa\/","og_site_name":"Gaudium Et Spes","article_published_time":"2025-10-16T06:49:33+00:00","author":"Ks. Jacek","twitter_card":"summary_large_image","twitter_misc":{"Napisane przez":"Ks. Jacek","Szacowany czas czytania":"7 minut"},"schema":{"@context":"https:\/\/schema.org","@graph":[{"@type":"WebPage","@id":"https:\/\/gaudiumetspes-blog.pl\/index.php\/2025\/10\/16\/zaufac-bogu-na-maksa\/","url":"https:\/\/gaudiumetspes-blog.pl\/index.php\/2025\/10\/16\/zaufac-bogu-na-maksa\/","name":"Zaufa\u0107 Bogu \"na maksa\"! - Gaudium Et Spes","isPartOf":{"@id":"https:\/\/gaudiumetspes-blog.pl\/#website"},"datePublished":"2025-10-16T06:49:33+00:00","author":{"@id":"https:\/\/gaudiumetspes-blog.pl\/#\/schema\/person\/1661982992b752dea8dff0d4ed845a65"},"breadcrumb":{"@id":"https:\/\/gaudiumetspes-blog.pl\/index.php\/2025\/10\/16\/zaufac-bogu-na-maksa\/#breadcrumb"},"inLanguage":"pl-PL","potentialAction":[{"@type":"ReadAction","target":["https:\/\/gaudiumetspes-blog.pl\/index.php\/2025\/10\/16\/zaufac-bogu-na-maksa\/"]}]},{"@type":"BreadcrumbList","@id":"https:\/\/gaudiumetspes-blog.pl\/index.php\/2025\/10\/16\/zaufac-bogu-na-maksa\/#breadcrumb","itemListElement":[{"@type":"ListItem","position":1,"name":"Strona g\u0142\u00f3wna","item":"https:\/\/gaudiumetspes-blog.pl\/"},{"@type":"ListItem","position":2,"name":"Zaufa\u0107 Bogu &#8222;na maksa&#8221;!"}]},{"@type":"WebSite","@id":"https:\/\/gaudiumetspes-blog.pl\/#website","url":"https:\/\/gaudiumetspes-blog.pl\/","name":"Gaudium Et Spes","description":"Blog Ks. Jacka Ja\u015bkowskiego","potentialAction":[{"@type":"SearchAction","target":{"@type":"EntryPoint","urlTemplate":"https:\/\/gaudiumetspes-blog.pl\/?s={search_term_string}"},"query-input":{"@type":"PropertyValueSpecification","valueRequired":true,"valueName":"search_term_string"}}],"inLanguage":"pl-PL"},{"@type":"Person","@id":"https:\/\/gaudiumetspes-blog.pl\/#\/schema\/person\/1661982992b752dea8dff0d4ed845a65","name":"Ks. Jacek","image":{"@type":"ImageObject","inLanguage":"pl-PL","@id":"https:\/\/gaudiumetspes-blog.pl\/#\/schema\/person\/image\/","url":"https:\/\/gaudiumetspes-blog.pl\/wp-content\/uploads\/2019\/07\/avatar-JJ-150x150.jpg","contentUrl":"https:\/\/gaudiumetspes-blog.pl\/wp-content\/uploads\/2019\/07\/avatar-JJ-150x150.jpg","caption":"Ks. Jacek"},"description":"Witam serdecznie! K\u0142ania si\u0119 Ks. Jacek Ja\u015bkowski. Nie jestem ani kim\u015b wa\u017cnym, ani kim\u015b znanym. Jestem ksi\u0119dzem, kt\u00f3ry po prostu chce rozmawia\u0107. Codzienna kap\u0142a\u0144ska pos\u0142uga pokazuje mi, \u017ce temat\u00f3w do rozm\u00f3w z ksi\u0119dzem jest coraz wi\u0119cej i dzisiaj \u017caden ksi\u0105dz nie mo\u017ce od nich ucieka\u0107, ale - wprost przeciwnie - podejmowa\u0107 nowe wyzwania. To przekonanie sk\u0142oni\u0142o mnie do pr\u00f3by otwarcia tego\u017c bloga, chocia\u017c okazji do rozm\u00f3w na co dzie\u0144 - w konfesjonale i poza nim - na szcz\u0119\u015bcie nie brakuje. My\u015bl\u0119 jednak, \u017ce ten blog b\u0119dzie jeszcze jednym sposobem i przestrzeni\u0105 nawi\u0105zania kontaktu z lud\u017ami dobrej woli, otwartymi na dialog.","url":"https:\/\/gaudiumetspes-blog.pl\/index.php\/author\/ks-jacek\/"}]}},"jetpack_featured_media_url":"","jetpack_sharing_enabled":true,"_links":{"self":[{"href":"https:\/\/gaudiumetspes-blog.pl\/index.php\/wp-json\/wp\/v2\/posts\/24294","targetHints":{"allow":["GET"]}}],"collection":[{"href":"https:\/\/gaudiumetspes-blog.pl\/index.php\/wp-json\/wp\/v2\/posts"}],"about":[{"href":"https:\/\/gaudiumetspes-blog.pl\/index.php\/wp-json\/wp\/v2\/types\/post"}],"author":[{"embeddable":true,"href":"https:\/\/gaudiumetspes-blog.pl\/index.php\/wp-json\/wp\/v2\/users\/1"}],"replies":[{"embeddable":true,"href":"https:\/\/gaudiumetspes-blog.pl\/index.php\/wp-json\/wp\/v2\/comments?post=24294"}],"version-history":[{"count":1,"href":"https:\/\/gaudiumetspes-blog.pl\/index.php\/wp-json\/wp\/v2\/posts\/24294\/revisions"}],"predecessor-version":[{"id":24295,"href":"https:\/\/gaudiumetspes-blog.pl\/index.php\/wp-json\/wp\/v2\/posts\/24294\/revisions\/24295"}],"wp:attachment":[{"href":"https:\/\/gaudiumetspes-blog.pl\/index.php\/wp-json\/wp\/v2\/media?parent=24294"}],"wp:term":[{"taxonomy":"category","embeddable":true,"href":"https:\/\/gaudiumetspes-blog.pl\/index.php\/wp-json\/wp\/v2\/categories?post=24294"},{"taxonomy":"post_tag","embeddable":true,"href":"https:\/\/gaudiumetspes-blog.pl\/index.php\/wp-json\/wp\/v2\/tags?post=24294"}],"curies":[{"name":"wp","href":"https:\/\/api.w.org\/{rel}","templated":true}]}}