{"id":24352,"date":"2025-10-18T07:33:53","date_gmt":"2025-10-18T05:33:53","guid":{"rendered":"https:\/\/gaudiumetspes-blog.pl\/?p=24352"},"modified":"2025-10-18T07:33:53","modified_gmt":"2025-10-18T05:33:53","slug":"nie-skutecznosc-a-wiernosc","status":"publish","type":"post","link":"https:\/\/gaudiumetspes-blog.pl\/index.php\/2025\/10\/18\/nie-skutecznosc-a-wiernosc\/","title":{"rendered":"Nie skuteczno\u015b\u0107 &#8211; a wierno\u015b\u0107!"},"content":{"rendered":"<p align=\"justify\"><span style=\"color: #000000;\"><span style=\"font-family: Book Antiqua, serif;\"><span style=\"font-size: large;\">Szcz\u0119\u015b\u0107 Bo\u017ce! Moi Drodzy, w dniu dzisiejszym imieniny prze\u017cywaj\u0105:<\/span><\/span><\/span><\/p>\n<p align=\"justify\"><span style=\"color: #000000;\">\u25ba<span style=\"font-family: Book Antiqua, serif;\"><span style=\"font-size: large;\"><b>Biskup \u0141ukasz Buzun \u2013 Biskup Pomocniczy Kaliski, z kt\u00f3rym mia\u0142em przyjemno\u015b\u0107 pozna\u0107 si\u0119 na Pielgrzymce Podlaskiej, gdy by\u0142 Przewodnikiem Grupy 17;<\/b><\/span><\/span><\/span><\/p>\n<p align=\"justify\"><span style=\"color: #000000;\">\u25ba<span style=\"font-family: Book Antiqua, serif;\"><span style=\"font-size: large;\"><b>Alumn \u0141ukasz Go\u0142awski \u2013 przez rok aktywnie wsp\u00f3\u0142tworz\u0105cy nasze Duszpasterstwo Akademickie, a obecnie: przygotowuj\u0105cy si\u0119 do pos\u0142ugi kap\u0142a\u0144skiej i misyjnej w Zgromadzeniu Misjonarzy Werbist\u00f3w; Cz\u0142owiek bardzo, ale to bardzo mi bliski;<\/b><\/span><\/span><\/span><\/p>\n<p align=\"justify\"><span style=\"color: #000000;\">\u25ba<span style=\"font-family: Book Antiqua, serif;\"><span style=\"font-size: large;\"><b>Ksi\u0119\u017ca, z kt\u00f3rymi mia\u0142em mo\u017cliwo\u015b\u0107 wsp\u00f3\u0142pracowa\u0107 lub spotyka\u0107 si\u0119 przy r\u00f3\u017cnych okazjach:<\/b><\/span><\/span><\/span><\/p>\n<p align=\"justify\"><span style=\"color: #000000;\"><span style=\"font-family: Book Antiqua, serif;\"><span style=\"font-size: large;\"><b>* Ksi\u0105dz \u0141ukasz B\u0105k (Starszy),<\/b><\/span><\/span><\/span><\/p>\n<p align=\"justify\"><span style=\"color: #000000;\"><span style=\"font-family: Book Antiqua, serif;\"><span style=\"font-size: large;\"><b>* Ksi\u0105dz \u0141ukasz Borowski, <\/b><\/span><\/span><\/span><\/p>\n<p align=\"justify\"><span style=\"color: #000000;\"><span style=\"font-family: Book Antiqua, serif;\"><span style=\"font-size: large;\"><b>* Ksi\u0105dz \u0141ukasz Burchard,<\/b><\/span><\/span><\/span><\/p>\n<p align=\"justify\"><span style=\"color: #000000;\"><span style=\"font-family: Book Antiqua, serif;\"><span style=\"font-size: large;\"><b>* Ksi\u0105dz \u0141ukasz Iwaniec,<\/b><\/span><\/span><\/span><\/p>\n<p align=\"justify\"><span style=\"color: #000000;\"><span style=\"font-family: Book Antiqua, serif;\"><span style=\"font-size: large;\"><b>* Ksi\u0105dz \u0141ukasz Gom\u00f3\u0142ka,<\/b><\/span><\/span><\/span><\/p>\n<p align=\"justify\"><span style=\"color: #000000;\"><span style=\"font-family: Book Antiqua, serif;\"><span style=\"font-size: large;\"><b>* Ksi\u0105dz \u0141ukasz Kulik, <\/b><\/span><\/span><\/span><\/p>\n<p align=\"justify\"><span style=\"color: #000000;\"><span style=\"font-family: Book Antiqua, serif;\"><span style=\"font-size: large;\"><b>* Ksi\u0105dz \u0141ukasz Ka\u0142aska,<\/b><\/span><\/span><\/span><\/p>\n<p align=\"justify\"><span style=\"color: #000000;\"><span style=\"font-family: Book Antiqua, serif;\"><span style=\"font-size: large;\"><b>* Ksi\u0105dz \u0141ukasz Pawlak,<\/b><\/span><\/span><\/span><\/p>\n<p align=\"justify\"><span style=\"color: #000000;\"><span style=\"font-family: Book Antiqua, serif;\"><span style=\"font-size: large;\"><b>* Ksi\u0105dz \u0141ukasz Skolimowski,<\/b><\/span><\/span><\/span><\/p>\n<p align=\"justify\"><span style=\"color: #000000;\"><span style=\"font-family: Book Antiqua, serif;\"><span style=\"font-size: large;\"><b>* Ksi\u0105dz \u0141ukasz Szczeblewski,<\/b><\/span><\/span><\/span><\/p>\n<p align=\"justify\"><span style=\"color: #000000;\"><span style=\"font-family: Book Antiqua, serif;\"><span style=\"font-size: large;\"><b>* Ksi\u0105dz \u0141ukasz Tarasiuk \u2013 z mojej rodzinnej Parafii,<\/b><\/span><\/span><\/span><\/p>\n<p align=\"justify\"><span style=\"color: #000000;\"><span style=\"font-family: Book Antiqua, serif;\"><span style=\"font-size: large;\"><b>* Ksi\u0105dz \u0141ukasz Turek \u2013 z Diecezji warszawsko \u2013 praskiej,<\/b><\/span><\/span><\/span><\/p>\n<p align=\"justify\"><span style=\"color: #000000;\"><span style=\"font-family: Book Antiqua, serif;\"><span style=\"font-size: large;\"><b>* \u0141ukasz B\u0105k (M\u0142odszy) \u2013 w swoim czasie: zaanga\u017cowany w dzia\u0142alno\u015b\u0107 m\u0142odzie\u017cow\u0105 naszych Wsp\u00f3lnot;<\/b><\/span><\/span><\/span><\/p>\n<p align=\"justify\"><span style=\"color: #000000;\">\u25ba<span style=\"font-family: Book Antiqua, serif;\"><span style=\"font-size: large;\"><b>\u0141ukasz Sulowski \u2013 bliski i \u017cyczliwy Cz\u0142owiek z Lublina;<\/b><\/span><\/span><\/span><\/p>\n<p align=\"justify\"><span style=\"color: #000000;\">\u25ba<span style=\"font-family: Book Antiqua, serif;\"><span style=\"font-size: large;\"><b>Cz\u0142onkowie r\u00f3\u017cnych Wsp\u00f3lnot m\u0142odzie\u017cowych na przestrzeni wszystkich lat mojego kap\u0142a\u0144stwa:<\/b><\/span><\/span><\/span><\/p>\n<p align=\"justify\"><span style=\"color: #000000;\"><span style=\"font-family: Book Antiqua, serif;\"><span style=\"font-size: large;\"><b>* \u0141ukasz K\u0119dziorek,<\/b><\/span><\/span><\/span><\/p>\n<p align=\"justify\"><span style=\"color: #000000;\"><span style=\"font-family: Book Antiqua, serif;\"><span style=\"font-size: large;\"><b>* \u0141ukasz Sok\u00f3\u0142, <\/b><\/span><\/span><\/span><\/p>\n<p align=\"justify\"><span style=\"color: #000000;\"><span style=\"font-family: Book Antiqua, serif;\"><span style=\"font-size: large;\"><b>* \u0141ukasz Ciecha\u0144ski, <\/b><\/span><\/span><\/span><\/p>\n<p align=\"justify\"><span style=\"color: #000000;\"><span style=\"font-family: Book Antiqua, serif;\"><span style=\"font-size: large;\"><b>* \u0141ukasz Szarek, <\/b><\/span><\/span><\/span><\/p>\n<p align=\"justify\"><span style=\"color: #000000;\"><span style=\"font-family: Book Antiqua, serif;\"><span style=\"font-size: large;\"><b>* \u0141ukasz Osypiuk, <\/b><\/span><\/span><\/span><\/p>\n<p align=\"justify\"><span style=\"color: #000000;\"><span style=\"font-family: Book Antiqua, serif;\"><span style=\"font-size: large;\"><b>* \u0141ukasz Stefaniak, <\/b><\/span><\/span><\/span><\/p>\n<p align=\"justify\"><span style=\"color: #000000;\"><span style=\"font-family: Book Antiqua, serif;\"><span style=\"font-size: large;\"><b>* \u0141ukasz Sowa;<\/b><\/span><\/span><\/span><\/p>\n<p align=\"justify\"><span style=\"color: #000000;\">\u25ba<span style=\"font-family: Book Antiqua, serif;\"><span style=\"font-size: large;\"><b>Ludzie znani mi i \u017cyczliwi z miejsc, w kt\u00f3rych pos\u0142ugiwa\u0142em:<\/b><\/span><\/span><\/span><\/p>\n<p align=\"justify\"><span style=\"color: #000000;\"><span style=\"font-family: Book Antiqua, serif;\"><span style=\"font-size: large;\"><b>* \u0141ukasz Skrzek \u2013 \u015bwiecki Szafarz Komunii \u015awi\u0119tej z Ciepielowa, Cz\u0142owiek bardzo \u017cyczliwy i oddany, wspieraj\u0105cy swego Proboszcza w codziennej pos\u0142udze duszpasterskiej;<\/b><\/span><\/span><\/span><\/p>\n<p align=\"justify\"><span style=\"color: #000000;\"><span style=\"font-family: Book Antiqua, serif;\"><span style=\"font-size: large;\"><b>* \u0141ukasz Kisiel \u2013 Szef Ekipy, kt\u00f3ra w swoim czasie kapitalnie wyremontowa\u0142a nasz by\u0142y O\u015brodek Duszpasterstwa Akademickiego,<\/b><\/span><\/span><\/span><\/p>\n<p align=\"justify\"><span style=\"color: #000000;\"><span style=\"font-family: Book Antiqua, serif;\"><span style=\"font-size: large;\"><b>* \u0141ukasz Doma\u0144ski \u2013 Pracownik naukowy Uniwersytetu w Siedlcach, ju\u017c wkr\u00f3tce: doktor;<\/b><\/span><\/span><\/span><\/p>\n<p align=\"justify\"><span style=\"color: #000000;\"><span style=\"font-family: Book Antiqua, serif;\"><span style=\"font-size: large;\"><b>* \u0141ukasz Baran, <\/b><\/span><\/span><\/span><\/p>\n<p align=\"justify\"><span style=\"color: #000000;\"><span style=\"font-family: Book Antiqua, serif;\"><span style=\"font-size: large;\"><b>* \u0141ukasz Bytniewski;<\/b><\/span><\/span><\/span><\/p>\n<p align=\"justify\"><span style=\"color: #000000;\"><span style=\"font-family: Book Antiqua, serif;\"><span style=\"font-size: large;\"><b>Urodziny za\u015b prze\u017cywa dzi\u015b Kacper Kuc, Lektor z Samogoszczy, Cz\u0142onek FORMACJI \u00abSPE SALVI\u00bb, Cz\u0142owiek bardzo, ale to bardzo mi bliski.<\/b><\/span><\/span><\/span><\/p>\n<p align=\"justify\"><span style=\"color: #000000;\"><span style=\"font-family: Book Antiqua, serif;\"><span style=\"font-size: large;\"><b>\u017bycz\u0119 Wszystkim \u015bwi\u0119tuj\u0105cym, aby tak, jak dzisiejszy Patron \u2013 i Ich Patron \u2013 byli wierni i odwa\u017cni w swojej chrze\u015bcija\u0144skiej misji. Wi\u0119cej o tym w rozwa\u017caniu. Wszystkich ogarniam modlitw\u0105!<\/b><\/span><\/span><\/span><\/p>\n<p align=\"justify\"><span style=\"color: #000000;\"><span style=\"font-family: Book Antiqua, serif;\"><span style=\"font-size: large;\">Drodzy moi, bardzo serdecznie dzi\u0119kuj\u0119 Ksi\u0119dzu Markowi za wczorajsze s\u0142\u00f3wko z Syberii! Jak zawsze \u2013 g\u0142\u0119bokie, konkretne i praktyczne. <\/span><\/span><\/span><\/p>\n<p align=\"justify\"><span style=\"color: #000000;\"><span style=\"font-family: Book Antiqua, serif;\"><span style=\"font-size: large;\">Przy okazji, prosz\u0119 Wszystkich, by\u015bmy gor\u0105c\u0105 modlitw\u0105 wspierali Pielgrzymk\u0119 Ksi\u0119dza Marka i kilkudziesi\u0119ciu Os\u00f3b z Syberii do Rzymu, kt\u00f3ra zaplanowana jest na ostatni tydzie\u0144 pa\u017adziernika. Wiele w zwi\u0105zku z tym trzeba podj\u0105\u0107 przygotowa\u0144, a i sam przebieg jawi si\u0119 jako nie\u0142atwy \u2013 w sensie chocia\u017cby podr\u00f3\u017cy do Rzymu i z Rzymu. Dlatego potrzeba naszego modlitewnego wsparcia, o kt\u00f3re bardzo prosz\u0119!<\/span><\/span><\/span><\/p>\n<p align=\"justify\"><span style=\"color: #000000;\"><span style=\"font-family: Book Antiqua, serif;\"><span style=\"font-size: large;\">A ja dzisiaj \u2013 pozdrawiam z Kodnia, gdzie prze\u017cywam ma\u0142e rekolekcje (ma\u0142e w sensie liczebno\u015bci Uczestnik\u00f3w, bo w\u0142a\u015bciwie Uczestnik jest jeden, Micha\u0142 Mucha, Cz\u0142onek FORMACJI \u00abSPE SALVI\u00bb, kt\u00f3ry poprosi\u0142 mnie o ten czas skupienia). Widz\u0119 ju\u017c teraz, jak dobry to by\u0142 (jeszcze jest) czas \u2013 tak\u017ce dla mnie. Oby owocowa\u0142 na przysz\u0142o\u015b\u0107! Wczesnym popo\u0142udniem wyje\u017cd\u017camy st\u0105d do siebie \u2013 ja wracam do Siedlec.<\/span><\/span><\/span><\/p>\n<p align=\"justify\"><span style=\"color: #000000;\"><span style=\"font-family: Book Antiqua, serif;\"><span style=\"font-size: large;\">I ju\u017c zapraszam do zg\u0142\u0119bienia Bo\u017cego s\u0142owa, jakie daje nam Pan. Oto s\u0142\u00f3wko Ksi\u0119dza Marka na dzi\u015b:<\/span><\/span><\/span><\/p>\n<p align=\"justify\"><span style=\"color: #000000;\"><span style=\"font-family: Book Antiqua, serif;\"><span style=\"font-size: medium;\"><a href=\"https:\/\/www.youtube.com\/c\/CatholicSurgut\"><span style=\"font-size: large;\"><span lang=\"zxx\"><u><b>https:\/\/www.youtube.com\/c\/CatholicSurgut<\/b><\/u><\/span><\/span><\/a><\/span><\/span><\/span><\/p>\n<p align=\"justify\"><span style=\"color: #000000;\"><span style=\"font-family: Book Antiqua, serif;\"><span style=\"font-size: large;\">Poni\u017cej za\u015b \u2013 s\u0142\u00f3wko Kacpra. Takie, jak zawsze. A dzisiaj znajduj\u0119 w nim kilka z\u0142otych my\u015bli \u2013 takich jednozdaniowych, albo nawet kr\u00f3tszych stwierdze\u0144, \u201etrafionych w punkt\u201d, wyra\u017caj\u0105cych w zwi\u0119z\u0142y spos\u00f3b bardzo wa\u017cne prawdy. Jedn\u0105 z nich zawar\u0142em w tytule dzisiejszego wpisu. Pozosta\u0142ych \u2013 poszukajcie!<\/span><\/span><\/span><\/p>\n<p align=\"justify\"><span style=\"color: #000000;\"><span style=\"font-family: Book Antiqua, serif;\"><span style=\"font-size: large;\">A poza tym \u2013 znowu znalaz\u0142em tam my\u015bl, kt\u00f3ra jest mi potrzebna dos\u0142ownie dzisiaj, w bardzo konkretnej sprawie. Bogu niech b\u0119d\u0105 dzi\u0119ki! I Kacprowi!<\/span><\/span><\/span><\/p>\n<p align=\"justify\"><span style=\"color: #000000;\"><span style=\"font-family: Book Antiqua, serif;\"><span style=\"font-size: large;\">I jak zawsze, zach\u0119cam do tego, by s\u0142\u00f3wko Kacpra nie tylko przeczyta\u0107, ale te\u017c w skupieniu pos\u0142ucha\u0107 tego i innych s\u0142\u00f3wek, to:<\/span><\/span><\/span><\/p>\n<p align=\"left\"><span style=\"color: #000000;\"><span style=\"font-family: Book Antiqua, serif;\"><span style=\"font-size: medium;\"><a href=\"https:\/\/www.youtube.com\/@kacpergrandczech\"><span style=\"font-size: large;\"><span lang=\"zxx\"><u><b>https:\/\/www.youtube.com\/@kacpergrandczech<\/b><\/u><\/span><\/span><\/a><b> <\/b><\/span><\/span><\/span><\/p>\n<p align=\"justify\"><span style=\"color: #000000;\"><span style=\"font-family: Book Antiqua, serif;\"><span style=\"font-size: large;\">Zatem, <b>co dzi\u015b konkretnie m\u00f3wi do mnie Pan? Z jakim przes\u0142aniem si\u0119 zwraca do mnie osobi\u015bcie?<\/b> Duchu \u015awi\u0119ty, wska\u017c!<\/span><\/span><\/span><\/p>\n<p align=\"justify\"><span style=\"color: #000000;\"><span style=\"font-family: Book Antiqua, serif;\"><span style=\"font-size: large;\"><b>Niech Was b\u0142ogos\u0142awi B\u00f3g Wszechmog\u0105cy: Ojciec + i Syn, i Duch \u015awi\u0119ty. Amen<\/b><\/span><\/span><\/span><\/p>\n<p align=\"center\"><span style=\"color: #000000;\"><span style=\"font-family: Book Antiqua, serif;\"><span style=\"font-size: large;\">Gaudium et spes! Ks. Jacek<\/span><\/span><\/span><\/p>\n<p align=\"center\">\n<p align=\"center\">\n<p align=\"center\">\n<p align=\"center\">\n<p align=\"center\">\n<p align=\"justify\"><span style=\"color: #000000;\"><span style=\"font-family: Book Antiqua, serif;\"><span style=\"font-size: large;\"><b>\u015awi\u0119to \u015awi\u0119tego \u0141ukasza, Ewangelisty,<\/b><\/span><\/span><\/span><\/p>\n<p align=\"justify\"><span style=\"color: #000000;\"><span style=\"font-family: Book Antiqua, serif;\"><span style=\"font-size: large;\"><b>18 pa\u017adziernika 2025.,\u00a0<\/b><\/span><\/span><\/span><\/p>\n<p align=\"justify\"><span style=\"color: #000000;\"><span style=\"font-family: Book Antiqua, serif;\"><span style=\"font-size: large;\"><b>do czyta\u0144 z t. VI Lekcjonarza: 2Tm 4,9\u201317a; \u0141k 10,1\u20139<\/b><\/span><\/span><\/span><\/p>\n<p align=\"justify\">\n<p align=\"justify\">\n<p align=\"justify\">\n<p align=\"justify\">\n<p align=\"justify\">\n<p align=\"justify\"><span style=\"color: #000000;\"><span style=\"font-family: Book Antiqua, serif;\"><span style=\"font-size: large;\"><b>CZYTANIE Z DRUGIEGO LISTU \u015aWI\u0118TEGO PAW\u0141A APOSTO\u0141A DO TYMOTEUSZA:<\/b><\/span><\/span><\/span><\/p>\n<p align=\"justify\"><span style=\"color: #000000;\"><span style=\"font-family: Book Antiqua, serif;\"><span style=\"font-size: large;\"><b>Najmilszy: Pospiesz si\u0119, by przyby\u0107 do mnie szybko. Demas bowiem mnie opu\u015bci\u0142 umi\u0142owawszy ten \u015bwiat i pod\u0105\u017cy\u0142 do Tesaloniki, Krescens do Galacji, Tytus do Dalmacji. \u0141ukasz sam jest ze mn\u0105. We\u017a Marka i przyprowad\u017a ze sob\u0105; jest mi bowiem przydatny do pos\u0142ugiwania. Tychika za\u015b pos\u0142a\u0142em do Efezu. Opo\u0144cz\u0119, kt\u00f3r\u0105 pozostawi\u0142em w Troadzie u Karpa, przynie\u015b id\u0105c po drodze, a tak\u017ce ksi\u0119gi, zw\u0142aszcza pergaminy. <\/b><\/span><\/span><\/span><\/p>\n<p align=\"justify\"><span style=\"color: #000000;\"><span style=\"font-family: Book Antiqua, serif;\"><span style=\"font-size: large;\"><b>Aleksander, br\u0105zownik, wyrz\u0105dzi\u0142 mi wiele z\u0142a: odda mu Pan wed\u0142ug jego uczynk\u00f3w. I ty si\u0119 go strze\u017c, albowiem sprzeciwia\u0142 si\u0119 bardzo naszym s\u0142owom. <\/b><\/span><\/span><\/span><\/p>\n<p align=\"justify\"><span style=\"color: #000000;\"><span style=\"font-family: Book Antiqua, serif;\"><span style=\"font-size: large;\"><b>W pierwszej mojej obronie nikt przy mnie nie stan\u0105\u0142, ale mi\u0119 wszyscy opu\u015bcili: niech im to nie b\u0119dzie policzone. Natomiast Pan stan\u0105\u0142 przy mnie i wzmocni\u0142 mnie, \u017ceby si\u0119 przeze mnie dope\u0142ni\u0142o g\u0142oszenie Ewangelii i \u017ceby wszystkie narody pos\u0142ysza\u0142y.<\/b><\/span><\/span><\/span><\/p>\n<p align=\"justify\">\n<p align=\"justify\">\n<p align=\"justify\">\n<p align=\"justify\">\n<p align=\"justify\">\n<p align=\"justify\"><span style=\"color: #000000;\"><span style=\"font-family: Book Antiqua, serif;\"><span style=\"font-size: large;\"><b>S\u0141OWA EWANGELII WED\u0141UG \u015aWI\u0118TEGO \u0141UKASZA: <\/b><\/span><\/span><\/span><\/p>\n<p align=\"justify\"><span style=\"color: #000000;\"><span style=\"font-family: Book Antiqua, serif;\"><span style=\"font-size: large;\"><b>Spo\u015br\u00f3d swoich uczni\u00f3w wyznaczy\u0142 Pan jeszcze innych, siedemdziesi\u0119ciu dw\u00f3ch, i wys\u0142a\u0142 ich po dw\u00f3ch przed sob\u0105 do ka\u017cdego miasta i miejscowo\u015bci, dok\u0105d sam przyj\u015b\u0107 zamierza\u0142. <\/b><\/span><\/span><\/span><\/p>\n<p align=\"justify\"><span style=\"color: #000000;\"><span style=\"font-family: Book Antiqua, serif;\"><span style=\"font-size: large;\"><b>Powiedzia\u0142 te\u017c do nich: \u201e\u017bniwo wprawdzie wielkie, ale robotnik\u00f3w ma\u0142o; pro\u015bcie wi\u0119c Pana \u017cniwa, \u017ceby wyprawi\u0142 robotnik\u00f3w na swoje \u017cniwo. <\/b><\/span><\/span><\/span><\/p>\n<p align=\"justify\"><span style=\"color: #000000;\"><span style=\"font-family: Book Antiqua, serif;\"><span style=\"font-size: large;\"><b>Id\u017acie, oto was posy\u0142am jak owce mi\u0119dzy wilki. Nie no\u015bcie z sob\u0105 trzosa ani torby, ani sanda\u0142\u00f3w, i nikogo w drodze nie pozdrawiajcie. <\/b><\/span><\/span><\/span><\/p>\n<p align=\"justify\"><span style=\"color: #000000;\"><span style=\"font-family: Book Antiqua, serif;\"><span style=\"font-size: large;\"><b>Gdy do jakiego domu wejdziecie, najpierw m\u00f3wcie: \u00abPok\u00f3j temu domowi!\u00bb Je\u015bli tam mieszka cz\u0142owiek godny pokoju, wasz pok\u00f3j spocznie na nim; je\u015bli nie, powr\u00f3ci do was. W tym samym domu zosta\u0144cie, jedz\u0105c i pij\u0105c, co maj\u0105: bo zas\u0142uguje robotnik na swoj\u0105 zap\u0142at\u0119. Nie przechod\u017acie z domu do domu. Je\u015bli do jakiego miasta wejdziecie i przyjm\u0105 was, jedzcie, co wam podadz\u0105; uzdrawiajcie chorych, kt\u00f3rzy tam s\u0105, i m\u00f3wcie im: \u00abPrzybli\u017cy\u0142o si\u0119 do was kr\u00f3lestwo Bo\u017ce.<\/b><\/span><\/span><\/span><\/p>\n<p align=\"justify\">\n<p align=\"justify\">\n<p align=\"justify\">\n<p align=\"justify\">\n<p align=\"justify\">\n<p align=\"center\"><span style=\"color: #000000;\"><span style=\"font-family: Book Antiqua, serif;\"><span style=\"font-size: large;\"><b>A OTO S\u0141\u00d3WKO KACPRA:<\/b><\/span><\/span><\/span><\/p>\n<p align=\"center\">\n<p align=\"center\">\n<p align=\"center\">\n<p align=\"center\">\n<p align=\"center\">\n<p align=\"justify\"><span style=\"color: #000000;\"><span style=\"font-family: Liberation Serif, serif;\"><span style=\"font-size: large;\"><span style=\"font-family: Book Antiqua, serif;\">Dzisiejsze fragmenty Bo<\/span><span style=\"font-family: Book Antiqua, serif;\">\u017cego S\u0142owa maluj\u0105 przed nami dwa obrazy Ko\u015bcio\u0142a: ten w jego pocz\u0105tkach, przepe\u0142niony trudem, samotno\u015bci\u0105 i wierno\u015bci\u0105 a\u017c do ko\u0144ca \u2013 oraz ten w dynamice misji, pe\u0142en zaufania, wolno\u015bci i ca\u0142kowitego zawierzenia Bogu. Z jednej strony, widzimy \u015bw. Paw\u0142a \u2014 uwi\u0119zionego, opuszczonego przez wielu, a jednak niez\u0142omnego w nadziei. Z drugiej \u2014 Jezusa, kt\u00f3ry wysy\u0142a uczni\u00f3w po dw\u00f3ch, jak owce mi\u0119dzy wilki, ucz\u0105c ich zaufania i prostoty. Oba te obrazy, cho\u0107 tak r\u00f3\u017cne, tworz\u0105 jedno przes\u0142anie: autentyczna misja rodzi si\u0119 z blisko\u015bci z Panem, a jej si\u0142\u0105 nie jest liczba sprzymierze\u0144c\u00f3w ani zasoby, lecz obecno\u015b\u0107 Boga, kt\u00f3ry stoi przy cz\u0142owieku.<\/span><\/span><\/span><\/span><\/p>\n<p align=\"justify\"><span style=\"color: #000000;\"><span style=\"font-family: Liberation Serif, serif;\"><span style=\"font-size: large;\"><span style=\"font-family: Book Antiqua, serif;\">\u015aw. Pawe\u0142 pisze do Tymoteusza z perspektywy cz\u0142owieka, kt\u00f3ry przeszed\u0142 ju\u017c niemal wszystko \u2014 triumfy g\u0142oszenia Ewangelii, przyja\u017anie i zdrady, wreszcie osamotnienie i wi\u0119zienie. A jednak w tych s\u0142owach nie s\u0142ycha\u0107 goryczy. Przeciwnie \u2014 bije z nich pok\u00f3j i duchowa dojrza\u0142o\u015b\u0107. Aposto\u0142 nie zatrzymuje si\u0119 na ludzkich zranieniach: <\/span><span style=\"font-family: Book Antiqua, serif;\"><i><b>Niech im to nie b\u0119dzie policzone! <\/b><\/i><\/span><span style=\"font-family: Book Antiqua, serif;\">On wie, \u017ce to nie ludzie maj\u0105 by\u0107 \u017ar\u00f3d\u0142em jego si\u0142y. <\/span><span style=\"font-family: Book Antiqua, serif;\"><i><b>Pan stan\u0105\u0142 przy mnie i wzmocni\u0142 mnie<\/b><\/i><\/span><span style=\"font-family: Book Antiqua, serif;\"> \u2014 to jest sedno jego do\u015bwiadczenia. To w\u0142a\u015bnie w samotno\u015bci, w ciszy wi\u0119ziennej celi, odkrywa, \u017ce B\u00f3g nigdy nie opuszcza tych, kt\u00f3rzy Mu zaufali.<\/span><\/span><\/span><\/span><\/p>\n<p align=\"justify\"><span style=\"color: #000000;\"><span style=\"font-family: Liberation Serif, serif;\"><span style=\"font-size: large;\"><span style=\"font-family: Book Antiqua, serif;\">To niezwykle ludzkie i zarazem \u015bwi\u0119te do\u015bwiadczenie. Pawe\u0142 prosi o opo\u0144cz\u0119 i pergaminy \u2014 drobiazgi, kt\u00f3re pokazuj\u0105, \u017ce \u015bwi\u0119to\u015b\u0107 nie jest oderwana od codzienno\u015bci. <\/span><span style=\"font-family: Book Antiqua, serif;\">N<\/span><span style=\"font-family: Book Antiqua, serif;\">ie ucieka w mistycyzm, pozbawiony realizmu; potrafi \u0142\u0105czy\u0107 \u201educhowe\u201d z \u201epraktycznym\u201d. W tym tkwi jego si\u0142a: jego wiara nie jest teori\u0105, lecz \u017cyciem \u2014 konkretnym, wymagaj\u0105cym, pe\u0142nym ran, ale te\u017c pe\u0142nym nadziei.<\/span><\/span><\/span><\/span><\/p>\n<p align=\"justify\"><span style=\"color: #000000;\"><span style=\"font-family: Liberation Serif, serif;\"><span style=\"font-size: large;\"><span style=\"font-family: Book Antiqua, serif;\">Z kolei Ewangelia \u015bw. \u0141ukasza przenosi nas w moment pocz\u0105tku misji \u2014 pos\u0142ania uczni\u00f3w. Jezus wysy\u0142a siedemdziesi\u0119ciu dw\u00f3ch \u2013 nie jako pot\u0119\u017cnych m\u00f3wc\u00f3w, nie jako ludzi z zapleczem i \u015brodkami, lecz jako ubogich g\u0142osicieli, kt\u00f3rzy maj\u0105 i\u015b\u0107 z pustymi r\u0119kami, ale z pe\u0142nym sercem. <\/span><span style=\"font-family: Book Antiqua, serif;\"><i><b>Nie no\u015bcie trzosa ani torby, ani sanda\u0142\u00f3w<\/b><\/i><\/span><span style=\"font-family: Book Antiqua, serif;\"> \u2014 to nie tylko zach\u0119ta do prostoty, ale wezwanie do ca\u0142kowitego zaufania. Ucze\u0144 Jezusa nie ma zabezpiecze\u0144 \u2014 jego jedynym oparciem ma by\u0107 Pan.<\/span><\/span><\/span><\/span><\/p>\n<p align=\"justify\"><span style=\"color: #000000;\"><span style=\"font-family: Liberation Serif, serif;\"><span style=\"font-size: large;\"><span style=\"font-family: Book Antiqua, serif;\"><i><b>Posy\u0142am was jak owce mi\u0119dzy wilki <\/b><\/i><\/span><span style=\"font-family: Book Antiqua, serif;\">\u2014 te s\u0142owa nie brzmi\u0105 jak obietnica \u0142atwej drogi. Jezus nie obiecuje bezpiecze\u0144stwa ani sukcesu. Raczej wzywa do odwagi w zaufaniu. Prawdziwa misja bowiem nie polega na skuteczno\u015bci, lecz na wierno\u015bci. I w\u0142a\u015bnie w tej wierno\u015bci uczniowie maj\u0105 odnale\u017a\u0107 pok\u00f3j. <\/span><span style=\"font-family: Book Antiqua, serif;\">P<\/span><span style=\"font-family: Book Antiqua, serif;\">ok\u00f3j, kt\u00f3ry nios\u0105 innym, i kt\u00f3ry \u2013 je\u015bli nie zostanie przyj\u0119ty \u2013 wr\u00f3ci do nich. To niezwykle pi\u0119kny obraz: Bo\u017cy pok\u00f3j nigdy nie ginie. On zawsze do kogo\u015b nale\u017cy \u2014 je\u015bli nie do adresata, to do wys\u0142annika.<\/span><\/span><\/span><\/span><\/p>\n<p align=\"justify\"><span style=\"color: #000000;\"><span style=\"font-family: Liberation Serif, serif;\"><span style=\"font-size: large;\"><span style=\"font-family: Book Antiqua, serif;\">W tym \u015bwietle Ewangelia \u0141ukasza i List Paw\u0142a do Tymoteusza wzajemnie si\u0119 dope\u0142niaj\u0105. \u0141ukasz, wierny towarzysz Paw\u0142a, z pewno\u015bci\u0105 sam widzia\u0142, jak te s\u0142owa Jezusa realizuj\u0105 si\u0119 w \u017cyciu Aposto\u0142a. Widzia\u0142 jego w\u0119dr\u00f3wki, trudy, rado\u015bci i w ko\u0144cu wi\u0119zienie \u2014 i wiedzia\u0142, \u017ce prawdziwy misjonarz to ten, kt\u00f3ry idzie, bo zosta\u0142 pos\u0142any, a nie dlatego, \u017ce ma wszystko pod kontrol\u0105. Widzia\u0142 te\u017c, \u017ce misja wymaga wolno\u015bci \u2014 nie tylko od rzeczy materialnych, ale tak\u017ce od przywi\u0105zania do ludzkich ocen, l\u0119ku czy pragnienia sukcesu.<\/span><\/span><\/span><\/span><\/p>\n<p align=\"justify\"><span style=\"color: #000000;\"><span style=\"font-family: Liberation Serif, serif;\"><span style=\"font-size: large;\"><span style=\"font-family: Book Antiqua, serif;\">Pawe\u0142 i uczniowie Jezusa z Ewangelii s\u0105 jak dwa punkty jednej drogi: jeden pokazuje pocz\u0105tek \u2014 entuzjazm, zaufanie, pos\u0142anie; drugi \u2014 koniec tej drogi, dojrza\u0142o\u015b\u0107 i \u015bwiadectwo. Oba etapy \u0142\u0105czy to samo \u017ar\u00f3d\u0142o: obecno\u015b\u0107 Pana. W misji, w samotno\u015bci, w cierpieniu, w rado\u015bci \u2014 On jest.<\/span><\/span><\/span><\/span><\/p>\n<p align=\"justify\"><span style=\"color: #000000;\"><span style=\"font-family: Book Antiqua, serif;\"><span style=\"font-size: large;\">Dla nas, ludzi wiary, te dwa teksty s\u0105 jak zwierciad\u0142o. Ucz\u0105 nas, \u017ce bycie chrze\u015bcijaninem to nie komfort, lecz droga. Czasem trzeba i\u015b\u0107 z pustymi r\u0119kami, czasem z sercem pe\u0142nym ran. Ale je\u015bli idziemy z Jezusem, nie idziemy na pr\u00f3\u017cno. On sam staje przy nas i wzmacnia \u2014 tak, jak przy Pawle. I posy\u0142a nas \u2014 tak jak siedemdziesi\u0119ciu dw\u00f3ch. A nasz\u0105 najwi\u0119ksz\u0105 zap\u0142at\u0105 nie jest sukces, lecz to, \u017ce w tej drodze jeste\u015bmy blisko Niego.<\/span><\/span><\/span><\/p>\n","protected":false},"excerpt":{"rendered":"<p>Szcz\u0119\u015b\u0107 Bo\u017ce! Moi Drodzy, w dniu dzisiejszym imieniny prze\u017cywaj\u0105: \u25baBiskup \u0141ukasz Buzun \u2013 Biskup Pomocniczy Kaliski, z kt\u00f3rym mia\u0142em przyjemno\u015b\u0107 pozna\u0107 si\u0119 na Pielgrzymce Podlaskiej, gdy by\u0142 Przewodnikiem Grupy 17; \u25baAlumn \u0141ukasz Go\u0142awski \u2013 przez rok aktywnie wsp\u00f3\u0142tworz\u0105cy nasze Duszpasterstwo Akademickie, a obecnie: przygotowuj\u0105cy si\u0119 do pos\u0142ugi kap\u0142a\u0144skiej i misyjnej w Zgromadzeniu Misjonarzy Werbist\u00f3w; Cz\u0142owiek [&hellip;]<\/p>\n","protected":false},"author":1,"featured_media":0,"comment_status":"open","ping_status":"open","sticky":false,"template":"","format":"standard","meta":{"jetpack_post_was_ever_published":false,"_jetpack_newsletter_access":"","_jetpack_dont_email_post_to_subs":false,"_jetpack_newsletter_tier_id":0,"_jetpack_memberships_contains_paywalled_content":false,"_jetpack_memberships_contains_paid_content":false,"footnotes":""},"categories":[1],"tags":[],"class_list":["post-24352","post","type-post","status-publish","format-standard","hentry","category-bez-kategorii"],"yoast_head":"<!-- This site is optimized with the Yoast SEO plugin v25.1 - https:\/\/yoast.com\/wordpress\/plugins\/seo\/ -->\n<title>Nie skuteczno\u015b\u0107 - a wierno\u015b\u0107! - Gaudium Et Spes<\/title>\n<meta name=\"robots\" content=\"index, follow, max-snippet:-1, max-image-preview:large, max-video-preview:-1\" \/>\n<link rel=\"canonical\" href=\"https:\/\/gaudiumetspes-blog.pl\/index.php\/2025\/10\/18\/nie-skutecznosc-a-wiernosc\/\" \/>\n<meta property=\"og:locale\" content=\"pl_PL\" \/>\n<meta property=\"og:type\" content=\"article\" \/>\n<meta property=\"og:title\" content=\"Nie skuteczno\u015b\u0107 - a wierno\u015b\u0107! - Gaudium Et Spes\" \/>\n<meta property=\"og:description\" content=\"Szcz\u0119\u015b\u0107 Bo\u017ce! Moi Drodzy, w dniu dzisiejszym imieniny prze\u017cywaj\u0105: \u25baBiskup \u0141ukasz Buzun \u2013 Biskup Pomocniczy Kaliski, z kt\u00f3rym mia\u0142em przyjemno\u015b\u0107 pozna\u0107 si\u0119 na Pielgrzymce Podlaskiej, gdy by\u0142 Przewodnikiem Grupy 17; \u25baAlumn \u0141ukasz Go\u0142awski \u2013 przez rok aktywnie wsp\u00f3\u0142tworz\u0105cy nasze Duszpasterstwo Akademickie, a obecnie: przygotowuj\u0105cy si\u0119 do pos\u0142ugi kap\u0142a\u0144skiej i misyjnej w Zgromadzeniu Misjonarzy Werbist\u00f3w; Cz\u0142owiek [&hellip;]\" \/>\n<meta property=\"og:url\" content=\"https:\/\/gaudiumetspes-blog.pl\/index.php\/2025\/10\/18\/nie-skutecznosc-a-wiernosc\/\" \/>\n<meta property=\"og:site_name\" content=\"Gaudium Et Spes\" \/>\n<meta property=\"article:published_time\" content=\"2025-10-18T05:33:53+00:00\" \/>\n<meta name=\"author\" content=\"Ks. Jacek\" \/>\n<meta name=\"twitter:card\" content=\"summary_large_image\" \/>\n<meta name=\"twitter:label1\" content=\"Napisane przez\" \/>\n\t<meta name=\"twitter:data1\" content=\"Ks. Jacek\" \/>\n\t<meta name=\"twitter:label2\" content=\"Szacowany czas czytania\" \/>\n\t<meta name=\"twitter:data2\" content=\"9 minut\" \/>\n<script type=\"application\/ld+json\" class=\"yoast-schema-graph\">{\"@context\":\"https:\/\/schema.org\",\"@graph\":[{\"@type\":\"WebPage\",\"@id\":\"https:\/\/gaudiumetspes-blog.pl\/index.php\/2025\/10\/18\/nie-skutecznosc-a-wiernosc\/\",\"url\":\"https:\/\/gaudiumetspes-blog.pl\/index.php\/2025\/10\/18\/nie-skutecznosc-a-wiernosc\/\",\"name\":\"Nie skuteczno\u015b\u0107 - a wierno\u015b\u0107! - Gaudium Et Spes\",\"isPartOf\":{\"@id\":\"https:\/\/gaudiumetspes-blog.pl\/#website\"},\"datePublished\":\"2025-10-18T05:33:53+00:00\",\"author\":{\"@id\":\"https:\/\/gaudiumetspes-blog.pl\/#\/schema\/person\/1661982992b752dea8dff0d4ed845a65\"},\"breadcrumb\":{\"@id\":\"https:\/\/gaudiumetspes-blog.pl\/index.php\/2025\/10\/18\/nie-skutecznosc-a-wiernosc\/#breadcrumb\"},\"inLanguage\":\"pl-PL\",\"potentialAction\":[{\"@type\":\"ReadAction\",\"target\":[\"https:\/\/gaudiumetspes-blog.pl\/index.php\/2025\/10\/18\/nie-skutecznosc-a-wiernosc\/\"]}]},{\"@type\":\"BreadcrumbList\",\"@id\":\"https:\/\/gaudiumetspes-blog.pl\/index.php\/2025\/10\/18\/nie-skutecznosc-a-wiernosc\/#breadcrumb\",\"itemListElement\":[{\"@type\":\"ListItem\",\"position\":1,\"name\":\"Strona g\u0142\u00f3wna\",\"item\":\"https:\/\/gaudiumetspes-blog.pl\/\"},{\"@type\":\"ListItem\",\"position\":2,\"name\":\"Nie skuteczno\u015b\u0107 &#8211; a wierno\u015b\u0107!\"}]},{\"@type\":\"WebSite\",\"@id\":\"https:\/\/gaudiumetspes-blog.pl\/#website\",\"url\":\"https:\/\/gaudiumetspes-blog.pl\/\",\"name\":\"Gaudium Et Spes\",\"description\":\"Blog Ks. Jacka Ja\u015bkowskiego\",\"potentialAction\":[{\"@type\":\"SearchAction\",\"target\":{\"@type\":\"EntryPoint\",\"urlTemplate\":\"https:\/\/gaudiumetspes-blog.pl\/?s={search_term_string}\"},\"query-input\":{\"@type\":\"PropertyValueSpecification\",\"valueRequired\":true,\"valueName\":\"search_term_string\"}}],\"inLanguage\":\"pl-PL\"},{\"@type\":\"Person\",\"@id\":\"https:\/\/gaudiumetspes-blog.pl\/#\/schema\/person\/1661982992b752dea8dff0d4ed845a65\",\"name\":\"Ks. Jacek\",\"image\":{\"@type\":\"ImageObject\",\"inLanguage\":\"pl-PL\",\"@id\":\"https:\/\/gaudiumetspes-blog.pl\/#\/schema\/person\/image\/\",\"url\":\"https:\/\/gaudiumetspes-blog.pl\/wp-content\/uploads\/2019\/07\/avatar-JJ-150x150.jpg\",\"contentUrl\":\"https:\/\/gaudiumetspes-blog.pl\/wp-content\/uploads\/2019\/07\/avatar-JJ-150x150.jpg\",\"caption\":\"Ks. Jacek\"},\"description\":\"Witam serdecznie! K\u0142ania si\u0119 Ks. Jacek Ja\u015bkowski. Nie jestem ani kim\u015b wa\u017cnym, ani kim\u015b znanym. Jestem ksi\u0119dzem, kt\u00f3ry po prostu chce rozmawia\u0107. Codzienna kap\u0142a\u0144ska pos\u0142uga pokazuje mi, \u017ce temat\u00f3w do rozm\u00f3w z ksi\u0119dzem jest coraz wi\u0119cej i dzisiaj \u017caden ksi\u0105dz nie mo\u017ce od nich ucieka\u0107, ale - wprost przeciwnie - podejmowa\u0107 nowe wyzwania. To przekonanie sk\u0142oni\u0142o mnie do pr\u00f3by otwarcia tego\u017c bloga, chocia\u017c okazji do rozm\u00f3w na co dzie\u0144 - w konfesjonale i poza nim - na szcz\u0119\u015bcie nie brakuje. My\u015bl\u0119 jednak, \u017ce ten blog b\u0119dzie jeszcze jednym sposobem i przestrzeni\u0105 nawi\u0105zania kontaktu z lud\u017ami dobrej woli, otwartymi na dialog.\",\"url\":\"https:\/\/gaudiumetspes-blog.pl\/index.php\/author\/ks-jacek\/\"}]}<\/script>\n<!-- \/ Yoast SEO plugin. -->","yoast_head_json":{"title":"Nie skuteczno\u015b\u0107 - a wierno\u015b\u0107! - Gaudium Et Spes","robots":{"index":"index","follow":"follow","max-snippet":"max-snippet:-1","max-image-preview":"max-image-preview:large","max-video-preview":"max-video-preview:-1"},"canonical":"https:\/\/gaudiumetspes-blog.pl\/index.php\/2025\/10\/18\/nie-skutecznosc-a-wiernosc\/","og_locale":"pl_PL","og_type":"article","og_title":"Nie skuteczno\u015b\u0107 - a wierno\u015b\u0107! - Gaudium Et Spes","og_description":"Szcz\u0119\u015b\u0107 Bo\u017ce! Moi Drodzy, w dniu dzisiejszym imieniny prze\u017cywaj\u0105: \u25baBiskup \u0141ukasz Buzun \u2013 Biskup Pomocniczy Kaliski, z kt\u00f3rym mia\u0142em przyjemno\u015b\u0107 pozna\u0107 si\u0119 na Pielgrzymce Podlaskiej, gdy by\u0142 Przewodnikiem Grupy 17; \u25baAlumn \u0141ukasz Go\u0142awski \u2013 przez rok aktywnie wsp\u00f3\u0142tworz\u0105cy nasze Duszpasterstwo Akademickie, a obecnie: przygotowuj\u0105cy si\u0119 do pos\u0142ugi kap\u0142a\u0144skiej i misyjnej w Zgromadzeniu Misjonarzy Werbist\u00f3w; Cz\u0142owiek [&hellip;]","og_url":"https:\/\/gaudiumetspes-blog.pl\/index.php\/2025\/10\/18\/nie-skutecznosc-a-wiernosc\/","og_site_name":"Gaudium Et Spes","article_published_time":"2025-10-18T05:33:53+00:00","author":"Ks. Jacek","twitter_card":"summary_large_image","twitter_misc":{"Napisane przez":"Ks. Jacek","Szacowany czas czytania":"9 minut"},"schema":{"@context":"https:\/\/schema.org","@graph":[{"@type":"WebPage","@id":"https:\/\/gaudiumetspes-blog.pl\/index.php\/2025\/10\/18\/nie-skutecznosc-a-wiernosc\/","url":"https:\/\/gaudiumetspes-blog.pl\/index.php\/2025\/10\/18\/nie-skutecznosc-a-wiernosc\/","name":"Nie skuteczno\u015b\u0107 - a wierno\u015b\u0107! - Gaudium Et Spes","isPartOf":{"@id":"https:\/\/gaudiumetspes-blog.pl\/#website"},"datePublished":"2025-10-18T05:33:53+00:00","author":{"@id":"https:\/\/gaudiumetspes-blog.pl\/#\/schema\/person\/1661982992b752dea8dff0d4ed845a65"},"breadcrumb":{"@id":"https:\/\/gaudiumetspes-blog.pl\/index.php\/2025\/10\/18\/nie-skutecznosc-a-wiernosc\/#breadcrumb"},"inLanguage":"pl-PL","potentialAction":[{"@type":"ReadAction","target":["https:\/\/gaudiumetspes-blog.pl\/index.php\/2025\/10\/18\/nie-skutecznosc-a-wiernosc\/"]}]},{"@type":"BreadcrumbList","@id":"https:\/\/gaudiumetspes-blog.pl\/index.php\/2025\/10\/18\/nie-skutecznosc-a-wiernosc\/#breadcrumb","itemListElement":[{"@type":"ListItem","position":1,"name":"Strona g\u0142\u00f3wna","item":"https:\/\/gaudiumetspes-blog.pl\/"},{"@type":"ListItem","position":2,"name":"Nie skuteczno\u015b\u0107 &#8211; a wierno\u015b\u0107!"}]},{"@type":"WebSite","@id":"https:\/\/gaudiumetspes-blog.pl\/#website","url":"https:\/\/gaudiumetspes-blog.pl\/","name":"Gaudium Et Spes","description":"Blog Ks. Jacka Ja\u015bkowskiego","potentialAction":[{"@type":"SearchAction","target":{"@type":"EntryPoint","urlTemplate":"https:\/\/gaudiumetspes-blog.pl\/?s={search_term_string}"},"query-input":{"@type":"PropertyValueSpecification","valueRequired":true,"valueName":"search_term_string"}}],"inLanguage":"pl-PL"},{"@type":"Person","@id":"https:\/\/gaudiumetspes-blog.pl\/#\/schema\/person\/1661982992b752dea8dff0d4ed845a65","name":"Ks. Jacek","image":{"@type":"ImageObject","inLanguage":"pl-PL","@id":"https:\/\/gaudiumetspes-blog.pl\/#\/schema\/person\/image\/","url":"https:\/\/gaudiumetspes-blog.pl\/wp-content\/uploads\/2019\/07\/avatar-JJ-150x150.jpg","contentUrl":"https:\/\/gaudiumetspes-blog.pl\/wp-content\/uploads\/2019\/07\/avatar-JJ-150x150.jpg","caption":"Ks. Jacek"},"description":"Witam serdecznie! K\u0142ania si\u0119 Ks. Jacek Ja\u015bkowski. Nie jestem ani kim\u015b wa\u017cnym, ani kim\u015b znanym. Jestem ksi\u0119dzem, kt\u00f3ry po prostu chce rozmawia\u0107. Codzienna kap\u0142a\u0144ska pos\u0142uga pokazuje mi, \u017ce temat\u00f3w do rozm\u00f3w z ksi\u0119dzem jest coraz wi\u0119cej i dzisiaj \u017caden ksi\u0105dz nie mo\u017ce od nich ucieka\u0107, ale - wprost przeciwnie - podejmowa\u0107 nowe wyzwania. To przekonanie sk\u0142oni\u0142o mnie do pr\u00f3by otwarcia tego\u017c bloga, chocia\u017c okazji do rozm\u00f3w na co dzie\u0144 - w konfesjonale i poza nim - na szcz\u0119\u015bcie nie brakuje. My\u015bl\u0119 jednak, \u017ce ten blog b\u0119dzie jeszcze jednym sposobem i przestrzeni\u0105 nawi\u0105zania kontaktu z lud\u017ami dobrej woli, otwartymi na dialog.","url":"https:\/\/gaudiumetspes-blog.pl\/index.php\/author\/ks-jacek\/"}]}},"jetpack_featured_media_url":"","jetpack_sharing_enabled":true,"_links":{"self":[{"href":"https:\/\/gaudiumetspes-blog.pl\/index.php\/wp-json\/wp\/v2\/posts\/24352","targetHints":{"allow":["GET"]}}],"collection":[{"href":"https:\/\/gaudiumetspes-blog.pl\/index.php\/wp-json\/wp\/v2\/posts"}],"about":[{"href":"https:\/\/gaudiumetspes-blog.pl\/index.php\/wp-json\/wp\/v2\/types\/post"}],"author":[{"embeddable":true,"href":"https:\/\/gaudiumetspes-blog.pl\/index.php\/wp-json\/wp\/v2\/users\/1"}],"replies":[{"embeddable":true,"href":"https:\/\/gaudiumetspes-blog.pl\/index.php\/wp-json\/wp\/v2\/comments?post=24352"}],"version-history":[{"count":1,"href":"https:\/\/gaudiumetspes-blog.pl\/index.php\/wp-json\/wp\/v2\/posts\/24352\/revisions"}],"predecessor-version":[{"id":24353,"href":"https:\/\/gaudiumetspes-blog.pl\/index.php\/wp-json\/wp\/v2\/posts\/24352\/revisions\/24353"}],"wp:attachment":[{"href":"https:\/\/gaudiumetspes-blog.pl\/index.php\/wp-json\/wp\/v2\/media?parent=24352"}],"wp:term":[{"taxonomy":"category","embeddable":true,"href":"https:\/\/gaudiumetspes-blog.pl\/index.php\/wp-json\/wp\/v2\/categories?post=24352"},{"taxonomy":"post_tag","embeddable":true,"href":"https:\/\/gaudiumetspes-blog.pl\/index.php\/wp-json\/wp\/v2\/tags?post=24352"}],"curies":[{"name":"wp","href":"https:\/\/api.w.org\/{rel}","templated":true}]}}