{"id":24354,"date":"2025-10-19T00:22:57","date_gmt":"2025-10-18T22:22:57","guid":{"rendered":"https:\/\/gaudiumetspes-blog.pl\/?p=24354"},"modified":"2025-10-20T18:21:59","modified_gmt":"2025-10-20T16:21:59","slug":"rece-wzniesione-do-nieba","status":"publish","type":"post","link":"https:\/\/gaudiumetspes-blog.pl\/index.php\/2025\/10\/19\/rece-wzniesione-do-nieba\/","title":{"rendered":"R\u0119ce wzniesione do Nieba"},"content":{"rendered":"<p align=\"justify\"><span style=\"color: #000000;\"><span style=\"font-family: Book Antiqua, serif;\"><span style=\"font-size: large;\">Niech b\u0119dzie pochwalony Jezus Chrystus! Drodzy moi, <b>w dniu dzisiejszym imieniny prze\u017cywa Piotr Antosiewicz \u2013 za moich czas\u00f3w: Prezes S\u0142u\u017cby liturgicznej w Celestynowie. Niech Pan Mu we wszystkim b\u0142ogos\u0142awi, o co te\u017c b\u0119d\u0119 si\u0119 dla Niego modli\u0142.<\/b><\/span><\/span><\/span><\/p>\n<p align=\"justify\"><span style=\"color: #000000;\"><span style=\"font-family: Book Antiqua, serif;\"><span style=\"font-size: large;\">A ja dzisiaj do po\u0142udnia pomagam duszpastersko w Parafii D\u0105bie, po czym szybko wracam do Siedlec, gdy\u017c tutaj, w Duszpasterstwie Akademickim, odb\u0119dzie si\u0119 spotkanie FORMACJI \u00abSPE SALVI\u00bb. Bardzo licz\u0119 \u2013 tym razem \u2013 na obecno\u015b\u0107 wszystkich, ale zobaczymy, jak si\u0119 uda. Nastawiam si\u0119 na pi\u0119kne spotkanie i dobr\u0105 rozmow\u0119. Rozpoczniemy je Msz\u0105 \u015awi\u0119t\u0105. W zwi\u0105zku z tym, nie b\u0119dzie u nas dzisiaj Mszy \u015awi\u0119tej o godzinie 20:00.<\/span><\/span><\/span><\/p>\n<p align=\"justify\"><span style=\"color: #000000;\"><span style=\"font-family: Book Antiqua, serif;\"><span style=\"font-size: large;\">A teraz ju\u017c zapraszam do pochylenia si\u0119 nad Bo\u017cym s\u0142owem dzisiejszej liturgii. Oto s\u0142\u00f3wko Ksi\u0119dza Marka na dzi\u015b:<\/span><\/span><\/span><\/p>\n<p align=\"justify\"><span style=\"color: #000000;\"><span style=\"font-family: Book Antiqua, serif;\"><span style=\"font-size: medium;\"><a href=\"https:\/\/www.youtube.com\/c\/CatholicSurgut\"><span style=\"font-size: large;\"><span lang=\"zxx\"><u><b>https:\/\/www.youtube.com\/c\/CatholicSurgut<\/b><\/u><\/span><\/span><\/a><\/span><\/span><\/span><\/p>\n<p align=\"justify\"><span style=\"color: #000000;\"><span style=\"font-family: Book Antiqua, serif;\"><span style=\"font-size: large;\">Zatem, <b>co Pan m\u00f3wi dzisiaj tylko do mnie \u2013 tak bardzo osobi\u015bcie? Z jakim konkretnym przes\u0142aniem zwraca si\u0119 do mnie?<\/b> Duchu \u015awi\u0119ty \u2013 poprowad\u017a\u2026 <\/span><\/span><\/span><\/p>\n<p align=\"justify\"><span style=\"color: #000000;\"><span style=\"font-family: Book Antiqua, serif;\"><span style=\"font-size: large;\"><b>N<\/b><b>i<\/b><b>ech Was b\u0142ogos\u0142awi B\u00f3g Wszechmog\u0105cy: Ojciec + i Syn, i Duch \u015awi\u0119ty. Amen<\/b><\/span><\/span><\/span><\/p>\n<p align=\"center\"><span style=\"color: #000000;\"><span style=\"font-family: Book Antiqua, serif;\"><span style=\"font-size: large;\">Gaudium et spes! Ks. Jacek<\/span><\/span><\/span><\/p>\n<p align=\"center\">\n<p align=\"center\">\n<p align=\"center\">\n<p align=\"center\">\n<p align=\"center\">\n<p align=\"justify\"><span style=\"color: #000000;\"><span style=\"font-family: Book Antiqua, serif;\"><span style=\"font-size: large;\"><b>29 Niedziela zwyk\u0142a, C,<\/b><\/span><\/span><\/span><\/p>\n<p align=\"justify\"><span style=\"color: #000000;\"><span style=\"font-family: Book Antiqua, serif;\"><span style=\"font-size: large;\"><b>19 pa\u017adziernika 2025.,\u00a0<\/b><\/span><\/span><\/span><\/p>\n<p align=\"justify\"><span style=\"color: #000000;\"><span style=\"font-family: Book Antiqua, serif;\"><span style=\"font-size: large;\"><b>do czyta\u0144: Wj 17,8\u201313; 2 Tm 3,14\u20134,2; \u0141k 18,1\u20138<\/b><\/span><\/span><\/span><\/p>\n<p align=\"justify\">\n<p align=\"justify\">\n<p align=\"justify\">\n<p align=\"justify\">\n<p align=\"justify\">\n<p align=\"justify\"><span style=\"color: #000000;\"><span style=\"font-family: Book Antiqua, serif;\"><span style=\"font-size: large;\"><b>CZYTANIE Z KSI\u0118GI WYJ\u015aCIA:<\/b><\/span><\/span><\/span><\/p>\n<p align=\"justify\"><span style=\"color: #000000;\"><span style=\"font-family: Book Antiqua, serif;\"><span style=\"font-size: large;\"><b>Amalekici przybyli, aby walczy\u0107 z Izraelitami w Refidim.<\/b><\/span><\/span><\/span><\/p>\n<p align=\"justify\"><span style=\"color: #000000;\"><span style=\"font-family: Book Antiqua, serif;\"><span style=\"font-size: large;\"><b>Moj\u017cesz powiedzia\u0142 wtedy do Jozuego: \u201eWybierz sobie m\u0119\u017c\u00f3w i wyruszysz z nimi na walk\u0119 z Amalekitami. Ja jutro stan\u0119 na szczycie g\u00f3ry z lask\u0105 Boga w r\u0119ku\u201d. Jozue spe\u0142ni\u0142 polecenie Moj\u017cesza i wyruszy\u0142 do walki z Amalekitami. Moj\u017cesz, Aaron i Chur wyszli na szczyt g\u00f3ry.<\/b><\/span><\/span><\/span><\/p>\n<p align=\"justify\"><span style=\"color: #000000;\"><span style=\"font-family: Book Antiqua, serif;\"><span style=\"font-size: large;\"><b>Jak d\u0142ugo Moj\u017cesz trzyma\u0142 r\u0119ce podniesione do g\u00f3ry, Izrael mia\u0142 przewag\u0119. Gdy za\u015b r\u0119ce opuszcza\u0142, mia\u0142 przewag\u0119 Amalekita. Gdy r\u0119ce Moj\u017cesza zdr\u0119twia\u0142y, wzi\u0119li kamie\u0144 i po\u0142o\u017cyli pod niego, i usiad\u0142 na nim. Aaron i Chur podparli za\u015b jego r\u0119ce, jeden z tej, a drugi z tamtej strony. W ten spos\u00f3b a\u017c do zachodu s\u0142o\u0144ca by\u0142y jego r\u0119ce stale wzniesione wysoko. I tak zdo\u0142a\u0142 Jozue pokona\u0107 Amalekit\u00f3w i ich lud ostrzem miecza.<\/b><\/span><\/span><\/span><\/p>\n<p align=\"justify\">\n<p align=\"justify\">\n<p align=\"justify\">\n<p align=\"justify\">\n<p align=\"justify\">\n<p align=\"justify\"><span style=\"color: #000000;\"><span style=\"font-family: Book Antiqua, serif;\"><span style=\"font-size: large;\"><b>CZYTANIE Z DRUGIEGO LISTU \u015aWI\u0118TEGO PAW\u0141A APOSTO\u0141A DO TYMOTEUSZA:<\/b><\/span><\/span><\/span><\/p>\n<p align=\"justify\"><span style=\"color: #000000;\"><span style=\"font-family: Book Antiqua, serif;\"><span style=\"font-size: large;\"><b>Najdro\u017cszy: Trwaj w tym, czego si\u0119 nauczy\u0142e\u015b i co ci zawierzono, bo wiesz, od kogo si\u0119 nauczy\u0142e\u015b. Od lat bowiem niemowl\u0119cych znasz Pisma \u015bwi\u0119te, kt\u00f3re mog\u0105 ci\u0119 nauczy\u0107 m\u0105dro\u015bci wiod\u0105cej ku zbawieniu przez wiar\u0119 w Chrystusie Jezusie. Wszelkie Pismo od Boga jest natchnione i po\u017cyteczne do nauczania, do przekonywania, do poprawiania, do kszta\u0142cenia w sprawiedliwo\u015bci, aby cz\u0142owiek Bo\u017cy by\u0142 doskona\u0142y, przysposobiony do ka\u017cdego dobrego czynu.<\/b><\/span><\/span><\/span><\/p>\n<p align=\"justify\"><span style=\"color: #000000;\"><span style=\"font-family: Book Antiqua, serif;\"><span style=\"font-size: large;\"><b>Zaklinam ci\u0119 wobec Boga i Chrystusa Jezusa, kt\u00f3ry b\u0119dzie s\u0105dzi\u0142 \u017cywych i umar\u0142ych, i na Jego pojawienie si\u0119, i na Jego kr\u00f3lestwo: g\u0142o\u015b nauk\u0119, nastawaj w por\u0119, nie w por\u0119, w razie potrzeby wyka\u017c b\u0142\u0105d, poucz, podnie\u015b na duchu z ca\u0142\u0105 cierpliwo\u015bci\u0105, ilekro\u0107 nauczasz.<\/b><\/span><\/span><\/span><\/p>\n<p align=\"justify\">\n<p align=\"justify\">\n<p align=\"justify\">\n<p align=\"justify\">\n<p align=\"justify\">\n<p align=\"justify\"><span style=\"color: #000000;\"><span style=\"font-family: Book Antiqua, serif;\"><span style=\"font-size: large;\"><b>S\u0141OWA EWANGELII WED\u0141UG \u015aWI\u0118TEGO \u0141UKASZA:<\/b><\/span><\/span><\/span><\/p>\n<p align=\"justify\"><span style=\"color: #000000;\"><span style=\"font-family: Book Antiqua, serif;\"><span style=\"font-size: large;\"><b>Jezus odpowiedzia\u0142 swoim uczniom przypowie\u015b\u0107 o tym, \u017ce zawsze powinni modli\u0107 si\u0119 i nie ustawa\u0107: \u201eW pewnym mie\u015bcie \u017cy\u0142 s\u0119dzia, kt\u00f3ry Boga si\u0119 nie ba\u0142 i nie liczy\u0142 si\u0119 z lud\u017ami.<\/b><\/span><\/span><\/span><\/p>\n<p align=\"justify\"><span style=\"color: #000000;\"><span style=\"font-family: Book Antiqua, serif;\"><span style=\"font-size: large;\"><b>W tym samym mie\u015bcie \u017cy\u0142a wdowa, kt\u00f3ra przychodzi\u0142a do niego z pro\u015bb\u0105: \u00abObro\u0144 mnie przed moim przeciwnikiem\u00bb. Przez pewien czas nie chcia\u0142; lecz potem rzek\u0142 do siebie: \u00abChocia\u017c Boga si\u0119 nie boj\u0119 ani z lud\u017ami si\u0119 nie licz\u0119, to jednak, poniewa\u017c naprzykrza mi si\u0119 ta wdowa, wezm\u0119 j\u0105 w obron\u0119, \u017ceby nie przychodzi\u0142a bez ko\u0144ca i nie zadr\u0119cza\u0142a mnie\u00bb\u201d.<\/b><\/span><\/span><\/span><\/p>\n<p align=\"justify\"><span style=\"color: #000000;\"><span style=\"font-family: Book Antiqua, serif;\"><span style=\"font-size: large;\"><b>I Pan doda\u0142: \u00abS\u0142uchajcie, co ten niesprawiedliwy s\u0119dzia m\u00f3wi. A B\u00f3g, czy\u017c nie we\u017amie w obron\u0119 swoich wybranych, kt\u00f3rzy dniem i noc\u0105 wo\u0142aj\u0105 do Niego, i czy b\u0119dzie zwleka\u0142 w ich sprawie?<\/b><\/span><\/span><\/span><\/p>\n<p align=\"justify\"><span style=\"color: #000000;\"><span style=\"font-family: Book Antiqua, serif;\"><span style=\"font-size: large;\"><b>Powiadam wam, \u017ce pr\u0119dko we\u017amie ich w obron\u0119. Czy jednak Syn Cz\u0142owieczy znajdzie wiar\u0119 na ziemi, gdy przyjdzie?\u00bb<\/b><\/span><\/span><\/span><\/p>\n<p align=\"justify\">\n<p align=\"justify\">\n<p align=\"justify\">\n<p align=\"justify\">\n<p align=\"justify\">\n<p align=\"justify\"><span style=\"color: #000000;\"><span style=\"font-family: Book Antiqua, serif;\"><span style=\"font-size: large;\">Bardzo znamiennym i ciekawym by\u0142o to, \u017ce los walki, prowadzonej przez Jozuego, by\u0142 <b>tak mocno uzale\u017cniony od wzniesionych r\u0105k Moj\u017cesza. <\/b>To w ko\u0144cu <b>kto by\u0142 sprawc\u0105 <\/b>osi\u0105gni\u0119tego ostatecznie zwyci\u0119stwa? Jozue? On wprawdzie stan\u0105\u0142 ze swoim wojskiem na pierwszej linii frontu <b>i to on w ko\u0144cu pokona\u0142 Amalekit\u00f3w,<\/b> ale mamy powiedziane dzi\u015b a\u017c nadto wyra\u017anie, \u017ce walka ta kszta\u0142towa\u0142a si\u0119 w \u015bcis\u0142ej zale\u017cno\u015bci od tego, <b>czy Moj\u017cesz wznosi\u0142 swoje r\u0119ce, czy je opuszcza\u0142\u2026<\/b> A zatem \u2013 to Moj\u017cesz spowodowa\u0142 to zwyci\u0119stwo, tak? <\/span><\/span><\/span><\/p>\n<p align=\"justify\"><span style=\"color: #000000;\"><span style=\"font-family: Book Antiqua, serif;\"><span style=\"font-size: large;\">W\u0142a\u015bnie\u2026 Chyba te\u017c niekoniecznie, bo jednak wznosi\u0142 on r\u0119ce <b>do Nieba i to stamt\u0105d przysz\u0142a pomoc. <\/b>Zatem \u2013 nie mamy ju\u017c w\u0105tpliwo\u015bci: sprawc\u0105 zwyci\u0119stwa Izraelit\u00f3w na Amalekitami <b>by\u0142 sam B\u00f3g. <\/b>Ale je\u017celi tak, to dlaczego a\u017c tak bardzo <b>zale\u017ca\u0142o to od owych wzniesionych r\u0105k<\/b> \u2013 i to dos\u0142ownie, bo kiedy tylko r\u0119ce te opada\u0142y, natychmiast szala zwyci\u0119stwa przechyla\u0142a si\u0119 na stron\u0119 wroga. <\/span><\/span><\/span><\/p>\n<p align=\"justify\"><span style=\"color: #000000;\"><span style=\"font-family: Book Antiqua, serif;\"><span style=\"font-size: large;\">To jest w\u0142a\u015bnie w tym wszystkim znamienne \u2013 i niezwyk\u0142e: B\u00f3g swoj\u0105 pomoc, swoj\u0105 interwencje, swoje zaanga\u017cowanie <b>zwi\u0105za\u0142 tak bardzo mocno z zaanga\u017cowaniem cz\u0142owieka. <\/b>I to nawet nie tego cz\u0142owieka, kt\u00f3ry bezpo\u015brednio dokonywa\u0142 dzie\u0142a, o kt\u00f3rym mowa, czyli walki, ale tego, <b>kt\u00f3ry wspiera\u0142 go \u201ena zapleczu\u201d. <\/b>A dok\u0142adnie: <b>na g\u00f3rze, <\/b>u st\u00f3p kt\u00f3rej rozgrywa\u0142a si\u0119 ca\u0142a walka, co te\u017c ma symboliczne znaczenie. Bo raz jeszcze kieruje uwag\u0119 nas wszystkich w\u0142a\u015bnie <b>na Boga i na Jego pomoc.<\/b> Ale t\u0119 pomoc \u201e\u015bci\u0105gn\u0119\u0142y\u201d <b>wzniesione r\u0119ce Moj\u017cesza.<\/b> <\/span><\/span><\/span><\/p>\n<p align=\"justify\"><span style=\"color: #000000;\"><span style=\"font-family: Book Antiqua, serif;\"><span style=\"font-size: large;\">By\u0142o to <b>na <\/b><b>tyle<\/b><b> wa\u017cne,<\/b> by te r\u0119ce by\u0142y wzniesione \u2013 jak si\u0119 okaza\u0142o \u2013 <b>i na tyle potrzebne, <\/b>\u017ce kiedy Aarona i Chur zorientowali si\u0119, o co chodzi, w\u00f3wczas postanowili <b>r\u0119ce <\/b><b>te<\/b><b> podtrzyma\u0107,<\/b> bo przecie\u017c oczywist\u0105 jest spraw\u0105, \u017ce musia\u0142y one zacz\u0105\u0107 omdlewa\u0107. Zw\u0142aszcza, \u017ce jednak Moj\u017cesz <b>by\u0142 ju\u017c w\u00f3wczas cz\u0142owiekiem starszym,<\/b> a przecie\u017c nawet kto\u015b du\u017co m\u0142odszy, gdyby mia\u0142 tak d\u0142ugo trzyma\u0107 r\u0119ce w g\u00f3rze, musia\u0142by w ko\u0144cu odczu\u0107 zm\u0119czenie. I to <b>nie dopiero po ca\u0142ym dniu, <\/b>ale ju\u017c po kilkudziesi\u0119ciu minutach. <\/span><\/span><\/span><\/p>\n<p align=\"justify\"><span style=\"color: #000000;\"><span style=\"font-family: Book Antiqua, serif;\"><span style=\"font-size: large;\">Dlatego ca\u0142e to wydarzenie musimy odczyta\u0107 nade wszystko <b>w jego g\u0142\u0119bi i symbolice, <\/b>maj\u0105c na uwadze, \u017ce Autorowi biblijnemu nie tyle chodzi\u0142o o wierne zrelacjonowanie opisywanej sytuacji, gdy\u017c <b>niemo\u017cliwym by\u0142o<\/b><b>by<\/b><b> a\u017c takie d\u0142ugie trzymanie r\u0105k w g\u00f3rze,<\/b> nawet przy ich ofiarnym podtrzymywaniu. Nie o to tu zatem chodzi\u0142o, a chodzi\u0142o bardziej o podkre\u015blenie <b>wagi i znaczenia samego tego gestu.<\/b> I to widzianego dos\u0142ownie, jak i w wymiarach duchowych i symbolicznych. <\/span><\/span><\/span><\/p>\n<p align=\"justify\"><span style=\"color: #000000;\"><span style=\"font-family: Book Antiqua, serif;\"><span style=\"font-size: large;\">Oto bowiem r\u0119ce wzniesione ku g\u00f3rze wyra\u017anie<b> wskazuj\u0105 kierunek,<\/b> w kt\u00f3rym maj\u0105 pod\u0105\u017ca\u0107 nasze<b> spojrzenia,<\/b> ale i nasze <b>my\u015bli, <\/b>ale i nasze <b>pragnienia,<\/b> ale i nasze <b>nadzieje i oczekiwania,<\/b> ale te\u017c nasze <b>pro\u015bby i modlitwy:<\/b> <b>ku Niebu!<\/b> Ju\u017c sama g\u00f3ra w Biblii jest symbolem Boga, albo te\u017c miejscem spotkania z Nim. A dzisiaj<b> ten symbol <\/b><b>zosta\u0142<\/b><b> jeszcze bardziej wzmocniony:<\/b> oto bowiem na g\u00f3rze by\u0142 Moj\u017cesz, kt\u00f3ry wznosi\u0142 r\u0119ce jeszcze wy\u017cej \u2013 ku tej g\u00f3rze<b> najwy\u017cszej z najwy\u017cszych, <\/b>czyli w\u0142a\u015bnie ku Niebu. <\/span><\/span><\/span><\/p>\n<p align=\"justify\"><span style=\"color: #000000;\"><span style=\"font-family: Book Antiqua, serif;\"><span style=\"font-size: large;\">I te w\u0142a\u015bnie wzniesione r\u0119ce s\u0105 <b>symbolem bardzo gor\u0105cej modlitwy,<\/b> do Boga kierowanej, w poczuciu w\u0142asnej ludzkiej s\u0142abo\u015bci i bezradno\u015bci. B\u00f3g przyj\u0105\u0142 t\u0119 modlitw\u0119, <b>zobaczy\u0142 te wzniesione r\u0119ce<\/b> i okaza\u0142 swoj\u0105 pomoc. Jednak kiedy r\u0119ce te zacz\u0119\u0142y opada\u0107, wr\u00f3g zacz\u0105\u0142 zwyci\u0119\u017ca\u0107. Czy\u017cby zatem Bo\u017ca pomoc mia\u0142a by\u0107 uzale\u017cniona <b>od <\/b><b>dyspozycji cz\u0142owieka?<\/b> Czy\u017cby to cz\u0142owiek \u2013 swoj\u0105 r\u0119k\u0105 \u2013 mia\u0142 kierowa\u0107 poczynaniami r\u0119ki Bo\u017cej? <b>Dlaczego Bogu tak na tym zale\u017ca\u0142o,<\/b> aby a\u017c tak spektakularnie uzale\u017cni\u0107 swoje dzia\u0142anie od cz\u0142owieka? I to<b> tego, konkretnego cz\u0142owieka? <\/b><\/span><\/span><\/span><\/p>\n<p align=\"justify\"><span style=\"color: #000000;\"><span style=\"font-family: Book Antiqua, serif;\"><span style=\"font-size: large;\">Bo \u2013 zauwa\u017cmy \u2013 nie by\u0142o tak, \u017ce kiedy r\u0119ce Moj\u017cesza zacz\u0119\u0142y s\u0142abn\u0105\u0107, <b>to <\/b><b>poszed\u0142 on <\/b><b>sobie<\/b><b> odpocz\u0105\u0107,<\/b> a \u201edy\u017cur\u201d za niego podj\u0105\u0142 Aaron, kt\u00f3ry przez jaki\u015b czas potrzyma\u0142 w g\u00f3rze swoje r\u0119ce, a potem Chur, a potem mo\u017ce jeszcze kto\u015b by si\u0119 zjawi\u0142 \u2013 tak,<b> \u017ceby czyje\u015b r\u0119ce zawsze by\u0142y wzniesione\u2026<\/b> Tak nie by\u0142o! Bo to<b> mia\u0142y by\u0107 r\u0119ce Moj\u017cesza \u2013 i tylko jego!<\/b> B\u00f3g tak chcia\u0142, tak postanowi\u0142. Dlatego dwaj towarzysze mogli jedynie podtrzyma\u0107 jego r\u0119ce, <b>a nie wznosi\u0107 w\u0142asne. <\/b><\/span><\/span><\/span><\/p>\n<p align=\"justify\"><span style=\"color: #000000;\"><span style=\"font-family: Book Antiqua, serif;\"><span style=\"font-size: large;\">Tu by\u0142y <b>potrzebne r\u0119ce Moj\u017cesza.<\/b> Akurat w tej sprawie. To on mia\u0142 modli\u0107 si\u0119 za Jozuego, swojego nast\u0119pc\u0119 \u2013 i za jego dzia\u0142ania dla dobra narodu. W tym akurat nikt go \u2013 czyli Moj\u017cesza \u2013<b> nie mia\u0142 zast\u0105pi\u0107. <\/b><\/span><\/span><\/span><\/p>\n<p align=\"justify\"><span style=\"color: #000000;\"><span style=\"font-family: Book Antiqua, serif;\"><span style=\"font-size: large;\">To wszystko, Drodzy moi, pokazuje,<b> jak bardzo B\u00f3g liczy si\u0119 z cz\u0142owiekiem.<\/b> Jak bardzo ka\u017cdy z nas jest w oczach Bo\u017cych wa\u017cny! I jak bardzo dok\u0142adnie i precyzyjnie ka\u017cdy z nas <b>ma wyznaczone przez Boga<\/b> zadania do wype\u0142nienia i rol\u0119 do odegrania. Jak bardzo osobi\u015bcie i indywidualnie B\u00f3g patrzy na ka\u017cdego cz\u0142owieka i ka\u017cdego powa\u017ca! Z ka\u017cdym si\u0119 liczy! I \u2013 powiedzmy to bardzo wyra\u017anie \u2013 <b>ka\u017cdego potrzebuje!<\/b> Nie ma w jego oczach kogo\u015b, kto by\u0142by mniej wa\u017cny, albo na mniejsz\u0105 zas\u0142uguj\u0105cy uwag\u0119.<\/span><\/span><\/span><\/p>\n<p align=\"justify\"><span style=\"color: #000000;\"><span style=\"font-family: Book Antiqua, serif;\"><span style=\"font-size: large;\">W narodzie wybranym, za czas\u00f3w Jezusa, tak\u0105<b> <\/b><b>osob\u0105 mniej wa\u017cn\u0105 <\/b>i na mniejsz\u0105, a wr\u0119cz na \u017cadn\u0105 uwag\u0119 nie zas\u0142uguj\u0105c\u0105, by\u0142a wdowa. Taka kobieta, pozbawiona opieki swego m\u0119\u017ca, a wychowuj\u0105ca dzieci, skazana by\u0142a cz\u0119sto na <b>przynajmniej niepewny, a najcz\u0119\u015bciej \u2013 <\/b><b>marny los,<\/b> gdy idzie o kwestie materialne. Ale i o szeroko rozumian\u0105 pozycj\u0119 spo\u0142eczn\u0105. I to w\u0142a\u015bnie taka kobieta \u2013 jak s\u0142yszymy w Ewangelii \u2013 <b>zwraca si\u0119 do s\u0119dziego,<\/b> aby obroni\u0142 j\u0105 przed przeciwnikiem. <\/span><\/span><\/span><\/p>\n<p align=\"justify\"><span style=\"color: #000000;\"><span style=\"font-family: Book Antiqua, serif;\"><span style=\"font-size: large;\">Dla podkre\u015blenia dramatyzmu ca\u0142ej sytuacji, Jezus m\u00f3wi, \u017ce s\u0119dzia \u00f3w <b>by\u0142 niesprawiedliwy,<\/b> co objawia\u0142o si\u0119 w tym, \u017ce <i><b>Boga si\u0119 nie ba\u0142 i nie liczy\u0142 si\u0119 z lud\u017ami.<\/b><\/i><b> <\/b>Bardzo ciekawa figura retoryczna. Zasadniczo, to powinni\u015bmy uwa\u017ca\u0107 <b>za tak zwany oksymoron,<\/b> czyli za sprzeczne wewn\u0119trznie, wyra\u017cenie: <b>\u201eniesprawiedliwy s\u0119dzia\u201d. <\/b>Przecie\u017c poj\u0119cie: \u201es\u0119dzia\u201d ma wr\u0119cz <b>w swej istocie i w swej naturze sprawiedliwo\u015b\u0107!<\/b> W ko\u0144cu, <b>to on<\/b><b> stoi na jej stra\u017cy, on j\u0105 wymierza, <\/b>on j\u0105 kszta\u0142tuje w spo\u0142ecze\u0144stwie, jak\u017ce wi\u0119c on sam mo\u017ce by\u0107 niesprawiedliwy? <\/span><\/span><\/span><\/p>\n<p align=\"justify\"><span style=\"color: #000000;\"><span style=\"font-family: Book Antiqua, serif;\"><span style=\"font-size: large;\">Jak si\u0119 okazuje, za czas\u00f3w Jezusa, w Izraelu, <b>mog\u0142o tak si\u0119 zdarzy\u0107\u2026<\/b> I jak si\u0119 okazuje, w Polsce, za naszych czas\u00f3w, <b>ca\u0142kiem cz\u0119sto si\u0119 to zdarza\u2026<\/b> Obecnie, mamy to na porz\u0105dku dziennym \u2013 niestety\u2026 Ale jednak musimy uczciwie powiedzie\u0107, \u017ce <b>tak nie powinno by\u0107.<\/b> S\u0119dzia \u2013 ka\u017cdy jeden \u2013 <b>powinien by\u0107 sprawiedliwy!<\/b> Ten jednak nie by\u0142. <\/span><\/span><\/span><\/p>\n<p align=\"justify\"><span style=\"color: #000000;\"><span style=\"font-family: Book Antiqua, serif;\"><span style=\"font-size: large;\">Ale \u2013 pomimo tego \u2013 <b>to w\u0142a\u015bnie do niego<\/b> ta uboga kobieta, wdowa, przychodzi ze zdecydowan\u0105 pro\u015bb\u0105 o interwencj\u0119. Naprawd\u0119, je\u015bli si\u0119 tak wmy\u015ble\u0107 nieco w t\u0119 sytuacj\u0119, to <b>wydaje si\u0119 ona nieprawdopodobna,<\/b> bo oto kobieta, kt\u00f3ra w spo\u0142ecze\u0144stwie tak ma\u0142o znaczy, albo wr\u0119cz nic nie znaczy, <b>zwraca si\u0119 do takiego potentata spo\u0142ecznego,<\/b> do takiego wielmo\u017cy, do przedstawiciela tej\u017ce kasty, czyli do s\u0119dziego \u2013 z bezceremonialnym oczekiwaniem, a mo\u017ce wr\u0119cz <b>\u017c\u0105daniem pomocy!<\/b> <\/span><\/span><\/span><\/p>\n<p align=\"justify\"><span style=\"color: #000000;\"><span style=\"font-family: Book Antiqua, serif;\"><span style=\"font-size: large;\">I okazuje si\u0119, \u017ce chocia\u017c pocz\u0105tkowo w og\u00f3le si\u0119 on nie przej\u0105\u0142 tymi \u017c\u0105daniami, to jednak w ko\u0144cu stwierdzi\u0142: <i><b>Chocia\u017c<\/b><\/i><b> <\/b><i><b>Boga si\u0119 nie boj\u0119 ani z lud\u017ami si\u0119 nie licz\u0119, to jednak, poniewa\u017c naprzykrza mi si\u0119 ta wdowa, wezm\u0119 j\u0105 w obron\u0119, \u017ceby nie przychodzi\u0142a bez ko\u0144ca i nie zadr\u0119cza\u0142a mnie.<\/b><\/i><b> <\/b>W innym t\u0142umaczeniu s\u0142owa te brzmi\u0105: <i><b>Chocia\u017c B<\/b><\/i><i><b>oga si\u0119 nie boj\u0119, ani nie szanuj\u0119 ludzi, to uczyni\u0119 zado\u015b\u0107 sprawiedliwo\u015bci, poniewa\u017c naprzykrza mi si\u0119 ta wdowa. Niech w ko\u0144cu przestanie przychodzi\u0107 i mnie zadr\u0119cza\u0107.<\/b><\/i> <\/span><\/span><\/span><\/p>\n<p align=\"justify\"><span style=\"color: #000000;\"><span style=\"font-family: Book Antiqua, serif;\"><span style=\"font-size: large;\">No, c\u00f3\u017c\u2026 To z pewno\u015bci\u0105 nie by\u0142a \u2013 przyznajmy \u2013 <b>zbyt wznios\u0142a motywacja<\/b> do okazania pomocy. Ale wdow\u0119 to zapewne nie za bardzo obchodzi\u0142o, skoro otrzyma\u0142a pomoc, o kt\u00f3r\u0105 si\u0119 dobija\u0142a. <b>Jej naprzykrzanie si\u0119 przynios\u0142o skutek. <\/b>Jej wyci\u0105gni\u0119te ku owemu niesprawiedliwemu s\u0119dziemu r\u0119ce \u2013 tak obrazowo m\u00f3wi\u0105c \u2013 <b>zosta\u0142y zauwa\u017cone.<\/b> Podobnie, jak i r\u0119ce Moj\u017cesza, wzniesione ku Niebu. <\/span><\/span><\/span><\/p>\n<p align=\"justify\"><span style=\"color: #000000;\"><span style=\"font-family: Book Antiqua, serif;\"><span style=\"font-size: large;\">Komentuj\u0105c t\u0119 sytuacj\u0119, Jezus stwierdza: <i><b>S\u0142uchajcie, co ten niesprawiedliwy s\u0119dzia m\u00f3wi. A B\u00f3g, czy\u017c nie we\u017amie w obron\u0119 swoich wybranych, kt\u00f3rzy dniem i noc\u0105 wo\u0142aj\u0105 do Niego, i czy b\u0119dzie zwleka\u0142 w ich sprawie? <\/b><\/i>I sam sobie odpowiada: <i><b>Powiadam wam, \u017ce pr\u0119dko we\u017amie ich w obron\u0119.<\/b><\/i><b> <\/b>Tylko \u2013 w\u0142a\u015bnie \u2013 bardzo wa\u017cne dopowiedzenie, bardzo wa\u017cna kwestia: <i><b>Czy jednak Syn Cz\u0142owieczy znajdzie wiar\u0119 na ziemi, gdy przyjdzie?<\/b><\/i><b> <\/b><\/span><\/span><\/span><\/p>\n<p align=\"justify\"><span style=\"color: #000000;\"><span style=\"font-family: Book Antiqua, serif;\"><span style=\"font-size: large;\">A to znaczy, \u017ce problem <b>nie jest w tym, czy pro\u015bba zostanie wys\u0142uchana, czy nie. <\/b>Bo \u2013 je\u017celi idzie o Boga \u2013 to mo\u017cemy by\u0107 tego pewni. <b>On zawsze wys\u0142uchuje ka\u017cdej modlitwy. <\/b>To prawda, \u017ce odpowiada na ni\u0105 <b>wed\u0142ug swojej m\u0105dro\u015bci i mi\u0142o\u015bci do nas, <\/b>dlatego czasami <b>trzeba<\/b> <b>d\u0142u\u017cej prosi\u0107, <\/b>d\u0142u\u017cej modli\u0107 si\u0119 \u2013 tak\u017ce i przede wszystkim po to, <b>aby wzmocni\u0107 swoje zaufanie do Boga, <\/b>ukszta\u0142towa\u0107 w sobie to zaufanie. <\/span><\/span><\/span><\/p>\n<p align=\"justify\"><span style=\"color: #000000;\"><span style=\"font-family: Book Antiqua, serif;\"><span style=\"font-size: large;\">Owo d\u0142ugie trzymanie r\u0105k przez Moj\u017cesza i d\u0142ugie naprzykrzanie si\u0119 wdowy ma nam u\u015bwiadomi\u0107, \u017ce i my <b>nieraz d\u0142ugo musimy o co\u015b si\u0119 modli\u0107.<\/b> Ale \u2013 w\u0142a\u015bnie \u2013 nie wolno nam tych r\u0105k opu\u015bci\u0107, a wi\u0119c: <b>nie wolno nam<\/b><b> straci\u0107 wiary<\/b> i tego przekonania, <b>\u017ce B\u00f3g zareaguje!<\/b> W spos\u00f3b i w czasie, jaki sam uzna za stosowny, <b>ale na pewno! <\/b>Bo On chce naszego dobra i On jest sprawiedliwy.<\/span><\/span><\/span><\/p>\n<p align=\"justify\"><span style=\"color: #000000;\"><span style=\"font-family: Book Antiqua, serif;\"><span style=\"font-size: large;\">Skoro zatem dzisiaj s\u0142yszymy, \u017ce nawet niesprawiedliwy s\u0119dzia w ko\u0144cu uleg\u0142 pro\u015bbom, to Bogu przyjdzie to o wiele \u0142atwiej. Tylko problem jest inny: <b>C<\/b><b>zy ludzie w og\u00f3le b\u0119d\u0105 o t\u0119 pomoc prosi\u0107?<\/b> Czy im wystarczy wiary? Czy ju\u017c na samym starcie nie zrezygnuj\u0105? Albo uwierz\u0105 w to, \u017ce sami sobie ze wszystkim poradz\u0105, bez pomocy Boga? Czy im si\u0119 ta wiara nie znudzi?\u2026<\/span><\/span><\/span><\/p>\n<p align=\"justify\"><span style=\"color: #000000;\"><span style=\"font-family: Book Antiqua, serif;\"><span style=\"font-size: large;\">Bardzo mocno brzmi to pytanie Jezusa: <i><b>Czy jednak Syn Cz\u0142owieczy znajdzie wiar\u0119 na ziemi, gdy przyjdzie?<\/b><\/i><b> <\/b>Czy kto\u015b w og\u00f3le b\u0119dzie wznosi\u0142 swoje r\u0119ce do Nieba? Je\u017celi patrze\u0107 na to, co obecnie dzieje si\u0119 w \u015bwiecie, to mo\u017cna niestety mie\u0107 obawy\u2026<\/span><\/span><\/span><\/p>\n<p align=\"justify\"><span style=\"color: #000000;\"><span style=\"font-family: Book Antiqua, serif;\"><span style=\"font-size: large;\">W tym kontek\u015bcie, mocno i jednoznacznie brzmi\u0105 s\u0142owa Aposto\u0142a Paw\u0142a, skierowane do m\u0142odego Biskupa Tymoteusza: <i><b>Trwaj w tym, czego si\u0119 nauczy\u0142e\u015b i co ci zawierzono, bo wiesz, od kogo si\u0119 nauczy\u0142e\u015b. Od lat bowiem niemowl\u0119cych znasz Pisma \u015bwi\u0119te, kt\u00f3re mog\u0105 ci\u0119 nauczy\u0107 m\u0105dro\u015bci wiod\u0105cej ku zbawieniu przez wiar\u0119 w Chrystusie Jezusie. <\/b><\/i>Po czym, kieruje do niego takie polecenie: <i><b>Zaklinam ci\u0119 wobec Boga i Chrystusa Jezusa, kt\u00f3ry b\u0119dzie s\u0105dzi\u0142 \u017cywych i umar\u0142ych, i na Jego pojawienie si\u0119, i na Jego kr\u00f3lestwo: g\u0142o\u015b nauk\u0119, nastawaj w por\u0119, nie w por\u0119, w razie potrzeby wyka\u017c b\u0142\u0105d, poucz, podnie\u015b na duchu z ca\u0142\u0105 cierpliwo\u015bci\u0105, ilekro\u0107 nauczasz. <\/b><\/i><\/span><\/span><\/span><\/p>\n<p align=\"justify\"><span style=\"color: #000000;\"><span style=\"font-family: Book Antiqua, serif;\"><span style=\"font-size: large;\">Zatem, Tymoteusz <b>ma sam wytrwa\u0107 w wierze<\/b> i \u2013 jako pasterz wsp\u00f3lnoty chrze\u015bcijan \u2013 ma <b>pom\u00f3c w tym swoim wiernym.<\/b> Ma g\u0142osi\u0107 s\u0142owo Bo\u017ce \u2013 zawsze i bez wzgl\u0119du na okoliczno\u015bci! Ma <b>korygowa\u0107 b\u0142\u0119dne postawy i podnosi\u0107 na duchu, <\/b>zach\u0119caj\u0105c do dobra. I do wytrwania w wierze, w kt\u00f3rej by\u0142 wychowany od dziecka, znaj\u0105c \u2013 jak pisze Pawe\u0142 \u2013 Pismo \u015awi\u0119te wr\u0119cz <i><b>od lat niemowl\u0119cych.<\/b><\/i><\/span><\/span><\/span><\/p>\n<p align=\"justify\"><span style=\"color: #000000;\"><span style=\"font-family: Book Antiqua, serif;\"><span style=\"font-size: large;\">My te\u017c znamy tre\u015b\u0107 naszej wiary od dziecka, bo od dziecka jeste\u015bmy w niej wychowani. I warto dzisiaj pomy\u015ble\u0107 \u2013 zapyta\u0107 o to \u2013<b> czy ta nasza wiara nie ga\u015bnie?<\/b> Czy naprawd\u0119 <b>coraz bardziej znamy Pismo \u015awi\u0119te<\/b> \u2013 czy mo\u017ce tylko na tym poziomie, <b>na jakim znali\u015bmy je na katechezie,<\/b> w szkole, kiedy przygotowywali\u015bmy si\u0119 do Pierwszej Komunii \u015awi\u0119tej, albo do Bierzmowania? <\/span><\/span><\/span><\/p>\n<p align=\"justify\"><span style=\"color: #000000;\"><span style=\"font-family: Book Antiqua, serif;\"><span style=\"font-size: large;\">Je\u017celi je znamy, to wiemy \u2013 bo tego nas ono uczy i tego uczy nas nasza wiara, i to <i><b>od lat niemowl\u0119cych<\/b><\/i> \u2013 \u017ce <b>Pan oczekuje od nas wzniesionych r\u0105k!<\/b> Tak, wzniesionych r\u0105k do Nieba! I to naszych r\u0105k \u2013 ka\u017cdej i ka\u017cdego z nas! R\u0119ce ka\u017cdej i ka\u017cdego z nas s\u0105 Bogu potrzebne. Potrzebne jest <b>wzniesione do Nieba ka\u017cde serce!<\/b><\/span><\/span><\/span><\/p>\n<p align=\"justify\"><span style=\"color: #000000;\"><span style=\"font-family: Book Antiqua, serif;\"><span style=\"font-size: large;\">Aby\u015bmy tak, jak uboga wdowa dobijali si\u0119 do bram Nieba <b>we wszystkich naszych, osobistych potrzebach. <\/b>Ale tak\u017ce: aby\u015bmy tak, jak Moj\u017cesz, wznosi\u0142 r\u0119ce, b\u0142agaj\u0105c o zwyci\u0119stwo Jozuego i ratunek dla swego ludu \u2013 tak i my wznosili r\u0119ce do Nieba,<b> by modli\u0107 si\u0119 za innych, w tak zwanej modlitwie wstawienniczej.<\/b> Aby\u015bmy \u2013 rozpoczynaj\u0105c modlitw\u0119 \u2013 pami\u0119tali <b>nie tylko o sobie, ale i o innych.<\/b> By\u015bmy si\u0119 modlili <b>za siebie nawzajem. <\/b><\/span><\/span><\/span><\/p>\n<p align=\"justify\"><span style=\"color: #000000;\"><span style=\"font-family: Book Antiqua, serif;\"><span style=\"font-size: large;\">Nasz Pan oczekuje naszych wzniesionych do Nieba r\u0105k \u2013 wzniesionych do Nieba serc! <strong>Niech wi\u0119c wznosz\u0105 si\u0119 nasze modlitwy \u2013 i nigdy nie ustaj\u0105!<\/strong><\/span><\/span><\/span><\/p>\n","protected":false},"excerpt":{"rendered":"<p>Niech b\u0119dzie pochwalony Jezus Chrystus! Drodzy moi, w dniu dzisiejszym imieniny prze\u017cywa Piotr Antosiewicz \u2013 za moich czas\u00f3w: Prezes S\u0142u\u017cby liturgicznej w Celestynowie. Niech Pan Mu we wszystkim b\u0142ogos\u0142awi, o co te\u017c b\u0119d\u0119 si\u0119 dla Niego modli\u0142. A ja dzisiaj do po\u0142udnia pomagam duszpastersko w Parafii D\u0105bie, po czym szybko wracam do Siedlec, gdy\u017c tutaj, [&hellip;]<\/p>\n","protected":false},"author":1,"featured_media":0,"comment_status":"open","ping_status":"open","sticky":false,"template":"","format":"standard","meta":{"jetpack_post_was_ever_published":false,"_jetpack_newsletter_access":"","_jetpack_dont_email_post_to_subs":false,"_jetpack_newsletter_tier_id":0,"_jetpack_memberships_contains_paywalled_content":false,"_jetpack_memberships_contains_paid_content":false,"footnotes":""},"categories":[1],"tags":[],"class_list":["post-24354","post","type-post","status-publish","format-standard","hentry","category-bez-kategorii"],"yoast_head":"<!-- This site is optimized with the Yoast SEO plugin v25.1 - https:\/\/yoast.com\/wordpress\/plugins\/seo\/ -->\n<title>R\u0119ce wzniesione do Nieba - Gaudium Et Spes<\/title>\n<meta name=\"robots\" content=\"index, follow, max-snippet:-1, max-image-preview:large, max-video-preview:-1\" \/>\n<link rel=\"canonical\" href=\"https:\/\/gaudiumetspes-blog.pl\/index.php\/2025\/10\/19\/rece-wzniesione-do-nieba\/\" \/>\n<meta property=\"og:locale\" content=\"pl_PL\" \/>\n<meta property=\"og:type\" content=\"article\" \/>\n<meta property=\"og:title\" content=\"R\u0119ce wzniesione do Nieba - Gaudium Et Spes\" \/>\n<meta property=\"og:description\" content=\"Niech b\u0119dzie pochwalony Jezus Chrystus! Drodzy moi, w dniu dzisiejszym imieniny prze\u017cywa Piotr Antosiewicz \u2013 za moich czas\u00f3w: Prezes S\u0142u\u017cby liturgicznej w Celestynowie. Niech Pan Mu we wszystkim b\u0142ogos\u0142awi, o co te\u017c b\u0119d\u0119 si\u0119 dla Niego modli\u0142. A ja dzisiaj do po\u0142udnia pomagam duszpastersko w Parafii D\u0105bie, po czym szybko wracam do Siedlec, gdy\u017c tutaj, [&hellip;]\" \/>\n<meta property=\"og:url\" content=\"https:\/\/gaudiumetspes-blog.pl\/index.php\/2025\/10\/19\/rece-wzniesione-do-nieba\/\" \/>\n<meta property=\"og:site_name\" content=\"Gaudium Et Spes\" \/>\n<meta property=\"article:published_time\" content=\"2025-10-18T22:22:57+00:00\" \/>\n<meta property=\"article:modified_time\" content=\"2025-10-20T16:21:59+00:00\" \/>\n<meta name=\"author\" content=\"Ks. Jacek\" \/>\n<meta name=\"twitter:card\" content=\"summary_large_image\" \/>\n<meta name=\"twitter:label1\" content=\"Napisane przez\" \/>\n\t<meta name=\"twitter:data1\" content=\"Ks. Jacek\" \/>\n\t<meta name=\"twitter:label2\" content=\"Szacowany czas czytania\" \/>\n\t<meta name=\"twitter:data2\" content=\"15 minut\" \/>\n<script type=\"application\/ld+json\" class=\"yoast-schema-graph\">{\"@context\":\"https:\/\/schema.org\",\"@graph\":[{\"@type\":\"WebPage\",\"@id\":\"https:\/\/gaudiumetspes-blog.pl\/index.php\/2025\/10\/19\/rece-wzniesione-do-nieba\/\",\"url\":\"https:\/\/gaudiumetspes-blog.pl\/index.php\/2025\/10\/19\/rece-wzniesione-do-nieba\/\",\"name\":\"R\u0119ce wzniesione do Nieba - Gaudium Et Spes\",\"isPartOf\":{\"@id\":\"https:\/\/gaudiumetspes-blog.pl\/#website\"},\"datePublished\":\"2025-10-18T22:22:57+00:00\",\"dateModified\":\"2025-10-20T16:21:59+00:00\",\"author\":{\"@id\":\"https:\/\/gaudiumetspes-blog.pl\/#\/schema\/person\/1661982992b752dea8dff0d4ed845a65\"},\"breadcrumb\":{\"@id\":\"https:\/\/gaudiumetspes-blog.pl\/index.php\/2025\/10\/19\/rece-wzniesione-do-nieba\/#breadcrumb\"},\"inLanguage\":\"pl-PL\",\"potentialAction\":[{\"@type\":\"ReadAction\",\"target\":[\"https:\/\/gaudiumetspes-blog.pl\/index.php\/2025\/10\/19\/rece-wzniesione-do-nieba\/\"]}]},{\"@type\":\"BreadcrumbList\",\"@id\":\"https:\/\/gaudiumetspes-blog.pl\/index.php\/2025\/10\/19\/rece-wzniesione-do-nieba\/#breadcrumb\",\"itemListElement\":[{\"@type\":\"ListItem\",\"position\":1,\"name\":\"Strona g\u0142\u00f3wna\",\"item\":\"https:\/\/gaudiumetspes-blog.pl\/\"},{\"@type\":\"ListItem\",\"position\":2,\"name\":\"R\u0119ce wzniesione do Nieba\"}]},{\"@type\":\"WebSite\",\"@id\":\"https:\/\/gaudiumetspes-blog.pl\/#website\",\"url\":\"https:\/\/gaudiumetspes-blog.pl\/\",\"name\":\"Gaudium Et Spes\",\"description\":\"Blog Ks. Jacka Ja\u015bkowskiego\",\"potentialAction\":[{\"@type\":\"SearchAction\",\"target\":{\"@type\":\"EntryPoint\",\"urlTemplate\":\"https:\/\/gaudiumetspes-blog.pl\/?s={search_term_string}\"},\"query-input\":{\"@type\":\"PropertyValueSpecification\",\"valueRequired\":true,\"valueName\":\"search_term_string\"}}],\"inLanguage\":\"pl-PL\"},{\"@type\":\"Person\",\"@id\":\"https:\/\/gaudiumetspes-blog.pl\/#\/schema\/person\/1661982992b752dea8dff0d4ed845a65\",\"name\":\"Ks. Jacek\",\"image\":{\"@type\":\"ImageObject\",\"inLanguage\":\"pl-PL\",\"@id\":\"https:\/\/gaudiumetspes-blog.pl\/#\/schema\/person\/image\/\",\"url\":\"https:\/\/gaudiumetspes-blog.pl\/wp-content\/uploads\/2019\/07\/avatar-JJ-150x150.jpg\",\"contentUrl\":\"https:\/\/gaudiumetspes-blog.pl\/wp-content\/uploads\/2019\/07\/avatar-JJ-150x150.jpg\",\"caption\":\"Ks. Jacek\"},\"description\":\"Witam serdecznie! K\u0142ania si\u0119 Ks. Jacek Ja\u015bkowski. Nie jestem ani kim\u015b wa\u017cnym, ani kim\u015b znanym. Jestem ksi\u0119dzem, kt\u00f3ry po prostu chce rozmawia\u0107. Codzienna kap\u0142a\u0144ska pos\u0142uga pokazuje mi, \u017ce temat\u00f3w do rozm\u00f3w z ksi\u0119dzem jest coraz wi\u0119cej i dzisiaj \u017caden ksi\u0105dz nie mo\u017ce od nich ucieka\u0107, ale - wprost przeciwnie - podejmowa\u0107 nowe wyzwania. To przekonanie sk\u0142oni\u0142o mnie do pr\u00f3by otwarcia tego\u017c bloga, chocia\u017c okazji do rozm\u00f3w na co dzie\u0144 - w konfesjonale i poza nim - na szcz\u0119\u015bcie nie brakuje. My\u015bl\u0119 jednak, \u017ce ten blog b\u0119dzie jeszcze jednym sposobem i przestrzeni\u0105 nawi\u0105zania kontaktu z lud\u017ami dobrej woli, otwartymi na dialog.\",\"url\":\"https:\/\/gaudiumetspes-blog.pl\/index.php\/author\/ks-jacek\/\"}]}<\/script>\n<!-- \/ Yoast SEO plugin. -->","yoast_head_json":{"title":"R\u0119ce wzniesione do Nieba - Gaudium Et Spes","robots":{"index":"index","follow":"follow","max-snippet":"max-snippet:-1","max-image-preview":"max-image-preview:large","max-video-preview":"max-video-preview:-1"},"canonical":"https:\/\/gaudiumetspes-blog.pl\/index.php\/2025\/10\/19\/rece-wzniesione-do-nieba\/","og_locale":"pl_PL","og_type":"article","og_title":"R\u0119ce wzniesione do Nieba - Gaudium Et Spes","og_description":"Niech b\u0119dzie pochwalony Jezus Chrystus! Drodzy moi, w dniu dzisiejszym imieniny prze\u017cywa Piotr Antosiewicz \u2013 za moich czas\u00f3w: Prezes S\u0142u\u017cby liturgicznej w Celestynowie. Niech Pan Mu we wszystkim b\u0142ogos\u0142awi, o co te\u017c b\u0119d\u0119 si\u0119 dla Niego modli\u0142. A ja dzisiaj do po\u0142udnia pomagam duszpastersko w Parafii D\u0105bie, po czym szybko wracam do Siedlec, gdy\u017c tutaj, [&hellip;]","og_url":"https:\/\/gaudiumetspes-blog.pl\/index.php\/2025\/10\/19\/rece-wzniesione-do-nieba\/","og_site_name":"Gaudium Et Spes","article_published_time":"2025-10-18T22:22:57+00:00","article_modified_time":"2025-10-20T16:21:59+00:00","author":"Ks. Jacek","twitter_card":"summary_large_image","twitter_misc":{"Napisane przez":"Ks. Jacek","Szacowany czas czytania":"15 minut"},"schema":{"@context":"https:\/\/schema.org","@graph":[{"@type":"WebPage","@id":"https:\/\/gaudiumetspes-blog.pl\/index.php\/2025\/10\/19\/rece-wzniesione-do-nieba\/","url":"https:\/\/gaudiumetspes-blog.pl\/index.php\/2025\/10\/19\/rece-wzniesione-do-nieba\/","name":"R\u0119ce wzniesione do Nieba - Gaudium Et Spes","isPartOf":{"@id":"https:\/\/gaudiumetspes-blog.pl\/#website"},"datePublished":"2025-10-18T22:22:57+00:00","dateModified":"2025-10-20T16:21:59+00:00","author":{"@id":"https:\/\/gaudiumetspes-blog.pl\/#\/schema\/person\/1661982992b752dea8dff0d4ed845a65"},"breadcrumb":{"@id":"https:\/\/gaudiumetspes-blog.pl\/index.php\/2025\/10\/19\/rece-wzniesione-do-nieba\/#breadcrumb"},"inLanguage":"pl-PL","potentialAction":[{"@type":"ReadAction","target":["https:\/\/gaudiumetspes-blog.pl\/index.php\/2025\/10\/19\/rece-wzniesione-do-nieba\/"]}]},{"@type":"BreadcrumbList","@id":"https:\/\/gaudiumetspes-blog.pl\/index.php\/2025\/10\/19\/rece-wzniesione-do-nieba\/#breadcrumb","itemListElement":[{"@type":"ListItem","position":1,"name":"Strona g\u0142\u00f3wna","item":"https:\/\/gaudiumetspes-blog.pl\/"},{"@type":"ListItem","position":2,"name":"R\u0119ce wzniesione do Nieba"}]},{"@type":"WebSite","@id":"https:\/\/gaudiumetspes-blog.pl\/#website","url":"https:\/\/gaudiumetspes-blog.pl\/","name":"Gaudium Et Spes","description":"Blog Ks. Jacka Ja\u015bkowskiego","potentialAction":[{"@type":"SearchAction","target":{"@type":"EntryPoint","urlTemplate":"https:\/\/gaudiumetspes-blog.pl\/?s={search_term_string}"},"query-input":{"@type":"PropertyValueSpecification","valueRequired":true,"valueName":"search_term_string"}}],"inLanguage":"pl-PL"},{"@type":"Person","@id":"https:\/\/gaudiumetspes-blog.pl\/#\/schema\/person\/1661982992b752dea8dff0d4ed845a65","name":"Ks. Jacek","image":{"@type":"ImageObject","inLanguage":"pl-PL","@id":"https:\/\/gaudiumetspes-blog.pl\/#\/schema\/person\/image\/","url":"https:\/\/gaudiumetspes-blog.pl\/wp-content\/uploads\/2019\/07\/avatar-JJ-150x150.jpg","contentUrl":"https:\/\/gaudiumetspes-blog.pl\/wp-content\/uploads\/2019\/07\/avatar-JJ-150x150.jpg","caption":"Ks. Jacek"},"description":"Witam serdecznie! K\u0142ania si\u0119 Ks. Jacek Ja\u015bkowski. Nie jestem ani kim\u015b wa\u017cnym, ani kim\u015b znanym. Jestem ksi\u0119dzem, kt\u00f3ry po prostu chce rozmawia\u0107. Codzienna kap\u0142a\u0144ska pos\u0142uga pokazuje mi, \u017ce temat\u00f3w do rozm\u00f3w z ksi\u0119dzem jest coraz wi\u0119cej i dzisiaj \u017caden ksi\u0105dz nie mo\u017ce od nich ucieka\u0107, ale - wprost przeciwnie - podejmowa\u0107 nowe wyzwania. To przekonanie sk\u0142oni\u0142o mnie do pr\u00f3by otwarcia tego\u017c bloga, chocia\u017c okazji do rozm\u00f3w na co dzie\u0144 - w konfesjonale i poza nim - na szcz\u0119\u015bcie nie brakuje. My\u015bl\u0119 jednak, \u017ce ten blog b\u0119dzie jeszcze jednym sposobem i przestrzeni\u0105 nawi\u0105zania kontaktu z lud\u017ami dobrej woli, otwartymi na dialog.","url":"https:\/\/gaudiumetspes-blog.pl\/index.php\/author\/ks-jacek\/"}]}},"jetpack_featured_media_url":"","jetpack_sharing_enabled":true,"_links":{"self":[{"href":"https:\/\/gaudiumetspes-blog.pl\/index.php\/wp-json\/wp\/v2\/posts\/24354","targetHints":{"allow":["GET"]}}],"collection":[{"href":"https:\/\/gaudiumetspes-blog.pl\/index.php\/wp-json\/wp\/v2\/posts"}],"about":[{"href":"https:\/\/gaudiumetspes-blog.pl\/index.php\/wp-json\/wp\/v2\/types\/post"}],"author":[{"embeddable":true,"href":"https:\/\/gaudiumetspes-blog.pl\/index.php\/wp-json\/wp\/v2\/users\/1"}],"replies":[{"embeddable":true,"href":"https:\/\/gaudiumetspes-blog.pl\/index.php\/wp-json\/wp\/v2\/comments?post=24354"}],"version-history":[{"count":3,"href":"https:\/\/gaudiumetspes-blog.pl\/index.php\/wp-json\/wp\/v2\/posts\/24354\/revisions"}],"predecessor-version":[{"id":24359,"href":"https:\/\/gaudiumetspes-blog.pl\/index.php\/wp-json\/wp\/v2\/posts\/24354\/revisions\/24359"}],"wp:attachment":[{"href":"https:\/\/gaudiumetspes-blog.pl\/index.php\/wp-json\/wp\/v2\/media?parent=24354"}],"wp:term":[{"taxonomy":"category","embeddable":true,"href":"https:\/\/gaudiumetspes-blog.pl\/index.php\/wp-json\/wp\/v2\/categories?post=24354"},{"taxonomy":"post_tag","embeddable":true,"href":"https:\/\/gaudiumetspes-blog.pl\/index.php\/wp-json\/wp\/v2\/tags?post=24354"}],"curies":[{"name":"wp","href":"https:\/\/api.w.org\/{rel}","templated":true}]}}