{"id":24362,"date":"2025-10-21T08:34:45","date_gmt":"2025-10-21T06:34:45","guid":{"rendered":"https:\/\/gaudiumetspes-blog.pl\/?p=24362"},"modified":"2025-10-21T08:36:45","modified_gmt":"2025-10-21T06:36:45","slug":"gotowi-na-przyjecie-laski","status":"publish","type":"post","link":"https:\/\/gaudiumetspes-blog.pl\/index.php\/2025\/10\/21\/gotowi-na-przyjecie-laski\/","title":{"rendered":"Gotowi &#8211; na przyj\u0119cie \u0142aski!"},"content":{"rendered":"<p align=\"justify\"><span style=\"color: #000000;\"><span style=\"font-family: Book Antiqua, serif;\"><span style=\"font-size: large;\">Szcz\u0119\u015b\u0107 Bo\u017ce! Moi Drodzy, w dniu dzisiejszym <b>imieniny prze\u017cywaj\u0105:<\/b><\/span><\/span><\/span><\/p>\n<p align=\"justify\"><span style=\"color: #000000;\">\u25ba<span style=\"font-family: Book Antiqua, serif;\"><span style=\"font-size: large;\"><b>Urszula Wasilewska \u2013 z kt\u00f3r\u0105 znamy si\u0119 od zawsze, jeszcze z rodzinnej Parafii;<\/b><\/span><\/span><\/span><\/p>\n<p align=\"justify\"><span style=\"color: #000000;\">\u25ba<span style=\"font-family: Book Antiqua, serif;\"><span style=\"font-size: large;\"><b>Urszula Adamiak \u2013 Prezes firmy \u201eKomunalnik\u201d w Bia\u0142ej Podlaskiej;<\/b><\/span><\/span><\/span><\/p>\n<p align=\"justify\"><span style=\"color: #000000;\">\u25ba<span style=\"font-family: Book Antiqua, serif;\"><span style=\"font-size: large;\"><b>Urszula Kobielus \u2013 Nauczyciel historii w Liceum im. Lelewela w \u017belechowie;<\/b><\/span><\/span><\/span><\/p>\n<p align=\"justify\"><span style=\"color: #000000;\">\u25ba<span style=\"font-family: Book Antiqua, serif;\"><span style=\"font-size: large;\"><b>Urszula Bielecka \u2013 <\/b><b>za moich czas\u00f3w: <\/b><b>Katechet<\/b><b>k<\/b><b>a w Parafii Radory\u017c Ko\u015bcielny;<\/b><\/span><\/span><\/span><\/p>\n<p align=\"justify\"><span style=\"color: #000000;\">\u25ba<span style=\"font-family: Book Antiqua, serif;\"><span style=\"font-size: large;\"><b>Urszula Polak \u2013 Osoba pomagaj\u0105ca <\/b><b>przez lata<\/b><b> utrzyma\u0107 w czysto\u015bci i w miar\u0119 sprawnym funkcjonowaniu nasz<\/b><b> <\/b><b>O\u015brodek Duszpasterstwa Akademickiego, <\/b><b>przy ulicy Brzeskiej 37;<\/b><b> <\/b><\/span><\/span><\/span><\/p>\n<p align=\"justify\"><span style=\"color: #000000;\">\u25ba<span style=\"font-family: Book Antiqua, serif;\"><span style=\"font-size: large;\"><b>Urszula Paczuska, <\/b><b>Znajoma<\/b><b> z Siedlec, uczestnicz\u0105ca <\/b><b>w swoim czasie<\/b><b> <\/b><b>we Mszach \u015awi\u0119tych w naszym O\u015brodku Duszpasterstwa Akademickiego.<\/b><\/span><\/span><\/span><\/p>\n<p align=\"justify\"><span style=\"color: #000000;\"><span style=\"font-family: Book Antiqua, serif;\"><span style=\"font-size: large;\"><b>Urodziny natomiast prze\u017cywa Jonasz Kargulewicz \u2013 Lektor z mojej rodzinnej Parafii, obecnie Student w Krakowie, a wcze\u015bniej tak\u017ce: wsp\u00f3\u0142prowadz\u0105cy \u2013 wraz ze mn\u0105 \u2013 audycje w Katolickim Radiu Podlasie.<\/b><\/span><\/span><\/span><\/p>\n<p align=\"justify\"><span style=\"color: #000000;\"><span style=\"font-family: Book Antiqua, serif;\"><span style=\"font-size: large;\"><b>Wczoraj za\u015b \u2013 o czym nie wspomnia\u0142em z powodu mnogo\u015bci temat\u00f3w i du\u017cego op\u00f3\u017anienia z zamieszczeniem s\u0142\u00f3wka \u2013 urodziny prze\u017cywa\u0142 Filip Dawidek, Lektor z Parafii Leopold\u00f3w, Cz\u0142onek FORMACJI \u00abSPE SALVI\u00bb. <\/b><\/span><\/span><\/span><\/p>\n<p align=\"justify\"><span style=\"color: #000000;\"><span style=\"font-family: Book Antiqua, serif;\"><span style=\"font-size: large;\"><b>Serdecznie \u017cycz\u0119 Czcigodnym Solenizantkom i Jubilatowi, aby zawsze byli bogaci duchem, wiar\u0105, modlitw\u0105 \u2013 po prostu: Bogiem! Zapewniam o modlitwie!<\/b><\/span><\/span><\/span><\/p>\n<p align=\"justify\"><span style=\"color: #000000;\"><span style=\"font-family: Book Antiqua, serif;\"><span style=\"font-size: large;\">Drodzy moi, ja dzisiaj \u2013 o godzinie 10:00 \u2013 b\u0119d\u0119 mia\u0142 przyjemno\u015b\u0107 go\u015bci\u0107 u siebie Szefostwo Rektoratu Uniwersytetu w Siedlcach, kt\u00f3re przyb\u0119dzie w celu om\u00f3wienia (ju\u017c!) uroczysto\u015bci Op\u0142atka Uniwersyteckiego, zaplanowanego na 17 grudnia. Potem przejad\u0119 na Wydzia\u0142y przy ulicy Prusa, na dy\u017cur duszpasterski. Potem przejazd do Lublina.<\/span><\/span><\/span><\/p>\n<p align=\"justify\"><span style=\"color: #000000;\"><span style=\"font-family: Book Antiqua, serif;\"><span style=\"font-size: large;\">Takie plany na dzi\u015b. Oddaj\u0119 je Panu \u2013 do pe\u0142nej dyspozycji.<\/span><\/span><\/span><\/p>\n<p align=\"justify\"><span style=\"color: #000000;\"><span style=\"font-family: Book Antiqua, serif;\"><span style=\"font-size: large;\">Tymczasem, ju\u017c zapraszam do pochylenia si\u0119 nad Bo\u017cym s\u0142owem dzisiejszej liturgii. Oto s\u0142\u00f3wko Ksi\u0119dza Marka na dzi\u015b:<\/span><\/span><\/span><\/p>\n<p align=\"justify\"><span style=\"color: #000000;\"><span style=\"font-family: Book Antiqua, serif;\"><span style=\"font-size: medium;\"><a href=\"https:\/\/www.youtube.com\/c\/CatholicSurgut\"><span style=\"font-size: large;\"><span lang=\"zxx\"><u><b>https:\/\/www.youtube.com\/c\/CatholicSurgut<\/b><\/u><\/span><\/span><\/a><\/span><\/span><\/span><\/p>\n<p align=\"justify\"><span style=\"color: #000000;\"><span style=\"font-family: Book Antiqua, serif;\"><span style=\"font-size: large;\"><span lang=\"zxx\">Poni\u017cej za\u015b \u2013 s\u0142\u00f3wko Szymona Sali. Bardzo Mu dzi\u0119kuj\u0119 za wierno\u015b\u0107 podj\u0119temu zobowi\u0105zaniu! Niech Pan b\u0119dzie uwielbiony we wszelkim dobru, kt\u00f3re Szymon na co dzie\u0144 podejmuje!<\/span><\/span><\/span><\/span><\/p>\n<p align=\"justify\"><span style=\"color: #000000;\"><span style=\"font-family: Book Antiqua, serif;\"><span style=\"font-size: large;\"><span lang=\"zxx\">Zatem, <\/span><b>co dzi\u015b m\u00f3wi do mnie Pan? Z jakim konkretnym przes\u0142aniem zwraca si\u0119 w\u0142a\u015bnie do mnie \u2013 osobi\u015bcie? <\/b>Duchu \u015awi\u0119ty, podpowiedz\u2026 <\/span><\/span><\/span><\/p>\n<p align=\"justify\"><span style=\"color: #000000;\"><span style=\"font-family: Book Antiqua, serif;\"><span style=\"font-size: large;\"><b>Niech Was b\u0142ogos\u0142awi B\u00f3g Wszechmog\u0105cy: Ojciec + i Syn, i Duch \u015awi\u0119ty. Amen<\/b><\/span><\/span><\/span><\/p>\n<p align=\"center\"><span style=\"color: #000000;\"><span style=\"font-family: Book Antiqua, serif;\"><span style=\"font-size: large;\">Gaudium et spes! Ks. Jacek<\/span><\/span><\/span><\/p>\n<p align=\"center\">\n<p align=\"center\">\n<p align=\"center\">\n<p align=\"center\">\n<p align=\"center\">\n<p align=\"justify\"><span style=\"color: #000000;\"><span style=\"font-family: Book Antiqua, serif;\"><span style=\"font-size: large;\"><b>Wtorek 29 Tygodnia zwyk\u0142ego, rok I,<\/b><\/span><\/span><\/span><\/p>\n<p align=\"justify\"><span style=\"color: #000000;\"><span style=\"font-family: Book Antiqua, serif;\"><span style=\"font-size: large;\"><b>21 pa\u017adziernika 2025.,\u00a0<\/b><\/span><\/span><\/span><\/p>\n<p align=\"justify\"><span style=\"color: #000000;\"><span style=\"font-family: Book Antiqua, serif;\"><span style=\"font-size: large;\"><b>do czyta\u0144: Rz 5,12.15b.17\u201319.20b\u201321; \u0141k 12,35\u201338<\/b><\/span><\/span><\/span><\/p>\n<p align=\"justify\">\n<p align=\"justify\">\n<p align=\"justify\">\n<p align=\"justify\">\n<p align=\"justify\">\n<p align=\"justify\"><span style=\"color: #000000;\"><span style=\"font-family: Book Antiqua, serif;\"><span style=\"font-size: large;\"><b>CZYTANIE Z LISTU \u015aWI\u0118TEGO PAW\u0141A APOSTO\u0141A DO RZYMIAN:<\/b><\/span><\/span><\/span><\/p>\n<p align=\"justify\"><span style=\"color: #000000;\"><span style=\"font-family: Book Antiqua, serif;\"><span style=\"font-size: large;\"><b>Bracia: Przez jednego cz\u0142owieka grzech wszed\u0142 na \u015bwiat, a przez grzech \u015bmier\u0107, i w ten spos\u00f3b \u015bmier\u0107 przesz\u0142a na wszystkich ludzi, poniewa\u017c wszyscy zgrzeszyli.<\/b><\/span><\/span><\/span><\/p>\n<p align=\"justify\"><span style=\"color: #000000;\"><span style=\"font-family: Book Antiqua, serif;\"><span style=\"font-size: large;\"><b>Je\u017celi przest\u0119pstwo jednego sprowadzi\u0142o na wszystkich \u015bmier\u0107, to o ile\u017c obficiej sp\u0142yn\u0119\u0142a na nich wszystkich \u0142aska i dar Bo\u017cy, \u0142askawie udzielony przez jednego Cz\u0142owieka, Jezusa Chrystusa.<\/b><\/span><\/span><\/span><\/p>\n<p align=\"justify\"><span style=\"color: #000000;\"><span style=\"font-family: Book Antiqua, serif;\"><span style=\"font-size: large;\"><b>Je\u017celi bowiem przez przest\u0119pstwo jednego \u015bmier\u0107 zakr\u00f3lowa\u0142a z powodu jego jednego, o ile\u017c bardziej ci, kt\u00f3rzy otrzymuj\u0105 obfito\u015b\u0107 \u0142aski i daru sprawiedliwo\u015bci, kr\u00f3lowa\u0107 b\u0119d\u0105 w \u017cyciu z powodu Jednego: Jezusa Chrystusa.<\/b><\/span><\/span><\/span><\/p>\n<p align=\"justify\"><span style=\"color: #000000;\"><span style=\"font-family: Book Antiqua, serif;\"><span style=\"font-size: large;\"><b>A zatem, jak przest\u0119pstwo jednego sprowadzi\u0142o na wszystkich ludzi wyrok pot\u0119piaj\u0105cy, tak czyn sprawiedliwy Jednego sprowadza na wszystkich ludzi usprawiedliwienie daj\u0105ce \u017cycie. Albowiem jak przez niepos\u0142usze\u0144stwo jednego cz\u0142owieka wszyscy stali si\u0119 grzesznikami, tak przez pos\u0142usze\u0144stwo Jednego wszyscy stan\u0105 si\u0119 sprawiedliwymi.<\/b><\/span><\/span><\/span><\/p>\n<p align=\"justify\"><span style=\"color: #000000;\"><span style=\"font-family: Book Antiqua, serif;\"><span style=\"font-size: large;\"><b>Gdzie si\u0119 jednak wzm\u00f3g\u0142 grzech, tam si\u0119 jeszcze obficiej rozla\u0142a \u0142aska, aby jak grzech zaznaczy\u0142 swoje kr\u00f3lowanie \u015bmierci\u0105, tak \u0142aska przejawi\u0142a swe kr\u00f3lowanie przez sprawiedliwo\u015b\u0107 wiod\u0105c\u0105 do \u017cycia wiecznego przez Jezusa Chrystusa, Pana naszego.<\/b><\/span><\/span><\/span><\/p>\n<p align=\"justify\">\n<p align=\"justify\">\n<p align=\"justify\">\n<p align=\"justify\">\n<p align=\"justify\">\n<p align=\"justify\"><span style=\"color: #000000;\"><span style=\"font-family: Book Antiqua, serif;\"><span style=\"font-size: large;\"><b>S\u0141OWA EWANGELII WED\u0141UG \u015aWI\u0118TEGO \u0141UKASZA:<\/b><\/span><\/span><\/span><\/p>\n<p align=\"justify\"><span style=\"color: #000000;\"><span style=\"font-family: Book Antiqua, serif;\"><span style=\"font-size: large;\"><b>Jezus powiedzia\u0142 do swoich uczni\u00f3w: \u201eNiech b\u0119d\u0105 przepasane biodra wasze i zapalone pochodnie. A wy, podobni do ludzi oczekuj\u0105cych powrotu swego pana z uczty weselnej, aby mu zaraz otworzy\u0107, gdy nadejdzie i zako\u0142acze.<\/b><\/span><\/span><\/span><\/p>\n<p align=\"justify\"><span style=\"color: #000000;\"><span style=\"font-family: Book Antiqua, serif;\"><span style=\"font-size: large;\"><b>Szcz\u0119\u015bliwi owi s\u0142udzy, kt\u00f3rych pan zastanie czuwaj\u0105cych, gdy nadejdzie. Zaprawd\u0119 powiadam wam: Przepasze si\u0119 i ka\u017ce im zasi\u0105\u015b\u0107 do sto\u0142u, a obchodz\u0105c b\u0119dzie im us\u0142ugiwa\u0142. Czy o drugiej, czy o trzeciej stra\u017cy przyjdzie, szcz\u0119\u015bliwi oni, gdy ich tak zastanie\u201d.<\/b><\/span><\/span><\/span><\/p>\n<p align=\"justify\">\n<p align=\"justify\">\n<p align=\"justify\">\n<p align=\"justify\">\n<p align=\"justify\">\n<p align=\"center\"><span style=\"color: #000000;\"><span style=\"font-family: Book Antiqua, serif;\"><span style=\"font-size: large;\"><b>A OTO S\u0141\u00d3WKO SZYMONA:<\/b><\/span><\/span><\/span><\/p>\n<p align=\"center\">\n<p align=\"center\">\n<p align=\"center\">\n<p align=\"center\">\n<p align=\"center\">\n<p align=\"justify\"><span style=\"color: #000000;\"><span style=\"font-family: Book Antiqua, serif;\"><span style=\"font-size: large;\">Czy to sprawiedliwe, \u017ce cierpimy poprzez przewinienie \u00abjednego\u00bb? O tym w\u0142a\u015bnie dzisiaj opowiada nam pierwsze czytanie z Listu \u015bw. Paw\u0142a do Rzymian: <i><b>Przez jednego cz\u0142owieka grzech wszed\u0142 do \u015bwiata, a przez grzech \u015bmier\u0107, i w ten spos\u00f3b \u015bmier\u0107 przesz\u0142a na wszystkich ludzi, poniewa\u017c wszyscy zgrzeszyli.<\/b><\/i><b> <\/b><\/span><\/span><\/span><\/p>\n<p align=\"justify\"><span style=\"color: #000000;\"><span style=\"font-family: Book Antiqua, serif;\"><span style=\"font-size: large;\">Tym cz\u0142owiekiem, przez kt\u00f3rego grzech pojawi\u0142 si\u0119 na \u015bwiecie, jest Adam. Warto jednak pami\u0119ta\u0107, \u017ce opowie\u015bci o jego upadku w Ksi\u0119dze Rodzaju nie nale\u017cy rozumie\u0107 dos\u0142ownie, lecz symbolicznie. Co wi\u0119cej, samo imi\u0119 <i><b>Adam<\/b><\/i><i> <\/i>w j\u0119zyku hebrajskim oznacza \u201ecz\u0142owiek\u201d, \u201eludzko\u015b\u0107\u201d \u2013 a wi\u0119c odnosi si\u0119 nie tylko do jednej osoby, lecz do ca\u0142ego rodzaju ludzkiego.<\/span><\/span><\/span><\/p>\n<p align=\"justify\"><span style=\"color: #000000;\"><span style=\"font-family: Book Antiqua, serif;\"><span style=\"font-size: large;\">A to z kolei dobrze wpisuje si\u0119 w tera\u017aniejszo\u015b\u0107, bo pomimo tego, \u017ce ka\u017cdy cz\u0142owiek jest niezale\u017cn\u0105 jednostk\u0105, a wsp\u00f3\u0142czesna kultura k\u0142adzie mocny nacisk na indywidualizm, to jednak \u2013 czy tego chcemy, czy nie \u2013 \u017cyjemy w r\u00f3\u017cnych wsp\u00f3lnotach: pocz\u0105wszy od rodziny, poprzez wsp\u00f3lnoty lokalne, parafie, a\u017c po ca\u0142e spo\u0142ecze\u0144stwa, pa\u0144stwa, a wreszcie ca\u0142\u0105 ludzko\u015b\u0107, zamieszkuj\u0105c\u0105 Ziemi\u0119.<\/span><\/span><\/span><\/p>\n<p align=\"justify\"><span style=\"color: #000000;\"><span style=\"font-family: Book Antiqua, serif;\"><span style=\"font-size: large;\">I nie da si\u0119 ukry\u0107, \u017ce decyzje i zachowania pojedynczych jednostek maj\u0105 wp\u0142yw na innych ludzi \u2013 czasem na garstk\u0119 os\u00f3b, a czasem na miliony. Dobrze, gdy ci, kt\u00f3rzy maj\u0105 jak\u0105\u015b w\u0142adz\u0119, kieruj\u0105 si\u0119 dobrem i m\u0105dro\u015bci\u0105. Jednak\u017ce \u2013 jak dobrze wiemy \u2013 cz\u0119sto jest na odwr\u00f3t, a decyzja pojedynczego cz\u0142owieka sprowadza cierpienie i niesprawiedliwo\u015b\u0107 na wielu.<\/span><\/span><\/span><\/p>\n<p align=\"justify\"><span style=\"color: #000000;\"><span style=\"font-family: Book Antiqua, serif;\"><span style=\"font-size: large;\">Niew\u0105tpliwie jest to sytuacja, kt\u00f3ra mo\u017ce wydawa\u0107 si\u0119 beznadziejn\u0105. Ludzie do\u015bwiadczaj\u0105cy ucisku czy niesprawiedliwo\u015bci cz\u0119sto znajduj\u0105 jedyne pocieszenie w przekonaniu, \u017ce wobec \u015bmierci wszyscy s\u0105 r\u00f3wni. Ten motyw jest znany, a pojawi\u0142 si\u0119 ju\u017c w p\u00f3\u017anym \u015bredniowieczu i znany jest jako \u201edanse macabre\u201d \u2013 \u201etaniec \u015bmierci\u201d. I cho\u0107 taka logika ma w sobie pewn\u0105 s\u0142uszno\u015b\u0107, to jednak my, chrze\u015bcijanie, jeste\u015bmy wezwani do innego spojrzenia. <\/span><\/span><\/span><\/p>\n<p align=\"justify\"><span style=\"color: #000000;\"><span style=\"font-family: Book Antiqua, serif;\"><span style=\"font-size: large;\">Nie powinni\u015bmy szuka\u0107 sprawiedliwo\u015bci w \u015bmierci, lecz w \u0142asce Boga! Czytamy bowiem dzisiaj: <i><b>Gdzie jednak wzm\u00f3g\u0142 si\u0119 grzech, tam jeszcze obficiej rozla\u0142a si\u0119 \u0142aska, aby jak grzech zaznaczy\u0142 swoje kr\u00f3lowanie \u015bmierci\u0105, tak \u0142aska przejawi\u0142a swe kr\u00f3lowanie poprzez sprawiedliwo\u015b\u0107, wiod\u0105c\u0105 do \u017cycia wiecznego przez Jezusa Chrystusa, Pana naszego.<\/b><\/i><b> <\/b>Je\u015bli dobrze si\u0119 przyjrzymy to tak w\u0142a\u015bnie jest, \u017ce cz\u0119sto z du\u017cego ucisku rodzi si\u0119 jeszcze wi\u0119ksze dobro. To oznacza, \u017ce nie musimy czeka\u0107 a\u017c do \u015bmier\u0107, by do\u015bwiadczy\u0107 sprawiedliwo\u015bci i pokoju. \u0141aska Boga jest dost\u0119pna ju\u017c teraz. A co w tym wszystkim najlepsze \u2013 prowadzi ona nie do \u015bmierci, ale do \u017cycia w Chrystusie!<\/span><\/span><\/span><\/p>\n<p align=\"justify\"><span style=\"color: #000000;\"><span style=\"font-family: Book Antiqua, serif;\"><span style=\"font-size: large;\">Pami\u0119tajmy, \u017ce pomimo tego, i\u017c \u0142aska Pana rozlewa si\u0119 na nas, nie dzia\u0142a ona automatycznie, ale wymaga otwarto\u015bci naszego serca. Tak jest ze wszystkim, co pochodzi od Boga \u2013 czy to z sakramentami, czy z Jego wol\u0105 na nasze \u017cycie. Je\u015bli podchodzimy do tego na powa\u017cnie i z odpowiednim oczekiwaniem, to do\u015bwiadczymy wszelkich \u0142ask Bo\u017cych. B\u00f3g pragnie dla nas szcz\u0119\u015bcia, ale nie jest od uszcz\u0119\u015bliwiania cz\u0142owieka na si\u0142\u0119. Cz\u0142owiek, kt\u00f3ry czuwa i ma przepasane biodra, pokazuje swoj\u0105 gotowo\u015b\u0107 na przyj\u0119cie Bo\u017cej \u0142aski. <\/span><\/span><\/span><\/p>\n<p align=\"justify\"><span style=\"color: #000000;\"><span style=\"font-family: Book Antiqua, serif;\"><span style=\"font-size: large;\">Szcz\u0119\u015bliwi b\u0119dziemy, kiedy nas takimi zastanie\u2026<\/span><\/span><\/span><\/p>\n","protected":false},"excerpt":{"rendered":"<p>Szcz\u0119\u015b\u0107 Bo\u017ce! Moi Drodzy, w dniu dzisiejszym imieniny prze\u017cywaj\u0105: \u25baUrszula Wasilewska \u2013 z kt\u00f3r\u0105 znamy si\u0119 od zawsze, jeszcze z rodzinnej Parafii; \u25baUrszula Adamiak \u2013 Prezes firmy \u201eKomunalnik\u201d w Bia\u0142ej Podlaskiej; \u25baUrszula Kobielus \u2013 Nauczyciel historii w Liceum im. Lelewela w \u017belechowie; \u25baUrszula Bielecka \u2013 za moich czas\u00f3w: Katechetka w Parafii Radory\u017c Ko\u015bcielny; \u25baUrszula Polak [&hellip;]<\/p>\n","protected":false},"author":1,"featured_media":0,"comment_status":"open","ping_status":"open","sticky":false,"template":"","format":"standard","meta":{"jetpack_post_was_ever_published":false,"_jetpack_newsletter_access":"","_jetpack_dont_email_post_to_subs":false,"_jetpack_newsletter_tier_id":0,"_jetpack_memberships_contains_paywalled_content":false,"_jetpack_memberships_contains_paid_content":false,"footnotes":""},"categories":[1],"tags":[],"class_list":["post-24362","post","type-post","status-publish","format-standard","hentry","category-bez-kategorii"],"yoast_head":"<!-- This site is optimized with the Yoast SEO plugin v25.1 - https:\/\/yoast.com\/wordpress\/plugins\/seo\/ -->\n<title>Gotowi - na przyj\u0119cie \u0142aski! - Gaudium Et Spes<\/title>\n<meta name=\"robots\" content=\"index, follow, max-snippet:-1, max-image-preview:large, max-video-preview:-1\" \/>\n<link rel=\"canonical\" href=\"https:\/\/gaudiumetspes-blog.pl\/index.php\/2025\/10\/21\/gotowi-na-przyjecie-laski\/\" \/>\n<meta property=\"og:locale\" content=\"pl_PL\" \/>\n<meta property=\"og:type\" content=\"article\" \/>\n<meta property=\"og:title\" content=\"Gotowi - na przyj\u0119cie \u0142aski! - Gaudium Et Spes\" \/>\n<meta property=\"og:description\" content=\"Szcz\u0119\u015b\u0107 Bo\u017ce! Moi Drodzy, w dniu dzisiejszym imieniny prze\u017cywaj\u0105: \u25baUrszula Wasilewska \u2013 z kt\u00f3r\u0105 znamy si\u0119 od zawsze, jeszcze z rodzinnej Parafii; \u25baUrszula Adamiak \u2013 Prezes firmy \u201eKomunalnik\u201d w Bia\u0142ej Podlaskiej; \u25baUrszula Kobielus \u2013 Nauczyciel historii w Liceum im. Lelewela w \u017belechowie; \u25baUrszula Bielecka \u2013 za moich czas\u00f3w: Katechetka w Parafii Radory\u017c Ko\u015bcielny; \u25baUrszula Polak [&hellip;]\" \/>\n<meta property=\"og:url\" content=\"https:\/\/gaudiumetspes-blog.pl\/index.php\/2025\/10\/21\/gotowi-na-przyjecie-laski\/\" \/>\n<meta property=\"og:site_name\" content=\"Gaudium Et Spes\" \/>\n<meta property=\"article:published_time\" content=\"2025-10-21T06:34:45+00:00\" \/>\n<meta property=\"article:modified_time\" content=\"2025-10-21T06:36:45+00:00\" \/>\n<meta name=\"author\" content=\"Ks. Jacek\" \/>\n<meta name=\"twitter:card\" content=\"summary_large_image\" \/>\n<meta name=\"twitter:label1\" content=\"Napisane przez\" \/>\n\t<meta name=\"twitter:data1\" content=\"Ks. Jacek\" \/>\n\t<meta name=\"twitter:label2\" content=\"Szacowany czas czytania\" \/>\n\t<meta name=\"twitter:data2\" content=\"7 minut\" \/>\n<script type=\"application\/ld+json\" class=\"yoast-schema-graph\">{\"@context\":\"https:\/\/schema.org\",\"@graph\":[{\"@type\":\"WebPage\",\"@id\":\"https:\/\/gaudiumetspes-blog.pl\/index.php\/2025\/10\/21\/gotowi-na-przyjecie-laski\/\",\"url\":\"https:\/\/gaudiumetspes-blog.pl\/index.php\/2025\/10\/21\/gotowi-na-przyjecie-laski\/\",\"name\":\"Gotowi - na przyj\u0119cie \u0142aski! - Gaudium Et Spes\",\"isPartOf\":{\"@id\":\"https:\/\/gaudiumetspes-blog.pl\/#website\"},\"datePublished\":\"2025-10-21T06:34:45+00:00\",\"dateModified\":\"2025-10-21T06:36:45+00:00\",\"author\":{\"@id\":\"https:\/\/gaudiumetspes-blog.pl\/#\/schema\/person\/1661982992b752dea8dff0d4ed845a65\"},\"breadcrumb\":{\"@id\":\"https:\/\/gaudiumetspes-blog.pl\/index.php\/2025\/10\/21\/gotowi-na-przyjecie-laski\/#breadcrumb\"},\"inLanguage\":\"pl-PL\",\"potentialAction\":[{\"@type\":\"ReadAction\",\"target\":[\"https:\/\/gaudiumetspes-blog.pl\/index.php\/2025\/10\/21\/gotowi-na-przyjecie-laski\/\"]}]},{\"@type\":\"BreadcrumbList\",\"@id\":\"https:\/\/gaudiumetspes-blog.pl\/index.php\/2025\/10\/21\/gotowi-na-przyjecie-laski\/#breadcrumb\",\"itemListElement\":[{\"@type\":\"ListItem\",\"position\":1,\"name\":\"Strona g\u0142\u00f3wna\",\"item\":\"https:\/\/gaudiumetspes-blog.pl\/\"},{\"@type\":\"ListItem\",\"position\":2,\"name\":\"Gotowi &#8211; na przyj\u0119cie \u0142aski!\"}]},{\"@type\":\"WebSite\",\"@id\":\"https:\/\/gaudiumetspes-blog.pl\/#website\",\"url\":\"https:\/\/gaudiumetspes-blog.pl\/\",\"name\":\"Gaudium Et Spes\",\"description\":\"Blog Ks. Jacka Ja\u015bkowskiego\",\"potentialAction\":[{\"@type\":\"SearchAction\",\"target\":{\"@type\":\"EntryPoint\",\"urlTemplate\":\"https:\/\/gaudiumetspes-blog.pl\/?s={search_term_string}\"},\"query-input\":{\"@type\":\"PropertyValueSpecification\",\"valueRequired\":true,\"valueName\":\"search_term_string\"}}],\"inLanguage\":\"pl-PL\"},{\"@type\":\"Person\",\"@id\":\"https:\/\/gaudiumetspes-blog.pl\/#\/schema\/person\/1661982992b752dea8dff0d4ed845a65\",\"name\":\"Ks. Jacek\",\"image\":{\"@type\":\"ImageObject\",\"inLanguage\":\"pl-PL\",\"@id\":\"https:\/\/gaudiumetspes-blog.pl\/#\/schema\/person\/image\/\",\"url\":\"https:\/\/gaudiumetspes-blog.pl\/wp-content\/uploads\/2019\/07\/avatar-JJ-150x150.jpg\",\"contentUrl\":\"https:\/\/gaudiumetspes-blog.pl\/wp-content\/uploads\/2019\/07\/avatar-JJ-150x150.jpg\",\"caption\":\"Ks. Jacek\"},\"description\":\"Witam serdecznie! K\u0142ania si\u0119 Ks. Jacek Ja\u015bkowski. Nie jestem ani kim\u015b wa\u017cnym, ani kim\u015b znanym. Jestem ksi\u0119dzem, kt\u00f3ry po prostu chce rozmawia\u0107. Codzienna kap\u0142a\u0144ska pos\u0142uga pokazuje mi, \u017ce temat\u00f3w do rozm\u00f3w z ksi\u0119dzem jest coraz wi\u0119cej i dzisiaj \u017caden ksi\u0105dz nie mo\u017ce od nich ucieka\u0107, ale - wprost przeciwnie - podejmowa\u0107 nowe wyzwania. To przekonanie sk\u0142oni\u0142o mnie do pr\u00f3by otwarcia tego\u017c bloga, chocia\u017c okazji do rozm\u00f3w na co dzie\u0144 - w konfesjonale i poza nim - na szcz\u0119\u015bcie nie brakuje. My\u015bl\u0119 jednak, \u017ce ten blog b\u0119dzie jeszcze jednym sposobem i przestrzeni\u0105 nawi\u0105zania kontaktu z lud\u017ami dobrej woli, otwartymi na dialog.\",\"url\":\"https:\/\/gaudiumetspes-blog.pl\/index.php\/author\/ks-jacek\/\"}]}<\/script>\n<!-- \/ Yoast SEO plugin. -->","yoast_head_json":{"title":"Gotowi - na przyj\u0119cie \u0142aski! - Gaudium Et Spes","robots":{"index":"index","follow":"follow","max-snippet":"max-snippet:-1","max-image-preview":"max-image-preview:large","max-video-preview":"max-video-preview:-1"},"canonical":"https:\/\/gaudiumetspes-blog.pl\/index.php\/2025\/10\/21\/gotowi-na-przyjecie-laski\/","og_locale":"pl_PL","og_type":"article","og_title":"Gotowi - na przyj\u0119cie \u0142aski! - Gaudium Et Spes","og_description":"Szcz\u0119\u015b\u0107 Bo\u017ce! Moi Drodzy, w dniu dzisiejszym imieniny prze\u017cywaj\u0105: \u25baUrszula Wasilewska \u2013 z kt\u00f3r\u0105 znamy si\u0119 od zawsze, jeszcze z rodzinnej Parafii; \u25baUrszula Adamiak \u2013 Prezes firmy \u201eKomunalnik\u201d w Bia\u0142ej Podlaskiej; \u25baUrszula Kobielus \u2013 Nauczyciel historii w Liceum im. Lelewela w \u017belechowie; \u25baUrszula Bielecka \u2013 za moich czas\u00f3w: Katechetka w Parafii Radory\u017c Ko\u015bcielny; \u25baUrszula Polak [&hellip;]","og_url":"https:\/\/gaudiumetspes-blog.pl\/index.php\/2025\/10\/21\/gotowi-na-przyjecie-laski\/","og_site_name":"Gaudium Et Spes","article_published_time":"2025-10-21T06:34:45+00:00","article_modified_time":"2025-10-21T06:36:45+00:00","author":"Ks. Jacek","twitter_card":"summary_large_image","twitter_misc":{"Napisane przez":"Ks. Jacek","Szacowany czas czytania":"7 minut"},"schema":{"@context":"https:\/\/schema.org","@graph":[{"@type":"WebPage","@id":"https:\/\/gaudiumetspes-blog.pl\/index.php\/2025\/10\/21\/gotowi-na-przyjecie-laski\/","url":"https:\/\/gaudiumetspes-blog.pl\/index.php\/2025\/10\/21\/gotowi-na-przyjecie-laski\/","name":"Gotowi - na przyj\u0119cie \u0142aski! - Gaudium Et Spes","isPartOf":{"@id":"https:\/\/gaudiumetspes-blog.pl\/#website"},"datePublished":"2025-10-21T06:34:45+00:00","dateModified":"2025-10-21T06:36:45+00:00","author":{"@id":"https:\/\/gaudiumetspes-blog.pl\/#\/schema\/person\/1661982992b752dea8dff0d4ed845a65"},"breadcrumb":{"@id":"https:\/\/gaudiumetspes-blog.pl\/index.php\/2025\/10\/21\/gotowi-na-przyjecie-laski\/#breadcrumb"},"inLanguage":"pl-PL","potentialAction":[{"@type":"ReadAction","target":["https:\/\/gaudiumetspes-blog.pl\/index.php\/2025\/10\/21\/gotowi-na-przyjecie-laski\/"]}]},{"@type":"BreadcrumbList","@id":"https:\/\/gaudiumetspes-blog.pl\/index.php\/2025\/10\/21\/gotowi-na-przyjecie-laski\/#breadcrumb","itemListElement":[{"@type":"ListItem","position":1,"name":"Strona g\u0142\u00f3wna","item":"https:\/\/gaudiumetspes-blog.pl\/"},{"@type":"ListItem","position":2,"name":"Gotowi &#8211; na przyj\u0119cie \u0142aski!"}]},{"@type":"WebSite","@id":"https:\/\/gaudiumetspes-blog.pl\/#website","url":"https:\/\/gaudiumetspes-blog.pl\/","name":"Gaudium Et Spes","description":"Blog Ks. Jacka Ja\u015bkowskiego","potentialAction":[{"@type":"SearchAction","target":{"@type":"EntryPoint","urlTemplate":"https:\/\/gaudiumetspes-blog.pl\/?s={search_term_string}"},"query-input":{"@type":"PropertyValueSpecification","valueRequired":true,"valueName":"search_term_string"}}],"inLanguage":"pl-PL"},{"@type":"Person","@id":"https:\/\/gaudiumetspes-blog.pl\/#\/schema\/person\/1661982992b752dea8dff0d4ed845a65","name":"Ks. Jacek","image":{"@type":"ImageObject","inLanguage":"pl-PL","@id":"https:\/\/gaudiumetspes-blog.pl\/#\/schema\/person\/image\/","url":"https:\/\/gaudiumetspes-blog.pl\/wp-content\/uploads\/2019\/07\/avatar-JJ-150x150.jpg","contentUrl":"https:\/\/gaudiumetspes-blog.pl\/wp-content\/uploads\/2019\/07\/avatar-JJ-150x150.jpg","caption":"Ks. Jacek"},"description":"Witam serdecznie! K\u0142ania si\u0119 Ks. Jacek Ja\u015bkowski. Nie jestem ani kim\u015b wa\u017cnym, ani kim\u015b znanym. Jestem ksi\u0119dzem, kt\u00f3ry po prostu chce rozmawia\u0107. Codzienna kap\u0142a\u0144ska pos\u0142uga pokazuje mi, \u017ce temat\u00f3w do rozm\u00f3w z ksi\u0119dzem jest coraz wi\u0119cej i dzisiaj \u017caden ksi\u0105dz nie mo\u017ce od nich ucieka\u0107, ale - wprost przeciwnie - podejmowa\u0107 nowe wyzwania. To przekonanie sk\u0142oni\u0142o mnie do pr\u00f3by otwarcia tego\u017c bloga, chocia\u017c okazji do rozm\u00f3w na co dzie\u0144 - w konfesjonale i poza nim - na szcz\u0119\u015bcie nie brakuje. My\u015bl\u0119 jednak, \u017ce ten blog b\u0119dzie jeszcze jednym sposobem i przestrzeni\u0105 nawi\u0105zania kontaktu z lud\u017ami dobrej woli, otwartymi na dialog.","url":"https:\/\/gaudiumetspes-blog.pl\/index.php\/author\/ks-jacek\/"}]}},"jetpack_featured_media_url":"","jetpack_sharing_enabled":true,"_links":{"self":[{"href":"https:\/\/gaudiumetspes-blog.pl\/index.php\/wp-json\/wp\/v2\/posts\/24362","targetHints":{"allow":["GET"]}}],"collection":[{"href":"https:\/\/gaudiumetspes-blog.pl\/index.php\/wp-json\/wp\/v2\/posts"}],"about":[{"href":"https:\/\/gaudiumetspes-blog.pl\/index.php\/wp-json\/wp\/v2\/types\/post"}],"author":[{"embeddable":true,"href":"https:\/\/gaudiumetspes-blog.pl\/index.php\/wp-json\/wp\/v2\/users\/1"}],"replies":[{"embeddable":true,"href":"https:\/\/gaudiumetspes-blog.pl\/index.php\/wp-json\/wp\/v2\/comments?post=24362"}],"version-history":[{"count":2,"href":"https:\/\/gaudiumetspes-blog.pl\/index.php\/wp-json\/wp\/v2\/posts\/24362\/revisions"}],"predecessor-version":[{"id":24364,"href":"https:\/\/gaudiumetspes-blog.pl\/index.php\/wp-json\/wp\/v2\/posts\/24362\/revisions\/24364"}],"wp:attachment":[{"href":"https:\/\/gaudiumetspes-blog.pl\/index.php\/wp-json\/wp\/v2\/media?parent=24362"}],"wp:term":[{"taxonomy":"category","embeddable":true,"href":"https:\/\/gaudiumetspes-blog.pl\/index.php\/wp-json\/wp\/v2\/categories?post=24362"},{"taxonomy":"post_tag","embeddable":true,"href":"https:\/\/gaudiumetspes-blog.pl\/index.php\/wp-json\/wp\/v2\/tags?post=24362"}],"curies":[{"name":"wp","href":"https:\/\/api.w.org\/{rel}","templated":true}]}}