{"id":24365,"date":"2025-10-22T07:53:14","date_gmt":"2025-10-22T05:53:14","guid":{"rendered":"https:\/\/gaudiumetspes-blog.pl\/?p=24365"},"modified":"2025-10-22T07:53:14","modified_gmt":"2025-10-22T05:53:14","slug":"w-niewoli-sprawiedliwosci-2","status":"publish","type":"post","link":"https:\/\/gaudiumetspes-blog.pl\/index.php\/2025\/10\/22\/w-niewoli-sprawiedliwosci-2\/","title":{"rendered":"W niewoli sprawiedliwo\u015bci&#8230;"},"content":{"rendered":"<p align=\"justify\"><span style=\"color: #000000;\"><span style=\"font-family: Book Antiqua, serif;\"><span style=\"font-size: large;\">Szcz\u0119\u015b\u0107 Bo\u017ce! Moi Drodzy, w dniu dzisiejszym <b>urodziny prze\u017cywaj\u0105:<\/b><\/span><\/span><\/span><\/p>\n<p align=\"justify\"><span style=\"color: #000000;\">\u25ba <span style=\"font-family: Book Antiqua, serif;\"><span style=\"font-size: large;\"><b>Ksi\u0105dz Andrzej Kuflikowski, Proboszcz Parafii \u015awi\u0119tego Ojca Pio w Warszawie, gdzie przez rok pracowa\u0142em;<\/b><\/span><\/span><\/span><\/p>\n<p align=\"justify\"><span style=\"color: #000000;\">\u25ba <span style=\"font-family: Book Antiqua, serif;\"><span style=\"font-size: large;\"><b>Bart\u0142omiej Przybysz, nale\u017c\u0105cy \u2013 w swoim czasie \u2013 do Wsp\u00f3lnoty m\u0142odzie\u017cowej w Tr\u0105bkach.<\/b><\/span><\/span><\/span><\/p>\n<p align=\"justify\"><span style=\"color: #000000;\"><span style=\"font-family: Book Antiqua, serif;\"><span style=\"font-size: large;\"><b>\u017bycz\u0119 obu Jubilatom, aby czerpali jak najwi\u0119cej wzoru z postawy \u015awi\u0119tego, kt\u00f3rego wspomnienie wypada w dniu Ich urodzin. Niech tak, jak prosi\u0142 Jan Pawe\u0142 II \u2013 otwieraj\u0105 na o\u015bcie\u017c drzwi Chrystusowi! Drzwi swoich serc \u2013 ale te\u017c niech w tym pomagaj\u0105 innym. Zapewniam o modlitwie!<\/b><\/span><\/span><\/span><\/p>\n<p align=\"justify\"><span style=\"color: #000000;\"><span style=\"font-family: Book Antiqua, serif;\"><span style=\"font-size: large;\">A ja dzisiaj pozdrawiam Was z Lublina, sk\u0105d zaraz wyruszam do Siedlec. A tam \u2013 jak w ka\u017cd\u0105 \u015brod\u0119 \u2013 dy\u017cur na Wydziale przy ul. 3 Maja 54, ale nieco skr\u00f3cony, bo w jego trakcie planuj\u0119 spotkanie ze Studentami pierwszego roku jednego z Instytut\u00f3w Wydzia\u0142u Rolniczego. <\/span><\/span><\/span><\/p>\n<p align=\"justify\"><span style=\"color: #000000;\"><span style=\"font-family: Book Antiqua, serif;\"><span style=\"font-size: large;\">Potem, o 17:00, spotkanie naszej Wsp\u00f3lnoty BANDA \u00abCZARNEGO\u00bb, a o 19:00 \u2013 Msza \u015awi\u0119ta w intencji \u015arodowiska Akademickiego, Duszpasterstwa Akademickiego i M\u0142odzie\u017cy w Ko\u015bciele. Po niej \u2013 wystawienie Naj\u015bwi\u0119tszego Sakramentu, nabo\u017ce\u0144stwo pa\u017adziernikowe i cicha adoracja do godziny 21:00. Potem Apel Maryjny.<\/span><\/span><\/span><\/p>\n<p align=\"justify\"><span style=\"color: #000000;\"><span style=\"font-family: Book Antiqua, serif;\"><span style=\"font-size: large;\">Drodzy moi, z racji dzisiejszego wspomnienia proponuj\u0119 Wszystkim odm\u00f3wienie \u2013 w ci\u0105gu dnia \u2013 Litanii do \u015awi\u0119tego Jana Paw\u0142a II. Ja sam staram si\u0119 j\u0105 cz\u0119sto odmawia\u0107, a wsp\u00f3lnie z M\u0142odzie\u017c\u0105 czynimy to na naszych wyjazdach, widz\u0105c w wielkim Papie\u017cu wielkiego Przyjaciela M\u0142odzie\u017cy. Zach\u0119cam!<\/span><\/span><\/span><\/p>\n<p align=\"justify\"><span style=\"color: #000000;\"><span style=\"font-family: Book Antiqua, serif;\"><span style=\"font-size: large;\">A teraz ju\u017c zapraszam do pochylenia si\u0119 nad Bo\u017cym s\u0142owem dzisiejszej liturgii. Oto s\u0142\u00f3wko Ksi\u0119dza Marka na dzi\u015b:<\/span><\/span><\/span><\/p>\n<p align=\"justify\"><span style=\"color: #000000;\"><span style=\"font-family: Book Antiqua, serif;\"><span style=\"font-size: medium;\"><a href=\"https:\/\/www.youtube.com\/c\/CatholicSurgut\"><span style=\"font-size: large;\"><span lang=\"zxx\"><u><b>https:\/\/www.youtube.com\/c\/CatholicSurgut<\/b><\/u><\/span><\/span><\/a><\/span><\/span><\/span><\/p>\n<p align=\"justify\"><span style=\"color: #000000;\"><span style=\"font-family: Book Antiqua, serif;\"><span style=\"font-size: large;\"><span lang=\"zxx\">Zatem, <\/span><b>co dzi\u015b Pan m\u00f3wi do mnie osobi\u015bcie i konkretnie?<\/b> Duchu \u015awi\u0119ty, b\u0105d\u017a \u015bwiat\u0142em i natchnieniem! <\/span><\/span><\/span><\/p>\n<p align=\"justify\"><span style=\"color: #000000;\"><span style=\"font-family: Book Antiqua, serif;\"><span style=\"font-size: large;\"><b>Niech Was b\u0142ogos\u0142awi B\u00f3g Wszechmog\u0105cy: Ojciec + i Syn, i Duch \u015awi\u0119ty. Amen<\/b><\/span><\/span><\/span><\/p>\n<p align=\"center\"><span style=\"color: #000000;\"><span style=\"font-family: Book Antiqua, serif;\"><span style=\"font-size: large;\">Gaudium et spes! Ks. Jacek<\/span><\/span><\/span><\/p>\n<p align=\"center\">\n<p align=\"center\">\n<p align=\"center\">\n<p align=\"center\">\n<p align=\"center\">\n<p align=\"justify\"><span style=\"color: #000000;\"><span style=\"font-family: Book Antiqua, serif;\"><span style=\"font-size: large;\"><b>\u015aroda 29 Tygodnia zwyk\u0142ego, rok I,<\/b><\/span><\/span><\/span><\/p>\n<p align=\"justify\"><span style=\"color: #000000;\"><span style=\"font-family: Book Antiqua, serif;\"><span style=\"font-size: large;\"><b>Wspomnienie \u015aw. Jana Paw\u0142a II, Papie\u017ca,<\/b><\/span><\/span><\/span><\/p>\n<p align=\"justify\"><span style=\"color: #000000;\"><span style=\"font-family: Book Antiqua, serif;\"><span style=\"font-size: large;\"><b>22 pa\u017adziernika 2025.,\u00a0<\/b><\/span><\/span><\/span><\/p>\n<p align=\"justify\"><span style=\"color: #000000;\"><span style=\"font-family: Book Antiqua, serif;\"><span style=\"font-size: large;\"><b>do czyta\u0144: Rz 6,12\u201318; \u0141k 12,39\u201348<\/b><\/span><\/span><\/span><\/p>\n<p align=\"justify\">\n<p align=\"justify\">\n<p align=\"justify\">\n<p align=\"justify\">\n<p align=\"justify\">\n<p align=\"justify\"><span style=\"color: #000000;\"><span style=\"font-family: Book Antiqua, serif;\"><span style=\"font-size: large;\"><b>CZYTANIE Z LISTU \u015aWI\u0118TEGO PAW\u0141A APOSTO\u0141A DO RZYMIAN:<\/b><\/span><\/span><\/span><\/p>\n<p align=\"justify\"><span style=\"color: #000000;\"><span style=\"font-family: Book Antiqua, serif;\"><span style=\"font-size: large;\"><b>Bracia: Niech grzech nie kr\u00f3luje w waszym \u015bmiertelnym ciele, poddaj\u0105c was swoim po\u017c\u0105dliwo\u015bciom. Nie oddawajcie te\u017c cz\u0142onk\u00f3w waszych jako bro\u0144 nieprawo\u015bci na s\u0142u\u017cb\u0119 grzechowi, ale oddajcie si\u0119 na s\u0142u\u017cb\u0119 Bogu jako ci, kt\u00f3rzy ze \u015bmierci przeszli do \u017cycia, i cz\u0142onki wasze oddajcie jako bro\u0144 sprawiedliwo\u015bci na s\u0142u\u017cb\u0119 Bogu. Albowiem grzech nie powinien nad wami panowa\u0107, skoro nie jeste\u015bcie poddani Prawu, lecz \u0142asce.<\/b><\/span><\/span><\/span><\/p>\n<p align=\"justify\"><span style=\"color: #000000;\"><span style=\"font-family: Book Antiqua, serif;\"><span style=\"font-size: large;\"><b>Jaki st\u0105d wniosek? Czy mamy dalej grzeszy\u0107 dlatego, \u017ce nie jeste\u015bmy ju\u017c poddani Prawu, lecz \u0142asce? \u017badn\u0105 miar\u0105. Czy\u017c nie wiecie, \u017ce je\u015bli oddajecie samych siebie jako niewolnik\u00f3w pod pos\u0142usze\u0144stwo, jeste\u015bcie niewolnikami tego, komu dajecie pos\u0142uch: b\u0105d\u017a niewolnikami grzechu, co wiedzie do \u015bmierci, b\u0105d\u017a pos\u0142usze\u0144stwa, co wiedzie do sprawiedliwo\u015bci?<\/b><\/span><\/span><\/span><\/p>\n<p align=\"justify\"><span style=\"color: #000000;\"><span style=\"font-family: Book Antiqua, serif;\"><span style=\"font-size: large;\"><b>Dzi\u0119ki jednak niech b\u0119d\u0105 Bogu za to, \u017ce gdy byli\u015bcie niewolnikami grzechu, dali\u015bcie z serca pos\u0142uch nakazom tej nauki, kt\u00f3rej was oddano, a uwolnieni od grzechu oddali\u015bcie si\u0119 w niewol\u0119 sprawiedliwo\u015bci.<\/b><\/span><\/span><\/span><\/p>\n<p align=\"justify\">\n<p align=\"justify\">\n<p align=\"justify\">\n<p align=\"justify\">\n<p align=\"justify\">\n<p align=\"justify\"><span style=\"color: #000000;\"><span style=\"font-family: Book Antiqua, serif;\"><span style=\"font-size: large;\"><b>S\u0141OWA EWANGELII WED\u0141UG \u015aWI\u0118TEGO \u0141UKASZA:<\/b><\/span><\/span><\/span><\/p>\n<p align=\"justify\"><span style=\"color: #000000;\"><span style=\"font-family: Book Antiqua, serif;\"><span style=\"font-size: large;\"><b>Jezus powiedzia\u0142 do swoich uczni\u00f3w: \u201eTo rozumiejcie, \u017ce gdyby gospodarz wiedzia\u0142, o kt\u00f3rej godzinie z\u0142odziej ma przyj\u015b\u0107, nie pozwoli\u0142by w\u0142ama\u0107 si\u0119 do swego domu. Wy te\u017c b\u0105d\u017acie gotowi, gdy\u017c o godzinie, kt\u00f3rej si\u0119 nie domy\u015blacie, Syn Cz\u0142owieczy przyjdzie\u201d. <\/b><\/span><\/span><\/span><\/p>\n<p align=\"justify\"><span style=\"color: #000000;\"><span style=\"font-family: Book Antiqua, serif;\"><span style=\"font-size: large;\"><b>Wtedy Piotr zapyta\u0142: \u201ePanie, czy do nas m\u00f3wisz t\u0119 przypowie\u015b\u0107, czy te\u017c do wszystkich?\u201d<\/b><\/span><\/span><\/span><\/p>\n<p align=\"justify\"><span style=\"color: #000000;\"><span style=\"font-family: Book Antiqua, serif;\"><span style=\"font-size: large;\"><b>Pan odpowiedzia\u0142: \u201eKt\u00f3\u017c jest owym rz\u0105dc\u0105 wiernym i roztropnym, kt\u00f3rego pan ustanowi nad swoj\u0105 s\u0142u\u017cb\u0105, \u017ceby na czas wydziela\u0142 jej \u017cywno\u015b\u0107? Szcz\u0119\u015bliwy ten s\u0142uga, kt\u00f3rego pan powr\u00f3ciwszy zastanie przy tej czynno\u015bci. Prawdziwie powiadam wam: Postawi go nad ca\u0142ym swoim mieniem. Lecz je\u015bli s\u0142uga \u00f3w powie sobie w duszy: \u00abM\u00f3j pan oci\u0105ga si\u0119 z powrotem\u00bb, i zacznie bi\u0107 s\u0142ugi i s\u0142u\u017cebnice, a przy tym je\u015b\u0107, pi\u0107 i upija\u0107 si\u0119, to nadejdzie pan tego s\u0142ugi w dniu, kiedy si\u0119 nie spodziewa, i o godzinie, kt\u00f3rej nie zna; ka\u017ce go \u0107wiartowa\u0107 i z niewiernymi wyznaczy mu miejsce.<\/b><\/span><\/span><\/span><\/p>\n<p align=\"justify\"><span style=\"color: #000000;\"><span style=\"font-family: Book Antiqua, serif;\"><span style=\"font-size: large;\"><b>S\u0142uga, kt\u00f3ry zna wol\u0119 swego pana, a nic nie przygotowa\u0142 i nie uczyni\u0142 zgodnie z jego wol\u0105, otrzyma wielk\u0105 ch\u0142ost\u0119. Ten za\u015b, kt\u00f3ry nie zna jego woli i uczyni\u0142 co\u015b godnego kary, otrzyma ma\u0142\u0105 ch\u0142ost\u0119. Komu wiele dano, od tego wiele wymaga\u0107 si\u0119 b\u0119dzie; a komu wiele zlecono, tym wi\u0119cej od niego \u017c\u0105da\u0107 b\u0119d\u0105\u201d.<\/b><\/span><\/span><\/span><\/p>\n<p align=\"justify\">\n<p align=\"justify\">\n<p align=\"justify\">\n<p align=\"justify\">\n<p align=\"justify\">\n<p align=\"justify\"><span style=\"color: #000000;\"><span style=\"font-family: Book Antiqua, serif;\"><span style=\"font-size: large;\">Z pewno\u015bci\u0105, <b>nie\u0142atwo nam pod\u0105\u017ca\u0107<\/b> za my\u015bl\u0105 Aposto\u0142a Paw\u0142a, zawart\u0105 w dzisiejszym pierwszym czytaniu. Sprawa dotyczy relacji pomi\u0119dzy starym Prawem \u2013 tym, zapisanym na kartach Starego Testamentu, cz\u0119sto <b>interpretowanym w spos\u00f3b \u201emechaniczny\u201d,<\/b> czysto literalny, przez co <b>niezgodny z jego duchem i pierwotnym zamys\u0142em<\/b> \u2013 a tym nowym Prawem, jakie przyni\u00f3s\u0142 Jezus. <\/span><\/span><\/span><\/p>\n<p align=\"justify\"><span style=\"color: #000000;\"><span style=\"font-family: Book Antiqua, serif;\"><span style=\"font-size: large;\">A wed\u0142ug tego nowego Prawa nale\u017cy post\u0119powa\u0107 dok\u0142adnie tak, jak dzisiaj Aposto\u0142 uczy wiernych z Gminy chrze\u015bcija\u0144skiej rzymskiej, pisz\u0105c do nich: <i><b>Niech grzech nie kr\u00f3luje w waszym \u015bmiertelnym ciele, poddaj\u0105c was swoim po\u017c\u0105dliwo\u015bciom. Nie oddawajcie te\u017c cz\u0142onk\u00f3w waszych jako bro\u0144 nieprawo\u015bci na s\u0142u\u017cb\u0119 grzechowi, ale oddajcie si\u0119 na s\u0142u\u017cb\u0119 Bogu jako ci, kt\u00f3rzy ze \u015bmierci przeszli do \u017cycia, i cz\u0142onki wasze oddajcie jako bro\u0144 sprawiedliwo\u015bci na s\u0142u\u017cb\u0119 Bogu. Albowiem grzech nie powinien nad wami panowa\u0107, skoro nie jeste\u015bcie poddani Prawu, lecz \u0142asce. <\/b><\/i><\/span><\/span><\/span><\/p>\n<p align=\"justify\"><span style=\"color: #000000;\"><span style=\"font-family: Book Antiqua, serif;\"><span style=\"font-size: large;\">To ostatnie zdanie mo\u017ce nas dziwi\u0107, ale chodzi tu o to, \u017ce Prawo starotestamentalne <b>nak\u0142ada\u0142o swoisty \u201egorset\u201d na \u017cycie i my\u015blenie ludzi, <\/b>okre\u015blaj\u0105c bardzo precyzyjnie, jakie uczynki s\u0105 odst\u0119pstwem od Boga, a przy okazji \u2013 jak\u0105 za kt\u00f3re nale\u017cy wymierzy\u0107 kar\u0119. \u0141\u0105cznie z kar\u0105 \u015bmierci. Oczywi\u015bcie, <b>musimy to rozumie\u0107 g\u0142\u0119biej, nie tyle dos\u0142ownie,<\/b> co w kontek\u015bcie tamtego czasu i tamtych okoliczno\u015bci \u2013 co nam, wychowanym w duchu chrze\u015bcija\u0144skim, nie przychodzi \u0142atwo. <\/span><\/span><\/span><\/p>\n<p align=\"justify\"><span style=\"color: #000000;\"><span style=\"font-family: Book Antiqua, serif;\"><span style=\"font-size: large;\">Ale to w\u0142a\u015bnie na to zwraca uwag\u0119 Pawe\u0142, aby chrze\u015bcijanie patrzyli na swoje \u017cycie i post\u0119powanie <b>w duchu chrze\u015bcija\u0144ski<\/b><b>m<\/b><b>, <\/b>a w nie w duchu starego Prawa. I dlatego maj\u0105 patrze\u0107 <b>nie tyle<\/b> <b>negatywnie<\/b> \u2013 czyli na zasadzie: co zrobi\u0107, aby nie zgrzeszy\u0107, aby jeszcze nie zgrzeszy\u0107, aby \u201ezmie\u015bci\u0107 si\u0119\u201d w tym niewielkim gorsecie tolerancji \u2013 <b>co w\u0142a\u015bnie pozytywnie, <\/b>czyli jak otwiera\u0107 si\u0119 na ubogacaj\u0105c\u0105 \u0142ask\u0119 Jezusa i jak \u017cy\u0107 t\u0105 \u0142ask\u0105. Dok\u0142adnie:<b> jak si\u0119 ni\u0105 ubogaca\u0107 <\/b>\u2013 czytaj: <b>u\u015bwi\u0119ca\u0107! <\/b><\/span><\/span><\/span><\/p>\n<p align=\"justify\"><span style=\"color: #000000;\"><span style=\"font-family: Book Antiqua, serif;\"><span style=\"font-size: large;\">W tym celu maj\u0105 cali odda\u0107 si\u0119 na s\u0142u\u017cb\u0119 Jezusowi \u2013 ca\u0142ych siebie, wszystkie swoje cz\u0142onki! A\u017c tak! Aposto\u0142 u\u017cywa a\u017c tak mocnych stwierdze\u0144: <i><b>Dzi\u0119ki jednak niech b\u0119d\u0105 Bogu za to, \u017ce gdy byli\u015bcie niewolnikami grzechu, dali\u015bcie z serca pos\u0142uch nakazom tej nauki, kt\u00f3rej was oddano, a uwolnieni od grzechu oddali\u015bcie si\u0119 w niewol\u0119 sprawiedliwo\u015bci. <\/b><\/i>Jak rozumie\u0107 to <b>\u00aboddanie si\u0119 w niewol\u0119 sprawiedliwo\u015bci\u00bb? <\/b><\/span><\/span><\/span><\/p>\n<p align=\"justify\"><span style=\"color: #000000;\"><span style=\"font-family: Book Antiqua, serif;\"><span style=\"font-size: large;\">Przypomina si\u0119 podobne stwierdzenie, u\u017cyte w swoim czasie przez wielkiego Prymasa Tysi\u0105clecia, Stefana Kardyna\u0142a Wyszy\u0144skiego \u2013 w odniesieniu do Matki Naj\u015bwi\u0119tszej, kt\u00f3rej oddawa\u0142 On ca\u0142y nasz Nar\u00f3d <b>w \u201emacierzy\u0144sk\u0105 niewol\u0119 mi\u0142o\u015bci\u201d.<\/b> Stwierdzenie to wywo\u0142a\u0142o poruszenie i niema\u0142o kontrowersji na ca\u0142ym \u015bwiecie, w tym tak\u017ce \u2013 <b>w Stolicy Apostolskiej, kt\u00f3ra wr\u0119cz za\u017c\u0105da\u0142a wyja\u015bnie\u0144. <\/b>Na szcz\u0119\u015bcie, mocny i pog\u0142\u0119biony <b>komentarz teologiczny,<\/b> opracowany przez \u00f3wczesnego Arcybiskupa Metropolit\u0119 Krakowskiego, <b>Kardyna\u0142a Karola Wojty\u0142\u0119, <\/b>pom\u00f3g\u0142 w zrozumieniu intencji i my\u015bli wielkiego Prymasa. <\/span><\/span><\/span><\/p>\n<p align=\"justify\"><span style=\"color: #000000;\"><span style=\"font-family: Book Antiqua, serif;\"><span style=\"font-size: large;\">A oto \u2013 jak s\u0142yszymy \u2013 ju\u017c Aposto\u0142 Pawe\u0142 u\u017cy\u0142 okre\u015blenia <b>\u201eniewola\u201d w kontek\u015bcie zupe\u0142nie nieoczywistym,<\/b> a wr\u0119cz na zasadzie oksymoronu, bo jak mo\u017cna m\u00f3wi\u0107 <b>o \u00abniewoli sprawiedliwo\u015bci\u00bb\u2026<\/b> Przecie\u017c niewola \u2013 to ra\u017c\u0105ca niesprawiedliwo\u015b\u0107 sama w sobie! Ale tutaj chodzi o takie <b>totalne oddanie samych siebie i ca\u0142ych siebie, <\/b>wszystkich swoich cz\u0142onk\u00f3w, do dyspozycji \u0142aski Bo\u017cej! A zatem \u2013 m\u00f3wimy <b>o podej\u015bciu maksymalistycznym, a nie minimalistycznym. <\/b><\/span><\/span><\/span><\/p>\n<p align=\"justify\"><span style=\"color: #000000;\"><span style=\"font-family: Book Antiqua, serif;\"><span style=\"font-size: large;\">Przypomina si\u0119 w tym momencie niejedna katecheza, na kt\u00f3rej uczniowie pytali:<b> \u201eProsz\u0119 Ksi\u0119dza, a czy jest grzechem\u2026?\u201d<\/b> \u2013 i tu wymieniali jakie\u015b post\u0119powanie lub jak\u0105\u015b postaw\u0119. Do\u015b\u0107 d\u0142ugo cierpliwie na to odpowiada\u0142em, staraj\u0105c si\u0119 rozpatrzy\u0107 dok\u0142adnie ka\u017cd\u0105 wskazan\u0105 sytuacj\u0119, ale w kt\u00f3rym\u015b momencie z<b>acz\u0105\u0142em prostowa\u0107 to my\u015blenie <\/b>tak\u0105 oto zach\u0119t\u0105, by nie patrzyli tylko, jak unikn\u0105\u0107 grzechu, <b>ale jak by\u0107 \u201ebardziej\u201d chrze\u015bcijaninem,<\/b> jak post\u0105pi\u0107 dobrze, a nawet lepiej; <b>jak \u201eda\u0107 z siebie wi\u0119cej\u201d!<\/b> <\/span><\/span><\/span><\/p>\n<p align=\"justify\"><span style=\"color: #000000;\"><span style=\"font-family: Book Antiqua, serif;\"><span style=\"font-size: large;\">M\u00f3wi\u0142em o tym, bo sam us\u0142ysza\u0142em \u2013 w swoim czasie \u2013 tak\u0105 zach\u0119t\u0119 Spowiednika, skierowan\u0105 do mnie: \u201eTy mniej koncentruj uwagi na walk\u0119 z grzechem,<b> a bardziej na to, by czyni\u0107 dobrze i jeszcze lepiej,<\/b> to i grzechu unikniesz!\u201d Z\u0142ota my\u015bl! <\/span><\/span><\/span><\/p>\n<p align=\"justify\"><span style=\"color: #000000;\"><span style=\"font-family: Book Antiqua, serif;\"><span style=\"font-size: large;\">W\u0142a\u015bnie o tych sprawach Jezus m\u00f3wi dzisiaj w Ewangelii w s\u0142owach: <i><b>S\u0142uga, kt\u00f3ry zna wol\u0119 swego pana, a nic nie przygotowa\u0142 i nie uczyni\u0142 zgodnie z jego wol\u0105, otrzyma wielk\u0105 ch\u0142ost\u0119. Ten za\u015b, kt\u00f3ry nie zna jego woli i uczyni\u0142 co\u015b godnego kary, otrzyma ma\u0142\u0105 ch\u0142ost\u0119. Komu wiele dano, od tego wiele wymaga\u0107 si\u0119 b\u0119dzie; a komu wiele zlecono, tym wi\u0119cej od niego \u017c\u0105da\u0107 b\u0119d\u0105.<\/b><\/i><b> <\/b>S\u0142owa te pad\u0142y po opowiedzeniu przypowie\u015bci <b>o zarz\u0105dcy dobrym i z\u0142ym, <\/b>z kt\u00f3rych jeden ca\u0142y czas stara\u0142 si\u0119 wype\u0142nia\u0107 wol\u0119 swego pana, a drugi \u2013 korzystaj\u0105c z jego nieobecno\u015bci \u2013 pozwala\u0142 sobie na samowol\u0119. <\/span><\/span><\/span><\/p>\n<p align=\"justify\"><span style=\"color: #000000;\"><span style=\"font-family: Book Antiqua, serif;\"><span style=\"font-size: large;\">Nam te\u017c, Drodzy moi,<b> du\u017co dano! <\/b>Jezus nam bardzo, ale to bardzo zaufa\u0142! Odda\u0142 nam <b>ca\u0142ego siebie i samego siebie!<\/b> Mo\u017cna wr\u0119cz powiedzie\u0107, \u017ce<b> odda\u0142 si\u0119 nam w niewol\u0119 mi\u0142o\u015bci! <\/b>Ca\u0142kowicie si\u0119 dla nas po\u015bwi\u0119ci\u0142! Czy wypada zatem nam \u2013 Jego uczniom, na\u015bladowcom, przyjacio\u0142om i \u015bwiadkom \u2013 <b>pozosta\u0107 na poziomie minimalistycznym, <\/b>czyli na zasadzie dawania z siebie \u201eodt\u0105d \u2013 dot\u0105d\u201d i ani milimetra dalej? Ani dekagrama mi\u0142o\u015bci wi\u0119cej?<b> Czy tak mo\u017cemy post\u0119powa\u0107? <\/b><\/span><\/span><\/span><\/p>\n<p align=\"justify\"><span style=\"color: #000000;\"><span style=\"font-family: Book Antiqua, serif;\"><span style=\"font-size: large;\">Odpowied\u017a jest oczywista! A dzisiaj jest ona <b>wzmocniona wyj\u0105tkowym \u015bwiadectwem<\/b> wielkiego Cz\u0142owieka, wielkiego Pasterza \u2013 <b>\u015awi\u0119tego Jana Paw\u0142a II.<\/b><\/span><\/span><\/span><\/p>\n<p align=\"justify\"><span style=\"color: #000000;\"><span style=\"font-family: Book Antiqua, serif;\"><span style=\"font-size: large;\">Jako<b> <\/b><b>Karol J\u00f3zef Wojty\u0142a<\/b> urodzi\u0142 si\u0119 <b>18 maja 1920 r<\/b><b>oku,<\/b><b> w Wadowicach,<\/b> niewielkim miasteczku nieopodal Krakowa, jako drugi syn Emilii i Karola Wojty\u0142\u00f3w. Zosta\u0142 ochrzczony w ko\u015bciele parafialnym <b>20 czerwca 1920 r<\/b><b>oku,<\/b> przez Ksi\u0119dza Franciszka \u017baka, kapelana wojskowego. Rodzice nadali imi\u0119 Karolowi na cze\u015b\u0107 ostatniego cesarza Austrii, Karola Habsburga. <\/span><\/span><\/span><\/p>\n<p align=\"justify\"><span style=\"color: #000000;\"><span style=\"font-family: Book Antiqua, serif;\"><span style=\"font-size: large;\">Rodzina Wojty\u0142\u00f3w \u017cy\u0142a skromnie. Jedynym \u017ar\u00f3d\u0142em utrzymania by\u0142a pensja ojca \u2013 wojskowego urz\u0119dnika w Powiatowej Komendzie Uzupe\u0142nie\u0144, w stopniu porucznika. <b>Edmund, <\/b><b>B<\/b><b>rat Karola,<\/b> studiowa\u0142 medycyn\u0119 w Krakowie i zosta\u0142 lekarzem. Wojty\u0142owie mieli <b>jeszcze jedno dziecko \u2013 Olg\u0119,<\/b> kt\u00f3ra zmar\u0142a zaraz po urodzeniu.<\/span><\/span><\/span><\/p>\n<p align=\"justify\"><span style=\"color: #000000;\"><span style=\"font-family: Book Antiqua, serif;\"><span style=\"font-size: large;\">W dzieci\u0144stwie Karola nazywano najcz\u0119\u015bciej zdrobnieniem imienia \u2013 <b>Lolek. <\/b>Uwa\u017cano go za ch\u0142opca utalentowanego i wysportowanego. <b>13 kwietnia 1929 r<\/b><b>oku<\/b><b> zmar\u0142a <\/b><b>M<\/b><b>atka Karola,<\/b> a trzy lata p\u00f3\u017aniej, w 1932 roku, w wieku dwudziestu sze\u015bciu lat, <b>zmar\u0142 na szkarlatyn\u0119 <\/b><b>B<\/b><b>rat Edmund.<\/b> Chorob\u0105 zarazi\u0142 si\u0119 od swojej pacjentki w szpitalu w Bielsku.<\/span><\/span><\/span><\/p>\n<p align=\"justify\"><span style=\"color: #000000;\"><span style=\"font-family: Book Antiqua, serif;\"><span style=\"font-size: large;\">Od wrze\u015bnia 1930 roku, Karol rozpocz\u0105\u0142 nauk\u0119 w o\u015bmioletnim <b>Pa\u0144stwowym Gimnazjum M\u0119skim<\/b> im. Marcina Jadowity w Wadowicach. Nie mia\u0142 \u017cadnych problem\u00f3w z nauk\u0105; ju\u017c w tym wieku, wed\u0142ug jego katechet\u00f3w, wyr\u00f3\u017cnia\u0142a go tak\u017ce <b>ogromna wiara.<\/b> 14 maja 1938 roku, Karol zako\u0144czy\u0142 nauk\u0119 w gimnazjum, otrzymuj\u0105c \u015bwiadectwo maturalne z ocen\u0105 celuj\u0105c\u0105, nast\u0119pnie wybra\u0142 <b>studia polonistyczne<\/b> na Wydziale Filozoficznym Uniwersytetu Jagiello\u0144skiego. Zamieszka\u0142 z ojcem w Krakowie. <\/span><\/span><\/span><\/p>\n<p align=\"justify\"><span style=\"color: #000000;\"><span style=\"font-family: Book Antiqua, serif;\"><span style=\"font-size: large;\">W lutym 1940 roku, pozna\u0142 osob\u0119 wa\u017cn\u0105 dla swego rozwoju duchownego. By\u0142 to <b>Jan Tyranowski,<\/b> kt\u00f3ry prowadzi\u0142 dla m\u0142odzie\u017cy m\u0119skiej ko\u0142o wiedzy religijnej. Uczestnicz\u0105cy w nim Wojty\u0142a pozna\u0142 w\u00f3wczas i po raz pierwszy czyta\u0142 <b>pisma <\/b><b>\u015awi\u0119tego<\/b><b> Jana od Krzy\u017ca.<\/b> 18 lutego 1941 roku, po d\u0142ugiej chorobie, <b>zmar\u0142 <\/b><b>O<\/b><b>jciec Karola.<\/b> By\u0142o to powa\u017cnym ciosem dla m\u0142odego ch\u0142opaka, kt\u00f3ry w dwudziestym pierwszym roku \u017cycia pozosta\u0142 zupe\u0142nie bez rodziny. <\/span><\/span><\/span><\/p>\n<p align=\"justify\"><span style=\"color: #000000;\"><span style=\"font-family: Book Antiqua, serif;\"><span style=\"font-size: large;\">Po \u015bmierci Ojca Karol Wojty\u0142a pozosta\u0142 bez \u015brodk\u00f3w do \u017cycia. W normalnych czasach m\u00f3g\u0142by liczy\u0107 na studenckie stypendium, ale w czasie wojny uczelnie nie dzia\u0142a\u0142y. Karol wykorzysta\u0142 ten czas na <b>intensywne samokszta\u0142cenie.<\/b> \u015arodowisko akademickie utrzymywa\u0142o wi\u0119zi i dzia\u0142a\u0142o w podziemiu. W 1942 i 1943 roku, jako reprezentant krakowskiej spo\u0142eczno\u015bci akademickiej, <b>udawa\u0142 si\u0119 do Cz\u0119stochowy,<\/b> by odnowi\u0107 \u015bluby jasnog\u00f3rskie. Tradycja akademickich pielgrzymek majowych, zapocz\u0105tkowana w 1936 roku, trwa do dzi\u015b.<\/span><\/span><\/span><\/p>\n<p align=\"justify\"><span style=\"color: #000000;\"><span style=\"font-family: Book Antiqua, serif;\"><span style=\"font-size: large;\">Za jedn\u0105 z najwa\u017cniejszych dla siebie inicjatyw okresu okupacji Karol uwa\u017ca\u0142 <b>prac\u0119 aktorsk\u0105<\/b> w konspiracyjnym <b>Teatrze Rapsodycznym,<\/b> pod kierownictwem Mieczys\u0142awa Kotlarczyka. Teatr ten dzia\u0142a\u0142 pod auspicjami podziemnej organizacji narodowo \u2013 katolickiej: Unia. W tym czasie powsta\u0142o <b>wiele utwor\u00f3w poetyckich Wojty\u0142y, <\/b>publikowanych p\u00f3\u017aniej pod pseudonimem <b>Andrzej Jawie\u0144. <\/b>Inne pseudonimy literackie to: <b>AJ, Piotr Jasie\u0144, <\/b>a od 1961 roku: <b>Stanis\u0142aw Andrzej Gruda.<\/b> Tw\u00f3rczo\u015b\u0107 literack\u0105 kontynuowa\u0142 tak\u017ce w latach p\u00f3\u017aniejszych.<\/span><\/span><\/span><\/p>\n<p align=\"justify\"><span style=\"color: #000000;\"><span style=\"font-family: Book Antiqua, serif;\"><span style=\"font-size: large;\">Karol podj\u0105\u0142 prac\u0119 jako <b>pracownik fizyczny<\/b> w zak\u0142adach chemicznych Solvay, pocz\u0105tkowo <b>w<\/b> <b>kamienio\u0142omie w Zakrz\u00f3wku,<\/b> a potem <b>w oczyszczalni sody w Borku Fa\u0142\u0119ckim.<\/b> Obecnie jest to ju\u017c terenie Krakowa. Wsp\u00f3\u0142pracownicy wspominali p\u00f3\u017aniej, \u017ce ka\u017cd\u0105 przerw\u0119 w pracy sp\u0119dza\u0142 zatopiony w lekturze. W drodze do pracy wst\u0119powa\u0142 <b>do kaplicy Si\u00f3str Matki Bo\u017cej Mi\u0142osierdzia w \u0141agiewnikach,<\/b> obok cmentarza, na kt\u00f3rym w 1938 roku, pochowano przysz\u0142\u0105 \u015awi\u0119t\u0105 \u2013 Siostr\u0119 Faustyn\u0119 Kowalsk\u0105.<\/span><\/span><\/span><\/p>\n<p align=\"justify\"><span style=\"color: #000000;\"><span style=\"font-family: Book Antiqua, serif;\"><span style=\"font-size: large;\">W 1942 roku, wst\u0105pi\u0142 do <b>tajnego Metropolitalnego Seminarium Duchownego w Krakowie,<\/b> nie przerywaj\u0105c pracy w Solvayu. W tym samym czasie rozpocz\u0105\u0142 w konspiracji studia na <b>Wydziale Teologicznym Uniwersytetu Jagiello\u0144skiego. <\/b>29 lutego 1944 roku, potr\u0105ci\u0142a go niemiecka ci\u0119\u017car\u00f3wka wojskowa i dwa tygodnie musia\u0142 sp\u0119dzi\u0107 w szpitalu. Zapytany po latach, czy \u0142\u0105czy w jaki\u015b spos\u00f3b ten wypadek z zamachem na swoje \u017cycie w 1981 roku, przyzna\u0142: <b>\u201eTak, w obu przypadkach czuwa\u0142a nade mn\u0105 Opatrzno\u015b\u0107\u201d.<\/b><\/span><\/span><\/span><\/p>\n<p align=\"justify\"><span style=\"color: #000000;\"><span style=\"font-family: Book Antiqua, serif;\"><span style=\"font-size: large;\">Kiedy w Warszawie wybuch\u0142o Powstanie, w Krakowie hitlerowski terror nasili\u0142 si\u0119: w tak zwan\u0105 <b>\u201eczarn\u0105 niedziel\u0119\u201d, 6 sierpnia 1944 r<\/b><b>oku,<\/b> Niemcy aresztowali ponad siedem tysi\u0119cy m\u0119\u017cczyzn. W\u00f3wczas kardyna\u0142 Sapieha, chc\u0105c ratowa\u0107 przysz\u0142ych kap\u0142an\u00f3w, zdecydowa\u0142, \u017ce <b>A<\/b><b>lumni maj\u0105 zamieszka\u0107 w pa\u0142acu arcybiskupim.<\/b> Tam Karol pozosta\u0142 do ko\u0144ca wojny, do czasu odbudowania krakowskiego seminarium na Podwalu. <\/span><\/span><\/span><\/p>\n<p align=\"justify\"><span style=\"color: #000000;\"><span style=\"font-family: Book Antiqua, serif;\"><span style=\"font-size: large;\">13 pa\u017adziernika 1946 roku, Alumn Metropolitalnego Seminarium Duchownego w Krakowie Karol Wojty\u0142a zosta\u0142 <b>subdiakonem,<\/b> a tydzie\u0144 p\u00f3\u017aniej <b>diakonem.<\/b> Ju\u017c <b>1 listopada 1946 r<\/b><b>oku,<\/b> Kardyna\u0142 Adam Stefan Sapieha wy\u015bwi\u0119ci\u0142 Karola na ksi\u0119dza. 2 listopada, jako Neoprezbiter, Karol Wojty\u0142a odprawi\u0142 <b>Msz\u0119 <\/b><b>\u015awi\u0119t\u0105<\/b><b> <\/b><b>P<\/b><b>rymicyjn\u0105<\/b> w Krypcie \u015awi\u0119tego Leonarda, w Katedrze na Wawelu.<\/span><\/span><\/span><\/p>\n<p align=\"justify\"><span style=\"color: #000000;\"><span style=\"font-family: Book Antiqua, serif;\"><span style=\"font-size: large;\">15 listopada 1946 roku, wraz z Klerykiem Stanis\u0142awem Starowiejskim, poprzez Pary\u017c wyjecha\u0142 do Rzymu, aby kontynuowa\u0107 studia na Papieskim Mi\u0119dzynarodowym \u201eAthenaeum<i> <\/i>Angelicum\u201d \u2013 obecnie jest to <b>Papieski Uniwersytet <\/b><b>\u015awi\u0119tego<\/b><b> Tomasza z Akwinu.<\/b> Podczas studi\u00f3w zamieszkiwa\u0142 w Kolegium Belgijskim, gdzie pozna\u0142 wielu duchownych z kraj\u00f3w frankofo\u0144skich oraz z USA. <b>W 1948 r<\/b><b>oku,<\/b><b> uko\u0144czy\u0142 studia<\/b> z dyplomem \u201esumma<i> <\/i>cum laude\u201d.<i> <\/i><\/span><\/span><\/span><\/p>\n<p align=\"justify\"><span style=\"color: #000000;\"><span style=\"font-family: Book Antiqua, serif;\"><span style=\"font-size: large;\">W lipcu 1948 roku, na okres siedmiu miesi\u0119cy, Ksi\u0105dz Karol zosta\u0142 <b>skierowany do pracy w <\/b><b>P<\/b><b>arafii Niegowi\u0107,<\/b> gdzie spe\u0142nia\u0142 zadania wikarego i katechety. W marcu 1949 roku, zosta\u0142 przeniesiony do <b>P<\/b><b>arafii <\/b><b>\u015awi\u0119tego<\/b><b> Floriana w Krakowie. <\/b>Tam za\u0142o\u017cy\u0142 ch\u00f3r gregoria\u0144ski, z kt\u00f3rym wkr\u00f3tce przygotowa\u0142 i od\u015bpiewa\u0142 <b>M<\/b><b>sz\u0119 \u201e<\/b><b>De<\/b><i><b> <\/b><\/i><b>Angelis\u201d <\/b><b>(<\/b><b>O Anio\u0142ach). <\/b><\/span><\/span><\/span><\/p>\n<p align=\"justify\"><span style=\"color: #000000;\"><span style=\"font-family: Book Antiqua, serif;\"><span style=\"font-size: large;\">Swoich Ch\u00f3rzyst\u00f3w zarazi\u0142 <b>pasj\u0105 i mi\u0142o\u015bci\u0105 do g\u00f3r<\/b> \u2013 razem przew\u0119drowali Gorce, Bieszczady i Beskid. Organizowali tak\u017ce sp\u0142ywy kajakowe na Mazurach. W Krakowie otrzyma\u0142 <b>w roku<\/b><b> 1948 tytu\u0142 doktora teologii, <\/b>kt\u00f3rego nie dosta\u0142 w Rzymie z powodu braku funduszy na wydanie drukiem rozprawy doktorskiej. Uzyskawszy, po \u015bmierci Kardyna\u0142a Sapiehy. urlop na prac\u0119 naukow\u0105, w latach 1951 \u2013 1953 <b>rozpocz\u0105\u0142 pisanie pracy habilitacyjnej, <\/b>kt\u00f3ra, chocia\u017c przyj\u0119ta w 1953 roku przez Rad\u0119 krakowskiego Wydzia\u0142u Teologicznego, zosta\u0142a odrzucona przez Ministerstwo O\u015bwiaty i tytu\u0142u docenta Karol Wojty\u0142a nie uzyska\u0142, a\u017c do roku 1957. W roku 1956 obj\u0105\u0142 za to <b>katedr\u0119 etyki Katolickiego Uniwersytetu Lubelskiego.<\/b><b> <\/b><\/span><\/span><\/span><\/p>\n<p align=\"justify\"><span style=\"color: #000000;\"><span style=\"font-family: Book Antiqua, serif;\"><span style=\"font-size: large;\">W 1958 r. Karol Wojty\u0142a zosta\u0142 mianowany <b>B<\/b><b>iskupem pomocniczym Krakowa<\/b> i Biskupem tytularnym Umbrii. Przyj\u0105\u0142 w\u00f3wczas, zgodnie z obyczajem, jako has\u0142o przewodnie swej pos\u0142ugi s\u0142owa: <b>\u201e<\/b><b>Totus<\/b><i><b> <\/b><\/i><b>tuus\u201d<\/b><i><b> <\/b><\/i><b>(Ca\u0142y Tw\u00f3j)<\/b><b> \u2013 <\/b>s\u0142owa skierowane do Matki Chrystusa. <b>Konsekracji biskupiej <\/b>Ksi\u0119dza Karola Wojty\u0142y dokona\u0142 <b>28 wrze\u015bnia 1958 r<\/b><b>oku,<\/b><b> <\/b>w Katedrze na Wawelu, Metropolita krakowski i lwowski, arcybiskup Eugeniusz Baziak. Wsp\u00f3\u0142konsekratorami byli Biskup Franciszek Jop i Biskup Boles\u0142aw Kominek. <\/span><\/span><\/span><\/p>\n<p align=\"justify\"><span style=\"color: #000000;\"><span style=\"font-family: Book Antiqua, serif;\"><span style=\"font-size: large;\">W tym okresie powsta\u0142y najg\u0142o\u015bniejsze prace Biskupa Wojty\u0142y, kt\u00f3re przynios\u0142y mu s\u0142aw\u0119 w\u015br\u00f3d teolog\u00f3w: <b>\u201eMi\u0142o\u015b\u0107 i odpowiedzialno\u015b\u0107\u201d<\/b> (w 1960 roku), oraz <b>\u201eOsoba i czyn\u201d<\/b> (w 1969 roku). W 1962 roku zosta\u0142 krajowym Duszpasterzem \u015brodowisk tw\u00f3rczych i inteligencji. Na okres biskupstwa Karola przypad\u0142y tak\u017ce <b>obrady Soboru Watyka\u0144skiego II,<\/b> w kt\u00f3rych aktywnie uczestniczy\u0142.<\/span><\/span><\/span><\/p>\n<p align=\"justify\"><span style=\"color: #000000;\"><span style=\"font-family: Book Antiqua, serif;\"><span style=\"font-size: large;\">30 grudnia 1963 roku, Karol Wojty\u0142a zosta\u0142 mianowany <b>A<\/b><b>rcybiskupem <\/b><b>M<\/b><b>etropolit\u0105 krakowskim.<\/b> Podczas konsystorza, w dniu <b>26 czerwca 1967 r<\/b><b>oku,<\/b><b> zosta\u0142 nominowany kardyna\u0142em.<\/b> 29 czerwca 1967 roku, otrzyma\u0142 w kaplicy Syksty\u0144skiej, od Papie\u017ca Paw\u0142a VI, czerwony biret, a jego ko\u015bcio\u0142em tytularnym sta\u0142 si\u0119 ko\u015bci\u00f3\u0142 \u015awi\u0119tego Cezarego M\u0119czennika na Palatynie.<\/span><\/span><\/span><\/p>\n<p align=\"justify\"><span style=\"color: #000000;\"><span style=\"font-family: Book Antiqua, serif;\"><span style=\"font-size: large;\">Jako Pasterz Diecezji stara\u0142 si\u0119 ogarnia\u0107 sw\u0105 pos\u0142ug\u0105 wszystkich potrzebuj\u0105cych. Wizytowa\u0142 parafie, odwiedza\u0142 klasztory. W 1965 roku, otworzy\u0142 <b>proces beatyfikacyjny <\/b><b>S<\/b><b>iostry Faustyny Kowalskiej.<\/b> Utrzymywa\u0142 dobry i \u015bcis\u0142y kontakt z inteligencj\u0105 krakowsk\u0105, zw\u0142aszcza ze \u015brodowiskiem naukowym i artystycznym. Zyska\u0142 <b>dojrza\u0142o\u015b\u0107 jako my\u015bliciel, <\/b>si\u0119gaj\u0105c nie tylko do rozleg\u0142ej tradycji filozoficznej, lecz tak\u017ce do Biblii i do mistyki. Zawsze by\u0142 mu bliski \u015awi\u0119ty Jan od Krzy\u017ca. Rozwija\u0142 te\u017c harmonijnie koncepcj\u0119 z pogranicza filozofii oraz teologii: <b>cz\u0142owieka jako integralnej osoby.<\/b> <\/span><\/span><\/span><\/p>\n<p align=\"justify\"><span style=\"color: #000000;\"><span style=\"font-family: Book Antiqua, serif;\"><span style=\"font-size: large;\">Sta\u0142 si\u0119 znanym poza Polsk\u0105 autorytetem. By\u0142 \u2013 obok Prymasa Polski, Kardyna\u0142a Stefana Wyszy\u0144skiego \u2013 <b>najwa\u017cniejsz\u0105 <\/b><b>p<\/b><b>ostaci\u0105 Episkopatu Polski. <\/b>Z Prymasem Tysi\u0105clecia \u015bci\u015ble wsp\u00f3\u0142pracowa\u0142, okazuj\u0105c szacunek dla jego do\u015bwiadczenia i m\u0105dro\u015bci. W nielicznych wolnych chwilach nadal z ch\u0119ci\u0105 je\u017adzi\u0142 na Podhale i w Tatry, chodzi\u0142 po g\u00f3rach, uprawia\u0142 narciarstwo. <\/span><\/span><\/span><\/p>\n<p align=\"justify\"><span style=\"color: #000000;\"><span style=\"font-family: Book Antiqua, serif;\"><span style=\"font-size: large;\">W nocy z 28 na 29 wrze\u015bnia 1978 roku, po zaledwie trzydziestu trzech dniach Pontyfikatu, <b>zmar\u0142 <\/b><b>P<\/b><b>apie\u017c Jan Pawe\u0142 I.<\/b> 14 pa\u017adziernika rozpocz\u0119\u0142o si\u0119 wi\u0119c drugie ju\u017c w tym roku Konklawe \u2013 zebranie Kardyna\u0142\u00f3w, maj\u0105ce wy\u0142oni\u0107 nowego Papie\u017ca. 16 pa\u017adziernika 1978 roku, oko\u0142o godziny 17:15, w si\u00f3dmym g\u0142osowaniu, Metropolita krakowski, Kardyna\u0142 Karol Wojty\u0142a, zosta\u0142 wybrany Papie\u017cem. Przyj\u0105\u0142 imi\u0119 <b>Jan Pawe\u0142 II.<\/b> O godz. 18:45, Kardyna\u0142 Pericle Felici og\u0142osi\u0142 wyb\u00f3r nowego papie\u017ca s\u0142awn\u0105 formu\u0142\u0105: <b>HABEMUS PAPAM!<\/b><b> <\/b>Jan Pawe\u0142 II udzieli\u0142 pierwszego b\u0142ogos\u0142awie\u0144stwa <b>\u201eUrbi et Orbi\u201d <\/b><b>(<\/b><b>Miastu i \u015awiatu<\/b><b>)<\/b><b>. <\/b><\/span><\/span><\/span><\/p>\n<p align=\"justify\"><span style=\"color: #000000;\"><span style=\"font-family: Book Antiqua, serif;\"><span style=\"font-size: large;\">22 pa\u017adziernika, na Placu \u015awi\u0119tego Piotra, odby\u0142a si\u0119 uroczysta inauguracja Pontyfikatu, a nast\u0119pnego dnia pierwsza audiencja dla czterech tysi\u0119cy Polak\u00f3w, zgromadzonych w Auli Paw\u0142a VI. Msza \u015awi\u0119ta, inauguruj\u0105ca Pontyfikat, <b>by\u0142a transmitowana przez radio i telewizj\u0119<\/b> na wszystkie kontynenty. Dla Polak\u00f3w, w kraju rz\u0105dzonym przez komunist\u00f3w, by\u0142a to pierwsza transmisja Mszy \u015awi\u0119tej od czas\u00f3w przedwojennych. 12 listopada Jan Pawe\u0142 II <b>uroczy\u015bcie obj\u0105\u0142 <\/b><b>K<\/b><b>atedr\u0119 Rzymu<\/b> \u2013 Bazylik\u0119 \u015awi\u0119tego Jana na Lateranie, staj\u0105c si\u0119 w ten spos\u00f3b Biskupem Rzymu.<\/span><\/span><\/span><\/p>\n<p align=\"justify\"><span style=\"color: #000000;\"><span style=\"font-family: Book Antiqua, serif;\"><span style=\"font-size: large;\">Jan Pawe\u0142 II by\u0142 pierwszym Papie\u017cem z Polski, jak r\u00f3wnie\u017c pierwszym po czterystu pi\u0119\u0107dziesi\u0119ciu pi\u0119ciu latach <b>B<\/b><b>iskupem Rzymu, nie b\u0119d\u0105cym W\u0142ochem.<\/b> Wyb\u00f3r na g\u0142ow\u0119 Ko\u015bcio\u0142a osoby z kraju socjalistycznego wp\u0142yn\u0105\u0142 znacz\u0105co na wydarzenia w Europie Wschodniej i w Azji w latach osiemdziesi\u0105tych i dziewi\u0119\u0107dziesi\u0105tych dwudziestego wieku. Pontyfikat Jana Paw\u0142a II <b>trwa\u0142 ponad <\/b><b>dwadzie\u015bcia sze\u015b\u0107<\/b><b> lat<\/b> i by\u0142 drugim co do d\u0142ugo\u015bci w dziejach Ko\u015bcio\u0142a. Najd\u0142u\u017cej \u2013 bo trzydzie\u015bci dwa lata \u2013 sprawowa\u0142 sw\u00f3j urz\u0105d Pius IX. Oczywi\u015bcie, <b>nie licz\u0105c <\/b><b>P<\/b><b>ontyfikatu Piotra<\/b> \u2013 pierwszego nast\u0119pcy Jezusa).<\/span><\/span><\/span><\/p>\n<p align=\"justify\"><span style=\"color: #000000;\"><span style=\"font-family: Book Antiqua, serif;\"><span style=\"font-size: large;\">Podczas wszystkich Pielgrzymek, Jan Pawe\u0142 II przeby\u0142 ponad <b>milion <\/b><b>sze\u015b\u0107set tysi\u0119cy<\/b><b> kilometr\u00f3w, <\/b>co odpowiada czterdziestokrotnemu okr\u0105\u017ceniu Ziemi wok\u00f3\u0142 r\u00f3wnika i czterokrotnej odleg\u0142o\u015bci mi\u0119dzy Ziemi\u0105 a Ksi\u0119\u017cycem. Jan Pawe\u0142 II odby\u0142 <b>sto dwie<\/b><b> <\/b><b>P<\/b><b>ielgrzymki zagraniczne,<\/b> podczas kt\u00f3rych odwiedzi\u0142 sto trzydzie\u015bci pi\u0119\u0107 kraj\u00f3w, oraz sto czterdzie\u015bci dwie podr\u00f3\u017ce na terenie W\u0142och, podczas kt\u00f3rych wyg\u0142osi\u0142 osiemset dziewi\u0119\u0107dziesi\u0105t osiem przem\u00f3wie\u0144. Z trzystu trzydziestu czterech istniej\u0105cych rzymskich Parafii odwiedzi\u0142 trzysta jeden. Jego celem by\u0142o <b>dotarcie do wszystkich <\/b><b>P<\/b><b>arafii \u2013<\/b> zabrak\u0142o niewiele. <\/span><\/span><\/span><\/p>\n<p align=\"justify\"><span style=\"color: #000000;\"><span style=\"font-family: Book Antiqua, serif;\"><span style=\"font-size: large;\">Jan Pawe\u0142 II mianowa\u0142 dwustu trzydziestu dw\u00f3ch Kardyna\u0142\u00f3w, w tym dziewi\u0119ciu Polak\u00f3w. Og\u0142osi\u0142 <b>tysi\u0105c trzystu osiemnastu<\/b><b> <\/b><b>B<\/b><b>\u0142ogos\u0142awionych,<\/b> w tym stu pi\u0119\u0107dziesi\u0119ciu czterech Polak\u00f3w, i <b>czterystu siedemdziesi\u0119ciu o\u015bmiu<\/b><b> <\/b><b>\u015a<\/b><b>wi\u0119tych.<\/b> Napisa\u0142 <b>czterna\u015bcie<\/b><b> <\/b><b>E<\/b><b>ncyklik, <\/b><b>czterna\u015bcie<\/b><b> <\/b><b>A<\/b><b>dhortacji, <\/b><b>jedena\u015bcie<\/b><b> <\/b><b>K<\/b><b>onstytucji <\/b>oraz <b>czterdzie\u015bci trzy<\/b><b> <\/b><b>L<\/b><b>isty apostolskie.<\/b> Powy\u017csze dane statystyczne nie oddaj\u0105 jednak nawet skrawka ogromnego dziedzictwa nauczania i Pontyfikatu pierwszego w dziejach Ko\u015bcio\u0142a Papie\u017ca \u2013 Polaka. <\/span><\/span><\/span><\/p>\n<p align=\"justify\"><span style=\"color: #000000;\"><span style=\"font-family: Book Antiqua, serif;\"><span style=\"font-size: large;\">Wprawdzie ju\u017c pocz\u0105wszy od Jana XXIII papiestwo zacz\u0119\u0142o <b>rezygnowa\u0107 z niekt\u00f3rych element\u00f3w ceremonia\u0142u, <\/b>jednak\u017ce dopiero Jan Pawe\u0142 II <b>zniwelowa\u0142 wi\u0119kszo\u015b\u0107 barier,<\/b> przyjmuj\u0105c postaw\u0119 Papie\u017ca bliskiego wszystkim ludziom: <b>P<\/b><b>apie\u017ca \u2013 <\/b><b>A<\/b><b>posto\u0142a.<\/b> Ch\u0119tnie spotyka\u0142 si\u0119 z m\u0142odymi lud\u017ami i po\u015bwi\u0119ca\u0142 im du\u017co uwagi. Na spotkanie w Rzymie, <b>w roku 1985,<\/b> kt\u00f3ry ONZ og\u0142osi\u0142a Mi\u0119dzynarodowym Rokiem M\u0142odzie\u017cy, napisa\u0142 List apostolski na temat roli m\u0142odo\u015bci jako okresu szczeg\u00f3lnego kszta\u0142towania drogi \u017cycia, <b>a 20 grudnia zapocz\u0105tkowa\u0142 tradycj\u0119 \u015awiatowych Dni M\u0142odzie\u017cy. <\/b>Odt\u0105d co roku przygotowywa\u0142 <b>or\u0119dzie, skierowane do <\/b><b>M<\/b><b>\u0142odych,<\/b> kt\u00f3re stawa\u0142o si\u0119 tematem mi\u0119dzynarodowego spotkania, organizowanego w r\u00f3\u017cnych miejscach \u015bwiata, na przyk\u0142ad, w 1991 roku, w Cz\u0119stochowie, a w 2016 roku \u2013 w Krakowie.<\/span><\/span><\/span><\/p>\n<p align=\"justify\"><span style=\"color: #000000;\"><span style=\"font-family: Book Antiqua, serif;\"><span style=\"font-size: large;\">Chocia\u017c Kardyna\u0142 Wojty\u0142a, rozpoczynaj\u0105c pos\u0142ug\u0119 Piotrow\u0105, by\u0142 \u2013 jak na Papie\u017ca \u2013 bardzo m\u0142ody, bo mia\u0142 pi\u0119\u0107dziesi\u0105t osiem lat, cieszy\u0142 si\u0119 dobrym zdrowiem i by\u0142 wysportowany, to <b>niemal ca\u0142y jego <\/b><b>P<\/b><b>ontyfikat naznaczony by\u0142 cierpieniem. <\/b>Choroby Jana Paw\u0142a II zacz\u0119\u0142y si\u0119 od pami\u0119tnego zamachu na \u017cycie Papie\u017ca. <b>13 maja 1981,<\/b> podczas audiencji generalnej na Placu \u015awi\u0119tego Piotra w Rzymie, o godzinie 17:19, <b>P<\/b><b>apie\u017c zosta\u0142 postrzelony <\/b>przez tureckiego zamachowca Mehmeta Ali Agc\u0119, w brzuch oraz r\u0119k\u0119. Ocalenie, jak sam wielokrotnie podkre\u015bla\u0142, <b>zawdzi\u0119cza\u0142 Matce Bo\u017cej Fatimskiej,<\/b> kt\u00f3rej rocznic\u0119 objawie\u0144 tego dnia obchodzono. Powiedzia\u0142 p\u00f3\u017aniej: \u201eJedna r\u0119ka strzela\u0142a, a inna kierowa\u0142a kul\u0119\u201d. <\/span><\/span><\/span><\/p>\n<p align=\"justify\"><span style=\"color: #000000;\"><span style=\"font-family: Book Antiqua, serif;\"><span style=\"font-size: large;\">Ca\u0142y \u015bwiat zamar\u0142 w oczekiwaniu na wynik sze\u015bciogodzinnej operacji w Poliklinice Gemelli. Papie\u017c sp\u0119dzi\u0142 wtedy na rehabilitacji w szpitalu dwadzie\u015bcia dwa dni. Niestety, <b>do pe\u0142nego zdrowia nie powr\u00f3ci\u0142 nigdy.<\/b> Nast\u0119pstwa postrza\u0142u spowodowa\u0142y<b> liczne komplikacje zdrowotne,<\/b> konieczno\u015b\u0107 kolejnych operacji, pobyty w szpitalu. Zaraz po zamachu, w przekazie nadanym przez Radio Watyka\u0144skie, Papie\u017c powiedzia\u0142: <b>\u201eModl\u0119 si\u0119 za brata, kt\u00f3ry zada\u0142 mi cios, i szczerze mu przebaczam\u201d.<\/b> P\u00f3\u017aniej odwiedzi\u0142 zamachowca w wi\u0119zieniu.<\/span><\/span><\/span><\/p>\n<p align=\"justify\"><span style=\"color: #000000;\"><span style=\"font-family: Book Antiqua, serif;\"><span style=\"font-size: large;\">Papie\u017c nigdy nie ukrywa\u0142 swojego stanu zdrowia. <b>Cierpia\u0142 na oczach t\u0142um\u00f3w,<\/b> kt\u00f3rym w ten spos\u00f3b dawa\u0142 niezwyk\u0142\u0105 katechez\u0119. Wielokrotnie te\u017c <b>podkre\u015bla\u0142 warto\u015b\u0107 choroby<\/b> i zwraca\u0142 si\u0119 do ludzi chorych i starszych o modlitewne wspieranie jego Pontyfikatu.<\/span><\/span><\/span><\/p>\n<p align=\"justify\"><span style=\"color: #000000;\"><span style=\"font-family: Book Antiqua, serif;\"><span style=\"font-size: large;\">W pierwsz\u0105 rocznic\u0119 zamachu na Placu \u015bwi\u0119tego Piotra, 13 maja 1982 roku, Papie\u017c uda\u0142 si\u0119 <b>z dzi\u0119kczynn\u0105 pielgrzymk\u0105 do Fatimy.<\/b> Tam, podczas nabo\u017ce\u0144stwa, niezr\u00f3wnowa\u017cony m\u0119\u017cczyzna Juan Fern\u00e1ndez y Krohn, <b>lekko ugodzi\u0142 <\/b><b>P<\/b><b>apie\u017ca no\u017cem. <\/b>Ochrona szybko obezw\u0142adni\u0142a napastnika, a Papie\u017c doko\u0144czy\u0142 nabo\u017ce\u0144stwo, pomimo krwawienia. Na szcz\u0119\u015bcie, ten drugi zamach nie mia\u0142 powa\u017cnych nast\u0119pstw. <\/span><\/span><\/span><\/p>\n<p align=\"justify\"><span style=\"color: #000000;\"><span style=\"font-family: Book Antiqua, serif;\"><span style=\"font-size: large;\">Jan Pawe\u0142 II, od pocz\u0105tku lat dziewi\u0119\u0107dziesi\u0105tych, cierpia\u0142 na <b>post\u0119puj\u0105c\u0105 chorob\u0119 Parkinsona.<\/b> Mimo licznych spekulacji i sugestii <b>ust\u0105pienia z funkcji,<\/b> kt\u00f3re nasila\u0142y si\u0119 w mediach zw\u0142aszcza podczas kolejnych pobyt\u00f3w Papie\u017ca w szpitalu, <b>pe\u0142ni\u0142 j\u0105 a\u017c do \u015bmierci.<\/b> Nag\u0142e pogorszenie stanu zdrowia papie\u017ca rozpocz\u0119\u0142o si\u0119 <b>1 lutego 2005 r<\/b><b>oku<\/b><b>.<\/b> Przez ostatnie dwa miesi\u0105ce \u017cycia, Jan Pawe\u0142 II wiele dni sp\u0119dzi\u0142 w szpitalu i nie pojawia\u0142 si\u0119 publicznie. <b>Przeszed\u0142 gryp\u0119 i zabieg tracheotomii, <\/b>wykonany z powodu niewydolno\u015bci oddechowej. W czwartek, 31 marca, wyst\u0105pi\u0142y u Ojca \u015awi\u0119tego silne dreszcze ze wzrostem temperatury cia\u0142a do 39,6 st. C. By\u0142 to <b>pocz\u0105tek wstrz\u0105su septycznego<\/b> po\u0142\u0105czonego z zapa\u015bci\u0105 sercowo-naczyniow\u0105.<\/span><\/span><\/span><\/p>\n<p align=\"justify\"><span style=\"color: #000000;\"><span style=\"font-family: Book Antiqua, serif;\"><span style=\"font-size: large;\">Kiedy medycyna nie mog\u0142a ju\u017c pom\u00f3c, uszanowano wol\u0119 Papie\u017ca, kt\u00f3ry <b>chcia\u0142 pozosta\u0107 w domu. <\/b>Podczas Mszy \u015awi\u0119tej, sprawowanej przy jego \u0142o\u017cu, kt\u00f3r\u0105 Jan Pawe\u0142 II koncelebrowa\u0142 z przymkni\u0119tymi oczyma, kardyna\u0142 Marian Jaworski udzieli\u0142 mu <b>S<\/b><b>akramentu <\/b><b>N<\/b><b>amaszczenia. <\/b>2 kwietnia 2005 roku, o godzinie 7:30, Papie\u017c zacz\u0105\u0142 traci\u0107 przytomno\u015b\u0107. W tym czasie, w pokoju Umieraj\u0105cego, czuwali najbli\u017csi, a przed oknami, na Placu \u015awi\u0119tego Piotra, <b>modli\u0142 si\u0119 wielotysi\u0119czny t\u0142um.<\/b> Relacje na ca\u0142y \u015bwiat nadawa\u0142y wszystkie media. Wieczorem, przy \u0142\u00f3\u017cku Chorego, odprawiono Msz\u0119 \u015awi\u0119t\u0105 z Wigilii \u015awi\u0119ta Mi\u0142osierdzia Bo\u017cego. Oko\u0142o godziny 19:00, Jan Pawe\u0142 II wszed\u0142 w stan \u015bpi\u0105czki. Monitor wykaza\u0142 post\u0119puj\u0105cy zanik funkcji \u017cyciowych. <\/span><\/span><\/span><\/p>\n<p align=\"justify\"><span style=\"color: #000000;\"><span style=\"font-family: Book Antiqua, serif;\"><span style=\"font-size: large;\"><b>O godz<\/b><b>inie<\/b><b> 21:37, <\/b>osobisty papieski Lekarz, Renato Buzzonetti, <b>stwierdzi\u0142 \u015bmier\u0107 Jana Paw\u0142a II. <\/b>Jan Pawe\u0142 II odszed\u0142 do Domu Ojca po zako\u0144czeniu Apelu Jasnog\u00f3rskiego, w pierwsz\u0105 sobot\u0119 miesi\u0105ca i Wigili\u0119 \u015awi\u0119ta Mi\u0142osierdzia Bo\u017cego, kt\u00f3re sam ustanowi\u0142. <\/span><\/span><\/span><\/p>\n<p align=\"justify\"><span style=\"color: #000000;\"><span style=\"font-family: Book Antiqua, serif;\"><span style=\"font-size: large;\"><b>Pogrzeb Jana Paw\u0142a II odby\u0142 si\u0119 w pi\u0105tek, 8 kwietnia 2005 r<\/b><b>oku<\/b><b>. <\/b>Uczestniczy\u0142o w nim, na Placu \u015awi\u0119tego Piotra i w ca\u0142ym Rzymie, oko\u0142o trzystu tysi\u0119cy wiernych oraz dwustu Prezydent\u00f3w i Premier\u00f3w, a tak\u017ce <b>P<\/b><b>rzedstawiciele wszystkich wyzna\u0144 \u015bwiata,<\/b> w tym duchowni islamscy i \u017cydowscy. Po zako\u0144czeniu nabo\u017ce\u0144stwa \u017ca\u0142obnego, w asy\u015bcie tylko duchownych z najbli\u017cszego otoczenia, Papie\u017c zosta\u0142 <b>pochowany w podziemiach <\/b><b>B<\/b><b>azyliki <\/b><b>\u015awi\u0119tego<\/b><b> Piotra,<\/b> w krypcie B\u0142ogos\u0142awionego Jana XXIII, beatyfikowanego w 2000 roku.<\/span><\/span><\/span><\/p>\n<p align=\"justify\"><span style=\"color: #000000;\"><span style=\"font-family: Book Antiqua, serif;\"><span style=\"font-size: large;\">13 maja 2005 roku, Papie\u017c Benedykt XVI zezwoli\u0142 <b>na natychmiastowe rozpocz\u0119cie procesu beatyfikacyjnego<\/b> Jana Paw\u0142a II, udzielaj\u0105c dyspensy od konieczno\u015bci zachowania pi\u0119cioletniego okresu od \u015bmierci kandydata, jaki jest wymagany przez prawo kanoniczne. Formalny proces rozpocz\u0105\u0142 si\u0119 28 czerwca 2005 roku, kiedy zaprzysi\u0119\u017ceni zostali cz\u0142onkowie trybuna\u0142u beatyfikacyjnego. <b>Postulatorem zosta\u0142 ksi\u0105dz S\u0142awomir Oder.<\/b> 23 marca 2007 roku, trybuna\u0142 diecezjalny, badaj\u0105cy tajemnic\u0119 uzdrowienia jednej z francuskich zakonnic, Marie Simon \u2013 Pierre, za wstawiennictwem Papie\u017ca Polaka, <b>potwierdzi\u0142 fakt zaistnienia cudu.<\/b> Po niespodziewanym uzdrowieniu, o kt\u00f3re na modlitwie prosi\u0142y za wstawiennictwem zmar\u0142ego Papie\u017ca Cz\u0142onkinie jej zgromadzenia, <b>Siostra<\/b><b> Marie powr\u00f3ci\u0142a do pracy w szpitalu dzieci\u0119cym.<\/b> Przy okazji podania tej wiadomo\u015bci Ksi\u0105dz Oder poinformowa\u0142, \u017ce istnieje kilkaset \u015bwiadectw dotycz\u0105cych <b>innych uzdrowie\u0144<\/b> za wstawiennictwem Jana Paw\u0142a II.<\/span><\/span><\/span><\/p>\n<p align=\"justify\"><span style=\"color: #000000;\"><span style=\"font-family: Book Antiqua, serif;\"><span style=\"font-size: large;\">2 kwietnia 2007 roku, mia\u0142o miejsce oficjalne <b>zamkni\u0119cie diecezjalnej fazy<\/b> procesu beatyfikacyjnego w Bazylice \u015awi\u0119tego Jana na Lateranie, w obecno\u015bci wikariusza generalnego Rzymu, Kardyna\u0142a Camillo Ruiniego. 16 listopada 2009 roku, w watyka\u0144skiej Kongregacji Spraw Kanonizacyjnych odby\u0142o si\u0119 <b>posiedzenie <\/b><b>K<\/b><b>omisji <\/b><b>K<\/b><b>ardyna\u0142\u00f3w<\/b> w sprawie Beatyfikacji Jana Paw\u0142a II. Obrady komisji zako\u0144czy\u0142o g\u0142osowanie, w kt\u00f3rym podj\u0119to decyzj\u0119 o skierowaniu do Benedykta XVI <b>pro\u015bby o wyniesienie polskiego <\/b><b>P<\/b><b>apie\u017ca na o\u0142tarze.<\/b> 19 grudnia 2009 roku, Papie\u017c Benedykt XVI <b>podpisa\u0142 dekret o uznaniu heroiczno\u015bci cn\u00f3t<\/b> Jana Paw\u0142a II, kt\u00f3ry zamkn\u0105\u0142 zasadnicz\u0105 cz\u0119\u015b\u0107 jego procesu beatyfikacyjnego. <\/span><\/span><\/span><\/p>\n<p align=\"justify\"><span style=\"color: #000000;\"><span style=\"font-family: Book Antiqua, serif;\"><span style=\"font-size: large;\">Jednocze\u015bnie rozpocz\u0119\u0142o si\u0119 <b>dochodzenie, dotycz\u0105ce cudu uzdrowienia,<\/b> przypisywanego wstawiennictwu polskiego Papie\u017ca. 12 stycznia 2011 roku, komisja Kongregacji Spraw Kanonizacyjnych <b>zaaprobowa\u0142a cud <\/b>za wstawiennictwem Jana Paw\u0142a II, polegaj\u0105cy na uzdrowieniu francuskiej zakonnicy. Zgodnie z Konstytucj\u0105 apostolsk\u0105 Jana Paw\u0142a II <b>\u201e<\/b><b>Divinus perfectionis Magister<\/b><b>\u201d, <\/b><b>z 1983 r<\/b><b>oku,<\/b><b> <\/b>ustalaj\u0105c\u0105 nowe zasady post\u0119powania kanonizacyjnego, orzeczenie Kongregacji zosta\u0142o przedstawione Papie\u017cowi, kt\u00f3ry jako jedyny ma prawo decydowa\u0107 o ko\u015bcielnym kulcie publicznym S\u0142ug Bo\u017cych. <\/span><\/span><\/span><\/p>\n<p align=\"justify\"><span style=\"color: #000000;\"><span style=\"font-family: Book Antiqua, serif;\"><span style=\"font-size: large;\">14 stycznia 2011 roku, <b>P<\/b><b>apie\u017c Benedykt XVI podpisa\u0142 dekret o cudzie<\/b> i wyznaczy\u0142 na dzie\u0144<b> 1 maja 2011 r<\/b><b>oku<\/b><b> <\/b><b>B<\/b><b>eatyfikacj\u0119 <\/b><b>P<\/b><b>apie\u017ca Jana Paw\u0142a II.<\/b> Dokona\u0142 jej <b>osobi\u015bcie<\/b> podczas uroczystej Mszy \u015awi\u0119tej na Placu \u015awi\u0119tego Piotra w Rzymie, kt\u00f3r\u0105 koncelebrowa\u0142o kilka tysi\u0119cy Kardyna\u0142\u00f3w, Arcybiskup\u00f3w i Biskup\u00f3w z ca\u0142ego \u015bwiata. Liczba wiernych, uczestnicz\u0105cych w nabo\u017ce\u0144stwie, jest szacowana na p\u00f3\u0142tora miliona, w tym <b>trzysta tysi\u0119cy Polak\u00f3w.<\/b> <\/span><\/span><\/span><\/p>\n<p align=\"justify\"><span style=\"color: #000000;\"><span style=\"font-family: Book Antiqua, serif;\"><span style=\"font-size: large;\">Warto wspomnie\u0107, \u017ce Benedykt XVI uczyni\u0142 wyj\u0105tek, <b>osobi\u015bcie przewodnicz\u0105c <\/b><b>B<\/b><b>eatyfikacji<\/b> swojego Poprzednika \u2013 jako zwyczajn\u0105 praktyk\u0119 Benedykt XVI przyj\u0105\u0142 bowiem, \u017ce Beatyfikacjom przewodniczy jego delegat, a on sam dokonuje jedynie Kanonizacji. Na dat\u0119 liturgicznego wspomnienia B\u0142ogos\u0142awionego Jana Paw\u0142a II wybrano dzie\u0144 <b>22 pa\u017adziernika, <\/b>przypadaj\u0105cy w rocznic\u0119 uroczystej inauguracji Pontyfikatu Papie\u017ca \u2013 Polaka.<\/span><\/span><\/span><\/p>\n<p align=\"justify\"><span style=\"color: #000000;\"><span style=\"font-family: Book Antiqua, serif;\"><span style=\"font-size: large;\">Papie\u017c Franciszek dokona\u0142 Kanonizacji Jana Paw\u0142a II, <b>w Niedziel\u0119 Bo\u017cego Mi\u0142osierdzia, 27 kwietnia 2014 roku, <\/b>w Rzymie. Do chwa\u0142y \u015awi\u0119tych Jan Pawe\u0142 II zosta\u0142 wyniesiony razem z jednym ze swoich Poprzednik\u00f3w, Janem XXIII.<b> <\/b><\/span><\/span><\/span><\/p>\n<p align=\"justify\"><span style=\"color: #000000;\"><span style=\"font-size: large;\"><span style=\"font-family: Book Antiqua, serif;\"><b>W liturgii brewiarzowej,<\/b><\/span><span style=\"font-family: Book Antiqua, serif;\"> spo\u015br\u00f3d tak bardzo obszernego i bogatego duchowego dorobku Jana Paw\u0142a II, wybrano <\/span><span style=\"font-family: Book Antiqua, serif;\"><b>fragment homilii, wyg\u0142oszonej przez niego w dniu inauguracji Pontyfikatu, 22 pa\u017adziernika 1978 roku.<\/b><\/span><span style=\"font-family: Book Antiqua, serif;\"> S\u0142owa te \u2013 z niezbadanych wyrok\u00f3w Bo\u017cych i za Bo\u017cym natchnieniem \u2013 sta\u0142y si\u0119 my\u015bl\u0105 przewodni\u0105 i wyznaczy\u0142y g\u0142\u00f3wny kierunek ca\u0142ej jego papieskiej pos\u0142ugi. <\/span><\/span><\/span><\/p>\n<p align=\"justify\"><span style=\"color: #000000;\"><span style=\"font-size: large;\"><span style=\"font-family: Book Antiqua, serif;\">A oto te s\u0142owa: \u201ePiotr przyby\u0142 do Rzymu! Co go skierowa\u0142o i przyprowadzi\u0142o do tego Miasta, serca Imperium Rzymskiego, <\/span><span style=\"font-family: Book Antiqua, serif;\"><b>je\u015bli nie pos\u0142usze\u0144stwo natchnieniu otrzymanemu od Pana?<\/b><\/span><span style=\"font-family: Book Antiqua, serif;\"> Mo\u017ce ten rybak z Galilei nie chcia\u0142by przyj\u015b\u0107 a\u017c tutaj. Mo\u017ce wola\u0142by pozosta\u0107 tam, nad brzegami jeziora Genezaret, ze swoj\u0105 \u0142odzi\u0105, ze swoimi sieciami. Ale prowadzony przez Pana, pos\u0142uszny Jego natchnieniu, przyby\u0142 tutaj! <\/span><\/span><\/span><\/p>\n<p align=\"justify\"><span style=\"color: #000000;\"><span style=\"font-size: large;\"><span style=\"font-family: Book Antiqua, serif;\">Wed\u0142ug dawnej tradycji, w czasie prze\u015bladowania za Nerona, Piotr chcia\u0142 opu\u015bci\u0107 Rzym. Ale wkroczy\u0142 Pan: wyszed\u0142 mu naprzeciw. Piotr zwr\u00f3ci\u0142 si\u0119 do Niego pytaj\u0105co: <\/span><span style=\"font-family: Book Antiqua, serif;\"><b>\u201e<\/b><\/span><span style=\"font-family: Book Antiqua, serif;\"><b>Quo vadis Domine?\u201d \u2013<\/b><\/span><span style=\"font-family: Book Antiqua, serif;\"><b> \u201eDok\u0105d idziesz, Panie?\u201d.<\/b><\/span><span style=\"font-family: Book Antiqua, serif;\"> A Pan odpowiedzia\u0142 mu natychmiast: <\/span><span style=\"font-family: Book Antiqua, serif;\"><b>\u201eId\u0119 do Rzymu, by Mnie ukrzy\u017cowano po raz drugi\u201d.<\/b><\/span><span style=\"font-family: Book Antiqua, serif;\"> Piotr powr\u00f3ci\u0142 do Rzymu i pozosta\u0142 tutaj a\u017c do swego ukrzy\u017cowania. <\/span><\/span><\/span><\/p>\n<p align=\"justify\"><span style=\"color: #000000;\"><span style=\"font-size: large;\"><span style=\"font-family: Book Antiqua, serif;\">Nasz czas wzywa nas, sk\u0142ania nas, zobowi\u0105zuje nas do wpatrywania si\u0119 w Pana i pogr\u0105\u017cenia si\u0119 w pokornym i pobo\u017cnym rozwa\u017caniu tajemnicy najwy\u017cszej w\u0142adzy samego Chrystusa. Ten, kt\u00f3ry narodzi\u0142 si\u0119 z Dziewicy Maryi, Syn cie\u015bli \u2013 jak mniemano; Syn Boga \u017cywego \u2013 jak wyzna\u0142 Piotr, <\/span><span style=\"font-family: Book Antiqua, serif;\"><b>przyszed\u0142, aby nas wszystkich uczyni\u0107 \u201ekr\u00f3lewskim kap\u0142a\u0144stwem\u201d.<\/b><\/span> <\/span><\/span><\/p>\n<p align=\"justify\"><span style=\"color: #000000;\"><span style=\"font-size: large;\"><span style=\"font-family: Book Antiqua, serif;\">Sob\u00f3r Watyka\u0144ski II przypomnia\u0142 nam tajemnic\u0119 tej w\u0142adzy i fakt, \u017ce <\/span><span style=\"font-family: Book Antiqua, serif;\"><b>misja Chrystusa \u2013 Kap\u0142ana, Proroka (Nauczyciela) i Kr\u00f3la \u2013 trwa dalej w Ko\u015bciele.<\/b><\/span><span style=\"font-family: Book Antiqua, serif;\"> Wszyscy, ca\u0142y lud Bo\u017cy uczestniczy w tej trojakiej misji. I mo\u017ce w przesz\u0142o\u015bci wk\u0142adano na g\u0142ow\u0119 papie\u017ca tiar\u0119, t\u0119 potr\u00f3jn\u0105 koron\u0119, aby wyrazi\u0107 przez ten symbol, \u017ce ca\u0142y hierarchiczny ustr\u00f3j Ko\u015bcio\u0142a Chrystusowego, ca\u0142a jego \u201e\u015bwi\u0119ta w\u0142adza\u201d w nim sprawowana, nie jest niczym innym jak s\u0142u\u017cb\u0105 \u2013 <\/span><span style=\"font-family: Book Antiqua, serif;\"><b>s\u0142u\u017cb\u0105, kt\u00f3ra ma na celu tylko jedno: aby ca\u0142y lud Bo\u017cy by\u0142 uczestnikiem tej trojakiej misji Chrystusa i pozostawa\u0142 zawsze pod w\u0142adz\u0105 Pana,<\/b><\/span><span style=\"font-family: Book Antiqua, serif;\"> kt\u00f3ra bierze sw\u00f3j pocz\u0105tek nie z mocy tego \u015bwiata, lecz od Ojca Niebieskiego oraz z tajemnicy krzy\u017ca i zmartwychwstania.<\/span><\/span><\/span><\/p>\n<p align=\"justify\"><span style=\"color: #000000;\"><span style=\"font-size: large;\"><span style=\"font-family: Book Antiqua, serif;\">Ta absolutna, a jednak mi\u0142a i s\u0142odka w\u0142adza Pana, odpowiada ca\u0142ej g\u0142\u0119bi cz\u0142owieka, jego najwznio\u015blejszym aspiracjom umys\u0142u, woli, serca. <\/span><span style=\"font-family: Book Antiqua, serif;\"><b>Ona nie przemawia j\u0119zykiem si\u0142y, lecz wyra\u017ca si\u0119 w mi\u0142o\u015bci i w prawdzie. <\/b><\/span><\/span><\/span><\/p>\n<p align=\"justify\"><span style=\"color: #000000;\"><span style=\"font-size: large;\"><span style=\"font-family: Book Antiqua, serif;\">Nowy Nast\u0119pca Piotra na Rzymskiej Stolicy wypowiada dzisiaj gor\u0105c\u0105, pokorn\u0105, ufn\u0105 modlitw\u0119: \u201eO Chryste! Spraw, bym m\u00f3g\u0142 sta\u0107 si\u0119 i by\u0107 <\/span><span style=\"font-family: Book Antiqua, serif;\"><b>s\u0142ug\u0105 Twojej jedynej w\u0142adzy! S\u0142ug\u0105 Twojej s\u0142odkiej w\u0142adzy! S\u0142ug\u0105 Twojej w\u0142adzy, kt\u00f3ra nie przemija!<\/b><\/span><span style=\"font-family: Book Antiqua, serif;\"> Spraw, bym potrafi\u0142 by\u0107 s\u0142ug\u0105! Co wi\u0119cej \u2013 <\/span><span style=\"font-family: Book Antiqua, serif;\"><b>s\u0142ug\u0105 Twoich s\u0142ug!\u201d. <\/b><\/span><\/span><\/span><\/p>\n<p align=\"justify\"><span style=\"color: #000000;\"><span style=\"font-size: large;\"><span style=\"font-family: Book Antiqua, serif;\">Bracia i Siostry! <\/span><span style=\"font-family: Book Antiqua, serif;\"><b>Nie obawiajcie si\u0119 przyj\u0105\u0107 Chrystusa i zgodzi\u0107 si\u0119 na Jego w\u0142adz\u0119! Pom\u00f3\u017ccie Papie\u017cowi<\/b><\/span><span style=\"font-family: Book Antiqua, serif;\"> i wszystkim, kt\u00f3rzy chc\u0105 s\u0142u\u017cy\u0107 Chrystusowi i przy pomocy w\u0142adzy Chrystusowej s\u0142u\u017cy\u0107 cz\u0142owiekowi i ca\u0142ej ludzko\u015bci! <\/span><\/span><\/span><\/p>\n<p align=\"justify\"><span style=\"color: #000000;\"><span style=\"font-family: Book Antiqua, serif;\"><span style=\"font-size: large;\"><b>NIE L\u0118KAJCIE SI\u0118! OTW\u00d3RZCIE, OTW\u00d3RZCIE NA O\u015aCIE\u017b DRZWI CHRYSTUSOWI! JEGO ZBAWCZEJ W\u0141ADZY OTW\u00d3RZCIE GRANICE PA\u0143STW, USTROJ\u00d3W EKONOMICZNYCH I POLITYCZNYCH, SZEROKICH DZIEDZIN KULTURY, CYWILIZACJI, ROZWOJU. NIE L\u0118KAJCIE SI\u0118! CHRYSTUS WIE, \u201eCO JEST W CZ\u0141OWIEKU\u201d. TYLKO ON TO WIE! <\/b><\/span><\/span><\/span><\/p>\n<p align=\"justify\"><span style=\"color: #000000;\"><span style=\"font-family: Book Antiqua, serif;\"><span style=\"font-size: large;\">Dzisiaj tak cz\u0119sto cz\u0142owiek nie wie, co nosi w sobie, w g\u0142\u0119bi swojej duszy, swego serca. Tak cz\u0119sto jest <b>niepewny sensu swego \u017cycia na tej ziemi.<\/b> Tak cz\u0119sto opanowuje go zw\u0105tpienie, kt\u00f3re przechodzi w rozpacz. Pozw\u00f3lcie zatem \u2013 prosz\u0119 was, b\u0142agam was z pokor\u0105 i ufno\u015bci\u0105 \u2013 <b>pozw\u00f3lcie Chrystusowi m\u00f3wi\u0107 do cz\u0142owieka. <\/b>Tylko On ma s\u0142owa \u017cycia,<b> tak, \u017cycia wiecznego!\u201d<\/b> Tyle Jan Pawe\u0142 II w swojej monumentalnej homilii \u2013 mo\u017cna by rzec: przem\u00f3wieniu programowym \u2013 na rozpocz\u0119cie Pontyfikatu.<\/span><\/span><\/span><\/p>\n<p align=\"justify\"><span style=\"color: #000000;\"><span style=\"font-family: Book Antiqua, serif;\"><span style=\"font-size: large;\">Wpatrzeni w \u015bwietlany wz\u00f3r Jego \u015bwi\u0119to\u015bci oraz zas\u0142uchani w Bo\u017ce s\u0142owo dzisiejszej liturgii, zapytajmy raz jeszcze samych siebie<b> <\/b><b>o <\/b><b>nasz maksymalizm w sprawach wiary\u2026 <\/b>A mo\u017ce \u2013 niestety \u2013 minimalizm?\u2026 Oby nie!<\/span><\/span><\/span><\/p>\n","protected":false},"excerpt":{"rendered":"<p>Szcz\u0119\u015b\u0107 Bo\u017ce! Moi Drodzy, w dniu dzisiejszym urodziny prze\u017cywaj\u0105: \u25ba Ksi\u0105dz Andrzej Kuflikowski, Proboszcz Parafii \u015awi\u0119tego Ojca Pio w Warszawie, gdzie przez rok pracowa\u0142em; \u25ba Bart\u0142omiej Przybysz, nale\u017c\u0105cy \u2013 w swoim czasie \u2013 do Wsp\u00f3lnoty m\u0142odzie\u017cowej w Tr\u0105bkach. \u017bycz\u0119 obu Jubilatom, aby czerpali jak najwi\u0119cej wzoru z postawy \u015awi\u0119tego, kt\u00f3rego wspomnienie wypada w dniu Ich [&hellip;]<\/p>\n","protected":false},"author":1,"featured_media":0,"comment_status":"open","ping_status":"open","sticky":false,"template":"","format":"standard","meta":{"jetpack_post_was_ever_published":false,"_jetpack_newsletter_access":"","_jetpack_dont_email_post_to_subs":false,"_jetpack_newsletter_tier_id":0,"_jetpack_memberships_contains_paywalled_content":false,"_jetpack_memberships_contains_paid_content":false,"footnotes":""},"categories":[1],"tags":[],"class_list":["post-24365","post","type-post","status-publish","format-standard","hentry","category-bez-kategorii"],"yoast_head":"<!-- This site is optimized with the Yoast SEO plugin v25.1 - https:\/\/yoast.com\/wordpress\/plugins\/seo\/ -->\n<title>W niewoli sprawiedliwo\u015bci... - Gaudium Et Spes<\/title>\n<meta name=\"robots\" content=\"index, follow, max-snippet:-1, max-image-preview:large, max-video-preview:-1\" \/>\n<link rel=\"canonical\" href=\"https:\/\/gaudiumetspes-blog.pl\/index.php\/2025\/10\/22\/w-niewoli-sprawiedliwosci-2\/\" \/>\n<meta property=\"og:locale\" content=\"pl_PL\" \/>\n<meta property=\"og:type\" content=\"article\" \/>\n<meta property=\"og:title\" content=\"W niewoli sprawiedliwo\u015bci... - Gaudium Et Spes\" \/>\n<meta property=\"og:description\" content=\"Szcz\u0119\u015b\u0107 Bo\u017ce! Moi Drodzy, w dniu dzisiejszym urodziny prze\u017cywaj\u0105: \u25ba Ksi\u0105dz Andrzej Kuflikowski, Proboszcz Parafii \u015awi\u0119tego Ojca Pio w Warszawie, gdzie przez rok pracowa\u0142em; \u25ba Bart\u0142omiej Przybysz, nale\u017c\u0105cy \u2013 w swoim czasie \u2013 do Wsp\u00f3lnoty m\u0142odzie\u017cowej w Tr\u0105bkach. \u017bycz\u0119 obu Jubilatom, aby czerpali jak najwi\u0119cej wzoru z postawy \u015awi\u0119tego, kt\u00f3rego wspomnienie wypada w dniu Ich [&hellip;]\" \/>\n<meta property=\"og:url\" content=\"https:\/\/gaudiumetspes-blog.pl\/index.php\/2025\/10\/22\/w-niewoli-sprawiedliwosci-2\/\" \/>\n<meta property=\"og:site_name\" content=\"Gaudium Et Spes\" \/>\n<meta property=\"article:published_time\" content=\"2025-10-22T05:53:14+00:00\" \/>\n<meta name=\"author\" content=\"Ks. Jacek\" \/>\n<meta name=\"twitter:card\" content=\"summary_large_image\" \/>\n<meta name=\"twitter:label1\" content=\"Napisane przez\" \/>\n\t<meta name=\"twitter:data1\" content=\"Ks. Jacek\" \/>\n\t<meta name=\"twitter:label2\" content=\"Szacowany czas czytania\" \/>\n\t<meta name=\"twitter:data2\" content=\"28 minut\" \/>\n<script type=\"application\/ld+json\" class=\"yoast-schema-graph\">{\"@context\":\"https:\/\/schema.org\",\"@graph\":[{\"@type\":\"WebPage\",\"@id\":\"https:\/\/gaudiumetspes-blog.pl\/index.php\/2025\/10\/22\/w-niewoli-sprawiedliwosci-2\/\",\"url\":\"https:\/\/gaudiumetspes-blog.pl\/index.php\/2025\/10\/22\/w-niewoli-sprawiedliwosci-2\/\",\"name\":\"W niewoli sprawiedliwo\u015bci... - Gaudium Et Spes\",\"isPartOf\":{\"@id\":\"https:\/\/gaudiumetspes-blog.pl\/#website\"},\"datePublished\":\"2025-10-22T05:53:14+00:00\",\"author\":{\"@id\":\"https:\/\/gaudiumetspes-blog.pl\/#\/schema\/person\/1661982992b752dea8dff0d4ed845a65\"},\"breadcrumb\":{\"@id\":\"https:\/\/gaudiumetspes-blog.pl\/index.php\/2025\/10\/22\/w-niewoli-sprawiedliwosci-2\/#breadcrumb\"},\"inLanguage\":\"pl-PL\",\"potentialAction\":[{\"@type\":\"ReadAction\",\"target\":[\"https:\/\/gaudiumetspes-blog.pl\/index.php\/2025\/10\/22\/w-niewoli-sprawiedliwosci-2\/\"]}]},{\"@type\":\"BreadcrumbList\",\"@id\":\"https:\/\/gaudiumetspes-blog.pl\/index.php\/2025\/10\/22\/w-niewoli-sprawiedliwosci-2\/#breadcrumb\",\"itemListElement\":[{\"@type\":\"ListItem\",\"position\":1,\"name\":\"Strona g\u0142\u00f3wna\",\"item\":\"https:\/\/gaudiumetspes-blog.pl\/\"},{\"@type\":\"ListItem\",\"position\":2,\"name\":\"W niewoli sprawiedliwo\u015bci&#8230;\"}]},{\"@type\":\"WebSite\",\"@id\":\"https:\/\/gaudiumetspes-blog.pl\/#website\",\"url\":\"https:\/\/gaudiumetspes-blog.pl\/\",\"name\":\"Gaudium Et Spes\",\"description\":\"Blog Ks. Jacka Ja\u015bkowskiego\",\"potentialAction\":[{\"@type\":\"SearchAction\",\"target\":{\"@type\":\"EntryPoint\",\"urlTemplate\":\"https:\/\/gaudiumetspes-blog.pl\/?s={search_term_string}\"},\"query-input\":{\"@type\":\"PropertyValueSpecification\",\"valueRequired\":true,\"valueName\":\"search_term_string\"}}],\"inLanguage\":\"pl-PL\"},{\"@type\":\"Person\",\"@id\":\"https:\/\/gaudiumetspes-blog.pl\/#\/schema\/person\/1661982992b752dea8dff0d4ed845a65\",\"name\":\"Ks. Jacek\",\"image\":{\"@type\":\"ImageObject\",\"inLanguage\":\"pl-PL\",\"@id\":\"https:\/\/gaudiumetspes-blog.pl\/#\/schema\/person\/image\/\",\"url\":\"https:\/\/gaudiumetspes-blog.pl\/wp-content\/uploads\/2019\/07\/avatar-JJ-150x150.jpg\",\"contentUrl\":\"https:\/\/gaudiumetspes-blog.pl\/wp-content\/uploads\/2019\/07\/avatar-JJ-150x150.jpg\",\"caption\":\"Ks. Jacek\"},\"description\":\"Witam serdecznie! K\u0142ania si\u0119 Ks. Jacek Ja\u015bkowski. Nie jestem ani kim\u015b wa\u017cnym, ani kim\u015b znanym. Jestem ksi\u0119dzem, kt\u00f3ry po prostu chce rozmawia\u0107. Codzienna kap\u0142a\u0144ska pos\u0142uga pokazuje mi, \u017ce temat\u00f3w do rozm\u00f3w z ksi\u0119dzem jest coraz wi\u0119cej i dzisiaj \u017caden ksi\u0105dz nie mo\u017ce od nich ucieka\u0107, ale - wprost przeciwnie - podejmowa\u0107 nowe wyzwania. To przekonanie sk\u0142oni\u0142o mnie do pr\u00f3by otwarcia tego\u017c bloga, chocia\u017c okazji do rozm\u00f3w na co dzie\u0144 - w konfesjonale i poza nim - na szcz\u0119\u015bcie nie brakuje. My\u015bl\u0119 jednak, \u017ce ten blog b\u0119dzie jeszcze jednym sposobem i przestrzeni\u0105 nawi\u0105zania kontaktu z lud\u017ami dobrej woli, otwartymi na dialog.\",\"url\":\"https:\/\/gaudiumetspes-blog.pl\/index.php\/author\/ks-jacek\/\"}]}<\/script>\n<!-- \/ Yoast SEO plugin. -->","yoast_head_json":{"title":"W niewoli sprawiedliwo\u015bci... - Gaudium Et Spes","robots":{"index":"index","follow":"follow","max-snippet":"max-snippet:-1","max-image-preview":"max-image-preview:large","max-video-preview":"max-video-preview:-1"},"canonical":"https:\/\/gaudiumetspes-blog.pl\/index.php\/2025\/10\/22\/w-niewoli-sprawiedliwosci-2\/","og_locale":"pl_PL","og_type":"article","og_title":"W niewoli sprawiedliwo\u015bci... - Gaudium Et Spes","og_description":"Szcz\u0119\u015b\u0107 Bo\u017ce! Moi Drodzy, w dniu dzisiejszym urodziny prze\u017cywaj\u0105: \u25ba Ksi\u0105dz Andrzej Kuflikowski, Proboszcz Parafii \u015awi\u0119tego Ojca Pio w Warszawie, gdzie przez rok pracowa\u0142em; \u25ba Bart\u0142omiej Przybysz, nale\u017c\u0105cy \u2013 w swoim czasie \u2013 do Wsp\u00f3lnoty m\u0142odzie\u017cowej w Tr\u0105bkach. \u017bycz\u0119 obu Jubilatom, aby czerpali jak najwi\u0119cej wzoru z postawy \u015awi\u0119tego, kt\u00f3rego wspomnienie wypada w dniu Ich [&hellip;]","og_url":"https:\/\/gaudiumetspes-blog.pl\/index.php\/2025\/10\/22\/w-niewoli-sprawiedliwosci-2\/","og_site_name":"Gaudium Et Spes","article_published_time":"2025-10-22T05:53:14+00:00","author":"Ks. Jacek","twitter_card":"summary_large_image","twitter_misc":{"Napisane przez":"Ks. Jacek","Szacowany czas czytania":"28 minut"},"schema":{"@context":"https:\/\/schema.org","@graph":[{"@type":"WebPage","@id":"https:\/\/gaudiumetspes-blog.pl\/index.php\/2025\/10\/22\/w-niewoli-sprawiedliwosci-2\/","url":"https:\/\/gaudiumetspes-blog.pl\/index.php\/2025\/10\/22\/w-niewoli-sprawiedliwosci-2\/","name":"W niewoli sprawiedliwo\u015bci... - Gaudium Et Spes","isPartOf":{"@id":"https:\/\/gaudiumetspes-blog.pl\/#website"},"datePublished":"2025-10-22T05:53:14+00:00","author":{"@id":"https:\/\/gaudiumetspes-blog.pl\/#\/schema\/person\/1661982992b752dea8dff0d4ed845a65"},"breadcrumb":{"@id":"https:\/\/gaudiumetspes-blog.pl\/index.php\/2025\/10\/22\/w-niewoli-sprawiedliwosci-2\/#breadcrumb"},"inLanguage":"pl-PL","potentialAction":[{"@type":"ReadAction","target":["https:\/\/gaudiumetspes-blog.pl\/index.php\/2025\/10\/22\/w-niewoli-sprawiedliwosci-2\/"]}]},{"@type":"BreadcrumbList","@id":"https:\/\/gaudiumetspes-blog.pl\/index.php\/2025\/10\/22\/w-niewoli-sprawiedliwosci-2\/#breadcrumb","itemListElement":[{"@type":"ListItem","position":1,"name":"Strona g\u0142\u00f3wna","item":"https:\/\/gaudiumetspes-blog.pl\/"},{"@type":"ListItem","position":2,"name":"W niewoli sprawiedliwo\u015bci&#8230;"}]},{"@type":"WebSite","@id":"https:\/\/gaudiumetspes-blog.pl\/#website","url":"https:\/\/gaudiumetspes-blog.pl\/","name":"Gaudium Et Spes","description":"Blog Ks. Jacka Ja\u015bkowskiego","potentialAction":[{"@type":"SearchAction","target":{"@type":"EntryPoint","urlTemplate":"https:\/\/gaudiumetspes-blog.pl\/?s={search_term_string}"},"query-input":{"@type":"PropertyValueSpecification","valueRequired":true,"valueName":"search_term_string"}}],"inLanguage":"pl-PL"},{"@type":"Person","@id":"https:\/\/gaudiumetspes-blog.pl\/#\/schema\/person\/1661982992b752dea8dff0d4ed845a65","name":"Ks. Jacek","image":{"@type":"ImageObject","inLanguage":"pl-PL","@id":"https:\/\/gaudiumetspes-blog.pl\/#\/schema\/person\/image\/","url":"https:\/\/gaudiumetspes-blog.pl\/wp-content\/uploads\/2019\/07\/avatar-JJ-150x150.jpg","contentUrl":"https:\/\/gaudiumetspes-blog.pl\/wp-content\/uploads\/2019\/07\/avatar-JJ-150x150.jpg","caption":"Ks. Jacek"},"description":"Witam serdecznie! K\u0142ania si\u0119 Ks. Jacek Ja\u015bkowski. Nie jestem ani kim\u015b wa\u017cnym, ani kim\u015b znanym. Jestem ksi\u0119dzem, kt\u00f3ry po prostu chce rozmawia\u0107. Codzienna kap\u0142a\u0144ska pos\u0142uga pokazuje mi, \u017ce temat\u00f3w do rozm\u00f3w z ksi\u0119dzem jest coraz wi\u0119cej i dzisiaj \u017caden ksi\u0105dz nie mo\u017ce od nich ucieka\u0107, ale - wprost przeciwnie - podejmowa\u0107 nowe wyzwania. To przekonanie sk\u0142oni\u0142o mnie do pr\u00f3by otwarcia tego\u017c bloga, chocia\u017c okazji do rozm\u00f3w na co dzie\u0144 - w konfesjonale i poza nim - na szcz\u0119\u015bcie nie brakuje. My\u015bl\u0119 jednak, \u017ce ten blog b\u0119dzie jeszcze jednym sposobem i przestrzeni\u0105 nawi\u0105zania kontaktu z lud\u017ami dobrej woli, otwartymi na dialog.","url":"https:\/\/gaudiumetspes-blog.pl\/index.php\/author\/ks-jacek\/"}]}},"jetpack_featured_media_url":"","jetpack_sharing_enabled":true,"_links":{"self":[{"href":"https:\/\/gaudiumetspes-blog.pl\/index.php\/wp-json\/wp\/v2\/posts\/24365","targetHints":{"allow":["GET"]}}],"collection":[{"href":"https:\/\/gaudiumetspes-blog.pl\/index.php\/wp-json\/wp\/v2\/posts"}],"about":[{"href":"https:\/\/gaudiumetspes-blog.pl\/index.php\/wp-json\/wp\/v2\/types\/post"}],"author":[{"embeddable":true,"href":"https:\/\/gaudiumetspes-blog.pl\/index.php\/wp-json\/wp\/v2\/users\/1"}],"replies":[{"embeddable":true,"href":"https:\/\/gaudiumetspes-blog.pl\/index.php\/wp-json\/wp\/v2\/comments?post=24365"}],"version-history":[{"count":1,"href":"https:\/\/gaudiumetspes-blog.pl\/index.php\/wp-json\/wp\/v2\/posts\/24365\/revisions"}],"predecessor-version":[{"id":24366,"href":"https:\/\/gaudiumetspes-blog.pl\/index.php\/wp-json\/wp\/v2\/posts\/24365\/revisions\/24366"}],"wp:attachment":[{"href":"https:\/\/gaudiumetspes-blog.pl\/index.php\/wp-json\/wp\/v2\/media?parent=24365"}],"wp:term":[{"taxonomy":"category","embeddable":true,"href":"https:\/\/gaudiumetspes-blog.pl\/index.php\/wp-json\/wp\/v2\/categories?post=24365"},{"taxonomy":"post_tag","embeddable":true,"href":"https:\/\/gaudiumetspes-blog.pl\/index.php\/wp-json\/wp\/v2\/tags?post=24365"}],"curies":[{"name":"wp","href":"https:\/\/api.w.org\/{rel}","templated":true}]}}