{"id":24367,"date":"2025-10-23T08:09:12","date_gmt":"2025-10-23T06:09:12","guid":{"rendered":"https:\/\/gaudiumetspes-blog.pl\/?p=24367"},"modified":"2025-10-23T08:09:12","modified_gmt":"2025-10-23T06:09:12","slug":"celujmy-w-swietosc","status":"publish","type":"post","link":"https:\/\/gaudiumetspes-blog.pl\/index.php\/2025\/10\/23\/celujmy-w-swietosc\/","title":{"rendered":"Celujmy w \u015bwi\u0119to\u015b\u0107!"},"content":{"rendered":"<p align=\"justify\"><span style=\"color: #000000;\"><span style=\"font-family: Book Antiqua, serif;\"><span style=\"font-size: large;\">Szcz\u0119\u015b\u0107 Bo\u017ce! Moi Drodzy, w dniu dzisiejszym <b>moja Siostrzenica, Weronika Nied\u017awiedzka, ma rocznic\u0119 Chrztu \u015awi\u0119tego. Modl\u0119 si\u0119 dla Niej o siln\u0105 wiar\u0119, <\/b><b>o g\u0142\u0119bok\u0105, chrze\u015bcija\u0144sk\u0105 mi\u0142o\u015b\u0107, a wreszcie: o rado\u015b\u0107 i nadziej\u0119! Czyli: gaudium et spes!<\/b><\/span><\/span><\/span><\/p>\n<p align=\"justify\"><span style=\"color: #000000;\"><span style=\"font-family: Book Antiqua, serif;\"><span style=\"font-size: large;\"><b>Urodziny natomiast prze\u017cywa Jakub Zieli\u0144ski \u2013 Lektor w Parafii w Miastkowie Ko\u015bcielnym. Modl\u0119 si\u0119 o wszelkie dary Bo\u017ce dla Niego. <\/b><\/span><\/span><\/span><\/p>\n<p align=\"justify\"><span style=\"color: #000000;\"><span style=\"font-family: Book Antiqua, serif;\"><span style=\"font-size: large;\">A ja dzisiaj \u2013 jak co czwartek \u2013 planuj\u0119 dy\u017cur duszpasterski na Wydzia\u0142ach przy ulicy \u017bytniej 39. Mam nadziej\u0119, \u017ce dzisiaj ju\u017c w pe\u0142nym wymiarze. Po czym wracam do siebie i zasadniczo mam czas dla siebie. <\/span><\/span><\/span><\/p>\n<p align=\"justify\"><span style=\"color: #000000;\"><span style=\"font-family: Book Antiqua, serif;\"><span style=\"font-size: large;\">Natomiast o 21:00 planuj\u0119 Msz\u0119 \u015awi\u0119t\u0105 w Duszpasterstwie, a to na pro\u015bb\u0119 Pani Dziekan Wydzia\u0142u Nauk \u015acis\u0142ych i Przyrodniczych, Profesor Marzeny Sta\u0144skiej, kt\u00f3ra z Gronem najbli\u017cszych chce si\u0119 modli\u0107 o \u0142ask\u0119 zdrowia i wytrwa\u0142o\u015bci w chorobie dla swojej Przyjaci\u00f3\u0142ki. A poniewa\u017c Pani Dziekan ma dzisiaj bardzo aktywny i pracowity dzie\u0144 na Uczelni (jakby kt\u00f3rykolwiek dzie\u0144 mia\u0142 by\u0107 inny\u2026), to ustalili\u015bmy nasze modlitewne spotkanie o tej p\u00f3\u017aniejszej porze. Ale Duszpasterstwo Akademickie tak w\u0142a\u015bnie dzia\u0142a. <\/span><\/span><\/span><\/p>\n<p align=\"justify\"><span style=\"color: #000000;\"><span style=\"font-family: Book Antiqua, serif;\"><span style=\"font-size: large;\">A teraz ju\u017c zapraszam do pochylenia si\u0119 nad Bo\u017cym s\u0142owem dzisiejszej liturgii. Oto s\u0142\u00f3wko Ksi\u0119dza Marka na dzi\u015b:<\/span><\/span><\/span><\/p>\n<p align=\"justify\"><span style=\"color: #000000;\"><span style=\"font-family: Book Antiqua, serif;\"><span style=\"font-size: medium;\"><a href=\"https:\/\/www.youtube.com\/c\/CatholicSurgut\"><span style=\"font-size: large;\"><span lang=\"zxx\"><u><b>https:\/\/www.youtube.com\/c\/CatholicSurgut<\/b><\/u><\/span><\/span><\/a><\/span><\/span><\/span><\/p>\n<p align=\"justify\"><span style=\"color: #000000;\"><span style=\"font-family: Book Antiqua, serif;\"><span style=\"font-size: large;\"><span lang=\"zxx\">Poni\u017cej za\u015b \u2013 s\u0142\u00f3wko Janka. Jak zawsze \u2013 radykalne, pe\u0142ne entuzjazmu, a nade wszystko: szczerej wiary! Bardzo przekonuj\u0105co brzmi zach\u0119ta do <\/span><span lang=\"zxx\">\u201e<\/span><span lang=\"zxx\">celowania <\/span><span lang=\"zxx\">w \u015bwi\u0119to\u015b\u0107<\/span><span lang=\"zxx\">\u201d. We\u017amy sobie do serca s\u0142\u00f3wko Janka! A ja bardzo, ale to bardzo gor\u0105co Jankowi dzi\u0119kuj\u0119! Niech Pan b\u0119dzie uwielbiony w Jego codziennej pos\u0142udze, kt\u00f3r\u0105 na r\u00f3\u017cnych p\u0142aszczyznach z zapa\u0142em spe\u0142nia!<\/span><\/span><\/span><\/span><\/p>\n<p align=\"justify\"><span style=\"color: #000000;\"><span style=\"font-family: Book Antiqua, serif;\"><span style=\"font-size: large;\"><span lang=\"zxx\">Zatem, <\/span><span lang=\"zxx\"><b>c<\/b><\/span><b>o dzi\u015b m\u00f3wi do mnie Pan? Z jakim osobistym przes\u0142aniem zwraca si\u0119 do mnie osobi\u015bcie?<\/b> Duchu \u015awi\u0119ty, otw\u00f3rz nasze serca\u2026 <\/span><\/span><\/span><\/p>\n<p align=\"justify\"><span style=\"color: #000000;\"><span style=\"font-family: Book Antiqua, serif;\"><span style=\"font-size: large;\"><b>Niech Was b\u0142ogos\u0142awi B\u00f3g Wszechmog\u0105cy: Ojciec + i Syn, i Duch \u015awi\u0119ty. Amen<\/b><\/span><\/span><\/span><\/p>\n<p align=\"center\"><span style=\"color: #000000;\"><span style=\"font-family: Book Antiqua, serif;\"><span style=\"font-size: large;\">Gaudium et spes! Ks. Jacek<\/span><\/span><\/span><\/p>\n<p align=\"center\">\n<p align=\"center\">\n<p align=\"center\">\n<p align=\"center\">\n<p align=\"center\">\n<p align=\"justify\"><span style=\"color: #000000;\"><span style=\"font-family: Book Antiqua, serif;\"><span style=\"font-size: large;\"><b>Czwartek 29 Tygodnia zwyk\u0142ego, rok I,<\/b><\/span><\/span><\/span><\/p>\n<p align=\"justify\"><span style=\"color: #000000;\"><span style=\"font-family: Book Antiqua, serif;\"><span style=\"font-size: large;\"><b>23 pa\u017adziernika 2025.,\u00a0<\/b><\/span><\/span><\/span><\/p>\n<p align=\"justify\"><span style=\"color: #000000;\"><span style=\"font-family: Book Antiqua, serif;\"><span style=\"font-size: large;\"><b>do czyta\u0144: Rz 6,19\u201323; \u0141k 12,49\u201353<\/b><\/span><\/span><\/span><\/p>\n<p align=\"justify\">\n<p align=\"justify\">\n<p align=\"justify\">\n<p align=\"justify\">\n<p align=\"justify\">\n<p align=\"justify\"><span style=\"color: #000000;\"><span style=\"font-family: Book Antiqua, serif;\"><span style=\"font-size: large;\"><b>CZYTANIE Z LISTU \u015aWI\u0118TEGO PAW\u0141A APOSTO\u0141A DO RZYMIAN:<\/b><\/span><\/span><\/span><\/p>\n<p align=\"justify\"><span style=\"color: #000000;\"><span style=\"font-family: Book Antiqua, serif;\"><span style=\"font-size: large;\"><b>Bracia: Ze wzgl\u0119du na przyrodzon\u0105 wasz\u0105 s\u0142abo\u015b\u0107 pos\u0142uguj\u0119 si\u0119 por\u00f3wnaniem wzi\u0119tym z ludzkich stosunk\u00f3w: jak oddawali\u015bcie cz\u0142onki wasze na s\u0142u\u017cb\u0119 nieczysto\u015bci i nieprawo\u015bci, pogr\u0105\u017caj\u0105c si\u0119 w nieprawo\u015b\u0107, tak teraz wydajcie cz\u0142onki wasze na s\u0142u\u017cb\u0119 sprawiedliwo\u015bci, dla u\u015bwi\u0119cenia.<\/b><\/span><\/span><\/span><\/p>\n<p align=\"justify\"><span style=\"color: #000000;\"><span style=\"font-family: Book Antiqua, serif;\"><span style=\"font-size: large;\"><b>Kiedy bowiem byli\u015bcie niewolnikami grzechu, byli\u015bcie wolni od s\u0142u\u017cby sprawiedliwo\u015bci. Jaki\u017c jednak po\u017cytek mieli\u015bcie w\u00f3wczas z tych czyn\u00f3w, kt\u00f3rych si\u0119 teraz wstydzicie? Przecie\u017c ko\u0144cem ich jest \u015bmier\u0107.<\/b><\/span><\/span><\/span><\/p>\n<p align=\"justify\"><span style=\"color: #000000;\"><span style=\"font-family: Book Antiqua, serif;\"><span style=\"font-size: large;\"><b>Teraz za\u015b, po wyzwoleniu z grzechu i oddaniu si\u0119 na s\u0142u\u017cb\u0119 Bogu jako owoc zbieracie u\u015bwi\u0119cenie. A ko\u0144cem tego jest \u017cycie wieczne. Albowiem zap\u0142at\u0105 za grzech jest \u015bmier\u0107, a \u0142aska przez Boga dana to \u017cycie wieczne w Chrystusie Jezusie, Panu naszym.<\/b><\/span><\/span><\/span><\/p>\n<p align=\"justify\">\n<p align=\"justify\">\n<p align=\"justify\">\n<p align=\"justify\">\n<p align=\"justify\">\n<p align=\"justify\"><span style=\"color: #000000;\"><span style=\"font-family: Book Antiqua, serif;\"><span style=\"font-size: large;\"><b>S\u0141OWA EWANGELII WED\u0141UG \u015aWI\u0118TEGO \u0141UKASZA:<\/b><\/span><\/span><\/span><\/p>\n<p align=\"justify\"><span style=\"color: #000000;\"><span style=\"font-family: Book Antiqua, serif;\"><span style=\"font-size: large;\"><b>Jezus powiedzia\u0142 do swoich uczni\u00f3w: \u201ePrzyszed\u0142em ogie\u0144 rzuci\u0107 na ziemi\u0119 i jak\u017ce bardzo pragn\u0119, \u017ceby on ju\u017c zap\u0142on\u0105\u0142. Chrzest mam przyj\u0105\u0107 i jakiej doznaj\u0119 udr\u0119ki, a\u017c si\u0119 to stanie.<\/b><\/span><\/span><\/span><\/p>\n<p align=\"justify\"><span style=\"color: #000000;\"><span style=\"font-family: Book Antiqua, serif;\"><span style=\"font-size: large;\"><b>Czy my\u015blicie, \u017ce przyszed\u0142em da\u0107 ziemi pok\u00f3j? Nie, powiadam wam, lecz roz\u0142am. Odt\u0105d bowiem pi\u0119cioro b\u0119dzie rozdwojonych w jednym domu: troje stanie przeciw dwojgu, a dwoje przeciw trojgu; ojciec przeciw synowi, a syn przeciw ojcu; matka przeciw c\u00f3rce, a c\u00f3rka przeciw matce; te\u015bciowa przeciw synowej, a synowa przeciw te\u015bciowej\u201d.<\/b><\/span><\/span><\/span><\/p>\n<p align=\"justify\">\n<p align=\"justify\">\n<p align=\"justify\">\n<p align=\"justify\">\n<p align=\"justify\">\n<p align=\"center\"><span style=\"color: #000000;\"><span style=\"font-family: Book Antiqua, serif;\"><span style=\"font-size: large;\"><b>A OTO S\u0141\u00d3WKO JANKA:<\/b><\/span><\/span><\/span><\/p>\n<p align=\"center\">\n<p align=\"center\">\n<p align=\"center\">\n<p align=\"center\">\n<p align=\"center\">\n<p align=\"justify\"><span style=\"color: #000000;\"><span style=\"font-family: Book Antiqua, serif;\"><span style=\"font-size: large;\">Mo\u017ce nam si\u0119 wydawa\u0107, \u017ce dzisiejsza ewangelia jest wr\u0119cz okrutna. S\u0142yszymy w niej takie s\u0142owa<i><b>:<\/b><\/i><i><b> <\/b><\/i><i><b>Przyszed\u0142em ogie\u0144 rzuci\u0107 na ziemi\u0119 i jak\u017ce bardzo pragn\u0119, \u017ceby on ju\u017c zap\u0142on\u0105\u0142.<\/b><\/i> Oraz: <i><b>Czy my\u015blicie, \u017ce przyszed\u0142em da\u0107 ziemi pok\u00f3j? Nie, powiadani wam, lecz roz\u0142am.<\/b><\/i><\/span><\/span><\/span><\/p>\n<p align=\"justify\"><span style=\"color: #000000;\"><span style=\"font-family: Book Antiqua, serif;\"><span style=\"font-size: large;\">Jak\u017ce mocne s\u0105 te zdania! Mo\u017cemy zdawa\u0107 sobie pytanie: Czemu Jezus chc\u0119 spali\u0107 planet\u0119? Czemu On nie chce pokoju?! Tyle si\u0119 modlimy o pok\u00f3j na \u015bwiecie, o ustanie trwaj\u0105cych wojen \u2013 wymiany tego ognia mi\u0119dzy jednym narodem, a drugim\u2026<\/span><\/span><\/span><\/p>\n<p align=\"justify\"><span style=\"color: #000000;\"><span style=\"font-family: Book Antiqua, serif;\"><span style=\"font-size: large;\">Nie o to chodzi w dzisiejszej ewangelii. Ogie\u0144 jest symbolem Ducha \u015awi\u0119tego. Ogie\u0144 jest symbolem s\u0105du ostatecznego! On ma \u201ewypali\u0107\u201d to, co z\u0142e z naszego \u017cycia, by\u015bmy stali si\u0119 czy\u015bci! R\u00f3wnie\u017c po ludzku patrze\u0107 \u2013 OGIE\u0143 TO \u015aWIAT\u0141O!<\/span><\/span><\/span><\/p>\n<p align=\"justify\"><span style=\"color: #000000;\"><span style=\"font-family: Book Antiqua, serif;\"><span style=\"font-size: large;\">Jezus chce, by ten ogie\u0144 w ko\u0144cu zap\u0142on\u0105\u0142! Chce, aby zap\u0142on\u0105\u0142 w ka\u017cdym Jego uczniu! Autentycznie i radykalnie! Musimy si\u0119 w ko\u0144cu te\u017c opowiedzie\u0107: CZY CHCEMY DOJ\u015a\u0106 DO \u015aWI\u0118TO\u015aCI?Wczoraj w ewangelii Jezus m\u00f3wi\u0142: <i><b>Komu wiele dano, od tego wiele wymaga\u0107 si\u0119 b\u0119dzie; a komu wiele zlecono, tym wi\u0119cej od niego \u017c\u0105da\u0107 b\u0119d\u0105. <\/b><\/i><\/span><\/span><\/span><\/p>\n<p align=\"justify\"><span style=\"color: #000000;\"><span style=\"font-family: Book Antiqua, serif;\"><span style=\"font-size: large;\">Mo\u017ce nam si\u0119 tak wydawa\u0107, \u017ce je\u015bli p\u00f3jdziemy za Jezusem i b\u0119dziemy g\u0142osi\u0107 Jego ewangeli\u0119, to b\u0119dzie pi\u0119knie i mi\u0142o. Nie, mo\u017ce tak nie by\u0107! Jezusowi o to w\u0142a\u015bnie chodzi\u0142o, gdy m\u00f3wi\u0142: <i><b>Czy my\u015blicie, \u017ce przyszed\u0142em da\u0107 ziemi pok\u00f3j? Nie, powiadani wam, lecz roz\u0142am.<\/b><\/i><\/span><\/span><\/span><\/p>\n<p align=\"justify\"><span style=\"color: #000000;\"><span style=\"font-family: Book Antiqua, serif;\"><span style=\"font-size: large;\">Ludzie b\u0119d\u0105 nas obgadywa\u0107, \u015bmia\u0107 si\u0119, szydzi\u0107 z nas niejednokrotnie. Co\u015b si\u0119 b\u0119dzie naszym bliskim nie podoba\u0107, mog\u0105 si\u0119 nawet od nas odwr\u00f3ci\u0107. Taka jest prawda, niestety\u2026 Ale w tym wszystkim \u2013 pomimo r\u00f3\u017cnych trudno\u015bci \u2013 MUSIMY TRWA\u0106 MOCNO PRZY CHRYSTUSIE, skoro On przyj\u0105\u0142 wol\u0119 swojego Ojca, \u017ce musi umrze\u0107 bardzo okrutn\u0105 \u015bmierci\u0105, jak\u0105 by\u0142a \u015bmier\u0107 na krzy\u017cu! Wiele musia\u0142 wycierpie\u0107, wiele ludzi pr\u00f3bowa\u0142o Go zabi\u0107 ju\u017c za \u017cycia! Pomimo strachu, JEZUS WYTRWA\u0141! WYPE\u0141NI\u0141 NA MAKSA SWOJ\u0104 MISJ\u0118! <\/span><\/span><\/span><\/p>\n<p align=\"justify\"><span style=\"color: #000000;\"><span style=\"font-family: Book Antiqua, serif;\"><span style=\"font-size: large;\">Je\u017celi Jezus, Syn Bo\u017cy, przyj\u0105\u0142 na siebie takie cierpienia, to dlaczego my boimy si\u0119 troch\u0119 pocierpie\u0107? Dlaczego boimy si\u0119 odda\u0107 na wy\u0142\u0105czn\u0105 s\u0142u\u017cb\u0119 Bogu?<\/span><\/span><\/span><\/p>\n<p align=\"justify\"><span style=\"color: #000000;\"><span style=\"font-family: Book Antiqua, serif;\"><span style=\"font-size: large;\">\u015aw. Pawe\u0142, w Li\u015bcie do Rzymian, pisze dzi\u015b tak: <i><b>Teraz za\u015b, po wyzwoleniu z grzechu i oddaniu si\u0119 na s\u0142u\u017cb\u0119 Bogu, jako owoc zbieracie u\u015bwi\u0119cenie. A ko\u0144cem tego jest \u017cycie wieczne. Albowiem zap\u0142at\u0105 za grzech jest \u015bmier\u0107, a \u0142aska przez Boga dana to \u017cycie wieczne w Chrystusie Jezusie, Panu naszym.<\/b><\/i><\/span><\/span><\/span><\/p>\n<p align=\"justify\"><span style=\"color: #000000;\"><span style=\"font-family: Book Antiqua, serif;\"><span style=\"font-size: large;\">Celujmy w \u017cycie wieczne, moi Drodzy! Mimo r\u00f3\u017cnych trudno\u015bci i cierpienia! To zaowocuje, tylko potrzeba czasu! <\/span><\/span><\/span><\/p>\n<p align=\"justify\"><span style=\"color: #000000;\"><span style=\"font-family: Book Antiqua, serif;\"><span style=\"font-size: large;\">B\u0105d\u017amy \u015bwi\u0119tymi i celujmy w \u015bwi\u0119to\u015b\u0107! Celujmy w t\u0119 rado\u015b\u0107 bez ko\u0144ca!<\/span><\/span><\/span><\/p>\n","protected":false},"excerpt":{"rendered":"<p>Szcz\u0119\u015b\u0107 Bo\u017ce! Moi Drodzy, w dniu dzisiejszym moja Siostrzenica, Weronika Nied\u017awiedzka, ma rocznic\u0119 Chrztu \u015awi\u0119tego. Modl\u0119 si\u0119 dla Niej o siln\u0105 wiar\u0119, o g\u0142\u0119bok\u0105, chrze\u015bcija\u0144sk\u0105 mi\u0142o\u015b\u0107, a wreszcie: o rado\u015b\u0107 i nadziej\u0119! Czyli: gaudium et spes! Urodziny natomiast prze\u017cywa Jakub Zieli\u0144ski \u2013 Lektor w Parafii w Miastkowie Ko\u015bcielnym. Modl\u0119 si\u0119 o wszelkie dary Bo\u017ce dla [&hellip;]<\/p>\n","protected":false},"author":1,"featured_media":0,"comment_status":"open","ping_status":"open","sticky":false,"template":"","format":"standard","meta":{"jetpack_post_was_ever_published":false,"_jetpack_newsletter_access":"","_jetpack_dont_email_post_to_subs":false,"_jetpack_newsletter_tier_id":0,"_jetpack_memberships_contains_paywalled_content":false,"_jetpack_memberships_contains_paid_content":false,"footnotes":""},"categories":[1],"tags":[],"class_list":["post-24367","post","type-post","status-publish","format-standard","hentry","category-bez-kategorii"],"yoast_head":"<!-- This site is optimized with the Yoast SEO plugin v25.1 - https:\/\/yoast.com\/wordpress\/plugins\/seo\/ -->\n<title>Celujmy w \u015bwi\u0119to\u015b\u0107! - Gaudium Et Spes<\/title>\n<meta name=\"robots\" content=\"index, follow, max-snippet:-1, max-image-preview:large, max-video-preview:-1\" \/>\n<link rel=\"canonical\" href=\"https:\/\/gaudiumetspes-blog.pl\/index.php\/2025\/10\/23\/celujmy-w-swietosc\/\" \/>\n<meta property=\"og:locale\" content=\"pl_PL\" \/>\n<meta property=\"og:type\" content=\"article\" \/>\n<meta property=\"og:title\" content=\"Celujmy w \u015bwi\u0119to\u015b\u0107! - Gaudium Et Spes\" \/>\n<meta property=\"og:description\" content=\"Szcz\u0119\u015b\u0107 Bo\u017ce! Moi Drodzy, w dniu dzisiejszym moja Siostrzenica, Weronika Nied\u017awiedzka, ma rocznic\u0119 Chrztu \u015awi\u0119tego. Modl\u0119 si\u0119 dla Niej o siln\u0105 wiar\u0119, o g\u0142\u0119bok\u0105, chrze\u015bcija\u0144sk\u0105 mi\u0142o\u015b\u0107, a wreszcie: o rado\u015b\u0107 i nadziej\u0119! Czyli: gaudium et spes! Urodziny natomiast prze\u017cywa Jakub Zieli\u0144ski \u2013 Lektor w Parafii w Miastkowie Ko\u015bcielnym. Modl\u0119 si\u0119 o wszelkie dary Bo\u017ce dla [&hellip;]\" \/>\n<meta property=\"og:url\" content=\"https:\/\/gaudiumetspes-blog.pl\/index.php\/2025\/10\/23\/celujmy-w-swietosc\/\" \/>\n<meta property=\"og:site_name\" content=\"Gaudium Et Spes\" \/>\n<meta property=\"article:published_time\" content=\"2025-10-23T06:09:12+00:00\" \/>\n<meta name=\"author\" content=\"Ks. Jacek\" \/>\n<meta name=\"twitter:card\" content=\"summary_large_image\" \/>\n<meta name=\"twitter:label1\" content=\"Napisane przez\" \/>\n\t<meta name=\"twitter:data1\" content=\"Ks. Jacek\" \/>\n\t<meta name=\"twitter:label2\" content=\"Szacowany czas czytania\" \/>\n\t<meta name=\"twitter:data2\" content=\"6 minut\" \/>\n<script type=\"application\/ld+json\" class=\"yoast-schema-graph\">{\"@context\":\"https:\/\/schema.org\",\"@graph\":[{\"@type\":\"WebPage\",\"@id\":\"https:\/\/gaudiumetspes-blog.pl\/index.php\/2025\/10\/23\/celujmy-w-swietosc\/\",\"url\":\"https:\/\/gaudiumetspes-blog.pl\/index.php\/2025\/10\/23\/celujmy-w-swietosc\/\",\"name\":\"Celujmy w \u015bwi\u0119to\u015b\u0107! - Gaudium Et Spes\",\"isPartOf\":{\"@id\":\"https:\/\/gaudiumetspes-blog.pl\/#website\"},\"datePublished\":\"2025-10-23T06:09:12+00:00\",\"author\":{\"@id\":\"https:\/\/gaudiumetspes-blog.pl\/#\/schema\/person\/1661982992b752dea8dff0d4ed845a65\"},\"breadcrumb\":{\"@id\":\"https:\/\/gaudiumetspes-blog.pl\/index.php\/2025\/10\/23\/celujmy-w-swietosc\/#breadcrumb\"},\"inLanguage\":\"pl-PL\",\"potentialAction\":[{\"@type\":\"ReadAction\",\"target\":[\"https:\/\/gaudiumetspes-blog.pl\/index.php\/2025\/10\/23\/celujmy-w-swietosc\/\"]}]},{\"@type\":\"BreadcrumbList\",\"@id\":\"https:\/\/gaudiumetspes-blog.pl\/index.php\/2025\/10\/23\/celujmy-w-swietosc\/#breadcrumb\",\"itemListElement\":[{\"@type\":\"ListItem\",\"position\":1,\"name\":\"Strona g\u0142\u00f3wna\",\"item\":\"https:\/\/gaudiumetspes-blog.pl\/\"},{\"@type\":\"ListItem\",\"position\":2,\"name\":\"Celujmy w \u015bwi\u0119to\u015b\u0107!\"}]},{\"@type\":\"WebSite\",\"@id\":\"https:\/\/gaudiumetspes-blog.pl\/#website\",\"url\":\"https:\/\/gaudiumetspes-blog.pl\/\",\"name\":\"Gaudium Et Spes\",\"description\":\"Blog Ks. Jacka Ja\u015bkowskiego\",\"potentialAction\":[{\"@type\":\"SearchAction\",\"target\":{\"@type\":\"EntryPoint\",\"urlTemplate\":\"https:\/\/gaudiumetspes-blog.pl\/?s={search_term_string}\"},\"query-input\":{\"@type\":\"PropertyValueSpecification\",\"valueRequired\":true,\"valueName\":\"search_term_string\"}}],\"inLanguage\":\"pl-PL\"},{\"@type\":\"Person\",\"@id\":\"https:\/\/gaudiumetspes-blog.pl\/#\/schema\/person\/1661982992b752dea8dff0d4ed845a65\",\"name\":\"Ks. Jacek\",\"image\":{\"@type\":\"ImageObject\",\"inLanguage\":\"pl-PL\",\"@id\":\"https:\/\/gaudiumetspes-blog.pl\/#\/schema\/person\/image\/\",\"url\":\"https:\/\/gaudiumetspes-blog.pl\/wp-content\/uploads\/2019\/07\/avatar-JJ-150x150.jpg\",\"contentUrl\":\"https:\/\/gaudiumetspes-blog.pl\/wp-content\/uploads\/2019\/07\/avatar-JJ-150x150.jpg\",\"caption\":\"Ks. Jacek\"},\"description\":\"Witam serdecznie! K\u0142ania si\u0119 Ks. Jacek Ja\u015bkowski. Nie jestem ani kim\u015b wa\u017cnym, ani kim\u015b znanym. Jestem ksi\u0119dzem, kt\u00f3ry po prostu chce rozmawia\u0107. Codzienna kap\u0142a\u0144ska pos\u0142uga pokazuje mi, \u017ce temat\u00f3w do rozm\u00f3w z ksi\u0119dzem jest coraz wi\u0119cej i dzisiaj \u017caden ksi\u0105dz nie mo\u017ce od nich ucieka\u0107, ale - wprost przeciwnie - podejmowa\u0107 nowe wyzwania. To przekonanie sk\u0142oni\u0142o mnie do pr\u00f3by otwarcia tego\u017c bloga, chocia\u017c okazji do rozm\u00f3w na co dzie\u0144 - w konfesjonale i poza nim - na szcz\u0119\u015bcie nie brakuje. My\u015bl\u0119 jednak, \u017ce ten blog b\u0119dzie jeszcze jednym sposobem i przestrzeni\u0105 nawi\u0105zania kontaktu z lud\u017ami dobrej woli, otwartymi na dialog.\",\"url\":\"https:\/\/gaudiumetspes-blog.pl\/index.php\/author\/ks-jacek\/\"}]}<\/script>\n<!-- \/ Yoast SEO plugin. -->","yoast_head_json":{"title":"Celujmy w \u015bwi\u0119to\u015b\u0107! - Gaudium Et Spes","robots":{"index":"index","follow":"follow","max-snippet":"max-snippet:-1","max-image-preview":"max-image-preview:large","max-video-preview":"max-video-preview:-1"},"canonical":"https:\/\/gaudiumetspes-blog.pl\/index.php\/2025\/10\/23\/celujmy-w-swietosc\/","og_locale":"pl_PL","og_type":"article","og_title":"Celujmy w \u015bwi\u0119to\u015b\u0107! - Gaudium Et Spes","og_description":"Szcz\u0119\u015b\u0107 Bo\u017ce! Moi Drodzy, w dniu dzisiejszym moja Siostrzenica, Weronika Nied\u017awiedzka, ma rocznic\u0119 Chrztu \u015awi\u0119tego. Modl\u0119 si\u0119 dla Niej o siln\u0105 wiar\u0119, o g\u0142\u0119bok\u0105, chrze\u015bcija\u0144sk\u0105 mi\u0142o\u015b\u0107, a wreszcie: o rado\u015b\u0107 i nadziej\u0119! Czyli: gaudium et spes! Urodziny natomiast prze\u017cywa Jakub Zieli\u0144ski \u2013 Lektor w Parafii w Miastkowie Ko\u015bcielnym. Modl\u0119 si\u0119 o wszelkie dary Bo\u017ce dla [&hellip;]","og_url":"https:\/\/gaudiumetspes-blog.pl\/index.php\/2025\/10\/23\/celujmy-w-swietosc\/","og_site_name":"Gaudium Et Spes","article_published_time":"2025-10-23T06:09:12+00:00","author":"Ks. Jacek","twitter_card":"summary_large_image","twitter_misc":{"Napisane przez":"Ks. Jacek","Szacowany czas czytania":"6 minut"},"schema":{"@context":"https:\/\/schema.org","@graph":[{"@type":"WebPage","@id":"https:\/\/gaudiumetspes-blog.pl\/index.php\/2025\/10\/23\/celujmy-w-swietosc\/","url":"https:\/\/gaudiumetspes-blog.pl\/index.php\/2025\/10\/23\/celujmy-w-swietosc\/","name":"Celujmy w \u015bwi\u0119to\u015b\u0107! - Gaudium Et Spes","isPartOf":{"@id":"https:\/\/gaudiumetspes-blog.pl\/#website"},"datePublished":"2025-10-23T06:09:12+00:00","author":{"@id":"https:\/\/gaudiumetspes-blog.pl\/#\/schema\/person\/1661982992b752dea8dff0d4ed845a65"},"breadcrumb":{"@id":"https:\/\/gaudiumetspes-blog.pl\/index.php\/2025\/10\/23\/celujmy-w-swietosc\/#breadcrumb"},"inLanguage":"pl-PL","potentialAction":[{"@type":"ReadAction","target":["https:\/\/gaudiumetspes-blog.pl\/index.php\/2025\/10\/23\/celujmy-w-swietosc\/"]}]},{"@type":"BreadcrumbList","@id":"https:\/\/gaudiumetspes-blog.pl\/index.php\/2025\/10\/23\/celujmy-w-swietosc\/#breadcrumb","itemListElement":[{"@type":"ListItem","position":1,"name":"Strona g\u0142\u00f3wna","item":"https:\/\/gaudiumetspes-blog.pl\/"},{"@type":"ListItem","position":2,"name":"Celujmy w \u015bwi\u0119to\u015b\u0107!"}]},{"@type":"WebSite","@id":"https:\/\/gaudiumetspes-blog.pl\/#website","url":"https:\/\/gaudiumetspes-blog.pl\/","name":"Gaudium Et Spes","description":"Blog Ks. Jacka Ja\u015bkowskiego","potentialAction":[{"@type":"SearchAction","target":{"@type":"EntryPoint","urlTemplate":"https:\/\/gaudiumetspes-blog.pl\/?s={search_term_string}"},"query-input":{"@type":"PropertyValueSpecification","valueRequired":true,"valueName":"search_term_string"}}],"inLanguage":"pl-PL"},{"@type":"Person","@id":"https:\/\/gaudiumetspes-blog.pl\/#\/schema\/person\/1661982992b752dea8dff0d4ed845a65","name":"Ks. Jacek","image":{"@type":"ImageObject","inLanguage":"pl-PL","@id":"https:\/\/gaudiumetspes-blog.pl\/#\/schema\/person\/image\/","url":"https:\/\/gaudiumetspes-blog.pl\/wp-content\/uploads\/2019\/07\/avatar-JJ-150x150.jpg","contentUrl":"https:\/\/gaudiumetspes-blog.pl\/wp-content\/uploads\/2019\/07\/avatar-JJ-150x150.jpg","caption":"Ks. Jacek"},"description":"Witam serdecznie! K\u0142ania si\u0119 Ks. Jacek Ja\u015bkowski. Nie jestem ani kim\u015b wa\u017cnym, ani kim\u015b znanym. Jestem ksi\u0119dzem, kt\u00f3ry po prostu chce rozmawia\u0107. Codzienna kap\u0142a\u0144ska pos\u0142uga pokazuje mi, \u017ce temat\u00f3w do rozm\u00f3w z ksi\u0119dzem jest coraz wi\u0119cej i dzisiaj \u017caden ksi\u0105dz nie mo\u017ce od nich ucieka\u0107, ale - wprost przeciwnie - podejmowa\u0107 nowe wyzwania. To przekonanie sk\u0142oni\u0142o mnie do pr\u00f3by otwarcia tego\u017c bloga, chocia\u017c okazji do rozm\u00f3w na co dzie\u0144 - w konfesjonale i poza nim - na szcz\u0119\u015bcie nie brakuje. My\u015bl\u0119 jednak, \u017ce ten blog b\u0119dzie jeszcze jednym sposobem i przestrzeni\u0105 nawi\u0105zania kontaktu z lud\u017ami dobrej woli, otwartymi na dialog.","url":"https:\/\/gaudiumetspes-blog.pl\/index.php\/author\/ks-jacek\/"}]}},"jetpack_featured_media_url":"","jetpack_sharing_enabled":true,"_links":{"self":[{"href":"https:\/\/gaudiumetspes-blog.pl\/index.php\/wp-json\/wp\/v2\/posts\/24367","targetHints":{"allow":["GET"]}}],"collection":[{"href":"https:\/\/gaudiumetspes-blog.pl\/index.php\/wp-json\/wp\/v2\/posts"}],"about":[{"href":"https:\/\/gaudiumetspes-blog.pl\/index.php\/wp-json\/wp\/v2\/types\/post"}],"author":[{"embeddable":true,"href":"https:\/\/gaudiumetspes-blog.pl\/index.php\/wp-json\/wp\/v2\/users\/1"}],"replies":[{"embeddable":true,"href":"https:\/\/gaudiumetspes-blog.pl\/index.php\/wp-json\/wp\/v2\/comments?post=24367"}],"version-history":[{"count":1,"href":"https:\/\/gaudiumetspes-blog.pl\/index.php\/wp-json\/wp\/v2\/posts\/24367\/revisions"}],"predecessor-version":[{"id":24368,"href":"https:\/\/gaudiumetspes-blog.pl\/index.php\/wp-json\/wp\/v2\/posts\/24367\/revisions\/24368"}],"wp:attachment":[{"href":"https:\/\/gaudiumetspes-blog.pl\/index.php\/wp-json\/wp\/v2\/media?parent=24367"}],"wp:term":[{"taxonomy":"category","embeddable":true,"href":"https:\/\/gaudiumetspes-blog.pl\/index.php\/wp-json\/wp\/v2\/categories?post=24367"},{"taxonomy":"post_tag","embeddable":true,"href":"https:\/\/gaudiumetspes-blog.pl\/index.php\/wp-json\/wp\/v2\/tags?post=24367"}],"curies":[{"name":"wp","href":"https:\/\/api.w.org\/{rel}","templated":true}]}}