{"id":24480,"date":"2025-12-11T06:54:06","date_gmt":"2025-12-11T05:54:06","guid":{"rendered":"https:\/\/gaudiumetspes-blog.pl\/?p=24480"},"modified":"2025-12-11T06:54:06","modified_gmt":"2025-12-11T05:54:06","slug":"sluchaj","status":"publish","type":"post","link":"https:\/\/gaudiumetspes-blog.pl\/index.php\/2025\/12\/11\/sluchaj\/","title":{"rendered":"S\u0142uchaj!"},"content":{"rendered":"<p align=\"justify\"><span style=\"color: #000000;\"><span style=\"font-family: Book Antiqua, serif;\"><span style=\"font-size: large;\">Szcz\u0119\u015b\u0107 Bo\u017ce! Moi Drodzy, w dniu dzisiejszym <b>urodziny prze\u017cywa<\/b><b> <\/b><b>Ksi\u0105dz Adam Turemka, za moich czas\u00f3w \u2013 Proboszcz w Miastkowie i wieloletni Ojciec Duchowny Pielgrzymki Podlaskiej.<\/b><\/span><\/span><\/span><\/p>\n<p align=\"justify\"><span style=\"color: #000000;\"><span style=\"font-family: Book Antiqua, serif;\"><span style=\"font-size: large;\"><b>Z kolei, imieniny prze\u017cyw Ksi\u0105dz Waldemar Grzeszczuk, za moich czas\u00f3w \u2013 Kap\u0142an wspomagaj\u0105cy, <\/b><b>w swoim czasie, <\/b><b>duszpastersk\u0105 <\/b><b>pos\u0142ug\u0119 w Celestynowie.<\/b><\/span><\/span><\/span><\/p>\n<p align=\"justify\"><span style=\"color: #000000;\"><span style=\"font-family: Book Antiqua, serif;\"><span style=\"font-size: large;\"><b>\u017bycz\u0119 \u015awi\u0119tuj\u0105cym Bo\u017cej \u0142askawo\u015bci! I zapewniam o modlitwie!<\/b><\/span><\/span><\/span><\/p>\n<p align=\"justify\"><span style=\"color: #000000;\"><span style=\"font-family: Book Antiqua, serif;\"><span style=\"font-size: large;\">A ja dzisiaj mam dy\u017cur na Wydzia\u0142ach przy ulicy \u017bytniej, potem natomiast \u2013 poprowadz\u0119 pierwszy w tym roku op\u0142atek. B\u0119dzie to spotkanie \u2013 je\u015bli dobrze pami\u0119tam \u2013 Mazowieckiej Izby Gospodarczej. Ile\u015b tam Firm jakich\u015b tam \u2013 tyle mniej wi\u0119cej wiem. Ale ja id\u0119 spotka\u0107 si\u0119 z Lud\u017ami, pomodli\u0107 si\u0119 z nimi i za nich, pob\u0142ogos\u0142awi\u0107 na zbli\u017caj\u0105ce si\u0119 \u015awi\u0119ta\u2026 Potem \u2013 prawdopodobnie \u2013 przelot do Lublina. Ju\u017c tym razem na pewno, skoro we wtorek plany zosta\u0142y zmienione.<\/span><\/span><\/span><\/p>\n<p align=\"justify\"><span style=\"color: #000000;\"><span style=\"font-family: Book Antiqua, serif;\"><span style=\"font-size: large;\">Drodzy moi, chcia\u0142bym podzieli\u0107 si\u0119 tak\u0105 moj\u0105 wielk\u0105 rado\u015bci\u0105, \u017ce tydzie\u0144 temu, w czasie \u015brodowej adoracji Naj\u015bwi\u0119tszego Sakramentu, zrodzi\u0142 si\u0119 pomys\u0142 wydania kalendarza naszego Duszpasterstwa na nowy rok. Ot\u00f3\u017c, dzi\u0119ki <b>Doktorowi \u0141ukaszowi Doma\u0144skiemu <\/b>\u2013 bardzo bliskiemu mi Cz\u0142owiekowi, Wyk\u0142adowcy Uniwersytetu w Siedlcach, kt\u00f3ry ju\u017c od lat przygotowuje plakaty i materia\u0142y promocyjne naszego Duszpasterstwa \u2013 ten kalendarz ju\u017c dzisiaj idzie do druku! Wielkie, ale to naprawd\u0119 wielkie dzi\u0119ki \u0141ukaszowi \u2013 za Jego sumienno\u015b\u0107, pracowito\u015b\u0107 i zaanga\u017cowanie! I Wszystkim, kt\u00f3rzy poprzez napisanie artyku\u0142\u00f3w czy inn\u0105 pomoc przyczynili si\u0119 do tak szybkiego zrealizowania tej inicjatywy!<\/span><\/span><\/span><\/p>\n<p align=\"justify\"><span style=\"color: #000000;\"><span style=\"font-family: Book Antiqua, serif;\"><span style=\"font-size: large;\">A teraz ju\u017c zapraszam do pochylenia si\u0119 nad Bo\u017cym s\u0142owem dzisiejszej liturgii. Oto s\u0142\u00f3wko Ksi\u0119dza Marka na dzi\u015b:<\/span><\/span><\/span><\/p>\n<p align=\"justify\"><span style=\"color: #000000;\"><span style=\"font-family: Book Antiqua, serif;\"><span style=\"font-size: medium;\"><a href=\"https:\/\/www.youtube.com\/c\/CatholicSurgut\"><span style=\"font-size: large;\"><span lang=\"zxx\"><u><b>https:\/\/www.youtube.com\/c\/CatholicSurgut<\/b><\/u><\/span><\/span><\/a><\/span><\/span><\/span><\/p>\n<p align=\"justify\"><span style=\"color: #000000;\"><span style=\"font-family: Book Antiqua, serif;\"><span style=\"font-size: large;\">Poni\u017cej za\u015b \u2013 <b>s\u0142\u00f3wko Janka!<\/b> Szczere i ujmuj\u0105ce w swej prostocie, a przez to \u2013 bardzo przekonuj\u0105ce! Dzi\u0119kuj\u0119 Jankowi z ca\u0142ego serca za t\u0119 zach\u0119t\u0119 do s\u0142uchania Boga! I zaufania Mu w spos\u00f3b totalny! Janek sam daje \u015bwiadectwo takiej postawy ka\u017cdego dnia! Niech Pan b\u0119dzie uwielbiony w tej Jego postawie i tym zaanga\u017cowaniu!<\/span><\/span><\/span><\/p>\n<p align=\"justify\"><span style=\"color: #000000;\"><span style=\"font-family: Book Antiqua, serif;\"><span style=\"font-size: large;\">Zatem, ws\u0142uchajmy si\u0119 w S\u0142owo, aby odkry\u0107 to <b>jedno i jedyne przes\u0142anie, z jakim Pan dzisiaj do mnie konkretnie si\u0119 zwraca. <\/b>Duchu \u015awi\u0119ty, przyjd\u017a i pom\u00f3\u017c!<\/span><\/span><\/span><\/p>\n<p align=\"justify\"><span style=\"color: #000000;\"><span style=\"font-family: Book Antiqua, serif;\"><span style=\"font-size: large;\"><b>Niech Was b\u0142ogos\u0142awi B\u00f3g Wszechmog\u0105cy: Ojciec + i Syn, i Duch \u015awi\u0119ty. Amen<\/b><\/span><\/span><\/span><\/p>\n<p align=\"center\"><span style=\"color: #000000;\"><span style=\"font-family: Book Antiqua, serif;\"><span style=\"font-size: large;\">Gaudium et spes! Ks. Jacek<\/span><\/span><\/span><\/p>\n<p align=\"center\">\n<p align=\"center\">\n<p align=\"center\">\n<p align=\"center\">\n<p align=\"center\">\n<p align=\"justify\"><span style=\"color: #000000;\"><span style=\"font-family: Book Antiqua, serif;\"><span style=\"font-size: large;\"><b>Czwartek 2 Tygodnia Adwentu,<\/b><\/span><\/span><\/span><\/p>\n<p align=\"justify\"><span style=\"color: #000000;\"><span style=\"font-family: Book Antiqua, serif;\"><span style=\"font-size: large;\"><b>11 grudnia 2025.,\u00a0<\/b><\/span><\/span><\/span><\/p>\n<p align=\"justify\"><span style=\"color: #000000;\"><span style=\"font-family: Book Antiqua, serif;\"><span style=\"font-size: large;\"><b>do czyta\u0144: Iz 41,13\u201320; Mt 11,11\u201315<\/b><\/span><\/span><\/span><\/p>\n<p align=\"justify\">\n<p align=\"justify\">\n<p align=\"justify\">\n<p align=\"justify\">\n<p align=\"justify\">\n<p align=\"justify\"><span style=\"color: #000000;\"><span style=\"font-family: Book Antiqua, serif;\"><span style=\"font-size: large;\"><b>CZYTANIE Z KSI\u0118GI PROROKA IZAJASZA: <\/b><\/span><\/span><\/span><\/p>\n<p align=\"justify\"><span style=\"color: #000000;\"><span style=\"font-family: Book Antiqua, serif;\"><span style=\"font-size: large;\"><b>Ja, tw\u00f3j B\u00f3g, <\/b><\/span><\/span><\/span><\/p>\n<p align=\"justify\"><span style=\"color: #000000;\"><span style=\"font-family: Book Antiqua, serif;\"><span style=\"font-size: large;\"><b>uj\u0105\u0142em ci\u0119 za prawic\u0119, <\/b><\/span><\/span><\/span><\/p>\n<p align=\"justify\"><span style=\"color: #000000;\"><span style=\"font-family: Book Antiqua, serif;\"><span style=\"font-size: large;\"><b>m\u00f3wi\u0105c ci: \u201eNie l\u0119kaj si\u0119, <\/b><\/span><\/span><\/span><\/p>\n<p align=\"justify\"><span style=\"color: #000000;\"><span style=\"font-family: Book Antiqua, serif;\"><span style=\"font-size: large;\"><b>przychodz\u0119 ci z pomoc\u0105\u201d. <\/b><\/span><\/span><\/span><\/p>\n<p align=\"justify\"><span style=\"color: #000000;\"><span style=\"font-family: Book Antiqua, serif;\"><span style=\"font-size: large;\"><b>Nie b\u00f3j si\u0119, robaczku Jakubie, <\/b><\/span><\/span><\/span><\/p>\n<p align=\"justify\"><span style=\"color: #000000;\"><span style=\"font-family: Book Antiqua, serif;\"><span style=\"font-size: large;\"><b>nieboraku, o Izraelu! <\/b><\/span><\/span><\/span><\/p>\n<p align=\"justify\"><span style=\"color: #000000;\"><span style=\"font-family: Book Antiqua, serif;\"><span style=\"font-size: large;\"><b>Ja ci\u0119 wspomagam, m\u00f3wi Pan, <\/b><\/span><\/span><\/span><\/p>\n<p align=\"justify\"><span style=\"color: #000000;\"><span style=\"font-family: Book Antiqua, serif;\"><span style=\"font-size: large;\"><b>odkupiciel tw\u00f3j, \u015awi\u0119ty Izraela. <\/b><\/span><\/span><\/span><\/p>\n<p align=\"justify\"><span style=\"color: #000000;\"><span style=\"font-family: Book Antiqua, serif;\"><span style=\"font-size: large;\"><b>Oto Ja przemieniam ci\u0119 w m\u0142ocarskie sanie, <\/b><\/span><\/span><\/span><\/p>\n<p align=\"justify\"><span style=\"color: #000000;\"><span style=\"font-family: Book Antiqua, serif;\"><span style=\"font-size: large;\"><b>nowe, o podw\u00f3jnym rz\u0119dzie z\u0119b\u00f3w: <\/b><\/span><\/span><\/span><\/p>\n<p align=\"justify\"><span style=\"color: #000000;\"><span style=\"font-family: Book Antiqua, serif;\"><span style=\"font-size: large;\"><b>Ty zm\u0142\u00f3cisz i wykruszysz g\u00f3ry, <\/b><\/span><\/span><\/span><\/p>\n<p align=\"justify\"><span style=\"color: #000000;\"><span style=\"font-family: Book Antiqua, serif;\"><span style=\"font-size: large;\"><b>zmienisz pag\u00f3rki w drobn\u0105 sieczk\u0119. <\/b><\/span><\/span><\/span><\/p>\n<p align=\"justify\"><span style=\"color: #000000;\"><span style=\"font-family: Book Antiqua, serif;\"><span style=\"font-size: large;\"><b>Ty je przewiejesz, a wicher je porwie <\/b><\/span><\/span><\/span><\/p>\n<p align=\"justify\"><span style=\"color: #000000;\"><span style=\"font-family: Book Antiqua, serif;\"><span style=\"font-size: large;\"><b>i tr\u0105ba powietrzna rozmiecie. <\/b><\/span><\/span><\/span><\/p>\n<p align=\"justify\"><span style=\"color: #000000;\"><span style=\"font-family: Book Antiqua, serif;\"><span style=\"font-size: large;\"><b>Ty natomiast rozradujesz si\u0119 w Panu, <\/b><\/span><\/span><\/span><\/p>\n<p align=\"justify\"><span style=\"color: #000000;\"><span style=\"font-family: Book Antiqua, serif;\"><span style=\"font-size: large;\"><b>chlubi\u0107 si\u0119 b\u0119dziesz w \u015awi\u0119tym Izraela. <\/b><\/span><\/span><\/span><\/p>\n<p align=\"justify\"><span style=\"color: #000000;\"><span style=\"font-family: Book Antiqua, serif;\"><span style=\"font-size: large;\"><b>N\u0119dzni i biedni szukaj\u0105 wody, i nie ma! <\/b><\/span><\/span><\/span><\/p>\n<p align=\"justify\"><span style=\"color: #000000;\"><span style=\"font-family: Book Antiqua, serif;\"><span style=\"font-size: large;\"><b>Ich j\u0119zyk wysech\u0142 ju\u017c z pragnienia. <\/b><\/span><\/span><\/span><\/p>\n<p align=\"justify\"><span style=\"color: #000000;\"><span style=\"font-family: Book Antiqua, serif;\"><span style=\"font-size: large;\"><b>Ja, Pan, wys\u0142ucham ich, <\/b><\/span><\/span><\/span><\/p>\n<p align=\"justify\"><span style=\"color: #000000;\"><span style=\"font-family: Book Antiqua, serif;\"><span style=\"font-size: large;\"><b>nie opuszcz\u0119 ich Ja, B\u00f3g Izraela. <\/b><\/span><\/span><\/span><\/p>\n<p align=\"justify\"><span style=\"color: #000000;\"><span style=\"font-family: Book Antiqua, serif;\"><span style=\"font-size: large;\"><b>Ka\u017c\u0119 wytrysn\u0105\u0107 strumieniom na nagich wzg\u00f3rzach <\/b><\/span><\/span><\/span><\/p>\n<p align=\"justify\"><span style=\"color: #000000;\"><span style=\"font-family: Book Antiqua, serif;\"><span style=\"font-size: large;\"><b>i \u017ar\u00f3d\u0142om w\u00f3d po\u015brodku nizin. <\/b><\/span><\/span><\/span><\/p>\n<p align=\"justify\"><span style=\"color: #000000;\"><span style=\"font-family: Book Antiqua, serif;\"><span style=\"font-size: large;\"><b>Zamieni\u0119 pustyni\u0119 na pojezierze, <\/b><\/span><\/span><\/span><\/p>\n<p align=\"justify\"><span style=\"color: #000000;\"><span style=\"font-family: Book Antiqua, serif;\"><span style=\"font-size: large;\"><b>a wyschni\u0119t\u0105 ziemi\u0119 na wodotryski. <\/b><\/span><\/span><\/span><\/p>\n<p align=\"justify\"><span style=\"color: #000000;\"><span style=\"font-family: Book Antiqua, serif;\"><span style=\"font-size: large;\"><b>Na pustyni zasadz\u0119 cedry, <\/b><\/span><\/span><\/span><\/p>\n<p align=\"justify\"><span style=\"color: #000000;\"><span style=\"font-family: Book Antiqua, serif;\"><span style=\"font-size: large;\"><b>akacje, mirty i oliwki; <\/b><\/span><\/span><\/span><\/p>\n<p align=\"justify\"><span style=\"color: #000000;\"><span style=\"font-family: Book Antiqua, serif;\"><span style=\"font-size: large;\"><b>rozkrzewi\u0119 na pustkowiu cyprysy, <\/b><\/span><\/span><\/span><\/p>\n<p align=\"justify\"><span style=\"color: #000000;\"><span style=\"font-family: Book Antiqua, serif;\"><span style=\"font-size: large;\"><b>wi\u0105zy i bukszpan obok siebie. <\/b><\/span><\/span><\/span><\/p>\n<p align=\"justify\"><span style=\"color: #000000;\"><span style=\"font-family: Book Antiqua, serif;\"><span style=\"font-size: large;\"><b>A\u017ceby widzieli i poznali, <\/b><\/span><\/span><\/span><\/p>\n<p align=\"justify\"><span style=\"color: #000000;\"><span style=\"font-family: Book Antiqua, serif;\"><span style=\"font-size: large;\"><b>rozwa\u017cyli i poj\u0119li wszyscy, <\/b><\/span><\/span><\/span><\/p>\n<p align=\"justify\"><span style=\"color: #000000;\"><span style=\"font-family: Book Antiqua, serif;\"><span style=\"font-size: large;\"><b>\u017ce r\u0119ka Pana to uczyni\u0142a, <\/b><\/span><\/span><\/span><\/p>\n<p align=\"justify\"><span style=\"color: #000000;\"><span style=\"font-family: Book Antiqua, serif;\"><span style=\"font-size: large;\"><b>\u017ce \u015awi\u0119ty Izraela tego dokona\u0142.<\/b><\/span><\/span><\/span><\/p>\n<p align=\"justify\">\n<p align=\"justify\">\n<p align=\"justify\">\n<p align=\"justify\">\n<p align=\"justify\">\n<p align=\"justify\"><span style=\"color: #000000;\"><span style=\"font-family: Book Antiqua, serif;\"><span style=\"font-size: large;\"><b>S\u0141OWA EWANGELII WED\u0141UG \u015aWI\u0118TEGO MATEUSZA: <\/b><\/span><\/span><\/span><\/p>\n<p align=\"justify\"><span style=\"color: #000000;\"><span style=\"font-family: Book Antiqua, serif;\"><span style=\"font-size: large;\"><b>Jezus powiedzia\u0142 do t\u0142um\u00f3w: \u201eZaprawd\u0119, powiadam wam: Mi\u0119dzy narodzonymi z niewiast nie powsta\u0142 wi\u0119kszy od Jana Chrzciciela. Lecz najmniejszy w kr\u00f3lestwie niebieskim wi\u0119kszy jest ni\u017c on. A od czasu Jana Chrzciciela a\u017c dot\u0105d Kr\u00f3lestwo niebieskie doznaje gwa\u0142tu i ludzie gwa\u0142towni zdobywaj\u0105 je. Wszyscy bowiem Prorocy i Prawo prorokowali a\u017c do Jana. A je\u015bli chcecie przyj\u0105\u0107, to on jest Eliaszem, kt\u00f3ry ma przyj\u015b\u0107. <\/b><\/span><\/span><\/span><\/p>\n<p align=\"justify\"><span style=\"color: #000000;\"><span style=\"font-family: Book Antiqua, serif;\"><span style=\"font-size: large;\"><b>Kto ma uszy, niechaj s\u0142ucha\u201d.<\/b><\/span><\/span><\/span><\/p>\n<p align=\"justify\">\n<p align=\"justify\">\n<p align=\"justify\">\n<p align=\"justify\">\n<p align=\"justify\">\n<p align=\"center\"><span style=\"font-family: Book Antiqua, serif;\"><span style=\"font-size: large;\"><b><span lang=\"pl-PL\"><span style=\"color: #000000;\">A OTO S\u0141\u00d3WKO JANKA:<\/span><\/span><\/b><\/span><\/span><\/p>\n<p align=\"center\">\n<p align=\"center\">\n<p align=\"center\">\n<p align=\"center\">\n<p align=\"center\">\n<p align=\"justify\"><span style=\"color: #000000;\"><span style=\"font-family: Book Antiqua, serif;\"><span style=\"font-size: large;\">Dzisiaj, Jezus wychodzi nam z kluczowym przes\u0142aniem, a tym przes\u0142aniem jest \u2013 S\u0141UCHAJ!<\/span><\/span><\/span><\/p>\n<p align=\"justify\"><span style=\"color: #000000;\"><span style=\"font-family: Book Antiqua, serif;\"><span style=\"font-size: large;\">Na wst\u0119pie musimy zada\u0107 sobie pytania: Kogo my tak naprawd\u0119 s\u0142uchamy? Za czyim g\u0142osem w \u017cyciu idziemy? Wolimy s\u0142ucha\u0107 Boga czy dzisiejszego \u015bwiata?<\/span><\/span><\/span><\/p>\n<p align=\"justify\"><span style=\"color: #000000;\"><span style=\"font-family: Book Antiqua, serif;\"><span style=\"font-size: large;\">Zobaczcie, Kochani, \u017ce jak zapytamy, dzieci kim chcia\u0142yby zosta\u0107 w przysz\u0142o\u015bci, cz\u0119sto odpowied\u017a teraz brzmi, \u017ce chcia\u0142yby zosta\u0107 youtuberami. Jak ja mia\u0142em osiem lat, to pami\u0119tam, \u017ce praktycznie ka\u017cdy z ch\u0142opak\u00f3w chcia\u0142 zosta\u0107 pi\u0142karzem. Jeden chcia\u0142 zosta\u0107 policjantem, a drugi stra\u017cakiem. Dziewczyny chcia\u0142y zosta\u0107 piosenkarkami, fryzjerkami, tancerkami. <\/span><\/span><\/span><\/p>\n<p align=\"justify\"><span style=\"color: #000000;\"><span style=\"font-family: Book Antiqua, serif;\"><span style=\"font-size: large;\">Bardzo wa\u017cnym jest, by mie\u0107 cel w \u017cyciu, poniewa\u017c wtedy do czego\u015b d\u0105\u017cymy. Mo\u017ce nie zawsze droga do wyznaczonego celu jest pi\u0119kna i us\u0142ana r\u00f3\u017cami \u2013 cz\u0119\u015bciej mo\u017ce jest to droga us\u0142ana kamieniami i w dodatku bardzo kr\u0119ta. Dlatego w tym d\u0105\u017ceniu do celu bardzo wa\u017cne jest, kogo s\u0142uchamy. <\/span><\/span><\/span><\/p>\n<p align=\"justify\"><span style=\"color: #000000;\"><span style=\"font-family: Book Antiqua, serif;\"><span style=\"font-size: large;\">Czasem s\u0105 ludzie, kt\u00f3rzy Ci\u0119 w d\u0105\u017ceniu do wyznaczonego celu nie wspieraj\u0105. B\u0119d\u0105 m\u00f3wi\u0107, \u017ce jeste\u015b beznadziejny! M\u00f3wi\u0105: \u201ePo co tam idziesz? Po co do tego d\u0105\u017cysz? Rzu\u0107 to!\u201d Ale s\u0105 te\u017c ludzie, kt\u00f3rzy b\u0119d\u0105 z Tob\u0105 na dobre i z\u0142e. S\u0105 ludzie, kt\u00f3rzy b\u0119d\u0105 Ci\u0119 dopingowa\u0107 ca\u0142y czas! B\u0119d\u0105 Ci\u0119 wspiera\u0107!<\/span><\/span><\/span><\/p>\n<p align=\"justify\"><span style=\"color: #000000;\"><span style=\"font-family: Book Antiqua, serif;\"><span style=\"font-size: large;\">W naszej wierze jest tak samo. Naszym celem jest \u015bwi\u0119to\u015b\u0107! Tak samo tutaj \u2013 ludzie b\u0119d\u0105 m\u00f3wi\u0107 nam i z\u0142y b\u0119dzie miesza\u0107, \u017ceby\u015bmy do tej \u015bwi\u0119to\u015bci nie doszli! \u017beby\u015bmy pr\u0119dzej czy p\u00f3\u017aniej si\u0119 poddali! A co m\u00f3wi B\u00f3g? <\/span><\/span><\/span><\/p>\n<p align=\"justify\"><span style=\"color: #000000;\"><span style=\"font-family: Book Antiqua, serif;\"><span style=\"font-size: large;\">On b\u0119dzie Ciebie zawsze dopingowa\u0142. On b\u0119dzie Ciebie wspiera\u0142 i motywowa\u0142! W ko\u0144cu dzi\u015b mo\u017cemy us\u0142ysze\u0107 w Ksi\u0119dze Izajasza: <i><b>Ja, tw\u00f3j B\u00f3g, uj\u0105\u0142em ci\u0119 za prawic\u0119 m\u00f3wi\u0105c ci: \u201eNie l\u0119kaj si\u0119, przychodz\u0119 ci z pomoc\u0105\u201d. Nie b\u00f3j si\u0119, robaczku, Jakubie, nieboraku, o Izraelu! Ja ci\u0119 wspomagam, m\u00f3wi Pan, odkupiciel tw\u00f3j, \u015awi\u0119ty Izraela. Oto Ja przemieniam ci\u0119 w m\u0142ocarskie sanie, nowe, o podw\u00f3jnym rz\u0119dzie z\u0119b\u00f3w: Ty zm\u0142\u00f3cisz i wykruszysz g\u00f3ry, zmienisz pag\u00f3rki w drobn\u0105 sieczk\u0119. Ty je przewiejesz, a wicher je porwie i tr\u0105ba powietrzna rozmiecie. Ty natomiast rozradujesz si\u0119 w Panu, chlubi\u0107 si\u0119 b\u0119dziesz w \u015awi\u0119tym Izraela.<\/b><\/i><\/span><\/span><\/span><\/p>\n<p align=\"justify\"><span style=\"color: #000000;\"><span style=\"font-family: Book Antiqua, serif;\"><span style=\"font-size: large;\">W\u0142a\u015bnie, najwa\u017cniejsze w tym wszystkim jest, aby s\u0142ucha\u0107 odpowiednich os\u00f3b! Oczywi\u015bcie, pope\u0142nimy wiele b\u0142\u0119d\u00f3w, zrobimy wiele g\u0142upot czy nie p\u00f3jdziemy t\u0105 drog\u0105, kt\u00f3r\u0105 B\u00f3g nam proponuje. Lecz nie zmienia to faktu, \u017ce BOGU NA NAS ZALE\u017bY! On zawsze nas b\u0119dzie wspiera\u0142 i kocha\u0142! Nawet, gdy si\u0119 nieco pogubimy, musimy pami\u0119ta\u0107, \u017ce JEZUS NAS KOCHA I DARZY MI\u0141O\u015aCI\u0104 NIE DO OPISANIA! <\/span><\/span><\/span><\/p>\n<p align=\"justify\"><span style=\"font-family: Book Antiqua, serif;\"><span style=\"font-size: large;\"><span lang=\"pl-PL\"><span style=\"color: #000000;\">Dlatego s\u0142uchajmy Boga, <\/span><\/span><span lang=\"pl-PL\">K<\/span><span lang=\"pl-PL\">ochani! Id\u017amy za <\/span><span lang=\"pl-PL\">J<\/span><span lang=\"pl-PL\">ego mi\u0142o\u015bci\u0105! Na ludziach cz\u0119sto si\u0119 zawiedziemy, ale na Bogu nigdy! Dlatego Jego s\u0142uchajmy i id\u017amy za Nim!<\/span><\/span><\/span><\/p>\n","protected":false},"excerpt":{"rendered":"<p>Szcz\u0119\u015b\u0107 Bo\u017ce! Moi Drodzy, w dniu dzisiejszym urodziny prze\u017cywa Ksi\u0105dz Adam Turemka, za moich czas\u00f3w \u2013 Proboszcz w Miastkowie i wieloletni Ojciec Duchowny Pielgrzymki Podlaskiej. Z kolei, imieniny prze\u017cyw Ksi\u0105dz Waldemar Grzeszczuk, za moich czas\u00f3w \u2013 Kap\u0142an wspomagaj\u0105cy, w swoim czasie, duszpastersk\u0105 pos\u0142ug\u0119 w Celestynowie. \u017bycz\u0119 \u015awi\u0119tuj\u0105cym Bo\u017cej \u0142askawo\u015bci! I zapewniam o modlitwie! A ja [&hellip;]<\/p>\n","protected":false},"author":1,"featured_media":0,"comment_status":"open","ping_status":"open","sticky":false,"template":"","format":"standard","meta":{"jetpack_post_was_ever_published":false,"_jetpack_newsletter_access":"","_jetpack_dont_email_post_to_subs":false,"_jetpack_newsletter_tier_id":0,"_jetpack_memberships_contains_paywalled_content":false,"_jetpack_memberships_contains_paid_content":false,"footnotes":""},"categories":[1],"tags":[],"class_list":["post-24480","post","type-post","status-publish","format-standard","hentry","category-bez-kategorii"],"yoast_head":"<!-- This site is optimized with the Yoast SEO plugin v25.1 - https:\/\/yoast.com\/wordpress\/plugins\/seo\/ -->\n<title>S\u0142uchaj! - Gaudium Et Spes<\/title>\n<meta name=\"robots\" content=\"index, follow, max-snippet:-1, max-image-preview:large, max-video-preview:-1\" \/>\n<link rel=\"canonical\" href=\"https:\/\/gaudiumetspes-blog.pl\/index.php\/2025\/12\/11\/sluchaj\/\" \/>\n<meta property=\"og:locale\" content=\"pl_PL\" \/>\n<meta property=\"og:type\" content=\"article\" \/>\n<meta property=\"og:title\" content=\"S\u0142uchaj! - Gaudium Et Spes\" \/>\n<meta property=\"og:description\" content=\"Szcz\u0119\u015b\u0107 Bo\u017ce! Moi Drodzy, w dniu dzisiejszym urodziny prze\u017cywa Ksi\u0105dz Adam Turemka, za moich czas\u00f3w \u2013 Proboszcz w Miastkowie i wieloletni Ojciec Duchowny Pielgrzymki Podlaskiej. Z kolei, imieniny prze\u017cyw Ksi\u0105dz Waldemar Grzeszczuk, za moich czas\u00f3w \u2013 Kap\u0142an wspomagaj\u0105cy, w swoim czasie, duszpastersk\u0105 pos\u0142ug\u0119 w Celestynowie. \u017bycz\u0119 \u015awi\u0119tuj\u0105cym Bo\u017cej \u0142askawo\u015bci! I zapewniam o modlitwie! A ja [&hellip;]\" \/>\n<meta property=\"og:url\" content=\"https:\/\/gaudiumetspes-blog.pl\/index.php\/2025\/12\/11\/sluchaj\/\" \/>\n<meta property=\"og:site_name\" content=\"Gaudium Et Spes\" \/>\n<meta property=\"article:published_time\" content=\"2025-12-11T05:54:06+00:00\" \/>\n<meta name=\"author\" content=\"Ks. Jacek\" \/>\n<meta name=\"twitter:card\" content=\"summary_large_image\" \/>\n<meta name=\"twitter:label1\" content=\"Napisane przez\" \/>\n\t<meta name=\"twitter:data1\" content=\"Ks. Jacek\" \/>\n\t<meta name=\"twitter:label2\" content=\"Szacowany czas czytania\" \/>\n\t<meta name=\"twitter:data2\" content=\"6 minut\" \/>\n<script type=\"application\/ld+json\" class=\"yoast-schema-graph\">{\"@context\":\"https:\/\/schema.org\",\"@graph\":[{\"@type\":\"WebPage\",\"@id\":\"https:\/\/gaudiumetspes-blog.pl\/index.php\/2025\/12\/11\/sluchaj\/\",\"url\":\"https:\/\/gaudiumetspes-blog.pl\/index.php\/2025\/12\/11\/sluchaj\/\",\"name\":\"S\u0142uchaj! - Gaudium Et Spes\",\"isPartOf\":{\"@id\":\"https:\/\/gaudiumetspes-blog.pl\/#website\"},\"datePublished\":\"2025-12-11T05:54:06+00:00\",\"author\":{\"@id\":\"https:\/\/gaudiumetspes-blog.pl\/#\/schema\/person\/1661982992b752dea8dff0d4ed845a65\"},\"breadcrumb\":{\"@id\":\"https:\/\/gaudiumetspes-blog.pl\/index.php\/2025\/12\/11\/sluchaj\/#breadcrumb\"},\"inLanguage\":\"pl-PL\",\"potentialAction\":[{\"@type\":\"ReadAction\",\"target\":[\"https:\/\/gaudiumetspes-blog.pl\/index.php\/2025\/12\/11\/sluchaj\/\"]}]},{\"@type\":\"BreadcrumbList\",\"@id\":\"https:\/\/gaudiumetspes-blog.pl\/index.php\/2025\/12\/11\/sluchaj\/#breadcrumb\",\"itemListElement\":[{\"@type\":\"ListItem\",\"position\":1,\"name\":\"Strona g\u0142\u00f3wna\",\"item\":\"https:\/\/gaudiumetspes-blog.pl\/\"},{\"@type\":\"ListItem\",\"position\":2,\"name\":\"S\u0142uchaj!\"}]},{\"@type\":\"WebSite\",\"@id\":\"https:\/\/gaudiumetspes-blog.pl\/#website\",\"url\":\"https:\/\/gaudiumetspes-blog.pl\/\",\"name\":\"Gaudium Et Spes\",\"description\":\"Blog Ks. Jacka Ja\u015bkowskiego\",\"potentialAction\":[{\"@type\":\"SearchAction\",\"target\":{\"@type\":\"EntryPoint\",\"urlTemplate\":\"https:\/\/gaudiumetspes-blog.pl\/?s={search_term_string}\"},\"query-input\":{\"@type\":\"PropertyValueSpecification\",\"valueRequired\":true,\"valueName\":\"search_term_string\"}}],\"inLanguage\":\"pl-PL\"},{\"@type\":\"Person\",\"@id\":\"https:\/\/gaudiumetspes-blog.pl\/#\/schema\/person\/1661982992b752dea8dff0d4ed845a65\",\"name\":\"Ks. Jacek\",\"image\":{\"@type\":\"ImageObject\",\"inLanguage\":\"pl-PL\",\"@id\":\"https:\/\/gaudiumetspes-blog.pl\/#\/schema\/person\/image\/\",\"url\":\"https:\/\/gaudiumetspes-blog.pl\/wp-content\/uploads\/2019\/07\/avatar-JJ-150x150.jpg\",\"contentUrl\":\"https:\/\/gaudiumetspes-blog.pl\/wp-content\/uploads\/2019\/07\/avatar-JJ-150x150.jpg\",\"caption\":\"Ks. Jacek\"},\"description\":\"Witam serdecznie! K\u0142ania si\u0119 Ks. Jacek Ja\u015bkowski. Nie jestem ani kim\u015b wa\u017cnym, ani kim\u015b znanym. Jestem ksi\u0119dzem, kt\u00f3ry po prostu chce rozmawia\u0107. Codzienna kap\u0142a\u0144ska pos\u0142uga pokazuje mi, \u017ce temat\u00f3w do rozm\u00f3w z ksi\u0119dzem jest coraz wi\u0119cej i dzisiaj \u017caden ksi\u0105dz nie mo\u017ce od nich ucieka\u0107, ale - wprost przeciwnie - podejmowa\u0107 nowe wyzwania. To przekonanie sk\u0142oni\u0142o mnie do pr\u00f3by otwarcia tego\u017c bloga, chocia\u017c okazji do rozm\u00f3w na co dzie\u0144 - w konfesjonale i poza nim - na szcz\u0119\u015bcie nie brakuje. My\u015bl\u0119 jednak, \u017ce ten blog b\u0119dzie jeszcze jednym sposobem i przestrzeni\u0105 nawi\u0105zania kontaktu z lud\u017ami dobrej woli, otwartymi na dialog.\",\"url\":\"https:\/\/gaudiumetspes-blog.pl\/index.php\/author\/ks-jacek\/\"}]}<\/script>\n<!-- \/ Yoast SEO plugin. -->","yoast_head_json":{"title":"S\u0142uchaj! - Gaudium Et Spes","robots":{"index":"index","follow":"follow","max-snippet":"max-snippet:-1","max-image-preview":"max-image-preview:large","max-video-preview":"max-video-preview:-1"},"canonical":"https:\/\/gaudiumetspes-blog.pl\/index.php\/2025\/12\/11\/sluchaj\/","og_locale":"pl_PL","og_type":"article","og_title":"S\u0142uchaj! - Gaudium Et Spes","og_description":"Szcz\u0119\u015b\u0107 Bo\u017ce! Moi Drodzy, w dniu dzisiejszym urodziny prze\u017cywa Ksi\u0105dz Adam Turemka, za moich czas\u00f3w \u2013 Proboszcz w Miastkowie i wieloletni Ojciec Duchowny Pielgrzymki Podlaskiej. Z kolei, imieniny prze\u017cyw Ksi\u0105dz Waldemar Grzeszczuk, za moich czas\u00f3w \u2013 Kap\u0142an wspomagaj\u0105cy, w swoim czasie, duszpastersk\u0105 pos\u0142ug\u0119 w Celestynowie. \u017bycz\u0119 \u015awi\u0119tuj\u0105cym Bo\u017cej \u0142askawo\u015bci! I zapewniam o modlitwie! A ja [&hellip;]","og_url":"https:\/\/gaudiumetspes-blog.pl\/index.php\/2025\/12\/11\/sluchaj\/","og_site_name":"Gaudium Et Spes","article_published_time":"2025-12-11T05:54:06+00:00","author":"Ks. Jacek","twitter_card":"summary_large_image","twitter_misc":{"Napisane przez":"Ks. Jacek","Szacowany czas czytania":"6 minut"},"schema":{"@context":"https:\/\/schema.org","@graph":[{"@type":"WebPage","@id":"https:\/\/gaudiumetspes-blog.pl\/index.php\/2025\/12\/11\/sluchaj\/","url":"https:\/\/gaudiumetspes-blog.pl\/index.php\/2025\/12\/11\/sluchaj\/","name":"S\u0142uchaj! - Gaudium Et Spes","isPartOf":{"@id":"https:\/\/gaudiumetspes-blog.pl\/#website"},"datePublished":"2025-12-11T05:54:06+00:00","author":{"@id":"https:\/\/gaudiumetspes-blog.pl\/#\/schema\/person\/1661982992b752dea8dff0d4ed845a65"},"breadcrumb":{"@id":"https:\/\/gaudiumetspes-blog.pl\/index.php\/2025\/12\/11\/sluchaj\/#breadcrumb"},"inLanguage":"pl-PL","potentialAction":[{"@type":"ReadAction","target":["https:\/\/gaudiumetspes-blog.pl\/index.php\/2025\/12\/11\/sluchaj\/"]}]},{"@type":"BreadcrumbList","@id":"https:\/\/gaudiumetspes-blog.pl\/index.php\/2025\/12\/11\/sluchaj\/#breadcrumb","itemListElement":[{"@type":"ListItem","position":1,"name":"Strona g\u0142\u00f3wna","item":"https:\/\/gaudiumetspes-blog.pl\/"},{"@type":"ListItem","position":2,"name":"S\u0142uchaj!"}]},{"@type":"WebSite","@id":"https:\/\/gaudiumetspes-blog.pl\/#website","url":"https:\/\/gaudiumetspes-blog.pl\/","name":"Gaudium Et Spes","description":"Blog Ks. Jacka Ja\u015bkowskiego","potentialAction":[{"@type":"SearchAction","target":{"@type":"EntryPoint","urlTemplate":"https:\/\/gaudiumetspes-blog.pl\/?s={search_term_string}"},"query-input":{"@type":"PropertyValueSpecification","valueRequired":true,"valueName":"search_term_string"}}],"inLanguage":"pl-PL"},{"@type":"Person","@id":"https:\/\/gaudiumetspes-blog.pl\/#\/schema\/person\/1661982992b752dea8dff0d4ed845a65","name":"Ks. Jacek","image":{"@type":"ImageObject","inLanguage":"pl-PL","@id":"https:\/\/gaudiumetspes-blog.pl\/#\/schema\/person\/image\/","url":"https:\/\/gaudiumetspes-blog.pl\/wp-content\/uploads\/2019\/07\/avatar-JJ-150x150.jpg","contentUrl":"https:\/\/gaudiumetspes-blog.pl\/wp-content\/uploads\/2019\/07\/avatar-JJ-150x150.jpg","caption":"Ks. Jacek"},"description":"Witam serdecznie! K\u0142ania si\u0119 Ks. Jacek Ja\u015bkowski. Nie jestem ani kim\u015b wa\u017cnym, ani kim\u015b znanym. Jestem ksi\u0119dzem, kt\u00f3ry po prostu chce rozmawia\u0107. Codzienna kap\u0142a\u0144ska pos\u0142uga pokazuje mi, \u017ce temat\u00f3w do rozm\u00f3w z ksi\u0119dzem jest coraz wi\u0119cej i dzisiaj \u017caden ksi\u0105dz nie mo\u017ce od nich ucieka\u0107, ale - wprost przeciwnie - podejmowa\u0107 nowe wyzwania. To przekonanie sk\u0142oni\u0142o mnie do pr\u00f3by otwarcia tego\u017c bloga, chocia\u017c okazji do rozm\u00f3w na co dzie\u0144 - w konfesjonale i poza nim - na szcz\u0119\u015bcie nie brakuje. My\u015bl\u0119 jednak, \u017ce ten blog b\u0119dzie jeszcze jednym sposobem i przestrzeni\u0105 nawi\u0105zania kontaktu z lud\u017ami dobrej woli, otwartymi na dialog.","url":"https:\/\/gaudiumetspes-blog.pl\/index.php\/author\/ks-jacek\/"}]}},"jetpack_featured_media_url":"","jetpack_sharing_enabled":true,"_links":{"self":[{"href":"https:\/\/gaudiumetspes-blog.pl\/index.php\/wp-json\/wp\/v2\/posts\/24480","targetHints":{"allow":["GET"]}}],"collection":[{"href":"https:\/\/gaudiumetspes-blog.pl\/index.php\/wp-json\/wp\/v2\/posts"}],"about":[{"href":"https:\/\/gaudiumetspes-blog.pl\/index.php\/wp-json\/wp\/v2\/types\/post"}],"author":[{"embeddable":true,"href":"https:\/\/gaudiumetspes-blog.pl\/index.php\/wp-json\/wp\/v2\/users\/1"}],"replies":[{"embeddable":true,"href":"https:\/\/gaudiumetspes-blog.pl\/index.php\/wp-json\/wp\/v2\/comments?post=24480"}],"version-history":[{"count":1,"href":"https:\/\/gaudiumetspes-blog.pl\/index.php\/wp-json\/wp\/v2\/posts\/24480\/revisions"}],"predecessor-version":[{"id":24481,"href":"https:\/\/gaudiumetspes-blog.pl\/index.php\/wp-json\/wp\/v2\/posts\/24480\/revisions\/24481"}],"wp:attachment":[{"href":"https:\/\/gaudiumetspes-blog.pl\/index.php\/wp-json\/wp\/v2\/media?parent=24480"}],"wp:term":[{"taxonomy":"category","embeddable":true,"href":"https:\/\/gaudiumetspes-blog.pl\/index.php\/wp-json\/wp\/v2\/categories?post=24480"},{"taxonomy":"post_tag","embeddable":true,"href":"https:\/\/gaudiumetspes-blog.pl\/index.php\/wp-json\/wp\/v2\/tags?post=24480"}],"curies":[{"name":"wp","href":"https:\/\/api.w.org\/{rel}","templated":true}]}}