{"id":24594,"date":"2026-01-25T06:55:47","date_gmt":"2026-01-25T05:55:47","guid":{"rendered":"https:\/\/gaudiumetspes-blog.pl\/?p=24594"},"modified":"2026-01-25T06:55:47","modified_gmt":"2026-01-25T05:55:47","slug":"wyruszamy-na-polow","status":"publish","type":"post","link":"https:\/\/gaudiumetspes-blog.pl\/index.php\/2026\/01\/25\/wyruszamy-na-polow\/","title":{"rendered":"Wyruszamy na po\u0142\u00f3w!"},"content":{"rendered":"<p align=\"justify\"><span style=\"color: #000000;\"><span style=\"font-family: Book Antiqua, serif;\"><span style=\"font-size: large;\">Szcz\u0119\u015b\u0107 Bo\u017ce! Moi Drodzy, w dniu dzisiejszym <b>urodziny prze\u017cywa<\/b><b>j\u0105 dzi\u015b:<\/b><\/span><\/span><\/span><\/p>\n<p align=\"justify\"><span style=\"color: #000000;\">\u25ba<span style=\"font-family: Book Antiqua, serif;\"><span style=\"font-size: large;\"><b>Rafa\u0142 Suchodolski \u2013 aktywny Uczestnik dzia\u0142alno\u015bci naszego Duszpasterstwa Akademickiego i Osoba wspieraj\u0105ca duchowo i materialnie wszystkie nasze inicjatywy, za co bardzo serdecznie Mu dzi\u0119kuj\u0119!;<\/b><\/span><\/span><\/span><\/p>\n<p align=\"justify\"><span style=\"color: #000000;\">\u25ba<span style=\"font-family: Book Antiqua, serif;\"><span style=\"font-size: large;\"><b>Pawe\u0142 R\u0119kawek, w swoim czasie \u2013 Szef Wsp\u00f3lnoty m\u0142odzie\u017cowej w Tr\u0105bkach. <\/b><\/span><\/span><\/span><\/p>\n<p align=\"justify\"><span style=\"color: #000000;\"><span style=\"font-family: Book Antiqua, serif;\"><span style=\"font-size: large;\"><b>Imieniny natomiast prze\u017cywaj\u0105:<\/b><\/span><\/span><\/span><\/p>\n<p align=\"justify\"><span style=\"color: #000000;\">\u25ba<span style=\"font-family: Book Antiqua, serif;\"><span style=\"font-size: large;\"><b>Mi\u0142osz Pietraszkiewicz \u2013 Cz\u0142onek FORMACJI SPE SALVI\u00bb, m\u0142ody, zdolny i obiecuj\u0105cy Organista w Parafii Ma\u0142aszeiwcze, <\/b><\/span><\/span><\/span><\/p>\n<p align=\"justify\"><span style=\"color: #000000;\">\u25ba<span style=\"font-family: Book Antiqua, serif;\"><span style=\"font-size: large;\"><b>Alumn Mi\u0142osz \u015awi\u0105tek \u2013 z naszego siedleckiego Seminarium;<\/b><\/span><\/span><\/span><\/p>\n<p align=\"justify\"><span style=\"color: #000000;\">\u25ba<span style=\"font-family: Book Antiqua, serif;\"><span style=\"font-size: large;\"><b>Tatiana K\u0142usek \u2013 za moich czas\u00f3w w Radory\u017cu Ko\u015bcielnym: czynnie zaanga\u017cowana w dzia\u0142alno\u015b\u0107 tamtejszego KSM, a obecnie: \u017bona i Matka.<\/b><\/span><\/span><\/span><\/p>\n<p align=\"justify\"><span style=\"color: #000000;\"><span style=\"font-family: Book Antiqua, serif;\"><span style=\"font-size: large;\"><b>\u017bycz\u0119 \u015bwi\u0119tuj\u0105cym, aby zechcieli by\u0107 wsp\u00f3\u0142pracownikami Jezusa w \u0142owieniu ludzkich serc dla Niego! Wi\u0119cej o tym w rozwa\u017caniu. Zapewniam o modlitwie!<\/b><\/span><\/span><\/span><\/p>\n<p align=\"justify\"><span style=\"color: #000000;\"><span style=\"font-family: Book Antiqua, serif;\"><span style=\"font-size: large;\">Drodzy moi, pozdrawiam z Siedlec, sk\u0105d zaraz wyruszam do Parafii Konstantyn\u00f3w z pomoc\u0105 duszpastersk\u0105, a potem \u2013 kolejne spotkanie rodzinne: <b>z rodzinami Agnieszki Niedzia\u0142kowskiej i Agnieszki Chmielewskiej oraz z Monik\u0105 Ochnik<\/b> \u2013 KSM \u2013 owiczkami z pierwszej mojej Parafii, a dzisiaj: bardzo bliskimi Osobami, z kt\u00f3ymi kontakt ci\u0105gle utrzymujemy. Spotkanie odb\u0119dzie si\u0119 w Niezdia\u0142ce Starej, obok Mi\u0144ska Mazowieckiego. W trakcie spotkania dane mi b\u0119dzie pob\u0142ogos\u0142awi\u0107 nowe auto Pa\u0144stwa Niedzia\u0142kowskich. A tak w og\u00f3le, to nastawiam si\u0119 na \u015bwietn\u0105 rozmow\u0119 \u2013 jak zawsze.<\/span><\/span><\/span><\/p>\n<p align=\"justify\"><span style=\"color: #000000;\"><span style=\"font-family: Book Antiqua, serif;\"><span style=\"font-size: large;\">O 20:00 natomiast \u2013 Msza \u015awi\u0119ta w naszym Duszpasterstwie.<\/span><\/span><\/span><\/p>\n<p align=\"justify\"><span style=\"color: #000000;\"><span style=\"font-family: Book Antiqua, serif;\"><span style=\"font-size: large;\">Teraz za\u015b &#8211; pochylmy si\u0119 nad dzisiejszym Bo\u017cym s\u0142owem. Oto s\u0142\u00f3wko Ksi\u0119dza Marka na dzi\u015b:<\/span><\/span><\/span><\/p>\n<p align=\"justify\"><span style=\"color: #000000;\"><span style=\"font-family: Book Antiqua, serif;\"><span style=\"font-size: medium;\"><a href=\"https:\/\/www.youtube.com\/c\/CatholicSurgut\"><span style=\"font-size: large;\"><span lang=\"zxx\"><u><b>https:\/\/www.youtube.com\/c\/CatholicSurgut<\/b><\/u><\/span><\/span><\/a><\/span><\/span><\/span><\/p>\n<p align=\"justify\"><span style=\"color: #000000;\"><span style=\"font-family: Book Antiqua, serif;\"><span style=\"font-size: large;\">Zatem, <b>c<\/b><b>o Pan dzi\u015b do mnie osobi\u015bcie m\u00f3wi?<\/b> Duchu \u015awi\u0119ty, dzia\u0142aj!<\/span><\/span><\/span><\/p>\n<p align=\"justify\"><span style=\"color: #000000;\"><span style=\"font-family: Book Antiqua, serif;\"><span style=\"font-size: large;\"><b>N<\/b><b>iech Was b\u0142ogos\u0142awi B\u00f3g Wszechmog\u0105cy: Ojciec + i Syn, i Duch \u015awi\u0119ty. Amen.<\/b><\/span><\/span><\/span><\/p>\n<p align=\"center\"><span style=\"color: #000000;\"><span style=\"font-family: Book Antiqua, serif;\"><span style=\"font-size: large;\">Gaudium et spes! Ks. Jacek<\/span><\/span><\/span><\/p>\n<p align=\"center\">\n<p align=\"center\">\n<p align=\"center\">\n<p align=\"center\">\n<p align=\"center\">\n<p align=\"justify\"><span style=\"color: #000000;\"><span style=\"font-family: Book Antiqua, serif;\"><span style=\"font-size: large;\"><b>3 Niedziela zwyk\u0142a, A,<\/b><\/span><\/span><\/span><\/p>\n<p align=\"justify\"><span style=\"color: #000000;\"><span style=\"font-family: Book Antiqua, serif;\"><span style=\"font-size: large;\"><b>25 stycznia 2026.,\u00a0<\/b><\/span><\/span><\/span><\/p>\n<p align=\"justify\"><span style=\"color: #000000;\"><span style=\"font-family: Book Antiqua, serif;\"><span style=\"font-size: large;\"><b>do czyta\u0144: Iz 8,23b\u20139,3; 1 Kor 1, 10\u201313.17; Mt 4,12\u201323<\/b><\/span><\/span><\/span><\/p>\n<p align=\"justify\">\n<p align=\"justify\">\n<p align=\"justify\">\n<p align=\"justify\">\n<p align=\"justify\">\n<p align=\"justify\"><span style=\"color: #000000;\"><span style=\"font-family: Book Antiqua, serif;\"><span style=\"font-size: large;\"><b>CZYTANIE Z KSI\u0118GI PROROKA IZAJASZA: <\/b><\/span><\/span><\/span><\/p>\n<p align=\"justify\"><span style=\"color: #000000;\"><span style=\"font-family: Book Antiqua, serif;\"><span style=\"font-size: large;\"><b>W dawniejszych czasach upokorzy\u0142 Pan krain\u0119 Zabulona i krain\u0119 Neftalego, za to w przysz\u0142o\u015bci chwa\u0142\u0105 okryje drog\u0119 do morza wiod\u0105c\u0105 przez Jordan, krain\u0119 poga\u0144sk\u0105. <\/b><\/span><\/span><\/span><\/p>\n<p align=\"justify\"><span style=\"color: #000000;\"><span style=\"font-family: Book Antiqua, serif;\"><span style=\"font-size: large;\"><b>Nar\u00f3d krocz\u0105cy w ciemno\u015bciach ujrza\u0142 \u015bwiat\u0142o\u015b\u0107 wielk\u0105; nad mieszka\u0144cami kraju mrok\u00f3w zab\u0142ys\u0142o \u015bwiat\u0142o. Pomno\u017cy\u0142e\u015b rado\u015b\u0107, zwi\u0119kszy\u0142e\u015b wesele. Rozradowali si\u0119 przed Tob\u0105, jak si\u0119 raduj\u0105 we \u017cniwa, jak si\u0119 wesel\u0105 przy podziale \u0142upu. <\/b><\/span><\/span><\/span><\/p>\n<p align=\"justify\"><span style=\"color: #000000;\"><span style=\"font-family: Book Antiqua, serif;\"><span style=\"font-size: large;\"><b>Bo z\u0142ama\u0142e\u015b jego ci\u0119\u017ckie jarzmo i dr\u0105\u017cek na jego ramieniu, pr\u0119t jego ciemi\u0119zcy jak w dniu pora\u017cki Madianit\u00f3w.<\/b><\/span><\/span><\/span><\/p>\n<p align=\"justify\">\n<p align=\"justify\">\n<p align=\"justify\">\n<p align=\"justify\">\n<p align=\"justify\">\n<p align=\"justify\"><span style=\"color: #000000;\"><span style=\"font-family: Book Antiqua, serif;\"><span style=\"font-size: large;\"><b>CZYTANIE Z PIERWSZEGO LISTU \u015aWI\u0118TEGO PAW\u0141A APOSTO\u0141A DO KORYNTIAN:<\/b><\/span><\/span><\/span><\/p>\n<p align=\"justify\"><span style=\"color: #000000;\"><span style=\"font-family: Book Antiqua, serif;\"><span style=\"font-size: large;\"><b>Upominam was, bracia, w imi\u0119 naszego Pana Jezusa Chrystusa, aby\u015bcie byli zgodni i by nie by\u0142o w\u015br\u00f3d was roz\u0142am\u00f3w; by\u015bcie byli jednego ducha i jednej my\u015bli. <\/b><\/span><\/span><\/span><\/p>\n<p align=\"justify\"><span style=\"color: #000000;\"><span style=\"font-family: Book Antiqua, serif;\"><span style=\"font-size: large;\"><b>Doniesiono mi bowiem o was, bracia moi, przez ludzi Chloe, \u017ce zdarzaj\u0105 si\u0119 mi\u0119dzy wami spory. My\u015bl\u0119 o tym, co ka\u017cdy z was m\u00f3wi: \u201eJa jestem Paw\u0142a, a ja Apollosa; ja jestem Kefasa, a ja Chrystusa\u201d. <\/b><\/span><\/span><\/span><\/p>\n<p align=\"justify\"><span style=\"color: #000000;\"><span style=\"font-family: Book Antiqua, serif;\"><span style=\"font-size: large;\"><b>Czy\u017c Chrystus jest podzielony? Czy\u017c Pawe\u0142 zosta\u0142 za was ukrzy\u017cowany? Czy\u017c w imi\u0119 Paw\u0142a zostali\u015bcie ochrzczeni? <\/b><\/span><\/span><\/span><\/p>\n<p align=\"justify\"><span style=\"color: #000000;\"><span style=\"font-family: Book Antiqua, serif;\"><span style=\"font-size: large;\"><b>Nie pos\u0142a\u0142 mnie Chrystus, abym chrzci\u0142, lecz abym g\u0142osi\u0142 Ewangeli\u0119, i to nie w m\u0105dro\u015bci s\u0142owa, by nie zniweczy\u0107 Chrystusowego krzy\u017ca.<\/b><\/span><\/span><\/span><\/p>\n<p align=\"justify\">\n<p align=\"justify\">\n<p align=\"justify\">\n<p align=\"justify\">\n<p align=\"justify\">\n<p align=\"justify\"><span style=\"color: #000000;\"><span style=\"font-family: Book Antiqua, serif;\"><span style=\"font-size: large;\"><b>S\u0141OWA EWANGELII WED\u0141UG \u015aWI\u0118TEGO MATEUSZA: <\/b><\/span><\/span><\/span><\/p>\n<p align=\"justify\"><span style=\"color: #000000;\"><span style=\"font-family: Book Antiqua, serif;\"><span style=\"font-size: large;\"><b>Gdy Jezus pos\u0142ysza\u0142, \u017ce Jan zosta\u0142 uwi\u0119ziony, usun\u0105\u0142 si\u0119 do Galilei. Opu\u015bci\u0142 jednak Nazaret, przyszed\u0142 i osiad\u0142 w Kafarnaum nad jeziorem, na pograniczu Zabulona i Neftalego. Tak mia\u0142o si\u0119 spe\u0142ni\u0107 s\u0142owo proroka Izajasza: <\/b><\/span><\/span><\/span><\/p>\n<p align=\"justify\"><span style=\"color: #000000;\">\u201e<span style=\"font-family: Book Antiqua, serif;\"><span style=\"font-size: large;\"><b>Ziemia Zabulona i ziemia Neftalego. Droga morska, Zajordanie, Galilea pogan! Lud, kt\u00f3ry siedzia\u0142 w ciemno\u015bci, ujrza\u0142 \u015bwiat\u0142o wielkie, i mieszka\u0144com cienistej krainy \u015bmierci wzesz\u0142o \u015bwiat\u0142o\u201d.<\/b><\/span><\/span><\/span><\/p>\n<p align=\"justify\"><span style=\"color: #000000;\"><span style=\"font-family: Book Antiqua, serif;\"><span style=\"font-size: large;\"><b>Odt\u0105d pocz\u0105\u0142 Jezus naucza\u0107 i m\u00f3wi\u0107: \u201eNawracajcie si\u0119, albowiem bliskie jest kr\u00f3lestwo niebieskie\u201d. <\/b><\/span><\/span><\/span><\/p>\n<p align=\"justify\"><span style=\"color: #000000;\"><span style=\"font-family: Book Antiqua, serif;\"><span style=\"font-size: large;\"><b>Gdy Jezus przechodzi\u0142 obok Jeziora Galilejskiego, ujrza\u0142 dw\u00f3ch braci, Szymona, zwanego Piotrem, i brata jego Andrzeja, jak zarzucali sie\u0107 w jezioro; byli bowiem rybakami. I rzek\u0142 do nich: \u201eP\u00f3jd\u017acie za Mn\u0105, a uczyni\u0119 was rybakami ludzi\u201d. Oni natychmiast zostawili sieci i poszli za Nim. <\/b><\/span><\/span><\/span><\/p>\n<p align=\"justify\"><span style=\"color: #000000;\"><span style=\"font-family: Book Antiqua, serif;\"><span style=\"font-size: large;\"><b>A gdy poszed\u0142 stamt\u0105d dalej, ujrza\u0142 innych dw\u00f3ch braci, Jakuba, syna Zebedeusza, i brata jego, Jana, jak z ojcem swym Zebedeuszem naprawiali w \u0142odzi swe sieci. Ich te\u017c powo\u0142a\u0142. A oni natychmiast zostawili \u0142\u00f3d\u017a i ojca i poszli za Nim. <\/b><\/span><\/span><\/span><\/p>\n<p align=\"justify\"><span style=\"color: #000000;\"><span style=\"font-family: Book Antiqua, serif;\"><span style=\"font-size: large;\"><b>I obchodzi\u0142 Jezus ca\u0142\u0105 Galile\u0119, nauczaj\u0105c w tamtejszych synagogach, g\u0142osz\u0105c Ewangeli\u0119 o kr\u00f3lestwie i lecz\u0105c wszelkie choroby i wszelkie s\u0142abo\u015bci w\u015br\u00f3d ludu.<\/b><\/span><\/span><\/span><\/p>\n<p align=\"justify\">\n<p align=\"justify\">\n<p align=\"justify\">\n<p align=\"justify\">\n<p align=\"justify\">\n<p align=\"justify\"><span style=\"color: #000000;\"><span style=\"font-family: Book Antiqua, serif;\"><span style=\"font-size: large;\">Niecz\u0119sto w liturgii Ko\u015bcio\u0142a s\u0142yszymy te w\u0142a\u015bnie s\u0142owa z Izajaszowego Proroctwa: <i><b>Nar\u00f3d krocz\u0105cy w ciemno\u015bciach ujrza\u0142 \u015bwiat\u0142o\u015b\u0107 wielk\u0105; nad mieszka\u0144cami kraju mrok\u00f3w zab\u0142ys\u0142o \u015bwiat\u0142o. Pomno\u017cy\u0142e\u015b rado\u015b\u0107, zwi\u0119kszy\u0142e\u015b wesele. Rozradowali si\u0119 przed Tob\u0105, jak si\u0119 raduj\u0105 we \u017cniwa, jak si\u0119 wesel\u0105 przy podziale \u0142upu. <\/b><\/i><\/span><\/span><\/span><\/p>\n<p align=\"justify\"><span style=\"color: #000000;\"><span style=\"font-family: Book Antiqua, serif;\"><span style=\"font-size: large;\">W wersji du\u017co d\u0142u\u017cszej ten fragment odczytywany jest<b> na Pasterce \u2013<\/b> i wtedy brzmi naprawd\u0119 <b>bardzo, bardzo dostojnie i uroczy\u015bcie,<\/b> kiedy w\u0142a\u015bnie w \u015brodku nocy, o p\u00f3\u0142nocy, wybrzmiewaj\u0105 podnios\u0142e s\u0142owa o \u00abnarodzie krocz\u0105cym w ciemno\u015bciach\u00bb, kt\u00f3ry <i><b>ujrza\u0142 \u015bwiat\u0142o\u015b\u0107 wielk\u0105.<\/b><\/i> Bardzo to dobrze oddaje atmosfer\u0119 tej niezwyk\u0142ej liturgii, jak\u0105 jest Pasterka, na kt\u00f3r\u0105 nawet \u2013 w tym wymiarze fizycznym i zewn\u0119trznym patrz\u0105c \u2013 <b>ludzie przychodz\u0105 w\u015br\u00f3d ciemno\u015bci nocy, <\/b>aby w \u015bwi\u0105tyni o\u015bwietli\u0142 ich blask pi\u0119knej liturgii, ale o wiele bardziej, w jej trakcie:<b> <\/b><b>blask przychodz\u0105cego Zbawiciela. <\/b>Mo\u017ce w\u0142a\u015bnie dlatego s\u0142owa te, kiedy na Pasterce s\u0105 odczytywane, brzmi\u0105 tak podnio\u015ble, tak wyj\u0105tkowo. <\/span><\/span><\/span><\/p>\n<p align=\"justify\"><span style=\"color: #000000;\"><span style=\"font-family: Book Antiqua, serif;\"><span style=\"font-size: large;\">I w\u0142a\u015bciwie poza Pasterk\u0105 nie pojawiaj\u0105 si\u0119 one w liturgii. Oczywi\u015bcie, poza dzisiejsz\u0105 Niedziel\u0105, kiedy to <b>pojawiaj\u0105 si\u0119 a\u017c dwa razy:<\/b> bo w pierwszym czytaniu, w kt\u00f3rym nawi\u0105zuj\u0105 <b>do samego faktu pojawienia si\u0119 na \u015bwiecie<\/b> owej niegasn\u0105cej \u015awiat\u0142o\u015bci, oraz w Ewangelii, gdzie \u2013 jak zauwa\u017camy \u2013 s\u0142owa te stanowi\u0105 <b>wprowadzenie do opisu pojawienia si\u0119 Jezusa Chrystusa <\/b>w\u015br\u00f3d ludzi, w konkretnym miejscu i czasie, aby m\u00f3g\u0142 ju\u017c rozpocz\u0105\u0107 <b>publiczn\u0105 dzia\u0142alno\u015b\u0107. <\/b><\/span><\/span><\/span><\/p>\n<p align=\"justify\"><span style=\"color: #000000;\"><span style=\"font-family: Book Antiqua, serif;\"><span style=\"font-size: large;\">Zatem \u2013 tak mo\u017cemy zrozumie\u0107 przes\u0142anie Ewangelisty Mateusza \u2013<b> \u015bwiat\u0142o\u015b\u0107 nie tylko nasta\u0142a<\/b> poprzez pojawienie si\u0119 Jezusa jako Pana i Zbawiciela, ale b\u0119dzie ona stale<b> przekazywana wszystkim wok\u00f3\u0142<\/b> i rozja\u015bnia\u0142a serca ludzi. Owo rozpocz\u0119cie publicznej dzia\u0142alno\u015bci to takie<b> ponowne zaja\u015bnienie <\/b><b>\u015a<\/b><b>wiat\u0142o\u015bci, <\/b>nowy pocz\u0105tek \u2013<b> po trzydziestu latach<\/b> \u017cycia Jezusa na tym \u015bwiecie, ale jednak w ukryciu. Wszyscy \u2013 oczywi\u015bcie, zainteresowani spraw\u0105 \u2013 <b>wiedzieli, \u017ce zaja\u015bnia\u0142a<\/b> prawdziwa i mocna \u015awiat\u0142o\u015b\u0107, ale musieli t\u0119 wiadomo\u015b\u0107 przyj\u0105\u0107 niejako \u201ena wiar\u0119\u201d. <\/span><\/span><\/span><\/p>\n<p align=\"justify\"><span style=\"color: #000000;\"><span style=\"font-family: Book Antiqua, serif;\"><span style=\"font-size: large;\">Bo Jezus narodzi\u0142 si\u0119 i \u2013 owszem \u2013 temu narodzeniu <b>towarzyszy\u0142y pewne znaki,<\/b> wyra\u017anie znamionuj\u0105ce, \u017ce dokona\u0142o si\u0119 co\u015b niezwyk\u0142ego. Ale potem<b> jakby znikn\u0105\u0142 <\/b><b>ludziom z oczu<\/b><b>, <\/b>przeto w wielu w\u0105tpi\u0105cych sercach z pewno\u015bci\u0105 pojawi\u0142y si\u0119 dylematy: <b>A gdzie\u017c jest ten przychodz\u0105cy Zbawiciel?<\/b> I oto dzisiaj otrzymuj\u0105 odpowied\u017a: <b>\u201eOto Ja! Jestem z Wami!\u201d<\/b> Tak zdaje si\u0119 m\u00f3wi\u0107 Jezus dok\u0142adnie tymi s\u0142owami, kt\u00f3re wybrzmia\u0142y zar\u00f3wno w pierwszym czytaniu, jak i w Ewangelii. <\/span><\/span><\/span><\/p>\n<p align=\"justify\"><span style=\"color: #000000;\"><span style=\"font-family: Book Antiqua, serif;\"><span style=\"font-size: large;\">Jezus ju\u017c jest z lud\u017ami,<b> ju\u017c wyrusza \u201edo boju\u201d,<\/b> aby \u015bwiat\u0142o\u015b\u0107 wiary zanie\u015b\u0107 do ludzkich serc. I w niczym Mu nie przeszkadza, \u017ce to Jego pojawienie si\u0119 na \u015bwiecie dokona\u0142o si\u0119 w miejscach \u2013 tak z czysto ludzkiej perspektyw patrz\u0105c \u2013 <b>zupe\u0142nie Go niegodny<\/b><b>ch.<\/b> Bo ju\u017c w pierwszym zdaniu pierwszego czytania s\u0142yszymy: <i><b>W dawniejszych czasach upokorzy\u0142 Pan krain\u0119 Zabulona i krain\u0119 Neftalego, za to w przysz\u0142o\u015bci chwa\u0142\u0105 okryje drog\u0119 do morza wiod\u0105c\u0105 przez Jordan, krain\u0119 poga\u0144sk\u0105. <\/b><\/i><\/span><\/span><\/span><\/p>\n<p align=\"justify\"><span style=\"color: #000000;\"><span style=\"font-family: Book Antiqua, serif;\"><span style=\"font-size: large;\">Owa <b>\u00abkraina Zabulona i kraina Neftalego\u00bb <\/b>\u2013 to p\u00f3\u0142nocne tereny Izraela, dzisiejsza Galilea \u2013 ziemie, kt\u00f3re najbardziej ucierpia\u0142y wskutek najazdu wojsk asyryjskich oraz deportacji ludno\u015bci. <b>I to w\u0142a\u015bnie tam Jezus mia\u0142 g\u0142osi\u0107 nauk\u0119<\/b> o Kr\u00f3lestwie, wzywa\u0107 do nawr\u00f3cenia i dokonywa\u0107 swoich cud\u00f3w \u2013 s\u0142owem: <b>tam mia\u0142a zaja\u015bnie\u0107 wielka \u015awiat\u0142o\u015b\u0107. <\/b>Dla Boga bowiem ten fakt, \u017ce kt\u00f3ra\u015b ziemia, czy kt\u00f3ry\u015b kraj lub inna spo\u0142eczno\u015b\u0107 <b>ma mniejsze znaczenie <\/b>polityczne, strategiczne, logistyczne, spo\u0142eczne czy naukowe \u2013 <b>naprawd\u0119 nie przeszkadza<\/b> w tym, aby tam w\u0142a\u015bnie zanie\u015b\u0107 \u015bwiat\u0142o swojej \u0142aski! B\u00f3g w og\u00f3le nie tymi kryteriami si\u0119 kieruje. <\/span><\/span><\/span><\/p>\n<p align=\"justify\"><span style=\"color: #000000;\"><span style=\"font-family: Book Antiqua, serif;\"><span style=\"font-size: large;\">Podobnie, jak <b>w doborze ludzi do wsp\u00f3\u0142pracy<\/b> nie kieruje si\u0119 takimi kryteriami, jak stan wykszta\u0142cenia, stan posiadania, zdolno\u015bci krasom\u00f3wcze, albo inne; tudzie\u017c \u2013 <b>znajomo\u015bci, kontakty, wp\u0142ywy, <\/b>zajmowane stanowiska czy piastowane urz\u0119dy. Dzisiaj, rozpoczynaj\u0105c publiczn\u0105 dzia\u0142alno\u015b\u0107, Jezus \u2013 by si\u0119 tak wyrazi\u0107 \u2013 <b>wyruszy\u0142 na \u0142owy. <\/b>Znalaz\u0142 czterech \u2013 rybak\u00f3w \u2013 kt\u00f3rym powiedzia\u0142: <i><b>P\u00f3jd\u017acie za Mn\u0105, a uczyni\u0119 was rybakami ludzi! <\/b><\/i>Z\u0142owi\u0142 do swojej sieci tych, kt\u00f3rzy <b>Jego moc\u0105 i w Jego imi\u0119<\/b> w\u0142a\u015bnie ludzi mieli zacz\u0105\u0107 \u0142owi\u0107. <\/span><\/span><\/span><\/p>\n<p align=\"justify\"><span style=\"color: #000000;\"><span style=\"font-family: Book Antiqua, serif;\"><span style=\"font-size: large;\">Wiemy, \u017ce <b>jeszcze o\u015bmiu jeszcze podobnie z\u0142owi\u0142 <\/b>\u2013 i z nimi wyruszy\u0142 na \u0142owy. I tak te \u0142owy <b>szcz\u0119\u015bliwie trwaj\u0105 do dzisiaj, <\/b>a tymi rybakami, kt\u00f3rzy dzisiaj dokonuj\u0105 tego dzie\u0142a, s\u0105 <b>nast\u0119pcy<\/b> \u2013 <b>ju\u017c kolejni \u2013 tamtych pierwszych. <\/b>Owszem, tymi nast\u0119pcami w linii prostej s\u0105 <b>biskupi, <\/b>tak\u017ce <b>kap\u0142ani i osoby konsekrowane.<\/b> Ale to zaproszenie, jakie tu przed chwil\u0105 sobie zacytowali\u015bmy, odnosi si\u0119 tak naprawd\u0119 <b>do nas wszystkich! <\/b>Tak, to my wszyscy jeste\u015bmy tak naprawd\u0119 zaproszeni przez Jezusa, <b>aby sta\u0107 si\u0119 rybakami ludzi \u2013<\/b> aby ich dla Jezusa \u0142owi\u0107 <b>do sieci <\/b><b>naszych <\/b><b>serc. <\/b><\/span><\/span><\/span><\/p>\n<p align=\"justify\"><span style=\"color: #000000;\"><span style=\"font-family: Book Antiqua, serif;\"><span style=\"font-size: large;\">Te w\u0142a\u015bnie nasze serca <b>maj\u0105 si\u0119 sta\u0107 takimi sieciami! <\/b>Ale \u2013 podkre\u015blmy to bardzo mocno \u2013 nie takimi, kt\u00f3re <b>tak sp\u0119taj\u0105<\/b> tych biednych, z\u0142owionych przez nas ludzi,<b> aby ich zniewoli\u0107,<\/b> czyli przywi\u0105za\u0107 ich za wszelk\u0105 cen\u0119 do siebie, <b>uzale\u017cni\u0107 ich mentalnie, psychicznie, <\/b>a mo\u017ce i finansowo od siebie. Nie! To nie o takie \u0142owy chodzi. Chodzi o <b>\u0142owienie ludzi dla Jezusa! <\/b>Aby ich <b>oddawa\u0107 Jemu na modlitwie, <\/b>ale te\u017c: aby im <b>pokazywa\u0107 w\u0142a\u015bnie Jego <\/b>\u2013 jako \u0179r\u00f3d\u0142o wszelkiego sensu w \u017cyciu! <\/span><\/span><\/span><\/p>\n<p align=\"justify\"><span style=\"color: #000000;\"><span style=\"font-family: Book Antiqua, serif;\"><span style=\"font-size: large;\">I zauwa\u017cmy \u2013 i podkre\u015blmy to bardzo mocno \u2013 \u017ce powo\u0142uj\u0105c do tego zadania, Jezus naprawd\u0119 <b>nie sprawdza nam stanu konta<\/b> <b>czy ocen<\/b> w indeksach lub dziennikach szkolnych. Oczywi\u015bcie, w obecnych czasach, s\u0105 to dzienniki elektroniczne.<b> Ale <\/b><b>i do nich<\/b><b> Jezus nie zagl\u0105da \u2013<\/b> i \u017cadnych z tych wymienionych tu wcze\u015bniej oczekiwa\u0144 nie stawia, tylko zwraca si\u0119 <b>do ka\u017cdego i ka\u017cdej z nas indywidualnie i po imieniu. <\/b>Jak do przyjaci\u00f3\u0142. Do ka\u017cdej i ka\u017cdego z nas \u2013 i do nas wszystkich razem \u2013 m\u00f3wi: <i><b>P\u00f3jd\u017acie za Mn\u0105, a uczyni\u0119 was rybakami ludzi!<\/b><\/i><i><b> <\/b><\/i><\/span><\/span><\/span><\/p>\n<p align=\"justify\"><span style=\"color: #000000;\"><span style=\"font-family: Book Antiqua, serif;\"><span style=\"font-size: large;\">Jedynym motywem, jaki przy\u015bwieca Jezusowi, jest <b>Jego wielka mi\u0142o\u015b\u0107 i zaufanie<\/b> do ka\u017cdej i ka\u017cdego z nas. I to przekonanie, \u017ce je\u017celi tylko zechcemy si\u0119 zaanga\u017cowa\u0107, je\u017celi tylko <b>zechcemy odpowiedzie\u0107 nasz\u0105 mi\u0142o\u015bci\u0105 na Jego mi\u0142o\u015b\u0107 i nasz\u0105 gotowo\u015bci\u0105 na Jego zaufanie,<\/b> to naprawd\u0119 wielkie rzeczy b\u0119d\u0105 si\u0119 dzia\u0142y! Wielkie po\u0142owy ludzkich serc b\u0119d\u0105 si\u0119 dokonywa\u0142y. W\u0142a\u015bnie <b>przez nasze s\u0142owo, <\/b>a jeszcze bardziej: <b>przez nasze \u015bwiadectwo \u017cycia.<\/b> Potrzeba natomiast z naszej strony odpowiedniej postawy, kt\u00f3ra b\u0119dzie t\u0105 <b>w\u0142a\u015bciw\u0105 odpowiedzi\u0105<\/b> na na Jezusowe zaproszenie.<\/span><\/span><\/span><\/p>\n<p align=\"justify\"><span style=\"color: #000000;\"><span style=\"font-family: Book Antiqua, serif;\"><span style=\"font-size: large;\">Zapewne o tym w\u0142a\u015bnie m\u00f3wi dzisiaj Aposto\u0142 Pawe\u0142 do wiernych Gminy chrze\u015bcija\u0144skiej korynckiej \u2013 ale i do nas wszystkich \u2013 w drugim czytaniu. A m\u00f3wi to, <b>wskazuj\u0105c konkretne postawy negatywne <\/b>\u2013 na zasadzie ich zaprzeczenia. S\u0142yszymy: <i><b>Upominam<\/b><\/i><b> <\/b><i><b>was, bracia, w imi\u0119 naszego Pana Jezusa Chrystusa, aby\u015bcie byli zgodni i by nie by\u0142o w\u015br\u00f3d was roz\u0142am\u00f3w; by\u015bcie byli jednego ducha i jednej my\u015bli. Doniesiono mi bowiem o was, bracia moi, przez ludzi Chloe, \u017ce zdarzaj\u0105 si\u0119 mi\u0119dzy wami spory. My\u015bl\u0119 o tym, co ka\u017cdy z was m\u00f3wi: \u201eJa jestem Paw\u0142a, a ja Apollosa; ja jestem Kefasa, a ja Chrystusa\u201d.<\/b><\/i><b> <\/b>I \u2013 w tym kontek\u015bcie, pyta Pawe\u0142 retorycznie: <i><b>Czy\u017c Chrystus jest podzielony? Czy\u017c Pawe\u0142 zosta\u0142 za was ukrzy\u017cowany? Czy\u017c w imi\u0119 Paw\u0142a zostali\u015bcie ochrzczeni? <\/b><\/i><\/span><\/span><\/span><\/p>\n<p align=\"justify\"><span style=\"color: #000000;\"><span style=\"font-family: Book Antiqua, serif;\"><span style=\"font-size: large;\">W\u0142a\u015bnie! <i><b>Aby\u015bcie byli zgodni i by nie by\u0142o w\u015br\u00f3d was roz\u0142am\u00f3w! <\/b><\/i>Drodzy moi, to od tego powinno si\u0119 zacz\u0105\u0107 nasze \u015bwiadectwo i nasze \u0142owienie ludzkich serc: <b>od jedno\u015bci mi\u0119dzy nami <\/b>\u2013 lud\u017ami wierz\u0105cymi, katolikami, <b>cz\u0142onkami jednej Parafii,<\/b> jednej lokalnej spo\u0142eczno\u015bci, <b>s<\/b><b>\u0105siadami<\/b> mieszkaj\u0105cymi od lat obok siebie; <b>cz\u0142onkami jednej rodziny.<\/b> Przecie\u017c ca\u0142y czas \u017cyjemy i obracamy si\u0119 w\u015br\u00f3d ludzi \u2013 w\u015br\u00f3d tylu ludzi, ale cz\u0119sto s\u0105 to w\u0142a\u015bnie<b> ci sami ludzie od wielu lat:<\/b> czy to w rodzinie, czy w s\u0105siedztwie, czy w jakiej\u015b lokalnej spo\u0142eczno\u015bci. Czy mo\u017cemy powiedzie\u0107, \u017ce <b>\u017cyjemy z nimi w pe\u0142nej jedno\u015bci?<\/b> A mo\u017ce od lat si\u0119 ju\u017c do siebie nie odzywamy? A mo\u017ce <b>gadamy na siebie za plecami,<\/b> wyci\u0105gaj\u0105c \u2013 niekiedy ju\u017c wr\u0119cz na si\u0142\u0119 \u2013 jakie\u015b b\u0142\u0119dy i wady? Mo\u017ce i kiedy\u015b tam prawdziwe, ale od lat ju\u017c nie maj\u0105ce miejsca i <b>kt\u00f3re mo\u017cna by ju\u017c dawno zapomnie\u0107, <\/b>gdyby nie to, \u017ce kto\u015b je ci\u0105gle i ci\u0105gle wywleka. <\/span><\/span><\/span><\/p>\n<p align=\"justify\"><span style=\"color: #000000;\"><span style=\"font-family: Book Antiqua, serif;\"><span style=\"font-size: large;\">Drodzy moi, je\u017celi chcemy przed \u015bwiatem dawa\u0107 \u015bwiadectwo naszej wiary i w ten spos\u00f3b \u0142owi\u0107 ludzkie serca dla Jezusa, to zacznijmy<b> od takiej zwyczajnej jedno\u015bci i zgody mi\u0119dzy nami \u2013 wierz\u0105cymi.<\/b> Mi\u0119dzy nami \u2013 ksi\u0119\u017cmi. Mi\u0119dzy ksi\u0119\u017cmi \u2013 a wiernymi. Mi\u0119dzy s\u0105siadami. Mi\u0119dzy wsp\u00f3\u0142pracownikami. <b>Mi\u0119dzy kolegami i kole\u017cankami <\/b>ze szko\u0142y czy ze studi\u00f3w. <\/span><\/span><\/span><\/p>\n<p align=\"justify\"><span style=\"color: #000000;\"><span style=\"font-family: Book Antiqua, serif;\"><span style=\"font-size: large;\">I tu nie chodzi o jak\u0105\u015b wielk\u0105 i szeroko og\u0142aszan\u0105 \u2013 i medialnie nag\u0142a\u015bnian\u0105 \u2013 <b>mi\u0142o\u015b\u0107 do ca\u0142ej ludzko\u015bci, <\/b>kt\u00f3ra w rzeczywisto\u015bci jest mi\u0142o\u015bci\u0105 do nikogo. A najbardziej \u2013 staje si\u0119 <b>\u015blep\u0105 mi\u0142o\u015bci\u0105 do samego siebie. <\/b>Tu chodzi o takie zwyk\u0142e relacje: o to, by ze sob\u0105 zwyczajnie rozmawia\u0107, <b>by m\u00f3wi\u0107 do siebie ludzkim g\u0142osem<\/b> \u2013 nie tylko w Wigili\u0119. By si\u0119 <b>cierpliwie wys\u0142ucha\u0107 <\/b>\u2013 co ten drugi ma do powiedzenia. Ale z tak\u0105 dobr\u0105 wol\u0105 i do ko\u0144ca, bez przerywania: <b>us\u0142ysze\u0107 to, co on chce mi powiedzie\u0107,<\/b> a nie to, co ja z g\u00f3ry chc\u0119 us\u0142ysze\u0107. <\/span><\/span><\/span><\/p>\n<p align=\"justify\"><span style=\"color: #000000;\"><span style=\"font-family: Book Antiqua, serif;\"><span style=\"font-size: large;\">Aby si\u0119 ze sob\u0105 spotka\u0107, kaw\u0119 razem wypi\u0107. Aby p\u00f3j\u015b\u0107 razem na spacer, albo gdzie\u015b razem wyjecha\u0107. <b>Aby si\u0119 za siebie nawzajem pomodli\u0107.<\/b> Aby mie\u0107 dla siebie troszk\u0119 wi\u0119cej czasu \u2013 w tym prze\u0142adowanym naszym programie dnia. Aby mie\u0107 dla siebie <b>troch\u0119 wi\u0119cej cierpliwo\u015bci. <\/b>Aby sobie <b>wybaczy\u0107. <\/b>I aby o sobie nawzajem <b>m\u00f3wi\u0107 tylko dobrze, <\/b>a je\u015bli trzeba wypowiedzie\u0107 s\u0142owa jakiej\u015b trudnej czy krytycznej prawdy, to tylko po to, aby<b> z tego wynik\u0142o jakie\u015b konkretne dobro<\/b> i rozwi\u0105zanie problemu.<\/span><\/span><\/span><\/p>\n<p align=\"justify\"><span style=\"color: #000000;\"><span style=\"font-family: Book Antiqua, serif;\"><span style=\"font-size: large;\">Drodzy moi, to o tym m\u00f3wi dzisiaj \u015awi\u0119ty Pawe\u0142 \u2013 ale i Jezus, kiedy wyrusza do publicznej dzia\u0142alno\u015bci. W\u0142a\u015bnie o tym, aby t\u0119 ziemi\u0119, kt\u00f3ra w przesz\u0142o\u015bci dozna\u0142a tylu atak\u00f3w z\u0142a i ci\u0105gle jest przestrzeni\u0105 grzechu \u2013 <b>uczyni\u0107 przestrzeni\u0105 swojej mi\u0142o\u015bci. <\/b>Tak, to chodzi <b>o t\u0119 nasz\u0105 ziemi\u0119, na kt\u00f3rej \u017cyjemy.<\/b> O ten skrawek ziemi, na kt\u00f3rym rozgrywa si\u0119 nasza codzienno\u015b\u0107. <b>Jezus w\u0142a\u015bnie tu wyrusza na wielki po\u0142\u00f3w ludzkich serc.<\/b> I zaprasza ka\u017cd\u0105 i ka\u017cdego z nas po imieniu \u2013 tak, jak dzi\u015b zaprosi\u0142 Piotra, Andrzeja, Jakuba i Jana. Dzisiaj zaprasza Ciebie \u2013 i mnie. <\/span><\/span><\/span><\/p>\n<p align=\"justify\"><span style=\"color: #000000;\"><span style=\"font-family: Book Antiqua, serif;\"><span style=\"font-size: large;\">Dajmy si\u0119 Mu zaprosi\u0107! A ta nasza ziemia i codzienno\u015b\u0107 na niej \u2013 <b>stan\u0105 si\u0119 od razu pi\u0119kniejsze\u2026<\/b><\/span><\/span><\/span><\/p>\n","protected":false},"excerpt":{"rendered":"<p>Szcz\u0119\u015b\u0107 Bo\u017ce! Moi Drodzy, w dniu dzisiejszym urodziny prze\u017cywaj\u0105 dzi\u015b: \u25baRafa\u0142 Suchodolski \u2013 aktywny Uczestnik dzia\u0142alno\u015bci naszego Duszpasterstwa Akademickiego i Osoba wspieraj\u0105ca duchowo i materialnie wszystkie nasze inicjatywy, za co bardzo serdecznie Mu dzi\u0119kuj\u0119!; \u25baPawe\u0142 R\u0119kawek, w swoim czasie \u2013 Szef Wsp\u00f3lnoty m\u0142odzie\u017cowej w Tr\u0105bkach. Imieniny natomiast prze\u017cywaj\u0105: \u25baMi\u0142osz Pietraszkiewicz \u2013 Cz\u0142onek FORMACJI SPE SALVI\u00bb, [&hellip;]<\/p>\n","protected":false},"author":1,"featured_media":0,"comment_status":"open","ping_status":"open","sticky":false,"template":"","format":"standard","meta":{"jetpack_post_was_ever_published":false,"_jetpack_newsletter_access":"","_jetpack_dont_email_post_to_subs":false,"_jetpack_newsletter_tier_id":0,"_jetpack_memberships_contains_paywalled_content":false,"_jetpack_memberships_contains_paid_content":false,"footnotes":""},"categories":[1],"tags":[],"class_list":["post-24594","post","type-post","status-publish","format-standard","hentry","category-bez-kategorii"],"yoast_head":"<!-- This site is optimized with the Yoast SEO plugin v25.1 - https:\/\/yoast.com\/wordpress\/plugins\/seo\/ -->\n<title>Wyruszamy na po\u0142\u00f3w! - Gaudium Et Spes<\/title>\n<meta name=\"robots\" content=\"index, follow, max-snippet:-1, max-image-preview:large, max-video-preview:-1\" \/>\n<link rel=\"canonical\" href=\"https:\/\/gaudiumetspes-blog.pl\/index.php\/2026\/01\/25\/wyruszamy-na-polow\/\" \/>\n<meta property=\"og:locale\" content=\"pl_PL\" \/>\n<meta property=\"og:type\" content=\"article\" \/>\n<meta property=\"og:title\" content=\"Wyruszamy na po\u0142\u00f3w! - Gaudium Et Spes\" \/>\n<meta property=\"og:description\" content=\"Szcz\u0119\u015b\u0107 Bo\u017ce! Moi Drodzy, w dniu dzisiejszym urodziny prze\u017cywaj\u0105 dzi\u015b: \u25baRafa\u0142 Suchodolski \u2013 aktywny Uczestnik dzia\u0142alno\u015bci naszego Duszpasterstwa Akademickiego i Osoba wspieraj\u0105ca duchowo i materialnie wszystkie nasze inicjatywy, za co bardzo serdecznie Mu dzi\u0119kuj\u0119!; \u25baPawe\u0142 R\u0119kawek, w swoim czasie \u2013 Szef Wsp\u00f3lnoty m\u0142odzie\u017cowej w Tr\u0105bkach. Imieniny natomiast prze\u017cywaj\u0105: \u25baMi\u0142osz Pietraszkiewicz \u2013 Cz\u0142onek FORMACJI SPE SALVI\u00bb, [&hellip;]\" \/>\n<meta property=\"og:url\" content=\"https:\/\/gaudiumetspes-blog.pl\/index.php\/2026\/01\/25\/wyruszamy-na-polow\/\" \/>\n<meta property=\"og:site_name\" content=\"Gaudium Et Spes\" \/>\n<meta property=\"article:published_time\" content=\"2026-01-25T05:55:47+00:00\" \/>\n<meta name=\"author\" content=\"Ks. Jacek\" \/>\n<meta name=\"twitter:card\" content=\"summary_large_image\" \/>\n<meta name=\"twitter:label1\" content=\"Napisane przez\" \/>\n\t<meta name=\"twitter:data1\" content=\"Ks. Jacek\" \/>\n\t<meta name=\"twitter:label2\" content=\"Szacowany czas czytania\" \/>\n\t<meta name=\"twitter:data2\" content=\"13 minut\" \/>\n<script type=\"application\/ld+json\" class=\"yoast-schema-graph\">{\"@context\":\"https:\/\/schema.org\",\"@graph\":[{\"@type\":\"WebPage\",\"@id\":\"https:\/\/gaudiumetspes-blog.pl\/index.php\/2026\/01\/25\/wyruszamy-na-polow\/\",\"url\":\"https:\/\/gaudiumetspes-blog.pl\/index.php\/2026\/01\/25\/wyruszamy-na-polow\/\",\"name\":\"Wyruszamy na po\u0142\u00f3w! - Gaudium Et Spes\",\"isPartOf\":{\"@id\":\"https:\/\/gaudiumetspes-blog.pl\/#website\"},\"datePublished\":\"2026-01-25T05:55:47+00:00\",\"author\":{\"@id\":\"https:\/\/gaudiumetspes-blog.pl\/#\/schema\/person\/1661982992b752dea8dff0d4ed845a65\"},\"breadcrumb\":{\"@id\":\"https:\/\/gaudiumetspes-blog.pl\/index.php\/2026\/01\/25\/wyruszamy-na-polow\/#breadcrumb\"},\"inLanguage\":\"pl-PL\",\"potentialAction\":[{\"@type\":\"ReadAction\",\"target\":[\"https:\/\/gaudiumetspes-blog.pl\/index.php\/2026\/01\/25\/wyruszamy-na-polow\/\"]}]},{\"@type\":\"BreadcrumbList\",\"@id\":\"https:\/\/gaudiumetspes-blog.pl\/index.php\/2026\/01\/25\/wyruszamy-na-polow\/#breadcrumb\",\"itemListElement\":[{\"@type\":\"ListItem\",\"position\":1,\"name\":\"Strona g\u0142\u00f3wna\",\"item\":\"https:\/\/gaudiumetspes-blog.pl\/\"},{\"@type\":\"ListItem\",\"position\":2,\"name\":\"Wyruszamy na po\u0142\u00f3w!\"}]},{\"@type\":\"WebSite\",\"@id\":\"https:\/\/gaudiumetspes-blog.pl\/#website\",\"url\":\"https:\/\/gaudiumetspes-blog.pl\/\",\"name\":\"Gaudium Et Spes\",\"description\":\"Blog Ks. Jacka Ja\u015bkowskiego\",\"potentialAction\":[{\"@type\":\"SearchAction\",\"target\":{\"@type\":\"EntryPoint\",\"urlTemplate\":\"https:\/\/gaudiumetspes-blog.pl\/?s={search_term_string}\"},\"query-input\":{\"@type\":\"PropertyValueSpecification\",\"valueRequired\":true,\"valueName\":\"search_term_string\"}}],\"inLanguage\":\"pl-PL\"},{\"@type\":\"Person\",\"@id\":\"https:\/\/gaudiumetspes-blog.pl\/#\/schema\/person\/1661982992b752dea8dff0d4ed845a65\",\"name\":\"Ks. Jacek\",\"image\":{\"@type\":\"ImageObject\",\"inLanguage\":\"pl-PL\",\"@id\":\"https:\/\/gaudiumetspes-blog.pl\/#\/schema\/person\/image\/\",\"url\":\"https:\/\/gaudiumetspes-blog.pl\/wp-content\/uploads\/2019\/07\/avatar-JJ-150x150.jpg\",\"contentUrl\":\"https:\/\/gaudiumetspes-blog.pl\/wp-content\/uploads\/2019\/07\/avatar-JJ-150x150.jpg\",\"caption\":\"Ks. Jacek\"},\"description\":\"Witam serdecznie! K\u0142ania si\u0119 Ks. Jacek Ja\u015bkowski. Nie jestem ani kim\u015b wa\u017cnym, ani kim\u015b znanym. Jestem ksi\u0119dzem, kt\u00f3ry po prostu chce rozmawia\u0107. Codzienna kap\u0142a\u0144ska pos\u0142uga pokazuje mi, \u017ce temat\u00f3w do rozm\u00f3w z ksi\u0119dzem jest coraz wi\u0119cej i dzisiaj \u017caden ksi\u0105dz nie mo\u017ce od nich ucieka\u0107, ale - wprost przeciwnie - podejmowa\u0107 nowe wyzwania. To przekonanie sk\u0142oni\u0142o mnie do pr\u00f3by otwarcia tego\u017c bloga, chocia\u017c okazji do rozm\u00f3w na co dzie\u0144 - w konfesjonale i poza nim - na szcz\u0119\u015bcie nie brakuje. My\u015bl\u0119 jednak, \u017ce ten blog b\u0119dzie jeszcze jednym sposobem i przestrzeni\u0105 nawi\u0105zania kontaktu z lud\u017ami dobrej woli, otwartymi na dialog.\",\"url\":\"https:\/\/gaudiumetspes-blog.pl\/index.php\/author\/ks-jacek\/\"}]}<\/script>\n<!-- \/ Yoast SEO plugin. -->","yoast_head_json":{"title":"Wyruszamy na po\u0142\u00f3w! - Gaudium Et Spes","robots":{"index":"index","follow":"follow","max-snippet":"max-snippet:-1","max-image-preview":"max-image-preview:large","max-video-preview":"max-video-preview:-1"},"canonical":"https:\/\/gaudiumetspes-blog.pl\/index.php\/2026\/01\/25\/wyruszamy-na-polow\/","og_locale":"pl_PL","og_type":"article","og_title":"Wyruszamy na po\u0142\u00f3w! - Gaudium Et Spes","og_description":"Szcz\u0119\u015b\u0107 Bo\u017ce! Moi Drodzy, w dniu dzisiejszym urodziny prze\u017cywaj\u0105 dzi\u015b: \u25baRafa\u0142 Suchodolski \u2013 aktywny Uczestnik dzia\u0142alno\u015bci naszego Duszpasterstwa Akademickiego i Osoba wspieraj\u0105ca duchowo i materialnie wszystkie nasze inicjatywy, za co bardzo serdecznie Mu dzi\u0119kuj\u0119!; \u25baPawe\u0142 R\u0119kawek, w swoim czasie \u2013 Szef Wsp\u00f3lnoty m\u0142odzie\u017cowej w Tr\u0105bkach. Imieniny natomiast prze\u017cywaj\u0105: \u25baMi\u0142osz Pietraszkiewicz \u2013 Cz\u0142onek FORMACJI SPE SALVI\u00bb, [&hellip;]","og_url":"https:\/\/gaudiumetspes-blog.pl\/index.php\/2026\/01\/25\/wyruszamy-na-polow\/","og_site_name":"Gaudium Et Spes","article_published_time":"2026-01-25T05:55:47+00:00","author":"Ks. Jacek","twitter_card":"summary_large_image","twitter_misc":{"Napisane przez":"Ks. Jacek","Szacowany czas czytania":"13 minut"},"schema":{"@context":"https:\/\/schema.org","@graph":[{"@type":"WebPage","@id":"https:\/\/gaudiumetspes-blog.pl\/index.php\/2026\/01\/25\/wyruszamy-na-polow\/","url":"https:\/\/gaudiumetspes-blog.pl\/index.php\/2026\/01\/25\/wyruszamy-na-polow\/","name":"Wyruszamy na po\u0142\u00f3w! - Gaudium Et Spes","isPartOf":{"@id":"https:\/\/gaudiumetspes-blog.pl\/#website"},"datePublished":"2026-01-25T05:55:47+00:00","author":{"@id":"https:\/\/gaudiumetspes-blog.pl\/#\/schema\/person\/1661982992b752dea8dff0d4ed845a65"},"breadcrumb":{"@id":"https:\/\/gaudiumetspes-blog.pl\/index.php\/2026\/01\/25\/wyruszamy-na-polow\/#breadcrumb"},"inLanguage":"pl-PL","potentialAction":[{"@type":"ReadAction","target":["https:\/\/gaudiumetspes-blog.pl\/index.php\/2026\/01\/25\/wyruszamy-na-polow\/"]}]},{"@type":"BreadcrumbList","@id":"https:\/\/gaudiumetspes-blog.pl\/index.php\/2026\/01\/25\/wyruszamy-na-polow\/#breadcrumb","itemListElement":[{"@type":"ListItem","position":1,"name":"Strona g\u0142\u00f3wna","item":"https:\/\/gaudiumetspes-blog.pl\/"},{"@type":"ListItem","position":2,"name":"Wyruszamy na po\u0142\u00f3w!"}]},{"@type":"WebSite","@id":"https:\/\/gaudiumetspes-blog.pl\/#website","url":"https:\/\/gaudiumetspes-blog.pl\/","name":"Gaudium Et Spes","description":"Blog Ks. Jacka Ja\u015bkowskiego","potentialAction":[{"@type":"SearchAction","target":{"@type":"EntryPoint","urlTemplate":"https:\/\/gaudiumetspes-blog.pl\/?s={search_term_string}"},"query-input":{"@type":"PropertyValueSpecification","valueRequired":true,"valueName":"search_term_string"}}],"inLanguage":"pl-PL"},{"@type":"Person","@id":"https:\/\/gaudiumetspes-blog.pl\/#\/schema\/person\/1661982992b752dea8dff0d4ed845a65","name":"Ks. Jacek","image":{"@type":"ImageObject","inLanguage":"pl-PL","@id":"https:\/\/gaudiumetspes-blog.pl\/#\/schema\/person\/image\/","url":"https:\/\/gaudiumetspes-blog.pl\/wp-content\/uploads\/2019\/07\/avatar-JJ-150x150.jpg","contentUrl":"https:\/\/gaudiumetspes-blog.pl\/wp-content\/uploads\/2019\/07\/avatar-JJ-150x150.jpg","caption":"Ks. Jacek"},"description":"Witam serdecznie! K\u0142ania si\u0119 Ks. Jacek Ja\u015bkowski. Nie jestem ani kim\u015b wa\u017cnym, ani kim\u015b znanym. Jestem ksi\u0119dzem, kt\u00f3ry po prostu chce rozmawia\u0107. Codzienna kap\u0142a\u0144ska pos\u0142uga pokazuje mi, \u017ce temat\u00f3w do rozm\u00f3w z ksi\u0119dzem jest coraz wi\u0119cej i dzisiaj \u017caden ksi\u0105dz nie mo\u017ce od nich ucieka\u0107, ale - wprost przeciwnie - podejmowa\u0107 nowe wyzwania. To przekonanie sk\u0142oni\u0142o mnie do pr\u00f3by otwarcia tego\u017c bloga, chocia\u017c okazji do rozm\u00f3w na co dzie\u0144 - w konfesjonale i poza nim - na szcz\u0119\u015bcie nie brakuje. My\u015bl\u0119 jednak, \u017ce ten blog b\u0119dzie jeszcze jednym sposobem i przestrzeni\u0105 nawi\u0105zania kontaktu z lud\u017ami dobrej woli, otwartymi na dialog.","url":"https:\/\/gaudiumetspes-blog.pl\/index.php\/author\/ks-jacek\/"}]}},"jetpack_featured_media_url":"","jetpack_sharing_enabled":true,"_links":{"self":[{"href":"https:\/\/gaudiumetspes-blog.pl\/index.php\/wp-json\/wp\/v2\/posts\/24594","targetHints":{"allow":["GET"]}}],"collection":[{"href":"https:\/\/gaudiumetspes-blog.pl\/index.php\/wp-json\/wp\/v2\/posts"}],"about":[{"href":"https:\/\/gaudiumetspes-blog.pl\/index.php\/wp-json\/wp\/v2\/types\/post"}],"author":[{"embeddable":true,"href":"https:\/\/gaudiumetspes-blog.pl\/index.php\/wp-json\/wp\/v2\/users\/1"}],"replies":[{"embeddable":true,"href":"https:\/\/gaudiumetspes-blog.pl\/index.php\/wp-json\/wp\/v2\/comments?post=24594"}],"version-history":[{"count":1,"href":"https:\/\/gaudiumetspes-blog.pl\/index.php\/wp-json\/wp\/v2\/posts\/24594\/revisions"}],"predecessor-version":[{"id":24595,"href":"https:\/\/gaudiumetspes-blog.pl\/index.php\/wp-json\/wp\/v2\/posts\/24594\/revisions\/24595"}],"wp:attachment":[{"href":"https:\/\/gaudiumetspes-blog.pl\/index.php\/wp-json\/wp\/v2\/media?parent=24594"}],"wp:term":[{"taxonomy":"category","embeddable":true,"href":"https:\/\/gaudiumetspes-blog.pl\/index.php\/wp-json\/wp\/v2\/categories?post=24594"},{"taxonomy":"post_tag","embeddable":true,"href":"https:\/\/gaudiumetspes-blog.pl\/index.php\/wp-json\/wp\/v2\/tags?post=24594"}],"curies":[{"name":"wp","href":"https:\/\/api.w.org\/{rel}","templated":true}]}}