{"id":24600,"date":"2026-01-27T02:02:20","date_gmt":"2026-01-27T01:02:20","guid":{"rendered":"https:\/\/gaudiumetspes-blog.pl\/?p=24600"},"modified":"2026-01-27T02:02:20","modified_gmt":"2026-01-27T01:02:20","slug":"czyzby-dawid-zwariowal","status":"publish","type":"post","link":"https:\/\/gaudiumetspes-blog.pl\/index.php\/2026\/01\/27\/czyzby-dawid-zwariowal\/","title":{"rendered":"Czy\u017cby Dawid zwariowa\u0142?&#8230;"},"content":{"rendered":"<p align=\"justify\"><span style=\"color: #000000;\"><span style=\"font-family: Book Antiqua, serif;\"><span style=\"font-size: large;\">Szcz\u0119\u015b\u0107 Bo\u017ce! Moi Drodzy, w dniu dzisiejszym <b>urodziny prze\u017cywaj\u0105: <\/b><\/span><\/span><\/span><\/p>\n<p align=\"justify\"><span style=\"color: #000000;\">\u25ba<span style=\"font-family: Book Antiqua, serif;\"><span style=\"font-size: large;\"><b>Ojciec Franciszek Chr\u00f3szcz \u2013 Oblat pos\u0142uguj\u0105cy w Kodniu, a wcze\u015bniej wieloletni Misjonarz; Cz\u0142owiek obdarzony niesamowitym poczuciem humoru i dystansem do siebie, wprowadzaj\u0105cy we Wsp\u00f3lnocie kode\u0144skiej i w relacjach z lud\u017ami bardzo du\u017co pogody ducha i rado\u015bci;<\/b><\/span><\/span><\/span><\/p>\n<p align=\"justify\"><span style=\"color: #000000;\">\u25ba<span style=\"font-family: Book Antiqua, serif;\"><span style=\"font-size: large;\"><b>Ignacy Sulowski \u2013 Syn moich Przyjaci\u00f3\u0142 z Lublina, \u017bani i \u0141ukasza.<\/b><\/span><\/span><\/span><\/p>\n<p align=\"justify\"><span style=\"color: #000000;\"><span style=\"font-family: Book Antiqua, serif;\"><span style=\"font-size: large;\"><b>\u017bycz\u0105c ogromu \u0142ask niebieskich \u2013 zapewniam o modlitwie!<\/b><\/span><\/span><\/span><\/p>\n<p align=\"justify\"><span style=\"color: #000000;\"><span style=\"font-family: Book Antiqua, serif;\"><span style=\"font-size: large;\">A ja dzisiaj \u2013 pozdrawiam z Siedlec, gdzie od 10:00 do 15:00 b\u0119d\u0119 na dy\u017curze duszpasterskim przy ulicy Prusa 14. Potem, o 17:00, odprawi\u0119 w naszym Duszpasterstwie Msz\u0119 \u015awi\u0119t\u0105 w um\u00f3wionej intencji, za\u015b o 19:00 wezm\u0119 udzia\u0142 w spotkaniu u Pa\u0144stwa Agnieszki i Marka Si\u0142uszyk\u00f3w \u2013 Pracownik\u00f3w naukowych Uniwersytetu w Siedlcach, Os\u00f3b bardzo mi bliskich \u2013 z okazji imienin Agnieszki. Takie to plany na dzie\u0144\u2026 Niech Pan sam nimi pokieruje \u2013 zgodnie ze swoj\u0105 wol\u0105.<\/span><\/span><\/span><\/p>\n<p align=\"justify\"><span style=\"color: #000000;\"><span style=\"font-family: Book Antiqua, serif;\"><span style=\"font-size: large;\">Teraz za\u015b zapraszam do pochylenia si\u0119 nad Bo\u017cym s\u0142owem dzisiejszej liturgii. Oto s\u0142\u00f3wko Ksi\u0119dza Marka na dzi\u015b:<\/span><\/span><\/span><\/p>\n<p align=\"justify\"><span style=\"color: #000000;\"><span style=\"font-family: Book Antiqua, serif;\"><span style=\"font-size: medium;\"><a href=\"https:\/\/www.youtube.com\/c\/CatholicSurgut\"><span style=\"font-size: large;\"><span lang=\"zxx\"><u><b>https:\/\/www.youtube.com\/c\/CatholicSurgut<\/b><\/u><\/span><\/span><\/a> <\/span><\/span><\/span><\/p>\n<p align=\"justify\"><span style=\"color: #000000;\"><span style=\"font-family: Book Antiqua, serif;\"><span style=\"font-size: large;\">Poni\u017cej za\u015b \u2013 <strong>s\u0142\u00f3wko Szymona Sali.<\/strong> Jak co wtorek. I jak co wtorek \u2013 intryguj\u0105ce, ciekawe, g\u0142\u0119bokie. A dzisiaj jeszcze \u2013 d\u0142ugie i bogate w tre\u015b\u0107. Natchnienie dopisa\u0142o! Chwa\u0142a za to Panu naszemu! I dzi\u0119ki Szymonowi za to, \u017ce si\u0119 coraz bardziej na nie otwiera!<\/span><\/span><\/span><\/p>\n<p align=\"justify\"><span style=\"color: #000000;\"><span style=\"font-family: Book Antiqua, serif;\"><span style=\"font-size: large;\">Zatem, <b>co dzi\u015b m\u00f3wi do mnie osobi\u015bcie Pan? Z jakim konkretnym przes\u0142aniem w\u0142a\u015bnie do mnie si\u0119 zwraca?<\/b> Duchu \u015awi\u0119ty, tchnij!<\/span><\/span><\/span><\/p>\n<p align=\"justify\"><span style=\"color: #000000;\"><span style=\"font-family: Book Antiqua, serif;\"><span style=\"font-size: large;\"><b>Niech Was b\u0142ogos\u0142awi B\u00f3g Wszechmog\u0105cy: Ojciec + i Syn, i Duch \u015awi\u0119ty. Amen<\/b><\/span><\/span><\/span><\/p>\n<p align=\"center\"><span style=\"color: #000000;\"><span style=\"font-family: Book Antiqua, serif;\"><span style=\"font-size: large;\">Gaudium et spes! Ks. Jacek<\/span><\/span><\/span><\/p>\n<p align=\"center\">\n<p align=\"center\">\n<p align=\"center\">\n<p align=\"center\">\n<p align=\"center\">\n<p align=\"justify\"><span style=\"color: #000000;\"><span style=\"font-family: Book Antiqua, serif;\"><span style=\"font-size: large;\"><b>Wtorek 3 Tygodnia zwyk\u0142ego, rok II,<\/b><\/span><\/span><\/span><\/p>\n<p align=\"justify\"><span style=\"color: #000000;\"><span style=\"font-family: Book Antiqua, serif;\"><span style=\"font-size: large;\"><b>27 stycznia 2026.,\u00a0<\/b><\/span><\/span><\/span><\/p>\n<p align=\"justify\"><span style=\"color: #000000;\"><span style=\"font-family: Book Antiqua, serif;\"><span style=\"font-size: large;\"><b>do czyta\u0144: 2 Sm 6,12b\u201315.17\u201319; Mk 3,31\u201335<\/b><\/span><\/span><\/span><\/p>\n<p align=\"justify\">\n<p align=\"justify\">\n<p align=\"justify\">\n<p align=\"justify\">\n<p align=\"justify\">\n<p align=\"justify\"><span style=\"color: #000000;\"><span style=\"font-family: Book Antiqua, serif;\"><span style=\"font-size: large;\"><b>CZYTANIE Z DRUGIEJ KSI\u0118GI SAMUELA: <\/b><\/span><\/span><\/span><\/p>\n<p align=\"justify\"><span style=\"color: #000000;\"><span style=\"font-family: Book Antiqua, serif;\"><span style=\"font-size: large;\"><b>Poszed\u0142 Dawid i sprowadzi\u0142 z wielk\u0105 rado\u015bci\u0105 Ark\u0119 Bo\u017c\u0105 z domu Obed \u2013 Edoma do Miasta Dawidowego. Ilekro\u0107 nios\u0105cy Ark\u0119 Pana post\u0105pili sze\u015b\u0107 krok\u00f3w, sk\u0142ada\u0142 w ofierze wo\u0142u i tuczne ciel\u0119. Dawid wtedy ta\u0144czy\u0142 z ca\u0142ym zapa\u0142em w obecno\u015bci Pana, a ubrany by\u0142 w lniany efod. Dawid wraz z ca\u0142ym domem izraelskim prowadzi\u0142 Ark\u0119 Pana w\u015br\u00f3d radosnych okrzyk\u00f3w i grania na rogach. <\/b><\/span><\/span><\/span><\/p>\n<p align=\"justify\"><span style=\"color: #000000;\"><span style=\"font-family: Book Antiqua, serif;\"><span style=\"font-size: large;\"><b>Przyniesion\u0105 wi\u0119c Ark\u0119 Pana ustawiono na przeznaczonym na to miejscu w \u015brodku namiotu, kt\u00f3ry rozpi\u0105\u0142 dla niej Dawid, po czym Dawid z\u0142o\u017cy\u0142 przed Panem ca\u0142opalenia i ofiary pojednania. Kiedy Dawid sko\u0144czy\u0142 sk\u0142adanie ca\u0142opale\u0144 i ofiar pojednania, pob\u0142ogos\u0142awi\u0142 lud w imieniu Pana Zast\u0119p\u00f3w. Dokona\u0142 potem podzia\u0142u mi\u0119dzy ca\u0142y nar\u00f3d, mi\u0119dzy ca\u0142y t\u0142um Izraela, mi\u0119dzy m\u0119\u017cczyzn i kobiety: dla ka\u017cdego po jednym bochenku chleba, po kawa\u0142ku mi\u0119sa i placku z rodzynkami. Potem wszyscy ludzie udali si\u0119 do swych dom\u00f3w.<\/b><\/span><\/span><\/span><\/p>\n<p align=\"justify\">\n<p align=\"justify\">\n<p align=\"justify\">\n<p align=\"justify\">\n<p align=\"justify\">\n<p align=\"justify\"><span style=\"color: #000000;\"><span style=\"font-family: Book Antiqua, serif;\"><span style=\"font-size: large;\"><b>S\u0141OWA EWANGELII WED\u0141UG \u015aWI\u0118TEGO MARKA: <\/b><\/span><\/span><\/span><\/p>\n<p align=\"justify\"><span style=\"color: #000000;\"><span style=\"font-family: Book Antiqua, serif;\"><span style=\"font-size: large;\"><b>Nadesz\u0142a Matka Jezusa i bracia i stoj\u0105c na dworze, pos\u0142ali po Niego, aby Go przywo\u0142a\u0107. W\u0142a\u015bnie t\u0142um ludzi siedzia\u0142 wok\u00f3\u0142 Niego, gdy Mu powiedzieli: \u201eOto Twoja Matka i bracia na dworze pytaj\u0105 si\u0119 o Ciebie\u201d. <\/b><\/span><\/span><\/span><\/p>\n<p align=\"justify\"><span style=\"color: #000000;\"><span style=\"font-family: Book Antiqua, serif;\"><span style=\"font-size: large;\"><b>Odpowiedzia\u0142 im: \u201eKt\u00f3\u017c jest moj\u0105 matk\u0105 i kt\u00f3rzy s\u0105 bra\u0107mi?\u201d I spogl\u0105daj\u0105c na siedz\u0105cych doko\u0142a Niego rzek\u0142: \u201eOto moja matka i moi bracia. Bo kto pe\u0142ni wol\u0119 Bo\u017c\u0105, ten Mi jest bratem, siostr\u0105 i matk\u0105\u201d.<\/b><\/span><\/span><\/span><\/p>\n<p align=\"justify\">\n<p align=\"justify\">\n<p align=\"justify\">\n<p align=\"justify\">\n<p align=\"justify\">\n<p align=\"center\"><span style=\"color: #000000;\"><span style=\"font-family: Book Antiqua, serif;\"><span style=\"font-size: large;\"><b>A OTO S\u0141\u00d3WKO SZYMONA SALI:<\/b><\/span><\/span><\/span><\/p>\n<p align=\"center\">\n<p align=\"center\">\n<p align=\"center\">\n<p align=\"center\">\n<p align=\"center\">\n<p align=\"justify\"><span style=\"color: #000000;\"><span style=\"font-family: Book Antiqua, serif;\"><span style=\"font-size: large;\">Jaka jest moja wiara? Czy jest ona dla mnie ograniczeniem? Czy nie przysparza mi przypadkiem wi\u0119cej smutku, ni\u017c rado\u015bci? Czy si\u0119 jej wstydz\u0119? A mo\u017ce ca\u0142y czas czego\u015b mi w niej brakuje? To s\u0105 pytania, kt\u00f3rych osoba wierz\u0105ca nie powinna ignorowa\u0107. A dzisiejsza Liturgia S\u0142owa pokazuje nam przyk\u0142ad wiary Dawida, z kt\u00f3rej mo\u017cna bra\u0107 przyk\u0142ad.<\/span><\/span><\/span><\/p>\n<p align=\"justify\"><span style=\"color: #000000;\"><span style=\"font-family: Book Antiqua, serif;\"><span style=\"font-size: large;\">W Drugiej Ksi\u0119dze Samuela czytamy: <i><b>Poszed\u0142 Dawid i sprowadzi\u0142 z wielk\u0105 rado\u015bci\u0105 Ark\u0119 Bo\u017c\u0105 z domu Obed\u2013Edoma do Miasta Dawidowego.<\/b><\/i><b> <\/b>Pokazuje nam to, \u017ce wiara nie przychodzi sama. Co prawda, jest ona \u0142ask\u0105 dan\u0105 od Boga (Ef 2,8\u20139), jednak\u017ce nie jest narzucona z g\u00f3ry, lecz dawana. A je\u015bli chcemy j\u0105 pozyska\u0107, to musimy si\u0119 na ni\u0105 otworzy\u0107 i j\u0105 przyj\u0105\u0107. <\/span><\/span><\/span><\/p>\n<p align=\"justify\"><span style=\"color: #000000;\"><span style=\"font-family: Book Antiqua, serif;\"><span style=\"font-size: large;\">I podobnie ukazane jest to w tym fragmencie: to Dawid swoj\u0105 postaw\u0105 pokaza\u0142, \u017ce jest otwarty na \u0142ask\u0119 wiary! Nie czeka\u0142 z za\u0142o\u017conymi r\u0119kami, tylko zacz\u0105\u0142 sam dzia\u0142a\u0107 \u2013 poszed\u0142 i sprowadzi\u0142 Ark\u0119 do swojego miasta. A towarzyszy\u0142a mu przy tym rado\u015b\u0107, jakby faktycznie znalaz\u0142 co\u015b, czego mu brakowa\u0142o.<\/span><\/span><\/span><\/p>\n<p align=\"justify\"><span style=\"color: #000000;\"><span style=\"font-family: Book Antiqua, serif;\"><span style=\"font-size: large;\">Ciekawe jest r\u00f3wnie\u017c to, dok\u0105d uda\u0142 si\u0119 Dawid, aby odnale\u017a\u0107 Ark\u0119 Bo\u017c\u0105. By\u0142 to dom Obed\u2013Edoma. A znalaz\u0142a si\u0119 ona tam w\u0142a\u015bciwie przez Dawida, poniewa\u017c podczas pierwszej wyprawy on sam j\u0105 tam zostawi\u0142, ze wzgl\u0119du na strach, spowodowany <b>\u015bmierci\u0105 Uzzy, kt\u00f3ry niechc\u0105cy dotkn\u0105\u0142 Arki Bo\u017cej, chc\u0105c j\u0105 podtrzyma\u0107, gdy\u017c wo\u0142y szarpn\u0119\u0142y wozem. <\/b>Dawid wtedy powiedzia\u0142: <b>Nie mog\u0119 sprowadzi\u0107 Arki Pana do siebie! <\/b>Zaniecha\u0142 tego i wr\u00f3ci\u0142 do domu. <b>Jednak\u017ce po jakim\u015b czasie dano mu zna\u0107, \u017ce z powodu Arki Bo\u017cej Pan b\u0142ogos\u0142awi rodzinie Obed\u2013Edoma i wszystkiemu co posiada\u0142. <\/b><\/span><\/span><\/span><\/p>\n<p align=\"justify\"><span style=\"color: #000000;\"><span style=\"font-family: Book Antiqua, serif;\"><span style=\"font-size: large;\">To rodzi pytanie, kt\u00f3re warto sobie postawi\u0107: Co sprawia, \u017ce przyjmuj\u0119 wiar\u0119? Albo: A co powoduje, \u017ce nie chc\u0119 jej przyj\u0105\u0107? Wiara nie jest czym\u015b \u0142atwym do przyj\u0119cia. Czasami niema\u0142o musimy si\u0119 natrudzi\u0107, by j\u0105 odnale\u017a\u0107.<\/span><\/span><\/span><\/p>\n<p align=\"justify\"><span style=\"color: #000000;\"><span style=\"font-family: Book Antiqua, serif;\"><span style=\"font-size: large;\">Przejd\u017amy jednak do dalszej cz\u0119\u015bci dzisiejszego czytania: <i><b>Ilekro\u0107 nios\u0105cy Ark\u0119 Pa\u0144sk\u0105 post\u0105pili sze\u015b\u0107 krok\u00f3w, sk\u0142ada\u0142 w ofierze wo\u0142u i tuczne ciel\u0119. <\/b><\/i>Powiedzmy sobie, \u017ce t\u0119 wiar\u0119 ju\u017c odnale\u017ali\u015bmy \u2013 i co dalej? Dawid na tym nie poprzesta\u0142, wr\u0119cz przeciwnie: dba\u0142 o ni\u0105 i ci\u0105gle j\u0105 rozwija\u0142. <i><b>Co sze\u015b\u0107 krok\u00f3w sk\u0142ada\u0142 ofiar\u0119 Panu.<\/b><\/i><b> <\/b>A u mnie jak to wygl\u0105da? Jak cz\u0119sto dzi\u0119kuj\u0119 Bogu za dar wiary? Co robi\u0119, by t\u0119 wiar\u0119 rozwija\u0107?<\/span><\/span><\/span><\/p>\n<p align=\"justify\"><span style=\"color: #000000;\"><span style=\"font-family: Book Antiqua, serif;\"><span style=\"font-size: large;\">Czytamy dalej: <i><b>Dawid wtedy ta\u0144czy\u0142 z ca\u0142ym zapa\u0142em w obecno\u015bci Pana, a ubrany by\u0142 w lniany efod. <\/b><\/i>Taniec by\u0142 w staro\u017cytno\u015bci jednym ze sposob\u00f3w oddawania czci Bogu, ale je\u015bli bardziej przyjrzymy si\u0119 tej scenie, to stwierdzimy, i\u017c jest ona \u2013 delikatnie m\u00f3wi\u0105c \u2013 dziwna\u2026 Kr\u00f3l Dawid <i><b>ta\u0144czy z ca\u0142ym zapa\u0142em w obecno\u015bci Pana,<\/b><\/i><i> <\/i>ale r\u00f3wnie\u017c \u2013 w obecno\u015bci ludzi. W dodatku, jest ubrany w lniany efod \u2013 to najwa\u017cniejsza cz\u0119\u015b\u0107 stroju kap\u0142a\u0144skiego, kt\u00f3ra nie gwarantowa\u0142a mu okrycia ca\u0142ego cia\u0142a, tym bardziej w czasie ta\u0144ca. <\/span><\/span><\/span><\/p>\n<p align=\"justify\"><span style=\"color: #000000;\"><span style=\"font-family: Book Antiqua, serif;\"><span style=\"font-size: large;\">Warto tutaj doda\u0107, \u017ce prawo nakazywa\u0142o, aby kap\u0142ani podczas s\u0142u\u017cby mieli d\u0142ugie ubrania, zabrania\u0142o nawet budowania o\u0142tarzy, do kt\u00f3rych podchodzi\u0142o si\u0119 po schodach \u2013 w\u0142a\u015bnie dlatego, aby nie zosta\u0142o ods\u0142oni\u0119te cia\u0142o kap\u0142ana. I w\u0142a\u015bnie przez to zachowanie Dawida niekt\u00f3rzy nim wzgardzili. Do tych os\u00f3b zalicza\u0142a si\u0119 Mikal, c\u00f3rka Saula, bo jak czytamy w innym fragmencie: <i><b>Wtedy wzgardzi\u0142a nim w swoim sercu.<\/b><\/i><b> <\/b>Przyk\u0142ad Dawida zach\u0119ca nas, aby nie wstydzi\u0107 si\u0119 swojej wiary, nie przejmowa\u0107 si\u0119 tym, co powiedz\u0105 inni, albo co pomy\u015bl\u0105.<\/span><\/span><\/span><\/p>\n<p align=\"justify\"><span style=\"color: #000000;\"><span style=\"font-family: Book Antiqua, serif;\"><span style=\"font-size: large;\">Bo sp\u00f3jrzmy chocia\u017cby na te wszystkie czynno\u015bci, jakie wykonujemy podczas Mszy \u015awi\u0119tej \u2013 przecie\u017c one tak po ludzku wygl\u0105daj\u0105 dziwnie. Jak pisze w ksi\u0105\u017cce: <b>\u201e<\/b><b>\u017bycie. Instrukcja obs\u0142ugi\u201d <\/b>ksi\u0105dz Piotr Pawlukiewicz: \u201eDwa grzechy minus trzy r\u00f3\u017ca\u0144ce, pomno\u017cone przez cztery umartwienia, pierwiastek z grzechu wczorajszego, no, mam szans\u0119. Chrze\u015bcija\u0144stwo to szale\u0144stwo. [\u2026] czytamy na mszach w k\u00f3\u0142ko jedn\u0105 i t\u0119 sam\u0105 ksi\u0105\u017ck\u0119. Ja j\u0105 jeszcze ca\u0142uj\u0119. Przecie\u017c to jest wariactwo. Totalna g\u0142upota. Warto by\u0142oby msz\u0119 \u015bwi\u0119t\u0105 zaczyna\u0107 od s\u0142\u00f3w: \u00abPan z wami, wariatami\u00bb. \u00abI z duchem twoim, idioto\u00bb. I nie ma tu powodu do obrazy. Dobry chrze\u015bcijanin jest dla \u015bwiata g\u0142upi\u201d. <\/span><\/span><\/span><\/p>\n<p align=\"justify\"><span style=\"color: #000000;\"><span style=\"font-family: Book Antiqua, serif;\"><span style=\"font-size: large;\">Co z tym robi Dawid? <i><b>Dawid wraz z ca\u0142ym domem izraelskim prowadzi\u0142 Ark\u0119 Pa\u0144sk\u0105 w\u015br\u00f3d radosnych okrzyk\u00f3w i grania na rogach. <\/b><\/i>Kolejne zdanie wyra\u017anie pokazuje, \u017ce za bardzo t\u0105 opini\u0105 si\u0119 nie przej\u0105\u0142, a wr\u0119cz umniejszy\u0142 si\u0119 jeszcze bardziej w oczach tego \u015bwiata. Bo patrz\u0105c \u2013 tak te\u017c po ludzku \u2013 mo\u017cna powiedzie\u0107, \u017ce je\u015bli wiara sprawia mi rado\u015b\u0107 i faktycznie jest dla mnie czym\u015b wa\u017cnym, to dlaczego mia\u0142bym si\u0119 jej wstydzi\u0107 i si\u0119 z ni\u0105 ukrywa\u0107? Nikomu krzywdy przecie\u017c nie robi\u0119, a to, \u017ce troch\u0119 si\u0119 \u201eskompromituj\u0119\u201d w oczach niekt\u00f3rych ludzi, to przysporzy im co najwy\u017cej troch\u0119 u\u015bmiechu.<\/span><\/span><\/span><\/p>\n<p align=\"justify\"><span style=\"color: #000000;\"><span style=\"font-family: Book Antiqua, serif;\"><span style=\"font-size: large;\">Czytamy dalej: <i><b>Przyniesion\u0105 wi\u0119c Ark\u0119 Pa\u0144sk\u0105 ustawiono na przeznaczonym na to miejscu w \u015brodku namiotu, kt\u00f3ry rozpi\u0105\u0142 dla niej Dawid, po czym Dawid z\u0142o\u017cy\u0142 przed Panem ca\u0142opalenia i ofiary biesiadne. <\/b><\/i>To, \u017ce inni nie traktuj\u0105 swojej wiary powa\u017cnie, nie upowa\u017cnia mnie do tego, \u017cebym i ja podobnie post\u0119powa\u0142. Nawet je\u015bli zdarzy\u0142oby si\u0119 tak, \u017ce jaki\u015b m\u00f3j autorytet, kt\u00f3ry by\u0142 dla mnie przyk\u0142adem wiary \u2013 t\u0119 wiar\u0119 utraci\u0142\u2026<\/span><\/span><\/span><\/p>\n<p align=\"justify\"><span style=\"color: #000000;\"><span style=\"font-family: Book Antiqua, serif;\"><span style=\"font-size: large;\">Wiara powinna by\u0107 tylko i wy\u0142\u0105cznie moja! Nie mo\u017ce by\u0107 to wiara rodzic\u00f3w, przyjaciela, ksi\u0119dza czy nawet samego papie\u017ca. Moja wiara powinna by\u0107 ustawiona w \u015brodku mojego namiotu, do kt\u00f3rej b\u0119d\u0119 wraca\u0142 w ka\u017cdym momencie \u017cycia: czy to w smutku, czy to w rado\u015bci, czy w strachu. A dowodem tej wiary powinno by\u0107, \u017ce tak po ludzku staj\u0119 si\u0119 lepszym cz\u0142owiekiem dla innych.<\/span><\/span><\/span><\/p>\n<p align=\"justify\"><span style=\"color: #000000;\"><span style=\"font-family: Book Antiqua, serif;\"><span style=\"font-size: large;\">Bo jak czytamy dalej: <i><b>Kiedy Dawid sko\u0144czy\u0142 sk\u0142adanie ca\u0142opale\u0144 i ofiar biesiadnych, pob\u0142ogos\u0142awi\u0142 lud w imieniu Pana Zast\u0119p\u00f3w<\/b><\/i><b>. <\/b>Po modlitwie Dawid pob\u0142ogos\u0142awi\u0142 lud, a jest to nic innego, jak zwyk\u0142e \u017cyczenie szcz\u0119\u015bcia i pomy\u015blno\u015bci drugiemu cz\u0142owiekowi. <i><b>Dokona\u0142 potem podzia\u0142u mi\u0119dzy ca\u0142y nar\u00f3d, mi\u0119dzy ca\u0142y t\u0142um Izraela, mi\u0119dzy m\u0119\u017cczyzn i kobiety: dla ka\u017cdego po jednym bochenku chleba, po kawa\u0142ku mi\u0119sa i po placku z rodzynkami. <\/b><\/i><\/span><\/span><\/span><\/p>\n<p align=\"justify\"><span style=\"color: #000000;\"><span style=\"font-family: Book Antiqua, serif;\"><span style=\"font-size: large;\">To jest w\u0142a\u015bnie ten dow\u00f3d prawdziwej pos\u0142ugi drugiemu cz\u0142owiekowi. Pos\u0142ugi, kt\u00f3ra nie ogranicza si\u0119 jedynie do modlitwy, ale wyra\u017ca si\u0119 tak\u017ce w bardzo konkretnej, zwyczajnej pomocy w potrzebie. W dostrze\u017ceniu drugiego cz\u0142owieka \u2013 aby go nakarmi\u0107, wys\u0142ucha\u0107, porozmawia\u0107 z nim, wesprze\u0107 dobrym s\u0142owem czy po prostu ofiarowa\u0107 mu sw\u00f3j czas. Taka postawa jest dzi\u015b szczeg\u00f3lnie potrzebna w \u015bwiecie, kt\u00f3ry coraz cz\u0119\u015bciej zamyka si\u0119 w egoizmie.<\/span><\/span><\/span><\/p>\n<p align=\"justify\"><span style=\"color: #000000;\"><span style=\"font-family: Book Antiqua, serif;\"><span style=\"font-size: large;\">I w\u0142a\u015bnie dlatego, gdy <i><b>wszyscy ludzie udali si\u0119 do swoich dom\u00f3w<\/b><\/i><b> \u2013<\/b> wr\u00f3cili do codzienno\u015bci ju\u017c z innym nastawieniem, wnosz\u0105c w ni\u0105 rado\u015b\u0107, kt\u00f3ra narodzi\u0142a si\u0119 ze spotkania z Bogiem i drugim cz\u0142owiekiem.<\/span><\/span><\/span><\/p>\n<p align=\"justify\"><span style=\"color: #000000;\"><span style=\"font-family: Book Antiqua, serif;\"><span style=\"font-size: large;\">Niestety, zdarza si\u0119 r\u00f3wnie\u017c i tak, \u017ce niekt\u00f3rzy nie maj\u0105 dok\u0105d wr\u00f3ci\u0107, bo s\u0105 skonfliktowani z rodzin\u0105 lub jej wcale nie maj\u0105. Chrystus dzisiaj pokazuje nam jednak, \u017ce Tym, kt\u00f3ry mo\u017ce nawet bardziej, ni\u017c wi\u0119zy krwi, \u0142\u0105czy ludzi \u2013 jest sam B\u00f3g. <i><b>Bo kto pe\u0142ni wol\u0119 Bo\u017c\u0105, ten jest Mi bratem, siostr\u0105 i matk\u0105.<\/b><\/i><b> <\/b><\/span><\/span><\/span><\/p>\n<p align=\"justify\"><span style=\"color: #000000;\"><span style=\"font-family: Book Antiqua, serif;\"><span style=\"font-size: large;\">Nale\u017c\u0105c do rodziny Chrystusa \u2013 mo\u017cemy sta\u0107 si\u0119 dla kogo\u015b prawdziw\u0105 rodzin\u0105. Bo ka\u017cdy cz\u0142owiek chce by\u0107 dostrzegany, ka\u017cdy chce by\u0107 szanowany, ka\u017cdy chce by\u0107 kochany. Taka postawa wymaga po\u015bwi\u0119cenia i s\u0142u\u017cby. Jednak\u017ce \u2013 jak to niedawno us\u0142ysza\u0142em od pewnego m\u0105drego ksi\u0119dza \u2013 \u201es\u0142u\u017cy\u0107 to znaczy kr\u00f3lowa\u0107!\u201d<\/span><\/span><\/span><\/p>\n","protected":false},"excerpt":{"rendered":"<p>Szcz\u0119\u015b\u0107 Bo\u017ce! Moi Drodzy, w dniu dzisiejszym urodziny prze\u017cywaj\u0105: \u25baOjciec Franciszek Chr\u00f3szcz \u2013 Oblat pos\u0142uguj\u0105cy w Kodniu, a wcze\u015bniej wieloletni Misjonarz; Cz\u0142owiek obdarzony niesamowitym poczuciem humoru i dystansem do siebie, wprowadzaj\u0105cy we Wsp\u00f3lnocie kode\u0144skiej i w relacjach z lud\u017ami bardzo du\u017co pogody ducha i rado\u015bci; \u25baIgnacy Sulowski \u2013 Syn moich Przyjaci\u00f3\u0142 z Lublina, \u017bani i [&hellip;]<\/p>\n","protected":false},"author":1,"featured_media":0,"comment_status":"open","ping_status":"open","sticky":false,"template":"","format":"standard","meta":{"jetpack_post_was_ever_published":false,"_jetpack_newsletter_access":"","_jetpack_dont_email_post_to_subs":false,"_jetpack_newsletter_tier_id":0,"_jetpack_memberships_contains_paywalled_content":false,"_jetpack_memberships_contains_paid_content":false,"footnotes":""},"categories":[1],"tags":[],"class_list":["post-24600","post","type-post","status-publish","format-standard","hentry","category-bez-kategorii"],"yoast_head":"<!-- This site is optimized with the Yoast SEO plugin v25.1 - https:\/\/yoast.com\/wordpress\/plugins\/seo\/ -->\n<title>Czy\u017cby Dawid zwariowa\u0142?... - Gaudium Et Spes<\/title>\n<meta name=\"robots\" content=\"index, follow, max-snippet:-1, max-image-preview:large, max-video-preview:-1\" \/>\n<link rel=\"canonical\" href=\"https:\/\/gaudiumetspes-blog.pl\/index.php\/2026\/01\/27\/czyzby-dawid-zwariowal\/\" \/>\n<meta property=\"og:locale\" content=\"pl_PL\" \/>\n<meta property=\"og:type\" content=\"article\" \/>\n<meta property=\"og:title\" content=\"Czy\u017cby Dawid zwariowa\u0142?... - Gaudium Et Spes\" \/>\n<meta property=\"og:description\" content=\"Szcz\u0119\u015b\u0107 Bo\u017ce! Moi Drodzy, w dniu dzisiejszym urodziny prze\u017cywaj\u0105: \u25baOjciec Franciszek Chr\u00f3szcz \u2013 Oblat pos\u0142uguj\u0105cy w Kodniu, a wcze\u015bniej wieloletni Misjonarz; Cz\u0142owiek obdarzony niesamowitym poczuciem humoru i dystansem do siebie, wprowadzaj\u0105cy we Wsp\u00f3lnocie kode\u0144skiej i w relacjach z lud\u017ami bardzo du\u017co pogody ducha i rado\u015bci; \u25baIgnacy Sulowski \u2013 Syn moich Przyjaci\u00f3\u0142 z Lublina, \u017bani i [&hellip;]\" \/>\n<meta property=\"og:url\" content=\"https:\/\/gaudiumetspes-blog.pl\/index.php\/2026\/01\/27\/czyzby-dawid-zwariowal\/\" \/>\n<meta property=\"og:site_name\" content=\"Gaudium Et Spes\" \/>\n<meta property=\"article:published_time\" content=\"2026-01-27T01:02:20+00:00\" \/>\n<meta name=\"author\" content=\"Ks. Jacek\" \/>\n<meta name=\"twitter:card\" content=\"summary_large_image\" \/>\n<meta name=\"twitter:label1\" content=\"Napisane przez\" \/>\n\t<meta name=\"twitter:data1\" content=\"Ks. Jacek\" \/>\n\t<meta name=\"twitter:label2\" content=\"Szacowany czas czytania\" \/>\n\t<meta name=\"twitter:data2\" content=\"10 minut\" \/>\n<script type=\"application\/ld+json\" class=\"yoast-schema-graph\">{\"@context\":\"https:\/\/schema.org\",\"@graph\":[{\"@type\":\"WebPage\",\"@id\":\"https:\/\/gaudiumetspes-blog.pl\/index.php\/2026\/01\/27\/czyzby-dawid-zwariowal\/\",\"url\":\"https:\/\/gaudiumetspes-blog.pl\/index.php\/2026\/01\/27\/czyzby-dawid-zwariowal\/\",\"name\":\"Czy\u017cby Dawid zwariowa\u0142?... - Gaudium Et Spes\",\"isPartOf\":{\"@id\":\"https:\/\/gaudiumetspes-blog.pl\/#website\"},\"datePublished\":\"2026-01-27T01:02:20+00:00\",\"author\":{\"@id\":\"https:\/\/gaudiumetspes-blog.pl\/#\/schema\/person\/1661982992b752dea8dff0d4ed845a65\"},\"breadcrumb\":{\"@id\":\"https:\/\/gaudiumetspes-blog.pl\/index.php\/2026\/01\/27\/czyzby-dawid-zwariowal\/#breadcrumb\"},\"inLanguage\":\"pl-PL\",\"potentialAction\":[{\"@type\":\"ReadAction\",\"target\":[\"https:\/\/gaudiumetspes-blog.pl\/index.php\/2026\/01\/27\/czyzby-dawid-zwariowal\/\"]}]},{\"@type\":\"BreadcrumbList\",\"@id\":\"https:\/\/gaudiumetspes-blog.pl\/index.php\/2026\/01\/27\/czyzby-dawid-zwariowal\/#breadcrumb\",\"itemListElement\":[{\"@type\":\"ListItem\",\"position\":1,\"name\":\"Strona g\u0142\u00f3wna\",\"item\":\"https:\/\/gaudiumetspes-blog.pl\/\"},{\"@type\":\"ListItem\",\"position\":2,\"name\":\"Czy\u017cby Dawid zwariowa\u0142?&#8230;\"}]},{\"@type\":\"WebSite\",\"@id\":\"https:\/\/gaudiumetspes-blog.pl\/#website\",\"url\":\"https:\/\/gaudiumetspes-blog.pl\/\",\"name\":\"Gaudium Et Spes\",\"description\":\"Blog Ks. Jacka Ja\u015bkowskiego\",\"potentialAction\":[{\"@type\":\"SearchAction\",\"target\":{\"@type\":\"EntryPoint\",\"urlTemplate\":\"https:\/\/gaudiumetspes-blog.pl\/?s={search_term_string}\"},\"query-input\":{\"@type\":\"PropertyValueSpecification\",\"valueRequired\":true,\"valueName\":\"search_term_string\"}}],\"inLanguage\":\"pl-PL\"},{\"@type\":\"Person\",\"@id\":\"https:\/\/gaudiumetspes-blog.pl\/#\/schema\/person\/1661982992b752dea8dff0d4ed845a65\",\"name\":\"Ks. Jacek\",\"image\":{\"@type\":\"ImageObject\",\"inLanguage\":\"pl-PL\",\"@id\":\"https:\/\/gaudiumetspes-blog.pl\/#\/schema\/person\/image\/\",\"url\":\"https:\/\/gaudiumetspes-blog.pl\/wp-content\/uploads\/2019\/07\/avatar-JJ-150x150.jpg\",\"contentUrl\":\"https:\/\/gaudiumetspes-blog.pl\/wp-content\/uploads\/2019\/07\/avatar-JJ-150x150.jpg\",\"caption\":\"Ks. Jacek\"},\"description\":\"Witam serdecznie! K\u0142ania si\u0119 Ks. Jacek Ja\u015bkowski. Nie jestem ani kim\u015b wa\u017cnym, ani kim\u015b znanym. Jestem ksi\u0119dzem, kt\u00f3ry po prostu chce rozmawia\u0107. Codzienna kap\u0142a\u0144ska pos\u0142uga pokazuje mi, \u017ce temat\u00f3w do rozm\u00f3w z ksi\u0119dzem jest coraz wi\u0119cej i dzisiaj \u017caden ksi\u0105dz nie mo\u017ce od nich ucieka\u0107, ale - wprost przeciwnie - podejmowa\u0107 nowe wyzwania. To przekonanie sk\u0142oni\u0142o mnie do pr\u00f3by otwarcia tego\u017c bloga, chocia\u017c okazji do rozm\u00f3w na co dzie\u0144 - w konfesjonale i poza nim - na szcz\u0119\u015bcie nie brakuje. My\u015bl\u0119 jednak, \u017ce ten blog b\u0119dzie jeszcze jednym sposobem i przestrzeni\u0105 nawi\u0105zania kontaktu z lud\u017ami dobrej woli, otwartymi na dialog.\",\"url\":\"https:\/\/gaudiumetspes-blog.pl\/index.php\/author\/ks-jacek\/\"}]}<\/script>\n<!-- \/ Yoast SEO plugin. -->","yoast_head_json":{"title":"Czy\u017cby Dawid zwariowa\u0142?... - Gaudium Et Spes","robots":{"index":"index","follow":"follow","max-snippet":"max-snippet:-1","max-image-preview":"max-image-preview:large","max-video-preview":"max-video-preview:-1"},"canonical":"https:\/\/gaudiumetspes-blog.pl\/index.php\/2026\/01\/27\/czyzby-dawid-zwariowal\/","og_locale":"pl_PL","og_type":"article","og_title":"Czy\u017cby Dawid zwariowa\u0142?... - Gaudium Et Spes","og_description":"Szcz\u0119\u015b\u0107 Bo\u017ce! Moi Drodzy, w dniu dzisiejszym urodziny prze\u017cywaj\u0105: \u25baOjciec Franciszek Chr\u00f3szcz \u2013 Oblat pos\u0142uguj\u0105cy w Kodniu, a wcze\u015bniej wieloletni Misjonarz; Cz\u0142owiek obdarzony niesamowitym poczuciem humoru i dystansem do siebie, wprowadzaj\u0105cy we Wsp\u00f3lnocie kode\u0144skiej i w relacjach z lud\u017ami bardzo du\u017co pogody ducha i rado\u015bci; \u25baIgnacy Sulowski \u2013 Syn moich Przyjaci\u00f3\u0142 z Lublina, \u017bani i [&hellip;]","og_url":"https:\/\/gaudiumetspes-blog.pl\/index.php\/2026\/01\/27\/czyzby-dawid-zwariowal\/","og_site_name":"Gaudium Et Spes","article_published_time":"2026-01-27T01:02:20+00:00","author":"Ks. Jacek","twitter_card":"summary_large_image","twitter_misc":{"Napisane przez":"Ks. Jacek","Szacowany czas czytania":"10 minut"},"schema":{"@context":"https:\/\/schema.org","@graph":[{"@type":"WebPage","@id":"https:\/\/gaudiumetspes-blog.pl\/index.php\/2026\/01\/27\/czyzby-dawid-zwariowal\/","url":"https:\/\/gaudiumetspes-blog.pl\/index.php\/2026\/01\/27\/czyzby-dawid-zwariowal\/","name":"Czy\u017cby Dawid zwariowa\u0142?... - Gaudium Et Spes","isPartOf":{"@id":"https:\/\/gaudiumetspes-blog.pl\/#website"},"datePublished":"2026-01-27T01:02:20+00:00","author":{"@id":"https:\/\/gaudiumetspes-blog.pl\/#\/schema\/person\/1661982992b752dea8dff0d4ed845a65"},"breadcrumb":{"@id":"https:\/\/gaudiumetspes-blog.pl\/index.php\/2026\/01\/27\/czyzby-dawid-zwariowal\/#breadcrumb"},"inLanguage":"pl-PL","potentialAction":[{"@type":"ReadAction","target":["https:\/\/gaudiumetspes-blog.pl\/index.php\/2026\/01\/27\/czyzby-dawid-zwariowal\/"]}]},{"@type":"BreadcrumbList","@id":"https:\/\/gaudiumetspes-blog.pl\/index.php\/2026\/01\/27\/czyzby-dawid-zwariowal\/#breadcrumb","itemListElement":[{"@type":"ListItem","position":1,"name":"Strona g\u0142\u00f3wna","item":"https:\/\/gaudiumetspes-blog.pl\/"},{"@type":"ListItem","position":2,"name":"Czy\u017cby Dawid zwariowa\u0142?&#8230;"}]},{"@type":"WebSite","@id":"https:\/\/gaudiumetspes-blog.pl\/#website","url":"https:\/\/gaudiumetspes-blog.pl\/","name":"Gaudium Et Spes","description":"Blog Ks. Jacka Ja\u015bkowskiego","potentialAction":[{"@type":"SearchAction","target":{"@type":"EntryPoint","urlTemplate":"https:\/\/gaudiumetspes-blog.pl\/?s={search_term_string}"},"query-input":{"@type":"PropertyValueSpecification","valueRequired":true,"valueName":"search_term_string"}}],"inLanguage":"pl-PL"},{"@type":"Person","@id":"https:\/\/gaudiumetspes-blog.pl\/#\/schema\/person\/1661982992b752dea8dff0d4ed845a65","name":"Ks. Jacek","image":{"@type":"ImageObject","inLanguage":"pl-PL","@id":"https:\/\/gaudiumetspes-blog.pl\/#\/schema\/person\/image\/","url":"https:\/\/gaudiumetspes-blog.pl\/wp-content\/uploads\/2019\/07\/avatar-JJ-150x150.jpg","contentUrl":"https:\/\/gaudiumetspes-blog.pl\/wp-content\/uploads\/2019\/07\/avatar-JJ-150x150.jpg","caption":"Ks. Jacek"},"description":"Witam serdecznie! K\u0142ania si\u0119 Ks. Jacek Ja\u015bkowski. Nie jestem ani kim\u015b wa\u017cnym, ani kim\u015b znanym. Jestem ksi\u0119dzem, kt\u00f3ry po prostu chce rozmawia\u0107. Codzienna kap\u0142a\u0144ska pos\u0142uga pokazuje mi, \u017ce temat\u00f3w do rozm\u00f3w z ksi\u0119dzem jest coraz wi\u0119cej i dzisiaj \u017caden ksi\u0105dz nie mo\u017ce od nich ucieka\u0107, ale - wprost przeciwnie - podejmowa\u0107 nowe wyzwania. To przekonanie sk\u0142oni\u0142o mnie do pr\u00f3by otwarcia tego\u017c bloga, chocia\u017c okazji do rozm\u00f3w na co dzie\u0144 - w konfesjonale i poza nim - na szcz\u0119\u015bcie nie brakuje. My\u015bl\u0119 jednak, \u017ce ten blog b\u0119dzie jeszcze jednym sposobem i przestrzeni\u0105 nawi\u0105zania kontaktu z lud\u017ami dobrej woli, otwartymi na dialog.","url":"https:\/\/gaudiumetspes-blog.pl\/index.php\/author\/ks-jacek\/"}]}},"jetpack_featured_media_url":"","jetpack_sharing_enabled":true,"_links":{"self":[{"href":"https:\/\/gaudiumetspes-blog.pl\/index.php\/wp-json\/wp\/v2\/posts\/24600","targetHints":{"allow":["GET"]}}],"collection":[{"href":"https:\/\/gaudiumetspes-blog.pl\/index.php\/wp-json\/wp\/v2\/posts"}],"about":[{"href":"https:\/\/gaudiumetspes-blog.pl\/index.php\/wp-json\/wp\/v2\/types\/post"}],"author":[{"embeddable":true,"href":"https:\/\/gaudiumetspes-blog.pl\/index.php\/wp-json\/wp\/v2\/users\/1"}],"replies":[{"embeddable":true,"href":"https:\/\/gaudiumetspes-blog.pl\/index.php\/wp-json\/wp\/v2\/comments?post=24600"}],"version-history":[{"count":1,"href":"https:\/\/gaudiumetspes-blog.pl\/index.php\/wp-json\/wp\/v2\/posts\/24600\/revisions"}],"predecessor-version":[{"id":24601,"href":"https:\/\/gaudiumetspes-blog.pl\/index.php\/wp-json\/wp\/v2\/posts\/24600\/revisions\/24601"}],"wp:attachment":[{"href":"https:\/\/gaudiumetspes-blog.pl\/index.php\/wp-json\/wp\/v2\/media?parent=24600"}],"wp:term":[{"taxonomy":"category","embeddable":true,"href":"https:\/\/gaudiumetspes-blog.pl\/index.php\/wp-json\/wp\/v2\/categories?post=24600"},{"taxonomy":"post_tag","embeddable":true,"href":"https:\/\/gaudiumetspes-blog.pl\/index.php\/wp-json\/wp\/v2\/tags?post=24600"}],"curies":[{"name":"wp","href":"https:\/\/api.w.org\/{rel}","templated":true}]}}