{"id":24604,"date":"2026-01-29T07:34:45","date_gmt":"2026-01-29T06:34:45","guid":{"rendered":"https:\/\/gaudiumetspes-blog.pl\/?p=24604"},"modified":"2026-01-29T07:34:45","modified_gmt":"2026-01-29T06:34:45","slug":"kimze-ja-jestem-panie-4","status":"publish","type":"post","link":"https:\/\/gaudiumetspes-blog.pl\/index.php\/2026\/01\/29\/kimze-ja-jestem-panie-4\/","title":{"rendered":"Kim\u017ce ja jestem, Panie?&#8230;"},"content":{"rendered":"<p align=\"justify\"><span style=\"color: #000000;\"><span style=\"font-family: Book Antiqua, serif;\"><span style=\"font-size: large;\">Szcz\u0119\u015b\u0107 Bo\u017ce! Drodzy moi, w dniu dzisiejszym<b> urodziny prze\u017cywa \u0141ukasz Osypiuk, nale\u017c\u0105cy w swoim czasie do jednej z m\u0142odzie\u017cowych Wsp\u00f3lnot. Modl\u0119 si\u0119 dla Niego o sta\u0142\u0105 blisko\u015b\u0107 z Jezusem. I tego \u017cycz\u0119!<\/b><\/span><\/span><\/span><\/p>\n<p align=\"justify\"><span style=\"color: #000000;\"><span style=\"font-family: Book Antiqua, serif;\"><span style=\"font-size: large;\">Drodzy moi, z ca\u0142ego serca dzi\u0119kuj\u0119 Wszystkim, kt\u00f3rzy wczoraj pami\u0119tali w modlitwie o moich Rodzicach i o naszej Rodzinie \u2013 a szczeg\u00f3lnie o Tacie, kt\u00f3ry przeszed\u0142 operacj\u0119 jaskry. Nie za\u0107my, jak wczoraj napisa\u0142em, a w\u0142a\u015bnie jaskry. Co\u015b mi si\u0119 pomyli\u0142o. W ka\u017cdym razie, zabieg by\u0142 oko\u0142o 11:00 i przebieg\u0142 dobrze, a ja nied\u0142ugo wyjad\u0119 do Bia\u0142ej Podlaskiej, aby odebra\u0107 Tat\u0119 ze szpitala i przewie\u017a\u0107 do Domu. Czekam na sygna\u0142, kiedy to b\u0119dzie mo\u017cliwe. <\/span><\/span><\/span><\/p>\n<p align=\"justify\"><span style=\"color: #000000;\"><span style=\"font-family: Book Antiqua, serif;\"><span style=\"font-size: large;\">Raz jeszcze dzi\u0119kuj\u0119 za wszelkie wyrazy \u017cyczliwo\u015bci i pami\u0119ci w modlitwie! Ja za\u015b \u2013 kiedy ju\u017c w Domu ogarniemy to i owo \u2013 zamierzam powr\u00f3ci\u0107 do Siedlec, gdzie planuj\u0119 wzi\u0105\u0107 udzia\u0142 w wieczornym spotkaniu formacyjnym dla Kap\u0142an\u00f3w, pracuj\u0105cych w Siedlcach, ale poza duszpasterstwem parafialnym. Takowe spotkania organizuje co jaki\u015b czas Ksi\u0105dz Profesor Kazimierz Matwiejuk, Ojciec duchowny Ksi\u0119\u017cy naszej Diecezji, a w czasie mojej formacji seminaryjnej: nasz Ojciec duchowny. Ja w tych spotkaniach nie zawsze bior\u0119 udzia\u0142, bo nieraz wypadaj\u0105 mi inne sprawy w Duszpasterstwie Akademickim. Ale kiedy mog\u0119, to staram si\u0119 by\u0107. Zobaczymy, jak dzisiaj u\u0142o\u017cy si\u0119 plan dnia.<\/span><\/span><\/span><\/p>\n<p align=\"justify\"><span style=\"color: #000000;\"><span style=\"font-family: Book Antiqua, serif;\"><span style=\"font-size: large;\">A teraz ju\u017c zapraszam do pochylenia si\u0119 nad Bo\u017cym s\u0142owem dzisiejszej liturgii. Oto s\u0142\u00f3wko Ksi\u0119dza Marka na dzi\u015b:<\/span><\/span><\/span><\/p>\n<p align=\"justify\"><span style=\"color: #000000;\"><span style=\"font-family: Book Antiqua, serif;\"><span style=\"font-size: medium;\"><a href=\"https:\/\/www.youtube.com\/c\/CatholicSurgut\"><span style=\"font-size: large;\"><span lang=\"zxx\"><u><b>https:\/\/www.youtube.com\/c\/CatholicSurgut<\/b><\/u><\/span><\/span><\/a><b> <\/b><\/span><\/span><\/span><\/p>\n<p align=\"justify\"><span style=\"color: #000000;\"><span style=\"font-family: Book Antiqua, serif;\"><span style=\"font-size: large;\">Zatem, <b>c<\/b><b>o konkretnie m\u00f3wi do mnie dzi\u015b Pan? Z jakim przes\u0142aniem do mnie osobi\u015bcie si\u0119 dzi\u015b zwraca?<\/b> Niech Duch \u015awi\u0119ty o\u015bwieci nasze umys\u0142y i serca!<\/span><\/span><\/span><\/p>\n<p align=\"justify\"><span style=\"color: #000000;\"><span style=\"font-family: Book Antiqua, serif;\"><span style=\"font-size: large;\"><b>Niech Was b\u0142ogos\u0142awi B\u00f3g Wszechmog\u0105cy: Ojciec + i Syn, i<\/b> <b>Duch \u015awiety. Amen<\/b><\/span><\/span><\/span><\/p>\n<p align=\"center\"><span style=\"color: #000000;\"><span style=\"font-family: Book Antiqua, serif;\"><span style=\"font-size: large;\">Gaudium et spes! Ks. Jacek<\/span><\/span><\/span><\/p>\n<p align=\"center\">\n<p align=\"center\">\n<p align=\"center\">\n<p align=\"center\">\n<p align=\"center\">\n<p align=\"justify\"><span style=\"color: #000000;\"><span style=\"font-family: Book Antiqua, serif;\"><span style=\"font-size: large;\"><b>Czwartek 3 Tygodnia zwyk\u0142ego, rok II,<\/b><\/span><\/span><\/span><\/p>\n<p align=\"justify\"><span style=\"color: #000000;\"><span style=\"font-family: Book Antiqua, serif;\"><span style=\"font-size: large;\"><b>29 stycznia 2026.,\u00a0<\/b><\/span><\/span><\/span><\/p>\n<p align=\"justify\"><span style=\"color: #000000;\"><span style=\"font-family: Book Antiqua, serif;\"><span style=\"font-size: large;\"><b>do czyta\u0144: 2 Sm 7,18\u201319.24\u201329; Mk 4,21\u201325<\/b><\/span><\/span><\/span><\/p>\n<p align=\"justify\">\n<p align=\"justify\">\n<p align=\"justify\">\n<p align=\"justify\">\n<p align=\"justify\">\n<p align=\"justify\"><span style=\"color: #000000;\"><span style=\"font-family: Book Antiqua, serif;\"><span style=\"font-size: large;\"><b><br \/>\nCZYTANIE Z DRUGIEJ KSI\u0118GI SAMUELA: <\/b><\/span><\/span><\/span><\/p>\n<p align=\"justify\"><span style=\"color: #000000;\"><span style=\"font-family: Book Antiqua, serif;\"><span style=\"font-size: large;\"><b>Poszed\u0142 kr\u00f3l Dawid i usiad\u0142szy przed Panem m\u00f3wi\u0142: \u201eKim\u017ce ja jestem, Panie m\u00f3j, Bo\u017ce, i czym jest m\u00f3j r\u00f3d, \u017ce doprowadzi\u0142e\u015b mnie a\u017c dot\u0105d? Ale i to jeszcze wyda\u0142o si\u0119 Tobie za ma\u0142o, Panie m\u00f3j, Bo\u017ce, lecz da\u0142e\u015b zapowied\u017a o domu s\u0142ugi swego na dalek\u0105 przysz\u0142o\u015b\u0107. I to ma by\u0107 prawo cz\u0142owieka, Panie m\u00f3j, Bo\u017ce? <\/b><\/span><\/span><\/span><\/p>\n<p align=\"justify\"><span style=\"color: #000000;\"><span style=\"font-family: Book Antiqua, serif;\"><span style=\"font-size: large;\"><b>Ustali\u0142e\u015b dla siebie sw\u00f3j lud izraelski, aby by\u0142 dla Ciebie ludem na wieki, a Ty, o Panie, sta\u0142e\u015b si\u0119 dla niego Bogiem. Teraz wi\u0119c, o Panie Bo\u017ce, niech trwa na wieki s\u0142owo, kt\u00f3re\u015b wyrzek\u0142 o s\u0142udze swoim i jego domu, i czy\u0144, jak powiedzia\u0142e\u015b, a\u017ceby na wieki wielbione by\u0142o imi\u0119 Twe s\u0142owami: \u00abPan Zast\u0119p\u00f3w jest Bogiem Izraela\u00bb. A dom Twego s\u0142ugi, Dawida, niech b\u0119dzie trwa\u0142y przed Tob\u0105. <\/b><\/span><\/span><\/span><\/p>\n<p align=\"justify\"><span style=\"color: #000000;\"><span style=\"font-family: Book Antiqua, serif;\"><span style=\"font-size: large;\"><b>Ty\u015b, bowiem, o Panie Zast\u0119p\u00f3w, Bo\u017ce Izraela, objawi\u0142 s\u0142udze swemu, m\u00f3wi\u0105c: \u00abZbuduj\u0119 ci dom\u00bb. Dlatego to s\u0142uga Tw\u00f3j o\u015bmiela si\u0119 zwr\u00f3ci\u0107 do Ciebie z t\u0105 modlitw\u0105. Teraz, o Panie m\u00f3j, Bo\u017ce, Ty\u015b Bogiem, Twoje s\u0142owa s\u0105 prawd\u0105. Ty przekazujesz wspania\u0142\u0105 obietnic\u0119 s\u0142udze swemu. <\/b><\/span><\/span><\/span><\/p>\n<p align=\"justify\"><span style=\"color: #000000;\"><span style=\"font-family: Book Antiqua, serif;\"><span style=\"font-size: large;\"><b>B\u0105d\u017a teraz \u0142askaw pob\u0142ogos\u0142awi\u0107 dom s\u0142ugi swego, aby na wieki trwa\u0142 przed Tob\u0105. Wszak to Ty jeste\u015b, m\u00f3j Panie Bo\u017ce, kt\u00f3ry to powiedzia\u0142; a dzi\u0119ki Twemu b\u0142ogos\u0142awie\u0144stwu dom s\u0142ugi Twojego b\u0119dzie b\u0142ogos\u0142awiony na wieki\u201d.<\/b><\/span><\/span><\/span><\/p>\n<p align=\"justify\">\n<p align=\"justify\">\n<p align=\"justify\">\n<p align=\"justify\">\n<p align=\"justify\">\n<p align=\"justify\"><span style=\"color: #000000;\"><span style=\"font-family: Book Antiqua, serif;\"><span style=\"font-size: large;\"><b>S\u0141OWA EWANGELII WED\u0141UG \u015aWI\u0118TEGO MARKA:<\/b><\/span><\/span><\/span><\/p>\n<p align=\"justify\"><span style=\"color: #000000;\"><span style=\"font-family: Book Antiqua, serif;\"><span style=\"font-size: large;\"><b>Jezus m\u00f3wi\u0142 ludowi: \u201eCzy po to wnosi si\u0119 \u015bwiat\u0142o, by je postawi\u0107 pod korcem lub pod \u0142\u00f3\u017ckiem? Czy nie po to, aby je postawi\u0107 na \u015bwieczniku? Nie ma bowiem nic ukrytego, co by nie mia\u0142o wyj\u015b\u0107 na jaw. Kto ma uszy do s\u0142uchania, niechaj s\u0142ucha\u201d. <\/b><\/span><\/span><\/span><\/p>\n<p align=\"justify\"><span style=\"color: #000000;\"><span style=\"font-family: Book Antiqua, serif;\"><span style=\"font-size: large;\"><b>I m\u00f3wi\u0142 im: \u201eUwa\u017cajcie na to, czego s\u0142uchacie. Tak\u0105 sam\u0105 miar\u0105, jak\u0105 wy mierzycie, odmierz\u0105 wam i jeszcze wam do\u0142o\u017c\u0105. Bo kto ma, temu b\u0119dzie dane; a kto nie ma, pozbawi\u0105 go i tego, co ma\u201d.<\/b><\/span><\/span><\/span><\/p>\n<p align=\"justify\">\n<p align=\"justify\">\n<p align=\"justify\">\n<p align=\"justify\">\n<p align=\"justify\">\n<p align=\"justify\"><span style=\"color: #000000;\"><span style=\"font-family: Book Antiqua, serif;\"><span style=\"font-size: large;\">Mo\u017cemy sobie chyba wyobrazi\u0107 Dawida, jak poruszony s\u0142owami, kt\u00f3re us\u0142yszeli\u015bmy wszyscy we wczorajszym pierwszym czytaniu, <b>i\u017c B\u00f3g zbuduje mu dom i utrwali go na wieki<\/b> \u2013 co oczywi\u015bcie nale\u017cy rozumie\u0107 jako b\u0142ogos\u0142awie\u0144stwo dla rodu, dla dynastii Dawida \u2013 <b>dzisiaj siada przed Bogiem<\/b> i wypowiada te wszystkie pi\u0119kne s\u0142owa, kt\u00f3ry us\u0142yszeli\u015bmy. W\u0142a\u015bnie ten <b>motyw siedzenia <\/b>\u2013 a nie chocia\u017cby kl\u0119czenia, czy le\u017cenia krzy\u017cem \u2013 zwraca tutaj uwag\u0119. <\/span><\/span><\/span><\/p>\n<p align=\"justify\"><span style=\"color: #000000;\"><span style=\"font-family: Book Antiqua, serif;\"><span style=\"font-size: large;\">Pokazuje on bowiem <b>bardzo ciekawe nastawienie<\/b> Dawida do Boga: pe\u0142ne pokoju, takiego<b> dzieci\u0119cego zaufania,<\/b> pewnej familiarno\u015bci\u2026 Dawid siada sobie <b>przed Ark\u0105 Przymierza w Namiocie Spotkania <\/b>\u2013 bo to w tym miejscu si\u0119 dokona\u0142o, co wynika jasno z innych przek\u0142ad\u00f3w \u2013 i tak sobie <b>swobodnie rozmawia. <\/b>Z pewno\u015bci\u0105, <b>nie jest tak \u201ewyluzowany\u201d, <\/b>aby Boga traktowa\u0142 jak \u201ekumpla\u201d, <b>ale te\u017c nie jest spi\u0119ty,<\/b> aby mia\u0142 dr\u017ce\u0107 ze strachu, nie mog\u0105c wykrztusi\u0107 z siebie ani s\u0142owa. <\/span><\/span><\/span><\/p>\n<p align=\"justify\"><span style=\"color: #000000;\"><span style=\"font-family: Book Antiqua, serif;\"><span style=\"font-size: large;\">Natomiast jest <b>bardzo, ale to bardzo wdzi\u0119czny Bogu.<\/b> Jak s\u0142yszymy, ta jego bardzo specyficzna i wyj\u0105tkowa rozmowa z Bogiem zaczyna si\u0119 od s\u0142\u00f3w: <i><b>Kim\u017ce ja jestem, Panie m\u00f3j, Bo\u017ce, i czym jest m\u00f3j r\u00f3d, \u017ce doprowadzi\u0142e\u015b mnie a\u017c dot\u0105d?<\/b><\/i><b> <\/b>To z pewno\u015bci\u0105 \u201eustawia\u201d jej dalszy ci\u0105g. Bo wyra\u017anie pokazuje, \u017ce <b>Dawida wewn\u0119trznie rozpiera <\/b><b>jakie\u015b<\/b><b> ogromne szcz\u0119\u015bcie!<\/b> Dlatego wszystkie nast\u0119pne zdania mo\u017cna uzna\u0107 za rozwini\u0119cie tego pierwszego. Nawet nie tyle za odpowied\u017a na tak postawione pytanie, co <b>potwierdzenie s\u0142uszno\u015bci jego postawienia.<\/b> <\/span><\/span><\/span><\/p>\n<p align=\"justify\"><span style=\"color: #000000;\"><span style=\"font-family: Book Antiqua, serif;\"><span style=\"font-size: large;\">Bo ka\u017cde kolejne zdanie \u2013 to <b>wspomnienie jakiego\u015b konkretnego dobra,<\/b> uczynionego przez Pana. Natomiast tak szczeg\u00f3lnie uwag\u0119 zwraca to zdanie: <i><b>I to ma by\u0107 prawo cz\u0142owieka, Panie<\/b><\/i><b> <\/b><i>m\u00f3j, Bo\u017ce?<\/i><b> \u2013 <\/b>kt\u00f3re w innym t\u0142umaczeniu brzmi: <i><b>I zechcia\u0142e\u015b do mnie m\u00f3wi\u0107, cho\u0107 jestem tylko cz\u0142owiekiem, Panie, m\u00f3j Bo\u017ce!<\/b><\/i> <\/span><\/span><\/span><\/p>\n<p align=\"justify\"><span style=\"color: #000000;\"><span style=\"font-family: Book Antiqua, serif;\"><span style=\"font-size: large;\">Na uwag\u0119 zas\u0142uguje tak\u017ce cz\u0119ste zwracanie si\u0119 przez Dawida do Boga r\u00f3\u017cnymi okre\u015bleniami Boga: <i><b>o Panie Zast\u0119p\u00f3w, Bo\u017ce Izraela;<\/b><\/i><b> <\/b>albo: <i><b>o Panie m\u00f3j, Bo\u017ce;<\/b><\/i><b> <\/b>albo: <i><b>m\u00f3j Panie Bo\u017ce;<\/b><\/i><b> <\/b>lub te\u017c: <i><b>o Panie Bo\u017ce\u2026<\/b><\/i> Jaka\u015b <b>wielka czu\u0142o\u015b\u0107<\/b> przebija z tych s\u0142\u00f3w, jakie\u015b ogromne <b>uwielbienie i mi\u0142o\u015b\u0107\u2026<\/b> Jakby Dawid za ka\u017cdym razem <b>u\u015bwiadamia\u0142 sobie na nowo,<\/b> przypomina\u0142 sobie i bra\u0142 do serca coraz bardziej, do kogo si\u0119 zwraca. <\/span><\/span><\/span><\/p>\n<p align=\"justify\"><span style=\"color: #000000;\"><span style=\"font-family: Book Antiqua, serif;\"><span style=\"font-size: large;\">Oczywi\u015bcie, on to dobrze ca\u0142y czas wiedzia\u0142, ale <b>przepe\u0142nione wdzi\u0119czno\u015bci\u0105 serce<\/b> kaza\u0142o mu co chwil\u0119 zwraca\u0107 si\u0119 do Boga Jego w\u0142asnymi imionami, aby podkre\u015bli\u0107 swoj\u0105 synowsk\u0105 mi\u0142o\u015b\u0107 i zaufanie do Boga! I podkre\u015bli\u0107 \u2013 a cho\u0107by i tysi\u0105ce razy! \u2013 <b>\u017ce to w\u0142a\u015bnie B\u00f3g, <\/b>w swojej bezgranicznej mi\u0142o\u015bci, ca\u0142e to dobro uczyni\u0142. A Dawid \u2013 <b>czym na to zas\u0142u\u017cy\u0142? <\/b>Czym si\u0119 tak ws\u0142awi\u0142, by otrzyma\u0107 a\u017c tak wiele? <\/span><\/span><\/span><\/p>\n<p align=\"justify\"><span style=\"color: #000000;\"><span style=\"font-family: Book Antiqua, serif;\"><span style=\"font-size: large;\">Dlatego dobrze, \u017ce tamtego dnia, <b>kiedy sobie to wszystko u\u015bwiadomi\u0142,<\/b> postanowi\u0142 powiedzie\u0107 to Panu swojemu. <b>Przecie\u017c B\u00f3g to wszystko wiedzia\u0142,<\/b> bo B\u00f3g wie wszystko, a wi\u0119c tak\u017ce i to dok\u0142adnie pami\u0119ta, czym obdarzy\u0142 Dawida. Bogu zatem nie trzeba by\u0142o tego wszystkiego przypomina\u0107 i opowiada\u0107. <b>Sam Dawid te\u017c <\/b><b>t<\/b><b>o dobrze pami\u0119ta\u0142. <\/b>Czy\u017cby wi\u0119c nie wystarczy\u0142o, \u017ce w duchu by si\u0119 pomodli\u0142, w ciszy serca, a on tu robi z tego wydarzenie \u201emedialne\u201d i ponadczasowe? <\/span><\/span><\/span><\/p>\n<p align=\"justify\"><span style=\"color: #000000;\"><span style=\"font-family: Book Antiqua, serif;\"><span style=\"font-size: large;\">Tak, bo tak by\u0142o potrzeba! Tak\u0105 potrzeb\u0119 mia\u0142 Dawid w tamtym momencie w swoim sercu \u2013<b> i poszed\u0142 za tym pragnieniem.<\/b> I bardzo dobrze! Bo w tym momencie przychodz\u0105 nam my\u015bl s\u0142owa Jezusa z dzisiejszej Ewangelii: <i><b>Czy po to wnosi si\u0119 \u015bwiat\u0142o, by je postawi\u0107 pod korcem lub pod \u0142\u00f3\u017ckiem? Czy nie po to, aby je postawi\u0107 na \u015bwieczniku? Nie ma bowiem nic ukrytego, co by nie mia\u0142o wyj\u015b\u0107 na jaw. Kto ma uszy do s\u0142uchania, niechaj s\u0142ucha. <\/b><\/i><\/span><\/span><\/span><\/p>\n<p align=\"justify\"><span style=\"color: #000000;\"><span style=\"font-family: Book Antiqua, serif;\"><span style=\"font-size: large;\">Dawid przyszed\u0142 do \u015awiat\u0142a \u2013 czyli do Boga \u2013 aby w tym \u015awietle <b>samemu rozja\u015bni\u0107 swoj\u0105 dusz\u0119, <\/b>ale te\u017c zobaczy\u0107, jak wiele tego \u015bwiat\u0142a ma w sobie. Tego <b>naturalnego \u015bwiat\u0142a,<\/b> kt\u00f3rym B\u00f3g obdarzy\u0142 go \u2013 jak ka\u017cdego cz\u0142owieka \u2013<b> powo\u0142uj\u0105c go do istnienia.<\/b> Dawid by\u0142 wewn\u0119trznie <b>bardzo prawym cz\u0142owiekiem,<\/b> bardzo dobrym i szczerym. <b>Tak zosta\u0142 wychowany<\/b> \u2013 i takiego w\u0142a\u015bnie Dawida B\u00f3g powo\u0142a\u0142 na kr\u00f3la. Dlatego nie dziwimy si\u0119, \u017ce dzisiaj idzie do o wiele wi\u0119kszej \u015awiat\u0142o\u015bci, <b>aby swoj\u0105 wewn\u0119trzn\u0105 \u015bwiat\u0142o\u015b\u0107 wzmocni\u0107. <\/b><\/span><\/span><\/span><\/p>\n<p align=\"justify\"><span style=\"color: #000000;\"><span style=\"font-family: Book Antiqua, serif;\"><span style=\"font-size: large;\">W pe\u0142ni zgadza si\u0119 to z dalszymi s\u0142owami Jezusa z dzisiejszej Ewangelii, i\u017c <i><b>kto ma, temu b\u0119dzie dane; a kto nie ma, pozbawi\u0105 go i tego, co ma.<\/b><\/i><b> <\/b>Je\u017celi kto\u015b <b>nie stara si\u0119 <\/b>tego dobra, kt\u00f3re ma w sobie, wzmacnia\u0107 Bo\u017c\u0105 \u0142ask\u0105 i b\u0142ogos\u0142awie\u0144stwem, oddawa\u0107 Bogu do dyspozycji, ci\u0105gle rozja\u015bnia\u0107 swej duszy Bo\u017cym blaskiem \u2013 to<b> jego w\u0142asnej, naturalnej \u015bwiat\u0142o\u015bci na d\u0142ugo mu nie <\/b><b>wy<\/b><b>starczy.<\/b> Ju\u017c ca\u0142y otaczaj\u0105cy \u015bwiat zadba o to, aby to, co dobre w cz\u0142owieku, jak najszybciej zgasi\u0107, st\u0142amsi\u0107, rozdepta\u0107, odebra\u0107\u2026 <\/span><\/span><\/span><\/p>\n<p align=\"justify\"><span style=\"color: #000000;\"><span style=\"font-family: Book Antiqua, serif;\"><span style=\"font-size: large;\">Dlatego \u2013 je\u015bli si\u0119 tak mo\u017cna wyrazi\u0107 \u2013 <b>musimy do\u0142adowywa\u0107 nasze wewn\u0119trzne akumulatory. <\/b>A najlepiej \u2013 by\u015bmy <b>ci\u0105gle byli pod\u0142\u0105czeni do \u0179r\u00f3d\u0142a mocy.<\/b> \u0141adowark\u0105 natomiast niech b\u0119dzie <b>s\u0142owo Bo\u017ce, <\/b>niech ni\u0105 b\u0119d\u0105<b> Sakramenty, <\/b>niech b\u0119dzie <b>modlitwa i adoracja Naj\u015bwi\u0119tszego Sakramentu. <\/b>Ale te\u017c \u2013 <b>potrzeba czasu, <\/b>aby spokojnie usi\u0105\u015b\u0107 przed Panem, zas\u0142ucha\u0107 si\u0119 w Niego, zachwyci\u0107 si\u0119 Nim, ogrza\u0107 si\u0119 wewn\u0119trznie Jego ciep\u0142em, rozja\u015bni\u0107 Jego blaskiem \u2013 jak najcz\u0119\u015bciej powtarzaj\u0105c ze szczerego serca: <i><b>Kim\u017ce ja jestem, Panie m\u00f3j, Bo\u017ce, i czym jest m\u00f3j r\u00f3d, \u017ce doprowadzi\u0142e\u015b mnie a\u017c dot\u0105d?<\/b><\/i><b> <\/b><\/span><\/span><\/span><\/p>\n<p align=\"justify\"><span style=\"color: #000000;\"><span style=\"font-family: Book Antiqua, serif;\"><span style=\"font-size: large;\">W\u0142a\u015bnie, <b>kim\u017ce ja jestem, Panie Jezu,<\/b> \u017ce da\u0142e\u015b mi tak wiele \u2013 i ci\u0105gle mi dajesz?\u2026 Kim\u017ce ja jestem, Panie Jezu,<b> \u017ce da\u0142e\u015b mi samego siebie \u2013 i ca\u0142ego siebie?\u2026 <\/b>Kim\u017ce ja jestem?\u2026 Jak ja Ci si\u0119 za to odwdzi\u0119cz\u0119?\u2026<\/span><\/span><\/span><\/p>\n","protected":false},"excerpt":{"rendered":"<p>Szcz\u0119\u015b\u0107 Bo\u017ce! Drodzy moi, w dniu dzisiejszym urodziny prze\u017cywa \u0141ukasz Osypiuk, nale\u017c\u0105cy w swoim czasie do jednej z m\u0142odzie\u017cowych Wsp\u00f3lnot. Modl\u0119 si\u0119 dla Niego o sta\u0142\u0105 blisko\u015b\u0107 z Jezusem. I tego \u017cycz\u0119! Drodzy moi, z ca\u0142ego serca dzi\u0119kuj\u0119 Wszystkim, kt\u00f3rzy wczoraj pami\u0119tali w modlitwie o moich Rodzicach i o naszej Rodzinie \u2013 a szczeg\u00f3lnie o [&hellip;]<\/p>\n","protected":false},"author":1,"featured_media":0,"comment_status":"open","ping_status":"open","sticky":false,"template":"","format":"standard","meta":{"jetpack_post_was_ever_published":false,"_jetpack_newsletter_access":"","_jetpack_dont_email_post_to_subs":false,"_jetpack_newsletter_tier_id":0,"_jetpack_memberships_contains_paywalled_content":false,"_jetpack_memberships_contains_paid_content":false,"footnotes":""},"categories":[1],"tags":[],"class_list":["post-24604","post","type-post","status-publish","format-standard","hentry","category-bez-kategorii"],"yoast_head":"<!-- This site is optimized with the Yoast SEO plugin v25.1 - https:\/\/yoast.com\/wordpress\/plugins\/seo\/ -->\n<title>Kim\u017ce ja jestem, Panie?... - Gaudium Et Spes<\/title>\n<meta name=\"robots\" content=\"index, follow, max-snippet:-1, max-image-preview:large, max-video-preview:-1\" \/>\n<link rel=\"canonical\" href=\"https:\/\/gaudiumetspes-blog.pl\/index.php\/2026\/01\/29\/kimze-ja-jestem-panie-4\/\" \/>\n<meta property=\"og:locale\" content=\"pl_PL\" \/>\n<meta property=\"og:type\" content=\"article\" \/>\n<meta property=\"og:title\" content=\"Kim\u017ce ja jestem, Panie?... - Gaudium Et Spes\" \/>\n<meta property=\"og:description\" content=\"Szcz\u0119\u015b\u0107 Bo\u017ce! Drodzy moi, w dniu dzisiejszym urodziny prze\u017cywa \u0141ukasz Osypiuk, nale\u017c\u0105cy w swoim czasie do jednej z m\u0142odzie\u017cowych Wsp\u00f3lnot. Modl\u0119 si\u0119 dla Niego o sta\u0142\u0105 blisko\u015b\u0107 z Jezusem. I tego \u017cycz\u0119! Drodzy moi, z ca\u0142ego serca dzi\u0119kuj\u0119 Wszystkim, kt\u00f3rzy wczoraj pami\u0119tali w modlitwie o moich Rodzicach i o naszej Rodzinie \u2013 a szczeg\u00f3lnie o [&hellip;]\" \/>\n<meta property=\"og:url\" content=\"https:\/\/gaudiumetspes-blog.pl\/index.php\/2026\/01\/29\/kimze-ja-jestem-panie-4\/\" \/>\n<meta property=\"og:site_name\" content=\"Gaudium Et Spes\" \/>\n<meta property=\"article:published_time\" content=\"2026-01-29T06:34:45+00:00\" \/>\n<meta name=\"author\" content=\"Ks. Jacek\" \/>\n<meta name=\"twitter:card\" content=\"summary_large_image\" \/>\n<meta name=\"twitter:label1\" content=\"Napisane przez\" \/>\n\t<meta name=\"twitter:data1\" content=\"Ks. Jacek\" \/>\n\t<meta name=\"twitter:label2\" content=\"Szacowany czas czytania\" \/>\n\t<meta name=\"twitter:data2\" content=\"9 minut\" \/>\n<script type=\"application\/ld+json\" class=\"yoast-schema-graph\">{\"@context\":\"https:\/\/schema.org\",\"@graph\":[{\"@type\":\"WebPage\",\"@id\":\"https:\/\/gaudiumetspes-blog.pl\/index.php\/2026\/01\/29\/kimze-ja-jestem-panie-4\/\",\"url\":\"https:\/\/gaudiumetspes-blog.pl\/index.php\/2026\/01\/29\/kimze-ja-jestem-panie-4\/\",\"name\":\"Kim\u017ce ja jestem, Panie?... - Gaudium Et Spes\",\"isPartOf\":{\"@id\":\"https:\/\/gaudiumetspes-blog.pl\/#website\"},\"datePublished\":\"2026-01-29T06:34:45+00:00\",\"author\":{\"@id\":\"https:\/\/gaudiumetspes-blog.pl\/#\/schema\/person\/1661982992b752dea8dff0d4ed845a65\"},\"breadcrumb\":{\"@id\":\"https:\/\/gaudiumetspes-blog.pl\/index.php\/2026\/01\/29\/kimze-ja-jestem-panie-4\/#breadcrumb\"},\"inLanguage\":\"pl-PL\",\"potentialAction\":[{\"@type\":\"ReadAction\",\"target\":[\"https:\/\/gaudiumetspes-blog.pl\/index.php\/2026\/01\/29\/kimze-ja-jestem-panie-4\/\"]}]},{\"@type\":\"BreadcrumbList\",\"@id\":\"https:\/\/gaudiumetspes-blog.pl\/index.php\/2026\/01\/29\/kimze-ja-jestem-panie-4\/#breadcrumb\",\"itemListElement\":[{\"@type\":\"ListItem\",\"position\":1,\"name\":\"Strona g\u0142\u00f3wna\",\"item\":\"https:\/\/gaudiumetspes-blog.pl\/\"},{\"@type\":\"ListItem\",\"position\":2,\"name\":\"Kim\u017ce ja jestem, Panie?&#8230;\"}]},{\"@type\":\"WebSite\",\"@id\":\"https:\/\/gaudiumetspes-blog.pl\/#website\",\"url\":\"https:\/\/gaudiumetspes-blog.pl\/\",\"name\":\"Gaudium Et Spes\",\"description\":\"Blog Ks. Jacka Ja\u015bkowskiego\",\"potentialAction\":[{\"@type\":\"SearchAction\",\"target\":{\"@type\":\"EntryPoint\",\"urlTemplate\":\"https:\/\/gaudiumetspes-blog.pl\/?s={search_term_string}\"},\"query-input\":{\"@type\":\"PropertyValueSpecification\",\"valueRequired\":true,\"valueName\":\"search_term_string\"}}],\"inLanguage\":\"pl-PL\"},{\"@type\":\"Person\",\"@id\":\"https:\/\/gaudiumetspes-blog.pl\/#\/schema\/person\/1661982992b752dea8dff0d4ed845a65\",\"name\":\"Ks. Jacek\",\"image\":{\"@type\":\"ImageObject\",\"inLanguage\":\"pl-PL\",\"@id\":\"https:\/\/gaudiumetspes-blog.pl\/#\/schema\/person\/image\/\",\"url\":\"https:\/\/gaudiumetspes-blog.pl\/wp-content\/uploads\/2019\/07\/avatar-JJ-150x150.jpg\",\"contentUrl\":\"https:\/\/gaudiumetspes-blog.pl\/wp-content\/uploads\/2019\/07\/avatar-JJ-150x150.jpg\",\"caption\":\"Ks. Jacek\"},\"description\":\"Witam serdecznie! K\u0142ania si\u0119 Ks. Jacek Ja\u015bkowski. Nie jestem ani kim\u015b wa\u017cnym, ani kim\u015b znanym. Jestem ksi\u0119dzem, kt\u00f3ry po prostu chce rozmawia\u0107. Codzienna kap\u0142a\u0144ska pos\u0142uga pokazuje mi, \u017ce temat\u00f3w do rozm\u00f3w z ksi\u0119dzem jest coraz wi\u0119cej i dzisiaj \u017caden ksi\u0105dz nie mo\u017ce od nich ucieka\u0107, ale - wprost przeciwnie - podejmowa\u0107 nowe wyzwania. To przekonanie sk\u0142oni\u0142o mnie do pr\u00f3by otwarcia tego\u017c bloga, chocia\u017c okazji do rozm\u00f3w na co dzie\u0144 - w konfesjonale i poza nim - na szcz\u0119\u015bcie nie brakuje. My\u015bl\u0119 jednak, \u017ce ten blog b\u0119dzie jeszcze jednym sposobem i przestrzeni\u0105 nawi\u0105zania kontaktu z lud\u017ami dobrej woli, otwartymi na dialog.\",\"url\":\"https:\/\/gaudiumetspes-blog.pl\/index.php\/author\/ks-jacek\/\"}]}<\/script>\n<!-- \/ Yoast SEO plugin. -->","yoast_head_json":{"title":"Kim\u017ce ja jestem, Panie?... - Gaudium Et Spes","robots":{"index":"index","follow":"follow","max-snippet":"max-snippet:-1","max-image-preview":"max-image-preview:large","max-video-preview":"max-video-preview:-1"},"canonical":"https:\/\/gaudiumetspes-blog.pl\/index.php\/2026\/01\/29\/kimze-ja-jestem-panie-4\/","og_locale":"pl_PL","og_type":"article","og_title":"Kim\u017ce ja jestem, Panie?... - Gaudium Et Spes","og_description":"Szcz\u0119\u015b\u0107 Bo\u017ce! Drodzy moi, w dniu dzisiejszym urodziny prze\u017cywa \u0141ukasz Osypiuk, nale\u017c\u0105cy w swoim czasie do jednej z m\u0142odzie\u017cowych Wsp\u00f3lnot. Modl\u0119 si\u0119 dla Niego o sta\u0142\u0105 blisko\u015b\u0107 z Jezusem. I tego \u017cycz\u0119! Drodzy moi, z ca\u0142ego serca dzi\u0119kuj\u0119 Wszystkim, kt\u00f3rzy wczoraj pami\u0119tali w modlitwie o moich Rodzicach i o naszej Rodzinie \u2013 a szczeg\u00f3lnie o [&hellip;]","og_url":"https:\/\/gaudiumetspes-blog.pl\/index.php\/2026\/01\/29\/kimze-ja-jestem-panie-4\/","og_site_name":"Gaudium Et Spes","article_published_time":"2026-01-29T06:34:45+00:00","author":"Ks. Jacek","twitter_card":"summary_large_image","twitter_misc":{"Napisane przez":"Ks. Jacek","Szacowany czas czytania":"9 minut"},"schema":{"@context":"https:\/\/schema.org","@graph":[{"@type":"WebPage","@id":"https:\/\/gaudiumetspes-blog.pl\/index.php\/2026\/01\/29\/kimze-ja-jestem-panie-4\/","url":"https:\/\/gaudiumetspes-blog.pl\/index.php\/2026\/01\/29\/kimze-ja-jestem-panie-4\/","name":"Kim\u017ce ja jestem, Panie?... - Gaudium Et Spes","isPartOf":{"@id":"https:\/\/gaudiumetspes-blog.pl\/#website"},"datePublished":"2026-01-29T06:34:45+00:00","author":{"@id":"https:\/\/gaudiumetspes-blog.pl\/#\/schema\/person\/1661982992b752dea8dff0d4ed845a65"},"breadcrumb":{"@id":"https:\/\/gaudiumetspes-blog.pl\/index.php\/2026\/01\/29\/kimze-ja-jestem-panie-4\/#breadcrumb"},"inLanguage":"pl-PL","potentialAction":[{"@type":"ReadAction","target":["https:\/\/gaudiumetspes-blog.pl\/index.php\/2026\/01\/29\/kimze-ja-jestem-panie-4\/"]}]},{"@type":"BreadcrumbList","@id":"https:\/\/gaudiumetspes-blog.pl\/index.php\/2026\/01\/29\/kimze-ja-jestem-panie-4\/#breadcrumb","itemListElement":[{"@type":"ListItem","position":1,"name":"Strona g\u0142\u00f3wna","item":"https:\/\/gaudiumetspes-blog.pl\/"},{"@type":"ListItem","position":2,"name":"Kim\u017ce ja jestem, Panie?&#8230;"}]},{"@type":"WebSite","@id":"https:\/\/gaudiumetspes-blog.pl\/#website","url":"https:\/\/gaudiumetspes-blog.pl\/","name":"Gaudium Et Spes","description":"Blog Ks. Jacka Ja\u015bkowskiego","potentialAction":[{"@type":"SearchAction","target":{"@type":"EntryPoint","urlTemplate":"https:\/\/gaudiumetspes-blog.pl\/?s={search_term_string}"},"query-input":{"@type":"PropertyValueSpecification","valueRequired":true,"valueName":"search_term_string"}}],"inLanguage":"pl-PL"},{"@type":"Person","@id":"https:\/\/gaudiumetspes-blog.pl\/#\/schema\/person\/1661982992b752dea8dff0d4ed845a65","name":"Ks. Jacek","image":{"@type":"ImageObject","inLanguage":"pl-PL","@id":"https:\/\/gaudiumetspes-blog.pl\/#\/schema\/person\/image\/","url":"https:\/\/gaudiumetspes-blog.pl\/wp-content\/uploads\/2019\/07\/avatar-JJ-150x150.jpg","contentUrl":"https:\/\/gaudiumetspes-blog.pl\/wp-content\/uploads\/2019\/07\/avatar-JJ-150x150.jpg","caption":"Ks. Jacek"},"description":"Witam serdecznie! K\u0142ania si\u0119 Ks. Jacek Ja\u015bkowski. Nie jestem ani kim\u015b wa\u017cnym, ani kim\u015b znanym. Jestem ksi\u0119dzem, kt\u00f3ry po prostu chce rozmawia\u0107. Codzienna kap\u0142a\u0144ska pos\u0142uga pokazuje mi, \u017ce temat\u00f3w do rozm\u00f3w z ksi\u0119dzem jest coraz wi\u0119cej i dzisiaj \u017caden ksi\u0105dz nie mo\u017ce od nich ucieka\u0107, ale - wprost przeciwnie - podejmowa\u0107 nowe wyzwania. To przekonanie sk\u0142oni\u0142o mnie do pr\u00f3by otwarcia tego\u017c bloga, chocia\u017c okazji do rozm\u00f3w na co dzie\u0144 - w konfesjonale i poza nim - na szcz\u0119\u015bcie nie brakuje. My\u015bl\u0119 jednak, \u017ce ten blog b\u0119dzie jeszcze jednym sposobem i przestrzeni\u0105 nawi\u0105zania kontaktu z lud\u017ami dobrej woli, otwartymi na dialog.","url":"https:\/\/gaudiumetspes-blog.pl\/index.php\/author\/ks-jacek\/"}]}},"jetpack_featured_media_url":"","jetpack_sharing_enabled":true,"_links":{"self":[{"href":"https:\/\/gaudiumetspes-blog.pl\/index.php\/wp-json\/wp\/v2\/posts\/24604","targetHints":{"allow":["GET"]}}],"collection":[{"href":"https:\/\/gaudiumetspes-blog.pl\/index.php\/wp-json\/wp\/v2\/posts"}],"about":[{"href":"https:\/\/gaudiumetspes-blog.pl\/index.php\/wp-json\/wp\/v2\/types\/post"}],"author":[{"embeddable":true,"href":"https:\/\/gaudiumetspes-blog.pl\/index.php\/wp-json\/wp\/v2\/users\/1"}],"replies":[{"embeddable":true,"href":"https:\/\/gaudiumetspes-blog.pl\/index.php\/wp-json\/wp\/v2\/comments?post=24604"}],"version-history":[{"count":1,"href":"https:\/\/gaudiumetspes-blog.pl\/index.php\/wp-json\/wp\/v2\/posts\/24604\/revisions"}],"predecessor-version":[{"id":24605,"href":"https:\/\/gaudiumetspes-blog.pl\/index.php\/wp-json\/wp\/v2\/posts\/24604\/revisions\/24605"}],"wp:attachment":[{"href":"https:\/\/gaudiumetspes-blog.pl\/index.php\/wp-json\/wp\/v2\/media?parent=24604"}],"wp:term":[{"taxonomy":"category","embeddable":true,"href":"https:\/\/gaudiumetspes-blog.pl\/index.php\/wp-json\/wp\/v2\/categories?post=24604"},{"taxonomy":"post_tag","embeddable":true,"href":"https:\/\/gaudiumetspes-blog.pl\/index.php\/wp-json\/wp\/v2\/tags?post=24604"}],"curies":[{"name":"wp","href":"https:\/\/api.w.org\/{rel}","templated":true}]}}