{"id":24708,"date":"2026-03-09T09:46:17","date_gmt":"2026-03-09T08:46:17","guid":{"rendered":"https:\/\/gaudiumetspes-blog.pl\/?p=24708"},"modified":"2026-03-09T09:46:17","modified_gmt":"2026-03-09T08:46:17","slug":"prorocka-pewnosc-siebie","status":"publish","type":"post","link":"https:\/\/gaudiumetspes-blog.pl\/index.php\/2026\/03\/09\/prorocka-pewnosc-siebie\/","title":{"rendered":"Prorocka pewno\u015b\u0107 siebie!"},"content":{"rendered":"<p align=\"justify\"><span style=\"color: #000000;\"><span style=\"font-family: Book Antiqua, serif;\"><span style=\"font-size: large;\">Szcz\u0119\u015b\u0107 Bo\u017ce! Drodzy moi, w dniu dzisiejszym <b>pierwsz\u0105 rocznic\u0119 Chrztu \u015awi\u0119tego prze\u017cywa Alicja Nied\u017awiedzka, moja najm\u0142odsza Siostrzenica. Niech Pan Jej b\u0142ogos\u0142awi, by \u0142aski, w Sakramencie tym otrzymane, rozwija ka\u017cdego dnia, nawi\u0105zuj\u0105c coraz bardziej intensywn\u0105 wi\u0119\u017a z Jezusem. O to b\u0119d\u0119 si\u0119 dla Niej modli\u0142.<\/b><\/span><\/span><\/span><\/p>\n<p align=\"justify\"><span style=\"color: #000000;\"><span style=\"font-family: Book Antiqua, serif;\"><span style=\"font-size: large;\">A ja dzisiaj pozdrawiam Was z Siedlec, gdzie \u2013 jak co poniedzia\u0142ek \u2013 rozwioz\u0119 Og\u0142oszenia Duszpasterstwa Akademickiego. Potem za\u015b przeje\u017cd\u017cam do Lublina, gdzie planuj\u0119 Msz\u0119 \u015awi\u0119t\u0105 w \u201emojej\u201d Parafii \u015awi\u0119tego Jana Kantego. Je\u017celi kto\u015b chce si\u0119 ze mn\u0105 \u0142\u0105czy\u0107, to zapraszam:<\/span><\/span><\/span><\/p>\n<p align=\"justify\"><span style=\"color: #000000;\"><span style=\"font-family: Book Antiqua, serif;\"><span style=\"font-size: medium;\"><span style=\"font-size: large;\"><b><a href=\"https:\/\/www.youtube.com\/c\/Parafia%C5%9BwJanaKantegowLublinie\/streams\">https:\/\/www.youtube.com\/c\/Parafia%C5%9BwJanaKantegowLublinie\/streams<\/a> <\/b><\/span><\/span><\/span><\/span><\/p>\n<p align=\"justify\"><span style=\"color: #000000;\"><span style=\"font-family: Book Antiqua, serif;\"><span style=\"font-size: large;\">Potem ju\u017c zostaj\u0119 na noc w Lublinie. <\/span><\/span><\/span><\/p>\n<p align=\"justify\"><span style=\"color: #000000;\"><span style=\"font-family: Book Antiqua, serif;\"><span style=\"font-size: large;\"><b>A dzi\u0119kuj\u0119 raz jeszcze Panu naszemu i Matce Bo\u017cej Kode\u0144skiej<\/b> za wspania\u0142e Rekolekcje FORMACJI \u00abSPE SALVI\u00bb. Dzi\u0119kuj\u0119 <b>Uczestnikom \u2013 Cz\u0142onkom FORMACJI, moim duchowym Synom <\/b>\u2013 za cudown\u0105 atmosfer\u0119 i pi\u0119kne \u015bwiadectwo wiary, dane chocia\u017cby kode\u0144skim Pielgrzymom, jak te\u017c samym Ojcom Oblatom. <\/span><\/span><\/span><\/p>\n<p align=\"justify\"><span style=\"color: #000000;\"><span style=\"font-family: Book Antiqua, serif;\"><span style=\"font-size: large;\">Je\u017celi za\u015b o nich mowa, to bardzo <b>dzi\u0119kuj\u0119 <\/b><b>Rzecznikowi kode\u0144skiego Sanktuarium, <\/b><b>Ojcu Mariuszowi Boskowi,<\/b><b> <\/b>kt\u00f3ry po\u015bwi\u0119ci\u0142 sw\u00f3j naprawd\u0119 cenny czas, przepe\u0142niony rozlicznymi obowi\u0105zkami, by spotka\u0107 si\u0119 z nami a\u017c dwa razy \u2013 w sobot\u0119 i w niedziel\u0119 \u2013 i nie spieszy\u0107 si\u0119, spogl\u0105daj\u0105c na zegarek, ale porozmawia\u0107 z m\u0142odymi Lud\u017ami o wielu sprawach wa\u017cnych i \u017cyciowych. Jestem przekonany, \u017ce to by\u0142 bardzo wa\u017cny element i warto\u015b\u0107 tych Rekolekcji. Ogromne dzi\u0119ki, Ojcze Mariuszu!<\/span><\/span><\/span><\/p>\n<p align=\"justify\"><span style=\"color: #000000;\"><span style=\"font-family: Book Antiqua, serif;\"><span style=\"font-size: large;\">Teraz natomiast zapraszam zatem do pochylenia si\u0119 nad dzisiejszym Bo\u017cym s\u0142owem. Oto s\u0142\u00f3wko Ksi\u0119dza Marka na dzi\u015b:<\/span><\/span><\/span><\/p>\n<p align=\"justify\"><span style=\"color: #000000;\"><span style=\"font-family: Book Antiqua, serif;\"><span style=\"font-size: medium;\"><a href=\"https:\/\/www.youtube.com\/c\/CatholicSurgut\"><span style=\"font-size: large;\"><b>https:\/\/www.youtube.com\/c\/CatholicSurgut<\/b><\/span><\/a><\/span><\/span><\/span><\/p>\n<p align=\"justify\"><span style=\"color: #000000;\"><span style=\"font-family: Book Antiqua, serif;\"><span style=\"font-size: large;\">Zatem, <b>co dzi\u015b m\u00f3wi do mnie Pan?<\/b> Duchu \u015awi\u0119ty, przyjd\u017a z pomoc\u0105!<\/span><\/span><\/span><\/p>\n<p align=\"justify\"><span style=\"color: #000000;\"><span style=\"font-family: Book Antiqua, serif;\"><span style=\"font-size: large;\"><b>Niech Was<\/b> <b>b\u0142ogos\u0142awi Was B\u00f3g Wszechmog\u0105cy: Ojciec + i Syn, i Duch \u015awi\u0119ty. Amen<\/b><\/span><\/span><\/span><\/p>\n<p align=\"center\"><span style=\"color: #000000;\"><span style=\"font-family: Book Antiqua, serif;\"><span style=\"font-size: large;\">Gaudium et spes! Ks. Jacek<\/span><\/span><\/span><\/p>\n<p align=\"center\">\n<p align=\"center\">\n<p align=\"center\">\n<p align=\"center\">\n<p align=\"center\">\n<p align=\"justify\"><span style=\"color: #000000;\"><span style=\"font-family: Book Antiqua, serif;\"><span style=\"font-size: large;\"><b>Poniedzia\u0142ek 3 Tygodnia Wielkiego Postu,<\/b><\/span><\/span><\/span><\/p>\n<p align=\"justify\"><span style=\"color: #000000;\"><span style=\"font-family: Book Antiqua, serif;\"><span style=\"font-size: large;\"><b>9 marca 2026.,\u00a0<\/b><\/span><\/span><\/span><\/p>\n<p align=\"justify\"><span style=\"color: #000000;\"><span style=\"font-family: Book Antiqua, serif;\"><span style=\"font-size: large;\"><b>do czyta\u0144: 2 Krl 5,1\u201315a; \u0141k 4,24\u201330<\/b><\/span><\/span><\/span><\/p>\n<p align=\"justify\">\n<p align=\"justify\">\n<p align=\"justify\">\n<p align=\"justify\">\n<p align=\"justify\">\n<p align=\"justify\"><span style=\"color: #000000;\"><span style=\"font-family: Book Antiqua, serif;\"><span style=\"font-size: large;\"><b>CZYTANIE Z DRUGIEJ KSI\u0118GI KR\u00d3LEWSKIEJ: <\/b><\/span><\/span><\/span><\/p>\n<p align=\"justify\"><span style=\"color: #000000;\"><span style=\"font-family: Book Antiqua, serif;\"><span style=\"font-size: large;\"><b>Naaman, w\u00f3dz wojska kr\u00f3la syryjskiego, mia\u0142 wielkie znaczenie u swego pana i doznawa\u0142 wzgl\u0119d\u00f3w, poniewa\u017c przez niego Pan spowodowa\u0142 ocalenie Syryjczyk\u00f3w. Lecz ten cz\u0142owiek, dzielny wojownik, by\u0142 tr\u0119dowaty. <\/b><\/span><\/span><\/span><\/p>\n<p align=\"justify\"><span style=\"color: #000000;\"><span style=\"font-family: Book Antiqua, serif;\"><span style=\"font-size: large;\"><b>Kiedy\u015b podczas napadu gromady Syryjczyk\u00f3w zabra\u0142y z ziemi Izraela m\u0142od\u0105 dziewczyn\u0119, kt\u00f3r\u0105 przeznaczono do us\u0142ug \u017conie Naamana. Ona rzek\u0142a do swojej pani: \u201eO, gdyby pan m\u00f3j uda\u0142 si\u0119 do proroka, kt\u00f3ry jest w Samarii! Ten by go wtedy uwolni\u0142 od tr\u0105du\u201d. <\/b><\/span><\/span><\/span><\/p>\n<p align=\"justify\"><span style=\"color: #000000;\"><span style=\"font-family: Book Antiqua, serif;\"><span style=\"font-size: large;\"><b>Naaman wi\u0119c poszed\u0142 oznajmi\u0107 to swojemu panu, powtarzaj\u0105c s\u0142owa dziewczyny, kt\u00f3ra pochodzi\u0142a z kraju Izraela. <\/b><\/span><\/span><\/span><\/p>\n<p align=\"justify\"><span style=\"color: #000000;\"><span style=\"font-family: Book Antiqua, serif;\"><span style=\"font-size: large;\"><b>A kr\u00f3l syryjski odpowiedzia\u0142: \u201eWyruszaj! A ja po\u015bl\u0119 list do kr\u00f3la izraelskiego\u201d. <\/b><\/span><\/span><\/span><\/p>\n<p align=\"justify\"><span style=\"color: #000000;\"><span style=\"font-family: Book Antiqua, serif;\"><span style=\"font-size: large;\"><b>Wyruszy\u0142 wi\u0119c, zabieraj\u0105c ze sob\u0105 dziesi\u0119\u0107 tysi\u0119cy talent\u00f3w srebra, sze\u015b\u0107 tysi\u0119cy sykl\u00f3w z\u0142ota i dziesi\u0119\u0107 ubra\u0144 zamiennych. I przed\u0142o\u017cy\u0142 kr\u00f3lowi izraelskiemu list o tre\u015bci nast\u0119puj\u0105cej: \u201eZ chwil\u0105, gdy dojdzie do ciebie ten list, wiedz, i\u017c posy\u0142am do ciebie Naamana, s\u0142ug\u0119 mego, aby\u015b go uwolni\u0142 od tr\u0105du\u201d. <\/b><\/span><\/span><\/span><\/p>\n<p align=\"justify\"><span style=\"color: #000000;\"><span style=\"font-family: Book Antiqua, serif;\"><span style=\"font-size: large;\"><b>Kiedy przeczytano list kr\u00f3lowi izraelskiemu, rozdar\u0142 swoje szaty i powiedzia\u0142: \u201eCzy ja jestem Bogiem, \u017cebym m\u00f3g\u0142 u\u015bmierca\u0107 i o\u017cywia\u0107? Bo ten poleca mi uwolni\u0107 cz\u0142owieka od tr\u0105du! Tylko dobrze zastan\u00f3wcie si\u0119 i rozwa\u017ccie, czy on nie szuka zaczepki ze mn\u0105!\u201d <\/b><\/span><\/span><\/span><\/p>\n<p align=\"justify\"><span style=\"color: #000000;\"><span style=\"font-family: Book Antiqua, serif;\"><span style=\"font-size: large;\"><b>Lecz kiedy Elizeusz, m\u0105\u017c Bo\u017cy, dowiedzia\u0142 si\u0119, i\u017c kr\u00f3l izraelski rozdar\u0142 swoje szaty, poleci\u0142 powiedzie\u0107 kr\u00f3lowi: \u201eCzemu rozdar\u0142e\u015b szaty? Niech\u017ce on przyjdzie do mnie, a dowie si\u0119, \u017ce jest prorok w Izraelu\u201d. <\/b><\/span><\/span><\/span><\/p>\n<p align=\"justify\"><span style=\"color: #000000;\"><span style=\"font-family: Book Antiqua, serif;\"><span style=\"font-size: large;\"><b>Przyjecha\u0142 wi\u0119c Naaman swymi ko\u0144mi, powozem, i stan\u0105\u0142 przed drzwiami domu Elizeusza. Elizeusz za\u015b kaza\u0142 mu przez pos\u0142a\u0144ca powiedzie\u0107: \u201eId\u017a, obmyj si\u0119 siedem razy w Jordanie, a cia\u0142o twoje b\u0119dzie takie jak poprzednio i staniesz si\u0119 czysty!\u201d <\/b><\/span><\/span><\/span><\/p>\n<p align=\"justify\"><span style=\"color: #000000;\"><span style=\"font-family: Book Antiqua, serif;\"><span style=\"font-size: large;\"><b>Rozgniewany Naaman odszed\u0142, m\u00f3wi\u0105c: \u201ePrzecie\u017c my\u015bla\u0142em sobie: Na pewno wyjdzie, stanie, nast\u0119pnie wezwie imienia Boga swego, Pana, poruszy r\u0119k\u0105 nad miejscem chorym i odejmie tr\u0105d. Czy\u017c Abana i Parpar, rzeki Damaszku, nie s\u0105 lepsze od wszystkich w\u00f3d Izraela? Czy\u017c nie mog\u0142em si\u0119 w nich wyk\u0105pa\u0107 i by\u0107 oczyszczony?\u201d <\/b><\/span><\/span><\/span><\/p>\n<p align=\"justify\"><span style=\"color: #000000;\"><span style=\"font-family: Book Antiqua, serif;\"><span style=\"font-size: large;\"><b>Pe\u0142en gniewu zawr\u00f3ci\u0142, by odej\u015b\u0107. Lecz s\u0142udzy jego przybli\u017cyli si\u0119 i przem\u00f3wili do niego tymi s\u0142owami: \u201eM\u00f3j ojcze, gdyby prorok kaza\u0142 ci spe\u0142ni\u0107 co\u015b trudnego, czy by\u015b nie wykona\u0142? O ile\u017c wi\u0119c bardziej, je\u015bli ci powiedzia\u0142: \u00abObmyj si\u0119, a b\u0119dziesz czysty\u00bb\u201d. <\/b><\/span><\/span><\/span><\/p>\n<p align=\"justify\"><span style=\"color: #000000;\"><span style=\"font-family: Book Antiqua, serif;\"><span style=\"font-size: large;\"><b>Odszed\u0142 wi\u0119c Naaman i zanurzy\u0142 si\u0119 siedem razy w Jordanie wed\u0142ug s\u0142owa m\u0119\u017ca Bo\u017cego, a cia\u0142o jego na powr\u00f3t sta\u0142o si\u0119 jak cia\u0142o ma\u0142ego dziecka i zosta\u0142 oczyszczony. <\/b><\/span><\/span><\/span><\/p>\n<p align=\"justify\"><span style=\"color: #000000;\"><span style=\"font-family: Book Antiqua, serif;\"><span style=\"font-size: large;\"><b>Wtedy wr\u00f3ci\u0142 do m\u0119\u017ca Bo\u017cego z ca\u0142ym orszakiem, wszed\u0142 i stan\u0105\u0142 przed nim, m\u00f3wi\u0105c: \u201eOto przekona\u0142em si\u0119, \u017ce na ca\u0142ej ziemi nie ma Boga poza Izraelem\u201d.<\/b><\/span><\/span><\/span><\/p>\n<p align=\"justify\">\n<p align=\"justify\">\n<p align=\"justify\">\n<p align=\"justify\">\n<p align=\"justify\">\n<p align=\"justify\"><span style=\"color: #000000;\"><span style=\"font-family: Book Antiqua, serif;\"><span style=\"font-size: large;\"><b>S\u0141OWA EWANGELII WED\u0141UG \u015aWI\u0118TEGO \u0141UKASZA:<\/b><\/span><\/span><\/span><\/p>\n<p align=\"justify\"><span style=\"color: #000000;\"><span style=\"font-family: Book Antiqua, serif;\"><span style=\"font-size: large;\"><b>Kiedy Jezus przyszed\u0142 do Nazaretu, przem\u00f3wi\u0142 do ludu w synagodze: \u201eZaprawd\u0119 powiadam wam: \u017baden prorok nie jest mile widziany w swojej ojczy\u017anie. <\/b><\/span><\/span><\/span><\/p>\n<p align=\"justify\"><span style=\"color: #000000;\"><span style=\"font-family: Book Antiqua, serif;\"><span style=\"font-size: large;\"><b>Naprawd\u0119 m\u00f3wi\u0119 wam: Wiele wd\u00f3w by\u0142o w Izraelu za czas\u00f3w Eliasza, kiedy niebo pozostawa\u0142o zamkni\u0119te przez trzy lata i sze\u015b\u0107 miesi\u0119cy, tak \u017ce wielki g\u0142\u00f3d panowa\u0142 w ca\u0142ym kraju; a Eliasz do \u017cadnej z nich nie zosta\u0142 pos\u0142any, tylko do owej wdowy w Sarepcie Sydo\u0144skiej. <\/b><\/span><\/span><\/span><\/p>\n<p align=\"justify\"><span style=\"color: #000000;\"><span style=\"font-family: Book Antiqua, serif;\"><span style=\"font-size: large;\"><b>I wielu tr\u0119dowatych by\u0142o w Izraelu za proroka Elizeusza, a \u017caden z nich nie zosta\u0142 oczyszczony, tylko Syryjczyk Naaman\u201d. <\/b><\/span><\/span><\/span><\/p>\n<p align=\"justify\"><span style=\"color: #000000;\"><span style=\"font-family: Book Antiqua, serif;\"><span style=\"font-size: large;\"><b>Na te s\u0142owa wszyscy w synagodze unie\u015bli si\u0119 gniewem. Porwali Go z miejsca, wyrzucili Go z miasta i wyprowadzili a\u017c na stok g\u00f3ry, na kt\u00f3rej ich miasto by\u0142o zbudowane, aby Go str\u0105ci\u0107. On jednak przeszed\u0142szy po\u015br\u00f3d nich oddali\u0142 si\u0119.<\/b><\/span><\/span><\/span><\/p>\n<p align=\"justify\">\n<p align=\"justify\">\n<p align=\"justify\">\n<p align=\"justify\">\n<p align=\"justify\">\n<p align=\"justify\"><span style=\"color: #000000;\"><span style=\"font-family: Book Antiqua, serif;\"><span style=\"font-size: large;\">Historia, opowiedziana nam dzisiaj, w pierwszym czytaniu \u2013 z Drugiej Ksi\u0119gi Kr\u00f3lewskiej \u2013 prowadzi oczywi\u015bcie <b>do tego szcz\u0119\u015bliwego fina\u0142u,<\/b> jakim jest wypowiedziane z przekonaniem zdanie wodza wojsk syryjskich, a wi\u0119c tak naprawd\u0119 nieprzyjacielskich wobec narodu wybranego: <i><b>Oto przekona\u0142em si\u0119, \u017ce na ca\u0142ej ziemi nie ma Boga poza Izraelem. <\/b><\/i>Skoro ten dumny w\u00f3dz tak m\u00f3wi, to znaczy, \u017ce <b>dokona\u0142o si\u0119 co\u015b niezwyk\u0142ego<\/b> i bardzo wa\u017cnego! A co si\u0119 dokona\u0142o?<\/span><\/span><\/span><\/p>\n<p align=\"justify\"><span style=\"color: #000000;\"><span style=\"font-family: Book Antiqua, serif;\"><span style=\"font-size: large;\">O tym w\u0142a\u015bnie opowiada Autor natchniony, rysuj\u0105c przed naszymi oczyma <b>bardzo ciekaw\u0105, wr\u0119cz intryguj\u0105c\u0105 histori\u0119, <\/b>kt\u00f3rej ka\u017cdy kolejny etap zas\u0142uguje na nasz\u0105 uwag\u0119. <\/span><\/span><\/span><\/p>\n<p align=\"justify\"><span style=\"color: #000000;\"><span style=\"font-family: Book Antiqua, serif;\"><span style=\"font-size: large;\">Oto na samym pocz\u0105tku dowiadujemy si\u0119, \u017ce <b>wysoko postawiony <\/b>w strukturach pa\u0144stwa syryjskiego dow\u00f3dca wojskowy <b>zachorowa\u0142 na tr\u0105d.<\/b> W tamtym czasie taka diagnoza oznacza\u0142a praktycznie wyrok \u015bmierci. I c\u00f3\u017c z wysokiej pozycji, c\u00f3\u017c z wielkiego znaczenia w oczach swego kr\u00f3la, <b>kiedy \u015bmier\u0107 zagl\u0105da w oczy?<\/b> <\/span><\/span><\/span><\/p>\n<p align=\"justify\"><span style=\"color: #000000;\"><span style=\"font-family: Book Antiqua, serif;\"><span style=\"font-size: large;\">Ale nagle okaza\u0142o si\u0119, \u017ce z tej dramatycznej sytuacji jest jakie\u015b wyj\u015bcie! Przynajmniej \u2013 hipotetyczne. Tak o tym dzisiaj m\u00f3wi nam tekst biblijny: <i><b>Kiedy\u015b podczas napadu gromady Syryjczyk\u00f3w zabra\u0142y z ziemi Izraela m\u0142od\u0105 dziewczyn\u0119, kt\u00f3r\u0105 przeznaczono do us\u0142ug \u017conie Naamana. Ona rzek\u0142a do swojej pani: \u201eO, gdyby pan m\u00f3j uda\u0142 si\u0119 do proroka, kt\u00f3ry jest w Samarii! Ten by go wtedy uwolni\u0142 od tr\u0105du\u201d. Naaman wi\u0119c poszed\u0142 oznajmi\u0107 to swojemu panu, powtarzaj\u0105c s\u0142owa dziewczyny, kt\u00f3ra pochodzi\u0142a z kraju Izraela. <\/b><\/i><\/span><\/span><\/span><\/p>\n<p align=\"justify\"><span style=\"color: #000000;\"><span style=\"font-family: Book Antiqua, serif;\"><span style=\"font-size: large;\">Troch\u0119 pewnie na zasadzie, \u017ce<b> ton\u0105cy brzytwy si\u0119 chwyta.<\/b> Bo przecie\u017c z pomys\u0142em tym wysz\u0142a dziewczyna z podbitego kraju. Czy wi\u0119c nie mo\u017cna by\u0142o mie\u0107 obawy, \u017ce <b>chce swego pana w co\u015b <\/b>\u2013 m\u00f3wi\u0105c kolokwialnie \u2013 <b>wrobi\u0107?<\/b> A chocia\u017cby w ten spos\u00f3b, \u017ce podpowie mu podr\u00f3\u017c do swego kraju, <b>a tam ju\u017c na niego zaczekaj\u0105 <\/b>odpowiednio przygotowani wojownicy, kt\u00f3rzy napadn\u0105 na niego, wykorzystuj\u0105c fakt jego os\u0142abienia\u2026<\/span><\/span><\/span><\/p>\n<p align=\"justify\"><span style=\"color: #000000;\"><span style=\"font-family: Book Antiqua, serif;\"><span style=\"font-size: large;\">Naaman jednak <b>postanowi\u0142 zaufa\u0107 prostej dziewczynie<\/b> \u2013 by\u0107 mo\u017ce dlatego, \u017ce nie mia\u0142 w tym momencie<b> innego, lepszego rozwi\u0105zania, <\/b>a mo\u017ce dlatego, \u017ce <b>zdoby\u0142a ona jego zaufanie,<\/b> pe\u0142ni\u0105c s\u0142u\u017cb\u0119 w jego domu \u2013 i wybra\u0142 si\u0119 do s\u0105siedniego kraju. Tutaj jednak zasz\u0142y wypadki, kt\u00f3re mo\u017cna potraktowa\u0107 <b>jako zwyk\u0142e nieporozumienie, <\/b>ale kt\u00f3re omal nie doprowadzi\u0142y do konfliktu zbrojnego. Chocia\u017c ca\u0142a sytuacja wygl\u0105da\u0142a na wr\u0119cz humorystyczn\u0105, oto bowiem <i><b>Naaman wi\u0119c poszed\u0142 oznajmi\u0107 to swojemu panu, powtarzaj\u0105c s\u0142owa dziewczyny, kt\u00f3ra pochodzi\u0142a z kraju Izraela. <\/b><\/i><i><b>A kr\u00f3l syryjski odpowiedzia\u0142: \u201eWyruszaj! A ja po\u015bl\u0119 list do kr\u00f3la izraelskiego\u201d. <\/b><\/i><i><b>Wyruszy\u0142 wi\u0119c, zabieraj\u0105c ze sob\u0105 dziesi\u0119\u0107 tysi\u0119cy talent\u00f3w srebra, sze\u015b\u0107 tysi\u0119cy sykl\u00f3w z\u0142ota i dziesi\u0119\u0107 ubra\u0144 zamiennych. I przed\u0142o\u017cy\u0142 kr\u00f3lowi izraelskiemu list o tre\u015bci nast\u0119puj\u0105cej: \u201eZ chwil\u0105, gdy dojdzie do ciebie ten list, wiedz, i\u017c posy\u0142am do ciebie Naamana, s\u0142ug\u0119 mego, aby\u015b go uwolni\u0142 od tr\u0105du\u201d.<\/b><\/i><i> <\/i><\/span><\/span><\/span><\/p>\n<p align=\"justify\"><span style=\"color: #000000;\"><span style=\"font-family: Book Antiqua, serif;\"><span style=\"font-size: large;\">Kr\u00f3l syryjski z pewno\u015bci\u0105 <b>chcia\u0142 dobrze <\/b>\u2013 chcia\u0142 pom\u00f3c swojemu oddanemu s\u0142udze i dow\u00f3dcy swoich wojsk. Chcia\u0142 naprawd\u0119 dobrze, tylko tak wysz\u0142o niefortunnie, \u017ce kr\u00f3l izraelski odebra\u0142 list do niego<b> jako zaczepk\u0119. <\/b>Bo totalnie nie zrozumia\u0142, o co chodzi! Zreszt\u0105, <b>trudno zrozumie\u0107 inaczej<\/b> komunikat o tre\u015bci: \u00abUdr\u00f3w mojego s\u0142ug\u0119 z tr\u0105du\u00bb. <\/span><\/span><\/span><\/p>\n<p align=\"justify\"><span style=\"color: #000000;\"><span style=\"font-family: Book Antiqua, serif;\"><span style=\"font-size: large;\">St\u0105d nie mo\u017cemy si\u0119 chyba dziwi\u0107 takim oto rozwojem wypadk\u00f3w: <i><b>Kiedy przeczytano list kr\u00f3lowi izraelskiemu, rozdar\u0142 swoje szaty i powiedzia\u0142: \u201eCzy ja jestem Bogiem, \u017cebym m\u00f3g\u0142 u\u015bmierca\u0107 i o\u017cywia\u0107? Bo ten poleca mi uwolni\u0107 cz\u0142owieka od tr\u0105du! Tylko dobrze zastan\u00f3wcie si\u0119 i rozwa\u017ccie, czy on nie szuka zaczepki ze mn\u0105!\u201d<\/b><\/i><b> <\/b>Doprawdy, trudno nie u\u015bmiechn\u0105\u0107 si\u0119, s\u0142ysz\u0105c ten opis\u2026 Chocia\u017c w tamtym momencie nikomu do \u015bmiechu nie by\u0142o.<\/span><\/span><\/span><\/p>\n<p align=\"justify\"><span style=\"color: #000000;\"><span style=\"font-family: Book Antiqua, serif;\"><span style=\"font-size: large;\">Na szcz\u0119\u015bcie, sytuacja zosta\u0142a szybko wyja\u015bniona, a rozwi\u0105zanie przysz\u0142o z najmniej spodziewanej chyba strony. Bo oto <b>k<\/b><i><b>iedy Elizeusz, m\u0105\u017c Bo\u017cy, dowiedzia\u0142 si\u0119, i\u017c kr\u00f3l izraelski rozdar\u0142 swoje szaty, poleci\u0142 powiedzie\u0107 kr\u00f3lowi: \u201eCzemu rozdar\u0142e\u015b szaty? Niech\u017ce on przyjdzie do mnie, a dowie si\u0119, \u017ce jest prorok w Izraelu\u201d. <\/b><\/i><\/span><\/span><\/span><\/p>\n<p align=\"justify\"><span style=\"color: #000000;\"><span style=\"font-family: Book Antiqua, serif;\"><span style=\"font-size: large;\">I tutaj warto zwr\u00f3ci\u0107 uwag\u0119 na <b>pewno\u015b\u0107 w zachowaniu Proroka,<\/b> kt\u00f3ry tak po prostu zwraca si\u0119 do kr\u00f3la swego narodu z pytaniem,<b> czemu robi problem,<\/b> skoro sprawa nie dotyczy jego, jako kr\u00f3la, <b>tylko w\u0142a\u015bnie Proroka,<\/b> do kt\u00f3rego powinien \u201einteresanta\u201d odes\u0142a\u0107. A kiedy i to si\u0119 dokona\u0142o, w\u00f3wczas Prorok <b>okaza\u0142 tak\u0105 sam\u0105 pewno\u015b\u0107 siebie <\/b>i pewno\u015b\u0107 swojej pozycji, reaguj\u0105c na przybycie Naamana w bardzo specyficzny spos\u00f3b. Bo <b>nawet nie wyszed\u0142 do niego, <\/b>tylko kaza\u0142 wielkiemu wojskowemu dow\u00f3dcy sta\u0107 przed drzwiami <b>i przez pos\u0142a\u0144ca oznajmi\u0142 mu bezceremonialnie,<\/b> co ma zrobi\u0107, je\u015bli chce by\u0107 zdrowy. A to, co ma zrobi\u0107, to c<b>zynno\u015b\u0107 tak prosta, <\/b><b>tak banalna, <\/b><b>\u017ce a\u017c niewiarygodna<\/b> \u2013 wr\u0119cz ur\u0105gaj\u0105ca czci tak wielkiego wojownika. <\/span><\/span><\/span><\/p>\n<p align=\"justify\"><span style=\"color: #000000;\"><span style=\"font-family: Book Antiqua, serif;\"><span style=\"font-size: large;\">Jednak Prorok w og\u00f3le na to nie zwa\u017ca\u0142, tylko przekaza\u0142 to, co mia\u0142 do przekazania, <b>a reszt\u0105 si\u0119 ju\u017c nie interesowa\u0142.<\/b> Przynajmniej, nie s\u0142yszymy nic takiego, \u017ce si\u0119 specjalnie przejmowa\u0142 tym, co b\u0119dzie dalej. Zreszt\u0105, dalsze wydarzenia, opisane w samej Ksi\u0119dze, a nie uj\u0119te w czytaniu,<b> potwierdzaj\u0105 to nastawienie Proroka,<\/b> kt\u00f3re mi osobi\u015bcie bardzo imponuje: to by\u0142 <b>cz\u0142owiek pewny siebie,<\/b> a w\u0142a\u015bciwie nie tyle pewny siebie \u2013<b> co pewny Boga, <\/b>kt\u00f3remu s\u0142u\u017cy\u0142. <\/span><\/span><\/span><\/p>\n<p align=\"justify\"><span style=\"color: #000000;\"><span style=\"font-family: Book Antiqua, serif;\"><span style=\"font-size: large;\">On wiedzia\u0142, \u017ce przede wszystkim <b>jest Bo\u017cym s\u0142ug\u0105, Bo\u017cym<\/b> \u2013 by si\u0119 tak wyrazi\u0107 \u2013 <b>przedstawicielem na \u015bwiat, <\/b>wi\u0119c naprawd\u0119 ani kr\u00f3l jego narodu, ani dow\u00f3dca obcej armii, ani ktokolwiek inny, kto stan\u0105\u0142by przed drzwiami jego domu, <b>nie zrobi\u0142by na nim takiego wra\u017cenia,<\/b> \u017ceby mu zamkn\u0105\u0107 usta, albo go jakkolwiek przestraszy\u0107. Nic z tych rzeczy!<\/span><\/span><\/span><\/p>\n<p align=\"justify\"><span style=\"color: #000000;\"> <span style=\"font-family: Book Antiqua, serif;\"><span style=\"font-size: large;\">Prorok mia\u0142 \u015bwiadomo\u015b\u0107, \u017ce <\/span><\/span><b>stoi na bardzo stabilnym gruncie <\/b>\u2013 mo\u017ce jako jedyny ze wszystkich bohater\u00f3w opisanej historii. I dlatego wypowiada\u0142 si\u0119, reagowa\u0142 i dzia\u0142a\u0142 <b>z tak\u0105 pewno\u015bci\u0105, zupe\u0142nie nie przejmuj\u0105c si\u0119<\/b> tym, czy to si\u0119 komu\u015b podoba, czy nie. Osobi\u015bcie, bardzo chcia\u0142bym zawsze <b>tak w\u0142a\u015bnie spe\u0142nia\u0107 swoj\u0105 kap\u0142a\u0144sk\u0105 pos\u0142ug\u0119 \u2013<\/b> dok\u0142adnie z tak\u0105 pewno\u015bci\u0105 nie tyle siebie,<b> co Pana, kt\u00f3remu s\u0142u\u017c\u0119. <\/b>\u017beby mi <b>nie zale\u017ca\u0142o na niczyjej opinii<\/b> tak, jak na opinii samego Jezusa. I je\u017celi te opinie si\u0119 rozmijaj\u0105, to \u017ceby ludzka opinia <b>nie mia\u0142a dla mnie \u017cadnego znaczenia.<\/b> <\/span><\/p>\n<p align=\"justify\"><span style=\"color: #000000;\"><span style=\"font-family: Book Antiqua, serif;\"><span style=\"font-size: large;\">I \u017cebym zawsze potrafi\u0142 tak, jak Prorok Elizeusz, <b>patrze\u0107 w oczy ca\u0142emu \u015bwiatu<\/b> i nie ba\u0107 si\u0119 wypowiedzie\u0107 tego, co powiedzie\u0107 powinienem. Bo tylko taka postawa <b>mo\u017ce innych przekona\u0107 do Boga, <\/b>kt\u00f3ry jest wi\u0119kszy od kogokolwiek z ludzi \u2013 nawet najwy\u017cej postawionego \u2013 i kt\u00f3ry <b>zawsze bierze stron\u0119<\/b> tego, kto Mu bezgranicznie ufa, kto z Nim nawi\u0105zuj\u0119 osobist\u0105 wi\u0119\u017a i kto wchodzi z Nim w pe\u0142n\u0105 wsp\u00f3\u0142prac\u0119. Kto po prosu<b> uwierzy w Niego,<\/b> otwieraj\u0105c przed Nim swe serce i otwieraj\u0105c na Niego sw\u00f3j umys\u0142.<\/span><\/span><\/span><\/p>\n<p align=\"justify\"><span style=\"color: #000000;\"><span style=\"font-family: Book Antiqua, serif;\"><span style=\"font-size: large;\">Dok\u0142adnie tak, jak o tym powiedzia\u0142 dzisiaj Jezus w Ewangelii, odwo\u0142uj\u0105c si\u0119 wprost do omawianej tu historii z pierwszego czytania: <i><b>Naprawd\u0119 m\u00f3wi\u0119 wam: Wiele wd\u00f3w by\u0142o w Izraelu za czas\u00f3w Eliasza, kiedy niebo pozostawa\u0142o zamkni\u0119te przez trzy lata i sze\u015b\u0107 miesi\u0119cy, tak \u017ce wielki g\u0142\u00f3d panowa\u0142 w ca\u0142ym kraju; a Eliasz do \u017cadnej z nich nie zosta\u0142 pos\u0142any, tylko do owej wdowy w Sarepcie Sydo\u0144skiej. I wielu tr\u0119dowatych by\u0142o w Izraelu za proroka Elizeusza, a \u017caden z nich nie zosta\u0142 oczyszczony, tylko Syryjczyk Naaman.<\/b><\/i><\/span><\/span><\/span><\/p>\n<p align=\"justify\"><span style=\"color: #000000;\"><span style=\"font-family: Book Antiqua, serif;\"><span style=\"font-size: large;\">W\u0142a\u015bnie, pochodzenie z innego narodu<b> nie przeszkodzi\u0142o<\/b> tym wspomnianym tu osobom <b>w otrzymaniu \u0142aski Bo<\/b><b>\u017cej<\/b><b>,<\/b> kt\u00f3rej nie mogli otrzyma\u0107 \u2013 <b>z powodu swego braku wiary <\/b>\u2013 cz\u0142onkowie narodu wybranego. Bo chocia\u017c nar\u00f3d wybrany<b> by\u0142 rzeczywi\u015bcie przez Boga wybrany<\/b> i nie by\u0142o tu \u017cadnej pomy\u0142ki, ani \u017cadnego przej\u0119zyczenia, to jednak B\u00f3g w Starym Testamencie, a Jego Syn w Nowym \u2013 bardzo uwa\u017cnie przygl\u0105da\u0142 si\u0119 i \u017cywo reagowa\u0142 na to, <b>na ile dany cz\u0142owiek otwiera swoje serce <\/b>i na ile podejmuje wsp\u00f3\u0142prac\u0119. <\/span><\/span><\/span><\/p>\n<p align=\"justify\"><span style=\"color: #000000;\"><span style=\"font-family: Book Antiqua, serif;\"><span style=\"font-size: large;\">Prorok Elizeusz by\u0142 <b>bardzo mocno zwi\u0105zany z Bogiem, <\/b>dlatego m\u00f3g\u0142 sobie wr\u0119cz pozwoli\u0107 na to, by rzuca\u0107 wyzwanie nawet wielkim tego \u015bwiata, bo \u017cy\u0142 w g\u0142\u0119bokim przekonaniu, \u017ce s\u0142u\u017cy komu\u015b znacznie wi\u0119kszemu. Najwi\u0119kszemu! <\/span><\/span><\/span><\/p>\n<p align=\"justify\"><span style=\"color: #000000;\"><span style=\"font-family: Book Antiqua, serif;\"><span style=\"font-size: large;\">Nie m\u00f3wi\u0105c ju\u017c o samym Jezusie, kt\u00f3ry w momencie najwi\u0119kszego wzburzenia swoich rodak\u00f3w, do jakiego doprowadzi\u0142y Jego s\u0142owa \u2013 kiedy mia\u0142 ju\u017c zosta\u0107 str\u0105cony przez nich w przepa\u015b\u0107 \u2013 <b>przeszed\u0142szy po\u015br\u00f3d nich oddali\u0142 si\u0119. <\/b>Bo godzina Jego zbawczej Ofiary<b> jeszcze nie nadesz\u0142a. <\/b>Bo Jego plany zbawcze, uzgodnione z Ojcem, z kt\u00f3rym stanowi\u0142 nierozerwaln\u0105 jedno\u015b\u0107, by\u0142y inne. Dlatego przeszed\u0142 w\u015br\u00f3d rozw\u015bcieczonych swoich rodak\u00f3w <b>i po prostu si\u0119 oddali\u0142.<\/b> Bo by\u0142 tak pewny swojej wi\u0119zi z Bogiem, \u017ce nawet tak wielka w\u015bciek\u0142o\u015b\u0107 <b>nie zrobi\u0142a na Nim jakiego\u015b wi\u0119kszego wra\u017cenia. <\/b>A na pewno nie spowodowa\u0142a zmiany nastawienia i zmiany nauczania.<\/span><\/span><\/span><\/p>\n<p align=\"justify\"><span style=\"color: #000000;\"><span style=\"font-family: Book Antiqua, serif;\"><span style=\"font-size: large;\">Oby ka\u017cdemu i ka\u017cdej z nas uda\u0142o si\u0119 \u2013 oby\u015bmy w og\u00f3le tego chcieli i o to si\u0119 starali \u2013 <b>nawi\u0105za\u0107 tak\u0105 osobist\u0105 wi\u0119\u017a z Jezusem,<\/b> wej\u015b\u0107 w Nim w tak\u0105 osobist\u0105 relacj\u0119, tak bardzo szczerze si\u0119 z Nim osobi\u015bcie spotka\u0107, \u017ce ca\u0142y \u015bwiat wok\u00f3\u0142<b> <\/b><b>nie b\u0119dzie <\/b><b>si\u0119 dla nas liczy\u0142<\/b> i \u017cadne ludzkie opinie <b>nie <\/b><b>z<\/b><b>robi<\/b><b>\u0105<\/b><b> na nas wi\u0119kszego wra\u017cenia.<\/b> Albo nawet \u017cadnego. <\/span><\/span><\/span><\/p>\n<p align=\"justify\"><span style=\"color: #000000;\"><span style=\"font-family: Book Antiqua, serif;\"><span style=\"font-size: large;\">\u017beby\u015bmy tak, jak Elizeusz, <b>rzucali wyzwanie temu \u015bwiatu i wielkim tego \u015bwiata <\/b>\u2013 i tym mniejszym te\u017c, po prostu: wszystkim \u2013 wiedz\u0105c, <b>\u017ce Pan stoi za nami!<\/b> I nie chodzi tu \u2013 podkre\u015blmy to dla pewnego porz\u0105dku \u2013 <b>o pych\u0119,<\/b> o przekonanie o swojej w\u0142asnej pozycji, ale w\u0142a\u015bnie <b>o takie zaufanie do Jezusa, <\/b>kt\u00f3re pozwoli patrze\u0107 ludziom prosto w oczy, bez za\u017cenowania czy strachu, bo Pan jest moim Przyjacielem i Przewodnikiem, <b>a ja \u2013 Jego przedstawicielem na \u015bwiat.<\/b> Ja \u2013 ksi\u0105dz. Ale te\u017c po prostu: ja \u2013 cz\u0142owiek wierz\u0105cy.<\/span><\/span><\/span><\/p>\n","protected":false},"excerpt":{"rendered":"<p>Szcz\u0119\u015b\u0107 Bo\u017ce! Drodzy moi, w dniu dzisiejszym pierwsz\u0105 rocznic\u0119 Chrztu \u015awi\u0119tego prze\u017cywa Alicja Nied\u017awiedzka, moja najm\u0142odsza Siostrzenica. Niech Pan Jej b\u0142ogos\u0142awi, by \u0142aski, w Sakramencie tym otrzymane, rozwija ka\u017cdego dnia, nawi\u0105zuj\u0105c coraz bardziej intensywn\u0105 wi\u0119\u017a z Jezusem. O to b\u0119d\u0119 si\u0119 dla Niej modli\u0142. A ja dzisiaj pozdrawiam Was z Siedlec, gdzie \u2013 jak co [&hellip;]<\/p>\n","protected":false},"author":1,"featured_media":0,"comment_status":"open","ping_status":"open","sticky":false,"template":"","format":"standard","meta":{"jetpack_post_was_ever_published":false,"_jetpack_newsletter_access":"","_jetpack_dont_email_post_to_subs":false,"_jetpack_newsletter_tier_id":0,"_jetpack_memberships_contains_paywalled_content":false,"_jetpack_memberships_contains_paid_content":false,"footnotes":""},"categories":[1],"tags":[],"class_list":["post-24708","post","type-post","status-publish","format-standard","hentry","category-bez-kategorii"],"yoast_head":"<!-- This site is optimized with the Yoast SEO plugin v25.1 - https:\/\/yoast.com\/wordpress\/plugins\/seo\/ -->\n<title>Prorocka pewno\u015b\u0107 siebie! - Gaudium Et Spes<\/title>\n<meta name=\"robots\" content=\"index, follow, max-snippet:-1, max-image-preview:large, max-video-preview:-1\" \/>\n<link rel=\"canonical\" href=\"https:\/\/gaudiumetspes-blog.pl\/index.php\/2026\/03\/09\/prorocka-pewnosc-siebie\/\" \/>\n<meta property=\"og:locale\" content=\"pl_PL\" \/>\n<meta property=\"og:type\" content=\"article\" \/>\n<meta property=\"og:title\" content=\"Prorocka pewno\u015b\u0107 siebie! - Gaudium Et Spes\" \/>\n<meta property=\"og:description\" content=\"Szcz\u0119\u015b\u0107 Bo\u017ce! Drodzy moi, w dniu dzisiejszym pierwsz\u0105 rocznic\u0119 Chrztu \u015awi\u0119tego prze\u017cywa Alicja Nied\u017awiedzka, moja najm\u0142odsza Siostrzenica. Niech Pan Jej b\u0142ogos\u0142awi, by \u0142aski, w Sakramencie tym otrzymane, rozwija ka\u017cdego dnia, nawi\u0105zuj\u0105c coraz bardziej intensywn\u0105 wi\u0119\u017a z Jezusem. O to b\u0119d\u0119 si\u0119 dla Niej modli\u0142. A ja dzisiaj pozdrawiam Was z Siedlec, gdzie \u2013 jak co [&hellip;]\" \/>\n<meta property=\"og:url\" content=\"https:\/\/gaudiumetspes-blog.pl\/index.php\/2026\/03\/09\/prorocka-pewnosc-siebie\/\" \/>\n<meta property=\"og:site_name\" content=\"Gaudium Et Spes\" \/>\n<meta property=\"article:published_time\" content=\"2026-03-09T08:46:17+00:00\" \/>\n<meta name=\"author\" content=\"Ks. Jacek\" \/>\n<meta name=\"twitter:card\" content=\"summary_large_image\" \/>\n<meta name=\"twitter:label1\" content=\"Napisane przez\" \/>\n\t<meta name=\"twitter:data1\" content=\"Ks. Jacek\" \/>\n\t<meta name=\"twitter:label2\" content=\"Szacowany czas czytania\" \/>\n\t<meta name=\"twitter:data2\" content=\"14 minut\" \/>\n<script type=\"application\/ld+json\" class=\"yoast-schema-graph\">{\"@context\":\"https:\/\/schema.org\",\"@graph\":[{\"@type\":\"WebPage\",\"@id\":\"https:\/\/gaudiumetspes-blog.pl\/index.php\/2026\/03\/09\/prorocka-pewnosc-siebie\/\",\"url\":\"https:\/\/gaudiumetspes-blog.pl\/index.php\/2026\/03\/09\/prorocka-pewnosc-siebie\/\",\"name\":\"Prorocka pewno\u015b\u0107 siebie! - Gaudium Et Spes\",\"isPartOf\":{\"@id\":\"https:\/\/gaudiumetspes-blog.pl\/#website\"},\"datePublished\":\"2026-03-09T08:46:17+00:00\",\"author\":{\"@id\":\"https:\/\/gaudiumetspes-blog.pl\/#\/schema\/person\/1661982992b752dea8dff0d4ed845a65\"},\"breadcrumb\":{\"@id\":\"https:\/\/gaudiumetspes-blog.pl\/index.php\/2026\/03\/09\/prorocka-pewnosc-siebie\/#breadcrumb\"},\"inLanguage\":\"pl-PL\",\"potentialAction\":[{\"@type\":\"ReadAction\",\"target\":[\"https:\/\/gaudiumetspes-blog.pl\/index.php\/2026\/03\/09\/prorocka-pewnosc-siebie\/\"]}]},{\"@type\":\"BreadcrumbList\",\"@id\":\"https:\/\/gaudiumetspes-blog.pl\/index.php\/2026\/03\/09\/prorocka-pewnosc-siebie\/#breadcrumb\",\"itemListElement\":[{\"@type\":\"ListItem\",\"position\":1,\"name\":\"Strona g\u0142\u00f3wna\",\"item\":\"https:\/\/gaudiumetspes-blog.pl\/\"},{\"@type\":\"ListItem\",\"position\":2,\"name\":\"Prorocka pewno\u015b\u0107 siebie!\"}]},{\"@type\":\"WebSite\",\"@id\":\"https:\/\/gaudiumetspes-blog.pl\/#website\",\"url\":\"https:\/\/gaudiumetspes-blog.pl\/\",\"name\":\"Gaudium Et Spes\",\"description\":\"Blog Ks. Jacka Ja\u015bkowskiego\",\"potentialAction\":[{\"@type\":\"SearchAction\",\"target\":{\"@type\":\"EntryPoint\",\"urlTemplate\":\"https:\/\/gaudiumetspes-blog.pl\/?s={search_term_string}\"},\"query-input\":{\"@type\":\"PropertyValueSpecification\",\"valueRequired\":true,\"valueName\":\"search_term_string\"}}],\"inLanguage\":\"pl-PL\"},{\"@type\":\"Person\",\"@id\":\"https:\/\/gaudiumetspes-blog.pl\/#\/schema\/person\/1661982992b752dea8dff0d4ed845a65\",\"name\":\"Ks. Jacek\",\"image\":{\"@type\":\"ImageObject\",\"inLanguage\":\"pl-PL\",\"@id\":\"https:\/\/gaudiumetspes-blog.pl\/#\/schema\/person\/image\/\",\"url\":\"https:\/\/gaudiumetspes-blog.pl\/wp-content\/uploads\/2019\/07\/avatar-JJ-150x150.jpg\",\"contentUrl\":\"https:\/\/gaudiumetspes-blog.pl\/wp-content\/uploads\/2019\/07\/avatar-JJ-150x150.jpg\",\"caption\":\"Ks. Jacek\"},\"description\":\"Witam serdecznie! K\u0142ania si\u0119 Ks. Jacek Ja\u015bkowski. Nie jestem ani kim\u015b wa\u017cnym, ani kim\u015b znanym. Jestem ksi\u0119dzem, kt\u00f3ry po prostu chce rozmawia\u0107. Codzienna kap\u0142a\u0144ska pos\u0142uga pokazuje mi, \u017ce temat\u00f3w do rozm\u00f3w z ksi\u0119dzem jest coraz wi\u0119cej i dzisiaj \u017caden ksi\u0105dz nie mo\u017ce od nich ucieka\u0107, ale - wprost przeciwnie - podejmowa\u0107 nowe wyzwania. To przekonanie sk\u0142oni\u0142o mnie do pr\u00f3by otwarcia tego\u017c bloga, chocia\u017c okazji do rozm\u00f3w na co dzie\u0144 - w konfesjonale i poza nim - na szcz\u0119\u015bcie nie brakuje. My\u015bl\u0119 jednak, \u017ce ten blog b\u0119dzie jeszcze jednym sposobem i przestrzeni\u0105 nawi\u0105zania kontaktu z lud\u017ami dobrej woli, otwartymi na dialog.\",\"url\":\"https:\/\/gaudiumetspes-blog.pl\/index.php\/author\/ks-jacek\/\"}]}<\/script>\n<!-- \/ Yoast SEO plugin. -->","yoast_head_json":{"title":"Prorocka pewno\u015b\u0107 siebie! - Gaudium Et Spes","robots":{"index":"index","follow":"follow","max-snippet":"max-snippet:-1","max-image-preview":"max-image-preview:large","max-video-preview":"max-video-preview:-1"},"canonical":"https:\/\/gaudiumetspes-blog.pl\/index.php\/2026\/03\/09\/prorocka-pewnosc-siebie\/","og_locale":"pl_PL","og_type":"article","og_title":"Prorocka pewno\u015b\u0107 siebie! - Gaudium Et Spes","og_description":"Szcz\u0119\u015b\u0107 Bo\u017ce! Drodzy moi, w dniu dzisiejszym pierwsz\u0105 rocznic\u0119 Chrztu \u015awi\u0119tego prze\u017cywa Alicja Nied\u017awiedzka, moja najm\u0142odsza Siostrzenica. Niech Pan Jej b\u0142ogos\u0142awi, by \u0142aski, w Sakramencie tym otrzymane, rozwija ka\u017cdego dnia, nawi\u0105zuj\u0105c coraz bardziej intensywn\u0105 wi\u0119\u017a z Jezusem. O to b\u0119d\u0119 si\u0119 dla Niej modli\u0142. A ja dzisiaj pozdrawiam Was z Siedlec, gdzie \u2013 jak co [&hellip;]","og_url":"https:\/\/gaudiumetspes-blog.pl\/index.php\/2026\/03\/09\/prorocka-pewnosc-siebie\/","og_site_name":"Gaudium Et Spes","article_published_time":"2026-03-09T08:46:17+00:00","author":"Ks. Jacek","twitter_card":"summary_large_image","twitter_misc":{"Napisane przez":"Ks. Jacek","Szacowany czas czytania":"14 minut"},"schema":{"@context":"https:\/\/schema.org","@graph":[{"@type":"WebPage","@id":"https:\/\/gaudiumetspes-blog.pl\/index.php\/2026\/03\/09\/prorocka-pewnosc-siebie\/","url":"https:\/\/gaudiumetspes-blog.pl\/index.php\/2026\/03\/09\/prorocka-pewnosc-siebie\/","name":"Prorocka pewno\u015b\u0107 siebie! - Gaudium Et Spes","isPartOf":{"@id":"https:\/\/gaudiumetspes-blog.pl\/#website"},"datePublished":"2026-03-09T08:46:17+00:00","author":{"@id":"https:\/\/gaudiumetspes-blog.pl\/#\/schema\/person\/1661982992b752dea8dff0d4ed845a65"},"breadcrumb":{"@id":"https:\/\/gaudiumetspes-blog.pl\/index.php\/2026\/03\/09\/prorocka-pewnosc-siebie\/#breadcrumb"},"inLanguage":"pl-PL","potentialAction":[{"@type":"ReadAction","target":["https:\/\/gaudiumetspes-blog.pl\/index.php\/2026\/03\/09\/prorocka-pewnosc-siebie\/"]}]},{"@type":"BreadcrumbList","@id":"https:\/\/gaudiumetspes-blog.pl\/index.php\/2026\/03\/09\/prorocka-pewnosc-siebie\/#breadcrumb","itemListElement":[{"@type":"ListItem","position":1,"name":"Strona g\u0142\u00f3wna","item":"https:\/\/gaudiumetspes-blog.pl\/"},{"@type":"ListItem","position":2,"name":"Prorocka pewno\u015b\u0107 siebie!"}]},{"@type":"WebSite","@id":"https:\/\/gaudiumetspes-blog.pl\/#website","url":"https:\/\/gaudiumetspes-blog.pl\/","name":"Gaudium Et Spes","description":"Blog Ks. Jacka Ja\u015bkowskiego","potentialAction":[{"@type":"SearchAction","target":{"@type":"EntryPoint","urlTemplate":"https:\/\/gaudiumetspes-blog.pl\/?s={search_term_string}"},"query-input":{"@type":"PropertyValueSpecification","valueRequired":true,"valueName":"search_term_string"}}],"inLanguage":"pl-PL"},{"@type":"Person","@id":"https:\/\/gaudiumetspes-blog.pl\/#\/schema\/person\/1661982992b752dea8dff0d4ed845a65","name":"Ks. Jacek","image":{"@type":"ImageObject","inLanguage":"pl-PL","@id":"https:\/\/gaudiumetspes-blog.pl\/#\/schema\/person\/image\/","url":"https:\/\/gaudiumetspes-blog.pl\/wp-content\/uploads\/2019\/07\/avatar-JJ-150x150.jpg","contentUrl":"https:\/\/gaudiumetspes-blog.pl\/wp-content\/uploads\/2019\/07\/avatar-JJ-150x150.jpg","caption":"Ks. Jacek"},"description":"Witam serdecznie! K\u0142ania si\u0119 Ks. Jacek Ja\u015bkowski. Nie jestem ani kim\u015b wa\u017cnym, ani kim\u015b znanym. Jestem ksi\u0119dzem, kt\u00f3ry po prostu chce rozmawia\u0107. Codzienna kap\u0142a\u0144ska pos\u0142uga pokazuje mi, \u017ce temat\u00f3w do rozm\u00f3w z ksi\u0119dzem jest coraz wi\u0119cej i dzisiaj \u017caden ksi\u0105dz nie mo\u017ce od nich ucieka\u0107, ale - wprost przeciwnie - podejmowa\u0107 nowe wyzwania. To przekonanie sk\u0142oni\u0142o mnie do pr\u00f3by otwarcia tego\u017c bloga, chocia\u017c okazji do rozm\u00f3w na co dzie\u0144 - w konfesjonale i poza nim - na szcz\u0119\u015bcie nie brakuje. My\u015bl\u0119 jednak, \u017ce ten blog b\u0119dzie jeszcze jednym sposobem i przestrzeni\u0105 nawi\u0105zania kontaktu z lud\u017ami dobrej woli, otwartymi na dialog.","url":"https:\/\/gaudiumetspes-blog.pl\/index.php\/author\/ks-jacek\/"}]}},"jetpack_featured_media_url":"","jetpack_sharing_enabled":true,"_links":{"self":[{"href":"https:\/\/gaudiumetspes-blog.pl\/index.php\/wp-json\/wp\/v2\/posts\/24708","targetHints":{"allow":["GET"]}}],"collection":[{"href":"https:\/\/gaudiumetspes-blog.pl\/index.php\/wp-json\/wp\/v2\/posts"}],"about":[{"href":"https:\/\/gaudiumetspes-blog.pl\/index.php\/wp-json\/wp\/v2\/types\/post"}],"author":[{"embeddable":true,"href":"https:\/\/gaudiumetspes-blog.pl\/index.php\/wp-json\/wp\/v2\/users\/1"}],"replies":[{"embeddable":true,"href":"https:\/\/gaudiumetspes-blog.pl\/index.php\/wp-json\/wp\/v2\/comments?post=24708"}],"version-history":[{"count":1,"href":"https:\/\/gaudiumetspes-blog.pl\/index.php\/wp-json\/wp\/v2\/posts\/24708\/revisions"}],"predecessor-version":[{"id":24709,"href":"https:\/\/gaudiumetspes-blog.pl\/index.php\/wp-json\/wp\/v2\/posts\/24708\/revisions\/24709"}],"wp:attachment":[{"href":"https:\/\/gaudiumetspes-blog.pl\/index.php\/wp-json\/wp\/v2\/media?parent=24708"}],"wp:term":[{"taxonomy":"category","embeddable":true,"href":"https:\/\/gaudiumetspes-blog.pl\/index.php\/wp-json\/wp\/v2\/categories?post=24708"},{"taxonomy":"post_tag","embeddable":true,"href":"https:\/\/gaudiumetspes-blog.pl\/index.php\/wp-json\/wp\/v2\/tags?post=24708"}],"curies":[{"name":"wp","href":"https:\/\/api.w.org\/{rel}","templated":true}]}}