{"id":24710,"date":"2026-03-10T01:37:43","date_gmt":"2026-03-10T00:37:43","guid":{"rendered":"https:\/\/gaudiumetspes-blog.pl\/?p=24710"},"modified":"2026-03-10T01:37:43","modified_gmt":"2026-03-10T00:37:43","slug":"czy-wybieram-milosierdzie","status":"publish","type":"post","link":"https:\/\/gaudiumetspes-blog.pl\/index.php\/2026\/03\/10\/czy-wybieram-milosierdzie\/","title":{"rendered":"Czy wybieram mi\u0142osierdzie?"},"content":{"rendered":"<p align=\"justify\"><span style=\"color: #000000;\"><span style=\"font-family: Book Antiqua, serif;\"><span style=\"font-size: large;\">Szcz\u0119\u015b\u0107 Bo\u017ce! Drodzy moi, pozdrawiam Was z Lublina, sk\u0105d jednak w miar\u0119 sprawnie przejad\u0119 do Siedlec. A tam \u2013 dy\u017cur na Wydzia\u0142ach przy ulicy Prusa, natomiast po 18:00 mamy w Duszpasterstwie Msz\u0119 \u015awi\u0119t\u0105, a zaraz po niej: AKADEMICKI KLUB FILMOWY w duchu wielkopostnym. Obejrzymy film: CISZA \u2013 o Licealistach z Tych\u00f3w, kt\u00f3rzy 28 stycznia 2023 roku zgin\u0119li pod lawin\u0105 w Tatrach. Po filmie \u2013 rozmowa o \u017cyciu i \u015bmierci, o czuwaniu i gotowo\u015bci na spotkanie z Panem, i o czym jeszcze przyjdzie nam porozmawia\u0107\u2026<\/span><\/span><\/span><\/p>\n<p align=\"justify\"><span style=\"color: #000000;\"><span style=\"font-family: Book Antiqua, serif;\"><span style=\"font-size: large;\">Chodzi o wielkopostn\u0105 refleksj\u0119, kt\u00f3r\u0105 zwykle zapewnia prze\u017cycie Drogi Krzy\u017cowej, ale u nas tego nabo\u017ce\u0144stwa nie sprawujemy \u2013 ze wzgl\u0119du na ma\u0142e zainteresowanie. W pi\u0105tki zwykle wi\u0119kszo\u015b\u0107 naszych Student\u00f3w jest ju\u017c poza Uczelni\u0105\u2026 A wszyscy raczej s\u0105 przyzwyczajeni do Drogi Krzy\u017cowej w pi\u0105tek. St\u0105d pomys\u0142, aby zast\u0105pi\u0107 to nabo\u017ce\u0144stwo inn\u0105 form\u0105 prze\u017cycia czego\u015b g\u0142\u0119bokiego.<\/span><\/span><\/span><\/p>\n<p align=\"justify\"><span style=\"color: #000000;\"><span style=\"font-family: Book Antiqua, serif;\"><span style=\"font-size: large;\">Teraz ju\u017c ws\u0142uchajmy si\u0119 w S\u0142owo, kt\u00f3re dzisiaj kieruje do nas Pan. Oto s\u0142\u00f3wko Ksi\u0119dza Marka na dzi\u015b:<\/span><\/span><\/span><\/p>\n<p align=\"justify\"><span style=\"color: #000000;\"><span style=\"font-family: Book Antiqua, serif;\"><span style=\"font-size: medium;\"><a href=\"https:\/\/www.youtube.com\/c\/CatholicSurgut\"><span style=\"font-size: large;\"><b>https:\/\/www.youtube.com\/c\/CatholicSurgut<\/b><\/span><\/a> <\/span><\/span><\/span><\/p>\n<p align=\"justify\"><span style=\"color: #000000;\"><span style=\"font-family: Book Antiqua, serif;\"><span style=\"font-size: large;\">Poni\u017cej za\u015b \u2013 <strong>s\u0142\u00f3wko Szymona Sali.<\/strong> Jak zawsze \u2013 logiczne i ciekawe. A niekt\u00f3re stwierdzenia \u2013 wr\u0119cz intryguj\u0105ce. Ca\u0142o\u015b\u0107 za\u015b bardzo sensownie i konsekwentnie prowadzi do postawienia pytania, kt\u00f3re ko\u0144czy to rozwa\u017canie, a kt\u00f3re uczyni\u0142em tak\u017ce tytu\u0142em ca\u0142ego wpisu. Bardzo dzi\u0119kuj\u0119 Szymonowi za t\u0119 nieustann\u0105 gotowo\u015b\u0107 i solidno\u015b\u0107 \u2013 i za czas, po\u015bwi\u0119cony przygotowaniu ka\u017cdego kolejnego s\u0142\u00f3wka. Efekty tego zaanga\u017cowania i pracy \u2013 dobrze widzimy! Wielka chwa\u0142a Panu naszemu i cze\u015b\u0107 Matce Bo\u017cej Kode\u0144skiej \u2013 i wielka wdzi\u0119czno\u015b\u0107 Szymonowi za kolejny dar serca!<\/span><\/span><\/span><\/p>\n<p align=\"justify\"><span style=\"color: #000000;\"><span style=\"font-family: Book Antiqua, serif;\"><span style=\"font-size: large;\">Zatem, jakie jest to <b>przes\u0142ani<\/b><b>e<\/b><b>, z <\/b><b>kt\u00f3rym<\/b><b> Pan dzisiaj <\/b><b>osobi\u015bcie do mnie<\/b><b> si\u0119 zwraca.<\/b> Duchu \u015awi\u0119ty, tchnij i o\u015bwiecaj!<\/span><\/span><\/span><\/p>\n<p align=\"justify\"><span style=\"color: #000000;\"><span style=\"font-family: Book Antiqua, serif;\"><span style=\"font-size: large;\"><b>Niech Was b\u0142ogos\u0142awi B\u00f3g Wszechmog\u0105cy: Ojciec + i Syn, i Duch \u015awi\u0119ty. Amen<\/b><\/span><\/span><\/span><\/p>\n<p align=\"center\"><span style=\"color: #000000;\"><span style=\"font-family: Book Antiqua, serif;\"><span style=\"font-size: large;\">Gaudium et spes! Ks. Jacek<\/span><\/span><\/span><\/p>\n<p align=\"center\">\n<p align=\"center\">\n<p align=\"center\">\n<p align=\"center\">\n<p align=\"center\">\n<p align=\"justify\"><span style=\"color: #000000;\"><span style=\"font-family: Book Antiqua, serif;\"><span style=\"font-size: large;\"><b>Wtorek 3 Tygodnia Wielkiego Postu,<\/b><\/span><\/span><\/span><\/p>\n<p align=\"justify\"><span style=\"color: #000000;\"><span style=\"font-family: Book Antiqua, serif;\"><span style=\"font-size: large;\"><b>10 marca 2026.,\u00a0<\/b><\/span><\/span><\/span><\/p>\n<p align=\"justify\"><span style=\"color: #000000;\"><span style=\"font-family: Book Antiqua, serif;\"><span style=\"font-size: large;\"><b>do czyta\u0144: Dn 3,25.34\u201343; Mt 18,21\u201335<\/b><\/span><\/span><\/span><\/p>\n<p align=\"justify\">\n<p align=\"justify\">\n<p align=\"justify\">\n<p align=\"justify\">\n<p align=\"justify\">\n<p align=\"justify\"><span style=\"color: #000000;\"><span style=\"font-family: Book Antiqua, serif;\"><span style=\"font-size: large;\"><b>CZYTANIE Z KSI\u0118GI PROROKA DANIELA:<\/b><\/span><\/span><\/span><\/p>\n<p align=\"justify\"><span style=\"color: #000000;\"><span style=\"font-family: Book Antiqua, serif;\"><span style=\"font-size: large;\"><b>Powstawszy Azariasz tak si\u0119 modli\u0142, a otwar\u0142szy swe usta, m\u00f3wi\u0142 w \u015brodku ognia: <\/b><\/span><\/span><\/span><\/p>\n<p align=\"justify\"><span style=\"color: #000000;\">\u201e<span style=\"font-family: Book Antiqua, serif;\"><span style=\"font-size: large;\"><b>Nie opuszczaj nas na zawsze, przez wzgl\u0105d na \u015bwi\u0119te Twe imi\u0119 nie zrywaj Twego przymierza. Nie odwracaj od nas swego mi\u0142osierdzia, przez wzgl\u0105d na Twego przyjaciela, Abrahama, s\u0142ug\u0119 Twojego, Izaaka i Twego \u015bwi\u0119tego Izraela. Im to przyrzek\u0142e\u015b rozmno\u017cy\u0107 potomstwo jak gwiazdy na niebie i jak piasek nad brzegiem morza.<\/b><\/span><\/span><\/span><\/p>\n<p align=\"justify\"><span style=\"color: #000000;\"><span style=\"font-family: Book Antiqua, serif;\"><span style=\"font-size: large;\"><b>Panie, oto jeste\u015bmy najmniejsi spo\u015br\u00f3d wszystkich narod\u00f3w. Oto jeste\u015bmy dzi\u015b poni\u017ceni na ca\u0142ej ziemi z powodu naszych grzech\u00f3w. Nie ma obecnie w\u0142adcy, proroka ani wodza, ani ca\u0142opalenia, ani ofiar, ani dar\u00f3w pokarmowych, ani kadzielnych. Nie ma gdzie ofiarowa\u0107 Tobie pierwocin i dozna\u0107 Twego mi\u0142osierdzia.<\/b><\/span><\/span><\/span><\/p>\n<p align=\"justify\"><span style=\"color: #000000;\"><span style=\"font-family: Book Antiqua, serif;\"><span style=\"font-size: large;\"><b>Niech jednak dusza strapiona i duch uni\u017cony znajd\u0105 u Ciebie upodobanie. Tak jak ca\u0142opalenia z baran\u00f3w i cielc\u00f3w i jak z tysi\u0119cy t\u0142ustych owiec, niech si\u0119 stanie dzi\u015b nasza ofiara wobec Ciebie i podoba si\u0119 Tobie. Bo ci, co pok\u0142adaj\u0105 ufno\u015b\u0107 w Tobie, nie zaznaj\u0105 wstydu. Teraz za\u015b post\u0119pujemy za Tob\u0105 z ca\u0142ego serca, odczuwamy l\u0119k przed Tob\u0105 i szukamy Twego oblicza. Nie zawstydzaj nas, lecz post\u0119puj z nami wed\u0142ug swej \u0142agodno\u015bci i wed\u0142ug wielkiego swego mi\u0142osierdzia. Wybaw nas przez swe cuda i uczy\u0144 swe imi\u0119 s\u0142awne, Panie\u201d.<\/b><\/span><\/span><\/span><\/p>\n<p align=\"justify\">\n<p align=\"justify\">\n<p align=\"justify\">\n<p align=\"justify\">\n<p align=\"justify\">\n<p align=\"justify\"><span style=\"color: #000000;\"><span style=\"font-family: Book Antiqua, serif;\"><span style=\"font-size: large;\"><b>S\u0141OWA EWANGELII WED\u0141UG \u015aWI\u0118TEGO MATEUSZA: <\/b><\/span><\/span><\/span><\/p>\n<p align=\"justify\"><span style=\"color: #000000;\"><span style=\"font-family: Book Antiqua, serif;\"><span style=\"font-size: large;\"><b>Piotr zbli\u017cy\u0142 si\u0119 do Jezusa i zapyta\u0142: \u201ePanie, ile razy mam przebaczy\u0107, je\u015bli m\u00f3j brat wykroczy przeciwko mnie? Czy a\u017c siedem razy?\u201d<\/b><\/span><\/span><\/span><\/p>\n<p align=\"justify\"><span style=\"color: #000000;\"><span style=\"font-family: Book Antiqua, serif;\"><span style=\"font-size: large;\"><b>Jezus mu odrzek\u0142: \u201eNie m\u00f3wi\u0119 ci, \u017ce a\u017c siedem razy, lecz a\u017c siedemdziesi\u0105t siedem razy.<\/b><\/span><\/span><\/span><\/p>\n<p align=\"justify\"><span style=\"color: #000000;\"><span style=\"font-family: Book Antiqua, serif;\"><span style=\"font-size: large;\"><b>Dlatego podobne jest Kr\u00f3lestwo niebieskie do kr\u00f3la, kt\u00f3ry chcia\u0142 si\u0119 rozliczy\u0107 ze swymi s\u0142ugami. Gdy zacz\u0105\u0142 si\u0119 rozlicza\u0107, przyprowadzono mu jednego, kt\u00f3ry mu by\u0142 winien dziesi\u0119\u0107 tysi\u0119cy talent\u00f3w. Poniewa\u017c nie mia\u0142 z czego ich odda\u0107, pan kaza\u0142 sprzeda\u0107 go razem z \u017con\u0105, dzie\u0107mi i ca\u0142ym jego mieniem, i tak d\u0142ug odda\u0107.<\/b><\/span><\/span><\/span><\/p>\n<p align=\"justify\"><span style=\"color: #000000;\"><span style=\"font-family: Book Antiqua, serif;\"><span style=\"font-size: large;\"><b>Wtedy s\u0142uga upad\u0142 przed nim i prosi\u0142 go: \u00abPanie, miej cierpliwo\u015b\u0107 nade mn\u0105, a wszystko ci oddam\u00bb. Pan ulitowa\u0142 si\u0119 nad tym s\u0142ug\u0105, uwolni\u0142 go i d\u0142ug mu darowa\u0142.<\/b><\/span><\/span><\/span><\/p>\n<p align=\"justify\"><span style=\"color: #000000;\"><span style=\"font-family: Book Antiqua, serif;\"><span style=\"font-size: large;\"><b>Lecz gdy s\u0142uga \u00f3w wyszed\u0142, spotka\u0142 jednego ze wsp\u00f3\u0142s\u0142ug, kt\u00f3ry mu by\u0142 winien sto denar\u00f3w. Chwyci\u0142 go i zacz\u0105\u0142 dusi\u0107, m\u00f3wi\u0105c: \u00abOddaj, co\u015b winien!\u00bb Jego wsp\u00f3\u0142s\u0142uga upad\u0142 przed nim i prosi\u0142 go: \u00abMiej cierpliwo\u015b\u0107 nade mn\u0105, a oddam tobie\u00bb. On jednak nie chcia\u0142, lecz odszed\u0142 i wtr\u0105ci\u0142 go do wi\u0119zienia, dop\u00f3ki nie odda d\u0142ugu.<\/b><\/span><\/span><\/span><\/p>\n<p align=\"justify\"><span style=\"color: #000000;\"><span style=\"font-family: Book Antiqua, serif;\"><span style=\"font-size: large;\"><b>Wsp\u00f3\u0142s\u0142udzy jego widz\u0105c, co si\u0119 dzia\u0142o, bardzo si\u0119 zasmucili. Poszli i opowiedzieli swemu panu wszystko, co zasz\u0142o. <\/b><\/span><\/span><\/span><\/p>\n<p align=\"justify\"><span style=\"color: #000000;\"><span style=\"font-family: Book Antiqua, serif;\"><span style=\"font-size: large;\"><b>Wtedy pan jego wezwa\u0142 go przed siebie i rzek\u0142 mu: \u00abS\u0142ugo niegodziwy, darowa\u0142em ci ca\u0142y ten d\u0142ug, poniewa\u017c mnie prosi\u0142e\u015b. Czy\u017c wi\u0119c i ty nie powiniene\u015b by\u0142 ulitowa\u0107 si\u0119 nad swym wsp\u00f3\u0142s\u0142ug\u0105, jak ja ulitowa\u0142em si\u0119 nad tob\u0105?\u00bb I uniesiony gniewem pan jego kaza\u0142 wyda\u0107 go katom, dop\u00f3ki mu ca\u0142ego d\u0142ugu nie odda.<\/b><\/span><\/span><\/span><\/p>\n<p align=\"justify\"><span style=\"color: #000000;\"><span style=\"font-family: Book Antiqua, serif;\"><span style=\"font-size: large;\"><b>Podobnie uczyni wam Ojciec m\u00f3j niebieski, je\u017celi ka\u017cdy z was nie przebaczy z serca swemu bratu\u201d.<\/b><\/span><\/span><\/span><\/p>\n<p align=\"justify\">\n<p align=\"justify\">\n<p align=\"justify\">\n<p align=\"justify\">\n<p align=\"justify\">\n<p align=\"center\"><span style=\"color: #000000;\"><span style=\"font-family: Book Antiqua, serif;\"><span style=\"font-size: large;\"><b>A OTO S\u0141\u00d3WKO SZYMONA SALI:<\/b><\/span><\/span><\/span><\/p>\n<p align=\"center\">\n<p align=\"center\">\n<p align=\"center\">\n<p align=\"center\">\n<p align=\"center\">\n<p align=\"justify\"><span style=\"color: #000000;\"><span style=\"font-family: Book Antiqua, serif;\"><span style=\"font-size: large;\">Wielki Post jest czasem modlitwy, postu i ja\u0142mu\u017cny. Nie robi si\u0119 tego jednak dla samych tych rzeczy, ale w\u0142a\u015bnie poprzez te czynno\u015bci powinni\u015bmy pog\u0142\u0119bia\u0107 nasz\u0105 wiar\u0119. Ten czterdziestodniowy okres powinien by\u0107 czasem refleksji i zastanowienia si\u0119 nad kondycj\u0105 naszej wiary. A pom\u00f3c<b> <\/b>w tym mo\u017ce S\u0142owo Bo\u017ce, szczeg\u00f3lnie dzisiejsze.<\/span><\/span><\/span><\/p>\n<p align=\"justify\"><span style=\"color: #000000;\"><span style=\"font-family: Book Antiqua, serif;\"><span style=\"font-size: large;\">Bo ju\u017c w pierwszym czytaniu s\u0142yszymy o do\u015bwiadczeniu Azariasza, kt\u00f3ry modli si\u0119 wraz z przyjaci\u00f3\u0142mi w rozgrzanym piecu, poniewa\u017c nie chcia\u0142 ugi\u0105\u0107 kolan przed z\u0142otym pos\u0105giem, postawionym przez Nabuchodonozora. Czy moja wiara jest na tyle silna, aby nie ugi\u0119\u0142a si\u0119 przed propozycjami dzisiejszego \u015bwiata?<\/span><\/span><\/span><\/p>\n<p align=\"justify\"><span style=\"color: #000000;\"><span style=\"font-family: Book Antiqua, serif;\"><span style=\"font-size: large;\">Bardzo ciekawa jest jednak modlitwa Azariasza, bo nie zachowuje si\u0119 tak, jakby doznawa\u0142 cudu. Siedzi po\u015brodku p\u0142omieni i wo\u0142a do Boga: <i><b>Nie opuszczaj nas na zawsze \u2013 przez wzgl\u0105d na \u015bwi\u0119te Twe imi\u0119 nie zrywaj Twego przymierza. Nie odwracaj od nas swego mi\u0142osierdzia, przez wzgl\u0105d na Twego przyjaciela, Abrahama, s\u0142ug\u0119 Twego, Izaaka, i Twego \u015bwi\u0119tego \u2013 Izraela. Im to przyrzek\u0142e\u015b rozmno\u017cy\u0107 potomstwo jak gwiazdy na niebie i jak piasek nad brzegiem morza.<\/b><\/i><\/span><\/span><\/span><\/p>\n<p align=\"justify\"><span style=\"color: #000000;\"><span style=\"font-family: Book Antiqua, serif;\"><span style=\"font-size: large;\">Wiara m\u0142odzie\u0144c\u00f3w ich uchroni\u0142a i przyczyni\u0142a si\u0119 do tego, \u017ce to Nabuchodonozor ostatecznie ugi\u0105\u0142 swoje kolana, a tymczasem oni modl\u0105 si\u0119: <i><b>Nie opuszczaj nas na zawsze\u2026<\/b><\/i><b> <\/b>Raczej spodziewaliby\u015bmy si\u0119 podzi\u0119kowania Bogu za cud, a najprawdopodobniej zapewne od razu pokazaliby\u015bmy oponentowi, kto tu rz\u0105dzi \u2013 i niekoniecznie mam tu na my\u015bli Boga. Ale Azariasz zdaje sobie spraw\u0119 z tego, \u017ce to nie jego zas\u0142uga, ale Boga, kt\u00f3ry okaza\u0142 swoje mi\u0142osierdzie.<\/span><\/span><\/span><\/p>\n<p align=\"justify\"><span style=\"color: #000000;\"><span style=\"font-family: Book Antiqua, serif;\"><span style=\"font-size: large;\">Nale\u017ca\u0142oby troch\u0119 nakre\u015bli\u0107 kontekst, w jakim znajdowali si\u0119 Izraelici w tamtym czasie. Chodzi mianowicie o to, \u017ce byli oni w niewoli babilo\u0144skiej, co wi\u0105za\u0142o si\u0119 z tym, \u017ce nie posiadali swoich o\u0142tarzy do sk\u0142adania ofiar przeb\u0142agalnych, by doznawa\u0107 mi\u0142osierdzia Bo\u017cego. Czytamy: <i><b>Panie, oto jeste\u015bmy najmniejsi spo\u015br\u00f3d wszystkich narod\u00f3w. Oto jeste\u015bmy dzi\u015b poni\u017ceni na ca\u0142ej ziemi z powodu naszych grzech\u00f3w. Nie ma obecnie w\u0142adcy, proroka ani wodza, ani ca\u0142opalenia, ani ofiar, ani dar\u00f3w pokarmowych, ani kadzielnych. Nie ma gdzie ofiarowa\u0107 Tobie pierwocin i dozna\u0107 Twego mi\u0142osierdzia.<\/b><\/i><b> <\/b>Mi\u0142osierdzie Boga jest jednak ponad wszystko to, co mo\u017ce zrobi\u0107 cz\u0142owiek. B\u00f3g pragnie wlewa\u0107 w nasze serca swoje mi\u0142osierdzie, ale to serce musi by\u0107 otwarte na t\u0119 \u0142ask\u0119.<\/span><\/span><\/span><\/p>\n<p align=\"justify\"><span style=\"color: #000000;\"><span style=\"font-family: Book Antiqua, serif;\"><span style=\"font-size: large;\">Azariasz i jego przyjaciele mieli pe\u0142ne ufno\u015bci i otwarte serca. Bo jak inaczej mogliby wytrzyma\u0107 pr\u00f3b\u0119, przed kt\u00f3r\u0105 zostali postawieni. I nie chodzi tu nawet o same p\u0142omienie. Przecie\u017c to oni nie zgin\u0119li kolan, gdy wszyscy to zrobili. To oni mieli odwag\u0119 dyskutowa\u0107 z kr\u00f3lem, kt\u00f3ry mia\u0142 w swoich r\u0119kach ich los. W ko\u0144cu \u2013 to oni nie spanikowali i nie pr\u00f3bowali ucieka\u0107, gdy rozpalano piec.<\/span><\/span><\/span><\/p>\n<p align=\"justify\"><span style=\"color: #000000;\"><span style=\"font-family: Book Antiqua, serif;\"><span style=\"font-size: large;\">Ofiar\u0105 naszego serca jest w\u0142a\u015bnie ufno\u015b\u0107 do Boga i do Jego woli. S\u0142yszymy w czytaniu: <i><b>Poniewa\u017c ci, co pok\u0142adaj\u0105 ufno\u015b\u0107 w Tobie, nie mog\u0105 dozna\u0107 wstydu.<\/b><\/i><b> <\/b>To za\u015b rodzi nast\u0119puj\u0105ce pytania: Czy ja wstydz\u0119 si\u0119 swojej wiary? Czy moja wiara jest dla mnie bardziej ci\u0119\u017carem, czy wsparciem w codzienno\u015bci? Dzisiejszy \u015bwiat jest tym rozgrzanym piecem, kt\u00f3ry w p\u0142omieniach pychy, wojny, \u017c\u0105dzy i oboj\u0119tno\u015bci pr\u00f3buje spali\u0107 wiar\u0119 w cz\u0142owieku. My natomiast powinni\u015bmy wiedzie\u0107, \u017ce spali\u0107 mo\u017cemy si\u0119 tylko i wy\u0142\u0105cznie ze wstydu, gdy przyjdzie nam stan\u0105\u0107 przed obliczem Boga, nie maj\u0105c wiary. Dlatego pro\u015bmy Boga o to, aby: <i><b>Nie zawstydza\u0142 nas, lecz post\u0119powa\u0142 z nami wed\u0142ug swej \u0142agodno\u015bci i wed\u0142ug wielkiego swego mi\u0142osierdzia.<\/b><\/i><\/span><\/span><\/span><\/p>\n<p align=\"justify\"><span style=\"color: #000000;\"><span style=\"font-family: Book Antiqua, serif;\"><span style=\"font-size: large;\">Jest to jednak tylko jedna strona medalu, bo dzisiejsza Ewangelia m\u00f3wi, \u017ce warunkiem przebaczenia Boga naszych grzech\u00f3w \u2013 jest nasze przebaczenie drugiemu cz\u0142owiekowi. Ewangelia uczy nas, \u017ce postawa Boga wzgl\u0119dem nas zawsze jest mi\u0142osierna, ale gdy brakuje w nas mi\u0142osierdzia wzgl\u0119dem drugiego, wtedy pozostaje tylko Bo\u017ca sprawiedliwo\u015b\u0107. Bardzo chcieliby\u015bmy, aby nas traktowano mi\u0142osiernie, a innych sprawiedliwe; aby nam darowano, a od innych \u017c\u0105dano sp\u0142aty d\u0142ug\u00f3w. Pami\u0119tajmy jednak: <i><b>Jak\u0105 miar\u0105 mierzycie, tak\u0105 wam odmierz\u0105.<\/b><\/i><\/span><\/span><\/span><\/p>\n<p align=\"justify\"><span style=\"color: #000000;\"><span style=\"font-family: Book Antiqua, serif;\"><span style=\"font-size: large;\">Zatem:<\/span><\/span><\/span><\/p>\n<p align=\"justify\"><span style=\"color: #000000;\"><span style=\"font-family: Book Antiqua, serif;\"><span style=\"font-size: large;\">Czy wybieram mi\u0142osierdzie?!<\/span><\/span><\/span><\/p>\n","protected":false},"excerpt":{"rendered":"<p>Szcz\u0119\u015b\u0107 Bo\u017ce! Drodzy moi, pozdrawiam Was z Lublina, sk\u0105d jednak w miar\u0119 sprawnie przejad\u0119 do Siedlec. A tam \u2013 dy\u017cur na Wydzia\u0142ach przy ulicy Prusa, natomiast po 18:00 mamy w Duszpasterstwie Msz\u0119 \u015awi\u0119t\u0105, a zaraz po niej: AKADEMICKI KLUB FILMOWY w duchu wielkopostnym. Obejrzymy film: CISZA \u2013 o Licealistach z Tych\u00f3w, kt\u00f3rzy 28 stycznia 2023 [&hellip;]<\/p>\n","protected":false},"author":1,"featured_media":0,"comment_status":"open","ping_status":"open","sticky":false,"template":"","format":"standard","meta":{"jetpack_post_was_ever_published":false,"_jetpack_newsletter_access":"","_jetpack_dont_email_post_to_subs":false,"_jetpack_newsletter_tier_id":0,"_jetpack_memberships_contains_paywalled_content":false,"_jetpack_memberships_contains_paid_content":false,"footnotes":""},"categories":[1],"tags":[],"class_list":["post-24710","post","type-post","status-publish","format-standard","hentry","category-bez-kategorii"],"yoast_head":"<!-- This site is optimized with the Yoast SEO plugin v25.1 - https:\/\/yoast.com\/wordpress\/plugins\/seo\/ -->\n<title>Czy wybieram mi\u0142osierdzie? - Gaudium Et Spes<\/title>\n<meta name=\"robots\" content=\"index, follow, max-snippet:-1, max-image-preview:large, max-video-preview:-1\" \/>\n<link rel=\"canonical\" href=\"https:\/\/gaudiumetspes-blog.pl\/index.php\/2026\/03\/10\/czy-wybieram-milosierdzie\/\" \/>\n<meta property=\"og:locale\" content=\"pl_PL\" \/>\n<meta property=\"og:type\" content=\"article\" \/>\n<meta property=\"og:title\" content=\"Czy wybieram mi\u0142osierdzie? - Gaudium Et Spes\" \/>\n<meta property=\"og:description\" content=\"Szcz\u0119\u015b\u0107 Bo\u017ce! Drodzy moi, pozdrawiam Was z Lublina, sk\u0105d jednak w miar\u0119 sprawnie przejad\u0119 do Siedlec. A tam \u2013 dy\u017cur na Wydzia\u0142ach przy ulicy Prusa, natomiast po 18:00 mamy w Duszpasterstwie Msz\u0119 \u015awi\u0119t\u0105, a zaraz po niej: AKADEMICKI KLUB FILMOWY w duchu wielkopostnym. Obejrzymy film: CISZA \u2013 o Licealistach z Tych\u00f3w, kt\u00f3rzy 28 stycznia 2023 [&hellip;]\" \/>\n<meta property=\"og:url\" content=\"https:\/\/gaudiumetspes-blog.pl\/index.php\/2026\/03\/10\/czy-wybieram-milosierdzie\/\" \/>\n<meta property=\"og:site_name\" content=\"Gaudium Et Spes\" \/>\n<meta property=\"article:published_time\" content=\"2026-03-10T00:37:43+00:00\" \/>\n<meta name=\"author\" content=\"Ks. Jacek\" \/>\n<meta name=\"twitter:card\" content=\"summary_large_image\" \/>\n<meta name=\"twitter:label1\" content=\"Napisane przez\" \/>\n\t<meta name=\"twitter:data1\" content=\"Ks. Jacek\" \/>\n\t<meta name=\"twitter:label2\" content=\"Szacowany czas czytania\" \/>\n\t<meta name=\"twitter:data2\" content=\"9 minut\" \/>\n<script type=\"application\/ld+json\" class=\"yoast-schema-graph\">{\"@context\":\"https:\/\/schema.org\",\"@graph\":[{\"@type\":\"WebPage\",\"@id\":\"https:\/\/gaudiumetspes-blog.pl\/index.php\/2026\/03\/10\/czy-wybieram-milosierdzie\/\",\"url\":\"https:\/\/gaudiumetspes-blog.pl\/index.php\/2026\/03\/10\/czy-wybieram-milosierdzie\/\",\"name\":\"Czy wybieram mi\u0142osierdzie? - Gaudium Et Spes\",\"isPartOf\":{\"@id\":\"https:\/\/gaudiumetspes-blog.pl\/#website\"},\"datePublished\":\"2026-03-10T00:37:43+00:00\",\"author\":{\"@id\":\"https:\/\/gaudiumetspes-blog.pl\/#\/schema\/person\/1661982992b752dea8dff0d4ed845a65\"},\"breadcrumb\":{\"@id\":\"https:\/\/gaudiumetspes-blog.pl\/index.php\/2026\/03\/10\/czy-wybieram-milosierdzie\/#breadcrumb\"},\"inLanguage\":\"pl-PL\",\"potentialAction\":[{\"@type\":\"ReadAction\",\"target\":[\"https:\/\/gaudiumetspes-blog.pl\/index.php\/2026\/03\/10\/czy-wybieram-milosierdzie\/\"]}]},{\"@type\":\"BreadcrumbList\",\"@id\":\"https:\/\/gaudiumetspes-blog.pl\/index.php\/2026\/03\/10\/czy-wybieram-milosierdzie\/#breadcrumb\",\"itemListElement\":[{\"@type\":\"ListItem\",\"position\":1,\"name\":\"Strona g\u0142\u00f3wna\",\"item\":\"https:\/\/gaudiumetspes-blog.pl\/\"},{\"@type\":\"ListItem\",\"position\":2,\"name\":\"Czy wybieram mi\u0142osierdzie?\"}]},{\"@type\":\"WebSite\",\"@id\":\"https:\/\/gaudiumetspes-blog.pl\/#website\",\"url\":\"https:\/\/gaudiumetspes-blog.pl\/\",\"name\":\"Gaudium Et Spes\",\"description\":\"Blog Ks. Jacka Ja\u015bkowskiego\",\"potentialAction\":[{\"@type\":\"SearchAction\",\"target\":{\"@type\":\"EntryPoint\",\"urlTemplate\":\"https:\/\/gaudiumetspes-blog.pl\/?s={search_term_string}\"},\"query-input\":{\"@type\":\"PropertyValueSpecification\",\"valueRequired\":true,\"valueName\":\"search_term_string\"}}],\"inLanguage\":\"pl-PL\"},{\"@type\":\"Person\",\"@id\":\"https:\/\/gaudiumetspes-blog.pl\/#\/schema\/person\/1661982992b752dea8dff0d4ed845a65\",\"name\":\"Ks. Jacek\",\"image\":{\"@type\":\"ImageObject\",\"inLanguage\":\"pl-PL\",\"@id\":\"https:\/\/gaudiumetspes-blog.pl\/#\/schema\/person\/image\/\",\"url\":\"https:\/\/gaudiumetspes-blog.pl\/wp-content\/uploads\/2019\/07\/avatar-JJ-150x150.jpg\",\"contentUrl\":\"https:\/\/gaudiumetspes-blog.pl\/wp-content\/uploads\/2019\/07\/avatar-JJ-150x150.jpg\",\"caption\":\"Ks. Jacek\"},\"description\":\"Witam serdecznie! K\u0142ania si\u0119 Ks. Jacek Ja\u015bkowski. Nie jestem ani kim\u015b wa\u017cnym, ani kim\u015b znanym. Jestem ksi\u0119dzem, kt\u00f3ry po prostu chce rozmawia\u0107. Codzienna kap\u0142a\u0144ska pos\u0142uga pokazuje mi, \u017ce temat\u00f3w do rozm\u00f3w z ksi\u0119dzem jest coraz wi\u0119cej i dzisiaj \u017caden ksi\u0105dz nie mo\u017ce od nich ucieka\u0107, ale - wprost przeciwnie - podejmowa\u0107 nowe wyzwania. To przekonanie sk\u0142oni\u0142o mnie do pr\u00f3by otwarcia tego\u017c bloga, chocia\u017c okazji do rozm\u00f3w na co dzie\u0144 - w konfesjonale i poza nim - na szcz\u0119\u015bcie nie brakuje. My\u015bl\u0119 jednak, \u017ce ten blog b\u0119dzie jeszcze jednym sposobem i przestrzeni\u0105 nawi\u0105zania kontaktu z lud\u017ami dobrej woli, otwartymi na dialog.\",\"url\":\"https:\/\/gaudiumetspes-blog.pl\/index.php\/author\/ks-jacek\/\"}]}<\/script>\n<!-- \/ Yoast SEO plugin. -->","yoast_head_json":{"title":"Czy wybieram mi\u0142osierdzie? - Gaudium Et Spes","robots":{"index":"index","follow":"follow","max-snippet":"max-snippet:-1","max-image-preview":"max-image-preview:large","max-video-preview":"max-video-preview:-1"},"canonical":"https:\/\/gaudiumetspes-blog.pl\/index.php\/2026\/03\/10\/czy-wybieram-milosierdzie\/","og_locale":"pl_PL","og_type":"article","og_title":"Czy wybieram mi\u0142osierdzie? - Gaudium Et Spes","og_description":"Szcz\u0119\u015b\u0107 Bo\u017ce! Drodzy moi, pozdrawiam Was z Lublina, sk\u0105d jednak w miar\u0119 sprawnie przejad\u0119 do Siedlec. A tam \u2013 dy\u017cur na Wydzia\u0142ach przy ulicy Prusa, natomiast po 18:00 mamy w Duszpasterstwie Msz\u0119 \u015awi\u0119t\u0105, a zaraz po niej: AKADEMICKI KLUB FILMOWY w duchu wielkopostnym. Obejrzymy film: CISZA \u2013 o Licealistach z Tych\u00f3w, kt\u00f3rzy 28 stycznia 2023 [&hellip;]","og_url":"https:\/\/gaudiumetspes-blog.pl\/index.php\/2026\/03\/10\/czy-wybieram-milosierdzie\/","og_site_name":"Gaudium Et Spes","article_published_time":"2026-03-10T00:37:43+00:00","author":"Ks. Jacek","twitter_card":"summary_large_image","twitter_misc":{"Napisane przez":"Ks. Jacek","Szacowany czas czytania":"9 minut"},"schema":{"@context":"https:\/\/schema.org","@graph":[{"@type":"WebPage","@id":"https:\/\/gaudiumetspes-blog.pl\/index.php\/2026\/03\/10\/czy-wybieram-milosierdzie\/","url":"https:\/\/gaudiumetspes-blog.pl\/index.php\/2026\/03\/10\/czy-wybieram-milosierdzie\/","name":"Czy wybieram mi\u0142osierdzie? - Gaudium Et Spes","isPartOf":{"@id":"https:\/\/gaudiumetspes-blog.pl\/#website"},"datePublished":"2026-03-10T00:37:43+00:00","author":{"@id":"https:\/\/gaudiumetspes-blog.pl\/#\/schema\/person\/1661982992b752dea8dff0d4ed845a65"},"breadcrumb":{"@id":"https:\/\/gaudiumetspes-blog.pl\/index.php\/2026\/03\/10\/czy-wybieram-milosierdzie\/#breadcrumb"},"inLanguage":"pl-PL","potentialAction":[{"@type":"ReadAction","target":["https:\/\/gaudiumetspes-blog.pl\/index.php\/2026\/03\/10\/czy-wybieram-milosierdzie\/"]}]},{"@type":"BreadcrumbList","@id":"https:\/\/gaudiumetspes-blog.pl\/index.php\/2026\/03\/10\/czy-wybieram-milosierdzie\/#breadcrumb","itemListElement":[{"@type":"ListItem","position":1,"name":"Strona g\u0142\u00f3wna","item":"https:\/\/gaudiumetspes-blog.pl\/"},{"@type":"ListItem","position":2,"name":"Czy wybieram mi\u0142osierdzie?"}]},{"@type":"WebSite","@id":"https:\/\/gaudiumetspes-blog.pl\/#website","url":"https:\/\/gaudiumetspes-blog.pl\/","name":"Gaudium Et Spes","description":"Blog Ks. Jacka Ja\u015bkowskiego","potentialAction":[{"@type":"SearchAction","target":{"@type":"EntryPoint","urlTemplate":"https:\/\/gaudiumetspes-blog.pl\/?s={search_term_string}"},"query-input":{"@type":"PropertyValueSpecification","valueRequired":true,"valueName":"search_term_string"}}],"inLanguage":"pl-PL"},{"@type":"Person","@id":"https:\/\/gaudiumetspes-blog.pl\/#\/schema\/person\/1661982992b752dea8dff0d4ed845a65","name":"Ks. Jacek","image":{"@type":"ImageObject","inLanguage":"pl-PL","@id":"https:\/\/gaudiumetspes-blog.pl\/#\/schema\/person\/image\/","url":"https:\/\/gaudiumetspes-blog.pl\/wp-content\/uploads\/2019\/07\/avatar-JJ-150x150.jpg","contentUrl":"https:\/\/gaudiumetspes-blog.pl\/wp-content\/uploads\/2019\/07\/avatar-JJ-150x150.jpg","caption":"Ks. Jacek"},"description":"Witam serdecznie! K\u0142ania si\u0119 Ks. Jacek Ja\u015bkowski. Nie jestem ani kim\u015b wa\u017cnym, ani kim\u015b znanym. Jestem ksi\u0119dzem, kt\u00f3ry po prostu chce rozmawia\u0107. Codzienna kap\u0142a\u0144ska pos\u0142uga pokazuje mi, \u017ce temat\u00f3w do rozm\u00f3w z ksi\u0119dzem jest coraz wi\u0119cej i dzisiaj \u017caden ksi\u0105dz nie mo\u017ce od nich ucieka\u0107, ale - wprost przeciwnie - podejmowa\u0107 nowe wyzwania. To przekonanie sk\u0142oni\u0142o mnie do pr\u00f3by otwarcia tego\u017c bloga, chocia\u017c okazji do rozm\u00f3w na co dzie\u0144 - w konfesjonale i poza nim - na szcz\u0119\u015bcie nie brakuje. My\u015bl\u0119 jednak, \u017ce ten blog b\u0119dzie jeszcze jednym sposobem i przestrzeni\u0105 nawi\u0105zania kontaktu z lud\u017ami dobrej woli, otwartymi na dialog.","url":"https:\/\/gaudiumetspes-blog.pl\/index.php\/author\/ks-jacek\/"}]}},"jetpack_featured_media_url":"","jetpack_sharing_enabled":true,"_links":{"self":[{"href":"https:\/\/gaudiumetspes-blog.pl\/index.php\/wp-json\/wp\/v2\/posts\/24710","targetHints":{"allow":["GET"]}}],"collection":[{"href":"https:\/\/gaudiumetspes-blog.pl\/index.php\/wp-json\/wp\/v2\/posts"}],"about":[{"href":"https:\/\/gaudiumetspes-blog.pl\/index.php\/wp-json\/wp\/v2\/types\/post"}],"author":[{"embeddable":true,"href":"https:\/\/gaudiumetspes-blog.pl\/index.php\/wp-json\/wp\/v2\/users\/1"}],"replies":[{"embeddable":true,"href":"https:\/\/gaudiumetspes-blog.pl\/index.php\/wp-json\/wp\/v2\/comments?post=24710"}],"version-history":[{"count":1,"href":"https:\/\/gaudiumetspes-blog.pl\/index.php\/wp-json\/wp\/v2\/posts\/24710\/revisions"}],"predecessor-version":[{"id":24711,"href":"https:\/\/gaudiumetspes-blog.pl\/index.php\/wp-json\/wp\/v2\/posts\/24710\/revisions\/24711"}],"wp:attachment":[{"href":"https:\/\/gaudiumetspes-blog.pl\/index.php\/wp-json\/wp\/v2\/media?parent=24710"}],"wp:term":[{"taxonomy":"category","embeddable":true,"href":"https:\/\/gaudiumetspes-blog.pl\/index.php\/wp-json\/wp\/v2\/categories?post=24710"},{"taxonomy":"post_tag","embeddable":true,"href":"https:\/\/gaudiumetspes-blog.pl\/index.php\/wp-json\/wp\/v2\/tags?post=24710"}],"curies":[{"name":"wp","href":"https:\/\/api.w.org\/{rel}","templated":true}]}}