{"id":24712,"date":"2026-03-11T09:59:24","date_gmt":"2026-03-11T08:59:24","guid":{"rendered":"https:\/\/gaudiumetspes-blog.pl\/?p=24712"},"modified":"2026-03-11T09:59:24","modified_gmt":"2026-03-11T08:59:24","slug":"wypelniac-i-uczyc-wypelniac","status":"publish","type":"post","link":"https:\/\/gaudiumetspes-blog.pl\/index.php\/2026\/03\/11\/wypelniac-i-uczyc-wypelniac\/","title":{"rendered":"Wype\u0142nia\u0107 &#8211; i uczy\u0107 wype\u0142nia\u0107!"},"content":{"rendered":"<p align=\"justify\"><span style=\"color: #000000;\"><span style=\"font-family: Book Antiqua, serif;\"><span style=\"font-size: large;\">Szcz\u0119\u015b\u0107 Bo\u017ce! Drodzy moi, w dniu dzisiejszym <b>urodziny prze\u017cywa <\/b><b>Micha\u0142 S\u0119torek, nale\u017c\u0105cy w swoim czasie do jednej z m\u0142odzie\u017cowych Wsp\u00f3lnot. \u017bycz\u0119 Mu wszelkiego Bo\u017cego b\u0142ogos\u0142awie\u0144stwa, o kt\u00f3re te\u017c b\u0119d\u0119 si\u0119 dla Niego modli\u0142!<\/b><\/span><\/span><\/span><\/p>\n<p align=\"justify\"><span style=\"color: #000000;\"><span style=\"font-family: Book Antiqua, serif;\"><span style=\"font-size: large;\">Ja za\u015b pozdrawiam Was z Siedlec, gdzie dzisiaj nie udam si\u0119 na dy\u017cur, przy ulicy 3 Maja \u2013 co te\u017c zosta\u0142o zapowiedziane w Og\u0142oszeniach Duszpasterstwa Akademickiego GAUDEAMUS \u2013 poniewa\u017c udam si\u0119 na spotkanie Braci Ksi\u0119\u017cy z naszego Roku \u015awi\u0119ce\u0144. Spotkamy si\u0119 o 12: 30 w Parafii Grab\u00f3w Szlacheckich, na zaproszenie i z okazji imienin jej Proboszcza, <b>Ksi\u0119dza Tomasza Radczuka.<\/b><\/span><\/span><\/span><\/p>\n<p align=\"justify\"><span style=\"color: #000000;\"><span style=\"font-family: Book Antiqua, serif;\"><span style=\"font-size: large;\">Natomiast o 19:00 u nas Msza \u015awi\u0119ta w intencji \u015arodowiska Akademickiego, Duszpasterstwa Akademickiego i M\u0142odzie\u017cy w Ko\u015bciele. Po niej \u2013 adoracja Naj\u015bwi\u0119tszego Sakramentu w ciszy, do godziny 21:00. Serdecznie zapraszam do osobistego udzia\u0142u, albo do duchowej \u0142\u0105czno\u015bci!<\/span><\/span><\/span><\/p>\n<p align=\"justify\"><span style=\"color: #000000;\"><span style=\"font-family: Book Antiqua, serif;\"><span style=\"font-size: large;\">Bardzo dzi\u0119kuj\u0119 Uczestnikom wczorajszego spotkania w ramach AKADEMICKIEGO KLUBU FILMOWEGO! \u015awietnie nam ono wysz\u0142o!<\/span><\/span><\/span><\/p>\n<p align=\"justify\"><span style=\"color: #000000;\"><span style=\"font-family: Book Antiqua, serif;\"><span style=\"font-size: large;\">Teraz za\u015b zapraszam ju\u017c do pochylenia si\u0119 nad Bo\u017cym s\u0142owem dzisiejszej liturgii. Oto s\u0142\u00f3wko Ksi\u0119dza Marka na dzi\u015b:<\/span><\/span><\/span><\/p>\n<p align=\"justify\"><span style=\"color: #000000;\"><span style=\"font-family: Book Antiqua, serif;\"><span style=\"font-size: medium;\"><a href=\"https:\/\/www.youtube.com\/c\/CatholicSurgut\"><span style=\"font-size: large;\"><b>https:\/\/www.youtube.com\/c\/CatholicSurgut<\/b><\/span><\/a> <\/span><\/span><\/span><\/p>\n<p align=\"justify\"><span style=\"color: #000000;\"><span style=\"font-family: Book Antiqua, serif;\"><span style=\"font-size: large;\">Zatem,<b> <\/b><b>z <\/b><b>jakim przes\u0142aniem <\/b><b>Pan<\/b><b> zwraca <\/b><b>si\u0119 dzi\u015b do mnie<\/b><b>?<\/b> <b>Kt\u00f3re konkretnie zdanie najmocniej mnie dotyka?<\/b> Duchu \u015awi\u0119ty, przyjd\u017a i rozja\u015bnij nasze serca i umys\u0142y!<\/span><\/span><\/span><\/p>\n<p align=\"justify\"><span style=\"color: #000000;\"><span style=\"font-family: Book Antiqua, serif;\"><span style=\"font-size: large;\"><b>Niech Was b\u0142ogos\u0142awi B\u00f3g Wszechmog\u0105cy: Ojciec + i Syn, i Duch \u015awi\u0119ty. Amen<\/b><\/span><\/span><\/span><\/p>\n<p align=\"center\"><span style=\"color: #000000;\"><span style=\"font-family: Book Antiqua, serif;\"><span style=\"font-size: large;\">Gaudium et spes! Ks. Jacek<\/span><\/span><\/span><\/p>\n<p align=\"center\">\n<p align=\"center\">\n<p align=\"center\">\n<p align=\"center\">\n<p align=\"center\">\n<p align=\"justify\"><span style=\"color: #000000;\"><span style=\"font-family: Book Antiqua, serif;\"><span style=\"font-size: large;\"><b>\u015aroda 3 Tygodnia Wielkiego Postu,<\/b><\/span><\/span><\/span><\/p>\n<p align=\"justify\"><span style=\"color: #000000;\"><span style=\"font-family: Book Antiqua, serif;\"><span style=\"font-size: large;\"><b>11 marca 2026.,\u00a0<\/b><\/span><\/span><\/span><\/p>\n<p align=\"justify\"><span style=\"color: #000000;\"><span style=\"font-family: Book Antiqua, serif;\"><span style=\"font-size: large;\"><b>do czyta\u0144: Pwt 4,1.5\u20139; Mt 5,17\u201319<\/b><\/span><\/span><\/span><\/p>\n<p align=\"justify\">\n<p align=\"justify\">\n<p align=\"justify\">\n<p align=\"justify\">\n<p align=\"justify\">\n<p align=\"justify\"><span style=\"color: #000000;\"><span style=\"font-family: Book Antiqua, serif;\"><span style=\"font-size: large;\"><b>CZYTANIE Z KSI\u0118GI POWT\u00d3RZONEGO PRAWA: <\/b><\/span><\/span><\/span><\/p>\n<p align=\"justify\"><span style=\"color: #000000;\"><span style=\"font-family: Book Antiqua, serif;\"><span style=\"font-size: large;\"><b>Moj\u017cesz przem\u00f3wi\u0142 do ludu, m\u00f3wi\u0105c: \u201eA teraz, Izraelu, s\u0142uchaj praw i nakaz\u00f3w, kt\u00f3re ucz\u0119 was wype\u0142nia\u0107, aby\u015bcie \u017cyli i doszli do posiadania ziemi, kt\u00f3r\u0105 wam daje Pan, B\u00f3g waszych ojc\u00f3w.<\/b><\/span><\/span><\/span><\/p>\n<p align=\"justify\"><span style=\"color: #000000;\"><span style=\"font-family: Book Antiqua, serif;\"><span style=\"font-size: large;\"><b>Patrzcie, naucza\u0142em was praw i nakaz\u00f3w, jak mi rozkaza\u0142 czyni\u0107 B\u00f3g m\u00f3j, Pan, aby\u015bcie je wype\u0142niali w ziemi, do kt\u00f3rej idziecie, by obj\u0105\u0107 j\u0105 w posiadanie. Strze\u017ccie ich i wype\u0142niajcie je, bo one s\u0105 wasz\u0105 m\u0105dro\u015bci\u0105 i umiej\u0119tno\u015bci\u0105 w oczach narod\u00f3w, kt\u00f3re, us\u0142yszawszy o tych prawach, powiedz\u0105: \u00abZ pewno\u015bci\u0105 ten wielki nar\u00f3d to lud m\u0105dry i rozumny\u00bb.<\/b><\/span><\/span><\/span><\/p>\n<p align=\"justify\"><span style=\"color: #000000;\"><span style=\"font-family: Book Antiqua, serif;\"><span style=\"font-size: large;\"><b>Bo kt\u00f3ry\u017c nar\u00f3d wielki ma bog\u00f3w tak bliskich, jak B\u00f3g nasz, Pan, ilekro\u0107 Go prosimy? Kt\u00f3ry\u017c nar\u00f3d wielki ma prawa i nakazy tak sprawiedliwe, jak ca\u0142e to Prawo, kt\u00f3re ja wam dzi\u015b nadaj\u0119?<\/b><\/span><\/span><\/span><\/p>\n<p align=\"justify\"><span style=\"color: #000000;\"><span style=\"font-family: Book Antiqua, serif;\"><span style=\"font-size: large;\"><b>Tylko si\u0119 strze\u017c bardzo i pilnuj swej duszy, by\u015b nie zapomnia\u0142 o tych rzeczach, kt\u00f3re widzia\u0142y twe oczy: by z twego serca nie usz\u0142y po wszystkie dni twego \u017cycia, ale ucz ich swych syn\u00f3w i wnuk\u00f3w\u201d.<\/b><\/span><\/span><\/span><\/p>\n<p align=\"justify\">\n<p align=\"justify\">\n<p align=\"justify\">\n<p align=\"justify\">\n<p align=\"justify\">\n<p align=\"justify\"><span style=\"color: #000000;\"><span style=\"font-family: Book Antiqua, serif;\"><span style=\"font-size: large;\"><b>S\u0141OWA EWANGELII WED\u0141UG \u015aWI\u0118TEGO MATEUSZA: <\/b><\/span><\/span><\/span><\/p>\n<p align=\"justify\"><span style=\"color: #000000;\"><span style=\"font-family: Book Antiqua, serif;\"><span style=\"font-size: large;\"><b>Jezus powiedzia\u0142 do swoich uczni\u00f3w: \u201eNie s\u0105d\u017acie, \u017ce przyszed\u0142em znie\u015b\u0107 Prawo albo Prorok\u00f3w. Nie przyszed\u0142em znie\u015b\u0107, ale wype\u0142ni\u0107. Zaprawd\u0119 bowiem powiadam wam: Dop\u00f3ki niebo i ziemia nie przemin\u0105, ani jedna jota, ani jedna kreska nie zmieni si\u0119 w Prawie, a\u017c si\u0119 wszystko spe\u0142ni. <\/b><\/span><\/span><\/span><\/p>\n<p align=\"justify\"><span style=\"color: #000000;\"><span style=\"font-family: Book Antiqua, serif;\"><span style=\"font-size: large;\"><b>Ktokolwiek wi\u0119c zni\u00f3s\u0142by jedno z tych przykaza\u0144, cho\u0107by najmniejsze, i uczy\u0142by tak ludzi, ten b\u0119dzie najmniejszy w kr\u00f3lestwie niebieskim. A kto je wype\u0142nia i uczy wype\u0142nia\u0107, ten b\u0119dzie wielki w kr\u00f3lestwie niebieskim\u201d.<\/b><\/span><\/span><\/span><\/p>\n<p align=\"justify\">\n<p align=\"justify\">\n<p align=\"justify\">\n<p align=\"justify\">\n<p align=\"justify\">\n<p align=\"justify\"><span style=\"color: #000000;\"><span style=\"font-family: Book Antiqua, serif;\"><span style=\"font-size: large;\">Moj\u017cesz uczy sw\u00f3j lud wype\u0142nia\u0107 wol\u0119 Bo\u017c\u0105. M\u00f3wi o tym dwukrotnie w dzisiejszym pierwszym czytaniu, w s\u0142owach: <i><b>A teraz, Izraelu, s\u0142uchaj praw i nakaz\u00f3w, kt\u00f3re ucz\u0119 was wype\u0142nia\u0107; <\/b><\/i>a tak\u017ce: <i><b>Patrzcie, naucza\u0142em was praw i nakaz\u00f3w, jak mi rozkaza\u0142 czyni\u0107 B\u00f3g m\u00f3j, Pan\u2026 <\/b><\/i><\/span><\/span><\/span><\/p>\n<p align=\"justify\"><span style=\"color: #000000;\"><span style=\"font-family: Book Antiqua, serif;\"><span style=\"font-size: large;\">Potem dopowiada, <b>dlaczego to robi<\/b> \u2013 dlaczego jest tak wa\u017cnym, aby tych praw Bo\u017cych przestrzega\u0107. Dlaczego? Moj\u017cesz tak o tym m\u00f3wi do swoich rodak\u00f3w: <i><b>A<\/b><\/i><i><b>by\u015bcie \u017cyli i doszli do posiadania ziemi, kt\u00f3r\u0105 wam daje Pan, B\u00f3g waszych ojc\u00f3w. aby\u015bcie je wype\u0142niali w ziemi, do kt\u00f3rej idziecie, by obj\u0105\u0107 j\u0105 w posiadanie. Strze\u017ccie ich i wype\u0142niajcie je, bo one s\u0105 wasz\u0105 m\u0105dro\u015bci\u0105 i umiej\u0119tno\u015bci\u0105 w oczach narod\u00f3w, kt\u00f3re, us\u0142yszawszy o tych prawach, powiedz\u0105: \u00abZ pewno\u015bci\u0105 ten wielki nar\u00f3d to lud m\u0105dry i rozumny\u00bb. <\/b><\/i><\/span><\/span><\/span><\/p>\n<p align=\"justify\"><span style=\"color: #000000;\"><span style=\"font-family: Book Antiqua, serif;\"><span style=\"font-size: large;\">Swoj\u0105 drog\u0105, to bardzo ciekawe zestawienie: pozytywna opinia o narodzie, i\u017c <i><b>ten wielki nar\u00f3d to lud m\u0105dry i rozumny<\/b><\/i><b> \u2013 <\/b>ma wynika\u0107 w\u0142a\u015bnie z tego, \u017ce <b>ma on m\u0105dre prawa.<\/b> Oczywi\u015bcie, nie wystarczy samo ich posiadanie, bo \u2013 jak dobrze wiemy i cz\u0119sto powtarzamy \u2013<b> papier wszystko przyjmie<\/b> i regulacje prawne mog\u0105 by\u0107 najbardziej doskona\u0142e, logiczne i sensowne, ale je\u017celi pozostan\u0105 tylko na papierze, to jaki z nich po\u017cytek? <\/span><\/span><\/span><\/p>\n<p align=\"justify\"><span style=\"color: #000000;\"><span style=\"font-family: Book Antiqua, serif;\"><span style=\"font-size: large;\">W tym w\u0142a\u015bnie kontek\u015bcie Moj\u017cesz m\u00f3wi dalej: <i><b>Bo kt\u00f3ry\u017c nar\u00f3d wielki ma bog\u00f3w tak bliskich, jak B\u00f3g nasz, Pan, ilekro\u0107 Go prosimy? Kt\u00f3ry\u017c nar\u00f3d wielki ma prawa i nakazy tak sprawiedliwe, jak ca\u0142e to Prawo, kt\u00f3re ja wam dzi\u015b nadaj\u0119? Tylko si\u0119 strze\u017c bardzo i pilnuj swej duszy, by\u015b nie zapomnia\u0142 o tych rzeczach, kt\u00f3re widzia\u0142y twe oczy: by z twego serca nie usz\u0142y po wszystkie dni twego \u017cycia, ale ucz ich swych syn\u00f3w i wnuk\u00f3w.<\/b><\/i><b> <\/b><\/span><\/span><\/span><\/p>\n<p align=\"justify\"><span style=\"color: #000000;\"><span style=\"font-family: Book Antiqua, serif;\"><span style=\"font-size: large;\">Ot\u00f3\u017c, w\u0142a\u015bnie! Kt\u00f3ry nar\u00f3d ma takich bog\u00f3w? <b>Oczywi\u015bcie, \u017ce \u017caden, <\/b>bo ich bogowie tak w og\u00f3le to s\u0105 fa\u0142szywi, wi\u0119c nie ma o czym m\u00f3wi\u0107, natomiast prawa tych\u017ce narod\u00f3w tak\u017ce \u2013 w zwi\u0105zku z tym \u2013 <b>nie s\u0105 tak doskona\u0142e, <\/b>jak te, kt\u00f3re posiada nar\u00f3d wybrany. Ale \u2013 jeszcze raz podkre\u015blmy z ca\u0142\u0105 moc\u0105 \u2013 <b>nie wystarczy ich tylko posiada\u0107!<\/b> Nie wystarczy mie\u0107 je zapisane w kodeksach, by si\u0119 nimi chwali\u0107 na prawo i lewo. Trzeba je <b>wzi\u0105\u0107 g\u0142\u0119boko do serca,<\/b> aby z tego serca <i><b>nie usz\u0142y po wszystkie dni<\/b><\/i><b> <\/b><b>[\u2026]<\/b><b> <\/b><i><b>\u017cycia<\/b><\/i><b>. <\/b>I dlatego \u2013 na to dzisiaj zwracamy sobie uwag\u0119 \u2013 Izraelici maj\u0105 takiej postawy uczy\u0107 <i><b>swych syn\u00f3w i wnuk\u00f3w! <\/b><\/i>Tak, jak Moj\u017cesz uczy\u0142 sw\u00f3j nar\u00f3d. <\/span><\/span><\/span><\/p>\n<p align=\"justify\"><span style=\"color: #000000;\"><span style=\"font-family: Book Antiqua, serif;\"><span style=\"font-size: large;\">Tak, jak Jezus uczy\u0142 i uczy nas wszystkich, o czym sam m\u00f3wi dzisiaj w Ewangelii: <i><b>Nie s\u0105d\u017acie, \u017ce przyszed\u0142em znie\u015b\u0107 Prawo albo Prorok\u00f3w. Nie przyszed\u0142em znie\u015b\u0107, ale wype\u0142ni\u0107. Zaprawd\u0119 bowiem powiadam wam: Dop\u00f3ki niebo i ziemia nie przemin\u0105, ani jedna jota, ani jedna kreska nie zmieni si\u0119 w Prawie, a\u017c si\u0119 wszystko spe\u0142ni. <\/b><\/i><\/span><\/span><\/span><\/p>\n<p align=\"justify\"><span style=\"color: #000000;\"><span style=\"font-family: Book Antiqua, serif;\"><span style=\"font-size: large;\">Chocia\u017c nie pada tu wprost stwierdzenie o uczeniu przestrzegania Prawa, to jednak nie mamy w\u0105tpliwo\u015bci, \u017ce <b>wynika to wprost <\/b>z ca\u0142ej Jezusowej wypowiedzi. Bo Jezus uczy nas wype\u0142niania wszystkich \u2013 i to podkre\u015blmy: wszystkich przykaza\u0144 Pa\u0144skich \u2013 <b>w\u0142asnym przyk\u0142adem:<\/b> tym, jak On je wype\u0142nia. A jak On je wype\u0142nia? Powiedzieli\u015bmy ju\u017c: <b>w ca\u0142o\u015bci. <\/b><\/span><\/span><\/span><\/p>\n<p align=\"justify\"><span style=\"color: #000000;\"><span style=\"font-family: Book Antiqua, serif;\"><span style=\"font-size: large;\">Ale \u2013 i to jest zasadnicza r\u00f3\u017cnica wobec postawy faryzeuszy i ca\u0142ej \u017cydowskiej starszyzny \u2013<b> wype\u0142nia je mi\u0142o\u015bci\u0105 i z mi\u0142o\u015bci\u0105,<\/b> czyli tak, jak je widzia\u0142 B\u00f3g, kiedy je ustanawia\u0142, a wi\u0119c <b>zgodnie z t\u0105 pierwotn\u0105 i najbardziej prawdziw\u0105 i s\u0142uszn\u0105 intencj\u0105,<\/b> jaka towarzyszy\u0142a ich powstaniu, a nie tak, jak je poprzeinaczali i po swojemu zinterpretowali wspomniani ju\u017c cz\u0142onkowie \u017cydowskiej elity. <b>Jezus wype\u0142nia swoim \u017cyciem, <\/b>swoj\u0105 postaw\u0105 i swoim po\u015bwi\u0119ceniem \u2013 te <b>najprawdziwsze Bo\u017ce Prawa, <\/b>a nie te dopasowane do czyjego\u015b widzimisi\u0119. <\/span><\/span><\/span><\/p>\n<p align=\"justify\"><span style=\"color: #000000;\"><span style=\"font-family: Book Antiqua, serif;\"><span style=\"font-size: large;\">I takiego przestrzegania Prawa, jakiego przyk\u0142ad sam da\u0142 \u2013 Jezus <b>oczekuje od nas.<\/b> M\u00f3wi bardzo zdecydowanie: <i><b>Ktokolwiek wi\u0119c zni\u00f3s\u0142by jedno z tych przykaza\u0144, cho\u0107by najmniejsze, i uczy\u0142by tak ludzi, ten b\u0119dzie najmniejszy w kr\u00f3lestwie niebieskim. A kto je wype\u0142nia i uczy wype\u0142nia\u0107, ten b\u0119dzie wielki w kr\u00f3lestwie niebieskim.<\/b><\/i><b> <\/b><\/span><\/span><\/span><\/p>\n<p align=\"justify\"><span style=\"color: #000000;\"><span style=\"font-family: Book Antiqua, serif;\"><span style=\"font-size: large;\">To jest ciekawe stwierdzenie: drobna zmiana w pojmowaniu przepis\u00f3w Prawa Bo\u017cego \u2013 spotka si\u0119<b> z reakcj\u0105 w Kr\u00f3lestwie niebieskim. <\/b>Kto\u015b, kto jako\u015b sobie to Prawo <b>zmodyfikuje<\/b> i do siebie <b>dopasuje,<\/b> ale zachowa jego og\u00f3lny kszta\u0142t i kierunek, zostanie tak\u017ce przyj\u0119tym do Nieba, <b>ale b\u0119dzie tam najmniejszym <\/b>\u2013 co by to nie znaczy\u0142o. Nie wiemy, na czym ma polega\u0107 owa<b> hierarchia w Bo\u017cym kr\u00f3lestwie<\/b> \u2013 dowiadujemy si\u0119, \u017ce b\u0119dzie. <\/span><\/span><\/span><\/p>\n<p align=\"justify\"><span style=\"color: #000000;\"><span style=\"font-family: Book Antiqua, serif;\"><span style=\"font-size: large;\">Czyli \u017ce tam b\u0119d\u0105 <b>i ci wi\u0119ksi, i ci mniejsi\u2026<\/b> Ale wszyscy b\u0119d\u0105 w Kr\u00f3lestwie \u2013<b> ci, kt\u00f3rzy Bo\u017ce Prawo wype\u0142niaj\u0105. <\/b>Ci za\u015b, kt\u00f3rzy je wype\u0142niaj\u0105 tak, jak je wype\u0142nia Jezus, czyli<b> swoj\u0105 mi\u0142o\u015bci\u0105 i z mi\u0142o\u015bci\u0105 <\/b>\u2013 czyli wype\u0142niaj\u0105 je takim, jakim ono w ca\u0142ym swoim kszta\u0142cie jest \u2013 b\u0119d\u0105 wielcy w owym Kr\u00f3lestwie: <b>otrzymaj\u0105 najpe\u0142niejsz\u0105 nagrod\u0119!<\/b><\/span><\/span><\/span><\/p>\n<p align=\"justify\"><span style=\"color: #000000;\"><span style=\"font-family: Book Antiqua, serif;\"><span style=\"font-size: large;\">Jeszcze raz podkre\u015blmy: ci tego szcz\u0119\u015bcia dost\u0105pi\u0105, kt\u00f3rzy tak w\u0142a\u015bnie, czyli <b>dok\u0142adnie, z zaanga\u017cowaniem ca\u0142ego serca, b\u0119d\u0105 wype\u0142nia\u0107 ca\u0142e Prawo Bo\u017ce, <\/b>ale te\u017c \u2013 i to jest bardzo wa\u017cne, bo Jezus tak powiedzia\u0142 \u2013 tak b\u0119d\u0119 <b>innych uczy\u0107 <\/b>wype\u0142nia\u0107! Najlepiej w\u0142asnym przyk\u0142adem \u2013 czyli tak, jak Jezus. <\/span><\/span><\/span><\/p>\n<p align=\"justify\"><span style=\"color: #000000;\"><span style=\"font-family: Book Antiqua, serif;\"><span style=\"font-size: large;\">Szczeg\u00f3lnie w naszych czasach, w kt\u00f3rych w kwestiach moralnych, \u017cyciowych, brakuje jednoznaczno\u015bci, jasno\u015bci i konkretu \u2013 <b>Bo\u017ce Prawo, przestrzegane w ca\u0142o\u015bci, <\/b>a nie poddawane modyfikacjom, dyskusjom czy innym z\u0142agodzeniom \u2013 jest <b>prawdziwym ratunkiem dla \u015bwiata! <\/b>Innego naprawd\u0119 nie ma! I oby ca\u0142y \u015bwiat \u2013 i ka\u017cdy cz\u0142owiek \u2013<b> jak najszybciej to sobie u\u015bwiadomi\u0142.<\/b><\/span><\/span><\/span><\/p>\n<p align=\"justify\"><span style=\"color: #000000;\"><span style=\"font-family: Book Antiqua, serif;\"><span style=\"font-size: large;\">Tego w\u0142a\u015bnie<b> mamy innych uczy\u0107 <\/b>swoj\u0105 postaw\u0105! W\u0142a\u015bnie to powinni\u015bmy innym pom\u00f3c sobie u\u015bwiadomi\u0107\u2026 <\/span><\/span><\/span><\/p>\n","protected":false},"excerpt":{"rendered":"<p>Szcz\u0119\u015b\u0107 Bo\u017ce! Drodzy moi, w dniu dzisiejszym urodziny prze\u017cywa Micha\u0142 S\u0119torek, nale\u017c\u0105cy w swoim czasie do jednej z m\u0142odzie\u017cowych Wsp\u00f3lnot. \u017bycz\u0119 Mu wszelkiego Bo\u017cego b\u0142ogos\u0142awie\u0144stwa, o kt\u00f3re te\u017c b\u0119d\u0119 si\u0119 dla Niego modli\u0142! Ja za\u015b pozdrawiam Was z Siedlec, gdzie dzisiaj nie udam si\u0119 na dy\u017cur, przy ulicy 3 Maja \u2013 co te\u017c zosta\u0142o zapowiedziane [&hellip;]<\/p>\n","protected":false},"author":1,"featured_media":0,"comment_status":"open","ping_status":"open","sticky":false,"template":"","format":"standard","meta":{"jetpack_post_was_ever_published":false,"_jetpack_newsletter_access":"","_jetpack_dont_email_post_to_subs":false,"_jetpack_newsletter_tier_id":0,"_jetpack_memberships_contains_paywalled_content":false,"_jetpack_memberships_contains_paid_content":false,"footnotes":""},"categories":[1],"tags":[],"class_list":["post-24712","post","type-post","status-publish","format-standard","hentry","category-bez-kategorii"],"yoast_head":"<!-- This site is optimized with the Yoast SEO plugin v25.1 - https:\/\/yoast.com\/wordpress\/plugins\/seo\/ -->\n<title>Wype\u0142nia\u0107 - i uczy\u0107 wype\u0142nia\u0107! - Gaudium Et Spes<\/title>\n<meta name=\"robots\" content=\"index, follow, max-snippet:-1, max-image-preview:large, max-video-preview:-1\" \/>\n<link rel=\"canonical\" href=\"https:\/\/gaudiumetspes-blog.pl\/index.php\/2026\/03\/11\/wypelniac-i-uczyc-wypelniac\/\" \/>\n<meta property=\"og:locale\" content=\"pl_PL\" \/>\n<meta property=\"og:type\" content=\"article\" \/>\n<meta property=\"og:title\" content=\"Wype\u0142nia\u0107 - i uczy\u0107 wype\u0142nia\u0107! - Gaudium Et Spes\" \/>\n<meta property=\"og:description\" content=\"Szcz\u0119\u015b\u0107 Bo\u017ce! Drodzy moi, w dniu dzisiejszym urodziny prze\u017cywa Micha\u0142 S\u0119torek, nale\u017c\u0105cy w swoim czasie do jednej z m\u0142odzie\u017cowych Wsp\u00f3lnot. \u017bycz\u0119 Mu wszelkiego Bo\u017cego b\u0142ogos\u0142awie\u0144stwa, o kt\u00f3re te\u017c b\u0119d\u0119 si\u0119 dla Niego modli\u0142! Ja za\u015b pozdrawiam Was z Siedlec, gdzie dzisiaj nie udam si\u0119 na dy\u017cur, przy ulicy 3 Maja \u2013 co te\u017c zosta\u0142o zapowiedziane [&hellip;]\" \/>\n<meta property=\"og:url\" content=\"https:\/\/gaudiumetspes-blog.pl\/index.php\/2026\/03\/11\/wypelniac-i-uczyc-wypelniac\/\" \/>\n<meta property=\"og:site_name\" content=\"Gaudium Et Spes\" \/>\n<meta property=\"article:published_time\" content=\"2026-03-11T08:59:24+00:00\" \/>\n<meta name=\"author\" content=\"Ks. Jacek\" \/>\n<meta name=\"twitter:card\" content=\"summary_large_image\" \/>\n<meta name=\"twitter:label1\" content=\"Napisane przez\" \/>\n\t<meta name=\"twitter:data1\" content=\"Ks. Jacek\" \/>\n\t<meta name=\"twitter:label2\" content=\"Szacowany czas czytania\" \/>\n\t<meta name=\"twitter:data2\" content=\"8 minut\" \/>\n<script type=\"application\/ld+json\" class=\"yoast-schema-graph\">{\"@context\":\"https:\/\/schema.org\",\"@graph\":[{\"@type\":\"WebPage\",\"@id\":\"https:\/\/gaudiumetspes-blog.pl\/index.php\/2026\/03\/11\/wypelniac-i-uczyc-wypelniac\/\",\"url\":\"https:\/\/gaudiumetspes-blog.pl\/index.php\/2026\/03\/11\/wypelniac-i-uczyc-wypelniac\/\",\"name\":\"Wype\u0142nia\u0107 - i uczy\u0107 wype\u0142nia\u0107! - Gaudium Et Spes\",\"isPartOf\":{\"@id\":\"https:\/\/gaudiumetspes-blog.pl\/#website\"},\"datePublished\":\"2026-03-11T08:59:24+00:00\",\"author\":{\"@id\":\"https:\/\/gaudiumetspes-blog.pl\/#\/schema\/person\/1661982992b752dea8dff0d4ed845a65\"},\"breadcrumb\":{\"@id\":\"https:\/\/gaudiumetspes-blog.pl\/index.php\/2026\/03\/11\/wypelniac-i-uczyc-wypelniac\/#breadcrumb\"},\"inLanguage\":\"pl-PL\",\"potentialAction\":[{\"@type\":\"ReadAction\",\"target\":[\"https:\/\/gaudiumetspes-blog.pl\/index.php\/2026\/03\/11\/wypelniac-i-uczyc-wypelniac\/\"]}]},{\"@type\":\"BreadcrumbList\",\"@id\":\"https:\/\/gaudiumetspes-blog.pl\/index.php\/2026\/03\/11\/wypelniac-i-uczyc-wypelniac\/#breadcrumb\",\"itemListElement\":[{\"@type\":\"ListItem\",\"position\":1,\"name\":\"Strona g\u0142\u00f3wna\",\"item\":\"https:\/\/gaudiumetspes-blog.pl\/\"},{\"@type\":\"ListItem\",\"position\":2,\"name\":\"Wype\u0142nia\u0107 &#8211; i uczy\u0107 wype\u0142nia\u0107!\"}]},{\"@type\":\"WebSite\",\"@id\":\"https:\/\/gaudiumetspes-blog.pl\/#website\",\"url\":\"https:\/\/gaudiumetspes-blog.pl\/\",\"name\":\"Gaudium Et Spes\",\"description\":\"Blog Ks. Jacka Ja\u015bkowskiego\",\"potentialAction\":[{\"@type\":\"SearchAction\",\"target\":{\"@type\":\"EntryPoint\",\"urlTemplate\":\"https:\/\/gaudiumetspes-blog.pl\/?s={search_term_string}\"},\"query-input\":{\"@type\":\"PropertyValueSpecification\",\"valueRequired\":true,\"valueName\":\"search_term_string\"}}],\"inLanguage\":\"pl-PL\"},{\"@type\":\"Person\",\"@id\":\"https:\/\/gaudiumetspes-blog.pl\/#\/schema\/person\/1661982992b752dea8dff0d4ed845a65\",\"name\":\"Ks. Jacek\",\"image\":{\"@type\":\"ImageObject\",\"inLanguage\":\"pl-PL\",\"@id\":\"https:\/\/gaudiumetspes-blog.pl\/#\/schema\/person\/image\/\",\"url\":\"https:\/\/gaudiumetspes-blog.pl\/wp-content\/uploads\/2019\/07\/avatar-JJ-150x150.jpg\",\"contentUrl\":\"https:\/\/gaudiumetspes-blog.pl\/wp-content\/uploads\/2019\/07\/avatar-JJ-150x150.jpg\",\"caption\":\"Ks. Jacek\"},\"description\":\"Witam serdecznie! K\u0142ania si\u0119 Ks. Jacek Ja\u015bkowski. Nie jestem ani kim\u015b wa\u017cnym, ani kim\u015b znanym. Jestem ksi\u0119dzem, kt\u00f3ry po prostu chce rozmawia\u0107. Codzienna kap\u0142a\u0144ska pos\u0142uga pokazuje mi, \u017ce temat\u00f3w do rozm\u00f3w z ksi\u0119dzem jest coraz wi\u0119cej i dzisiaj \u017caden ksi\u0105dz nie mo\u017ce od nich ucieka\u0107, ale - wprost przeciwnie - podejmowa\u0107 nowe wyzwania. To przekonanie sk\u0142oni\u0142o mnie do pr\u00f3by otwarcia tego\u017c bloga, chocia\u017c okazji do rozm\u00f3w na co dzie\u0144 - w konfesjonale i poza nim - na szcz\u0119\u015bcie nie brakuje. My\u015bl\u0119 jednak, \u017ce ten blog b\u0119dzie jeszcze jednym sposobem i przestrzeni\u0105 nawi\u0105zania kontaktu z lud\u017ami dobrej woli, otwartymi na dialog.\",\"url\":\"https:\/\/gaudiumetspes-blog.pl\/index.php\/author\/ks-jacek\/\"}]}<\/script>\n<!-- \/ Yoast SEO plugin. -->","yoast_head_json":{"title":"Wype\u0142nia\u0107 - i uczy\u0107 wype\u0142nia\u0107! - Gaudium Et Spes","robots":{"index":"index","follow":"follow","max-snippet":"max-snippet:-1","max-image-preview":"max-image-preview:large","max-video-preview":"max-video-preview:-1"},"canonical":"https:\/\/gaudiumetspes-blog.pl\/index.php\/2026\/03\/11\/wypelniac-i-uczyc-wypelniac\/","og_locale":"pl_PL","og_type":"article","og_title":"Wype\u0142nia\u0107 - i uczy\u0107 wype\u0142nia\u0107! - Gaudium Et Spes","og_description":"Szcz\u0119\u015b\u0107 Bo\u017ce! Drodzy moi, w dniu dzisiejszym urodziny prze\u017cywa Micha\u0142 S\u0119torek, nale\u017c\u0105cy w swoim czasie do jednej z m\u0142odzie\u017cowych Wsp\u00f3lnot. \u017bycz\u0119 Mu wszelkiego Bo\u017cego b\u0142ogos\u0142awie\u0144stwa, o kt\u00f3re te\u017c b\u0119d\u0119 si\u0119 dla Niego modli\u0142! Ja za\u015b pozdrawiam Was z Siedlec, gdzie dzisiaj nie udam si\u0119 na dy\u017cur, przy ulicy 3 Maja \u2013 co te\u017c zosta\u0142o zapowiedziane [&hellip;]","og_url":"https:\/\/gaudiumetspes-blog.pl\/index.php\/2026\/03\/11\/wypelniac-i-uczyc-wypelniac\/","og_site_name":"Gaudium Et Spes","article_published_time":"2026-03-11T08:59:24+00:00","author":"Ks. Jacek","twitter_card":"summary_large_image","twitter_misc":{"Napisane przez":"Ks. Jacek","Szacowany czas czytania":"8 minut"},"schema":{"@context":"https:\/\/schema.org","@graph":[{"@type":"WebPage","@id":"https:\/\/gaudiumetspes-blog.pl\/index.php\/2026\/03\/11\/wypelniac-i-uczyc-wypelniac\/","url":"https:\/\/gaudiumetspes-blog.pl\/index.php\/2026\/03\/11\/wypelniac-i-uczyc-wypelniac\/","name":"Wype\u0142nia\u0107 - i uczy\u0107 wype\u0142nia\u0107! - Gaudium Et Spes","isPartOf":{"@id":"https:\/\/gaudiumetspes-blog.pl\/#website"},"datePublished":"2026-03-11T08:59:24+00:00","author":{"@id":"https:\/\/gaudiumetspes-blog.pl\/#\/schema\/person\/1661982992b752dea8dff0d4ed845a65"},"breadcrumb":{"@id":"https:\/\/gaudiumetspes-blog.pl\/index.php\/2026\/03\/11\/wypelniac-i-uczyc-wypelniac\/#breadcrumb"},"inLanguage":"pl-PL","potentialAction":[{"@type":"ReadAction","target":["https:\/\/gaudiumetspes-blog.pl\/index.php\/2026\/03\/11\/wypelniac-i-uczyc-wypelniac\/"]}]},{"@type":"BreadcrumbList","@id":"https:\/\/gaudiumetspes-blog.pl\/index.php\/2026\/03\/11\/wypelniac-i-uczyc-wypelniac\/#breadcrumb","itemListElement":[{"@type":"ListItem","position":1,"name":"Strona g\u0142\u00f3wna","item":"https:\/\/gaudiumetspes-blog.pl\/"},{"@type":"ListItem","position":2,"name":"Wype\u0142nia\u0107 &#8211; i uczy\u0107 wype\u0142nia\u0107!"}]},{"@type":"WebSite","@id":"https:\/\/gaudiumetspes-blog.pl\/#website","url":"https:\/\/gaudiumetspes-blog.pl\/","name":"Gaudium Et Spes","description":"Blog Ks. Jacka Ja\u015bkowskiego","potentialAction":[{"@type":"SearchAction","target":{"@type":"EntryPoint","urlTemplate":"https:\/\/gaudiumetspes-blog.pl\/?s={search_term_string}"},"query-input":{"@type":"PropertyValueSpecification","valueRequired":true,"valueName":"search_term_string"}}],"inLanguage":"pl-PL"},{"@type":"Person","@id":"https:\/\/gaudiumetspes-blog.pl\/#\/schema\/person\/1661982992b752dea8dff0d4ed845a65","name":"Ks. Jacek","image":{"@type":"ImageObject","inLanguage":"pl-PL","@id":"https:\/\/gaudiumetspes-blog.pl\/#\/schema\/person\/image\/","url":"https:\/\/gaudiumetspes-blog.pl\/wp-content\/uploads\/2019\/07\/avatar-JJ-150x150.jpg","contentUrl":"https:\/\/gaudiumetspes-blog.pl\/wp-content\/uploads\/2019\/07\/avatar-JJ-150x150.jpg","caption":"Ks. Jacek"},"description":"Witam serdecznie! K\u0142ania si\u0119 Ks. Jacek Ja\u015bkowski. Nie jestem ani kim\u015b wa\u017cnym, ani kim\u015b znanym. Jestem ksi\u0119dzem, kt\u00f3ry po prostu chce rozmawia\u0107. Codzienna kap\u0142a\u0144ska pos\u0142uga pokazuje mi, \u017ce temat\u00f3w do rozm\u00f3w z ksi\u0119dzem jest coraz wi\u0119cej i dzisiaj \u017caden ksi\u0105dz nie mo\u017ce od nich ucieka\u0107, ale - wprost przeciwnie - podejmowa\u0107 nowe wyzwania. To przekonanie sk\u0142oni\u0142o mnie do pr\u00f3by otwarcia tego\u017c bloga, chocia\u017c okazji do rozm\u00f3w na co dzie\u0144 - w konfesjonale i poza nim - na szcz\u0119\u015bcie nie brakuje. My\u015bl\u0119 jednak, \u017ce ten blog b\u0119dzie jeszcze jednym sposobem i przestrzeni\u0105 nawi\u0105zania kontaktu z lud\u017ami dobrej woli, otwartymi na dialog.","url":"https:\/\/gaudiumetspes-blog.pl\/index.php\/author\/ks-jacek\/"}]}},"jetpack_featured_media_url":"","jetpack_sharing_enabled":true,"_links":{"self":[{"href":"https:\/\/gaudiumetspes-blog.pl\/index.php\/wp-json\/wp\/v2\/posts\/24712","targetHints":{"allow":["GET"]}}],"collection":[{"href":"https:\/\/gaudiumetspes-blog.pl\/index.php\/wp-json\/wp\/v2\/posts"}],"about":[{"href":"https:\/\/gaudiumetspes-blog.pl\/index.php\/wp-json\/wp\/v2\/types\/post"}],"author":[{"embeddable":true,"href":"https:\/\/gaudiumetspes-blog.pl\/index.php\/wp-json\/wp\/v2\/users\/1"}],"replies":[{"embeddable":true,"href":"https:\/\/gaudiumetspes-blog.pl\/index.php\/wp-json\/wp\/v2\/comments?post=24712"}],"version-history":[{"count":1,"href":"https:\/\/gaudiumetspes-blog.pl\/index.php\/wp-json\/wp\/v2\/posts\/24712\/revisions"}],"predecessor-version":[{"id":24713,"href":"https:\/\/gaudiumetspes-blog.pl\/index.php\/wp-json\/wp\/v2\/posts\/24712\/revisions\/24713"}],"wp:attachment":[{"href":"https:\/\/gaudiumetspes-blog.pl\/index.php\/wp-json\/wp\/v2\/media?parent=24712"}],"wp:term":[{"taxonomy":"category","embeddable":true,"href":"https:\/\/gaudiumetspes-blog.pl\/index.php\/wp-json\/wp\/v2\/categories?post=24712"},{"taxonomy":"post_tag","embeddable":true,"href":"https:\/\/gaudiumetspes-blog.pl\/index.php\/wp-json\/wp\/v2\/tags?post=24712"}],"curies":[{"name":"wp","href":"https:\/\/api.w.org\/{rel}","templated":true}]}}