{"id":24714,"date":"2026-03-12T08:28:16","date_gmt":"2026-03-12T07:28:16","guid":{"rendered":"https:\/\/gaudiumetspes-blog.pl\/?p=24714"},"modified":"2026-03-12T08:28:16","modified_gmt":"2026-03-12T07:28:16","slug":"sluchajmy-glosu-pana","status":"publish","type":"post","link":"https:\/\/gaudiumetspes-blog.pl\/index.php\/2026\/03\/12\/sluchajmy-glosu-pana\/","title":{"rendered":"S\u0142uchajmy g\u0142osu Pana!"},"content":{"rendered":"<p align=\"justify\"><span style=\"color: #000000;\"><span style=\"font-family: Book Antiqua, serif;\"><span style=\"font-size: large;\">Szcz\u0119\u015b\u0107 Bo\u017ce! Moi Drodzy, <b>w dniu <\/b><b>dzisiejszym<\/b><b> <\/b><b>imieniny prze\u017cywa<\/b><b>j\u0105<\/b><b>:<\/b><\/span><\/span><\/span><\/p>\n<p align=\"justify\"><span style=\"color: #000000;\">\u25ba<span style=\"font-family: Book Antiqua, serif;\"><span style=\"font-size: large;\"><b>Grzegorz Zakrzewski \u2013 Organista w Parafii w Tr\u0105bkach,<\/b><\/span><\/span><\/span><\/p>\n<p align=\"justify\"><span style=\"color: #000000;\">\u25ba<span style=\"font-family: Book Antiqua, serif;\"><span style=\"font-size: large;\"><b>Grzegorz \u015awi\u0119ci\u0144ski \u2013 nale\u017c\u0105cy w swoim czasie do jednej z m\u0142odzie\u017cowych Wsp\u00f3lnot,<\/b><\/span><\/span><\/span><\/p>\n<p align=\"justify\"><span style=\"color: #000000;\">\u25ba<span style=\"font-family: Book Antiqua, serif;\"><span style=\"font-size: large;\"><b>Grzegorz Matysiak \u2013 Ko\u015bcielny z Parafii Miastk\u00f3w Ko\u015bcielny,<\/b><\/span><\/span><\/span><\/p>\n<p align=\"justify\"><span style=\"color: #000000;\">\u25ba<span style=\"font-family: Book Antiqua, serif;\"><span style=\"font-size: large;\"><b>Grzegorz Pietranis \u2013 u kt\u00f3rego przez kilka lat zamawiali\u015bmy kajaki i od kt\u00f3rego rozpoczynamy co roku nasz sierpniowy sp\u0142yw kajakowy.<\/b><\/span><\/span><\/span><\/p>\n<p align=\"justify\"><span style=\"color: #000000;\"><span style=\"font-family: Book Antiqua, serif;\"><span style=\"font-size: large;\"><b>Urodziny natomiast prze\u017cywa Ksi\u0105dz Micha\u0142 Mo\u015bcicki \u2013 w czasie swojej formacji seminaryjnej w\u0142\u0105czaj\u0105cy si\u0119 nieco w dzia\u0142alno\u015b\u0107 naszych Wsp\u00f3lnot m\u0142odzie\u017cowych. <\/b><\/span><\/span><\/span><\/p>\n<p align=\"justify\"><span style=\"color: #000000;\"><span style=\"font-family: Book Antiqua, serif;\"><span style=\"font-size: large;\"><b>\u017bycz\u0119 Bo\u017cych mocy i \u015bwiate\u0142! Zapewniam o modlitwie!<\/b><\/span><\/span><\/span><\/p>\n<p align=\"justify\"><span style=\"color: #000000;\"><span style=\"font-family: Book Antiqua, serif;\"><span style=\"font-size: medium;\"><span style=\"font-size: large;\">Drodzy <\/span><span style=\"font-size: large;\">moi<\/span><span style=\"font-size: large;\">, <\/span><span style=\"font-size: large;\">pozdrawiam Was z Siedlec, gdzie od 10:00 do 15:00 b\u0119d\u0119 na dy\u017curze duszpasterskim na Wydzia\u0142ach przy ulicy \u017bytniej, a wieczorem (godzin\u0119 ustal\u0119 na dy\u017curze z Pani\u0105 Kasi\u0105, kt\u00f3rej sprawa dotyczy) b\u0119dzie Msza \u015awi\u0119ta dla um\u00f3wionej grupy Os\u00f3b. A poza tym \u2013 praca na miejscu. I oczywi\u015bcie modlitwa.<\/span><\/span><\/span><\/span><\/p>\n<p align=\"justify\"><span style=\"color: #000000;\"><span style=\"font-family: Book Antiqua, serif;\"><span style=\"font-size: medium;\"><span style=\"font-size: large;\">Drodzy moi, <\/span><strong><span style=\"font-size: large;\"><b>w sobot\u0119, 21 marca, w Katedrze siedleckiej,<\/b><\/span><\/strong> <strong><span style=\"font-size: large;\"><b>Szymon Sala, jeden z moich duchowych Syn\u00f3w, Autor rozwa\u017ca\u0144 wtorkowych na naszym blogu, zostanie w\u0142\u0105czony uroczy\u015bcie do pos\u0142ugi nadzwyczajnego szafarza Komunii \u015awi\u0119tej. <\/b><\/span><\/strong><span style=\"font-size: large;\">W zwi\u0105zku z tym \u2013 jako FORMACJA \u00abSPE SALVI\u00bb, kt\u00f3rej Szymon jest Wiceliderem \u2013 rozpoczynamy od dzisiaj N<\/span><span style=\"font-size: large;\">OWENN\u0118<\/span><span style=\"font-size: large;\"> przygotowuj\u0105c<\/span><span style=\"font-size: large;\">\u0105<\/span><span style=\"font-size: large;\"> Szymona i nas do tego wydarzenia. Bo wszyscy chcemy je <\/span><span style=\"font-size: large;\">prze\u017cy\u0107 jak najpe\u0142niej, dlatego planujemy udzia\u0142 we Mszy \u015awi\u0119tej w ten\u017ce dzie\u0144, o godzinie 12:00. <\/span><span style=\"font-size: large;\">A dla Szymona modlimy si\u0119 o gorliwo\u015b\u0107, zapa\u0142 i jak najwi\u0119ksze duchowe przej\u0119cie przy pe\u0142nieniu tej pos\u0142ugi.<\/span><\/span><\/span><\/span><\/p>\n<p align=\"justify\"><span style=\"color: #000000;\"><span style=\"font-family: Book Antiqua, serif;\"><span style=\"font-size: medium;\"><span style=\"font-size: large;\">Dlatego <\/span><strong><span style=\"font-size: large;\"><b>od<\/b><\/span><\/strong> <strong><span style=\"font-size: large;\"><b>dzisiaj<\/b><\/span><\/strong> <strong><span style=\"font-size: large;\"><b>do pi\u0105tku, 20 marca w\u0142\u0105cznie,<\/b><\/span><\/strong> <strong><span style=\"font-size: large;\"><b>b\u0119dziemy odmawiali jeden dziesi\u0105tek<\/b><\/span><\/strong> <strong><span style=\"font-size: large;\"><b>R\u00f3\u017ca\u0144ca \u015awi\u0119tego,<\/b><\/span><\/strong> <strong><span style=\"font-size: large;\"><b>tajemnic\u0119 pi\u0105t\u0105 \u015bwiat\u0142a \u2013 <\/b><\/span><\/strong><strong><span style=\"font-size: large;\"><b>Ustanowienie<\/b><\/span><\/strong> <strong><span style=\"font-size: large;\"><b>Eucharystii<\/b><\/span><\/strong><strong><span style=\"font-size: large;\">. <\/span><\/strong><strong><span style=\"font-size: large;\">Serdecznie zapraszam Wszystkich, <\/span><\/strong><span style=\"font-size: large;\">kt\u00f3rzy chc\u0105 wesprze\u0107 Szymona i po\u0142\u0105czy\u0107 si\u0119 z nami w tym szturmowaniu Nieba, aby o kt\u00f3rejkolwiek porze dnia t\u0119 modlitw\u0119 odm\u00f3wili.<\/span><\/span><\/span><\/span><\/p>\n<p align=\"justify\"><span style=\"color: #000000;\"><span style=\"font-family: Book Antiqua, serif;\"><span style=\"font-size: medium;\"><span style=\"font-size: large;\">Ze wzgl\u0119du na nazwisko Szymona \u2013 Sala<\/span><span style=\"font-size: large;\"> \u2013 okre\u015blili\u015bmy sobie t\u0119 Nowenn\u0119 jako <\/span><strong><span style=\"font-size: large;\"><b>NOWENNA SALONOWA.<\/b><\/span><\/strong><span style=\"font-size: large;\"> Ale mo\u017cna j\u0105 odm\u00f3wi\u0107 nie tylko w salonie, ale i w kuchni, i na spacerze\u2026 W ko\u015bciele tak\u017ce! Zapraszam! W kolejne dni b\u0119d\u0119 o niej przypomina\u0142. I ju\u017c teraz dzi\u0119kuj\u0119 tym, kt\u00f3rzy si\u0119 w\u0142\u0105cz\u0105!<\/span><\/span><\/span><\/span><\/p>\n<p align=\"justify\"><span style=\"color: #000000;\"><span style=\"font-family: Book Antiqua, serif;\"><span style=\"font-size: large;\">Tymczasem, zapraszam do pochylenia si\u0119 nad Bo\u017cym s\u0142owem dzisiejszej liturgii! Oto s\u0142\u00f3wko Ksi\u0119dza Marka na dzi\u015b:<\/span><\/span><\/span><\/p>\n<p align=\"justify\"><span style=\"color: #000000;\"><span style=\"font-family: Book Antiqua, serif;\"><span style=\"font-size: medium;\"><a href=\"https:\/\/www.youtube.com\/c\/CatholicSurgut\"><span style=\"font-size: large;\"><b>https:\/\/www.youtube.com\/c\/CatholicSurgut<\/b><\/span><\/a> <\/span><\/span><\/span><\/p>\n<p align=\"justify\"><span style=\"color: #000000;\"><span style=\"font-family: Book Antiqua, serif;\"><span style=\"font-size: large;\">Poni\u017cej za\u015b \u2013 <b>s\u0142\u00f3wko Janka Kondeja.<\/b> Jak zawsze \u2013 g\u0142\u0119boko przenikni\u0119te \u017cyciowym do\u015bwiadczeniem. Bardzo dzi\u0119kuj\u0119 za wierno\u015b\u0107 podj\u0119temu dobrowolnie zadaniu. I za prostot\u0119, a jednocze\u015bnie szczero\u015b\u0107 i g\u0142\u0119bi\u0119 przekazu! Niech Pan b\u0119dzie uwielbiony we wszystkim, co Janek ka\u017cdego dnia podejmuje \u2013 na chwa\u0142\u0119 Bo\u017c\u0105 i dla po\u017cytku ca\u0142ego \u015bwiata!<\/span><\/span><\/span><\/p>\n<p align=\"justify\"><span style=\"color: #000000;\"><span style=\"font-family: Book Antiqua, serif;\"><span style=\"font-size: large;\">Zatem, <b>c<\/b><b>o Pan konkretnie do mnie m\u00f3wi?<\/b> Duchu \u015awi\u0119ty, tchnij i o\u015bwiecaj nasze umys\u0142y i serca!<\/span><\/span><\/span><\/p>\n<p align=\"justify\"><span style=\"color: #000000;\"><span style=\"font-family: Book Antiqua, serif;\"><span style=\"font-size: large;\"><b>Niech Was b\u0142ogos\u0142awi B\u00f3g Wszechmog\u0105cy: Ojciec + i Syn, i Duch \u015awi\u0119ty. Amen<\/b><\/span><\/span><\/span><\/p>\n<p align=\"center\"><span style=\"color: #000000;\"><span style=\"font-family: Book Antiqua, serif;\"><span style=\"font-size: large;\">Gaudium et spes! Ks. Jacek<\/span><\/span><\/span><\/p>\n<p align=\"center\">\n<p align=\"center\">\n<p align=\"center\">\n<p align=\"center\">\n<p align=\"center\">\n<p align=\"justify\"><span style=\"color: #000000;\"><span style=\"font-family: Book Antiqua, serif;\"><span style=\"font-size: large;\"><b>Czwartek 3 Tygodnia Wielkiego Postu,<\/b><\/span><\/span><\/span><\/p>\n<p align=\"justify\"><span style=\"color: #000000;\"><span style=\"font-family: Book Antiqua, serif;\"><span style=\"font-size: large;\"><b>12 marca 2026.,\u00a0<\/b><\/span><\/span><\/span><\/p>\n<p align=\"justify\"><span style=\"color: #000000;\"><span style=\"font-family: Book Antiqua, serif;\"><span style=\"font-size: large;\"><b>do czyta\u0144: Jr 7,23\u201328; \u0141k 11,14\u201323<\/b><\/span><\/span><\/span><\/p>\n<p align=\"justify\">\n<p align=\"justify\">\n<p align=\"justify\">\n<p align=\"justify\">\n<p align=\"justify\">\n<p align=\"justify\"><span style=\"color: #000000;\"><span style=\"font-family: Book Antiqua, serif;\"><span style=\"font-size: large;\"><b>CZYTANIE Z KSI\u0118GI PROROKA JEREMIASZA:<\/b><\/span><\/span><\/span><\/p>\n<p align=\"justify\"><span style=\"color: #000000;\"><span style=\"font-family: Book Antiqua, serif;\"><span style=\"font-size: large;\"><b>To m\u00f3wi Pan: \u201eDa\u0142em im przykazanie: \u00abS\u0142uchajcie g\u0142osu mojego, a b\u0119d\u0119 wam Bogiem, wy za\u015b b\u0119dziecie Mi narodem. Chod\u017acie ka\u017cd\u0105 drog\u0105, kt\u00f3r\u0105 wam rozka\u017c\u0119, aby si\u0119 wam dobrze powodzi\u0142o\u00bb.<\/b><\/span><\/span><\/span><\/p>\n<p align=\"justify\"><span style=\"color: #000000;\"><span style=\"font-family: Book Antiqua, serif;\"><span style=\"font-size: large;\"><b>Ale nie us\u0142uchali ani nie chcieli s\u0142ucha\u0107 i poszli wed\u0142ug zatwardzia\u0142o\u015bci swego przewrotnego serca; odwr\u00f3cili si\u0119 plecami, a nie twarz\u0105.<\/b><\/span><\/span><\/span><\/p>\n<p align=\"justify\"><span style=\"color: #000000;\"><span style=\"font-family: Book Antiqua, serif;\"><span style=\"font-size: large;\"><b>Od dnia, kiedy przodkowie wasi wyszli z ziemi egipskiej, do dnia dzisiejszego posy\u0142a\u0142em wam wszystkie moje s\u0142ugi, prorok\u00f3w, bezustannie, lecz nie us\u0142uchali Mnie ani nie nadstawiali swych uszu.<\/b><\/span><\/span><\/span><\/p>\n<p align=\"justify\"><span style=\"color: #000000;\"><span style=\"font-family: Book Antiqua, serif;\"><span style=\"font-size: large;\"><b>Uczynili twardym sw\u00f3j kark, stali si\u0119 gorszymi ni\u017c ich przodkowie. Powiesz im wszystkie te s\u0142owa, ale ci\u0119 nie us\u0142uchaj\u0105; b\u0119dziesz wo\u0142a\u0142 do nich, lecz nie dadz\u0105 ci odpowiedzi.<\/b><\/span><\/span><\/span><\/p>\n<p align=\"justify\"><span style=\"color: #000000;\"><span style=\"font-family: Book Antiqua, serif;\"><span style=\"font-size: large;\"><b>I odezwiesz si\u0119 do nich: \u00abTo jest nar\u00f3d, kt\u00f3ry nie us\u0142ucha\u0142 g\u0142osu Pana, swego Boga, i nie przyj\u0105\u0142 pouczenia. Przepad\u0142a wierno\u015b\u0107, znik\u0142a z ich ust\u00bb\u201d.<\/b><\/span><\/span><\/span><\/p>\n<p align=\"justify\">\n<p align=\"justify\">\n<p align=\"justify\">\n<p align=\"justify\">\n<p align=\"justify\">\n<p align=\"justify\"><span style=\"color: #000000;\"><span style=\"font-family: Book Antiqua, serif;\"><span style=\"font-size: large;\"><b>S\u0141OWA EWANGELII WED\u0141UG \u015aWI\u0118TEGO \u0141UKASZA:<\/b><\/span><\/span><\/span><\/p>\n<p align=\"justify\"><span style=\"color: #000000;\"><span style=\"font-family: Book Antiqua, serif;\"><span style=\"font-size: large;\"><b>Jezus wyrzuca\u0142 z\u0142ego ducha, kt\u00f3ry by\u0142 niemy. A gdy z\u0142y duch wyszed\u0142, niemy zacz\u0105\u0142 m\u00f3wi\u0107 i t\u0142umy by\u0142y zdumione. Lecz niekt\u00f3rzy z nich rzekli: \u201ePrzez Belzebuba, w\u0142adc\u0119 z\u0142ych duch\u00f3w, wyrzuca z\u0142e duchy\u201d. Inni za\u015b, chc\u0105c Go wystawi\u0107 na pr\u00f3b\u0119, domagali si\u0119 od Niego znaku z nieba.<\/b><\/span><\/span><\/span><\/p>\n<p align=\"justify\"><span style=\"color: #000000;\"><span style=\"font-family: Book Antiqua, serif;\"><span style=\"font-size: large;\"><b>On jednak, znaj\u0105c ich my\u015bli, rzek\u0142 do nich: \u201eKa\u017cde kr\u00f3lestwo wewn\u0119trznie rozdarte pustoszeje i dom na dom si\u0119 wali. Je\u015bli wi\u0119c i szatan sam przeciw sobie wewn\u0119trznie jest rozdwojony, jak\u017ce si\u0119 ostoi jego kr\u00f3lestwo? M\u00f3wicie bowiem, \u017ce Ja przez Belzebuba wyrzucam z\u0142e duchy. Lecz je\u015bli Ja przez Belzebuba wyrzucam z\u0142e duchy, to przez kogo je wyrzucaj\u0105 wasi synowie? Dlatego oni b\u0119d\u0105 waszymi s\u0119dziami. A je\u015bli Ja palcem Bo\u017cym wyrzucam z\u0142e duchy, to istotnie przysz\u0142o ju\u017c do was kr\u00f3lestwo Bo\u017ce.<\/b><\/span><\/span><\/span><\/p>\n<p align=\"justify\"><span style=\"color: #000000;\"><span style=\"font-family: Book Antiqua, serif;\"><span style=\"font-size: large;\"><b>Gdy mocarz uzbrojony strze\u017ce swego dworu, bezpieczne jest jego mienie. Lecz gdy mocniejszy od niego nadejdzie i pokona go, zabierze wszystk\u0105 bro\u0144 jego, na kt\u00f3rej polega\u0142, i \u0142upy jego rozda.<\/b><\/span><\/span><\/span><\/p>\n<p align=\"justify\"><span style=\"color: #000000;\"><span style=\"font-family: Book Antiqua, serif;\"><span style=\"font-size: large;\"><b>Kto nie jest ze Mn\u0105, jest przeciwko Mnie; a kto nie zbiera ze Mn\u0105, rozprasza\u201d.<\/b><\/span><\/span><\/span><\/p>\n<p align=\"justify\">\n<p align=\"justify\">\n<p align=\"justify\">\n<p align=\"justify\">\n<p align=\"justify\">\n<p align=\"center\"><span style=\"color: #000000;\"><span style=\"font-family: Book Antiqua, serif;\"><span style=\"font-size: large;\"><b>A OTO S\u0141\u00d3WKO JANKA KONDEJA:<\/b><\/span><\/span><\/span><\/p>\n<p align=\"center\">\n<p align=\"center\">\n<p align=\"center\">\n<p align=\"center\">\n<p align=\"center\">\n<p align=\"justify\"><span style=\"color: #000000;\"><span style=\"font-family: Book Antiqua, serif;\"><span style=\"font-size: large;\">Dzisiejsz\u0105 liturgi\u0119 s\u0142owa, mog\u0119 stre\u015bci\u0107 jednym s\u0142owem: POWO\u0141ANIE! <\/span><\/span><\/span><\/p>\n<p align=\"justify\"><span style=\"color: #000000;\"><span style=\"font-family: Book Antiqua, serif;\"><span style=\"font-size: large;\">Mo\u017ce si\u0119 zastanawiacie, mo\u017ce si\u0119 dziwicie, dlaczego? Dlatego, \u017ce w dzisiejszym czytaniu B\u00f3g zaprasza nas do rado\u015bci! Jak mo\u017cemy osi\u0105gn\u0105\u0107 rado\u015b\u0107? W\u0142a\u015bnie poprzez s\u0142uchanie Jego g\u0142osu! <\/span><\/span><\/span><\/p>\n<p align=\"justify\"><span style=\"color: #000000;\"><span style=\"font-family: Book Antiqua, serif;\"><span style=\"font-size: large;\">W czytaniu tym s\u0142yszymy: <i><b>Da\u0142em im przykazanie: \u201eS\u0142uchajcie g\u0142osu mojego, a b\u0119d\u0119 wam Bogiem, wy za\u015b b\u0119dziecie Mi narodem. Chod\u017acie ka\u017cd\u0105 drog\u0105, kt\u00f3r\u0105 wam rozka\u017c\u0119, aby si\u0119 wam dobrze wiod\u0142o.<\/b><\/i><\/span><\/span><\/span><\/p>\n<p align=\"justify\"><span style=\"color: #000000;\"><span style=\"font-family: Book Antiqua, serif;\"><span style=\"font-size: large;\">B\u00f3g ka\u017cdego z nas zaprasza do szcz\u0119\u015bcia! I to nie byle jakiego szcz\u0119\u015bcia, ale w\u0142a\u015bnie do szcz\u0119\u015bcia wiecznego, kt\u00f3re nigdy nie przeminie! To jest niesamowite i pi\u0119kne, \u017ce czy jeste\u015bmy wierz\u0105cy, czy niewierz\u0105cy, czy jeste\u015bmy innego wyznania; albo jeste\u015bmy blisko Boga lub wiele lat temu oddalili\u015bmy si\u0119 od Niego, to B\u00d3G DO KA\u017bDEGO Z NAS WYSY\u0141A ZAPROSZENIE DO BYCIA SZCZ\u0118\u015aLIWYM! To zaproszenie nigdy nie traci wa\u017cno\u015bci! Ka\u017cdego dnia, B\u00f3g czeka, kiedy odpowiemy na to jego zaproszenie. Lecz zapewne nasza postawa przypomina t\u0119, jak\u0105 przyj\u0119li ludzie, o kt\u00f3rych mowa w pierwszym czytaniu, a kt\u00f3rzy wyra\u017anie nie byli szcz\u0119\u015bliwi\u2026 Bo poszli swoimi drogami. <\/span><\/span><\/span><\/p>\n<p align=\"justify\"><span style=\"color: #000000;\"><span style=\"font-family: Book Antiqua, serif;\"><span style=\"font-size: large;\">Wielu z nas, w dzisiejszym \u015bwiecie, chodzi swoimi drogami. Wol\u0105 p\u00f3j\u015b\u0107 za swoimi planami, nie s\u0142uchaj\u0105c w og\u00f3le g\u0142osu Pa\u0144skiego! B\u00f3g tymczasem zawsze nas b\u0119dzie zaprasza\u0142, by\u015bmy poszli na Golgot\u0119. Nie s\u0105 to aleje gwiazd w Hollywood ani nie jest to czerwony dywan na gali Oscar\u00f3w. To jest droga us\u0142ana upadkami, p\u0142aczem, cierpieniem, a nawet poczuciem samotno\u015bci. <\/span><\/span><\/span><\/p>\n<p align=\"justify\"><span style=\"color: #000000;\"><span style=\"font-family: Book Antiqua, serif;\"><span style=\"font-size: large;\">Gdy ostatnio dane mi by\u0142o poprowadzi\u0107 nabo\u017ce\u0144stwo drogi krzy\u017cowej u mnie w parafii, gdy rozwa\u017ca\u0142em poszczeg\u00f3lne stacje, to poczu\u0142em takie natchnienie: \u201eZobacz, Janek, \u017ce Jezus nie by\u0142 sam na tej drodze. Nie by\u0142a to droga samotna. Byli ludzie, kt\u00f3rzy Jezusowi pomagali. Doce\u0144 ludzi, kt\u00f3rych ci stawiam na drodze \u017cyciowej.\u201d <\/span><\/span><\/span><\/p>\n<p align=\"justify\"><span style=\"color: #000000;\"><span style=\"font-family: Book Antiqua, serif;\"><span style=\"font-size: large;\">To, jak B\u00f3g prowadzi moje \u017cycie, jest dla mnie wielk\u0105 tajemnic\u0105, kt\u00f3r\u0105 odkrywam ka\u017cdego dnia. Nigdy bym nie przypuszcza\u0142, \u017ce poznam tylu warto\u015bciowych ludzi, \u017ce b\u0119d\u0119 sta\u0142 na kasie czy na dziale mi\u0119snym. Nigdy nie pomy\u015bla\u0142em, \u017ce b\u0119d\u0119 \u015bpiewa\u0142 psalmy, a teraz mam ch\u0119\u0107 i d\u0105\u017c\u0119 do tego, by nauczy\u0107 si\u0119 gra\u0107 na organach, czyli na instrumencie, kt\u00f3rym od ma\u0142ego si\u0119 zachwycam. <\/span><\/span><\/span><\/p>\n<p align=\"justify\"><span style=\"color: #000000;\"><span style=\"font-family: Book Antiqua, serif;\"><span style=\"font-size: large;\">Nigdy nie pomy\u015bla\u0142 bym, \u017ce najbli\u017cszych mi ludzi B\u00f3g da mi a\u017c w Bia\u0142ej Podlaskiej. Ode mnie jest to sto trzydzie\u015bci kilometr\u00f3w w jedn\u0105 stron\u0119! Lubi\u0119 si\u0119 z nimi spotyka\u0107 i ciesz\u0119 si\u0119 z ka\u017cdego takiego spotkania. Nie by\u0142oby jednak tego wszystkiego, gdybym nie otworzy\u0142 si\u0119 na Boga i na Jego propozycje wzgl\u0119dem mnie. Tak, jak s\u0142yszymy dzi\u015b w psalmie: <i><b>S\u0142ysz\u0105c g\u0142os Pana, serc nie zatwardzajcie<\/b><\/i><\/span><\/span><\/span><\/p>\n<p align=\"justify\"><span style=\"color: #000000;\"><span style=\"font-family: Book Antiqua, serif;\"><span style=\"font-size: large;\">W\u0142a\u015bnie! Nie zatwardzajmy serc na g\u0142os Pana! On jest niesamowity! Dzisiejsza Ewangelia to pokazuje, \u017ce Jezus tak nas kocha, \u017ce wyrzuci\u0142 z\u0142ego ducha z cz\u0142owieka. On chce dla nas szcz\u0119\u015bcia! Tylko czy my potrafimy je przyjmowa\u0107?<\/span><\/span><\/span><\/p>\n<p align=\"justify\"><span style=\"color: #000000;\"><span style=\"font-family: Book Antiqua, serif;\"><span style=\"font-size: large;\">Nieraz przychodzi gorszy dzie\u0144, kiedy to czuj\u0119, \u017ce jestem jaki\u015b zdo\u0142owany, ale B\u00f3g zawsze jest przy mnie! I ciesz\u0119 si\u0119, \u017ce mam Boga, do z kt\u00f3rym mog\u0119 porozmawia\u0107 na modlitwie, ale ma te\u017c drugiego cz\u0142owieka, do kt\u00f3rego mog\u0119 si\u0119 w tym gorszym dniu odezwa\u0107. <\/span><\/span><\/span><\/p>\n<p align=\"justify\"><span style=\"color: #000000;\"><span style=\"font-family: Book Antiqua, serif;\"><span style=\"font-size: large;\">S\u0142uchajmy g\u0142osu Pana, a nigdy si\u0119 na Nim nie zawiedziemy! Tylko przyjmujmy to wszystko z wiar\u0105!<\/span><\/span><\/span><\/p>\n","protected":false},"excerpt":{"rendered":"<p>Szcz\u0119\u015b\u0107 Bo\u017ce! Moi Drodzy, w dniu dzisiejszym imieniny prze\u017cywaj\u0105: \u25baGrzegorz Zakrzewski \u2013 Organista w Parafii w Tr\u0105bkach, \u25baGrzegorz \u015awi\u0119ci\u0144ski \u2013 nale\u017c\u0105cy w swoim czasie do jednej z m\u0142odzie\u017cowych Wsp\u00f3lnot, \u25baGrzegorz Matysiak \u2013 Ko\u015bcielny z Parafii Miastk\u00f3w Ko\u015bcielny, \u25baGrzegorz Pietranis \u2013 u kt\u00f3rego przez kilka lat zamawiali\u015bmy kajaki i od kt\u00f3rego rozpoczynamy co roku nasz sierpniowy [&hellip;]<\/p>\n","protected":false},"author":1,"featured_media":0,"comment_status":"open","ping_status":"open","sticky":false,"template":"","format":"standard","meta":{"jetpack_post_was_ever_published":false,"_jetpack_newsletter_access":"","_jetpack_dont_email_post_to_subs":false,"_jetpack_newsletter_tier_id":0,"_jetpack_memberships_contains_paywalled_content":false,"_jetpack_memberships_contains_paid_content":false,"footnotes":""},"categories":[1],"tags":[],"class_list":["post-24714","post","type-post","status-publish","format-standard","hentry","category-bez-kategorii"],"yoast_head":"<!-- This site is optimized with the Yoast SEO plugin v25.1 - https:\/\/yoast.com\/wordpress\/plugins\/seo\/ -->\n<title>S\u0142uchajmy g\u0142osu Pana! - Gaudium Et Spes<\/title>\n<meta name=\"robots\" content=\"index, follow, max-snippet:-1, max-image-preview:large, max-video-preview:-1\" \/>\n<link rel=\"canonical\" href=\"https:\/\/gaudiumetspes-blog.pl\/index.php\/2026\/03\/12\/sluchajmy-glosu-pana\/\" \/>\n<meta property=\"og:locale\" content=\"pl_PL\" \/>\n<meta property=\"og:type\" content=\"article\" \/>\n<meta property=\"og:title\" content=\"S\u0142uchajmy g\u0142osu Pana! - Gaudium Et Spes\" \/>\n<meta property=\"og:description\" content=\"Szcz\u0119\u015b\u0107 Bo\u017ce! Moi Drodzy, w dniu dzisiejszym imieniny prze\u017cywaj\u0105: \u25baGrzegorz Zakrzewski \u2013 Organista w Parafii w Tr\u0105bkach, \u25baGrzegorz \u015awi\u0119ci\u0144ski \u2013 nale\u017c\u0105cy w swoim czasie do jednej z m\u0142odzie\u017cowych Wsp\u00f3lnot, \u25baGrzegorz Matysiak \u2013 Ko\u015bcielny z Parafii Miastk\u00f3w Ko\u015bcielny, \u25baGrzegorz Pietranis \u2013 u kt\u00f3rego przez kilka lat zamawiali\u015bmy kajaki i od kt\u00f3rego rozpoczynamy co roku nasz sierpniowy [&hellip;]\" \/>\n<meta property=\"og:url\" content=\"https:\/\/gaudiumetspes-blog.pl\/index.php\/2026\/03\/12\/sluchajmy-glosu-pana\/\" \/>\n<meta property=\"og:site_name\" content=\"Gaudium Et Spes\" \/>\n<meta property=\"article:published_time\" content=\"2026-03-12T07:28:16+00:00\" \/>\n<meta name=\"author\" content=\"Ks. Jacek\" \/>\n<meta name=\"twitter:card\" content=\"summary_large_image\" \/>\n<meta name=\"twitter:label1\" content=\"Napisane przez\" \/>\n\t<meta name=\"twitter:data1\" content=\"Ks. Jacek\" \/>\n\t<meta name=\"twitter:label2\" content=\"Szacowany czas czytania\" \/>\n\t<meta name=\"twitter:data2\" content=\"8 minut\" \/>\n<script type=\"application\/ld+json\" class=\"yoast-schema-graph\">{\"@context\":\"https:\/\/schema.org\",\"@graph\":[{\"@type\":\"WebPage\",\"@id\":\"https:\/\/gaudiumetspes-blog.pl\/index.php\/2026\/03\/12\/sluchajmy-glosu-pana\/\",\"url\":\"https:\/\/gaudiumetspes-blog.pl\/index.php\/2026\/03\/12\/sluchajmy-glosu-pana\/\",\"name\":\"S\u0142uchajmy g\u0142osu Pana! - Gaudium Et Spes\",\"isPartOf\":{\"@id\":\"https:\/\/gaudiumetspes-blog.pl\/#website\"},\"datePublished\":\"2026-03-12T07:28:16+00:00\",\"author\":{\"@id\":\"https:\/\/gaudiumetspes-blog.pl\/#\/schema\/person\/1661982992b752dea8dff0d4ed845a65\"},\"breadcrumb\":{\"@id\":\"https:\/\/gaudiumetspes-blog.pl\/index.php\/2026\/03\/12\/sluchajmy-glosu-pana\/#breadcrumb\"},\"inLanguage\":\"pl-PL\",\"potentialAction\":[{\"@type\":\"ReadAction\",\"target\":[\"https:\/\/gaudiumetspes-blog.pl\/index.php\/2026\/03\/12\/sluchajmy-glosu-pana\/\"]}]},{\"@type\":\"BreadcrumbList\",\"@id\":\"https:\/\/gaudiumetspes-blog.pl\/index.php\/2026\/03\/12\/sluchajmy-glosu-pana\/#breadcrumb\",\"itemListElement\":[{\"@type\":\"ListItem\",\"position\":1,\"name\":\"Strona g\u0142\u00f3wna\",\"item\":\"https:\/\/gaudiumetspes-blog.pl\/\"},{\"@type\":\"ListItem\",\"position\":2,\"name\":\"S\u0142uchajmy g\u0142osu Pana!\"}]},{\"@type\":\"WebSite\",\"@id\":\"https:\/\/gaudiumetspes-blog.pl\/#website\",\"url\":\"https:\/\/gaudiumetspes-blog.pl\/\",\"name\":\"Gaudium Et Spes\",\"description\":\"Blog Ks. Jacka Ja\u015bkowskiego\",\"potentialAction\":[{\"@type\":\"SearchAction\",\"target\":{\"@type\":\"EntryPoint\",\"urlTemplate\":\"https:\/\/gaudiumetspes-blog.pl\/?s={search_term_string}\"},\"query-input\":{\"@type\":\"PropertyValueSpecification\",\"valueRequired\":true,\"valueName\":\"search_term_string\"}}],\"inLanguage\":\"pl-PL\"},{\"@type\":\"Person\",\"@id\":\"https:\/\/gaudiumetspes-blog.pl\/#\/schema\/person\/1661982992b752dea8dff0d4ed845a65\",\"name\":\"Ks. Jacek\",\"image\":{\"@type\":\"ImageObject\",\"inLanguage\":\"pl-PL\",\"@id\":\"https:\/\/gaudiumetspes-blog.pl\/#\/schema\/person\/image\/\",\"url\":\"https:\/\/gaudiumetspes-blog.pl\/wp-content\/uploads\/2019\/07\/avatar-JJ-150x150.jpg\",\"contentUrl\":\"https:\/\/gaudiumetspes-blog.pl\/wp-content\/uploads\/2019\/07\/avatar-JJ-150x150.jpg\",\"caption\":\"Ks. Jacek\"},\"description\":\"Witam serdecznie! K\u0142ania si\u0119 Ks. Jacek Ja\u015bkowski. Nie jestem ani kim\u015b wa\u017cnym, ani kim\u015b znanym. Jestem ksi\u0119dzem, kt\u00f3ry po prostu chce rozmawia\u0107. Codzienna kap\u0142a\u0144ska pos\u0142uga pokazuje mi, \u017ce temat\u00f3w do rozm\u00f3w z ksi\u0119dzem jest coraz wi\u0119cej i dzisiaj \u017caden ksi\u0105dz nie mo\u017ce od nich ucieka\u0107, ale - wprost przeciwnie - podejmowa\u0107 nowe wyzwania. To przekonanie sk\u0142oni\u0142o mnie do pr\u00f3by otwarcia tego\u017c bloga, chocia\u017c okazji do rozm\u00f3w na co dzie\u0144 - w konfesjonale i poza nim - na szcz\u0119\u015bcie nie brakuje. My\u015bl\u0119 jednak, \u017ce ten blog b\u0119dzie jeszcze jednym sposobem i przestrzeni\u0105 nawi\u0105zania kontaktu z lud\u017ami dobrej woli, otwartymi na dialog.\",\"url\":\"https:\/\/gaudiumetspes-blog.pl\/index.php\/author\/ks-jacek\/\"}]}<\/script>\n<!-- \/ Yoast SEO plugin. -->","yoast_head_json":{"title":"S\u0142uchajmy g\u0142osu Pana! - Gaudium Et Spes","robots":{"index":"index","follow":"follow","max-snippet":"max-snippet:-1","max-image-preview":"max-image-preview:large","max-video-preview":"max-video-preview:-1"},"canonical":"https:\/\/gaudiumetspes-blog.pl\/index.php\/2026\/03\/12\/sluchajmy-glosu-pana\/","og_locale":"pl_PL","og_type":"article","og_title":"S\u0142uchajmy g\u0142osu Pana! - Gaudium Et Spes","og_description":"Szcz\u0119\u015b\u0107 Bo\u017ce! Moi Drodzy, w dniu dzisiejszym imieniny prze\u017cywaj\u0105: \u25baGrzegorz Zakrzewski \u2013 Organista w Parafii w Tr\u0105bkach, \u25baGrzegorz \u015awi\u0119ci\u0144ski \u2013 nale\u017c\u0105cy w swoim czasie do jednej z m\u0142odzie\u017cowych Wsp\u00f3lnot, \u25baGrzegorz Matysiak \u2013 Ko\u015bcielny z Parafii Miastk\u00f3w Ko\u015bcielny, \u25baGrzegorz Pietranis \u2013 u kt\u00f3rego przez kilka lat zamawiali\u015bmy kajaki i od kt\u00f3rego rozpoczynamy co roku nasz sierpniowy [&hellip;]","og_url":"https:\/\/gaudiumetspes-blog.pl\/index.php\/2026\/03\/12\/sluchajmy-glosu-pana\/","og_site_name":"Gaudium Et Spes","article_published_time":"2026-03-12T07:28:16+00:00","author":"Ks. Jacek","twitter_card":"summary_large_image","twitter_misc":{"Napisane przez":"Ks. Jacek","Szacowany czas czytania":"8 minut"},"schema":{"@context":"https:\/\/schema.org","@graph":[{"@type":"WebPage","@id":"https:\/\/gaudiumetspes-blog.pl\/index.php\/2026\/03\/12\/sluchajmy-glosu-pana\/","url":"https:\/\/gaudiumetspes-blog.pl\/index.php\/2026\/03\/12\/sluchajmy-glosu-pana\/","name":"S\u0142uchajmy g\u0142osu Pana! - Gaudium Et Spes","isPartOf":{"@id":"https:\/\/gaudiumetspes-blog.pl\/#website"},"datePublished":"2026-03-12T07:28:16+00:00","author":{"@id":"https:\/\/gaudiumetspes-blog.pl\/#\/schema\/person\/1661982992b752dea8dff0d4ed845a65"},"breadcrumb":{"@id":"https:\/\/gaudiumetspes-blog.pl\/index.php\/2026\/03\/12\/sluchajmy-glosu-pana\/#breadcrumb"},"inLanguage":"pl-PL","potentialAction":[{"@type":"ReadAction","target":["https:\/\/gaudiumetspes-blog.pl\/index.php\/2026\/03\/12\/sluchajmy-glosu-pana\/"]}]},{"@type":"BreadcrumbList","@id":"https:\/\/gaudiumetspes-blog.pl\/index.php\/2026\/03\/12\/sluchajmy-glosu-pana\/#breadcrumb","itemListElement":[{"@type":"ListItem","position":1,"name":"Strona g\u0142\u00f3wna","item":"https:\/\/gaudiumetspes-blog.pl\/"},{"@type":"ListItem","position":2,"name":"S\u0142uchajmy g\u0142osu Pana!"}]},{"@type":"WebSite","@id":"https:\/\/gaudiumetspes-blog.pl\/#website","url":"https:\/\/gaudiumetspes-blog.pl\/","name":"Gaudium Et Spes","description":"Blog Ks. Jacka Ja\u015bkowskiego","potentialAction":[{"@type":"SearchAction","target":{"@type":"EntryPoint","urlTemplate":"https:\/\/gaudiumetspes-blog.pl\/?s={search_term_string}"},"query-input":{"@type":"PropertyValueSpecification","valueRequired":true,"valueName":"search_term_string"}}],"inLanguage":"pl-PL"},{"@type":"Person","@id":"https:\/\/gaudiumetspes-blog.pl\/#\/schema\/person\/1661982992b752dea8dff0d4ed845a65","name":"Ks. Jacek","image":{"@type":"ImageObject","inLanguage":"pl-PL","@id":"https:\/\/gaudiumetspes-blog.pl\/#\/schema\/person\/image\/","url":"https:\/\/gaudiumetspes-blog.pl\/wp-content\/uploads\/2019\/07\/avatar-JJ-150x150.jpg","contentUrl":"https:\/\/gaudiumetspes-blog.pl\/wp-content\/uploads\/2019\/07\/avatar-JJ-150x150.jpg","caption":"Ks. Jacek"},"description":"Witam serdecznie! K\u0142ania si\u0119 Ks. Jacek Ja\u015bkowski. Nie jestem ani kim\u015b wa\u017cnym, ani kim\u015b znanym. Jestem ksi\u0119dzem, kt\u00f3ry po prostu chce rozmawia\u0107. Codzienna kap\u0142a\u0144ska pos\u0142uga pokazuje mi, \u017ce temat\u00f3w do rozm\u00f3w z ksi\u0119dzem jest coraz wi\u0119cej i dzisiaj \u017caden ksi\u0105dz nie mo\u017ce od nich ucieka\u0107, ale - wprost przeciwnie - podejmowa\u0107 nowe wyzwania. To przekonanie sk\u0142oni\u0142o mnie do pr\u00f3by otwarcia tego\u017c bloga, chocia\u017c okazji do rozm\u00f3w na co dzie\u0144 - w konfesjonale i poza nim - na szcz\u0119\u015bcie nie brakuje. My\u015bl\u0119 jednak, \u017ce ten blog b\u0119dzie jeszcze jednym sposobem i przestrzeni\u0105 nawi\u0105zania kontaktu z lud\u017ami dobrej woli, otwartymi na dialog.","url":"https:\/\/gaudiumetspes-blog.pl\/index.php\/author\/ks-jacek\/"}]}},"jetpack_featured_media_url":"","jetpack_sharing_enabled":true,"_links":{"self":[{"href":"https:\/\/gaudiumetspes-blog.pl\/index.php\/wp-json\/wp\/v2\/posts\/24714","targetHints":{"allow":["GET"]}}],"collection":[{"href":"https:\/\/gaudiumetspes-blog.pl\/index.php\/wp-json\/wp\/v2\/posts"}],"about":[{"href":"https:\/\/gaudiumetspes-blog.pl\/index.php\/wp-json\/wp\/v2\/types\/post"}],"author":[{"embeddable":true,"href":"https:\/\/gaudiumetspes-blog.pl\/index.php\/wp-json\/wp\/v2\/users\/1"}],"replies":[{"embeddable":true,"href":"https:\/\/gaudiumetspes-blog.pl\/index.php\/wp-json\/wp\/v2\/comments?post=24714"}],"version-history":[{"count":1,"href":"https:\/\/gaudiumetspes-blog.pl\/index.php\/wp-json\/wp\/v2\/posts\/24714\/revisions"}],"predecessor-version":[{"id":24715,"href":"https:\/\/gaudiumetspes-blog.pl\/index.php\/wp-json\/wp\/v2\/posts\/24714\/revisions\/24715"}],"wp:attachment":[{"href":"https:\/\/gaudiumetspes-blog.pl\/index.php\/wp-json\/wp\/v2\/media?parent=24714"}],"wp:term":[{"taxonomy":"category","embeddable":true,"href":"https:\/\/gaudiumetspes-blog.pl\/index.php\/wp-json\/wp\/v2\/categories?post=24714"},{"taxonomy":"post_tag","embeddable":true,"href":"https:\/\/gaudiumetspes-blog.pl\/index.php\/wp-json\/wp\/v2\/tags?post=24714"}],"curies":[{"name":"wp","href":"https:\/\/api.w.org\/{rel}","templated":true}]}}