{"id":24716,"date":"2026-03-13T09:14:16","date_gmt":"2026-03-13T08:14:16","guid":{"rendered":"https:\/\/gaudiumetspes-blog.pl\/?p=24716"},"modified":"2026-03-13T09:14:16","modified_gmt":"2026-03-13T08:14:16","slug":"asyria-nie-moze-nas-zbawic-2","status":"publish","type":"post","link":"https:\/\/gaudiumetspes-blog.pl\/index.php\/2026\/03\/13\/asyria-nie-moze-nas-zbawic-2\/","title":{"rendered":"Asyria nie mo\u017ce nas zbawi\u0107!"},"content":{"rendered":"<p align=\"justify\"><span style=\"color: #000000;\"><span style=\"font-family: Book Antiqua, serif;\"><span style=\"font-size: large;\">Szcz\u0119\u015b\u0107 Bo\u017ce! Drodzy moi, w dniu dzisiejszym <b>u<\/b><b>rodziny natomiast prze\u017cywaj\u0105:<\/b><\/span><\/span><\/span><\/p>\n<p align=\"justify\"><span style=\"color: #000000;\">\u25ba<span style=\"font-size: large;\"><span style=\"font-family: Book Antiqua, serif;\"><b>Alumn <\/b><\/span><span style=\"font-family: Book Antiqua, serif;\"><b>\u0141ukasz Go\u0142awski \u2013 <\/b><\/span><span style=\"font-family: Book Antiqua, serif;\"><b>niegdy\u015b<\/b><\/span><span style=\"font-family: Book Antiqua, serif;\"><b>: Student historii na naszej siedleckiej Uczelni i aktywnie zaanga\u017cowany w dzia\u0142alno\u015b\u0107 naszego Duszpasterstwa, a obecnie: <\/b><\/span><span style=\"font-family: Book Antiqua, serif;\"><b>Alumn Seminarium<\/b><\/span><span style=\"font-family: Book Antiqua, serif;\"><b> w Zgromadzeniu Ksi\u0119\u017cy Werbist\u00f3w;<\/b><\/span><\/span><\/span><\/p>\n<p align=\"justify\"><span style=\"color: #000000;\">\u25ba<span style=\"font-size: large;\"><span style=\"font-family: Book Antiqua, serif;\"><b>Adrianna Ostrowska \u2013 nale\u017c\u0105ca w swoim czasie do jednej z m\u0142odzie\u017cowych Wsp\u00f3lnot. <\/b><\/span><\/span><\/span><\/p>\n<p align=\"justify\"><span style=\"color: #000000;\"><span style=\"font-size: large;\"><span style=\"font-family: Book Antiqua, serif;\"><b>Imieniny natomiast prze\u017cywaj\u0105:<\/b><\/span><\/span><\/span><\/p>\n<p align=\"justify\"><span style=\"color: #000000;\">\u25ba<span style=\"font-size: large;\"><span style=\"font-family: Book Antiqua, serif;\"><b>Krystyna Chru\u015bciel \u2013 koordynuj\u0105ca dzia\u0142alno\u015b\u0107 Duszpasterstwa Niewidomych i Niedowidz\u0105cych w Garwolinie; Osoba niezwykle mi bliska, \u017cyczliwa, bardzo energiczna, aktywna i kreatywna, a do tego: \u017cyj\u0105ca wiar\u0105 na co dzie\u0144;<\/b><\/span><\/span><\/span><\/p>\n<p align=\"justify\"><span style=\"color: #000000;\">\u25ba<span style=\"font-size: large;\"><span style=\"font-family: Book Antiqua, serif;\"><b>Bo\u017cena G\u0142uszczak \u2013 Pracownik Uniwersytetu w Siedlcach.<\/b><\/span><\/span><\/span><\/p>\n<p align=\"justify\"><span style=\"color: #000000;\"><span style=\"font-family: Book Antiqua, serif;\"><span style=\"font-size: large;\"><b>Wszystkim \u015bwi\u0119tuj\u0105cym \u017cycz\u0119, aby \u017cyli na co dzie\u0144 Jezusem i z Jezusem! Zapewniam o modlitwie!<\/b><\/span><\/span><\/span><\/p>\n<p align=\"justify\"><span style=\"color: #000000;\"><span style=\"font-family: Book Antiqua, serif;\"><span style=\"font-size: medium;\"><span style=\"font-size: large;\">Drodzy moi, pozdrawiam Was serdecznie z Siedlec, <\/span><span style=\"font-size: large;\">sk\u0105d zaraz wyruszam do Domu rodzinnego, aby pom\u00f3c Rodzicom w zakupach. Potem wracam do Siedlec i pracuj\u0119 nad sprawami bie\u017c\u0105cymi. Tak\u017ce nad przygotowaniem Rekolekcji, kt\u00f3re mam nied\u0142ugo prowadzi\u0107.<\/span><\/span><\/span><\/span><\/p>\n<p align=\"justify\"><span style=\"color: #000000;\"><span style=\"font-family: Book Antiqua, serif;\"><span style=\"font-size: medium;\"><span style=\"font-size: large;\">Przypominam, \u017ce dzisiaj mamy pi\u0105tek, a wi\u0119c \u2013 Droga Krzy\u017cowa w naszych Parafiach. Zach\u0119cam do uczestnictwa!<\/span><\/span><\/span><\/span><\/p>\n<p align=\"justify\"><span style=\"color: #000000;\"><span style=\"font-family: Book Antiqua, serif;\"><span style=\"font-size: medium;\"><span style=\"font-size: large;\">Przypominam tak\u017ce o <\/span><strong><span style=\"font-size: large;\"><b>NOWENNIE SALONOWEJ,<\/b><\/span><\/strong><span style=\"font-size: large;\"> o kt\u00f3rej pisa\u0142em wczoraj \u2013<\/span><span style=\"font-size: large;\"> w intencji<\/span><strong><span style=\"font-size: large;\"><b> Szymona Sali, <\/b><\/span><\/strong><span style=\"font-size: large;\">przygotowuj\u0105cego si\u0119 do podj\u0119cia i pe\u0142nienia pos\u0142ugi nadzwyczajnego szafarza Komunii \u015awi\u0119tej. W tym duchu i w tej intencji odmawiamy codziennie jeden dziesi\u0105tek R\u00f3\u017ca\u0144ca \u015awi\u0119tego, tajemnic\u0119 pi\u0105t\u0105 \u015bwiat\u0142a: Ustanowienie Eucharystii. Zapraszam do w\u0142\u0105czenia si\u0119 w to dzie\u0142o! Naprawd\u0119 modlimy si\u0119 za bardzo warto\u015bciowego Cz\u0142owieka!<\/span><\/span><\/span><\/span><\/p>\n<p align=\"justify\"><span style=\"color: #000000;\"><span style=\"font-family: Book Antiqua, serif;\"><span style=\"font-size: large;\">A teraz ju\u017c zapraszam do pochylenia si\u0119 nad Bo\u017cym s\u0142owem dzisiejszej liturgii. Oto s\u0142\u00f3wko Ksi\u0119dza Marka na dzi\u015b:<\/span><\/span><\/span><\/p>\n<p align=\"justify\"><span style=\"color: #000000;\"><span style=\"font-family: Book Antiqua, serif;\"><span style=\"font-size: medium;\"><a href=\"https:\/\/www.youtube.com\/c\/CatholicSurgut\"><span style=\"font-size: large;\"><b>https:\/\/www.youtube.com\/c\/CatholicSurgut<\/b><\/span><\/a><\/span><\/span><\/span><\/p>\n<p align=\"justify\"><span style=\"color: #000000;\"><span style=\"font-family: Book Antiqua, serif;\"><span style=\"font-size: large;\">Zatem, <b>co Pan do mnie konkretnie dzi\u015b m\u00f3wi? Jakie zdanie, jak\u0105 my\u015bl, odnosz\u0119 tak szczeg\u00f3lnie do siebie?<\/b> Duchu \u015awi\u0119ty, b\u0105d\u017a \u015bwiat\u0142em, moc\u0105 i g\u0142\u0119bi\u0105!<\/span><\/span><\/span><\/p>\n<p align=\"justify\"><span style=\"color: #000000;\"><span style=\"font-family: Book Antiqua, serif;\"><span style=\"font-size: large;\"><b>Niech Was b\u0142ogos\u0142awi B\u00f3g Wszechmog\u0105cy: Ojciec + i Syn, i Duch \u015awi\u0119ty. Amen<\/b><\/span><\/span><\/span><\/p>\n<p align=\"center\"><span style=\"color: #000000;\"><span style=\"font-family: Book Antiqua, serif;\"><span style=\"font-size: large;\">Gaudium et spes! Ks. Jacek<\/span><\/span><\/span><\/p>\n<p align=\"center\">\n<p align=\"center\">\n<p align=\"center\">\n<p align=\"center\">\n<p align=\"center\">\n<p align=\"justify\"><span style=\"color: #000000;\"><span style=\"font-family: Book Antiqua, serif;\"><span style=\"font-size: large;\"><b>Pi\u0105tek 3 Tygodnia Wielkiego Postu,<\/b><\/span><\/span><\/span><\/p>\n<p align=\"justify\"><span style=\"color: #000000;\"><span style=\"font-family: Book Antiqua, serif;\"><span style=\"font-size: large;\"><b>13 marca 2026.,\u00a0<\/b><\/span><\/span><\/span><\/p>\n<p align=\"justify\"><span style=\"color: #000000;\"><span style=\"font-family: Book Antiqua, serif;\"><span style=\"font-size: large;\"><b>do czyta\u0144: Oz 14,2\u201310; Mk 12,28b\u201334<\/b><\/span><\/span><\/span><\/p>\n<p align=\"justify\">\n<p align=\"justify\">\n<p align=\"justify\">\n<p align=\"justify\">\n<p align=\"justify\">\n<p align=\"justify\"><span style=\"color: #000000;\"><span style=\"font-family: Book Antiqua, serif;\"><span style=\"font-size: large;\"><b>CZYTANIE Z KSI\u0118GI PROROKA OZEASZA: <\/b><\/span><\/span><\/span><\/p>\n<p align=\"justify\"><span style=\"color: #000000;\"><span style=\"font-family: Book Antiqua, serif;\"><span style=\"font-size: large;\"><b>To m\u00f3wi Pan: \u201eWr\u00f3\u0107, Izraelu, do Pana Boga twojego, upad\u0142e\u015b bowiem przez w\u0142asn\u0105 tw\u0105 win\u0119! Zabierzcie ze sob\u0105 s\u0142owa i nawr\u00f3\u0107cie si\u0119 do Pana. M\u00f3wcie do Niego: \u00abPrzebacz nam ca\u0142\u0105 nasz\u0105 win\u0119, w ten spos\u00f3b otrzymamy dobro za owoc naszych warg. Asyria nie mo\u017ce nas zbawi\u0107, nie chcemy ju\u017c wsiada\u0107 na konie ani te\u017c m\u00f3wi\u0107 \u201enasz Bo\u017ce\u201d do dzie\u0142a r\u0105k naszych. U Ciebie bowiem znajdzie lito\u015b\u0107 sierota\u00bb. <\/b><\/span><\/span><\/span><\/p>\n<p align=\"justify\"><span style=\"color: #000000;\"><span style=\"font-family: Book Antiqua, serif;\"><span style=\"font-size: large;\"><b>Ulecz\u0119 ich niewierno\u015b\u0107 i umi\u0142uj\u0119 z serca, bo gniew m\u00f3j odwr\u00f3ci\u0142 si\u0119 od nich. Stan\u0119 si\u0119 jakby ros\u0105 dla Izraela, tak \u017ce rozkwitnie jak lilia i jak topola rozpu\u015bci korzenie. Rozwin\u0105 si\u0119 jego latoro\u015ble, b\u0119dzie wspania\u0142y jak drzewo oliwne, wo\u0144 jego b\u0119dzie jak wo\u0144 Libanu. <\/b><\/span><\/span><\/span><\/p>\n<p align=\"justify\"><span style=\"color: #000000;\"><span style=\"font-family: Book Antiqua, serif;\"><span style=\"font-size: large;\"><b>I wr\u00f3c\u0105 znowu, by usi\u0105\u015b\u0107 w mym cieniu, a zbo\u017ca uprawia\u0107 b\u0119d\u0105, winnice sadzi\u0107, kt\u00f3rych s\u0142awa b\u0119dzie tak wielka jak wina liba\u0144skiego. Co ma jeszcze Efraim wsp\u00f3lnego z bo\u017ckami? Ja go wys\u0142uchuj\u0119 i Ja na\u0144 spogl\u0105dam. Ja jestem jak cyprys zielony i Mnie zawdzi\u0119cza sw\u00f3j owoc. Kt\u00f3\u017c jest tak m\u0105dry, aby to poj\u0105\u0142, i tak rozumny, aby to rozwa\u017cy\u0142? Bo drogi Pana s\u0105 proste: krocz\u0105 nimi sprawiedliwi, lecz potykaj\u0105 si\u0119 na nich grzesznicy\u201d.<\/b><\/span><\/span><\/span><\/p>\n<p align=\"justify\">\n<p align=\"justify\">\n<p align=\"justify\">\n<p align=\"justify\">\n<p align=\"justify\">\n<p align=\"justify\"><span style=\"color: #000000;\"><span style=\"font-family: Book Antiqua, serif;\"><span style=\"font-size: large;\"><b>S\u0141OWA EWANGELII WED\u0141UG \u015aWI\u0118TEGO MARKA:<\/b><\/span><\/span><\/span><\/p>\n<p align=\"justify\"><span style=\"color: #000000;\"><span style=\"font-family: Book Antiqua, serif;\"><span style=\"font-size: large;\"><b>Jeden z uczonych w Pi\u015bmie zbli\u017cy\u0142 si\u0119 do Jezusa i zapyta\u0142 Go: \u201eKt\u00f3re jest pierwsze ze wszystkich przykaza\u0144?\u201d <\/b><\/span><\/span><\/span><\/p>\n<p align=\"justify\"><span style=\"color: #000000;\"><span style=\"font-family: Book Antiqua, serif;\"><span style=\"font-size: large;\"><b>Jezus odpowiedzia\u0142: \u201ePierwsze jest: \u00abS\u0142uchaj, Izraelu, Pan, B\u00f3g nasz, Pan jest jedyny. B\u0119dziesz mi\u0142owa\u0142 Pana, Boga swego, ca\u0142ym swoim sercem, ca\u0142\u0105 swoj\u0105 dusz\u0105, ca\u0142ym swoim umys\u0142em i ca\u0142\u0105 swoj\u0105 moc\u0105\u00bb. Drugie jest to: \u00abB\u0119dziesz mi\u0142owa\u0142 bli\u017aniego swego jak siebie samego\u00bb. Nie ma innego przykazania wi\u0119kszego od tych\u201d. <\/b><\/span><\/span><\/span><\/p>\n<p align=\"justify\"><span style=\"color: #000000;\"><span style=\"font-family: Book Antiqua, serif;\"><span style=\"font-size: large;\"><b>Rzek\u0142 Mu uczony w Pi\u015bmie: \u201eBardzo dobrze, Nauczycielu, s\u0142usznie\u015b powiedzia\u0142, bo Jeden jest i nie ma innego pr\u00f3cz Niego. Mi\u0142owa\u0107 Go ca\u0142ym sercem, ca\u0142ym umys\u0142em i ca\u0142\u0105 moc\u0105 i mi\u0142owa\u0107 bli\u017aniego jak siebie samego daleko wi\u0119cej znaczy ni\u017c wszystkie ca\u0142opalenia i ofiary\u201d. <\/b><\/span><\/span><\/span><\/p>\n<p align=\"justify\"><span style=\"color: #000000;\"><span style=\"font-family: Book Antiqua, serif;\"><span style=\"font-size: large;\"><b>Jezus widz\u0105c, \u017ce rozumnie odpowiedzia\u0142, rzek\u0142 do niego: \u201eNiedaleko jeste\u015b od kr\u00f3lestwa Bo\u017cego\u201d. I nikt ju\u017c nie odwa\u017cy\u0142 si\u0119 wi\u0119cej Go pyta\u0107.<\/b><\/span><\/span><\/span><\/p>\n<p align=\"justify\">\n<p align=\"justify\">\n<p align=\"justify\">\n<p align=\"justify\">\n<p align=\"justify\">\n<p align=\"justify\"><span style=\"color: #000000;\"><span style=\"font-family: Book Antiqua, serif;\"><span style=\"font-size: large;\">Pierwsze czytanie \u2013 to kolejne ju\u017c prorockie <b>wo\u0142anie do narodu o nawr\u00f3cenie,<\/b> o powr\u00f3t do Boga. I to dos\u0142ownie ju\u017c od pierwszego zdania: <i><b>Wr\u00f3\u0107, Izraelu, do Pana Boga twojego! <\/b><\/i>Tym zdaniem mo\u017cna by stre\u015bci\u0107 ca\u0142\u0105 dzisiejsz\u0105 liturgi\u0119 S\u0142owa. <\/span><\/span><\/span><\/p>\n<p align=\"justify\"><span style=\"color: #000000;\"><span style=\"font-family: Book Antiqua, serif;\"><span style=\"font-size: large;\">Bo ca\u0142e pierwsze czytanie to \u017carliwe rozwini\u0119cie tego wezwania. Ju\u017c bowiem w kolejnych zdaniach s\u0142yszymy: <i><b>Zabierzcie ze sob\u0105 s\u0142owa i nawr\u00f3\u0107cie si\u0119 do Pana. M\u00f3wcie do Niego: \u00abPrzebacz nam ca\u0142\u0105 nasz\u0105 win\u0119, w ten spos\u00f3b otrzymamy dobro za owoc naszych warg. Asyria nie mo\u017ce nas zbawi\u0107, nie chcemy ju\u017c wsiada\u0107 na konie ani te\u017c m\u00f3wi\u0107 \u201enasz Bo\u017ce\u201d do dzie\u0142a r\u0105k naszych. U Ciebie bowiem znajdzie lito\u015b\u0107 sierota\u00bb. <\/b><\/i><\/span><\/span><\/span><\/p>\n<p align=\"justify\"><span style=\"color: #000000;\"><span style=\"font-family: Book Antiqua, serif;\"><span style=\"font-size: large;\">Tu w\u0142a\u015bciwie mamy wszystko, co w tej kwestii najistotniejsze: <b>wezwanie do powrotu do Boga, <\/b>co nierozerwalnie \u0142\u0105czy si\u0119 z odwr\u00f3ceniem si\u0119 <b>od fa\u0142szywych b\u00f3stw,<\/b> ale i od innych <b>ziemskich <\/b><b>pot\u0119g<\/b><b>,<\/b> w kt\u00f3rych mo\u017ce chcia\u0142oby si\u0119 widzie\u0107 jakie\u015b wsparcie, ale kt\u00f3re \u2013 z oczywistych wzgl\u0119d\u00f3w \u2013 takim wsparciem by\u0107 nie mog\u0105, bo s\u0105 w\u0142a\u015bnie<b> ziemskimi pot\u0119gami<\/b> i nie da si\u0119 ich nawet w najmniejszym stopniu por\u00f3wna\u0107 do pot\u0119gi Bo\u017cej. Doprawdy, <i><b>Asyria nie mo\u017ce nas zbawi\u0107!<\/b><\/i> <\/span><\/span><\/span><\/p>\n<p align=\"justify\"><span style=\"color: #000000;\"><span style=\"font-family: Book Antiqua, serif;\"><span style=\"font-size: large;\">Tylko B\u00f3g mo\u017ce zbawi\u0107, tylko On mo\u017ce pom\u00f3c, co zreszt\u0105 sam zapowiada w s\u0142owach: <i><b>Ulecz\u0119 ich niewierno\u015b\u0107 i umi\u0142uj\u0119 z serca, bo gniew m\u00f3j<\/b><\/i><b> <\/b><i><b>odwr\u00f3ci\u0142 si\u0119 od nich. Stan\u0119 si\u0119 jakby ros\u0105 dla Izraela, tak \u017ce rozkwitnie jak lilia i jak topola rozpu\u015bci korzenie. Rozwin\u0105 si\u0119 jego latoro\u015ble, b\u0119dzie wspania\u0142y jak drzewo oliwne, wo\u0144 jego b\u0119dzie jak wo\u0144 Libanu.<\/b><\/i><b> <\/b>I jeszcze dalej: <i><b>I wr\u00f3c\u0105 znowu, by usi\u0105\u015b\u0107 w mym cieniu, a zbo\u017ca uprawia\u0107 b\u0119d\u0105, winnice sadzi\u0107, kt\u00f3rych s\u0142awa b\u0119dzie tak wielka jak wina liba\u0144skiego. Co ma jeszcze Efraim wsp\u00f3lnego z bo\u017ckami? Ja go wys\u0142uchuj\u0119 i Ja na\u0144 spogl\u0105dam. Ja jestem jak cyprys zielony i Mnie zawdzi\u0119cza sw\u00f3j owoc. <\/b><\/i><\/span><\/span><\/span><\/p>\n<p align=\"justify\"><span style=\"color: #000000;\"><span style=\"font-family: Book Antiqua, serif;\"><span style=\"font-size: large;\">A na koniec \u2013 niejako w podsumowaniu \u2013 pytanie i stwierdzenie retoryczne: <i><b>Kt\u00f3\u017c jest tak m\u0105dry, aby to poj\u0105\u0142, i tak rozumny, aby to rozwa\u017cy\u0142? Bo drogi Pana s\u0105 proste: krocz\u0105 nimi sprawiedliwi, lecz potykaj\u0105 si\u0119 na nich grzesznicy. <\/b><\/i>C\u00f3\u017c bardziej oczywistego! Potykaj\u0105 si\u0119 ci, <b>kt\u00f3rzy ufaj\u0105 Asyrii;<\/b> potykaj\u0105 si\u0119 ci, kt\u00f3rzy m\u00f3wi\u0105: <i><b>m\u00f3j bo\u017ce<\/b><\/i> do dzie\u0142a swoich w\u0142asnych r\u0105k. <\/span><\/span><\/span><\/p>\n<p align=\"justify\"><span style=\"color: #000000;\"><span style=\"font-family: Book Antiqua, serif;\"><span style=\"font-size: large;\">Drodzy moi, i jedno, i drugie stwierdzenie mo\u017ce si\u0119 wydawa\u0107 <b>zupe\u0142nie nieadekwatnym<\/b> do naszej obecnej rzeczywisto\u015bci. Bo c\u00f3\u017c nam do jakiej\u015b Asyrii, kt\u00f3ra <b>mo\u017ce i by\u0142a<\/b> polityczn\u0105 i militarn\u0105 pot\u0119g\u0105 w tamtym czasie, <b>ale dzisiaj?\u2026<\/b> Jest tylko historycznym wspomnieniem. Albo te\u017c obce b\u00f3stwa, wyobra\u017cane przez pos\u0105gi czy malowid\u0142a \u2013 <b>c\u00f3\u017c nam dzisiaj do nich?<\/b> Czy jednak na pewno? <\/span><\/span><\/span><\/p>\n<p align=\"justify\"><span style=\"color: #000000;\"><span style=\"font-family: Book Antiqua, serif;\"><span style=\"font-size: large;\">Czy miejsca Asyrii \u2013 w naszym \u017cyciu, w naszym my\u015bleniu, w naszej osobistej hierarchii warto\u015bci i wa\u017cno\u015bci os\u00f3b i spraw \u2013 <b>nie zaj\u0119\u0142y inne pot\u0119gi polityczne,<\/b> jak chocia\u017cby tak zwana unia europejska i jej rzekome warto\u015bci? Albo \u2013 na nieco ni\u017cszym poziomie \u2013 r\u00f3\u017cne <b>uk\u0142ady, znajomo\u015bci i kontakty <\/b>polityczne, biznesowe, naukowe, towarzyskie, w kt\u00f3rych szukamy dla siebie niemal\u017ce jedynego sensu i celu w \u017cyciu? <\/span><\/span><\/span><\/p>\n<p align=\"justify\"><span style=\"color: #000000;\"><span style=\"font-family: Book Antiqua, serif;\"><span style=\"font-size: large;\">A czy\u017c <b>nasz w\u0142asny sukces, <\/b>nasze w\u0142asne osi\u0105gni\u0119cia, nasze w\u0142asne talenty, nasze zdolno\u015bci, nasza w\u0142asna sprawno\u015b\u0107 fizyczna i sportowa, <b>a nawet nasze si\u0142y fizyczne, <\/b>zdrowie i zgrabna sylwetka \u2013 to nie s\u0105 takie <b>ma\u0142e i wi\u0119ksze b\u00f3stewka, <\/b>kt\u00f3re zajmuj\u0105 nam miejsce Boga? Czy <b>my sami dla siebie <\/b>\u2013 ju\u017c tak m\u00f3wi\u0105c wprost i mo\u017ce nawet bardzo brutalnie \u2013 <b>nie jeste\u015bmy bogami? <\/b>Czy nie zajmujemy miejsca Boga \u2013 czyli miejsca pierwszego i najwa\u017cniejszego \u2013 <b>w swoim w\u0142asnym my\u015bleniu <\/b>i postrzeganiu \u015bwiata? Niestety \u2013 wiemy, jak jest\u2026 Wiemy, jak mo\u017ce by\u0107\u2026 <\/span><\/span><\/span><\/p>\n<p align=\"justify\"><span style=\"color: #000000;\"><span style=\"font-family: Book Antiqua, serif;\"><span style=\"font-size: large;\">I dlatego Jezus dzisiaj <b>przekierowuje nasze my\u015blenie<\/b> na w\u0142a\u015bciwe tory. A czyni to, odpowiadaj\u0105c na pytanie jednego z uczonych w Pi\u015bmie: <i><b>Kt\u00f3re jest pierwsze ze wszystkich przykaza\u0144? <\/b><\/i>Sk\u0105din\u0105d wiemy, \u017ce w ca\u0142ej mnogo\u015bci przepis\u00f3w i praw, jakimi mieli kierowa\u0107 si\u0119 cz\u0142onkowie narodu wybranego, <b>istnia\u0142a gradacja: podzia\u0142 na przykazania wi\u0119ksze i mniejsze,<\/b> bardziej znacz\u0105ce i te drobniejsze\u2026 Wszystkich ich \u017cydowscy samozwa\u0144czy \u201eprawodawcy\u201d <b>namno\u017cyli do liczby sze\u015bciuset trzynastu,<\/b> nierzadko \u2013 w niekt\u00f3rych z nich \u2013 ocieraj\u0105c si\u0119 o absurd. <\/span><\/span><\/span><\/p>\n<p align=\"justify\"><span style=\"color: #000000;\"><span style=\"font-family: Book Antiqua, serif;\"><span style=\"font-size: large;\">Normalny \u2013 by si\u0119 tak wyrazi\u0107 \u2013 i zwyk\u0142y cz\u0142owiek <b>nie by\u0142 w stanie si\u0119 w tym po\u0142apa\u0107. <\/b>A przebiegli faryzeusze i uczeni w Pi\u015bmie wykorzystywali to do ci\u0105g\u0142ego wywierania presji na lud i trzymania owych prostych ludzi <b>w ci\u0105g\u0142ym strachu i szachu,<\/b> bo raczej nie da\u0142o si\u0119 tak \u017cy\u0107 na co dzie\u0144, aby wszystkich tych przepis\u00f3w dotrzyma\u0107.<b> Zawsze si\u0119 co\u015b przekroczy\u0142o \u2013<\/b> nawet nie do ko\u0144ca wiedz\u0105c, co i dlaczego. Ale jednak.<\/span><\/span><\/span><\/p>\n<p align=\"justify\"><span style=\"color: #000000;\"><span style=\"font-family: Book Antiqua, serif;\"><span style=\"font-size: large;\">Mo\u017cna nawet odwa\u017cy\u0107 si\u0119 na takie do\u015b\u0107 daleko id\u0105ce por\u00f3wnanie, \u017ce owo namno\u017cone do granic absurdu \u2013 a nawet ju\u017c poza nimi \u2013 prawo <b>to takie b\u00f3stwa, \u00abdzie\u0142a r\u0105k ludzkich\u00bb. <\/b>A sami faryzeusze i ca\u0142a elita narodu wybranego <b>to taka Asyria. <\/b>Bo nadzieje \u2013 te oczywi\u015bcie z\u0142e nadzieje \u2013 kt\u00f3re <b>oni pok\u0142adali w sobie samych,<\/b> by\u0142y ogromne!<\/span><\/span><\/span><\/p>\n<p align=\"justify\"><span style=\"color: #000000;\"><span style=\"font-family: Book Antiqua, serif;\"><span style=\"font-size: large;\">I oto dzisiaj Jezus odpowiada na t\u0119 postaw\u0119 i to zachowanie og\u0142aszaj\u0105c, i\u017c <b>pierws<\/b><b>zym i najwa\u017cniejszym przykazaniem, <\/b>zbieraj\u0105cym niejako wszystkie inne, jest to, kt\u00f3re powsta\u0142o z po\u0142\u0105czenia dw\u00f3ch znanych od zawsze przykaza\u0144: <b>mi\u0142o\u015bci do Boga i mi\u0142o\u015bci do cz\u0142owieka. <\/b>Oba te przykazania znane by\u0142y w Starym Testamencie, ale w\u0142a\u015bnie: <b>znane i pojmowane oddzielnie. <\/b>Jezus je <b>nierozerwalnie zwi\u0105za\u0142, <\/b>czyni\u0105c mi\u0142o\u015b\u0107 do Boga jedynym sensem i motywacj\u0105 mi\u0142o\u015bci do cz\u0142owieka, a z kolei mi\u0142o\u015b\u0107 do cz\u0142owieka \u2013 wyrazem i konkretnym sposobem realizacji mi\u0142o\u015bci do Boga. <\/span><\/span><\/span><\/p>\n<p align=\"justify\"><span style=\"color: #000000;\"><span style=\"font-family: Book Antiqua, serif;\"><span style=\"font-size: large;\">A do tego jasne wskazanie, \u017ce <b>mi\u0142o\u015b\u0107 do siebie samego <\/b>\u2013 oczywi\u015bcie, w\u0142a\u015bciwie rozumiana, czyli nie jako egoistyczne wpatrzenie w siebie i zakochanie w sobie samym ze wzajemno\u015bci\u0105 \u2013 jest tu <b>swoistym punktem odniesienia<\/b> i czym\u015b ze wszech miar oczywistym i podstawowym.<\/span><\/span><\/span><\/p>\n<p align=\"justify\"><span style=\"color: #000000;\"><span style=\"font-family: Book Antiqua, serif;\"><span style=\"font-size: large;\">I teraz: <b>je\u017celi uporz\u0105dkujemy swoje my\u015blenie<\/b> w tym w\u0142a\u015bnie kierunku, \u017ce we\u017amiemy sobie g\u0142\u0119boko do serca i b\u0119dziemy ka\u017cdego dnia <b>konsekwentnie i wytrwale realizowa\u0107 przykazanie mi\u0142o\u015bci Boga i bli\u017aniego, <\/b>przy w\u0142a\u015bciwym rozumieniu i realizacji mi\u0142o\u015bci do samego siebie, to nie b\u0119dziemy mieli problem\u00f3w z \u017cadn\u0105 Asyri\u0105 i \u017cadnymi bo\u017ckami, dzie\u0142ami r\u0105k w\u0142asnych!<\/span><\/span><\/span><\/p>\n<p align=\"justify\"><span style=\"color: #000000;\"><span style=\"font-family: Book Antiqua, serif;\"><span style=\"font-size: large;\">Bo \u2013 zaprawd\u0119 \u2013 <i><b>Asyria nie mo\u017ce nas zbawi\u0107, nie chcemy ju\u017c<\/b><\/i><b> <\/b><b>[\u2026]<\/b><b> <\/b><i><b>m\u00f3wi\u0107 \u201enasz Bo\u017ce\u201d do dzie\u0142a r\u0105k naszych\u2026<\/b><\/i><\/span><\/span><\/span><\/p>\n","protected":false},"excerpt":{"rendered":"<p>Szcz\u0119\u015b\u0107 Bo\u017ce! Drodzy moi, w dniu dzisiejszym urodziny natomiast prze\u017cywaj\u0105: \u25baAlumn \u0141ukasz Go\u0142awski \u2013 niegdy\u015b: Student historii na naszej siedleckiej Uczelni i aktywnie zaanga\u017cowany w dzia\u0142alno\u015b\u0107 naszego Duszpasterstwa, a obecnie: Alumn Seminarium w Zgromadzeniu Ksi\u0119\u017cy Werbist\u00f3w; \u25baAdrianna Ostrowska \u2013 nale\u017c\u0105ca w swoim czasie do jednej z m\u0142odzie\u017cowych Wsp\u00f3lnot. Imieniny natomiast prze\u017cywaj\u0105: \u25baKrystyna Chru\u015bciel \u2013 koordynuj\u0105ca [&hellip;]<\/p>\n","protected":false},"author":1,"featured_media":0,"comment_status":"open","ping_status":"open","sticky":false,"template":"","format":"standard","meta":{"jetpack_post_was_ever_published":false,"_jetpack_newsletter_access":"","_jetpack_dont_email_post_to_subs":false,"_jetpack_newsletter_tier_id":0,"_jetpack_memberships_contains_paywalled_content":false,"_jetpack_memberships_contains_paid_content":false,"footnotes":""},"categories":[1],"tags":[],"class_list":["post-24716","post","type-post","status-publish","format-standard","hentry","category-bez-kategorii"],"yoast_head":"<!-- This site is optimized with the Yoast SEO plugin v25.1 - https:\/\/yoast.com\/wordpress\/plugins\/seo\/ -->\n<title>Asyria nie mo\u017ce nas zbawi\u0107! - Gaudium Et Spes<\/title>\n<meta name=\"robots\" content=\"index, follow, max-snippet:-1, max-image-preview:large, max-video-preview:-1\" \/>\n<link rel=\"canonical\" href=\"https:\/\/gaudiumetspes-blog.pl\/index.php\/2026\/03\/13\/asyria-nie-moze-nas-zbawic-2\/\" \/>\n<meta property=\"og:locale\" content=\"pl_PL\" \/>\n<meta property=\"og:type\" content=\"article\" \/>\n<meta property=\"og:title\" content=\"Asyria nie mo\u017ce nas zbawi\u0107! - Gaudium Et Spes\" \/>\n<meta property=\"og:description\" content=\"Szcz\u0119\u015b\u0107 Bo\u017ce! Drodzy moi, w dniu dzisiejszym urodziny natomiast prze\u017cywaj\u0105: \u25baAlumn \u0141ukasz Go\u0142awski \u2013 niegdy\u015b: Student historii na naszej siedleckiej Uczelni i aktywnie zaanga\u017cowany w dzia\u0142alno\u015b\u0107 naszego Duszpasterstwa, a obecnie: Alumn Seminarium w Zgromadzeniu Ksi\u0119\u017cy Werbist\u00f3w; \u25baAdrianna Ostrowska \u2013 nale\u017c\u0105ca w swoim czasie do jednej z m\u0142odzie\u017cowych Wsp\u00f3lnot. Imieniny natomiast prze\u017cywaj\u0105: \u25baKrystyna Chru\u015bciel \u2013 koordynuj\u0105ca [&hellip;]\" \/>\n<meta property=\"og:url\" content=\"https:\/\/gaudiumetspes-blog.pl\/index.php\/2026\/03\/13\/asyria-nie-moze-nas-zbawic-2\/\" \/>\n<meta property=\"og:site_name\" content=\"Gaudium Et Spes\" \/>\n<meta property=\"article:published_time\" content=\"2026-03-13T08:14:16+00:00\" \/>\n<meta name=\"author\" content=\"Ks. Jacek\" \/>\n<meta name=\"twitter:card\" content=\"summary_large_image\" \/>\n<meta name=\"twitter:label1\" content=\"Napisane przez\" \/>\n\t<meta name=\"twitter:data1\" content=\"Ks. Jacek\" \/>\n\t<meta name=\"twitter:label2\" content=\"Szacowany czas czytania\" \/>\n\t<meta name=\"twitter:data2\" content=\"10 minut\" \/>\n<script type=\"application\/ld+json\" class=\"yoast-schema-graph\">{\"@context\":\"https:\/\/schema.org\",\"@graph\":[{\"@type\":\"WebPage\",\"@id\":\"https:\/\/gaudiumetspes-blog.pl\/index.php\/2026\/03\/13\/asyria-nie-moze-nas-zbawic-2\/\",\"url\":\"https:\/\/gaudiumetspes-blog.pl\/index.php\/2026\/03\/13\/asyria-nie-moze-nas-zbawic-2\/\",\"name\":\"Asyria nie mo\u017ce nas zbawi\u0107! - Gaudium Et Spes\",\"isPartOf\":{\"@id\":\"https:\/\/gaudiumetspes-blog.pl\/#website\"},\"datePublished\":\"2026-03-13T08:14:16+00:00\",\"author\":{\"@id\":\"https:\/\/gaudiumetspes-blog.pl\/#\/schema\/person\/1661982992b752dea8dff0d4ed845a65\"},\"breadcrumb\":{\"@id\":\"https:\/\/gaudiumetspes-blog.pl\/index.php\/2026\/03\/13\/asyria-nie-moze-nas-zbawic-2\/#breadcrumb\"},\"inLanguage\":\"pl-PL\",\"potentialAction\":[{\"@type\":\"ReadAction\",\"target\":[\"https:\/\/gaudiumetspes-blog.pl\/index.php\/2026\/03\/13\/asyria-nie-moze-nas-zbawic-2\/\"]}]},{\"@type\":\"BreadcrumbList\",\"@id\":\"https:\/\/gaudiumetspes-blog.pl\/index.php\/2026\/03\/13\/asyria-nie-moze-nas-zbawic-2\/#breadcrumb\",\"itemListElement\":[{\"@type\":\"ListItem\",\"position\":1,\"name\":\"Strona g\u0142\u00f3wna\",\"item\":\"https:\/\/gaudiumetspes-blog.pl\/\"},{\"@type\":\"ListItem\",\"position\":2,\"name\":\"Asyria nie mo\u017ce nas zbawi\u0107!\"}]},{\"@type\":\"WebSite\",\"@id\":\"https:\/\/gaudiumetspes-blog.pl\/#website\",\"url\":\"https:\/\/gaudiumetspes-blog.pl\/\",\"name\":\"Gaudium Et Spes\",\"description\":\"Blog Ks. Jacka Ja\u015bkowskiego\",\"potentialAction\":[{\"@type\":\"SearchAction\",\"target\":{\"@type\":\"EntryPoint\",\"urlTemplate\":\"https:\/\/gaudiumetspes-blog.pl\/?s={search_term_string}\"},\"query-input\":{\"@type\":\"PropertyValueSpecification\",\"valueRequired\":true,\"valueName\":\"search_term_string\"}}],\"inLanguage\":\"pl-PL\"},{\"@type\":\"Person\",\"@id\":\"https:\/\/gaudiumetspes-blog.pl\/#\/schema\/person\/1661982992b752dea8dff0d4ed845a65\",\"name\":\"Ks. Jacek\",\"image\":{\"@type\":\"ImageObject\",\"inLanguage\":\"pl-PL\",\"@id\":\"https:\/\/gaudiumetspes-blog.pl\/#\/schema\/person\/image\/\",\"url\":\"https:\/\/gaudiumetspes-blog.pl\/wp-content\/uploads\/2019\/07\/avatar-JJ-150x150.jpg\",\"contentUrl\":\"https:\/\/gaudiumetspes-blog.pl\/wp-content\/uploads\/2019\/07\/avatar-JJ-150x150.jpg\",\"caption\":\"Ks. Jacek\"},\"description\":\"Witam serdecznie! K\u0142ania si\u0119 Ks. Jacek Ja\u015bkowski. Nie jestem ani kim\u015b wa\u017cnym, ani kim\u015b znanym. Jestem ksi\u0119dzem, kt\u00f3ry po prostu chce rozmawia\u0107. Codzienna kap\u0142a\u0144ska pos\u0142uga pokazuje mi, \u017ce temat\u00f3w do rozm\u00f3w z ksi\u0119dzem jest coraz wi\u0119cej i dzisiaj \u017caden ksi\u0105dz nie mo\u017ce od nich ucieka\u0107, ale - wprost przeciwnie - podejmowa\u0107 nowe wyzwania. To przekonanie sk\u0142oni\u0142o mnie do pr\u00f3by otwarcia tego\u017c bloga, chocia\u017c okazji do rozm\u00f3w na co dzie\u0144 - w konfesjonale i poza nim - na szcz\u0119\u015bcie nie brakuje. My\u015bl\u0119 jednak, \u017ce ten blog b\u0119dzie jeszcze jednym sposobem i przestrzeni\u0105 nawi\u0105zania kontaktu z lud\u017ami dobrej woli, otwartymi na dialog.\",\"url\":\"https:\/\/gaudiumetspes-blog.pl\/index.php\/author\/ks-jacek\/\"}]}<\/script>\n<!-- \/ Yoast SEO plugin. -->","yoast_head_json":{"title":"Asyria nie mo\u017ce nas zbawi\u0107! - Gaudium Et Spes","robots":{"index":"index","follow":"follow","max-snippet":"max-snippet:-1","max-image-preview":"max-image-preview:large","max-video-preview":"max-video-preview:-1"},"canonical":"https:\/\/gaudiumetspes-blog.pl\/index.php\/2026\/03\/13\/asyria-nie-moze-nas-zbawic-2\/","og_locale":"pl_PL","og_type":"article","og_title":"Asyria nie mo\u017ce nas zbawi\u0107! - Gaudium Et Spes","og_description":"Szcz\u0119\u015b\u0107 Bo\u017ce! Drodzy moi, w dniu dzisiejszym urodziny natomiast prze\u017cywaj\u0105: \u25baAlumn \u0141ukasz Go\u0142awski \u2013 niegdy\u015b: Student historii na naszej siedleckiej Uczelni i aktywnie zaanga\u017cowany w dzia\u0142alno\u015b\u0107 naszego Duszpasterstwa, a obecnie: Alumn Seminarium w Zgromadzeniu Ksi\u0119\u017cy Werbist\u00f3w; \u25baAdrianna Ostrowska \u2013 nale\u017c\u0105ca w swoim czasie do jednej z m\u0142odzie\u017cowych Wsp\u00f3lnot. Imieniny natomiast prze\u017cywaj\u0105: \u25baKrystyna Chru\u015bciel \u2013 koordynuj\u0105ca [&hellip;]","og_url":"https:\/\/gaudiumetspes-blog.pl\/index.php\/2026\/03\/13\/asyria-nie-moze-nas-zbawic-2\/","og_site_name":"Gaudium Et Spes","article_published_time":"2026-03-13T08:14:16+00:00","author":"Ks. Jacek","twitter_card":"summary_large_image","twitter_misc":{"Napisane przez":"Ks. Jacek","Szacowany czas czytania":"10 minut"},"schema":{"@context":"https:\/\/schema.org","@graph":[{"@type":"WebPage","@id":"https:\/\/gaudiumetspes-blog.pl\/index.php\/2026\/03\/13\/asyria-nie-moze-nas-zbawic-2\/","url":"https:\/\/gaudiumetspes-blog.pl\/index.php\/2026\/03\/13\/asyria-nie-moze-nas-zbawic-2\/","name":"Asyria nie mo\u017ce nas zbawi\u0107! - Gaudium Et Spes","isPartOf":{"@id":"https:\/\/gaudiumetspes-blog.pl\/#website"},"datePublished":"2026-03-13T08:14:16+00:00","author":{"@id":"https:\/\/gaudiumetspes-blog.pl\/#\/schema\/person\/1661982992b752dea8dff0d4ed845a65"},"breadcrumb":{"@id":"https:\/\/gaudiumetspes-blog.pl\/index.php\/2026\/03\/13\/asyria-nie-moze-nas-zbawic-2\/#breadcrumb"},"inLanguage":"pl-PL","potentialAction":[{"@type":"ReadAction","target":["https:\/\/gaudiumetspes-blog.pl\/index.php\/2026\/03\/13\/asyria-nie-moze-nas-zbawic-2\/"]}]},{"@type":"BreadcrumbList","@id":"https:\/\/gaudiumetspes-blog.pl\/index.php\/2026\/03\/13\/asyria-nie-moze-nas-zbawic-2\/#breadcrumb","itemListElement":[{"@type":"ListItem","position":1,"name":"Strona g\u0142\u00f3wna","item":"https:\/\/gaudiumetspes-blog.pl\/"},{"@type":"ListItem","position":2,"name":"Asyria nie mo\u017ce nas zbawi\u0107!"}]},{"@type":"WebSite","@id":"https:\/\/gaudiumetspes-blog.pl\/#website","url":"https:\/\/gaudiumetspes-blog.pl\/","name":"Gaudium Et Spes","description":"Blog Ks. Jacka Ja\u015bkowskiego","potentialAction":[{"@type":"SearchAction","target":{"@type":"EntryPoint","urlTemplate":"https:\/\/gaudiumetspes-blog.pl\/?s={search_term_string}"},"query-input":{"@type":"PropertyValueSpecification","valueRequired":true,"valueName":"search_term_string"}}],"inLanguage":"pl-PL"},{"@type":"Person","@id":"https:\/\/gaudiumetspes-blog.pl\/#\/schema\/person\/1661982992b752dea8dff0d4ed845a65","name":"Ks. Jacek","image":{"@type":"ImageObject","inLanguage":"pl-PL","@id":"https:\/\/gaudiumetspes-blog.pl\/#\/schema\/person\/image\/","url":"https:\/\/gaudiumetspes-blog.pl\/wp-content\/uploads\/2019\/07\/avatar-JJ-150x150.jpg","contentUrl":"https:\/\/gaudiumetspes-blog.pl\/wp-content\/uploads\/2019\/07\/avatar-JJ-150x150.jpg","caption":"Ks. Jacek"},"description":"Witam serdecznie! K\u0142ania si\u0119 Ks. Jacek Ja\u015bkowski. Nie jestem ani kim\u015b wa\u017cnym, ani kim\u015b znanym. Jestem ksi\u0119dzem, kt\u00f3ry po prostu chce rozmawia\u0107. Codzienna kap\u0142a\u0144ska pos\u0142uga pokazuje mi, \u017ce temat\u00f3w do rozm\u00f3w z ksi\u0119dzem jest coraz wi\u0119cej i dzisiaj \u017caden ksi\u0105dz nie mo\u017ce od nich ucieka\u0107, ale - wprost przeciwnie - podejmowa\u0107 nowe wyzwania. To przekonanie sk\u0142oni\u0142o mnie do pr\u00f3by otwarcia tego\u017c bloga, chocia\u017c okazji do rozm\u00f3w na co dzie\u0144 - w konfesjonale i poza nim - na szcz\u0119\u015bcie nie brakuje. My\u015bl\u0119 jednak, \u017ce ten blog b\u0119dzie jeszcze jednym sposobem i przestrzeni\u0105 nawi\u0105zania kontaktu z lud\u017ami dobrej woli, otwartymi na dialog.","url":"https:\/\/gaudiumetspes-blog.pl\/index.php\/author\/ks-jacek\/"}]}},"jetpack_featured_media_url":"","jetpack_sharing_enabled":true,"_links":{"self":[{"href":"https:\/\/gaudiumetspes-blog.pl\/index.php\/wp-json\/wp\/v2\/posts\/24716","targetHints":{"allow":["GET"]}}],"collection":[{"href":"https:\/\/gaudiumetspes-blog.pl\/index.php\/wp-json\/wp\/v2\/posts"}],"about":[{"href":"https:\/\/gaudiumetspes-blog.pl\/index.php\/wp-json\/wp\/v2\/types\/post"}],"author":[{"embeddable":true,"href":"https:\/\/gaudiumetspes-blog.pl\/index.php\/wp-json\/wp\/v2\/users\/1"}],"replies":[{"embeddable":true,"href":"https:\/\/gaudiumetspes-blog.pl\/index.php\/wp-json\/wp\/v2\/comments?post=24716"}],"version-history":[{"count":1,"href":"https:\/\/gaudiumetspes-blog.pl\/index.php\/wp-json\/wp\/v2\/posts\/24716\/revisions"}],"predecessor-version":[{"id":24717,"href":"https:\/\/gaudiumetspes-blog.pl\/index.php\/wp-json\/wp\/v2\/posts\/24716\/revisions\/24717"}],"wp:attachment":[{"href":"https:\/\/gaudiumetspes-blog.pl\/index.php\/wp-json\/wp\/v2\/media?parent=24716"}],"wp:term":[{"taxonomy":"category","embeddable":true,"href":"https:\/\/gaudiumetspes-blog.pl\/index.php\/wp-json\/wp\/v2\/categories?post=24716"},{"taxonomy":"post_tag","embeddable":true,"href":"https:\/\/gaudiumetspes-blog.pl\/index.php\/wp-json\/wp\/v2\/tags?post=24716"}],"curies":[{"name":"wp","href":"https:\/\/api.w.org\/{rel}","templated":true}]}}