{"id":24718,"date":"2026-03-14T09:04:04","date_gmt":"2026-03-14T08:04:04","guid":{"rendered":"https:\/\/gaudiumetspes-blog.pl\/?p=24718"},"modified":"2026-03-14T09:05:50","modified_gmt":"2026-03-14T08:05:50","slug":"24718","status":"publish","type":"post","link":"https:\/\/gaudiumetspes-blog.pl\/index.php\/2026\/03\/14\/24718\/","title":{"rendered":"Wyj\u015b\u0107 z siebie samego!"},"content":{"rendered":"<p align=\"justify\"><span style=\"color: #000000;\"><span style=\"font-family: Book Antiqua, serif;\"><span style=\"font-size: large;\">Szcz\u0119\u015b\u0107 Bo\u017ce! Drodzy moi, w dniu dzisiejszym<b> urodziny prze\u017cywa <\/b><b>Doktor<\/b><b> in\u017cynier \u0141ukasz Doma\u0144ski \u2013 <\/b><b>Pracownik naukowy<\/b><b> Uniwersytetu w Siedlcach. Dzi\u0119kuj\u0119 Jubilatowi za wspieranie naszego Duszpasterstwa \u2013 szczeg\u00f3lnie za przygotowywanie plakat\u00f3w z \u017cyczeniami Duszpasterstwa, albo zaproszeniami na rekolekcje i inne spotkania, <\/b><b>czy te\u017c ostatnio: <\/b><b>za <\/b><b>przygotowanie <\/b><b>graficzne <\/b><b>kalendarza naszego Duszpasterstwa<\/b><b> \u2013 oraz za \u017cyczliwo\u015b\u0107 i otwarto\u015b\u0107 serca! Niech Pan we wszystkim b\u0142ogos\u0142awi! Zapewniam o modlitwie!<\/b><\/span><\/span><\/span><\/p>\n<p align=\"justify\"><span style=\"color: #000000;\"><span style=\"font-family: Book Antiqua, serif;\"><span style=\"font-size: large;\">Ja pozdrawiam Was z Siedlec, gdzie dzisiaj zamierzam pozosta\u0107 na miejscu i porz\u0105dnie popracowa\u0107, przygotowuj\u0105c si\u0119 chocia\u017cby do Rekolekcji, kt\u00f3re jutro rozpoczn\u0119 w Konstantynowie.<\/span><\/span><\/span><\/p>\n<p align=\"justify\"><span style=\"color: #000000;\"><span style=\"font-family: Book Antiqua, serif;\"><span style=\"font-size: large;\">Drodzy moi, przypominam tym, kt\u00f3rzy \u0142\u0105cz\u0105 si\u0119 z nami w modlitwie <b>za Szymona Sal\u0119<\/b> i Jego pos\u0142ug\u0119 nadzwyczajnego szafarza Komunii \u015awi\u0119tej, \u017ce dzisiaj mamy ju\u017c <strong>trzeci dzie\u0144 naszej<\/strong> <b>NOWENNY SALONOWEJ.<\/b> Zapraszam do wsp\u00f3lnej modlitwy! I ju\u017c za ni\u0105 dzi\u0119kuj\u0119!<\/span><\/span><\/span><\/p>\n<p align=\"justify\"><span style=\"color: #000000;\"><span style=\"font-family: Book Antiqua, serif;\"><span style=\"font-size: large;\">Tymczasem, zapraszam do zg\u0142\u0119bienia dzisiejszego S\u0142owa. Oto s\u0142\u00f3wko Ksi\u0119dza Marka na dzi\u015b:<\/span><\/span><\/span><\/p>\n<p align=\"justify\"><span style=\"color: #000000;\"><span style=\"font-family: Book Antiqua, serif;\"><span style=\"font-size: medium;\"><a href=\"https:\/\/www.youtube.com\/c\/CatholicSurgut\"><span style=\"font-size: large;\"><span lang=\"zxx\"><u><b>https:\/\/www.youtube.com\/c\/CatholicSurgut<\/b><\/u><\/span><\/span><\/a><\/span><\/span><\/span><\/p>\n<p align=\"justify\"><span style=\"font-family: Book Antiqua, serif;\"><span style=\"font-size: large;\"><span style=\"color: #000000;\">Z<\/span>atem, <b>co konkretnie m\u00f3wi dzi\u015b do mnie Pan? <\/b>Duchu \u015awi\u0119ty, pom\u00f3\u017c to odkry\u0107\u2026<\/span><\/span><\/p>\n<p align=\"justify\"><span style=\"font-family: Book Antiqua, serif;\"><span style=\"font-size: large;\"><b><span style=\"color: #000000;\">Niech Was b\u0142ogos\u0142awi B\u00f3g Wszechmog\u0105cy: Ojciec + i Syn, i Duch \u015awi\u0119ty. Amen<\/span><\/b><\/span><\/span><\/p>\n<p align=\"center\"><span style=\"font-family: Book Antiqua, serif;\"><span style=\"font-size: large;\"><span style=\"color: #000000;\">Gaudium et spes! Ks. Jacek<\/span><\/span><\/span><\/p>\n<p align=\"center\">\n<p align=\"center\">\n<p align=\"center\">\n<p align=\"center\">\n<p align=\"center\">\n<p align=\"justify\"><span style=\"color: #000000;\"><span style=\"font-family: Book Antiqua, serif;\"><span style=\"font-size: large;\"><b>Sobota 3 Tygodnia Wielkiego Postu,<\/b><\/span><\/span><\/span><\/p>\n<p align=\"justify\"><span style=\"color: #000000;\"><span style=\"font-family: Book Antiqua, serif;\"><span style=\"font-size: large;\"><b>14 marca 2026.,\u00a0<\/b><\/span><\/span><\/span><\/p>\n<p align=\"justify\"><span style=\"color: #000000;\"><span style=\"font-family: Book Antiqua, serif;\"><span style=\"font-size: large;\"><b>do czyta\u0144: Oz 6,1\u20136; \u0141k 18,9\u201314<\/b><\/span><\/span><\/span><\/p>\n<p align=\"justify\">\n<p align=\"justify\">\n<p align=\"justify\">\n<p align=\"justify\">\n<p align=\"justify\">\n<p align=\"justify\"><span style=\"color: #000000;\"><span style=\"font-family: Book Antiqua, serif;\"><span style=\"font-size: large;\"><b>CZYTANIE Z KSI\u0118GI PROROKA OZEASZA: <\/b><\/span><\/span><\/span><\/p>\n<p align=\"justify\"><span style=\"color: #000000;\"><span style=\"font-family: Book Antiqua, serif;\"><span style=\"font-size: large;\"><b>Chod\u017acie, powr\u00f3\u0107my do Pana! On nas porani\u0142 i On te\u017c uleczy, On to nas pobi\u0142, On ran\u0119 zawi\u0105\u017ce. Po dwu dniach przywr\u00f3ci nam \u017cycie, a dnia trzeciego nas d\u017awignie i \u017cy\u0107 b\u0119dziemy w Jego obecno\u015bci. Do\u0142\u00f3\u017cmy stara\u0144, aby pozna\u0107 Pana; Jego przyj\u015bcie jest pewne jak \u015bwit poranka, jak wczesny deszcz przychodzi On do nas i jak deszcz p\u00f3\u017any, co nasyca ziemi\u0119. <\/b><\/span><\/span><\/span><\/p>\n<p align=\"justify\"><span style=\"color: #000000;\">\u201e<span style=\"font-family: Book Antiqua, serif;\"><span style=\"font-size: large;\"><b>C\u00f3\u017c ci mog\u0119 uczyni\u0107, Efraimie, co poczn\u0119 z tob\u0105, Judo? Mi\u0142o\u015b\u0107 wasza podobna do chmur na \u015bwitaniu albo do rosy, kt\u00f3ra pr\u0119dko znika. Dlatego ciosa\u0142em ich przez prorok\u00f3w, s\u0142owami ust mych zabija\u0142em, a Prawo moje zab\u0142ys\u0142o jak \u015bwiat\u0142o. Mi\u0142o\u015bci pragn\u0119, nie krwawej ofiary, poznania Boga bardziej ni\u017c ca\u0142opale\u0144\u201d.<\/b><\/span><\/span><\/span><\/p>\n<p align=\"justify\">\n<p align=\"justify\">\n<p align=\"justify\">\n<p align=\"justify\">\n<p align=\"justify\">\n<p align=\"justify\"><span style=\"color: #000000;\"><span style=\"font-family: Book Antiqua, serif;\"><span style=\"font-size: large;\"><b>S\u0141OWA EWANGELII WED\u0141UG \u015aWI\u0118TEGO \u0141UKASZA:<\/b><\/span><\/span><\/span><\/p>\n<p align=\"justify\"><span style=\"color: #000000;\"><span style=\"font-family: Book Antiqua, serif;\"><span style=\"font-size: large;\"><b>Jezus powiedzia\u0142 do niekt\u00f3rych, co ufali sobie, \u017ce s\u0105 sprawiedliwi, a innymi gardzili, t\u0119 przypowie\u015b\u0107: <\/b><\/span><\/span><\/span><\/p>\n<p align=\"justify\"><span style=\"color: #000000;\">\u201e<span style=\"font-family: Book Antiqua, serif;\"><span style=\"font-size: large;\"><b>Dw\u00f3ch ludzi przysz\u0142o do \u015bwi\u0105tyni, \u017ceby si\u0119 modli\u0107, jeden faryzeusz, a drugi celnik. Faryzeusz stan\u0105\u0142 i tak w duszy si\u0119 modli\u0142: \u00abBo\u017ce, dzi\u0119kuj\u0119 Ci, \u017ce nie jestem jak inni ludzie, zdziercy, oszu\u015bci, cudzo\u0142o\u017cnicy, albo jak i ten celnik. Zachowuj\u0119 post dwa razy w tygodniu, daj\u0119 dziesi\u0119cin\u0119 ze wszystkiego, co nabywam\u00bb. <\/b><\/span><\/span><\/span><\/p>\n<p align=\"justify\"><span style=\"color: #000000;\"><span style=\"font-family: Book Antiqua, serif;\"><span style=\"font-size: large;\"><b>Natomiast celnik sta\u0142 z daleka i nie \u015bmia\u0142 nawet oczu wznie\u015b\u0107 ku niebu, lecz bi\u0142 si\u0119 w piersi i m\u00f3wi\u0142: \u00abBo\u017ce, miej lito\u015b\u0107 dla mnie, grzesznika\u00bb. <\/b><\/span><\/span><\/span><\/p>\n<p align=\"justify\"><span style=\"color: #000000;\"><span style=\"font-family: Book Antiqua, serif;\"><span style=\"font-size: large;\"><b>Powiadam wam: Ten odszed\u0142 do domu usprawiedliwiony, nie tamten. Ka\u017cdy bowiem, kto si\u0119 wywy\u017csza, b\u0119dzie poni\u017cony, a kto si\u0119 uni\u017ca, b\u0119dzie wywy\u017cszony\u201d.<\/b><\/span><\/span><\/span><\/p>\n<p align=\"justify\">\n<p align=\"justify\">\n<p align=\"justify\">\n<p align=\"justify\">\n<p align=\"justify\">\n<p align=\"justify\"><span style=\"color: #000000;\"><span style=\"font-family: Book Antiqua, serif;\"><span style=\"font-size: large;\">Kolejne, kluczowe stwierdzenie, stanowi\u0105ce swoiste streszczenie liturgii S\u0142owa dzisiejszego dnia: <i><b>Chod\u017acie, powr\u00f3\u0107my do Pana!<\/b><\/i><b> <\/b>Tego typu wezwania znajdujemy w Pismach prorockich, odczytywanych przez nas w liturgii tych wielkopostnych dni. Pan \u2013 przez swoich Prorok\u00f3w \u2013 <b>wzywa swoje dzieci do nawr\u00f3cenia!<\/b> No, w\u0142a\u015bnie \u2013 do powrotu do Niego. Bo nawr\u00f3cenie \u2013 to <b>\u201epowr\u00f3cenie\u201d do Boga,<\/b> do jedno\u015bci z Nim. <\/span><\/span><\/span><\/p>\n<p align=\"justify\"><span style=\"color: #000000;\"><span style=\"font-family: Book Antiqua, serif;\"><span style=\"font-size: large;\">Do<b> \u00abpoznania Boga\u00bb. <\/b>I t\u0119 zach\u0119t\u0119 dzisiaj s\u0142yszymy: <i><b>Do\u0142\u00f3\u017cmy stara\u0144, aby pozna\u0107 Pana!<\/b><\/i><b> <\/b>U Ozeasza okre\u015blenie to oznacza co\u015b wi\u0119cej, ani\u017celi tylko dowiedzenie si\u0119, kto jest dan\u0105 osob\u0105, jak si\u0119 nazywa, gdzie mieszka \u2013 i paru innych, podstawowych wiadomo\u015bci. To do\u015b\u0107 znamienne dla Ozeasza okre\u015blenie \u2013 w ca\u0142ym Pi\u015bmie \u015awi\u0119tym oznacza <b>wej\u015bcie z <\/b><b>Bogiem<\/b><b> w bardzo blisk\u0105 relacj\u0119, zjednoczenie si\u0119 z Nim.<\/b> Owszem, tak\u017ce <b>poznanie Go jak najlepiej <\/b>\u2013 w sensie: Jego nauki, Jego woli, Jego mi\u0142o\u015bci, ale przede wszystkim: zbudowanie z Nim<b> jak najmocniejszej relacji.<\/b> I do takiej wzywa dzi\u015b Prorok. <\/span><\/span><\/span><\/p>\n<p align=\"justify\"><span style=\"color: #000000;\"><span style=\"font-family: Book Antiqua, serif;\"><span style=\"font-size: large;\">Zauwa\u017cmy, \u017ce te jego wezwania nios\u0105 w sobie element mocnej zach\u0119ty: <i><b>Chod\u017acie, powr\u00f3\u0107my\u2026<\/b><\/i> Przecie\u017c m\u00f3g\u0142 napisa\u0107 tylko zwyczajnie: <i><b>Powr\u00f3\u0107my! <\/b><\/i>On jednak wola\u0142 to jeszcze wzmocni\u0107 tym s\u0142owem: <i><b>C<\/b><\/i><i><b>hod\u017amy!,<\/b><\/i> czyli: zbierzmy si\u0119, ruszmy si\u0119 z miejsca, zmobilizujmy si\u0142y! Czy te\u017c: <i><b>Do\u0142\u00f3\u017cmy stara\u0144!<\/b><\/i> \u2013 wezwanie w tym samym duchu. <\/span><\/span><\/span><\/p>\n<p align=\"justify\"><span style=\"color: #000000;\"><span style=\"font-family: Book Antiqua, serif;\"><span style=\"font-size: large;\">A uzasadnieniem dla takiej mobilizacji duchowej s\u0105 s\u0142owa samego Boga, kt\u00f3rymi ko\u0144czy si\u0119 dzisiejsze pierwsze czytanie: <i><b>Mi\u0142o\u015bci pragn\u0119, nie krwawej ofiary, poznania Boga bardziej ni\u017c ca\u0142opale\u0144.<\/b><\/i><b> <\/b>Kiedy tak s\u0142uchamy tego stwierdzenia, to z pewno\u015bci\u0105 wydaje si\u0119 nam ono <b>ze wszech miar s\u0142uszne i m\u0105dre.<\/b> Bo komu z nas \u2013 nie tylko Bogu \u2013 zale\u017cy na zewn\u0119trznych znakach i gestach ze strony drugiego cz\u0142owieka, <b>je\u017celi za nimi nie stoi szczera mi\u0142o\u015b\u0107?\u2026<\/b> Oczywista to sprawa. <\/span><\/span><\/span><\/p>\n<p align=\"justify\"><span style=\"color: #000000;\"><span style=\"font-family: Book Antiqua, serif;\"><span style=\"font-size: large;\">Niestety, jak si\u0119 okazuje, <b>nie dla wszystkich.<\/b> Na pewno, w czasie, kiedy Ozeasz pisa\u0142 swoj\u0105 Ksi\u0119g\u0119, sprawy te nie przez wszystkich by\u0142y nale\u017cycie rozumiane, dlatego te\u017c <b>musia\u0142 o tym pisa\u0107 <\/b>i przed tym przestrzega\u0107. I w czasach Jezusa by\u0142o podobnie, skoro musia\u0142 dzisiaj, w Ewangelii, pokaza\u0107 <b>dwie zupe\u0142nie r\u00f3\u017cne postawy ludzi, <\/b>kt\u00f3rzy przyszli do \u015bwi\u0105tyni. Czyli \u2013 chcia\u0142oby si\u0119 powiedzie\u0107 \u2013 <b>przyszli do Boga,<\/b> na spotkanie z Nim, na rozmow\u0119 z Nim. Czy jednak rzeczywi\u015bcie przyszli do Boga? Obaj przyszli? <\/span><\/span><\/span><\/p>\n<p align=\"justify\"><span style=\"color: #000000;\"><span style=\"font-family: Book Antiqua, serif;\"><span style=\"font-size: large;\">Celnik na pewno. S\u0142yszymy, jak\u0105 przyj\u0105\u0142 postaw\u0119: <i><b>S<\/b><\/i><i><b>ta\u0142 z daleka i nie \u015bmia\u0142 nawet oczu wznie\u015b\u0107 ku niebu, lecz bi\u0142 si\u0119 w piersi i m\u00f3wi\u0142: \u00abBo\u017ce, miej lito\u015b\u0107 dla mnie, grzesznika\u00bb.<\/b><\/i><b> <\/b>Bo rzeczywi\u015bcie by\u0142 grzesznikiem. Dobrze wiemy, <b>jakie to sprawki mieli na sumieniu<\/b> \u00f3wcze\u015bni celnicy \u2013 poborcy podatku dla rzymskiego okupanta: jak to <b>\u0142upili swoich rodak\u00f3w, <\/b>oszukuj\u0105c i kradn\u0105c, jak si\u0119 tylko da\u0142o. I ten\u017ce grzesznik przychodzi, aby przyzna\u0107 si\u0119 do swego grzechu<b> i z wielk\u0105 pokor\u0105 prosi\u0107 o mi\u0142osierdzie.<\/b> A tak naprawd\u0119, to chyba nawet <b>nie mia\u0142 odwagi prosi\u0107,<\/b> bo nawet oczu nie \u015bmia\u0142 wznie\u015b\u0107 do Pana. <\/span><\/span><\/span><\/p>\n<p align=\"justify\"><span style=\"color: #000000;\"><span style=\"font-family: Book Antiqua, serif;\"><span style=\"font-size: large;\"><b>Co innego faryzeusz!<\/b> O, ten \u2013 to dopiero \u201epe\u0142nia doskona\u0142o\u015bci\u201d! Sam nie omieszka\u0142 o tym poinformowa\u0107 Boga: <i><b>Bo\u017ce, dzi\u0119kuj\u0119 Ci, \u017ce nie jestem jak inni ludzie, zdziercy, oszu\u015bci, cudzo\u0142o\u017cnicy, albo jak i ten celnik. Zachowuj\u0119 post dwa razy w tygodniu, daj\u0119 dziesi\u0119cin\u0119 ze wszystkiego, co nabywam! <\/b><\/i>Przypuszczalnie, to by\u0142 dopiero pocz\u0105tek wyliczania jego zas\u0142ug, bo pewnie Jezus nie chcia\u0142 nas ju\u017c zanudza\u0107 cytowaniem dalszych punkt\u00f3w <b>d\u0142ugiej listy jego zas\u0142ug i jego ofiar,<\/b> sk\u0142adanych Bogu. <\/span><\/span><\/span><\/p>\n<p align=\"justify\"><span style=\"color: #000000;\"><span style=\"font-family: Book Antiqua, serif;\"><span style=\"font-size: large;\">Niestety, w podsumowaniu dzisiejszego swego pouczenia Jezus stwierdzi\u0142 bardzo mocno i jednoznacznie, wskazuj\u0105c na celnika: <i><b>Powiadam wam: Ten odszed\u0142 do domu usprawiedliwiony, nie tamten.<\/b><\/i><b> <\/b>Dlaczego? To oczywiste: <i><b>Ka\u017cdy bowiem, kto si\u0119 wywy\u017csza, b\u0119dzie poni\u017cony, a kto si\u0119 uni\u017ca, b\u0119dzie wywy\u017cszony.<\/b><\/i><b> <\/b>Mo\u017cemy zatem powiedzie\u0107 \u2013 id\u0105c po linii pierwszego dzisiejszego czytania \u2013 \u017ce faryzeusz <b>przyni\u00f3s\u0142 ofiary, <\/b>ale to celnik <b>przyni\u00f3s\u0142 mi\u0142o\u015b\u0107.<\/b> I to celnik<b> pozna\u0142 Pana, spotka\u0142 si\u0119 z Nim <\/b>\u2013 faryzeusz ani troch\u0119! B\u00f3g pozosta\u0142 dla niego zupe\u0142nie oby i odleg\u0142y, On Go w og\u00f3le nie pozna\u0142.<\/span><\/span><\/span><\/p>\n<p align=\"justify\"><span style=\"color: #000000;\"> <span style=\"font-family: Book Antiqua, serif;\"><span style=\"font-size: large;\">Nawet Go tak naprawd\u0119 nie spotka\u0142, <\/span><\/span><b>chocia\u017c przekroczy\u0142 pr\u00f3g \u015bwi\u0105tyni, <\/b>a nawet <b>stan\u0105\u0142 bardzo blisko<\/b> miejsca, kt\u00f3re my dzi\u015b okre\u015blamy jako prezbiterium czy o\u0142tarz \u2013 tak przynajmniej wynika ze s\u0142\u00f3w Jezusa, wyra\u017anie wskazuj\u0105cych, \u017ce <i><b>celnik sta\u0142 z daleka.<\/b><\/i> Oznacza\u0142o to, \u017ce by\u0142a to inna postawa od tej, kt\u00f3r\u0105 przyj\u0105\u0142 faryzeusz. Zreszt\u0105, s\u0142owo: <i><b>stan\u0105\u0142, <\/b><\/i>u\u017cyte przez Jezusa w odniesieniu do tego ostatniego, pozwala nam na <b>wyobra\u017cenie sobie takiej pysznej postawy<\/b> kogo\u015b, kto stoi wyprostowany, z piersi\u0105 wypi\u0119t\u0105 \u201edo order\u00f3w\u201d, patrz\u0105c Bogu i ca\u0142emu \u015bwiatu prosto w oczy z takim wyzywaj\u0105cym: <b>\u201eA co! Zobaczcie, jaki jestem doskona\u0142y!\u201d <\/b><\/span><\/p>\n<p align=\"justify\"><span style=\"color: #000000;\"><span style=\"font-family: Book Antiqua, serif;\"><span style=\"font-size: large;\">Cz\u0142owiek ten, cho\u0107 stan\u0105\u0142 taki dumny i podszed\u0142 tak blisko Boga w sensie fizycznym \u2013<b> w sensie duchowym pozosta\u0142 Mu bardzo, ale to bardzo odleg\u0142y.<\/b> Pomimo, \u017ce przekroczy\u0142 pr\u00f3g \u015bwi\u0105tyni, w rzeczywisto\u015bci <b>wcale nie przyszed\u0142 do Pana.<\/b> On wszed\u0142 do tej \u015bwi\u0105tyni tylko fizycznie, bo <b>duchowo ani na krok nie wyszed\u0142 <\/b>ze swojego ciasnego schematu my\u015blenia, <b>ze swojej w\u0142asnej \u015bwi\u0105tyni,<\/b> w kt\u00f3rej to <b>on sam by\u0142 dla siebie bogiem<\/b> i wyroczni\u0105! <\/span><\/span><\/span><\/p>\n<p align=\"justify\"><span style=\"color: #000000;\"><span style=\"font-family: Book Antiqua, serif;\"><span style=\"font-size: large;\">W tym sensie, <b>nie powr\u00f3ci\u0142 on do Pana, nie pozna\u0142 Pana,<\/b> chocia\u017c fizycznie stan\u0105\u0142 w \u015bwi\u0105tyni i zarzuci\u0142 wr\u0119cz Pana swoimi rozlicznymi ofiarami \u2013 z pewno\u015bci\u0105, faktycznie z\u0142o\u017conymi. On na pewno <b>by\u0142 bardzo skrupulatny<\/b> w wype\u0142nianiu co do joty wszystkich przepis\u00f3w Prawa Moj\u017ceszowego. I co z tego? \u2013 chcia\u0142oby si\u0119 zapyta\u0107. Co z tego, skoro mi\u0142o\u015bci tam ani krzty nie by\u0142o?\u2026<\/span><\/span><\/span><\/p>\n<p align=\"justify\"><span style=\"color: #000000;\"><span style=\"font-family: Book Antiqua, serif;\"><span style=\"font-size: large;\">Drodzy moi, to jest bardzo powa\u017cne ostrze\u017cenie dla nas! <b>I to w\u0142a\u015bnie dla nas, <\/b>kt\u00f3rzy mo\u017ce bardziej, ni\u017c inni, anga\u017cujemy si\u0119 w sprawy Bo\u017ce, w sprawy wiary, w religijne praktyki. To nam w\u0142a\u015bnie mo\u017ce grozi\u0107 \u00f3w <b>\u201esyndrom <\/b><b>poprawnego katolika<\/b><b>\u201d, <\/b>polegaj\u0105cy na tym, \u017ce b\u0119dziemy <b>chodzili na Msz\u0119 \u015awi\u0119t\u0105<\/b> co niedziel\u0119, a nawet cz\u0119\u015bciej; \u017ce b\u0119dziemy poprawnie <b>zachowywali wszystkie posty, <\/b>\u017ce w Wielkim Po\u015bcie p\u00f3jdziemy <b>na wszystkie Drogi Krzy\u017cowe i Gorzkie \u017bale; <\/b>\u017ce nawet pojedziemy na jedne czy drugie <b>rekolekcje zamkni\u0119te <\/b>albo dla jakiej\u015b wsp\u00f3lnoty, w kt\u00f3rej jeste\u015bmy \u2013 a wr\u00f3cimy do siebie i oka\u017ce si\u0119, \u017ce <b>wr\u00f3cimy nie tylko fizycznie, ale i duchowo. <\/b><\/span><\/span><\/span><\/p>\n<p align=\"justify\"><span style=\"color: #000000;\"><span style=\"font-family: Book Antiqua, serif;\"><span style=\"font-size: large;\">To znaczy, \u017ce <b>wr\u00f3cimy do tamtej postawy,<\/b> tamtych zachowa\u0144, tak\u017ce niestety: <b>do tamtych grzech\u00f3w, <\/b>przywar i b\u0142\u0119d\u00f3w, kt\u00f3re pope\u0142niali\u015bmy, a z kt\u00f3rych wcale si\u0119 nie poprawiamy. Bo nam nawet na tym nie zale\u017cy. Czyli \u017ce mo\u017ce nawet <b>nie tyle powr\u00f3cimy<\/b> do tego naszego \u015bwiatka, co <b>b\u0119dziemy w nim nieustaj\u0105co tkwili, <\/b>bo tak naprawd\u0119<b> wcale z niego nie wyjdziemy!<\/b> <\/span><\/span><\/span><\/p>\n<p align=\"justify\"><span style=\"color: #000000;\"><span style=\"font-family: Book Antiqua, serif;\"><span style=\"font-size: large;\">Owszem, <b>przekroczymy pr\u00f3g \u015bwi\u0105tyni,<\/b> przemierzymy ile\u015b kilometr\u00f3w do miejsca, w kt\u00f3rym b\u0119d\u0105 odbywa\u0107 si\u0119 dane rekolekcje czy dni skupienia \u2013 i nawet <b>b\u0119dziemy si\u0119 cieszy\u0107 atmosfer\u0105 tych dni,<\/b> namodlimy si\u0119 za wszystkie czasy i na\u015bpiewamy, ucieszymy si\u0119 spotkaniem z lud\u017ami, mo\u017ce nawet wzruszymy si\u0119 do \u0142ez raz i drugi \u2013 ale oka\u017ce si\u0119, \u017ce <b>ze swoich schemat\u00f3w my\u015blenia,<\/b> ze swoich upartych wrednych przyzwyczaje\u0144 i przekona\u0144, z powodu kt\u00f3rych ludzie ju\u017c maj\u0105 nas niekiedy serdecznie dosy\u0107,<b> ani na krok nie odejdziemy. <\/b>Nawet ma\u0142ego kroku nie uczynimy, <b>by wyj\u015b\u0107 ze swojej strefy komfortu, <\/b>ze swojego ciepe\u0142ka\u2026 Co z tego, \u017ce zat\u0119ch\u0142ego, ale swojego, w\u0142asnego! <\/span><\/span><\/span><\/p>\n<p align=\"justify\"><span style=\"color: #000000;\"><span style=\"font-family: Book Antiqua, serif;\"><span style=\"font-size: large;\">Drodzy moi, to nam naprawd\u0119 grozi! Nie pozw\u00f3lmy na to! Niech z naszym fizycznym zbli\u017caniem si\u0119 do Boga \u2013 <b>nierozerwalnie \u0142\u0105czy si\u0119 to zbli\u017cenie duchowe.<\/b> A nawet niech to duchowe b\u0119dzie wcze\u015bniejsze od tego fizycznego! M\u00f3wi\u0105c jeszcze inaczej: je\u017celi naprawd\u0119 chcemy przyj\u015b\u0107 na spotkanie z Panem \u2013 <b>musimy wyj\u015b\u0107 z samych siebie! <\/b>Faryzeusz tego nie uczyni\u0142 \u2013 i przegra\u0142. Celnik doskonale to zrozumia\u0142 \u2013 dlatego ca\u0142\u0105 spraw\u0119 wygra\u0142. Swoje zbawienie wygra\u0142. <\/span><\/span><\/span><\/p>\n<p align=\"justify\"><span style=\"color: #000000;\"><span style=\"font-family: Book Antiqua, serif;\"><span style=\"font-size: large;\">My te\u017c jeste\u015bmy zaproszeni do takiego zwyci\u0119stwa, dlatego <i><b>c<\/b><\/i><i><b>hod\u017acie, powr\u00f3\u0107my do Pana! Do\u0142\u00f3\u017cmy stara\u0144, aby pozna\u0107 Pana! <\/b><\/i>Bo On m\u00f3wi: <i><b>Mi\u0142o\u015bci pragn\u0119, nie krwawej ofiary, poznania Boga bardziej ni\u017c ca\u0142opale\u0144! <\/b><\/i>I m\u00f3wi tak\u017ce: <i><b>Ka\u017cdy<\/b><\/i><b> [\u2026], <\/b><i><b>kto si\u0119 wywy\u017csza, b\u0119dzie poni\u017cony, a kto si\u0119 uni\u017ca, b\u0119dzie wywy\u017cszony!<\/b><\/i><\/span><\/span><\/span><\/p>\n","protected":false},"excerpt":{"rendered":"<p>Szcz\u0119\u015b\u0107 Bo\u017ce! Drodzy moi, w dniu dzisiejszym urodziny prze\u017cywa Doktor in\u017cynier \u0141ukasz Doma\u0144ski \u2013 Pracownik naukowy Uniwersytetu w Siedlcach. Dzi\u0119kuj\u0119 Jubilatowi za wspieranie naszego Duszpasterstwa \u2013 szczeg\u00f3lnie za przygotowywanie plakat\u00f3w z \u017cyczeniami Duszpasterstwa, albo zaproszeniami na rekolekcje i inne spotkania, czy te\u017c ostatnio: za przygotowanie graficzne kalendarza naszego Duszpasterstwa \u2013 oraz za \u017cyczliwo\u015b\u0107 i otwarto\u015b\u0107 [&hellip;]<\/p>\n","protected":false},"author":1,"featured_media":0,"comment_status":"open","ping_status":"open","sticky":false,"template":"","format":"standard","meta":{"jetpack_post_was_ever_published":false,"_jetpack_newsletter_access":"","_jetpack_dont_email_post_to_subs":false,"_jetpack_newsletter_tier_id":0,"_jetpack_memberships_contains_paywalled_content":false,"_jetpack_memberships_contains_paid_content":false,"footnotes":""},"categories":[1],"tags":[],"class_list":["post-24718","post","type-post","status-publish","format-standard","hentry","category-bez-kategorii"],"yoast_head":"<!-- This site is optimized with the Yoast SEO plugin v25.1 - https:\/\/yoast.com\/wordpress\/plugins\/seo\/ -->\n<title>Wyj\u015b\u0107 z siebie samego! - Gaudium Et Spes<\/title>\n<meta name=\"robots\" content=\"index, follow, max-snippet:-1, max-image-preview:large, max-video-preview:-1\" \/>\n<link rel=\"canonical\" href=\"https:\/\/gaudiumetspes-blog.pl\/index.php\/2026\/03\/14\/24718\/\" \/>\n<meta property=\"og:locale\" content=\"pl_PL\" \/>\n<meta property=\"og:type\" content=\"article\" \/>\n<meta property=\"og:title\" content=\"Wyj\u015b\u0107 z siebie samego! - Gaudium Et Spes\" \/>\n<meta property=\"og:description\" content=\"Szcz\u0119\u015b\u0107 Bo\u017ce! Drodzy moi, w dniu dzisiejszym urodziny prze\u017cywa Doktor in\u017cynier \u0141ukasz Doma\u0144ski \u2013 Pracownik naukowy Uniwersytetu w Siedlcach. Dzi\u0119kuj\u0119 Jubilatowi za wspieranie naszego Duszpasterstwa \u2013 szczeg\u00f3lnie za przygotowywanie plakat\u00f3w z \u017cyczeniami Duszpasterstwa, albo zaproszeniami na rekolekcje i inne spotkania, czy te\u017c ostatnio: za przygotowanie graficzne kalendarza naszego Duszpasterstwa \u2013 oraz za \u017cyczliwo\u015b\u0107 i otwarto\u015b\u0107 [&hellip;]\" \/>\n<meta property=\"og:url\" content=\"https:\/\/gaudiumetspes-blog.pl\/index.php\/2026\/03\/14\/24718\/\" \/>\n<meta property=\"og:site_name\" content=\"Gaudium Et Spes\" \/>\n<meta property=\"article:published_time\" content=\"2026-03-14T08:04:04+00:00\" \/>\n<meta property=\"article:modified_time\" content=\"2026-03-14T08:05:50+00:00\" \/>\n<meta name=\"author\" content=\"Ks. Jacek\" \/>\n<meta name=\"twitter:card\" content=\"summary_large_image\" \/>\n<meta name=\"twitter:label1\" content=\"Napisane przez\" \/>\n\t<meta name=\"twitter:data1\" content=\"Ks. Jacek\" \/>\n\t<meta name=\"twitter:label2\" content=\"Szacowany czas czytania\" \/>\n\t<meta name=\"twitter:data2\" content=\"10 minut\" \/>\n<script type=\"application\/ld+json\" class=\"yoast-schema-graph\">{\"@context\":\"https:\/\/schema.org\",\"@graph\":[{\"@type\":\"WebPage\",\"@id\":\"https:\/\/gaudiumetspes-blog.pl\/index.php\/2026\/03\/14\/24718\/\",\"url\":\"https:\/\/gaudiumetspes-blog.pl\/index.php\/2026\/03\/14\/24718\/\",\"name\":\"Wyj\u015b\u0107 z siebie samego! - Gaudium Et Spes\",\"isPartOf\":{\"@id\":\"https:\/\/gaudiumetspes-blog.pl\/#website\"},\"datePublished\":\"2026-03-14T08:04:04+00:00\",\"dateModified\":\"2026-03-14T08:05:50+00:00\",\"author\":{\"@id\":\"https:\/\/gaudiumetspes-blog.pl\/#\/schema\/person\/1661982992b752dea8dff0d4ed845a65\"},\"breadcrumb\":{\"@id\":\"https:\/\/gaudiumetspes-blog.pl\/index.php\/2026\/03\/14\/24718\/#breadcrumb\"},\"inLanguage\":\"pl-PL\",\"potentialAction\":[{\"@type\":\"ReadAction\",\"target\":[\"https:\/\/gaudiumetspes-blog.pl\/index.php\/2026\/03\/14\/24718\/\"]}]},{\"@type\":\"BreadcrumbList\",\"@id\":\"https:\/\/gaudiumetspes-blog.pl\/index.php\/2026\/03\/14\/24718\/#breadcrumb\",\"itemListElement\":[{\"@type\":\"ListItem\",\"position\":1,\"name\":\"Strona g\u0142\u00f3wna\",\"item\":\"https:\/\/gaudiumetspes-blog.pl\/\"},{\"@type\":\"ListItem\",\"position\":2,\"name\":\"Wyj\u015b\u0107 z siebie samego!\"}]},{\"@type\":\"WebSite\",\"@id\":\"https:\/\/gaudiumetspes-blog.pl\/#website\",\"url\":\"https:\/\/gaudiumetspes-blog.pl\/\",\"name\":\"Gaudium Et Spes\",\"description\":\"Blog Ks. Jacka Ja\u015bkowskiego\",\"potentialAction\":[{\"@type\":\"SearchAction\",\"target\":{\"@type\":\"EntryPoint\",\"urlTemplate\":\"https:\/\/gaudiumetspes-blog.pl\/?s={search_term_string}\"},\"query-input\":{\"@type\":\"PropertyValueSpecification\",\"valueRequired\":true,\"valueName\":\"search_term_string\"}}],\"inLanguage\":\"pl-PL\"},{\"@type\":\"Person\",\"@id\":\"https:\/\/gaudiumetspes-blog.pl\/#\/schema\/person\/1661982992b752dea8dff0d4ed845a65\",\"name\":\"Ks. Jacek\",\"image\":{\"@type\":\"ImageObject\",\"inLanguage\":\"pl-PL\",\"@id\":\"https:\/\/gaudiumetspes-blog.pl\/#\/schema\/person\/image\/\",\"url\":\"https:\/\/gaudiumetspes-blog.pl\/wp-content\/uploads\/2019\/07\/avatar-JJ-150x150.jpg\",\"contentUrl\":\"https:\/\/gaudiumetspes-blog.pl\/wp-content\/uploads\/2019\/07\/avatar-JJ-150x150.jpg\",\"caption\":\"Ks. Jacek\"},\"description\":\"Witam serdecznie! K\u0142ania si\u0119 Ks. Jacek Ja\u015bkowski. Nie jestem ani kim\u015b wa\u017cnym, ani kim\u015b znanym. Jestem ksi\u0119dzem, kt\u00f3ry po prostu chce rozmawia\u0107. Codzienna kap\u0142a\u0144ska pos\u0142uga pokazuje mi, \u017ce temat\u00f3w do rozm\u00f3w z ksi\u0119dzem jest coraz wi\u0119cej i dzisiaj \u017caden ksi\u0105dz nie mo\u017ce od nich ucieka\u0107, ale - wprost przeciwnie - podejmowa\u0107 nowe wyzwania. To przekonanie sk\u0142oni\u0142o mnie do pr\u00f3by otwarcia tego\u017c bloga, chocia\u017c okazji do rozm\u00f3w na co dzie\u0144 - w konfesjonale i poza nim - na szcz\u0119\u015bcie nie brakuje. My\u015bl\u0119 jednak, \u017ce ten blog b\u0119dzie jeszcze jednym sposobem i przestrzeni\u0105 nawi\u0105zania kontaktu z lud\u017ami dobrej woli, otwartymi na dialog.\",\"url\":\"https:\/\/gaudiumetspes-blog.pl\/index.php\/author\/ks-jacek\/\"}]}<\/script>\n<!-- \/ Yoast SEO plugin. -->","yoast_head_json":{"title":"Wyj\u015b\u0107 z siebie samego! - Gaudium Et Spes","robots":{"index":"index","follow":"follow","max-snippet":"max-snippet:-1","max-image-preview":"max-image-preview:large","max-video-preview":"max-video-preview:-1"},"canonical":"https:\/\/gaudiumetspes-blog.pl\/index.php\/2026\/03\/14\/24718\/","og_locale":"pl_PL","og_type":"article","og_title":"Wyj\u015b\u0107 z siebie samego! - Gaudium Et Spes","og_description":"Szcz\u0119\u015b\u0107 Bo\u017ce! Drodzy moi, w dniu dzisiejszym urodziny prze\u017cywa Doktor in\u017cynier \u0141ukasz Doma\u0144ski \u2013 Pracownik naukowy Uniwersytetu w Siedlcach. Dzi\u0119kuj\u0119 Jubilatowi za wspieranie naszego Duszpasterstwa \u2013 szczeg\u00f3lnie za przygotowywanie plakat\u00f3w z \u017cyczeniami Duszpasterstwa, albo zaproszeniami na rekolekcje i inne spotkania, czy te\u017c ostatnio: za przygotowanie graficzne kalendarza naszego Duszpasterstwa \u2013 oraz za \u017cyczliwo\u015b\u0107 i otwarto\u015b\u0107 [&hellip;]","og_url":"https:\/\/gaudiumetspes-blog.pl\/index.php\/2026\/03\/14\/24718\/","og_site_name":"Gaudium Et Spes","article_published_time":"2026-03-14T08:04:04+00:00","article_modified_time":"2026-03-14T08:05:50+00:00","author":"Ks. Jacek","twitter_card":"summary_large_image","twitter_misc":{"Napisane przez":"Ks. Jacek","Szacowany czas czytania":"10 minut"},"schema":{"@context":"https:\/\/schema.org","@graph":[{"@type":"WebPage","@id":"https:\/\/gaudiumetspes-blog.pl\/index.php\/2026\/03\/14\/24718\/","url":"https:\/\/gaudiumetspes-blog.pl\/index.php\/2026\/03\/14\/24718\/","name":"Wyj\u015b\u0107 z siebie samego! - Gaudium Et Spes","isPartOf":{"@id":"https:\/\/gaudiumetspes-blog.pl\/#website"},"datePublished":"2026-03-14T08:04:04+00:00","dateModified":"2026-03-14T08:05:50+00:00","author":{"@id":"https:\/\/gaudiumetspes-blog.pl\/#\/schema\/person\/1661982992b752dea8dff0d4ed845a65"},"breadcrumb":{"@id":"https:\/\/gaudiumetspes-blog.pl\/index.php\/2026\/03\/14\/24718\/#breadcrumb"},"inLanguage":"pl-PL","potentialAction":[{"@type":"ReadAction","target":["https:\/\/gaudiumetspes-blog.pl\/index.php\/2026\/03\/14\/24718\/"]}]},{"@type":"BreadcrumbList","@id":"https:\/\/gaudiumetspes-blog.pl\/index.php\/2026\/03\/14\/24718\/#breadcrumb","itemListElement":[{"@type":"ListItem","position":1,"name":"Strona g\u0142\u00f3wna","item":"https:\/\/gaudiumetspes-blog.pl\/"},{"@type":"ListItem","position":2,"name":"Wyj\u015b\u0107 z siebie samego!"}]},{"@type":"WebSite","@id":"https:\/\/gaudiumetspes-blog.pl\/#website","url":"https:\/\/gaudiumetspes-blog.pl\/","name":"Gaudium Et Spes","description":"Blog Ks. Jacka Ja\u015bkowskiego","potentialAction":[{"@type":"SearchAction","target":{"@type":"EntryPoint","urlTemplate":"https:\/\/gaudiumetspes-blog.pl\/?s={search_term_string}"},"query-input":{"@type":"PropertyValueSpecification","valueRequired":true,"valueName":"search_term_string"}}],"inLanguage":"pl-PL"},{"@type":"Person","@id":"https:\/\/gaudiumetspes-blog.pl\/#\/schema\/person\/1661982992b752dea8dff0d4ed845a65","name":"Ks. Jacek","image":{"@type":"ImageObject","inLanguage":"pl-PL","@id":"https:\/\/gaudiumetspes-blog.pl\/#\/schema\/person\/image\/","url":"https:\/\/gaudiumetspes-blog.pl\/wp-content\/uploads\/2019\/07\/avatar-JJ-150x150.jpg","contentUrl":"https:\/\/gaudiumetspes-blog.pl\/wp-content\/uploads\/2019\/07\/avatar-JJ-150x150.jpg","caption":"Ks. Jacek"},"description":"Witam serdecznie! K\u0142ania si\u0119 Ks. Jacek Ja\u015bkowski. Nie jestem ani kim\u015b wa\u017cnym, ani kim\u015b znanym. Jestem ksi\u0119dzem, kt\u00f3ry po prostu chce rozmawia\u0107. Codzienna kap\u0142a\u0144ska pos\u0142uga pokazuje mi, \u017ce temat\u00f3w do rozm\u00f3w z ksi\u0119dzem jest coraz wi\u0119cej i dzisiaj \u017caden ksi\u0105dz nie mo\u017ce od nich ucieka\u0107, ale - wprost przeciwnie - podejmowa\u0107 nowe wyzwania. To przekonanie sk\u0142oni\u0142o mnie do pr\u00f3by otwarcia tego\u017c bloga, chocia\u017c okazji do rozm\u00f3w na co dzie\u0144 - w konfesjonale i poza nim - na szcz\u0119\u015bcie nie brakuje. My\u015bl\u0119 jednak, \u017ce ten blog b\u0119dzie jeszcze jednym sposobem i przestrzeni\u0105 nawi\u0105zania kontaktu z lud\u017ami dobrej woli, otwartymi na dialog.","url":"https:\/\/gaudiumetspes-blog.pl\/index.php\/author\/ks-jacek\/"}]}},"jetpack_featured_media_url":"","jetpack_sharing_enabled":true,"_links":{"self":[{"href":"https:\/\/gaudiumetspes-blog.pl\/index.php\/wp-json\/wp\/v2\/posts\/24718","targetHints":{"allow":["GET"]}}],"collection":[{"href":"https:\/\/gaudiumetspes-blog.pl\/index.php\/wp-json\/wp\/v2\/posts"}],"about":[{"href":"https:\/\/gaudiumetspes-blog.pl\/index.php\/wp-json\/wp\/v2\/types\/post"}],"author":[{"embeddable":true,"href":"https:\/\/gaudiumetspes-blog.pl\/index.php\/wp-json\/wp\/v2\/users\/1"}],"replies":[{"embeddable":true,"href":"https:\/\/gaudiumetspes-blog.pl\/index.php\/wp-json\/wp\/v2\/comments?post=24718"}],"version-history":[{"count":3,"href":"https:\/\/gaudiumetspes-blog.pl\/index.php\/wp-json\/wp\/v2\/posts\/24718\/revisions"}],"predecessor-version":[{"id":24721,"href":"https:\/\/gaudiumetspes-blog.pl\/index.php\/wp-json\/wp\/v2\/posts\/24718\/revisions\/24721"}],"wp:attachment":[{"href":"https:\/\/gaudiumetspes-blog.pl\/index.php\/wp-json\/wp\/v2\/media?parent=24718"}],"wp:term":[{"taxonomy":"category","embeddable":true,"href":"https:\/\/gaudiumetspes-blog.pl\/index.php\/wp-json\/wp\/v2\/categories?post=24718"},{"taxonomy":"post_tag","embeddable":true,"href":"https:\/\/gaudiumetspes-blog.pl\/index.php\/wp-json\/wp\/v2\/tags?post=24718"}],"curies":[{"name":"wp","href":"https:\/\/api.w.org\/{rel}","templated":true}]}}