{"id":24825,"date":"2026-04-26T05:33:50","date_gmt":"2026-04-26T03:33:50","guid":{"rendered":"https:\/\/gaudiumetspes-blog.pl\/?p=24825"},"modified":"2026-04-26T05:35:43","modified_gmt":"2026-04-26T03:35:43","slug":"coz-mam-czynic","status":"publish","type":"post","link":"https:\/\/gaudiumetspes-blog.pl\/index.php\/2026\/04\/26\/coz-mam-czynic\/","title":{"rendered":"C\u00f3\u017c mam czyni\u0107?&#8230;"},"content":{"rendered":"<p align=\"justify\"><span style=\"color: #000000;\"><span style=\"font-family: Book Antiqua, serif;\"><span style=\"font-size: large;\">Szcz\u0119\u015b\u0107 Bo\u017ce! Moi Drodzy, w dniu dzisiejszym<b> imieniny prze\u017cywa Pani Doktor Marzena Pazik \u2013 Wolska, moja Dentystka, ale przede wszystkim Osoba, z kt\u00f3r\u0105 \u015bwietnie si\u0119 dogaduj\u0119 w sprawach wiary i zasad, jakimi powinni\u015bmy si\u0119 kierowa\u0107 w \u017cyciu. Dzi\u0119kuj\u0105c Pani Doktor za ten nasz <\/b><b>dobry<\/b><b> kontakt,<\/b><b> <\/b><b>\u017cycz\u0119 nieustannej opieki Bo\u017cej i wszelkich dobrych natchnie\u0144 we wszystkim, co Solenizantka ka\u017cdego dnia podejmuje. Zapewniam o modlitwie!<\/b><\/span><\/span><\/span><\/p>\n<p align=\"justify\"><span style=\"color: #000000;\"><span style=\"font-family: Book Antiqua, serif;\"><span style=\"font-size: large;\">A ja dzisiaj \u2013 wyruszam do Parafii w Poizdowie, gdzie b\u0119d\u0119 pomaga\u0142 duszpastersko, po czym wracam do Siedlec, gdzie spodziewam si\u0119 <strong>wizyty Janka Kondeja, Autora rozwa\u017ca\u0144 czwartkowych<\/strong> na naszym forum. Spodziewam si\u0119 bardzo g\u0142\u0119bokiej i dobrej rozmowy. Razem te\u017c prze\u017cyjemy Msz\u0119 \u015awi\u0119t\u0105 o godzinie 20:00, w naszym Duszpasterstwie.<\/span><\/span><\/span><\/p>\n<p align=\"justify\"><span style=\"color: #000000;\"><span style=\"font-family: Book Antiqua, serif;\"><span style=\"font-size: large;\">Tymczasem, znowu wpad\u0142 mi w oko ciekawy artyku\u0142:<\/span><\/span><\/span><\/p>\n<p align=\"justify\"><span style=\"color: #000000;\"><span style=\"font-family: Book Antiqua, serif;\"><span style=\"font-size: medium;\"><a href=\"https:\/\/www.fronda.pl\/a\/Dr-B-Wroblewski-dla-Frondy-Kaczynski-ma-dylemat-Czarnek-daje-nadzieje,254160.html\"><span style=\"font-size: large;\"><b>https:\/\/www.fronda.pl\/a\/Dr-B-Wroblewski-dla-Frondy-Kaczynski-ma-dylemat-Czarnek-daje-nadzieje,254160.html<\/b><\/span><\/a> <\/span><\/span><\/span><\/p>\n<p align=\"justify\"><span style=\"color: #000000;\"><span style=\"font-family: Book Antiqua, serif;\"><span style=\"font-size: large;\">Co o tym my\u015blicie?<\/span><\/span><\/span><\/p>\n<p align=\"justify\"><span style=\"color: #000000;\"><span style=\"font-family: Book Antiqua, serif;\"><span style=\"font-size: large;\">Teraz za\u015b ju\u017c zapraszam do pochylenia si\u0119 nad Bo\u017cym s\u0142owem dzisiejszej liturgii. Oto s\u0142\u00f3wko Ksi\u0119dza Marka na dzi\u015b:<\/span><\/span><\/span><\/p>\n<p align=\"justify\"><span style=\"color: #000000;\"><span style=\"font-family: Book Antiqua, serif;\"><span style=\"font-size: medium;\"><a href=\"https:\/\/www.youtube.com\/c\/CatholicSurgut\"><span style=\"font-size: large;\"><b>https:\/\/www.youtube.com\/c\/CatholicSurgut<\/b><\/span><\/a><b> <\/b> <\/span><\/span><\/span><\/p>\n<p align=\"justify\"><span style=\"color: #000000;\"><span style=\"font-family: Book Antiqua, serif;\"><span style=\"font-size: large;\">Zatem, <b>c<\/b><b>o dzi\u015b m\u00f3wi do mnie Pan? Z jakim konkretnym przes\u0142aniem w\u0142a\u015bnie do mnie zwraca si\u0119 osobi\u015bcie? <\/b>Duchu \u015awi\u0119ty, podpowiedz\u2026 <\/span><\/span><\/span><\/p>\n<p align=\"justify\"><span style=\"color: #000000;\"><span style=\"font-family: Book Antiqua, serif;\"><span style=\"font-size: large;\"><b>N<\/b><b>iech Was b\u0142ogos\u0142awi B\u00f3g Wszechmog\u0105cy: Ojciec + i Syn, i Duch \u015awi\u0119ty. Amen<\/b><\/span><\/span><\/span><\/p>\n<p align=\"center\"><span style=\"color: #000000;\"><span style=\"font-family: Book Antiqua, serif;\"><span style=\"font-size: large;\">Gaudium et spes! Ks. Jacek<\/span><\/span><\/span><\/p>\n<p align=\"center\">\n<p align=\"center\">\n<p align=\"center\">\n<p align=\"center\">\n<p align=\"center\">\n<p align=\"justify\"><span style=\"color: #000000;\"><span style=\"font-family: Book Antiqua, serif;\"><span style=\"font-size: large;\"><b>4 Niedziela Wielkanocna, A,<\/b><\/span><\/span><\/span><\/p>\n<p align=\"justify\"><span style=\"color: #000000;\"><span style=\"font-family: Book Antiqua, serif;\"><span style=\"font-size: large;\"><b>26 kwietnia 2026.,\u00a0<\/b><\/span><\/span><\/span><\/p>\n<p align=\"justify\"><span style=\"color: #000000;\"><span style=\"font-family: Book Antiqua, serif;\"><span style=\"font-size: large;\"><b>do czyta\u0144: Dz 2,14a.36\u201341; 1 P 2,20b\u201325; J 10,1\u201310<\/b><\/span><\/span><\/span><\/p>\n<p align=\"justify\">\n<p align=\"justify\">\n<p align=\"justify\">\n<p align=\"justify\">\n<p align=\"justify\">\n<p align=\"justify\"><span style=\"color: #000000;\"><span style=\"font-family: Book Antiqua, serif;\"><span style=\"font-size: large;\"><b>CZYTANIE Z DZIEJ\u00d3W APOSTOLSKICH:<\/b><\/span><\/span><\/span><\/p>\n<p align=\"justify\"><span style=\"color: #000000;\"><span style=\"font-family: Book Antiqua, serif;\"><span style=\"font-size: large;\"><b>W dzie\u0144 Pi\u0119\u0107dziesi\u0105tnicy stan\u0105\u0142 Piotr z Jedenastoma i przem\u00f3wi\u0142 dono\u015bnym g\u0142osem: <\/b><\/span><\/span><\/span><\/p>\n<p align=\"justify\"><span style=\"color: #000000;\">\u201e<span style=\"font-family: Book Antiqua, serif;\"><span style=\"font-size: large;\"><b>Niech ca\u0142y dom Izraela wie z niewzruszon\u0105 pewno\u015bci\u0105, \u017ce tego Jezusa, kt\u00f3rego wy\u015bcie ukrzy\u017cowali, uczyni\u0142 B\u00f3g i Panem, i Mesjaszem\u201d. <\/b><\/span><\/span><\/span><\/p>\n<p align=\"justify\"><span style=\"color: #000000;\"><span style=\"font-family: Book Antiqua, serif;\"><span style=\"font-size: large;\"><b>Gdy to us\u0142yszeli, przej\u0119li si\u0119 do g\u0142\u0119bi serca i zapytali Piotra i pozosta\u0142ych Aposto\u0142\u00f3w: \u201eC\u00f3\u017c mamy czyni\u0107, bracia?\u201d Powiedzia\u0142 do nich Piotr: \u201eNawr\u00f3\u0107cie si\u0119 i niech ka\u017cdy z was ochrzci si\u0119 w imi\u0119 Jezusa Chrystusa na odpuszczenie grzech\u00f3w waszych, a we\u017amiecie w darze Ducha \u015awi\u0119tego. Bo dla was obietnica i dla dzieci waszych, i dla wszystkich, kt\u00f3rzy s\u0105 daleko, a kt\u00f3rych powo\u0142a Pan B\u00f3g nasz\u201d. <\/b><\/span><\/span><\/span><\/p>\n<p align=\"justify\"><span style=\"color: #000000;\"><span style=\"font-family: Book Antiqua, serif;\"><span style=\"font-size: large;\"><b>W wielu te\u017c innych s\u0142owach dawa\u0142 \u015bwiadectwo i napomina\u0142: \u201eRatujcie si\u0119 z tego przewrotnego pokolenia\u201d. <\/b><\/span><\/span><\/span><\/p>\n<p align=\"justify\"><span style=\"color: #000000;\"><span style=\"font-family: Book Antiqua, serif;\"><span style=\"font-size: large;\"><b>Ci wi\u0119c, kt\u00f3rzy przyj\u0119li jego nauk\u0119, zostali ochrzczeni. I przy\u0142\u0105czy\u0142o si\u0119 owego dnia oko\u0142o trzech tysi\u0119cy dusz.<\/b><\/span><\/span><\/span><\/p>\n<p align=\"justify\">\n<p align=\"justify\">\n<p align=\"justify\">\n<p align=\"justify\">\n<p align=\"justify\">\n<p align=\"justify\"><span style=\"color: #000000;\"><span style=\"font-family: Book Antiqua, serif;\"><span style=\"font-size: large;\"><b>CZYTANIE Z PIERWSZEGO LISTU \u015aWI\u0118TEGO PIOTRA APOSTO\u0141A: <\/b><\/span><\/span><\/span><\/p>\n<p align=\"justify\"><span style=\"color: #000000;\"><span style=\"font-family: Book Antiqua, serif;\"><span style=\"font-size: large;\"><b>Najdro\u017csi: To si\u0119 Bogu podoba, je\u017celi dobrze czynicie, a przetrzymacie cierpienia. Do tego bowiem jeste\u015bcie powo\u0142ani. Chrystus przecie\u017c r\u00f3wnie\u017c cierpia\u0142 za was i zostawi\u0142 wam wz\u00f3r, aby\u015bcie szli za Nim Jego \u015bladami. <\/b><\/span><\/span><\/span><\/p>\n<p align=\"justify\"><span style=\"color: #000000;\"><span style=\"font-family: Book Antiqua, serif;\"><span style=\"font-size: large;\"><b>On grzechu nie pope\u0142ni\u0142, a w Jego ustach nie by\u0142o podst\u0119pu. On, gdy Mu z\u0142orzeczono, nie z\u0142orzeczy\u0142, gdy cierpia\u0142, nie grozi\u0142, ale oddawa\u0142 si\u0119 Temu, kt\u00f3ry s\u0105dzi\u0142 sprawiedliwie. On sam, w swoim ciele poni\u00f3s\u0142 nasze grzechy na drzewo, aby\u015bmy przestali by\u0107 uczestnikami grzech\u00f3w, a \u017cyli dla sprawiedliwo\u015bci \u2013 Krwi\u0105 Jego ran zostali\u015bcie uzdrowieni. <\/b><\/span><\/span><\/span><\/p>\n<p align=\"justify\"><span style=\"color: #000000;\"><span style=\"font-family: Book Antiqua, serif;\"><span style=\"font-size: large;\"><b>B\u0142\u0105dzili\u015bcie bowiem jak owce, ale teraz nawr\u00f3cili\u015bcie si\u0119 do Pasterza i Str\u00f3\u017ca dusz waszych.<\/b><\/span><\/span><\/span><\/p>\n<p align=\"justify\">\n<p align=\"justify\">\n<p align=\"justify\">\n<p align=\"justify\">\n<p align=\"justify\">\n<p align=\"justify\"><span style=\"color: #000000;\"><span style=\"font-family: Book Antiqua, serif;\"><span style=\"font-size: large;\"><b>S\u0141OWA EWANGELII WED\u0141UG \u015aWI\u0118TEGO JANA: <\/b><\/span><\/span><\/span><\/p>\n<p align=\"justify\"><span style=\"color: #000000;\"><span style=\"font-family: Book Antiqua, serif;\"><span style=\"font-size: large;\"><b>Jezus powiedzia\u0142: \u201eZaprawd\u0119, zaprawd\u0119 powiadam wam: Kto nie wchodzi do owczarni przez bram\u0119, ale wdziera si\u0119 inn\u0105 drog\u0105, ten jest z\u0142odziejem i rozb\u00f3jnikiem. Kto jednak wchodzi przez bram\u0119, jest pasterzem owiec. Temu otwiera od\u017awierny, a owce s\u0142uchaj\u0105 jego g\u0142osu; wo\u0142a on swoje owce po imieniu i wyprowadza je. A kiedy wszystkie wyprowadzi, staje na ich czele, a owce post\u0119puj\u0105 za nim, poniewa\u017c g\u0142os jego znaj\u0105. Natomiast za obcym nie p\u00f3jd\u0105, lecz b\u0119d\u0105 ucieka\u0107 od niego, bo nie znaj\u0105 g\u0142osu obcych\u201d. <\/b><\/span><\/span><\/span><\/p>\n<p align=\"justify\"><span style=\"color: #000000;\"><span style=\"font-family: Book Antiqua, serif;\"><span style=\"font-size: large;\"><b>T\u0119 przypowie\u015b\u0107 opowiedzia\u0142 im Jezus, lecz oni nie poj\u0119li znaczenia tego, co im m\u00f3wi\u0142. <\/b><\/span><\/span><\/span><\/p>\n<p align=\"justify\"><span style=\"color: #000000;\"><span style=\"font-family: Book Antiqua, serif;\"><span style=\"font-size: large;\"><b>Powt\u00f3rnie wi\u0119c powiedzia\u0142 do nich Jezus: \u201eZaprawd\u0119, zaprawd\u0119 powiadam wam: Ja jestem bram\u0105 owiec. Wszyscy, kt\u00f3rzy przyszli przede Mn\u0105, s\u0105 z\u0142odziejami i rozb\u00f3jnikami, a nie pos\u0142ucha\u0142y ich owce. Ja jestem bram\u0105. Je\u017celi kto\u015b wejdzie przeze Mnie, b\u0119dzie zbawiony \u2013 wejdzie i wyjdzie, i znajdzie pasz\u0119. Z\u0142odziej przychodzi tylko po to, aby kra\u015b\u0107, zabija\u0107 i niszczy\u0107. Ja przyszed\u0142em po to, aby owce mia\u0142y \u017cycie i mia\u0142y je w obfito\u015bci\u201d.<\/b><\/span><\/span><\/span><\/p>\n<p align=\"justify\">\n<p align=\"justify\">\n<p align=\"justify\">\n<p align=\"justify\">\n<p align=\"justify\">\n<p align=\"justify\"><span style=\"color: #000000;\"><span style=\"font-family: Book Antiqua, serif;\"><span style=\"font-size: large;\">By\u0142o to <i><b>w Dzie\u0144 Pi\u0119\u0107dziesi\u0105tnicy<\/b><\/i> \u2013 jak s\u0142yszymy w pierwszym czytaniu \u2013 a wi\u0119c w tym Dniu, w kt\u00f3rym <b>Ko\u015bci\u00f3\u0142 zosta\u0142 tak bardzo wzmocniony<\/b> i natchniony darem Ducha \u015awi\u0119tego. Wiemy, \u017ce by\u0142 to dzie\u0144 szczeg\u00f3lny, w jakim\u015b sensie: <b>punkt kulminacyjny, moment zwrotny<\/b> w historii Ko\u015bcio\u0142a. A tak szczerze m\u00f3wi\u0105c, to mo\u017cna by si\u0119 nawet zastanawia\u0107, <b>co by\u0142o wydarzeniem wi\u0119kszym, a na pewno \u2013 bardziej donios\u0142ym: <\/b>Zmartwychwstanie Jezusa czy Zes\u0142anie Ducha \u015awi\u0119tego? Zbyt odwa\u017cne pytanie? Brzmi jak herezja? <\/span><\/span><\/span><\/p>\n<p align=\"justify\"><span style=\"color: #000000;\"><span style=\"font-family: Book Antiqua, serif;\"><span style=\"font-size: large;\">Niekoniecznie. Wszak sam Jezus powiedzia\u0142 kiedy\u015b, \u017ce k<b>iedy On wst\u0105pi do Nieba,<\/b> Jego uczniowie <b>dokonaj\u0105 dzie\u0142 wi\u0119kszych,<\/b> ni\u017c On dokona\u0142. Dlaczego wi\u0119kszych? Czy bardziej skutecznie b\u0119d\u0105 uzdrawiali albo wyrzucali z\u0142e duchy? Nie. Ale na pewno \u2013 w szerszym zakresie. Bo b\u0119dzie to nie tylko ten male\u0144ki w sumie obszar, na jakim dzia\u0142a\u0142 Jezus Chrystus,<b> ale ca\u0142y \u015bwiat! <\/b><\/span><\/span><\/span><\/p>\n<p align=\"justify\"><span style=\"color: #000000;\"><span style=\"font-family: Book Antiqua, serif;\"><span style=\"font-size: large;\">I to si\u0119 w\u0142a\u015bnie dokona\u0142o w Dniu Pi\u0119\u0107dziesi\u0105tnicy. <b>Zmartwychwstanie Jezusa Chrystusa,<\/b> kt\u00f3re \u2013 samo w sobie, obiektywnie rzecz ujmuj\u0105c \u2013 <b>by\u0142o wydarzeniem najwi\u0119kszym, <\/b>w tym dniu zaja\u015bnia\u0142o i wybrzmia\u0142o najmocniej! Je\u015bli tak mo\u017cna powiedzie\u0107: <b>Zmartwychwstanie Jezusa wysz\u0142o na \u015bwiat!<\/b> Przecie\u017c pami\u0119tamy z czyta\u0144 ewangelicznych oraz z Ksi\u0119gi Dziej\u00f3w Apostolskich \u2013 z liturgii poprzednich niedziel i innych dni \u2013 <b>jak bardzo ci\u0119\u017cko, wr\u0119cz opornie<\/b> prawda o Zmartwychwstaniu dociera\u0142a do \u015bwiadomo\u015bci m\u0142odego Ko\u015bcio\u0142a.<b> Z jakim niedowierzaniem, a cz\u0119sto wr\u0119cz strachem<\/b> na ni\u0105 reagowano \u2013 pomimo tego, \u017ce przekonywa\u0142 do niej sam Zmartwychwsta\u0142y Jezus! <\/span><\/span><\/span><\/p>\n<p align=\"justify\"><span style=\"color: #000000;\"><span style=\"font-family: Book Antiqua, serif;\"><span style=\"font-size: large;\">Tak, <b>to On sam sta\u0142 przed nimi,<\/b> m\u00f3wi\u0142 do nich, jad\u0142 z nimi lub w ich obecno\u015bci, a nawet pozwala\u0142 dotyka\u0107 swoich ran! I pomimo tego wszystkiego \u2013 drzwi w Wieczerniku by\u0142y <b>szczelnie zamkni\u0119te! <\/b>Wed\u0142ug oficjalnego wyt\u0142umaczenia: <i><b>z obawy przed \u017bydami. <\/b><\/i>Ale tak naprawd\u0119, to <b>oni bali si\u0119 wszystkich i wszystkiego, <\/b>co jako\u015b tak mocno wybrzmia\u0142o w rozmowie, jak\u0105 z Jezusem (chocia\u017c bez \u015bwiadomo\u015bci, \u017ce to by\u0142 On)<b> prowadzi\u0142o dw\u00f3ch uczni\u00f3w, <\/b>uciekaj\u0105cych z Jerozolimy do Emaus.<b> Im wszystkim \u201e\u015bwiat si\u0119 zawali\u0142\u201d,<\/b> stracili wszelk\u0105 nadziej\u0119! <\/span><\/span><\/span><\/p>\n<p align=\"justify\"><span style=\"color: #000000;\"><span style=\"font-family: Book Antiqua, serif;\"><span style=\"font-size: large;\">Wymownym tego wyrazem by\u0142a scena, w kt\u00f3rej to <b>Piotr wzi\u0105\u0142 swoje stare sieci<\/b> \u2013 gdzie\u015b tam od\u0142o\u017cone na bok \u2013 i postanowi\u0142, \u017ce idzie \u0142owi\u0107 ryby. Kilku powiedzia\u0142o, \u017ce idzie z nim. A to wszystko by\u0142o wypowiedziane <b>z tak\u0105 totaln\u0105 rezygnacj\u0105,<\/b> z takim wielkim przygn\u0119bieniem! Bo oni naprawd\u0119 jako\u015b ju\u017c sobie <b>zacz\u0119li to \u017cycie z tym Jezusem uk\u0142ada\u0107 <\/b>\u2013 a przynajmniej: wyobra\u017ca\u0107 \u2013 dlatego te\u017c odeszli od dotychczasowego \u017cycia, <b>zostawili za sob\u0105 to wszystko,<\/b> co stanowi\u0142o tre\u015b\u0107 ich rodzinnej i zawodowej codzienno\u015bci do tego czasu, aby zacz\u0105\u0107 nowy czas \u2013 w\u0142a\u015bnie z Jezusem! <\/span><\/span><\/span><\/p>\n<p align=\"justify\"><span style=\"color: #000000;\"><span style=\"font-family: Book Antiqua, serif;\"><span style=\"font-size: large;\">Ale ten nowy czas, jak pasjonuj\u0105co si\u0119 zacz\u0105\u0142 <b>\u2013 tak i szybko si\u0119 sko\u0144czy\u0142.<\/b> No to co? Trzeba wraca\u0107 do twardej rzeczywisto\u015bci, sko\u0144czy\u0107 z tymi ba\u015bniami, <b>bo z czego\u015b w ko\u0144cu trzeba \u017cy\u0107,<\/b> co\u015b do garnka w\u0142o\u017cy\u0107. Pomys\u0142 na to nowe \u017cycie z Jezusem mo\u017ce by\u0142 i dobry, ale wszystko <b>w jednym momencie prysn\u0119\u0142o \u2013<\/b> jak mydlana ba\u0144ka! <\/span><\/span><\/span><\/p>\n<p align=\"justify\"><span style=\"color: #000000;\"><span style=\"font-family: Book Antiqua, serif;\"><span style=\"font-size: large;\">Drodzy moi, im takie w\u0142a\u015bnie my\u015bli i skojarzenia chodzi\u0142y po g\u0142owie \u2013 pomimo tego, \u017ce jednak <b>coraz cz\u0119\u015bciej s\u0142ysza\u0142o si\u0119 i m\u00f3wi\u0142o, <\/b>\u017ce Jezus naprawd\u0119 zmartwychwsta\u0142! I \u017ce ju\u017c temu i owemu si\u0119 pokaza\u0142! I nawet posi\u0142ek gdzie\u015b tam z niekt\u00f3rymi jad\u0142! <b>Pomimo tego wszystkiego \u2013 oni nadal \u017cyli w strachu, <\/b>a chocia\u017c co i raz s\u0142yszymy stwierdzenie, \u017ce <i><b>bardzo si\u0119 uradowali, <\/b><\/i>widz\u0105c Zmartwychwsta\u0142ego, to jednak <b>na d\u0142ugo tej rado\u015bci nie starcza\u0142o. <\/b>To by\u0142 jednak czas strachu, niedowierzania, ukrywania si\u0119 przed \u015bwiatem. <\/span><\/span><\/span><\/p>\n<p align=\"justify\"><span style=\"color: #000000;\"><span style=\"font-family: Book Antiqua, serif;\"><span style=\"font-size: large;\">Bo ten \u015bwiat w\u0142a\u015bnie dopiero co <b>Jezusa ze swoich granic i ze swojej rzeczywisto\u015bci wyrzuci\u0142!<\/b> I to z pe\u0142nym rozmachem! W spos\u00f3b nie budz\u0105cy w\u0105tpliwo\u015bci. A oni si\u0119 teraz dowiaduj\u0105, \u017ce On do tego \u015bwiata pr\u00f3buje wr\u00f3ci\u0107. No, dobrze\u2026 On mo\u017ce i pr\u00f3buje \u2013 mo\u017ce naprawd\u0119 zmartwychwsta\u0142! <b>Ale czy \u015bwiat o tym wie? <\/b>A je\u015bli wie \u2013 to czy to zaakceptuje? Czy zgodzi si\u0119 na to, \u017ceby On wr\u00f3ci\u0142, skoro dopiero co zosta\u0142 odrzucony? <\/span><\/span><\/span><\/p>\n<p align=\"justify\"><span style=\"color: #000000;\"><span style=\"font-family: Book Antiqua, serif;\"><span style=\"font-size: large;\">Tyle pyta\u0144\u2026 tyle dylemat\u00f3w\u2026 I jak tu \u017cy\u0107 normalnie?\u2026 <b>Jak tu si\u0119 ucieszy\u0107 <\/b>tym przecie\u017c ewidentnym cudem, jakim jest Zmartwychwstanie? Zobaczmy, Drodzy, <b>jaki to musia\u0142 by\u0107 wielki strach! <\/b>W jaki\u015b spos\u00f3b przy\u0107mi\u0142 \u2013 w sercach tych ludzi \u2013 rado\u015b\u0107 ze Zmartwychwstania! Dlatego tak wielkie znaczenie przypisujemy Zes\u0142aniu Ducha \u015awi\u0119tego, bo<b> ono ten fakt Zmartwychwstania i prawd\u0119 o <\/b><b>nim<\/b><b> nag\u0142o\u015bni\u0142o,<\/b> da\u0142o jej nale\u017cne pierwsze miejsce w sercach ludzi, w sercu Ko\u015bcio\u0142a; nada\u0142o jej zasadniczy, fundamentalny, konstytutywny charakter w \u017cyciu Ko\u015bcio\u0142a. Je\u015bli tak mo\u017cna powiedzie\u0107, pozwoli\u0142o <b>tej\u017ce prawdzie wyj\u015b\u0107 zza zamkni\u0119tych szczelnie drzwi <\/b>Wieczernika, a przede wszystkim \u2013 z tych szczelnie zamkni\u0119tych ze strachu serc! <\/span><\/span><\/span><\/p>\n<p align=\"justify\"><span style=\"color: #000000;\"><span style=\"font-family: Book Antiqua, serif;\"><span style=\"font-size: large;\">Tak, serca uczni\u00f3w Chrystusa <b>otworzy\u0142y si\u0119 na nowo <\/b>na Jezusa i na Jego Zmartwychwstanie \u2013 ju\u017c nikt nie mia\u0142 w\u0105tpliwo\u015bci, \u017ce ono si\u0119 w og\u00f3le dokona\u0142o i jak wiele znaczy\u0142o. <b>Ju\u017c nikt nie zamierza\u0142 si\u0119 z t\u0105 Nowin\u0105 chowa\u0107<\/b> za jakimikolwiek drzwiami. Wszelkie drzwi zosta\u0142y otwarte \u2013 trzeba by\u0142o wyruszy\u0107 na \u015bwiat <b>i jednak zacz\u0105\u0107 nowe \u017cycie! <\/b>Tak, nowe \u017cycie \u2013 czyli nie wraca\u0107 do owego \u0142owienia ryb, do kt\u00f3rego chcia\u0142 wr\u00f3ci\u0107 Piotr i Aposto\u0142owie \u2013 przekonani, \u017ce Jezus \u201eskutecznie\u201d zmar\u0142. <b>T<\/b><b>eraz<\/b><b> trzeba by\u0142o wyj\u015b\u0107 na inne \u0142owy <\/b>\u2013 na \u0142owy ludzkich serc. Ale jak? W kt\u00f3r\u0105 stron\u0119 wyruszy\u0107, w jakim kierunku? <\/span><\/span><\/span><\/p>\n<p align=\"justify\"><span style=\"color: #000000;\"><span style=\"font-family: Book Antiqua, serif;\"><span style=\"font-size: large;\">Skoro zaistnia\u0142a tak totalnie nowa rzeczywisto\u015b\u0107, to zupe\u0142nie celowym i sensownym by\u0142o to pytanie, jakie dzisiaj Piotrowi postawili s\u0142uchacze jego nauki: <i><b>C\u00f3\u017c mamy czyni\u0107, bracia? <\/b><\/i>By\u0142a to reakcja nas s\u0142owa Aposto\u0142a: <i><b>Niech ca\u0142y dom Izraela wie z niewzruszon\u0105 pewno\u015bci\u0105, \u017ce tego Jezusa, kt\u00f3rego wy\u015bcie ukrzy\u017cowali, uczyni\u0142 B\u00f3g i Panem, i Mesjaszem. <\/b><\/i>Skoro tak \u2013 i skoro ju\u017c w to wierzymy, i nie boimy si\u0119 o tym \u015bwiadczy\u0107 \u2013 to teraz trzeba zapyta\u0107: <b>To co z tym robimy? <\/b><b>Jak na to zareagujemy? <\/b><\/span><\/span><\/span><\/p>\n<p align=\"justify\"><span style=\"color: #000000;\"><span style=\"font-family: Book Antiqua, serif;\"><span style=\"font-size: large;\">Pytanie to, postawione dzi\u015b przez s\u0142uchaczy Piotra, jawi si\u0119 nam jako <b>g\u0142\u00f3wna my\u015bl dzisiejszej liturgii S\u0142owa.<\/b> Skoro bowiem prawda o Zmartwychwstaniu ju\u017c niejako przebi\u0142a si\u0119 do \u015bwiadomo\u015bci ludzi i zaj\u0119\u0142a nale\u017cne sobie miejsce, to teraz <b>trzeba j\u0105 przeku\u0107 na konkrety.<\/b> Dlatego nie da si\u0119 chyba postawi\u0107 bardziej adekwatnego, sensownego i trafionego pytania; <b>nie da si\u0119 chyba lepiej zareagowa\u0107<\/b> na te s\u0142owa Piotra, kt\u00f3re dzisiaj wypowiedzia\u0142, ale i na wszystkie s\u0142owa, nios\u0105ce \u015bwiatu dobr\u0105 nowin\u0119 o Zmartwychwstaniu i o zbawieniu, jak w\u0142a\u015bnie pytaniem: <i><b>C\u00f3\u017c mamy czyni\u0107?<\/b><\/i> <\/span><\/span><\/span><\/p>\n<p align=\"justify\"><span style=\"color: #000000;\"><span style=\"font-family: Book Antiqua, serif;\"><span style=\"font-size: large;\">I Piotr odpowiedzia\u0142 na to \u2013 w pierwszym czytaniu \u2013 tak: <i><b>Nawr\u00f3\u0107cie si\u0119 i niech ka\u017cdy z was ochrzci si\u0119 w imi\u0119 Jezusa Chrystusa na odpuszczenie grzech\u00f3w waszych, a we\u017amiecie w darze Ducha \u015awi\u0119tego;<\/b><\/i><b> <\/b>a tak\u017ce: <i><b>Ratujcie si\u0119 z tego przewrotnego pokolenia.<\/b><\/i><b> <\/b><\/span><\/span><\/span><\/p>\n<p align=\"justify\"><span style=\"color: #000000;\"><span style=\"font-family: Book Antiqua, serif;\"><span style=\"font-size: large;\">W drugim czytaniu \u2013 z Pierwszego swego Listu \u2013 odpowiedzia\u0142 tak: <i><b>To si\u0119 Bogu podoba, je\u017celi dobrze czynicie, a przetrzymacie cierpienia. Do tego bowiem jeste\u015bcie powo\u0142ani. Chrystus przecie\u017c r\u00f3wnie\u017c cierpia\u0142 za was i zostawi\u0142 wam wz\u00f3r, aby\u015bcie szli za Nim Jego \u015bladami. <\/b><\/i>A tak\u017ce: <i><b>B\u0142\u0105dzili\u015bcie bowiem jak owce, ale teraz nawr\u00f3cili\u015bcie si\u0119 do Pasterza i Str\u00f3\u017ca dusz waszych. <\/b><\/i><\/span><\/span><\/span><\/p>\n<p align=\"justify\"><span style=\"color: #000000;\"><span style=\"font-family: Book Antiqua, serif;\"><span style=\"font-size: large;\">W Ewangelii natomiast sam Jezus na to pytanie \u2013 chocia\u017c nie wprost, ale do\u015b\u0107 wyra\u017anie \u2013 odpowiedzia\u0142 tak: <i><b>Ja jestem bram\u0105 owiec. Wszyscy, kt\u00f3rzy przyszli przede Mn\u0105, s\u0105 z\u0142odziejami i rozb\u00f3jnikami, a nie pos\u0142ucha\u0142y ich owce. Ja jestem bram\u0105. Je\u017celi kto\u015b wejdzie przeze Mnie, b\u0119dzie zbawiony \u2013 wejdzie i wyjdzie, i znajdzie pasz\u0119. Z\u0142odziej przychodzi tylko po to, aby kra\u015b\u0107, zabija\u0107 i niszczy\u0107. Ja przyszed\u0142em po to, aby owce mia\u0142y \u017cycie i mia\u0142y je w obfito\u015bci. <\/b><\/i><\/span><\/span><\/span><\/p>\n<p align=\"justify\"><span style=\"color: #000000;\"><span style=\"font-family: Book Antiqua, serif;\"><span style=\"font-size: large;\">W tych Jezusowych s\u0142owach \u2013 jak wspomnieli\u015bmy \u2013 nie ma tak wprost odpowiedzi na pytanie: <i><b>C<\/b><\/i><i><b>\u00f3\u017c m<\/b><\/i><i><b>amy czyni\u0107?, <\/b><\/i>ale ona wydaje si\u0119 tu oczywista: <b>i\u015b\u0107 przez t\u0119 Bram\u0119<\/b>, kt\u00f3r\u0105 swoim owcom otworzy\u0142 dobry Pasterz! <b>I <\/b><b>i\u015b\u0107<\/b><b> za tym dobrym Pasterzem!<\/b> I tylko za Nim \u2013 za nikim wi\u0119cej. Mocno bowiem przemawia do wyobra\u017ani, ale i do przekonania to <b>jak\u017ce<\/b><b> kontrastuj\u0105ce zestawienie, wr\u0119cz zderzenie <\/b>obrazu dobrego Pasterza \u2013 z tymi, kt\u00f3rzy nimi nie s\u0105, chocia\u017c pr\u00f3buj\u0105 takowych udawa\u0107. <\/span><\/span><\/span><\/p>\n<p align=\"justify\"><span style=\"color: #000000;\"><span style=\"font-family: Book Antiqua, serif;\"><span style=\"font-size: large;\">Ju\u017c w tym przywo\u0142anym powy\u017cej fragmencie padaj\u0105 drastyczne okre\u015blenia wobec tych, kt\u00f3rych \u00abowce nie pos\u0142uchaj\u0105\u00bb. A dlaczego ich nie pos\u0142uchaj\u0105? A w\u0142a\u015bnie dlatego, \u017ce <i><b>s\u0105 z\u0142odziejami i rozb\u00f3jnikami. <\/b><\/i>Jasno, konkretnie i bez ogr\u00f3dek! Wcze\u015bniej jeszcze Jezus t\u0142umaczy\u0142 to r\u00f3wnie wyrazi\u015bcie: <i><b>Kto nie wchodzi do owczarni przez bram\u0119, ale wdziera si\u0119 inn\u0105 drog\u0105, ten jest z\u0142odziejem i rozb\u00f3jnikiem. Kto jednak wchodzi przez bram\u0119, jest pasterzem owiec. <\/b><\/i><\/span><\/span><\/span><\/p>\n<p align=\"justify\"><span style=\"color: #000000;\"><span style=\"font-family: Book Antiqua, serif;\"><span style=\"font-size: large;\">Zatem \u2013 co mamy robi\u0107, skoro Jezus zmartwychwsta\u0142, a my w to uwierzyli\u015bmy? <b>Po czym pozna\u0107, <\/b>\u017ce naprawd\u0119 uwierzyli\u015bmy? <i><b>C\u00f3\u017c mamy <\/b><\/i><i><b>czyni\u0107? <\/b><\/i>S\u0142yszeli\u015bmy dzisiaj: <b>nawr\u00f3ci\u0107 si\u0119,<\/b> a dok\u0142adniej \u2013 ci\u0105gle, stale si\u0119 nawraca\u0107! I <b>\u00abratowa\u0107 si\u0119 z tego pokolenia\u00bb,<\/b> czyli zachowa\u0107 dystans do tego, co si\u0119 dzieje na \u015bwiecie i na pewno nie ulega\u0107 pokusom, jakie niesie \u015bwiat. <b>Znosi\u0107 cierpienia i przeciwno\u015bci<\/b> bez narzekania \u2013 tak\u017ce wtedy, a mo\u017ce szczeg\u00f3lnie wtedy, kiedy wiemy, \u017ce nie zas\u0142u\u017cyli\u015bmy na nie. Dlaczego? <b>Bo tak post\u0119powa\u0142 Jezus. <\/b><\/span><\/span><\/span><\/p>\n<p align=\"justify\"><span style=\"color: #000000;\"><span style=\"font-family: Book Antiqua, serif;\"><span style=\"font-size: large;\">Jak dzisiaj t\u0142umaczy nam to Piotr w drugim czytaniu: Jezus <i><b>przecie\u017c<\/b><\/i><b> <\/b><i><b>r\u00f3wnie\u017c cierpia\u0142 za was i zostawi\u0142 wam wz\u00f3r, aby\u015bcie szli za Nim Jego \u015bladami. <\/b><\/i><i><b>On grzechu nie pope\u0142ni\u0142, a w Jego ustach nie by\u0142o podst\u0119pu. On, gdy Mu z\u0142orzeczono, nie z\u0142orzeczy\u0142, gdy cierpia\u0142, nie grozi\u0142, ale oddawa\u0142 si\u0119 Temu, kt\u00f3ry s\u0105dzi\u0142 sprawiedliwie. On sam, w swoim ciele poni\u00f3s\u0142 nasze grzechy na drzewo\u2026 <\/b><\/i><\/span><\/span><\/span><\/p>\n<p align=\"justify\"><span style=\"color: #000000;\"><span style=\"font-family: Book Antiqua, serif;\"><span style=\"font-size: large;\">I je\u017celi ten Jezus dzisiaj m\u00f3wi nam, \u017ce jest <b>dobrym Pasterzem, kt\u00f3remu zale\u017cy na owcach,<\/b> a nie na tym, by je wykorzysta\u0107 do jakich\u015b niejasnych, niecnych cel\u00f3w; je\u017celi wszyscy ci, kt\u00f3rzy nie s\u0105 dobrymi pasterzami \u2013 kt\u00f3rzy nie s\u0105 \u017cadnymi pasterzami, chocia\u017c takowych udaj\u0105 \u2013 nazwani zostali <i><b>z\u0142odziejami i rozb\u00f3jnikami,<\/b><\/i> kt\u00f3rych \u00abnie pos\u0142uchaj\u0105 owce\u00bb, to nie da si\u0119 da\u0107 ja\u015bniejszej odpowiedzi na pytanie: <i><b>C\u00f3\u017c mamy czyni\u0107?<\/b><\/i> C\u00f3\u017c takiego? <\/span><\/span><\/span><\/p>\n<p align=\"justify\"><span style=\"color: #000000;\"><span style=\"font-family: Book Antiqua, serif;\"><span style=\"font-size: large;\">To oczywiste: <b>I\u015b\u0107 za tym jedynym dobrym Pasterzem!<\/b> Da\u0107 si\u0119 Mu poprowadzi\u0107! <b>Uwierzy\u0107 Mu \u2013 i uwierzy\u0107 w Niego! <\/b>W to, \u017ce On naprawd\u0119 zmartwychwsta\u0142! I \u017ce On mo\u017ce \u2013 i powinien \u2013 mie\u0107 <b>realny wp\u0142yw na nasze \u017cycie,<\/b> na nasz\u0105 codzienno\u015b\u0107! Umo\u017cliwi\u0107 Mu ten realny wp\u0142yw! Zacz\u0105\u0107 si\u0119 z Nim \u2013 z Jezusem \u2013 tak naprawd\u0119 i na powa\u017cnie liczy\u0107! <b>S\u0142ucha\u0107<\/b><b> <\/b><b>G<\/b><b>o \u2013 i <\/b><b>u<\/b><b>s\u0142ysze\u0107!<\/b> Z Nim podejmowa\u0107<b> wszystkie \u017cyciowe decyzje<\/b> i dokonywa\u0107 wszystkich \u017cyciowych wybor\u00f3w. Nie tylko wyboru drogi na ca\u0142e \u017cycie \u2013<b> i nie tylko drogi kap\u0142a\u0144skiej i zakonnej, <\/b>z czym najcz\u0119\u015bciej kojarzy si\u0119 ta dzisiejsza Niedziela. <\/span><\/span><\/span><\/p>\n<p align=\"justify\"><span style=\"color: #000000;\"><span style=\"font-family: Book Antiqua, serif;\"><span style=\"font-size: large;\">Z tym te\u017c, ale my dzisiaj <b>patrzymy szerzej, <\/b>my\u015bl\u0105c o ka\u017cdej swojej decyzji, ka\u017cdym wyborze, o ka\u017cdej swoje my\u015bli, o ka\u017cdym s\u0142owie i czynie. <b>Wszystko to z Jezusem, pod Jego prowadzeniem, w zgodzie z Jego wol\u0105.<\/b><\/span><\/span><\/span><\/p>\n<p align=\"justify\"><span style=\"color: #000000;\"><span style=\"font-family: Book Antiqua, serif;\"><span style=\"font-size: large;\">Zatem, na pytanie, kt\u00f3re ka\u017cda i ka\u017cdy z nas musi dzisiaj sobie postawi\u0107: <b>\u00abC\u00f3\u017c mam czyni\u0107?\u00bb <\/b>\u2013 odpowied\u017a mo\u017ce by\u0107 tylko jedna: Pozwoli\u0107 Jezusowi, aby <b>by\u0142 dla mnie osobi\u015bcie i indywidualnie dobrym Pasterzem!<\/b><\/span><\/span><\/span><\/p>\n","protected":false},"excerpt":{"rendered":"<p>Szcz\u0119\u015b\u0107 Bo\u017ce! Moi Drodzy, w dniu dzisiejszym imieniny prze\u017cywa Pani Doktor Marzena Pazik \u2013 Wolska, moja Dentystka, ale przede wszystkim Osoba, z kt\u00f3r\u0105 \u015bwietnie si\u0119 dogaduj\u0119 w sprawach wiary i zasad, jakimi powinni\u015bmy si\u0119 kierowa\u0107 w \u017cyciu. Dzi\u0119kuj\u0105c Pani Doktor za ten nasz dobry kontakt, \u017cycz\u0119 nieustannej opieki Bo\u017cej i wszelkich dobrych natchnie\u0144 we wszystkim, [&hellip;]<\/p>\n","protected":false},"author":1,"featured_media":0,"comment_status":"open","ping_status":"open","sticky":false,"template":"","format":"standard","meta":{"jetpack_post_was_ever_published":false,"_jetpack_newsletter_access":"","_jetpack_dont_email_post_to_subs":false,"_jetpack_newsletter_tier_id":0,"_jetpack_memberships_contains_paywalled_content":false,"_jetpack_memberships_contains_paid_content":false,"footnotes":""},"categories":[1],"tags":[],"class_list":["post-24825","post","type-post","status-publish","format-standard","hentry","category-bez-kategorii"],"yoast_head":"<!-- This site is optimized with the Yoast SEO plugin v25.1 - https:\/\/yoast.com\/wordpress\/plugins\/seo\/ -->\n<title>C\u00f3\u017c mam czyni\u0107?... - Gaudium Et Spes<\/title>\n<meta name=\"robots\" content=\"index, follow, max-snippet:-1, max-image-preview:large, max-video-preview:-1\" \/>\n<link rel=\"canonical\" href=\"https:\/\/gaudiumetspes-blog.pl\/index.php\/2026\/04\/26\/coz-mam-czynic\/\" \/>\n<meta property=\"og:locale\" content=\"pl_PL\" \/>\n<meta property=\"og:type\" content=\"article\" \/>\n<meta property=\"og:title\" content=\"C\u00f3\u017c mam czyni\u0107?... - Gaudium Et Spes\" \/>\n<meta property=\"og:description\" content=\"Szcz\u0119\u015b\u0107 Bo\u017ce! Moi Drodzy, w dniu dzisiejszym imieniny prze\u017cywa Pani Doktor Marzena Pazik \u2013 Wolska, moja Dentystka, ale przede wszystkim Osoba, z kt\u00f3r\u0105 \u015bwietnie si\u0119 dogaduj\u0119 w sprawach wiary i zasad, jakimi powinni\u015bmy si\u0119 kierowa\u0107 w \u017cyciu. Dzi\u0119kuj\u0105c Pani Doktor za ten nasz dobry kontakt, \u017cycz\u0119 nieustannej opieki Bo\u017cej i wszelkich dobrych natchnie\u0144 we wszystkim, [&hellip;]\" \/>\n<meta property=\"og:url\" content=\"https:\/\/gaudiumetspes-blog.pl\/index.php\/2026\/04\/26\/coz-mam-czynic\/\" \/>\n<meta property=\"og:site_name\" content=\"Gaudium Et Spes\" \/>\n<meta property=\"article:published_time\" content=\"2026-04-26T03:33:50+00:00\" \/>\n<meta property=\"article:modified_time\" content=\"2026-04-26T03:35:43+00:00\" \/>\n<meta name=\"author\" content=\"Ks. Jacek\" \/>\n<meta name=\"twitter:card\" content=\"summary_large_image\" \/>\n<meta name=\"twitter:label1\" content=\"Napisane przez\" \/>\n\t<meta name=\"twitter:data1\" content=\"Ks. Jacek\" \/>\n\t<meta name=\"twitter:label2\" content=\"Szacowany czas czytania\" \/>\n\t<meta name=\"twitter:data2\" content=\"14 minut\" \/>\n<script type=\"application\/ld+json\" class=\"yoast-schema-graph\">{\"@context\":\"https:\/\/schema.org\",\"@graph\":[{\"@type\":\"WebPage\",\"@id\":\"https:\/\/gaudiumetspes-blog.pl\/index.php\/2026\/04\/26\/coz-mam-czynic\/\",\"url\":\"https:\/\/gaudiumetspes-blog.pl\/index.php\/2026\/04\/26\/coz-mam-czynic\/\",\"name\":\"C\u00f3\u017c mam czyni\u0107?... - Gaudium Et Spes\",\"isPartOf\":{\"@id\":\"https:\/\/gaudiumetspes-blog.pl\/#website\"},\"datePublished\":\"2026-04-26T03:33:50+00:00\",\"dateModified\":\"2026-04-26T03:35:43+00:00\",\"author\":{\"@id\":\"https:\/\/gaudiumetspes-blog.pl\/#\/schema\/person\/1661982992b752dea8dff0d4ed845a65\"},\"breadcrumb\":{\"@id\":\"https:\/\/gaudiumetspes-blog.pl\/index.php\/2026\/04\/26\/coz-mam-czynic\/#breadcrumb\"},\"inLanguage\":\"pl-PL\",\"potentialAction\":[{\"@type\":\"ReadAction\",\"target\":[\"https:\/\/gaudiumetspes-blog.pl\/index.php\/2026\/04\/26\/coz-mam-czynic\/\"]}]},{\"@type\":\"BreadcrumbList\",\"@id\":\"https:\/\/gaudiumetspes-blog.pl\/index.php\/2026\/04\/26\/coz-mam-czynic\/#breadcrumb\",\"itemListElement\":[{\"@type\":\"ListItem\",\"position\":1,\"name\":\"Strona g\u0142\u00f3wna\",\"item\":\"https:\/\/gaudiumetspes-blog.pl\/\"},{\"@type\":\"ListItem\",\"position\":2,\"name\":\"C\u00f3\u017c mam czyni\u0107?&#8230;\"}]},{\"@type\":\"WebSite\",\"@id\":\"https:\/\/gaudiumetspes-blog.pl\/#website\",\"url\":\"https:\/\/gaudiumetspes-blog.pl\/\",\"name\":\"Gaudium Et Spes\",\"description\":\"Blog Ks. Jacka Ja\u015bkowskiego\",\"potentialAction\":[{\"@type\":\"SearchAction\",\"target\":{\"@type\":\"EntryPoint\",\"urlTemplate\":\"https:\/\/gaudiumetspes-blog.pl\/?s={search_term_string}\"},\"query-input\":{\"@type\":\"PropertyValueSpecification\",\"valueRequired\":true,\"valueName\":\"search_term_string\"}}],\"inLanguage\":\"pl-PL\"},{\"@type\":\"Person\",\"@id\":\"https:\/\/gaudiumetspes-blog.pl\/#\/schema\/person\/1661982992b752dea8dff0d4ed845a65\",\"name\":\"Ks. Jacek\",\"image\":{\"@type\":\"ImageObject\",\"inLanguage\":\"pl-PL\",\"@id\":\"https:\/\/gaudiumetspes-blog.pl\/#\/schema\/person\/image\/\",\"url\":\"https:\/\/gaudiumetspes-blog.pl\/wp-content\/uploads\/2019\/07\/avatar-JJ-150x150.jpg\",\"contentUrl\":\"https:\/\/gaudiumetspes-blog.pl\/wp-content\/uploads\/2019\/07\/avatar-JJ-150x150.jpg\",\"caption\":\"Ks. Jacek\"},\"description\":\"Witam serdecznie! K\u0142ania si\u0119 Ks. Jacek Ja\u015bkowski. Nie jestem ani kim\u015b wa\u017cnym, ani kim\u015b znanym. Jestem ksi\u0119dzem, kt\u00f3ry po prostu chce rozmawia\u0107. Codzienna kap\u0142a\u0144ska pos\u0142uga pokazuje mi, \u017ce temat\u00f3w do rozm\u00f3w z ksi\u0119dzem jest coraz wi\u0119cej i dzisiaj \u017caden ksi\u0105dz nie mo\u017ce od nich ucieka\u0107, ale - wprost przeciwnie - podejmowa\u0107 nowe wyzwania. To przekonanie sk\u0142oni\u0142o mnie do pr\u00f3by otwarcia tego\u017c bloga, chocia\u017c okazji do rozm\u00f3w na co dzie\u0144 - w konfesjonale i poza nim - na szcz\u0119\u015bcie nie brakuje. My\u015bl\u0119 jednak, \u017ce ten blog b\u0119dzie jeszcze jednym sposobem i przestrzeni\u0105 nawi\u0105zania kontaktu z lud\u017ami dobrej woli, otwartymi na dialog.\",\"url\":\"https:\/\/gaudiumetspes-blog.pl\/index.php\/author\/ks-jacek\/\"}]}<\/script>\n<!-- \/ Yoast SEO plugin. -->","yoast_head_json":{"title":"C\u00f3\u017c mam czyni\u0107?... - Gaudium Et Spes","robots":{"index":"index","follow":"follow","max-snippet":"max-snippet:-1","max-image-preview":"max-image-preview:large","max-video-preview":"max-video-preview:-1"},"canonical":"https:\/\/gaudiumetspes-blog.pl\/index.php\/2026\/04\/26\/coz-mam-czynic\/","og_locale":"pl_PL","og_type":"article","og_title":"C\u00f3\u017c mam czyni\u0107?... - Gaudium Et Spes","og_description":"Szcz\u0119\u015b\u0107 Bo\u017ce! Moi Drodzy, w dniu dzisiejszym imieniny prze\u017cywa Pani Doktor Marzena Pazik \u2013 Wolska, moja Dentystka, ale przede wszystkim Osoba, z kt\u00f3r\u0105 \u015bwietnie si\u0119 dogaduj\u0119 w sprawach wiary i zasad, jakimi powinni\u015bmy si\u0119 kierowa\u0107 w \u017cyciu. Dzi\u0119kuj\u0105c Pani Doktor za ten nasz dobry kontakt, \u017cycz\u0119 nieustannej opieki Bo\u017cej i wszelkich dobrych natchnie\u0144 we wszystkim, [&hellip;]","og_url":"https:\/\/gaudiumetspes-blog.pl\/index.php\/2026\/04\/26\/coz-mam-czynic\/","og_site_name":"Gaudium Et Spes","article_published_time":"2026-04-26T03:33:50+00:00","article_modified_time":"2026-04-26T03:35:43+00:00","author":"Ks. Jacek","twitter_card":"summary_large_image","twitter_misc":{"Napisane przez":"Ks. Jacek","Szacowany czas czytania":"14 minut"},"schema":{"@context":"https:\/\/schema.org","@graph":[{"@type":"WebPage","@id":"https:\/\/gaudiumetspes-blog.pl\/index.php\/2026\/04\/26\/coz-mam-czynic\/","url":"https:\/\/gaudiumetspes-blog.pl\/index.php\/2026\/04\/26\/coz-mam-czynic\/","name":"C\u00f3\u017c mam czyni\u0107?... - Gaudium Et Spes","isPartOf":{"@id":"https:\/\/gaudiumetspes-blog.pl\/#website"},"datePublished":"2026-04-26T03:33:50+00:00","dateModified":"2026-04-26T03:35:43+00:00","author":{"@id":"https:\/\/gaudiumetspes-blog.pl\/#\/schema\/person\/1661982992b752dea8dff0d4ed845a65"},"breadcrumb":{"@id":"https:\/\/gaudiumetspes-blog.pl\/index.php\/2026\/04\/26\/coz-mam-czynic\/#breadcrumb"},"inLanguage":"pl-PL","potentialAction":[{"@type":"ReadAction","target":["https:\/\/gaudiumetspes-blog.pl\/index.php\/2026\/04\/26\/coz-mam-czynic\/"]}]},{"@type":"BreadcrumbList","@id":"https:\/\/gaudiumetspes-blog.pl\/index.php\/2026\/04\/26\/coz-mam-czynic\/#breadcrumb","itemListElement":[{"@type":"ListItem","position":1,"name":"Strona g\u0142\u00f3wna","item":"https:\/\/gaudiumetspes-blog.pl\/"},{"@type":"ListItem","position":2,"name":"C\u00f3\u017c mam czyni\u0107?&#8230;"}]},{"@type":"WebSite","@id":"https:\/\/gaudiumetspes-blog.pl\/#website","url":"https:\/\/gaudiumetspes-blog.pl\/","name":"Gaudium Et Spes","description":"Blog Ks. Jacka Ja\u015bkowskiego","potentialAction":[{"@type":"SearchAction","target":{"@type":"EntryPoint","urlTemplate":"https:\/\/gaudiumetspes-blog.pl\/?s={search_term_string}"},"query-input":{"@type":"PropertyValueSpecification","valueRequired":true,"valueName":"search_term_string"}}],"inLanguage":"pl-PL"},{"@type":"Person","@id":"https:\/\/gaudiumetspes-blog.pl\/#\/schema\/person\/1661982992b752dea8dff0d4ed845a65","name":"Ks. Jacek","image":{"@type":"ImageObject","inLanguage":"pl-PL","@id":"https:\/\/gaudiumetspes-blog.pl\/#\/schema\/person\/image\/","url":"https:\/\/gaudiumetspes-blog.pl\/wp-content\/uploads\/2019\/07\/avatar-JJ-150x150.jpg","contentUrl":"https:\/\/gaudiumetspes-blog.pl\/wp-content\/uploads\/2019\/07\/avatar-JJ-150x150.jpg","caption":"Ks. Jacek"},"description":"Witam serdecznie! K\u0142ania si\u0119 Ks. Jacek Ja\u015bkowski. Nie jestem ani kim\u015b wa\u017cnym, ani kim\u015b znanym. Jestem ksi\u0119dzem, kt\u00f3ry po prostu chce rozmawia\u0107. Codzienna kap\u0142a\u0144ska pos\u0142uga pokazuje mi, \u017ce temat\u00f3w do rozm\u00f3w z ksi\u0119dzem jest coraz wi\u0119cej i dzisiaj \u017caden ksi\u0105dz nie mo\u017ce od nich ucieka\u0107, ale - wprost przeciwnie - podejmowa\u0107 nowe wyzwania. To przekonanie sk\u0142oni\u0142o mnie do pr\u00f3by otwarcia tego\u017c bloga, chocia\u017c okazji do rozm\u00f3w na co dzie\u0144 - w konfesjonale i poza nim - na szcz\u0119\u015bcie nie brakuje. My\u015bl\u0119 jednak, \u017ce ten blog b\u0119dzie jeszcze jednym sposobem i przestrzeni\u0105 nawi\u0105zania kontaktu z lud\u017ami dobrej woli, otwartymi na dialog.","url":"https:\/\/gaudiumetspes-blog.pl\/index.php\/author\/ks-jacek\/"}]}},"jetpack_featured_media_url":"","jetpack_sharing_enabled":true,"_links":{"self":[{"href":"https:\/\/gaudiumetspes-blog.pl\/index.php\/wp-json\/wp\/v2\/posts\/24825","targetHints":{"allow":["GET"]}}],"collection":[{"href":"https:\/\/gaudiumetspes-blog.pl\/index.php\/wp-json\/wp\/v2\/posts"}],"about":[{"href":"https:\/\/gaudiumetspes-blog.pl\/index.php\/wp-json\/wp\/v2\/types\/post"}],"author":[{"embeddable":true,"href":"https:\/\/gaudiumetspes-blog.pl\/index.php\/wp-json\/wp\/v2\/users\/1"}],"replies":[{"embeddable":true,"href":"https:\/\/gaudiumetspes-blog.pl\/index.php\/wp-json\/wp\/v2\/comments?post=24825"}],"version-history":[{"count":2,"href":"https:\/\/gaudiumetspes-blog.pl\/index.php\/wp-json\/wp\/v2\/posts\/24825\/revisions"}],"predecessor-version":[{"id":24827,"href":"https:\/\/gaudiumetspes-blog.pl\/index.php\/wp-json\/wp\/v2\/posts\/24825\/revisions\/24827"}],"wp:attachment":[{"href":"https:\/\/gaudiumetspes-blog.pl\/index.php\/wp-json\/wp\/v2\/media?parent=24825"}],"wp:term":[{"taxonomy":"category","embeddable":true,"href":"https:\/\/gaudiumetspes-blog.pl\/index.php\/wp-json\/wp\/v2\/categories?post=24825"},{"taxonomy":"post_tag","embeddable":true,"href":"https:\/\/gaudiumetspes-blog.pl\/index.php\/wp-json\/wp\/v2\/tags?post=24825"}],"curies":[{"name":"wp","href":"https:\/\/api.w.org\/{rel}","templated":true}]}}