{"id":24828,"date":"2026-04-27T09:40:07","date_gmt":"2026-04-27T07:40:07","guid":{"rendered":"https:\/\/gaudiumetspes-blog.pl\/?p=24828"},"modified":"2026-04-27T09:42:49","modified_gmt":"2026-04-27T07:42:49","slug":"jezus-chce-wszystkich","status":"publish","type":"post","link":"https:\/\/gaudiumetspes-blog.pl\/index.php\/2026\/04\/27\/jezus-chce-wszystkich\/","title":{"rendered":"Jezus chce wszystkich!"},"content":{"rendered":"<p align=\"justify\"><span style=\"color: #000000;\"><span style=\"font-family: Book Antiqua, serif;\"><span style=\"font-size: large;\">Szcz\u0119\u015b\u0107 Bo\u017ce! Drodzy moi, w dniu dzisiejszym<b> urodziny prze\u017cywa Profesor Marek Guga\u0142a, kt\u00f3ry niedawno prze\u017cywa\u0142 imieniny. Dzi\u0119kuj\u0105c za \u017cyczliwo\u015b\u0107 i wsp\u00f3\u0142prac\u0119 \u2013 \u017cycz\u0119 mocy i m\u0105dro\u015bci Bo\u017cej! Zapewniam o modlitwie!<\/b><\/span><\/span><\/span><\/p>\n<p align=\"justify\"><span style=\"color: #000000;\"><span style=\"font-family: Book Antiqua, serif;\"><span style=\"font-size: large;\">I pozdrawiam Wszystkich z Siedlec, gdzie zamierzam zosta\u0107 dzisiaj przez ca\u0142y dzie\u0144, pracuj\u0105c w Duszpasterstwie \u2013 w ca\u0142ej szeroko\u015bci tego poj\u0119cia, a wi\u0119c tak\u017ce odwiedzaj\u0105c z Og\u0142oszeniami wszystkie Wydzia\u0142y i Akademiki. Oczywi\u015bcie, nie zabraknie tak\u017ce modlitwy, bo ona jest podstaw\u0105 wszystkiego i si\u0142\u0105 wszystkiego!<\/span><\/span><\/span><\/p>\n<p align=\"justify\"><span style=\"color: #000000;\"><span style=\"font-family: Book Antiqua, serif;\"><span style=\"font-size: large;\">A teraz ju\u017c zapraszam do pochylenia si\u0119 nad Bo\u017cym s\u0142owem dzisiejszej liturgii. Oto s\u0142\u00f3wko Ksi\u0119dza Marka na dzi\u015b:<\/span><\/span><\/span><\/p>\n<p align=\"justify\"><span style=\"color: #000000;\"><span style=\"font-family: Book Antiqua, serif;\"><span style=\"font-size: medium;\"><a href=\"https:\/\/www.youtube.com\/c\/CatholicSurgut\"><span style=\"font-size: large;\"><b>https:\/\/www.youtube.com\/c\/CatholicSurgut<\/b><\/span><\/a><\/span><\/span><\/span><\/p>\n<p align=\"justify\"><span style=\"color: #000000;\"><span style=\"font-family: Book Antiqua, serif;\"><span style=\"font-size: large;\">Zatem, <b>c<\/b><b>o dzi\u015b m\u00f3wi do mnie Pan? Z jakim przes\u0142aniem zwraca si\u0119 w\u0142a\u015bnie do mnie? <\/b>Duchu \u015awi\u0119ty, wska\u017c\u2026 <\/span><\/span><\/span><\/p>\n<p align=\"justify\"><span style=\"color: #000000;\"><span style=\"font-family: Book Antiqua, serif;\"><span style=\"font-size: large;\"><b>Niech Was b\u0142ogos\u0142awi B\u00f3g Wszechmog\u0105cy: Ojciec + i Syn, i Duch \u015awi\u0119ty. Amen<\/b><\/span><\/span><\/span><\/p>\n<p align=\"center\"><span style=\"color: #000000;\"><span style=\"font-family: Book Antiqua, serif;\"><span style=\"font-size: large;\">Gaudium et spes! Ks. Jacek<\/span><\/span><\/span><\/p>\n<p align=\"center\">\n<p align=\"center\">\n<p align=\"center\">\n<p align=\"center\">\n<p align=\"center\">\n<p align=\"justify\"><span style=\"color: #000000;\"><span style=\"font-family: Book Antiqua, serif;\"><span style=\"font-size: large;\"><b>Poniedzia\u0142ek 4 tygodnia Wielkanocy, A,<\/b><\/span><\/span><\/span><\/p>\n<p align=\"justify\"><span style=\"color: #000000;\"><span style=\"font-family: Book Antiqua, serif;\"><span style=\"font-size: large;\"><b>27 kwietnia 2026.,<\/b><\/span><\/span><\/span><\/p>\n<p align=\"justify\"><span style=\"color: #000000;\"><span style=\"font-family: Book Antiqua, serif;\"><span style=\"font-size: large;\"><b>do czyta\u0144: Dz 11,1\u201318; J 10,11\u201318<\/b><\/span><\/span><\/span><\/p>\n<p align=\"justify\">\n<p align=\"justify\">\n<p align=\"justify\">\n<p align=\"justify\">\n<p align=\"justify\">\n<p align=\"justify\"><span style=\"color: #000000;\"><span style=\"font-family: Book Antiqua, serif;\"><span style=\"font-size: large;\"><b>CZYTANIE Z DZIEJ\u00d3W APOSTOLSKICH: <\/b><\/span><\/span><\/span><\/p>\n<p align=\"justify\"><span style=\"color: #000000;\"><span style=\"font-family: Book Antiqua, serif;\"><span style=\"font-size: large;\"><b>Aposto\u0142owie i bracia, przebywaj\u0105cy w Judei, dowiedzieli si\u0119, \u017ce r\u00f3wnie\u017c poganie przyj\u0119li S\u0142owo Bo\u017ce. Kiedy Piotr przyby\u0142 do Jerozolimy, ci, kt\u00f3rzy byli pochodzenia \u017cydowskiego, robili mu wym\u00f3wki, m\u00f3wi\u0105c: \u201eWszed\u0142e\u015b do ludzi nieobrzezanych i jad\u0142e\u015b z nimi?\u201d <\/b><\/span><\/span><\/span><\/p>\n<p align=\"justify\"><span style=\"color: #000000;\"><span style=\"font-family: Book Antiqua, serif;\"><span style=\"font-size: large;\"><b>Piotr wi\u0119c zacz\u0105\u0142 wyja\u015bnia\u0107 im po kolei, m\u00f3wi\u0105c: \u201eModli\u0142em si\u0119 w mie\u015bcie Jafie i w zachwyceniu ujrza\u0142em jaki\u015b spuszczaj\u0105cy si\u0119 przedmiot, podobny do wielkiego p\u0142\u00f3tna czterema ko\u0144cami opadaj\u0105cego z nieba, kt\u00f3ry dotar\u0142 a\u017c do mnie. Przygl\u0105daj\u0105c mu si\u0119 uwa\u017cnie, zobaczy\u0142em czworono\u017cne zwierz\u0119ta domowe i dzikie, p\u0142azy i gady. <\/b><\/span><\/span><\/span><\/p>\n<p align=\"justify\"><span style=\"color: #000000;\"><span style=\"font-family: Book Antiqua, serif;\"><span style=\"font-size: large;\"><b>Us\u0142ysza\u0142em te\u017c g\u0142os, kt\u00f3ry m\u00f3wi\u0142 do mnie: \u00abZabijaj, Piotrze, i jedz!\u00bb Odpowiedzia\u0142em: \u00abO nie, Panie, bo nigdy nie wzi\u0105\u0142em do ust niczego ska\u017conego lub nieczystego\u00bb. Ale g\u0142os z nieba odezwa\u0142 si\u0119 po raz drugi: \u00abNie nazywaj nieczystym tego, co B\u00f3g oczy\u015bci\u0142\u00bb. Powt\u00f3rzy\u0142o si\u0119 to trzy razy i wszystko zosta\u0142o wzi\u0119te znowu do nieba. <\/b><\/span><\/span><\/span><\/p>\n<p align=\"justify\"><span style=\"color: #000000;\"><span style=\"font-family: Book Antiqua, serif;\"><span style=\"font-size: large;\"><b>Zaraz potem trzech ludzi, wys\u0142anych do mnie z Cezarei, stan\u0119\u0142o przed domem, w kt\u00f3rym mieszkali\u015bmy. A Duch powiedzia\u0142 mi, abym bez wahania poszed\u0142 z nimi. Razem ze mn\u0105 posz\u0142o te\u017c tych sze\u015bciu braci. Przybyli\u015bmy do domu owego cz\u0142owieka. On nam opowiedzia\u0142, jak zobaczy\u0142 anio\u0142a, kt\u00f3ry zjawi\u0142 si\u0119 w jego domu i rzek\u0142: \u00abPo\u015blij do Jafy i sprowad\u017a Szymona, zwanego Piotrem. On ci\u0119 pouczy, jak zbawisz siebie i ca\u0142y sw\u00f3j dom\u00bb. Kiedy zacz\u0105\u0142em m\u00f3wi\u0107, Duch \u015awi\u0119ty zst\u0105pi\u0142 na nich, jak na nas na pocz\u0105tku. Przypomnia\u0142em sobie wtedy s\u0142owa, kt\u00f3re wypowiedzia\u0142 Pan: \u00abJan chrzci\u0142 wod\u0105, wy za\u015b ochrzczeni b\u0119dziecie Duchem \u015awi\u0119tym\u00bb. <\/b><\/span><\/span><\/span><\/p>\n<p align=\"justify\"><span style=\"color: #000000;\"><span style=\"font-family: Book Antiqua, serif;\"><span style=\"font-size: large;\"><b>Je\u017celi wi\u0119c B\u00f3g udzieli\u0142 im tego samego daru, co nam, kt\u00f3rzy\u015bmy uwierzyli w Pana Jezusa Chrystusa, to jak\u017ce\u017c ja mog\u0142em sprzeciwia\u0107 si\u0119 Bogu?\u201d Gdy to us\u0142yszeli, zamilkli. Wielbili Boga i m\u00f3wili: \u201eA wi\u0119c i poganom udzieli\u0142 B\u00f3g \u0142aski nawr\u00f3cenia, aby \u017cyli\u201d.<\/b><\/span><\/span><\/span><\/p>\n<p align=\"justify\">\n<p align=\"justify\">\n<p align=\"justify\">\n<p align=\"justify\">\n<p align=\"justify\">\n<p align=\"justify\"><span style=\"color: #000000;\"><span style=\"font-family: Book Antiqua, serif;\"><span style=\"font-size: large;\"><b>S\u0141OWA EWANGELII WED\u0141UG \u015aWI\u0118TEGO JANA: <\/b><\/span><\/span><\/span><\/p>\n<p align=\"justify\"><span style=\"color: #000000;\"><span style=\"font-family: Book Antiqua, serif;\"><span style=\"font-size: large;\"><b>Jezus powiedzia\u0142: \u201eJa jestem dobrym pasterzem. Dobry pasterz daje \u017cycie swoje za owce. Najemnik za\u015b i ten, kto nie jest pasterzem, do kt\u00f3rego owce nie nale\u017c\u0105, widz\u0105c nadchodz\u0105cego wilka, opuszcza owce i ucieka, a wilk je porywa i rozprasza. Najemnik ucieka dlatego, \u017ce jest najemnikiem i nie zale\u017cy mu na owcach. <\/b><\/span><\/span><\/span><\/p>\n<p align=\"justify\"><span style=\"color: #000000;\"><span style=\"font-family: Book Antiqua, serif;\"><span style=\"font-size: large;\"><b>Ja jestem dobrym pasterzem i znam owce moje, a moje Mnie znaj\u0105, podobnie jak Mnie zna Ojciec, a Ja znam Ojca. \u017bycie moje oddaj\u0119 za owce. Mam tak\u017ce inne owce, kt\u00f3re nie s\u0105 z tej owczarni. I te musz\u0119 przyprowadzi\u0107 i b\u0119d\u0105 s\u0142ucha\u0107 g\u0142osu mego, i nastanie jedna owczarnia i jeden pasterz. <\/b><\/span><\/span><\/span><\/p>\n<p align=\"justify\"><span style=\"color: #000000;\"><span style=\"font-family: Book Antiqua, serif;\"><span style=\"font-size: large;\"><b>Dlatego mi\u0142uje Mnie Ojciec, bo Ja \u017cycie moje oddaj\u0119, aby je potem zn\u00f3w odzyska\u0107. Nikt mi go nie zabiera, lecz Ja od siebie je oddaj\u0119. Mam moc je odda\u0107 i mam moc je zn\u00f3w odzyska\u0107. Taki nakaz otrzyma\u0142em od mojego Ojca\u201d.<\/b><\/span><\/span><\/span><\/p>\n<p align=\"justify\">\n<p align=\"justify\">\n<p align=\"justify\">\n<p align=\"justify\">\n<p align=\"justify\">\n<p align=\"justify\"><span style=\"color: #000000;\"><span style=\"font-family: Book Antiqua, serif;\"><span style=\"font-size: large;\">To by\u0142 naprawd\u0119 do\u015b\u0107 du\u017cy problem w tamtym czasie w Ko\u015bciele: <b>do kogo skierowane jest tak naprawd\u0119 zaproszenie<\/b> do w\u0142\u0105czenia si\u0119 w t\u0119 Wsp\u00f3lnot\u0119? A mo\u017ce precyzyjniej: <b>do kogo najpierw, w jakiej kolejno\u015bci? <\/b>Bo to, \u017ce do wszystkich, to chyba si\u0119 ju\u017c jako\u015b przebija\u0142o do powszechnej \u015bwiadomo\u015bci, ale przecie\u017c <b>nar\u00f3d wybrany w\u0142a\u015bnie dlatego by\u0142 wybrany, <\/b>aby to przez niego wszystko si\u0119 dokona\u0142o, aby to on by\u0142 pierwszy. <\/span><\/span><\/span><\/p>\n<p align=\"justify\"><span style=\"color: #000000;\"><span style=\"font-family: Book Antiqua, serif;\"><span style=\"font-size: large;\">Zatem ci, kt\u00f3rzy do niego nie nale\u017celi i nie wyznawali wiary w jedynego Boga JAHWE, mogli ewentualnie przyst\u0105pi\u0107 do wsp\u00f3lnoty Ko\u015bcio\u0142a, <b>ale najpierw powinni uzna\u0107 w\u0142a\u015bnie Boga JAHWE, przyj\u0105\u0107 judaizm,<\/b> a dopiero potem, t\u0105 drog\u0105, doj\u015b\u0107 do chrze\u015bcija\u0144stwa. Ale \u017ceby tak od razu? <\/span><\/span><\/span><\/p>\n<p align=\"justify\"><span style=\"color: #000000;\"><span style=\"font-family: Book Antiqua, serif;\"><span style=\"font-size: large;\">Na kartach Dziej\u00f3w Apostolskich, ale i niekt\u00f3rych List\u00f3w Paw\u0142a, natrafiamy na echa tych rozwa\u017ca\u0144, ale te\u017c jeste\u015bmy \u015bwiadkami <b>powstaj\u0105cych na tym tle spor\u00f3w.<\/b> A cho\u0107by dzisiaj dowiadujemy si\u0119, \u017ce <i><b>Aposto\u0142owie i bracia, przebywaj\u0105cy w Judei, dowiedzieli si\u0119, \u017ce r\u00f3wnie\u017c poganie przyj\u0119li S\u0142owo Bo\u017ce. Kiedy Piotr przyby\u0142 do Jerozolimy, ci, kt\u00f3rzy byli pochodzenia \u017cydowskiego, robili mu wym\u00f3wki, m\u00f3wi\u0105c: \u201eWszed\u0142e\u015b do ludzi nieobrzezanych i jad\u0142e\u015b z nimi?\u201d <\/b><\/i><\/span><\/span><\/span><\/p>\n<p align=\"justify\"><span style=\"color: #000000;\"><span style=\"font-family: Book Antiqua, serif;\"><span style=\"font-size: large;\">Jak s\u0142yszymy, odpowiedzi\u0105 Piotra by\u0142a relacja z bardzo szczeg\u00f3lnego i osobistego przes\u0142ania, jakie <b>skierowa\u0142 do niego Pan w specjalnym widzeniu. <\/b>Najpierw by\u0142 to obraz zwierz\u0105t, kt\u00f3re wed\u0142ug Prawa Moj\u017ceszowego <b>zalicza\u0142y si\u0119 do nieczystych<\/b> i kt\u00f3rych \u017bydowi nie wolno by\u0142o je\u015b\u0107, a Piotr w\u0142a\u015bnie otrzyma\u0142 polecenie: <i><b>Zabijaj, Piotrze, i jedz!,<\/b><\/i> z wyja\u015bnieniem: <i><b>Nie nazywaj nieczystym tego, co B\u00f3g oczy\u015bci\u0142. <\/b><\/i><\/span><\/span><\/span><\/p>\n<p align=\"justify\"><span style=\"color: #000000;\"><span style=\"font-family: Book Antiqua, serif;\"><span style=\"font-size: large;\">Potem fakt, i\u017c to widzenie <b>powt\u00f3rzy\u0142o si\u0119 trzy razy, <\/b>co \u2013 uwzgl\u0119dniwszy biblijn\u0105 symbolik\u0119 liczb \u2013 oznacza <b>mocne potwierdzenie tego przes\u0142ania,<\/b> kt\u00f3re jest w widzeniu; a potem <b>wizyta trzech ludzi z Cezarei<\/b> i wyra\u017ane polecenie Ducha \u015awi\u0119tego (nie wiemy, w jaki spos\u00f3b przekazane, ale na tyle wyra\u017ane, \u017ce Piotr nie mia\u0142 w\u0105tpliwo\u015bci, \u017ce jest prawdziwe i co oznacza), \u017ce ma i\u015b\u0107 z tymi lud\u017ami; a potem <b>s\u0142owa gospodarza miejsca,<\/b> do kt\u00f3rego dotar\u0142, \u017ce i on otrzyma\u0142 polecenie z Nieba, aby pos\u0142a\u0142 po Piotra\u2026 <b>Jakie\u017c jeszcze w\u0105tpliwo\u015bci<\/b> mo\u017cna by\u0142o mie\u0107? <\/span><\/span><\/span><\/p>\n<p align=\"justify\"><span style=\"color: #000000;\"><span style=\"font-family: Book Antiqua, serif;\"><span style=\"font-size: large;\">Tak\u017ce \u2013 s\u0142ysz\u0105c to oto s\u0142owa Piotra: <b> <\/b><i><b>Kiedy zacz\u0105\u0142em m\u00f3wi\u0107, Duch \u015awi\u0119ty zst\u0105pi\u0142 na nich, jak na nas na pocz\u0105tku. Przypomnia\u0142em sobie wtedy s\u0142owa, kt\u00f3re wypowiedzia\u0142 Pan: \u00abJan chrzci\u0142 wod\u0105, wy za\u015b ochrzczeni b\u0119dziecie Duchem \u015awi\u0119tym\u00bb. <\/b><\/i><i><b>Je\u017celi wi\u0119c B\u00f3g udzieli\u0142 im tego samego daru, co nam, kt\u00f3rzy\u015bmy uwierzyli w Pana Jezusa Chrystusa, to jak\u017ce\u017c ja mog\u0142em sprzeciwia\u0107 si\u0119 Bogu? <\/b><\/i><\/span><\/span><\/span><\/p>\n<p align=\"justify\"><span style=\"color: #000000;\"><span style=\"font-family: Book Antiqua, serif;\"><span style=\"font-size: large;\">Jak mo\u017cna by\u0142o inaczej interpretowa\u0107 te s\u0142owa, ni\u017c w ten spos\u00f3b, w jaki zinterpretowali je ci, kt\u00f3rzy dopiero co stawiali Piotrowi zarzuty? Stwierdzili oni bowiem: <i><b>A wi\u0119c i poganom udzieli\u0142 B\u00f3g \u0142aski nawr\u00f3cenia, aby \u017cyli! <\/b><\/i>W\u0142a\u015bnie: <b>a wi\u0119c jednak! <\/b>Jeszcze raz podkre\u015blmy: dla nas dzisiaj jest to <b>problem zupe\u0142nie teoretyczny, historyczny, akademicki. <\/b>Dla cz\u0142onk\u00f3w m\u0142odego Ko\u015bcio\u0142a \u2013 w tamtym kontek\u015bcie historycznym i spo\u0142ecznym \u2013 <b>to by\u0142 problem powa\u017cny. <\/b>Ale widzimy, \u017ce w jego rozwi\u0105zanie <b>zaanga\u017cowa\u0142o si\u0119 bezpo\u015brednio Niebo! <\/b>Bo to stamt\u0105d dzisiaj Piotr otrzyma\u0142 jasne wskazania. <\/span><\/span><\/span><\/p>\n<p align=\"justify\"><span style=\"color: #000000;\"><span style=\"font-family: Book Antiqua, serif;\"><span style=\"font-size: large;\">I to by\u0142o chyba konieczne, skoro to przecie\u017c sam Jezus m\u00f3wi\u0142, \u017ce <b>\u00abprzyszed\u0142 do owiec, kt\u00f3re pogin\u0119\u0142y z domu Izraela\u00bb, <\/b>czyli zacz\u0105\u0142 budowanie swego Ko\u015bcio\u0142a od ludu wybranego, a dopiero <b>ten lud mia\u0142 ca\u0142\u0105 spraw\u0119 rozpowszechni\u0107 po \u015bwiecie.<\/b> To jednak \u2013 jak widzimy \u2013 prowadzi\u0142o do przekonania, \u017ce <b>tak zwany poganin,<\/b> czyli cz\u0142owiek nie nale\u017c\u0105cy do tego\u017c ludu, <b>musi si\u0119 sta\u0107 jego cz\u0142onkiem, <\/b>\u017ceby potem sta\u0107 si\u0119 cz\u0142onkiem Ko\u015bcio\u0142a. Dlatego w\u0142a\u015bnie <b>Niebo musia\u0142o zainterweniowa\u0107,<\/b> \u017ceby powiedzie\u0107, \u017ce\u2026 niekoniecznie. A nawet \u2013 zupe\u0142nie nie. <\/span><\/span><\/span><\/p>\n<p align=\"justify\"><span style=\"color: #000000;\"><span style=\"font-family: Book Antiqua, serif;\"><span style=\"font-size: large;\">Pami\u0119tamy, \u017ce oficjalnym orzeczeniem m\u0142odego Ko\u015bcio\u0142a w tej sprawie by\u0142o to, jakie zapad\u0142o <b>na tak zwanym Soborze Jerozolimskim \u2013 <\/b>pierwszym Soborze w jego historii. Ale je\u017celi tak w\u0142a\u015bnie jest, czyli je\u017celi jest to dla nas dzisiaj problem wy\u0142\u0105cznie teoretyczny i akademicki, to <b>dlaczego czytamy o tym w liturgii S\u0142owa i rozwa\u017camy teraz, <\/b>w tym obecnym czasie Ko\u015bcio\u0142a i \u015bwiata \u2013 dwa tysi\u0105ce lat po tym, jak te problemy naprawd\u0119 kszta\u0142towa\u0142y codzienn\u0105 rzeczywisto\u015b\u0107 chrze\u015bcijan? <b>Jakie przes\u0142anie p\u0142ynie z tych wydarze\u0144 <\/b>\u2013 z tych dyskusji, z tego \u015bcierania si\u0119 pogl\u0105d\u00f3w i wizji \u2013 <b>dla nas dzisiaj? <\/b><\/span><\/span><\/span><\/p>\n<p align=\"justify\"><span style=\"color: #000000;\"><span style=\"font-family: Book Antiqua, serif;\"><span style=\"font-size: large;\">A mo\u017ce takie, jakie p\u0142ynie do nas z dzisiejszej Ewangelii \u2013 z tych oto s\u0142\u00f3w Jezusa: <i><b>Ja jestem dobrym pasterzem i znam owce moje, a moje Mnie znaj\u0105, podobnie jak Mnie zna Ojciec, a Ja znam Ojca. \u017bycie moje oddaj\u0119 za owce. Mam tak\u017ce inne owce, kt\u00f3re nie s\u0105 z tej owczarni. I te musz\u0119 przyprowadzi\u0107 i b\u0119d\u0105 s\u0142ucha\u0107 g\u0142osu mego, i nastanie jedna owczarnia i jeden pasterz. <\/b><\/i><\/span><\/span><\/span><\/p>\n<p align=\"justify\"><span style=\"color: #000000;\"><span style=\"font-family: Book Antiqua, serif;\"><span style=\"font-size: large;\">Wiemy, \u017ce jest to inna cz\u0119\u015b\u0107 \u2013 od tej, s\u0142yszanej przez nas wczoraj na Mszy \u015awi\u0119tej \u2013 <b>d\u0142u\u017cszego przekazu Jezusa<\/b> o tym, i\u017c jest On dobrym Pasterzem. Ko\u015bci\u00f3\u0142 jeszcze raz, w poniedzia\u0142ek Czwartego Tygodnia Wielkanocy, przywo\u0142uje te w\u0142a\u015bnie Jezusowe s\u0142owa, <b>aby w nas jeszcze raz wybrzmia\u0142y!<\/b> I aby nas naprawd\u0119 przekona\u0142y! Tak, aby nas przekona\u0142y, \u017ce Jezus jest dobrym Pasterzem, dlatego <b>pragnie zbawienia wszystkich!<\/b> Chce mie\u0107 wszystkich w swojej Owczarni \u2013<b> wszystkich ludzi bez wyj\u0105tku! <\/b><\/span><\/span><\/span><\/p>\n<p align=\"justify\"><span style=\"color: #000000;\"><span style=\"font-family: Book Antiqua, serif;\"><span style=\"font-size: large;\">Mo\u017ce to z jednej strony takie dla nas oczywiste, a mo\u017ce nie do ko\u0144ca, bo mo\u017ce <b>zbyt cz\u0119sto si\u0119 nad tym nie zastanawiamy, <\/b>ale nie ma takiego cz\u0142owieka na \u015bwiecie \u2013 tak odleg\u0142ego kulturowo, spo\u0142ecznie, intelektualnie, historycznie, a ju\u017c na pewno: konfesyjnie \u2013 <b>\u017ceby nie by\u0142 zaproszony do tej jednej i jedynej Owczarni.<\/b> Nam si\u0119 mo\u017ce to wydawa\u0107 zupe\u0142nie niewiarygodnym, kiedy pomy\u015blimy sobie o niekt\u00f3rych ludziach, <b>totalnie odleg\u0142ych<\/b> na kt\u00f3rej\u015b z tych p\u0142aszczyzn. A tymczasem \u2013 <b>zaproszeni jeste\u015bmy wszyscy!<\/b> <\/span><\/span><\/span><\/p>\n<p align=\"justify\"><span style=\"color: #000000;\"><span style=\"font-family: Book Antiqua, serif;\"><span style=\"font-size: large;\">Tak\u017ce my wszyscy, <b>\u017cyj\u0105cy TU I TERAZ, <\/b>w naszych wi\u0119kszych i mniejszych spo\u0142eczno\u015bciach, chocia\u017c te\u017c \u2013 kiedy spojrzymy <b>na tego czy owego swego s\u0105siada, <\/b>na tego wsp\u00f3\u0142pracownika lub tamtego koleg\u0119 z roku studi\u00f3w, to gotowi jeste\u015bmy pomy\u015ble\u0107, \u017ce chyba ju\u017c bardziej jacy\u015b ludzie z przeciwleg\u0142ej p\u00f3\u0142kuli i najodleglejszej kultury <b>nadaj\u0105 si\u0119 do Kr\u00f3lestwa niebieskiego, <\/b>ni\u017c ten s\u0105siad czy tamten wsp\u00f3\u0142pracownik! Bo przecie\u017c: \u201eCo z niego za cz\u0142owiek!\u201d \u201eJak on si\u0119 zachowuje!\u201d, \u201eJak on post\u0119puje!\u201d, \u201eA jakie on rzeczy wygaduje!\u201d<\/span><\/span><\/span><\/p>\n<p align=\"justify\"><span style=\"color: #000000;\"><span style=\"font-family: Book Antiqua, serif;\"><span style=\"font-size: large;\"><b>Na szcz\u0119\u015bcie, Jezus jest dobrym Pasterzem, <\/b>dlatego nie kieruje si\u0119 takimi kryteriami <b>w doborze \u201ewsp\u00f3\u0142lokator\u00f3w\u201d <\/b>do Kr\u00f3lestwa niebieskiego. Poniewa\u017c jedynym kryterium, jakim si\u0119 kieruje, jest <b>bezwarunkowa i darmowa <\/b><b>mi\u0142o\u015b\u0107, przeto zaproszeni s\u0105 wszyscy! <\/b>Tak \u2013 podkre\u015blmy to najmocniej i najwyra\u017aniej, jak si\u0119 tylko da \u2013<b> wszyscy ludzie na tym \u015bwiecie! <\/b>I ta wredna, z\u0142o\u015bliwa s\u0105siadka, kt\u00f3ra mieszka za \u015bcian\u0105, ale dla nas to <b>jakby by\u0142a przybyszem z odleg\u0142ej galaktyk<\/b>i i najlepiej, gdyby tam ju\u017c na d\u0142u\u017cej pozosta\u0142a: tak\u017ce ona! <\/span><\/span><\/span><\/p>\n<p align=\"justify\"><span style=\"color: #000000;\"><span style=\"font-family: Book Antiqua, serif;\"><span style=\"font-size: large;\">Takimi w\u0142a\u015bnie dla cz\u0142onk\u00f3w narodu wybranego byli \u2013 u pocz\u0105tku istnienia Ko\u015bcio\u0142a \u2013 <b>tak zwani poganie. <\/b>A Piotr dzisiaj przekonuje: <i><b>Je\u017celi wi\u0119c B\u00f3g udzieli\u0142 im tego samego daru, co nam, kt\u00f3rzy\u015bmy uwierzyli w Pana Jezusa Chrystusa, to jak\u017ce\u017c ja mog\u0142em sprzeciwia\u0107 si\u0119 Bogu?<\/b><\/i><\/span><\/span><\/span><\/p>\n<p align=\"justify\"><span style=\"color: #000000;\"><span style=\"font-family: Book Antiqua, serif;\"><span style=\"font-size: large;\">A Jezus przekonuje: <i><b>Ja jestem dobrym pasterzem i znam owce moje, a moje Mnie znaj\u0105, podobnie jak Mnie zna Ojciec, a Ja znam Ojca. \u017bycie moje oddaj\u0119 za owce. Mam tak\u017ce inne owce, kt\u00f3re nie s\u0105 z tej owczarni. I te musz\u0119 przyprowadzi\u0107 i b\u0119d\u0105 s\u0142ucha\u0107 g\u0142osu mego, i nastanie jedna owczarnia i jeden pasterz. <\/b><\/i><\/span><\/span><\/span><\/p>\n<p align=\"justify\"><span style=\"color: #000000;\"><span style=\"font-family: Book Antiqua, serif;\"><span style=\"font-size: large;\">Czy dam si\u0119 przekona\u0107?\u2026<\/span><\/span><\/span><\/p>\n","protected":false},"excerpt":{"rendered":"<p>Szcz\u0119\u015b\u0107 Bo\u017ce! Drodzy moi, w dniu dzisiejszym urodziny prze\u017cywa Profesor Marek Guga\u0142a, kt\u00f3ry niedawno prze\u017cywa\u0142 imieniny. Dzi\u0119kuj\u0105c za \u017cyczliwo\u015b\u0107 i wsp\u00f3\u0142prac\u0119 \u2013 \u017cycz\u0119 mocy i m\u0105dro\u015bci Bo\u017cej! Zapewniam o modlitwie! I pozdrawiam Wszystkich z Siedlec, gdzie zamierzam zosta\u0107 dzisiaj przez ca\u0142y dzie\u0144, pracuj\u0105c w Duszpasterstwie \u2013 w ca\u0142ej szeroko\u015bci tego poj\u0119cia, a wi\u0119c tak\u017ce odwiedzaj\u0105c [&hellip;]<\/p>\n","protected":false},"author":1,"featured_media":0,"comment_status":"open","ping_status":"open","sticky":false,"template":"","format":"standard","meta":{"jetpack_post_was_ever_published":false,"_jetpack_newsletter_access":"","_jetpack_dont_email_post_to_subs":false,"_jetpack_newsletter_tier_id":0,"_jetpack_memberships_contains_paywalled_content":false,"_jetpack_memberships_contains_paid_content":false,"footnotes":""},"categories":[1],"tags":[],"class_list":["post-24828","post","type-post","status-publish","format-standard","hentry","category-bez-kategorii"],"yoast_head":"<!-- This site is optimized with the Yoast SEO plugin v25.1 - https:\/\/yoast.com\/wordpress\/plugins\/seo\/ -->\n<title>Jezus chce wszystkich! - Gaudium Et Spes<\/title>\n<meta name=\"robots\" content=\"index, follow, max-snippet:-1, max-image-preview:large, max-video-preview:-1\" \/>\n<link rel=\"canonical\" href=\"https:\/\/gaudiumetspes-blog.pl\/index.php\/2026\/04\/27\/jezus-chce-wszystkich\/\" \/>\n<meta property=\"og:locale\" content=\"pl_PL\" \/>\n<meta property=\"og:type\" content=\"article\" \/>\n<meta property=\"og:title\" content=\"Jezus chce wszystkich! - Gaudium Et Spes\" \/>\n<meta property=\"og:description\" content=\"Szcz\u0119\u015b\u0107 Bo\u017ce! Drodzy moi, w dniu dzisiejszym urodziny prze\u017cywa Profesor Marek Guga\u0142a, kt\u00f3ry niedawno prze\u017cywa\u0142 imieniny. Dzi\u0119kuj\u0105c za \u017cyczliwo\u015b\u0107 i wsp\u00f3\u0142prac\u0119 \u2013 \u017cycz\u0119 mocy i m\u0105dro\u015bci Bo\u017cej! Zapewniam o modlitwie! I pozdrawiam Wszystkich z Siedlec, gdzie zamierzam zosta\u0107 dzisiaj przez ca\u0142y dzie\u0144, pracuj\u0105c w Duszpasterstwie \u2013 w ca\u0142ej szeroko\u015bci tego poj\u0119cia, a wi\u0119c tak\u017ce odwiedzaj\u0105c [&hellip;]\" \/>\n<meta property=\"og:url\" content=\"https:\/\/gaudiumetspes-blog.pl\/index.php\/2026\/04\/27\/jezus-chce-wszystkich\/\" \/>\n<meta property=\"og:site_name\" content=\"Gaudium Et Spes\" \/>\n<meta property=\"article:published_time\" content=\"2026-04-27T07:40:07+00:00\" \/>\n<meta property=\"article:modified_time\" content=\"2026-04-27T07:42:49+00:00\" \/>\n<meta name=\"author\" content=\"Ks. Jacek\" \/>\n<meta name=\"twitter:card\" content=\"summary_large_image\" \/>\n<meta name=\"twitter:label1\" content=\"Napisane przez\" \/>\n\t<meta name=\"twitter:data1\" content=\"Ks. Jacek\" \/>\n\t<meta name=\"twitter:label2\" content=\"Szacowany czas czytania\" \/>\n\t<meta name=\"twitter:data2\" content=\"11 minut\" \/>\n<script type=\"application\/ld+json\" class=\"yoast-schema-graph\">{\"@context\":\"https:\/\/schema.org\",\"@graph\":[{\"@type\":\"WebPage\",\"@id\":\"https:\/\/gaudiumetspes-blog.pl\/index.php\/2026\/04\/27\/jezus-chce-wszystkich\/\",\"url\":\"https:\/\/gaudiumetspes-blog.pl\/index.php\/2026\/04\/27\/jezus-chce-wszystkich\/\",\"name\":\"Jezus chce wszystkich! - Gaudium Et Spes\",\"isPartOf\":{\"@id\":\"https:\/\/gaudiumetspes-blog.pl\/#website\"},\"datePublished\":\"2026-04-27T07:40:07+00:00\",\"dateModified\":\"2026-04-27T07:42:49+00:00\",\"author\":{\"@id\":\"https:\/\/gaudiumetspes-blog.pl\/#\/schema\/person\/1661982992b752dea8dff0d4ed845a65\"},\"breadcrumb\":{\"@id\":\"https:\/\/gaudiumetspes-blog.pl\/index.php\/2026\/04\/27\/jezus-chce-wszystkich\/#breadcrumb\"},\"inLanguage\":\"pl-PL\",\"potentialAction\":[{\"@type\":\"ReadAction\",\"target\":[\"https:\/\/gaudiumetspes-blog.pl\/index.php\/2026\/04\/27\/jezus-chce-wszystkich\/\"]}]},{\"@type\":\"BreadcrumbList\",\"@id\":\"https:\/\/gaudiumetspes-blog.pl\/index.php\/2026\/04\/27\/jezus-chce-wszystkich\/#breadcrumb\",\"itemListElement\":[{\"@type\":\"ListItem\",\"position\":1,\"name\":\"Strona g\u0142\u00f3wna\",\"item\":\"https:\/\/gaudiumetspes-blog.pl\/\"},{\"@type\":\"ListItem\",\"position\":2,\"name\":\"Jezus chce wszystkich!\"}]},{\"@type\":\"WebSite\",\"@id\":\"https:\/\/gaudiumetspes-blog.pl\/#website\",\"url\":\"https:\/\/gaudiumetspes-blog.pl\/\",\"name\":\"Gaudium Et Spes\",\"description\":\"Blog Ks. Jacka Ja\u015bkowskiego\",\"potentialAction\":[{\"@type\":\"SearchAction\",\"target\":{\"@type\":\"EntryPoint\",\"urlTemplate\":\"https:\/\/gaudiumetspes-blog.pl\/?s={search_term_string}\"},\"query-input\":{\"@type\":\"PropertyValueSpecification\",\"valueRequired\":true,\"valueName\":\"search_term_string\"}}],\"inLanguage\":\"pl-PL\"},{\"@type\":\"Person\",\"@id\":\"https:\/\/gaudiumetspes-blog.pl\/#\/schema\/person\/1661982992b752dea8dff0d4ed845a65\",\"name\":\"Ks. Jacek\",\"image\":{\"@type\":\"ImageObject\",\"inLanguage\":\"pl-PL\",\"@id\":\"https:\/\/gaudiumetspes-blog.pl\/#\/schema\/person\/image\/\",\"url\":\"https:\/\/gaudiumetspes-blog.pl\/wp-content\/uploads\/2019\/07\/avatar-JJ-150x150.jpg\",\"contentUrl\":\"https:\/\/gaudiumetspes-blog.pl\/wp-content\/uploads\/2019\/07\/avatar-JJ-150x150.jpg\",\"caption\":\"Ks. Jacek\"},\"description\":\"Witam serdecznie! K\u0142ania si\u0119 Ks. Jacek Ja\u015bkowski. Nie jestem ani kim\u015b wa\u017cnym, ani kim\u015b znanym. Jestem ksi\u0119dzem, kt\u00f3ry po prostu chce rozmawia\u0107. Codzienna kap\u0142a\u0144ska pos\u0142uga pokazuje mi, \u017ce temat\u00f3w do rozm\u00f3w z ksi\u0119dzem jest coraz wi\u0119cej i dzisiaj \u017caden ksi\u0105dz nie mo\u017ce od nich ucieka\u0107, ale - wprost przeciwnie - podejmowa\u0107 nowe wyzwania. To przekonanie sk\u0142oni\u0142o mnie do pr\u00f3by otwarcia tego\u017c bloga, chocia\u017c okazji do rozm\u00f3w na co dzie\u0144 - w konfesjonale i poza nim - na szcz\u0119\u015bcie nie brakuje. My\u015bl\u0119 jednak, \u017ce ten blog b\u0119dzie jeszcze jednym sposobem i przestrzeni\u0105 nawi\u0105zania kontaktu z lud\u017ami dobrej woli, otwartymi na dialog.\",\"url\":\"https:\/\/gaudiumetspes-blog.pl\/index.php\/author\/ks-jacek\/\"}]}<\/script>\n<!-- \/ Yoast SEO plugin. -->","yoast_head_json":{"title":"Jezus chce wszystkich! - Gaudium Et Spes","robots":{"index":"index","follow":"follow","max-snippet":"max-snippet:-1","max-image-preview":"max-image-preview:large","max-video-preview":"max-video-preview:-1"},"canonical":"https:\/\/gaudiumetspes-blog.pl\/index.php\/2026\/04\/27\/jezus-chce-wszystkich\/","og_locale":"pl_PL","og_type":"article","og_title":"Jezus chce wszystkich! - Gaudium Et Spes","og_description":"Szcz\u0119\u015b\u0107 Bo\u017ce! Drodzy moi, w dniu dzisiejszym urodziny prze\u017cywa Profesor Marek Guga\u0142a, kt\u00f3ry niedawno prze\u017cywa\u0142 imieniny. Dzi\u0119kuj\u0105c za \u017cyczliwo\u015b\u0107 i wsp\u00f3\u0142prac\u0119 \u2013 \u017cycz\u0119 mocy i m\u0105dro\u015bci Bo\u017cej! Zapewniam o modlitwie! I pozdrawiam Wszystkich z Siedlec, gdzie zamierzam zosta\u0107 dzisiaj przez ca\u0142y dzie\u0144, pracuj\u0105c w Duszpasterstwie \u2013 w ca\u0142ej szeroko\u015bci tego poj\u0119cia, a wi\u0119c tak\u017ce odwiedzaj\u0105c [&hellip;]","og_url":"https:\/\/gaudiumetspes-blog.pl\/index.php\/2026\/04\/27\/jezus-chce-wszystkich\/","og_site_name":"Gaudium Et Spes","article_published_time":"2026-04-27T07:40:07+00:00","article_modified_time":"2026-04-27T07:42:49+00:00","author":"Ks. Jacek","twitter_card":"summary_large_image","twitter_misc":{"Napisane przez":"Ks. Jacek","Szacowany czas czytania":"11 minut"},"schema":{"@context":"https:\/\/schema.org","@graph":[{"@type":"WebPage","@id":"https:\/\/gaudiumetspes-blog.pl\/index.php\/2026\/04\/27\/jezus-chce-wszystkich\/","url":"https:\/\/gaudiumetspes-blog.pl\/index.php\/2026\/04\/27\/jezus-chce-wszystkich\/","name":"Jezus chce wszystkich! - Gaudium Et Spes","isPartOf":{"@id":"https:\/\/gaudiumetspes-blog.pl\/#website"},"datePublished":"2026-04-27T07:40:07+00:00","dateModified":"2026-04-27T07:42:49+00:00","author":{"@id":"https:\/\/gaudiumetspes-blog.pl\/#\/schema\/person\/1661982992b752dea8dff0d4ed845a65"},"breadcrumb":{"@id":"https:\/\/gaudiumetspes-blog.pl\/index.php\/2026\/04\/27\/jezus-chce-wszystkich\/#breadcrumb"},"inLanguage":"pl-PL","potentialAction":[{"@type":"ReadAction","target":["https:\/\/gaudiumetspes-blog.pl\/index.php\/2026\/04\/27\/jezus-chce-wszystkich\/"]}]},{"@type":"BreadcrumbList","@id":"https:\/\/gaudiumetspes-blog.pl\/index.php\/2026\/04\/27\/jezus-chce-wszystkich\/#breadcrumb","itemListElement":[{"@type":"ListItem","position":1,"name":"Strona g\u0142\u00f3wna","item":"https:\/\/gaudiumetspes-blog.pl\/"},{"@type":"ListItem","position":2,"name":"Jezus chce wszystkich!"}]},{"@type":"WebSite","@id":"https:\/\/gaudiumetspes-blog.pl\/#website","url":"https:\/\/gaudiumetspes-blog.pl\/","name":"Gaudium Et Spes","description":"Blog Ks. Jacka Ja\u015bkowskiego","potentialAction":[{"@type":"SearchAction","target":{"@type":"EntryPoint","urlTemplate":"https:\/\/gaudiumetspes-blog.pl\/?s={search_term_string}"},"query-input":{"@type":"PropertyValueSpecification","valueRequired":true,"valueName":"search_term_string"}}],"inLanguage":"pl-PL"},{"@type":"Person","@id":"https:\/\/gaudiumetspes-blog.pl\/#\/schema\/person\/1661982992b752dea8dff0d4ed845a65","name":"Ks. Jacek","image":{"@type":"ImageObject","inLanguage":"pl-PL","@id":"https:\/\/gaudiumetspes-blog.pl\/#\/schema\/person\/image\/","url":"https:\/\/gaudiumetspes-blog.pl\/wp-content\/uploads\/2019\/07\/avatar-JJ-150x150.jpg","contentUrl":"https:\/\/gaudiumetspes-blog.pl\/wp-content\/uploads\/2019\/07\/avatar-JJ-150x150.jpg","caption":"Ks. Jacek"},"description":"Witam serdecznie! K\u0142ania si\u0119 Ks. Jacek Ja\u015bkowski. Nie jestem ani kim\u015b wa\u017cnym, ani kim\u015b znanym. Jestem ksi\u0119dzem, kt\u00f3ry po prostu chce rozmawia\u0107. Codzienna kap\u0142a\u0144ska pos\u0142uga pokazuje mi, \u017ce temat\u00f3w do rozm\u00f3w z ksi\u0119dzem jest coraz wi\u0119cej i dzisiaj \u017caden ksi\u0105dz nie mo\u017ce od nich ucieka\u0107, ale - wprost przeciwnie - podejmowa\u0107 nowe wyzwania. To przekonanie sk\u0142oni\u0142o mnie do pr\u00f3by otwarcia tego\u017c bloga, chocia\u017c okazji do rozm\u00f3w na co dzie\u0144 - w konfesjonale i poza nim - na szcz\u0119\u015bcie nie brakuje. My\u015bl\u0119 jednak, \u017ce ten blog b\u0119dzie jeszcze jednym sposobem i przestrzeni\u0105 nawi\u0105zania kontaktu z lud\u017ami dobrej woli, otwartymi na dialog.","url":"https:\/\/gaudiumetspes-blog.pl\/index.php\/author\/ks-jacek\/"}]}},"jetpack_featured_media_url":"","jetpack_sharing_enabled":true,"_links":{"self":[{"href":"https:\/\/gaudiumetspes-blog.pl\/index.php\/wp-json\/wp\/v2\/posts\/24828","targetHints":{"allow":["GET"]}}],"collection":[{"href":"https:\/\/gaudiumetspes-blog.pl\/index.php\/wp-json\/wp\/v2\/posts"}],"about":[{"href":"https:\/\/gaudiumetspes-blog.pl\/index.php\/wp-json\/wp\/v2\/types\/post"}],"author":[{"embeddable":true,"href":"https:\/\/gaudiumetspes-blog.pl\/index.php\/wp-json\/wp\/v2\/users\/1"}],"replies":[{"embeddable":true,"href":"https:\/\/gaudiumetspes-blog.pl\/index.php\/wp-json\/wp\/v2\/comments?post=24828"}],"version-history":[{"count":3,"href":"https:\/\/gaudiumetspes-blog.pl\/index.php\/wp-json\/wp\/v2\/posts\/24828\/revisions"}],"predecessor-version":[{"id":24831,"href":"https:\/\/gaudiumetspes-blog.pl\/index.php\/wp-json\/wp\/v2\/posts\/24828\/revisions\/24831"}],"wp:attachment":[{"href":"https:\/\/gaudiumetspes-blog.pl\/index.php\/wp-json\/wp\/v2\/media?parent=24828"}],"wp:term":[{"taxonomy":"category","embeddable":true,"href":"https:\/\/gaudiumetspes-blog.pl\/index.php\/wp-json\/wp\/v2\/categories?post=24828"},{"taxonomy":"post_tag","embeddable":true,"href":"https:\/\/gaudiumetspes-blog.pl\/index.php\/wp-json\/wp\/v2\/tags?post=24828"}],"curies":[{"name":"wp","href":"https:\/\/api.w.org\/{rel}","templated":true}]}}